{"id":7996,"date":"2025-09-26T07:40:56","date_gmt":"2025-09-26T05:40:56","guid":{"rendered":"https:\/\/www.strassenweb.de\/nachrichten\/ich-liebe-jeremy-clarksons-hellgrau-gruene-kueche-sie-ist-bereit-2026-farbtrends-zu-fuehren-und-dieser-ruhige-farbton-ist-mein-neuer-anlaufpunkt-fuer-ruhe-und-stil\/"},"modified":"2025-09-26T07:40:57","modified_gmt":"2025-09-26T05:40:57","slug":"ich-liebe-jeremy-clarksons-hellgrau-gruene-kueche-sie-ist-bereit-2026-farbtrends-zu-fuehren-und-dieser-ruhige-farbton-ist-mein-neuer-anlaufpunkt-fuer-ruhe-und-stil","status":"publish","type":"post","link":"https:\/\/www.strassenweb.de\/nachrichten\/ich-liebe-jeremy-clarksons-hellgrau-gruene-kueche-sie-ist-bereit-2026-farbtrends-zu-fuehren-und-dieser-ruhige-farbton-ist-mein-neuer-anlaufpunkt-fuer-ruhe-und-stil\/","title":{"rendered":"Ich liebe Jeremy Clarksons hellgrau-gr\u00fcne K\u00fcche-sie ist bereit, 2026 Farbtrends zu f\u00fchren, und dieser ruhige Farbton ist mein neuer Anlaufpunkt f\u00fcr Ruhe und Stil"},"content":{"rendered":"<p><\/p>\n<div id=\"article-body\" class=\"article__body \">\n<p id=\"86bb1ecd-3eb4-49bf-ad76-374dd46045b1\">Jeremy Clarkson ist vielleicht am bekanntesten f\u00fcr hohe Oktanfahrzeuge und Diddly Squat Farm, aber seine ruhige K\u00fcche Cotswold setzt leise einen der anspruchsvollsten Innenr\u00e4ume f\u00fcr 2026.<\/p>\n<div id=\"ad-unit-1\" class=\"ad-unit\"><\/div>\n<p>Der ged\u00e4mpfte, graugr\u00fcne Farbtrend, der seinen typisch englischen Raum definiert-eine komplexe Mischung aus erdigem Gr\u00fcn, beruhigend grau und subtile blaue Untert\u00f6ne-, wird derzeit von Design-Profis als Antidoto-gegen-Cool-Minimalismus und der ultimativen, hochentwickelten Neutralanlagen f\u00fcr das beste K\u00fcchenfarben-Schema eingesetzt.<\/p>\n<div class=\"instagram-embed\" id=\"DBPGarQMATA\">\n<blockquote class=\"instagram-media\" data-instgrm-captioned data-instgrm-version=\"6\" style=\"width:99.375%; width:-webkit-calc(100% - 2px); width:calc(100% - 2px);\">\n<p>Ein Beitrag von Jeremy Clarkson (@Jeremyclarkson1)<\/p>\n<p>Ein Foto von on <\/p>\n<\/blockquote>\n<\/div>\n<aside data-block-type=\"embed\" data-render-type=\"fte\" data-skip=\"dealsy\" data-widget-type=\"seasonal\" class=\"hawk-base\"><\/aside>\n<p id=\"7c1312a7-68d0-4f1b-8f00-57013a5b6aa4-0\">Diese Zimmerfarbe -Idee, die von Farbvorhersagen oft mit &#8222;Eukalyptus&#8220;, &#8222;Moss Green&#8220; oder &#8222;rauchiger Jade&#8220; bezeichnet wird, spiegelt eine tiefgreifende kulturelle Verschiebung in Richtung und wiederhergestelltes Design und restauratives Design wider, da Hausbesitzer Paletten suchen, die digitaler \u00dcberwehrung entgegenwirken und sie mit der Natur verbinden.<\/p>\n<div class=\"van_vid_carousel\">\n<div class=\"van_vid_carousel__padding\">\n<div class=\"van_vid_carousel__container\"><\/div>\n<\/div>\n<\/div>\n<p>Die Brillanz der Farbe liegt in seiner merkurialen Qualit\u00e4t: Sie vermeidet die sterile Starke von reinem Wei\u00df und bietet gleichzeitig mehr Dimension und emotionale Tiefe als Standardgrau und bietet eine grundlegende Farbe, die sich gleichzeitig komplex und tief erholsam anf\u00fchlt.<\/p>\n<div id=\"ad-unit-2\" class=\"ad-unit\"><\/div>\n<p>Diese Fokussierung auf nat\u00fcrliche, organische Farbt\u00f6ne dominieren innenr\u00e4umen, w\u00e4hrend wir Komfort und Entspannung priorisieren. Ein wesentlicher Trend, den Tobie Lewis, Senior Brand Manager bei Valspar Paint, verst\u00e4rkt: \u201eIn den letzten Jahren f\u00fchrte mehr Zeit in unseren H\u00e4usern zu Priorit\u00e4ten und Entspannung, was zu Trends in nat\u00fcrlichen und organischen Schattierungen in unserem Interioren in unserem Interesse f\u00fchrt. Hellgraugr\u00fcn mit seiner biophilen Natur hilft uns, uns geerdet zu halten und f\u00f6rdert stressl\u00f6sende Wirkungen auf Geist und K\u00f6rper. &#8218;<\/p>\n<figure class=\"van-image-figure inline-layout \" data-bordeaux-image-check id=\"ed5a06bf-603e-4e2e-b5f8-034a568fa41c\">\n<div class=\"image-full-width-wrapper\">\n<div class=\"image-widthsetter\" style=\"max-width:2000px;\"><\/div>\n<\/div>\n<\/figure>\n<p id=\"8a671892-60b5-4677-8d66-d773fa3a8708\">Dieser Farbton scheint in einer gesch\u00e4ftigen K\u00fcche und dient als nat\u00fcrliche Br\u00fccke zwischen Innenr\u00e4umen und Out, w\u00e4hrend sie ruhige Familienr\u00e4ume mit hoher Handel verleihen. Mit Blick auf das Jahr 2026 nutzen Designer es als die Auswahl f\u00fcr reichlich ges\u00e4ttigte Schr\u00e4nke, die sich zugunsten von W\u00e4rme, Tiefe und Gem\u00fctlichkeit \u00fcber Stark White hinaus bewegen.<\/p>\n<p>Die St\u00e4rke des Graugr\u00fcns ist die Vielseitigkeit mit strukturellen und metallischen Kontrasten: Sie passt exquisit mit den trendigen licht-to-tone-nat\u00fcrlichen Holzflecken auf Schr\u00e4nken und Inseln und wenn sie mit vergoldeter goldener oder gealterter Brass-Hardware unterbrochen wird, erh\u00f6ht sie die K\u00fcche vom Land rustikal zu ma\u00dfgeblichem Luxus.<\/p>\n<div id=\"slice-container-newsletterForm-articleInbodyContent-grtKj9teUUUUt8RofAVfk\" class=\"slice-container newsletter-inbodyContent-slice newsletterForm-articleInbodyContent-grtKj9teUUUUt8RofAVfk slice-container-newsletterForm\"><\/div>\n<p>Wenn Sie dieses vielseitige Gr\u00fcn mit komplexen Neutralen wie tiefe nahezu schwarze oder weiche cremige Off-Whites-k\u00f6nnen Hausbesitzer einen geschichteten, individuellen Look erstellen, der in den kommenden Jahren sowohl stilvoll als auch zeitlos bleibt.<\/p>\n<hr id=\"3a978d8a-e483-4e96-841c-0b19c4efffdc\">\n<p id=\"3221aaef-6560-470c-ab74-974c2f37db99\">Die Verschiebung in Richtung Graugr\u00fcn beweist, dass es anspruchsvollem Design nicht mehr um stark wei\u00dfe Perfektion geht, sondern um Tiefe, Charakter und emotionale Komfort. Diese komplexe nat\u00fcrliche Palette ist eine entscheidende Bewegung von fl\u00fcchtigen Modeerscheinungen und sterilen Neutralen.<\/p>\n<p>Durch die Einnahme dieses Farbtrends &#8211; sei es an Schr\u00e4nken, W\u00e4nden oder Zubeh\u00f6r -, folgen Sie nicht nur einem Innenarchitektenstrend. Sie treffen sich bewusst, in eine heimische Umgebung zu investieren, die von Natur aus restaurativ und absolut zeitlos ist.<\/p>\n<p>Diese beruhigende, nat\u00fcrliche Palette garantiert, dass Ihre K\u00fcche in den kommenden Jahren ein erstaunlicher, sch\u00f6ner Raum bleibt.<\/p>\n<h3 class=\"article-body__section\" id=\"section-shop-the-gray-green-edit\"><span>Kaufen Sie die graugr\u00fcne Bearbeitung ein<\/span><\/h3>\n<p id=\"1af15eb5-9c34-4c1e-8d7b-17d87a5e9ab7\">Wenn Sie hellgrau-gr\u00fcn in Ihr Zuhause bringen m\u00f6chten, erleichtert es meine handverlesene Bearbeitung, diesen beruhigenden, stimmungsbreiten Farbton mit Stil in Ihren Raum zu weben.<\/p>\n<div class=\"product-container hero-product-container product-block-no-wrap\">\n<div class=\"product-block-row\"><\/div>\n<div class=\"product-block-row\"><\/div>\n<div class=\"product-block-row\"><\/div>\n<\/div>\n<\/div>\n<p><script async src=\"\/\/www.instagram.com\/embed.js\"><\/script><\/p>\n","protected":false},"excerpt":{"rendered":"<p>Jeremy Clarkson ist vielleicht am bekanntesten f\u00fcr hohe Oktanfahrzeuge und Diddly Squat Farm, aber seine ruhige K\u00fcche Cotswold setzt leise einen der anspruchsvollsten Innenr\u00e4ume f\u00fcr<\/p>\n","protected":false},"author":1,"featured_media":7997,"comment_status":"closed","ping_status":"","sticky":false,"template":"","format":"standard","meta":{"footnotes":""},"categories":[118],"tags":[10366,1118,3812,1554,210,10185,441,55,10364,129,15,8374,10365,2931,778,2054,3406,3863,322,37],"class_list":["post-7996","post","type-post","status-publish","format-standard","has-post-thumbnail","hentry","category-haus-garten","tag-anlaufpunkt","tag-bereit","tag-clarksons","tag-dieser","tag-farbton","tag-farbtrends","tag-fuehren","tag-fuer","tag-hellgraugruene","tag-ich","tag-ist","tag-jeremy","tag-kuechesie","tag-liebe","tag-mein","tag-neuer","tag-ruhe","tag-ruhige","tag-stil","tag-und","generate-columns","tablet-grid-50","mobile-grid-100","grid-parent","grid-50"],"yoast_head":"<!-- This site is optimized with the Yoast SEO plugin v27.3 - https:\/\/yoast.com\/product\/yoast-seo-wordpress\/ -->\n<title>Ich liebe Jeremy Clarksons hellgrau-gr\u00fcne K\u00fcche-sie ist bereit, 2026 Farbtrends zu f\u00fchren, und dieser ruhige Farbton ist mein neuer Anlaufpunkt f\u00fcr Ruhe und Stil - Nachrichten - Stra\u00dfenweb<\/title>\n<meta name=\"robots\" content=\"index, follow, max-snippet:-1, max-image-preview:large, max-video-preview:-1\" \/>\n<link rel=\"canonical\" href=\"https:\/\/www.strassenweb.de\/nachrichten\/ich-liebe-jeremy-clarksons-hellgrau-gruene-kueche-sie-ist-bereit-2026-farbtrends-zu-fuehren-und-dieser-ruhige-farbton-ist-mein-neuer-anlaufpunkt-fuer-ruhe-und-stil\/\" \/>\n<meta property=\"og:locale\" content=\"de_DE\" \/>\n<meta property=\"og:type\" content=\"article\" \/>\n<meta property=\"og:title\" content=\"Ich liebe Jeremy Clarksons hellgrau-gr\u00fcne K\u00fcche-sie ist bereit, 2026 Farbtrends zu f\u00fchren, und dieser ruhige Farbton ist mein neuer Anlaufpunkt f\u00fcr Ruhe und Stil - Nachrichten - Stra\u00dfenweb\" \/>\n<meta property=\"og:description\" content=\"Jeremy Clarkson ist vielleicht am bekanntesten f\u00fcr hohe Oktanfahrzeuge und Diddly Squat Farm, aber seine ruhige K\u00fcche Cotswold setzt leise einen der anspruchsvollsten Innenr\u00e4ume f\u00fcr\" \/>\n<meta property=\"og:url\" content=\"https:\/\/www.strassenweb.de\/nachrichten\/ich-liebe-jeremy-clarksons-hellgrau-gruene-kueche-sie-ist-bereit-2026-farbtrends-zu-fuehren-und-dieser-ruhige-farbton-ist-mein-neuer-anlaufpunkt-fuer-ruhe-und-stil\/\" \/>\n<meta property=\"og:site_name\" content=\"Stra\u00dfenweb\" \/>\n<meta property=\"article:publisher\" content=\"https:\/\/www.facebook.com\/strassenweb\/\" \/>\n<meta property=\"article:published_time\" content=\"2025-09-26T05:40:56+00:00\" \/>\n<meta property=\"article:modified_time\" content=\"2025-09-26T05:40:57+00:00\" \/>\n<meta property=\"og:image\" content=\"https:\/\/www.strassenweb.de\/nachrichten\/wp-content\/uploads\/2025\/09\/Ich-liebe-Jeremy-Clarksons-hellgrau-gruene-Kueche-sie-ist-bereit-2026-Farbtrends-scaled.jpg\" \/>\n\t<meta property=\"og:image:width\" content=\"2560\" \/>\n\t<meta property=\"og:image:height\" content=\"1440\" \/>\n\t<meta property=\"og:image:type\" content=\"image\/jpeg\" \/>\n<meta name=\"author\" content=\"Robert Hoffmann\" \/>\n<meta name=\"twitter:card\" content=\"summary_large_image\" \/>\n<meta name=\"twitter:label1\" content=\"Verfasst von\" \/>\n\t<meta name=\"twitter:data1\" content=\"Robert Hoffmann\" \/>\n\t<meta name=\"twitter:label2\" content=\"Gesch\u00e4tzte Lesezeit\" \/>\n\t<meta name=\"twitter:data2\" content=\"3\u00a0Minuten\" \/>\n<script type=\"application\/ld+json\" class=\"yoast-schema-graph\">{\"@context\":\"https:\\\/\\\/schema.org\",\"@graph\":[{\"@type\":\"Article\",\"@id\":\"https:\\\/\\\/www.strassenweb.de\\\/nachrichten\\\/ich-liebe-jeremy-clarksons-hellgrau-gruene-kueche-sie-ist-bereit-2026-farbtrends-zu-fuehren-und-dieser-ruhige-farbton-ist-mein-neuer-anlaufpunkt-fuer-ruhe-und-stil\\\/#article\",\"isPartOf\":{\"@id\":\"https:\\\/\\\/www.strassenweb.de\\\/nachrichten\\\/ich-liebe-jeremy-clarksons-hellgrau-gruene-kueche-sie-ist-bereit-2026-farbtrends-zu-fuehren-und-dieser-ruhige-farbton-ist-mein-neuer-anlaufpunkt-fuer-ruhe-und-stil\\\/\"},\"author\":{\"name\":\"Robert Hoffmann\",\"@id\":\"https:\\\/\\\/www.strassenweb.de\\\/nachrichten\\\/#\\\/schema\\\/person\\\/87c9c9067f1211da429a744dc5a5aa41\"},\"headline\":\"Ich liebe Jeremy Clarksons hellgrau-gr\u00fcne K\u00fcche-sie ist bereit, 2026 Farbtrends zu f\u00fchren, und dieser ruhige Farbton ist mein neuer Anlaufpunkt f\u00fcr Ruhe und Stil\",\"datePublished\":\"2025-09-26T05:40:56+00:00\",\"dateModified\":\"2025-09-26T05:40:57+00:00\",\"mainEntityOfPage\":{\"@id\":\"https:\\\/\\\/www.strassenweb.de\\\/nachrichten\\\/ich-liebe-jeremy-clarksons-hellgrau-gruene-kueche-sie-ist-bereit-2026-farbtrends-zu-fuehren-und-dieser-ruhige-farbton-ist-mein-neuer-anlaufpunkt-fuer-ruhe-und-stil\\\/\"},\"wordCount\":572,\"publisher\":{\"@id\":\"https:\\\/\\\/www.strassenweb.de\\\/nachrichten\\\/#organization\"},\"image\":{\"@id\":\"https:\\\/\\\/www.strassenweb.de\\\/nachrichten\\\/ich-liebe-jeremy-clarksons-hellgrau-gruene-kueche-sie-ist-bereit-2026-farbtrends-zu-fuehren-und-dieser-ruhige-farbton-ist-mein-neuer-anlaufpunkt-fuer-ruhe-und-stil\\\/#primaryimage\"},\"thumbnailUrl\":\"https:\\\/\\\/www.strassenweb.de\\\/nachrichten\\\/wp-content\\\/uploads\\\/2025\\\/09\\\/Ich-liebe-Jeremy-Clarksons-hellgrau-gruene-Kueche-sie-ist-bereit-2026-Farbtrends-scaled.jpg\",\"keywords\":[\"Anlaufpunkt\",\"bereit\",\"Clarksons\",\"dieser\",\"Farbton\",\"Farbtrends\",\"f\u00fchren\",\"f\u00fcr\",\"hellgraugr\u00fcne\",\"ich\",\"ist\",\"Jeremy\",\"K\u00fcchesie\",\"liebe\",\"mein\",\"neuer\",\"Ruhe\",\"ruhige\",\"Stil\",\"und\"],\"articleSection\":[\"Haus &amp; Garten\"],\"inLanguage\":\"de\"},{\"@type\":\"WebPage\",\"@id\":\"https:\\\/\\\/www.strassenweb.de\\\/nachrichten\\\/ich-liebe-jeremy-clarksons-hellgrau-gruene-kueche-sie-ist-bereit-2026-farbtrends-zu-fuehren-und-dieser-ruhige-farbton-ist-mein-neuer-anlaufpunkt-fuer-ruhe-und-stil\\\/\",\"url\":\"https:\\\/\\\/www.strassenweb.de\\\/nachrichten\\\/ich-liebe-jeremy-clarksons-hellgrau-gruene-kueche-sie-ist-bereit-2026-farbtrends-zu-fuehren-und-dieser-ruhige-farbton-ist-mein-neuer-anlaufpunkt-fuer-ruhe-und-stil\\\/\",\"name\":\"Ich liebe Jeremy Clarksons hellgrau-gr\u00fcne K\u00fcche-sie ist bereit, 2026 Farbtrends zu f\u00fchren, und dieser ruhige Farbton ist mein neuer Anlaufpunkt f\u00fcr Ruhe und Stil - Nachrichten - Stra\u00dfenweb\",\"isPartOf\":{\"@id\":\"https:\\\/\\\/www.strassenweb.de\\\/nachrichten\\\/#website\"},\"primaryImageOfPage\":{\"@id\":\"https:\\\/\\\/www.strassenweb.de\\\/nachrichten\\\/ich-liebe-jeremy-clarksons-hellgrau-gruene-kueche-sie-ist-bereit-2026-farbtrends-zu-fuehren-und-dieser-ruhige-farbton-ist-mein-neuer-anlaufpunkt-fuer-ruhe-und-stil\\\/#primaryimage\"},\"image\":{\"@id\":\"https:\\\/\\\/www.strassenweb.de\\\/nachrichten\\\/ich-liebe-jeremy-clarksons-hellgrau-gruene-kueche-sie-ist-bereit-2026-farbtrends-zu-fuehren-und-dieser-ruhige-farbton-ist-mein-neuer-anlaufpunkt-fuer-ruhe-und-stil\\\/#primaryimage\"},\"thumbnailUrl\":\"https:\\\/\\\/www.strassenweb.de\\\/nachrichten\\\/wp-content\\\/uploads\\\/2025\\\/09\\\/Ich-liebe-Jeremy-Clarksons-hellgrau-gruene-Kueche-sie-ist-bereit-2026-Farbtrends-scaled.jpg\",\"datePublished\":\"2025-09-26T05:40:56+00:00\",\"dateModified\":\"2025-09-26T05:40:57+00:00\",\"breadcrumb\":{\"@id\":\"https:\\\/\\\/www.strassenweb.de\\\/nachrichten\\\/ich-liebe-jeremy-clarksons-hellgrau-gruene-kueche-sie-ist-bereit-2026-farbtrends-zu-fuehren-und-dieser-ruhige-farbton-ist-mein-neuer-anlaufpunkt-fuer-ruhe-und-stil\\\/#breadcrumb\"},\"inLanguage\":\"de\",\"potentialAction\":[{\"@type\":\"ReadAction\",\"target\":[\"https:\\\/\\\/www.strassenweb.de\\\/nachrichten\\\/ich-liebe-jeremy-clarksons-hellgrau-gruene-kueche-sie-ist-bereit-2026-farbtrends-zu-fuehren-und-dieser-ruhige-farbton-ist-mein-neuer-anlaufpunkt-fuer-ruhe-und-stil\\\/\"]}]},{\"@type\":\"ImageObject\",\"inLanguage\":\"de\",\"@id\":\"https:\\\/\\\/www.strassenweb.de\\\/nachrichten\\\/ich-liebe-jeremy-clarksons-hellgrau-gruene-kueche-sie-ist-bereit-2026-farbtrends-zu-fuehren-und-dieser-ruhige-farbton-ist-mein-neuer-anlaufpunkt-fuer-ruhe-und-stil\\\/#primaryimage\",\"url\":\"https:\\\/\\\/www.strassenweb.de\\\/nachrichten\\\/wp-content\\\/uploads\\\/2025\\\/09\\\/Ich-liebe-Jeremy-Clarksons-hellgrau-gruene-Kueche-sie-ist-bereit-2026-Farbtrends-scaled.jpg\",\"contentUrl\":\"https:\\\/\\\/www.strassenweb.de\\\/nachrichten\\\/wp-content\\\/uploads\\\/2025\\\/09\\\/Ich-liebe-Jeremy-Clarksons-hellgrau-gruene-Kueche-sie-ist-bereit-2026-Farbtrends-scaled.jpg\",\"width\":2560,\"height\":1440,\"caption\":\"Jeremy Clarkson watches a monitor during the Top Gear Festival at Sydney Motorsport Park on March 9, 2013 in Sydney, Australia. (Photo by Brendon Thorne\\\/Getty Images)\"},{\"@type\":\"BreadcrumbList\",\"@id\":\"https:\\\/\\\/www.strassenweb.de\\\/nachrichten\\\/ich-liebe-jeremy-clarksons-hellgrau-gruene-kueche-sie-ist-bereit-2026-farbtrends-zu-fuehren-und-dieser-ruhige-farbton-ist-mein-neuer-anlaufpunkt-fuer-ruhe-und-stil\\\/#breadcrumb\",\"itemListElement\":[{\"@type\":\"ListItem\",\"position\":1,\"name\":\"Home\",\"item\":\"https:\\\/\\\/www.strassenweb.de\\\/nachrichten\\\/\"},{\"@type\":\"ListItem\",\"position\":2,\"name\":\"Ich liebe Jeremy Clarksons hellgrau-gr\u00fcne K\u00fcche-sie ist bereit, 2026 Farbtrends zu f\u00fchren, und dieser ruhige Farbton ist mein neuer Anlaufpunkt f\u00fcr Ruhe und Stil\"}]},{\"@type\":\"WebSite\",\"@id\":\"https:\\\/\\\/www.strassenweb.de\\\/nachrichten\\\/#website\",\"url\":\"https:\\\/\\\/www.strassenweb.de\\\/nachrichten\\\/\",\"name\":\"Stra\u00dfenweb\",\"description\":\"Stra\u00dfenverzeichnis f\u00fcr Deutschland\",\"publisher\":{\"@id\":\"https:\\\/\\\/www.strassenweb.de\\\/nachrichten\\\/#organization\"},\"potentialAction\":[{\"@type\":\"SearchAction\",\"target\":{\"@type\":\"EntryPoint\",\"urlTemplate\":\"https:\\\/\\\/www.strassenweb.de\\\/nachrichten\\\/?s={search_term_string}\"},\"query-input\":{\"@type\":\"PropertyValueSpecification\",\"valueRequired\":true,\"valueName\":\"search_term_string\"}}],\"inLanguage\":\"de\"},{\"@type\":\"Organization\",\"@id\":\"https:\\\/\\\/www.strassenweb.de\\\/nachrichten\\\/#organization\",\"name\":\"Stra\u00dfenweb\",\"url\":\"https:\\\/\\\/www.strassenweb.de\\\/nachrichten\\\/\",\"logo\":{\"@type\":\"ImageObject\",\"inLanguage\":\"de\",\"@id\":\"https:\\\/\\\/www.strassenweb.de\\\/nachrichten\\\/#\\\/schema\\\/logo\\\/image\\\/\",\"url\":\"https:\\\/\\\/www.strassenweb.de\\\/nachrichten\\\/wp-content\\\/uploads\\\/2024\\\/09\\\/cropped-favicon.png\",\"contentUrl\":\"https:\\\/\\\/www.strassenweb.de\\\/nachrichten\\\/wp-content\\\/uploads\\\/2024\\\/09\\\/cropped-favicon.png\",\"width\":512,\"height\":512,\"caption\":\"Stra\u00dfenweb\"},\"image\":{\"@id\":\"https:\\\/\\\/www.strassenweb.de\\\/nachrichten\\\/#\\\/schema\\\/logo\\\/image\\\/\"},\"sameAs\":[\"https:\\\/\\\/www.facebook.com\\\/strassenweb\\\/\"]},{\"@type\":\"Person\",\"@id\":\"https:\\\/\\\/www.strassenweb.de\\\/nachrichten\\\/#\\\/schema\\\/person\\\/87c9c9067f1211da429a744dc5a5aa41\",\"name\":\"Robert Hoffmann\",\"image\":{\"@type\":\"ImageObject\",\"inLanguage\":\"de\",\"@id\":\"https:\\\/\\\/www.strassenweb.de\\\/nachrichten\\\/wp-content\\\/uploads\\\/2024\\\/09\\\/strassenweb-150x150.jpg\",\"url\":\"https:\\\/\\\/www.strassenweb.de\\\/nachrichten\\\/wp-content\\\/uploads\\\/2024\\\/09\\\/strassenweb-150x150.jpg\",\"contentUrl\":\"https:\\\/\\\/www.strassenweb.de\\\/nachrichten\\\/wp-content\\\/uploads\\\/2024\\\/09\\\/strassenweb-150x150.jpg\",\"caption\":\"Robert Hoffmann\"},\"description\":\"Ich hei\u00dfe Robert Hoffmann und ich bin ein leidenschaftlicher Verfechter von \u00d6kologie und Biodiversit\u00e4t. Seit meiner Kindheit in den W\u00e4ldern Bayerns f\u00fchle ich mich mit der Natur verbunden und bin entschlossen, sie zu sch\u00fctzen. Heute widme ich mein Leben der Sensibilisierung anderer f\u00fcr die Bedeutung des Umweltschutzes f\u00fcr zuk\u00fcnftige Generationen.\",\"sameAs\":[\"https:\\\/\\\/www.strassenweb.de\\\/\"]}]}<\/script>\n<!-- \/ Yoast SEO plugin. -->","yoast_head_json":{"title":"Ich liebe Jeremy Clarksons hellgrau-gr\u00fcne K\u00fcche-sie ist bereit, 2026 Farbtrends zu f\u00fchren, und dieser ruhige Farbton ist mein neuer Anlaufpunkt f\u00fcr Ruhe und Stil - Nachrichten - Stra\u00dfenweb","robots":{"index":"index","follow":"follow","max-snippet":"max-snippet:-1","max-image-preview":"max-image-preview:large","max-video-preview":"max-video-preview:-1"},"canonical":"https:\/\/www.strassenweb.de\/nachrichten\/ich-liebe-jeremy-clarksons-hellgrau-gruene-kueche-sie-ist-bereit-2026-farbtrends-zu-fuehren-und-dieser-ruhige-farbton-ist-mein-neuer-anlaufpunkt-fuer-ruhe-und-stil\/","og_locale":"de_DE","og_type":"article","og_title":"Ich liebe Jeremy Clarksons hellgrau-gr\u00fcne K\u00fcche-sie ist bereit, 2026 Farbtrends zu f\u00fchren, und dieser ruhige Farbton ist mein neuer Anlaufpunkt f\u00fcr Ruhe und Stil - Nachrichten - Stra\u00dfenweb","og_description":"Jeremy Clarkson ist vielleicht am bekanntesten f\u00fcr hohe Oktanfahrzeuge und Diddly Squat Farm, aber seine ruhige K\u00fcche Cotswold setzt leise einen der anspruchsvollsten Innenr\u00e4ume f\u00fcr","og_url":"https:\/\/www.strassenweb.de\/nachrichten\/ich-liebe-jeremy-clarksons-hellgrau-gruene-kueche-sie-ist-bereit-2026-farbtrends-zu-fuehren-und-dieser-ruhige-farbton-ist-mein-neuer-anlaufpunkt-fuer-ruhe-und-stil\/","og_site_name":"Stra\u00dfenweb","article_publisher":"https:\/\/www.facebook.com\/strassenweb\/","article_published_time":"2025-09-26T05:40:56+00:00","article_modified_time":"2025-09-26T05:40:57+00:00","og_image":[{"width":2560,"height":1440,"url":"https:\/\/www.strassenweb.de\/nachrichten\/wp-content\/uploads\/2025\/09\/Ich-liebe-Jeremy-Clarksons-hellgrau-gruene-Kueche-sie-ist-bereit-2026-Farbtrends-scaled.jpg","type":"image\/jpeg"}],"author":"Robert Hoffmann","twitter_card":"summary_large_image","twitter_misc":{"Verfasst von":"Robert Hoffmann","Gesch\u00e4tzte Lesezeit":"3\u00a0Minuten"},"schema":{"@context":"https:\/\/schema.org","@graph":[{"@type":"Article","@id":"https:\/\/www.strassenweb.de\/nachrichten\/ich-liebe-jeremy-clarksons-hellgrau-gruene-kueche-sie-ist-bereit-2026-farbtrends-zu-fuehren-und-dieser-ruhige-farbton-ist-mein-neuer-anlaufpunkt-fuer-ruhe-und-stil\/#article","isPartOf":{"@id":"https:\/\/www.strassenweb.de\/nachrichten\/ich-liebe-jeremy-clarksons-hellgrau-gruene-kueche-sie-ist-bereit-2026-farbtrends-zu-fuehren-und-dieser-ruhige-farbton-ist-mein-neuer-anlaufpunkt-fuer-ruhe-und-stil\/"},"author":{"name":"Robert Hoffmann","@id":"https:\/\/www.strassenweb.de\/nachrichten\/#\/schema\/person\/87c9c9067f1211da429a744dc5a5aa41"},"headline":"Ich liebe Jeremy Clarksons hellgrau-gr\u00fcne K\u00fcche-sie ist bereit, 2026 Farbtrends zu f\u00fchren, und dieser ruhige Farbton ist mein neuer Anlaufpunkt f\u00fcr Ruhe und Stil","datePublished":"2025-09-26T05:40:56+00:00","dateModified":"2025-09-26T05:40:57+00:00","mainEntityOfPage":{"@id":"https:\/\/www.strassenweb.de\/nachrichten\/ich-liebe-jeremy-clarksons-hellgrau-gruene-kueche-sie-ist-bereit-2026-farbtrends-zu-fuehren-und-dieser-ruhige-farbton-ist-mein-neuer-anlaufpunkt-fuer-ruhe-und-stil\/"},"wordCount":572,"publisher":{"@id":"https:\/\/www.strassenweb.de\/nachrichten\/#organization"},"image":{"@id":"https:\/\/www.strassenweb.de\/nachrichten\/ich-liebe-jeremy-clarksons-hellgrau-gruene-kueche-sie-ist-bereit-2026-farbtrends-zu-fuehren-und-dieser-ruhige-farbton-ist-mein-neuer-anlaufpunkt-fuer-ruhe-und-stil\/#primaryimage"},"thumbnailUrl":"https:\/\/www.strassenweb.de\/nachrichten\/wp-content\/uploads\/2025\/09\/Ich-liebe-Jeremy-Clarksons-hellgrau-gruene-Kueche-sie-ist-bereit-2026-Farbtrends-scaled.jpg","keywords":["Anlaufpunkt","bereit","Clarksons","dieser","Farbton","Farbtrends","f\u00fchren","f\u00fcr","hellgraugr\u00fcne","ich","ist","Jeremy","K\u00fcchesie","liebe","mein","neuer","Ruhe","ruhige","Stil","und"],"articleSection":["Haus &amp; Garten"],"inLanguage":"de"},{"@type":"WebPage","@id":"https:\/\/www.strassenweb.de\/nachrichten\/ich-liebe-jeremy-clarksons-hellgrau-gruene-kueche-sie-ist-bereit-2026-farbtrends-zu-fuehren-und-dieser-ruhige-farbton-ist-mein-neuer-anlaufpunkt-fuer-ruhe-und-stil\/","url":"https:\/\/www.strassenweb.de\/nachrichten\/ich-liebe-jeremy-clarksons-hellgrau-gruene-kueche-sie-ist-bereit-2026-farbtrends-zu-fuehren-und-dieser-ruhige-farbton-ist-mein-neuer-anlaufpunkt-fuer-ruhe-und-stil\/","name":"Ich liebe Jeremy Clarksons hellgrau-gr\u00fcne K\u00fcche-sie ist bereit, 2026 Farbtrends zu f\u00fchren, und dieser ruhige Farbton ist mein neuer Anlaufpunkt f\u00fcr Ruhe und Stil - Nachrichten - Stra\u00dfenweb","isPartOf":{"@id":"https:\/\/www.strassenweb.de\/nachrichten\/#website"},"primaryImageOfPage":{"@id":"https:\/\/www.strassenweb.de\/nachrichten\/ich-liebe-jeremy-clarksons-hellgrau-gruene-kueche-sie-ist-bereit-2026-farbtrends-zu-fuehren-und-dieser-ruhige-farbton-ist-mein-neuer-anlaufpunkt-fuer-ruhe-und-stil\/#primaryimage"},"image":{"@id":"https:\/\/www.strassenweb.de\/nachrichten\/ich-liebe-jeremy-clarksons-hellgrau-gruene-kueche-sie-ist-bereit-2026-farbtrends-zu-fuehren-und-dieser-ruhige-farbton-ist-mein-neuer-anlaufpunkt-fuer-ruhe-und-stil\/#primaryimage"},"thumbnailUrl":"https:\/\/www.strassenweb.de\/nachrichten\/wp-content\/uploads\/2025\/09\/Ich-liebe-Jeremy-Clarksons-hellgrau-gruene-Kueche-sie-ist-bereit-2026-Farbtrends-scaled.jpg","datePublished":"2025-09-26T05:40:56+00:00","dateModified":"2025-09-26T05:40:57+00:00","breadcrumb":{"@id":"https:\/\/www.strassenweb.de\/nachrichten\/ich-liebe-jeremy-clarksons-hellgrau-gruene-kueche-sie-ist-bereit-2026-farbtrends-zu-fuehren-und-dieser-ruhige-farbton-ist-mein-neuer-anlaufpunkt-fuer-ruhe-und-stil\/#breadcrumb"},"inLanguage":"de","potentialAction":[{"@type":"ReadAction","target":["https:\/\/www.strassenweb.de\/nachrichten\/ich-liebe-jeremy-clarksons-hellgrau-gruene-kueche-sie-ist-bereit-2026-farbtrends-zu-fuehren-und-dieser-ruhige-farbton-ist-mein-neuer-anlaufpunkt-fuer-ruhe-und-stil\/"]}]},{"@type":"ImageObject","inLanguage":"de","@id":"https:\/\/www.strassenweb.de\/nachrichten\/ich-liebe-jeremy-clarksons-hellgrau-gruene-kueche-sie-ist-bereit-2026-farbtrends-zu-fuehren-und-dieser-ruhige-farbton-ist-mein-neuer-anlaufpunkt-fuer-ruhe-und-stil\/#primaryimage","url":"https:\/\/www.strassenweb.de\/nachrichten\/wp-content\/uploads\/2025\/09\/Ich-liebe-Jeremy-Clarksons-hellgrau-gruene-Kueche-sie-ist-bereit-2026-Farbtrends-scaled.jpg","contentUrl":"https:\/\/www.strassenweb.de\/nachrichten\/wp-content\/uploads\/2025\/09\/Ich-liebe-Jeremy-Clarksons-hellgrau-gruene-Kueche-sie-ist-bereit-2026-Farbtrends-scaled.jpg","width":2560,"height":1440,"caption":"Jeremy Clarkson watches a monitor during the Top Gear Festival at Sydney Motorsport Park on March 9, 2013 in Sydney, Australia. (Photo by Brendon Thorne\/Getty Images)"},{"@type":"BreadcrumbList","@id":"https:\/\/www.strassenweb.de\/nachrichten\/ich-liebe-jeremy-clarksons-hellgrau-gruene-kueche-sie-ist-bereit-2026-farbtrends-zu-fuehren-und-dieser-ruhige-farbton-ist-mein-neuer-anlaufpunkt-fuer-ruhe-und-stil\/#breadcrumb","itemListElement":[{"@type":"ListItem","position":1,"name":"Home","item":"https:\/\/www.strassenweb.de\/nachrichten\/"},{"@type":"ListItem","position":2,"name":"Ich liebe Jeremy Clarksons hellgrau-gr\u00fcne K\u00fcche-sie ist bereit, 2026 Farbtrends zu f\u00fchren, und dieser ruhige Farbton ist mein neuer Anlaufpunkt f\u00fcr Ruhe und Stil"}]},{"@type":"WebSite","@id":"https:\/\/www.strassenweb.de\/nachrichten\/#website","url":"https:\/\/www.strassenweb.de\/nachrichten\/","name":"Stra\u00dfenweb","description":"Stra\u00dfenverzeichnis f\u00fcr Deutschland","publisher":{"@id":"https:\/\/www.strassenweb.de\/nachrichten\/#organization"},"potentialAction":[{"@type":"SearchAction","target":{"@type":"EntryPoint","urlTemplate":"https:\/\/www.strassenweb.de\/nachrichten\/?s={search_term_string}"},"query-input":{"@type":"PropertyValueSpecification","valueRequired":true,"valueName":"search_term_string"}}],"inLanguage":"de"},{"@type":"Organization","@id":"https:\/\/www.strassenweb.de\/nachrichten\/#organization","name":"Stra\u00dfenweb","url":"https:\/\/www.strassenweb.de\/nachrichten\/","logo":{"@type":"ImageObject","inLanguage":"de","@id":"https:\/\/www.strassenweb.de\/nachrichten\/#\/schema\/logo\/image\/","url":"https:\/\/www.strassenweb.de\/nachrichten\/wp-content\/uploads\/2024\/09\/cropped-favicon.png","contentUrl":"https:\/\/www.strassenweb.de\/nachrichten\/wp-content\/uploads\/2024\/09\/cropped-favicon.png","width":512,"height":512,"caption":"Stra\u00dfenweb"},"image":{"@id":"https:\/\/www.strassenweb.de\/nachrichten\/#\/schema\/logo\/image\/"},"sameAs":["https:\/\/www.facebook.com\/strassenweb\/"]},{"@type":"Person","@id":"https:\/\/www.strassenweb.de\/nachrichten\/#\/schema\/person\/87c9c9067f1211da429a744dc5a5aa41","name":"Robert Hoffmann","image":{"@type":"ImageObject","inLanguage":"de","@id":"https:\/\/www.strassenweb.de\/nachrichten\/wp-content\/uploads\/2024\/09\/strassenweb-150x150.jpg","url":"https:\/\/www.strassenweb.de\/nachrichten\/wp-content\/uploads\/2024\/09\/strassenweb-150x150.jpg","contentUrl":"https:\/\/www.strassenweb.de\/nachrichten\/wp-content\/uploads\/2024\/09\/strassenweb-150x150.jpg","caption":"Robert Hoffmann"},"description":"Ich hei\u00dfe Robert Hoffmann und ich bin ein leidenschaftlicher Verfechter von \u00d6kologie und Biodiversit\u00e4t. Seit meiner Kindheit in den W\u00e4ldern Bayerns f\u00fchle ich mich mit der Natur verbunden und bin entschlossen, sie zu sch\u00fctzen. Heute widme ich mein Leben der Sensibilisierung anderer f\u00fcr die Bedeutung des Umweltschutzes f\u00fcr zuk\u00fcnftige Generationen.","sameAs":["https:\/\/www.strassenweb.de\/"]}]}},"_links":{"self":[{"href":"https:\/\/www.strassenweb.de\/nachrichten\/wp-json\/wp\/v2\/posts\/7996","targetHints":{"allow":["GET"]}}],"collection":[{"href":"https:\/\/www.strassenweb.de\/nachrichten\/wp-json\/wp\/v2\/posts"}],"about":[{"href":"https:\/\/www.strassenweb.de\/nachrichten\/wp-json\/wp\/v2\/types\/post"}],"author":[{"embeddable":true,"href":"https:\/\/www.strassenweb.de\/nachrichten\/wp-json\/wp\/v2\/users\/1"}],"replies":[{"embeddable":true,"href":"https:\/\/www.strassenweb.de\/nachrichten\/wp-json\/wp\/v2\/comments?post=7996"}],"version-history":[{"count":0,"href":"https:\/\/www.strassenweb.de\/nachrichten\/wp-json\/wp\/v2\/posts\/7996\/revisions"}],"wp:featuredmedia":[{"embeddable":true,"href":"https:\/\/www.strassenweb.de\/nachrichten\/wp-json\/wp\/v2\/media\/7997"}],"wp:attachment":[{"href":"https:\/\/www.strassenweb.de\/nachrichten\/wp-json\/wp\/v2\/media?parent=7996"}],"wp:term":[{"taxonomy":"category","embeddable":true,"href":"https:\/\/www.strassenweb.de\/nachrichten\/wp-json\/wp\/v2\/categories?post=7996"},{"taxonomy":"post_tag","embeddable":true,"href":"https:\/\/www.strassenweb.de\/nachrichten\/wp-json\/wp\/v2\/tags?post=7996"}],"curies":[{"name":"wp","href":"https:\/\/api.w.org\/{rel}","templated":true}]}}