{"id":7967,"date":"2025-09-24T22:40:10","date_gmt":"2025-09-24T20:40:10","guid":{"rendered":"https:\/\/www.strassenweb.de\/nachrichten\/5-dinge-die-mit-hortensien-im-herbst-zu-tun-haben-und-die-2-dinge-die-sie-absolut-nie-tun-muessen\/"},"modified":"2025-09-24T22:40:11","modified_gmt":"2025-09-24T20:40:11","slug":"5-dinge-die-mit-hortensien-im-herbst-zu-tun-haben-und-die-2-dinge-die-sie-absolut-nie-tun-muessen","status":"publish","type":"post","link":"https:\/\/www.strassenweb.de\/nachrichten\/5-dinge-die-mit-hortensien-im-herbst-zu-tun-haben-und-die-2-dinge-die-sie-absolut-nie-tun-muessen\/","title":{"rendered":"5 Dinge, die mit Hortensien im Herbst zu tun haben &#8211; und die 2 Dinge, die Sie absolut nie tun m\u00fcssen"},"content":{"rendered":"<p><\/p>\n<div id=\"article-body\" class=\"article__body \">\n<p id=\"0df0260d-e314-4328-a7ec-605eecca7a5c\">Wenn die lebendigen Bl\u00fcten des Sommers zu verblassen beginnen, werden Hortensien eine atemberaubende Ver\u00e4nderung durchlaufen. Sorten wie Hortensie Paniculata &#8218;Rampenlicht&#8216; von frischem Kalk und Creme in ged\u00e4mpfte Rouge, Burgund und getrocknetes Pergament &#8211; ein typisches Zeichen daf\u00fcr, dass sich die Saison \u00e4ndert. Diese auff\u00e4llige Display wirft jedoch auch eine wichtige Frage f\u00fcr jemanden auf, der sich f\u00fcr Hortensien interessiert: Was tun mit Hortensien im Herbst?<\/p>\n<div id=\"ad-unit-1\" class=\"ad-unit\"><\/div>\n<h2 class=\"article-body__section\" id=\"section-how-to-care-for-hydrangeas-in-the-fall\"><span>Wie man im Herbst Horderas f\u00fcr Hortensien k\u00fcmmert<\/span><\/h2>\n<p id=\"3ceb511d-7b92-4d0b-b9c4-e3efc1040be8\">Um es herauszufinden, sprachen wir mit Hortensienspezialisten, die die wesentlichen Herbstpflegespitzen sowie zwei Dinge, die Sie niemals tun sollten, enth\u00fcllt, um Ihre Pflanzen gesund zu halten und im n\u00e4chsten Sommer noch h\u00e4ufigere, lang anhaltende Blumen zu gew\u00e4hrleisten.<\/p>\n<figure class=\"van-image-figure inline-layout \" data-bordeaux-image-check id=\"f9bbf593-89f6-465f-bb49-b2eeb5d88489\">\n<div class=\"image-full-width-wrapper\">\n<div class=\"image-widthsetter\" style=\"max-width:2400px;\"><\/div>\n<\/div>\n<\/figure>\n<h3 class=\"article-body__section\" id=\"section-1-mulch-for-winter-protection\"><span>1. Mulch zum Winterschutz <\/span><\/h3>\n<aside data-block-type=\"embed\" data-render-type=\"fte\" data-skip=\"dealsy\" data-widget-type=\"seasonal\" class=\"hawk-base\"><\/aside>\n<p id=\"db7437a9-cb73-4fee-a6b5-cefb7d22128e-0\">Das Auftragen einer frischen Mulchschicht ist eine einfache, aber leistungsstarke M\u00f6glichkeit, Ihre Pflanzen zu sch\u00fctzen. In k\u00e4lteren Klimazonen hilft ein Herbstmulch dazu, die Wurzelzone vor harten Gefrieren und Gefrier-Tauzzyklen zu sch\u00fctzen. G\u00e4rtnerexperte Janet Loughrey r\u00e4t: \u201eWenden Sie eine 2 bis 3 -Zoll -Schicht Rindenchips oder andere Mulch um die Basis von Hortensiepflanzen auf. Vermeiden Sie es, Rinde gegen den Kofferraum zu legen, was Pflanzen anf\u00e4lliger f\u00fcr Sch\u00e4dlinge und Krankheiten machen kann. &#8218;<\/p>\n<div class=\"van_vid_carousel\">\n<div class=\"van_vid_carousel__padding\">\n<div class=\"van_vid_carousel__container\"><\/div>\n<\/div>\n<\/div>\n<p>F\u00fcr Pflanzen, die w\u00e4hrend der Vegetationsperiode mit D\u00fcrre zu k\u00e4mpfen hatten, schl\u00e4gt der Hortenea -Experte Lorraine Ballato vor: &#8222;Ich w\u00fcrde Kompost hinzuf\u00fcgen, um die F\u00e4higkeit des Wasserretentions des Bodens und mehr Mulch f\u00fcr die Isolierung zu erh\u00f6hen.&#8220;<\/p>\n<div id=\"ad-unit-2\" class=\"ad-unit\"><\/div>\n<h3 class=\"article-body__section\" id=\"section-2-prune-selectively\"><span>2. Selektiv beschneiden <\/span><\/h3>\n<p id=\"278b832c-ec80-4556-b50e-a055a12f6077\">Im Herbst k\u00f6nnen nur wenige Hortena -Sorten zur\u00fcckgeschnitten werden, daher ist es wichtig, den Rest unber\u00fchrt zu lassen. Nicht alle Hortensien tolerieren eine Herbstausstattung, was es wichtig macht, Ihre Vielfalt zu kennen. Die einzigen Hortensien, die zum Abschneiden im Herbst geeignet sind, sind diejenigen, die auf neues Holz bl\u00fchen, wie Hortena arborescens (wie &#8218;Annabelle&#8216;) und Hortena paniculata (wie &#8218;Rampeight&#8216;).<\/p>\n<p>Wie Lorraine Ballato erkl\u00e4rt: &#8222;Sobald die Pflanzen ruhen und ihre Bl\u00e4tter fallen lassen, k\u00f6nnen Sie die Sorten, die nur auf neues Holz bl\u00fchen, zur\u00fcckschneiden.&#8220; Die verbrauchten Blumenk\u00f6pfe dieser Sorten k\u00f6nnen entweder entfernt oder f\u00fcr das Winterinteresse gelassen werden.<\/p>\n<p>Wenn Sie Ihre Hortensien beschneiden m\u00fcssen, sind die bei Amazon erh\u00e4ltlichen Fiskars -Scheren eine ausgezeichnete Wahl f\u00fcr Pr\u00e4zision und Benutzerfreundlichkeit.<\/p>\n<div id=\"slice-container-newsletterForm-articleInbodyContent-UPYS4GjbBjayNteRbEEsTG\" class=\"slice-container newsletter-inbodyContent-slice newsletterForm-articleInbodyContent-UPYS4GjbBjayNteRbEEsTG slice-container-newsletterForm\"><\/div>\n<h3 class=\"article-body__section\" id=\"section-3-prepare-for-winter-conditions\"><span>3. Bereiten Sie sich auf die Winterbedingungen vor <\/span><\/h3>\n<p id=\"b1832515-7648-41a1-b723-3a47b92cf1e9\">Bei Hortensien in geringf\u00fcgig robusten Zonen oder solchen, die einem harten Winterwetter ausgesetzt sind, kann ein bisschen zus\u00e4tzlicher Schutz den Unterschied ausmachen.<\/p>\n<p>&#8222;Winterende Hortensien werden empfohlen, wenn sich Ihre gro\u00dfe Blatthortensie in einer geringf\u00fcgig robusten Zone befindet oder wenn es dem Winterwetter wie eisigen St\u00fcrmen und starkem Schnee ausgesetzt ist&#8220;, sagt Lorraine Ballato. Sie merkt an, dass andere Sorten wie Eichenblatt und Berghortensien weniger anf\u00e4llig f\u00fcr Winterkill sind.<\/p>\n<p>Bei Pflanzen in k\u00e4lteren Klimazonen f\u00fcgt Janet Loughrey hinzu: \u201eBewegen Sie Hortensie -Pflanzen gegen Ihr Zuhause und sch\u00fctzen mit Isolierung, um zu verhindern, dass die Wurzelzone einfriert. Sie k\u00f6nnen auch in eine unbeheizte Garage oder einen anderen k\u00fchlen Raum bewegt werden. &#8218;<\/p>\n<h3 class=\"article-body__section\" id=\"section-4-sanitize-to-prevent-disease\"><span>4., sanieren Sie, um Krankheiten zu verhindern <\/span><\/h3>\n<p id=\"b64b0b7f-d634-444e-b7ba-57622ede4239\">Der Herbst ist die perfekte Zeit f\u00fcr eine Aufr\u00e4umarbeiten. Wenn Ihre Hortensien w\u00e4hrend der Saison Anzeichen eines Blattflecks oder anderen Pilzproblemen aufwiesen, ist die sanit\u00e4re Einrichtungen von entscheidender Bedeutung.<\/p>\n<p>&#8222;Blattflecken sind normalerweise ein Zeichen einer Pilzinfektion&#8220;, erkl\u00e4rt Lorraine Ballato. &#8218;Pilzsporen \u00fcberwintert recht gut, unabh\u00e4ngig davon, wie niedrig die Temperaturen werden. Wenn die Bedingungen n\u00e4chstes Jahr wieder richtig sind, werden sie wieder zum Leben erweckt und die Pflanze wieder entz\u00fcndet. &#8218;<\/p>\n<p>Sie empfiehlt, alle gefallenen Bl\u00e4tter zu entfernen und zu zerst\u00f6ren und Ihre Werkzeuge zu desinfizieren, um die Ausbreitung von Sporen zu verhindern.<\/p>\n<h3 class=\"article-body__section\" id=\"section-5-cut-stems-for-a-dried-display\"><span>5. Schnittst\u00e4ngel f\u00fcr ein getrocknetes Display <\/span><\/h3>\n<p id=\"471264c6-3b0c-4497-8964-fc37772a0ca6\">Bevor Sie Ihre Herbstbereinigung beenden, sollten Sie ein paar langstielige Bl\u00fcten in Innenr\u00e4umen bringen. Hortensie K\u00f6pfe wundersch\u00f6n trocknen und k\u00f6nnen ein dauerhaftes Display erzeugen. Schneiden Sie einfach die St\u00e4ngel, legen Sie sie in eine Vase mit einer kleinen Menge Wasser und lassen Sie das Wasser im Laufe der Zeit auf nat\u00fcrliche Weise verdampfen. Die Blumen trocknen an Ort und Stelle und erhalten ihre einzigartigen Herbstfarben.<\/p>\n<figure class=\"van-image-figure inline-layout \" data-bordeaux-image-check id=\"d01b0976-60c2-47d6-8e05-a876d3ce8ed5\">\n<div class=\"image-full-width-wrapper\">\n<div class=\"image-widthsetter\" style=\"max-width:2000px;\"><\/div>\n<\/div>\n<\/figure>\n<h3 class=\"article-body__section\" id=\"section-what-never-to-do-with-hydrangeas-in-the-fall\"><span>Was kann man im Herbst niemals mit Hortensien anfangen<\/span><\/h3>\n<p id=\"429e84b2-a647-44df-a1ed-60da3fcc92fe\">Wenn es um die Pflege von Hortensien geht, ist es genauso wichtig zu wissen, was nicht zu tun ist wie zu wissen, was Sie tun sollten. Wenn Sie diese beiden Regeln verletzen, k\u00f6nnen Sie die Bl\u00fcten Ihrer n\u00e4chsten Saison gef\u00e4hrden.<\/p>\n<h3 class=\"article-body__section\" id=\"section-1-never-prune-old-wood\"><span>1. Beschneiden Sie niemals altes Holz <\/span><\/h3>\n<p id=\"fa35f340-de7b-49fa-8cf7-f646c0488157\">Es ist wichtig, kein altes Holz aus Ihren Hortensien zu beschneiden, da dies ein bedeutender Hortensie -Schnittfehler w\u00e4re. Einer der h\u00e4ufigsten Fehler beim Wachstum von Hortensien besteht darin, Sorten zu reduzieren, die auf altem Holz bl\u00fchen, wie Bigleaf, Oakleaf und Berghortensien.<\/p>\n<p>&#8222;Das Beschneiden im Herbst wird Knospen entfernen, was im folgenden Jahr keine Blumen f\u00fchrt&#8220;, warnt die Gartenschreiberin Janet Loughrey. Lorraine Ballato stimmt zu und erkl\u00e4rt: \u201eDas gilt f\u00fcr alle Bigleaf -Hortensien. Wenn Sie nicht wissen, welchen Typ Sie haben, ist es sicherer, nichts zu tun. &#8218;<\/p>\n<h3 class=\"article-body__section\" id=\"section-2-never-fertilize\"><span>2. Niemals d\u00fcngen <\/span><\/h3>\n<p id=\"d8845788-4c26-44cf-b3d4-5a331b726a39\">Der Herbst ist die Zeit, in der eine Hortensie in die Ruhe eintreten sollte und kein neues Wachstum veranstaltet.<\/p>\n<p>&#8222;D\u00fcnge und Beschneidung sind zwei Aktionen, die eine Hortensie anregen, und der Herbst ist die Zeit, in der Sie schlafen m\u00f6chten und in die Ruhe gehen&#8220;, warnt Lorraine Ballato.<\/p>\n<p>Janet Loughrey wiederholt diesen Rat und f\u00fcgt hinzu: &#8222;D\u00fcnge im Herbst wird ein neues Wachstum anregen, das durch ein hartes Einfrieren get\u00f6tet wird, wodurch Pflanzen anf\u00e4lliger f\u00fcr Stress und K\u00e4ltesch\u00e4den werden.&#8220;<\/p>\n<p>Die beste Zeit, um Hortensien zu d\u00fcngen, ist im Fr\u00fchjahr, wenn nat\u00fcrlich ein neues Wachstum entsteht.<\/p>\n<hr id=\"9bb1102a-3b88-4f8f-9153-6e24d353262a\">\n<p id=\"89f30b01-3ecd-4fba-b79a-42511a017d7a\">Die Pflege Ihrer Hortensien im Herbst ist eine einfache, aber lohnende Praxis, die sich im Fr\u00fchjahr auszahlt. Indem Sie einen kleinen Schutz bieten, Ihren Garten aufr\u00e4umen und &#8211; vor allem &#8211; dem Drang widerstehen, in der falschen Zeit zur falschen Zeit zu beschneiden oder zu d\u00fcngen, haben Sie die B\u00fchne f\u00fcr ges\u00fcndere Pflanzen und eine spektakul\u00e4rere Bl\u00fcte in der n\u00e4chsten Saison.<\/p>\n<p>Der Herbst ist letztendlich eine Jahreszeit f\u00fcr Geduld und Beobachtung. Eine kleine Sorgfalt stellt jetzt sicher, dass die zeitlose Sch\u00f6nheit Ihrer Hortensien in den kommenden Jahren weiterhin gedeiht und erfreulich ist.<\/p>\n<p>Stauden wie Schwarz\u00e4ugigen Susans und Konleiblrower bieten \u00e4hnliche Vorteile und bieten dauerhaftes Interesse und Wert im Garten bis weit in den Winter.<\/p>\n<figure class=\"van-image-figure inline-layout \" data-bordeaux-image-check id=\"1524d0bc-c1bd-4420-a32e-15c018d2da6f\">\n<div class=\"image-full-width-wrapper\">\n<div class=\"image-widthsetter\" style=\"max-width:2000px;\"><\/div>\n<\/div>\n<\/figure>\n<h3 class=\"article-body__section\" id=\"section-shop-everything-you-need\"><span>Kaufen Sie alles ein, was Sie brauchen <\/span><\/h3>\n<div class=\"product-container hero-product-container product-block-no-wrap\">\n<div class=\"product-block-row\"><\/div>\n<div class=\"product-block-row\"><\/div>\n<div class=\"product-block-row\"><\/div>\n<\/div>\n<div class=\"block\" id=\"articleTag\" data-component-name=\"PostArticleLinks\">\n<div class=\"border-b border-b-black border-solid py-2.5 text-black font-bold uppercase\">Themen<\/div>\n<nav class=\"py-2.5 flex gap-2.5 flex-wrap\" data-analytics-id=\"article-tag\">\n<p>Hortensien<\/p>\n<\/nav>\n<\/div>\n<\/div>\n","protected":false},"excerpt":{"rendered":"<p>Wenn die lebendigen Bl\u00fcten des Sommers zu verblassen beginnen, werden Hortensien eine atemberaubende Ver\u00e4nderung durchlaufen. Sorten wie Hortensie Paniculata &#8218;Rampenlicht&#8216; von frischem Kalk und Creme<\/p>\n","protected":false},"author":1,"featured_media":7968,"comment_status":"closed","ping_status":"","sticky":false,"template":"","format":"standard","meta":{"footnotes":""},"categories":[118],"tags":[4307,9,466,469,203,554,146,594,460,165,553,37],"class_list":["post-7967","post","type-post","status-publish","format-standard","has-post-thumbnail","hentry","category-haus-garten","tag-absolut","tag-die","tag-dinge","tag-haben","tag-herbst","tag-hortensien","tag-mit","tag-muessen","tag-nie","tag-sie","tag-tun","tag-und","generate-columns","tablet-grid-50","mobile-grid-100","grid-parent","grid-50"],"yoast_head":"<!-- This site is optimized with the Yoast SEO plugin v27.3 - https:\/\/yoast.com\/product\/yoast-seo-wordpress\/ -->\n<title>5 Dinge, die mit Hortensien im Herbst zu tun haben - und die 2 Dinge, die Sie absolut nie tun m\u00fcssen - Nachrichten - Stra\u00dfenweb<\/title>\n<meta name=\"robots\" content=\"index, follow, max-snippet:-1, max-image-preview:large, max-video-preview:-1\" \/>\n<link rel=\"canonical\" href=\"https:\/\/www.strassenweb.de\/nachrichten\/5-dinge-die-mit-hortensien-im-herbst-zu-tun-haben-und-die-2-dinge-die-sie-absolut-nie-tun-muessen\/\" \/>\n<meta property=\"og:locale\" content=\"de_DE\" \/>\n<meta property=\"og:type\" content=\"article\" \/>\n<meta property=\"og:title\" content=\"5 Dinge, die mit Hortensien im Herbst zu tun haben - und die 2 Dinge, die Sie absolut nie tun m\u00fcssen - Nachrichten - Stra\u00dfenweb\" \/>\n<meta property=\"og:description\" content=\"Wenn die lebendigen Bl\u00fcten des Sommers zu verblassen beginnen, werden Hortensien eine atemberaubende Ver\u00e4nderung durchlaufen. Sorten wie Hortensie Paniculata &#8218;Rampenlicht&#8216; von frischem Kalk und Creme\" \/>\n<meta property=\"og:url\" content=\"https:\/\/www.strassenweb.de\/nachrichten\/5-dinge-die-mit-hortensien-im-herbst-zu-tun-haben-und-die-2-dinge-die-sie-absolut-nie-tun-muessen\/\" \/>\n<meta property=\"og:site_name\" content=\"Stra\u00dfenweb\" \/>\n<meta property=\"article:publisher\" content=\"https:\/\/www.facebook.com\/strassenweb\/\" \/>\n<meta property=\"article:published_time\" content=\"2025-09-24T20:40:10+00:00\" \/>\n<meta property=\"article:modified_time\" content=\"2025-09-24T20:40:11+00:00\" \/>\n<meta property=\"og:image\" content=\"https:\/\/www.strassenweb.de\/nachrichten\/wp-content\/uploads\/2025\/09\/5-Dinge-die-mit-Hortensien-im-Herbst-zu-tun-haben.jpg\" \/>\n\t<meta property=\"og:image:width\" content=\"1600\" \/>\n\t<meta property=\"og:image:height\" content=\"900\" \/>\n\t<meta property=\"og:image:type\" content=\"image\/jpeg\" \/>\n<meta name=\"author\" content=\"Robert Hoffmann\" \/>\n<meta name=\"twitter:card\" content=\"summary_large_image\" \/>\n<meta name=\"twitter:label1\" content=\"Verfasst von\" \/>\n\t<meta name=\"twitter:data1\" content=\"Robert Hoffmann\" \/>\n\t<meta name=\"twitter:label2\" content=\"Gesch\u00e4tzte Lesezeit\" \/>\n\t<meta name=\"twitter:data2\" content=\"5\u00a0Minuten\" \/>\n<script type=\"application\/ld+json\" class=\"yoast-schema-graph\">{\"@context\":\"https:\\\/\\\/schema.org\",\"@graph\":[{\"@type\":\"Article\",\"@id\":\"https:\\\/\\\/www.strassenweb.de\\\/nachrichten\\\/5-dinge-die-mit-hortensien-im-herbst-zu-tun-haben-und-die-2-dinge-die-sie-absolut-nie-tun-muessen\\\/#article\",\"isPartOf\":{\"@id\":\"https:\\\/\\\/www.strassenweb.de\\\/nachrichten\\\/5-dinge-die-mit-hortensien-im-herbst-zu-tun-haben-und-die-2-dinge-die-sie-absolut-nie-tun-muessen\\\/\"},\"author\":{\"name\":\"Robert Hoffmann\",\"@id\":\"https:\\\/\\\/www.strassenweb.de\\\/nachrichten\\\/#\\\/schema\\\/person\\\/87c9c9067f1211da429a744dc5a5aa41\"},\"headline\":\"5 Dinge, die mit Hortensien im Herbst zu tun haben &#8211; und die 2 Dinge, die Sie absolut nie tun m\u00fcssen\",\"datePublished\":\"2025-09-24T20:40:10+00:00\",\"dateModified\":\"2025-09-24T20:40:11+00:00\",\"mainEntityOfPage\":{\"@id\":\"https:\\\/\\\/www.strassenweb.de\\\/nachrichten\\\/5-dinge-die-mit-hortensien-im-herbst-zu-tun-haben-und-die-2-dinge-die-sie-absolut-nie-tun-muessen\\\/\"},\"wordCount\":1115,\"publisher\":{\"@id\":\"https:\\\/\\\/www.strassenweb.de\\\/nachrichten\\\/#organization\"},\"image\":{\"@id\":\"https:\\\/\\\/www.strassenweb.de\\\/nachrichten\\\/5-dinge-die-mit-hortensien-im-herbst-zu-tun-haben-und-die-2-dinge-die-sie-absolut-nie-tun-muessen\\\/#primaryimage\"},\"thumbnailUrl\":\"https:\\\/\\\/www.strassenweb.de\\\/nachrichten\\\/wp-content\\\/uploads\\\/2025\\\/09\\\/5-Dinge-die-mit-Hortensien-im-Herbst-zu-tun-haben.jpg\",\"keywords\":[\"absolut\",\"die\",\"Dinge\",\"haben\",\"Herbst\",\"Hortensien\",\"mit\",\"m\u00fcssen\",\"nie\",\"Sie\",\"tun\",\"und\"],\"articleSection\":[\"Haus &amp; Garten\"],\"inLanguage\":\"de\"},{\"@type\":\"WebPage\",\"@id\":\"https:\\\/\\\/www.strassenweb.de\\\/nachrichten\\\/5-dinge-die-mit-hortensien-im-herbst-zu-tun-haben-und-die-2-dinge-die-sie-absolut-nie-tun-muessen\\\/\",\"url\":\"https:\\\/\\\/www.strassenweb.de\\\/nachrichten\\\/5-dinge-die-mit-hortensien-im-herbst-zu-tun-haben-und-die-2-dinge-die-sie-absolut-nie-tun-muessen\\\/\",\"name\":\"5 Dinge, die mit Hortensien im Herbst zu tun haben - und die 2 Dinge, die Sie absolut nie tun m\u00fcssen - Nachrichten - Stra\u00dfenweb\",\"isPartOf\":{\"@id\":\"https:\\\/\\\/www.strassenweb.de\\\/nachrichten\\\/#website\"},\"primaryImageOfPage\":{\"@id\":\"https:\\\/\\\/www.strassenweb.de\\\/nachrichten\\\/5-dinge-die-mit-hortensien-im-herbst-zu-tun-haben-und-die-2-dinge-die-sie-absolut-nie-tun-muessen\\\/#primaryimage\"},\"image\":{\"@id\":\"https:\\\/\\\/www.strassenweb.de\\\/nachrichten\\\/5-dinge-die-mit-hortensien-im-herbst-zu-tun-haben-und-die-2-dinge-die-sie-absolut-nie-tun-muessen\\\/#primaryimage\"},\"thumbnailUrl\":\"https:\\\/\\\/www.strassenweb.de\\\/nachrichten\\\/wp-content\\\/uploads\\\/2025\\\/09\\\/5-Dinge-die-mit-Hortensien-im-Herbst-zu-tun-haben.jpg\",\"datePublished\":\"2025-09-24T20:40:10+00:00\",\"dateModified\":\"2025-09-24T20:40:11+00:00\",\"breadcrumb\":{\"@id\":\"https:\\\/\\\/www.strassenweb.de\\\/nachrichten\\\/5-dinge-die-mit-hortensien-im-herbst-zu-tun-haben-und-die-2-dinge-die-sie-absolut-nie-tun-muessen\\\/#breadcrumb\"},\"inLanguage\":\"de\",\"potentialAction\":[{\"@type\":\"ReadAction\",\"target\":[\"https:\\\/\\\/www.strassenweb.de\\\/nachrichten\\\/5-dinge-die-mit-hortensien-im-herbst-zu-tun-haben-und-die-2-dinge-die-sie-absolut-nie-tun-muessen\\\/\"]}]},{\"@type\":\"ImageObject\",\"inLanguage\":\"de\",\"@id\":\"https:\\\/\\\/www.strassenweb.de\\\/nachrichten\\\/5-dinge-die-mit-hortensien-im-herbst-zu-tun-haben-und-die-2-dinge-die-sie-absolut-nie-tun-muessen\\\/#primaryimage\",\"url\":\"https:\\\/\\\/www.strassenweb.de\\\/nachrichten\\\/wp-content\\\/uploads\\\/2025\\\/09\\\/5-Dinge-die-mit-Hortensien-im-Herbst-zu-tun-haben.jpg\",\"contentUrl\":\"https:\\\/\\\/www.strassenweb.de\\\/nachrichten\\\/wp-content\\\/uploads\\\/2025\\\/09\\\/5-Dinge-die-mit-Hortensien-im-Herbst-zu-tun-haben.jpg\",\"width\":1600,\"height\":900,\"caption\":\"Woman in garden shed holding a cut hydrangea stem\"},{\"@type\":\"BreadcrumbList\",\"@id\":\"https:\\\/\\\/www.strassenweb.de\\\/nachrichten\\\/5-dinge-die-mit-hortensien-im-herbst-zu-tun-haben-und-die-2-dinge-die-sie-absolut-nie-tun-muessen\\\/#breadcrumb\",\"itemListElement\":[{\"@type\":\"ListItem\",\"position\":1,\"name\":\"Home\",\"item\":\"https:\\\/\\\/www.strassenweb.de\\\/nachrichten\\\/\"},{\"@type\":\"ListItem\",\"position\":2,\"name\":\"5 Dinge, die mit Hortensien im Herbst zu tun haben &#8211; und die 2 Dinge, die Sie absolut nie tun m\u00fcssen\"}]},{\"@type\":\"WebSite\",\"@id\":\"https:\\\/\\\/www.strassenweb.de\\\/nachrichten\\\/#website\",\"url\":\"https:\\\/\\\/www.strassenweb.de\\\/nachrichten\\\/\",\"name\":\"Stra\u00dfenweb\",\"description\":\"Stra\u00dfenverzeichnis f\u00fcr Deutschland\",\"publisher\":{\"@id\":\"https:\\\/\\\/www.strassenweb.de\\\/nachrichten\\\/#organization\"},\"potentialAction\":[{\"@type\":\"SearchAction\",\"target\":{\"@type\":\"EntryPoint\",\"urlTemplate\":\"https:\\\/\\\/www.strassenweb.de\\\/nachrichten\\\/?s={search_term_string}\"},\"query-input\":{\"@type\":\"PropertyValueSpecification\",\"valueRequired\":true,\"valueName\":\"search_term_string\"}}],\"inLanguage\":\"de\"},{\"@type\":\"Organization\",\"@id\":\"https:\\\/\\\/www.strassenweb.de\\\/nachrichten\\\/#organization\",\"name\":\"Stra\u00dfenweb\",\"url\":\"https:\\\/\\\/www.strassenweb.de\\\/nachrichten\\\/\",\"logo\":{\"@type\":\"ImageObject\",\"inLanguage\":\"de\",\"@id\":\"https:\\\/\\\/www.strassenweb.de\\\/nachrichten\\\/#\\\/schema\\\/logo\\\/image\\\/\",\"url\":\"https:\\\/\\\/www.strassenweb.de\\\/nachrichten\\\/wp-content\\\/uploads\\\/2024\\\/09\\\/cropped-favicon.png\",\"contentUrl\":\"https:\\\/\\\/www.strassenweb.de\\\/nachrichten\\\/wp-content\\\/uploads\\\/2024\\\/09\\\/cropped-favicon.png\",\"width\":512,\"height\":512,\"caption\":\"Stra\u00dfenweb\"},\"image\":{\"@id\":\"https:\\\/\\\/www.strassenweb.de\\\/nachrichten\\\/#\\\/schema\\\/logo\\\/image\\\/\"},\"sameAs\":[\"https:\\\/\\\/www.facebook.com\\\/strassenweb\\\/\"]},{\"@type\":\"Person\",\"@id\":\"https:\\\/\\\/www.strassenweb.de\\\/nachrichten\\\/#\\\/schema\\\/person\\\/87c9c9067f1211da429a744dc5a5aa41\",\"name\":\"Robert Hoffmann\",\"image\":{\"@type\":\"ImageObject\",\"inLanguage\":\"de\",\"@id\":\"https:\\\/\\\/www.strassenweb.de\\\/nachrichten\\\/wp-content\\\/uploads\\\/2024\\\/09\\\/strassenweb-150x150.jpg\",\"url\":\"https:\\\/\\\/www.strassenweb.de\\\/nachrichten\\\/wp-content\\\/uploads\\\/2024\\\/09\\\/strassenweb-150x150.jpg\",\"contentUrl\":\"https:\\\/\\\/www.strassenweb.de\\\/nachrichten\\\/wp-content\\\/uploads\\\/2024\\\/09\\\/strassenweb-150x150.jpg\",\"caption\":\"Robert Hoffmann\"},\"description\":\"Ich hei\u00dfe Robert Hoffmann und ich bin ein leidenschaftlicher Verfechter von \u00d6kologie und Biodiversit\u00e4t. Seit meiner Kindheit in den W\u00e4ldern Bayerns f\u00fchle ich mich mit der Natur verbunden und bin entschlossen, sie zu sch\u00fctzen. Heute widme ich mein Leben der Sensibilisierung anderer f\u00fcr die Bedeutung des Umweltschutzes f\u00fcr zuk\u00fcnftige Generationen.\",\"sameAs\":[\"https:\\\/\\\/www.strassenweb.de\\\/\"]}]}<\/script>\n<!-- \/ Yoast SEO plugin. -->","yoast_head_json":{"title":"5 Dinge, die mit Hortensien im Herbst zu tun haben - und die 2 Dinge, die Sie absolut nie tun m\u00fcssen - Nachrichten - Stra\u00dfenweb","robots":{"index":"index","follow":"follow","max-snippet":"max-snippet:-1","max-image-preview":"max-image-preview:large","max-video-preview":"max-video-preview:-1"},"canonical":"https:\/\/www.strassenweb.de\/nachrichten\/5-dinge-die-mit-hortensien-im-herbst-zu-tun-haben-und-die-2-dinge-die-sie-absolut-nie-tun-muessen\/","og_locale":"de_DE","og_type":"article","og_title":"5 Dinge, die mit Hortensien im Herbst zu tun haben - und die 2 Dinge, die Sie absolut nie tun m\u00fcssen - Nachrichten - Stra\u00dfenweb","og_description":"Wenn die lebendigen Bl\u00fcten des Sommers zu verblassen beginnen, werden Hortensien eine atemberaubende Ver\u00e4nderung durchlaufen. Sorten wie Hortensie Paniculata &#8218;Rampenlicht&#8216; von frischem Kalk und Creme","og_url":"https:\/\/www.strassenweb.de\/nachrichten\/5-dinge-die-mit-hortensien-im-herbst-zu-tun-haben-und-die-2-dinge-die-sie-absolut-nie-tun-muessen\/","og_site_name":"Stra\u00dfenweb","article_publisher":"https:\/\/www.facebook.com\/strassenweb\/","article_published_time":"2025-09-24T20:40:10+00:00","article_modified_time":"2025-09-24T20:40:11+00:00","og_image":[{"width":1600,"height":900,"url":"https:\/\/www.strassenweb.de\/nachrichten\/wp-content\/uploads\/2025\/09\/5-Dinge-die-mit-Hortensien-im-Herbst-zu-tun-haben.jpg","type":"image\/jpeg"}],"author":"Robert Hoffmann","twitter_card":"summary_large_image","twitter_misc":{"Verfasst von":"Robert Hoffmann","Gesch\u00e4tzte Lesezeit":"5\u00a0Minuten"},"schema":{"@context":"https:\/\/schema.org","@graph":[{"@type":"Article","@id":"https:\/\/www.strassenweb.de\/nachrichten\/5-dinge-die-mit-hortensien-im-herbst-zu-tun-haben-und-die-2-dinge-die-sie-absolut-nie-tun-muessen\/#article","isPartOf":{"@id":"https:\/\/www.strassenweb.de\/nachrichten\/5-dinge-die-mit-hortensien-im-herbst-zu-tun-haben-und-die-2-dinge-die-sie-absolut-nie-tun-muessen\/"},"author":{"name":"Robert Hoffmann","@id":"https:\/\/www.strassenweb.de\/nachrichten\/#\/schema\/person\/87c9c9067f1211da429a744dc5a5aa41"},"headline":"5 Dinge, die mit Hortensien im Herbst zu tun haben &#8211; und die 2 Dinge, die Sie absolut nie tun m\u00fcssen","datePublished":"2025-09-24T20:40:10+00:00","dateModified":"2025-09-24T20:40:11+00:00","mainEntityOfPage":{"@id":"https:\/\/www.strassenweb.de\/nachrichten\/5-dinge-die-mit-hortensien-im-herbst-zu-tun-haben-und-die-2-dinge-die-sie-absolut-nie-tun-muessen\/"},"wordCount":1115,"publisher":{"@id":"https:\/\/www.strassenweb.de\/nachrichten\/#organization"},"image":{"@id":"https:\/\/www.strassenweb.de\/nachrichten\/5-dinge-die-mit-hortensien-im-herbst-zu-tun-haben-und-die-2-dinge-die-sie-absolut-nie-tun-muessen\/#primaryimage"},"thumbnailUrl":"https:\/\/www.strassenweb.de\/nachrichten\/wp-content\/uploads\/2025\/09\/5-Dinge-die-mit-Hortensien-im-Herbst-zu-tun-haben.jpg","keywords":["absolut","die","Dinge","haben","Herbst","Hortensien","mit","m\u00fcssen","nie","Sie","tun","und"],"articleSection":["Haus &amp; Garten"],"inLanguage":"de"},{"@type":"WebPage","@id":"https:\/\/www.strassenweb.de\/nachrichten\/5-dinge-die-mit-hortensien-im-herbst-zu-tun-haben-und-die-2-dinge-die-sie-absolut-nie-tun-muessen\/","url":"https:\/\/www.strassenweb.de\/nachrichten\/5-dinge-die-mit-hortensien-im-herbst-zu-tun-haben-und-die-2-dinge-die-sie-absolut-nie-tun-muessen\/","name":"5 Dinge, die mit Hortensien im Herbst zu tun haben - und die 2 Dinge, die Sie absolut nie tun m\u00fcssen - Nachrichten - Stra\u00dfenweb","isPartOf":{"@id":"https:\/\/www.strassenweb.de\/nachrichten\/#website"},"primaryImageOfPage":{"@id":"https:\/\/www.strassenweb.de\/nachrichten\/5-dinge-die-mit-hortensien-im-herbst-zu-tun-haben-und-die-2-dinge-die-sie-absolut-nie-tun-muessen\/#primaryimage"},"image":{"@id":"https:\/\/www.strassenweb.de\/nachrichten\/5-dinge-die-mit-hortensien-im-herbst-zu-tun-haben-und-die-2-dinge-die-sie-absolut-nie-tun-muessen\/#primaryimage"},"thumbnailUrl":"https:\/\/www.strassenweb.de\/nachrichten\/wp-content\/uploads\/2025\/09\/5-Dinge-die-mit-Hortensien-im-Herbst-zu-tun-haben.jpg","datePublished":"2025-09-24T20:40:10+00:00","dateModified":"2025-09-24T20:40:11+00:00","breadcrumb":{"@id":"https:\/\/www.strassenweb.de\/nachrichten\/5-dinge-die-mit-hortensien-im-herbst-zu-tun-haben-und-die-2-dinge-die-sie-absolut-nie-tun-muessen\/#breadcrumb"},"inLanguage":"de","potentialAction":[{"@type":"ReadAction","target":["https:\/\/www.strassenweb.de\/nachrichten\/5-dinge-die-mit-hortensien-im-herbst-zu-tun-haben-und-die-2-dinge-die-sie-absolut-nie-tun-muessen\/"]}]},{"@type":"ImageObject","inLanguage":"de","@id":"https:\/\/www.strassenweb.de\/nachrichten\/5-dinge-die-mit-hortensien-im-herbst-zu-tun-haben-und-die-2-dinge-die-sie-absolut-nie-tun-muessen\/#primaryimage","url":"https:\/\/www.strassenweb.de\/nachrichten\/wp-content\/uploads\/2025\/09\/5-Dinge-die-mit-Hortensien-im-Herbst-zu-tun-haben.jpg","contentUrl":"https:\/\/www.strassenweb.de\/nachrichten\/wp-content\/uploads\/2025\/09\/5-Dinge-die-mit-Hortensien-im-Herbst-zu-tun-haben.jpg","width":1600,"height":900,"caption":"Woman in garden shed holding a cut hydrangea stem"},{"@type":"BreadcrumbList","@id":"https:\/\/www.strassenweb.de\/nachrichten\/5-dinge-die-mit-hortensien-im-herbst-zu-tun-haben-und-die-2-dinge-die-sie-absolut-nie-tun-muessen\/#breadcrumb","itemListElement":[{"@type":"ListItem","position":1,"name":"Home","item":"https:\/\/www.strassenweb.de\/nachrichten\/"},{"@type":"ListItem","position":2,"name":"5 Dinge, die mit Hortensien im Herbst zu tun haben &#8211; und die 2 Dinge, die Sie absolut nie tun m\u00fcssen"}]},{"@type":"WebSite","@id":"https:\/\/www.strassenweb.de\/nachrichten\/#website","url":"https:\/\/www.strassenweb.de\/nachrichten\/","name":"Stra\u00dfenweb","description":"Stra\u00dfenverzeichnis f\u00fcr Deutschland","publisher":{"@id":"https:\/\/www.strassenweb.de\/nachrichten\/#organization"},"potentialAction":[{"@type":"SearchAction","target":{"@type":"EntryPoint","urlTemplate":"https:\/\/www.strassenweb.de\/nachrichten\/?s={search_term_string}"},"query-input":{"@type":"PropertyValueSpecification","valueRequired":true,"valueName":"search_term_string"}}],"inLanguage":"de"},{"@type":"Organization","@id":"https:\/\/www.strassenweb.de\/nachrichten\/#organization","name":"Stra\u00dfenweb","url":"https:\/\/www.strassenweb.de\/nachrichten\/","logo":{"@type":"ImageObject","inLanguage":"de","@id":"https:\/\/www.strassenweb.de\/nachrichten\/#\/schema\/logo\/image\/","url":"https:\/\/www.strassenweb.de\/nachrichten\/wp-content\/uploads\/2024\/09\/cropped-favicon.png","contentUrl":"https:\/\/www.strassenweb.de\/nachrichten\/wp-content\/uploads\/2024\/09\/cropped-favicon.png","width":512,"height":512,"caption":"Stra\u00dfenweb"},"image":{"@id":"https:\/\/www.strassenweb.de\/nachrichten\/#\/schema\/logo\/image\/"},"sameAs":["https:\/\/www.facebook.com\/strassenweb\/"]},{"@type":"Person","@id":"https:\/\/www.strassenweb.de\/nachrichten\/#\/schema\/person\/87c9c9067f1211da429a744dc5a5aa41","name":"Robert Hoffmann","image":{"@type":"ImageObject","inLanguage":"de","@id":"https:\/\/www.strassenweb.de\/nachrichten\/wp-content\/uploads\/2024\/09\/strassenweb-150x150.jpg","url":"https:\/\/www.strassenweb.de\/nachrichten\/wp-content\/uploads\/2024\/09\/strassenweb-150x150.jpg","contentUrl":"https:\/\/www.strassenweb.de\/nachrichten\/wp-content\/uploads\/2024\/09\/strassenweb-150x150.jpg","caption":"Robert Hoffmann"},"description":"Ich hei\u00dfe Robert Hoffmann und ich bin ein leidenschaftlicher Verfechter von \u00d6kologie und Biodiversit\u00e4t. Seit meiner Kindheit in den W\u00e4ldern Bayerns f\u00fchle ich mich mit der Natur verbunden und bin entschlossen, sie zu sch\u00fctzen. Heute widme ich mein Leben der Sensibilisierung anderer f\u00fcr die Bedeutung des Umweltschutzes f\u00fcr zuk\u00fcnftige Generationen.","sameAs":["https:\/\/www.strassenweb.de\/"]}]}},"_links":{"self":[{"href":"https:\/\/www.strassenweb.de\/nachrichten\/wp-json\/wp\/v2\/posts\/7967","targetHints":{"allow":["GET"]}}],"collection":[{"href":"https:\/\/www.strassenweb.de\/nachrichten\/wp-json\/wp\/v2\/posts"}],"about":[{"href":"https:\/\/www.strassenweb.de\/nachrichten\/wp-json\/wp\/v2\/types\/post"}],"author":[{"embeddable":true,"href":"https:\/\/www.strassenweb.de\/nachrichten\/wp-json\/wp\/v2\/users\/1"}],"replies":[{"embeddable":true,"href":"https:\/\/www.strassenweb.de\/nachrichten\/wp-json\/wp\/v2\/comments?post=7967"}],"version-history":[{"count":0,"href":"https:\/\/www.strassenweb.de\/nachrichten\/wp-json\/wp\/v2\/posts\/7967\/revisions"}],"wp:featuredmedia":[{"embeddable":true,"href":"https:\/\/www.strassenweb.de\/nachrichten\/wp-json\/wp\/v2\/media\/7968"}],"wp:attachment":[{"href":"https:\/\/www.strassenweb.de\/nachrichten\/wp-json\/wp\/v2\/media?parent=7967"}],"wp:term":[{"taxonomy":"category","embeddable":true,"href":"https:\/\/www.strassenweb.de\/nachrichten\/wp-json\/wp\/v2\/categories?post=7967"},{"taxonomy":"post_tag","embeddable":true,"href":"https:\/\/www.strassenweb.de\/nachrichten\/wp-json\/wp\/v2\/tags?post=7967"}],"curies":[{"name":"wp","href":"https:\/\/api.w.org\/{rel}","templated":true}]}}