{"id":7953,"date":"2025-09-24T07:46:10","date_gmt":"2025-09-24T05:46:10","guid":{"rendered":"https:\/\/www.strassenweb.de\/nachrichten\/wo-koennen-sie-bewegungssensor-leuchten-in-ihr-zuhause-einstellen-um-ihre-energierechnungen-zu-reduzieren-wenn-laengere-naechte-anziehen\/"},"modified":"2025-09-24T07:46:11","modified_gmt":"2025-09-24T05:46:11","slug":"wo-koennen-sie-bewegungssensor-leuchten-in-ihr-zuhause-einstellen-um-ihre-energierechnungen-zu-reduzieren-wenn-laengere-naechte-anziehen","status":"publish","type":"post","link":"https:\/\/www.strassenweb.de\/nachrichten\/wo-koennen-sie-bewegungssensor-leuchten-in-ihr-zuhause-einstellen-um-ihre-energierechnungen-zu-reduzieren-wenn-laengere-naechte-anziehen\/","title":{"rendered":"Wo k\u00f6nnen Sie Bewegungssensor -Leuchten in Ihr Zuhause einstellen, um Ihre Energierechnungen zu reduzieren, wenn l\u00e4ngere N\u00e4chte anziehen"},"content":{"rendered":"<p><\/p>\n<div id=\"article-body\" class=\"article__body \">\n<p id=\"8f9325b9-050c-4e16-9ba1-f086a0a28cc5\">Wenn die N\u00e4chte im fr\u00fchen Herbst l\u00e4nger wachsen, bin ich mir immer sehr bewusst, wie viel mehr ich mich auf die Innenbeleuchtung verlassen kann. Diese zus\u00e4tzlichen Stunden der Helligkeit k\u00f6nnen leise Energiekosten erh\u00f6hen, insbesondere wenn Lichter in leeren R\u00e4umen eingeschaltet sind.<\/p>\n<div id=\"ad-unit-1\" class=\"ad-unit\"><\/div>\n<p>Eine der besten Korrekturen, die ich gefunden habe? Bewegungssensorleuchten. Sie verhindern nicht nur verschwendete Energie, sondern haben auch mein Zuhause sicherer gemacht.<\/p>\n<aside data-block-type=\"embed\" data-render-type=\"fte\" data-skip=\"dealsy\" data-widget-type=\"seasonal\" class=\"hawk-base\"><\/aside>\n<p id=\"8f9325b9-050c-4e16-9ba1-f086a0a28cc5-2\">Wenn Sie nach einer einfachen M\u00f6glichkeit suchen, Energiekosten zu senken und die Effizienz zu steigern, k\u00f6nnen Sie hier Bewegungssensor -Leuchten in Ihr Haus einf\u00fcgen.<\/p>\n<div class=\"van_vid_carousel\">\n<div class=\"van_vid_carousel__padding\">\n<div class=\"van_vid_carousel__container\"><\/div>\n<\/div>\n<\/div>\n<h2 id=\"where-to-put-motion-sensor-lights-to-reduce-your-energy-bills-3\">Wo k\u00f6nnen Sie Bewegungssensor -Lichter einstellen, um Ihre Energierechnungen zu reduzieren<\/h2>\n<div class=\"product-container horizontal-product-container\">\n<div class=\"product-block-row\"><\/div>\n<\/div>\n<p id=\"3900bbbd-ffa6-4f6a-b430-a8b04e8cc129\">Obwohl die Beleuchtungsideen nicht wirklich auf meinem Radar waren, um im Herbst und Winter Geld zu Hause Geld zu sparen, wies James Harrison von der Electrician Funct Fusion Electrical darauf hin, dass kleine Anpassungen im Laufe eines Jahres einen \u00fcberraschenden Unterschied machen k\u00f6nnen, und dies beinhaltet die Beleuchtung.<\/p>\n<div id=\"ad-unit-2\" class=\"ad-unit\"><\/div>\n<p>&#8222;Einige davon kosten nur sehr wenig, aber Sie k\u00f6nnten Ihnen jeden Monat Geld sparen&#8220;, sagt er. \u201eEinen Bewegungssensor zu installieren bedeutet, dass Ihre Lichter nur dann angezeigt werden, wenn sich jemand im Raum befindet.<\/p>\n<p>&#8222;Es vermeidet verschwendete Energie, wenn ein Schalter eingeschaltet wurde und die Notwendigkeit beseitigt, sich daran zu erinnern, sie auszuschalten.&#8220;<\/p>\n<div class=\"min-h-(270px) mb-4 viafoura-twig-component\" id=\"viafoura-engagement-starter-wrapper\" data-component-name=\"Elk:Embed:EngagementStarter\">\n<div class=\"viafoura\">\n<div>\n<vf-conversation-starter target=\"viafoura-comments\" title=\"Honesty hour!\" description=\"Are you prone to leaving your lights switched on all evening by accident?\" minimum-comment-count=\"5\"><br \/>\n<\/vf-conversation-starter>\n<\/div>\n<\/div>\n<\/div>\n<p id=\"4ca500b1-e4db-41ea-be2a-b64a589ef449\">Das Auffinden von Bewegungssensor-Gl\u00fchbirnen in den Bereichen mit hohem Handel eines Hauses, in denen Sie st\u00e4ndig in die Bereiche und aus dem Weg gehen, k\u00f6nnen dazu beitragen, die Energiekosten zu senken.<\/p>\n<div id=\"slice-container-newsletterForm-articleInbodyContent-zAz5Fqaz4HPbyy3Y7WYZvK\" class=\"slice-container newsletter-inbodyContent-slice newsletterForm-articleInbodyContent-zAz5Fqaz4HPbyy3Y7WYZvK slice-container-newsletterForm\"><\/div>\n<p>Dies gilt insbesondere dann, wenn Sie wie ich sind. Ich bin besonders anf\u00e4llig zu vergessen, einen Schalter auf den Weg aus einem Raum zu treffen, oder ich habe oft meine H\u00e4nde voll und weigert mich, zwei Reisen in oder aus einem Raum herauszufinden.<\/p>\n<p>Der Kopf von gel\u00f6st, Puntea van Terheyden f\u00fcgt hinzu: \u201eIch gehe oft nach oben und stelle fest, dass meine Tochter den Flur, das Bad oder ihr Schlafzimmer stundenlang beleuchtet hat, obwohl ich keine dieser R\u00e4ume benutzte. Bewegungssensorbeleuchtung w\u00e4re eine gute und einfache L\u00f6sung daf\u00fcr. &#8218;<\/p>\n<p>Infolgedessen bleiben die Lichter an, wenn sie nicht in ein Timer -System wie mein gesch\u00e4tztes Phillips Hue Smart -Lampen -Starter -Kit von Amazon ausgestattet sind und meine Lichter zu einem der Vampir -Ger\u00e4te machen, die mich heimlich Geld kosten.<\/p>\n<figure class=\"van-image-figure inline-layout \" data-bordeaux-image-check id=\"057cfa89-eb8c-4020-b113-29a3949c3a32\">\n<div class=\"image-full-width-wrapper\">\n<div class=\"image-widthsetter\" style=\"max-width:2000px;\"><\/div>\n<\/div><figcaption class=\"inline-layout \">\n<div class=\"caption-text\">\n<p>Ich finde Bewegungssensor -Leuchten besonders n\u00fctzlich auf meiner Treppe, um Rutsch und Reisen zu vermeiden. <\/p>\n<\/div>\n<\/figcaption><\/figure>\n<p id=\"beb0f22e-da70-4f2e-a651-b6bd085b2152\">In meiner Zeit zu Hause, in der mehrere R\u00e4ume kein nat\u00fcrliches Licht haben, haben Bewegungssensor -Lampen auch den zus\u00e4tzlichen Vorteil, dass sie nicht nur die Funktionalit\u00e4t verbessern, sondern mir auch helfen, sicher zu bleiben.<\/p>\n<p>Das Bewegungslicht auf meiner Treppe zum Beispiel hat mich davon abgehalten, die Treppe bei einer bestimmten Gelegenheit hinunterzust\u00fcrzen (normalerweise, weil ich etwas auf die Treppe gelegt habe, um wegzulegen und es vergessen zu haben).<\/p>\n<p>In \u00e4hnlicher Weise helfen mir meine Ideen f\u00fcr Bewegungssensor-Eingangsbeleuchtung, das Haus jeden Abend einzusperren, ohne den Schl\u00fcssel wieder falsch zu jagen (ja, dies ist einmal passiert, und mein Vermieter war weniger als begeistert).<\/p>\n<h2 class=\"article-body__section\" id=\"section-what-to-shop\"><span>Was einkaufen<\/span><\/h2>\n<p id=\"454ba269-ad95-4b6b-aec8-4f64645e90a0\">Beim Einkauf f\u00fcr Bewegungssensor -Gl\u00fchbirnen, um Geld zu sparen, r\u00e4t James: \u201eW\u00e4hlen Sie immer Produkte in den Top -Effizienzklassen aus und stellen Sie sicher, dass Ihre elektrischen Installationen in sicherer Reihenfolge sind.<\/p>\n<p>\u201eWenn Sie ein Problem vermuten, lassen Sie es einen Elektriker \u00fcberpr\u00fcfen. Geld sparen sollte niemals auf Kosten der Sicherheit kommen. &#8218;<\/p>\n<div class=\"product-container hero-product-container product-block-no-wrap\">\n<div class=\"product-block-row\"><\/div>\n<div class=\"product-block-row\"><\/div>\n<div class=\"product-block-row\"><\/div>\n<div class=\"product-block-row\"><\/div>\n<div class=\"product-block-row\"><\/div>\n<div class=\"product-block-row\"><\/div>\n<\/div>\n<h2 class=\"article-body__section\" id=\"section-faqs\"><span>FAQs<\/span><\/h2>\n<h3 class=\"article-body__section\" id=\"section-can-you-put-a-motion-sensor-bulb-in-a-regular-socket\"><span>K\u00f6nnen Sie eine Bewegungssensorbirne in eine regul\u00e4re Steckdose legen?<\/span><\/h3>\n<p id=\"844f79aa-1f8a-489c-9d20-b19cce53be5a\">Bewegungssensor -Gl\u00fchbirnen sind so konzipiert, dass sie in Ihre \u00fcblichen Leuchte -Anpassungen einstellen, ohne dass elektrische Einstellungen erforderlich sind. Ersetzen Sie einfach die Gl\u00fchbirne und schalten Sie sie an der Wand ein (lassen Sie sie eingeschaltet).<\/p>\n<hr id=\"e56b115e-3ce3-4542-a4a8-f2ce977710c5\">\n<p id=\"cbf0a78f-2d5c-41ec-a7c2-21bf8f089e11\">Es sind nicht nur Ihre Gl\u00fchbirnen, die Ihre Gelder entleeren. Es gibt einen g\u00e4ngigen Ger\u00e4tefehler, der Ihre Energierechnungen jedes Jahr zu 100 US -Dollar hinzuf\u00fcgen k\u00f6nnte, die so schnell wie m\u00f6glich angegangen werden m\u00fcssen.<\/p>\n<\/div>\n","protected":false},"excerpt":{"rendered":"<p>Wenn die N\u00e4chte im fr\u00fchen Herbst l\u00e4nger wachsen, bin ich mir immer sehr bewusst, wie viel mehr ich mich auf die Innenbeleuchtung verlassen kann. Diese<\/p>\n","protected":false},"author":1,"featured_media":6477,"comment_status":"closed","ping_status":"","sticky":false,"template":"","format":"standard","meta":{"footnotes":""},"categories":[118],"tags":[8531,10344,10345,3856,170,225,689,5115,6956,10346,473,165,1076,171],"class_list":["post-7953","post","type-post","status-publish","format-standard","has-post-thumbnail","hentry","category-haus-garten","tag-anziehen","tag-bewegungssensor","tag-einstellen","tag-energierechnungen","tag-ihr","tag-ihre","tag-koennen","tag-laengere","tag-leuchten","tag-naechte","tag-reduzieren","tag-sie","tag-wenn","tag-zuhause","generate-columns","tablet-grid-50","mobile-grid-100","grid-parent","grid-50"],"yoast_head":"<!-- This site is optimized with the Yoast SEO plugin v27.3 - https:\/\/yoast.com\/product\/yoast-seo-wordpress\/ -->\n<title>Wo k\u00f6nnen Sie Bewegungssensor -Leuchten in Ihr Zuhause einstellen, um Ihre Energierechnungen zu reduzieren, wenn l\u00e4ngere N\u00e4chte anziehen - Nachrichten - Stra\u00dfenweb<\/title>\n<meta name=\"robots\" content=\"index, follow, max-snippet:-1, max-image-preview:large, max-video-preview:-1\" \/>\n<link rel=\"canonical\" href=\"https:\/\/www.strassenweb.de\/nachrichten\/wo-koennen-sie-bewegungssensor-leuchten-in-ihr-zuhause-einstellen-um-ihre-energierechnungen-zu-reduzieren-wenn-laengere-naechte-anziehen\/\" \/>\n<meta property=\"og:locale\" content=\"de_DE\" \/>\n<meta property=\"og:type\" content=\"article\" \/>\n<meta property=\"og:title\" content=\"Wo k\u00f6nnen Sie Bewegungssensor -Leuchten in Ihr Zuhause einstellen, um Ihre Energierechnungen zu reduzieren, wenn l\u00e4ngere N\u00e4chte anziehen - Nachrichten - Stra\u00dfenweb\" \/>\n<meta property=\"og:description\" content=\"Wenn die N\u00e4chte im fr\u00fchen Herbst l\u00e4nger wachsen, bin ich mir immer sehr bewusst, wie viel mehr ich mich auf die Innenbeleuchtung verlassen kann. Diese\" \/>\n<meta property=\"og:url\" content=\"https:\/\/www.strassenweb.de\/nachrichten\/wo-koennen-sie-bewegungssensor-leuchten-in-ihr-zuhause-einstellen-um-ihre-energierechnungen-zu-reduzieren-wenn-laengere-naechte-anziehen\/\" \/>\n<meta property=\"og:site_name\" content=\"Stra\u00dfenweb\" \/>\n<meta property=\"article:publisher\" content=\"https:\/\/www.facebook.com\/strassenweb\/\" \/>\n<meta property=\"article:published_time\" content=\"2025-09-24T05:46:10+00:00\" \/>\n<meta property=\"article:modified_time\" content=\"2025-09-24T05:46:11+00:00\" \/>\n<meta property=\"og:image\" content=\"https:\/\/www.strassenweb.de\/nachrichten\/wp-content\/uploads\/2025\/07\/4-Dinge-die-ich-in-meinen-Zwanzigern-ruecksichtslos-entlassen-habe.jpg\" \/>\n\t<meta property=\"og:image:width\" content=\"1600\" \/>\n\t<meta property=\"og:image:height\" content=\"900\" \/>\n\t<meta property=\"og:image:type\" content=\"image\/jpeg\" \/>\n<meta name=\"author\" content=\"Robert Hoffmann\" \/>\n<meta name=\"twitter:card\" content=\"summary_large_image\" \/>\n<meta name=\"twitter:label1\" content=\"Verfasst von\" \/>\n\t<meta name=\"twitter:data1\" content=\"Robert Hoffmann\" \/>\n\t<meta name=\"twitter:label2\" content=\"Gesch\u00e4tzte Lesezeit\" \/>\n\t<meta name=\"twitter:data2\" content=\"3\u00a0Minuten\" \/>\n<script type=\"application\/ld+json\" class=\"yoast-schema-graph\">{\"@context\":\"https:\\\/\\\/schema.org\",\"@graph\":[{\"@type\":\"Article\",\"@id\":\"https:\\\/\\\/www.strassenweb.de\\\/nachrichten\\\/wo-koennen-sie-bewegungssensor-leuchten-in-ihr-zuhause-einstellen-um-ihre-energierechnungen-zu-reduzieren-wenn-laengere-naechte-anziehen\\\/#article\",\"isPartOf\":{\"@id\":\"https:\\\/\\\/www.strassenweb.de\\\/nachrichten\\\/wo-koennen-sie-bewegungssensor-leuchten-in-ihr-zuhause-einstellen-um-ihre-energierechnungen-zu-reduzieren-wenn-laengere-naechte-anziehen\\\/\"},\"author\":{\"name\":\"Robert Hoffmann\",\"@id\":\"https:\\\/\\\/www.strassenweb.de\\\/nachrichten\\\/#\\\/schema\\\/person\\\/87c9c9067f1211da429a744dc5a5aa41\"},\"headline\":\"Wo k\u00f6nnen Sie Bewegungssensor -Leuchten in Ihr Zuhause einstellen, um Ihre Energierechnungen zu reduzieren, wenn l\u00e4ngere N\u00e4chte anziehen\",\"datePublished\":\"2025-09-24T05:46:10+00:00\",\"dateModified\":\"2025-09-24T05:46:11+00:00\",\"mainEntityOfPage\":{\"@id\":\"https:\\\/\\\/www.strassenweb.de\\\/nachrichten\\\/wo-koennen-sie-bewegungssensor-leuchten-in-ihr-zuhause-einstellen-um-ihre-energierechnungen-zu-reduzieren-wenn-laengere-naechte-anziehen\\\/\"},\"wordCount\":676,\"publisher\":{\"@id\":\"https:\\\/\\\/www.strassenweb.de\\\/nachrichten\\\/#organization\"},\"image\":{\"@id\":\"https:\\\/\\\/www.strassenweb.de\\\/nachrichten\\\/wo-koennen-sie-bewegungssensor-leuchten-in-ihr-zuhause-einstellen-um-ihre-energierechnungen-zu-reduzieren-wenn-laengere-naechte-anziehen\\\/#primaryimage\"},\"thumbnailUrl\":\"https:\\\/\\\/www.strassenweb.de\\\/nachrichten\\\/wp-content\\\/uploads\\\/2025\\\/07\\\/4-Dinge-die-ich-in-meinen-Zwanzigern-ruecksichtslos-entlassen-habe.jpg\",\"keywords\":[\"anziehen\",\"Bewegungssensor\",\"einstellen\",\"Energierechnungen\",\"Ihr\",\"ihre\",\"k\u00f6nnen\",\"l\u00e4ngere\",\"leuchten\",\"N\u00e4chte\",\"reduzieren\",\"Sie\",\"wenn\",\"Zuhause\"],\"articleSection\":[\"Haus &amp; Garten\"],\"inLanguage\":\"de\"},{\"@type\":\"WebPage\",\"@id\":\"https:\\\/\\\/www.strassenweb.de\\\/nachrichten\\\/wo-koennen-sie-bewegungssensor-leuchten-in-ihr-zuhause-einstellen-um-ihre-energierechnungen-zu-reduzieren-wenn-laengere-naechte-anziehen\\\/\",\"url\":\"https:\\\/\\\/www.strassenweb.de\\\/nachrichten\\\/wo-koennen-sie-bewegungssensor-leuchten-in-ihr-zuhause-einstellen-um-ihre-energierechnungen-zu-reduzieren-wenn-laengere-naechte-anziehen\\\/\",\"name\":\"Wo k\u00f6nnen Sie Bewegungssensor -Leuchten in Ihr Zuhause einstellen, um Ihre Energierechnungen zu reduzieren, wenn l\u00e4ngere N\u00e4chte anziehen - Nachrichten - Stra\u00dfenweb\",\"isPartOf\":{\"@id\":\"https:\\\/\\\/www.strassenweb.de\\\/nachrichten\\\/#website\"},\"primaryImageOfPage\":{\"@id\":\"https:\\\/\\\/www.strassenweb.de\\\/nachrichten\\\/wo-koennen-sie-bewegungssensor-leuchten-in-ihr-zuhause-einstellen-um-ihre-energierechnungen-zu-reduzieren-wenn-laengere-naechte-anziehen\\\/#primaryimage\"},\"image\":{\"@id\":\"https:\\\/\\\/www.strassenweb.de\\\/nachrichten\\\/wo-koennen-sie-bewegungssensor-leuchten-in-ihr-zuhause-einstellen-um-ihre-energierechnungen-zu-reduzieren-wenn-laengere-naechte-anziehen\\\/#primaryimage\"},\"thumbnailUrl\":\"https:\\\/\\\/www.strassenweb.de\\\/nachrichten\\\/wp-content\\\/uploads\\\/2025\\\/07\\\/4-Dinge-die-ich-in-meinen-Zwanzigern-ruecksichtslos-entlassen-habe.jpg\",\"datePublished\":\"2025-09-24T05:46:10+00:00\",\"dateModified\":\"2025-09-24T05:46:11+00:00\",\"breadcrumb\":{\"@id\":\"https:\\\/\\\/www.strassenweb.de\\\/nachrichten\\\/wo-koennen-sie-bewegungssensor-leuchten-in-ihr-zuhause-einstellen-um-ihre-energierechnungen-zu-reduzieren-wenn-laengere-naechte-anziehen\\\/#breadcrumb\"},\"inLanguage\":\"de\",\"potentialAction\":[{\"@type\":\"ReadAction\",\"target\":[\"https:\\\/\\\/www.strassenweb.de\\\/nachrichten\\\/wo-koennen-sie-bewegungssensor-leuchten-in-ihr-zuhause-einstellen-um-ihre-energierechnungen-zu-reduzieren-wenn-laengere-naechte-anziehen\\\/\"]}]},{\"@type\":\"ImageObject\",\"inLanguage\":\"de\",\"@id\":\"https:\\\/\\\/www.strassenweb.de\\\/nachrichten\\\/wo-koennen-sie-bewegungssensor-leuchten-in-ihr-zuhause-einstellen-um-ihre-energierechnungen-zu-reduzieren-wenn-laengere-naechte-anziehen\\\/#primaryimage\",\"url\":\"https:\\\/\\\/www.strassenweb.de\\\/nachrichten\\\/wp-content\\\/uploads\\\/2025\\\/07\\\/4-Dinge-die-ich-in-meinen-Zwanzigern-ruecksichtslos-entlassen-habe.jpg\",\"contentUrl\":\"https:\\\/\\\/www.strassenweb.de\\\/nachrichten\\\/wp-content\\\/uploads\\\/2025\\\/07\\\/4-Dinge-die-ich-in-meinen-Zwanzigern-ruecksichtslos-entlassen-habe.jpg\",\"width\":1600,\"height\":900,\"caption\":\"A green living toom, with a cream two-seater sofa, a green sofa opposite it, and a leather-topped coffee table in the center of them.\"},{\"@type\":\"BreadcrumbList\",\"@id\":\"https:\\\/\\\/www.strassenweb.de\\\/nachrichten\\\/wo-koennen-sie-bewegungssensor-leuchten-in-ihr-zuhause-einstellen-um-ihre-energierechnungen-zu-reduzieren-wenn-laengere-naechte-anziehen\\\/#breadcrumb\",\"itemListElement\":[{\"@type\":\"ListItem\",\"position\":1,\"name\":\"Home\",\"item\":\"https:\\\/\\\/www.strassenweb.de\\\/nachrichten\\\/\"},{\"@type\":\"ListItem\",\"position\":2,\"name\":\"Wo k\u00f6nnen Sie Bewegungssensor -Leuchten in Ihr Zuhause einstellen, um Ihre Energierechnungen zu reduzieren, wenn l\u00e4ngere N\u00e4chte anziehen\"}]},{\"@type\":\"WebSite\",\"@id\":\"https:\\\/\\\/www.strassenweb.de\\\/nachrichten\\\/#website\",\"url\":\"https:\\\/\\\/www.strassenweb.de\\\/nachrichten\\\/\",\"name\":\"Stra\u00dfenweb\",\"description\":\"Stra\u00dfenverzeichnis f\u00fcr Deutschland\",\"publisher\":{\"@id\":\"https:\\\/\\\/www.strassenweb.de\\\/nachrichten\\\/#organization\"},\"potentialAction\":[{\"@type\":\"SearchAction\",\"target\":{\"@type\":\"EntryPoint\",\"urlTemplate\":\"https:\\\/\\\/www.strassenweb.de\\\/nachrichten\\\/?s={search_term_string}\"},\"query-input\":{\"@type\":\"PropertyValueSpecification\",\"valueRequired\":true,\"valueName\":\"search_term_string\"}}],\"inLanguage\":\"de\"},{\"@type\":\"Organization\",\"@id\":\"https:\\\/\\\/www.strassenweb.de\\\/nachrichten\\\/#organization\",\"name\":\"Stra\u00dfenweb\",\"url\":\"https:\\\/\\\/www.strassenweb.de\\\/nachrichten\\\/\",\"logo\":{\"@type\":\"ImageObject\",\"inLanguage\":\"de\",\"@id\":\"https:\\\/\\\/www.strassenweb.de\\\/nachrichten\\\/#\\\/schema\\\/logo\\\/image\\\/\",\"url\":\"https:\\\/\\\/www.strassenweb.de\\\/nachrichten\\\/wp-content\\\/uploads\\\/2024\\\/09\\\/cropped-favicon.png\",\"contentUrl\":\"https:\\\/\\\/www.strassenweb.de\\\/nachrichten\\\/wp-content\\\/uploads\\\/2024\\\/09\\\/cropped-favicon.png\",\"width\":512,\"height\":512,\"caption\":\"Stra\u00dfenweb\"},\"image\":{\"@id\":\"https:\\\/\\\/www.strassenweb.de\\\/nachrichten\\\/#\\\/schema\\\/logo\\\/image\\\/\"},\"sameAs\":[\"https:\\\/\\\/www.facebook.com\\\/strassenweb\\\/\"]},{\"@type\":\"Person\",\"@id\":\"https:\\\/\\\/www.strassenweb.de\\\/nachrichten\\\/#\\\/schema\\\/person\\\/87c9c9067f1211da429a744dc5a5aa41\",\"name\":\"Robert Hoffmann\",\"image\":{\"@type\":\"ImageObject\",\"inLanguage\":\"de\",\"@id\":\"https:\\\/\\\/www.strassenweb.de\\\/nachrichten\\\/wp-content\\\/uploads\\\/2024\\\/09\\\/strassenweb-150x150.jpg\",\"url\":\"https:\\\/\\\/www.strassenweb.de\\\/nachrichten\\\/wp-content\\\/uploads\\\/2024\\\/09\\\/strassenweb-150x150.jpg\",\"contentUrl\":\"https:\\\/\\\/www.strassenweb.de\\\/nachrichten\\\/wp-content\\\/uploads\\\/2024\\\/09\\\/strassenweb-150x150.jpg\",\"caption\":\"Robert Hoffmann\"},\"description\":\"Ich hei\u00dfe Robert Hoffmann und ich bin ein leidenschaftlicher Verfechter von \u00d6kologie und Biodiversit\u00e4t. Seit meiner Kindheit in den W\u00e4ldern Bayerns f\u00fchle ich mich mit der Natur verbunden und bin entschlossen, sie zu sch\u00fctzen. Heute widme ich mein Leben der Sensibilisierung anderer f\u00fcr die Bedeutung des Umweltschutzes f\u00fcr zuk\u00fcnftige Generationen.\",\"sameAs\":[\"https:\\\/\\\/www.strassenweb.de\\\/\"]}]}<\/script>\n<!-- \/ Yoast SEO plugin. -->","yoast_head_json":{"title":"Wo k\u00f6nnen Sie Bewegungssensor -Leuchten in Ihr Zuhause einstellen, um Ihre Energierechnungen zu reduzieren, wenn l\u00e4ngere N\u00e4chte anziehen - Nachrichten - Stra\u00dfenweb","robots":{"index":"index","follow":"follow","max-snippet":"max-snippet:-1","max-image-preview":"max-image-preview:large","max-video-preview":"max-video-preview:-1"},"canonical":"https:\/\/www.strassenweb.de\/nachrichten\/wo-koennen-sie-bewegungssensor-leuchten-in-ihr-zuhause-einstellen-um-ihre-energierechnungen-zu-reduzieren-wenn-laengere-naechte-anziehen\/","og_locale":"de_DE","og_type":"article","og_title":"Wo k\u00f6nnen Sie Bewegungssensor -Leuchten in Ihr Zuhause einstellen, um Ihre Energierechnungen zu reduzieren, wenn l\u00e4ngere N\u00e4chte anziehen - Nachrichten - Stra\u00dfenweb","og_description":"Wenn die N\u00e4chte im fr\u00fchen Herbst l\u00e4nger wachsen, bin ich mir immer sehr bewusst, wie viel mehr ich mich auf die Innenbeleuchtung verlassen kann. Diese","og_url":"https:\/\/www.strassenweb.de\/nachrichten\/wo-koennen-sie-bewegungssensor-leuchten-in-ihr-zuhause-einstellen-um-ihre-energierechnungen-zu-reduzieren-wenn-laengere-naechte-anziehen\/","og_site_name":"Stra\u00dfenweb","article_publisher":"https:\/\/www.facebook.com\/strassenweb\/","article_published_time":"2025-09-24T05:46:10+00:00","article_modified_time":"2025-09-24T05:46:11+00:00","og_image":[{"width":1600,"height":900,"url":"https:\/\/www.strassenweb.de\/nachrichten\/wp-content\/uploads\/2025\/07\/4-Dinge-die-ich-in-meinen-Zwanzigern-ruecksichtslos-entlassen-habe.jpg","type":"image\/jpeg"}],"author":"Robert Hoffmann","twitter_card":"summary_large_image","twitter_misc":{"Verfasst von":"Robert Hoffmann","Gesch\u00e4tzte Lesezeit":"3\u00a0Minuten"},"schema":{"@context":"https:\/\/schema.org","@graph":[{"@type":"Article","@id":"https:\/\/www.strassenweb.de\/nachrichten\/wo-koennen-sie-bewegungssensor-leuchten-in-ihr-zuhause-einstellen-um-ihre-energierechnungen-zu-reduzieren-wenn-laengere-naechte-anziehen\/#article","isPartOf":{"@id":"https:\/\/www.strassenweb.de\/nachrichten\/wo-koennen-sie-bewegungssensor-leuchten-in-ihr-zuhause-einstellen-um-ihre-energierechnungen-zu-reduzieren-wenn-laengere-naechte-anziehen\/"},"author":{"name":"Robert Hoffmann","@id":"https:\/\/www.strassenweb.de\/nachrichten\/#\/schema\/person\/87c9c9067f1211da429a744dc5a5aa41"},"headline":"Wo k\u00f6nnen Sie Bewegungssensor -Leuchten in Ihr Zuhause einstellen, um Ihre Energierechnungen zu reduzieren, wenn l\u00e4ngere N\u00e4chte anziehen","datePublished":"2025-09-24T05:46:10+00:00","dateModified":"2025-09-24T05:46:11+00:00","mainEntityOfPage":{"@id":"https:\/\/www.strassenweb.de\/nachrichten\/wo-koennen-sie-bewegungssensor-leuchten-in-ihr-zuhause-einstellen-um-ihre-energierechnungen-zu-reduzieren-wenn-laengere-naechte-anziehen\/"},"wordCount":676,"publisher":{"@id":"https:\/\/www.strassenweb.de\/nachrichten\/#organization"},"image":{"@id":"https:\/\/www.strassenweb.de\/nachrichten\/wo-koennen-sie-bewegungssensor-leuchten-in-ihr-zuhause-einstellen-um-ihre-energierechnungen-zu-reduzieren-wenn-laengere-naechte-anziehen\/#primaryimage"},"thumbnailUrl":"https:\/\/www.strassenweb.de\/nachrichten\/wp-content\/uploads\/2025\/07\/4-Dinge-die-ich-in-meinen-Zwanzigern-ruecksichtslos-entlassen-habe.jpg","keywords":["anziehen","Bewegungssensor","einstellen","Energierechnungen","Ihr","ihre","k\u00f6nnen","l\u00e4ngere","leuchten","N\u00e4chte","reduzieren","Sie","wenn","Zuhause"],"articleSection":["Haus &amp; Garten"],"inLanguage":"de"},{"@type":"WebPage","@id":"https:\/\/www.strassenweb.de\/nachrichten\/wo-koennen-sie-bewegungssensor-leuchten-in-ihr-zuhause-einstellen-um-ihre-energierechnungen-zu-reduzieren-wenn-laengere-naechte-anziehen\/","url":"https:\/\/www.strassenweb.de\/nachrichten\/wo-koennen-sie-bewegungssensor-leuchten-in-ihr-zuhause-einstellen-um-ihre-energierechnungen-zu-reduzieren-wenn-laengere-naechte-anziehen\/","name":"Wo k\u00f6nnen Sie Bewegungssensor -Leuchten in Ihr Zuhause einstellen, um Ihre Energierechnungen zu reduzieren, wenn l\u00e4ngere N\u00e4chte anziehen - Nachrichten - Stra\u00dfenweb","isPartOf":{"@id":"https:\/\/www.strassenweb.de\/nachrichten\/#website"},"primaryImageOfPage":{"@id":"https:\/\/www.strassenweb.de\/nachrichten\/wo-koennen-sie-bewegungssensor-leuchten-in-ihr-zuhause-einstellen-um-ihre-energierechnungen-zu-reduzieren-wenn-laengere-naechte-anziehen\/#primaryimage"},"image":{"@id":"https:\/\/www.strassenweb.de\/nachrichten\/wo-koennen-sie-bewegungssensor-leuchten-in-ihr-zuhause-einstellen-um-ihre-energierechnungen-zu-reduzieren-wenn-laengere-naechte-anziehen\/#primaryimage"},"thumbnailUrl":"https:\/\/www.strassenweb.de\/nachrichten\/wp-content\/uploads\/2025\/07\/4-Dinge-die-ich-in-meinen-Zwanzigern-ruecksichtslos-entlassen-habe.jpg","datePublished":"2025-09-24T05:46:10+00:00","dateModified":"2025-09-24T05:46:11+00:00","breadcrumb":{"@id":"https:\/\/www.strassenweb.de\/nachrichten\/wo-koennen-sie-bewegungssensor-leuchten-in-ihr-zuhause-einstellen-um-ihre-energierechnungen-zu-reduzieren-wenn-laengere-naechte-anziehen\/#breadcrumb"},"inLanguage":"de","potentialAction":[{"@type":"ReadAction","target":["https:\/\/www.strassenweb.de\/nachrichten\/wo-koennen-sie-bewegungssensor-leuchten-in-ihr-zuhause-einstellen-um-ihre-energierechnungen-zu-reduzieren-wenn-laengere-naechte-anziehen\/"]}]},{"@type":"ImageObject","inLanguage":"de","@id":"https:\/\/www.strassenweb.de\/nachrichten\/wo-koennen-sie-bewegungssensor-leuchten-in-ihr-zuhause-einstellen-um-ihre-energierechnungen-zu-reduzieren-wenn-laengere-naechte-anziehen\/#primaryimage","url":"https:\/\/www.strassenweb.de\/nachrichten\/wp-content\/uploads\/2025\/07\/4-Dinge-die-ich-in-meinen-Zwanzigern-ruecksichtslos-entlassen-habe.jpg","contentUrl":"https:\/\/www.strassenweb.de\/nachrichten\/wp-content\/uploads\/2025\/07\/4-Dinge-die-ich-in-meinen-Zwanzigern-ruecksichtslos-entlassen-habe.jpg","width":1600,"height":900,"caption":"A green living toom, with a cream two-seater sofa, a green sofa opposite it, and a leather-topped coffee table in the center of them."},{"@type":"BreadcrumbList","@id":"https:\/\/www.strassenweb.de\/nachrichten\/wo-koennen-sie-bewegungssensor-leuchten-in-ihr-zuhause-einstellen-um-ihre-energierechnungen-zu-reduzieren-wenn-laengere-naechte-anziehen\/#breadcrumb","itemListElement":[{"@type":"ListItem","position":1,"name":"Home","item":"https:\/\/www.strassenweb.de\/nachrichten\/"},{"@type":"ListItem","position":2,"name":"Wo k\u00f6nnen Sie Bewegungssensor -Leuchten in Ihr Zuhause einstellen, um Ihre Energierechnungen zu reduzieren, wenn l\u00e4ngere N\u00e4chte anziehen"}]},{"@type":"WebSite","@id":"https:\/\/www.strassenweb.de\/nachrichten\/#website","url":"https:\/\/www.strassenweb.de\/nachrichten\/","name":"Stra\u00dfenweb","description":"Stra\u00dfenverzeichnis f\u00fcr Deutschland","publisher":{"@id":"https:\/\/www.strassenweb.de\/nachrichten\/#organization"},"potentialAction":[{"@type":"SearchAction","target":{"@type":"EntryPoint","urlTemplate":"https:\/\/www.strassenweb.de\/nachrichten\/?s={search_term_string}"},"query-input":{"@type":"PropertyValueSpecification","valueRequired":true,"valueName":"search_term_string"}}],"inLanguage":"de"},{"@type":"Organization","@id":"https:\/\/www.strassenweb.de\/nachrichten\/#organization","name":"Stra\u00dfenweb","url":"https:\/\/www.strassenweb.de\/nachrichten\/","logo":{"@type":"ImageObject","inLanguage":"de","@id":"https:\/\/www.strassenweb.de\/nachrichten\/#\/schema\/logo\/image\/","url":"https:\/\/www.strassenweb.de\/nachrichten\/wp-content\/uploads\/2024\/09\/cropped-favicon.png","contentUrl":"https:\/\/www.strassenweb.de\/nachrichten\/wp-content\/uploads\/2024\/09\/cropped-favicon.png","width":512,"height":512,"caption":"Stra\u00dfenweb"},"image":{"@id":"https:\/\/www.strassenweb.de\/nachrichten\/#\/schema\/logo\/image\/"},"sameAs":["https:\/\/www.facebook.com\/strassenweb\/"]},{"@type":"Person","@id":"https:\/\/www.strassenweb.de\/nachrichten\/#\/schema\/person\/87c9c9067f1211da429a744dc5a5aa41","name":"Robert Hoffmann","image":{"@type":"ImageObject","inLanguage":"de","@id":"https:\/\/www.strassenweb.de\/nachrichten\/wp-content\/uploads\/2024\/09\/strassenweb-150x150.jpg","url":"https:\/\/www.strassenweb.de\/nachrichten\/wp-content\/uploads\/2024\/09\/strassenweb-150x150.jpg","contentUrl":"https:\/\/www.strassenweb.de\/nachrichten\/wp-content\/uploads\/2024\/09\/strassenweb-150x150.jpg","caption":"Robert Hoffmann"},"description":"Ich hei\u00dfe Robert Hoffmann und ich bin ein leidenschaftlicher Verfechter von \u00d6kologie und Biodiversit\u00e4t. Seit meiner Kindheit in den W\u00e4ldern Bayerns f\u00fchle ich mich mit der Natur verbunden und bin entschlossen, sie zu sch\u00fctzen. Heute widme ich mein Leben der Sensibilisierung anderer f\u00fcr die Bedeutung des Umweltschutzes f\u00fcr zuk\u00fcnftige Generationen.","sameAs":["https:\/\/www.strassenweb.de\/"]}]}},"_links":{"self":[{"href":"https:\/\/www.strassenweb.de\/nachrichten\/wp-json\/wp\/v2\/posts\/7953","targetHints":{"allow":["GET"]}}],"collection":[{"href":"https:\/\/www.strassenweb.de\/nachrichten\/wp-json\/wp\/v2\/posts"}],"about":[{"href":"https:\/\/www.strassenweb.de\/nachrichten\/wp-json\/wp\/v2\/types\/post"}],"author":[{"embeddable":true,"href":"https:\/\/www.strassenweb.de\/nachrichten\/wp-json\/wp\/v2\/users\/1"}],"replies":[{"embeddable":true,"href":"https:\/\/www.strassenweb.de\/nachrichten\/wp-json\/wp\/v2\/comments?post=7953"}],"version-history":[{"count":0,"href":"https:\/\/www.strassenweb.de\/nachrichten\/wp-json\/wp\/v2\/posts\/7953\/revisions"}],"wp:featuredmedia":[{"embeddable":true,"href":"https:\/\/www.strassenweb.de\/nachrichten\/wp-json\/wp\/v2\/media\/6477"}],"wp:attachment":[{"href":"https:\/\/www.strassenweb.de\/nachrichten\/wp-json\/wp\/v2\/media?parent=7953"}],"wp:term":[{"taxonomy":"category","embeddable":true,"href":"https:\/\/www.strassenweb.de\/nachrichten\/wp-json\/wp\/v2\/categories?post=7953"},{"taxonomy":"post_tag","embeddable":true,"href":"https:\/\/www.strassenweb.de\/nachrichten\/wp-json\/wp\/v2\/tags?post=7953"}],"curies":[{"name":"wp","href":"https:\/\/api.w.org\/{rel}","templated":true}]}}