{"id":7934,"date":"2025-09-23T13:40:13","date_gmt":"2025-09-23T11:40:13","guid":{"rendered":"https:\/\/www.strassenweb.de\/nachrichten\/steigen-sie-in-diesem-herbst-ihre-terrasse-oder-veranda-mit-hellen-blueten-und-exquisitem-abendduft-auf-hier-ist-wie-man-vier-uhr-in-behaeltern-waechst\/"},"modified":"2025-09-23T13:40:14","modified_gmt":"2025-09-23T11:40:14","slug":"steigen-sie-in-diesem-herbst-ihre-terrasse-oder-veranda-mit-hellen-blueten-und-exquisitem-abendduft-auf-hier-ist-wie-man-vier-uhr-in-behaeltern-waechst","status":"publish","type":"post","link":"https:\/\/www.strassenweb.de\/nachrichten\/steigen-sie-in-diesem-herbst-ihre-terrasse-oder-veranda-mit-hellen-blueten-und-exquisitem-abendduft-auf-hier-ist-wie-man-vier-uhr-in-behaeltern-waechst\/","title":{"rendered":"Steigen Sie in diesem Herbst Ihre Terrasse oder Veranda mit hellen Bl\u00fcten und exquisitem Abendduft auf &#8211; hier ist wie man vier Uhr in Beh\u00e4ltern w\u00e4chst"},"content":{"rendered":"<p><\/p>\n<div id=\"article-body\" class=\"article__body \">\n<p id=\"07bbfbff-b6d9-4526-8c55-55b7ae61a7c4\">Vier Uhr (<em>Mirabilis Jalapa<\/em>) sind hell, duftend, attraktiv f\u00fcr Best\u00e4uber, und Sie k\u00f6nnen sie in Beh\u00e4ltern anbauen. Wenn Sie in einem kleineren Raum garten und diese atemberaubenden Pflanzen genie\u00dfen m\u00f6chten, m\u00fcssen Sie hier alles wissen, was Sie in Containern erfolgreich anbauen m\u00fcssen.<\/p>\n<div id=\"ad-unit-1\" class=\"ad-unit\"><\/div>\n<p>Das Wachstum von vier Uhr in Beh\u00e4ltern bietet etwas anderes als die j\u00e4hrlichen Bettw\u00e4scheanlagen, die im Sommer in der Regel T\u00f6pfe und Pflanzgef\u00e4\u00dfe besetzen. Juliet Howe, preisgekr\u00f6nter Gartenbau und Gr\u00fcnder von Twigs Design, ist eine von vielen, die vier Uhr in T\u00f6pfen lieben, wie sie sagt: &#8222;Sie k\u00f6nnen auf Patios oder Einstiegsm\u00f6glichkeiten gelegt werden, auf denen ihr abendlicher Duft und ihre lebendige Farbe am besten genossen werden k\u00f6nnen.&#8220;<\/p>\n<p>Wenn Sie vier Uhr Pflanzen wachsen m\u00f6chten, um Ihrem Garten Lebendigkeit und Duft zu verleihen, gibt es einige Schl\u00fcsselbereiche, damit die Pflanzen in einem Beh\u00e4lter gedeihen. Wir zeigen, wie Sie vier Uhr in Beh\u00e4ltern den richtigen Topf und Platz in Ihrem Hof \u200b\u200bausw\u00e4hlen, zusammen mit einigen Experten -Tipps f\u00fcr die Pflege von Pflanzen, damit sie gedeihen und Ihnen die beste Anzeige geben.<\/p>\n<div class=\"van_vid_carousel\">\n<div class=\"van_vid_carousel__padding\">\n<div class=\"van_vid_carousel__container\"><\/div>\n<\/div>\n<\/div>\n<figure class=\"van-image-figure inline-layout \" data-bordeaux-image-check id=\"d5da46de-c209-4750-914d-309055cfb218\">\n<div class=\"image-full-width-wrapper\">\n<div class=\"image-widthsetter\" style=\"max-width:2000px;\"><\/div>\n<\/div>\n<\/figure>\n<h2 id=\"can-you-plant-four-o-clocks-in-containers-3\">K\u00f6nnen Sie vier Uhr in Beh\u00e4ltern pflanzen?<\/h2>\n<aside data-block-type=\"embed\" data-render-type=\"fte\" data-skip=\"dealsy\" data-widget-type=\"seasonal\" class=\"hawk-base\"><\/aside>\n<p id=\"d4b6a62b-f5c4-41db-b97d-7e4a0270382c-0\">Sie k\u00f6nnen vier Uhr in Beh\u00e4lterg\u00e4rten f\u00fcr eine spektakul\u00e4re bl\u00fchende Ausstellung wachsen, um Kolibris, Schmetterlinge, Bienen und n\u00e4chtliche Best\u00e4uber anzulocken. Die duftenden Blumen sind am sp\u00e4ten Nachmittag ge\u00f6ffnet und bleiben oft die ganze Nacht ge\u00f6ffnet. Damit sind sie fantastische Blumen, um abends mit einem Getr\u00e4nk zu genie\u00dfen.<\/p>\n<div id=\"ad-unit-2\" class=\"ad-unit\"><\/div>\n<p>Die meisten G\u00e4rtner werden vier Uhr in Beh\u00e4ltern als j\u00e4hrliche Pflanzen wachsen. M\u00f6glicherweise k\u00f6nnen Sie Ihre Displays m\u00f6glicherweise sogar l\u00e4nger genie\u00dfen.<\/p>\n<p>Sie k\u00f6nnen die Pflanzen in Innenr\u00e4umen oder als Edwin Dysinger aus Saatgut erkl\u00e4ren: \u201eVier Uhr sind warme wethige Bl\u00fctenpflanzen, die aus den Regionen zwischen Mexiko und Nicaragua stammen, obwohl einige Quellen sagen, dass sie in Peru stammen. In warmen Klimazonen (Zone 9 und w\u00e4rmer) ist es eine Staude, w\u00e4hrend es in k\u00e4lteren Klimazonen ein Jahr ist. &#8218;<\/p>\n<h2 id=\"expert-tips-for-success-with-four-o-clocks-in-containers-5-crucial-steps-3\">Experten -Tipps f\u00fcr den Erfolg mit vier Uhr in Beh\u00e4ltern &#8211; 5 wichtige Schritte<\/h2>\n<p id=\"8f5047c3-2e2e-461e-a946-41684d056bf0\">Wenn Sie vier Uhr als Beh\u00e4lterpflanzen f\u00fcr Best\u00e4uber wachsen, k\u00f6nnen einige Aspekte einen Unterschied zwischen einer herrlichen und einer entt\u00e4uschenden Ausstellung bewirken. Sie sind nicht unbedingt wartungsarme Pflanzen f\u00fcr T\u00f6pfe, aber Sie k\u00f6nnen das Leben leichter machen, indem Sie die folgenden Aspekte richtig machen:<\/p>\n<div id=\"slice-container-newsletterForm-articleInbodyContent-Nyq4S5FvwDAUYgXtX6sYwc\" class=\"slice-container newsletter-inbodyContent-slice newsletterForm-articleInbodyContent-Nyq4S5FvwDAUYgXtX6sYwc slice-container-newsletterForm\"><\/div>\n<h3 class=\"article-body__section\" id=\"section-1-pot-size\"><span>1. Topfgr\u00f6\u00dfe<\/span><\/h3>\n<p id=\"bca5ff99-fa9e-4198-971f-ae19eff56fcc\">Vier Uhr k\u00f6nnen bis zu 2-3 Fu\u00df hoch und 1 bis 2 Fu\u00df breit wachsen und, wenn sie als mehrj\u00e4hrige Pflanzen angebaut werden, gro\u00dfe Knollen entwickeln. Dies bedeutet, dass sie einen gro\u00dfen Beh\u00e4lter ben\u00f6tigen, um den Raum zum Wachsen zu haben.<\/p>\n<p>Sie k\u00f6nnen vier Uhr in T\u00f6pfen, Pflanzgef\u00e4\u00dfen, Trogs, erh\u00f6hten Betten oder sogar selbstbewusste Pflanzgef\u00e4\u00dfen wachsen, wenn Sie die Wartung etwas erleichtern m\u00f6chten. Jeder Beh\u00e4lter sollte mindestens 20 Zoll im Durchmesser haben und gro\u00df genug sind, um f\u00fcnf Gallonen Boden zu halten. Der Beh\u00e4lter kann von jedem Material sein, muss jedoch L\u00f6cher im Boden f\u00fcr die Entw\u00e4sserung haben, um zu verhindern, dass die Anlage an Wurzelf\u00e4ule litt.<\/p>\n<p>F\u00fcllen Sie Ihren Beh\u00e4lter mit einer fruchtbaren, gut abtriebenden Blumenmischung, die immer der beste Boden f\u00fcr die Gartenarbeit des Beh\u00e4lters ist. Wie diese Premium -Bio -Bl\u00f6te von Burpee, die Pflanzen f\u00fcr bis zu drei Monate f\u00fcttert und Kokosnusskokos enth\u00e4lt, um Feuchtigkeit aufrechtzuerhalten.<\/p>\n<h3 class=\"article-body__section\" id=\"section-2-location\"><span>2. Ort<\/span><\/h3>\n<figure class=\"van-image-figure inline-layout \" data-bordeaux-image-check id=\"ea10d083-11c4-47c5-b018-5c343d33db1f\">\n<div class=\"image-full-width-wrapper\">\n<div class=\"image-widthsetter\" style=\"max-width:2400px;\"><\/div>\n<\/div>\n<\/figure>\n<p id=\"aa29f731-a813-48ab-805e-9cd72ba51d90\">Vier Uhr in voller Sonne am besten. Finden Sie einen Platz in Ihrem Garten, an dem sie jeden Tag sechs Stunden Sonne bekommen k\u00f6nnen, und sie werden auch in T\u00f6pfen gut bl\u00fchen.<\/p>\n<p>Juliet Howe beschreibt sie als &#8222;sonnenliebende Blume&#8220;, f\u00fcgt aber eine Einschr\u00e4nkung hinzu, um sie gl\u00fccklich zu machen. &#8222;In besonders hei\u00dfen Klimazonen kann die harte Sonne am Nachmittag zu viel sein, so dass ein etwas sp\u00e4terischer Schatten vorzuziehen ist&#8220;, r\u00e4t sie.<\/p>\n<p>Sie k\u00f6nnen vier Uhr in Beh\u00e4ltern auf Veranda, Deck, Terrasse oder Balkon wachsen. Juliet hat einen weiteren wichtigsten Ratschlag, um den besten Platz f\u00fcr Ihre T\u00f6pfe auszuw\u00e4hlen.<\/p>\n<p>&#8222;Am wichtigsten ist vielleicht, dass vier Uhr diesen Namen wegen der Freude haben, die sie am sp\u00e4ten Nachmittag er\u00f6ffnen und ihren k\u00f6stlichen, berauschenden Duft freigeben&#8220;, sagt der Experte.<\/p>\n<p>&#8222;Stellen Sie sicher, dass Sie diese dort pflanzen, wo Sie sie am meisten genie\u00dfen werden.&#8220;<\/p>\n<h3 class=\"article-body__section\" id=\"section-3-watering\"><span>3. Bew\u00e4sserung<\/span><\/h3>\n<p id=\"b978560b-edd9-42a1-8a25-363f27cc5f40\">Juliet Howe warnt G\u00e4rtner, die vier Uhr in Beh\u00e4ltern wachsen, dass &#8222;T\u00f6pfe viel schneller austrocknen als ein Gartenbett&#8220;. Daher empfiehlt sie: &#8222;In der Sommerhitze muss man h\u00f6chstwahrscheinlich tief und t\u00e4glich gie\u00dfen.&#8220;<\/p>\n<p>Vier Uhr in Beh\u00e4ltern geben ihr Bestes im feuchten Boden. Behalten Sie den Topf genau im Auge und vermeiden Sie die oberen zwei Zentimeter Bodentrocknen. Und wenn sie Pflanzen in Beh\u00e4ltern gie\u00dfen, greifen Sie tief, bis sie aus den Entw\u00e4sserungsl\u00f6chern ausgehen.<\/p>\n<h3 class=\"article-body__section\" id=\"section-4-feeding\"><span>4. F\u00fctterung<\/span><\/h3>\n<figure class=\"van-image-figure inline-layout \" data-bordeaux-image-check id=\"caeb2ff2-41df-4fc1-8c82-e351e6ad8cda\">\n<div class=\"image-full-width-wrapper\">\n<div class=\"image-widthsetter\" style=\"max-width:2400px;\"><\/div>\n<\/div>\n<\/figure>\n<p id=\"c381c0c9-2984-4308-878a-c8c28af66117\">So wie bei T\u00f6pfen mehr Bew\u00e4sserung erforderlich ist, m\u00fcssen Sie auch regelm\u00e4\u00dfige Beh\u00e4lterpflanzen d\u00fcngen als die Pflanzen im Freien in einem Bl\u00fctenbett.<\/p>\n<p>Julia r\u00e4t w\u00f6chentlich einen Bloom -Booster -D\u00fcnger in den Beh\u00e4lter, um den Boden wieder aufzuf\u00fcllen und mehr Blumen zu erhalten. Ein fl\u00fcssiges Bloom -Booster ist ein gro\u00dfartiger D\u00fcnger f\u00fcr Blumen in T\u00f6pfen. Solche Produkte enthalten h\u00f6here Phosphor- und Kaliumspiegel, um die Produktion vieler Blumen zu f\u00f6rdern.<\/p>\n<h3 class=\"article-body__section\" id=\"section-5-pruning\"><span>5. Beschneiden<\/span><\/h3>\n<p id=\"f6842151-a6ee-43b0-8ddb-0a5d2216cbeb\">Vier Uhr in Beh\u00e4ltern profitieren w\u00e4hrend der gesamten Vegetationsperiode von einem leichten Schnitt. Wenn Sie ihnen etwas TLC mit sauberen und scharfen Schnittscheren oder Gartenschnitten geben, belohnen Sie mit buschigeren Pflanzen und mehr Bl\u00fcten.<\/p>\n<p>&#8222;Wenn Ihre junge Pflanze etwa einen Fu\u00df hoch ist, klappen Sie die oberen Zentimeter des Hauptstiels direkt \u00fcber einem Satz Bl\u00e4tter&#8220;, r\u00e4t Julia.<\/p>\n<p>&#8222;Und vergessen Sie nicht, Totehead&#8220;, f\u00fcgt sie hinzu. &#8222;W\u00e4hrend der bl\u00fchenden Jahreszeit t\u00f6dlich die verbrauchten Blumen, um nicht nur mehr Blumen, sondern auch eine l\u00e4ngere Bl\u00fchensaison zu f\u00f6rdern.&#8220;<\/p>\n<div class=\"min-h-(270px) mb-4 viafoura-twig-component\" id=\"viafoura-engagement-starter-wrapper\" data-component-name=\"Elk:Embed:EngagementStarter\">\n<div class=\"viafoura\">\n<div>\n<vf-conversation-starter target=\"viafoura-comments\" title=\"Plants to brighten porches and entrance ways\" description=\"What do you have planted outside the front of your home to make the entrance more attractive by providing beauty and fragrance?\" minimum-comment-count=\"5\"><br \/>\n<\/vf-conversation-starter>\n<\/div>\n<\/div>\n<\/div>\n<div class=\"product-container hero-product-container product-block-no-wrap\">\n<div class=\"product-block-row\"><\/div>\n<div class=\"product-block-row\"><\/div>\n<div class=\"product-block-row\"><\/div>\n<\/div>\n<hr id=\"65d0e0b2-b403-40b6-9980-f75715d44622\">\n<p id=\"2179d9b5-de05-4cee-aab7-b294096cb0e2\">Wenn Sie eine h\u00fcbsche Terrasse w\u00fcnschen, bringt es einen wundersch\u00f6nen Duft in die Au\u00dfenr\u00e4ume in jeder Gr\u00f6\u00dfe. Rosmarin, Lavendel, s\u00fc\u00dfe Erbsen und Nikotiana sind alle Pflanzen, die eine Terrasse gut riechen lassen und alle perfekt zum Wachstum in Beh\u00e4ltern geeignet sind.<\/p>\n<div class=\"block\" id=\"articleTag\" data-component-name=\"PostArticleLinks\">\n<div class=\"border-b border-b-black border-solid py-2.5 text-black font-bold uppercase\">Themen<\/div>\n<nav class=\"py-2.5 flex gap-2.5 flex-wrap\" data-analytics-id=\"article-tag\">\n<p>Blumen<br \/>\n<\/nav>\n<\/div>\n<\/div>\n<p><script async src=\"\/\/www.instagram.com\/embed.js\"><\/script><\/p>\n","protected":false},"excerpt":{"rendered":"<p>Vier Uhr (Mirabilis Jalapa) sind hell, duftend, attraktiv f\u00fcr Best\u00e4uber, und Sie k\u00f6nnen sie in Beh\u00e4ltern anbauen. Wenn Sie in einem kleineren Raum garten und<\/p>\n","protected":false},"author":1,"featured_media":7935,"comment_status":"closed","ping_status":"","sticky":false,"template":"","format":"standard","meta":{"footnotes":""},"categories":[118],"tags":[10326,46,9927,1201,32,10325,5333,203,163,225,15,134,146,60,165,3086,2491,10135,37,1844,2716,4728,26],"class_list":["post-7934","post","type-post","status-publish","format-standard","has-post-thumbnail","hentry","category-haus-garten","tag-abendduft","tag-auf","tag-behaeltern","tag-blueten","tag-diesem","tag-exquisitem","tag-hellen","tag-herbst","tag-hier","tag-ihre","tag-ist","tag-man","tag-mit","tag-oder","tag-sie","tag-steigen","tag-terrasse","tag-uhr","tag-und","tag-veranda","tag-vier","tag-waechst","tag-wie","generate-columns","tablet-grid-50","mobile-grid-100","grid-parent","grid-50"],"yoast_head":"<!-- This site is optimized with the Yoast SEO plugin v27.3 - https:\/\/yoast.com\/product\/yoast-seo-wordpress\/ -->\n<title>Steigen Sie in diesem Herbst Ihre Terrasse oder Veranda mit hellen Bl\u00fcten und exquisitem Abendduft auf - hier ist wie man vier Uhr in Beh\u00e4ltern w\u00e4chst - Nachrichten - Stra\u00dfenweb<\/title>\n<meta name=\"robots\" content=\"index, follow, max-snippet:-1, max-image-preview:large, max-video-preview:-1\" \/>\n<link rel=\"canonical\" href=\"https:\/\/www.strassenweb.de\/nachrichten\/steigen-sie-in-diesem-herbst-ihre-terrasse-oder-veranda-mit-hellen-blueten-und-exquisitem-abendduft-auf-hier-ist-wie-man-vier-uhr-in-behaeltern-waechst\/\" \/>\n<meta property=\"og:locale\" content=\"de_DE\" \/>\n<meta property=\"og:type\" content=\"article\" \/>\n<meta property=\"og:title\" content=\"Steigen Sie in diesem Herbst Ihre Terrasse oder Veranda mit hellen Bl\u00fcten und exquisitem Abendduft auf - hier ist wie man vier Uhr in Beh\u00e4ltern w\u00e4chst - Nachrichten - Stra\u00dfenweb\" \/>\n<meta property=\"og:description\" content=\"Vier Uhr (Mirabilis Jalapa) sind hell, duftend, attraktiv f\u00fcr Best\u00e4uber, und Sie k\u00f6nnen sie in Beh\u00e4ltern anbauen. Wenn Sie in einem kleineren Raum garten und\" \/>\n<meta property=\"og:url\" content=\"https:\/\/www.strassenweb.de\/nachrichten\/steigen-sie-in-diesem-herbst-ihre-terrasse-oder-veranda-mit-hellen-blueten-und-exquisitem-abendduft-auf-hier-ist-wie-man-vier-uhr-in-behaeltern-waechst\/\" \/>\n<meta property=\"og:site_name\" content=\"Stra\u00dfenweb\" \/>\n<meta property=\"article:publisher\" content=\"https:\/\/www.facebook.com\/strassenweb\/\" \/>\n<meta property=\"article:published_time\" content=\"2025-09-23T11:40:13+00:00\" \/>\n<meta property=\"article:modified_time\" content=\"2025-09-23T11:40:14+00:00\" \/>\n<meta property=\"og:image\" content=\"https:\/\/www.strassenweb.de\/nachrichten\/wp-content\/uploads\/2025\/09\/Steigen-Sie-in-diesem-Herbst-Ihre-Terrasse-oder-Veranda-mit.jpg\" \/>\n\t<meta property=\"og:image:width\" content=\"1600\" \/>\n\t<meta property=\"og:image:height\" content=\"900\" \/>\n\t<meta property=\"og:image:type\" content=\"image\/jpeg\" \/>\n<meta name=\"author\" content=\"Robert Hoffmann\" \/>\n<meta name=\"twitter:card\" content=\"summary_large_image\" \/>\n<meta name=\"twitter:label1\" content=\"Verfasst von\" \/>\n\t<meta name=\"twitter:data1\" content=\"Robert Hoffmann\" \/>\n\t<meta name=\"twitter:label2\" content=\"Gesch\u00e4tzte Lesezeit\" \/>\n\t<meta name=\"twitter:data2\" content=\"5\u00a0Minuten\" \/>\n<script type=\"application\/ld+json\" class=\"yoast-schema-graph\">{\"@context\":\"https:\\\/\\\/schema.org\",\"@graph\":[{\"@type\":\"Article\",\"@id\":\"https:\\\/\\\/www.strassenweb.de\\\/nachrichten\\\/steigen-sie-in-diesem-herbst-ihre-terrasse-oder-veranda-mit-hellen-blueten-und-exquisitem-abendduft-auf-hier-ist-wie-man-vier-uhr-in-behaeltern-waechst\\\/#article\",\"isPartOf\":{\"@id\":\"https:\\\/\\\/www.strassenweb.de\\\/nachrichten\\\/steigen-sie-in-diesem-herbst-ihre-terrasse-oder-veranda-mit-hellen-blueten-und-exquisitem-abendduft-auf-hier-ist-wie-man-vier-uhr-in-behaeltern-waechst\\\/\"},\"author\":{\"name\":\"Robert Hoffmann\",\"@id\":\"https:\\\/\\\/www.strassenweb.de\\\/nachrichten\\\/#\\\/schema\\\/person\\\/87c9c9067f1211da429a744dc5a5aa41\"},\"headline\":\"Steigen Sie in diesem Herbst Ihre Terrasse oder Veranda mit hellen Bl\u00fcten und exquisitem Abendduft auf &#8211; hier ist wie man vier Uhr in Beh\u00e4ltern w\u00e4chst\",\"datePublished\":\"2025-09-23T11:40:13+00:00\",\"dateModified\":\"2025-09-23T11:40:14+00:00\",\"mainEntityOfPage\":{\"@id\":\"https:\\\/\\\/www.strassenweb.de\\\/nachrichten\\\/steigen-sie-in-diesem-herbst-ihre-terrasse-oder-veranda-mit-hellen-blueten-und-exquisitem-abendduft-auf-hier-ist-wie-man-vier-uhr-in-behaeltern-waechst\\\/\"},\"wordCount\":1112,\"publisher\":{\"@id\":\"https:\\\/\\\/www.strassenweb.de\\\/nachrichten\\\/#organization\"},\"image\":{\"@id\":\"https:\\\/\\\/www.strassenweb.de\\\/nachrichten\\\/steigen-sie-in-diesem-herbst-ihre-terrasse-oder-veranda-mit-hellen-blueten-und-exquisitem-abendduft-auf-hier-ist-wie-man-vier-uhr-in-behaeltern-waechst\\\/#primaryimage\"},\"thumbnailUrl\":\"https:\\\/\\\/www.strassenweb.de\\\/nachrichten\\\/wp-content\\\/uploads\\\/2025\\\/09\\\/Steigen-Sie-in-diesem-Herbst-Ihre-Terrasse-oder-Veranda-mit.jpg\",\"keywords\":[\"Abendduft\",\"auf\",\"Beh\u00e4ltern\",\"Bl\u00fcten\",\"diesem\",\"exquisitem\",\"hellen\",\"Herbst\",\"hier\",\"ihre\",\"ist\",\"man\",\"mit\",\"oder\",\"Sie\",\"steigen\",\"Terrasse\",\"Uhr\",\"und\",\"Veranda\",\"vier\",\"w\u00e4chst\",\"Wie\"],\"articleSection\":[\"Haus &amp; Garten\"],\"inLanguage\":\"de\"},{\"@type\":\"WebPage\",\"@id\":\"https:\\\/\\\/www.strassenweb.de\\\/nachrichten\\\/steigen-sie-in-diesem-herbst-ihre-terrasse-oder-veranda-mit-hellen-blueten-und-exquisitem-abendduft-auf-hier-ist-wie-man-vier-uhr-in-behaeltern-waechst\\\/\",\"url\":\"https:\\\/\\\/www.strassenweb.de\\\/nachrichten\\\/steigen-sie-in-diesem-herbst-ihre-terrasse-oder-veranda-mit-hellen-blueten-und-exquisitem-abendduft-auf-hier-ist-wie-man-vier-uhr-in-behaeltern-waechst\\\/\",\"name\":\"Steigen Sie in diesem Herbst Ihre Terrasse oder Veranda mit hellen Bl\u00fcten und exquisitem Abendduft auf - hier ist wie man vier Uhr in Beh\u00e4ltern w\u00e4chst - Nachrichten - Stra\u00dfenweb\",\"isPartOf\":{\"@id\":\"https:\\\/\\\/www.strassenweb.de\\\/nachrichten\\\/#website\"},\"primaryImageOfPage\":{\"@id\":\"https:\\\/\\\/www.strassenweb.de\\\/nachrichten\\\/steigen-sie-in-diesem-herbst-ihre-terrasse-oder-veranda-mit-hellen-blueten-und-exquisitem-abendduft-auf-hier-ist-wie-man-vier-uhr-in-behaeltern-waechst\\\/#primaryimage\"},\"image\":{\"@id\":\"https:\\\/\\\/www.strassenweb.de\\\/nachrichten\\\/steigen-sie-in-diesem-herbst-ihre-terrasse-oder-veranda-mit-hellen-blueten-und-exquisitem-abendduft-auf-hier-ist-wie-man-vier-uhr-in-behaeltern-waechst\\\/#primaryimage\"},\"thumbnailUrl\":\"https:\\\/\\\/www.strassenweb.de\\\/nachrichten\\\/wp-content\\\/uploads\\\/2025\\\/09\\\/Steigen-Sie-in-diesem-Herbst-Ihre-Terrasse-oder-Veranda-mit.jpg\",\"datePublished\":\"2025-09-23T11:40:13+00:00\",\"dateModified\":\"2025-09-23T11:40:14+00:00\",\"breadcrumb\":{\"@id\":\"https:\\\/\\\/www.strassenweb.de\\\/nachrichten\\\/steigen-sie-in-diesem-herbst-ihre-terrasse-oder-veranda-mit-hellen-blueten-und-exquisitem-abendduft-auf-hier-ist-wie-man-vier-uhr-in-behaeltern-waechst\\\/#breadcrumb\"},\"inLanguage\":\"de\",\"potentialAction\":[{\"@type\":\"ReadAction\",\"target\":[\"https:\\\/\\\/www.strassenweb.de\\\/nachrichten\\\/steigen-sie-in-diesem-herbst-ihre-terrasse-oder-veranda-mit-hellen-blueten-und-exquisitem-abendduft-auf-hier-ist-wie-man-vier-uhr-in-behaeltern-waechst\\\/\"]}]},{\"@type\":\"ImageObject\",\"inLanguage\":\"de\",\"@id\":\"https:\\\/\\\/www.strassenweb.de\\\/nachrichten\\\/steigen-sie-in-diesem-herbst-ihre-terrasse-oder-veranda-mit-hellen-blueten-und-exquisitem-abendduft-auf-hier-ist-wie-man-vier-uhr-in-behaeltern-waechst\\\/#primaryimage\",\"url\":\"https:\\\/\\\/www.strassenweb.de\\\/nachrichten\\\/wp-content\\\/uploads\\\/2025\\\/09\\\/Steigen-Sie-in-diesem-Herbst-Ihre-Terrasse-oder-Veranda-mit.jpg\",\"contentUrl\":\"https:\\\/\\\/www.strassenweb.de\\\/nachrichten\\\/wp-content\\\/uploads\\\/2025\\\/09\\\/Steigen-Sie-in-diesem-Herbst-Ihre-Terrasse-oder-Veranda-mit.jpg\",\"width\":1600,\"height\":900,\"caption\":\"Red, yellow, pink and mixed four o&amp;#039;clock blooms against a backdrop of green leaves and bricks\"},{\"@type\":\"BreadcrumbList\",\"@id\":\"https:\\\/\\\/www.strassenweb.de\\\/nachrichten\\\/steigen-sie-in-diesem-herbst-ihre-terrasse-oder-veranda-mit-hellen-blueten-und-exquisitem-abendduft-auf-hier-ist-wie-man-vier-uhr-in-behaeltern-waechst\\\/#breadcrumb\",\"itemListElement\":[{\"@type\":\"ListItem\",\"position\":1,\"name\":\"Home\",\"item\":\"https:\\\/\\\/www.strassenweb.de\\\/nachrichten\\\/\"},{\"@type\":\"ListItem\",\"position\":2,\"name\":\"Steigen Sie in diesem Herbst Ihre Terrasse oder Veranda mit hellen Bl\u00fcten und exquisitem Abendduft auf &#8211; hier ist wie man vier Uhr in Beh\u00e4ltern w\u00e4chst\"}]},{\"@type\":\"WebSite\",\"@id\":\"https:\\\/\\\/www.strassenweb.de\\\/nachrichten\\\/#website\",\"url\":\"https:\\\/\\\/www.strassenweb.de\\\/nachrichten\\\/\",\"name\":\"Stra\u00dfenweb\",\"description\":\"Stra\u00dfenverzeichnis f\u00fcr Deutschland\",\"publisher\":{\"@id\":\"https:\\\/\\\/www.strassenweb.de\\\/nachrichten\\\/#organization\"},\"potentialAction\":[{\"@type\":\"SearchAction\",\"target\":{\"@type\":\"EntryPoint\",\"urlTemplate\":\"https:\\\/\\\/www.strassenweb.de\\\/nachrichten\\\/?s={search_term_string}\"},\"query-input\":{\"@type\":\"PropertyValueSpecification\",\"valueRequired\":true,\"valueName\":\"search_term_string\"}}],\"inLanguage\":\"de\"},{\"@type\":\"Organization\",\"@id\":\"https:\\\/\\\/www.strassenweb.de\\\/nachrichten\\\/#organization\",\"name\":\"Stra\u00dfenweb\",\"url\":\"https:\\\/\\\/www.strassenweb.de\\\/nachrichten\\\/\",\"logo\":{\"@type\":\"ImageObject\",\"inLanguage\":\"de\",\"@id\":\"https:\\\/\\\/www.strassenweb.de\\\/nachrichten\\\/#\\\/schema\\\/logo\\\/image\\\/\",\"url\":\"https:\\\/\\\/www.strassenweb.de\\\/nachrichten\\\/wp-content\\\/uploads\\\/2024\\\/09\\\/cropped-favicon.png\",\"contentUrl\":\"https:\\\/\\\/www.strassenweb.de\\\/nachrichten\\\/wp-content\\\/uploads\\\/2024\\\/09\\\/cropped-favicon.png\",\"width\":512,\"height\":512,\"caption\":\"Stra\u00dfenweb\"},\"image\":{\"@id\":\"https:\\\/\\\/www.strassenweb.de\\\/nachrichten\\\/#\\\/schema\\\/logo\\\/image\\\/\"},\"sameAs\":[\"https:\\\/\\\/www.facebook.com\\\/strassenweb\\\/\"]},{\"@type\":\"Person\",\"@id\":\"https:\\\/\\\/www.strassenweb.de\\\/nachrichten\\\/#\\\/schema\\\/person\\\/87c9c9067f1211da429a744dc5a5aa41\",\"name\":\"Robert Hoffmann\",\"image\":{\"@type\":\"ImageObject\",\"inLanguage\":\"de\",\"@id\":\"https:\\\/\\\/www.strassenweb.de\\\/nachrichten\\\/wp-content\\\/uploads\\\/2024\\\/09\\\/strassenweb-150x150.jpg\",\"url\":\"https:\\\/\\\/www.strassenweb.de\\\/nachrichten\\\/wp-content\\\/uploads\\\/2024\\\/09\\\/strassenweb-150x150.jpg\",\"contentUrl\":\"https:\\\/\\\/www.strassenweb.de\\\/nachrichten\\\/wp-content\\\/uploads\\\/2024\\\/09\\\/strassenweb-150x150.jpg\",\"caption\":\"Robert Hoffmann\"},\"description\":\"Ich hei\u00dfe Robert Hoffmann und ich bin ein leidenschaftlicher Verfechter von \u00d6kologie und Biodiversit\u00e4t. Seit meiner Kindheit in den W\u00e4ldern Bayerns f\u00fchle ich mich mit der Natur verbunden und bin entschlossen, sie zu sch\u00fctzen. Heute widme ich mein Leben der Sensibilisierung anderer f\u00fcr die Bedeutung des Umweltschutzes f\u00fcr zuk\u00fcnftige Generationen.\",\"sameAs\":[\"https:\\\/\\\/www.strassenweb.de\\\/\"]}]}<\/script>\n<!-- \/ Yoast SEO plugin. -->","yoast_head_json":{"title":"Steigen Sie in diesem Herbst Ihre Terrasse oder Veranda mit hellen Bl\u00fcten und exquisitem Abendduft auf - hier ist wie man vier Uhr in Beh\u00e4ltern w\u00e4chst - Nachrichten - Stra\u00dfenweb","robots":{"index":"index","follow":"follow","max-snippet":"max-snippet:-1","max-image-preview":"max-image-preview:large","max-video-preview":"max-video-preview:-1"},"canonical":"https:\/\/www.strassenweb.de\/nachrichten\/steigen-sie-in-diesem-herbst-ihre-terrasse-oder-veranda-mit-hellen-blueten-und-exquisitem-abendduft-auf-hier-ist-wie-man-vier-uhr-in-behaeltern-waechst\/","og_locale":"de_DE","og_type":"article","og_title":"Steigen Sie in diesem Herbst Ihre Terrasse oder Veranda mit hellen Bl\u00fcten und exquisitem Abendduft auf - hier ist wie man vier Uhr in Beh\u00e4ltern w\u00e4chst - Nachrichten - Stra\u00dfenweb","og_description":"Vier Uhr (Mirabilis Jalapa) sind hell, duftend, attraktiv f\u00fcr Best\u00e4uber, und Sie k\u00f6nnen sie in Beh\u00e4ltern anbauen. Wenn Sie in einem kleineren Raum garten und","og_url":"https:\/\/www.strassenweb.de\/nachrichten\/steigen-sie-in-diesem-herbst-ihre-terrasse-oder-veranda-mit-hellen-blueten-und-exquisitem-abendduft-auf-hier-ist-wie-man-vier-uhr-in-behaeltern-waechst\/","og_site_name":"Stra\u00dfenweb","article_publisher":"https:\/\/www.facebook.com\/strassenweb\/","article_published_time":"2025-09-23T11:40:13+00:00","article_modified_time":"2025-09-23T11:40:14+00:00","og_image":[{"width":1600,"height":900,"url":"https:\/\/www.strassenweb.de\/nachrichten\/wp-content\/uploads\/2025\/09\/Steigen-Sie-in-diesem-Herbst-Ihre-Terrasse-oder-Veranda-mit.jpg","type":"image\/jpeg"}],"author":"Robert Hoffmann","twitter_card":"summary_large_image","twitter_misc":{"Verfasst von":"Robert Hoffmann","Gesch\u00e4tzte Lesezeit":"5\u00a0Minuten"},"schema":{"@context":"https:\/\/schema.org","@graph":[{"@type":"Article","@id":"https:\/\/www.strassenweb.de\/nachrichten\/steigen-sie-in-diesem-herbst-ihre-terrasse-oder-veranda-mit-hellen-blueten-und-exquisitem-abendduft-auf-hier-ist-wie-man-vier-uhr-in-behaeltern-waechst\/#article","isPartOf":{"@id":"https:\/\/www.strassenweb.de\/nachrichten\/steigen-sie-in-diesem-herbst-ihre-terrasse-oder-veranda-mit-hellen-blueten-und-exquisitem-abendduft-auf-hier-ist-wie-man-vier-uhr-in-behaeltern-waechst\/"},"author":{"name":"Robert Hoffmann","@id":"https:\/\/www.strassenweb.de\/nachrichten\/#\/schema\/person\/87c9c9067f1211da429a744dc5a5aa41"},"headline":"Steigen Sie in diesem Herbst Ihre Terrasse oder Veranda mit hellen Bl\u00fcten und exquisitem Abendduft auf &#8211; hier ist wie man vier Uhr in Beh\u00e4ltern w\u00e4chst","datePublished":"2025-09-23T11:40:13+00:00","dateModified":"2025-09-23T11:40:14+00:00","mainEntityOfPage":{"@id":"https:\/\/www.strassenweb.de\/nachrichten\/steigen-sie-in-diesem-herbst-ihre-terrasse-oder-veranda-mit-hellen-blueten-und-exquisitem-abendduft-auf-hier-ist-wie-man-vier-uhr-in-behaeltern-waechst\/"},"wordCount":1112,"publisher":{"@id":"https:\/\/www.strassenweb.de\/nachrichten\/#organization"},"image":{"@id":"https:\/\/www.strassenweb.de\/nachrichten\/steigen-sie-in-diesem-herbst-ihre-terrasse-oder-veranda-mit-hellen-blueten-und-exquisitem-abendduft-auf-hier-ist-wie-man-vier-uhr-in-behaeltern-waechst\/#primaryimage"},"thumbnailUrl":"https:\/\/www.strassenweb.de\/nachrichten\/wp-content\/uploads\/2025\/09\/Steigen-Sie-in-diesem-Herbst-Ihre-Terrasse-oder-Veranda-mit.jpg","keywords":["Abendduft","auf","Beh\u00e4ltern","Bl\u00fcten","diesem","exquisitem","hellen","Herbst","hier","ihre","ist","man","mit","oder","Sie","steigen","Terrasse","Uhr","und","Veranda","vier","w\u00e4chst","Wie"],"articleSection":["Haus &amp; Garten"],"inLanguage":"de"},{"@type":"WebPage","@id":"https:\/\/www.strassenweb.de\/nachrichten\/steigen-sie-in-diesem-herbst-ihre-terrasse-oder-veranda-mit-hellen-blueten-und-exquisitem-abendduft-auf-hier-ist-wie-man-vier-uhr-in-behaeltern-waechst\/","url":"https:\/\/www.strassenweb.de\/nachrichten\/steigen-sie-in-diesem-herbst-ihre-terrasse-oder-veranda-mit-hellen-blueten-und-exquisitem-abendduft-auf-hier-ist-wie-man-vier-uhr-in-behaeltern-waechst\/","name":"Steigen Sie in diesem Herbst Ihre Terrasse oder Veranda mit hellen Bl\u00fcten und exquisitem Abendduft auf - hier ist wie man vier Uhr in Beh\u00e4ltern w\u00e4chst - Nachrichten - Stra\u00dfenweb","isPartOf":{"@id":"https:\/\/www.strassenweb.de\/nachrichten\/#website"},"primaryImageOfPage":{"@id":"https:\/\/www.strassenweb.de\/nachrichten\/steigen-sie-in-diesem-herbst-ihre-terrasse-oder-veranda-mit-hellen-blueten-und-exquisitem-abendduft-auf-hier-ist-wie-man-vier-uhr-in-behaeltern-waechst\/#primaryimage"},"image":{"@id":"https:\/\/www.strassenweb.de\/nachrichten\/steigen-sie-in-diesem-herbst-ihre-terrasse-oder-veranda-mit-hellen-blueten-und-exquisitem-abendduft-auf-hier-ist-wie-man-vier-uhr-in-behaeltern-waechst\/#primaryimage"},"thumbnailUrl":"https:\/\/www.strassenweb.de\/nachrichten\/wp-content\/uploads\/2025\/09\/Steigen-Sie-in-diesem-Herbst-Ihre-Terrasse-oder-Veranda-mit.jpg","datePublished":"2025-09-23T11:40:13+00:00","dateModified":"2025-09-23T11:40:14+00:00","breadcrumb":{"@id":"https:\/\/www.strassenweb.de\/nachrichten\/steigen-sie-in-diesem-herbst-ihre-terrasse-oder-veranda-mit-hellen-blueten-und-exquisitem-abendduft-auf-hier-ist-wie-man-vier-uhr-in-behaeltern-waechst\/#breadcrumb"},"inLanguage":"de","potentialAction":[{"@type":"ReadAction","target":["https:\/\/www.strassenweb.de\/nachrichten\/steigen-sie-in-diesem-herbst-ihre-terrasse-oder-veranda-mit-hellen-blueten-und-exquisitem-abendduft-auf-hier-ist-wie-man-vier-uhr-in-behaeltern-waechst\/"]}]},{"@type":"ImageObject","inLanguage":"de","@id":"https:\/\/www.strassenweb.de\/nachrichten\/steigen-sie-in-diesem-herbst-ihre-terrasse-oder-veranda-mit-hellen-blueten-und-exquisitem-abendduft-auf-hier-ist-wie-man-vier-uhr-in-behaeltern-waechst\/#primaryimage","url":"https:\/\/www.strassenweb.de\/nachrichten\/wp-content\/uploads\/2025\/09\/Steigen-Sie-in-diesem-Herbst-Ihre-Terrasse-oder-Veranda-mit.jpg","contentUrl":"https:\/\/www.strassenweb.de\/nachrichten\/wp-content\/uploads\/2025\/09\/Steigen-Sie-in-diesem-Herbst-Ihre-Terrasse-oder-Veranda-mit.jpg","width":1600,"height":900,"caption":"Red, yellow, pink and mixed four o&amp;#039;clock blooms against a backdrop of green leaves and bricks"},{"@type":"BreadcrumbList","@id":"https:\/\/www.strassenweb.de\/nachrichten\/steigen-sie-in-diesem-herbst-ihre-terrasse-oder-veranda-mit-hellen-blueten-und-exquisitem-abendduft-auf-hier-ist-wie-man-vier-uhr-in-behaeltern-waechst\/#breadcrumb","itemListElement":[{"@type":"ListItem","position":1,"name":"Home","item":"https:\/\/www.strassenweb.de\/nachrichten\/"},{"@type":"ListItem","position":2,"name":"Steigen Sie in diesem Herbst Ihre Terrasse oder Veranda mit hellen Bl\u00fcten und exquisitem Abendduft auf &#8211; hier ist wie man vier Uhr in Beh\u00e4ltern w\u00e4chst"}]},{"@type":"WebSite","@id":"https:\/\/www.strassenweb.de\/nachrichten\/#website","url":"https:\/\/www.strassenweb.de\/nachrichten\/","name":"Stra\u00dfenweb","description":"Stra\u00dfenverzeichnis f\u00fcr Deutschland","publisher":{"@id":"https:\/\/www.strassenweb.de\/nachrichten\/#organization"},"potentialAction":[{"@type":"SearchAction","target":{"@type":"EntryPoint","urlTemplate":"https:\/\/www.strassenweb.de\/nachrichten\/?s={search_term_string}"},"query-input":{"@type":"PropertyValueSpecification","valueRequired":true,"valueName":"search_term_string"}}],"inLanguage":"de"},{"@type":"Organization","@id":"https:\/\/www.strassenweb.de\/nachrichten\/#organization","name":"Stra\u00dfenweb","url":"https:\/\/www.strassenweb.de\/nachrichten\/","logo":{"@type":"ImageObject","inLanguage":"de","@id":"https:\/\/www.strassenweb.de\/nachrichten\/#\/schema\/logo\/image\/","url":"https:\/\/www.strassenweb.de\/nachrichten\/wp-content\/uploads\/2024\/09\/cropped-favicon.png","contentUrl":"https:\/\/www.strassenweb.de\/nachrichten\/wp-content\/uploads\/2024\/09\/cropped-favicon.png","width":512,"height":512,"caption":"Stra\u00dfenweb"},"image":{"@id":"https:\/\/www.strassenweb.de\/nachrichten\/#\/schema\/logo\/image\/"},"sameAs":["https:\/\/www.facebook.com\/strassenweb\/"]},{"@type":"Person","@id":"https:\/\/www.strassenweb.de\/nachrichten\/#\/schema\/person\/87c9c9067f1211da429a744dc5a5aa41","name":"Robert Hoffmann","image":{"@type":"ImageObject","inLanguage":"de","@id":"https:\/\/www.strassenweb.de\/nachrichten\/wp-content\/uploads\/2024\/09\/strassenweb-150x150.jpg","url":"https:\/\/www.strassenweb.de\/nachrichten\/wp-content\/uploads\/2024\/09\/strassenweb-150x150.jpg","contentUrl":"https:\/\/www.strassenweb.de\/nachrichten\/wp-content\/uploads\/2024\/09\/strassenweb-150x150.jpg","caption":"Robert Hoffmann"},"description":"Ich hei\u00dfe Robert Hoffmann und ich bin ein leidenschaftlicher Verfechter von \u00d6kologie und Biodiversit\u00e4t. Seit meiner Kindheit in den W\u00e4ldern Bayerns f\u00fchle ich mich mit der Natur verbunden und bin entschlossen, sie zu sch\u00fctzen. Heute widme ich mein Leben der Sensibilisierung anderer f\u00fcr die Bedeutung des Umweltschutzes f\u00fcr zuk\u00fcnftige Generationen.","sameAs":["https:\/\/www.strassenweb.de\/"]}]}},"_links":{"self":[{"href":"https:\/\/www.strassenweb.de\/nachrichten\/wp-json\/wp\/v2\/posts\/7934","targetHints":{"allow":["GET"]}}],"collection":[{"href":"https:\/\/www.strassenweb.de\/nachrichten\/wp-json\/wp\/v2\/posts"}],"about":[{"href":"https:\/\/www.strassenweb.de\/nachrichten\/wp-json\/wp\/v2\/types\/post"}],"author":[{"embeddable":true,"href":"https:\/\/www.strassenweb.de\/nachrichten\/wp-json\/wp\/v2\/users\/1"}],"replies":[{"embeddable":true,"href":"https:\/\/www.strassenweb.de\/nachrichten\/wp-json\/wp\/v2\/comments?post=7934"}],"version-history":[{"count":0,"href":"https:\/\/www.strassenweb.de\/nachrichten\/wp-json\/wp\/v2\/posts\/7934\/revisions"}],"wp:featuredmedia":[{"embeddable":true,"href":"https:\/\/www.strassenweb.de\/nachrichten\/wp-json\/wp\/v2\/media\/7935"}],"wp:attachment":[{"href":"https:\/\/www.strassenweb.de\/nachrichten\/wp-json\/wp\/v2\/media?parent=7934"}],"wp:term":[{"taxonomy":"category","embeddable":true,"href":"https:\/\/www.strassenweb.de\/nachrichten\/wp-json\/wp\/v2\/categories?post=7934"},{"taxonomy":"post_tag","embeddable":true,"href":"https:\/\/www.strassenweb.de\/nachrichten\/wp-json\/wp\/v2\/tags?post=7934"}],"curies":[{"name":"wp","href":"https:\/\/api.w.org\/{rel}","templated":true}]}}