{"id":793,"date":"2024-10-10T11:42:40","date_gmt":"2024-10-10T09:42:40","guid":{"rendered":"https:\/\/www.strassenweb.de\/nachrichten\/badger-trust-teilt-den-brief-der-defra-mit-in-dem-sie-auf-konsultationsbedenken-reagiert\/"},"modified":"2024-10-10T11:42:40","modified_gmt":"2024-10-10T09:42:40","slug":"badger-trust-teilt-den-brief-der-defra-mit-in-dem-sie-auf-konsultationsbedenken-reagiert","status":"publish","type":"post","link":"https:\/\/www.strassenweb.de\/nachrichten\/badger-trust-teilt-den-brief-der-defra-mit-in-dem-sie-auf-konsultationsbedenken-reagiert\/","title":{"rendered":"Badger Trust teilt den Brief der DEFRA mit, in dem sie auf Konsultationsbedenken reagiert"},"content":{"rendered":"<h4 class=\"wp-block-heading\" id=\"m_-8051656115102217573m_8914550688020880971m_-9040603103193462771gmail-viewer-foo\">Badger Trust und Wild Justice schlie\u00dfen sich zusammen, um die Antwort von DEFRA \u00f6ffentlich zu teilen und so als Leitfaden f\u00fcr die Konsultationsantworten zu dienen.<\/h4>\n<p id=\"m_-8051656115102217573m_8914550688020880971m_-9040603103193462771gmail-viewer-m4tag80\">DEFRA hat seine Konsultation zur \u201eDachsbek\u00e4mpfung\u201c um drei Wochen verl\u00e4ngert, es jedoch vers\u00e4umt, der \u00d6ffentlichkeit zus\u00e4tzliche Informationen zur Verf\u00fcgung zu stellen, um eine fundierte Antwort geben zu k\u00f6nnen.  <\/p>\n<p id=\"m_-8051656115102217573m_8914550688020880971m_-9040603103193462771gmail-viewer-rkq1i83\">Aufgrund des Mangels an ausreichenden Informationen in der Konsultation hatten Badger Trust und Wild Justice wichtige Bedenken und forderten Klarstellung und zus\u00e4tzliche Informationen.<\/p>\n<p id=\"m_-8051656115102217573m_8914550688020880971m_-9040603103193462771gmail-viewer-ujj8u86\">Wir teilen Ihnen hier die Antwort der DEFRA auf unseren gemeinsamen Brief vom 22. M\u00e4rz mit. Obwohl die DEFRA die Frist f\u00fcr die Konsultation um weitere drei Wochen verl\u00e4ngerte \u2013 wie es bei anderen Konsultationen \u00fcblich ist \u2013 stellte sie \u00f6ffentlich keine zus\u00e4tzlichen Ressourcen zur Verf\u00fcgung.<\/p>\n<p id=\"m_-8051656115102217573m_8914550688020880971m_-9040603103193462771gmail-viewer-4pjkp956\">Wir teilen ihre Antwort mit Ihnen in der Hoffnung, dass sie Ihnen als Orientierung f\u00fcr Ihre Reaktion auf die Konsultation dienen kann \u2013 vor allem, um hervorzuheben, dass DEFRA keine Daten zu Keulungsoperationen vorliegen.<\/p>\n<p id=\"m_-8051656115102217573m_8914550688020880971m_-9040603103193462771gmail-viewer-hx30u91\">Die Antwort von DEFRA auf unseren Brief bleibt vage und widerspr\u00fcchlich und es mangelt an ausreichenden Informationen. <\/p>\n<p id=\"m_-8051656115102217573m_8914550688020880971m_-9040603103193462771gmail-viewer-7t7jb94\">So hei\u00dft es beispielsweise in der Konsultation <em>\u201eDie wirtschaftlichen Auswirkungen der Rindertuberkulose sind einer der Faktoren, die in dieser Konsultation ber\u00fccksichtigt werden.\u201c<\/em>. Dennoch hei\u00dft es im Antwortschreiben der DEFRA, dass die vorgeschlagene Strategie der \u201egezielten Dachsbek\u00e4mpfung\u201c auf nichtfinanziellen Faktoren basiert. Daher behauptet DEFRA, dass es keine wirtschaftlichen Argumente f\u00fcr den neuen, gezielten, extremen Ansatz begr\u00fcnden muss.<\/p>\n<p id=\"m_-8051656115102217573m_8914550688020880971m_-9040603103193462771gmail-viewer-6utl599\">Es gibt nicht einmal einen verschleierten Versuch einer Folgenabsch\u00e4tzung der vorgeschlagenen Strategie oder einen soliden Plan, um sicherzustellen, dass Dachspopulationen nicht lokal aussterben.<\/p>\n<p id=\"m_-8051656115102217573m_8914550688020880971m_-9040603103193462771gmail-viewer-ac23d102\">Peter Hambly, Gesch\u00e4ftsf\u00fchrer von Badger Trust, kommentierte:<\/p>\n<p id=\"m_-8051656115102217573m_8914550688020880971m_-9040603103193462771gmail-viewer-i80az104\">\u201eObwohl es in England in den letzten 11 Jahren zu Keulungen kam, bei denen bis heute \u00fcber 230.000 Dachse get\u00f6tet wurden, verf\u00fcgt DEFRA immer noch nicht \u00fcber die Instrumente, um irgendeine Form der Folgenabsch\u00e4tzung f\u00fcr Dachse oder die Auswirkungen der Keulung auf andere einheimische Wildtiere und \u00d6kosystemleistungen durchzuf\u00fchren. \u201d<\/p>\n<p id=\"m_-8051656115102217573m_8914550688020880971m_-9040603103193462771gmail-viewer-8i8m3107\">\u201eWir fordern Sie dringend auf, an dieser Konsultation teilzunehmen und Ihre Besorgnis \u00fcber den Mangel an Transparenz und Robustheit dieser verheerenden Politik zum Ausdruck zu bringen, die sowohl Landwirten als auch unserer einheimischen Tierwelt im Stich l\u00e4sst.\u201c<\/p>\n<p id=\"m_-8051656115102217573m_8914550688020880971m_-9040603103193462771gmail-viewer-0wu94110\">\u201eWenn wir jetzt nicht handeln, k\u00f6nnte diese neue gezielte Politik das Ende der Dachse in diesem Land, wie wir es kennen, bedeuten.\u201c<\/p>\n<p id=\"m_-8051656115102217573m_8914550688020880971m_-9040603103193462771gmail-viewer-407bp112\">Badger Trust und Wild Justice haben die Anw\u00e4lte von Leigh Day gemeinsam angewiesen, am 22. M\u00e4rz 2024 eine dringende Anfrage an DEFRA zu ihrer k\u00fcrzlich ver\u00f6ffentlichten Konsultation zur Weiterentwicklung der Dachsbek\u00e4mpfungspolitik und zur Einf\u00fchrung zus\u00e4tzlicher Viehma\u00dfnahmen zu richten.<\/p>\n<p id=\"m_-8051656115102217573m_8914550688020880971m_-9040603103193462771gmail-viewer-h92qc117\">Das Rechtsteam von DEFRA antwortete am 19. April um 17:07 Uhr auf unseren Brief, nur einen Arbeitstag vor dem urspr\u00fcnglichen Enddatum der Konsultation.<\/p>\n<p id=\"m_-8051656115102217573m_8914550688020880971m_-9040603103193462771gmail-viewer-p97ju120\">DEFRA hat nun die Frist f\u00fcr die Beantwortung der Konsultation bis zum 13. Mai um 23.59 Uhr verl\u00e4ngert<\/p>\n","protected":false},"excerpt":{"rendered":"<p>Badger Trust und Wild Justice schlie\u00dfen sich zusammen, um die Antwort von DEFRA \u00f6ffentlich zu teilen und so als Leitfaden f\u00fcr die Konsultationsantworten zu dienen.<\/p>\n","protected":false},"author":1,"featured_media":96,"comment_status":"closed","ping_status":"","sticky":false,"template":"","format":"standard","meta":{"footnotes":""},"categories":[101],"tags":[46,289,1578,91,78,81,1579,146,77,165,1577,290],"class_list":["post-793","post","type-post","status-publish","format-standard","has-post-thumbnail","hentry","category-oekologie","tag-auf","tag-badger","tag-defra","tag-dem","tag-den","tag-der","tag-konsultationsbedenken","tag-mit","tag-reagiert","tag-sie","tag-teilt","tag-trust","generate-columns","tablet-grid-50","mobile-grid-100","grid-parent","grid-50"],"yoast_head":"<!-- This site is optimized with the Yoast SEO plugin v27.3 - https:\/\/yoast.com\/product\/yoast-seo-wordpress\/ -->\n<title>Badger Trust teilt den Brief der DEFRA mit, in dem sie auf Konsultationsbedenken reagiert - Nachrichten - Stra\u00dfenweb<\/title>\n<meta name=\"robots\" content=\"index, follow, max-snippet:-1, max-image-preview:large, max-video-preview:-1\" \/>\n<link rel=\"canonical\" href=\"https:\/\/www.strassenweb.de\/nachrichten\/badger-trust-teilt-den-brief-der-defra-mit-in-dem-sie-auf-konsultationsbedenken-reagiert\/\" \/>\n<meta property=\"og:locale\" content=\"de_DE\" \/>\n<meta property=\"og:type\" content=\"article\" \/>\n<meta property=\"og:title\" content=\"Badger Trust teilt den Brief der DEFRA mit, in dem sie auf Konsultationsbedenken reagiert - Nachrichten - Stra\u00dfenweb\" \/>\n<meta property=\"og:description\" content=\"Badger Trust und Wild Justice schlie\u00dfen sich zusammen, um die Antwort von DEFRA \u00f6ffentlich zu teilen und so als Leitfaden f\u00fcr die Konsultationsantworten zu dienen.\" \/>\n<meta property=\"og:url\" content=\"https:\/\/www.strassenweb.de\/nachrichten\/badger-trust-teilt-den-brief-der-defra-mit-in-dem-sie-auf-konsultationsbedenken-reagiert\/\" \/>\n<meta property=\"og:site_name\" content=\"Stra\u00dfenweb\" \/>\n<meta property=\"article:publisher\" content=\"https:\/\/www.facebook.com\/strassenweb\/\" \/>\n<meta property=\"article:published_time\" content=\"2024-10-10T09:42:40+00:00\" \/>\n<meta property=\"og:image\" content=\"https:\/\/www.strassenweb.de\/nachrichten\/wp-content\/uploads\/2024\/09\/Die-britische-Regierung-muss-sich-diese-Woche-erneut-mit-der.jpg\" \/>\n\t<meta property=\"og:image:width\" content=\"900\" \/>\n\t<meta property=\"og:image:height\" content=\"600\" \/>\n\t<meta property=\"og:image:type\" content=\"image\/jpeg\" \/>\n<meta name=\"author\" content=\"Robert Hoffmann\" \/>\n<meta name=\"twitter:card\" content=\"summary_large_image\" \/>\n<meta name=\"twitter:label1\" content=\"Verfasst von\" \/>\n\t<meta name=\"twitter:data1\" content=\"Robert Hoffmann\" \/>\n\t<meta name=\"twitter:label2\" content=\"Gesch\u00e4tzte Lesezeit\" \/>\n\t<meta name=\"twitter:data2\" content=\"2\u00a0Minuten\" \/>\n<script type=\"application\/ld+json\" class=\"yoast-schema-graph\">{\"@context\":\"https:\\\/\\\/schema.org\",\"@graph\":[{\"@type\":\"Article\",\"@id\":\"https:\\\/\\\/www.strassenweb.de\\\/nachrichten\\\/badger-trust-teilt-den-brief-der-defra-mit-in-dem-sie-auf-konsultationsbedenken-reagiert\\\/#article\",\"isPartOf\":{\"@id\":\"https:\\\/\\\/www.strassenweb.de\\\/nachrichten\\\/badger-trust-teilt-den-brief-der-defra-mit-in-dem-sie-auf-konsultationsbedenken-reagiert\\\/\"},\"author\":{\"name\":\"Robert Hoffmann\",\"@id\":\"https:\\\/\\\/www.strassenweb.de\\\/nachrichten\\\/#\\\/schema\\\/person\\\/87c9c9067f1211da429a744dc5a5aa41\"},\"headline\":\"Badger Trust teilt den Brief der DEFRA mit, in dem sie auf Konsultationsbedenken reagiert\",\"datePublished\":\"2024-10-10T09:42:40+00:00\",\"mainEntityOfPage\":{\"@id\":\"https:\\\/\\\/www.strassenweb.de\\\/nachrichten\\\/badger-trust-teilt-den-brief-der-defra-mit-in-dem-sie-auf-konsultationsbedenken-reagiert\\\/\"},\"wordCount\":490,\"publisher\":{\"@id\":\"https:\\\/\\\/www.strassenweb.de\\\/nachrichten\\\/#organization\"},\"image\":{\"@id\":\"https:\\\/\\\/www.strassenweb.de\\\/nachrichten\\\/badger-trust-teilt-den-brief-der-defra-mit-in-dem-sie-auf-konsultationsbedenken-reagiert\\\/#primaryimage\"},\"thumbnailUrl\":\"https:\\\/\\\/www.strassenweb.de\\\/nachrichten\\\/wp-content\\\/uploads\\\/2024\\\/09\\\/Die-britische-Regierung-muss-sich-diese-Woche-erneut-mit-der.jpg\",\"keywords\":[\"auf\",\"Badger\",\"DEFRA\",\"dem\",\"den\",\"der\",\"Konsultationsbedenken\",\"mit\",\"reagiert\",\"Sie\",\"teilt\",\"Trust\"],\"articleSection\":[\"\u00d6kologie\"],\"inLanguage\":\"de\"},{\"@type\":\"WebPage\",\"@id\":\"https:\\\/\\\/www.strassenweb.de\\\/nachrichten\\\/badger-trust-teilt-den-brief-der-defra-mit-in-dem-sie-auf-konsultationsbedenken-reagiert\\\/\",\"url\":\"https:\\\/\\\/www.strassenweb.de\\\/nachrichten\\\/badger-trust-teilt-den-brief-der-defra-mit-in-dem-sie-auf-konsultationsbedenken-reagiert\\\/\",\"name\":\"Badger Trust teilt den Brief der DEFRA mit, in dem sie auf Konsultationsbedenken reagiert - Nachrichten - Stra\u00dfenweb\",\"isPartOf\":{\"@id\":\"https:\\\/\\\/www.strassenweb.de\\\/nachrichten\\\/#website\"},\"primaryImageOfPage\":{\"@id\":\"https:\\\/\\\/www.strassenweb.de\\\/nachrichten\\\/badger-trust-teilt-den-brief-der-defra-mit-in-dem-sie-auf-konsultationsbedenken-reagiert\\\/#primaryimage\"},\"image\":{\"@id\":\"https:\\\/\\\/www.strassenweb.de\\\/nachrichten\\\/badger-trust-teilt-den-brief-der-defra-mit-in-dem-sie-auf-konsultationsbedenken-reagiert\\\/#primaryimage\"},\"thumbnailUrl\":\"https:\\\/\\\/www.strassenweb.de\\\/nachrichten\\\/wp-content\\\/uploads\\\/2024\\\/09\\\/Die-britische-Regierung-muss-sich-diese-Woche-erneut-mit-der.jpg\",\"datePublished\":\"2024-10-10T09:42:40+00:00\",\"breadcrumb\":{\"@id\":\"https:\\\/\\\/www.strassenweb.de\\\/nachrichten\\\/badger-trust-teilt-den-brief-der-defra-mit-in-dem-sie-auf-konsultationsbedenken-reagiert\\\/#breadcrumb\"},\"inLanguage\":\"de\",\"potentialAction\":[{\"@type\":\"ReadAction\",\"target\":[\"https:\\\/\\\/www.strassenweb.de\\\/nachrichten\\\/badger-trust-teilt-den-brief-der-defra-mit-in-dem-sie-auf-konsultationsbedenken-reagiert\\\/\"]}]},{\"@type\":\"ImageObject\",\"inLanguage\":\"de\",\"@id\":\"https:\\\/\\\/www.strassenweb.de\\\/nachrichten\\\/badger-trust-teilt-den-brief-der-defra-mit-in-dem-sie-auf-konsultationsbedenken-reagiert\\\/#primaryimage\",\"url\":\"https:\\\/\\\/www.strassenweb.de\\\/nachrichten\\\/wp-content\\\/uploads\\\/2024\\\/09\\\/Die-britische-Regierung-muss-sich-diese-Woche-erneut-mit-der.jpg\",\"contentUrl\":\"https:\\\/\\\/www.strassenweb.de\\\/nachrichten\\\/wp-content\\\/uploads\\\/2024\\\/09\\\/Die-britische-Regierung-muss-sich-diese-Woche-erneut-mit-der.jpg\",\"width\":900,\"height\":600,\"caption\":\"The UK Government is back in front of the Bern Convention this week about its badger cull policy\"},{\"@type\":\"BreadcrumbList\",\"@id\":\"https:\\\/\\\/www.strassenweb.de\\\/nachrichten\\\/badger-trust-teilt-den-brief-der-defra-mit-in-dem-sie-auf-konsultationsbedenken-reagiert\\\/#breadcrumb\",\"itemListElement\":[{\"@type\":\"ListItem\",\"position\":1,\"name\":\"Home\",\"item\":\"https:\\\/\\\/www.strassenweb.de\\\/nachrichten\\\/\"},{\"@type\":\"ListItem\",\"position\":2,\"name\":\"Badger Trust teilt den Brief der DEFRA mit, in dem sie auf Konsultationsbedenken reagiert\"}]},{\"@type\":\"WebSite\",\"@id\":\"https:\\\/\\\/www.strassenweb.de\\\/nachrichten\\\/#website\",\"url\":\"https:\\\/\\\/www.strassenweb.de\\\/nachrichten\\\/\",\"name\":\"Stra\u00dfenweb\",\"description\":\"Stra\u00dfenverzeichnis f\u00fcr Deutschland\",\"publisher\":{\"@id\":\"https:\\\/\\\/www.strassenweb.de\\\/nachrichten\\\/#organization\"},\"potentialAction\":[{\"@type\":\"SearchAction\",\"target\":{\"@type\":\"EntryPoint\",\"urlTemplate\":\"https:\\\/\\\/www.strassenweb.de\\\/nachrichten\\\/?s={search_term_string}\"},\"query-input\":{\"@type\":\"PropertyValueSpecification\",\"valueRequired\":true,\"valueName\":\"search_term_string\"}}],\"inLanguage\":\"de\"},{\"@type\":\"Organization\",\"@id\":\"https:\\\/\\\/www.strassenweb.de\\\/nachrichten\\\/#organization\",\"name\":\"Stra\u00dfenweb\",\"url\":\"https:\\\/\\\/www.strassenweb.de\\\/nachrichten\\\/\",\"logo\":{\"@type\":\"ImageObject\",\"inLanguage\":\"de\",\"@id\":\"https:\\\/\\\/www.strassenweb.de\\\/nachrichten\\\/#\\\/schema\\\/logo\\\/image\\\/\",\"url\":\"https:\\\/\\\/www.strassenweb.de\\\/nachrichten\\\/wp-content\\\/uploads\\\/2024\\\/09\\\/cropped-favicon.png\",\"contentUrl\":\"https:\\\/\\\/www.strassenweb.de\\\/nachrichten\\\/wp-content\\\/uploads\\\/2024\\\/09\\\/cropped-favicon.png\",\"width\":512,\"height\":512,\"caption\":\"Stra\u00dfenweb\"},\"image\":{\"@id\":\"https:\\\/\\\/www.strassenweb.de\\\/nachrichten\\\/#\\\/schema\\\/logo\\\/image\\\/\"},\"sameAs\":[\"https:\\\/\\\/www.facebook.com\\\/strassenweb\\\/\"]},{\"@type\":\"Person\",\"@id\":\"https:\\\/\\\/www.strassenweb.de\\\/nachrichten\\\/#\\\/schema\\\/person\\\/87c9c9067f1211da429a744dc5a5aa41\",\"name\":\"Robert Hoffmann\",\"image\":{\"@type\":\"ImageObject\",\"inLanguage\":\"de\",\"@id\":\"https:\\\/\\\/www.strassenweb.de\\\/nachrichten\\\/wp-content\\\/uploads\\\/2024\\\/09\\\/strassenweb-150x150.jpg\",\"url\":\"https:\\\/\\\/www.strassenweb.de\\\/nachrichten\\\/wp-content\\\/uploads\\\/2024\\\/09\\\/strassenweb-150x150.jpg\",\"contentUrl\":\"https:\\\/\\\/www.strassenweb.de\\\/nachrichten\\\/wp-content\\\/uploads\\\/2024\\\/09\\\/strassenweb-150x150.jpg\",\"caption\":\"Robert Hoffmann\"},\"description\":\"Ich hei\u00dfe Robert Hoffmann und ich bin ein leidenschaftlicher Verfechter von \u00d6kologie und Biodiversit\u00e4t. Seit meiner Kindheit in den W\u00e4ldern Bayerns f\u00fchle ich mich mit der Natur verbunden und bin entschlossen, sie zu sch\u00fctzen. Heute widme ich mein Leben der Sensibilisierung anderer f\u00fcr die Bedeutung des Umweltschutzes f\u00fcr zuk\u00fcnftige Generationen.\",\"sameAs\":[\"https:\\\/\\\/www.strassenweb.de\\\/\"]}]}<\/script>\n<!-- \/ Yoast SEO plugin. -->","yoast_head_json":{"title":"Badger Trust teilt den Brief der DEFRA mit, in dem sie auf Konsultationsbedenken reagiert - Nachrichten - Stra\u00dfenweb","robots":{"index":"index","follow":"follow","max-snippet":"max-snippet:-1","max-image-preview":"max-image-preview:large","max-video-preview":"max-video-preview:-1"},"canonical":"https:\/\/www.strassenweb.de\/nachrichten\/badger-trust-teilt-den-brief-der-defra-mit-in-dem-sie-auf-konsultationsbedenken-reagiert\/","og_locale":"de_DE","og_type":"article","og_title":"Badger Trust teilt den Brief der DEFRA mit, in dem sie auf Konsultationsbedenken reagiert - Nachrichten - Stra\u00dfenweb","og_description":"Badger Trust und Wild Justice schlie\u00dfen sich zusammen, um die Antwort von DEFRA \u00f6ffentlich zu teilen und so als Leitfaden f\u00fcr die Konsultationsantworten zu dienen.","og_url":"https:\/\/www.strassenweb.de\/nachrichten\/badger-trust-teilt-den-brief-der-defra-mit-in-dem-sie-auf-konsultationsbedenken-reagiert\/","og_site_name":"Stra\u00dfenweb","article_publisher":"https:\/\/www.facebook.com\/strassenweb\/","article_published_time":"2024-10-10T09:42:40+00:00","og_image":[{"width":900,"height":600,"url":"https:\/\/www.strassenweb.de\/nachrichten\/wp-content\/uploads\/2024\/09\/Die-britische-Regierung-muss-sich-diese-Woche-erneut-mit-der.jpg","type":"image\/jpeg"}],"author":"Robert Hoffmann","twitter_card":"summary_large_image","twitter_misc":{"Verfasst von":"Robert Hoffmann","Gesch\u00e4tzte Lesezeit":"2\u00a0Minuten"},"schema":{"@context":"https:\/\/schema.org","@graph":[{"@type":"Article","@id":"https:\/\/www.strassenweb.de\/nachrichten\/badger-trust-teilt-den-brief-der-defra-mit-in-dem-sie-auf-konsultationsbedenken-reagiert\/#article","isPartOf":{"@id":"https:\/\/www.strassenweb.de\/nachrichten\/badger-trust-teilt-den-brief-der-defra-mit-in-dem-sie-auf-konsultationsbedenken-reagiert\/"},"author":{"name":"Robert Hoffmann","@id":"https:\/\/www.strassenweb.de\/nachrichten\/#\/schema\/person\/87c9c9067f1211da429a744dc5a5aa41"},"headline":"Badger Trust teilt den Brief der DEFRA mit, in dem sie auf Konsultationsbedenken reagiert","datePublished":"2024-10-10T09:42:40+00:00","mainEntityOfPage":{"@id":"https:\/\/www.strassenweb.de\/nachrichten\/badger-trust-teilt-den-brief-der-defra-mit-in-dem-sie-auf-konsultationsbedenken-reagiert\/"},"wordCount":490,"publisher":{"@id":"https:\/\/www.strassenweb.de\/nachrichten\/#organization"},"image":{"@id":"https:\/\/www.strassenweb.de\/nachrichten\/badger-trust-teilt-den-brief-der-defra-mit-in-dem-sie-auf-konsultationsbedenken-reagiert\/#primaryimage"},"thumbnailUrl":"https:\/\/www.strassenweb.de\/nachrichten\/wp-content\/uploads\/2024\/09\/Die-britische-Regierung-muss-sich-diese-Woche-erneut-mit-der.jpg","keywords":["auf","Badger","DEFRA","dem","den","der","Konsultationsbedenken","mit","reagiert","Sie","teilt","Trust"],"articleSection":["\u00d6kologie"],"inLanguage":"de"},{"@type":"WebPage","@id":"https:\/\/www.strassenweb.de\/nachrichten\/badger-trust-teilt-den-brief-der-defra-mit-in-dem-sie-auf-konsultationsbedenken-reagiert\/","url":"https:\/\/www.strassenweb.de\/nachrichten\/badger-trust-teilt-den-brief-der-defra-mit-in-dem-sie-auf-konsultationsbedenken-reagiert\/","name":"Badger Trust teilt den Brief der DEFRA mit, in dem sie auf Konsultationsbedenken reagiert - Nachrichten - Stra\u00dfenweb","isPartOf":{"@id":"https:\/\/www.strassenweb.de\/nachrichten\/#website"},"primaryImageOfPage":{"@id":"https:\/\/www.strassenweb.de\/nachrichten\/badger-trust-teilt-den-brief-der-defra-mit-in-dem-sie-auf-konsultationsbedenken-reagiert\/#primaryimage"},"image":{"@id":"https:\/\/www.strassenweb.de\/nachrichten\/badger-trust-teilt-den-brief-der-defra-mit-in-dem-sie-auf-konsultationsbedenken-reagiert\/#primaryimage"},"thumbnailUrl":"https:\/\/www.strassenweb.de\/nachrichten\/wp-content\/uploads\/2024\/09\/Die-britische-Regierung-muss-sich-diese-Woche-erneut-mit-der.jpg","datePublished":"2024-10-10T09:42:40+00:00","breadcrumb":{"@id":"https:\/\/www.strassenweb.de\/nachrichten\/badger-trust-teilt-den-brief-der-defra-mit-in-dem-sie-auf-konsultationsbedenken-reagiert\/#breadcrumb"},"inLanguage":"de","potentialAction":[{"@type":"ReadAction","target":["https:\/\/www.strassenweb.de\/nachrichten\/badger-trust-teilt-den-brief-der-defra-mit-in-dem-sie-auf-konsultationsbedenken-reagiert\/"]}]},{"@type":"ImageObject","inLanguage":"de","@id":"https:\/\/www.strassenweb.de\/nachrichten\/badger-trust-teilt-den-brief-der-defra-mit-in-dem-sie-auf-konsultationsbedenken-reagiert\/#primaryimage","url":"https:\/\/www.strassenweb.de\/nachrichten\/wp-content\/uploads\/2024\/09\/Die-britische-Regierung-muss-sich-diese-Woche-erneut-mit-der.jpg","contentUrl":"https:\/\/www.strassenweb.de\/nachrichten\/wp-content\/uploads\/2024\/09\/Die-britische-Regierung-muss-sich-diese-Woche-erneut-mit-der.jpg","width":900,"height":600,"caption":"The UK Government is back in front of the Bern Convention this week about its badger cull policy"},{"@type":"BreadcrumbList","@id":"https:\/\/www.strassenweb.de\/nachrichten\/badger-trust-teilt-den-brief-der-defra-mit-in-dem-sie-auf-konsultationsbedenken-reagiert\/#breadcrumb","itemListElement":[{"@type":"ListItem","position":1,"name":"Home","item":"https:\/\/www.strassenweb.de\/nachrichten\/"},{"@type":"ListItem","position":2,"name":"Badger Trust teilt den Brief der DEFRA mit, in dem sie auf Konsultationsbedenken reagiert"}]},{"@type":"WebSite","@id":"https:\/\/www.strassenweb.de\/nachrichten\/#website","url":"https:\/\/www.strassenweb.de\/nachrichten\/","name":"Stra\u00dfenweb","description":"Stra\u00dfenverzeichnis f\u00fcr Deutschland","publisher":{"@id":"https:\/\/www.strassenweb.de\/nachrichten\/#organization"},"potentialAction":[{"@type":"SearchAction","target":{"@type":"EntryPoint","urlTemplate":"https:\/\/www.strassenweb.de\/nachrichten\/?s={search_term_string}"},"query-input":{"@type":"PropertyValueSpecification","valueRequired":true,"valueName":"search_term_string"}}],"inLanguage":"de"},{"@type":"Organization","@id":"https:\/\/www.strassenweb.de\/nachrichten\/#organization","name":"Stra\u00dfenweb","url":"https:\/\/www.strassenweb.de\/nachrichten\/","logo":{"@type":"ImageObject","inLanguage":"de","@id":"https:\/\/www.strassenweb.de\/nachrichten\/#\/schema\/logo\/image\/","url":"https:\/\/www.strassenweb.de\/nachrichten\/wp-content\/uploads\/2024\/09\/cropped-favicon.png","contentUrl":"https:\/\/www.strassenweb.de\/nachrichten\/wp-content\/uploads\/2024\/09\/cropped-favicon.png","width":512,"height":512,"caption":"Stra\u00dfenweb"},"image":{"@id":"https:\/\/www.strassenweb.de\/nachrichten\/#\/schema\/logo\/image\/"},"sameAs":["https:\/\/www.facebook.com\/strassenweb\/"]},{"@type":"Person","@id":"https:\/\/www.strassenweb.de\/nachrichten\/#\/schema\/person\/87c9c9067f1211da429a744dc5a5aa41","name":"Robert Hoffmann","image":{"@type":"ImageObject","inLanguage":"de","@id":"https:\/\/www.strassenweb.de\/nachrichten\/wp-content\/uploads\/2024\/09\/strassenweb-150x150.jpg","url":"https:\/\/www.strassenweb.de\/nachrichten\/wp-content\/uploads\/2024\/09\/strassenweb-150x150.jpg","contentUrl":"https:\/\/www.strassenweb.de\/nachrichten\/wp-content\/uploads\/2024\/09\/strassenweb-150x150.jpg","caption":"Robert Hoffmann"},"description":"Ich hei\u00dfe Robert Hoffmann und ich bin ein leidenschaftlicher Verfechter von \u00d6kologie und Biodiversit\u00e4t. Seit meiner Kindheit in den W\u00e4ldern Bayerns f\u00fchle ich mich mit der Natur verbunden und bin entschlossen, sie zu sch\u00fctzen. Heute widme ich mein Leben der Sensibilisierung anderer f\u00fcr die Bedeutung des Umweltschutzes f\u00fcr zuk\u00fcnftige Generationen.","sameAs":["https:\/\/www.strassenweb.de\/"]}]}},"_links":{"self":[{"href":"https:\/\/www.strassenweb.de\/nachrichten\/wp-json\/wp\/v2\/posts\/793","targetHints":{"allow":["GET"]}}],"collection":[{"href":"https:\/\/www.strassenweb.de\/nachrichten\/wp-json\/wp\/v2\/posts"}],"about":[{"href":"https:\/\/www.strassenweb.de\/nachrichten\/wp-json\/wp\/v2\/types\/post"}],"author":[{"embeddable":true,"href":"https:\/\/www.strassenweb.de\/nachrichten\/wp-json\/wp\/v2\/users\/1"}],"replies":[{"embeddable":true,"href":"https:\/\/www.strassenweb.de\/nachrichten\/wp-json\/wp\/v2\/comments?post=793"}],"version-history":[{"count":0,"href":"https:\/\/www.strassenweb.de\/nachrichten\/wp-json\/wp\/v2\/posts\/793\/revisions"}],"wp:featuredmedia":[{"embeddable":true,"href":"https:\/\/www.strassenweb.de\/nachrichten\/wp-json\/wp\/v2\/media\/96"}],"wp:attachment":[{"href":"https:\/\/www.strassenweb.de\/nachrichten\/wp-json\/wp\/v2\/media?parent=793"}],"wp:term":[{"taxonomy":"category","embeddable":true,"href":"https:\/\/www.strassenweb.de\/nachrichten\/wp-json\/wp\/v2\/categories?post=793"},{"taxonomy":"post_tag","embeddable":true,"href":"https:\/\/www.strassenweb.de\/nachrichten\/wp-json\/wp\/v2\/tags?post=793"}],"curies":[{"name":"wp","href":"https:\/\/api.w.org\/{rel}","templated":true}]}}