{"id":7928,"date":"2025-09-23T07:39:23","date_gmt":"2025-09-23T05:39:23","guid":{"rendered":"https:\/\/www.strassenweb.de\/nachrichten\/hast-du-von-tuerschmuck-gehoert-es-ist-der-erschwingliche-charakteristische-trend-der-ihrer-veranda-sofort-mehr-persoenlichkeit-verleihen-kann\/"},"modified":"2025-09-23T07:39:25","modified_gmt":"2025-09-23T05:39:25","slug":"hast-du-von-tuerschmuck-gehoert-es-ist-der-erschwingliche-charakteristische-trend-der-ihrer-veranda-sofort-mehr-persoenlichkeit-verleihen-kann","status":"publish","type":"post","link":"https:\/\/www.strassenweb.de\/nachrichten\/hast-du-von-tuerschmuck-gehoert-es-ist-der-erschwingliche-charakteristische-trend-der-ihrer-veranda-sofort-mehr-persoenlichkeit-verleihen-kann\/","title":{"rendered":"Hast du von &#8218;T\u00fcrschmuck&#8216; geh\u00f6rt? Es ist der erschwingliche, charakteristische Trend, der Ihrer Veranda sofort mehr Pers\u00f6nlichkeit verleihen kann"},"content":{"rendered":"<p><\/p>\n<div id=\"article-body\" class=\"article__body \">\n<p id=\"d0b32d5f-57c2-4ecf-8de0-11f99fb087cc\">Wenn Sie das Wort &#8222;Schmuck&#8220; lesen, stellen Sie sich wahrscheinlich Ohrringe, Halsketten, Armb\u00e4nder oder andere kleine Accessoires vor, die getragen werden k\u00f6nnen, um ein Outfit zu vervollst\u00e4ndigen. Der Schmuck, auf den wir uns hier konzentrieren, bezieht sich jedoch auf das Zubeh\u00f6r, das Sie zu Ihrem Zuhause hinzuf\u00fcgen k\u00f6nnen, das den letzten Schliff hinzuf\u00fcgen, das endg\u00fcltige Gedeihen.<\/p>\n<div id=\"ad-unit-1\" class=\"ad-unit\"><\/div>\n<p>Und in diesem Herbst dreht sich alles um &#8222;T\u00fcrschmuck&#8220;.<\/p>\n<aside data-block-type=\"embed\" data-render-type=\"fte\" data-skip=\"dealsy\" data-widget-type=\"seasonal\" class=\"hawk-base\"><\/aside>\n<p id=\"d0b32d5f-57c2-4ecf-8de0-11f99fb087cc-2\">&#8218;T\u00fcrschmuck&#8216; bezieht sich auf Vordert\u00fcrideen, die das Design Ihres Haupteingangs beleben &#8211; die dekorativen Verzierungen, die einer Haust\u00fcr den Charakter verleihen, den sie verdient. In einem k\u00fcrzlich in Instagram Post, Shelby von @PrettyInthePines, stellten diesen charmanten neuen Namen f\u00fcr T\u00fcrzubeh\u00f6r stellte sie die kleinen Updates mit, die sie vorgenommen hat, damit ihre eigene Haust\u00fcr weniger nackt und gesammelter aussieht.<\/p>\n<div class=\"van_vid_carousel\">\n<div class=\"van_vid_carousel__padding\">\n<div class=\"van_vid_carousel__container\"><\/div>\n<\/div>\n<\/div>\n<p>Genau wie ein schimmerndes Paar Ohrringe und eine passende Halskette k\u00f6nnen ein Outfit deutlich interessanter machen, der T\u00fcrschmuck kann einen enormen Einfluss auf das \u00c4u\u00dfere eines Hauses haben &#8211; nicht nur das Aussehen der Vordert\u00fcr, sondern auch das Aussehen der gesamten Veranda verbessern. Und da wir uns nur um Dekorationsideen im Freien handeln, die den Au\u00dfenbereich im Herbst warm, einladend und voller Charakter haben, ist die Idee der T\u00fcrschmuck sicherlich eine, die man ausprobieren kann.<\/p>\n<div id=\"ad-unit-2\" class=\"ad-unit\"><\/div>\n<div class=\"instagram-embed\" id=\"DJj9Dj5uUqA\">\n<blockquote class=\"instagram-media\" data-instgrm-captioned data-instgrm-version=\"6\" style=\"width:99.375%; width:-webkit-calc(100% - 2px); width:calc(100% - 2px);\">\n<p>Ein Beitrag von Shelby | H\u00fcbsch in den Kiefern (@prettyInthePines)<\/p>\n<p>Ein Foto von on <\/p>\n<\/blockquote>\n<\/div>\n<p id=\"02b00331-d59b-4abd-9fb0-ef7d6086db90\">In ihrem Video verwandelte Shelby ihre Haust\u00fcr mit Pers\u00f6nlichkeit und Charme in eine, indem sie T\u00fcrschmuck hinzuf\u00fcgte.<\/p>\n<p>Obwohl sie normalerweise ziemlich klein sind, k\u00f6nnen T\u00fcrschmuck Details einen gro\u00dfen Einfluss haben. Sie lassen eine Haust\u00fcr nat\u00fcrlich erh\u00f6hter und pers\u00f6nlicher aussehen, aber sie stylieren auch die Veranda und lassen die gesamte Szene wie ein kuratiertes und elegantes Display aussehen. T\u00fcrschmuck kann die ganze Veranda teurer aussehen lassen.<\/p>\n<p>W\u00e4hrend T\u00fcrschmuck zu jeder Jahreszeit Ihrer Haust\u00fcr und Ihrer Veranda zugute kommt, ist dies ein wichtiges Merkmal f\u00fcr den Herbst, da der Herbst die Jahreszeit der Veranda ist! Von der Sitzen auf Ihrer Veranda auf einem flotten Abend am fr\u00fchen Autumendabend bis hin zu Begr\u00fc\u00dfungsstricks\u00e4uren Ende Oktober ist der Herbst eine Jahreszeit, in der die Veranda im Mittelpunkt steht. Suchen Sie unten den gesamten T\u00fcrschmuck, den Sie ben\u00f6tigen, um das Aussehen Ihrer Haust\u00fcr im Herbst zu verbessern.<\/p>\n<div id=\"slice-container-newsletterForm-articleInbodyContent-99JWYVXqsogTXpuzqAaB2h\" class=\"slice-container newsletter-inbodyContent-slice newsletterForm-articleInbodyContent-99JWYVXqsogTXpuzqAaB2h slice-container-newsletterForm\"><\/div>\n<div class=\"product-container hero-product-container product-block-no-wrap\">\n<div class=\"product-block-row\"><\/div>\n<div class=\"product-block-row\"><\/div>\n<div class=\"product-block-row\"><\/div>\n<div class=\"product-block-row\"><\/div>\n<div class=\"product-block-row\"><\/div>\n<div class=\"product-block-row\"><\/div>\n<div class=\"product-block-row\"><\/div>\n<div class=\"product-block-row\"><\/div>\n<div class=\"product-block-row\"><\/div>\n<div class=\"product-block-row\"><\/div>\n<div class=\"product-block-row\"><\/div>\n<div class=\"product-block-row\"><\/div>\n<\/div>\n<hr id=\"476b5b00-d43a-4213-852a-59ac47a78ccf\">\n<p id=\"0c6fc9f5-9c53-4427-aea0-60cac84ad7aa\">Das Hinzuf\u00fcgen von T\u00fcrschmuck kann das Erscheinungsbild Ihres Hauses im Herbst sicherlich verbessern, aber es wird gewarnt &#8211; zu viel T\u00fcrschmuck kann leicht sauer werden. Sie m\u00f6chten sicher nicht, dass das \u00c4u\u00dfere Ihres Hauses veraltet aussieht, besonders w\u00e4hrend einer Jahreszeit, in der so viel Wert auf die Veranda liegt. Denken Sie also daran &#8211; alles (einschlie\u00dflich T\u00fcrschmuck) ist am besten in Ma\u00dfen.<\/p>\n<\/div>\n<p><script async src=\"\/\/www.instagram.com\/embed.js\"><\/script><\/p>\n","protected":false},"excerpt":{"rendered":"<p>Wenn Sie das Wort &#8222;Schmuck&#8220; lesen, stellen Sie sich wahrscheinlich Ohrringe, Halsketten, Armb\u00e4nder oder andere kleine Accessoires vor, die getragen werden k\u00f6nnen, um ein Outfit<\/p>\n","protected":false},"author":1,"featured_media":7929,"comment_status":"closed","ping_status":"","sticky":false,"template":"","format":"standard","meta":{"footnotes":""},"categories":[118],"tags":[5605,81,2508,1810,8370,11,15,781,301,4002,197,504,10322,1844,783,21],"class_list":["post-7928","post","type-post","status-publish","format-standard","has-post-thumbnail","hentry","category-haus-garten","tag-charakteristische","tag-der","tag-erschwingliche","tag-gehoert","tag-hast","tag-ihrer","tag-ist","tag-kann","tag-mehr","tag-persoenlichkeit","tag-sofort","tag-trend","tag-tuerschmuck","tag-veranda","tag-verleihen","tag-von","generate-columns","tablet-grid-50","mobile-grid-100","grid-parent","grid-50"],"yoast_head":"<!-- This site is optimized with the Yoast SEO plugin v27.3 - https:\/\/yoast.com\/product\/yoast-seo-wordpress\/ -->\n<title>Hast du von &#039;T\u00fcrschmuck&#039; geh\u00f6rt? Es ist der erschwingliche, charakteristische Trend, der Ihrer Veranda sofort mehr Pers\u00f6nlichkeit verleihen kann - Nachrichten - Stra\u00dfenweb<\/title>\n<meta name=\"robots\" content=\"index, follow, max-snippet:-1, max-image-preview:large, max-video-preview:-1\" \/>\n<link rel=\"canonical\" href=\"https:\/\/www.strassenweb.de\/nachrichten\/hast-du-von-tuerschmuck-gehoert-es-ist-der-erschwingliche-charakteristische-trend-der-ihrer-veranda-sofort-mehr-persoenlichkeit-verleihen-kann\/\" \/>\n<meta property=\"og:locale\" content=\"de_DE\" \/>\n<meta property=\"og:type\" content=\"article\" \/>\n<meta property=\"og:title\" content=\"Hast du von &#039;T\u00fcrschmuck&#039; geh\u00f6rt? Es ist der erschwingliche, charakteristische Trend, der Ihrer Veranda sofort mehr Pers\u00f6nlichkeit verleihen kann - Nachrichten - Stra\u00dfenweb\" \/>\n<meta property=\"og:description\" content=\"Wenn Sie das Wort &#8222;Schmuck&#8220; lesen, stellen Sie sich wahrscheinlich Ohrringe, Halsketten, Armb\u00e4nder oder andere kleine Accessoires vor, die getragen werden k\u00f6nnen, um ein Outfit\" \/>\n<meta property=\"og:url\" content=\"https:\/\/www.strassenweb.de\/nachrichten\/hast-du-von-tuerschmuck-gehoert-es-ist-der-erschwingliche-charakteristische-trend-der-ihrer-veranda-sofort-mehr-persoenlichkeit-verleihen-kann\/\" \/>\n<meta property=\"og:site_name\" content=\"Stra\u00dfenweb\" \/>\n<meta property=\"article:publisher\" content=\"https:\/\/www.facebook.com\/strassenweb\/\" \/>\n<meta property=\"article:published_time\" content=\"2025-09-23T05:39:23+00:00\" \/>\n<meta property=\"article:modified_time\" content=\"2025-09-23T05:39:25+00:00\" \/>\n<meta property=\"og:image\" content=\"https:\/\/www.strassenweb.de\/nachrichten\/wp-content\/uploads\/2025\/09\/Hast-du-von-Tuerschmuck-gehoert-Es-ist-der-erschwingliche-charakteristische-1024x576.png\" \/>\n\t<meta property=\"og:image:width\" content=\"1024\" \/>\n\t<meta property=\"og:image:height\" content=\"576\" \/>\n\t<meta property=\"og:image:type\" content=\"image\/png\" \/>\n<meta name=\"author\" content=\"Robert Hoffmann\" \/>\n<meta name=\"twitter:card\" content=\"summary_large_image\" \/>\n<meta name=\"twitter:label1\" content=\"Verfasst von\" \/>\n\t<meta name=\"twitter:data1\" content=\"Robert Hoffmann\" \/>\n\t<meta name=\"twitter:label2\" content=\"Gesch\u00e4tzte Lesezeit\" \/>\n\t<meta name=\"twitter:data2\" content=\"2\u00a0Minuten\" \/>\n<script type=\"application\/ld+json\" class=\"yoast-schema-graph\">{\"@context\":\"https:\\\/\\\/schema.org\",\"@graph\":[{\"@type\":\"Article\",\"@id\":\"https:\\\/\\\/www.strassenweb.de\\\/nachrichten\\\/hast-du-von-tuerschmuck-gehoert-es-ist-der-erschwingliche-charakteristische-trend-der-ihrer-veranda-sofort-mehr-persoenlichkeit-verleihen-kann\\\/#article\",\"isPartOf\":{\"@id\":\"https:\\\/\\\/www.strassenweb.de\\\/nachrichten\\\/hast-du-von-tuerschmuck-gehoert-es-ist-der-erschwingliche-charakteristische-trend-der-ihrer-veranda-sofort-mehr-persoenlichkeit-verleihen-kann\\\/\"},\"author\":{\"name\":\"Robert Hoffmann\",\"@id\":\"https:\\\/\\\/www.strassenweb.de\\\/nachrichten\\\/#\\\/schema\\\/person\\\/87c9c9067f1211da429a744dc5a5aa41\"},\"headline\":\"Hast du von &#8218;T\u00fcrschmuck&#8216; geh\u00f6rt? Es ist der erschwingliche, charakteristische Trend, der Ihrer Veranda sofort mehr Pers\u00f6nlichkeit verleihen kann\",\"datePublished\":\"2025-09-23T05:39:23+00:00\",\"dateModified\":\"2025-09-23T05:39:25+00:00\",\"mainEntityOfPage\":{\"@id\":\"https:\\\/\\\/www.strassenweb.de\\\/nachrichten\\\/hast-du-von-tuerschmuck-gehoert-es-ist-der-erschwingliche-charakteristische-trend-der-ihrer-veranda-sofort-mehr-persoenlichkeit-verleihen-kann\\\/\"},\"wordCount\":493,\"publisher\":{\"@id\":\"https:\\\/\\\/www.strassenweb.de\\\/nachrichten\\\/#organization\"},\"image\":{\"@id\":\"https:\\\/\\\/www.strassenweb.de\\\/nachrichten\\\/hast-du-von-tuerschmuck-gehoert-es-ist-der-erschwingliche-charakteristische-trend-der-ihrer-veranda-sofort-mehr-persoenlichkeit-verleihen-kann\\\/#primaryimage\"},\"thumbnailUrl\":\"https:\\\/\\\/www.strassenweb.de\\\/nachrichten\\\/wp-content\\\/uploads\\\/2025\\\/09\\\/Hast-du-von-Tuerschmuck-gehoert-Es-ist-der-erschwingliche-charakteristische.png\",\"keywords\":[\"charakteristische\",\"der\",\"erschwingliche\",\"geh\u00f6rt\",\"Hast\",\"ihrer\",\"ist\",\"kann\",\"mehr\",\"Pers\u00f6nlichkeit\",\"sofort\",\"Trend\",\"T\u00fcrschmuck\",\"Veranda\",\"verleihen\",\"von\"],\"articleSection\":[\"Haus &amp; Garten\"],\"inLanguage\":\"de\"},{\"@type\":\"WebPage\",\"@id\":\"https:\\\/\\\/www.strassenweb.de\\\/nachrichten\\\/hast-du-von-tuerschmuck-gehoert-es-ist-der-erschwingliche-charakteristische-trend-der-ihrer-veranda-sofort-mehr-persoenlichkeit-verleihen-kann\\\/\",\"url\":\"https:\\\/\\\/www.strassenweb.de\\\/nachrichten\\\/hast-du-von-tuerschmuck-gehoert-es-ist-der-erschwingliche-charakteristische-trend-der-ihrer-veranda-sofort-mehr-persoenlichkeit-verleihen-kann\\\/\",\"name\":\"Hast du von 'T\u00fcrschmuck' geh\u00f6rt? Es ist der erschwingliche, charakteristische Trend, der Ihrer Veranda sofort mehr Pers\u00f6nlichkeit verleihen kann - Nachrichten - Stra\u00dfenweb\",\"isPartOf\":{\"@id\":\"https:\\\/\\\/www.strassenweb.de\\\/nachrichten\\\/#website\"},\"primaryImageOfPage\":{\"@id\":\"https:\\\/\\\/www.strassenweb.de\\\/nachrichten\\\/hast-du-von-tuerschmuck-gehoert-es-ist-der-erschwingliche-charakteristische-trend-der-ihrer-veranda-sofort-mehr-persoenlichkeit-verleihen-kann\\\/#primaryimage\"},\"image\":{\"@id\":\"https:\\\/\\\/www.strassenweb.de\\\/nachrichten\\\/hast-du-von-tuerschmuck-gehoert-es-ist-der-erschwingliche-charakteristische-trend-der-ihrer-veranda-sofort-mehr-persoenlichkeit-verleihen-kann\\\/#primaryimage\"},\"thumbnailUrl\":\"https:\\\/\\\/www.strassenweb.de\\\/nachrichten\\\/wp-content\\\/uploads\\\/2025\\\/09\\\/Hast-du-von-Tuerschmuck-gehoert-Es-ist-der-erschwingliche-charakteristische.png\",\"datePublished\":\"2025-09-23T05:39:23+00:00\",\"dateModified\":\"2025-09-23T05:39:25+00:00\",\"breadcrumb\":{\"@id\":\"https:\\\/\\\/www.strassenweb.de\\\/nachrichten\\\/hast-du-von-tuerschmuck-gehoert-es-ist-der-erschwingliche-charakteristische-trend-der-ihrer-veranda-sofort-mehr-persoenlichkeit-verleihen-kann\\\/#breadcrumb\"},\"inLanguage\":\"de\",\"potentialAction\":[{\"@type\":\"ReadAction\",\"target\":[\"https:\\\/\\\/www.strassenweb.de\\\/nachrichten\\\/hast-du-von-tuerschmuck-gehoert-es-ist-der-erschwingliche-charakteristische-trend-der-ihrer-veranda-sofort-mehr-persoenlichkeit-verleihen-kann\\\/\"]}]},{\"@type\":\"ImageObject\",\"inLanguage\":\"de\",\"@id\":\"https:\\\/\\\/www.strassenweb.de\\\/nachrichten\\\/hast-du-von-tuerschmuck-gehoert-es-ist-der-erschwingliche-charakteristische-trend-der-ihrer-veranda-sofort-mehr-persoenlichkeit-verleihen-kann\\\/#primaryimage\",\"url\":\"https:\\\/\\\/www.strassenweb.de\\\/nachrichten\\\/wp-content\\\/uploads\\\/2025\\\/09\\\/Hast-du-von-Tuerschmuck-gehoert-Es-ist-der-erschwingliche-charakteristische.png\",\"contentUrl\":\"https:\\\/\\\/www.strassenweb.de\\\/nachrichten\\\/wp-content\\\/uploads\\\/2025\\\/09\\\/Hast-du-von-Tuerschmuck-gehoert-Es-ist-der-erschwingliche-charakteristische.png\",\"width\":1600,\"height\":900,\"caption\":\"the exterior of a home with a large porch decorated with lots of plants and some plants in rattan planters\"},{\"@type\":\"BreadcrumbList\",\"@id\":\"https:\\\/\\\/www.strassenweb.de\\\/nachrichten\\\/hast-du-von-tuerschmuck-gehoert-es-ist-der-erschwingliche-charakteristische-trend-der-ihrer-veranda-sofort-mehr-persoenlichkeit-verleihen-kann\\\/#breadcrumb\",\"itemListElement\":[{\"@type\":\"ListItem\",\"position\":1,\"name\":\"Home\",\"item\":\"https:\\\/\\\/www.strassenweb.de\\\/nachrichten\\\/\"},{\"@type\":\"ListItem\",\"position\":2,\"name\":\"Hast du von &#8218;T\u00fcrschmuck&#8216; geh\u00f6rt? Es ist der erschwingliche, charakteristische Trend, der Ihrer Veranda sofort mehr Pers\u00f6nlichkeit verleihen kann\"}]},{\"@type\":\"WebSite\",\"@id\":\"https:\\\/\\\/www.strassenweb.de\\\/nachrichten\\\/#website\",\"url\":\"https:\\\/\\\/www.strassenweb.de\\\/nachrichten\\\/\",\"name\":\"Stra\u00dfenweb\",\"description\":\"Stra\u00dfenverzeichnis f\u00fcr Deutschland\",\"publisher\":{\"@id\":\"https:\\\/\\\/www.strassenweb.de\\\/nachrichten\\\/#organization\"},\"potentialAction\":[{\"@type\":\"SearchAction\",\"target\":{\"@type\":\"EntryPoint\",\"urlTemplate\":\"https:\\\/\\\/www.strassenweb.de\\\/nachrichten\\\/?s={search_term_string}\"},\"query-input\":{\"@type\":\"PropertyValueSpecification\",\"valueRequired\":true,\"valueName\":\"search_term_string\"}}],\"inLanguage\":\"de\"},{\"@type\":\"Organization\",\"@id\":\"https:\\\/\\\/www.strassenweb.de\\\/nachrichten\\\/#organization\",\"name\":\"Stra\u00dfenweb\",\"url\":\"https:\\\/\\\/www.strassenweb.de\\\/nachrichten\\\/\",\"logo\":{\"@type\":\"ImageObject\",\"inLanguage\":\"de\",\"@id\":\"https:\\\/\\\/www.strassenweb.de\\\/nachrichten\\\/#\\\/schema\\\/logo\\\/image\\\/\",\"url\":\"https:\\\/\\\/www.strassenweb.de\\\/nachrichten\\\/wp-content\\\/uploads\\\/2024\\\/09\\\/cropped-favicon.png\",\"contentUrl\":\"https:\\\/\\\/www.strassenweb.de\\\/nachrichten\\\/wp-content\\\/uploads\\\/2024\\\/09\\\/cropped-favicon.png\",\"width\":512,\"height\":512,\"caption\":\"Stra\u00dfenweb\"},\"image\":{\"@id\":\"https:\\\/\\\/www.strassenweb.de\\\/nachrichten\\\/#\\\/schema\\\/logo\\\/image\\\/\"},\"sameAs\":[\"https:\\\/\\\/www.facebook.com\\\/strassenweb\\\/\"]},{\"@type\":\"Person\",\"@id\":\"https:\\\/\\\/www.strassenweb.de\\\/nachrichten\\\/#\\\/schema\\\/person\\\/87c9c9067f1211da429a744dc5a5aa41\",\"name\":\"Robert Hoffmann\",\"image\":{\"@type\":\"ImageObject\",\"inLanguage\":\"de\",\"@id\":\"https:\\\/\\\/www.strassenweb.de\\\/nachrichten\\\/wp-content\\\/uploads\\\/2024\\\/09\\\/strassenweb-150x150.jpg\",\"url\":\"https:\\\/\\\/www.strassenweb.de\\\/nachrichten\\\/wp-content\\\/uploads\\\/2024\\\/09\\\/strassenweb-150x150.jpg\",\"contentUrl\":\"https:\\\/\\\/www.strassenweb.de\\\/nachrichten\\\/wp-content\\\/uploads\\\/2024\\\/09\\\/strassenweb-150x150.jpg\",\"caption\":\"Robert Hoffmann\"},\"description\":\"Ich hei\u00dfe Robert Hoffmann und ich bin ein leidenschaftlicher Verfechter von \u00d6kologie und Biodiversit\u00e4t. Seit meiner Kindheit in den W\u00e4ldern Bayerns f\u00fchle ich mich mit der Natur verbunden und bin entschlossen, sie zu sch\u00fctzen. Heute widme ich mein Leben der Sensibilisierung anderer f\u00fcr die Bedeutung des Umweltschutzes f\u00fcr zuk\u00fcnftige Generationen.\",\"sameAs\":[\"https:\\\/\\\/www.strassenweb.de\\\/\"]}]}<\/script>\n<!-- \/ Yoast SEO plugin. -->","yoast_head_json":{"title":"Hast du von 'T\u00fcrschmuck' geh\u00f6rt? Es ist der erschwingliche, charakteristische Trend, der Ihrer Veranda sofort mehr Pers\u00f6nlichkeit verleihen kann - Nachrichten - Stra\u00dfenweb","robots":{"index":"index","follow":"follow","max-snippet":"max-snippet:-1","max-image-preview":"max-image-preview:large","max-video-preview":"max-video-preview:-1"},"canonical":"https:\/\/www.strassenweb.de\/nachrichten\/hast-du-von-tuerschmuck-gehoert-es-ist-der-erschwingliche-charakteristische-trend-der-ihrer-veranda-sofort-mehr-persoenlichkeit-verleihen-kann\/","og_locale":"de_DE","og_type":"article","og_title":"Hast du von 'T\u00fcrschmuck' geh\u00f6rt? Es ist der erschwingliche, charakteristische Trend, der Ihrer Veranda sofort mehr Pers\u00f6nlichkeit verleihen kann - Nachrichten - Stra\u00dfenweb","og_description":"Wenn Sie das Wort &#8222;Schmuck&#8220; lesen, stellen Sie sich wahrscheinlich Ohrringe, Halsketten, Armb\u00e4nder oder andere kleine Accessoires vor, die getragen werden k\u00f6nnen, um ein Outfit","og_url":"https:\/\/www.strassenweb.de\/nachrichten\/hast-du-von-tuerschmuck-gehoert-es-ist-der-erschwingliche-charakteristische-trend-der-ihrer-veranda-sofort-mehr-persoenlichkeit-verleihen-kann\/","og_site_name":"Stra\u00dfenweb","article_publisher":"https:\/\/www.facebook.com\/strassenweb\/","article_published_time":"2025-09-23T05:39:23+00:00","article_modified_time":"2025-09-23T05:39:25+00:00","og_image":[{"width":1024,"height":576,"url":"https:\/\/www.strassenweb.de\/nachrichten\/wp-content\/uploads\/2025\/09\/Hast-du-von-Tuerschmuck-gehoert-Es-ist-der-erschwingliche-charakteristische-1024x576.png","type":"image\/png"}],"author":"Robert Hoffmann","twitter_card":"summary_large_image","twitter_misc":{"Verfasst von":"Robert Hoffmann","Gesch\u00e4tzte Lesezeit":"2\u00a0Minuten"},"schema":{"@context":"https:\/\/schema.org","@graph":[{"@type":"Article","@id":"https:\/\/www.strassenweb.de\/nachrichten\/hast-du-von-tuerschmuck-gehoert-es-ist-der-erschwingliche-charakteristische-trend-der-ihrer-veranda-sofort-mehr-persoenlichkeit-verleihen-kann\/#article","isPartOf":{"@id":"https:\/\/www.strassenweb.de\/nachrichten\/hast-du-von-tuerschmuck-gehoert-es-ist-der-erschwingliche-charakteristische-trend-der-ihrer-veranda-sofort-mehr-persoenlichkeit-verleihen-kann\/"},"author":{"name":"Robert Hoffmann","@id":"https:\/\/www.strassenweb.de\/nachrichten\/#\/schema\/person\/87c9c9067f1211da429a744dc5a5aa41"},"headline":"Hast du von &#8218;T\u00fcrschmuck&#8216; geh\u00f6rt? Es ist der erschwingliche, charakteristische Trend, der Ihrer Veranda sofort mehr Pers\u00f6nlichkeit verleihen kann","datePublished":"2025-09-23T05:39:23+00:00","dateModified":"2025-09-23T05:39:25+00:00","mainEntityOfPage":{"@id":"https:\/\/www.strassenweb.de\/nachrichten\/hast-du-von-tuerschmuck-gehoert-es-ist-der-erschwingliche-charakteristische-trend-der-ihrer-veranda-sofort-mehr-persoenlichkeit-verleihen-kann\/"},"wordCount":493,"publisher":{"@id":"https:\/\/www.strassenweb.de\/nachrichten\/#organization"},"image":{"@id":"https:\/\/www.strassenweb.de\/nachrichten\/hast-du-von-tuerschmuck-gehoert-es-ist-der-erschwingliche-charakteristische-trend-der-ihrer-veranda-sofort-mehr-persoenlichkeit-verleihen-kann\/#primaryimage"},"thumbnailUrl":"https:\/\/www.strassenweb.de\/nachrichten\/wp-content\/uploads\/2025\/09\/Hast-du-von-Tuerschmuck-gehoert-Es-ist-der-erschwingliche-charakteristische.png","keywords":["charakteristische","der","erschwingliche","geh\u00f6rt","Hast","ihrer","ist","kann","mehr","Pers\u00f6nlichkeit","sofort","Trend","T\u00fcrschmuck","Veranda","verleihen","von"],"articleSection":["Haus &amp; Garten"],"inLanguage":"de"},{"@type":"WebPage","@id":"https:\/\/www.strassenweb.de\/nachrichten\/hast-du-von-tuerschmuck-gehoert-es-ist-der-erschwingliche-charakteristische-trend-der-ihrer-veranda-sofort-mehr-persoenlichkeit-verleihen-kann\/","url":"https:\/\/www.strassenweb.de\/nachrichten\/hast-du-von-tuerschmuck-gehoert-es-ist-der-erschwingliche-charakteristische-trend-der-ihrer-veranda-sofort-mehr-persoenlichkeit-verleihen-kann\/","name":"Hast du von 'T\u00fcrschmuck' geh\u00f6rt? Es ist der erschwingliche, charakteristische Trend, der Ihrer Veranda sofort mehr Pers\u00f6nlichkeit verleihen kann - Nachrichten - Stra\u00dfenweb","isPartOf":{"@id":"https:\/\/www.strassenweb.de\/nachrichten\/#website"},"primaryImageOfPage":{"@id":"https:\/\/www.strassenweb.de\/nachrichten\/hast-du-von-tuerschmuck-gehoert-es-ist-der-erschwingliche-charakteristische-trend-der-ihrer-veranda-sofort-mehr-persoenlichkeit-verleihen-kann\/#primaryimage"},"image":{"@id":"https:\/\/www.strassenweb.de\/nachrichten\/hast-du-von-tuerschmuck-gehoert-es-ist-der-erschwingliche-charakteristische-trend-der-ihrer-veranda-sofort-mehr-persoenlichkeit-verleihen-kann\/#primaryimage"},"thumbnailUrl":"https:\/\/www.strassenweb.de\/nachrichten\/wp-content\/uploads\/2025\/09\/Hast-du-von-Tuerschmuck-gehoert-Es-ist-der-erschwingliche-charakteristische.png","datePublished":"2025-09-23T05:39:23+00:00","dateModified":"2025-09-23T05:39:25+00:00","breadcrumb":{"@id":"https:\/\/www.strassenweb.de\/nachrichten\/hast-du-von-tuerschmuck-gehoert-es-ist-der-erschwingliche-charakteristische-trend-der-ihrer-veranda-sofort-mehr-persoenlichkeit-verleihen-kann\/#breadcrumb"},"inLanguage":"de","potentialAction":[{"@type":"ReadAction","target":["https:\/\/www.strassenweb.de\/nachrichten\/hast-du-von-tuerschmuck-gehoert-es-ist-der-erschwingliche-charakteristische-trend-der-ihrer-veranda-sofort-mehr-persoenlichkeit-verleihen-kann\/"]}]},{"@type":"ImageObject","inLanguage":"de","@id":"https:\/\/www.strassenweb.de\/nachrichten\/hast-du-von-tuerschmuck-gehoert-es-ist-der-erschwingliche-charakteristische-trend-der-ihrer-veranda-sofort-mehr-persoenlichkeit-verleihen-kann\/#primaryimage","url":"https:\/\/www.strassenweb.de\/nachrichten\/wp-content\/uploads\/2025\/09\/Hast-du-von-Tuerschmuck-gehoert-Es-ist-der-erschwingliche-charakteristische.png","contentUrl":"https:\/\/www.strassenweb.de\/nachrichten\/wp-content\/uploads\/2025\/09\/Hast-du-von-Tuerschmuck-gehoert-Es-ist-der-erschwingliche-charakteristische.png","width":1600,"height":900,"caption":"the exterior of a home with a large porch decorated with lots of plants and some plants in rattan planters"},{"@type":"BreadcrumbList","@id":"https:\/\/www.strassenweb.de\/nachrichten\/hast-du-von-tuerschmuck-gehoert-es-ist-der-erschwingliche-charakteristische-trend-der-ihrer-veranda-sofort-mehr-persoenlichkeit-verleihen-kann\/#breadcrumb","itemListElement":[{"@type":"ListItem","position":1,"name":"Home","item":"https:\/\/www.strassenweb.de\/nachrichten\/"},{"@type":"ListItem","position":2,"name":"Hast du von &#8218;T\u00fcrschmuck&#8216; geh\u00f6rt? Es ist der erschwingliche, charakteristische Trend, der Ihrer Veranda sofort mehr Pers\u00f6nlichkeit verleihen kann"}]},{"@type":"WebSite","@id":"https:\/\/www.strassenweb.de\/nachrichten\/#website","url":"https:\/\/www.strassenweb.de\/nachrichten\/","name":"Stra\u00dfenweb","description":"Stra\u00dfenverzeichnis f\u00fcr Deutschland","publisher":{"@id":"https:\/\/www.strassenweb.de\/nachrichten\/#organization"},"potentialAction":[{"@type":"SearchAction","target":{"@type":"EntryPoint","urlTemplate":"https:\/\/www.strassenweb.de\/nachrichten\/?s={search_term_string}"},"query-input":{"@type":"PropertyValueSpecification","valueRequired":true,"valueName":"search_term_string"}}],"inLanguage":"de"},{"@type":"Organization","@id":"https:\/\/www.strassenweb.de\/nachrichten\/#organization","name":"Stra\u00dfenweb","url":"https:\/\/www.strassenweb.de\/nachrichten\/","logo":{"@type":"ImageObject","inLanguage":"de","@id":"https:\/\/www.strassenweb.de\/nachrichten\/#\/schema\/logo\/image\/","url":"https:\/\/www.strassenweb.de\/nachrichten\/wp-content\/uploads\/2024\/09\/cropped-favicon.png","contentUrl":"https:\/\/www.strassenweb.de\/nachrichten\/wp-content\/uploads\/2024\/09\/cropped-favicon.png","width":512,"height":512,"caption":"Stra\u00dfenweb"},"image":{"@id":"https:\/\/www.strassenweb.de\/nachrichten\/#\/schema\/logo\/image\/"},"sameAs":["https:\/\/www.facebook.com\/strassenweb\/"]},{"@type":"Person","@id":"https:\/\/www.strassenweb.de\/nachrichten\/#\/schema\/person\/87c9c9067f1211da429a744dc5a5aa41","name":"Robert Hoffmann","image":{"@type":"ImageObject","inLanguage":"de","@id":"https:\/\/www.strassenweb.de\/nachrichten\/wp-content\/uploads\/2024\/09\/strassenweb-150x150.jpg","url":"https:\/\/www.strassenweb.de\/nachrichten\/wp-content\/uploads\/2024\/09\/strassenweb-150x150.jpg","contentUrl":"https:\/\/www.strassenweb.de\/nachrichten\/wp-content\/uploads\/2024\/09\/strassenweb-150x150.jpg","caption":"Robert Hoffmann"},"description":"Ich hei\u00dfe Robert Hoffmann und ich bin ein leidenschaftlicher Verfechter von \u00d6kologie und Biodiversit\u00e4t. Seit meiner Kindheit in den W\u00e4ldern Bayerns f\u00fchle ich mich mit der Natur verbunden und bin entschlossen, sie zu sch\u00fctzen. Heute widme ich mein Leben der Sensibilisierung anderer f\u00fcr die Bedeutung des Umweltschutzes f\u00fcr zuk\u00fcnftige Generationen.","sameAs":["https:\/\/www.strassenweb.de\/"]}]}},"_links":{"self":[{"href":"https:\/\/www.strassenweb.de\/nachrichten\/wp-json\/wp\/v2\/posts\/7928","targetHints":{"allow":["GET"]}}],"collection":[{"href":"https:\/\/www.strassenweb.de\/nachrichten\/wp-json\/wp\/v2\/posts"}],"about":[{"href":"https:\/\/www.strassenweb.de\/nachrichten\/wp-json\/wp\/v2\/types\/post"}],"author":[{"embeddable":true,"href":"https:\/\/www.strassenweb.de\/nachrichten\/wp-json\/wp\/v2\/users\/1"}],"replies":[{"embeddable":true,"href":"https:\/\/www.strassenweb.de\/nachrichten\/wp-json\/wp\/v2\/comments?post=7928"}],"version-history":[{"count":0,"href":"https:\/\/www.strassenweb.de\/nachrichten\/wp-json\/wp\/v2\/posts\/7928\/revisions"}],"wp:featuredmedia":[{"embeddable":true,"href":"https:\/\/www.strassenweb.de\/nachrichten\/wp-json\/wp\/v2\/media\/7929"}],"wp:attachment":[{"href":"https:\/\/www.strassenweb.de\/nachrichten\/wp-json\/wp\/v2\/media?parent=7928"}],"wp:term":[{"taxonomy":"category","embeddable":true,"href":"https:\/\/www.strassenweb.de\/nachrichten\/wp-json\/wp\/v2\/categories?post=7928"},{"taxonomy":"post_tag","embeddable":true,"href":"https:\/\/www.strassenweb.de\/nachrichten\/wp-json\/wp\/v2\/tags?post=7928"}],"curies":[{"name":"wp","href":"https:\/\/api.w.org\/{rel}","templated":true}]}}