{"id":7911,"date":"2025-09-22T17:39:37","date_gmt":"2025-09-22T15:39:37","guid":{"rendered":"https:\/\/www.strassenweb.de\/nachrichten\/ufs-startet-gruener-sa-das-pflanzen-der-samen-einer-nachhaltigen-zukunft\/"},"modified":"2025-09-22T17:39:37","modified_gmt":"2025-09-22T15:39:37","slug":"ufs-startet-gruener-sa-das-pflanzen-der-samen-einer-nachhaltigen-zukunft","status":"publish","type":"post","link":"https:\/\/www.strassenweb.de\/nachrichten\/ufs-startet-gruener-sa-das-pflanzen-der-samen-einer-nachhaltigen-zukunft\/","title":{"rendered":"UFS startet gr\u00fcner SA: Das Pflanzen der Samen einer nachhaltigen Zukunft"},"content":{"rendered":"<p>Die University of the Free State (UFS) startete Greener SA, eine f\u00fcnfj\u00e4hrige Initiative, um 400 000 B\u00e4ume in ganz S\u00fcdafrika zu pflanzen, auf der Paradys Experimental Farm am Freitag, dem 12. September 2025., unterst\u00fctzt von der MasterCard Foundation durch das Tagdev 2.0-Programm und Ruforum, das Projekt vereint Regierung, Studenten und Akademien f\u00fcr das Aufrechterieren von Verpflichtungen und die Nahrungssicherheit. Der Start wurde durch die Pflanzung der ersten 100 B\u00e4ume gekennzeichnet, ein symbolischer Akt, der den Ton f\u00fcr die kommenden Jahre ansah.<\/p>\n<p>Prof. Jan-Willem Swanepoel, Direktor des Zentrums f\u00fcr nachhaltige Landwirtschaft, erinnerte das Publikum daran, dass die UFS eine von 12 afrikanischen Universit\u00e4ten ist, die mit einer Investition von 100 Millionen US-Dollar in die landwirtschaftliche Transformation betraut waren. &#8222;Dieses Projekt ist kein Hit-and-Run-es geht um Nachhaltigkeit, Inklusivit\u00e4t und Aufbau von Wertsch\u00f6pfungsketten, die Landwirte und Unternehmer bef\u00e4higen&#8220;, sagte er. Er endete mit einem Gleichnis einer Landwirtschaft, die &#8222;schlafen konnte, wenn der Wind weht&#8220;, und forderte alle auf, sich auf unvermeidliche Herausforderungen vorzubereiten.<\/p>\n<h4 class=\"wp-block-heading\"><strong>Verantwortung und Partnerschaften<\/strong><\/h4>\n<p>Dieser Aufruf zur Verantwortung wurde von Elzabe Rockman, Free State MEC f\u00fcr Landwirtschaft und l\u00e4ndliche Entwicklung, wiederholt, der umweltfreundlichere SA mit dem Programm &#8222;One -Million -B\u00e4ume im Pr\u00e4sidenten&#8220; in Verbindung brachte. Sie warnte, dass das Pflanzen ohne Rechenschaftspflicht zu verschwendeten Anstrengungen f\u00fchrt. \u201eWenn wir B\u00e4ume pflanzen, m\u00f6chten wir sicher sein, dass jemand die Verantwortung f\u00fcr ihn \u00fcbernimmt\u201c, sagte sie und hob die Notwendigkeit feuerresistenter Arten, Obstb\u00e4ume in Gemeindeg\u00e4rten und nat\u00fcrlichen Grenzen hervor, um gef\u00e4hrdete Z\u00e4une zu ersetzen. Angesichts der Studenten des Kovsie Act, die sich dem Start angeschlossen haben, f\u00fcgte sie hinzu: \u201eJobs werden nicht vom Himmel fallen. Sie werden aus der Landwirtschaft und der Umwelt stammen. Die Jugendsenergie zu nutzen ist der Weg nach vorne.\u201c<\/p>\n<p>Die Industrie versprach auch ihre Unterst\u00fctzung. Repr\u00e4sentation der Empact Group &#8211; den Sponsor der B\u00e4ume &#8211; Helena Prinsloo beschrieb Baumpflanzung als Investition in Erbe. &#8222;Bei Empact Group glauben wir, dass es nicht nur eine Verantwortung ist, von unserer Community und unserem Planeten richtig zu sein. Es ist ein Wert, der definiert, wer wir sind und wie wir f\u00fchren&#8220;, sagte sie. Sie zitiert das Sprichwort, dass Gesellschaften gro\u00dfartig wachsen, wenn Menschen B\u00e4ume pflanzen, in deren Schatten sie niemals sitzen werden, f\u00fcgte sie hinzu: \u201eHeute s\u00e4en wir Samen der Hoffnung, Belastbarkeit und M\u00f6glichkeiten f\u00fcr die kommenden Generationen.\u201c<\/p>\n<h4 class=\"wp-block-heading\"><strong>Wissenschaft, Vision und Praxis<\/strong><\/h4>\n<p>Prof. Corli Witthuhn von der Fakult\u00e4t f\u00fcr nat\u00fcrliche und landwirtschaftliche Wissenschaften legte den Start in einen globalen Kontext, was auf Konflikte, Ungleichheit und Klimawandel hinweist &#8211; und der ern\u00fcchternde Bericht der Vereinten Nationen zeigt, dass nur 20% der Nachhaltigkeitsziele erreicht wurden. F\u00fcr sie ist das gr\u00fcnere SA -Projekt eine Reaktion auf dringende globale Herausforderungen. &#8222;Wir m\u00f6chten, dass unsere Sch\u00fcler weltweit arbeitsbereit sind&#8220;, sagte sie. &#8222;Das bedeutet jenseits von Lehrb\u00fcchern, und diese Farm repr\u00e4sentiert genau das. Wir m\u00f6chten keine Absolventen mit Abschl\u00fcssen produzieren, wir m\u00f6chten Absolventen produzieren, die in ein Labor in ein politisches Treffen in ein Unternehmen auf der Welt gehen und einen Einfluss haben.&#8220;<\/p>\n<p>Ihre Nachricht wurde von Expertenstimmen unterst\u00fctzt. Der Gastredner Prof Ben du Toit von der Stellenbosch University erkl\u00e4rte, dass Agrarforstsysteme gleichzeitig Holz, Lebensmittel, Artenvielfalt und Belastbarkeit bieten k\u00f6nnen. &#8222;Agroforstei pflanzt hier keine B\u00e4ume und weidet dort dr\u00fcben &#8211; es geht um Integration, so dass sich die Vorteile gegenseitig verst\u00e4rken&#8220;, sagte er.<\/p>\n<p>Auf der experimentellen Farm der Paradys ist diese Integration bereits im Gange. Johan Barnard, Farm Manager und Junior -Dozent, beschrieb, wie schattierte Baumtaschen die Weidebereiche verbessern und die Wasserressourcen sch\u00fctzen werden, w\u00e4hrend Obstb\u00e4ume, die in Zusammenarbeit mit dem Kovsie Act gepflanzt werden, zu studentischen Ern\u00e4hrung und neuen Lebensmittelwertketten beitragen werden. \u201eWir erfassen Wertsch\u00f6pfungsketten und bringen sie auf die n\u00e4chste Stufe, damit unsere Sch\u00fcler Forschungsm\u00f6glichkeiten haben und die Farm echte Ergebnisse liefert\u201c, erkl\u00e4rte er.<\/p>\n<p>Der Start von gr\u00fcner SA zeigte, dass Baumpflanzung viel mehr als Versch\u00f6nerung ist. Es ist ein kollektives Engagement &#8211; der Widerstandsf\u00e4higkeit angesichts globaler Herausforderungen, der in der Praxis angewandten Wissenschaft und dem Aufbau von Partnerschaften, die die n\u00e4chste Generation darauf vorbereiten, einen Einfluss zu erzielen.<\/p>\n","protected":false},"excerpt":{"rendered":"<p>Die University of the Free State (UFS) startete Greener SA, eine f\u00fcnfj\u00e4hrige Initiative, um 400 000 B\u00e4ume in ganz S\u00fcdafrika zu pflanzen, auf der Paradys<\/p>\n","protected":false},"author":1,"featured_media":7912,"comment_status":"closed","ping_status":"","sticky":false,"template":"","format":"standard","meta":{"footnotes":""},"categories":[101],"tags":[112,81,303,800,2087,246,1310,2908,8859,1228],"class_list":["post-7911","post","type-post","status-publish","format-standard","has-post-thumbnail","hentry","category-oekologie","tag-das","tag-der","tag-einer","tag-gruener","tag-nachhaltigen","tag-pflanzen","tag-samen","tag-startet","tag-ufs","tag-zukunft","generate-columns","tablet-grid-50","mobile-grid-100","grid-parent","grid-50"],"yoast_head":"<!-- This site is optimized with the Yoast SEO plugin v27.3 - https:\/\/yoast.com\/product\/yoast-seo-wordpress\/ -->\n<title>UFS startet gr\u00fcner SA: Das Pflanzen der Samen einer nachhaltigen Zukunft - Nachrichten - Stra\u00dfenweb<\/title>\n<meta name=\"robots\" content=\"index, follow, max-snippet:-1, max-image-preview:large, max-video-preview:-1\" \/>\n<link rel=\"canonical\" href=\"https:\/\/www.strassenweb.de\/nachrichten\/ufs-startet-gruener-sa-das-pflanzen-der-samen-einer-nachhaltigen-zukunft\/\" \/>\n<meta property=\"og:locale\" content=\"de_DE\" \/>\n<meta property=\"og:type\" content=\"article\" \/>\n<meta property=\"og:title\" content=\"UFS startet gr\u00fcner SA: Das Pflanzen der Samen einer nachhaltigen Zukunft - Nachrichten - Stra\u00dfenweb\" \/>\n<meta property=\"og:description\" content=\"Die University of the Free State (UFS) startete Greener SA, eine f\u00fcnfj\u00e4hrige Initiative, um 400 000 B\u00e4ume in ganz S\u00fcdafrika zu pflanzen, auf der Paradys\" \/>\n<meta property=\"og:url\" content=\"https:\/\/www.strassenweb.de\/nachrichten\/ufs-startet-gruener-sa-das-pflanzen-der-samen-einer-nachhaltigen-zukunft\/\" \/>\n<meta property=\"og:site_name\" content=\"Stra\u00dfenweb\" \/>\n<meta property=\"article:publisher\" content=\"https:\/\/www.facebook.com\/strassenweb\/\" \/>\n<meta property=\"article:published_time\" content=\"2025-09-22T15:39:37+00:00\" \/>\n<meta property=\"og:image\" content=\"https:\/\/www.strassenweb.de\/nachrichten\/wp-content\/uploads\/2025\/09\/UFS-startet-gruener-SA-Das-Pflanzen-der-Samen-einer-nachhaltigen.jpg\" \/>\n\t<meta property=\"og:image:width\" content=\"900\" \/>\n\t<meta property=\"og:image:height\" content=\"600\" \/>\n\t<meta property=\"og:image:type\" content=\"image\/jpeg\" \/>\n<meta name=\"author\" content=\"Robert Hoffmann\" \/>\n<meta name=\"twitter:card\" content=\"summary_large_image\" \/>\n<meta name=\"twitter:label1\" content=\"Verfasst von\" \/>\n\t<meta name=\"twitter:data1\" content=\"Robert Hoffmann\" \/>\n\t<meta name=\"twitter:label2\" content=\"Gesch\u00e4tzte Lesezeit\" \/>\n\t<meta name=\"twitter:data2\" content=\"4\u00a0Minuten\" \/>\n<script type=\"application\/ld+json\" class=\"yoast-schema-graph\">{\"@context\":\"https:\\\/\\\/schema.org\",\"@graph\":[{\"@type\":\"Article\",\"@id\":\"https:\\\/\\\/www.strassenweb.de\\\/nachrichten\\\/ufs-startet-gruener-sa-das-pflanzen-der-samen-einer-nachhaltigen-zukunft\\\/#article\",\"isPartOf\":{\"@id\":\"https:\\\/\\\/www.strassenweb.de\\\/nachrichten\\\/ufs-startet-gruener-sa-das-pflanzen-der-samen-einer-nachhaltigen-zukunft\\\/\"},\"author\":{\"name\":\"Robert Hoffmann\",\"@id\":\"https:\\\/\\\/www.strassenweb.de\\\/nachrichten\\\/#\\\/schema\\\/person\\\/87c9c9067f1211da429a744dc5a5aa41\"},\"headline\":\"UFS startet gr\u00fcner SA: Das Pflanzen der Samen einer nachhaltigen Zukunft\",\"datePublished\":\"2025-09-22T15:39:37+00:00\",\"mainEntityOfPage\":{\"@id\":\"https:\\\/\\\/www.strassenweb.de\\\/nachrichten\\\/ufs-startet-gruener-sa-das-pflanzen-der-samen-einer-nachhaltigen-zukunft\\\/\"},\"wordCount\":724,\"publisher\":{\"@id\":\"https:\\\/\\\/www.strassenweb.de\\\/nachrichten\\\/#organization\"},\"image\":{\"@id\":\"https:\\\/\\\/www.strassenweb.de\\\/nachrichten\\\/ufs-startet-gruener-sa-das-pflanzen-der-samen-einer-nachhaltigen-zukunft\\\/#primaryimage\"},\"thumbnailUrl\":\"https:\\\/\\\/www.strassenweb.de\\\/nachrichten\\\/wp-content\\\/uploads\\\/2025\\\/09\\\/UFS-startet-gruener-SA-Das-Pflanzen-der-Samen-einer-nachhaltigen.jpg\",\"keywords\":[\"das\",\"der\",\"einer\",\"gr\u00fcner\",\"nachhaltigen\",\"Pflanzen\",\"Samen\",\"startet\",\"UFs\",\"Zukunft\"],\"articleSection\":[\"\u00d6kologie\"],\"inLanguage\":\"de\"},{\"@type\":\"WebPage\",\"@id\":\"https:\\\/\\\/www.strassenweb.de\\\/nachrichten\\\/ufs-startet-gruener-sa-das-pflanzen-der-samen-einer-nachhaltigen-zukunft\\\/\",\"url\":\"https:\\\/\\\/www.strassenweb.de\\\/nachrichten\\\/ufs-startet-gruener-sa-das-pflanzen-der-samen-einer-nachhaltigen-zukunft\\\/\",\"name\":\"UFS startet gr\u00fcner SA: Das Pflanzen der Samen einer nachhaltigen Zukunft - Nachrichten - Stra\u00dfenweb\",\"isPartOf\":{\"@id\":\"https:\\\/\\\/www.strassenweb.de\\\/nachrichten\\\/#website\"},\"primaryImageOfPage\":{\"@id\":\"https:\\\/\\\/www.strassenweb.de\\\/nachrichten\\\/ufs-startet-gruener-sa-das-pflanzen-der-samen-einer-nachhaltigen-zukunft\\\/#primaryimage\"},\"image\":{\"@id\":\"https:\\\/\\\/www.strassenweb.de\\\/nachrichten\\\/ufs-startet-gruener-sa-das-pflanzen-der-samen-einer-nachhaltigen-zukunft\\\/#primaryimage\"},\"thumbnailUrl\":\"https:\\\/\\\/www.strassenweb.de\\\/nachrichten\\\/wp-content\\\/uploads\\\/2025\\\/09\\\/UFS-startet-gruener-SA-Das-Pflanzen-der-Samen-einer-nachhaltigen.jpg\",\"datePublished\":\"2025-09-22T15:39:37+00:00\",\"breadcrumb\":{\"@id\":\"https:\\\/\\\/www.strassenweb.de\\\/nachrichten\\\/ufs-startet-gruener-sa-das-pflanzen-der-samen-einer-nachhaltigen-zukunft\\\/#breadcrumb\"},\"inLanguage\":\"de\",\"potentialAction\":[{\"@type\":\"ReadAction\",\"target\":[\"https:\\\/\\\/www.strassenweb.de\\\/nachrichten\\\/ufs-startet-gruener-sa-das-pflanzen-der-samen-einer-nachhaltigen-zukunft\\\/\"]}]},{\"@type\":\"ImageObject\",\"inLanguage\":\"de\",\"@id\":\"https:\\\/\\\/www.strassenweb.de\\\/nachrichten\\\/ufs-startet-gruener-sa-das-pflanzen-der-samen-einer-nachhaltigen-zukunft\\\/#primaryimage\",\"url\":\"https:\\\/\\\/www.strassenweb.de\\\/nachrichten\\\/wp-content\\\/uploads\\\/2025\\\/09\\\/UFS-startet-gruener-SA-Das-Pflanzen-der-Samen-einer-nachhaltigen.jpg\",\"contentUrl\":\"https:\\\/\\\/www.strassenweb.de\\\/nachrichten\\\/wp-content\\\/uploads\\\/2025\\\/09\\\/UFS-startet-gruener-SA-Das-Pflanzen-der-Samen-einer-nachhaltigen.jpg\",\"width\":900,\"height\":600,\"caption\":\"UFS launches Greener SA: planting the seeds of a sustainable future\"},{\"@type\":\"BreadcrumbList\",\"@id\":\"https:\\\/\\\/www.strassenweb.de\\\/nachrichten\\\/ufs-startet-gruener-sa-das-pflanzen-der-samen-einer-nachhaltigen-zukunft\\\/#breadcrumb\",\"itemListElement\":[{\"@type\":\"ListItem\",\"position\":1,\"name\":\"Home\",\"item\":\"https:\\\/\\\/www.strassenweb.de\\\/nachrichten\\\/\"},{\"@type\":\"ListItem\",\"position\":2,\"name\":\"UFS startet gr\u00fcner SA: Das Pflanzen der Samen einer nachhaltigen Zukunft\"}]},{\"@type\":\"WebSite\",\"@id\":\"https:\\\/\\\/www.strassenweb.de\\\/nachrichten\\\/#website\",\"url\":\"https:\\\/\\\/www.strassenweb.de\\\/nachrichten\\\/\",\"name\":\"Stra\u00dfenweb\",\"description\":\"Stra\u00dfenverzeichnis f\u00fcr Deutschland\",\"publisher\":{\"@id\":\"https:\\\/\\\/www.strassenweb.de\\\/nachrichten\\\/#organization\"},\"potentialAction\":[{\"@type\":\"SearchAction\",\"target\":{\"@type\":\"EntryPoint\",\"urlTemplate\":\"https:\\\/\\\/www.strassenweb.de\\\/nachrichten\\\/?s={search_term_string}\"},\"query-input\":{\"@type\":\"PropertyValueSpecification\",\"valueRequired\":true,\"valueName\":\"search_term_string\"}}],\"inLanguage\":\"de\"},{\"@type\":\"Organization\",\"@id\":\"https:\\\/\\\/www.strassenweb.de\\\/nachrichten\\\/#organization\",\"name\":\"Stra\u00dfenweb\",\"url\":\"https:\\\/\\\/www.strassenweb.de\\\/nachrichten\\\/\",\"logo\":{\"@type\":\"ImageObject\",\"inLanguage\":\"de\",\"@id\":\"https:\\\/\\\/www.strassenweb.de\\\/nachrichten\\\/#\\\/schema\\\/logo\\\/image\\\/\",\"url\":\"https:\\\/\\\/www.strassenweb.de\\\/nachrichten\\\/wp-content\\\/uploads\\\/2024\\\/09\\\/cropped-favicon.png\",\"contentUrl\":\"https:\\\/\\\/www.strassenweb.de\\\/nachrichten\\\/wp-content\\\/uploads\\\/2024\\\/09\\\/cropped-favicon.png\",\"width\":512,\"height\":512,\"caption\":\"Stra\u00dfenweb\"},\"image\":{\"@id\":\"https:\\\/\\\/www.strassenweb.de\\\/nachrichten\\\/#\\\/schema\\\/logo\\\/image\\\/\"},\"sameAs\":[\"https:\\\/\\\/www.facebook.com\\\/strassenweb\\\/\"]},{\"@type\":\"Person\",\"@id\":\"https:\\\/\\\/www.strassenweb.de\\\/nachrichten\\\/#\\\/schema\\\/person\\\/87c9c9067f1211da429a744dc5a5aa41\",\"name\":\"Robert Hoffmann\",\"image\":{\"@type\":\"ImageObject\",\"inLanguage\":\"de\",\"@id\":\"https:\\\/\\\/www.strassenweb.de\\\/nachrichten\\\/wp-content\\\/uploads\\\/2024\\\/09\\\/strassenweb-150x150.jpg\",\"url\":\"https:\\\/\\\/www.strassenweb.de\\\/nachrichten\\\/wp-content\\\/uploads\\\/2024\\\/09\\\/strassenweb-150x150.jpg\",\"contentUrl\":\"https:\\\/\\\/www.strassenweb.de\\\/nachrichten\\\/wp-content\\\/uploads\\\/2024\\\/09\\\/strassenweb-150x150.jpg\",\"caption\":\"Robert Hoffmann\"},\"description\":\"Ich hei\u00dfe Robert Hoffmann und ich bin ein leidenschaftlicher Verfechter von \u00d6kologie und Biodiversit\u00e4t. Seit meiner Kindheit in den W\u00e4ldern Bayerns f\u00fchle ich mich mit der Natur verbunden und bin entschlossen, sie zu sch\u00fctzen. Heute widme ich mein Leben der Sensibilisierung anderer f\u00fcr die Bedeutung des Umweltschutzes f\u00fcr zuk\u00fcnftige Generationen.\",\"sameAs\":[\"https:\\\/\\\/www.strassenweb.de\\\/\"]}]}<\/script>\n<!-- \/ Yoast SEO plugin. -->","yoast_head_json":{"title":"UFS startet gr\u00fcner SA: Das Pflanzen der Samen einer nachhaltigen Zukunft - Nachrichten - Stra\u00dfenweb","robots":{"index":"index","follow":"follow","max-snippet":"max-snippet:-1","max-image-preview":"max-image-preview:large","max-video-preview":"max-video-preview:-1"},"canonical":"https:\/\/www.strassenweb.de\/nachrichten\/ufs-startet-gruener-sa-das-pflanzen-der-samen-einer-nachhaltigen-zukunft\/","og_locale":"de_DE","og_type":"article","og_title":"UFS startet gr\u00fcner SA: Das Pflanzen der Samen einer nachhaltigen Zukunft - Nachrichten - Stra\u00dfenweb","og_description":"Die University of the Free State (UFS) startete Greener SA, eine f\u00fcnfj\u00e4hrige Initiative, um 400 000 B\u00e4ume in ganz S\u00fcdafrika zu pflanzen, auf der Paradys","og_url":"https:\/\/www.strassenweb.de\/nachrichten\/ufs-startet-gruener-sa-das-pflanzen-der-samen-einer-nachhaltigen-zukunft\/","og_site_name":"Stra\u00dfenweb","article_publisher":"https:\/\/www.facebook.com\/strassenweb\/","article_published_time":"2025-09-22T15:39:37+00:00","og_image":[{"width":900,"height":600,"url":"https:\/\/www.strassenweb.de\/nachrichten\/wp-content\/uploads\/2025\/09\/UFS-startet-gruener-SA-Das-Pflanzen-der-Samen-einer-nachhaltigen.jpg","type":"image\/jpeg"}],"author":"Robert Hoffmann","twitter_card":"summary_large_image","twitter_misc":{"Verfasst von":"Robert Hoffmann","Gesch\u00e4tzte Lesezeit":"4\u00a0Minuten"},"schema":{"@context":"https:\/\/schema.org","@graph":[{"@type":"Article","@id":"https:\/\/www.strassenweb.de\/nachrichten\/ufs-startet-gruener-sa-das-pflanzen-der-samen-einer-nachhaltigen-zukunft\/#article","isPartOf":{"@id":"https:\/\/www.strassenweb.de\/nachrichten\/ufs-startet-gruener-sa-das-pflanzen-der-samen-einer-nachhaltigen-zukunft\/"},"author":{"name":"Robert Hoffmann","@id":"https:\/\/www.strassenweb.de\/nachrichten\/#\/schema\/person\/87c9c9067f1211da429a744dc5a5aa41"},"headline":"UFS startet gr\u00fcner SA: Das Pflanzen der Samen einer nachhaltigen Zukunft","datePublished":"2025-09-22T15:39:37+00:00","mainEntityOfPage":{"@id":"https:\/\/www.strassenweb.de\/nachrichten\/ufs-startet-gruener-sa-das-pflanzen-der-samen-einer-nachhaltigen-zukunft\/"},"wordCount":724,"publisher":{"@id":"https:\/\/www.strassenweb.de\/nachrichten\/#organization"},"image":{"@id":"https:\/\/www.strassenweb.de\/nachrichten\/ufs-startet-gruener-sa-das-pflanzen-der-samen-einer-nachhaltigen-zukunft\/#primaryimage"},"thumbnailUrl":"https:\/\/www.strassenweb.de\/nachrichten\/wp-content\/uploads\/2025\/09\/UFS-startet-gruener-SA-Das-Pflanzen-der-Samen-einer-nachhaltigen.jpg","keywords":["das","der","einer","gr\u00fcner","nachhaltigen","Pflanzen","Samen","startet","UFs","Zukunft"],"articleSection":["\u00d6kologie"],"inLanguage":"de"},{"@type":"WebPage","@id":"https:\/\/www.strassenweb.de\/nachrichten\/ufs-startet-gruener-sa-das-pflanzen-der-samen-einer-nachhaltigen-zukunft\/","url":"https:\/\/www.strassenweb.de\/nachrichten\/ufs-startet-gruener-sa-das-pflanzen-der-samen-einer-nachhaltigen-zukunft\/","name":"UFS startet gr\u00fcner SA: Das Pflanzen der Samen einer nachhaltigen Zukunft - Nachrichten - Stra\u00dfenweb","isPartOf":{"@id":"https:\/\/www.strassenweb.de\/nachrichten\/#website"},"primaryImageOfPage":{"@id":"https:\/\/www.strassenweb.de\/nachrichten\/ufs-startet-gruener-sa-das-pflanzen-der-samen-einer-nachhaltigen-zukunft\/#primaryimage"},"image":{"@id":"https:\/\/www.strassenweb.de\/nachrichten\/ufs-startet-gruener-sa-das-pflanzen-der-samen-einer-nachhaltigen-zukunft\/#primaryimage"},"thumbnailUrl":"https:\/\/www.strassenweb.de\/nachrichten\/wp-content\/uploads\/2025\/09\/UFS-startet-gruener-SA-Das-Pflanzen-der-Samen-einer-nachhaltigen.jpg","datePublished":"2025-09-22T15:39:37+00:00","breadcrumb":{"@id":"https:\/\/www.strassenweb.de\/nachrichten\/ufs-startet-gruener-sa-das-pflanzen-der-samen-einer-nachhaltigen-zukunft\/#breadcrumb"},"inLanguage":"de","potentialAction":[{"@type":"ReadAction","target":["https:\/\/www.strassenweb.de\/nachrichten\/ufs-startet-gruener-sa-das-pflanzen-der-samen-einer-nachhaltigen-zukunft\/"]}]},{"@type":"ImageObject","inLanguage":"de","@id":"https:\/\/www.strassenweb.de\/nachrichten\/ufs-startet-gruener-sa-das-pflanzen-der-samen-einer-nachhaltigen-zukunft\/#primaryimage","url":"https:\/\/www.strassenweb.de\/nachrichten\/wp-content\/uploads\/2025\/09\/UFS-startet-gruener-SA-Das-Pflanzen-der-Samen-einer-nachhaltigen.jpg","contentUrl":"https:\/\/www.strassenweb.de\/nachrichten\/wp-content\/uploads\/2025\/09\/UFS-startet-gruener-SA-Das-Pflanzen-der-Samen-einer-nachhaltigen.jpg","width":900,"height":600,"caption":"UFS launches Greener SA: planting the seeds of a sustainable future"},{"@type":"BreadcrumbList","@id":"https:\/\/www.strassenweb.de\/nachrichten\/ufs-startet-gruener-sa-das-pflanzen-der-samen-einer-nachhaltigen-zukunft\/#breadcrumb","itemListElement":[{"@type":"ListItem","position":1,"name":"Home","item":"https:\/\/www.strassenweb.de\/nachrichten\/"},{"@type":"ListItem","position":2,"name":"UFS startet gr\u00fcner SA: Das Pflanzen der Samen einer nachhaltigen Zukunft"}]},{"@type":"WebSite","@id":"https:\/\/www.strassenweb.de\/nachrichten\/#website","url":"https:\/\/www.strassenweb.de\/nachrichten\/","name":"Stra\u00dfenweb","description":"Stra\u00dfenverzeichnis f\u00fcr Deutschland","publisher":{"@id":"https:\/\/www.strassenweb.de\/nachrichten\/#organization"},"potentialAction":[{"@type":"SearchAction","target":{"@type":"EntryPoint","urlTemplate":"https:\/\/www.strassenweb.de\/nachrichten\/?s={search_term_string}"},"query-input":{"@type":"PropertyValueSpecification","valueRequired":true,"valueName":"search_term_string"}}],"inLanguage":"de"},{"@type":"Organization","@id":"https:\/\/www.strassenweb.de\/nachrichten\/#organization","name":"Stra\u00dfenweb","url":"https:\/\/www.strassenweb.de\/nachrichten\/","logo":{"@type":"ImageObject","inLanguage":"de","@id":"https:\/\/www.strassenweb.de\/nachrichten\/#\/schema\/logo\/image\/","url":"https:\/\/www.strassenweb.de\/nachrichten\/wp-content\/uploads\/2024\/09\/cropped-favicon.png","contentUrl":"https:\/\/www.strassenweb.de\/nachrichten\/wp-content\/uploads\/2024\/09\/cropped-favicon.png","width":512,"height":512,"caption":"Stra\u00dfenweb"},"image":{"@id":"https:\/\/www.strassenweb.de\/nachrichten\/#\/schema\/logo\/image\/"},"sameAs":["https:\/\/www.facebook.com\/strassenweb\/"]},{"@type":"Person","@id":"https:\/\/www.strassenweb.de\/nachrichten\/#\/schema\/person\/87c9c9067f1211da429a744dc5a5aa41","name":"Robert Hoffmann","image":{"@type":"ImageObject","inLanguage":"de","@id":"https:\/\/www.strassenweb.de\/nachrichten\/wp-content\/uploads\/2024\/09\/strassenweb-150x150.jpg","url":"https:\/\/www.strassenweb.de\/nachrichten\/wp-content\/uploads\/2024\/09\/strassenweb-150x150.jpg","contentUrl":"https:\/\/www.strassenweb.de\/nachrichten\/wp-content\/uploads\/2024\/09\/strassenweb-150x150.jpg","caption":"Robert Hoffmann"},"description":"Ich hei\u00dfe Robert Hoffmann und ich bin ein leidenschaftlicher Verfechter von \u00d6kologie und Biodiversit\u00e4t. Seit meiner Kindheit in den W\u00e4ldern Bayerns f\u00fchle ich mich mit der Natur verbunden und bin entschlossen, sie zu sch\u00fctzen. Heute widme ich mein Leben der Sensibilisierung anderer f\u00fcr die Bedeutung des Umweltschutzes f\u00fcr zuk\u00fcnftige Generationen.","sameAs":["https:\/\/www.strassenweb.de\/"]}]}},"_links":{"self":[{"href":"https:\/\/www.strassenweb.de\/nachrichten\/wp-json\/wp\/v2\/posts\/7911","targetHints":{"allow":["GET"]}}],"collection":[{"href":"https:\/\/www.strassenweb.de\/nachrichten\/wp-json\/wp\/v2\/posts"}],"about":[{"href":"https:\/\/www.strassenweb.de\/nachrichten\/wp-json\/wp\/v2\/types\/post"}],"author":[{"embeddable":true,"href":"https:\/\/www.strassenweb.de\/nachrichten\/wp-json\/wp\/v2\/users\/1"}],"replies":[{"embeddable":true,"href":"https:\/\/www.strassenweb.de\/nachrichten\/wp-json\/wp\/v2\/comments?post=7911"}],"version-history":[{"count":0,"href":"https:\/\/www.strassenweb.de\/nachrichten\/wp-json\/wp\/v2\/posts\/7911\/revisions"}],"wp:featuredmedia":[{"embeddable":true,"href":"https:\/\/www.strassenweb.de\/nachrichten\/wp-json\/wp\/v2\/media\/7912"}],"wp:attachment":[{"href":"https:\/\/www.strassenweb.de\/nachrichten\/wp-json\/wp\/v2\/media?parent=7911"}],"wp:term":[{"taxonomy":"category","embeddable":true,"href":"https:\/\/www.strassenweb.de\/nachrichten\/wp-json\/wp\/v2\/categories?post=7911"},{"taxonomy":"post_tag","embeddable":true,"href":"https:\/\/www.strassenweb.de\/nachrichten\/wp-json\/wp\/v2\/tags?post=7911"}],"curies":[{"name":"wp","href":"https:\/\/api.w.org\/{rel}","templated":true}]}}