{"id":7908,"date":"2025-09-22T16:41:11","date_gmt":"2025-09-22T14:41:11","guid":{"rendered":"https:\/\/www.strassenweb.de\/nachrichten\/das-eine-element-das-lala-neu-interpretiert-hat\/"},"modified":"2025-09-22T16:41:13","modified_gmt":"2025-09-22T14:41:13","slug":"das-eine-element-das-lala-neu-interpretiert-hat","status":"publish","type":"post","link":"https:\/\/www.strassenweb.de\/nachrichten\/das-eine-element-das-lala-neu-interpretiert-hat\/","title":{"rendered":"Das eine Element, das Lala neu interpretiert hat"},"content":{"rendered":"<p><\/p>\n<div id=\"article-body\" class=\"article__body \">\n<div id=\"ad-unit-1\" class=\"ad-unit\"><\/div>\n<p>In Lala l\u00e4uft ein Designprinzip durch fast jedes Projekt: Bringen Sie die Natur ein. Und nicht nur mit Blumen oder kleinen Pflanzen &#8211; wir meinen echten, lebenden, atmenden B\u00e4umen. Unsere Liebe zur Landschaftsgestaltung und G\u00e4rten erstreckt sich auf nat\u00fcrliche Weise in den Innenr\u00e4umen, wo eine unserer Lieblingsstadien des Prozesses darin besteht, das Gr\u00fcn in einem Haus zu kuratieren &#8211; sogar B\u00e4ume an unerwarteten Orten.<\/p>\n<aside data-block-type=\"embed\" data-render-type=\"fte\" data-skip=\"dealsy\" data-widget-type=\"seasonal\" class=\"hawk-base\"><\/aside>\n<p id=\"e79eb62a-256e-4818-ae0f-8ffb4f69c3f6-2\">Wir glauben, dass Gr\u00fcn eine der besten Investitionen ist, die Sie in Ihren Raum t\u00e4tigen k\u00f6nnen. Wenn wir Grundrisse abbilden, bestimmen wir h\u00e4ufig einen Platz f\u00fcr einen auff\u00e4lligen Baum oder eine \u00fcbergro\u00dfe Anlage in jedem Raum, in dem sich eines aufnehmen kann. Unsere Favoriten umfassen skulpturale, leicht zu sorten Sorten wie Ficus- und Fishtail-Palmen.<\/p>\n<div class=\"van_vid_carousel\">\n<div class=\"van_vid_carousel__padding\">\n<div class=\"van_vid_carousel__container\"><\/div>\n<\/div>\n<\/div>\n<p>Manchmal opfern wir sogar ein M\u00f6belst\u00fcck, um Platz zu schaffen, da ein Baum in Ihrem Wohnzimmer genauso wirkungsvoll sein kann wie ein Kunstwerk. F\u00fcgen Sie dem Pflanzer ein subtiles Uplight hinzu, und pl\u00f6tzlich verwandelt es sich pl\u00f6tzlich &#8211; nicht nur als lebende Skulptur, sondern auch als Stimmungsbeleuchtung. Tags\u00fcber schafft es eine ruhige, ruhige Atmosph\u00e4re; Nachts bereitet es die B\u00fchne f\u00fcr ein dramatisches, einladendes Ambiente f\u00fcr Unterhaltung.<\/p>\n<div id=\"ad-unit-2\" class=\"ad-unit\"><\/div>\n<figure class=\"van-image-figure inline-layout \" data-bordeaux-image-check id=\"c319e464-b63c-4085-af2e-8b0376cadc82\">\n<div class=\"image-full-width-wrapper\">\n<div class=\"image-widthsetter\" style=\"max-width:2000px;\"><\/div>\n<\/div>\n<\/figure>\n<p id=\"dfde21ae-c5a4-4db8-ad1e-94c993a1f362\">Wenn Sie in Ihrem Haus eine unangenehme Ecke oder einen Abschnitt \u201etoter Raum\u201c haben, widerstehen Sie dem Drang, sie mit zus\u00e4tzlichen M\u00f6beln zu dr\u00e4ngen. Machen Sie stattdessen eine Erkl\u00e4rung mit einem Baum. Besorgt \u00fcber die Kosten eines gr\u00f6\u00dferen Exemplars? Hier ist unser Lieblingstrick: Legen Sie einen kleineren Baum in einen hohen Pflanzer, um ihm sofort zu pr\u00e4sentieren &#8211; es entspricht dem Einlegen Ihrer Pflanze in High Heels.<\/p>\n<p>Bei der Beschaffung ziehen wir uns f\u00fcr ungew\u00f6hnliche Formen \u00fcber perfekte Symmetrie an. Wir nennen sie liebevoll unseren Dr. Seuss Trees &#8218; &#8211; schrullige, charakteristische Pflanzen, die f\u00fcr ihre Unregelm\u00e4\u00dfigkeiten oft \u00fcbersehen werden. F\u00fcr uns machen diese Unvollkommenheiten sie zu etwas Besonderem. Jeder tr\u00e4gt seine eigene Pers\u00f6nlichkeit, und genau diese Individualit\u00e4t bringt Seele und Sch\u00f6nheit in einen Raum.<\/p>\n<figure class=\"van-image-figure inline-layout \" data-bordeaux-image-check id=\"0b7219f6-067c-4379-b09f-60a6f0bdc618\">\n<div class=\"image-full-width-wrapper\">\n<div class=\"image-widthsetter\" style=\"max-width:2000px;\"><\/div>\n<\/div>\n<\/figure>\n<p id=\"a994cfa2-0566-4dfe-a45d-716c4f81fff2\">Und vergessen Sie nicht den Pflanzer &#8211; es ist genauso wichtig wie der Baum selbst. Wir neigen dazu, antike inspirierte, neutrale Keramikschiffe zu bevorzugen, die das Gr\u00fcn stillschweigend erg\u00e4nzen, anstatt damit zu konkurrieren, sodass die skulpturale Form des Baumes im Mittelpunkt steht. Eine unserer Lieblingsquellen sind Inneng\u00e4rten, die eine sch\u00f6ne Auswahl bieten.<\/p>\n<div id=\"slice-container-newsletterForm-articleInbodyContent-fS5aMWePBkiSwtP3qy5unR\" class=\"slice-container newsletter-inbodyContent-slice newsletterForm-articleInbodyContent-fS5aMWePBkiSwtP3qy5unR slice-container-newsletterForm\"><\/div>\n<p>Die Vorteile, B\u00e4ume in Innenr\u00e4ume zu bringen, gehen weit \u00fcber die \u00c4sthetik hinaus. Sie heben nicht nur Ihre Stimmung und f\u00f6rdern ein Gef\u00fchl der Verbindung zur Natur, sondern helfen auch, die Luft zu reinigen und eine ges\u00fcndere Heimumgebung zu schaffen.<\/p>\n<p>Wenn Sie sich also das n\u00e4chste Mal fragen, was in einem Raum fehlt, sollten Sie den zus\u00e4tzlichen Stuhl oder die Konsole \u00fcberspringen. Was Ihr Raum wirklich verlangen kann, ist ein Baum.<\/p>\n<\/div>\n","protected":false},"excerpt":{"rendered":"<p>In Lala l\u00e4uft ein Designprinzip durch fast jedes Projekt: Bringen Sie die Natur ein. Und nicht nur mit Blumen oder kleinen Pflanzen &#8211; wir meinen<\/p>\n","protected":false},"author":1,"featured_media":7909,"comment_status":"closed","ping_status":"","sticky":false,"template":"","format":"standard","meta":{"footnotes":""},"categories":[118],"tags":[112,74,9423,189,10295,10294,191],"class_list":["post-7908","post","type-post","status-publish","format-standard","has-post-thumbnail","hentry","category-haus-garten","tag-das","tag-eine","tag-element","tag-hat","tag-interpretiert","tag-lala","tag-neu","generate-columns","tablet-grid-50","mobile-grid-100","grid-parent","grid-50"],"yoast_head":"<!-- This site is optimized with the Yoast SEO plugin v27.3 - https:\/\/yoast.com\/product\/yoast-seo-wordpress\/ -->\n<title>Das eine Element, das Lala neu interpretiert hat - Nachrichten - Stra\u00dfenweb<\/title>\n<meta name=\"robots\" content=\"index, follow, max-snippet:-1, max-image-preview:large, max-video-preview:-1\" \/>\n<link rel=\"canonical\" href=\"https:\/\/www.strassenweb.de\/nachrichten\/das-eine-element-das-lala-neu-interpretiert-hat\/\" \/>\n<meta property=\"og:locale\" content=\"de_DE\" \/>\n<meta property=\"og:type\" content=\"article\" \/>\n<meta property=\"og:title\" content=\"Das eine Element, das Lala neu interpretiert hat - Nachrichten - Stra\u00dfenweb\" \/>\n<meta property=\"og:description\" content=\"In Lala l\u00e4uft ein Designprinzip durch fast jedes Projekt: Bringen Sie die Natur ein. Und nicht nur mit Blumen oder kleinen Pflanzen &#8211; wir meinen\" \/>\n<meta property=\"og:url\" content=\"https:\/\/www.strassenweb.de\/nachrichten\/das-eine-element-das-lala-neu-interpretiert-hat\/\" \/>\n<meta property=\"og:site_name\" content=\"Stra\u00dfenweb\" \/>\n<meta property=\"article:publisher\" content=\"https:\/\/www.facebook.com\/strassenweb\/\" \/>\n<meta property=\"article:published_time\" content=\"2025-09-22T14:41:11+00:00\" \/>\n<meta property=\"article:modified_time\" content=\"2025-09-22T14:41:13+00:00\" \/>\n<meta property=\"og:image\" content=\"https:\/\/www.strassenweb.de\/nachrichten\/wp-content\/uploads\/2025\/09\/Das-eine-Element-das-Lala-neu-interpretiert-hat-scaled.jpg\" \/>\n\t<meta property=\"og:image:width\" content=\"2560\" \/>\n\t<meta property=\"og:image:height\" content=\"1440\" \/>\n\t<meta property=\"og:image:type\" content=\"image\/jpeg\" \/>\n<meta name=\"author\" content=\"Robert Hoffmann\" \/>\n<meta name=\"twitter:card\" content=\"summary_large_image\" \/>\n<meta name=\"twitter:label1\" content=\"Verfasst von\" \/>\n\t<meta name=\"twitter:data1\" content=\"Robert Hoffmann\" \/>\n\t<meta name=\"twitter:label2\" content=\"Gesch\u00e4tzte Lesezeit\" \/>\n\t<meta name=\"twitter:data2\" content=\"2\u00a0Minuten\" \/>\n<script type=\"application\/ld+json\" class=\"yoast-schema-graph\">{\"@context\":\"https:\\\/\\\/schema.org\",\"@graph\":[{\"@type\":\"Article\",\"@id\":\"https:\\\/\\\/www.strassenweb.de\\\/nachrichten\\\/das-eine-element-das-lala-neu-interpretiert-hat\\\/#article\",\"isPartOf\":{\"@id\":\"https:\\\/\\\/www.strassenweb.de\\\/nachrichten\\\/das-eine-element-das-lala-neu-interpretiert-hat\\\/\"},\"author\":{\"name\":\"Robert Hoffmann\",\"@id\":\"https:\\\/\\\/www.strassenweb.de\\\/nachrichten\\\/#\\\/schema\\\/person\\\/87c9c9067f1211da429a744dc5a5aa41\"},\"headline\":\"Das eine Element, das Lala neu interpretiert hat\",\"datePublished\":\"2025-09-22T14:41:11+00:00\",\"dateModified\":\"2025-09-22T14:41:13+00:00\",\"mainEntityOfPage\":{\"@id\":\"https:\\\/\\\/www.strassenweb.de\\\/nachrichten\\\/das-eine-element-das-lala-neu-interpretiert-hat\\\/\"},\"wordCount\":489,\"publisher\":{\"@id\":\"https:\\\/\\\/www.strassenweb.de\\\/nachrichten\\\/#organization\"},\"image\":{\"@id\":\"https:\\\/\\\/www.strassenweb.de\\\/nachrichten\\\/das-eine-element-das-lala-neu-interpretiert-hat\\\/#primaryimage\"},\"thumbnailUrl\":\"https:\\\/\\\/www.strassenweb.de\\\/nachrichten\\\/wp-content\\\/uploads\\\/2025\\\/09\\\/Das-eine-Element-das-Lala-neu-interpretiert-hat-scaled.jpg\",\"keywords\":[\"das\",\"eine\",\"Element\",\"hat\",\"interpretiert\",\"Lala\",\"neu\"],\"articleSection\":[\"Haus &amp; Garten\"],\"inLanguage\":\"de\"},{\"@type\":\"WebPage\",\"@id\":\"https:\\\/\\\/www.strassenweb.de\\\/nachrichten\\\/das-eine-element-das-lala-neu-interpretiert-hat\\\/\",\"url\":\"https:\\\/\\\/www.strassenweb.de\\\/nachrichten\\\/das-eine-element-das-lala-neu-interpretiert-hat\\\/\",\"name\":\"Das eine Element, das Lala neu interpretiert hat - Nachrichten - Stra\u00dfenweb\",\"isPartOf\":{\"@id\":\"https:\\\/\\\/www.strassenweb.de\\\/nachrichten\\\/#website\"},\"primaryImageOfPage\":{\"@id\":\"https:\\\/\\\/www.strassenweb.de\\\/nachrichten\\\/das-eine-element-das-lala-neu-interpretiert-hat\\\/#primaryimage\"},\"image\":{\"@id\":\"https:\\\/\\\/www.strassenweb.de\\\/nachrichten\\\/das-eine-element-das-lala-neu-interpretiert-hat\\\/#primaryimage\"},\"thumbnailUrl\":\"https:\\\/\\\/www.strassenweb.de\\\/nachrichten\\\/wp-content\\\/uploads\\\/2025\\\/09\\\/Das-eine-Element-das-Lala-neu-interpretiert-hat-scaled.jpg\",\"datePublished\":\"2025-09-22T14:41:11+00:00\",\"dateModified\":\"2025-09-22T14:41:13+00:00\",\"breadcrumb\":{\"@id\":\"https:\\\/\\\/www.strassenweb.de\\\/nachrichten\\\/das-eine-element-das-lala-neu-interpretiert-hat\\\/#breadcrumb\"},\"inLanguage\":\"de\",\"potentialAction\":[{\"@type\":\"ReadAction\",\"target\":[\"https:\\\/\\\/www.strassenweb.de\\\/nachrichten\\\/das-eine-element-das-lala-neu-interpretiert-hat\\\/\"]}]},{\"@type\":\"ImageObject\",\"inLanguage\":\"de\",\"@id\":\"https:\\\/\\\/www.strassenweb.de\\\/nachrichten\\\/das-eine-element-das-lala-neu-interpretiert-hat\\\/#primaryimage\",\"url\":\"https:\\\/\\\/www.strassenweb.de\\\/nachrichten\\\/wp-content\\\/uploads\\\/2025\\\/09\\\/Das-eine-Element-das-Lala-neu-interpretiert-hat-scaled.jpg\",\"contentUrl\":\"https:\\\/\\\/www.strassenweb.de\\\/nachrichten\\\/wp-content\\\/uploads\\\/2025\\\/09\\\/Das-eine-Element-das-Lala-neu-interpretiert-hat-scaled.jpg\",\"width\":2560,\"height\":1440,\"caption\":\"LALA Reimagined designed living room with white walls, green sofa, white armchair, round wooden coffee table, brown leather armchair and colorful rug with built-in storage\"},{\"@type\":\"BreadcrumbList\",\"@id\":\"https:\\\/\\\/www.strassenweb.de\\\/nachrichten\\\/das-eine-element-das-lala-neu-interpretiert-hat\\\/#breadcrumb\",\"itemListElement\":[{\"@type\":\"ListItem\",\"position\":1,\"name\":\"Home\",\"item\":\"https:\\\/\\\/www.strassenweb.de\\\/nachrichten\\\/\"},{\"@type\":\"ListItem\",\"position\":2,\"name\":\"Das eine Element, das Lala neu interpretiert hat\"}]},{\"@type\":\"WebSite\",\"@id\":\"https:\\\/\\\/www.strassenweb.de\\\/nachrichten\\\/#website\",\"url\":\"https:\\\/\\\/www.strassenweb.de\\\/nachrichten\\\/\",\"name\":\"Stra\u00dfenweb\",\"description\":\"Stra\u00dfenverzeichnis f\u00fcr Deutschland\",\"publisher\":{\"@id\":\"https:\\\/\\\/www.strassenweb.de\\\/nachrichten\\\/#organization\"},\"potentialAction\":[{\"@type\":\"SearchAction\",\"target\":{\"@type\":\"EntryPoint\",\"urlTemplate\":\"https:\\\/\\\/www.strassenweb.de\\\/nachrichten\\\/?s={search_term_string}\"},\"query-input\":{\"@type\":\"PropertyValueSpecification\",\"valueRequired\":true,\"valueName\":\"search_term_string\"}}],\"inLanguage\":\"de\"},{\"@type\":\"Organization\",\"@id\":\"https:\\\/\\\/www.strassenweb.de\\\/nachrichten\\\/#organization\",\"name\":\"Stra\u00dfenweb\",\"url\":\"https:\\\/\\\/www.strassenweb.de\\\/nachrichten\\\/\",\"logo\":{\"@type\":\"ImageObject\",\"inLanguage\":\"de\",\"@id\":\"https:\\\/\\\/www.strassenweb.de\\\/nachrichten\\\/#\\\/schema\\\/logo\\\/image\\\/\",\"url\":\"https:\\\/\\\/www.strassenweb.de\\\/nachrichten\\\/wp-content\\\/uploads\\\/2024\\\/09\\\/cropped-favicon.png\",\"contentUrl\":\"https:\\\/\\\/www.strassenweb.de\\\/nachrichten\\\/wp-content\\\/uploads\\\/2024\\\/09\\\/cropped-favicon.png\",\"width\":512,\"height\":512,\"caption\":\"Stra\u00dfenweb\"},\"image\":{\"@id\":\"https:\\\/\\\/www.strassenweb.de\\\/nachrichten\\\/#\\\/schema\\\/logo\\\/image\\\/\"},\"sameAs\":[\"https:\\\/\\\/www.facebook.com\\\/strassenweb\\\/\"]},{\"@type\":\"Person\",\"@id\":\"https:\\\/\\\/www.strassenweb.de\\\/nachrichten\\\/#\\\/schema\\\/person\\\/87c9c9067f1211da429a744dc5a5aa41\",\"name\":\"Robert Hoffmann\",\"image\":{\"@type\":\"ImageObject\",\"inLanguage\":\"de\",\"@id\":\"https:\\\/\\\/www.strassenweb.de\\\/nachrichten\\\/wp-content\\\/uploads\\\/2024\\\/09\\\/strassenweb-150x150.jpg\",\"url\":\"https:\\\/\\\/www.strassenweb.de\\\/nachrichten\\\/wp-content\\\/uploads\\\/2024\\\/09\\\/strassenweb-150x150.jpg\",\"contentUrl\":\"https:\\\/\\\/www.strassenweb.de\\\/nachrichten\\\/wp-content\\\/uploads\\\/2024\\\/09\\\/strassenweb-150x150.jpg\",\"caption\":\"Robert Hoffmann\"},\"description\":\"Ich hei\u00dfe Robert Hoffmann und ich bin ein leidenschaftlicher Verfechter von \u00d6kologie und Biodiversit\u00e4t. Seit meiner Kindheit in den W\u00e4ldern Bayerns f\u00fchle ich mich mit der Natur verbunden und bin entschlossen, sie zu sch\u00fctzen. Heute widme ich mein Leben der Sensibilisierung anderer f\u00fcr die Bedeutung des Umweltschutzes f\u00fcr zuk\u00fcnftige Generationen.\",\"sameAs\":[\"https:\\\/\\\/www.strassenweb.de\\\/\"]}]}<\/script>\n<!-- \/ Yoast SEO plugin. -->","yoast_head_json":{"title":"Das eine Element, das Lala neu interpretiert hat - Nachrichten - Stra\u00dfenweb","robots":{"index":"index","follow":"follow","max-snippet":"max-snippet:-1","max-image-preview":"max-image-preview:large","max-video-preview":"max-video-preview:-1"},"canonical":"https:\/\/www.strassenweb.de\/nachrichten\/das-eine-element-das-lala-neu-interpretiert-hat\/","og_locale":"de_DE","og_type":"article","og_title":"Das eine Element, das Lala neu interpretiert hat - Nachrichten - Stra\u00dfenweb","og_description":"In Lala l\u00e4uft ein Designprinzip durch fast jedes Projekt: Bringen Sie die Natur ein. Und nicht nur mit Blumen oder kleinen Pflanzen &#8211; wir meinen","og_url":"https:\/\/www.strassenweb.de\/nachrichten\/das-eine-element-das-lala-neu-interpretiert-hat\/","og_site_name":"Stra\u00dfenweb","article_publisher":"https:\/\/www.facebook.com\/strassenweb\/","article_published_time":"2025-09-22T14:41:11+00:00","article_modified_time":"2025-09-22T14:41:13+00:00","og_image":[{"width":2560,"height":1440,"url":"https:\/\/www.strassenweb.de\/nachrichten\/wp-content\/uploads\/2025\/09\/Das-eine-Element-das-Lala-neu-interpretiert-hat-scaled.jpg","type":"image\/jpeg"}],"author":"Robert Hoffmann","twitter_card":"summary_large_image","twitter_misc":{"Verfasst von":"Robert Hoffmann","Gesch\u00e4tzte Lesezeit":"2\u00a0Minuten"},"schema":{"@context":"https:\/\/schema.org","@graph":[{"@type":"Article","@id":"https:\/\/www.strassenweb.de\/nachrichten\/das-eine-element-das-lala-neu-interpretiert-hat\/#article","isPartOf":{"@id":"https:\/\/www.strassenweb.de\/nachrichten\/das-eine-element-das-lala-neu-interpretiert-hat\/"},"author":{"name":"Robert Hoffmann","@id":"https:\/\/www.strassenweb.de\/nachrichten\/#\/schema\/person\/87c9c9067f1211da429a744dc5a5aa41"},"headline":"Das eine Element, das Lala neu interpretiert hat","datePublished":"2025-09-22T14:41:11+00:00","dateModified":"2025-09-22T14:41:13+00:00","mainEntityOfPage":{"@id":"https:\/\/www.strassenweb.de\/nachrichten\/das-eine-element-das-lala-neu-interpretiert-hat\/"},"wordCount":489,"publisher":{"@id":"https:\/\/www.strassenweb.de\/nachrichten\/#organization"},"image":{"@id":"https:\/\/www.strassenweb.de\/nachrichten\/das-eine-element-das-lala-neu-interpretiert-hat\/#primaryimage"},"thumbnailUrl":"https:\/\/www.strassenweb.de\/nachrichten\/wp-content\/uploads\/2025\/09\/Das-eine-Element-das-Lala-neu-interpretiert-hat-scaled.jpg","keywords":["das","eine","Element","hat","interpretiert","Lala","neu"],"articleSection":["Haus &amp; Garten"],"inLanguage":"de"},{"@type":"WebPage","@id":"https:\/\/www.strassenweb.de\/nachrichten\/das-eine-element-das-lala-neu-interpretiert-hat\/","url":"https:\/\/www.strassenweb.de\/nachrichten\/das-eine-element-das-lala-neu-interpretiert-hat\/","name":"Das eine Element, das Lala neu interpretiert hat - Nachrichten - Stra\u00dfenweb","isPartOf":{"@id":"https:\/\/www.strassenweb.de\/nachrichten\/#website"},"primaryImageOfPage":{"@id":"https:\/\/www.strassenweb.de\/nachrichten\/das-eine-element-das-lala-neu-interpretiert-hat\/#primaryimage"},"image":{"@id":"https:\/\/www.strassenweb.de\/nachrichten\/das-eine-element-das-lala-neu-interpretiert-hat\/#primaryimage"},"thumbnailUrl":"https:\/\/www.strassenweb.de\/nachrichten\/wp-content\/uploads\/2025\/09\/Das-eine-Element-das-Lala-neu-interpretiert-hat-scaled.jpg","datePublished":"2025-09-22T14:41:11+00:00","dateModified":"2025-09-22T14:41:13+00:00","breadcrumb":{"@id":"https:\/\/www.strassenweb.de\/nachrichten\/das-eine-element-das-lala-neu-interpretiert-hat\/#breadcrumb"},"inLanguage":"de","potentialAction":[{"@type":"ReadAction","target":["https:\/\/www.strassenweb.de\/nachrichten\/das-eine-element-das-lala-neu-interpretiert-hat\/"]}]},{"@type":"ImageObject","inLanguage":"de","@id":"https:\/\/www.strassenweb.de\/nachrichten\/das-eine-element-das-lala-neu-interpretiert-hat\/#primaryimage","url":"https:\/\/www.strassenweb.de\/nachrichten\/wp-content\/uploads\/2025\/09\/Das-eine-Element-das-Lala-neu-interpretiert-hat-scaled.jpg","contentUrl":"https:\/\/www.strassenweb.de\/nachrichten\/wp-content\/uploads\/2025\/09\/Das-eine-Element-das-Lala-neu-interpretiert-hat-scaled.jpg","width":2560,"height":1440,"caption":"LALA Reimagined designed living room with white walls, green sofa, white armchair, round wooden coffee table, brown leather armchair and colorful rug with built-in storage"},{"@type":"BreadcrumbList","@id":"https:\/\/www.strassenweb.de\/nachrichten\/das-eine-element-das-lala-neu-interpretiert-hat\/#breadcrumb","itemListElement":[{"@type":"ListItem","position":1,"name":"Home","item":"https:\/\/www.strassenweb.de\/nachrichten\/"},{"@type":"ListItem","position":2,"name":"Das eine Element, das Lala neu interpretiert hat"}]},{"@type":"WebSite","@id":"https:\/\/www.strassenweb.de\/nachrichten\/#website","url":"https:\/\/www.strassenweb.de\/nachrichten\/","name":"Stra\u00dfenweb","description":"Stra\u00dfenverzeichnis f\u00fcr Deutschland","publisher":{"@id":"https:\/\/www.strassenweb.de\/nachrichten\/#organization"},"potentialAction":[{"@type":"SearchAction","target":{"@type":"EntryPoint","urlTemplate":"https:\/\/www.strassenweb.de\/nachrichten\/?s={search_term_string}"},"query-input":{"@type":"PropertyValueSpecification","valueRequired":true,"valueName":"search_term_string"}}],"inLanguage":"de"},{"@type":"Organization","@id":"https:\/\/www.strassenweb.de\/nachrichten\/#organization","name":"Stra\u00dfenweb","url":"https:\/\/www.strassenweb.de\/nachrichten\/","logo":{"@type":"ImageObject","inLanguage":"de","@id":"https:\/\/www.strassenweb.de\/nachrichten\/#\/schema\/logo\/image\/","url":"https:\/\/www.strassenweb.de\/nachrichten\/wp-content\/uploads\/2024\/09\/cropped-favicon.png","contentUrl":"https:\/\/www.strassenweb.de\/nachrichten\/wp-content\/uploads\/2024\/09\/cropped-favicon.png","width":512,"height":512,"caption":"Stra\u00dfenweb"},"image":{"@id":"https:\/\/www.strassenweb.de\/nachrichten\/#\/schema\/logo\/image\/"},"sameAs":["https:\/\/www.facebook.com\/strassenweb\/"]},{"@type":"Person","@id":"https:\/\/www.strassenweb.de\/nachrichten\/#\/schema\/person\/87c9c9067f1211da429a744dc5a5aa41","name":"Robert Hoffmann","image":{"@type":"ImageObject","inLanguage":"de","@id":"https:\/\/www.strassenweb.de\/nachrichten\/wp-content\/uploads\/2024\/09\/strassenweb-150x150.jpg","url":"https:\/\/www.strassenweb.de\/nachrichten\/wp-content\/uploads\/2024\/09\/strassenweb-150x150.jpg","contentUrl":"https:\/\/www.strassenweb.de\/nachrichten\/wp-content\/uploads\/2024\/09\/strassenweb-150x150.jpg","caption":"Robert Hoffmann"},"description":"Ich hei\u00dfe Robert Hoffmann und ich bin ein leidenschaftlicher Verfechter von \u00d6kologie und Biodiversit\u00e4t. Seit meiner Kindheit in den W\u00e4ldern Bayerns f\u00fchle ich mich mit der Natur verbunden und bin entschlossen, sie zu sch\u00fctzen. Heute widme ich mein Leben der Sensibilisierung anderer f\u00fcr die Bedeutung des Umweltschutzes f\u00fcr zuk\u00fcnftige Generationen.","sameAs":["https:\/\/www.strassenweb.de\/"]}]}},"_links":{"self":[{"href":"https:\/\/www.strassenweb.de\/nachrichten\/wp-json\/wp\/v2\/posts\/7908","targetHints":{"allow":["GET"]}}],"collection":[{"href":"https:\/\/www.strassenweb.de\/nachrichten\/wp-json\/wp\/v2\/posts"}],"about":[{"href":"https:\/\/www.strassenweb.de\/nachrichten\/wp-json\/wp\/v2\/types\/post"}],"author":[{"embeddable":true,"href":"https:\/\/www.strassenweb.de\/nachrichten\/wp-json\/wp\/v2\/users\/1"}],"replies":[{"embeddable":true,"href":"https:\/\/www.strassenweb.de\/nachrichten\/wp-json\/wp\/v2\/comments?post=7908"}],"version-history":[{"count":0,"href":"https:\/\/www.strassenweb.de\/nachrichten\/wp-json\/wp\/v2\/posts\/7908\/revisions"}],"wp:featuredmedia":[{"embeddable":true,"href":"https:\/\/www.strassenweb.de\/nachrichten\/wp-json\/wp\/v2\/media\/7909"}],"wp:attachment":[{"href":"https:\/\/www.strassenweb.de\/nachrichten\/wp-json\/wp\/v2\/media?parent=7908"}],"wp:term":[{"taxonomy":"category","embeddable":true,"href":"https:\/\/www.strassenweb.de\/nachrichten\/wp-json\/wp\/v2\/categories?post=7908"},{"taxonomy":"post_tag","embeddable":true,"href":"https:\/\/www.strassenweb.de\/nachrichten\/wp-json\/wp\/v2\/tags?post=7908"}],"curies":[{"name":"wp","href":"https:\/\/api.w.org\/{rel}","templated":true}]}}