{"id":7905,"date":"2025-09-22T14:41:28","date_gmt":"2025-09-22T12:41:28","guid":{"rendered":"https:\/\/www.strassenweb.de\/nachrichten\/schottland-sollte-ueber-sein-gewicht-fuehren-indem-er-sich-in-irland-in-die-natur-veraendert\/"},"modified":"2025-09-22T14:41:29","modified_gmt":"2025-09-22T12:41:29","slug":"schottland-sollte-ueber-sein-gewicht-fuehren-indem-er-sich-in-irland-in-die-natur-veraendert","status":"publish","type":"post","link":"https:\/\/www.strassenweb.de\/nachrichten\/schottland-sollte-ueber-sein-gewicht-fuehren-indem-er-sich-in-irland-in-die-natur-veraendert\/","title":{"rendered":"Schottland sollte \u00fcber sein Gewicht f\u00fchren, indem er sich in Irland in die Natur ver\u00e4ndert &#8230;"},"content":{"rendered":"<p>Independent Think Tank Die Forest Policy Group fordert Schottland auf, in der Natur Forestry &#8222;\u00fcber das Gewicht&#8220; zu schlagen, indem er nach einer wegweisenden Verschiebung der irischen \u00f6ffentlichen Forstwirtschaft denselben Ehrgeiz und den gleichen Ansatz wie Irland umfasst.<\/p>\n<p>Das irische staatliche Forstunternehmen und der gr\u00f6\u00dfte Landbesitzer Coillte haben k\u00fcrzlich angek\u00fcndigt, den Anteil seines Forstbetrags zu erh\u00f6hen, das unter kontinuierlicher Deckungsst\u00f6rungen verwaltet wird-eine Methode, die nat\u00fcrlich durch selektives Ausd\u00fcnnen als durch das Selektiven und nicht klare F\u00f6rderung auf 30%f\u00f6rdert.<\/p>\n<p>Die Forstpolitikgruppe hat den Umzug herzlich begr\u00fc\u00dft, der ein fortschrittlicher Sprung in der Verwaltung von W\u00e4ldern ist, um den Gemeinden, der Natur und dem Klima gr\u00f6\u00dfere Vorteile zu bringen. Coillte ist f\u00fcr 7% der gesamten Landfl\u00e4che Irlands und ungef\u00e4hr 50% der W\u00e4lder des Landes verantwortlich.<\/p>\n<p>&#8222;Coillte&#8217;s Entscheidung, die kontinuierliche Deckungsst\u00f6rungen zu erweitern, markiert eine inspirierende Ver\u00e4nderung in Richtung biologischer Vielfalt, klimafl\u00f6sliche W\u00e4lder, die hochwertiges Holz produzieren. Dies ist eine aufregende Entwicklung, der Schottland folgen kann&#8220;, sagte Morag Paterson, Sprecher der Forstpolitikgruppe.<\/p>\n<p>&#8222;W\u00e4hrend sich die Gedanken den Holyrood-Wahlen im n\u00e4chsten Jahr wenden, freuen wir uns darauf, wie sich das Gespr\u00e4ch um schottische Mischung aus Forstwirtschaft hier entwickelt, mit hoffnungsvollen Augen auf widerstandsf\u00e4hige, naturpositive Forstwirtschaft, die Jobs in lokalen Gemeinschaften unterst\u00fctzen k\u00f6nnen. Dies ist genau die Art von progressiver Enterprise-Schottland, das mehr braucht, wenn es wirklich \u00fcber sein Gewicht steigern, wenn es sich um das Gewicht handelt-wenn das Irish, kann wir k\u00f6nnen, k\u00f6nnen wir nicht.&#8220;<\/p>\n<p>Dieser Ansatz zur nachhaltigen Waldbewirtschaftung unterst\u00fctzt nicht nur vielf\u00e4ltigere Landschaften, in denen Menschen leben, sondern sch\u00fctzt auch unser Einkommen, speichert Kohlenstoff und erh\u00f6ht die biologische Vielfalt, w\u00e4hrend sie Waldgesch\u00e4fte erhalten. Die n\u00e4here bis naturvolle Management dieser W\u00e4lder macht sie f\u00fcr Menschen reichhaltiger, um die Auswirkungen des Klimawandels und der eingef\u00fchrten Sch\u00e4dlinge und Krankheiten widerstandsf\u00e4higer zu machen.<\/p>\n<p>Die Methode f\u00fcr Naturst\u00f6rungen erh\u00f6ht auch das Potenzial f\u00fcr Arbeitspl\u00e4tze in l\u00e4ndlichen Gebieten, indem sie einen Schwerpunkt auf hochwertigem Holz legen, das in den lokalen Gemeinden in den W\u00e4ldern in den Gemeinden verarbeitet werden kann.<\/p>\n<p>Die Forest Policy Group sieht das irische Ehrgeiz als Leuchtfeuer f\u00fcr eine nachhaltige Waldbewirtschaftung, insbesondere auf dem \u00f6ffentlichen Waldgebiet, in dem Forstwirtschaft und Landschottland den Weg antreten k\u00f6nnen. Indem die W\u00e4lder w\u00e4hrend der Ernte von Holz intakt bleiben, gibt es ein starkes Beispiel f\u00fcr politische Entscheidungstr\u00e4ger, Waldmanager und Gemeinden in Schottland und in ganz Gro\u00dfbritannien, sagt die Gruppe. &#8218;<\/p>\n<p>Die Forest Policy Group ist ein unabh\u00e4ngiger Think Tank, der sich der Diversifizierung und St\u00e4rkung des Schottlands -Waldsektors widmet. Siehe www.forestpolicygroup.org.<\/p>\n","protected":false},"excerpt":{"rendered":"<p>Independent Think Tank Die Forest Policy Group fordert Schottland auf, in der Natur Forestry &#8222;\u00fcber das Gewicht&#8220; zu schlagen, indem er nach einer wegweisenden Verschiebung<\/p>\n","protected":false},"author":1,"featured_media":7906,"comment_status":"closed","ping_status":"","sticky":false,"template":"","format":"standard","meta":{"footnotes":""},"categories":[101],"tags":[9,441,10293,2665,610,805,1062,306,142,62,260,837],"class_list":["post-7905","post","type-post","status-publish","format-standard","has-post-thumbnail","hentry","category-oekologie","tag-die","tag-fuehren","tag-gewicht","tag-indem","tag-irland","tag-natur","tag-schottland","tag-sein","tag-sich","tag-sollte","tag-ueber","tag-veraendert","generate-columns","tablet-grid-50","mobile-grid-100","grid-parent","grid-50"],"yoast_head":"<!-- This site is optimized with the Yoast SEO plugin v27.3 - https:\/\/yoast.com\/product\/yoast-seo-wordpress\/ -->\n<title>Schottland sollte \u00fcber sein Gewicht f\u00fchren, indem er sich in Irland in die Natur ver\u00e4ndert ... - Nachrichten - Stra\u00dfenweb<\/title>\n<meta name=\"robots\" content=\"index, follow, max-snippet:-1, max-image-preview:large, max-video-preview:-1\" \/>\n<link rel=\"canonical\" href=\"https:\/\/www.strassenweb.de\/nachrichten\/schottland-sollte-ueber-sein-gewicht-fuehren-indem-er-sich-in-irland-in-die-natur-veraendert\/\" \/>\n<meta property=\"og:locale\" content=\"de_DE\" \/>\n<meta property=\"og:type\" content=\"article\" \/>\n<meta property=\"og:title\" content=\"Schottland sollte \u00fcber sein Gewicht f\u00fchren, indem er sich in Irland in die Natur ver\u00e4ndert ... - Nachrichten - Stra\u00dfenweb\" \/>\n<meta property=\"og:description\" content=\"Independent Think Tank Die Forest Policy Group fordert Schottland auf, in der Natur Forestry &#8222;\u00fcber das Gewicht&#8220; zu schlagen, indem er nach einer wegweisenden Verschiebung\" \/>\n<meta property=\"og:url\" content=\"https:\/\/www.strassenweb.de\/nachrichten\/schottland-sollte-ueber-sein-gewicht-fuehren-indem-er-sich-in-irland-in-die-natur-veraendert\/\" \/>\n<meta property=\"og:site_name\" content=\"Stra\u00dfenweb\" \/>\n<meta property=\"article:publisher\" content=\"https:\/\/www.facebook.com\/strassenweb\/\" \/>\n<meta property=\"article:published_time\" content=\"2025-09-22T12:41:28+00:00\" \/>\n<meta property=\"article:modified_time\" content=\"2025-09-22T12:41:29+00:00\" \/>\n<meta property=\"og:image\" content=\"https:\/\/www.strassenweb.de\/nachrichten\/wp-content\/uploads\/2025\/09\/Schottland-sollte-ueber-sein-Gewicht-fuehren-indem-er-sich-in.jpeg\" \/>\n\t<meta property=\"og:image:width\" content=\"900\" \/>\n\t<meta property=\"og:image:height\" content=\"600\" \/>\n\t<meta property=\"og:image:type\" content=\"image\/jpeg\" \/>\n<meta name=\"author\" content=\"Robert Hoffmann\" \/>\n<meta name=\"twitter:card\" content=\"summary_large_image\" \/>\n<meta name=\"twitter:label1\" content=\"Verfasst von\" \/>\n\t<meta name=\"twitter:data1\" content=\"Robert Hoffmann\" \/>\n\t<meta name=\"twitter:label2\" content=\"Gesch\u00e4tzte Lesezeit\" \/>\n\t<meta name=\"twitter:data2\" content=\"2\u00a0Minuten\" \/>\n<script type=\"application\/ld+json\" class=\"yoast-schema-graph\">{\"@context\":\"https:\\\/\\\/schema.org\",\"@graph\":[{\"@type\":\"Article\",\"@id\":\"https:\\\/\\\/www.strassenweb.de\\\/nachrichten\\\/schottland-sollte-ueber-sein-gewicht-fuehren-indem-er-sich-in-irland-in-die-natur-veraendert\\\/#article\",\"isPartOf\":{\"@id\":\"https:\\\/\\\/www.strassenweb.de\\\/nachrichten\\\/schottland-sollte-ueber-sein-gewicht-fuehren-indem-er-sich-in-irland-in-die-natur-veraendert\\\/\"},\"author\":{\"name\":\"Robert Hoffmann\",\"@id\":\"https:\\\/\\\/www.strassenweb.de\\\/nachrichten\\\/#\\\/schema\\\/person\\\/87c9c9067f1211da429a744dc5a5aa41\"},\"headline\":\"Schottland sollte \u00fcber sein Gewicht f\u00fchren, indem er sich in Irland in die Natur ver\u00e4ndert &#8230;\",\"datePublished\":\"2025-09-22T12:41:28+00:00\",\"dateModified\":\"2025-09-22T12:41:29+00:00\",\"mainEntityOfPage\":{\"@id\":\"https:\\\/\\\/www.strassenweb.de\\\/nachrichten\\\/schottland-sollte-ueber-sein-gewicht-fuehren-indem-er-sich-in-irland-in-die-natur-veraendert\\\/\"},\"wordCount\":475,\"publisher\":{\"@id\":\"https:\\\/\\\/www.strassenweb.de\\\/nachrichten\\\/#organization\"},\"image\":{\"@id\":\"https:\\\/\\\/www.strassenweb.de\\\/nachrichten\\\/schottland-sollte-ueber-sein-gewicht-fuehren-indem-er-sich-in-irland-in-die-natur-veraendert\\\/#primaryimage\"},\"thumbnailUrl\":\"https:\\\/\\\/www.strassenweb.de\\\/nachrichten\\\/wp-content\\\/uploads\\\/2025\\\/09\\\/Schottland-sollte-ueber-sein-Gewicht-fuehren-indem-er-sich-in.jpeg\",\"keywords\":[\"die\",\"f\u00fchren\",\"Gewicht\",\"indem\",\"Irland\",\"Natur\",\"Schottland\",\"sein\",\"sich\",\"Sollte\",\"\u00fcber\",\"ver\u00e4ndert\"],\"articleSection\":[\"\u00d6kologie\"],\"inLanguage\":\"de\"},{\"@type\":\"WebPage\",\"@id\":\"https:\\\/\\\/www.strassenweb.de\\\/nachrichten\\\/schottland-sollte-ueber-sein-gewicht-fuehren-indem-er-sich-in-irland-in-die-natur-veraendert\\\/\",\"url\":\"https:\\\/\\\/www.strassenweb.de\\\/nachrichten\\\/schottland-sollte-ueber-sein-gewicht-fuehren-indem-er-sich-in-irland-in-die-natur-veraendert\\\/\",\"name\":\"Schottland sollte \u00fcber sein Gewicht f\u00fchren, indem er sich in Irland in die Natur ver\u00e4ndert ... - Nachrichten - Stra\u00dfenweb\",\"isPartOf\":{\"@id\":\"https:\\\/\\\/www.strassenweb.de\\\/nachrichten\\\/#website\"},\"primaryImageOfPage\":{\"@id\":\"https:\\\/\\\/www.strassenweb.de\\\/nachrichten\\\/schottland-sollte-ueber-sein-gewicht-fuehren-indem-er-sich-in-irland-in-die-natur-veraendert\\\/#primaryimage\"},\"image\":{\"@id\":\"https:\\\/\\\/www.strassenweb.de\\\/nachrichten\\\/schottland-sollte-ueber-sein-gewicht-fuehren-indem-er-sich-in-irland-in-die-natur-veraendert\\\/#primaryimage\"},\"thumbnailUrl\":\"https:\\\/\\\/www.strassenweb.de\\\/nachrichten\\\/wp-content\\\/uploads\\\/2025\\\/09\\\/Schottland-sollte-ueber-sein-Gewicht-fuehren-indem-er-sich-in.jpeg\",\"datePublished\":\"2025-09-22T12:41:28+00:00\",\"dateModified\":\"2025-09-22T12:41:29+00:00\",\"breadcrumb\":{\"@id\":\"https:\\\/\\\/www.strassenweb.de\\\/nachrichten\\\/schottland-sollte-ueber-sein-gewicht-fuehren-indem-er-sich-in-irland-in-die-natur-veraendert\\\/#breadcrumb\"},\"inLanguage\":\"de\",\"potentialAction\":[{\"@type\":\"ReadAction\",\"target\":[\"https:\\\/\\\/www.strassenweb.de\\\/nachrichten\\\/schottland-sollte-ueber-sein-gewicht-fuehren-indem-er-sich-in-irland-in-die-natur-veraendert\\\/\"]}]},{\"@type\":\"ImageObject\",\"inLanguage\":\"de\",\"@id\":\"https:\\\/\\\/www.strassenweb.de\\\/nachrichten\\\/schottland-sollte-ueber-sein-gewicht-fuehren-indem-er-sich-in-irland-in-die-natur-veraendert\\\/#primaryimage\",\"url\":\"https:\\\/\\\/www.strassenweb.de\\\/nachrichten\\\/wp-content\\\/uploads\\\/2025\\\/09\\\/Schottland-sollte-ueber-sein-Gewicht-fuehren-indem-er-sich-in.jpeg\",\"contentUrl\":\"https:\\\/\\\/www.strassenweb.de\\\/nachrichten\\\/wp-content\\\/uploads\\\/2025\\\/09\\\/Schottland-sollte-ueber-sein-Gewicht-fuehren-indem-er-sich-in.jpeg\",\"width\":900,\"height\":600,\"caption\":\"Scotland should &#039;punch above its weight&#039; by joining Ireland in shift to nature forestry, says independent think tank\"},{\"@type\":\"BreadcrumbList\",\"@id\":\"https:\\\/\\\/www.strassenweb.de\\\/nachrichten\\\/schottland-sollte-ueber-sein-gewicht-fuehren-indem-er-sich-in-irland-in-die-natur-veraendert\\\/#breadcrumb\",\"itemListElement\":[{\"@type\":\"ListItem\",\"position\":1,\"name\":\"Home\",\"item\":\"https:\\\/\\\/www.strassenweb.de\\\/nachrichten\\\/\"},{\"@type\":\"ListItem\",\"position\":2,\"name\":\"Schottland sollte \u00fcber sein Gewicht f\u00fchren, indem er sich in Irland in die Natur ver\u00e4ndert &#8230;\"}]},{\"@type\":\"WebSite\",\"@id\":\"https:\\\/\\\/www.strassenweb.de\\\/nachrichten\\\/#website\",\"url\":\"https:\\\/\\\/www.strassenweb.de\\\/nachrichten\\\/\",\"name\":\"Stra\u00dfenweb\",\"description\":\"Stra\u00dfenverzeichnis f\u00fcr Deutschland\",\"publisher\":{\"@id\":\"https:\\\/\\\/www.strassenweb.de\\\/nachrichten\\\/#organization\"},\"potentialAction\":[{\"@type\":\"SearchAction\",\"target\":{\"@type\":\"EntryPoint\",\"urlTemplate\":\"https:\\\/\\\/www.strassenweb.de\\\/nachrichten\\\/?s={search_term_string}\"},\"query-input\":{\"@type\":\"PropertyValueSpecification\",\"valueRequired\":true,\"valueName\":\"search_term_string\"}}],\"inLanguage\":\"de\"},{\"@type\":\"Organization\",\"@id\":\"https:\\\/\\\/www.strassenweb.de\\\/nachrichten\\\/#organization\",\"name\":\"Stra\u00dfenweb\",\"url\":\"https:\\\/\\\/www.strassenweb.de\\\/nachrichten\\\/\",\"logo\":{\"@type\":\"ImageObject\",\"inLanguage\":\"de\",\"@id\":\"https:\\\/\\\/www.strassenweb.de\\\/nachrichten\\\/#\\\/schema\\\/logo\\\/image\\\/\",\"url\":\"https:\\\/\\\/www.strassenweb.de\\\/nachrichten\\\/wp-content\\\/uploads\\\/2024\\\/09\\\/cropped-favicon.png\",\"contentUrl\":\"https:\\\/\\\/www.strassenweb.de\\\/nachrichten\\\/wp-content\\\/uploads\\\/2024\\\/09\\\/cropped-favicon.png\",\"width\":512,\"height\":512,\"caption\":\"Stra\u00dfenweb\"},\"image\":{\"@id\":\"https:\\\/\\\/www.strassenweb.de\\\/nachrichten\\\/#\\\/schema\\\/logo\\\/image\\\/\"},\"sameAs\":[\"https:\\\/\\\/www.facebook.com\\\/strassenweb\\\/\"]},{\"@type\":\"Person\",\"@id\":\"https:\\\/\\\/www.strassenweb.de\\\/nachrichten\\\/#\\\/schema\\\/person\\\/87c9c9067f1211da429a744dc5a5aa41\",\"name\":\"Robert Hoffmann\",\"image\":{\"@type\":\"ImageObject\",\"inLanguage\":\"de\",\"@id\":\"https:\\\/\\\/www.strassenweb.de\\\/nachrichten\\\/wp-content\\\/uploads\\\/2024\\\/09\\\/strassenweb-150x150.jpg\",\"url\":\"https:\\\/\\\/www.strassenweb.de\\\/nachrichten\\\/wp-content\\\/uploads\\\/2024\\\/09\\\/strassenweb-150x150.jpg\",\"contentUrl\":\"https:\\\/\\\/www.strassenweb.de\\\/nachrichten\\\/wp-content\\\/uploads\\\/2024\\\/09\\\/strassenweb-150x150.jpg\",\"caption\":\"Robert Hoffmann\"},\"description\":\"Ich hei\u00dfe Robert Hoffmann und ich bin ein leidenschaftlicher Verfechter von \u00d6kologie und Biodiversit\u00e4t. Seit meiner Kindheit in den W\u00e4ldern Bayerns f\u00fchle ich mich mit der Natur verbunden und bin entschlossen, sie zu sch\u00fctzen. Heute widme ich mein Leben der Sensibilisierung anderer f\u00fcr die Bedeutung des Umweltschutzes f\u00fcr zuk\u00fcnftige Generationen.\",\"sameAs\":[\"https:\\\/\\\/www.strassenweb.de\\\/\"]}]}<\/script>\n<!-- \/ Yoast SEO plugin. -->","yoast_head_json":{"title":"Schottland sollte \u00fcber sein Gewicht f\u00fchren, indem er sich in Irland in die Natur ver\u00e4ndert ... - Nachrichten - Stra\u00dfenweb","robots":{"index":"index","follow":"follow","max-snippet":"max-snippet:-1","max-image-preview":"max-image-preview:large","max-video-preview":"max-video-preview:-1"},"canonical":"https:\/\/www.strassenweb.de\/nachrichten\/schottland-sollte-ueber-sein-gewicht-fuehren-indem-er-sich-in-irland-in-die-natur-veraendert\/","og_locale":"de_DE","og_type":"article","og_title":"Schottland sollte \u00fcber sein Gewicht f\u00fchren, indem er sich in Irland in die Natur ver\u00e4ndert ... - Nachrichten - Stra\u00dfenweb","og_description":"Independent Think Tank Die Forest Policy Group fordert Schottland auf, in der Natur Forestry &#8222;\u00fcber das Gewicht&#8220; zu schlagen, indem er nach einer wegweisenden Verschiebung","og_url":"https:\/\/www.strassenweb.de\/nachrichten\/schottland-sollte-ueber-sein-gewicht-fuehren-indem-er-sich-in-irland-in-die-natur-veraendert\/","og_site_name":"Stra\u00dfenweb","article_publisher":"https:\/\/www.facebook.com\/strassenweb\/","article_published_time":"2025-09-22T12:41:28+00:00","article_modified_time":"2025-09-22T12:41:29+00:00","og_image":[{"width":900,"height":600,"url":"https:\/\/www.strassenweb.de\/nachrichten\/wp-content\/uploads\/2025\/09\/Schottland-sollte-ueber-sein-Gewicht-fuehren-indem-er-sich-in.jpeg","type":"image\/jpeg"}],"author":"Robert Hoffmann","twitter_card":"summary_large_image","twitter_misc":{"Verfasst von":"Robert Hoffmann","Gesch\u00e4tzte Lesezeit":"2\u00a0Minuten"},"schema":{"@context":"https:\/\/schema.org","@graph":[{"@type":"Article","@id":"https:\/\/www.strassenweb.de\/nachrichten\/schottland-sollte-ueber-sein-gewicht-fuehren-indem-er-sich-in-irland-in-die-natur-veraendert\/#article","isPartOf":{"@id":"https:\/\/www.strassenweb.de\/nachrichten\/schottland-sollte-ueber-sein-gewicht-fuehren-indem-er-sich-in-irland-in-die-natur-veraendert\/"},"author":{"name":"Robert Hoffmann","@id":"https:\/\/www.strassenweb.de\/nachrichten\/#\/schema\/person\/87c9c9067f1211da429a744dc5a5aa41"},"headline":"Schottland sollte \u00fcber sein Gewicht f\u00fchren, indem er sich in Irland in die Natur ver\u00e4ndert &#8230;","datePublished":"2025-09-22T12:41:28+00:00","dateModified":"2025-09-22T12:41:29+00:00","mainEntityOfPage":{"@id":"https:\/\/www.strassenweb.de\/nachrichten\/schottland-sollte-ueber-sein-gewicht-fuehren-indem-er-sich-in-irland-in-die-natur-veraendert\/"},"wordCount":475,"publisher":{"@id":"https:\/\/www.strassenweb.de\/nachrichten\/#organization"},"image":{"@id":"https:\/\/www.strassenweb.de\/nachrichten\/schottland-sollte-ueber-sein-gewicht-fuehren-indem-er-sich-in-irland-in-die-natur-veraendert\/#primaryimage"},"thumbnailUrl":"https:\/\/www.strassenweb.de\/nachrichten\/wp-content\/uploads\/2025\/09\/Schottland-sollte-ueber-sein-Gewicht-fuehren-indem-er-sich-in.jpeg","keywords":["die","f\u00fchren","Gewicht","indem","Irland","Natur","Schottland","sein","sich","Sollte","\u00fcber","ver\u00e4ndert"],"articleSection":["\u00d6kologie"],"inLanguage":"de"},{"@type":"WebPage","@id":"https:\/\/www.strassenweb.de\/nachrichten\/schottland-sollte-ueber-sein-gewicht-fuehren-indem-er-sich-in-irland-in-die-natur-veraendert\/","url":"https:\/\/www.strassenweb.de\/nachrichten\/schottland-sollte-ueber-sein-gewicht-fuehren-indem-er-sich-in-irland-in-die-natur-veraendert\/","name":"Schottland sollte \u00fcber sein Gewicht f\u00fchren, indem er sich in Irland in die Natur ver\u00e4ndert ... - Nachrichten - Stra\u00dfenweb","isPartOf":{"@id":"https:\/\/www.strassenweb.de\/nachrichten\/#website"},"primaryImageOfPage":{"@id":"https:\/\/www.strassenweb.de\/nachrichten\/schottland-sollte-ueber-sein-gewicht-fuehren-indem-er-sich-in-irland-in-die-natur-veraendert\/#primaryimage"},"image":{"@id":"https:\/\/www.strassenweb.de\/nachrichten\/schottland-sollte-ueber-sein-gewicht-fuehren-indem-er-sich-in-irland-in-die-natur-veraendert\/#primaryimage"},"thumbnailUrl":"https:\/\/www.strassenweb.de\/nachrichten\/wp-content\/uploads\/2025\/09\/Schottland-sollte-ueber-sein-Gewicht-fuehren-indem-er-sich-in.jpeg","datePublished":"2025-09-22T12:41:28+00:00","dateModified":"2025-09-22T12:41:29+00:00","breadcrumb":{"@id":"https:\/\/www.strassenweb.de\/nachrichten\/schottland-sollte-ueber-sein-gewicht-fuehren-indem-er-sich-in-irland-in-die-natur-veraendert\/#breadcrumb"},"inLanguage":"de","potentialAction":[{"@type":"ReadAction","target":["https:\/\/www.strassenweb.de\/nachrichten\/schottland-sollte-ueber-sein-gewicht-fuehren-indem-er-sich-in-irland-in-die-natur-veraendert\/"]}]},{"@type":"ImageObject","inLanguage":"de","@id":"https:\/\/www.strassenweb.de\/nachrichten\/schottland-sollte-ueber-sein-gewicht-fuehren-indem-er-sich-in-irland-in-die-natur-veraendert\/#primaryimage","url":"https:\/\/www.strassenweb.de\/nachrichten\/wp-content\/uploads\/2025\/09\/Schottland-sollte-ueber-sein-Gewicht-fuehren-indem-er-sich-in.jpeg","contentUrl":"https:\/\/www.strassenweb.de\/nachrichten\/wp-content\/uploads\/2025\/09\/Schottland-sollte-ueber-sein-Gewicht-fuehren-indem-er-sich-in.jpeg","width":900,"height":600,"caption":"Scotland should &#039;punch above its weight&#039; by joining Ireland in shift to nature forestry, says independent think tank"},{"@type":"BreadcrumbList","@id":"https:\/\/www.strassenweb.de\/nachrichten\/schottland-sollte-ueber-sein-gewicht-fuehren-indem-er-sich-in-irland-in-die-natur-veraendert\/#breadcrumb","itemListElement":[{"@type":"ListItem","position":1,"name":"Home","item":"https:\/\/www.strassenweb.de\/nachrichten\/"},{"@type":"ListItem","position":2,"name":"Schottland sollte \u00fcber sein Gewicht f\u00fchren, indem er sich in Irland in die Natur ver\u00e4ndert &#8230;"}]},{"@type":"WebSite","@id":"https:\/\/www.strassenweb.de\/nachrichten\/#website","url":"https:\/\/www.strassenweb.de\/nachrichten\/","name":"Stra\u00dfenweb","description":"Stra\u00dfenverzeichnis f\u00fcr Deutschland","publisher":{"@id":"https:\/\/www.strassenweb.de\/nachrichten\/#organization"},"potentialAction":[{"@type":"SearchAction","target":{"@type":"EntryPoint","urlTemplate":"https:\/\/www.strassenweb.de\/nachrichten\/?s={search_term_string}"},"query-input":{"@type":"PropertyValueSpecification","valueRequired":true,"valueName":"search_term_string"}}],"inLanguage":"de"},{"@type":"Organization","@id":"https:\/\/www.strassenweb.de\/nachrichten\/#organization","name":"Stra\u00dfenweb","url":"https:\/\/www.strassenweb.de\/nachrichten\/","logo":{"@type":"ImageObject","inLanguage":"de","@id":"https:\/\/www.strassenweb.de\/nachrichten\/#\/schema\/logo\/image\/","url":"https:\/\/www.strassenweb.de\/nachrichten\/wp-content\/uploads\/2024\/09\/cropped-favicon.png","contentUrl":"https:\/\/www.strassenweb.de\/nachrichten\/wp-content\/uploads\/2024\/09\/cropped-favicon.png","width":512,"height":512,"caption":"Stra\u00dfenweb"},"image":{"@id":"https:\/\/www.strassenweb.de\/nachrichten\/#\/schema\/logo\/image\/"},"sameAs":["https:\/\/www.facebook.com\/strassenweb\/"]},{"@type":"Person","@id":"https:\/\/www.strassenweb.de\/nachrichten\/#\/schema\/person\/87c9c9067f1211da429a744dc5a5aa41","name":"Robert Hoffmann","image":{"@type":"ImageObject","inLanguage":"de","@id":"https:\/\/www.strassenweb.de\/nachrichten\/wp-content\/uploads\/2024\/09\/strassenweb-150x150.jpg","url":"https:\/\/www.strassenweb.de\/nachrichten\/wp-content\/uploads\/2024\/09\/strassenweb-150x150.jpg","contentUrl":"https:\/\/www.strassenweb.de\/nachrichten\/wp-content\/uploads\/2024\/09\/strassenweb-150x150.jpg","caption":"Robert Hoffmann"},"description":"Ich hei\u00dfe Robert Hoffmann und ich bin ein leidenschaftlicher Verfechter von \u00d6kologie und Biodiversit\u00e4t. Seit meiner Kindheit in den W\u00e4ldern Bayerns f\u00fchle ich mich mit der Natur verbunden und bin entschlossen, sie zu sch\u00fctzen. Heute widme ich mein Leben der Sensibilisierung anderer f\u00fcr die Bedeutung des Umweltschutzes f\u00fcr zuk\u00fcnftige Generationen.","sameAs":["https:\/\/www.strassenweb.de\/"]}]}},"_links":{"self":[{"href":"https:\/\/www.strassenweb.de\/nachrichten\/wp-json\/wp\/v2\/posts\/7905","targetHints":{"allow":["GET"]}}],"collection":[{"href":"https:\/\/www.strassenweb.de\/nachrichten\/wp-json\/wp\/v2\/posts"}],"about":[{"href":"https:\/\/www.strassenweb.de\/nachrichten\/wp-json\/wp\/v2\/types\/post"}],"author":[{"embeddable":true,"href":"https:\/\/www.strassenweb.de\/nachrichten\/wp-json\/wp\/v2\/users\/1"}],"replies":[{"embeddable":true,"href":"https:\/\/www.strassenweb.de\/nachrichten\/wp-json\/wp\/v2\/comments?post=7905"}],"version-history":[{"count":0,"href":"https:\/\/www.strassenweb.de\/nachrichten\/wp-json\/wp\/v2\/posts\/7905\/revisions"}],"wp:featuredmedia":[{"embeddable":true,"href":"https:\/\/www.strassenweb.de\/nachrichten\/wp-json\/wp\/v2\/media\/7906"}],"wp:attachment":[{"href":"https:\/\/www.strassenweb.de\/nachrichten\/wp-json\/wp\/v2\/media?parent=7905"}],"wp:term":[{"taxonomy":"category","embeddable":true,"href":"https:\/\/www.strassenweb.de\/nachrichten\/wp-json\/wp\/v2\/categories?post=7905"},{"taxonomy":"post_tag","embeddable":true,"href":"https:\/\/www.strassenweb.de\/nachrichten\/wp-json\/wp\/v2\/tags?post=7905"}],"curies":[{"name":"wp","href":"https:\/\/api.w.org\/{rel}","templated":true}]}}