{"id":79,"date":"2024-09-23T12:02:20","date_gmt":"2024-09-23T10:02:20","guid":{"rendered":"https:\/\/www.strassenweb.de\/nachrichten\/fuer-die-irregulaere-migration-reduzierendeutschland-fuehrt-ab-dem-16-september-kontrollen-an-allen-seinen-grenzen-ein\/"},"modified":"2024-09-23T12:02:21","modified_gmt":"2024-09-23T10:02:21","slug":"fuer-die-irregulaere-migration-reduzierendeutschland-fuehrt-ab-dem-16-september-kontrollen-an-allen-seinen-grenzen-ein","status":"publish","type":"post","link":"https:\/\/www.strassenweb.de\/nachrichten\/fuer-die-irregulaere-migration-reduzierendeutschland-fuehrt-ab-dem-16-september-kontrollen-an-allen-seinen-grenzen-ein\/","title":{"rendered":"F\u00fcr &quot;die irregul\u00e4re Migration reduzieren&quot;Deutschland f\u00fchrt ab dem 16. September Kontrollen an allen seinen Grenzen ein"},"content":{"rendered":"<footer class=\"article-main__signed\"><\/footer>\n<p>Die Bundesregierung hat an diesem Montag die vor\u00fcbergehende Einf\u00fchrung von Kontrollen an allen Landgrenzen des deutschen Landes mit dem Ziel angek\u00fcndigt <b>\u201edie irregul\u00e4re Migration reduzieren und die innere Sicherheit verbessern.\u201c<\/b>\u201eab dem 16. September n\u00e4chsten Jahres.<\/p>\n<p>Das deutsche Innenministerium teilte mit, dass es die Europ\u00e4ische Kommission (EK) am Montag \u00fcber seine Absicht informiert habe, in den n\u00e4chsten sechs Monaten vor\u00fcbergehende Kontrollen an den Grenzen zu Frankreich, Luxemburg, den Niederlanden, Belgien und D\u00e4nemark einzuf\u00fchren, die noch hinzukommen zu denen, die bereits in den Grenzgebieten zur Schweiz, \u00d6sterreich, der Tschechischen Republik und Polen bestehen.<\/p>\n<p>\u201eWir st\u00e4rken unsere innere Sicherheit und halten an unserem harten Kurs gegen irregul\u00e4re Einwanderung fest\u201c, sagte Innenministerin Nancy Faeser bei einem Auftritt in Berlin, bei dem sie die neuen Kontrollen ank\u00fcndigte. Der sozialdemokratische Minister betonte, dass diese Ma\u00dfnahme <b>beinhaltet die M\u00f6glichkeit, Migranten an der Grenze zur\u00fcckzuweisen<\/b> die mit falschen Papieren aufgegriffen werden oder kein Visum besitzen, das ihnen die Einreise nach Deutschland erlaubt.<\/p>\n<p>Seit Oktober 2023 vor\u00fcbergehende Kontrollen an den Grenzen zu Polen, Tschechien, \u00d6sterreich und der Schweiz eingef\u00fchrt wurden, <b>30.000 Menschen wurden bereits abgewiesen<\/b> die beabsichtigten, aus diesen L\u00e4ndern irregul\u00e4r einzureisen, versicherte er. Faeser stellte klar, dass die deutsche Polizei derzeit nur Personen an der Grenze zur\u00fcckweisen kann, die keinen Asylantrag stellen.<\/p>\n<p>Er gab jedoch an, dass sein Ministerium pr\u00fcfe, wie dies in Zukunft umgesetzt werden k\u00f6nne<b> \u201emassive Ablehnungen\u201c <\/b>und dass er eine juristisch solide Formel gefunden hat, die er am Dienstag bei einem Treffen mit der Opposition und den Regionalregierungen vorstellen wird. Seitdem ein mutma\u00dflicher Dschihadist im vergangenen Monat in Westdeutschland drei Menschen bei einem Messerangriff t\u00f6tete, ist Migration wieder eines der Themen, die ganz oben auf der politischen Agenda des deutschen Landes stehen.<\/p>\n<p>Kurz darauf stellte das Innenministerium ein Ma\u00dfnahmenpaket zur Versch\u00e4rfung des Waffenrechts, zur K\u00fcrzung der Leistungen f\u00fcr bereits im Ausland registrierte Asylbewerber und zur Erleichterung der Abschiebung von Gewaltt\u00e4tern vor, das an diesem Montag vom Ministerrat verabschiedet wurde.<\/p>\n<p>Inzwischen hat die christdemokratische Opposition das angeboten <b>Regierungskoalition aus Sozialdemokraten, Gr\u00fcnen und Liberalen<\/b> ein Staatspakt zur Migration mit der Auflage, dass Asylantragsteller k\u00fcnftig auch an den deutschen Grenzen abgewiesen werden.<\/p>\n<p>Bei den Landtagswahlen in den Bundesl\u00e4ndern Sachsen und Th\u00fcringen am 1. September sind die Rechtsextremen am st\u00e4rksten vertreten <b>Alternative f\u00fcr Deutschland (AfD)<\/b>eine Partei, die die Versch\u00e4rfung der Einwanderungspolitik zu einer S\u00e4ule ihres politischen Programms gemacht hat, war mit einem Drittel der Stimmen die erste bzw. zweite Kraft. Auch im Land Brandenburg, wo am 22. September abgestimmt wird, wird mit guten Ergebnissen gerechnet.<\/p>\n<div><\/div>\n<p>An der Grenze zu \u00d6sterreich wird es vor\u00fcbergehende Kontrollen geben <b>g\u00fcltig bis zum 1. November<\/b> und an den Grenzen zur Schweiz, zur Tschechischen Republik und zu Polen bis zum 15. Dezember, obwohl das Innenministerium darauf hingewiesen hat, dass diese Ma\u00dfnahmen auch auf die \u00fcbrigen Grenzen ausgeweitet werden m\u00fcssen.<\/p>\n","protected":false},"excerpt":{"rendered":"<p>Die Bundesregierung hat an diesem Montag die vor\u00fcbergehende Einf\u00fchrung von Kontrollen an allen Landgrenzen des deutschen Landes mit dem Ziel angek\u00fcndigt \u201edie irregul\u00e4re Migration reduzieren<\/p>\n","protected":false},"author":1,"featured_media":63,"comment_status":"closed","ping_status":"","sticky":false,"template":"","format":"standard","meta":{"footnotes":""},"categories":[4],"tags":[40,91,43,38,55,93,89,39,44,88,90,41,92],"class_list":["post-79","post","type-post","status-publish","format-standard","has-post-thumbnail","hentry","category-aktuelle-nachrichten","tag-allen","tag-dem","tag-ein","tag-fuehrt","tag-fuer","tag-grenzen","tag-irregulaere","tag-kontrollen","tag-migration","tag-quotdie","tag-reduzierenquotdeutschland","tag-seinen","tag-september","generate-columns","tablet-grid-50","mobile-grid-100","grid-parent","grid-50"],"yoast_head":"<!-- This site is optimized with the Yoast SEO plugin v27.3 - https:\/\/yoast.com\/product\/yoast-seo-wordpress\/ -->\n<title>F\u00fcr &quot;die irregul\u00e4re Migration reduzieren&quot;Deutschland f\u00fchrt ab dem 16. September Kontrollen an allen seinen Grenzen ein - Nachrichten - Stra\u00dfenweb<\/title>\n<meta name=\"robots\" content=\"index, follow, max-snippet:-1, max-image-preview:large, max-video-preview:-1\" \/>\n<link rel=\"canonical\" href=\"https:\/\/www.strassenweb.de\/nachrichten\/fuer-die-irregulaere-migration-reduzierendeutschland-fuehrt-ab-dem-16-september-kontrollen-an-allen-seinen-grenzen-ein\/\" \/>\n<meta property=\"og:locale\" content=\"de_DE\" \/>\n<meta property=\"og:type\" content=\"article\" \/>\n<meta property=\"og:title\" content=\"F\u00fcr &quot;die irregul\u00e4re Migration reduzieren&quot;Deutschland f\u00fchrt ab dem 16. September Kontrollen an allen seinen Grenzen ein - Nachrichten - Stra\u00dfenweb\" \/>\n<meta property=\"og:description\" content=\"Die Bundesregierung hat an diesem Montag die vor\u00fcbergehende Einf\u00fchrung von Kontrollen an allen Landgrenzen des deutschen Landes mit dem Ziel angek\u00fcndigt \u201edie irregul\u00e4re Migration reduzieren\" \/>\n<meta property=\"og:url\" content=\"https:\/\/www.strassenweb.de\/nachrichten\/fuer-die-irregulaere-migration-reduzierendeutschland-fuehrt-ab-dem-16-september-kontrollen-an-allen-seinen-grenzen-ein\/\" \/>\n<meta property=\"og:site_name\" content=\"Stra\u00dfenweb\" \/>\n<meta property=\"article:publisher\" content=\"https:\/\/www.facebook.com\/strassenweb\/\" \/>\n<meta property=\"article:published_time\" content=\"2024-09-23T10:02:20+00:00\" \/>\n<meta property=\"article:modified_time\" content=\"2024-09-23T10:02:21+00:00\" \/>\n<meta property=\"og:image\" content=\"https:\/\/www.strassenweb.de\/nachrichten\/wp-content\/uploads\/2024\/09\/Fuer-quotdie-irregulaere-Migration-reduzierenquotDeutschland-fuehrt-ab-dem-16-September.jpg\" \/>\n\t<meta property=\"og:image:width\" content=\"1280\" \/>\n\t<meta property=\"og:image:height\" content=\"720\" \/>\n\t<meta property=\"og:image:type\" content=\"image\/jpeg\" \/>\n<meta name=\"author\" content=\"Robert Hoffmann\" \/>\n<meta name=\"twitter:card\" content=\"summary_large_image\" \/>\n<meta name=\"twitter:label1\" content=\"Verfasst von\" \/>\n\t<meta name=\"twitter:data1\" content=\"Robert Hoffmann\" \/>\n\t<meta name=\"twitter:label2\" content=\"Gesch\u00e4tzte Lesezeit\" \/>\n\t<meta name=\"twitter:data2\" content=\"2\u00a0Minuten\" \/>\n<script type=\"application\/ld+json\" class=\"yoast-schema-graph\">{\"@context\":\"https:\\\/\\\/schema.org\",\"@graph\":[{\"@type\":\"Article\",\"@id\":\"https:\\\/\\\/www.strassenweb.de\\\/nachrichten\\\/fuer-die-irregulaere-migration-reduzierendeutschland-fuehrt-ab-dem-16-september-kontrollen-an-allen-seinen-grenzen-ein\\\/#article\",\"isPartOf\":{\"@id\":\"https:\\\/\\\/www.strassenweb.de\\\/nachrichten\\\/fuer-die-irregulaere-migration-reduzierendeutschland-fuehrt-ab-dem-16-september-kontrollen-an-allen-seinen-grenzen-ein\\\/\"},\"author\":{\"name\":\"Robert Hoffmann\",\"@id\":\"https:\\\/\\\/www.strassenweb.de\\\/nachrichten\\\/#\\\/schema\\\/person\\\/87c9c9067f1211da429a744dc5a5aa41\"},\"headline\":\"F\u00fcr &quot;die irregul\u00e4re Migration reduzieren&quot;Deutschland f\u00fchrt ab dem 16. September Kontrollen an allen seinen Grenzen ein\",\"datePublished\":\"2024-09-23T10:02:20+00:00\",\"dateModified\":\"2024-09-23T10:02:21+00:00\",\"mainEntityOfPage\":{\"@id\":\"https:\\\/\\\/www.strassenweb.de\\\/nachrichten\\\/fuer-die-irregulaere-migration-reduzierendeutschland-fuehrt-ab-dem-16-september-kontrollen-an-allen-seinen-grenzen-ein\\\/\"},\"wordCount\":512,\"publisher\":{\"@id\":\"https:\\\/\\\/www.strassenweb.de\\\/nachrichten\\\/#organization\"},\"image\":{\"@id\":\"https:\\\/\\\/www.strassenweb.de\\\/nachrichten\\\/fuer-die-irregulaere-migration-reduzierendeutschland-fuehrt-ab-dem-16-september-kontrollen-an-allen-seinen-grenzen-ein\\\/#primaryimage\"},\"thumbnailUrl\":\"https:\\\/\\\/www.strassenweb.de\\\/nachrichten\\\/wp-content\\\/uploads\\\/2024\\\/09\\\/Fuer-quotdie-irregulaere-Migration-reduzierenquotDeutschland-fuehrt-ab-dem-16-September.jpg\",\"keywords\":[\"allen\",\"dem\",\"ein\",\"f\u00fchrt\",\"f\u00fcr\",\"Grenzen\",\"irregul\u00e4re\",\"Kontrollen\",\"Migration\",\"quotdie\",\"reduzierenquotDeutschland\",\"seinen\",\"September\"],\"articleSection\":[\"Aktuelle Nachrichten\"],\"inLanguage\":\"de\"},{\"@type\":\"WebPage\",\"@id\":\"https:\\\/\\\/www.strassenweb.de\\\/nachrichten\\\/fuer-die-irregulaere-migration-reduzierendeutschland-fuehrt-ab-dem-16-september-kontrollen-an-allen-seinen-grenzen-ein\\\/\",\"url\":\"https:\\\/\\\/www.strassenweb.de\\\/nachrichten\\\/fuer-die-irregulaere-migration-reduzierendeutschland-fuehrt-ab-dem-16-september-kontrollen-an-allen-seinen-grenzen-ein\\\/\",\"name\":\"F\u00fcr &quot;die irregul\u00e4re Migration reduzieren&quot;Deutschland f\u00fchrt ab dem 16. September Kontrollen an allen seinen Grenzen ein - Nachrichten - Stra\u00dfenweb\",\"isPartOf\":{\"@id\":\"https:\\\/\\\/www.strassenweb.de\\\/nachrichten\\\/#website\"},\"primaryImageOfPage\":{\"@id\":\"https:\\\/\\\/www.strassenweb.de\\\/nachrichten\\\/fuer-die-irregulaere-migration-reduzierendeutschland-fuehrt-ab-dem-16-september-kontrollen-an-allen-seinen-grenzen-ein\\\/#primaryimage\"},\"image\":{\"@id\":\"https:\\\/\\\/www.strassenweb.de\\\/nachrichten\\\/fuer-die-irregulaere-migration-reduzierendeutschland-fuehrt-ab-dem-16-september-kontrollen-an-allen-seinen-grenzen-ein\\\/#primaryimage\"},\"thumbnailUrl\":\"https:\\\/\\\/www.strassenweb.de\\\/nachrichten\\\/wp-content\\\/uploads\\\/2024\\\/09\\\/Fuer-quotdie-irregulaere-Migration-reduzierenquotDeutschland-fuehrt-ab-dem-16-September.jpg\",\"datePublished\":\"2024-09-23T10:02:20+00:00\",\"dateModified\":\"2024-09-23T10:02:21+00:00\",\"breadcrumb\":{\"@id\":\"https:\\\/\\\/www.strassenweb.de\\\/nachrichten\\\/fuer-die-irregulaere-migration-reduzierendeutschland-fuehrt-ab-dem-16-september-kontrollen-an-allen-seinen-grenzen-ein\\\/#breadcrumb\"},\"inLanguage\":\"de\",\"potentialAction\":[{\"@type\":\"ReadAction\",\"target\":[\"https:\\\/\\\/www.strassenweb.de\\\/nachrichten\\\/fuer-die-irregulaere-migration-reduzierendeutschland-fuehrt-ab-dem-16-september-kontrollen-an-allen-seinen-grenzen-ein\\\/\"]}]},{\"@type\":\"ImageObject\",\"inLanguage\":\"de\",\"@id\":\"https:\\\/\\\/www.strassenweb.de\\\/nachrichten\\\/fuer-die-irregulaere-migration-reduzierendeutschland-fuehrt-ab-dem-16-september-kontrollen-an-allen-seinen-grenzen-ein\\\/#primaryimage\",\"url\":\"https:\\\/\\\/www.strassenweb.de\\\/nachrichten\\\/wp-content\\\/uploads\\\/2024\\\/09\\\/Fuer-quotdie-irregulaere-Migration-reduzierenquotDeutschland-fuehrt-ab-dem-16-September.jpg\",\"contentUrl\":\"https:\\\/\\\/www.strassenweb.de\\\/nachrichten\\\/wp-content\\\/uploads\\\/2024\\\/09\\\/Fuer-quotdie-irregulaere-Migration-reduzierenquotDeutschland-fuehrt-ab-dem-16-September.jpg\",\"width\":1280,\"height\":720,\"caption\":\"F\u00fcr &quot;die irregul\u00e4re Migration reduzieren&quot;Deutschland f\u00fchrt ab dem 16. September Kontrollen an allen seinen Grenzen ein\"},{\"@type\":\"BreadcrumbList\",\"@id\":\"https:\\\/\\\/www.strassenweb.de\\\/nachrichten\\\/fuer-die-irregulaere-migration-reduzierendeutschland-fuehrt-ab-dem-16-september-kontrollen-an-allen-seinen-grenzen-ein\\\/#breadcrumb\",\"itemListElement\":[{\"@type\":\"ListItem\",\"position\":1,\"name\":\"Home\",\"item\":\"https:\\\/\\\/www.strassenweb.de\\\/nachrichten\\\/\"},{\"@type\":\"ListItem\",\"position\":2,\"name\":\"F\u00fcr &quot;die irregul\u00e4re Migration reduzieren&quot;Deutschland f\u00fchrt ab dem 16. September Kontrollen an allen seinen Grenzen ein\"}]},{\"@type\":\"WebSite\",\"@id\":\"https:\\\/\\\/www.strassenweb.de\\\/nachrichten\\\/#website\",\"url\":\"https:\\\/\\\/www.strassenweb.de\\\/nachrichten\\\/\",\"name\":\"Stra\u00dfenweb\",\"description\":\"Stra\u00dfenverzeichnis f\u00fcr Deutschland\",\"publisher\":{\"@id\":\"https:\\\/\\\/www.strassenweb.de\\\/nachrichten\\\/#organization\"},\"potentialAction\":[{\"@type\":\"SearchAction\",\"target\":{\"@type\":\"EntryPoint\",\"urlTemplate\":\"https:\\\/\\\/www.strassenweb.de\\\/nachrichten\\\/?s={search_term_string}\"},\"query-input\":{\"@type\":\"PropertyValueSpecification\",\"valueRequired\":true,\"valueName\":\"search_term_string\"}}],\"inLanguage\":\"de\"},{\"@type\":\"Organization\",\"@id\":\"https:\\\/\\\/www.strassenweb.de\\\/nachrichten\\\/#organization\",\"name\":\"Stra\u00dfenweb\",\"url\":\"https:\\\/\\\/www.strassenweb.de\\\/nachrichten\\\/\",\"logo\":{\"@type\":\"ImageObject\",\"inLanguage\":\"de\",\"@id\":\"https:\\\/\\\/www.strassenweb.de\\\/nachrichten\\\/#\\\/schema\\\/logo\\\/image\\\/\",\"url\":\"https:\\\/\\\/www.strassenweb.de\\\/nachrichten\\\/wp-content\\\/uploads\\\/2024\\\/09\\\/cropped-favicon.png\",\"contentUrl\":\"https:\\\/\\\/www.strassenweb.de\\\/nachrichten\\\/wp-content\\\/uploads\\\/2024\\\/09\\\/cropped-favicon.png\",\"width\":512,\"height\":512,\"caption\":\"Stra\u00dfenweb\"},\"image\":{\"@id\":\"https:\\\/\\\/www.strassenweb.de\\\/nachrichten\\\/#\\\/schema\\\/logo\\\/image\\\/\"},\"sameAs\":[\"https:\\\/\\\/www.facebook.com\\\/strassenweb\\\/\"]},{\"@type\":\"Person\",\"@id\":\"https:\\\/\\\/www.strassenweb.de\\\/nachrichten\\\/#\\\/schema\\\/person\\\/87c9c9067f1211da429a744dc5a5aa41\",\"name\":\"Robert Hoffmann\",\"image\":{\"@type\":\"ImageObject\",\"inLanguage\":\"de\",\"@id\":\"https:\\\/\\\/www.strassenweb.de\\\/nachrichten\\\/wp-content\\\/uploads\\\/2024\\\/09\\\/strassenweb-150x150.jpg\",\"url\":\"https:\\\/\\\/www.strassenweb.de\\\/nachrichten\\\/wp-content\\\/uploads\\\/2024\\\/09\\\/strassenweb-150x150.jpg\",\"contentUrl\":\"https:\\\/\\\/www.strassenweb.de\\\/nachrichten\\\/wp-content\\\/uploads\\\/2024\\\/09\\\/strassenweb-150x150.jpg\",\"caption\":\"Robert Hoffmann\"},\"description\":\"Ich hei\u00dfe Robert Hoffmann und ich bin ein leidenschaftlicher Verfechter von \u00d6kologie und Biodiversit\u00e4t. Seit meiner Kindheit in den W\u00e4ldern Bayerns f\u00fchle ich mich mit der Natur verbunden und bin entschlossen, sie zu sch\u00fctzen. Heute widme ich mein Leben der Sensibilisierung anderer f\u00fcr die Bedeutung des Umweltschutzes f\u00fcr zuk\u00fcnftige Generationen.\",\"sameAs\":[\"https:\\\/\\\/www.strassenweb.de\\\/\"]}]}<\/script>\n<!-- \/ Yoast SEO plugin. -->","yoast_head_json":{"title":"F\u00fcr &quot;die irregul\u00e4re Migration reduzieren&quot;Deutschland f\u00fchrt ab dem 16. September Kontrollen an allen seinen Grenzen ein - Nachrichten - Stra\u00dfenweb","robots":{"index":"index","follow":"follow","max-snippet":"max-snippet:-1","max-image-preview":"max-image-preview:large","max-video-preview":"max-video-preview:-1"},"canonical":"https:\/\/www.strassenweb.de\/nachrichten\/fuer-die-irregulaere-migration-reduzierendeutschland-fuehrt-ab-dem-16-september-kontrollen-an-allen-seinen-grenzen-ein\/","og_locale":"de_DE","og_type":"article","og_title":"F\u00fcr &quot;die irregul\u00e4re Migration reduzieren&quot;Deutschland f\u00fchrt ab dem 16. September Kontrollen an allen seinen Grenzen ein - Nachrichten - Stra\u00dfenweb","og_description":"Die Bundesregierung hat an diesem Montag die vor\u00fcbergehende Einf\u00fchrung von Kontrollen an allen Landgrenzen des deutschen Landes mit dem Ziel angek\u00fcndigt \u201edie irregul\u00e4re Migration reduzieren","og_url":"https:\/\/www.strassenweb.de\/nachrichten\/fuer-die-irregulaere-migration-reduzierendeutschland-fuehrt-ab-dem-16-september-kontrollen-an-allen-seinen-grenzen-ein\/","og_site_name":"Stra\u00dfenweb","article_publisher":"https:\/\/www.facebook.com\/strassenweb\/","article_published_time":"2024-09-23T10:02:20+00:00","article_modified_time":"2024-09-23T10:02:21+00:00","og_image":[{"width":1280,"height":720,"url":"https:\/\/www.strassenweb.de\/nachrichten\/wp-content\/uploads\/2024\/09\/Fuer-quotdie-irregulaere-Migration-reduzierenquotDeutschland-fuehrt-ab-dem-16-September.jpg","type":"image\/jpeg"}],"author":"Robert Hoffmann","twitter_card":"summary_large_image","twitter_misc":{"Verfasst von":"Robert Hoffmann","Gesch\u00e4tzte Lesezeit":"2\u00a0Minuten"},"schema":{"@context":"https:\/\/schema.org","@graph":[{"@type":"Article","@id":"https:\/\/www.strassenweb.de\/nachrichten\/fuer-die-irregulaere-migration-reduzierendeutschland-fuehrt-ab-dem-16-september-kontrollen-an-allen-seinen-grenzen-ein\/#article","isPartOf":{"@id":"https:\/\/www.strassenweb.de\/nachrichten\/fuer-die-irregulaere-migration-reduzierendeutschland-fuehrt-ab-dem-16-september-kontrollen-an-allen-seinen-grenzen-ein\/"},"author":{"name":"Robert Hoffmann","@id":"https:\/\/www.strassenweb.de\/nachrichten\/#\/schema\/person\/87c9c9067f1211da429a744dc5a5aa41"},"headline":"F\u00fcr &quot;die irregul\u00e4re Migration reduzieren&quot;Deutschland f\u00fchrt ab dem 16. September Kontrollen an allen seinen Grenzen ein","datePublished":"2024-09-23T10:02:20+00:00","dateModified":"2024-09-23T10:02:21+00:00","mainEntityOfPage":{"@id":"https:\/\/www.strassenweb.de\/nachrichten\/fuer-die-irregulaere-migration-reduzierendeutschland-fuehrt-ab-dem-16-september-kontrollen-an-allen-seinen-grenzen-ein\/"},"wordCount":512,"publisher":{"@id":"https:\/\/www.strassenweb.de\/nachrichten\/#organization"},"image":{"@id":"https:\/\/www.strassenweb.de\/nachrichten\/fuer-die-irregulaere-migration-reduzierendeutschland-fuehrt-ab-dem-16-september-kontrollen-an-allen-seinen-grenzen-ein\/#primaryimage"},"thumbnailUrl":"https:\/\/www.strassenweb.de\/nachrichten\/wp-content\/uploads\/2024\/09\/Fuer-quotdie-irregulaere-Migration-reduzierenquotDeutschland-fuehrt-ab-dem-16-September.jpg","keywords":["allen","dem","ein","f\u00fchrt","f\u00fcr","Grenzen","irregul\u00e4re","Kontrollen","Migration","quotdie","reduzierenquotDeutschland","seinen","September"],"articleSection":["Aktuelle Nachrichten"],"inLanguage":"de"},{"@type":"WebPage","@id":"https:\/\/www.strassenweb.de\/nachrichten\/fuer-die-irregulaere-migration-reduzierendeutschland-fuehrt-ab-dem-16-september-kontrollen-an-allen-seinen-grenzen-ein\/","url":"https:\/\/www.strassenweb.de\/nachrichten\/fuer-die-irregulaere-migration-reduzierendeutschland-fuehrt-ab-dem-16-september-kontrollen-an-allen-seinen-grenzen-ein\/","name":"F\u00fcr &quot;die irregul\u00e4re Migration reduzieren&quot;Deutschland f\u00fchrt ab dem 16. September Kontrollen an allen seinen Grenzen ein - Nachrichten - Stra\u00dfenweb","isPartOf":{"@id":"https:\/\/www.strassenweb.de\/nachrichten\/#website"},"primaryImageOfPage":{"@id":"https:\/\/www.strassenweb.de\/nachrichten\/fuer-die-irregulaere-migration-reduzierendeutschland-fuehrt-ab-dem-16-september-kontrollen-an-allen-seinen-grenzen-ein\/#primaryimage"},"image":{"@id":"https:\/\/www.strassenweb.de\/nachrichten\/fuer-die-irregulaere-migration-reduzierendeutschland-fuehrt-ab-dem-16-september-kontrollen-an-allen-seinen-grenzen-ein\/#primaryimage"},"thumbnailUrl":"https:\/\/www.strassenweb.de\/nachrichten\/wp-content\/uploads\/2024\/09\/Fuer-quotdie-irregulaere-Migration-reduzierenquotDeutschland-fuehrt-ab-dem-16-September.jpg","datePublished":"2024-09-23T10:02:20+00:00","dateModified":"2024-09-23T10:02:21+00:00","breadcrumb":{"@id":"https:\/\/www.strassenweb.de\/nachrichten\/fuer-die-irregulaere-migration-reduzierendeutschland-fuehrt-ab-dem-16-september-kontrollen-an-allen-seinen-grenzen-ein\/#breadcrumb"},"inLanguage":"de","potentialAction":[{"@type":"ReadAction","target":["https:\/\/www.strassenweb.de\/nachrichten\/fuer-die-irregulaere-migration-reduzierendeutschland-fuehrt-ab-dem-16-september-kontrollen-an-allen-seinen-grenzen-ein\/"]}]},{"@type":"ImageObject","inLanguage":"de","@id":"https:\/\/www.strassenweb.de\/nachrichten\/fuer-die-irregulaere-migration-reduzierendeutschland-fuehrt-ab-dem-16-september-kontrollen-an-allen-seinen-grenzen-ein\/#primaryimage","url":"https:\/\/www.strassenweb.de\/nachrichten\/wp-content\/uploads\/2024\/09\/Fuer-quotdie-irregulaere-Migration-reduzierenquotDeutschland-fuehrt-ab-dem-16-September.jpg","contentUrl":"https:\/\/www.strassenweb.de\/nachrichten\/wp-content\/uploads\/2024\/09\/Fuer-quotdie-irregulaere-Migration-reduzierenquotDeutschland-fuehrt-ab-dem-16-September.jpg","width":1280,"height":720,"caption":"F\u00fcr &quot;die irregul\u00e4re Migration reduzieren&quot;Deutschland f\u00fchrt ab dem 16. September Kontrollen an allen seinen Grenzen ein"},{"@type":"BreadcrumbList","@id":"https:\/\/www.strassenweb.de\/nachrichten\/fuer-die-irregulaere-migration-reduzierendeutschland-fuehrt-ab-dem-16-september-kontrollen-an-allen-seinen-grenzen-ein\/#breadcrumb","itemListElement":[{"@type":"ListItem","position":1,"name":"Home","item":"https:\/\/www.strassenweb.de\/nachrichten\/"},{"@type":"ListItem","position":2,"name":"F\u00fcr &quot;die irregul\u00e4re Migration reduzieren&quot;Deutschland f\u00fchrt ab dem 16. September Kontrollen an allen seinen Grenzen ein"}]},{"@type":"WebSite","@id":"https:\/\/www.strassenweb.de\/nachrichten\/#website","url":"https:\/\/www.strassenweb.de\/nachrichten\/","name":"Stra\u00dfenweb","description":"Stra\u00dfenverzeichnis f\u00fcr Deutschland","publisher":{"@id":"https:\/\/www.strassenweb.de\/nachrichten\/#organization"},"potentialAction":[{"@type":"SearchAction","target":{"@type":"EntryPoint","urlTemplate":"https:\/\/www.strassenweb.de\/nachrichten\/?s={search_term_string}"},"query-input":{"@type":"PropertyValueSpecification","valueRequired":true,"valueName":"search_term_string"}}],"inLanguage":"de"},{"@type":"Organization","@id":"https:\/\/www.strassenweb.de\/nachrichten\/#organization","name":"Stra\u00dfenweb","url":"https:\/\/www.strassenweb.de\/nachrichten\/","logo":{"@type":"ImageObject","inLanguage":"de","@id":"https:\/\/www.strassenweb.de\/nachrichten\/#\/schema\/logo\/image\/","url":"https:\/\/www.strassenweb.de\/nachrichten\/wp-content\/uploads\/2024\/09\/cropped-favicon.png","contentUrl":"https:\/\/www.strassenweb.de\/nachrichten\/wp-content\/uploads\/2024\/09\/cropped-favicon.png","width":512,"height":512,"caption":"Stra\u00dfenweb"},"image":{"@id":"https:\/\/www.strassenweb.de\/nachrichten\/#\/schema\/logo\/image\/"},"sameAs":["https:\/\/www.facebook.com\/strassenweb\/"]},{"@type":"Person","@id":"https:\/\/www.strassenweb.de\/nachrichten\/#\/schema\/person\/87c9c9067f1211da429a744dc5a5aa41","name":"Robert Hoffmann","image":{"@type":"ImageObject","inLanguage":"de","@id":"https:\/\/www.strassenweb.de\/nachrichten\/wp-content\/uploads\/2024\/09\/strassenweb-150x150.jpg","url":"https:\/\/www.strassenweb.de\/nachrichten\/wp-content\/uploads\/2024\/09\/strassenweb-150x150.jpg","contentUrl":"https:\/\/www.strassenweb.de\/nachrichten\/wp-content\/uploads\/2024\/09\/strassenweb-150x150.jpg","caption":"Robert Hoffmann"},"description":"Ich hei\u00dfe Robert Hoffmann und ich bin ein leidenschaftlicher Verfechter von \u00d6kologie und Biodiversit\u00e4t. Seit meiner Kindheit in den W\u00e4ldern Bayerns f\u00fchle ich mich mit der Natur verbunden und bin entschlossen, sie zu sch\u00fctzen. Heute widme ich mein Leben der Sensibilisierung anderer f\u00fcr die Bedeutung des Umweltschutzes f\u00fcr zuk\u00fcnftige Generationen.","sameAs":["https:\/\/www.strassenweb.de\/"]}]}},"_links":{"self":[{"href":"https:\/\/www.strassenweb.de\/nachrichten\/wp-json\/wp\/v2\/posts\/79","targetHints":{"allow":["GET"]}}],"collection":[{"href":"https:\/\/www.strassenweb.de\/nachrichten\/wp-json\/wp\/v2\/posts"}],"about":[{"href":"https:\/\/www.strassenweb.de\/nachrichten\/wp-json\/wp\/v2\/types\/post"}],"author":[{"embeddable":true,"href":"https:\/\/www.strassenweb.de\/nachrichten\/wp-json\/wp\/v2\/users\/1"}],"replies":[{"embeddable":true,"href":"https:\/\/www.strassenweb.de\/nachrichten\/wp-json\/wp\/v2\/comments?post=79"}],"version-history":[{"count":0,"href":"https:\/\/www.strassenweb.de\/nachrichten\/wp-json\/wp\/v2\/posts\/79\/revisions"}],"wp:featuredmedia":[{"embeddable":true,"href":"https:\/\/www.strassenweb.de\/nachrichten\/wp-json\/wp\/v2\/media\/63"}],"wp:attachment":[{"href":"https:\/\/www.strassenweb.de\/nachrichten\/wp-json\/wp\/v2\/media?parent=79"}],"wp:term":[{"taxonomy":"category","embeddable":true,"href":"https:\/\/www.strassenweb.de\/nachrichten\/wp-json\/wp\/v2\/categories?post=79"},{"taxonomy":"post_tag","embeddable":true,"href":"https:\/\/www.strassenweb.de\/nachrichten\/wp-json\/wp\/v2\/tags?post=79"}],"curies":[{"name":"wp","href":"https:\/\/api.w.org\/{rel}","templated":true}]}}