{"id":7893,"date":"2025-09-22T04:39:49","date_gmt":"2025-09-22T02:39:49","guid":{"rendered":"https:\/\/www.strassenweb.de\/nachrichten\/ich-bin-besessen-von-h-ms-niedlichen-obst-und-gemuese-geformt\/"},"modified":"2025-09-22T04:39:50","modified_gmt":"2025-09-22T02:39:50","slug":"ich-bin-besessen-von-h-ms-niedlichen-obst-und-gemuese-geformt","status":"publish","type":"post","link":"https:\/\/www.strassenweb.de\/nachrichten\/ich-bin-besessen-von-h-ms-niedlichen-obst-und-gemuese-geformt\/","title":{"rendered":"Ich bin besessen von H &#038; Ms niedlichen Obst- und Gem\u00fcse-geformt"},"content":{"rendered":"<p><\/p>\n<div id=\"article-body\" class=\"article__body \">\n<p id=\"ade0489d-02bc-4781-b496-202d95e5b13c\">Wenn es um das Einkaufen f\u00fcr Tischdekoration geht, beginne ich gerne mit klassischen und vielseitigen St\u00fccken, bevor ich einige Statement -Drucke oder lustige Designs in der neuen Saison einbrachte. Deshalb freute ich mich, die Kollektion &#8222;Herbsttisch -Einstellung von H &#038; M mit seinen unwiderstehlichen Obst- und Gem\u00fcsedesigns zu erkennen.<\/p>\n<div id=\"ad-unit-1\" class=\"ad-unit\"><\/div>\n<p>W\u00e4hrend sie vielleicht nicht wie konventionelle Herbsttischdekorideen zu sein scheinen, haben mich diese St\u00fccke total \u00fcberzeugt. Ich sollte nicht \u00fcberrascht sein, da unsere Interiors-Redakteure als einer der gr\u00f6\u00dften Sommer-Dekor-Trends von 2025 Fruchtmotiven festhalten, und es ist nur nat\u00fcrlich, dass Zitronen und Erdbeeren gegen Trauben, Birnen und Artischocken ausgetauscht wurden, nachdem die Erntezeit eingetreten ist. Die neue Sammlung von H &#038; M ist noch nicht gelandet, aber ich beobachte diesen Raum, um sicherzustellen, dass ich so schnell wie sie klicke, da ich nicht sehen kann, dass solche herausragenden St\u00fccke lange herumkleben.<\/p>\n<figure class=\"van-image-figure inline-layout \" data-bordeaux-image-check id=\"d38ce928-9de0-4dd0-8ca3-5cbde7fc632d\">\n<div class=\"image-full-width-wrapper\">\n<div class=\"image-widthsetter\" style=\"max-width:2000px;\"><\/div>\n<\/div><figcaption class=\"inline-layout \">\n<div class=\"caption-text\">\n<p>Bild: Der dekorative Steinzeugkrug und das Steinzeugglas von H &#038; M.<\/p>\n<\/div>\n<\/figcaption><\/figure>\n<p id=\"477c2b62-3324-4708-a174-cf1c2e2c6716\">Frische, saisonale Produkte ist an der Tagesordnung, wenn es um den H &#038; M Herbsttisch -Einstellungsbereich geht. F\u00fcr mich schl\u00e4gt es die perfekte Balance zwischen Retro und skurriler; Es war Liebe auf den ersten Blick mit der Artischockenform-Steinzeug-Servierschale, aber es gibt auch viele klassische Motive. Die gr\u00fcn gestickten K\u00fcrbisservietten sind ein weiterer Favorit von mir.<\/p>\n<div class=\"van_vid_carousel\">\n<div class=\"van_vid_carousel__padding\">\n<div class=\"van_vid_carousel__container\"><\/div>\n<\/div>\n<\/div>\n<p>Wenn Sie jedoch etwas minimalistischeres suchen, werden Sie nicht entt\u00e4uscht sein. Es sind viele nat\u00fcrliche Materialien und erdige Texturen zu finden, von Bettw\u00e4sche und K\u00f6rben bis hin zu Servierbrettern, die das einzigartigere St\u00fccke helfen. Mit einem Satz Rattan -Untersetzer und einigen wundersch\u00f6nen, geriffelten Glaswaren kann man nichts falsch machen.<\/p>\n<div id=\"ad-unit-2\" class=\"ad-unit\"><\/div>\n<figure class=\"van-image-figure inline-layout \" data-bordeaux-image-check id=\"14b9e060-8bd1-4cc4-86fa-7f988c13f67d\">\n<div class=\"image-full-width-wrapper\">\n<div class=\"image-widthsetter\" style=\"max-width:2000px;\"><\/div>\n<\/div><figcaption class=\"inline-layout \">\n<div class=\"caption-text\">\n<p>Bild: Die extra kleine dekorative Steinzeug-Servierschale von H &#038; M.<\/p>\n<\/div>\n<\/figcaption><\/figure>\n<p id=\"acec140c-3e42-4d4a-92cd-46a601d5804a\">Der Herbsttisch -Einstellungsbereich von H &#038; M beweist, dass die besten Herbst -Dekor -Ideen sich von geliebten Designs inspirieren lassen und gleichzeitig etwas anderes anbieten. Wo sonst k\u00f6nnten Sie eine klassische botanische Tischdecke finden, die neben Salz- und Pfeffersch\u00fctteln in Form von Trauben sitzt?<\/p>\n<aside data-block-type=\"embed\" data-render-type=\"fte\" data-skip=\"dealsy\" data-widget-type=\"seasonal\" class=\"hawk-base\"><\/aside>\n<p id=\"acec140c-3e42-4d4a-92cd-46a601d5804a-1\">Also, da haben Sie es: Einige der besten Herbsttischdekorationen von H &#038; M sehen m\u00f6glicherweise wie die Grundnahrungsmittel Ihrer Lieblingsbauern aus, werden aber auf Ihrem Erntetisch gleicherma\u00dfen entz\u00fcckend aussehen. Schauen Sie sich meine Top -Auswahl aus dem Herbsttischeinstellungsbereich von H &#038; M an.<\/p>\n<h2 id=\"shop-h-m-s-fall-table-decor-3\">Laden Sie H &#038; Ms Herbsttischdekoration ein<\/h2>\n<div class=\"product-container hero-product-container product-block-no-wrap\">\n<div class=\"product-block-row\"><\/div>\n<div class=\"product-block-row\"><\/div>\n<div class=\"product-block-row\"><\/div>\n<div class=\"product-block-row\"><\/div>\n<div class=\"product-block-row\"><\/div>\n<div class=\"product-block-row\"><\/div>\n<div class=\"product-block-row\"><\/div>\n<div class=\"product-block-row\"><\/div>\n<div class=\"product-block-row\"><\/div>\n<\/div>\n<hr id=\"da3bed8f-9d25-4248-9eb6-0e7e8462da49\">\n<p id=\"977644f0-b906-4bff-8cbb-208d89f6ecd6\">Suchen Sie nach einem einzigartigen Tabellengeschirr, das Sie diesen Herbst vorstellen k\u00f6nnen? Ich bin verliebt in das Herman Miller X Heath Ceramics -Tabellengeschirr &#8211; die Farbpalette ist einfach atemberaubend und so vielseitig.<\/p>\n<div id=\"slice-container-newsletterForm-articleInbodyContent-V8PmmDs3F3tvjmYHJKgz46\" class=\"slice-container newsletter-inbodyContent-slice newsletterForm-articleInbodyContent-V8PmmDs3F3tvjmYHJKgz46 slice-container-newsletterForm\"><\/div>\n<\/div>\n","protected":false},"excerpt":{"rendered":"<p>Wenn es um das Einkaufen f\u00fcr Tischdekoration geht, beginne ich gerne mit klassischen und vielseitigen St\u00fccken, bevor ich einige Statement -Drucke oder lustige Designs in<\/p>\n","protected":false},"author":1,"featured_media":7894,"comment_status":"closed","ping_status":"","sticky":false,"template":"","format":"standard","meta":{"footnotes":""},"categories":[118],"tags":[3371,1210,10284,129,10283,4789,37,21],"class_list":["post-7893","post","type-post","status-publish","format-standard","has-post-thumbnail","hentry","category-haus-garten","tag-besessen","tag-bin","tag-gemuesegeformt","tag-ich","tag-niedlichen","tag-obst","tag-und","tag-von","generate-columns","tablet-grid-50","mobile-grid-100","grid-parent","grid-50"],"yoast_head":"<!-- This site is optimized with the Yoast SEO plugin v27.3 - https:\/\/yoast.com\/product\/yoast-seo-wordpress\/ -->\n<title>Ich bin besessen von H &amp; Ms niedlichen Obst- und Gem\u00fcse-geformt - Nachrichten - Stra\u00dfenweb<\/title>\n<meta name=\"robots\" content=\"index, follow, max-snippet:-1, max-image-preview:large, max-video-preview:-1\" \/>\n<link rel=\"canonical\" href=\"https:\/\/www.strassenweb.de\/nachrichten\/ich-bin-besessen-von-h-ms-niedlichen-obst-und-gemuese-geformt\/\" \/>\n<meta property=\"og:locale\" content=\"de_DE\" \/>\n<meta property=\"og:type\" content=\"article\" \/>\n<meta property=\"og:title\" content=\"Ich bin besessen von H &amp; Ms niedlichen Obst- und Gem\u00fcse-geformt - Nachrichten - Stra\u00dfenweb\" \/>\n<meta property=\"og:description\" content=\"Wenn es um das Einkaufen f\u00fcr Tischdekoration geht, beginne ich gerne mit klassischen und vielseitigen St\u00fccken, bevor ich einige Statement -Drucke oder lustige Designs in\" \/>\n<meta property=\"og:url\" content=\"https:\/\/www.strassenweb.de\/nachrichten\/ich-bin-besessen-von-h-ms-niedlichen-obst-und-gemuese-geformt\/\" \/>\n<meta property=\"og:site_name\" content=\"Stra\u00dfenweb\" \/>\n<meta property=\"article:publisher\" content=\"https:\/\/www.facebook.com\/strassenweb\/\" \/>\n<meta property=\"article:published_time\" content=\"2025-09-22T02:39:49+00:00\" \/>\n<meta property=\"article:modified_time\" content=\"2025-09-22T02:39:50+00:00\" \/>\n<meta property=\"og:image\" content=\"https:\/\/www.strassenweb.de\/nachrichten\/wp-content\/uploads\/2025\/09\/Ich-bin-besessen-von-H-Ms-niedlichen-Obst-und.jpg\" \/>\n\t<meta property=\"og:image:width\" content=\"1600\" \/>\n\t<meta property=\"og:image:height\" content=\"900\" \/>\n\t<meta property=\"og:image:type\" content=\"image\/jpeg\" \/>\n<meta name=\"author\" content=\"Robert Hoffmann\" \/>\n<meta name=\"twitter:card\" content=\"summary_large_image\" \/>\n<meta name=\"twitter:label1\" content=\"Verfasst von\" \/>\n\t<meta name=\"twitter:data1\" content=\"Robert Hoffmann\" \/>\n\t<meta name=\"twitter:label2\" content=\"Gesch\u00e4tzte Lesezeit\" \/>\n\t<meta name=\"twitter:data2\" content=\"2\u00a0Minuten\" \/>\n<script type=\"application\/ld+json\" class=\"yoast-schema-graph\">{\"@context\":\"https:\\\/\\\/schema.org\",\"@graph\":[{\"@type\":\"Article\",\"@id\":\"https:\\\/\\\/www.strassenweb.de\\\/nachrichten\\\/ich-bin-besessen-von-h-ms-niedlichen-obst-und-gemuese-geformt\\\/#article\",\"isPartOf\":{\"@id\":\"https:\\\/\\\/www.strassenweb.de\\\/nachrichten\\\/ich-bin-besessen-von-h-ms-niedlichen-obst-und-gemuese-geformt\\\/\"},\"author\":{\"name\":\"Robert Hoffmann\",\"@id\":\"https:\\\/\\\/www.strassenweb.de\\\/nachrichten\\\/#\\\/schema\\\/person\\\/87c9c9067f1211da429a744dc5a5aa41\"},\"headline\":\"Ich bin besessen von H &#038; Ms niedlichen Obst- und Gem\u00fcse-geformt\",\"datePublished\":\"2025-09-22T02:39:49+00:00\",\"dateModified\":\"2025-09-22T02:39:50+00:00\",\"mainEntityOfPage\":{\"@id\":\"https:\\\/\\\/www.strassenweb.de\\\/nachrichten\\\/ich-bin-besessen-von-h-ms-niedlichen-obst-und-gemuese-geformt\\\/\"},\"wordCount\":415,\"publisher\":{\"@id\":\"https:\\\/\\\/www.strassenweb.de\\\/nachrichten\\\/#organization\"},\"image\":{\"@id\":\"https:\\\/\\\/www.strassenweb.de\\\/nachrichten\\\/ich-bin-besessen-von-h-ms-niedlichen-obst-und-gemuese-geformt\\\/#primaryimage\"},\"thumbnailUrl\":\"https:\\\/\\\/www.strassenweb.de\\\/nachrichten\\\/wp-content\\\/uploads\\\/2025\\\/09\\\/Ich-bin-besessen-von-H-Ms-niedlichen-Obst-und.jpg\",\"keywords\":[\"besessen\",\"bin\",\"Gem\u00fcsegeformt\",\"ich\",\"niedlichen\",\"Obst\",\"und\",\"von\"],\"articleSection\":[\"Haus &amp; Garten\"],\"inLanguage\":\"de\"},{\"@type\":\"WebPage\",\"@id\":\"https:\\\/\\\/www.strassenweb.de\\\/nachrichten\\\/ich-bin-besessen-von-h-ms-niedlichen-obst-und-gemuese-geformt\\\/\",\"url\":\"https:\\\/\\\/www.strassenweb.de\\\/nachrichten\\\/ich-bin-besessen-von-h-ms-niedlichen-obst-und-gemuese-geformt\\\/\",\"name\":\"Ich bin besessen von H & Ms niedlichen Obst- und Gem\u00fcse-geformt - Nachrichten - Stra\u00dfenweb\",\"isPartOf\":{\"@id\":\"https:\\\/\\\/www.strassenweb.de\\\/nachrichten\\\/#website\"},\"primaryImageOfPage\":{\"@id\":\"https:\\\/\\\/www.strassenweb.de\\\/nachrichten\\\/ich-bin-besessen-von-h-ms-niedlichen-obst-und-gemuese-geformt\\\/#primaryimage\"},\"image\":{\"@id\":\"https:\\\/\\\/www.strassenweb.de\\\/nachrichten\\\/ich-bin-besessen-von-h-ms-niedlichen-obst-und-gemuese-geformt\\\/#primaryimage\"},\"thumbnailUrl\":\"https:\\\/\\\/www.strassenweb.de\\\/nachrichten\\\/wp-content\\\/uploads\\\/2025\\\/09\\\/Ich-bin-besessen-von-H-Ms-niedlichen-Obst-und.jpg\",\"datePublished\":\"2025-09-22T02:39:49+00:00\",\"dateModified\":\"2025-09-22T02:39:50+00:00\",\"breadcrumb\":{\"@id\":\"https:\\\/\\\/www.strassenweb.de\\\/nachrichten\\\/ich-bin-besessen-von-h-ms-niedlichen-obst-und-gemuese-geformt\\\/#breadcrumb\"},\"inLanguage\":\"de\",\"potentialAction\":[{\"@type\":\"ReadAction\",\"target\":[\"https:\\\/\\\/www.strassenweb.de\\\/nachrichten\\\/ich-bin-besessen-von-h-ms-niedlichen-obst-und-gemuese-geformt\\\/\"]}]},{\"@type\":\"ImageObject\",\"inLanguage\":\"de\",\"@id\":\"https:\\\/\\\/www.strassenweb.de\\\/nachrichten\\\/ich-bin-besessen-von-h-ms-niedlichen-obst-und-gemuese-geformt\\\/#primaryimage\",\"url\":\"https:\\\/\\\/www.strassenweb.de\\\/nachrichten\\\/wp-content\\\/uploads\\\/2025\\\/09\\\/Ich-bin-besessen-von-H-Ms-niedlichen-Obst-und.jpg\",\"contentUrl\":\"https:\\\/\\\/www.strassenweb.de\\\/nachrichten\\\/wp-content\\\/uploads\\\/2025\\\/09\\\/Ich-bin-besessen-von-H-Ms-niedlichen-Obst-und.jpg\",\"width\":1600,\"height\":900,\"caption\":\"Fall table setting with white tablecloth, white crockery and grape and artichoke-shaped serving bowls\"},{\"@type\":\"BreadcrumbList\",\"@id\":\"https:\\\/\\\/www.strassenweb.de\\\/nachrichten\\\/ich-bin-besessen-von-h-ms-niedlichen-obst-und-gemuese-geformt\\\/#breadcrumb\",\"itemListElement\":[{\"@type\":\"ListItem\",\"position\":1,\"name\":\"Home\",\"item\":\"https:\\\/\\\/www.strassenweb.de\\\/nachrichten\\\/\"},{\"@type\":\"ListItem\",\"position\":2,\"name\":\"Ich bin besessen von H &#038; Ms niedlichen Obst- und Gem\u00fcse-geformt\"}]},{\"@type\":\"WebSite\",\"@id\":\"https:\\\/\\\/www.strassenweb.de\\\/nachrichten\\\/#website\",\"url\":\"https:\\\/\\\/www.strassenweb.de\\\/nachrichten\\\/\",\"name\":\"Stra\u00dfenweb\",\"description\":\"Stra\u00dfenverzeichnis f\u00fcr Deutschland\",\"publisher\":{\"@id\":\"https:\\\/\\\/www.strassenweb.de\\\/nachrichten\\\/#organization\"},\"potentialAction\":[{\"@type\":\"SearchAction\",\"target\":{\"@type\":\"EntryPoint\",\"urlTemplate\":\"https:\\\/\\\/www.strassenweb.de\\\/nachrichten\\\/?s={search_term_string}\"},\"query-input\":{\"@type\":\"PropertyValueSpecification\",\"valueRequired\":true,\"valueName\":\"search_term_string\"}}],\"inLanguage\":\"de\"},{\"@type\":\"Organization\",\"@id\":\"https:\\\/\\\/www.strassenweb.de\\\/nachrichten\\\/#organization\",\"name\":\"Stra\u00dfenweb\",\"url\":\"https:\\\/\\\/www.strassenweb.de\\\/nachrichten\\\/\",\"logo\":{\"@type\":\"ImageObject\",\"inLanguage\":\"de\",\"@id\":\"https:\\\/\\\/www.strassenweb.de\\\/nachrichten\\\/#\\\/schema\\\/logo\\\/image\\\/\",\"url\":\"https:\\\/\\\/www.strassenweb.de\\\/nachrichten\\\/wp-content\\\/uploads\\\/2024\\\/09\\\/cropped-favicon.png\",\"contentUrl\":\"https:\\\/\\\/www.strassenweb.de\\\/nachrichten\\\/wp-content\\\/uploads\\\/2024\\\/09\\\/cropped-favicon.png\",\"width\":512,\"height\":512,\"caption\":\"Stra\u00dfenweb\"},\"image\":{\"@id\":\"https:\\\/\\\/www.strassenweb.de\\\/nachrichten\\\/#\\\/schema\\\/logo\\\/image\\\/\"},\"sameAs\":[\"https:\\\/\\\/www.facebook.com\\\/strassenweb\\\/\"]},{\"@type\":\"Person\",\"@id\":\"https:\\\/\\\/www.strassenweb.de\\\/nachrichten\\\/#\\\/schema\\\/person\\\/87c9c9067f1211da429a744dc5a5aa41\",\"name\":\"Robert Hoffmann\",\"image\":{\"@type\":\"ImageObject\",\"inLanguage\":\"de\",\"@id\":\"https:\\\/\\\/www.strassenweb.de\\\/nachrichten\\\/wp-content\\\/uploads\\\/2024\\\/09\\\/strassenweb-150x150.jpg\",\"url\":\"https:\\\/\\\/www.strassenweb.de\\\/nachrichten\\\/wp-content\\\/uploads\\\/2024\\\/09\\\/strassenweb-150x150.jpg\",\"contentUrl\":\"https:\\\/\\\/www.strassenweb.de\\\/nachrichten\\\/wp-content\\\/uploads\\\/2024\\\/09\\\/strassenweb-150x150.jpg\",\"caption\":\"Robert Hoffmann\"},\"description\":\"Ich hei\u00dfe Robert Hoffmann und ich bin ein leidenschaftlicher Verfechter von \u00d6kologie und Biodiversit\u00e4t. Seit meiner Kindheit in den W\u00e4ldern Bayerns f\u00fchle ich mich mit der Natur verbunden und bin entschlossen, sie zu sch\u00fctzen. Heute widme ich mein Leben der Sensibilisierung anderer f\u00fcr die Bedeutung des Umweltschutzes f\u00fcr zuk\u00fcnftige Generationen.\",\"sameAs\":[\"https:\\\/\\\/www.strassenweb.de\\\/\"]}]}<\/script>\n<!-- \/ Yoast SEO plugin. -->","yoast_head_json":{"title":"Ich bin besessen von H & Ms niedlichen Obst- und Gem\u00fcse-geformt - Nachrichten - Stra\u00dfenweb","robots":{"index":"index","follow":"follow","max-snippet":"max-snippet:-1","max-image-preview":"max-image-preview:large","max-video-preview":"max-video-preview:-1"},"canonical":"https:\/\/www.strassenweb.de\/nachrichten\/ich-bin-besessen-von-h-ms-niedlichen-obst-und-gemuese-geformt\/","og_locale":"de_DE","og_type":"article","og_title":"Ich bin besessen von H & Ms niedlichen Obst- und Gem\u00fcse-geformt - Nachrichten - Stra\u00dfenweb","og_description":"Wenn es um das Einkaufen f\u00fcr Tischdekoration geht, beginne ich gerne mit klassischen und vielseitigen St\u00fccken, bevor ich einige Statement -Drucke oder lustige Designs in","og_url":"https:\/\/www.strassenweb.de\/nachrichten\/ich-bin-besessen-von-h-ms-niedlichen-obst-und-gemuese-geformt\/","og_site_name":"Stra\u00dfenweb","article_publisher":"https:\/\/www.facebook.com\/strassenweb\/","article_published_time":"2025-09-22T02:39:49+00:00","article_modified_time":"2025-09-22T02:39:50+00:00","og_image":[{"width":1600,"height":900,"url":"https:\/\/www.strassenweb.de\/nachrichten\/wp-content\/uploads\/2025\/09\/Ich-bin-besessen-von-H-Ms-niedlichen-Obst-und.jpg","type":"image\/jpeg"}],"author":"Robert Hoffmann","twitter_card":"summary_large_image","twitter_misc":{"Verfasst von":"Robert Hoffmann","Gesch\u00e4tzte Lesezeit":"2\u00a0Minuten"},"schema":{"@context":"https:\/\/schema.org","@graph":[{"@type":"Article","@id":"https:\/\/www.strassenweb.de\/nachrichten\/ich-bin-besessen-von-h-ms-niedlichen-obst-und-gemuese-geformt\/#article","isPartOf":{"@id":"https:\/\/www.strassenweb.de\/nachrichten\/ich-bin-besessen-von-h-ms-niedlichen-obst-und-gemuese-geformt\/"},"author":{"name":"Robert Hoffmann","@id":"https:\/\/www.strassenweb.de\/nachrichten\/#\/schema\/person\/87c9c9067f1211da429a744dc5a5aa41"},"headline":"Ich bin besessen von H &#038; Ms niedlichen Obst- und Gem\u00fcse-geformt","datePublished":"2025-09-22T02:39:49+00:00","dateModified":"2025-09-22T02:39:50+00:00","mainEntityOfPage":{"@id":"https:\/\/www.strassenweb.de\/nachrichten\/ich-bin-besessen-von-h-ms-niedlichen-obst-und-gemuese-geformt\/"},"wordCount":415,"publisher":{"@id":"https:\/\/www.strassenweb.de\/nachrichten\/#organization"},"image":{"@id":"https:\/\/www.strassenweb.de\/nachrichten\/ich-bin-besessen-von-h-ms-niedlichen-obst-und-gemuese-geformt\/#primaryimage"},"thumbnailUrl":"https:\/\/www.strassenweb.de\/nachrichten\/wp-content\/uploads\/2025\/09\/Ich-bin-besessen-von-H-Ms-niedlichen-Obst-und.jpg","keywords":["besessen","bin","Gem\u00fcsegeformt","ich","niedlichen","Obst","und","von"],"articleSection":["Haus &amp; Garten"],"inLanguage":"de"},{"@type":"WebPage","@id":"https:\/\/www.strassenweb.de\/nachrichten\/ich-bin-besessen-von-h-ms-niedlichen-obst-und-gemuese-geformt\/","url":"https:\/\/www.strassenweb.de\/nachrichten\/ich-bin-besessen-von-h-ms-niedlichen-obst-und-gemuese-geformt\/","name":"Ich bin besessen von H & Ms niedlichen Obst- und Gem\u00fcse-geformt - Nachrichten - Stra\u00dfenweb","isPartOf":{"@id":"https:\/\/www.strassenweb.de\/nachrichten\/#website"},"primaryImageOfPage":{"@id":"https:\/\/www.strassenweb.de\/nachrichten\/ich-bin-besessen-von-h-ms-niedlichen-obst-und-gemuese-geformt\/#primaryimage"},"image":{"@id":"https:\/\/www.strassenweb.de\/nachrichten\/ich-bin-besessen-von-h-ms-niedlichen-obst-und-gemuese-geformt\/#primaryimage"},"thumbnailUrl":"https:\/\/www.strassenweb.de\/nachrichten\/wp-content\/uploads\/2025\/09\/Ich-bin-besessen-von-H-Ms-niedlichen-Obst-und.jpg","datePublished":"2025-09-22T02:39:49+00:00","dateModified":"2025-09-22T02:39:50+00:00","breadcrumb":{"@id":"https:\/\/www.strassenweb.de\/nachrichten\/ich-bin-besessen-von-h-ms-niedlichen-obst-und-gemuese-geformt\/#breadcrumb"},"inLanguage":"de","potentialAction":[{"@type":"ReadAction","target":["https:\/\/www.strassenweb.de\/nachrichten\/ich-bin-besessen-von-h-ms-niedlichen-obst-und-gemuese-geformt\/"]}]},{"@type":"ImageObject","inLanguage":"de","@id":"https:\/\/www.strassenweb.de\/nachrichten\/ich-bin-besessen-von-h-ms-niedlichen-obst-und-gemuese-geformt\/#primaryimage","url":"https:\/\/www.strassenweb.de\/nachrichten\/wp-content\/uploads\/2025\/09\/Ich-bin-besessen-von-H-Ms-niedlichen-Obst-und.jpg","contentUrl":"https:\/\/www.strassenweb.de\/nachrichten\/wp-content\/uploads\/2025\/09\/Ich-bin-besessen-von-H-Ms-niedlichen-Obst-und.jpg","width":1600,"height":900,"caption":"Fall table setting with white tablecloth, white crockery and grape and artichoke-shaped serving bowls"},{"@type":"BreadcrumbList","@id":"https:\/\/www.strassenweb.de\/nachrichten\/ich-bin-besessen-von-h-ms-niedlichen-obst-und-gemuese-geformt\/#breadcrumb","itemListElement":[{"@type":"ListItem","position":1,"name":"Home","item":"https:\/\/www.strassenweb.de\/nachrichten\/"},{"@type":"ListItem","position":2,"name":"Ich bin besessen von H &#038; Ms niedlichen Obst- und Gem\u00fcse-geformt"}]},{"@type":"WebSite","@id":"https:\/\/www.strassenweb.de\/nachrichten\/#website","url":"https:\/\/www.strassenweb.de\/nachrichten\/","name":"Stra\u00dfenweb","description":"Stra\u00dfenverzeichnis f\u00fcr Deutschland","publisher":{"@id":"https:\/\/www.strassenweb.de\/nachrichten\/#organization"},"potentialAction":[{"@type":"SearchAction","target":{"@type":"EntryPoint","urlTemplate":"https:\/\/www.strassenweb.de\/nachrichten\/?s={search_term_string}"},"query-input":{"@type":"PropertyValueSpecification","valueRequired":true,"valueName":"search_term_string"}}],"inLanguage":"de"},{"@type":"Organization","@id":"https:\/\/www.strassenweb.de\/nachrichten\/#organization","name":"Stra\u00dfenweb","url":"https:\/\/www.strassenweb.de\/nachrichten\/","logo":{"@type":"ImageObject","inLanguage":"de","@id":"https:\/\/www.strassenweb.de\/nachrichten\/#\/schema\/logo\/image\/","url":"https:\/\/www.strassenweb.de\/nachrichten\/wp-content\/uploads\/2024\/09\/cropped-favicon.png","contentUrl":"https:\/\/www.strassenweb.de\/nachrichten\/wp-content\/uploads\/2024\/09\/cropped-favicon.png","width":512,"height":512,"caption":"Stra\u00dfenweb"},"image":{"@id":"https:\/\/www.strassenweb.de\/nachrichten\/#\/schema\/logo\/image\/"},"sameAs":["https:\/\/www.facebook.com\/strassenweb\/"]},{"@type":"Person","@id":"https:\/\/www.strassenweb.de\/nachrichten\/#\/schema\/person\/87c9c9067f1211da429a744dc5a5aa41","name":"Robert Hoffmann","image":{"@type":"ImageObject","inLanguage":"de","@id":"https:\/\/www.strassenweb.de\/nachrichten\/wp-content\/uploads\/2024\/09\/strassenweb-150x150.jpg","url":"https:\/\/www.strassenweb.de\/nachrichten\/wp-content\/uploads\/2024\/09\/strassenweb-150x150.jpg","contentUrl":"https:\/\/www.strassenweb.de\/nachrichten\/wp-content\/uploads\/2024\/09\/strassenweb-150x150.jpg","caption":"Robert Hoffmann"},"description":"Ich hei\u00dfe Robert Hoffmann und ich bin ein leidenschaftlicher Verfechter von \u00d6kologie und Biodiversit\u00e4t. Seit meiner Kindheit in den W\u00e4ldern Bayerns f\u00fchle ich mich mit der Natur verbunden und bin entschlossen, sie zu sch\u00fctzen. Heute widme ich mein Leben der Sensibilisierung anderer f\u00fcr die Bedeutung des Umweltschutzes f\u00fcr zuk\u00fcnftige Generationen.","sameAs":["https:\/\/www.strassenweb.de\/"]}]}},"_links":{"self":[{"href":"https:\/\/www.strassenweb.de\/nachrichten\/wp-json\/wp\/v2\/posts\/7893","targetHints":{"allow":["GET"]}}],"collection":[{"href":"https:\/\/www.strassenweb.de\/nachrichten\/wp-json\/wp\/v2\/posts"}],"about":[{"href":"https:\/\/www.strassenweb.de\/nachrichten\/wp-json\/wp\/v2\/types\/post"}],"author":[{"embeddable":true,"href":"https:\/\/www.strassenweb.de\/nachrichten\/wp-json\/wp\/v2\/users\/1"}],"replies":[{"embeddable":true,"href":"https:\/\/www.strassenweb.de\/nachrichten\/wp-json\/wp\/v2\/comments?post=7893"}],"version-history":[{"count":0,"href":"https:\/\/www.strassenweb.de\/nachrichten\/wp-json\/wp\/v2\/posts\/7893\/revisions"}],"wp:featuredmedia":[{"embeddable":true,"href":"https:\/\/www.strassenweb.de\/nachrichten\/wp-json\/wp\/v2\/media\/7894"}],"wp:attachment":[{"href":"https:\/\/www.strassenweb.de\/nachrichten\/wp-json\/wp\/v2\/media?parent=7893"}],"wp:term":[{"taxonomy":"category","embeddable":true,"href":"https:\/\/www.strassenweb.de\/nachrichten\/wp-json\/wp\/v2\/categories?post=7893"},{"taxonomy":"post_tag","embeddable":true,"href":"https:\/\/www.strassenweb.de\/nachrichten\/wp-json\/wp\/v2\/tags?post=7893"}],"curies":[{"name":"wp","href":"https:\/\/api.w.org\/{rel}","templated":true}]}}