{"id":7879,"date":"2025-09-21T13:40:41","date_gmt":"2025-09-21T11:40:41","guid":{"rendered":"https:\/\/www.strassenweb.de\/nachrichten\/tragen-sie-keine-sommerallergene-in-den-herbst-dies-ist-der-1-haushaltsgegenstand-den-sie-zum-ende-des-sommers-waschen-muessen-um-stickige-juckende-nasen-zu-verhindern\/"},"modified":"2025-09-21T13:40:42","modified_gmt":"2025-09-21T11:40:42","slug":"tragen-sie-keine-sommerallergene-in-den-herbst-dies-ist-der-1-haushaltsgegenstand-den-sie-zum-ende-des-sommers-waschen-muessen-um-stickige-juckende-nasen-zu-verhindern","status":"publish","type":"post","link":"https:\/\/www.strassenweb.de\/nachrichten\/tragen-sie-keine-sommerallergene-in-den-herbst-dies-ist-der-1-haushaltsgegenstand-den-sie-zum-ende-des-sommers-waschen-muessen-um-stickige-juckende-nasen-zu-verhindern\/","title":{"rendered":"Tragen Sie keine Sommerallergene in den Herbst &#8211; dies ist der 1 -Haushaltsgegenstand, den Sie zum Ende des Sommers waschen m\u00fcssen, um stickige, juckende Nasen zu verhindern"},"content":{"rendered":"<p><\/p>\n<div id=\"article-body\" class=\"article__body \">\n<p id=\"4676fb14-abf6-498d-a560-759b10b6a878\">In dem Sommer konzentrieren sich viele von uns darauf, Kleiderschr\u00e4nke auszutauschen oder f\u00fcr die neue Saison zu dekorieren, aber ein verborgener Schuldige saisonaler Unbehagen wird oft \u00fcbersehen.<\/p>\n<div id=\"ad-unit-1\" class=\"ad-unit\"><\/div>\n<p>Allergene wie Pollen, Staub und Dander verschwinden nicht nur mit dem warmen Wetter &#8211; sie lassen sich in den weichen Oberfl\u00e4chen rund um Ihr Haus nieder.<\/p>\n<aside data-block-type=\"embed\" data-render-type=\"fte\" data-skip=\"dealsy\" data-widget-type=\"seasonal\" class=\"hawk-base\"><\/aside>\n<p id=\"4676fb14-abf6-498d-a560-759b10b6a878-2\">Aus diesem Grund empfehlen Experten, W\u00e4sche zu waschen und sich auf Ihre Heimtextilien zu konzentrieren, w\u00e4hrend der Sommer endet, um sich sauberer, ges\u00fcnder und bereit f\u00fcr die k\u00fchleren Monate vor Ort zu f\u00fchlen.<\/p>\n<div class=\"van_vid_carousel\">\n<div class=\"van_vid_carousel__padding\">\n<div class=\"van_vid_carousel__container\"><\/div>\n<\/div>\n<\/div>\n<h2 id=\"the-one-thing-to-launder-before-fall-3\">Das einzige, was Sie vor dem Herbst waschen k\u00f6nnen<\/h2>\n<p id=\"28bbbef8-89f7-4f6e-ba23-c818122f1c37\">Von Vorh\u00e4ngen bis hin zu Decken (Dinge, die Sie wahrscheinlich nicht genug waschen), k\u00f6nnen gem\u00fctliche Textilien an Reizstoffe festhalten, die Niesen- und Sticky -Nasen bis weit in den Herbst ausl\u00f6sen.<\/p>\n<div id=\"ad-unit-2\" class=\"ad-unit\"><\/div>\n<p>Scott Schrader, Reinigungsexperte bei Cottagecare, warnt: &#8218;Pollen setzt sich tief in Stoffe nieder, insbesondere wenn Sie die Fenster ge\u00f6ffnet haben, und es verschwindet nicht nur, es sei denn, es wird ausgewaschen.<\/p>\n<p>&#8222;W\u00e4sche von Textilien und Reinigungspolsterung am Ende des Sommers kann den Aufbau von Allergenen wie Pollen erheblich verringern, um in den Sturz zu \u00fcbertragen.&#8220;<\/p>\n<div class=\"min-h-(270px) mb-4 viafoura-twig-component\" id=\"viafoura-engagement-starter-wrapper\" data-component-name=\"Elk:Embed:EngagementStarter\">\n<div class=\"viafoura\">\n<div>\n<vf-conversation-starter target=\"viafoura-comments\" title=\"Share your routine\" description=\"How do you start to transition your home from summer to fall?\" minimum-comment-count=\"5\"><br \/>\n<\/vf-conversation-starter>\n<\/div>\n<\/div>\n<\/div>\n<p id=\"b51850d9-ac28-4b44-a10f-51ca98195403\">Das Problem ist einfach zu l\u00f6sen.<\/p>\n<div id=\"slice-container-newsletterForm-articleInbodyContent-YHAQbztg3vbmdvTJKPNf4\" class=\"slice-container newsletter-inbodyContent-slice newsletterForm-articleInbodyContent-YHAQbztg3vbmdvTJKPNf4 slice-container-newsletterForm\"><\/div>\n<p>F\u00fcr die Dinge, die Sie in eine Waschmaschine einf\u00fcgen k\u00f6nnen, sagt Scott: \u201eEs ist am besten, diese in dem hei\u00dfesten Wasser zu waschen, das sie zulassen und die W\u00e4schesymbole f\u00fcr detailliertere Anweisungen \u00fcberpr\u00fcfen.<\/p>\n<p>&#8218;Hei\u00dfes Wasser ist die beste Temperatur, um die Proteine \u200b\u200bim Pollen aufzul\u00f6sen. Ich empfehle ein Waschmittel mit einem nicht eingebauten Enzymwaschmittel. &#8218; Die EcoS Plus -W\u00e4schereifl\u00fcssigkeit von Walmart passt perfekt zur Rechnung.<\/p>\n<p>&#8222;Es wird auch f\u00fcr einen zus\u00e4tzlichen Sp\u00fclenzyklus empfohlen, um alle anhaltenden Pollen- oder Waschmittelreste zu erfassen.&#8220;<\/p>\n<figure class=\"van-image-figure inline-layout \" data-bordeaux-image-check id=\"1860466b-12de-491a-964c-abc6f294f6e9\">\n<div class=\"image-full-width-wrapper\">\n<div class=\"image-widthsetter\" style=\"max-width:684px;\"><\/div>\n<\/div><figcaption class=\"inline-layout \">\n<div class=\"caption-text\">\n<p>Die Erfrischung von Textilien im ganzen Haus hilft dabei, Spuren von Pollen zu beseitigen. <\/p>\n<\/div>\n<\/figcaption><\/figure>\n<p id=\"557ecbb0-738e-4941-8509-fd5cfff242bc\">Scott f\u00e4hrt fort: &#8222;F\u00fcr Polsterung, die keine W\u00e4sche zul\u00e4sst, ist der Beginn, eine Polsterbefestigung und ein Vakuum mit einem HEPA -Filter zu vakuumieren, um feine Partikel von Staub und Pollen zu fangen.&#8220;<\/p>\n<p>Dan Fauzi, L\u00f6sungsmittel von Home Tech Editor und Resident Expert Vacuum Tester, empfiehlt den Black+Decker Dustbuster Furbuster AdvanceClean+, der bei Amazon erh\u00e4ltlich ist.<\/p>\n<p>Dan hat unz\u00e4hlige Vakuen getestet und dieses raffinierte Ger\u00e4t f\u00fcr die Reinigung von Schmutz, Kr\u00fcmeln und Haaren in Sekunden lang gelobt und es zu unserem Handheld der Nummer 1 bewertet, wenn Sie das beste Vakuum f\u00fcr Ihr Zuhause ausw\u00e4hlen.<\/p>\n<p>Nach einer einmaligen \u00dcberfahrt schl\u00e4gt Scott vor, eine Stoffreinigungsl\u00f6sung zur Spotreinigung zu verwenden. Sie k\u00f6nnen sich f\u00fcr eine kommerzielle L\u00f6sung wie Bissell Woolite Teppich &#038; Polsterreiniger von Walmart entscheiden, die auch dazu beitragen kann, Ger\u00fcche aus Polster zu entfernen.<\/p>\n<p>Machen Sie alternativ Ihre eigene DIY -Reinigungsl\u00f6sung, indem Sie ein wenig warmes Wasser mit ein paar Tropfen milder Schalenseife mischen, sagt Scott. Dawn Dish Soap von Walmart ist eine sichere Wette.<\/p>\n<p>&#8222;Spr\u00fchen Sie dies auf die Ecke eines Mikrofasertuchs (ebenfalls von Walmart) und reiben Sie vorsichtig die Polsterung, um einen milden Seifenschaum zu erzeugen, der Pollen von den Polsterfasern hebt, w\u00e4hrend sie eine \u00dcbers\u00e4ttigung von Stoff vermeiden.&#8220;<\/p>\n<p>Je nach Material k\u00f6nnen Sie manchmal eine Couch mit einem der besten Dampfreiniger wie dem Bissell Little Greene Mini von Amazon d\u00e4mpfen. Es ist am besten, den Pflegeetikett zu \u00fcberpr\u00fcfen und an einem unauff\u00e4lligen Ort zu testen, um sicher zu sch\u00fctzen, dass er nicht besch\u00e4digt wird.<\/p>\n<h2 class=\"article-body__section\" id=\"section-what-to-shop\"><span>Was einkaufen<\/span><\/h2>\n<div class=\"product-container hero-product-container product-block-no-wrap\">\n<div class=\"product-block-row\"><\/div>\n<div class=\"product-block-row\"><\/div>\n<div class=\"product-block-row\"><\/div>\n<div class=\"product-block-row\"><\/div>\n<div class=\"product-block-row\"><\/div>\n<div class=\"product-block-row\"><\/div>\n<\/div>\n<h2 class=\"article-body__section\" id=\"section-meet-the-expert\"><span>Treffen Sie den Experten<\/span><\/h2>\n<hr id=\"e054181f-93d5-474d-a6da-fa65eedc3804\">\n<p id=\"3d875273-915f-42a1-8f19-be5441ea34ae\">Pollen ist nicht der einzige Verd\u00e4chtige, wenn es um Symptomflarse geht. Es gibt mehrere allgemeine Allergene, die unsere H\u00e4user plagen, die Sie auch aufhalten m\u00fcssen.<\/p>\n<div class=\"block\" id=\"articleTag\" data-component-name=\"PostArticleLinks\">\n<div class=\"border-b border-b-black border-solid py-2.5 text-black font-bold uppercase\">Themen<\/div>\n<nav class=\"py-2.5 flex gap-2.5 flex-wrap\" data-analytics-id=\"article-tag\">\n<p>W\u00e4sche reinigen<br \/>\n<\/nav>\n<\/div>\n<\/div>\n","protected":false},"excerpt":{"rendered":"<p>In dem Sommer konzentrieren sich viele von uns darauf, Kleiderschr\u00e4nke auszutauschen oder f\u00fcr die neue Saison zu dekorieren, aber ein verborgener Schuldige saisonaler Unbehagen wird<\/p>\n","protected":false},"author":1,"featured_media":7880,"comment_status":"closed","ping_status":"","sticky":false,"template":"","format":"standard","meta":{"footnotes":""},"categories":[118],"tags":[78,81,281,503,2557,10273,203,15,9558,1771,594,10275,165,10272,8142,10274,4409,381,1825,67],"class_list":["post-7879","post","type-post","status-publish","format-standard","has-post-thumbnail","hentry","category-haus-garten","tag-den","tag-der","tag-des","tag-dies","tag-ende","tag-haushaltsgegenstand","tag-herbst","tag-ist","tag-juckende","tag-keine","tag-muessen","tag-nasen","tag-sie","tag-sommerallergene","tag-sommers","tag-stickige","tag-tragen","tag-verhindern","tag-waschen","tag-zum","generate-columns","tablet-grid-50","mobile-grid-100","grid-parent","grid-50"],"yoast_head":"<!-- This site is optimized with the Yoast SEO plugin v27.3 - https:\/\/yoast.com\/product\/yoast-seo-wordpress\/ -->\n<title>Tragen Sie keine Sommerallergene in den Herbst - dies ist der 1 -Haushaltsgegenstand, den Sie zum Ende des Sommers waschen m\u00fcssen, um stickige, juckende Nasen zu verhindern - Nachrichten - Stra\u00dfenweb<\/title>\n<meta name=\"robots\" content=\"index, follow, max-snippet:-1, max-image-preview:large, max-video-preview:-1\" \/>\n<link rel=\"canonical\" href=\"https:\/\/www.strassenweb.de\/nachrichten\/tragen-sie-keine-sommerallergene-in-den-herbst-dies-ist-der-1-haushaltsgegenstand-den-sie-zum-ende-des-sommers-waschen-muessen-um-stickige-juckende-nasen-zu-verhindern\/\" \/>\n<meta property=\"og:locale\" content=\"de_DE\" \/>\n<meta property=\"og:type\" content=\"article\" \/>\n<meta property=\"og:title\" content=\"Tragen Sie keine Sommerallergene in den Herbst - dies ist der 1 -Haushaltsgegenstand, den Sie zum Ende des Sommers waschen m\u00fcssen, um stickige, juckende Nasen zu verhindern - Nachrichten - Stra\u00dfenweb\" \/>\n<meta property=\"og:description\" content=\"In dem Sommer konzentrieren sich viele von uns darauf, Kleiderschr\u00e4nke auszutauschen oder f\u00fcr die neue Saison zu dekorieren, aber ein verborgener Schuldige saisonaler Unbehagen wird\" \/>\n<meta property=\"og:url\" content=\"https:\/\/www.strassenweb.de\/nachrichten\/tragen-sie-keine-sommerallergene-in-den-herbst-dies-ist-der-1-haushaltsgegenstand-den-sie-zum-ende-des-sommers-waschen-muessen-um-stickige-juckende-nasen-zu-verhindern\/\" \/>\n<meta property=\"og:site_name\" content=\"Stra\u00dfenweb\" \/>\n<meta property=\"article:publisher\" content=\"https:\/\/www.facebook.com\/strassenweb\/\" \/>\n<meta property=\"article:published_time\" content=\"2025-09-21T11:40:41+00:00\" \/>\n<meta property=\"article:modified_time\" content=\"2025-09-21T11:40:42+00:00\" \/>\n<meta property=\"og:image\" content=\"https:\/\/www.strassenweb.de\/nachrichten\/wp-content\/uploads\/2025\/09\/Tragen-Sie-keine-Sommerallergene-in-den-Herbst-dies-ist.jpg\" \/>\n\t<meta property=\"og:image:width\" content=\"1600\" \/>\n\t<meta property=\"og:image:height\" content=\"900\" \/>\n\t<meta property=\"og:image:type\" content=\"image\/jpeg\" \/>\n<meta name=\"author\" content=\"Robert Hoffmann\" \/>\n<meta name=\"twitter:card\" content=\"summary_large_image\" \/>\n<meta name=\"twitter:label1\" content=\"Verfasst von\" \/>\n\t<meta name=\"twitter:data1\" content=\"Robert Hoffmann\" \/>\n\t<meta name=\"twitter:label2\" content=\"Gesch\u00e4tzte Lesezeit\" \/>\n\t<meta name=\"twitter:data2\" content=\"3\u00a0Minuten\" \/>\n<script type=\"application\/ld+json\" class=\"yoast-schema-graph\">{\"@context\":\"https:\\\/\\\/schema.org\",\"@graph\":[{\"@type\":\"Article\",\"@id\":\"https:\\\/\\\/www.strassenweb.de\\\/nachrichten\\\/tragen-sie-keine-sommerallergene-in-den-herbst-dies-ist-der-1-haushaltsgegenstand-den-sie-zum-ende-des-sommers-waschen-muessen-um-stickige-juckende-nasen-zu-verhindern\\\/#article\",\"isPartOf\":{\"@id\":\"https:\\\/\\\/www.strassenweb.de\\\/nachrichten\\\/tragen-sie-keine-sommerallergene-in-den-herbst-dies-ist-der-1-haushaltsgegenstand-den-sie-zum-ende-des-sommers-waschen-muessen-um-stickige-juckende-nasen-zu-verhindern\\\/\"},\"author\":{\"name\":\"Robert Hoffmann\",\"@id\":\"https:\\\/\\\/www.strassenweb.de\\\/nachrichten\\\/#\\\/schema\\\/person\\\/87c9c9067f1211da429a744dc5a5aa41\"},\"headline\":\"Tragen Sie keine Sommerallergene in den Herbst &#8211; dies ist der 1 -Haushaltsgegenstand, den Sie zum Ende des Sommers waschen m\u00fcssen, um stickige, juckende Nasen zu verhindern\",\"datePublished\":\"2025-09-21T11:40:41+00:00\",\"dateModified\":\"2025-09-21T11:40:42+00:00\",\"mainEntityOfPage\":{\"@id\":\"https:\\\/\\\/www.strassenweb.de\\\/nachrichten\\\/tragen-sie-keine-sommerallergene-in-den-herbst-dies-ist-der-1-haushaltsgegenstand-den-sie-zum-ende-des-sommers-waschen-muessen-um-stickige-juckende-nasen-zu-verhindern\\\/\"},\"wordCount\":649,\"publisher\":{\"@id\":\"https:\\\/\\\/www.strassenweb.de\\\/nachrichten\\\/#organization\"},\"image\":{\"@id\":\"https:\\\/\\\/www.strassenweb.de\\\/nachrichten\\\/tragen-sie-keine-sommerallergene-in-den-herbst-dies-ist-der-1-haushaltsgegenstand-den-sie-zum-ende-des-sommers-waschen-muessen-um-stickige-juckende-nasen-zu-verhindern\\\/#primaryimage\"},\"thumbnailUrl\":\"https:\\\/\\\/www.strassenweb.de\\\/nachrichten\\\/wp-content\\\/uploads\\\/2025\\\/09\\\/Tragen-Sie-keine-Sommerallergene-in-den-Herbst-dies-ist.jpg\",\"keywords\":[\"den\",\"der\",\"des\",\"dies\",\"Ende\",\"Haushaltsgegenstand\",\"Herbst\",\"ist\",\"Juckende\",\"keine\",\"m\u00fcssen\",\"Nasen\",\"Sie\",\"Sommerallergene\",\"Sommers\",\"stickige\",\"Tragen\",\"verhindern\",\"waschen\",\"zum\"],\"articleSection\":[\"Haus &amp; Garten\"],\"inLanguage\":\"de\"},{\"@type\":\"WebPage\",\"@id\":\"https:\\\/\\\/www.strassenweb.de\\\/nachrichten\\\/tragen-sie-keine-sommerallergene-in-den-herbst-dies-ist-der-1-haushaltsgegenstand-den-sie-zum-ende-des-sommers-waschen-muessen-um-stickige-juckende-nasen-zu-verhindern\\\/\",\"url\":\"https:\\\/\\\/www.strassenweb.de\\\/nachrichten\\\/tragen-sie-keine-sommerallergene-in-den-herbst-dies-ist-der-1-haushaltsgegenstand-den-sie-zum-ende-des-sommers-waschen-muessen-um-stickige-juckende-nasen-zu-verhindern\\\/\",\"name\":\"Tragen Sie keine Sommerallergene in den Herbst - dies ist der 1 -Haushaltsgegenstand, den Sie zum Ende des Sommers waschen m\u00fcssen, um stickige, juckende Nasen zu verhindern - Nachrichten - Stra\u00dfenweb\",\"isPartOf\":{\"@id\":\"https:\\\/\\\/www.strassenweb.de\\\/nachrichten\\\/#website\"},\"primaryImageOfPage\":{\"@id\":\"https:\\\/\\\/www.strassenweb.de\\\/nachrichten\\\/tragen-sie-keine-sommerallergene-in-den-herbst-dies-ist-der-1-haushaltsgegenstand-den-sie-zum-ende-des-sommers-waschen-muessen-um-stickige-juckende-nasen-zu-verhindern\\\/#primaryimage\"},\"image\":{\"@id\":\"https:\\\/\\\/www.strassenweb.de\\\/nachrichten\\\/tragen-sie-keine-sommerallergene-in-den-herbst-dies-ist-der-1-haushaltsgegenstand-den-sie-zum-ende-des-sommers-waschen-muessen-um-stickige-juckende-nasen-zu-verhindern\\\/#primaryimage\"},\"thumbnailUrl\":\"https:\\\/\\\/www.strassenweb.de\\\/nachrichten\\\/wp-content\\\/uploads\\\/2025\\\/09\\\/Tragen-Sie-keine-Sommerallergene-in-den-Herbst-dies-ist.jpg\",\"datePublished\":\"2025-09-21T11:40:41+00:00\",\"dateModified\":\"2025-09-21T11:40:42+00:00\",\"breadcrumb\":{\"@id\":\"https:\\\/\\\/www.strassenweb.de\\\/nachrichten\\\/tragen-sie-keine-sommerallergene-in-den-herbst-dies-ist-der-1-haushaltsgegenstand-den-sie-zum-ende-des-sommers-waschen-muessen-um-stickige-juckende-nasen-zu-verhindern\\\/#breadcrumb\"},\"inLanguage\":\"de\",\"potentialAction\":[{\"@type\":\"ReadAction\",\"target\":[\"https:\\\/\\\/www.strassenweb.de\\\/nachrichten\\\/tragen-sie-keine-sommerallergene-in-den-herbst-dies-ist-der-1-haushaltsgegenstand-den-sie-zum-ende-des-sommers-waschen-muessen-um-stickige-juckende-nasen-zu-verhindern\\\/\"]}]},{\"@type\":\"ImageObject\",\"inLanguage\":\"de\",\"@id\":\"https:\\\/\\\/www.strassenweb.de\\\/nachrichten\\\/tragen-sie-keine-sommerallergene-in-den-herbst-dies-ist-der-1-haushaltsgegenstand-den-sie-zum-ende-des-sommers-waschen-muessen-um-stickige-juckende-nasen-zu-verhindern\\\/#primaryimage\",\"url\":\"https:\\\/\\\/www.strassenweb.de\\\/nachrichten\\\/wp-content\\\/uploads\\\/2025\\\/09\\\/Tragen-Sie-keine-Sommerallergene-in-den-Herbst-dies-ist.jpg\",\"contentUrl\":\"https:\\\/\\\/www.strassenweb.de\\\/nachrichten\\\/wp-content\\\/uploads\\\/2025\\\/09\\\/Tragen-Sie-keine-Sommerallergene-in-den-Herbst-dies-ist.jpg\",\"width\":1600,\"height\":900,\"caption\":\"An autumnal bedroom with brown bedding, a patterned headboard, and a white chair beneath a lamp in the corner beside a window.\"},{\"@type\":\"BreadcrumbList\",\"@id\":\"https:\\\/\\\/www.strassenweb.de\\\/nachrichten\\\/tragen-sie-keine-sommerallergene-in-den-herbst-dies-ist-der-1-haushaltsgegenstand-den-sie-zum-ende-des-sommers-waschen-muessen-um-stickige-juckende-nasen-zu-verhindern\\\/#breadcrumb\",\"itemListElement\":[{\"@type\":\"ListItem\",\"position\":1,\"name\":\"Home\",\"item\":\"https:\\\/\\\/www.strassenweb.de\\\/nachrichten\\\/\"},{\"@type\":\"ListItem\",\"position\":2,\"name\":\"Tragen Sie keine Sommerallergene in den Herbst &#8211; dies ist der 1 -Haushaltsgegenstand, den Sie zum Ende des Sommers waschen m\u00fcssen, um stickige, juckende Nasen zu verhindern\"}]},{\"@type\":\"WebSite\",\"@id\":\"https:\\\/\\\/www.strassenweb.de\\\/nachrichten\\\/#website\",\"url\":\"https:\\\/\\\/www.strassenweb.de\\\/nachrichten\\\/\",\"name\":\"Stra\u00dfenweb\",\"description\":\"Stra\u00dfenverzeichnis f\u00fcr Deutschland\",\"publisher\":{\"@id\":\"https:\\\/\\\/www.strassenweb.de\\\/nachrichten\\\/#organization\"},\"potentialAction\":[{\"@type\":\"SearchAction\",\"target\":{\"@type\":\"EntryPoint\",\"urlTemplate\":\"https:\\\/\\\/www.strassenweb.de\\\/nachrichten\\\/?s={search_term_string}\"},\"query-input\":{\"@type\":\"PropertyValueSpecification\",\"valueRequired\":true,\"valueName\":\"search_term_string\"}}],\"inLanguage\":\"de\"},{\"@type\":\"Organization\",\"@id\":\"https:\\\/\\\/www.strassenweb.de\\\/nachrichten\\\/#organization\",\"name\":\"Stra\u00dfenweb\",\"url\":\"https:\\\/\\\/www.strassenweb.de\\\/nachrichten\\\/\",\"logo\":{\"@type\":\"ImageObject\",\"inLanguage\":\"de\",\"@id\":\"https:\\\/\\\/www.strassenweb.de\\\/nachrichten\\\/#\\\/schema\\\/logo\\\/image\\\/\",\"url\":\"https:\\\/\\\/www.strassenweb.de\\\/nachrichten\\\/wp-content\\\/uploads\\\/2024\\\/09\\\/cropped-favicon.png\",\"contentUrl\":\"https:\\\/\\\/www.strassenweb.de\\\/nachrichten\\\/wp-content\\\/uploads\\\/2024\\\/09\\\/cropped-favicon.png\",\"width\":512,\"height\":512,\"caption\":\"Stra\u00dfenweb\"},\"image\":{\"@id\":\"https:\\\/\\\/www.strassenweb.de\\\/nachrichten\\\/#\\\/schema\\\/logo\\\/image\\\/\"},\"sameAs\":[\"https:\\\/\\\/www.facebook.com\\\/strassenweb\\\/\"]},{\"@type\":\"Person\",\"@id\":\"https:\\\/\\\/www.strassenweb.de\\\/nachrichten\\\/#\\\/schema\\\/person\\\/87c9c9067f1211da429a744dc5a5aa41\",\"name\":\"Robert Hoffmann\",\"image\":{\"@type\":\"ImageObject\",\"inLanguage\":\"de\",\"@id\":\"https:\\\/\\\/www.strassenweb.de\\\/nachrichten\\\/wp-content\\\/uploads\\\/2024\\\/09\\\/strassenweb-150x150.jpg\",\"url\":\"https:\\\/\\\/www.strassenweb.de\\\/nachrichten\\\/wp-content\\\/uploads\\\/2024\\\/09\\\/strassenweb-150x150.jpg\",\"contentUrl\":\"https:\\\/\\\/www.strassenweb.de\\\/nachrichten\\\/wp-content\\\/uploads\\\/2024\\\/09\\\/strassenweb-150x150.jpg\",\"caption\":\"Robert Hoffmann\"},\"description\":\"Ich hei\u00dfe Robert Hoffmann und ich bin ein leidenschaftlicher Verfechter von \u00d6kologie und Biodiversit\u00e4t. Seit meiner Kindheit in den W\u00e4ldern Bayerns f\u00fchle ich mich mit der Natur verbunden und bin entschlossen, sie zu sch\u00fctzen. Heute widme ich mein Leben der Sensibilisierung anderer f\u00fcr die Bedeutung des Umweltschutzes f\u00fcr zuk\u00fcnftige Generationen.\",\"sameAs\":[\"https:\\\/\\\/www.strassenweb.de\\\/\"]}]}<\/script>\n<!-- \/ Yoast SEO plugin. -->","yoast_head_json":{"title":"Tragen Sie keine Sommerallergene in den Herbst - dies ist der 1 -Haushaltsgegenstand, den Sie zum Ende des Sommers waschen m\u00fcssen, um stickige, juckende Nasen zu verhindern - Nachrichten - Stra\u00dfenweb","robots":{"index":"index","follow":"follow","max-snippet":"max-snippet:-1","max-image-preview":"max-image-preview:large","max-video-preview":"max-video-preview:-1"},"canonical":"https:\/\/www.strassenweb.de\/nachrichten\/tragen-sie-keine-sommerallergene-in-den-herbst-dies-ist-der-1-haushaltsgegenstand-den-sie-zum-ende-des-sommers-waschen-muessen-um-stickige-juckende-nasen-zu-verhindern\/","og_locale":"de_DE","og_type":"article","og_title":"Tragen Sie keine Sommerallergene in den Herbst - dies ist der 1 -Haushaltsgegenstand, den Sie zum Ende des Sommers waschen m\u00fcssen, um stickige, juckende Nasen zu verhindern - Nachrichten - Stra\u00dfenweb","og_description":"In dem Sommer konzentrieren sich viele von uns darauf, Kleiderschr\u00e4nke auszutauschen oder f\u00fcr die neue Saison zu dekorieren, aber ein verborgener Schuldige saisonaler Unbehagen wird","og_url":"https:\/\/www.strassenweb.de\/nachrichten\/tragen-sie-keine-sommerallergene-in-den-herbst-dies-ist-der-1-haushaltsgegenstand-den-sie-zum-ende-des-sommers-waschen-muessen-um-stickige-juckende-nasen-zu-verhindern\/","og_site_name":"Stra\u00dfenweb","article_publisher":"https:\/\/www.facebook.com\/strassenweb\/","article_published_time":"2025-09-21T11:40:41+00:00","article_modified_time":"2025-09-21T11:40:42+00:00","og_image":[{"width":1600,"height":900,"url":"https:\/\/www.strassenweb.de\/nachrichten\/wp-content\/uploads\/2025\/09\/Tragen-Sie-keine-Sommerallergene-in-den-Herbst-dies-ist.jpg","type":"image\/jpeg"}],"author":"Robert Hoffmann","twitter_card":"summary_large_image","twitter_misc":{"Verfasst von":"Robert Hoffmann","Gesch\u00e4tzte Lesezeit":"3\u00a0Minuten"},"schema":{"@context":"https:\/\/schema.org","@graph":[{"@type":"Article","@id":"https:\/\/www.strassenweb.de\/nachrichten\/tragen-sie-keine-sommerallergene-in-den-herbst-dies-ist-der-1-haushaltsgegenstand-den-sie-zum-ende-des-sommers-waschen-muessen-um-stickige-juckende-nasen-zu-verhindern\/#article","isPartOf":{"@id":"https:\/\/www.strassenweb.de\/nachrichten\/tragen-sie-keine-sommerallergene-in-den-herbst-dies-ist-der-1-haushaltsgegenstand-den-sie-zum-ende-des-sommers-waschen-muessen-um-stickige-juckende-nasen-zu-verhindern\/"},"author":{"name":"Robert Hoffmann","@id":"https:\/\/www.strassenweb.de\/nachrichten\/#\/schema\/person\/87c9c9067f1211da429a744dc5a5aa41"},"headline":"Tragen Sie keine Sommerallergene in den Herbst &#8211; dies ist der 1 -Haushaltsgegenstand, den Sie zum Ende des Sommers waschen m\u00fcssen, um stickige, juckende Nasen zu verhindern","datePublished":"2025-09-21T11:40:41+00:00","dateModified":"2025-09-21T11:40:42+00:00","mainEntityOfPage":{"@id":"https:\/\/www.strassenweb.de\/nachrichten\/tragen-sie-keine-sommerallergene-in-den-herbst-dies-ist-der-1-haushaltsgegenstand-den-sie-zum-ende-des-sommers-waschen-muessen-um-stickige-juckende-nasen-zu-verhindern\/"},"wordCount":649,"publisher":{"@id":"https:\/\/www.strassenweb.de\/nachrichten\/#organization"},"image":{"@id":"https:\/\/www.strassenweb.de\/nachrichten\/tragen-sie-keine-sommerallergene-in-den-herbst-dies-ist-der-1-haushaltsgegenstand-den-sie-zum-ende-des-sommers-waschen-muessen-um-stickige-juckende-nasen-zu-verhindern\/#primaryimage"},"thumbnailUrl":"https:\/\/www.strassenweb.de\/nachrichten\/wp-content\/uploads\/2025\/09\/Tragen-Sie-keine-Sommerallergene-in-den-Herbst-dies-ist.jpg","keywords":["den","der","des","dies","Ende","Haushaltsgegenstand","Herbst","ist","Juckende","keine","m\u00fcssen","Nasen","Sie","Sommerallergene","Sommers","stickige","Tragen","verhindern","waschen","zum"],"articleSection":["Haus &amp; Garten"],"inLanguage":"de"},{"@type":"WebPage","@id":"https:\/\/www.strassenweb.de\/nachrichten\/tragen-sie-keine-sommerallergene-in-den-herbst-dies-ist-der-1-haushaltsgegenstand-den-sie-zum-ende-des-sommers-waschen-muessen-um-stickige-juckende-nasen-zu-verhindern\/","url":"https:\/\/www.strassenweb.de\/nachrichten\/tragen-sie-keine-sommerallergene-in-den-herbst-dies-ist-der-1-haushaltsgegenstand-den-sie-zum-ende-des-sommers-waschen-muessen-um-stickige-juckende-nasen-zu-verhindern\/","name":"Tragen Sie keine Sommerallergene in den Herbst - dies ist der 1 -Haushaltsgegenstand, den Sie zum Ende des Sommers waschen m\u00fcssen, um stickige, juckende Nasen zu verhindern - Nachrichten - Stra\u00dfenweb","isPartOf":{"@id":"https:\/\/www.strassenweb.de\/nachrichten\/#website"},"primaryImageOfPage":{"@id":"https:\/\/www.strassenweb.de\/nachrichten\/tragen-sie-keine-sommerallergene-in-den-herbst-dies-ist-der-1-haushaltsgegenstand-den-sie-zum-ende-des-sommers-waschen-muessen-um-stickige-juckende-nasen-zu-verhindern\/#primaryimage"},"image":{"@id":"https:\/\/www.strassenweb.de\/nachrichten\/tragen-sie-keine-sommerallergene-in-den-herbst-dies-ist-der-1-haushaltsgegenstand-den-sie-zum-ende-des-sommers-waschen-muessen-um-stickige-juckende-nasen-zu-verhindern\/#primaryimage"},"thumbnailUrl":"https:\/\/www.strassenweb.de\/nachrichten\/wp-content\/uploads\/2025\/09\/Tragen-Sie-keine-Sommerallergene-in-den-Herbst-dies-ist.jpg","datePublished":"2025-09-21T11:40:41+00:00","dateModified":"2025-09-21T11:40:42+00:00","breadcrumb":{"@id":"https:\/\/www.strassenweb.de\/nachrichten\/tragen-sie-keine-sommerallergene-in-den-herbst-dies-ist-der-1-haushaltsgegenstand-den-sie-zum-ende-des-sommers-waschen-muessen-um-stickige-juckende-nasen-zu-verhindern\/#breadcrumb"},"inLanguage":"de","potentialAction":[{"@type":"ReadAction","target":["https:\/\/www.strassenweb.de\/nachrichten\/tragen-sie-keine-sommerallergene-in-den-herbst-dies-ist-der-1-haushaltsgegenstand-den-sie-zum-ende-des-sommers-waschen-muessen-um-stickige-juckende-nasen-zu-verhindern\/"]}]},{"@type":"ImageObject","inLanguage":"de","@id":"https:\/\/www.strassenweb.de\/nachrichten\/tragen-sie-keine-sommerallergene-in-den-herbst-dies-ist-der-1-haushaltsgegenstand-den-sie-zum-ende-des-sommers-waschen-muessen-um-stickige-juckende-nasen-zu-verhindern\/#primaryimage","url":"https:\/\/www.strassenweb.de\/nachrichten\/wp-content\/uploads\/2025\/09\/Tragen-Sie-keine-Sommerallergene-in-den-Herbst-dies-ist.jpg","contentUrl":"https:\/\/www.strassenweb.de\/nachrichten\/wp-content\/uploads\/2025\/09\/Tragen-Sie-keine-Sommerallergene-in-den-Herbst-dies-ist.jpg","width":1600,"height":900,"caption":"An autumnal bedroom with brown bedding, a patterned headboard, and a white chair beneath a lamp in the corner beside a window."},{"@type":"BreadcrumbList","@id":"https:\/\/www.strassenweb.de\/nachrichten\/tragen-sie-keine-sommerallergene-in-den-herbst-dies-ist-der-1-haushaltsgegenstand-den-sie-zum-ende-des-sommers-waschen-muessen-um-stickige-juckende-nasen-zu-verhindern\/#breadcrumb","itemListElement":[{"@type":"ListItem","position":1,"name":"Home","item":"https:\/\/www.strassenweb.de\/nachrichten\/"},{"@type":"ListItem","position":2,"name":"Tragen Sie keine Sommerallergene in den Herbst &#8211; dies ist der 1 -Haushaltsgegenstand, den Sie zum Ende des Sommers waschen m\u00fcssen, um stickige, juckende Nasen zu verhindern"}]},{"@type":"WebSite","@id":"https:\/\/www.strassenweb.de\/nachrichten\/#website","url":"https:\/\/www.strassenweb.de\/nachrichten\/","name":"Stra\u00dfenweb","description":"Stra\u00dfenverzeichnis f\u00fcr Deutschland","publisher":{"@id":"https:\/\/www.strassenweb.de\/nachrichten\/#organization"},"potentialAction":[{"@type":"SearchAction","target":{"@type":"EntryPoint","urlTemplate":"https:\/\/www.strassenweb.de\/nachrichten\/?s={search_term_string}"},"query-input":{"@type":"PropertyValueSpecification","valueRequired":true,"valueName":"search_term_string"}}],"inLanguage":"de"},{"@type":"Organization","@id":"https:\/\/www.strassenweb.de\/nachrichten\/#organization","name":"Stra\u00dfenweb","url":"https:\/\/www.strassenweb.de\/nachrichten\/","logo":{"@type":"ImageObject","inLanguage":"de","@id":"https:\/\/www.strassenweb.de\/nachrichten\/#\/schema\/logo\/image\/","url":"https:\/\/www.strassenweb.de\/nachrichten\/wp-content\/uploads\/2024\/09\/cropped-favicon.png","contentUrl":"https:\/\/www.strassenweb.de\/nachrichten\/wp-content\/uploads\/2024\/09\/cropped-favicon.png","width":512,"height":512,"caption":"Stra\u00dfenweb"},"image":{"@id":"https:\/\/www.strassenweb.de\/nachrichten\/#\/schema\/logo\/image\/"},"sameAs":["https:\/\/www.facebook.com\/strassenweb\/"]},{"@type":"Person","@id":"https:\/\/www.strassenweb.de\/nachrichten\/#\/schema\/person\/87c9c9067f1211da429a744dc5a5aa41","name":"Robert Hoffmann","image":{"@type":"ImageObject","inLanguage":"de","@id":"https:\/\/www.strassenweb.de\/nachrichten\/wp-content\/uploads\/2024\/09\/strassenweb-150x150.jpg","url":"https:\/\/www.strassenweb.de\/nachrichten\/wp-content\/uploads\/2024\/09\/strassenweb-150x150.jpg","contentUrl":"https:\/\/www.strassenweb.de\/nachrichten\/wp-content\/uploads\/2024\/09\/strassenweb-150x150.jpg","caption":"Robert Hoffmann"},"description":"Ich hei\u00dfe Robert Hoffmann und ich bin ein leidenschaftlicher Verfechter von \u00d6kologie und Biodiversit\u00e4t. Seit meiner Kindheit in den W\u00e4ldern Bayerns f\u00fchle ich mich mit der Natur verbunden und bin entschlossen, sie zu sch\u00fctzen. Heute widme ich mein Leben der Sensibilisierung anderer f\u00fcr die Bedeutung des Umweltschutzes f\u00fcr zuk\u00fcnftige Generationen.","sameAs":["https:\/\/www.strassenweb.de\/"]}]}},"_links":{"self":[{"href":"https:\/\/www.strassenweb.de\/nachrichten\/wp-json\/wp\/v2\/posts\/7879","targetHints":{"allow":["GET"]}}],"collection":[{"href":"https:\/\/www.strassenweb.de\/nachrichten\/wp-json\/wp\/v2\/posts"}],"about":[{"href":"https:\/\/www.strassenweb.de\/nachrichten\/wp-json\/wp\/v2\/types\/post"}],"author":[{"embeddable":true,"href":"https:\/\/www.strassenweb.de\/nachrichten\/wp-json\/wp\/v2\/users\/1"}],"replies":[{"embeddable":true,"href":"https:\/\/www.strassenweb.de\/nachrichten\/wp-json\/wp\/v2\/comments?post=7879"}],"version-history":[{"count":0,"href":"https:\/\/www.strassenweb.de\/nachrichten\/wp-json\/wp\/v2\/posts\/7879\/revisions"}],"wp:featuredmedia":[{"embeddable":true,"href":"https:\/\/www.strassenweb.de\/nachrichten\/wp-json\/wp\/v2\/media\/7880"}],"wp:attachment":[{"href":"https:\/\/www.strassenweb.de\/nachrichten\/wp-json\/wp\/v2\/media?parent=7879"}],"wp:term":[{"taxonomy":"category","embeddable":true,"href":"https:\/\/www.strassenweb.de\/nachrichten\/wp-json\/wp\/v2\/categories?post=7879"},{"taxonomy":"post_tag","embeddable":true,"href":"https:\/\/www.strassenweb.de\/nachrichten\/wp-json\/wp\/v2\/tags?post=7879"}],"curies":[{"name":"wp","href":"https:\/\/api.w.org\/{rel}","templated":true}]}}