{"id":7876,"date":"2025-09-21T10:41:47","date_gmt":"2025-09-21T08:41:47","guid":{"rendered":"https:\/\/www.strassenweb.de\/nachrichten\/kelly-ripa-und-mark-consuelos-veranda-swing-bringen-einen-trend-aus-dem-19-jahrhundert-in-die-gegenwart-und-beweist-warum-es-in-jeder-jahreszeit-ein-grundnahrungsmittel-im-freien-ist\/"},"modified":"2025-09-21T10:41:48","modified_gmt":"2025-09-21T08:41:48","slug":"kelly-ripa-und-mark-consuelos-veranda-swing-bringen-einen-trend-aus-dem-19-jahrhundert-in-die-gegenwart-und-beweist-warum-es-in-jeder-jahreszeit-ein-grundnahrungsmittel-im-freien-ist","status":"publish","type":"post","link":"https:\/\/www.strassenweb.de\/nachrichten\/kelly-ripa-und-mark-consuelos-veranda-swing-bringen-einen-trend-aus-dem-19-jahrhundert-in-die-gegenwart-und-beweist-warum-es-in-jeder-jahreszeit-ein-grundnahrungsmittel-im-freien-ist\/","title":{"rendered":"Kelly Ripa und Mark Consuelos &#8218;Veranda Swing bringen einen Trend aus dem 19. Jahrhundert in die Gegenwart-und beweist, warum es in jeder Jahreszeit ein Grundnahrungsmittel im Freien ist"},"content":{"rendered":"<p><\/p>\n<div id=\"article-body\" class=\"article__body \">\n<p id=\"496462da-9438-40d3-97de-f63e95a54d4f\">Nichts strahlt Nostalgie ganz wie eine Veranda -Schwung aus. Obwohl sie in ihrem Design einfach sind, sind sie in den Emotionen, die sie provozieren, m\u00e4chtig, nicht zuletzt, weil sie so mit traditionellen Familienh\u00e4usern und damit mit Erinnerungen in der Kindheit verbunden sind. In meinem Fall denke ich, wenn ich mir eine Veranda -Schaukel ansehe, an alle Prominenten, die dieses Feature lieben, wobei Kelly Ripa und Mark Consuelos sind.<\/p>\n<div id=\"ad-unit-1\" class=\"ad-unit\"><\/div>\n<p>Obwohl das Paar ber\u00fchmt auf der Upper East Side wohnt, haben sie ein Winterhaus in Telluride, Colorado &#8211; die perfekte Kulisse f\u00fcr ihre traditionelle Veranda -Schaukel. Rot gestrichen, um die Holzt\u00f6ne ihres Hauses zu erg\u00e4nzen, hat es ein w\u00e4rmendes, nostalgisches Gef\u00fchl, das im Dezember genauso gut aussieht wie im Hochsommer.<\/p>\n<aside data-block-type=\"embed\" data-render-type=\"fte\" data-skip=\"dealsy\" data-widget-type=\"seasonal\" class=\"hawk-base\"><\/aside>\n<p id=\"496462da-9438-40d3-97de-f63e95a54d4f-2\">Einfach ausgedr\u00fcckt, ihr Arrangement betont die Kraft eines Seilschwung, ein wesentlicher Bestandteil einer H\u00fcttenveranda, egal ob Sie im Land leben oder nicht.<\/p>\n<div class=\"van_vid_carousel\">\n<div class=\"van_vid_carousel__padding\">\n<div class=\"van_vid_carousel__container\"><\/div>\n<\/div>\n<\/div>\n<div class=\"instagram-embed\" id=\"B66OrAXF83H\">\n<blockquote class=\"instagram-media\" data-instgrm-captioned data-instgrm-version=\"6\" style=\"width:99.375%; width:-webkit-calc(100% - 2px); width:calc(100% - 2px);\">\n<p>Ein Beitrag, der von Mark Consuelos (@instasuelos) geteilt wird<\/p>\n<p>Ein Foto von on <\/p>\n<\/blockquote>\n<\/div>\n<h2 id=\"shop-the-look-3\">Kaufen Sie den Look ein<\/h2>\n<div class=\"product-container hero-product-container product-block-no-wrap\">\n<div class=\"product-block-row\"><\/div>\n<div class=\"product-block-row\"><\/div>\n<div class=\"product-block-row\"><\/div>\n<\/div>\n<p id=\"600618dd-839d-4fb5-8d02-deb25d0a4232\">Peter Mortin, Gartenexperte bei <u>Krangartengeb\u00e4ude<\/u>stimmt zu. &#8222;Ein Veranda -Schwung hat etwas Zeitloses &#8211; es ist ein eindrucksvoller Schwerpunkt, der das Lebenstempo sofort verlangsamt&#8220;, sagt er.<\/p>\n<div id=\"ad-unit-2\" class=\"ad-unit\"><\/div>\n<p>Da der Sommer vergangen ist, scheint es eine seltsame Zeit zu sein, in neue Outdoor-M\u00f6bel zu investieren, aber als Kelly und Mark uns (in ihrer Postkarte im Winterszene) erinnern, ist die Attraktivit\u00e4t eines Seilschwingens nicht auf eine Saison beschr\u00e4nkt. Au\u00dferdem sieht der richtige Schaukel im Sommer 2026 genauso sch\u00f6n aus wie im Herbst, sodass Sie ohne Sorge investieren k\u00f6nnen.<\/p>\n<p>&#8218;Von milmhaften Sommerabenden mit einem k\u00fchlen Getr\u00e4nk bis hin zu knusprigen Fallmorgen, die in eine Decke eingewickelt sind, bietet eine Schaukel ein Gef\u00fchl von Rhythmus und R\u00fcckzugsort, das sich sowohl nostalgisch als auch erdenkend anf\u00fchlt. Sein Charme liegt in der Art und Weise, wie er drinnen und drau\u00dfen \u00fcberbr\u00fcckt, und gibt Ihnen einen sanften Aussichtspunkt, um in jeder Saison Ihr Haus und Ihr Garten zu genie\u00dfen \u201c, f\u00fcgt Peter hinzu.<\/p>\n<p>&#8222;Diese Mischung aus Komfort, Bewegung und Tradition ist, warum Veranda -Schwankungen niemals ihren Reiz verlieren.&#8220;<\/p>\n<div id=\"slice-container-newsletterForm-articleInbodyContent-963ni9vBqmocXm9EGBJeiS\" class=\"slice-container newsletter-inbodyContent-slice newsletterForm-articleInbodyContent-963ni9vBqmocXm9EGBJeiS slice-container-newsletterForm\"><\/div>\n<p>Um dem Beispiel von Mark und Kelly weiter zu folgen, behalten Sie den Rest Ihrer Veranda minimalistisch und stellen Sie sicher, dass es viel eingel\u00f6ster Raum gibt, um Ihren Schwung zu genie\u00dfen, ohne etwas zu brechen. Wenn ein St\u00fcck dieser urige und nostalgische St\u00fcck ist, werden Sie schlie\u00dflich keine anderen Acseessories ablenken.<\/p>\n<div class=\"min-h-(270px) mb-4 viafoura-twig-component\" id=\"viafoura-engagement-starter-wrapper\" data-component-name=\"Elk:Embed:EngagementStarter\">\n<div class=\"viafoura\">\n<div>\n<vf-conversation-starter target=\"viafoura-comments\" title=\"Do you have a rope swing on your porch?\" minimum-comment-count=\"1\"><br \/>\n<\/vf-conversation-starter>\n<\/div>\n<\/div>\n<\/div>\n<hr id=\"5dcd7360-976c-470d-b667-c22035c54cc8\">\n<\/div>\n<p><script async src=\"\/\/www.instagram.com\/embed.js\"><\/script><\/p>\n","protected":false},"excerpt":{"rendered":"<p>Nichts strahlt Nostalgie ganz wie eine Veranda -Schwung aus. Obwohl sie in ihrem Design einfach sind, sind sie in den Emotionen, die sie provozieren, m\u00e4chtig,<\/p>\n","protected":false},"author":1,"featured_media":7877,"comment_status":"closed","ping_status":"","sticky":false,"template":"","format":"standard","meta":{"footnotes":""},"categories":[118],"tags":[287,2037,625,3849,91,9,43,166,3259,10271,2256,15,772,4927,2162,1266,3848,3847,8952,504,37,1844,744],"class_list":["post-7876","post","type-post","status-publish","format-standard","has-post-thumbnail","hentry","category-haus-garten","tag-aus","tag-beweist","tag-bringen","tag-consuelos","tag-dem","tag-die","tag-ein","tag-einen","tag-freien","tag-gegenwartund","tag-grundnahrungsmittel","tag-ist","tag-jahreszeit","tag-jahrhundert","tag-jeder","tag-kelly","tag-mark","tag-ripa","tag-swing","tag-trend","tag-und","tag-veranda","tag-warum","generate-columns","tablet-grid-50","mobile-grid-100","grid-parent","grid-50"],"yoast_head":"<!-- This site is optimized with the Yoast SEO plugin v27.3 - https:\/\/yoast.com\/product\/yoast-seo-wordpress\/ -->\n<title>Kelly Ripa und Mark Consuelos &#039;Veranda Swing bringen einen Trend aus dem 19. Jahrhundert in die Gegenwart-und beweist, warum es in jeder Jahreszeit ein Grundnahrungsmittel im Freien ist - Nachrichten - Stra\u00dfenweb<\/title>\n<meta name=\"robots\" content=\"index, follow, max-snippet:-1, max-image-preview:large, max-video-preview:-1\" \/>\n<link rel=\"canonical\" href=\"https:\/\/www.strassenweb.de\/nachrichten\/kelly-ripa-und-mark-consuelos-veranda-swing-bringen-einen-trend-aus-dem-19-jahrhundert-in-die-gegenwart-und-beweist-warum-es-in-jeder-jahreszeit-ein-grundnahrungsmittel-im-freien-ist\/\" \/>\n<meta property=\"og:locale\" content=\"de_DE\" \/>\n<meta property=\"og:type\" content=\"article\" \/>\n<meta property=\"og:title\" content=\"Kelly Ripa und Mark Consuelos &#039;Veranda Swing bringen einen Trend aus dem 19. Jahrhundert in die Gegenwart-und beweist, warum es in jeder Jahreszeit ein Grundnahrungsmittel im Freien ist - Nachrichten - Stra\u00dfenweb\" \/>\n<meta property=\"og:description\" content=\"Nichts strahlt Nostalgie ganz wie eine Veranda -Schwung aus. Obwohl sie in ihrem Design einfach sind, sind sie in den Emotionen, die sie provozieren, m\u00e4chtig,\" \/>\n<meta property=\"og:url\" content=\"https:\/\/www.strassenweb.de\/nachrichten\/kelly-ripa-und-mark-consuelos-veranda-swing-bringen-einen-trend-aus-dem-19-jahrhundert-in-die-gegenwart-und-beweist-warum-es-in-jeder-jahreszeit-ein-grundnahrungsmittel-im-freien-ist\/\" \/>\n<meta property=\"og:site_name\" content=\"Stra\u00dfenweb\" \/>\n<meta property=\"article:publisher\" content=\"https:\/\/www.facebook.com\/strassenweb\/\" \/>\n<meta property=\"article:published_time\" content=\"2025-09-21T08:41:47+00:00\" \/>\n<meta property=\"article:modified_time\" content=\"2025-09-21T08:41:48+00:00\" \/>\n<meta property=\"og:image\" content=\"https:\/\/www.strassenweb.de\/nachrichten\/wp-content\/uploads\/2025\/04\/shEHhWqw4Ht67DDWmXTNsM.jpg\" \/>\n\t<meta property=\"og:image:width\" content=\"1600\" \/>\n\t<meta property=\"og:image:height\" content=\"900\" \/>\n\t<meta property=\"og:image:type\" content=\"image\/jpeg\" \/>\n<meta name=\"author\" content=\"Robert Hoffmann\" \/>\n<meta name=\"twitter:card\" content=\"summary_large_image\" \/>\n<meta name=\"twitter:label1\" content=\"Verfasst von\" \/>\n\t<meta name=\"twitter:data1\" content=\"Robert Hoffmann\" \/>\n\t<meta name=\"twitter:label2\" content=\"Gesch\u00e4tzte Lesezeit\" \/>\n\t<meta name=\"twitter:data2\" content=\"2\u00a0Minuten\" \/>\n<script type=\"application\/ld+json\" class=\"yoast-schema-graph\">{\"@context\":\"https:\\\/\\\/schema.org\",\"@graph\":[{\"@type\":\"Article\",\"@id\":\"https:\\\/\\\/www.strassenweb.de\\\/nachrichten\\\/kelly-ripa-und-mark-consuelos-veranda-swing-bringen-einen-trend-aus-dem-19-jahrhundert-in-die-gegenwart-und-beweist-warum-es-in-jeder-jahreszeit-ein-grundnahrungsmittel-im-freien-ist\\\/#article\",\"isPartOf\":{\"@id\":\"https:\\\/\\\/www.strassenweb.de\\\/nachrichten\\\/kelly-ripa-und-mark-consuelos-veranda-swing-bringen-einen-trend-aus-dem-19-jahrhundert-in-die-gegenwart-und-beweist-warum-es-in-jeder-jahreszeit-ein-grundnahrungsmittel-im-freien-ist\\\/\"},\"author\":{\"name\":\"Robert Hoffmann\",\"@id\":\"https:\\\/\\\/www.strassenweb.de\\\/nachrichten\\\/#\\\/schema\\\/person\\\/87c9c9067f1211da429a744dc5a5aa41\"},\"headline\":\"Kelly Ripa und Mark Consuelos &#8218;Veranda Swing bringen einen Trend aus dem 19. Jahrhundert in die Gegenwart-und beweist, warum es in jeder Jahreszeit ein Grundnahrungsmittel im Freien ist\",\"datePublished\":\"2025-09-21T08:41:47+00:00\",\"dateModified\":\"2025-09-21T08:41:48+00:00\",\"mainEntityOfPage\":{\"@id\":\"https:\\\/\\\/www.strassenweb.de\\\/nachrichten\\\/kelly-ripa-und-mark-consuelos-veranda-swing-bringen-einen-trend-aus-dem-19-jahrhundert-in-die-gegenwart-und-beweist-warum-es-in-jeder-jahreszeit-ein-grundnahrungsmittel-im-freien-ist\\\/\"},\"wordCount\":435,\"publisher\":{\"@id\":\"https:\\\/\\\/www.strassenweb.de\\\/nachrichten\\\/#organization\"},\"image\":{\"@id\":\"https:\\\/\\\/www.strassenweb.de\\\/nachrichten\\\/kelly-ripa-und-mark-consuelos-veranda-swing-bringen-einen-trend-aus-dem-19-jahrhundert-in-die-gegenwart-und-beweist-warum-es-in-jeder-jahreszeit-ein-grundnahrungsmittel-im-freien-ist\\\/#primaryimage\"},\"thumbnailUrl\":\"https:\\\/\\\/www.strassenweb.de\\\/nachrichten\\\/wp-content\\\/uploads\\\/2025\\\/04\\\/shEHhWqw4Ht67DDWmXTNsM.jpg\",\"keywords\":[\"aus\",\"beweist\",\"bringen\",\"Consuelos\",\"dem\",\"die\",\"ein\",\"einen\",\"Freien\",\"Gegenwartund\",\"Grundnahrungsmittel\",\"ist\",\"Jahreszeit\",\"Jahrhundert\",\"jeder\",\"Kelly\",\"Mark\",\"Ripa\",\"Swing\",\"Trend\",\"und\",\"Veranda\",\"warum\"],\"articleSection\":[\"Haus &amp; Garten\"],\"inLanguage\":\"de\"},{\"@type\":\"WebPage\",\"@id\":\"https:\\\/\\\/www.strassenweb.de\\\/nachrichten\\\/kelly-ripa-und-mark-consuelos-veranda-swing-bringen-einen-trend-aus-dem-19-jahrhundert-in-die-gegenwart-und-beweist-warum-es-in-jeder-jahreszeit-ein-grundnahrungsmittel-im-freien-ist\\\/\",\"url\":\"https:\\\/\\\/www.strassenweb.de\\\/nachrichten\\\/kelly-ripa-und-mark-consuelos-veranda-swing-bringen-einen-trend-aus-dem-19-jahrhundert-in-die-gegenwart-und-beweist-warum-es-in-jeder-jahreszeit-ein-grundnahrungsmittel-im-freien-ist\\\/\",\"name\":\"Kelly Ripa und Mark Consuelos 'Veranda Swing bringen einen Trend aus dem 19. Jahrhundert in die Gegenwart-und beweist, warum es in jeder Jahreszeit ein Grundnahrungsmittel im Freien ist - Nachrichten - Stra\u00dfenweb\",\"isPartOf\":{\"@id\":\"https:\\\/\\\/www.strassenweb.de\\\/nachrichten\\\/#website\"},\"primaryImageOfPage\":{\"@id\":\"https:\\\/\\\/www.strassenweb.de\\\/nachrichten\\\/kelly-ripa-und-mark-consuelos-veranda-swing-bringen-einen-trend-aus-dem-19-jahrhundert-in-die-gegenwart-und-beweist-warum-es-in-jeder-jahreszeit-ein-grundnahrungsmittel-im-freien-ist\\\/#primaryimage\"},\"image\":{\"@id\":\"https:\\\/\\\/www.strassenweb.de\\\/nachrichten\\\/kelly-ripa-und-mark-consuelos-veranda-swing-bringen-einen-trend-aus-dem-19-jahrhundert-in-die-gegenwart-und-beweist-warum-es-in-jeder-jahreszeit-ein-grundnahrungsmittel-im-freien-ist\\\/#primaryimage\"},\"thumbnailUrl\":\"https:\\\/\\\/www.strassenweb.de\\\/nachrichten\\\/wp-content\\\/uploads\\\/2025\\\/04\\\/shEHhWqw4Ht67DDWmXTNsM.jpg\",\"datePublished\":\"2025-09-21T08:41:47+00:00\",\"dateModified\":\"2025-09-21T08:41:48+00:00\",\"breadcrumb\":{\"@id\":\"https:\\\/\\\/www.strassenweb.de\\\/nachrichten\\\/kelly-ripa-und-mark-consuelos-veranda-swing-bringen-einen-trend-aus-dem-19-jahrhundert-in-die-gegenwart-und-beweist-warum-es-in-jeder-jahreszeit-ein-grundnahrungsmittel-im-freien-ist\\\/#breadcrumb\"},\"inLanguage\":\"de\",\"potentialAction\":[{\"@type\":\"ReadAction\",\"target\":[\"https:\\\/\\\/www.strassenweb.de\\\/nachrichten\\\/kelly-ripa-und-mark-consuelos-veranda-swing-bringen-einen-trend-aus-dem-19-jahrhundert-in-die-gegenwart-und-beweist-warum-es-in-jeder-jahreszeit-ein-grundnahrungsmittel-im-freien-ist\\\/\"]}]},{\"@type\":\"ImageObject\",\"inLanguage\":\"de\",\"@id\":\"https:\\\/\\\/www.strassenweb.de\\\/nachrichten\\\/kelly-ripa-und-mark-consuelos-veranda-swing-bringen-einen-trend-aus-dem-19-jahrhundert-in-die-gegenwart-und-beweist-warum-es-in-jeder-jahreszeit-ein-grundnahrungsmittel-im-freien-ist\\\/#primaryimage\",\"url\":\"https:\\\/\\\/www.strassenweb.de\\\/nachrichten\\\/wp-content\\\/uploads\\\/2025\\\/04\\\/shEHhWqw4Ht67DDWmXTNsM.jpg\",\"contentUrl\":\"https:\\\/\\\/www.strassenweb.de\\\/nachrichten\\\/wp-content\\\/uploads\\\/2025\\\/04\\\/shEHhWqw4Ht67DDWmXTNsM.jpg\",\"width\":1600,\"height\":900,\"caption\":\"Kelly Ripa\"},{\"@type\":\"BreadcrumbList\",\"@id\":\"https:\\\/\\\/www.strassenweb.de\\\/nachrichten\\\/kelly-ripa-und-mark-consuelos-veranda-swing-bringen-einen-trend-aus-dem-19-jahrhundert-in-die-gegenwart-und-beweist-warum-es-in-jeder-jahreszeit-ein-grundnahrungsmittel-im-freien-ist\\\/#breadcrumb\",\"itemListElement\":[{\"@type\":\"ListItem\",\"position\":1,\"name\":\"Home\",\"item\":\"https:\\\/\\\/www.strassenweb.de\\\/nachrichten\\\/\"},{\"@type\":\"ListItem\",\"position\":2,\"name\":\"Kelly Ripa und Mark Consuelos &#8218;Veranda Swing bringen einen Trend aus dem 19. Jahrhundert in die Gegenwart-und beweist, warum es in jeder Jahreszeit ein Grundnahrungsmittel im Freien ist\"}]},{\"@type\":\"WebSite\",\"@id\":\"https:\\\/\\\/www.strassenweb.de\\\/nachrichten\\\/#website\",\"url\":\"https:\\\/\\\/www.strassenweb.de\\\/nachrichten\\\/\",\"name\":\"Stra\u00dfenweb\",\"description\":\"Stra\u00dfenverzeichnis f\u00fcr Deutschland\",\"publisher\":{\"@id\":\"https:\\\/\\\/www.strassenweb.de\\\/nachrichten\\\/#organization\"},\"potentialAction\":[{\"@type\":\"SearchAction\",\"target\":{\"@type\":\"EntryPoint\",\"urlTemplate\":\"https:\\\/\\\/www.strassenweb.de\\\/nachrichten\\\/?s={search_term_string}\"},\"query-input\":{\"@type\":\"PropertyValueSpecification\",\"valueRequired\":true,\"valueName\":\"search_term_string\"}}],\"inLanguage\":\"de\"},{\"@type\":\"Organization\",\"@id\":\"https:\\\/\\\/www.strassenweb.de\\\/nachrichten\\\/#organization\",\"name\":\"Stra\u00dfenweb\",\"url\":\"https:\\\/\\\/www.strassenweb.de\\\/nachrichten\\\/\",\"logo\":{\"@type\":\"ImageObject\",\"inLanguage\":\"de\",\"@id\":\"https:\\\/\\\/www.strassenweb.de\\\/nachrichten\\\/#\\\/schema\\\/logo\\\/image\\\/\",\"url\":\"https:\\\/\\\/www.strassenweb.de\\\/nachrichten\\\/wp-content\\\/uploads\\\/2024\\\/09\\\/cropped-favicon.png\",\"contentUrl\":\"https:\\\/\\\/www.strassenweb.de\\\/nachrichten\\\/wp-content\\\/uploads\\\/2024\\\/09\\\/cropped-favicon.png\",\"width\":512,\"height\":512,\"caption\":\"Stra\u00dfenweb\"},\"image\":{\"@id\":\"https:\\\/\\\/www.strassenweb.de\\\/nachrichten\\\/#\\\/schema\\\/logo\\\/image\\\/\"},\"sameAs\":[\"https:\\\/\\\/www.facebook.com\\\/strassenweb\\\/\"]},{\"@type\":\"Person\",\"@id\":\"https:\\\/\\\/www.strassenweb.de\\\/nachrichten\\\/#\\\/schema\\\/person\\\/87c9c9067f1211da429a744dc5a5aa41\",\"name\":\"Robert Hoffmann\",\"image\":{\"@type\":\"ImageObject\",\"inLanguage\":\"de\",\"@id\":\"https:\\\/\\\/www.strassenweb.de\\\/nachrichten\\\/wp-content\\\/uploads\\\/2024\\\/09\\\/strassenweb-150x150.jpg\",\"url\":\"https:\\\/\\\/www.strassenweb.de\\\/nachrichten\\\/wp-content\\\/uploads\\\/2024\\\/09\\\/strassenweb-150x150.jpg\",\"contentUrl\":\"https:\\\/\\\/www.strassenweb.de\\\/nachrichten\\\/wp-content\\\/uploads\\\/2024\\\/09\\\/strassenweb-150x150.jpg\",\"caption\":\"Robert Hoffmann\"},\"description\":\"Ich hei\u00dfe Robert Hoffmann und ich bin ein leidenschaftlicher Verfechter von \u00d6kologie und Biodiversit\u00e4t. Seit meiner Kindheit in den W\u00e4ldern Bayerns f\u00fchle ich mich mit der Natur verbunden und bin entschlossen, sie zu sch\u00fctzen. Heute widme ich mein Leben der Sensibilisierung anderer f\u00fcr die Bedeutung des Umweltschutzes f\u00fcr zuk\u00fcnftige Generationen.\",\"sameAs\":[\"https:\\\/\\\/www.strassenweb.de\\\/\"]}]}<\/script>\n<!-- \/ Yoast SEO plugin. -->","yoast_head_json":{"title":"Kelly Ripa und Mark Consuelos 'Veranda Swing bringen einen Trend aus dem 19. Jahrhundert in die Gegenwart-und beweist, warum es in jeder Jahreszeit ein Grundnahrungsmittel im Freien ist - Nachrichten - Stra\u00dfenweb","robots":{"index":"index","follow":"follow","max-snippet":"max-snippet:-1","max-image-preview":"max-image-preview:large","max-video-preview":"max-video-preview:-1"},"canonical":"https:\/\/www.strassenweb.de\/nachrichten\/kelly-ripa-und-mark-consuelos-veranda-swing-bringen-einen-trend-aus-dem-19-jahrhundert-in-die-gegenwart-und-beweist-warum-es-in-jeder-jahreszeit-ein-grundnahrungsmittel-im-freien-ist\/","og_locale":"de_DE","og_type":"article","og_title":"Kelly Ripa und Mark Consuelos 'Veranda Swing bringen einen Trend aus dem 19. Jahrhundert in die Gegenwart-und beweist, warum es in jeder Jahreszeit ein Grundnahrungsmittel im Freien ist - Nachrichten - Stra\u00dfenweb","og_description":"Nichts strahlt Nostalgie ganz wie eine Veranda -Schwung aus. Obwohl sie in ihrem Design einfach sind, sind sie in den Emotionen, die sie provozieren, m\u00e4chtig,","og_url":"https:\/\/www.strassenweb.de\/nachrichten\/kelly-ripa-und-mark-consuelos-veranda-swing-bringen-einen-trend-aus-dem-19-jahrhundert-in-die-gegenwart-und-beweist-warum-es-in-jeder-jahreszeit-ein-grundnahrungsmittel-im-freien-ist\/","og_site_name":"Stra\u00dfenweb","article_publisher":"https:\/\/www.facebook.com\/strassenweb\/","article_published_time":"2025-09-21T08:41:47+00:00","article_modified_time":"2025-09-21T08:41:48+00:00","og_image":[{"width":1600,"height":900,"url":"https:\/\/www.strassenweb.de\/nachrichten\/wp-content\/uploads\/2025\/04\/shEHhWqw4Ht67DDWmXTNsM.jpg","type":"image\/jpeg"}],"author":"Robert Hoffmann","twitter_card":"summary_large_image","twitter_misc":{"Verfasst von":"Robert Hoffmann","Gesch\u00e4tzte Lesezeit":"2\u00a0Minuten"},"schema":{"@context":"https:\/\/schema.org","@graph":[{"@type":"Article","@id":"https:\/\/www.strassenweb.de\/nachrichten\/kelly-ripa-und-mark-consuelos-veranda-swing-bringen-einen-trend-aus-dem-19-jahrhundert-in-die-gegenwart-und-beweist-warum-es-in-jeder-jahreszeit-ein-grundnahrungsmittel-im-freien-ist\/#article","isPartOf":{"@id":"https:\/\/www.strassenweb.de\/nachrichten\/kelly-ripa-und-mark-consuelos-veranda-swing-bringen-einen-trend-aus-dem-19-jahrhundert-in-die-gegenwart-und-beweist-warum-es-in-jeder-jahreszeit-ein-grundnahrungsmittel-im-freien-ist\/"},"author":{"name":"Robert Hoffmann","@id":"https:\/\/www.strassenweb.de\/nachrichten\/#\/schema\/person\/87c9c9067f1211da429a744dc5a5aa41"},"headline":"Kelly Ripa und Mark Consuelos &#8218;Veranda Swing bringen einen Trend aus dem 19. Jahrhundert in die Gegenwart-und beweist, warum es in jeder Jahreszeit ein Grundnahrungsmittel im Freien ist","datePublished":"2025-09-21T08:41:47+00:00","dateModified":"2025-09-21T08:41:48+00:00","mainEntityOfPage":{"@id":"https:\/\/www.strassenweb.de\/nachrichten\/kelly-ripa-und-mark-consuelos-veranda-swing-bringen-einen-trend-aus-dem-19-jahrhundert-in-die-gegenwart-und-beweist-warum-es-in-jeder-jahreszeit-ein-grundnahrungsmittel-im-freien-ist\/"},"wordCount":435,"publisher":{"@id":"https:\/\/www.strassenweb.de\/nachrichten\/#organization"},"image":{"@id":"https:\/\/www.strassenweb.de\/nachrichten\/kelly-ripa-und-mark-consuelos-veranda-swing-bringen-einen-trend-aus-dem-19-jahrhundert-in-die-gegenwart-und-beweist-warum-es-in-jeder-jahreszeit-ein-grundnahrungsmittel-im-freien-ist\/#primaryimage"},"thumbnailUrl":"https:\/\/www.strassenweb.de\/nachrichten\/wp-content\/uploads\/2025\/04\/shEHhWqw4Ht67DDWmXTNsM.jpg","keywords":["aus","beweist","bringen","Consuelos","dem","die","ein","einen","Freien","Gegenwartund","Grundnahrungsmittel","ist","Jahreszeit","Jahrhundert","jeder","Kelly","Mark","Ripa","Swing","Trend","und","Veranda","warum"],"articleSection":["Haus &amp; Garten"],"inLanguage":"de"},{"@type":"WebPage","@id":"https:\/\/www.strassenweb.de\/nachrichten\/kelly-ripa-und-mark-consuelos-veranda-swing-bringen-einen-trend-aus-dem-19-jahrhundert-in-die-gegenwart-und-beweist-warum-es-in-jeder-jahreszeit-ein-grundnahrungsmittel-im-freien-ist\/","url":"https:\/\/www.strassenweb.de\/nachrichten\/kelly-ripa-und-mark-consuelos-veranda-swing-bringen-einen-trend-aus-dem-19-jahrhundert-in-die-gegenwart-und-beweist-warum-es-in-jeder-jahreszeit-ein-grundnahrungsmittel-im-freien-ist\/","name":"Kelly Ripa und Mark Consuelos 'Veranda Swing bringen einen Trend aus dem 19. Jahrhundert in die Gegenwart-und beweist, warum es in jeder Jahreszeit ein Grundnahrungsmittel im Freien ist - Nachrichten - Stra\u00dfenweb","isPartOf":{"@id":"https:\/\/www.strassenweb.de\/nachrichten\/#website"},"primaryImageOfPage":{"@id":"https:\/\/www.strassenweb.de\/nachrichten\/kelly-ripa-und-mark-consuelos-veranda-swing-bringen-einen-trend-aus-dem-19-jahrhundert-in-die-gegenwart-und-beweist-warum-es-in-jeder-jahreszeit-ein-grundnahrungsmittel-im-freien-ist\/#primaryimage"},"image":{"@id":"https:\/\/www.strassenweb.de\/nachrichten\/kelly-ripa-und-mark-consuelos-veranda-swing-bringen-einen-trend-aus-dem-19-jahrhundert-in-die-gegenwart-und-beweist-warum-es-in-jeder-jahreszeit-ein-grundnahrungsmittel-im-freien-ist\/#primaryimage"},"thumbnailUrl":"https:\/\/www.strassenweb.de\/nachrichten\/wp-content\/uploads\/2025\/04\/shEHhWqw4Ht67DDWmXTNsM.jpg","datePublished":"2025-09-21T08:41:47+00:00","dateModified":"2025-09-21T08:41:48+00:00","breadcrumb":{"@id":"https:\/\/www.strassenweb.de\/nachrichten\/kelly-ripa-und-mark-consuelos-veranda-swing-bringen-einen-trend-aus-dem-19-jahrhundert-in-die-gegenwart-und-beweist-warum-es-in-jeder-jahreszeit-ein-grundnahrungsmittel-im-freien-ist\/#breadcrumb"},"inLanguage":"de","potentialAction":[{"@type":"ReadAction","target":["https:\/\/www.strassenweb.de\/nachrichten\/kelly-ripa-und-mark-consuelos-veranda-swing-bringen-einen-trend-aus-dem-19-jahrhundert-in-die-gegenwart-und-beweist-warum-es-in-jeder-jahreszeit-ein-grundnahrungsmittel-im-freien-ist\/"]}]},{"@type":"ImageObject","inLanguage":"de","@id":"https:\/\/www.strassenweb.de\/nachrichten\/kelly-ripa-und-mark-consuelos-veranda-swing-bringen-einen-trend-aus-dem-19-jahrhundert-in-die-gegenwart-und-beweist-warum-es-in-jeder-jahreszeit-ein-grundnahrungsmittel-im-freien-ist\/#primaryimage","url":"https:\/\/www.strassenweb.de\/nachrichten\/wp-content\/uploads\/2025\/04\/shEHhWqw4Ht67DDWmXTNsM.jpg","contentUrl":"https:\/\/www.strassenweb.de\/nachrichten\/wp-content\/uploads\/2025\/04\/shEHhWqw4Ht67DDWmXTNsM.jpg","width":1600,"height":900,"caption":"Kelly Ripa"},{"@type":"BreadcrumbList","@id":"https:\/\/www.strassenweb.de\/nachrichten\/kelly-ripa-und-mark-consuelos-veranda-swing-bringen-einen-trend-aus-dem-19-jahrhundert-in-die-gegenwart-und-beweist-warum-es-in-jeder-jahreszeit-ein-grundnahrungsmittel-im-freien-ist\/#breadcrumb","itemListElement":[{"@type":"ListItem","position":1,"name":"Home","item":"https:\/\/www.strassenweb.de\/nachrichten\/"},{"@type":"ListItem","position":2,"name":"Kelly Ripa und Mark Consuelos &#8218;Veranda Swing bringen einen Trend aus dem 19. Jahrhundert in die Gegenwart-und beweist, warum es in jeder Jahreszeit ein Grundnahrungsmittel im Freien ist"}]},{"@type":"WebSite","@id":"https:\/\/www.strassenweb.de\/nachrichten\/#website","url":"https:\/\/www.strassenweb.de\/nachrichten\/","name":"Stra\u00dfenweb","description":"Stra\u00dfenverzeichnis f\u00fcr Deutschland","publisher":{"@id":"https:\/\/www.strassenweb.de\/nachrichten\/#organization"},"potentialAction":[{"@type":"SearchAction","target":{"@type":"EntryPoint","urlTemplate":"https:\/\/www.strassenweb.de\/nachrichten\/?s={search_term_string}"},"query-input":{"@type":"PropertyValueSpecification","valueRequired":true,"valueName":"search_term_string"}}],"inLanguage":"de"},{"@type":"Organization","@id":"https:\/\/www.strassenweb.de\/nachrichten\/#organization","name":"Stra\u00dfenweb","url":"https:\/\/www.strassenweb.de\/nachrichten\/","logo":{"@type":"ImageObject","inLanguage":"de","@id":"https:\/\/www.strassenweb.de\/nachrichten\/#\/schema\/logo\/image\/","url":"https:\/\/www.strassenweb.de\/nachrichten\/wp-content\/uploads\/2024\/09\/cropped-favicon.png","contentUrl":"https:\/\/www.strassenweb.de\/nachrichten\/wp-content\/uploads\/2024\/09\/cropped-favicon.png","width":512,"height":512,"caption":"Stra\u00dfenweb"},"image":{"@id":"https:\/\/www.strassenweb.de\/nachrichten\/#\/schema\/logo\/image\/"},"sameAs":["https:\/\/www.facebook.com\/strassenweb\/"]},{"@type":"Person","@id":"https:\/\/www.strassenweb.de\/nachrichten\/#\/schema\/person\/87c9c9067f1211da429a744dc5a5aa41","name":"Robert Hoffmann","image":{"@type":"ImageObject","inLanguage":"de","@id":"https:\/\/www.strassenweb.de\/nachrichten\/wp-content\/uploads\/2024\/09\/strassenweb-150x150.jpg","url":"https:\/\/www.strassenweb.de\/nachrichten\/wp-content\/uploads\/2024\/09\/strassenweb-150x150.jpg","contentUrl":"https:\/\/www.strassenweb.de\/nachrichten\/wp-content\/uploads\/2024\/09\/strassenweb-150x150.jpg","caption":"Robert Hoffmann"},"description":"Ich hei\u00dfe Robert Hoffmann und ich bin ein leidenschaftlicher Verfechter von \u00d6kologie und Biodiversit\u00e4t. Seit meiner Kindheit in den W\u00e4ldern Bayerns f\u00fchle ich mich mit der Natur verbunden und bin entschlossen, sie zu sch\u00fctzen. Heute widme ich mein Leben der Sensibilisierung anderer f\u00fcr die Bedeutung des Umweltschutzes f\u00fcr zuk\u00fcnftige Generationen.","sameAs":["https:\/\/www.strassenweb.de\/"]}]}},"_links":{"self":[{"href":"https:\/\/www.strassenweb.de\/nachrichten\/wp-json\/wp\/v2\/posts\/7876","targetHints":{"allow":["GET"]}}],"collection":[{"href":"https:\/\/www.strassenweb.de\/nachrichten\/wp-json\/wp\/v2\/posts"}],"about":[{"href":"https:\/\/www.strassenweb.de\/nachrichten\/wp-json\/wp\/v2\/types\/post"}],"author":[{"embeddable":true,"href":"https:\/\/www.strassenweb.de\/nachrichten\/wp-json\/wp\/v2\/users\/1"}],"replies":[{"embeddable":true,"href":"https:\/\/www.strassenweb.de\/nachrichten\/wp-json\/wp\/v2\/comments?post=7876"}],"version-history":[{"count":0,"href":"https:\/\/www.strassenweb.de\/nachrichten\/wp-json\/wp\/v2\/posts\/7876\/revisions"}],"wp:featuredmedia":[{"embeddable":true,"href":"https:\/\/www.strassenweb.de\/nachrichten\/wp-json\/wp\/v2\/media\/7877"}],"wp:attachment":[{"href":"https:\/\/www.strassenweb.de\/nachrichten\/wp-json\/wp\/v2\/media?parent=7876"}],"wp:term":[{"taxonomy":"category","embeddable":true,"href":"https:\/\/www.strassenweb.de\/nachrichten\/wp-json\/wp\/v2\/categories?post=7876"},{"taxonomy":"post_tag","embeddable":true,"href":"https:\/\/www.strassenweb.de\/nachrichten\/wp-json\/wp\/v2\/tags?post=7876"}],"curies":[{"name":"wp","href":"https:\/\/api.w.org\/{rel}","templated":true}]}}