{"id":7873,"date":"2025-09-21T07:39:45","date_gmt":"2025-09-21T05:39:45","guid":{"rendered":"https:\/\/www.strassenweb.de\/nachrichten\/der-hygge-trend-den-ich-gerade-verlasse\/"},"modified":"2025-09-21T07:39:45","modified_gmt":"2025-09-21T05:39:45","slug":"der-hygge-trend-den-ich-gerade-verlasse","status":"publish","type":"post","link":"https:\/\/www.strassenweb.de\/nachrichten\/der-hygge-trend-den-ich-gerade-verlasse\/","title":{"rendered":"Der Hygge-Trend, den ich gerade verlasse"},"content":{"rendered":"<p><\/p>\n<div id=\"article-body\" class=\"article__body \">\n<p id=\"354a816b-c195-4313-826d-b5ca6758a172\">Als ich anfing, skandinavische Quilts auf meinem Pinterest -Feed zu bemerken, verliebte ich mich sofort.<\/p>\n<div id=\"ad-unit-1\" class=\"ad-unit\"><\/div>\n<p>Ihre Mischung aus gem\u00fctlichen Farben, nostalgischen Volksmustern und handgefertigten Charme, der sich perfekt zu der Herbstsaison anf\u00fchlt. Wenn die N\u00e4chte k\u00fchler werden, ist es mehr als nur praktisch, eine Quilt am Ende des Bettes zu schichten &#8211; es ist ein Hygge -Design -Statement, das den Kokonkomfort mit Vintage -Stil in Einklang bringt.<\/p>\n<aside data-block-type=\"embed\" data-render-type=\"fte\" data-skip=\"dealsy\" data-widget-type=\"seasonal\" class=\"hawk-base\"><\/aside>\n<p id=\"354a816b-c195-4313-826d-b5ca6758a172-2\">Ich habe nach M\u00f6glichkeiten gesucht, wie mein Schlafzimmer sich eng und saisonal anf\u00fchlt, ohne mich zu einer vollst\u00e4ndigen Neugestaltung zu verpflichten, und dieser Herbst-Trend-der neue Nordic-inspirierte Quilt-f\u00fchlt sich wie das perfekte Upgrade an. Und nat\u00fcrlich bin ich als Style -Editor besonders w\u00e4hlerisch, wenn ich ein neues Schlafzimmer f\u00fcr meinen skandi maximalistischen Stil funktioniert.<\/p>\n<div class=\"van_vid_carousel\">\n<div class=\"van_vid_carousel__padding\">\n<div class=\"van_vid_carousel__container\"><\/div>\n<\/div>\n<\/div>\n<p>In dieser Bearbeitung habe ich gerade meine Lieblings-Scandi-Quilts zusammengefasst, um zu minimalistischen Designs oder mutigeren Volksmustern angezogen.<\/p>\n<div id=\"ad-unit-2\" class=\"ad-unit\"><\/div>\n<figure class=\"van-image-figure inline-layout \" data-bordeaux-image-check id=\"5619b8d1-8d72-4c5d-ae5a-17dfc65d7c4d\">\n<div class=\"image-full-width-wrapper\">\n<div class=\"image-widthsetter\" style=\"max-width:2000px;\"><\/div>\n<\/div>\n<\/figure>\n<p id=\"fb12902a-8f8a-4ce1-be00-e5438109a610\">Skandinavische Quilts haben eine Geschichte, die tief in der nordischen Tradition liegt. Das Quilten in der Region war urspr\u00fcnglich in der Notwendigkeit verwurzelt, wobei diese gem\u00fctlichen Schichten in langen, kalten Wintern verwendet wurden.<\/p>\n<p>Im Laufe der Zeit entwickelten sich diese Quilts zu etwas Ausdrucksvollerem, wobei Handwerker subtile Volksmotive, geometrische Muster und nat\u00fcrliche Farbstoffe enthielten, die sowohl Erbe als auch Landschaft widerspiegeln. Im Gegensatz zu dem mutigeren, gesch\u00e4ftigeren Patchwork -Quilt, das Sie m\u00f6glicherweise an anderer Stelle sehen, neigen Scandi -Quilts oft etwas zur\u00fcckhaltender.<\/p>\n<p>Sie bieten W\u00e4rme ohne \u00dcberschuss und Muster, ohne Ihr aktuelles Schlafzimmerprogramm zu \u00fcberw\u00e4ltigen. Nat\u00fcrlich basiert ihr Designstil in der Tradition, aber ihre klaren Linien und ged\u00e4mpften Paletten machen sie vielseitig genug, um in modernen oder klassischen R\u00e4umen zu arbeiten.<\/p>\n<div id=\"slice-container-newsletterForm-articleInbodyContent-J68AqZc3EhNx55vRLHzt2X\" class=\"slice-container newsletter-inbodyContent-slice newsletterForm-articleInbodyContent-J68AqZc3EhNx55vRLHzt2X slice-container-newsletterForm\"><\/div>\n<p>Ein Quilt am Ende des Bettes oder beil\u00e4ufig \u00fcber einen Stuhl drapiert, bringt sofortige Gem\u00fctlichkeit und bleibt m\u00fchelos schick.<\/p>\n<figure class=\"van-image-figure inline-layout \" data-bordeaux-image-check id=\"e06ce1d3-132a-43cd-9728-c28e241b9099\">\n<div class=\"image-full-width-wrapper\">\n<div class=\"image-widthsetter\" style=\"max-width:2000px;\"><\/div>\n<\/div>\n<\/figure>\n<p id=\"cd53960d-629a-496e-8035-7bdecad30162\">Ihre taktilen N\u00e4hte, weiche Paletten und mit Volks inspirierte Muster erweichen sofort einen Raum und f\u00fcgen einige gem\u00fctliche, Cottagecore-Stimmung hinzu, die perfekt mit dem d\u00e4nischen Konzept von Hygge \u00fcbereinstimmen.<\/p>\n<p>F\u00fcr die Unbekannten geht es bei Hygge um W\u00e4rme, Authentizit\u00e4t, genie\u00dft die einfachen Dinge und schafft Momente des Komforts, W\u00e4rme und Verbindung. Egal, ob das am Abend Kerzen anleuchten, sich mit Freunden \u00fcber Kaffee versammelt oder weiche Texturen im Haus schichten, damit es sich einladender anf\u00fchlt. Hygge ist die Freude, sich zu verlangsamen.<\/p>\n<p>Ein skandinavischer Quilt wird \u00fcber das Ende eines Bettes oder \u00fcber einen Lesestuhl gefaltet und wird Teil der kleinen t\u00e4glichen Rituale, die sich einem Raum tr\u00f6stend und gelebt machen-eine perfekte Ber\u00fchrung f\u00fcr den Herbst. F\u00fcgen Sie dazu hinzu, dass Pinterest nach skandinavischen Quilts im Herbst versunken ist, und es ist klar, dass sie mit der Stimmung der Saison schwingen.<\/p>\n<h2 id=\"shop-scandinavian-quilts-3\">Shop Scandinavian Quilts<\/h2>\n<p id=\"22595c1d-5bdb-4bb8-9e0e-0b3b723d676a\">Ich habe einige der besten Scandi-Quilts zusammengefasst, um jetzt nach etwas handgefertigt, minimalistisch oder reich gemustert zu sein. Jeder hat diesen unverkennbaren nordischen Charme &#8211; einfach, gef\u00fchlvoll und m\u00fchelos gem\u00fctlich.<\/p>\n<div class=\"product-container hero-product-container product-block-no-wrap\">\n<div class=\"product-block-row\"><\/div>\n<div class=\"product-block-row\"><\/div>\n<div class=\"product-block-row\"><\/div>\n<div class=\"product-block-row\"><\/div>\n<div class=\"product-block-row\"><\/div>\n<div class=\"product-block-row\"><\/div>\n<\/div>\n<hr id=\"5868f23e-435c-496a-b859-88266dbc2ebb\">\n<p id=\"7968991d-1f36-4654-b575-8ddbf2c224a7\">In einer Jahreszeit, in der wir uns nat\u00fcrlich nach W\u00e4rme und Verbindung sehnen, f\u00fchlt sich eine neue Quilt wie die perfekte Erg\u00e4nzung zu einer Auffrischung nach Hause an. Manchmal ist es die kleinsten und gem\u00fctlichsten Details, die den gr\u00f6\u00dften Einfluss haben, wenn Sie jeden Raum f\u00fcr den Herbst dekorieren.<\/p>\n<\/div>\n","protected":false},"excerpt":{"rendered":"<p>Als ich anfing, skandinavische Quilts auf meinem Pinterest -Feed zu bemerken, verliebte ich mich sofort. Ihre Mischung aus gem\u00fctlichen Farben, nostalgischen Volksmustern und handgefertigten Charme,<\/p>\n","protected":false},"author":1,"featured_media":7874,"comment_status":"closed","ping_status":"","sticky":false,"template":"","format":"standard","meta":{"footnotes":""},"categories":[118],"tags":[78,81,495,10269,129,10270],"class_list":["post-7873","post","type-post","status-publish","format-standard","has-post-thumbnail","hentry","category-haus-garten","tag-den","tag-der","tag-gerade","tag-hyggetrend","tag-ich","tag-verlasse","generate-columns","tablet-grid-50","mobile-grid-100","grid-parent","grid-50"],"yoast_head":"<!-- This site is optimized with the Yoast SEO plugin v27.3 - https:\/\/yoast.com\/product\/yoast-seo-wordpress\/ -->\n<title>Der Hygge-Trend, den ich gerade verlasse - Nachrichten - Stra\u00dfenweb<\/title>\n<meta name=\"robots\" content=\"index, follow, max-snippet:-1, max-image-preview:large, max-video-preview:-1\" \/>\n<link rel=\"canonical\" href=\"https:\/\/www.strassenweb.de\/nachrichten\/der-hygge-trend-den-ich-gerade-verlasse\/\" \/>\n<meta property=\"og:locale\" content=\"de_DE\" \/>\n<meta property=\"og:type\" content=\"article\" \/>\n<meta property=\"og:title\" content=\"Der Hygge-Trend, den ich gerade verlasse - Nachrichten - Stra\u00dfenweb\" \/>\n<meta property=\"og:description\" content=\"Als ich anfing, skandinavische Quilts auf meinem Pinterest -Feed zu bemerken, verliebte ich mich sofort. Ihre Mischung aus gem\u00fctlichen Farben, nostalgischen Volksmustern und handgefertigten Charme,\" \/>\n<meta property=\"og:url\" content=\"https:\/\/www.strassenweb.de\/nachrichten\/der-hygge-trend-den-ich-gerade-verlasse\/\" \/>\n<meta property=\"og:site_name\" content=\"Stra\u00dfenweb\" \/>\n<meta property=\"article:publisher\" content=\"https:\/\/www.facebook.com\/strassenweb\/\" \/>\n<meta property=\"article:published_time\" content=\"2025-09-21T05:39:45+00:00\" \/>\n<meta property=\"og:image\" content=\"https:\/\/www.strassenweb.de\/nachrichten\/wp-content\/uploads\/2025\/09\/Der-Hygge-Trend-den-ich-gerade-verlasse.jpg\" \/>\n\t<meta property=\"og:image:width\" content=\"1600\" \/>\n\t<meta property=\"og:image:height\" content=\"900\" \/>\n\t<meta property=\"og:image:type\" content=\"image\/jpeg\" \/>\n<meta name=\"author\" content=\"Robert Hoffmann\" \/>\n<meta name=\"twitter:card\" content=\"summary_large_image\" \/>\n<meta name=\"twitter:label1\" content=\"Verfasst von\" \/>\n\t<meta name=\"twitter:data1\" content=\"Robert Hoffmann\" \/>\n\t<meta name=\"twitter:label2\" content=\"Gesch\u00e4tzte Lesezeit\" \/>\n\t<meta name=\"twitter:data2\" content=\"3\u00a0Minuten\" \/>\n<script type=\"application\/ld+json\" class=\"yoast-schema-graph\">{\"@context\":\"https:\\\/\\\/schema.org\",\"@graph\":[{\"@type\":\"Article\",\"@id\":\"https:\\\/\\\/www.strassenweb.de\\\/nachrichten\\\/der-hygge-trend-den-ich-gerade-verlasse\\\/#article\",\"isPartOf\":{\"@id\":\"https:\\\/\\\/www.strassenweb.de\\\/nachrichten\\\/der-hygge-trend-den-ich-gerade-verlasse\\\/\"},\"author\":{\"name\":\"Robert Hoffmann\",\"@id\":\"https:\\\/\\\/www.strassenweb.de\\\/nachrichten\\\/#\\\/schema\\\/person\\\/87c9c9067f1211da429a744dc5a5aa41\"},\"headline\":\"Der Hygge-Trend, den ich gerade verlasse\",\"datePublished\":\"2025-09-21T05:39:45+00:00\",\"mainEntityOfPage\":{\"@id\":\"https:\\\/\\\/www.strassenweb.de\\\/nachrichten\\\/der-hygge-trend-den-ich-gerade-verlasse\\\/\"},\"wordCount\":556,\"publisher\":{\"@id\":\"https:\\\/\\\/www.strassenweb.de\\\/nachrichten\\\/#organization\"},\"image\":{\"@id\":\"https:\\\/\\\/www.strassenweb.de\\\/nachrichten\\\/der-hygge-trend-den-ich-gerade-verlasse\\\/#primaryimage\"},\"thumbnailUrl\":\"https:\\\/\\\/www.strassenweb.de\\\/nachrichten\\\/wp-content\\\/uploads\\\/2025\\\/09\\\/Der-Hygge-Trend-den-ich-gerade-verlasse.jpg\",\"keywords\":[\"den\",\"der\",\"gerade\",\"HyggeTrend\",\"ich\",\"verlasse\"],\"articleSection\":[\"Haus &amp; Garten\"],\"inLanguage\":\"de\"},{\"@type\":\"WebPage\",\"@id\":\"https:\\\/\\\/www.strassenweb.de\\\/nachrichten\\\/der-hygge-trend-den-ich-gerade-verlasse\\\/\",\"url\":\"https:\\\/\\\/www.strassenweb.de\\\/nachrichten\\\/der-hygge-trend-den-ich-gerade-verlasse\\\/\",\"name\":\"Der Hygge-Trend, den ich gerade verlasse - Nachrichten - Stra\u00dfenweb\",\"isPartOf\":{\"@id\":\"https:\\\/\\\/www.strassenweb.de\\\/nachrichten\\\/#website\"},\"primaryImageOfPage\":{\"@id\":\"https:\\\/\\\/www.strassenweb.de\\\/nachrichten\\\/der-hygge-trend-den-ich-gerade-verlasse\\\/#primaryimage\"},\"image\":{\"@id\":\"https:\\\/\\\/www.strassenweb.de\\\/nachrichten\\\/der-hygge-trend-den-ich-gerade-verlasse\\\/#primaryimage\"},\"thumbnailUrl\":\"https:\\\/\\\/www.strassenweb.de\\\/nachrichten\\\/wp-content\\\/uploads\\\/2025\\\/09\\\/Der-Hygge-Trend-den-ich-gerade-verlasse.jpg\",\"datePublished\":\"2025-09-21T05:39:45+00:00\",\"breadcrumb\":{\"@id\":\"https:\\\/\\\/www.strassenweb.de\\\/nachrichten\\\/der-hygge-trend-den-ich-gerade-verlasse\\\/#breadcrumb\"},\"inLanguage\":\"de\",\"potentialAction\":[{\"@type\":\"ReadAction\",\"target\":[\"https:\\\/\\\/www.strassenweb.de\\\/nachrichten\\\/der-hygge-trend-den-ich-gerade-verlasse\\\/\"]}]},{\"@type\":\"ImageObject\",\"inLanguage\":\"de\",\"@id\":\"https:\\\/\\\/www.strassenweb.de\\\/nachrichten\\\/der-hygge-trend-den-ich-gerade-verlasse\\\/#primaryimage\",\"url\":\"https:\\\/\\\/www.strassenweb.de\\\/nachrichten\\\/wp-content\\\/uploads\\\/2025\\\/09\\\/Der-Hygge-Trend-den-ich-gerade-verlasse.jpg\",\"contentUrl\":\"https:\\\/\\\/www.strassenweb.de\\\/nachrichten\\\/wp-content\\\/uploads\\\/2025\\\/09\\\/Der-Hygge-Trend-den-ich-gerade-verlasse.jpg\",\"width\":1600,\"height\":900,\"caption\":\"floral wallpapered hotel room with wooden four poster bed styled with bed sheets and a green patchwork scandinavian style floral quilt with a yellow ruffled pillow\"},{\"@type\":\"BreadcrumbList\",\"@id\":\"https:\\\/\\\/www.strassenweb.de\\\/nachrichten\\\/der-hygge-trend-den-ich-gerade-verlasse\\\/#breadcrumb\",\"itemListElement\":[{\"@type\":\"ListItem\",\"position\":1,\"name\":\"Home\",\"item\":\"https:\\\/\\\/www.strassenweb.de\\\/nachrichten\\\/\"},{\"@type\":\"ListItem\",\"position\":2,\"name\":\"Der Hygge-Trend, den ich gerade verlasse\"}]},{\"@type\":\"WebSite\",\"@id\":\"https:\\\/\\\/www.strassenweb.de\\\/nachrichten\\\/#website\",\"url\":\"https:\\\/\\\/www.strassenweb.de\\\/nachrichten\\\/\",\"name\":\"Stra\u00dfenweb\",\"description\":\"Stra\u00dfenverzeichnis f\u00fcr Deutschland\",\"publisher\":{\"@id\":\"https:\\\/\\\/www.strassenweb.de\\\/nachrichten\\\/#organization\"},\"potentialAction\":[{\"@type\":\"SearchAction\",\"target\":{\"@type\":\"EntryPoint\",\"urlTemplate\":\"https:\\\/\\\/www.strassenweb.de\\\/nachrichten\\\/?s={search_term_string}\"},\"query-input\":{\"@type\":\"PropertyValueSpecification\",\"valueRequired\":true,\"valueName\":\"search_term_string\"}}],\"inLanguage\":\"de\"},{\"@type\":\"Organization\",\"@id\":\"https:\\\/\\\/www.strassenweb.de\\\/nachrichten\\\/#organization\",\"name\":\"Stra\u00dfenweb\",\"url\":\"https:\\\/\\\/www.strassenweb.de\\\/nachrichten\\\/\",\"logo\":{\"@type\":\"ImageObject\",\"inLanguage\":\"de\",\"@id\":\"https:\\\/\\\/www.strassenweb.de\\\/nachrichten\\\/#\\\/schema\\\/logo\\\/image\\\/\",\"url\":\"https:\\\/\\\/www.strassenweb.de\\\/nachrichten\\\/wp-content\\\/uploads\\\/2024\\\/09\\\/cropped-favicon.png\",\"contentUrl\":\"https:\\\/\\\/www.strassenweb.de\\\/nachrichten\\\/wp-content\\\/uploads\\\/2024\\\/09\\\/cropped-favicon.png\",\"width\":512,\"height\":512,\"caption\":\"Stra\u00dfenweb\"},\"image\":{\"@id\":\"https:\\\/\\\/www.strassenweb.de\\\/nachrichten\\\/#\\\/schema\\\/logo\\\/image\\\/\"},\"sameAs\":[\"https:\\\/\\\/www.facebook.com\\\/strassenweb\\\/\"]},{\"@type\":\"Person\",\"@id\":\"https:\\\/\\\/www.strassenweb.de\\\/nachrichten\\\/#\\\/schema\\\/person\\\/87c9c9067f1211da429a744dc5a5aa41\",\"name\":\"Robert Hoffmann\",\"image\":{\"@type\":\"ImageObject\",\"inLanguage\":\"de\",\"@id\":\"https:\\\/\\\/www.strassenweb.de\\\/nachrichten\\\/wp-content\\\/uploads\\\/2024\\\/09\\\/strassenweb-150x150.jpg\",\"url\":\"https:\\\/\\\/www.strassenweb.de\\\/nachrichten\\\/wp-content\\\/uploads\\\/2024\\\/09\\\/strassenweb-150x150.jpg\",\"contentUrl\":\"https:\\\/\\\/www.strassenweb.de\\\/nachrichten\\\/wp-content\\\/uploads\\\/2024\\\/09\\\/strassenweb-150x150.jpg\",\"caption\":\"Robert Hoffmann\"},\"description\":\"Ich hei\u00dfe Robert Hoffmann und ich bin ein leidenschaftlicher Verfechter von \u00d6kologie und Biodiversit\u00e4t. Seit meiner Kindheit in den W\u00e4ldern Bayerns f\u00fchle ich mich mit der Natur verbunden und bin entschlossen, sie zu sch\u00fctzen. Heute widme ich mein Leben der Sensibilisierung anderer f\u00fcr die Bedeutung des Umweltschutzes f\u00fcr zuk\u00fcnftige Generationen.\",\"sameAs\":[\"https:\\\/\\\/www.strassenweb.de\\\/\"]}]}<\/script>\n<!-- \/ Yoast SEO plugin. -->","yoast_head_json":{"title":"Der Hygge-Trend, den ich gerade verlasse - Nachrichten - Stra\u00dfenweb","robots":{"index":"index","follow":"follow","max-snippet":"max-snippet:-1","max-image-preview":"max-image-preview:large","max-video-preview":"max-video-preview:-1"},"canonical":"https:\/\/www.strassenweb.de\/nachrichten\/der-hygge-trend-den-ich-gerade-verlasse\/","og_locale":"de_DE","og_type":"article","og_title":"Der Hygge-Trend, den ich gerade verlasse - Nachrichten - Stra\u00dfenweb","og_description":"Als ich anfing, skandinavische Quilts auf meinem Pinterest -Feed zu bemerken, verliebte ich mich sofort. Ihre Mischung aus gem\u00fctlichen Farben, nostalgischen Volksmustern und handgefertigten Charme,","og_url":"https:\/\/www.strassenweb.de\/nachrichten\/der-hygge-trend-den-ich-gerade-verlasse\/","og_site_name":"Stra\u00dfenweb","article_publisher":"https:\/\/www.facebook.com\/strassenweb\/","article_published_time":"2025-09-21T05:39:45+00:00","og_image":[{"width":1600,"height":900,"url":"https:\/\/www.strassenweb.de\/nachrichten\/wp-content\/uploads\/2025\/09\/Der-Hygge-Trend-den-ich-gerade-verlasse.jpg","type":"image\/jpeg"}],"author":"Robert Hoffmann","twitter_card":"summary_large_image","twitter_misc":{"Verfasst von":"Robert Hoffmann","Gesch\u00e4tzte Lesezeit":"3\u00a0Minuten"},"schema":{"@context":"https:\/\/schema.org","@graph":[{"@type":"Article","@id":"https:\/\/www.strassenweb.de\/nachrichten\/der-hygge-trend-den-ich-gerade-verlasse\/#article","isPartOf":{"@id":"https:\/\/www.strassenweb.de\/nachrichten\/der-hygge-trend-den-ich-gerade-verlasse\/"},"author":{"name":"Robert Hoffmann","@id":"https:\/\/www.strassenweb.de\/nachrichten\/#\/schema\/person\/87c9c9067f1211da429a744dc5a5aa41"},"headline":"Der Hygge-Trend, den ich gerade verlasse","datePublished":"2025-09-21T05:39:45+00:00","mainEntityOfPage":{"@id":"https:\/\/www.strassenweb.de\/nachrichten\/der-hygge-trend-den-ich-gerade-verlasse\/"},"wordCount":556,"publisher":{"@id":"https:\/\/www.strassenweb.de\/nachrichten\/#organization"},"image":{"@id":"https:\/\/www.strassenweb.de\/nachrichten\/der-hygge-trend-den-ich-gerade-verlasse\/#primaryimage"},"thumbnailUrl":"https:\/\/www.strassenweb.de\/nachrichten\/wp-content\/uploads\/2025\/09\/Der-Hygge-Trend-den-ich-gerade-verlasse.jpg","keywords":["den","der","gerade","HyggeTrend","ich","verlasse"],"articleSection":["Haus &amp; Garten"],"inLanguage":"de"},{"@type":"WebPage","@id":"https:\/\/www.strassenweb.de\/nachrichten\/der-hygge-trend-den-ich-gerade-verlasse\/","url":"https:\/\/www.strassenweb.de\/nachrichten\/der-hygge-trend-den-ich-gerade-verlasse\/","name":"Der Hygge-Trend, den ich gerade verlasse - Nachrichten - Stra\u00dfenweb","isPartOf":{"@id":"https:\/\/www.strassenweb.de\/nachrichten\/#website"},"primaryImageOfPage":{"@id":"https:\/\/www.strassenweb.de\/nachrichten\/der-hygge-trend-den-ich-gerade-verlasse\/#primaryimage"},"image":{"@id":"https:\/\/www.strassenweb.de\/nachrichten\/der-hygge-trend-den-ich-gerade-verlasse\/#primaryimage"},"thumbnailUrl":"https:\/\/www.strassenweb.de\/nachrichten\/wp-content\/uploads\/2025\/09\/Der-Hygge-Trend-den-ich-gerade-verlasse.jpg","datePublished":"2025-09-21T05:39:45+00:00","breadcrumb":{"@id":"https:\/\/www.strassenweb.de\/nachrichten\/der-hygge-trend-den-ich-gerade-verlasse\/#breadcrumb"},"inLanguage":"de","potentialAction":[{"@type":"ReadAction","target":["https:\/\/www.strassenweb.de\/nachrichten\/der-hygge-trend-den-ich-gerade-verlasse\/"]}]},{"@type":"ImageObject","inLanguage":"de","@id":"https:\/\/www.strassenweb.de\/nachrichten\/der-hygge-trend-den-ich-gerade-verlasse\/#primaryimage","url":"https:\/\/www.strassenweb.de\/nachrichten\/wp-content\/uploads\/2025\/09\/Der-Hygge-Trend-den-ich-gerade-verlasse.jpg","contentUrl":"https:\/\/www.strassenweb.de\/nachrichten\/wp-content\/uploads\/2025\/09\/Der-Hygge-Trend-den-ich-gerade-verlasse.jpg","width":1600,"height":900,"caption":"floral wallpapered hotel room with wooden four poster bed styled with bed sheets and a green patchwork scandinavian style floral quilt with a yellow ruffled pillow"},{"@type":"BreadcrumbList","@id":"https:\/\/www.strassenweb.de\/nachrichten\/der-hygge-trend-den-ich-gerade-verlasse\/#breadcrumb","itemListElement":[{"@type":"ListItem","position":1,"name":"Home","item":"https:\/\/www.strassenweb.de\/nachrichten\/"},{"@type":"ListItem","position":2,"name":"Der Hygge-Trend, den ich gerade verlasse"}]},{"@type":"WebSite","@id":"https:\/\/www.strassenweb.de\/nachrichten\/#website","url":"https:\/\/www.strassenweb.de\/nachrichten\/","name":"Stra\u00dfenweb","description":"Stra\u00dfenverzeichnis f\u00fcr Deutschland","publisher":{"@id":"https:\/\/www.strassenweb.de\/nachrichten\/#organization"},"potentialAction":[{"@type":"SearchAction","target":{"@type":"EntryPoint","urlTemplate":"https:\/\/www.strassenweb.de\/nachrichten\/?s={search_term_string}"},"query-input":{"@type":"PropertyValueSpecification","valueRequired":true,"valueName":"search_term_string"}}],"inLanguage":"de"},{"@type":"Organization","@id":"https:\/\/www.strassenweb.de\/nachrichten\/#organization","name":"Stra\u00dfenweb","url":"https:\/\/www.strassenweb.de\/nachrichten\/","logo":{"@type":"ImageObject","inLanguage":"de","@id":"https:\/\/www.strassenweb.de\/nachrichten\/#\/schema\/logo\/image\/","url":"https:\/\/www.strassenweb.de\/nachrichten\/wp-content\/uploads\/2024\/09\/cropped-favicon.png","contentUrl":"https:\/\/www.strassenweb.de\/nachrichten\/wp-content\/uploads\/2024\/09\/cropped-favicon.png","width":512,"height":512,"caption":"Stra\u00dfenweb"},"image":{"@id":"https:\/\/www.strassenweb.de\/nachrichten\/#\/schema\/logo\/image\/"},"sameAs":["https:\/\/www.facebook.com\/strassenweb\/"]},{"@type":"Person","@id":"https:\/\/www.strassenweb.de\/nachrichten\/#\/schema\/person\/87c9c9067f1211da429a744dc5a5aa41","name":"Robert Hoffmann","image":{"@type":"ImageObject","inLanguage":"de","@id":"https:\/\/www.strassenweb.de\/nachrichten\/wp-content\/uploads\/2024\/09\/strassenweb-150x150.jpg","url":"https:\/\/www.strassenweb.de\/nachrichten\/wp-content\/uploads\/2024\/09\/strassenweb-150x150.jpg","contentUrl":"https:\/\/www.strassenweb.de\/nachrichten\/wp-content\/uploads\/2024\/09\/strassenweb-150x150.jpg","caption":"Robert Hoffmann"},"description":"Ich hei\u00dfe Robert Hoffmann und ich bin ein leidenschaftlicher Verfechter von \u00d6kologie und Biodiversit\u00e4t. Seit meiner Kindheit in den W\u00e4ldern Bayerns f\u00fchle ich mich mit der Natur verbunden und bin entschlossen, sie zu sch\u00fctzen. Heute widme ich mein Leben der Sensibilisierung anderer f\u00fcr die Bedeutung des Umweltschutzes f\u00fcr zuk\u00fcnftige Generationen.","sameAs":["https:\/\/www.strassenweb.de\/"]}]}},"_links":{"self":[{"href":"https:\/\/www.strassenweb.de\/nachrichten\/wp-json\/wp\/v2\/posts\/7873","targetHints":{"allow":["GET"]}}],"collection":[{"href":"https:\/\/www.strassenweb.de\/nachrichten\/wp-json\/wp\/v2\/posts"}],"about":[{"href":"https:\/\/www.strassenweb.de\/nachrichten\/wp-json\/wp\/v2\/types\/post"}],"author":[{"embeddable":true,"href":"https:\/\/www.strassenweb.de\/nachrichten\/wp-json\/wp\/v2\/users\/1"}],"replies":[{"embeddable":true,"href":"https:\/\/www.strassenweb.de\/nachrichten\/wp-json\/wp\/v2\/comments?post=7873"}],"version-history":[{"count":0,"href":"https:\/\/www.strassenweb.de\/nachrichten\/wp-json\/wp\/v2\/posts\/7873\/revisions"}],"wp:featuredmedia":[{"embeddable":true,"href":"https:\/\/www.strassenweb.de\/nachrichten\/wp-json\/wp\/v2\/media\/7874"}],"wp:attachment":[{"href":"https:\/\/www.strassenweb.de\/nachrichten\/wp-json\/wp\/v2\/media?parent=7873"}],"wp:term":[{"taxonomy":"category","embeddable":true,"href":"https:\/\/www.strassenweb.de\/nachrichten\/wp-json\/wp\/v2\/categories?post=7873"},{"taxonomy":"post_tag","embeddable":true,"href":"https:\/\/www.strassenweb.de\/nachrichten\/wp-json\/wp\/v2\/tags?post=7873"}],"curies":[{"name":"wp","href":"https:\/\/api.w.org\/{rel}","templated":true}]}}