{"id":7864,"date":"2025-09-20T22:40:13","date_gmt":"2025-09-20T20:40:13","guid":{"rendered":"https:\/\/www.strassenweb.de\/nachrichten\/mein-herbstfruehstueck-steht-kurz-vor-dem-aufstock\/"},"modified":"2025-09-20T22:40:14","modified_gmt":"2025-09-20T20:40:14","slug":"mein-herbstfruehstueck-steht-kurz-vor-dem-aufstock","status":"publish","type":"post","link":"https:\/\/www.strassenweb.de\/nachrichten\/mein-herbstfruehstueck-steht-kurz-vor-dem-aufstock\/","title":{"rendered":"Mein Herbstfr\u00fchst\u00fcck steht kurz vor dem Aufstock"},"content":{"rendered":"<p><\/p>\n<div id=\"article-body\" class=\"article__body \">\n<p id=\"17cb4258-12e6-4d92-a260-1706dae99d25\">Ich bin lange ein Fan von Stanley Tucci und ich wei\u00df, dass ich nicht allein bin. Seine charismatische Pr\u00e4senz auf dem Bildschirm, ob im Charakter oder als er selbst in einer Kochshow, ist so eine Freude zu sehen. Abgesehen von Tuccis illustrer Filmkarriere war es seine erste Memoiren, <em>Schmecken<\/em>Das hat mir wirklich einen Akkord getroffen und bewies, dass seine Leidenschaft f\u00fcr das Essen tiefgreifend war.<\/p>\n<div id=\"ad-unit-1\" class=\"ad-unit\"><\/div>\n<p>Als Stanley Tucci zum ersten Mal mit Greenpan zusammengearbeitet hat, um einige der besten ungiftigen Kochgeschirr zu erstellen, mussten wir es einfach ausprobieren. Und seitdem ich unsere K\u00fcchenger\u00e4te-Redakteurin Lydias Rezension von Stanley Tuccis Greenpan Cookware gelesen habe, warte ich gespannt auf die Ankunft des neuen Greenpan X Stanley Tucci-Keramik-Nicht-Stick-Crepe und der Omelett-Pfanne.<\/p>\n<aside data-block-type=\"embed\" data-render-type=\"fte\" data-skip=\"dealsy\" data-widget-type=\"seasonal\" class=\"hawk-base\"><\/aside>\n<p id=\"17cb4258-12e6-4d92-a260-1706dae99d25-2\">Genau wie die geliebte Greenpan X Tucci Essential Pan (die einen Platz in unserem Leitfaden f\u00fcr die besten Bratpfannen einnimmt) bietet die neue Greenpan X Tucci Crepe Pan eine keramische Nicht-Stick-Beschichtung und einen schlanken Griff aus rostfreiem Stahl. Wir hatten noch keine Chance, es zu testen, aber wir k\u00f6nnen es kaum erwarten, es in die H\u00e4nde zu bekommen, und werden uns so schnell berichten, wie wir es tun.<\/p>\n<div class=\"van_vid_carousel\">\n<div class=\"van_vid_carousel__padding\">\n<div class=\"van_vid_carousel__container\"><\/div>\n<\/div>\n<\/div>\n<div class=\"product-container horizontal-product-container\">\n<div class=\"product-block-row\"><\/div>\n<\/div>\n<p id=\"83dca0f4-41b7-4ebc-ae87-a2e4db71674a\">Die Crepe Pan ist besonders stilvoll &#8211; und es ist in nicht weniger als sechs wundersch\u00f6ne Farben erh\u00e4ltlich. Egal, ob Sie sich f\u00fcr den mediterranen inspirierten Amalfi-Sonnenuntergang und die toskanischen Olivent\u00f6ne entscheiden oder den gl\u00e4nzenden wei\u00dfen Farbton f\u00fcr Carrara w\u00e4hlen, die Greenpan X Tucci Crepe Pan sieht auf Ihrem Herde wundersch\u00f6n aus. (In der Tat kann es dank seiner flachen Induktionsbasis auf jedem Koper verwendet werden.)<\/p>\n<div id=\"ad-unit-2\" class=\"ad-unit\"><\/div>\n<figure class=\"van-image-figure inline-layout \" data-bordeaux-image-check id=\"379f3a99-dcdf-4a81-9a07-0a23539f1d0b\">\n<div class=\"image-full-width-wrapper\">\n<div class=\"image-widthsetter\" style=\"max-width:2000px;\"><\/div>\n<\/div><figcaption class=\"inline-layout \">\n<div class=\"caption-text\">\n<p>Kaufen Sie die Greenpan X Tucci Crepe Pan in Williams Sonoma ein<\/p>\n<\/div>\n<\/figcaption><\/figure>\n<p id=\"b90a4287-4e5e-4b76-b2ad-d2d0396d36d2\">Nat\u00fcrlich h\u00e4ngt der eigentliche Test auf die Leistung ab, und die Crepe Pan verspricht, die Art und Weise zu revolutionieren, wie Sie Omeletts und Crepes kochen.<\/p>\n<p>Wie die Greenpan X Tucci Essential Pan ist die Crepe -Pfanne mit einer einzigartigen Beschichtung fertiggestellt, die, wie Lydia erkl\u00e4rt, \u201efrei von PFAs, PFOA, Blei und Cadmium ist. Ich bin auch fasziniert, wie ich die Effektivit\u00e4t der sanft ausgestellten Seiten der Crepe Pan herausfinden kann, die so konzipiert sind, dass sie mit Leichtigkeit selbst hartn\u00e4ckige Lebensmittel freisetzen.<\/p>\n<figure class=\"van-image-figure inline-layout \" data-bordeaux-image-check id=\"2ead0757-9627-40ba-8586-bc1f447ca592\">\n<div class=\"image-full-width-wrapper\">\n<div class=\"image-widthsetter\" style=\"max-width:2000px;\"><\/div>\n<\/div><figcaption class=\"inline-layout \">\n<div class=\"caption-text\">\n<p>Kaufen Sie die Greenpan X Tucci Crepe Pan in Williams Sonoma ein<\/p>\n<\/div>\n<\/figcaption><\/figure>\n<p id=\"be5bfc7a-8cea-47e2-b46b-a28da0205fd3\">Im wahren Stanley Tucci -Stil wurde der Start der Crepe Pan von einem glamour\u00f6sen Kaffee und Kreppmorgen gekennzeichnet, bei dem die G\u00e4ste sowohl mit herzhaften als auch mit s\u00fc\u00dfen Crepes wie Cacio e Pepe und Tiramisu behandelt wurden.<\/p>\n<div id=\"slice-container-newsletterForm-articleInbodyContent-a6f9YLojkFkVspVAPqqC2Q\" class=\"slice-container newsletter-inbodyContent-slice newsletterForm-articleInbodyContent-a6f9YLojkFkVspVAPqqC2Q slice-container-newsletterForm\"><\/div>\n<p>Obwohl ich nicht behaupten kann, dass meine eigenen Kreationen mit den italienisch inspirierten Gerichten mit Stanley Tucci selbst mithalten werden, habe ich das Gef\u00fchl, dass selbst das einfachste Wochenende ein Upgrade dank der Greenpan X Tucci Crepe Pan wird.<\/p>\n<h2 id=\"shop-more-stanley-tucci-cookware-3\">Kaufen Sie mehr Stanley Tucci -Kochgeschirr ein<\/h2>\n<div class=\"product-container hero-product-container product-block-no-wrap\">\n<div class=\"product-block-row\"><\/div>\n<div class=\"product-block-row\"><\/div>\n<div class=\"product-block-row\"><\/div>\n<\/div>\n<hr id=\"7c5527e0-96ce-4a3d-a2c2-befeae65f035\">\n<p id=\"fe6ca51a-31bd-49cb-afb7-08f3fc66dbc1\">W\u00e4hrend ich Stanley Tucci f\u00fcr sein kulinarisches Know-how bewundere, bin ich auch besessen von seiner bildvoll perfekten K\u00fcche. Es ist keine \u00dcberraschung, dass es voller Greenpan -Kochgeschirr ist, und das Open Shelf Pan -Display von Stanley Tucci sorgt daf\u00fcr, dass ich meine gesamte Kochgeschirrkollektion schalten m\u00f6chte.<\/p>\n<div class=\"block\" id=\"articleTag\" data-component-name=\"PostArticleLinks\">\n<div class=\"border-b border-b-black border-solid py-2.5 text-black font-bold uppercase\">Themen<\/div>\n<nav class=\"py-2.5 flex gap-2.5 flex-wrap\" data-analytics-id=\"article-tag\">\n<p>Stanley Tucci<br \/>\n<\/nav>\n<\/div>\n<\/div>\n","protected":false},"excerpt":{"rendered":"<p>Ich bin lange ein Fan von Stanley Tucci und ich wei\u00df, dass ich nicht allein bin. Seine charismatische Pr\u00e4senz auf dem Bildschirm, ob im Charakter<\/p>\n","protected":false},"author":1,"featured_media":7865,"comment_status":"closed","ping_status":"","sticky":false,"template":"","format":"standard","meta":{"footnotes":""},"categories":[118],"tags":[10262,91,10261,6063,778,1876,524],"class_list":["post-7864","post","type-post","status-publish","format-standard","has-post-thumbnail","hentry","category-haus-garten","tag-aufstock","tag-dem","tag-herbstfruehstueck","tag-kurz","tag-mein","tag-steht","tag-vor","generate-columns","tablet-grid-50","mobile-grid-100","grid-parent","grid-50"],"yoast_head":"<!-- This site is optimized with the Yoast SEO plugin v27.3 - https:\/\/yoast.com\/product\/yoast-seo-wordpress\/ -->\n<title>Mein Herbstfr\u00fchst\u00fcck steht kurz vor dem Aufstock - Nachrichten - Stra\u00dfenweb<\/title>\n<meta name=\"robots\" content=\"index, follow, max-snippet:-1, max-image-preview:large, max-video-preview:-1\" \/>\n<link rel=\"canonical\" href=\"https:\/\/www.strassenweb.de\/nachrichten\/mein-herbstfruehstueck-steht-kurz-vor-dem-aufstock\/\" \/>\n<meta property=\"og:locale\" content=\"de_DE\" \/>\n<meta property=\"og:type\" content=\"article\" \/>\n<meta property=\"og:title\" content=\"Mein Herbstfr\u00fchst\u00fcck steht kurz vor dem Aufstock - Nachrichten - Stra\u00dfenweb\" \/>\n<meta property=\"og:description\" content=\"Ich bin lange ein Fan von Stanley Tucci und ich wei\u00df, dass ich nicht allein bin. Seine charismatische Pr\u00e4senz auf dem Bildschirm, ob im Charakter\" \/>\n<meta property=\"og:url\" content=\"https:\/\/www.strassenweb.de\/nachrichten\/mein-herbstfruehstueck-steht-kurz-vor-dem-aufstock\/\" \/>\n<meta property=\"og:site_name\" content=\"Stra\u00dfenweb\" \/>\n<meta property=\"article:publisher\" content=\"https:\/\/www.facebook.com\/strassenweb\/\" \/>\n<meta property=\"article:published_time\" content=\"2025-09-20T20:40:13+00:00\" \/>\n<meta property=\"article:modified_time\" content=\"2025-09-20T20:40:14+00:00\" \/>\n<meta property=\"og:image\" content=\"https:\/\/www.strassenweb.de\/nachrichten\/wp-content\/uploads\/2025\/09\/Mein-Herbstfruehstueck-steht-kurz-vor-dem-Aufstock.jpg\" \/>\n\t<meta property=\"og:image:width\" content=\"1600\" \/>\n\t<meta property=\"og:image:height\" content=\"900\" \/>\n\t<meta property=\"og:image:type\" content=\"image\/jpeg\" \/>\n<meta name=\"author\" content=\"Robert Hoffmann\" \/>\n<meta name=\"twitter:card\" content=\"summary_large_image\" \/>\n<meta name=\"twitter:label1\" content=\"Verfasst von\" \/>\n\t<meta name=\"twitter:data1\" content=\"Robert Hoffmann\" \/>\n\t<meta name=\"twitter:label2\" content=\"Gesch\u00e4tzte Lesezeit\" \/>\n\t<meta name=\"twitter:data2\" content=\"3\u00a0Minuten\" \/>\n<script type=\"application\/ld+json\" class=\"yoast-schema-graph\">{\"@context\":\"https:\\\/\\\/schema.org\",\"@graph\":[{\"@type\":\"Article\",\"@id\":\"https:\\\/\\\/www.strassenweb.de\\\/nachrichten\\\/mein-herbstfruehstueck-steht-kurz-vor-dem-aufstock\\\/#article\",\"isPartOf\":{\"@id\":\"https:\\\/\\\/www.strassenweb.de\\\/nachrichten\\\/mein-herbstfruehstueck-steht-kurz-vor-dem-aufstock\\\/\"},\"author\":{\"name\":\"Robert Hoffmann\",\"@id\":\"https:\\\/\\\/www.strassenweb.de\\\/nachrichten\\\/#\\\/schema\\\/person\\\/87c9c9067f1211da429a744dc5a5aa41\"},\"headline\":\"Mein Herbstfr\u00fchst\u00fcck steht kurz vor dem Aufstock\",\"datePublished\":\"2025-09-20T20:40:13+00:00\",\"dateModified\":\"2025-09-20T20:40:14+00:00\",\"mainEntityOfPage\":{\"@id\":\"https:\\\/\\\/www.strassenweb.de\\\/nachrichten\\\/mein-herbstfruehstueck-steht-kurz-vor-dem-aufstock\\\/\"},\"wordCount\":530,\"publisher\":{\"@id\":\"https:\\\/\\\/www.strassenweb.de\\\/nachrichten\\\/#organization\"},\"image\":{\"@id\":\"https:\\\/\\\/www.strassenweb.de\\\/nachrichten\\\/mein-herbstfruehstueck-steht-kurz-vor-dem-aufstock\\\/#primaryimage\"},\"thumbnailUrl\":\"https:\\\/\\\/www.strassenweb.de\\\/nachrichten\\\/wp-content\\\/uploads\\\/2025\\\/09\\\/Mein-Herbstfruehstueck-steht-kurz-vor-dem-Aufstock.jpg\",\"keywords\":[\"Aufstock\",\"dem\",\"Herbstfr\u00fchst\u00fcck\",\"kurz\",\"mein\",\"steht\",\"vor\"],\"articleSection\":[\"Haus &amp; Garten\"],\"inLanguage\":\"de\"},{\"@type\":\"WebPage\",\"@id\":\"https:\\\/\\\/www.strassenweb.de\\\/nachrichten\\\/mein-herbstfruehstueck-steht-kurz-vor-dem-aufstock\\\/\",\"url\":\"https:\\\/\\\/www.strassenweb.de\\\/nachrichten\\\/mein-herbstfruehstueck-steht-kurz-vor-dem-aufstock\\\/\",\"name\":\"Mein Herbstfr\u00fchst\u00fcck steht kurz vor dem Aufstock - Nachrichten - Stra\u00dfenweb\",\"isPartOf\":{\"@id\":\"https:\\\/\\\/www.strassenweb.de\\\/nachrichten\\\/#website\"},\"primaryImageOfPage\":{\"@id\":\"https:\\\/\\\/www.strassenweb.de\\\/nachrichten\\\/mein-herbstfruehstueck-steht-kurz-vor-dem-aufstock\\\/#primaryimage\"},\"image\":{\"@id\":\"https:\\\/\\\/www.strassenweb.de\\\/nachrichten\\\/mein-herbstfruehstueck-steht-kurz-vor-dem-aufstock\\\/#primaryimage\"},\"thumbnailUrl\":\"https:\\\/\\\/www.strassenweb.de\\\/nachrichten\\\/wp-content\\\/uploads\\\/2025\\\/09\\\/Mein-Herbstfruehstueck-steht-kurz-vor-dem-Aufstock.jpg\",\"datePublished\":\"2025-09-20T20:40:13+00:00\",\"dateModified\":\"2025-09-20T20:40:14+00:00\",\"breadcrumb\":{\"@id\":\"https:\\\/\\\/www.strassenweb.de\\\/nachrichten\\\/mein-herbstfruehstueck-steht-kurz-vor-dem-aufstock\\\/#breadcrumb\"},\"inLanguage\":\"de\",\"potentialAction\":[{\"@type\":\"ReadAction\",\"target\":[\"https:\\\/\\\/www.strassenweb.de\\\/nachrichten\\\/mein-herbstfruehstueck-steht-kurz-vor-dem-aufstock\\\/\"]}]},{\"@type\":\"ImageObject\",\"inLanguage\":\"de\",\"@id\":\"https:\\\/\\\/www.strassenweb.de\\\/nachrichten\\\/mein-herbstfruehstueck-steht-kurz-vor-dem-aufstock\\\/#primaryimage\",\"url\":\"https:\\\/\\\/www.strassenweb.de\\\/nachrichten\\\/wp-content\\\/uploads\\\/2025\\\/09\\\/Mein-Herbstfruehstueck-steht-kurz-vor-dem-Aufstock.jpg\",\"contentUrl\":\"https:\\\/\\\/www.strassenweb.de\\\/nachrichten\\\/wp-content\\\/uploads\\\/2025\\\/09\\\/Mein-Herbstfruehstueck-steht-kurz-vor-dem-Aufstock.jpg\",\"width\":1600,\"height\":900,\"caption\":\"Stanley Tucci in blue apron holding a teal pan against a blue wood panelled backdrop\"},{\"@type\":\"BreadcrumbList\",\"@id\":\"https:\\\/\\\/www.strassenweb.de\\\/nachrichten\\\/mein-herbstfruehstueck-steht-kurz-vor-dem-aufstock\\\/#breadcrumb\",\"itemListElement\":[{\"@type\":\"ListItem\",\"position\":1,\"name\":\"Home\",\"item\":\"https:\\\/\\\/www.strassenweb.de\\\/nachrichten\\\/\"},{\"@type\":\"ListItem\",\"position\":2,\"name\":\"Mein Herbstfr\u00fchst\u00fcck steht kurz vor dem Aufstock\"}]},{\"@type\":\"WebSite\",\"@id\":\"https:\\\/\\\/www.strassenweb.de\\\/nachrichten\\\/#website\",\"url\":\"https:\\\/\\\/www.strassenweb.de\\\/nachrichten\\\/\",\"name\":\"Stra\u00dfenweb\",\"description\":\"Stra\u00dfenverzeichnis f\u00fcr Deutschland\",\"publisher\":{\"@id\":\"https:\\\/\\\/www.strassenweb.de\\\/nachrichten\\\/#organization\"},\"potentialAction\":[{\"@type\":\"SearchAction\",\"target\":{\"@type\":\"EntryPoint\",\"urlTemplate\":\"https:\\\/\\\/www.strassenweb.de\\\/nachrichten\\\/?s={search_term_string}\"},\"query-input\":{\"@type\":\"PropertyValueSpecification\",\"valueRequired\":true,\"valueName\":\"search_term_string\"}}],\"inLanguage\":\"de\"},{\"@type\":\"Organization\",\"@id\":\"https:\\\/\\\/www.strassenweb.de\\\/nachrichten\\\/#organization\",\"name\":\"Stra\u00dfenweb\",\"url\":\"https:\\\/\\\/www.strassenweb.de\\\/nachrichten\\\/\",\"logo\":{\"@type\":\"ImageObject\",\"inLanguage\":\"de\",\"@id\":\"https:\\\/\\\/www.strassenweb.de\\\/nachrichten\\\/#\\\/schema\\\/logo\\\/image\\\/\",\"url\":\"https:\\\/\\\/www.strassenweb.de\\\/nachrichten\\\/wp-content\\\/uploads\\\/2024\\\/09\\\/cropped-favicon.png\",\"contentUrl\":\"https:\\\/\\\/www.strassenweb.de\\\/nachrichten\\\/wp-content\\\/uploads\\\/2024\\\/09\\\/cropped-favicon.png\",\"width\":512,\"height\":512,\"caption\":\"Stra\u00dfenweb\"},\"image\":{\"@id\":\"https:\\\/\\\/www.strassenweb.de\\\/nachrichten\\\/#\\\/schema\\\/logo\\\/image\\\/\"},\"sameAs\":[\"https:\\\/\\\/www.facebook.com\\\/strassenweb\\\/\"]},{\"@type\":\"Person\",\"@id\":\"https:\\\/\\\/www.strassenweb.de\\\/nachrichten\\\/#\\\/schema\\\/person\\\/87c9c9067f1211da429a744dc5a5aa41\",\"name\":\"Robert Hoffmann\",\"image\":{\"@type\":\"ImageObject\",\"inLanguage\":\"de\",\"@id\":\"https:\\\/\\\/www.strassenweb.de\\\/nachrichten\\\/wp-content\\\/uploads\\\/2024\\\/09\\\/strassenweb-150x150.jpg\",\"url\":\"https:\\\/\\\/www.strassenweb.de\\\/nachrichten\\\/wp-content\\\/uploads\\\/2024\\\/09\\\/strassenweb-150x150.jpg\",\"contentUrl\":\"https:\\\/\\\/www.strassenweb.de\\\/nachrichten\\\/wp-content\\\/uploads\\\/2024\\\/09\\\/strassenweb-150x150.jpg\",\"caption\":\"Robert Hoffmann\"},\"description\":\"Ich hei\u00dfe Robert Hoffmann und ich bin ein leidenschaftlicher Verfechter von \u00d6kologie und Biodiversit\u00e4t. Seit meiner Kindheit in den W\u00e4ldern Bayerns f\u00fchle ich mich mit der Natur verbunden und bin entschlossen, sie zu sch\u00fctzen. Heute widme ich mein Leben der Sensibilisierung anderer f\u00fcr die Bedeutung des Umweltschutzes f\u00fcr zuk\u00fcnftige Generationen.\",\"sameAs\":[\"https:\\\/\\\/www.strassenweb.de\\\/\"]}]}<\/script>\n<!-- \/ Yoast SEO plugin. -->","yoast_head_json":{"title":"Mein Herbstfr\u00fchst\u00fcck steht kurz vor dem Aufstock - Nachrichten - Stra\u00dfenweb","robots":{"index":"index","follow":"follow","max-snippet":"max-snippet:-1","max-image-preview":"max-image-preview:large","max-video-preview":"max-video-preview:-1"},"canonical":"https:\/\/www.strassenweb.de\/nachrichten\/mein-herbstfruehstueck-steht-kurz-vor-dem-aufstock\/","og_locale":"de_DE","og_type":"article","og_title":"Mein Herbstfr\u00fchst\u00fcck steht kurz vor dem Aufstock - Nachrichten - Stra\u00dfenweb","og_description":"Ich bin lange ein Fan von Stanley Tucci und ich wei\u00df, dass ich nicht allein bin. Seine charismatische Pr\u00e4senz auf dem Bildschirm, ob im Charakter","og_url":"https:\/\/www.strassenweb.de\/nachrichten\/mein-herbstfruehstueck-steht-kurz-vor-dem-aufstock\/","og_site_name":"Stra\u00dfenweb","article_publisher":"https:\/\/www.facebook.com\/strassenweb\/","article_published_time":"2025-09-20T20:40:13+00:00","article_modified_time":"2025-09-20T20:40:14+00:00","og_image":[{"width":1600,"height":900,"url":"https:\/\/www.strassenweb.de\/nachrichten\/wp-content\/uploads\/2025\/09\/Mein-Herbstfruehstueck-steht-kurz-vor-dem-Aufstock.jpg","type":"image\/jpeg"}],"author":"Robert Hoffmann","twitter_card":"summary_large_image","twitter_misc":{"Verfasst von":"Robert Hoffmann","Gesch\u00e4tzte Lesezeit":"3\u00a0Minuten"},"schema":{"@context":"https:\/\/schema.org","@graph":[{"@type":"Article","@id":"https:\/\/www.strassenweb.de\/nachrichten\/mein-herbstfruehstueck-steht-kurz-vor-dem-aufstock\/#article","isPartOf":{"@id":"https:\/\/www.strassenweb.de\/nachrichten\/mein-herbstfruehstueck-steht-kurz-vor-dem-aufstock\/"},"author":{"name":"Robert Hoffmann","@id":"https:\/\/www.strassenweb.de\/nachrichten\/#\/schema\/person\/87c9c9067f1211da429a744dc5a5aa41"},"headline":"Mein Herbstfr\u00fchst\u00fcck steht kurz vor dem Aufstock","datePublished":"2025-09-20T20:40:13+00:00","dateModified":"2025-09-20T20:40:14+00:00","mainEntityOfPage":{"@id":"https:\/\/www.strassenweb.de\/nachrichten\/mein-herbstfruehstueck-steht-kurz-vor-dem-aufstock\/"},"wordCount":530,"publisher":{"@id":"https:\/\/www.strassenweb.de\/nachrichten\/#organization"},"image":{"@id":"https:\/\/www.strassenweb.de\/nachrichten\/mein-herbstfruehstueck-steht-kurz-vor-dem-aufstock\/#primaryimage"},"thumbnailUrl":"https:\/\/www.strassenweb.de\/nachrichten\/wp-content\/uploads\/2025\/09\/Mein-Herbstfruehstueck-steht-kurz-vor-dem-Aufstock.jpg","keywords":["Aufstock","dem","Herbstfr\u00fchst\u00fcck","kurz","mein","steht","vor"],"articleSection":["Haus &amp; Garten"],"inLanguage":"de"},{"@type":"WebPage","@id":"https:\/\/www.strassenweb.de\/nachrichten\/mein-herbstfruehstueck-steht-kurz-vor-dem-aufstock\/","url":"https:\/\/www.strassenweb.de\/nachrichten\/mein-herbstfruehstueck-steht-kurz-vor-dem-aufstock\/","name":"Mein Herbstfr\u00fchst\u00fcck steht kurz vor dem Aufstock - Nachrichten - Stra\u00dfenweb","isPartOf":{"@id":"https:\/\/www.strassenweb.de\/nachrichten\/#website"},"primaryImageOfPage":{"@id":"https:\/\/www.strassenweb.de\/nachrichten\/mein-herbstfruehstueck-steht-kurz-vor-dem-aufstock\/#primaryimage"},"image":{"@id":"https:\/\/www.strassenweb.de\/nachrichten\/mein-herbstfruehstueck-steht-kurz-vor-dem-aufstock\/#primaryimage"},"thumbnailUrl":"https:\/\/www.strassenweb.de\/nachrichten\/wp-content\/uploads\/2025\/09\/Mein-Herbstfruehstueck-steht-kurz-vor-dem-Aufstock.jpg","datePublished":"2025-09-20T20:40:13+00:00","dateModified":"2025-09-20T20:40:14+00:00","breadcrumb":{"@id":"https:\/\/www.strassenweb.de\/nachrichten\/mein-herbstfruehstueck-steht-kurz-vor-dem-aufstock\/#breadcrumb"},"inLanguage":"de","potentialAction":[{"@type":"ReadAction","target":["https:\/\/www.strassenweb.de\/nachrichten\/mein-herbstfruehstueck-steht-kurz-vor-dem-aufstock\/"]}]},{"@type":"ImageObject","inLanguage":"de","@id":"https:\/\/www.strassenweb.de\/nachrichten\/mein-herbstfruehstueck-steht-kurz-vor-dem-aufstock\/#primaryimage","url":"https:\/\/www.strassenweb.de\/nachrichten\/wp-content\/uploads\/2025\/09\/Mein-Herbstfruehstueck-steht-kurz-vor-dem-Aufstock.jpg","contentUrl":"https:\/\/www.strassenweb.de\/nachrichten\/wp-content\/uploads\/2025\/09\/Mein-Herbstfruehstueck-steht-kurz-vor-dem-Aufstock.jpg","width":1600,"height":900,"caption":"Stanley Tucci in blue apron holding a teal pan against a blue wood panelled backdrop"},{"@type":"BreadcrumbList","@id":"https:\/\/www.strassenweb.de\/nachrichten\/mein-herbstfruehstueck-steht-kurz-vor-dem-aufstock\/#breadcrumb","itemListElement":[{"@type":"ListItem","position":1,"name":"Home","item":"https:\/\/www.strassenweb.de\/nachrichten\/"},{"@type":"ListItem","position":2,"name":"Mein Herbstfr\u00fchst\u00fcck steht kurz vor dem Aufstock"}]},{"@type":"WebSite","@id":"https:\/\/www.strassenweb.de\/nachrichten\/#website","url":"https:\/\/www.strassenweb.de\/nachrichten\/","name":"Stra\u00dfenweb","description":"Stra\u00dfenverzeichnis f\u00fcr Deutschland","publisher":{"@id":"https:\/\/www.strassenweb.de\/nachrichten\/#organization"},"potentialAction":[{"@type":"SearchAction","target":{"@type":"EntryPoint","urlTemplate":"https:\/\/www.strassenweb.de\/nachrichten\/?s={search_term_string}"},"query-input":{"@type":"PropertyValueSpecification","valueRequired":true,"valueName":"search_term_string"}}],"inLanguage":"de"},{"@type":"Organization","@id":"https:\/\/www.strassenweb.de\/nachrichten\/#organization","name":"Stra\u00dfenweb","url":"https:\/\/www.strassenweb.de\/nachrichten\/","logo":{"@type":"ImageObject","inLanguage":"de","@id":"https:\/\/www.strassenweb.de\/nachrichten\/#\/schema\/logo\/image\/","url":"https:\/\/www.strassenweb.de\/nachrichten\/wp-content\/uploads\/2024\/09\/cropped-favicon.png","contentUrl":"https:\/\/www.strassenweb.de\/nachrichten\/wp-content\/uploads\/2024\/09\/cropped-favicon.png","width":512,"height":512,"caption":"Stra\u00dfenweb"},"image":{"@id":"https:\/\/www.strassenweb.de\/nachrichten\/#\/schema\/logo\/image\/"},"sameAs":["https:\/\/www.facebook.com\/strassenweb\/"]},{"@type":"Person","@id":"https:\/\/www.strassenweb.de\/nachrichten\/#\/schema\/person\/87c9c9067f1211da429a744dc5a5aa41","name":"Robert Hoffmann","image":{"@type":"ImageObject","inLanguage":"de","@id":"https:\/\/www.strassenweb.de\/nachrichten\/wp-content\/uploads\/2024\/09\/strassenweb-150x150.jpg","url":"https:\/\/www.strassenweb.de\/nachrichten\/wp-content\/uploads\/2024\/09\/strassenweb-150x150.jpg","contentUrl":"https:\/\/www.strassenweb.de\/nachrichten\/wp-content\/uploads\/2024\/09\/strassenweb-150x150.jpg","caption":"Robert Hoffmann"},"description":"Ich hei\u00dfe Robert Hoffmann und ich bin ein leidenschaftlicher Verfechter von \u00d6kologie und Biodiversit\u00e4t. Seit meiner Kindheit in den W\u00e4ldern Bayerns f\u00fchle ich mich mit der Natur verbunden und bin entschlossen, sie zu sch\u00fctzen. Heute widme ich mein Leben der Sensibilisierung anderer f\u00fcr die Bedeutung des Umweltschutzes f\u00fcr zuk\u00fcnftige Generationen.","sameAs":["https:\/\/www.strassenweb.de\/"]}]}},"_links":{"self":[{"href":"https:\/\/www.strassenweb.de\/nachrichten\/wp-json\/wp\/v2\/posts\/7864","targetHints":{"allow":["GET"]}}],"collection":[{"href":"https:\/\/www.strassenweb.de\/nachrichten\/wp-json\/wp\/v2\/posts"}],"about":[{"href":"https:\/\/www.strassenweb.de\/nachrichten\/wp-json\/wp\/v2\/types\/post"}],"author":[{"embeddable":true,"href":"https:\/\/www.strassenweb.de\/nachrichten\/wp-json\/wp\/v2\/users\/1"}],"replies":[{"embeddable":true,"href":"https:\/\/www.strassenweb.de\/nachrichten\/wp-json\/wp\/v2\/comments?post=7864"}],"version-history":[{"count":0,"href":"https:\/\/www.strassenweb.de\/nachrichten\/wp-json\/wp\/v2\/posts\/7864\/revisions"}],"wp:featuredmedia":[{"embeddable":true,"href":"https:\/\/www.strassenweb.de\/nachrichten\/wp-json\/wp\/v2\/media\/7865"}],"wp:attachment":[{"href":"https:\/\/www.strassenweb.de\/nachrichten\/wp-json\/wp\/v2\/media?parent=7864"}],"wp:term":[{"taxonomy":"category","embeddable":true,"href":"https:\/\/www.strassenweb.de\/nachrichten\/wp-json\/wp\/v2\/categories?post=7864"},{"taxonomy":"post_tag","embeddable":true,"href":"https:\/\/www.strassenweb.de\/nachrichten\/wp-json\/wp\/v2\/tags?post=7864"}],"curies":[{"name":"wp","href":"https:\/\/api.w.org\/{rel}","templated":true}]}}