{"id":7861,"date":"2025-09-20T19:42:49","date_gmt":"2025-09-20T17:42:49","guid":{"rendered":"https:\/\/www.strassenweb.de\/nachrichten\/courteney-cox-bietet-die-ultimative-inspiration-fuer-die-dekoration-mit-schwarz-und-zeigt-wie-holz-eine-kueche-geerdet-und-muehelos-elegant-halten-kann\/"},"modified":"2025-09-20T19:42:49","modified_gmt":"2025-09-20T17:42:49","slug":"courteney-cox-bietet-die-ultimative-inspiration-fuer-die-dekoration-mit-schwarz-und-zeigt-wie-holz-eine-kueche-geerdet-und-muehelos-elegant-halten-kann","status":"publish","type":"post","link":"https:\/\/www.strassenweb.de\/nachrichten\/courteney-cox-bietet-die-ultimative-inspiration-fuer-die-dekoration-mit-schwarz-und-zeigt-wie-holz-eine-kueche-geerdet-und-muehelos-elegant-halten-kann\/","title":{"rendered":"Courteney Cox bietet die ultimative Inspiration f\u00fcr die Dekoration mit Schwarz und zeigt, wie Holz eine K\u00fcche geerdet und m\u00fchelos elegant halten kann"},"content":{"rendered":"<p><\/p>\n<div id=\"article-body\" class=\"article__body \">\n<p id=\"086d4f1a-3fa2-4e6a-bc53-04c50120c139\">Schwarze Farbe ist nicht jedermanns Sache, aber wenn es gut gemacht ist, macht es wirklich seinen Fall. Insbesondere dunkle Farben, die durch Licht oder nat\u00fcrliche Elemente ausbalanciert werden, beweisen, dass die Auswahl der Designs nicht so entmutigend ist, wie man denken k\u00f6nnte.<\/p>\n<div id=\"ad-unit-1\" class=\"ad-unit\"><\/div>\n<p>Nehmen Sie zum Beispiel die K\u00fcche von Courteney Cox. Der Raum des Schauspielers verbindet eine tr\u00fcbe, dunkle Farbe mit nat\u00fcrlichen Holzregalen und Schr\u00e4nken f\u00fcr ein zeitgem\u00e4\u00dfes und organisches Gef\u00fchl, das eine fantastische M\u00f6glichkeit zeigt, mit Schwarz zu dekorieren.<\/p>\n<aside data-block-type=\"embed\" data-render-type=\"fte\" data-skip=\"dealsy\" data-widget-type=\"seasonal\" class=\"hawk-base\"><\/aside>\n<p id=\"086d4f1a-3fa2-4e6a-bc53-04c50120c139-2\">Die schlanken Regale sind mit schwarzen Tassen und Schalen geschm\u00fcckt, wodurch sich nahtlos in die Wandfarbe einmischt und dem Raum eine gewisse Dimension verleiht. Es ist ein schicker, zur\u00fcckhaltender Look, den Designer zustimmen.<\/p>\n<div class=\"van_vid_carousel\">\n<div class=\"van_vid_carousel__padding\">\n<div class=\"van_vid_carousel__container\"><\/div>\n<\/div>\n<\/div>\n<div class=\"instagram-embed\" id=\"DOob3LNj6Gd\">\n<blockquote class=\"instagram-media\" data-instgrm-captioned data-instgrm-version=\"6\" style=\"width:99.375%; width:-webkit-calc(100% - 2px); width:calc(100% - 2px);\">\n<p>Ein Beitrag, der von Courteney Cox (@CourTeneyCoxofficial) geteilt wird<\/p>\n<p>Ein Foto von on <\/p>\n<\/blockquote>\n<\/div>\n<h3 class=\"article-body__section\" id=\"section-shop-the-black-and-wood-kitchen-look\"><span>Kaufen Sie den schwarzen und Holzk\u00fcchen -Look ein<\/span><\/h3>\n<div class=\"product-container hero-product-container product-block-no-wrap\">\n<div class=\"product-block-row\"><\/div>\n<div class=\"product-block-row\"><\/div>\n<div class=\"product-block-row\"><\/div>\n<\/div>\n<p id=\"29bcfb85-dae3-4ce5-b4ea-b7d16c36a388\">Laut Design-Experten ist es eine M\u00f6glichkeit, eine monochromatische Palette in einer K\u00fcche mit nat\u00fcrlichen Materialien zu st\u00f6ren, um das visuelle Interesse an diesen R\u00e4umen aufrechtzuerhalten.<\/p>\n<div id=\"ad-unit-2\" class=\"ad-unit\"><\/div>\n<p>&#8222;Die Sch\u00f6nheit einer schwarz-wei\u00dfen K\u00fcche ist die Vielseitigkeit&#8220;, sagt Designerin Nina Lichtenstein.<\/p>\n<p>&#8218;Es kann schlank und zeitgem\u00e4\u00df mit hohen Schloss und scharfen Linien oder warm und klassisch, wenn sie mit nat\u00fcrlichen Texturen wie Marmor, Holz oder gewebten Fasern erweicht werden. Diese Kombination bietet auch die perfekte Kulisse f\u00fcr Pers\u00f6nlichkeitsschichten, sei es durch Messing- oder mattschwarze Hardware, strukturierte Fliesen oder Anweisungsbeleuchtung. Weil die Palette so sauber ist, dass jeder Akzent beabsichtigt wird, hat jedes Material Raum zum Leuchten. &#8218;<\/p>\n<p>Sie k\u00f6nnen von Courteneys Dekortechnik abweichen und stattdessen Holzzubeh\u00f6r in das Holzregal einbeziehen, um das monochromatische Look zu verdrehen. Dies funktioniert besonders gut, wenn Sie sich weiter in die organische moderne \u00c4sthetik lehnen m\u00f6chten, die nat\u00fcrliche Materialien wie Holz und Rattan beg\u00fcnstigt. Was auch immer Sie w\u00e4hlen, eine Balance aus dunklen Farben und nat\u00fcrlichen Materialien ist eine zeitlose Designauswahl f\u00fcr die K\u00fcche.<\/p>\n<div id=\"slice-container-newsletterForm-articleInbodyContent-VHaCQ9CqYSoffWxnJhcXnd\" class=\"slice-container newsletter-inbodyContent-slice newsletterForm-articleInbodyContent-VHaCQ9CqYSoffWxnJhcXnd slice-container-newsletterForm\"><\/div>\n<div class=\"min-h-(270px) mb-4 viafoura-twig-component\" id=\"viafoura-engagement-starter-wrapper\" data-component-name=\"Elk:Embed:EngagementStarter\">\n<div class=\"viafoura\">\n<div>\n<vf-conversation-starter target=\"viafoura-comments\" title=\"How do you style your kitchen shelves?\" minimum-comment-count=\"1\"><br \/>\n<\/vf-conversation-starter>\n<\/div>\n<\/div>\n<\/div>\n<hr id=\"af0d0da1-290f-4ce3-8638-23ac96ebcbd9\">\n<div class=\"block\" id=\"articleTag\" data-component-name=\"PostArticleLinks\">\n<div class=\"border-b border-b-black border-solid py-2.5 text-black font-bold uppercase\">Themen<\/div>\n<nav class=\"py-2.5 flex gap-2.5 flex-wrap\" data-analytics-id=\"article-tag\">\n<p>Courteney Cox<br \/>\n<\/nav>\n<\/div>\n<\/div>\n<p><script async src=\"\/\/www.instagram.com\/embed.js\"><\/script><\/p>\n","protected":false},"excerpt":{"rendered":"<p>Schwarze Farbe ist nicht jedermanns Sache, aber wenn es gut gemacht ist, macht es wirklich seinen Fall. Insbesondere dunkle Farben, die durch Licht oder nat\u00fcrliche<\/p>\n","protected":false},"author":1,"featured_media":7862,"comment_status":"closed","ping_status":"","sticky":false,"template":"","format":"standard","meta":{"footnotes":""},"categories":[118],"tags":[1977,5426,5427,2874,9,74,3305,55,10260,720,1246,2113,781,468,146,1909,481,589,37,26,110],"class_list":["post-7861","post","type-post","status-publish","format-standard","has-post-thumbnail","hentry","category-haus-garten","tag-bietet","tag-courteney","tag-cox","tag-dekoration","tag-die","tag-eine","tag-elegant","tag-fuer","tag-geerdet","tag-halten","tag-holz","tag-inspiration","tag-kann","tag-kueche","tag-mit","tag-muehelos","tag-schwarz","tag-ultimative","tag-und","tag-wie","tag-zeigt","generate-columns","tablet-grid-50","mobile-grid-100","grid-parent","grid-50"],"yoast_head":"<!-- This site is optimized with the Yoast SEO plugin v27.3 - https:\/\/yoast.com\/product\/yoast-seo-wordpress\/ -->\n<title>Courteney Cox bietet die ultimative Inspiration f\u00fcr die Dekoration mit Schwarz und zeigt, wie Holz eine K\u00fcche geerdet und m\u00fchelos elegant halten kann - Nachrichten - Stra\u00dfenweb<\/title>\n<meta name=\"robots\" content=\"index, follow, max-snippet:-1, max-image-preview:large, max-video-preview:-1\" \/>\n<link rel=\"canonical\" href=\"https:\/\/www.strassenweb.de\/nachrichten\/courteney-cox-bietet-die-ultimative-inspiration-fuer-die-dekoration-mit-schwarz-und-zeigt-wie-holz-eine-kueche-geerdet-und-muehelos-elegant-halten-kann\/\" \/>\n<meta property=\"og:locale\" content=\"de_DE\" \/>\n<meta property=\"og:type\" content=\"article\" \/>\n<meta property=\"og:title\" content=\"Courteney Cox bietet die ultimative Inspiration f\u00fcr die Dekoration mit Schwarz und zeigt, wie Holz eine K\u00fcche geerdet und m\u00fchelos elegant halten kann - Nachrichten - Stra\u00dfenweb\" \/>\n<meta property=\"og:description\" content=\"Schwarze Farbe ist nicht jedermanns Sache, aber wenn es gut gemacht ist, macht es wirklich seinen Fall. Insbesondere dunkle Farben, die durch Licht oder nat\u00fcrliche\" \/>\n<meta property=\"og:url\" content=\"https:\/\/www.strassenweb.de\/nachrichten\/courteney-cox-bietet-die-ultimative-inspiration-fuer-die-dekoration-mit-schwarz-und-zeigt-wie-holz-eine-kueche-geerdet-und-muehelos-elegant-halten-kann\/\" \/>\n<meta property=\"og:site_name\" content=\"Stra\u00dfenweb\" \/>\n<meta property=\"article:publisher\" content=\"https:\/\/www.facebook.com\/strassenweb\/\" \/>\n<meta property=\"article:published_time\" content=\"2025-09-20T17:42:49+00:00\" \/>\n<meta property=\"og:image\" content=\"https:\/\/www.strassenweb.de\/nachrichten\/wp-content\/uploads\/2025\/07\/orv5iqWC8UWA5tGqL9CkE4.jpg\" \/>\n\t<meta property=\"og:image:width\" content=\"1600\" \/>\n\t<meta property=\"og:image:height\" content=\"900\" \/>\n\t<meta property=\"og:image:type\" content=\"image\/jpeg\" \/>\n<meta name=\"author\" content=\"Robert Hoffmann\" \/>\n<meta name=\"twitter:card\" content=\"summary_large_image\" \/>\n<meta name=\"twitter:label1\" content=\"Verfasst von\" \/>\n\t<meta name=\"twitter:data1\" content=\"Robert Hoffmann\" \/>\n\t<meta name=\"twitter:label2\" content=\"Gesch\u00e4tzte Lesezeit\" \/>\n\t<meta name=\"twitter:data2\" content=\"2\u00a0Minuten\" \/>\n<script type=\"application\/ld+json\" class=\"yoast-schema-graph\">{\"@context\":\"https:\\\/\\\/schema.org\",\"@graph\":[{\"@type\":\"Article\",\"@id\":\"https:\\\/\\\/www.strassenweb.de\\\/nachrichten\\\/courteney-cox-bietet-die-ultimative-inspiration-fuer-die-dekoration-mit-schwarz-und-zeigt-wie-holz-eine-kueche-geerdet-und-muehelos-elegant-halten-kann\\\/#article\",\"isPartOf\":{\"@id\":\"https:\\\/\\\/www.strassenweb.de\\\/nachrichten\\\/courteney-cox-bietet-die-ultimative-inspiration-fuer-die-dekoration-mit-schwarz-und-zeigt-wie-holz-eine-kueche-geerdet-und-muehelos-elegant-halten-kann\\\/\"},\"author\":{\"name\":\"Robert Hoffmann\",\"@id\":\"https:\\\/\\\/www.strassenweb.de\\\/nachrichten\\\/#\\\/schema\\\/person\\\/87c9c9067f1211da429a744dc5a5aa41\"},\"headline\":\"Courteney Cox bietet die ultimative Inspiration f\u00fcr die Dekoration mit Schwarz und zeigt, wie Holz eine K\u00fcche geerdet und m\u00fchelos elegant halten kann\",\"datePublished\":\"2025-09-20T17:42:49+00:00\",\"mainEntityOfPage\":{\"@id\":\"https:\\\/\\\/www.strassenweb.de\\\/nachrichten\\\/courteney-cox-bietet-die-ultimative-inspiration-fuer-die-dekoration-mit-schwarz-und-zeigt-wie-holz-eine-kueche-geerdet-und-muehelos-elegant-halten-kann\\\/\"},\"wordCount\":360,\"publisher\":{\"@id\":\"https:\\\/\\\/www.strassenweb.de\\\/nachrichten\\\/#organization\"},\"image\":{\"@id\":\"https:\\\/\\\/www.strassenweb.de\\\/nachrichten\\\/courteney-cox-bietet-die-ultimative-inspiration-fuer-die-dekoration-mit-schwarz-und-zeigt-wie-holz-eine-kueche-geerdet-und-muehelos-elegant-halten-kann\\\/#primaryimage\"},\"thumbnailUrl\":\"https:\\\/\\\/www.strassenweb.de\\\/nachrichten\\\/wp-content\\\/uploads\\\/2025\\\/07\\\/orv5iqWC8UWA5tGqL9CkE4.jpg\",\"keywords\":[\"bietet\",\"Courteney\",\"Cox\",\"Dekoration\",\"die\",\"eine\",\"elegant\",\"f\u00fcr\",\"geerdet\",\"halten\",\"Holz\",\"Inspiration\",\"kann\",\"K\u00fcche\",\"mit\",\"m\u00fchelos\",\"schwarz\",\"ultimative\",\"und\",\"Wie\",\"zeigt\"],\"articleSection\":[\"Haus &amp; Garten\"],\"inLanguage\":\"de\"},{\"@type\":\"WebPage\",\"@id\":\"https:\\\/\\\/www.strassenweb.de\\\/nachrichten\\\/courteney-cox-bietet-die-ultimative-inspiration-fuer-die-dekoration-mit-schwarz-und-zeigt-wie-holz-eine-kueche-geerdet-und-muehelos-elegant-halten-kann\\\/\",\"url\":\"https:\\\/\\\/www.strassenweb.de\\\/nachrichten\\\/courteney-cox-bietet-die-ultimative-inspiration-fuer-die-dekoration-mit-schwarz-und-zeigt-wie-holz-eine-kueche-geerdet-und-muehelos-elegant-halten-kann\\\/\",\"name\":\"Courteney Cox bietet die ultimative Inspiration f\u00fcr die Dekoration mit Schwarz und zeigt, wie Holz eine K\u00fcche geerdet und m\u00fchelos elegant halten kann - Nachrichten - Stra\u00dfenweb\",\"isPartOf\":{\"@id\":\"https:\\\/\\\/www.strassenweb.de\\\/nachrichten\\\/#website\"},\"primaryImageOfPage\":{\"@id\":\"https:\\\/\\\/www.strassenweb.de\\\/nachrichten\\\/courteney-cox-bietet-die-ultimative-inspiration-fuer-die-dekoration-mit-schwarz-und-zeigt-wie-holz-eine-kueche-geerdet-und-muehelos-elegant-halten-kann\\\/#primaryimage\"},\"image\":{\"@id\":\"https:\\\/\\\/www.strassenweb.de\\\/nachrichten\\\/courteney-cox-bietet-die-ultimative-inspiration-fuer-die-dekoration-mit-schwarz-und-zeigt-wie-holz-eine-kueche-geerdet-und-muehelos-elegant-halten-kann\\\/#primaryimage\"},\"thumbnailUrl\":\"https:\\\/\\\/www.strassenweb.de\\\/nachrichten\\\/wp-content\\\/uploads\\\/2025\\\/07\\\/orv5iqWC8UWA5tGqL9CkE4.jpg\",\"datePublished\":\"2025-09-20T17:42:49+00:00\",\"breadcrumb\":{\"@id\":\"https:\\\/\\\/www.strassenweb.de\\\/nachrichten\\\/courteney-cox-bietet-die-ultimative-inspiration-fuer-die-dekoration-mit-schwarz-und-zeigt-wie-holz-eine-kueche-geerdet-und-muehelos-elegant-halten-kann\\\/#breadcrumb\"},\"inLanguage\":\"de\",\"potentialAction\":[{\"@type\":\"ReadAction\",\"target\":[\"https:\\\/\\\/www.strassenweb.de\\\/nachrichten\\\/courteney-cox-bietet-die-ultimative-inspiration-fuer-die-dekoration-mit-schwarz-und-zeigt-wie-holz-eine-kueche-geerdet-und-muehelos-elegant-halten-kann\\\/\"]}]},{\"@type\":\"ImageObject\",\"inLanguage\":\"de\",\"@id\":\"https:\\\/\\\/www.strassenweb.de\\\/nachrichten\\\/courteney-cox-bietet-die-ultimative-inspiration-fuer-die-dekoration-mit-schwarz-und-zeigt-wie-holz-eine-kueche-geerdet-und-muehelos-elegant-halten-kann\\\/#primaryimage\",\"url\":\"https:\\\/\\\/www.strassenweb.de\\\/nachrichten\\\/wp-content\\\/uploads\\\/2025\\\/07\\\/orv5iqWC8UWA5tGqL9CkE4.jpg\",\"contentUrl\":\"https:\\\/\\\/www.strassenweb.de\\\/nachrichten\\\/wp-content\\\/uploads\\\/2025\\\/07\\\/orv5iqWC8UWA5tGqL9CkE4.jpg\",\"width\":1600,\"height\":900,\"caption\":\"Courteney Cox\"},{\"@type\":\"BreadcrumbList\",\"@id\":\"https:\\\/\\\/www.strassenweb.de\\\/nachrichten\\\/courteney-cox-bietet-die-ultimative-inspiration-fuer-die-dekoration-mit-schwarz-und-zeigt-wie-holz-eine-kueche-geerdet-und-muehelos-elegant-halten-kann\\\/#breadcrumb\",\"itemListElement\":[{\"@type\":\"ListItem\",\"position\":1,\"name\":\"Home\",\"item\":\"https:\\\/\\\/www.strassenweb.de\\\/nachrichten\\\/\"},{\"@type\":\"ListItem\",\"position\":2,\"name\":\"Courteney Cox bietet die ultimative Inspiration f\u00fcr die Dekoration mit Schwarz und zeigt, wie Holz eine K\u00fcche geerdet und m\u00fchelos elegant halten kann\"}]},{\"@type\":\"WebSite\",\"@id\":\"https:\\\/\\\/www.strassenweb.de\\\/nachrichten\\\/#website\",\"url\":\"https:\\\/\\\/www.strassenweb.de\\\/nachrichten\\\/\",\"name\":\"Stra\u00dfenweb\",\"description\":\"Stra\u00dfenverzeichnis f\u00fcr Deutschland\",\"publisher\":{\"@id\":\"https:\\\/\\\/www.strassenweb.de\\\/nachrichten\\\/#organization\"},\"potentialAction\":[{\"@type\":\"SearchAction\",\"target\":{\"@type\":\"EntryPoint\",\"urlTemplate\":\"https:\\\/\\\/www.strassenweb.de\\\/nachrichten\\\/?s={search_term_string}\"},\"query-input\":{\"@type\":\"PropertyValueSpecification\",\"valueRequired\":true,\"valueName\":\"search_term_string\"}}],\"inLanguage\":\"de\"},{\"@type\":\"Organization\",\"@id\":\"https:\\\/\\\/www.strassenweb.de\\\/nachrichten\\\/#organization\",\"name\":\"Stra\u00dfenweb\",\"url\":\"https:\\\/\\\/www.strassenweb.de\\\/nachrichten\\\/\",\"logo\":{\"@type\":\"ImageObject\",\"inLanguage\":\"de\",\"@id\":\"https:\\\/\\\/www.strassenweb.de\\\/nachrichten\\\/#\\\/schema\\\/logo\\\/image\\\/\",\"url\":\"https:\\\/\\\/www.strassenweb.de\\\/nachrichten\\\/wp-content\\\/uploads\\\/2024\\\/09\\\/cropped-favicon.png\",\"contentUrl\":\"https:\\\/\\\/www.strassenweb.de\\\/nachrichten\\\/wp-content\\\/uploads\\\/2024\\\/09\\\/cropped-favicon.png\",\"width\":512,\"height\":512,\"caption\":\"Stra\u00dfenweb\"},\"image\":{\"@id\":\"https:\\\/\\\/www.strassenweb.de\\\/nachrichten\\\/#\\\/schema\\\/logo\\\/image\\\/\"},\"sameAs\":[\"https:\\\/\\\/www.facebook.com\\\/strassenweb\\\/\"]},{\"@type\":\"Person\",\"@id\":\"https:\\\/\\\/www.strassenweb.de\\\/nachrichten\\\/#\\\/schema\\\/person\\\/87c9c9067f1211da429a744dc5a5aa41\",\"name\":\"Robert Hoffmann\",\"image\":{\"@type\":\"ImageObject\",\"inLanguage\":\"de\",\"@id\":\"https:\\\/\\\/www.strassenweb.de\\\/nachrichten\\\/wp-content\\\/uploads\\\/2024\\\/09\\\/strassenweb-150x150.jpg\",\"url\":\"https:\\\/\\\/www.strassenweb.de\\\/nachrichten\\\/wp-content\\\/uploads\\\/2024\\\/09\\\/strassenweb-150x150.jpg\",\"contentUrl\":\"https:\\\/\\\/www.strassenweb.de\\\/nachrichten\\\/wp-content\\\/uploads\\\/2024\\\/09\\\/strassenweb-150x150.jpg\",\"caption\":\"Robert Hoffmann\"},\"description\":\"Ich hei\u00dfe Robert Hoffmann und ich bin ein leidenschaftlicher Verfechter von \u00d6kologie und Biodiversit\u00e4t. Seit meiner Kindheit in den W\u00e4ldern Bayerns f\u00fchle ich mich mit der Natur verbunden und bin entschlossen, sie zu sch\u00fctzen. Heute widme ich mein Leben der Sensibilisierung anderer f\u00fcr die Bedeutung des Umweltschutzes f\u00fcr zuk\u00fcnftige Generationen.\",\"sameAs\":[\"https:\\\/\\\/www.strassenweb.de\\\/\"]}]}<\/script>\n<!-- \/ Yoast SEO plugin. -->","yoast_head_json":{"title":"Courteney Cox bietet die ultimative Inspiration f\u00fcr die Dekoration mit Schwarz und zeigt, wie Holz eine K\u00fcche geerdet und m\u00fchelos elegant halten kann - Nachrichten - Stra\u00dfenweb","robots":{"index":"index","follow":"follow","max-snippet":"max-snippet:-1","max-image-preview":"max-image-preview:large","max-video-preview":"max-video-preview:-1"},"canonical":"https:\/\/www.strassenweb.de\/nachrichten\/courteney-cox-bietet-die-ultimative-inspiration-fuer-die-dekoration-mit-schwarz-und-zeigt-wie-holz-eine-kueche-geerdet-und-muehelos-elegant-halten-kann\/","og_locale":"de_DE","og_type":"article","og_title":"Courteney Cox bietet die ultimative Inspiration f\u00fcr die Dekoration mit Schwarz und zeigt, wie Holz eine K\u00fcche geerdet und m\u00fchelos elegant halten kann - Nachrichten - Stra\u00dfenweb","og_description":"Schwarze Farbe ist nicht jedermanns Sache, aber wenn es gut gemacht ist, macht es wirklich seinen Fall. Insbesondere dunkle Farben, die durch Licht oder nat\u00fcrliche","og_url":"https:\/\/www.strassenweb.de\/nachrichten\/courteney-cox-bietet-die-ultimative-inspiration-fuer-die-dekoration-mit-schwarz-und-zeigt-wie-holz-eine-kueche-geerdet-und-muehelos-elegant-halten-kann\/","og_site_name":"Stra\u00dfenweb","article_publisher":"https:\/\/www.facebook.com\/strassenweb\/","article_published_time":"2025-09-20T17:42:49+00:00","og_image":[{"width":1600,"height":900,"url":"https:\/\/www.strassenweb.de\/nachrichten\/wp-content\/uploads\/2025\/07\/orv5iqWC8UWA5tGqL9CkE4.jpg","type":"image\/jpeg"}],"author":"Robert Hoffmann","twitter_card":"summary_large_image","twitter_misc":{"Verfasst von":"Robert Hoffmann","Gesch\u00e4tzte Lesezeit":"2\u00a0Minuten"},"schema":{"@context":"https:\/\/schema.org","@graph":[{"@type":"Article","@id":"https:\/\/www.strassenweb.de\/nachrichten\/courteney-cox-bietet-die-ultimative-inspiration-fuer-die-dekoration-mit-schwarz-und-zeigt-wie-holz-eine-kueche-geerdet-und-muehelos-elegant-halten-kann\/#article","isPartOf":{"@id":"https:\/\/www.strassenweb.de\/nachrichten\/courteney-cox-bietet-die-ultimative-inspiration-fuer-die-dekoration-mit-schwarz-und-zeigt-wie-holz-eine-kueche-geerdet-und-muehelos-elegant-halten-kann\/"},"author":{"name":"Robert Hoffmann","@id":"https:\/\/www.strassenweb.de\/nachrichten\/#\/schema\/person\/87c9c9067f1211da429a744dc5a5aa41"},"headline":"Courteney Cox bietet die ultimative Inspiration f\u00fcr die Dekoration mit Schwarz und zeigt, wie Holz eine K\u00fcche geerdet und m\u00fchelos elegant halten kann","datePublished":"2025-09-20T17:42:49+00:00","mainEntityOfPage":{"@id":"https:\/\/www.strassenweb.de\/nachrichten\/courteney-cox-bietet-die-ultimative-inspiration-fuer-die-dekoration-mit-schwarz-und-zeigt-wie-holz-eine-kueche-geerdet-und-muehelos-elegant-halten-kann\/"},"wordCount":360,"publisher":{"@id":"https:\/\/www.strassenweb.de\/nachrichten\/#organization"},"image":{"@id":"https:\/\/www.strassenweb.de\/nachrichten\/courteney-cox-bietet-die-ultimative-inspiration-fuer-die-dekoration-mit-schwarz-und-zeigt-wie-holz-eine-kueche-geerdet-und-muehelos-elegant-halten-kann\/#primaryimage"},"thumbnailUrl":"https:\/\/www.strassenweb.de\/nachrichten\/wp-content\/uploads\/2025\/07\/orv5iqWC8UWA5tGqL9CkE4.jpg","keywords":["bietet","Courteney","Cox","Dekoration","die","eine","elegant","f\u00fcr","geerdet","halten","Holz","Inspiration","kann","K\u00fcche","mit","m\u00fchelos","schwarz","ultimative","und","Wie","zeigt"],"articleSection":["Haus &amp; Garten"],"inLanguage":"de"},{"@type":"WebPage","@id":"https:\/\/www.strassenweb.de\/nachrichten\/courteney-cox-bietet-die-ultimative-inspiration-fuer-die-dekoration-mit-schwarz-und-zeigt-wie-holz-eine-kueche-geerdet-und-muehelos-elegant-halten-kann\/","url":"https:\/\/www.strassenweb.de\/nachrichten\/courteney-cox-bietet-die-ultimative-inspiration-fuer-die-dekoration-mit-schwarz-und-zeigt-wie-holz-eine-kueche-geerdet-und-muehelos-elegant-halten-kann\/","name":"Courteney Cox bietet die ultimative Inspiration f\u00fcr die Dekoration mit Schwarz und zeigt, wie Holz eine K\u00fcche geerdet und m\u00fchelos elegant halten kann - Nachrichten - Stra\u00dfenweb","isPartOf":{"@id":"https:\/\/www.strassenweb.de\/nachrichten\/#website"},"primaryImageOfPage":{"@id":"https:\/\/www.strassenweb.de\/nachrichten\/courteney-cox-bietet-die-ultimative-inspiration-fuer-die-dekoration-mit-schwarz-und-zeigt-wie-holz-eine-kueche-geerdet-und-muehelos-elegant-halten-kann\/#primaryimage"},"image":{"@id":"https:\/\/www.strassenweb.de\/nachrichten\/courteney-cox-bietet-die-ultimative-inspiration-fuer-die-dekoration-mit-schwarz-und-zeigt-wie-holz-eine-kueche-geerdet-und-muehelos-elegant-halten-kann\/#primaryimage"},"thumbnailUrl":"https:\/\/www.strassenweb.de\/nachrichten\/wp-content\/uploads\/2025\/07\/orv5iqWC8UWA5tGqL9CkE4.jpg","datePublished":"2025-09-20T17:42:49+00:00","breadcrumb":{"@id":"https:\/\/www.strassenweb.de\/nachrichten\/courteney-cox-bietet-die-ultimative-inspiration-fuer-die-dekoration-mit-schwarz-und-zeigt-wie-holz-eine-kueche-geerdet-und-muehelos-elegant-halten-kann\/#breadcrumb"},"inLanguage":"de","potentialAction":[{"@type":"ReadAction","target":["https:\/\/www.strassenweb.de\/nachrichten\/courteney-cox-bietet-die-ultimative-inspiration-fuer-die-dekoration-mit-schwarz-und-zeigt-wie-holz-eine-kueche-geerdet-und-muehelos-elegant-halten-kann\/"]}]},{"@type":"ImageObject","inLanguage":"de","@id":"https:\/\/www.strassenweb.de\/nachrichten\/courteney-cox-bietet-die-ultimative-inspiration-fuer-die-dekoration-mit-schwarz-und-zeigt-wie-holz-eine-kueche-geerdet-und-muehelos-elegant-halten-kann\/#primaryimage","url":"https:\/\/www.strassenweb.de\/nachrichten\/wp-content\/uploads\/2025\/07\/orv5iqWC8UWA5tGqL9CkE4.jpg","contentUrl":"https:\/\/www.strassenweb.de\/nachrichten\/wp-content\/uploads\/2025\/07\/orv5iqWC8UWA5tGqL9CkE4.jpg","width":1600,"height":900,"caption":"Courteney Cox"},{"@type":"BreadcrumbList","@id":"https:\/\/www.strassenweb.de\/nachrichten\/courteney-cox-bietet-die-ultimative-inspiration-fuer-die-dekoration-mit-schwarz-und-zeigt-wie-holz-eine-kueche-geerdet-und-muehelos-elegant-halten-kann\/#breadcrumb","itemListElement":[{"@type":"ListItem","position":1,"name":"Home","item":"https:\/\/www.strassenweb.de\/nachrichten\/"},{"@type":"ListItem","position":2,"name":"Courteney Cox bietet die ultimative Inspiration f\u00fcr die Dekoration mit Schwarz und zeigt, wie Holz eine K\u00fcche geerdet und m\u00fchelos elegant halten kann"}]},{"@type":"WebSite","@id":"https:\/\/www.strassenweb.de\/nachrichten\/#website","url":"https:\/\/www.strassenweb.de\/nachrichten\/","name":"Stra\u00dfenweb","description":"Stra\u00dfenverzeichnis f\u00fcr Deutschland","publisher":{"@id":"https:\/\/www.strassenweb.de\/nachrichten\/#organization"},"potentialAction":[{"@type":"SearchAction","target":{"@type":"EntryPoint","urlTemplate":"https:\/\/www.strassenweb.de\/nachrichten\/?s={search_term_string}"},"query-input":{"@type":"PropertyValueSpecification","valueRequired":true,"valueName":"search_term_string"}}],"inLanguage":"de"},{"@type":"Organization","@id":"https:\/\/www.strassenweb.de\/nachrichten\/#organization","name":"Stra\u00dfenweb","url":"https:\/\/www.strassenweb.de\/nachrichten\/","logo":{"@type":"ImageObject","inLanguage":"de","@id":"https:\/\/www.strassenweb.de\/nachrichten\/#\/schema\/logo\/image\/","url":"https:\/\/www.strassenweb.de\/nachrichten\/wp-content\/uploads\/2024\/09\/cropped-favicon.png","contentUrl":"https:\/\/www.strassenweb.de\/nachrichten\/wp-content\/uploads\/2024\/09\/cropped-favicon.png","width":512,"height":512,"caption":"Stra\u00dfenweb"},"image":{"@id":"https:\/\/www.strassenweb.de\/nachrichten\/#\/schema\/logo\/image\/"},"sameAs":["https:\/\/www.facebook.com\/strassenweb\/"]},{"@type":"Person","@id":"https:\/\/www.strassenweb.de\/nachrichten\/#\/schema\/person\/87c9c9067f1211da429a744dc5a5aa41","name":"Robert Hoffmann","image":{"@type":"ImageObject","inLanguage":"de","@id":"https:\/\/www.strassenweb.de\/nachrichten\/wp-content\/uploads\/2024\/09\/strassenweb-150x150.jpg","url":"https:\/\/www.strassenweb.de\/nachrichten\/wp-content\/uploads\/2024\/09\/strassenweb-150x150.jpg","contentUrl":"https:\/\/www.strassenweb.de\/nachrichten\/wp-content\/uploads\/2024\/09\/strassenweb-150x150.jpg","caption":"Robert Hoffmann"},"description":"Ich hei\u00dfe Robert Hoffmann und ich bin ein leidenschaftlicher Verfechter von \u00d6kologie und Biodiversit\u00e4t. Seit meiner Kindheit in den W\u00e4ldern Bayerns f\u00fchle ich mich mit der Natur verbunden und bin entschlossen, sie zu sch\u00fctzen. Heute widme ich mein Leben der Sensibilisierung anderer f\u00fcr die Bedeutung des Umweltschutzes f\u00fcr zuk\u00fcnftige Generationen.","sameAs":["https:\/\/www.strassenweb.de\/"]}]}},"_links":{"self":[{"href":"https:\/\/www.strassenweb.de\/nachrichten\/wp-json\/wp\/v2\/posts\/7861","targetHints":{"allow":["GET"]}}],"collection":[{"href":"https:\/\/www.strassenweb.de\/nachrichten\/wp-json\/wp\/v2\/posts"}],"about":[{"href":"https:\/\/www.strassenweb.de\/nachrichten\/wp-json\/wp\/v2\/types\/post"}],"author":[{"embeddable":true,"href":"https:\/\/www.strassenweb.de\/nachrichten\/wp-json\/wp\/v2\/users\/1"}],"replies":[{"embeddable":true,"href":"https:\/\/www.strassenweb.de\/nachrichten\/wp-json\/wp\/v2\/comments?post=7861"}],"version-history":[{"count":0,"href":"https:\/\/www.strassenweb.de\/nachrichten\/wp-json\/wp\/v2\/posts\/7861\/revisions"}],"wp:featuredmedia":[{"embeddable":true,"href":"https:\/\/www.strassenweb.de\/nachrichten\/wp-json\/wp\/v2\/media\/7862"}],"wp:attachment":[{"href":"https:\/\/www.strassenweb.de\/nachrichten\/wp-json\/wp\/v2\/media?parent=7861"}],"wp:term":[{"taxonomy":"category","embeddable":true,"href":"https:\/\/www.strassenweb.de\/nachrichten\/wp-json\/wp\/v2\/categories?post=7861"},{"taxonomy":"post_tag","embeddable":true,"href":"https:\/\/www.strassenweb.de\/nachrichten\/wp-json\/wp\/v2\/tags?post=7861"}],"curies":[{"name":"wp","href":"https:\/\/api.w.org\/{rel}","templated":true}]}}