{"id":786,"date":"2024-10-10T07:55:05","date_gmt":"2024-10-10T05:55:05","guid":{"rendered":"https:\/\/www.strassenweb.de\/nachrichten\/diese-woche-wird-in-ottawa-ueber-ein-globales-kunststoffabkommen-verhandelt-hier-ist-das-neueste\/"},"modified":"2024-10-10T07:55:05","modified_gmt":"2024-10-10T05:55:05","slug":"diese-woche-wird-in-ottawa-ueber-ein-globales-kunststoffabkommen-verhandelt-hier-ist-das-neueste","status":"publish","type":"post","link":"https:\/\/www.strassenweb.de\/nachrichten\/diese-woche-wird-in-ottawa-ueber-ein-globales-kunststoffabkommen-verhandelt-hier-ist-das-neueste\/","title":{"rendered":"Diese Woche wird in Ottawa \u00fcber ein globales Kunststoffabkommen verhandelt \u2013 hier ist das Neueste"},"content":{"rendered":"<p>Die Plastikverschmutzung ist auf der ganzen Welt verbreitet, doch die nationalen Ma\u00dfnahmen sind im Allgemeinen nicht effektiv genug und haben sich bisher haupts\u00e4chlich auf die Abfallbewirtschaftung konzentriert, anstatt auf die eigentliche Ursache einzugehen. Erschwerend kommt hinzu, dass der weltweite Handel mit Kunststoffabf\u00e4llen dazu f\u00fchrt, dass Abf\u00e4lle in Teile der Welt gelangen, in denen die Kapazit\u00e4ten zur Abfallbeseitigung am geringsten sind.<\/p>\n<p>Auf dieser Grundlage verabschiedeten im M\u00e4rz 2022 fast 200 Nationen einen historischen Beschluss, um bis Ende 2024 ein neues globales und rechtsverbindliches Abkommen oder einen neuen Vertrag auszuarbeiten.<\/p>\n<p>Der Schwerpunkt des globalen Kunststoffabkommens liegt auf der Beendigung der Plastikverschmutzung und nicht auf der Abschaffung der Verwendung von Kunststoffen. Das Mandat sieht vor, dass die Vereinbarung den gesamten Lebenszyklus von Kunststoffen umfassen soll, der von der Ressourcengewinnung und der Materialproduktion \u00fcber die Gestaltung, den Verkauf und die Verwendung von Produkten bis hin zur Abfallbewirtschaftung reicht. Da jedoch die j\u00fcngsten wichtigen Verhandlungen vom 23. bis 29. April in Ottawa (Kanada) beginnen, bleibt die Form des Vertrags unklar.<\/p>\n<h2 class=\"wp-block-heading\">Spaltende Positionen<\/h2>\n<p>Zwischen den Verhandlungen in Kanada und einer Abschlussrunde im s\u00fcdkoreanischen Busan im November verbleiben nur noch 14 Tage Diskussionszeit. Der Zeitplan wird immer anspruchsvoller. Die Verhandlungsf\u00fchrer m\u00fcssen diese Woche rasche und bedeutende Fortschritte auf dem Weg zu einem umfassenden Vertrag machen.<\/p>\n<p>Es gibt eine breite Kluft zwischen den L\u00e4ndern, die von L\u00e4ndern mit \u201egeringen Ambitionen\u201c, die den Fortschritt behindert haben, bis hin zu einer Koalition mit hohen Ambitionen (angef\u00fchrt von Ruanda und Norwegen) reicht. Diese Ungleichheit bedeutet, dass unklar ist, wo der Vertrag landen wird.<\/p>\n<p>Wird es ehrgeizig sein und strenge verbindliche Ma\u00dfnahmen umfassen, die sich auf alle Phasen des Kunststofflebenszyklus konzentrieren (einschlie\u00dflich der \u201evorgelagerten\u201c Phasen im Zusammenhang mit der Ressourcengewinnung, -herstellung und -verarbeitung)? Oder wird es ein schw\u00e4cherer Vertrag sein, mit freiwilligen und von den L\u00e4ndern geleiteten Ma\u00dfnahmen, die sich haupts\u00e4chlich auf die Abfallbewirtschaftung und die Vermeidung von Umweltverschmutzung konzentrieren (die \u201enachgelagerten\u201c Phasen)?<\/p>\n<p>Sofern derzeit kein Konsens erzielt wird, k\u00f6nnen einige wenige Nationen den Prozess ablehnen oder blockieren. In dieser Verhandlungsrunde m\u00fcssen also Verfahrensverz\u00f6gerungen \u00fcberwunden und ein ausgewogener Ansatz angestrebt werden, der unterschiedliche nationale Interessen respektiert und dennoch zu einem lohnenswerten Vertrag f\u00fchrt.<\/p>\n<h2 class=\"wp-block-heading\">Stimmen im Raum<\/h2>\n<p>Es gibt einen st\u00e4ndigen Dialog dar\u00fcber, welche Stimmen anwesend sind und welche Einfluss die Regierungen haben. Bei einer vorherigen Verhandlungsrunde in Paris waren rund 190 Branchenvertreter anwesend, bei der j\u00fcngsten Verhandlungsrunde in Nairobi waren es 143. Die starke Pr\u00e4senz der Industrie und ihre F\u00e4higkeit, Einfluss auf Regierungen zu nehmen, sorgt weiterhin f\u00fcr Feindseligkeit.<\/p>\n<p>Einige argumentieren, dass es von Vorteil sei, die Industrie in den Prozess einzubeziehen. Andere sagen, dass die betr\u00e4chtlichen Ressourcen der Branche die faire Vertretung und den Einfluss von B\u00fcrgerrechts- und Nichtregierungsorganisationen, die sich f\u00fcr diejenigen einsetzen, die die Hauptlast der Plastikverschmutzung tragen, schm\u00e4lern. Wenn die Industrie so stark vertreten ist, muss noch viel getan werden, um die Stimmen von B\u00fcrgerrechtsgruppen, NGOs und evidenzbasierten Beitr\u00e4gen von Wissenschaftlern zu st\u00e4rken.<\/p>\n<figure class=\"wp-block-image\"><img decoding=\"async\" src=\"https:\/\/www.strassenweb.de\/nachrichten\/wp-content\/uploads\/2024\/10\/Diese-Woche-wird-in-Ottawa-ueber-ein-globales-Kunststoffabkommen-verhandelt.0&#038;q=45&#038;auto=format&#038;w=754&#038;fit=clip.jpeg\" alt=\"Mann h\u00e4lt Schild mit der Aufschrift \u201ePlastik = Verlust der Artenvielfalt\u201c\"><\/figure>\n<h2 class=\"wp-block-heading\">Finanzierung der Umsetzung<\/h2>\n<p>Wie die im Vertrag festgelegten Ma\u00dfnahmen bezahlt werden, muss noch festgelegt werden und k\u00f6nnte ein gro\u00dfes Hindernis darstellen. Ohne finanzielle Unterst\u00fctzung besteht ein erhebliches Risiko, dass selbst gut gemeinte Ma\u00dfnahmen scheitern.<\/p>\n<p>Ein gut strukturierter Finanzrahmen k\u00f6nnte Transparenz und Rechenschaftspflicht durch eine Mischung aus privaten und \u00f6ffentlichen Finanzen oder neuartigen Mechanismen wie Plastikverschmutzungsgeb\u00fchren gew\u00e4hrleisten. Finanzinstitute sind bereits an Bord, aber um ein g\u00fcnstiges Investitionsumfeld zu schaffen, sind starke gesetzliche Vorgaben erforderlich. Die \u00dcberwindung dieser H\u00fcrde wird in Ottawa von entscheidender Bedeutung sein.<\/p>\n<h2 class=\"wp-block-heading\">Abkehr von der Abfallwirtschaft<\/h2>\n<p>Es gibt ein starkes Argument seitens der petrochemischen und fossilen Brennstoffindustrie sowie einiger L\u00e4nder mit geringeren Ambitionen, dass sich das Abkommen auf die Abfallbewirtschaftung sowie verbesserte Sammel-, Recycling- und Beseitigungstechnologien konzentrieren sollte. Die Kunststoffproduktion ist jedoch so gro\u00df, dass L\u00f6sungen zur Vermeidung oder Bew\u00e4ltigung von Kunststoffabf\u00e4llen und -verschmutzung nicht mithalten k\u00f6nnen und die globale Kunststoffverschmutzung langfristig nur um 7 % reduzieren werden.<\/p>\n<p>Stattdessen m\u00fcssen die Verhandlungsf\u00fchrer mutig sein und die Plastikverschmutzung an der Quelle bek\u00e4mpfen, indem sie verbindliche Ziele zur Reduzierung der Produktion festlegen. Eine deutliche Reduzierung und Vereinfachung der giftigen Chemikalien, die bei der Herstellung von Prim\u00e4rkunststoffpolymeren selbst verwendet werden, ist eine weitere Priorit\u00e4t.<\/p>\n<p>Reduzierungsziele sollten sich auch auf die Herstellung von Produkten, den Verkauf, den Vertrieb sowie den Import und Export beziehen. Vorgelagerte Ma\u00dfnahmen zur Reduzierung nicht notwendiger Kunststoffe, neuer Kunststoffe und sch\u00e4dlicher Zusatzstoffe werden die Wiederverwendbarkeit und Recyclingf\u00e4higkeit erh\u00f6hen. Dies sind grundlegende Schritte zur Beendigung der Plastikverschmutzung, indem die Ursache und nicht die Symptome angegangen werden.<\/p>\n<h2 class=\"wp-block-heading\">Wiederverwendung als m\u00f6glicher fr\u00fcher Sieg<\/h2>\n<p>\u201eWiederverwendung\u201c k\u00f6nnte im Vertrag verankert sein. Nicht zu verwechseln mit Recycling oder Nachf\u00fcllen. Bei der Wiederverwendung geht es um die wiederholte Verwendung von Gegenst\u00e4nden in ihrer aktuellen Form, wodurch die Nachfrage nach neuer Kunststoffproduktion f\u00fcr Einwegprodukte oder -verpackungen verringert wird. In bestimmten Anwendungen wie Verpackungen f\u00fcr Lebensmittel, Getr\u00e4nke, Kosmetika und Paketverpackungen k\u00f6nnte die Kunststoffproduktion letztendlich um bis zu 75 % reduziert werden.<\/p>\n<p>Die Wiederverwendung w\u00e4re f\u00fcr die meisten L\u00e4nder relativ angenehm, insbesondere im Vergleich zu spaltenden Ma\u00dfnahmen wie Produktionsobergrenzen oder v\u00f6lligen Verboten bestimmter Artikel oder Materialien. Diese umstritteneren Ans\u00e4tze k\u00f6nnen den Fortschritt behindern, da sie mit unterschiedlichen nationalen Interessen und wirtschaftlichen \u00dcberlegungen konfrontiert werden. Im Gegensatz dazu ist die Zustimmung zur Einf\u00fchrung von Wiederverwendungssystemen an Orten wie Restaurants oder \u00f6ffentlichen Geb\u00e4uden im Rahmen sehr komplizierter politischer Verhandlungen ein einfacher Erfolg.<\/p>\n<p>In Ottawa m\u00fcssen die Verhandlungsf\u00fchrer einen fokussierten, kooperativen Ansatz verfolgen und Verfahrensverz\u00f6gerungen beseitigen, um die dringenden Fristen und kritischen Anforderungen des Vertrags einzuhalten, und sicherstellen, dass die Zeit so effizient wie m\u00f6glich genutzt wird, um Ergebnisse zu erzielen, die tats\u00e4chlich zur Beendigung der Plastikverschmutzung beitragen .<\/p>\n<hr class=\"wp-block-separator has-alpha-channel-opacity\">\n<p>Antaya March, leitende Forscherin \u2013 Global Plastics Policy Centre, <em>Universit\u00e4t Portsmouth<\/em>; Cressida Bowyer, au\u00dferordentliche Professorin f\u00fcr Kunst und Nachhaltigkeit, <em>Universit\u00e4t Portsmouth<\/em>und Steve Fletcher, Professor f\u00fcr Meerespolitik und -\u00f6konomie, <em>Universit\u00e4t Portsmouth<\/em><\/p>\n<p>  wird von The Conversation unter einer Creative Commons-Lizenz erneut ver\u00f6ffentlicht. <\/p>\n<p>: MOHAMED ABDULRAHEEM \/ Shutterstock<\/p>\n","protected":false},"excerpt":{"rendered":"<p>Die Plastikverschmutzung ist auf der ganzen Welt verbreitet, doch die nationalen Ma\u00dfnahmen sind im Allgemeinen nicht effektiv genug und haben sich bisher haupts\u00e4chlich auf die<\/p>\n","protected":false},"author":1,"featured_media":0,"comment_status":"","ping_status":"","sticky":false,"template":"","format":"standard","meta":{"footnotes":""},"categories":[101],"tags":[112,143,43,1565,163,15,1566,1568,1564,260,1567,71,144],"class_list":["post-786","post","type-post","status-publish","format-standard","hentry","category-oekologie","tag-das","tag-diese","tag-ein","tag-globales","tag-hier","tag-ist","tag-kunststoffabkommen","tag-neueste","tag-ottawa","tag-ueber","tag-verhandelt","tag-wird","tag-woche","generate-columns","tablet-grid-50","mobile-grid-100","grid-parent","grid-50"],"yoast_head":"<!-- This site is optimized with the Yoast SEO plugin v27.3 - https:\/\/yoast.com\/product\/yoast-seo-wordpress\/ -->\n<title>Diese Woche wird in Ottawa \u00fcber ein globales Kunststoffabkommen verhandelt \u2013 hier ist das Neueste - Nachrichten - Stra\u00dfenweb<\/title>\n<meta name=\"robots\" content=\"index, follow, max-snippet:-1, max-image-preview:large, max-video-preview:-1\" \/>\n<link rel=\"canonical\" href=\"https:\/\/www.strassenweb.de\/nachrichten\/diese-woche-wird-in-ottawa-ueber-ein-globales-kunststoffabkommen-verhandelt-hier-ist-das-neueste\/\" \/>\n<meta property=\"og:locale\" content=\"de_DE\" \/>\n<meta property=\"og:type\" content=\"article\" \/>\n<meta property=\"og:title\" content=\"Diese Woche wird in Ottawa \u00fcber ein globales Kunststoffabkommen verhandelt \u2013 hier ist das Neueste - Nachrichten - Stra\u00dfenweb\" \/>\n<meta property=\"og:description\" content=\"Die Plastikverschmutzung ist auf der ganzen Welt verbreitet, doch die nationalen Ma\u00dfnahmen sind im Allgemeinen nicht effektiv genug und haben sich bisher haupts\u00e4chlich auf die\" \/>\n<meta property=\"og:url\" content=\"https:\/\/www.strassenweb.de\/nachrichten\/diese-woche-wird-in-ottawa-ueber-ein-globales-kunststoffabkommen-verhandelt-hier-ist-das-neueste\/\" \/>\n<meta property=\"og:site_name\" content=\"Stra\u00dfenweb\" \/>\n<meta property=\"article:publisher\" content=\"https:\/\/www.facebook.com\/strassenweb\/\" \/>\n<meta property=\"article:published_time\" content=\"2024-10-10T05:55:05+00:00\" \/>\n<meta property=\"og:image\" content=\"https:\/\/www.strassenweb.de\/nachrichten\/wp-content\/uploads\/2024\/10\/Diese-Woche-wird-in-Ottawa-ueber-ein-globales-Kunststoffabkommen-verhandelt.0&q=45&auto=format&w=754&fit=clip.jpeg\" \/>\n<meta name=\"author\" content=\"Robert Hoffmann\" \/>\n<meta name=\"twitter:card\" content=\"summary_large_image\" \/>\n<meta name=\"twitter:label1\" content=\"Verfasst von\" \/>\n\t<meta name=\"twitter:data1\" content=\"Robert Hoffmann\" \/>\n\t<meta name=\"twitter:label2\" content=\"Gesch\u00e4tzte Lesezeit\" \/>\n\t<meta name=\"twitter:data2\" content=\"5\u00a0Minuten\" \/>\n<script type=\"application\/ld+json\" class=\"yoast-schema-graph\">{\"@context\":\"https:\\\/\\\/schema.org\",\"@graph\":[{\"@type\":\"Article\",\"@id\":\"https:\\\/\\\/www.strassenweb.de\\\/nachrichten\\\/diese-woche-wird-in-ottawa-ueber-ein-globales-kunststoffabkommen-verhandelt-hier-ist-das-neueste\\\/#article\",\"isPartOf\":{\"@id\":\"https:\\\/\\\/www.strassenweb.de\\\/nachrichten\\\/diese-woche-wird-in-ottawa-ueber-ein-globales-kunststoffabkommen-verhandelt-hier-ist-das-neueste\\\/\"},\"author\":{\"name\":\"Robert Hoffmann\",\"@id\":\"https:\\\/\\\/www.strassenweb.de\\\/nachrichten\\\/#\\\/schema\\\/person\\\/87c9c9067f1211da429a744dc5a5aa41\"},\"headline\":\"Diese Woche wird in Ottawa \u00fcber ein globales Kunststoffabkommen verhandelt \u2013 hier ist das Neueste\",\"datePublished\":\"2024-10-10T05:55:05+00:00\",\"mainEntityOfPage\":{\"@id\":\"https:\\\/\\\/www.strassenweb.de\\\/nachrichten\\\/diese-woche-wird-in-ottawa-ueber-ein-globales-kunststoffabkommen-verhandelt-hier-ist-das-neueste\\\/\"},\"wordCount\":1038,\"publisher\":{\"@id\":\"https:\\\/\\\/www.strassenweb.de\\\/nachrichten\\\/#organization\"},\"image\":{\"@id\":\"https:\\\/\\\/www.strassenweb.de\\\/nachrichten\\\/diese-woche-wird-in-ottawa-ueber-ein-globales-kunststoffabkommen-verhandelt-hier-ist-das-neueste\\\/#primaryimage\"},\"thumbnailUrl\":\"https:\\\/\\\/www.strassenweb.de\\\/nachrichten\\\/wp-content\\\/uploads\\\/2024\\\/10\\\/Diese-Woche-wird-in-Ottawa-ueber-ein-globales-Kunststoffabkommen-verhandelt.0&q=45&auto=format&w=754&fit=clip.jpeg\",\"keywords\":[\"das\",\"diese\",\"ein\",\"globales\",\"hier\",\"ist\",\"Kunststoffabkommen\",\"Neueste\",\"Ottawa\",\"\u00fcber\",\"verhandelt\",\"wird\",\"Woche\"],\"articleSection\":[\"\u00d6kologie\"],\"inLanguage\":\"de\"},{\"@type\":\"WebPage\",\"@id\":\"https:\\\/\\\/www.strassenweb.de\\\/nachrichten\\\/diese-woche-wird-in-ottawa-ueber-ein-globales-kunststoffabkommen-verhandelt-hier-ist-das-neueste\\\/\",\"url\":\"https:\\\/\\\/www.strassenweb.de\\\/nachrichten\\\/diese-woche-wird-in-ottawa-ueber-ein-globales-kunststoffabkommen-verhandelt-hier-ist-das-neueste\\\/\",\"name\":\"Diese Woche wird in Ottawa \u00fcber ein globales Kunststoffabkommen verhandelt \u2013 hier ist das Neueste - Nachrichten - Stra\u00dfenweb\",\"isPartOf\":{\"@id\":\"https:\\\/\\\/www.strassenweb.de\\\/nachrichten\\\/#website\"},\"primaryImageOfPage\":{\"@id\":\"https:\\\/\\\/www.strassenweb.de\\\/nachrichten\\\/diese-woche-wird-in-ottawa-ueber-ein-globales-kunststoffabkommen-verhandelt-hier-ist-das-neueste\\\/#primaryimage\"},\"image\":{\"@id\":\"https:\\\/\\\/www.strassenweb.de\\\/nachrichten\\\/diese-woche-wird-in-ottawa-ueber-ein-globales-kunststoffabkommen-verhandelt-hier-ist-das-neueste\\\/#primaryimage\"},\"thumbnailUrl\":\"https:\\\/\\\/www.strassenweb.de\\\/nachrichten\\\/wp-content\\\/uploads\\\/2024\\\/10\\\/Diese-Woche-wird-in-Ottawa-ueber-ein-globales-Kunststoffabkommen-verhandelt.0&q=45&auto=format&w=754&fit=clip.jpeg\",\"datePublished\":\"2024-10-10T05:55:05+00:00\",\"breadcrumb\":{\"@id\":\"https:\\\/\\\/www.strassenweb.de\\\/nachrichten\\\/diese-woche-wird-in-ottawa-ueber-ein-globales-kunststoffabkommen-verhandelt-hier-ist-das-neueste\\\/#breadcrumb\"},\"inLanguage\":\"de\",\"potentialAction\":[{\"@type\":\"ReadAction\",\"target\":[\"https:\\\/\\\/www.strassenweb.de\\\/nachrichten\\\/diese-woche-wird-in-ottawa-ueber-ein-globales-kunststoffabkommen-verhandelt-hier-ist-das-neueste\\\/\"]}]},{\"@type\":\"ImageObject\",\"inLanguage\":\"de\",\"@id\":\"https:\\\/\\\/www.strassenweb.de\\\/nachrichten\\\/diese-woche-wird-in-ottawa-ueber-ein-globales-kunststoffabkommen-verhandelt-hier-ist-das-neueste\\\/#primaryimage\",\"url\":\"https:\\\/\\\/www.strassenweb.de\\\/nachrichten\\\/wp-content\\\/uploads\\\/2024\\\/10\\\/Diese-Woche-wird-in-Ottawa-ueber-ein-globales-Kunststoffabkommen-verhandelt.0&q=45&auto=format&w=754&fit=clip.jpeg\",\"contentUrl\":\"https:\\\/\\\/www.strassenweb.de\\\/nachrichten\\\/wp-content\\\/uploads\\\/2024\\\/10\\\/Diese-Woche-wird-in-Ottawa-ueber-ein-globales-Kunststoffabkommen-verhandelt.0&q=45&auto=format&w=754&fit=clip.jpeg\"},{\"@type\":\"BreadcrumbList\",\"@id\":\"https:\\\/\\\/www.strassenweb.de\\\/nachrichten\\\/diese-woche-wird-in-ottawa-ueber-ein-globales-kunststoffabkommen-verhandelt-hier-ist-das-neueste\\\/#breadcrumb\",\"itemListElement\":[{\"@type\":\"ListItem\",\"position\":1,\"name\":\"Home\",\"item\":\"https:\\\/\\\/www.strassenweb.de\\\/nachrichten\\\/\"},{\"@type\":\"ListItem\",\"position\":2,\"name\":\"Diese Woche wird in Ottawa \u00fcber ein globales Kunststoffabkommen verhandelt \u2013 hier ist das Neueste\"}]},{\"@type\":\"WebSite\",\"@id\":\"https:\\\/\\\/www.strassenweb.de\\\/nachrichten\\\/#website\",\"url\":\"https:\\\/\\\/www.strassenweb.de\\\/nachrichten\\\/\",\"name\":\"Stra\u00dfenweb\",\"description\":\"Stra\u00dfenverzeichnis f\u00fcr Deutschland\",\"publisher\":{\"@id\":\"https:\\\/\\\/www.strassenweb.de\\\/nachrichten\\\/#organization\"},\"potentialAction\":[{\"@type\":\"SearchAction\",\"target\":{\"@type\":\"EntryPoint\",\"urlTemplate\":\"https:\\\/\\\/www.strassenweb.de\\\/nachrichten\\\/?s={search_term_string}\"},\"query-input\":{\"@type\":\"PropertyValueSpecification\",\"valueRequired\":true,\"valueName\":\"search_term_string\"}}],\"inLanguage\":\"de\"},{\"@type\":\"Organization\",\"@id\":\"https:\\\/\\\/www.strassenweb.de\\\/nachrichten\\\/#organization\",\"name\":\"Stra\u00dfenweb\",\"url\":\"https:\\\/\\\/www.strassenweb.de\\\/nachrichten\\\/\",\"logo\":{\"@type\":\"ImageObject\",\"inLanguage\":\"de\",\"@id\":\"https:\\\/\\\/www.strassenweb.de\\\/nachrichten\\\/#\\\/schema\\\/logo\\\/image\\\/\",\"url\":\"https:\\\/\\\/www.strassenweb.de\\\/nachrichten\\\/wp-content\\\/uploads\\\/2024\\\/09\\\/cropped-favicon.png\",\"contentUrl\":\"https:\\\/\\\/www.strassenweb.de\\\/nachrichten\\\/wp-content\\\/uploads\\\/2024\\\/09\\\/cropped-favicon.png\",\"width\":512,\"height\":512,\"caption\":\"Stra\u00dfenweb\"},\"image\":{\"@id\":\"https:\\\/\\\/www.strassenweb.de\\\/nachrichten\\\/#\\\/schema\\\/logo\\\/image\\\/\"},\"sameAs\":[\"https:\\\/\\\/www.facebook.com\\\/strassenweb\\\/\"]},{\"@type\":\"Person\",\"@id\":\"https:\\\/\\\/www.strassenweb.de\\\/nachrichten\\\/#\\\/schema\\\/person\\\/87c9c9067f1211da429a744dc5a5aa41\",\"name\":\"Robert Hoffmann\",\"image\":{\"@type\":\"ImageObject\",\"inLanguage\":\"de\",\"@id\":\"https:\\\/\\\/www.strassenweb.de\\\/nachrichten\\\/wp-content\\\/uploads\\\/2024\\\/09\\\/strassenweb-150x150.jpg\",\"url\":\"https:\\\/\\\/www.strassenweb.de\\\/nachrichten\\\/wp-content\\\/uploads\\\/2024\\\/09\\\/strassenweb-150x150.jpg\",\"contentUrl\":\"https:\\\/\\\/www.strassenweb.de\\\/nachrichten\\\/wp-content\\\/uploads\\\/2024\\\/09\\\/strassenweb-150x150.jpg\",\"caption\":\"Robert Hoffmann\"},\"description\":\"Ich hei\u00dfe Robert Hoffmann und ich bin ein leidenschaftlicher Verfechter von \u00d6kologie und Biodiversit\u00e4t. Seit meiner Kindheit in den W\u00e4ldern Bayerns f\u00fchle ich mich mit der Natur verbunden und bin entschlossen, sie zu sch\u00fctzen. Heute widme ich mein Leben der Sensibilisierung anderer f\u00fcr die Bedeutung des Umweltschutzes f\u00fcr zuk\u00fcnftige Generationen.\",\"sameAs\":[\"https:\\\/\\\/www.strassenweb.de\\\/\"]}]}<\/script>\n<!-- \/ Yoast SEO plugin. -->","yoast_head_json":{"title":"Diese Woche wird in Ottawa \u00fcber ein globales Kunststoffabkommen verhandelt \u2013 hier ist das Neueste - Nachrichten - Stra\u00dfenweb","robots":{"index":"index","follow":"follow","max-snippet":"max-snippet:-1","max-image-preview":"max-image-preview:large","max-video-preview":"max-video-preview:-1"},"canonical":"https:\/\/www.strassenweb.de\/nachrichten\/diese-woche-wird-in-ottawa-ueber-ein-globales-kunststoffabkommen-verhandelt-hier-ist-das-neueste\/","og_locale":"de_DE","og_type":"article","og_title":"Diese Woche wird in Ottawa \u00fcber ein globales Kunststoffabkommen verhandelt \u2013 hier ist das Neueste - Nachrichten - Stra\u00dfenweb","og_description":"Die Plastikverschmutzung ist auf der ganzen Welt verbreitet, doch die nationalen Ma\u00dfnahmen sind im Allgemeinen nicht effektiv genug und haben sich bisher haupts\u00e4chlich auf die","og_url":"https:\/\/www.strassenweb.de\/nachrichten\/diese-woche-wird-in-ottawa-ueber-ein-globales-kunststoffabkommen-verhandelt-hier-ist-das-neueste\/","og_site_name":"Stra\u00dfenweb","article_publisher":"https:\/\/www.facebook.com\/strassenweb\/","article_published_time":"2024-10-10T05:55:05+00:00","og_image":[{"url":"https:\/\/www.strassenweb.de\/nachrichten\/wp-content\/uploads\/2024\/10\/Diese-Woche-wird-in-Ottawa-ueber-ein-globales-Kunststoffabkommen-verhandelt.0&q=45&auto=format&w=754&fit=clip.jpeg","type":"","width":"","height":""}],"author":"Robert Hoffmann","twitter_card":"summary_large_image","twitter_misc":{"Verfasst von":"Robert Hoffmann","Gesch\u00e4tzte Lesezeit":"5\u00a0Minuten"},"schema":{"@context":"https:\/\/schema.org","@graph":[{"@type":"Article","@id":"https:\/\/www.strassenweb.de\/nachrichten\/diese-woche-wird-in-ottawa-ueber-ein-globales-kunststoffabkommen-verhandelt-hier-ist-das-neueste\/#article","isPartOf":{"@id":"https:\/\/www.strassenweb.de\/nachrichten\/diese-woche-wird-in-ottawa-ueber-ein-globales-kunststoffabkommen-verhandelt-hier-ist-das-neueste\/"},"author":{"name":"Robert Hoffmann","@id":"https:\/\/www.strassenweb.de\/nachrichten\/#\/schema\/person\/87c9c9067f1211da429a744dc5a5aa41"},"headline":"Diese Woche wird in Ottawa \u00fcber ein globales Kunststoffabkommen verhandelt \u2013 hier ist das Neueste","datePublished":"2024-10-10T05:55:05+00:00","mainEntityOfPage":{"@id":"https:\/\/www.strassenweb.de\/nachrichten\/diese-woche-wird-in-ottawa-ueber-ein-globales-kunststoffabkommen-verhandelt-hier-ist-das-neueste\/"},"wordCount":1038,"publisher":{"@id":"https:\/\/www.strassenweb.de\/nachrichten\/#organization"},"image":{"@id":"https:\/\/www.strassenweb.de\/nachrichten\/diese-woche-wird-in-ottawa-ueber-ein-globales-kunststoffabkommen-verhandelt-hier-ist-das-neueste\/#primaryimage"},"thumbnailUrl":"https:\/\/www.strassenweb.de\/nachrichten\/wp-content\/uploads\/2024\/10\/Diese-Woche-wird-in-Ottawa-ueber-ein-globales-Kunststoffabkommen-verhandelt.0&q=45&auto=format&w=754&fit=clip.jpeg","keywords":["das","diese","ein","globales","hier","ist","Kunststoffabkommen","Neueste","Ottawa","\u00fcber","verhandelt","wird","Woche"],"articleSection":["\u00d6kologie"],"inLanguage":"de"},{"@type":"WebPage","@id":"https:\/\/www.strassenweb.de\/nachrichten\/diese-woche-wird-in-ottawa-ueber-ein-globales-kunststoffabkommen-verhandelt-hier-ist-das-neueste\/","url":"https:\/\/www.strassenweb.de\/nachrichten\/diese-woche-wird-in-ottawa-ueber-ein-globales-kunststoffabkommen-verhandelt-hier-ist-das-neueste\/","name":"Diese Woche wird in Ottawa \u00fcber ein globales Kunststoffabkommen verhandelt \u2013 hier ist das Neueste - Nachrichten - Stra\u00dfenweb","isPartOf":{"@id":"https:\/\/www.strassenweb.de\/nachrichten\/#website"},"primaryImageOfPage":{"@id":"https:\/\/www.strassenweb.de\/nachrichten\/diese-woche-wird-in-ottawa-ueber-ein-globales-kunststoffabkommen-verhandelt-hier-ist-das-neueste\/#primaryimage"},"image":{"@id":"https:\/\/www.strassenweb.de\/nachrichten\/diese-woche-wird-in-ottawa-ueber-ein-globales-kunststoffabkommen-verhandelt-hier-ist-das-neueste\/#primaryimage"},"thumbnailUrl":"https:\/\/www.strassenweb.de\/nachrichten\/wp-content\/uploads\/2024\/10\/Diese-Woche-wird-in-Ottawa-ueber-ein-globales-Kunststoffabkommen-verhandelt.0&q=45&auto=format&w=754&fit=clip.jpeg","datePublished":"2024-10-10T05:55:05+00:00","breadcrumb":{"@id":"https:\/\/www.strassenweb.de\/nachrichten\/diese-woche-wird-in-ottawa-ueber-ein-globales-kunststoffabkommen-verhandelt-hier-ist-das-neueste\/#breadcrumb"},"inLanguage":"de","potentialAction":[{"@type":"ReadAction","target":["https:\/\/www.strassenweb.de\/nachrichten\/diese-woche-wird-in-ottawa-ueber-ein-globales-kunststoffabkommen-verhandelt-hier-ist-das-neueste\/"]}]},{"@type":"ImageObject","inLanguage":"de","@id":"https:\/\/www.strassenweb.de\/nachrichten\/diese-woche-wird-in-ottawa-ueber-ein-globales-kunststoffabkommen-verhandelt-hier-ist-das-neueste\/#primaryimage","url":"https:\/\/www.strassenweb.de\/nachrichten\/wp-content\/uploads\/2024\/10\/Diese-Woche-wird-in-Ottawa-ueber-ein-globales-Kunststoffabkommen-verhandelt.0&q=45&auto=format&w=754&fit=clip.jpeg","contentUrl":"https:\/\/www.strassenweb.de\/nachrichten\/wp-content\/uploads\/2024\/10\/Diese-Woche-wird-in-Ottawa-ueber-ein-globales-Kunststoffabkommen-verhandelt.0&q=45&auto=format&w=754&fit=clip.jpeg"},{"@type":"BreadcrumbList","@id":"https:\/\/www.strassenweb.de\/nachrichten\/diese-woche-wird-in-ottawa-ueber-ein-globales-kunststoffabkommen-verhandelt-hier-ist-das-neueste\/#breadcrumb","itemListElement":[{"@type":"ListItem","position":1,"name":"Home","item":"https:\/\/www.strassenweb.de\/nachrichten\/"},{"@type":"ListItem","position":2,"name":"Diese Woche wird in Ottawa \u00fcber ein globales Kunststoffabkommen verhandelt \u2013 hier ist das Neueste"}]},{"@type":"WebSite","@id":"https:\/\/www.strassenweb.de\/nachrichten\/#website","url":"https:\/\/www.strassenweb.de\/nachrichten\/","name":"Stra\u00dfenweb","description":"Stra\u00dfenverzeichnis f\u00fcr Deutschland","publisher":{"@id":"https:\/\/www.strassenweb.de\/nachrichten\/#organization"},"potentialAction":[{"@type":"SearchAction","target":{"@type":"EntryPoint","urlTemplate":"https:\/\/www.strassenweb.de\/nachrichten\/?s={search_term_string}"},"query-input":{"@type":"PropertyValueSpecification","valueRequired":true,"valueName":"search_term_string"}}],"inLanguage":"de"},{"@type":"Organization","@id":"https:\/\/www.strassenweb.de\/nachrichten\/#organization","name":"Stra\u00dfenweb","url":"https:\/\/www.strassenweb.de\/nachrichten\/","logo":{"@type":"ImageObject","inLanguage":"de","@id":"https:\/\/www.strassenweb.de\/nachrichten\/#\/schema\/logo\/image\/","url":"https:\/\/www.strassenweb.de\/nachrichten\/wp-content\/uploads\/2024\/09\/cropped-favicon.png","contentUrl":"https:\/\/www.strassenweb.de\/nachrichten\/wp-content\/uploads\/2024\/09\/cropped-favicon.png","width":512,"height":512,"caption":"Stra\u00dfenweb"},"image":{"@id":"https:\/\/www.strassenweb.de\/nachrichten\/#\/schema\/logo\/image\/"},"sameAs":["https:\/\/www.facebook.com\/strassenweb\/"]},{"@type":"Person","@id":"https:\/\/www.strassenweb.de\/nachrichten\/#\/schema\/person\/87c9c9067f1211da429a744dc5a5aa41","name":"Robert Hoffmann","image":{"@type":"ImageObject","inLanguage":"de","@id":"https:\/\/www.strassenweb.de\/nachrichten\/wp-content\/uploads\/2024\/09\/strassenweb-150x150.jpg","url":"https:\/\/www.strassenweb.de\/nachrichten\/wp-content\/uploads\/2024\/09\/strassenweb-150x150.jpg","contentUrl":"https:\/\/www.strassenweb.de\/nachrichten\/wp-content\/uploads\/2024\/09\/strassenweb-150x150.jpg","caption":"Robert Hoffmann"},"description":"Ich hei\u00dfe Robert Hoffmann und ich bin ein leidenschaftlicher Verfechter von \u00d6kologie und Biodiversit\u00e4t. Seit meiner Kindheit in den W\u00e4ldern Bayerns f\u00fchle ich mich mit der Natur verbunden und bin entschlossen, sie zu sch\u00fctzen. Heute widme ich mein Leben der Sensibilisierung anderer f\u00fcr die Bedeutung des Umweltschutzes f\u00fcr zuk\u00fcnftige Generationen.","sameAs":["https:\/\/www.strassenweb.de\/"]}]}},"_links":{"self":[{"href":"https:\/\/www.strassenweb.de\/nachrichten\/wp-json\/wp\/v2\/posts\/786","targetHints":{"allow":["GET"]}}],"collection":[{"href":"https:\/\/www.strassenweb.de\/nachrichten\/wp-json\/wp\/v2\/posts"}],"about":[{"href":"https:\/\/www.strassenweb.de\/nachrichten\/wp-json\/wp\/v2\/types\/post"}],"author":[{"embeddable":true,"href":"https:\/\/www.strassenweb.de\/nachrichten\/wp-json\/wp\/v2\/users\/1"}],"replies":[{"embeddable":true,"href":"https:\/\/www.strassenweb.de\/nachrichten\/wp-json\/wp\/v2\/comments?post=786"}],"version-history":[{"count":0,"href":"https:\/\/www.strassenweb.de\/nachrichten\/wp-json\/wp\/v2\/posts\/786\/revisions"}],"wp:attachment":[{"href":"https:\/\/www.strassenweb.de\/nachrichten\/wp-json\/wp\/v2\/media?parent=786"}],"wp:term":[{"taxonomy":"category","embeddable":true,"href":"https:\/\/www.strassenweb.de\/nachrichten\/wp-json\/wp\/v2\/categories?post=786"},{"taxonomy":"post_tag","embeddable":true,"href":"https:\/\/www.strassenweb.de\/nachrichten\/wp-json\/wp\/v2\/tags?post=786"}],"curies":[{"name":"wp","href":"https:\/\/api.w.org\/{rel}","templated":true}]}}