{"id":7855,"date":"2025-09-20T13:44:59","date_gmt":"2025-09-20T11:44:59","guid":{"rendered":"https:\/\/www.strassenweb.de\/nachrichten\/ich-bin-sehr-waehlerisch-in-bezug\/"},"modified":"2025-09-20T13:45:01","modified_gmt":"2025-09-20T11:45:01","slug":"ich-bin-sehr-waehlerisch-in-bezug","status":"publish","type":"post","link":"https:\/\/www.strassenweb.de\/nachrichten\/ich-bin-sehr-waehlerisch-in-bezug\/","title":{"rendered":"Ich bin sehr w\u00e4hlerisch in Bezug"},"content":{"rendered":"<p><\/p>\n<div id=\"article-body\" class=\"article__body \">\n<p id=\"8a7e5e97-6684-4007-ac1e-648a01068812\">In letzter Zeit sind wir alle gefesselt. Knoten sind momentan so ziemlich \u00fcberall: In den Haaren (14 Karat Gold Barrettes, irgendjemand?) In Kleidung (Archiv -Chlo\u00e9 hat sich noch nie sch\u00e4rfer gef\u00fchlt), selbst in Handtaschen (Bottegas Intrecciato -Kupplungen haben einen Tag). Und jetzt sehe ich sie auf Vorh\u00e4ngen.<\/p>\n<div id=\"ad-unit-1\" class=\"ad-unit\"><\/div>\n<p>Ich denke, der Herbst kinne wie eine Taille an der Taille und in etwas Theater, und diese Art von Spektakel erfordert, und diese entspannte, aber luxuri\u00f6se Fensterbehandlungsidee ist etwas, das ich sehr sehr ausprobieren m\u00f6chte.<\/p>\n<aside data-block-type=\"embed\" data-render-type=\"fte\" data-skip=\"dealsy\" data-widget-type=\"seasonal\" class=\"hawk-base\"><\/aside>\n<p id=\"8a7e5e97-6684-4007-ac1e-648a01068812-2\">&#8222;Die Attraktivit\u00e4t der Idee der geknoteten Vorhang ergibt sich aus ihrem ungezwungenen Look, der sich diy-\u00f6dlich anf\u00fchlt, aber erh\u00f6ht ist&#8220;, sagt Elizabeth Vergara von Vergara Homes. Das Unentschieden, so schl\u00e4gt sie vor, die Energie in etwas informelles, aber bewusses verlagert.<\/p>\n<div class=\"van_vid_carousel\">\n<div class=\"van_vid_carousel__padding\">\n<div class=\"van_vid_carousel__container\"><\/div>\n<\/div>\n<\/div>\n<p>&#8222;Wenn Sie ein Bindungsschleifenfeld hinzuf\u00fcgen, f\u00fchlt sich Ihr Zimmer aufgrund des Krawattendetails sofort kreativer und geschichtet an&#8220;, f\u00fcgt Jennifer Cataldo, Innenarchitektin und Gr\u00fcnderin von Maison Cataldo, hinzu, die den Vorhangtrend bezeichnet &#8222;eine skurriler Ansatz f\u00fcr die traditionelle Vorhangfalten.&#8220;<\/p>\n<div id=\"ad-unit-2\" class=\"ad-unit\"><\/div>\n<figure class=\"van-image-figure inline-layout \" data-bordeaux-image-check id=\"24c9e1c9-c2ce-428c-9ffd-6f2858439451\">\n<div class=\"image-full-width-wrapper\">\n<div class=\"image-widthsetter\" style=\"max-width:2500px;\"><\/div>\n<\/div><figcaption class=\"inline-layout \">\n<div class=\"caption-text\">\n<p>Urban Outfitters geknotete Vorhang ist das, was zuerst mein Interesse an diesem Trend geweckt hat<\/p>\n<\/div>\n<\/figcaption><\/figure>\n<p id=\"766d8d2c-237d-4cb3-b5c3-ddf4934ac160\">F\u00fcr den Herbst erh\u00f6hen sich schwerere Stoffe den Einsatz. &#8222;Samt oder Leinen macht die Knoten dramatischer&#8220;, bemerkt Elizabeth Vergara. &#8222;Die Textur schafft eine gem\u00fctliche, geschichtete Stimmung&#8220;, die besonders gut in erdigen oder juwelenen T\u00f6nen funktioniert. \u201eDer Effekt f\u00fchlt sich warm und saisonal an, ohne all Ihr Dekor auszutauschen. Es ist eine einfache Ver\u00e4nderung, die viel Pers\u00f6nlichkeit in den Raum bringt \u201c, sinniert sie.<\/p>\n<p>Ich gebe zuerst zu, ich bin w\u00e4hlerisch, wenn es um Vorh\u00e4nge geht, und achte sehr darauf, wie sie fallen. Ein Gro\u00dfteil davon kommt vom Vorhang -Headertyp (\u00d6se, Prise Flee, Tab -Oberseite), und ich denke, das geknotete Oberteil k\u00f6nnte die Antwort auf das perfekt h\u00e4ngende Drape sein. Ich habe also ein paar Eink\u00e4ufe gemacht, um die besten K\u00e4ufe da drau\u00dfen zu finden, von super l\u00e4ssigen Knoten, die eine m\u00fchelose, organische moderne Atmosph\u00e4re verleihen w\u00fcrden, bis hin zu k\u00f6stlichen kleinen Samtb\u00f6gen, die jedem Raum verspielt werden.<\/p>\n<div class=\"product-container hero-product-container product-block-no-wrap\">\n<div class=\"product-block-row\"><\/div>\n<div class=\"product-block-row\"><\/div>\n<div class=\"product-block-row\"><\/div>\n<div class=\"product-block-row\"><\/div>\n<div class=\"product-block-row\"><\/div>\n<div class=\"product-block-row\"><\/div>\n<\/div>\n<hr id=\"8601aacb-5073-4dbf-9473-a4d1a0ad0107\">\n<p id=\"b69bbf0b-27e6-4313-a231-855d0f4f6736\">Knotted Vorh\u00e4nge sch\u00fctteln das Drama aus, nach dem ich mich sehne &#8211; aber sie sind nicht die einzigen Vorh\u00e4nge, die ich im Auge hatte. K\u00fcrzlich habe ich eine Samtfensterbehandlung ausprobiert, die mit der gem\u00fctlichen Jahreszeit richtig in Schritt steht &#8211; nur diesmal auf meinem Schrank. Hier ist, was ich an Anthropologies meistverkaufte Harlowe-Vorh\u00e4nge in einer unerwarteten Umgebung dachte.<\/p>\n<div id=\"slice-container-newsletterForm-articleInbodyContent-gXC28yN3rtAMCDAwBUEhZR\" class=\"slice-container newsletter-inbodyContent-slice newsletterForm-articleInbodyContent-gXC28yN3rtAMCDAwBUEhZR slice-container-newsletterForm\"><\/div>\n<\/div>\n","protected":false},"excerpt":{"rendered":"<p>In letzter Zeit sind wir alle gefesselt. Knoten sind momentan so ziemlich \u00fcberall: In den Haaren (14 Karat Gold Barrettes, irgendjemand?) In Kleidung (Archiv -Chlo\u00e9<\/p>\n","protected":false},"author":1,"featured_media":7856,"comment_status":"closed","ping_status":"","sticky":false,"template":"","format":"standard","meta":{"footnotes":""},"categories":[118],"tags":[3252,1210,129,3385,10256],"class_list":["post-7855","post","type-post","status-publish","format-standard","has-post-thumbnail","hentry","category-haus-garten","tag-bezug","tag-bin","tag-ich","tag-sehr","tag-waehlerisch","generate-columns","tablet-grid-50","mobile-grid-100","grid-parent","grid-50"],"yoast_head":"<!-- This site is optimized with the Yoast SEO plugin v27.3 - https:\/\/yoast.com\/product\/yoast-seo-wordpress\/ -->\n<title>Ich bin sehr w\u00e4hlerisch in Bezug - Nachrichten - Stra\u00dfenweb<\/title>\n<meta name=\"robots\" content=\"index, follow, max-snippet:-1, max-image-preview:large, max-video-preview:-1\" \/>\n<link rel=\"canonical\" href=\"https:\/\/www.strassenweb.de\/nachrichten\/ich-bin-sehr-waehlerisch-in-bezug\/\" \/>\n<meta property=\"og:locale\" content=\"de_DE\" \/>\n<meta property=\"og:type\" content=\"article\" \/>\n<meta property=\"og:title\" content=\"Ich bin sehr w\u00e4hlerisch in Bezug - Nachrichten - Stra\u00dfenweb\" \/>\n<meta property=\"og:description\" content=\"In letzter Zeit sind wir alle gefesselt. Knoten sind momentan so ziemlich \u00fcberall: In den Haaren (14 Karat Gold Barrettes, irgendjemand?) In Kleidung (Archiv -Chlo\u00e9\" \/>\n<meta property=\"og:url\" content=\"https:\/\/www.strassenweb.de\/nachrichten\/ich-bin-sehr-waehlerisch-in-bezug\/\" \/>\n<meta property=\"og:site_name\" content=\"Stra\u00dfenweb\" \/>\n<meta property=\"article:publisher\" content=\"https:\/\/www.facebook.com\/strassenweb\/\" \/>\n<meta property=\"article:published_time\" content=\"2025-09-20T11:44:59+00:00\" \/>\n<meta property=\"article:modified_time\" content=\"2025-09-20T11:45:01+00:00\" \/>\n<meta property=\"og:image\" content=\"https:\/\/www.strassenweb.de\/nachrichten\/wp-content\/uploads\/2025\/09\/Ich-bin-sehr-waehlerisch-in-Bezug-scaled.jpg\" \/>\n\t<meta property=\"og:image:width\" content=\"2560\" \/>\n\t<meta property=\"og:image:height\" content=\"1440\" \/>\n\t<meta property=\"og:image:type\" content=\"image\/jpeg\" \/>\n<meta name=\"author\" content=\"Robert Hoffmann\" \/>\n<meta name=\"twitter:card\" content=\"summary_large_image\" \/>\n<meta name=\"twitter:label1\" content=\"Verfasst von\" \/>\n\t<meta name=\"twitter:data1\" content=\"Robert Hoffmann\" \/>\n\t<meta name=\"twitter:label2\" content=\"Gesch\u00e4tzte Lesezeit\" \/>\n\t<meta name=\"twitter:data2\" content=\"2\u00a0Minuten\" \/>\n<script type=\"application\/ld+json\" class=\"yoast-schema-graph\">{\"@context\":\"https:\\\/\\\/schema.org\",\"@graph\":[{\"@type\":\"Article\",\"@id\":\"https:\\\/\\\/www.strassenweb.de\\\/nachrichten\\\/ich-bin-sehr-waehlerisch-in-bezug\\\/#article\",\"isPartOf\":{\"@id\":\"https:\\\/\\\/www.strassenweb.de\\\/nachrichten\\\/ich-bin-sehr-waehlerisch-in-bezug\\\/\"},\"author\":{\"name\":\"Robert Hoffmann\",\"@id\":\"https:\\\/\\\/www.strassenweb.de\\\/nachrichten\\\/#\\\/schema\\\/person\\\/87c9c9067f1211da429a744dc5a5aa41\"},\"headline\":\"Ich bin sehr w\u00e4hlerisch in Bezug\",\"datePublished\":\"2025-09-20T11:44:59+00:00\",\"dateModified\":\"2025-09-20T11:45:01+00:00\",\"mainEntityOfPage\":{\"@id\":\"https:\\\/\\\/www.strassenweb.de\\\/nachrichten\\\/ich-bin-sehr-waehlerisch-in-bezug\\\/\"},\"wordCount\":427,\"publisher\":{\"@id\":\"https:\\\/\\\/www.strassenweb.de\\\/nachrichten\\\/#organization\"},\"image\":{\"@id\":\"https:\\\/\\\/www.strassenweb.de\\\/nachrichten\\\/ich-bin-sehr-waehlerisch-in-bezug\\\/#primaryimage\"},\"thumbnailUrl\":\"https:\\\/\\\/www.strassenweb.de\\\/nachrichten\\\/wp-content\\\/uploads\\\/2025\\\/09\\\/Ich-bin-sehr-waehlerisch-in-Bezug-scaled.jpg\",\"keywords\":[\"Bezug\",\"bin\",\"ich\",\"sehr\",\"w\u00e4hlerisch\"],\"articleSection\":[\"Haus &amp; Garten\"],\"inLanguage\":\"de\"},{\"@type\":\"WebPage\",\"@id\":\"https:\\\/\\\/www.strassenweb.de\\\/nachrichten\\\/ich-bin-sehr-waehlerisch-in-bezug\\\/\",\"url\":\"https:\\\/\\\/www.strassenweb.de\\\/nachrichten\\\/ich-bin-sehr-waehlerisch-in-bezug\\\/\",\"name\":\"Ich bin sehr w\u00e4hlerisch in Bezug - Nachrichten - Stra\u00dfenweb\",\"isPartOf\":{\"@id\":\"https:\\\/\\\/www.strassenweb.de\\\/nachrichten\\\/#website\"},\"primaryImageOfPage\":{\"@id\":\"https:\\\/\\\/www.strassenweb.de\\\/nachrichten\\\/ich-bin-sehr-waehlerisch-in-bezug\\\/#primaryimage\"},\"image\":{\"@id\":\"https:\\\/\\\/www.strassenweb.de\\\/nachrichten\\\/ich-bin-sehr-waehlerisch-in-bezug\\\/#primaryimage\"},\"thumbnailUrl\":\"https:\\\/\\\/www.strassenweb.de\\\/nachrichten\\\/wp-content\\\/uploads\\\/2025\\\/09\\\/Ich-bin-sehr-waehlerisch-in-Bezug-scaled.jpg\",\"datePublished\":\"2025-09-20T11:44:59+00:00\",\"dateModified\":\"2025-09-20T11:45:01+00:00\",\"breadcrumb\":{\"@id\":\"https:\\\/\\\/www.strassenweb.de\\\/nachrichten\\\/ich-bin-sehr-waehlerisch-in-bezug\\\/#breadcrumb\"},\"inLanguage\":\"de\",\"potentialAction\":[{\"@type\":\"ReadAction\",\"target\":[\"https:\\\/\\\/www.strassenweb.de\\\/nachrichten\\\/ich-bin-sehr-waehlerisch-in-bezug\\\/\"]}]},{\"@type\":\"ImageObject\",\"inLanguage\":\"de\",\"@id\":\"https:\\\/\\\/www.strassenweb.de\\\/nachrichten\\\/ich-bin-sehr-waehlerisch-in-bezug\\\/#primaryimage\",\"url\":\"https:\\\/\\\/www.strassenweb.de\\\/nachrichten\\\/wp-content\\\/uploads\\\/2025\\\/09\\\/Ich-bin-sehr-waehlerisch-in-Bezug-scaled.jpg\",\"contentUrl\":\"https:\\\/\\\/www.strassenweb.de\\\/nachrichten\\\/wp-content\\\/uploads\\\/2025\\\/09\\\/Ich-bin-sehr-waehlerisch-in-Bezug-scaled.jpg\",\"width\":2560,\"height\":1440,\"caption\":\"Side-by-side of three knotted curtain panels styled in various living rooms\"},{\"@type\":\"BreadcrumbList\",\"@id\":\"https:\\\/\\\/www.strassenweb.de\\\/nachrichten\\\/ich-bin-sehr-waehlerisch-in-bezug\\\/#breadcrumb\",\"itemListElement\":[{\"@type\":\"ListItem\",\"position\":1,\"name\":\"Home\",\"item\":\"https:\\\/\\\/www.strassenweb.de\\\/nachrichten\\\/\"},{\"@type\":\"ListItem\",\"position\":2,\"name\":\"Ich bin sehr w\u00e4hlerisch in Bezug\"}]},{\"@type\":\"WebSite\",\"@id\":\"https:\\\/\\\/www.strassenweb.de\\\/nachrichten\\\/#website\",\"url\":\"https:\\\/\\\/www.strassenweb.de\\\/nachrichten\\\/\",\"name\":\"Stra\u00dfenweb\",\"description\":\"Stra\u00dfenverzeichnis f\u00fcr Deutschland\",\"publisher\":{\"@id\":\"https:\\\/\\\/www.strassenweb.de\\\/nachrichten\\\/#organization\"},\"potentialAction\":[{\"@type\":\"SearchAction\",\"target\":{\"@type\":\"EntryPoint\",\"urlTemplate\":\"https:\\\/\\\/www.strassenweb.de\\\/nachrichten\\\/?s={search_term_string}\"},\"query-input\":{\"@type\":\"PropertyValueSpecification\",\"valueRequired\":true,\"valueName\":\"search_term_string\"}}],\"inLanguage\":\"de\"},{\"@type\":\"Organization\",\"@id\":\"https:\\\/\\\/www.strassenweb.de\\\/nachrichten\\\/#organization\",\"name\":\"Stra\u00dfenweb\",\"url\":\"https:\\\/\\\/www.strassenweb.de\\\/nachrichten\\\/\",\"logo\":{\"@type\":\"ImageObject\",\"inLanguage\":\"de\",\"@id\":\"https:\\\/\\\/www.strassenweb.de\\\/nachrichten\\\/#\\\/schema\\\/logo\\\/image\\\/\",\"url\":\"https:\\\/\\\/www.strassenweb.de\\\/nachrichten\\\/wp-content\\\/uploads\\\/2024\\\/09\\\/cropped-favicon.png\",\"contentUrl\":\"https:\\\/\\\/www.strassenweb.de\\\/nachrichten\\\/wp-content\\\/uploads\\\/2024\\\/09\\\/cropped-favicon.png\",\"width\":512,\"height\":512,\"caption\":\"Stra\u00dfenweb\"},\"image\":{\"@id\":\"https:\\\/\\\/www.strassenweb.de\\\/nachrichten\\\/#\\\/schema\\\/logo\\\/image\\\/\"},\"sameAs\":[\"https:\\\/\\\/www.facebook.com\\\/strassenweb\\\/\"]},{\"@type\":\"Person\",\"@id\":\"https:\\\/\\\/www.strassenweb.de\\\/nachrichten\\\/#\\\/schema\\\/person\\\/87c9c9067f1211da429a744dc5a5aa41\",\"name\":\"Robert Hoffmann\",\"image\":{\"@type\":\"ImageObject\",\"inLanguage\":\"de\",\"@id\":\"https:\\\/\\\/www.strassenweb.de\\\/nachrichten\\\/wp-content\\\/uploads\\\/2024\\\/09\\\/strassenweb-150x150.jpg\",\"url\":\"https:\\\/\\\/www.strassenweb.de\\\/nachrichten\\\/wp-content\\\/uploads\\\/2024\\\/09\\\/strassenweb-150x150.jpg\",\"contentUrl\":\"https:\\\/\\\/www.strassenweb.de\\\/nachrichten\\\/wp-content\\\/uploads\\\/2024\\\/09\\\/strassenweb-150x150.jpg\",\"caption\":\"Robert Hoffmann\"},\"description\":\"Ich hei\u00dfe Robert Hoffmann und ich bin ein leidenschaftlicher Verfechter von \u00d6kologie und Biodiversit\u00e4t. Seit meiner Kindheit in den W\u00e4ldern Bayerns f\u00fchle ich mich mit der Natur verbunden und bin entschlossen, sie zu sch\u00fctzen. Heute widme ich mein Leben der Sensibilisierung anderer f\u00fcr die Bedeutung des Umweltschutzes f\u00fcr zuk\u00fcnftige Generationen.\",\"sameAs\":[\"https:\\\/\\\/www.strassenweb.de\\\/\"]}]}<\/script>\n<!-- \/ Yoast SEO plugin. -->","yoast_head_json":{"title":"Ich bin sehr w\u00e4hlerisch in Bezug - Nachrichten - Stra\u00dfenweb","robots":{"index":"index","follow":"follow","max-snippet":"max-snippet:-1","max-image-preview":"max-image-preview:large","max-video-preview":"max-video-preview:-1"},"canonical":"https:\/\/www.strassenweb.de\/nachrichten\/ich-bin-sehr-waehlerisch-in-bezug\/","og_locale":"de_DE","og_type":"article","og_title":"Ich bin sehr w\u00e4hlerisch in Bezug - Nachrichten - Stra\u00dfenweb","og_description":"In letzter Zeit sind wir alle gefesselt. Knoten sind momentan so ziemlich \u00fcberall: In den Haaren (14 Karat Gold Barrettes, irgendjemand?) In Kleidung (Archiv -Chlo\u00e9","og_url":"https:\/\/www.strassenweb.de\/nachrichten\/ich-bin-sehr-waehlerisch-in-bezug\/","og_site_name":"Stra\u00dfenweb","article_publisher":"https:\/\/www.facebook.com\/strassenweb\/","article_published_time":"2025-09-20T11:44:59+00:00","article_modified_time":"2025-09-20T11:45:01+00:00","og_image":[{"width":2560,"height":1440,"url":"https:\/\/www.strassenweb.de\/nachrichten\/wp-content\/uploads\/2025\/09\/Ich-bin-sehr-waehlerisch-in-Bezug-scaled.jpg","type":"image\/jpeg"}],"author":"Robert Hoffmann","twitter_card":"summary_large_image","twitter_misc":{"Verfasst von":"Robert Hoffmann","Gesch\u00e4tzte Lesezeit":"2\u00a0Minuten"},"schema":{"@context":"https:\/\/schema.org","@graph":[{"@type":"Article","@id":"https:\/\/www.strassenweb.de\/nachrichten\/ich-bin-sehr-waehlerisch-in-bezug\/#article","isPartOf":{"@id":"https:\/\/www.strassenweb.de\/nachrichten\/ich-bin-sehr-waehlerisch-in-bezug\/"},"author":{"name":"Robert Hoffmann","@id":"https:\/\/www.strassenweb.de\/nachrichten\/#\/schema\/person\/87c9c9067f1211da429a744dc5a5aa41"},"headline":"Ich bin sehr w\u00e4hlerisch in Bezug","datePublished":"2025-09-20T11:44:59+00:00","dateModified":"2025-09-20T11:45:01+00:00","mainEntityOfPage":{"@id":"https:\/\/www.strassenweb.de\/nachrichten\/ich-bin-sehr-waehlerisch-in-bezug\/"},"wordCount":427,"publisher":{"@id":"https:\/\/www.strassenweb.de\/nachrichten\/#organization"},"image":{"@id":"https:\/\/www.strassenweb.de\/nachrichten\/ich-bin-sehr-waehlerisch-in-bezug\/#primaryimage"},"thumbnailUrl":"https:\/\/www.strassenweb.de\/nachrichten\/wp-content\/uploads\/2025\/09\/Ich-bin-sehr-waehlerisch-in-Bezug-scaled.jpg","keywords":["Bezug","bin","ich","sehr","w\u00e4hlerisch"],"articleSection":["Haus &amp; Garten"],"inLanguage":"de"},{"@type":"WebPage","@id":"https:\/\/www.strassenweb.de\/nachrichten\/ich-bin-sehr-waehlerisch-in-bezug\/","url":"https:\/\/www.strassenweb.de\/nachrichten\/ich-bin-sehr-waehlerisch-in-bezug\/","name":"Ich bin sehr w\u00e4hlerisch in Bezug - Nachrichten - Stra\u00dfenweb","isPartOf":{"@id":"https:\/\/www.strassenweb.de\/nachrichten\/#website"},"primaryImageOfPage":{"@id":"https:\/\/www.strassenweb.de\/nachrichten\/ich-bin-sehr-waehlerisch-in-bezug\/#primaryimage"},"image":{"@id":"https:\/\/www.strassenweb.de\/nachrichten\/ich-bin-sehr-waehlerisch-in-bezug\/#primaryimage"},"thumbnailUrl":"https:\/\/www.strassenweb.de\/nachrichten\/wp-content\/uploads\/2025\/09\/Ich-bin-sehr-waehlerisch-in-Bezug-scaled.jpg","datePublished":"2025-09-20T11:44:59+00:00","dateModified":"2025-09-20T11:45:01+00:00","breadcrumb":{"@id":"https:\/\/www.strassenweb.de\/nachrichten\/ich-bin-sehr-waehlerisch-in-bezug\/#breadcrumb"},"inLanguage":"de","potentialAction":[{"@type":"ReadAction","target":["https:\/\/www.strassenweb.de\/nachrichten\/ich-bin-sehr-waehlerisch-in-bezug\/"]}]},{"@type":"ImageObject","inLanguage":"de","@id":"https:\/\/www.strassenweb.de\/nachrichten\/ich-bin-sehr-waehlerisch-in-bezug\/#primaryimage","url":"https:\/\/www.strassenweb.de\/nachrichten\/wp-content\/uploads\/2025\/09\/Ich-bin-sehr-waehlerisch-in-Bezug-scaled.jpg","contentUrl":"https:\/\/www.strassenweb.de\/nachrichten\/wp-content\/uploads\/2025\/09\/Ich-bin-sehr-waehlerisch-in-Bezug-scaled.jpg","width":2560,"height":1440,"caption":"Side-by-side of three knotted curtain panels styled in various living rooms"},{"@type":"BreadcrumbList","@id":"https:\/\/www.strassenweb.de\/nachrichten\/ich-bin-sehr-waehlerisch-in-bezug\/#breadcrumb","itemListElement":[{"@type":"ListItem","position":1,"name":"Home","item":"https:\/\/www.strassenweb.de\/nachrichten\/"},{"@type":"ListItem","position":2,"name":"Ich bin sehr w\u00e4hlerisch in Bezug"}]},{"@type":"WebSite","@id":"https:\/\/www.strassenweb.de\/nachrichten\/#website","url":"https:\/\/www.strassenweb.de\/nachrichten\/","name":"Stra\u00dfenweb","description":"Stra\u00dfenverzeichnis f\u00fcr Deutschland","publisher":{"@id":"https:\/\/www.strassenweb.de\/nachrichten\/#organization"},"potentialAction":[{"@type":"SearchAction","target":{"@type":"EntryPoint","urlTemplate":"https:\/\/www.strassenweb.de\/nachrichten\/?s={search_term_string}"},"query-input":{"@type":"PropertyValueSpecification","valueRequired":true,"valueName":"search_term_string"}}],"inLanguage":"de"},{"@type":"Organization","@id":"https:\/\/www.strassenweb.de\/nachrichten\/#organization","name":"Stra\u00dfenweb","url":"https:\/\/www.strassenweb.de\/nachrichten\/","logo":{"@type":"ImageObject","inLanguage":"de","@id":"https:\/\/www.strassenweb.de\/nachrichten\/#\/schema\/logo\/image\/","url":"https:\/\/www.strassenweb.de\/nachrichten\/wp-content\/uploads\/2024\/09\/cropped-favicon.png","contentUrl":"https:\/\/www.strassenweb.de\/nachrichten\/wp-content\/uploads\/2024\/09\/cropped-favicon.png","width":512,"height":512,"caption":"Stra\u00dfenweb"},"image":{"@id":"https:\/\/www.strassenweb.de\/nachrichten\/#\/schema\/logo\/image\/"},"sameAs":["https:\/\/www.facebook.com\/strassenweb\/"]},{"@type":"Person","@id":"https:\/\/www.strassenweb.de\/nachrichten\/#\/schema\/person\/87c9c9067f1211da429a744dc5a5aa41","name":"Robert Hoffmann","image":{"@type":"ImageObject","inLanguage":"de","@id":"https:\/\/www.strassenweb.de\/nachrichten\/wp-content\/uploads\/2024\/09\/strassenweb-150x150.jpg","url":"https:\/\/www.strassenweb.de\/nachrichten\/wp-content\/uploads\/2024\/09\/strassenweb-150x150.jpg","contentUrl":"https:\/\/www.strassenweb.de\/nachrichten\/wp-content\/uploads\/2024\/09\/strassenweb-150x150.jpg","caption":"Robert Hoffmann"},"description":"Ich hei\u00dfe Robert Hoffmann und ich bin ein leidenschaftlicher Verfechter von \u00d6kologie und Biodiversit\u00e4t. Seit meiner Kindheit in den W\u00e4ldern Bayerns f\u00fchle ich mich mit der Natur verbunden und bin entschlossen, sie zu sch\u00fctzen. Heute widme ich mein Leben der Sensibilisierung anderer f\u00fcr die Bedeutung des Umweltschutzes f\u00fcr zuk\u00fcnftige Generationen.","sameAs":["https:\/\/www.strassenweb.de\/"]}]}},"_links":{"self":[{"href":"https:\/\/www.strassenweb.de\/nachrichten\/wp-json\/wp\/v2\/posts\/7855","targetHints":{"allow":["GET"]}}],"collection":[{"href":"https:\/\/www.strassenweb.de\/nachrichten\/wp-json\/wp\/v2\/posts"}],"about":[{"href":"https:\/\/www.strassenweb.de\/nachrichten\/wp-json\/wp\/v2\/types\/post"}],"author":[{"embeddable":true,"href":"https:\/\/www.strassenweb.de\/nachrichten\/wp-json\/wp\/v2\/users\/1"}],"replies":[{"embeddable":true,"href":"https:\/\/www.strassenweb.de\/nachrichten\/wp-json\/wp\/v2\/comments?post=7855"}],"version-history":[{"count":0,"href":"https:\/\/www.strassenweb.de\/nachrichten\/wp-json\/wp\/v2\/posts\/7855\/revisions"}],"wp:featuredmedia":[{"embeddable":true,"href":"https:\/\/www.strassenweb.de\/nachrichten\/wp-json\/wp\/v2\/media\/7856"}],"wp:attachment":[{"href":"https:\/\/www.strassenweb.de\/nachrichten\/wp-json\/wp\/v2\/media?parent=7855"}],"wp:term":[{"taxonomy":"category","embeddable":true,"href":"https:\/\/www.strassenweb.de\/nachrichten\/wp-json\/wp\/v2\/categories?post=7855"},{"taxonomy":"post_tag","embeddable":true,"href":"https:\/\/www.strassenweb.de\/nachrichten\/wp-json\/wp\/v2\/tags?post=7855"}],"curies":[{"name":"wp","href":"https:\/\/api.w.org\/{rel}","templated":true}]}}