{"id":780,"date":"2024-10-10T04:17:55","date_gmt":"2024-10-10T02:17:55","guid":{"rendered":"https:\/\/www.strassenweb.de\/nachrichten\/narben-in-der-landschaft-die-man-vom-weltraum-aus-sehen-kann\/"},"modified":"2024-10-10T04:17:56","modified_gmt":"2024-10-10T02:17:56","slug":"narben-in-der-landschaft-die-man-vom-weltraum-aus-sehen-kann","status":"publish","type":"post","link":"https:\/\/www.strassenweb.de\/nachrichten\/narben-in-der-landschaft-die-man-vom-weltraum-aus-sehen-kann\/","title":{"rendered":"Narben in der Landschaft, die man vom Weltraum aus sehen kann"},"content":{"rendered":"<ul class=\"wp-block-list\">\n<li><strong>Eine neue RSPB-Studie anhand von Satellitenbildern zeigt, wo sensible Lebensr\u00e4ume verbrannt werden.<\/strong> <\/li>\n<li><strong>Mehr als ein Drittel aller j\u00e4hrlichen Br\u00e4nde findet nachweislich auf Torfmooren statt.<\/strong> <\/li>\n<li><strong>Seit der Einf\u00fchrung strengerer Vorschriften in England kam es jedoch zu weniger Verbrennungen.<\/strong><\/li>\n<\/ul>\n<p>Eine neue RSPB-Studie zeigt, wie hochaufl\u00f6sende Bilder dabei helfen k\u00f6nnen, Moorverbrennungen zu kartieren. Die Ergebnisse zeigen das Ausma\u00df der Verbrennungen, die h\u00e4ufig mit der Bewirtschaftung von Moormooren einhergehen, auf sensiblen Moorlebensr\u00e4umen und Schutzgebieten.  <\/p>\n<p>Das Papier wurde in der peer-reviewten Fachzeitschrift ver\u00f6ffentlicht. <em>Fernerkundung in \u00d6kologie und Naturschutz<\/em>. <\/p>\n<p>W\u00e4hrend der f\u00fcnfj\u00e4hrigen Studie wurden pro Jahr durchschnittlich 15.250 Hektar, das entspricht 21.350 Fu\u00dfballfeldern, verbrannt. Etwa ein Drittel der j\u00e4hrlich verbrannten Fl\u00e4che entfiel auf sensible Moorlebensr\u00e4ume. <\/p>\n<p>Der neue Kartierungsansatz zeigt auch, wie die Einf\u00fchrung eines besseren Schutzes f\u00fcr Torfmoore in England im Jahr 2021 m\u00f6glicherweise zu einer erheblichen Verringerung der j\u00e4hrlichen Moorbrandbr\u00e4nde gef\u00fchrt hat. <\/p>\n<p><strong>Mike Shewring, RSPB-Naturschutzwissenschaftler und Hauptautor der Studie<\/strong>sagte: \u201eDiese Methoden sind ein leistungsstarkes Instrument zur Beurteilung, wo und wann Verbrennungen stattfinden, und erm\u00f6glichen es, die Wirksamkeit regulatorischer Ma\u00dfnahmen zu verfolgen.\u201c <\/p>\n<p>\u201eIm ersten Jahr nach Einf\u00fchrung der Vorschriften verringerte sich die verbrannte Fl\u00e4che in England um 73 Prozent im Vergleich zu den vorangegangenen vier Jahren der Studie \u2013 eine Verringerung, die sich in Schottland oder Wales nicht widerspiegelte.\u201c <\/p>\n<p>Die Moorgebiete des Vereinigten K\u00f6nigreichs sind wichtig f\u00fcr die Erhaltung der Tierwelt und sensibler Lebensr\u00e4ume und tragen zur Bek\u00e4mpfung des Klimawandels bei, indem sie gro\u00dfe Mengen Kohlenstoff in Torfb\u00f6den speichern. Der Schutz dieser Gebiete ist ein wesentlicher Bestandteil der Bem\u00fchungen des Vereinigten K\u00f6nigreichs zur Bew\u00e4ltigung der Natur- und Klimanotlage.  <\/p>\n<p>Trotz ihrer Bedeutung f\u00fcr Natur und Umwelt werden jedes Jahr gro\u00dfe Moorfl\u00e4chen von Landbewirtschaftern niedergebrannt, um die Jagd auf Moorh\u00fchner sowie die Beweidung von Hirschen und Vieh zu erm\u00f6glichen. <\/p>\n<p><strong>Patrick Thompson, leitender Politikbeauftragter des RSPB<\/strong> sagte: \u201eDiese innovativen Techniken geben uns ein detailliertes Bild davon, was in unserem Hochland passiert, mit einer Vogelperspektive auf die Brandherde im ganzen Land.\u201c <\/p>\n<p>\u201eUnsere Moore sind unglaublich wichtige Lebensr\u00e4ume, deren Schutz ein Eckpfeiler unserer Bem\u00fchungen zur Bew\u00e4ltigung der Natur- und Klimanotlage sein sollte. Wir fordern seit langem ein Ende des unangemessenen Abbrennens von Torfmooren und die Wiederherstellung dieser Lebensr\u00e4ume.\u201c <\/p>\n<p>Das schottische Parlament hat k\u00fcrzlich das Gesetz \u00fcber Wildtiermanagement und Muirburn (Schottland) verabschiedet, das sp\u00e4ter in diesem Jahr eingef\u00fchrt wird. Mit dem Gesetzentwurf werden Lizenzen f\u00fcr das Abbrennen und das Moorhuhnschie\u00dfen eingef\u00fchrt, und es wird erwartet, dass er erhebliche Vorteile f\u00fcr die Umwelt im schottischen Hochland mit sich bringt. <\/p>\n<p><strong>Pat Thompson<\/strong>f\u00fcgte hinzu: \u201eEntscheidungstr\u00e4ger in Westminster und Holyrood haben die Bedeutung dieser Gebiete f\u00fcr die Eind\u00e4mmung und Umkehrung des Wildtierr\u00fcckgangs sowie f\u00fcr die Speicherung von Kohlenstoff aus Jahrhunderten im Boden erkannt.\u201c Die potenzielle Wirksamkeit der Verordnung in England im ersten Jahr gibt uns Mut, dass die Gesetzgebung in Schottland \u00e4hnliche Vorteile bringen und uns dabei helfen wird, Netto-Null-Ziele zu erreichen. Wenn es uns gelingt, unsere Moore wiederherzustellen, machen wir einen gro\u00dfen Schritt zur Erreichung der britischen Klimaziele.\u201c <\/p>\n<p>Um mehr \u00fcber diesen Arbeitsbereich und die Arbeit des RSPB zum Schutz von Wildtieren und Naturr\u00e4umen zu erfahren, besuchen Sie: www.rspb.org.uk <\/p>\n<hr class=\"wp-block-separator has-alpha-channel-opacity\">\n<p><em>: Deckenmoor \u2013 Sphagnum-Abdeckung, Tim Melling<\/em><\/p>\n","protected":false},"excerpt":{"rendered":"<p>Eine neue RSPB-Studie anhand von Satellitenbildern zeigt, wo sensible Lebensr\u00e4ume verbrannt werden. Mehr als ein Drittel aller j\u00e4hrlichen Br\u00e4nde findet nachweislich auf Torfmooren statt. Seit<\/p>\n","protected":false},"author":1,"featured_media":781,"comment_status":"closed","ping_status":"","sticky":false,"template":"","format":"standard","meta":{"footnotes":""},"categories":[101],"tags":[287,81,9,781,1557,134,1556,1559,758,1558],"class_list":["post-780","post","type-post","status-publish","format-standard","has-post-thumbnail","hentry","category-oekologie","tag-aus","tag-der","tag-die","tag-kann","tag-landschaft","tag-man","tag-narben","tag-sehen","tag-vom","tag-weltraum","generate-columns","tablet-grid-50","mobile-grid-100","grid-parent","grid-50"],"yoast_head":"<!-- This site is optimized with the Yoast SEO plugin v27.3 - https:\/\/yoast.com\/product\/yoast-seo-wordpress\/ -->\n<title>Narben in der Landschaft, die man vom Weltraum aus sehen kann - Nachrichten - Stra\u00dfenweb<\/title>\n<meta name=\"robots\" content=\"index, follow, max-snippet:-1, max-image-preview:large, max-video-preview:-1\" \/>\n<link rel=\"canonical\" href=\"https:\/\/www.strassenweb.de\/nachrichten\/narben-in-der-landschaft-die-man-vom-weltraum-aus-sehen-kann\/\" \/>\n<meta property=\"og:locale\" content=\"de_DE\" \/>\n<meta property=\"og:type\" content=\"article\" \/>\n<meta property=\"og:title\" content=\"Narben in der Landschaft, die man vom Weltraum aus sehen kann - Nachrichten - Stra\u00dfenweb\" \/>\n<meta property=\"og:description\" content=\"Eine neue RSPB-Studie anhand von Satellitenbildern zeigt, wo sensible Lebensr\u00e4ume verbrannt werden. Mehr als ein Drittel aller j\u00e4hrlichen Br\u00e4nde findet nachweislich auf Torfmooren statt. Seit\" \/>\n<meta property=\"og:url\" content=\"https:\/\/www.strassenweb.de\/nachrichten\/narben-in-der-landschaft-die-man-vom-weltraum-aus-sehen-kann\/\" \/>\n<meta property=\"og:site_name\" content=\"Stra\u00dfenweb\" \/>\n<meta property=\"article:publisher\" content=\"https:\/\/www.facebook.com\/strassenweb\/\" \/>\n<meta property=\"article:published_time\" content=\"2024-10-10T02:17:55+00:00\" \/>\n<meta property=\"article:modified_time\" content=\"2024-10-10T02:17:56+00:00\" \/>\n<meta property=\"og:image\" content=\"https:\/\/www.strassenweb.de\/nachrichten\/wp-content\/uploads\/2024\/10\/Narben-in-der-Landschaft-die-man-vom-Weltraum-aus-sehen.jpg\" \/>\n\t<meta property=\"og:image:width\" content=\"900\" \/>\n\t<meta property=\"og:image:height\" content=\"598\" \/>\n\t<meta property=\"og:image:type\" content=\"image\/jpeg\" \/>\n<meta name=\"author\" content=\"Robert Hoffmann\" \/>\n<meta name=\"twitter:card\" content=\"summary_large_image\" \/>\n<meta name=\"twitter:label1\" content=\"Verfasst von\" \/>\n\t<meta name=\"twitter:data1\" content=\"Robert Hoffmann\" \/>\n\t<meta name=\"twitter:label2\" content=\"Gesch\u00e4tzte Lesezeit\" \/>\n\t<meta name=\"twitter:data2\" content=\"3\u00a0Minuten\" \/>\n<script type=\"application\/ld+json\" class=\"yoast-schema-graph\">{\"@context\":\"https:\\\/\\\/schema.org\",\"@graph\":[{\"@type\":\"Article\",\"@id\":\"https:\\\/\\\/www.strassenweb.de\\\/nachrichten\\\/narben-in-der-landschaft-die-man-vom-weltraum-aus-sehen-kann\\\/#article\",\"isPartOf\":{\"@id\":\"https:\\\/\\\/www.strassenweb.de\\\/nachrichten\\\/narben-in-der-landschaft-die-man-vom-weltraum-aus-sehen-kann\\\/\"},\"author\":{\"name\":\"Robert Hoffmann\",\"@id\":\"https:\\\/\\\/www.strassenweb.de\\\/nachrichten\\\/#\\\/schema\\\/person\\\/87c9c9067f1211da429a744dc5a5aa41\"},\"headline\":\"Narben in der Landschaft, die man vom Weltraum aus sehen kann\",\"datePublished\":\"2024-10-10T02:17:55+00:00\",\"dateModified\":\"2024-10-10T02:17:56+00:00\",\"mainEntityOfPage\":{\"@id\":\"https:\\\/\\\/www.strassenweb.de\\\/nachrichten\\\/narben-in-der-landschaft-die-man-vom-weltraum-aus-sehen-kann\\\/\"},\"wordCount\":566,\"publisher\":{\"@id\":\"https:\\\/\\\/www.strassenweb.de\\\/nachrichten\\\/#organization\"},\"image\":{\"@id\":\"https:\\\/\\\/www.strassenweb.de\\\/nachrichten\\\/narben-in-der-landschaft-die-man-vom-weltraum-aus-sehen-kann\\\/#primaryimage\"},\"thumbnailUrl\":\"https:\\\/\\\/www.strassenweb.de\\\/nachrichten\\\/wp-content\\\/uploads\\\/2024\\\/10\\\/Narben-in-der-Landschaft-die-man-vom-Weltraum-aus-sehen.jpg\",\"keywords\":[\"aus\",\"der\",\"die\",\"kann\",\"Landschaft\",\"man\",\"Narben\",\"sehen\",\"vom\",\"Weltraum\"],\"articleSection\":[\"\u00d6kologie\"],\"inLanguage\":\"de\"},{\"@type\":\"WebPage\",\"@id\":\"https:\\\/\\\/www.strassenweb.de\\\/nachrichten\\\/narben-in-der-landschaft-die-man-vom-weltraum-aus-sehen-kann\\\/\",\"url\":\"https:\\\/\\\/www.strassenweb.de\\\/nachrichten\\\/narben-in-der-landschaft-die-man-vom-weltraum-aus-sehen-kann\\\/\",\"name\":\"Narben in der Landschaft, die man vom Weltraum aus sehen kann - Nachrichten - Stra\u00dfenweb\",\"isPartOf\":{\"@id\":\"https:\\\/\\\/www.strassenweb.de\\\/nachrichten\\\/#website\"},\"primaryImageOfPage\":{\"@id\":\"https:\\\/\\\/www.strassenweb.de\\\/nachrichten\\\/narben-in-der-landschaft-die-man-vom-weltraum-aus-sehen-kann\\\/#primaryimage\"},\"image\":{\"@id\":\"https:\\\/\\\/www.strassenweb.de\\\/nachrichten\\\/narben-in-der-landschaft-die-man-vom-weltraum-aus-sehen-kann\\\/#primaryimage\"},\"thumbnailUrl\":\"https:\\\/\\\/www.strassenweb.de\\\/nachrichten\\\/wp-content\\\/uploads\\\/2024\\\/10\\\/Narben-in-der-Landschaft-die-man-vom-Weltraum-aus-sehen.jpg\",\"datePublished\":\"2024-10-10T02:17:55+00:00\",\"dateModified\":\"2024-10-10T02:17:56+00:00\",\"breadcrumb\":{\"@id\":\"https:\\\/\\\/www.strassenweb.de\\\/nachrichten\\\/narben-in-der-landschaft-die-man-vom-weltraum-aus-sehen-kann\\\/#breadcrumb\"},\"inLanguage\":\"de\",\"potentialAction\":[{\"@type\":\"ReadAction\",\"target\":[\"https:\\\/\\\/www.strassenweb.de\\\/nachrichten\\\/narben-in-der-landschaft-die-man-vom-weltraum-aus-sehen-kann\\\/\"]}]},{\"@type\":\"ImageObject\",\"inLanguage\":\"de\",\"@id\":\"https:\\\/\\\/www.strassenweb.de\\\/nachrichten\\\/narben-in-der-landschaft-die-man-vom-weltraum-aus-sehen-kann\\\/#primaryimage\",\"url\":\"https:\\\/\\\/www.strassenweb.de\\\/nachrichten\\\/wp-content\\\/uploads\\\/2024\\\/10\\\/Narben-in-der-Landschaft-die-man-vom-Weltraum-aus-sehen.jpg\",\"contentUrl\":\"https:\\\/\\\/www.strassenweb.de\\\/nachrichten\\\/wp-content\\\/uploads\\\/2024\\\/10\\\/Narben-in-der-Landschaft-die-man-vom-Weltraum-aus-sehen.jpg\",\"width\":900,\"height\":598,\"caption\":\"Scars on the landscape that can be seen from space\"},{\"@type\":\"BreadcrumbList\",\"@id\":\"https:\\\/\\\/www.strassenweb.de\\\/nachrichten\\\/narben-in-der-landschaft-die-man-vom-weltraum-aus-sehen-kann\\\/#breadcrumb\",\"itemListElement\":[{\"@type\":\"ListItem\",\"position\":1,\"name\":\"Home\",\"item\":\"https:\\\/\\\/www.strassenweb.de\\\/nachrichten\\\/\"},{\"@type\":\"ListItem\",\"position\":2,\"name\":\"Narben in der Landschaft, die man vom Weltraum aus sehen kann\"}]},{\"@type\":\"WebSite\",\"@id\":\"https:\\\/\\\/www.strassenweb.de\\\/nachrichten\\\/#website\",\"url\":\"https:\\\/\\\/www.strassenweb.de\\\/nachrichten\\\/\",\"name\":\"Stra\u00dfenweb\",\"description\":\"Stra\u00dfenverzeichnis f\u00fcr Deutschland\",\"publisher\":{\"@id\":\"https:\\\/\\\/www.strassenweb.de\\\/nachrichten\\\/#organization\"},\"potentialAction\":[{\"@type\":\"SearchAction\",\"target\":{\"@type\":\"EntryPoint\",\"urlTemplate\":\"https:\\\/\\\/www.strassenweb.de\\\/nachrichten\\\/?s={search_term_string}\"},\"query-input\":{\"@type\":\"PropertyValueSpecification\",\"valueRequired\":true,\"valueName\":\"search_term_string\"}}],\"inLanguage\":\"de\"},{\"@type\":\"Organization\",\"@id\":\"https:\\\/\\\/www.strassenweb.de\\\/nachrichten\\\/#organization\",\"name\":\"Stra\u00dfenweb\",\"url\":\"https:\\\/\\\/www.strassenweb.de\\\/nachrichten\\\/\",\"logo\":{\"@type\":\"ImageObject\",\"inLanguage\":\"de\",\"@id\":\"https:\\\/\\\/www.strassenweb.de\\\/nachrichten\\\/#\\\/schema\\\/logo\\\/image\\\/\",\"url\":\"https:\\\/\\\/www.strassenweb.de\\\/nachrichten\\\/wp-content\\\/uploads\\\/2024\\\/09\\\/cropped-favicon.png\",\"contentUrl\":\"https:\\\/\\\/www.strassenweb.de\\\/nachrichten\\\/wp-content\\\/uploads\\\/2024\\\/09\\\/cropped-favicon.png\",\"width\":512,\"height\":512,\"caption\":\"Stra\u00dfenweb\"},\"image\":{\"@id\":\"https:\\\/\\\/www.strassenweb.de\\\/nachrichten\\\/#\\\/schema\\\/logo\\\/image\\\/\"},\"sameAs\":[\"https:\\\/\\\/www.facebook.com\\\/strassenweb\\\/\"]},{\"@type\":\"Person\",\"@id\":\"https:\\\/\\\/www.strassenweb.de\\\/nachrichten\\\/#\\\/schema\\\/person\\\/87c9c9067f1211da429a744dc5a5aa41\",\"name\":\"Robert Hoffmann\",\"image\":{\"@type\":\"ImageObject\",\"inLanguage\":\"de\",\"@id\":\"https:\\\/\\\/www.strassenweb.de\\\/nachrichten\\\/wp-content\\\/uploads\\\/2024\\\/09\\\/strassenweb-150x150.jpg\",\"url\":\"https:\\\/\\\/www.strassenweb.de\\\/nachrichten\\\/wp-content\\\/uploads\\\/2024\\\/09\\\/strassenweb-150x150.jpg\",\"contentUrl\":\"https:\\\/\\\/www.strassenweb.de\\\/nachrichten\\\/wp-content\\\/uploads\\\/2024\\\/09\\\/strassenweb-150x150.jpg\",\"caption\":\"Robert Hoffmann\"},\"description\":\"Ich hei\u00dfe Robert Hoffmann und ich bin ein leidenschaftlicher Verfechter von \u00d6kologie und Biodiversit\u00e4t. Seit meiner Kindheit in den W\u00e4ldern Bayerns f\u00fchle ich mich mit der Natur verbunden und bin entschlossen, sie zu sch\u00fctzen. Heute widme ich mein Leben der Sensibilisierung anderer f\u00fcr die Bedeutung des Umweltschutzes f\u00fcr zuk\u00fcnftige Generationen.\",\"sameAs\":[\"https:\\\/\\\/www.strassenweb.de\\\/\"]}]}<\/script>\n<!-- \/ Yoast SEO plugin. -->","yoast_head_json":{"title":"Narben in der Landschaft, die man vom Weltraum aus sehen kann - Nachrichten - Stra\u00dfenweb","robots":{"index":"index","follow":"follow","max-snippet":"max-snippet:-1","max-image-preview":"max-image-preview:large","max-video-preview":"max-video-preview:-1"},"canonical":"https:\/\/www.strassenweb.de\/nachrichten\/narben-in-der-landschaft-die-man-vom-weltraum-aus-sehen-kann\/","og_locale":"de_DE","og_type":"article","og_title":"Narben in der Landschaft, die man vom Weltraum aus sehen kann - Nachrichten - Stra\u00dfenweb","og_description":"Eine neue RSPB-Studie anhand von Satellitenbildern zeigt, wo sensible Lebensr\u00e4ume verbrannt werden. Mehr als ein Drittel aller j\u00e4hrlichen Br\u00e4nde findet nachweislich auf Torfmooren statt. Seit","og_url":"https:\/\/www.strassenweb.de\/nachrichten\/narben-in-der-landschaft-die-man-vom-weltraum-aus-sehen-kann\/","og_site_name":"Stra\u00dfenweb","article_publisher":"https:\/\/www.facebook.com\/strassenweb\/","article_published_time":"2024-10-10T02:17:55+00:00","article_modified_time":"2024-10-10T02:17:56+00:00","og_image":[{"width":900,"height":598,"url":"https:\/\/www.strassenweb.de\/nachrichten\/wp-content\/uploads\/2024\/10\/Narben-in-der-Landschaft-die-man-vom-Weltraum-aus-sehen.jpg","type":"image\/jpeg"}],"author":"Robert Hoffmann","twitter_card":"summary_large_image","twitter_misc":{"Verfasst von":"Robert Hoffmann","Gesch\u00e4tzte Lesezeit":"3\u00a0Minuten"},"schema":{"@context":"https:\/\/schema.org","@graph":[{"@type":"Article","@id":"https:\/\/www.strassenweb.de\/nachrichten\/narben-in-der-landschaft-die-man-vom-weltraum-aus-sehen-kann\/#article","isPartOf":{"@id":"https:\/\/www.strassenweb.de\/nachrichten\/narben-in-der-landschaft-die-man-vom-weltraum-aus-sehen-kann\/"},"author":{"name":"Robert Hoffmann","@id":"https:\/\/www.strassenweb.de\/nachrichten\/#\/schema\/person\/87c9c9067f1211da429a744dc5a5aa41"},"headline":"Narben in der Landschaft, die man vom Weltraum aus sehen kann","datePublished":"2024-10-10T02:17:55+00:00","dateModified":"2024-10-10T02:17:56+00:00","mainEntityOfPage":{"@id":"https:\/\/www.strassenweb.de\/nachrichten\/narben-in-der-landschaft-die-man-vom-weltraum-aus-sehen-kann\/"},"wordCount":566,"publisher":{"@id":"https:\/\/www.strassenweb.de\/nachrichten\/#organization"},"image":{"@id":"https:\/\/www.strassenweb.de\/nachrichten\/narben-in-der-landschaft-die-man-vom-weltraum-aus-sehen-kann\/#primaryimage"},"thumbnailUrl":"https:\/\/www.strassenweb.de\/nachrichten\/wp-content\/uploads\/2024\/10\/Narben-in-der-Landschaft-die-man-vom-Weltraum-aus-sehen.jpg","keywords":["aus","der","die","kann","Landschaft","man","Narben","sehen","vom","Weltraum"],"articleSection":["\u00d6kologie"],"inLanguage":"de"},{"@type":"WebPage","@id":"https:\/\/www.strassenweb.de\/nachrichten\/narben-in-der-landschaft-die-man-vom-weltraum-aus-sehen-kann\/","url":"https:\/\/www.strassenweb.de\/nachrichten\/narben-in-der-landschaft-die-man-vom-weltraum-aus-sehen-kann\/","name":"Narben in der Landschaft, die man vom Weltraum aus sehen kann - Nachrichten - Stra\u00dfenweb","isPartOf":{"@id":"https:\/\/www.strassenweb.de\/nachrichten\/#website"},"primaryImageOfPage":{"@id":"https:\/\/www.strassenweb.de\/nachrichten\/narben-in-der-landschaft-die-man-vom-weltraum-aus-sehen-kann\/#primaryimage"},"image":{"@id":"https:\/\/www.strassenweb.de\/nachrichten\/narben-in-der-landschaft-die-man-vom-weltraum-aus-sehen-kann\/#primaryimage"},"thumbnailUrl":"https:\/\/www.strassenweb.de\/nachrichten\/wp-content\/uploads\/2024\/10\/Narben-in-der-Landschaft-die-man-vom-Weltraum-aus-sehen.jpg","datePublished":"2024-10-10T02:17:55+00:00","dateModified":"2024-10-10T02:17:56+00:00","breadcrumb":{"@id":"https:\/\/www.strassenweb.de\/nachrichten\/narben-in-der-landschaft-die-man-vom-weltraum-aus-sehen-kann\/#breadcrumb"},"inLanguage":"de","potentialAction":[{"@type":"ReadAction","target":["https:\/\/www.strassenweb.de\/nachrichten\/narben-in-der-landschaft-die-man-vom-weltraum-aus-sehen-kann\/"]}]},{"@type":"ImageObject","inLanguage":"de","@id":"https:\/\/www.strassenweb.de\/nachrichten\/narben-in-der-landschaft-die-man-vom-weltraum-aus-sehen-kann\/#primaryimage","url":"https:\/\/www.strassenweb.de\/nachrichten\/wp-content\/uploads\/2024\/10\/Narben-in-der-Landschaft-die-man-vom-Weltraum-aus-sehen.jpg","contentUrl":"https:\/\/www.strassenweb.de\/nachrichten\/wp-content\/uploads\/2024\/10\/Narben-in-der-Landschaft-die-man-vom-Weltraum-aus-sehen.jpg","width":900,"height":598,"caption":"Scars on the landscape that can be seen from space"},{"@type":"BreadcrumbList","@id":"https:\/\/www.strassenweb.de\/nachrichten\/narben-in-der-landschaft-die-man-vom-weltraum-aus-sehen-kann\/#breadcrumb","itemListElement":[{"@type":"ListItem","position":1,"name":"Home","item":"https:\/\/www.strassenweb.de\/nachrichten\/"},{"@type":"ListItem","position":2,"name":"Narben in der Landschaft, die man vom Weltraum aus sehen kann"}]},{"@type":"WebSite","@id":"https:\/\/www.strassenweb.de\/nachrichten\/#website","url":"https:\/\/www.strassenweb.de\/nachrichten\/","name":"Stra\u00dfenweb","description":"Stra\u00dfenverzeichnis f\u00fcr Deutschland","publisher":{"@id":"https:\/\/www.strassenweb.de\/nachrichten\/#organization"},"potentialAction":[{"@type":"SearchAction","target":{"@type":"EntryPoint","urlTemplate":"https:\/\/www.strassenweb.de\/nachrichten\/?s={search_term_string}"},"query-input":{"@type":"PropertyValueSpecification","valueRequired":true,"valueName":"search_term_string"}}],"inLanguage":"de"},{"@type":"Organization","@id":"https:\/\/www.strassenweb.de\/nachrichten\/#organization","name":"Stra\u00dfenweb","url":"https:\/\/www.strassenweb.de\/nachrichten\/","logo":{"@type":"ImageObject","inLanguage":"de","@id":"https:\/\/www.strassenweb.de\/nachrichten\/#\/schema\/logo\/image\/","url":"https:\/\/www.strassenweb.de\/nachrichten\/wp-content\/uploads\/2024\/09\/cropped-favicon.png","contentUrl":"https:\/\/www.strassenweb.de\/nachrichten\/wp-content\/uploads\/2024\/09\/cropped-favicon.png","width":512,"height":512,"caption":"Stra\u00dfenweb"},"image":{"@id":"https:\/\/www.strassenweb.de\/nachrichten\/#\/schema\/logo\/image\/"},"sameAs":["https:\/\/www.facebook.com\/strassenweb\/"]},{"@type":"Person","@id":"https:\/\/www.strassenweb.de\/nachrichten\/#\/schema\/person\/87c9c9067f1211da429a744dc5a5aa41","name":"Robert Hoffmann","image":{"@type":"ImageObject","inLanguage":"de","@id":"https:\/\/www.strassenweb.de\/nachrichten\/wp-content\/uploads\/2024\/09\/strassenweb-150x150.jpg","url":"https:\/\/www.strassenweb.de\/nachrichten\/wp-content\/uploads\/2024\/09\/strassenweb-150x150.jpg","contentUrl":"https:\/\/www.strassenweb.de\/nachrichten\/wp-content\/uploads\/2024\/09\/strassenweb-150x150.jpg","caption":"Robert Hoffmann"},"description":"Ich hei\u00dfe Robert Hoffmann und ich bin ein leidenschaftlicher Verfechter von \u00d6kologie und Biodiversit\u00e4t. Seit meiner Kindheit in den W\u00e4ldern Bayerns f\u00fchle ich mich mit der Natur verbunden und bin entschlossen, sie zu sch\u00fctzen. Heute widme ich mein Leben der Sensibilisierung anderer f\u00fcr die Bedeutung des Umweltschutzes f\u00fcr zuk\u00fcnftige Generationen.","sameAs":["https:\/\/www.strassenweb.de\/"]}]}},"_links":{"self":[{"href":"https:\/\/www.strassenweb.de\/nachrichten\/wp-json\/wp\/v2\/posts\/780","targetHints":{"allow":["GET"]}}],"collection":[{"href":"https:\/\/www.strassenweb.de\/nachrichten\/wp-json\/wp\/v2\/posts"}],"about":[{"href":"https:\/\/www.strassenweb.de\/nachrichten\/wp-json\/wp\/v2\/types\/post"}],"author":[{"embeddable":true,"href":"https:\/\/www.strassenweb.de\/nachrichten\/wp-json\/wp\/v2\/users\/1"}],"replies":[{"embeddable":true,"href":"https:\/\/www.strassenweb.de\/nachrichten\/wp-json\/wp\/v2\/comments?post=780"}],"version-history":[{"count":0,"href":"https:\/\/www.strassenweb.de\/nachrichten\/wp-json\/wp\/v2\/posts\/780\/revisions"}],"wp:featuredmedia":[{"embeddable":true,"href":"https:\/\/www.strassenweb.de\/nachrichten\/wp-json\/wp\/v2\/media\/781"}],"wp:attachment":[{"href":"https:\/\/www.strassenweb.de\/nachrichten\/wp-json\/wp\/v2\/media?parent=780"}],"wp:term":[{"taxonomy":"category","embeddable":true,"href":"https:\/\/www.strassenweb.de\/nachrichten\/wp-json\/wp\/v2\/categories?post=780"},{"taxonomy":"post_tag","embeddable":true,"href":"https:\/\/www.strassenweb.de\/nachrichten\/wp-json\/wp\/v2\/tags?post=780"}],"curies":[{"name":"wp","href":"https:\/\/api.w.org\/{rel}","templated":true}]}}