{"id":7774,"date":"2025-09-17T07:39:52","date_gmt":"2025-09-17T05:39:52","guid":{"rendered":"https:\/\/www.strassenweb.de\/nachrichten\/amanda-seyfrieds-schickes-graublaues-sofa-ist-mehr-als-eine-stilwahl-es-ist-ein-kleiner-blick-auf-einen-der-groessten-und-vielseitigsten-farbtrends-von-2026\/"},"modified":"2025-09-17T07:39:52","modified_gmt":"2025-09-17T05:39:52","slug":"amanda-seyfrieds-schickes-graublaues-sofa-ist-mehr-als-eine-stilwahl-es-ist-ein-kleiner-blick-auf-einen-der-groessten-und-vielseitigsten-farbtrends-von-2026","status":"publish","type":"post","link":"https:\/\/www.strassenweb.de\/nachrichten\/amanda-seyfrieds-schickes-graublaues-sofa-ist-mehr-als-eine-stilwahl-es-ist-ein-kleiner-blick-auf-einen-der-groessten-und-vielseitigsten-farbtrends-von-2026\/","title":{"rendered":"Amanda Seyfrieds schickes graublaues Sofa ist mehr als eine Stilwahl-es ist ein kleiner Blick auf einen der gr\u00f6\u00dften (und vielseitigsten) Farbtrends von 2026"},"content":{"rendered":"<p><\/p>\n<div id=\"article-body\" class=\"article__body \">\n<p id=\"64abfc29-2b4d-4f50-bf97-33a5f866d35b\">Inzwischen ist es kein Geheimnis, dass Blue im Jahr 2026 gro\u00df sein wird, nachdem Dulux den k\u00fchlenden, launischen Farbton als seine Farbe des Jahres angek\u00fcndigt hat. Das hei\u00dft, wir machen uns ab sofort Notizen und wir haben eine fabelhafte Inspiration von Amanda Seyfrieds Zuhause.<\/p>\n<div id=\"ad-unit-1\" class=\"ad-unit\"><\/div>\n<p>Die Designer des Schauspielers, Generalversammlung, machten ihren Zimmer mit seinen Holzfensterl\u00e4den, Statementanlagen und insbesondere mit graublauem Sofa.<\/p>\n<aside data-block-type=\"embed\" data-render-type=\"fte\" data-skip=\"dealsy\" data-widget-type=\"seasonal\" class=\"hawk-base\"><\/aside>\n<p id=\"64abfc29-2b4d-4f50-bf97-33a5f866d35b-2\">Der subtile Farbton des Sofas verleiht den neutralen Raum mit etwas Farbe, w\u00e4hrend sie den tiefen Senf der Vintage -Akzentst\u00fchle daneben kontrastiert. Es ist eine von Designer genehmigte Kombination, und wir k\u00f6nnen sehen, warum.<\/p>\n<div class=\"van_vid_carousel\">\n<div class=\"van_vid_carousel__padding\">\n<div class=\"van_vid_carousel__container\"><\/div>\n<\/div>\n<\/div>\n<div class=\"instagram-embed\" id=\"CuUa9mVOmyp\">\n<blockquote class=\"instagram-media\" data-instgrm-captioned data-instgrm-version=\"6\" style=\"width:99.375%; width:-webkit-calc(100% - 2px); width:calc(100% - 2px);\">\n<p>Ein von General Assembly (@gen_assembly) geteiltes Beitrag<\/p>\n<p>Ein Foto von on <\/p>\n<\/blockquote>\n<\/div>\n<div class=\"product-container hero-product-container product-block-no-wrap\">\n<div class=\"product-block-row\"><\/div>\n<div class=\"product-block-row\"><\/div>\n<div class=\"product-block-row\"><\/div>\n<\/div>\n<p id=\"570c190c-1404-49f7-9f92-4eca93044bf2\">Laut Design -Insidern ist das Kombination von Blues mit neutralen Farben eine fantastische M\u00f6glichkeit, um sicherzustellen, dass ein Raum harmonisch und einladend und nicht kalt oder nicht einladend ist.<\/p>\n<div id=\"ad-unit-2\" class=\"ad-unit\"><\/div>\n<p>&#8222;Blues allein k\u00f6nnen sich manchmal k\u00fchl oder fern anf\u00fchlen, aber wenn sie mit warmen Neutralen wie weichen Beigen und erdigen Braunen kombiniert werden, schaffen sie das emotionale Gleichgewicht, das sich zu Hause sehnen&#8220;, erkl\u00e4rt Magdalena Gierasinska, der Leiter des Produkts und zeigt Barker und Stonehouse.<\/p>\n<p>&#8218;Diese Mischung liefert die Klarheit und Frische von Blau, die von der Sicherheit und W\u00e4rme nat\u00fcrlicher Farbt\u00f6ne geerdet werden. Es ist eine zeitlose Paarung, die in Wohnzimmern, Schlafzimmern und sogar Speises\u00e4len funktioniert. Das Ausgleich eines reichen braunen oder verbrannten orangefarbenen Sofas mit einem blauen Sessel oder einer blauen Akzentwand erzeugt einen zeitgen\u00f6ssischen, beruhigenden und warmen Raum, ohne mit einem der beiden Farbschema zu \u00fcberw\u00e4ltigen. &#8218;<\/p>\n<p>Insbesondere leichte Blues liefern das entspannende Ambiente, das in Verbindung mit gem\u00fctlichen W\u00e4ldern einen beruhigenden Wohnbereich sorgt.<\/p>\n<div id=\"slice-container-newsletterForm-articleInbodyContent-YNX5ZA2Vq5VSSBfWhmJVfB\" class=\"slice-container newsletter-inbodyContent-slice newsletterForm-articleInbodyContent-YNX5ZA2Vq5VSSBfWhmJVfB slice-container-newsletterForm\"><\/div>\n<p>\u00bbKombinieren Sie ein Samtsofa in hellblau, ausbalanciert mit einem nat\u00fcrlichen Oak -Couchtisch oder einem Boucle -Akzentstuhl&#8220;, schl\u00e4gt Madgalena vor. &#8222;Diese Paarung vereint Frische, W\u00e4rme und Textur auf eine Weise, die sich sowohl stilvoll als auch restaurativ anf\u00fchlt.&#8220;<\/p>\n<div class=\"min-h-(270px) mb-4 viafoura-twig-component\" id=\"viafoura-engagement-starter-wrapper\" data-component-name=\"Elk:Embed:EngagementStarter\">\n<div class=\"viafoura\">\n<div>\n<vf-conversation-starter target=\"viafoura-comments\" minimum-comment-count=\"1\"><br \/>\n<\/vf-conversation-starter>\n<\/div>\n<\/div>\n<\/div>\n<hr id=\"f39982a2-e0b6-436d-9c23-2d12bc4fec5b\">\n<\/div>\n<p><script async src=\"\/\/www.instagram.com\/embed.js\"><\/script><\/p>\n","protected":false},"excerpt":{"rendered":"<p>Inzwischen ist es kein Geheimnis, dass Blue im Jahr 2026 gro\u00df sein wird, nachdem Dulux den k\u00fchlenden, launischen Farbton als seine Farbe des Jahres angek\u00fcndigt<\/p>\n","protected":false},"author":1,"featured_media":7775,"comment_status":"closed","ping_status":"","sticky":false,"template":"","format":"standard","meta":{"footnotes":""},"categories":[118],"tags":[935,2944,46,987,81,43,74,166,10185,10183,2600,15,6259,301,7103,2945,2806,10184,37,6062,21],"class_list":["post-7774","post","type-post","status-publish","format-standard","has-post-thumbnail","hentry","category-haus-garten","tag-als","tag-amanda","tag-auf","tag-blick","tag-der","tag-ein","tag-eine","tag-einen","tag-farbtrends","tag-graublaues","tag-groessten","tag-ist","tag-kleiner","tag-mehr","tag-schickes","tag-seyfrieds","tag-sofa","tag-stilwahles","tag-und","tag-vielseitigsten","tag-von","generate-columns","tablet-grid-50","mobile-grid-100","grid-parent","grid-50"],"yoast_head":"<!-- This site is optimized with the Yoast SEO plugin v27.3 - https:\/\/yoast.com\/product\/yoast-seo-wordpress\/ -->\n<title>Amanda Seyfrieds schickes graublaues Sofa ist mehr als eine Stilwahl-es ist ein kleiner Blick auf einen der gr\u00f6\u00dften (und vielseitigsten) Farbtrends von 2026 - Nachrichten - Stra\u00dfenweb<\/title>\n<meta name=\"robots\" content=\"index, follow, max-snippet:-1, max-image-preview:large, max-video-preview:-1\" \/>\n<link rel=\"canonical\" href=\"https:\/\/www.strassenweb.de\/nachrichten\/amanda-seyfrieds-schickes-graublaues-sofa-ist-mehr-als-eine-stilwahl-es-ist-ein-kleiner-blick-auf-einen-der-groessten-und-vielseitigsten-farbtrends-von-2026\/\" \/>\n<meta property=\"og:locale\" content=\"de_DE\" \/>\n<meta property=\"og:type\" content=\"article\" \/>\n<meta property=\"og:title\" content=\"Amanda Seyfrieds schickes graublaues Sofa ist mehr als eine Stilwahl-es ist ein kleiner Blick auf einen der gr\u00f6\u00dften (und vielseitigsten) Farbtrends von 2026 - Nachrichten - Stra\u00dfenweb\" \/>\n<meta property=\"og:description\" content=\"Inzwischen ist es kein Geheimnis, dass Blue im Jahr 2026 gro\u00df sein wird, nachdem Dulux den k\u00fchlenden, launischen Farbton als seine Farbe des Jahres angek\u00fcndigt\" \/>\n<meta property=\"og:url\" content=\"https:\/\/www.strassenweb.de\/nachrichten\/amanda-seyfrieds-schickes-graublaues-sofa-ist-mehr-als-eine-stilwahl-es-ist-ein-kleiner-blick-auf-einen-der-groessten-und-vielseitigsten-farbtrends-von-2026\/\" \/>\n<meta property=\"og:site_name\" content=\"Stra\u00dfenweb\" \/>\n<meta property=\"article:publisher\" content=\"https:\/\/www.facebook.com\/strassenweb\/\" \/>\n<meta property=\"article:published_time\" content=\"2025-09-17T05:39:52+00:00\" \/>\n<meta property=\"og:image\" content=\"https:\/\/www.strassenweb.de\/nachrichten\/wp-content\/uploads\/2024\/11\/RNeDxunRnDhewuGvNcpcq7.jpg\" \/>\n\t<meta property=\"og:image:width\" content=\"1\" \/>\n\t<meta property=\"og:image:height\" content=\"1\" \/>\n\t<meta property=\"og:image:type\" content=\"image\/jpeg\" \/>\n<meta name=\"author\" content=\"Robert Hoffmann\" \/>\n<meta name=\"twitter:card\" content=\"summary_large_image\" \/>\n<meta name=\"twitter:label1\" content=\"Verfasst von\" \/>\n\t<meta name=\"twitter:data1\" content=\"Robert Hoffmann\" \/>\n\t<meta name=\"twitter:label2\" content=\"Gesch\u00e4tzte Lesezeit\" \/>\n\t<meta name=\"twitter:data2\" content=\"2\u00a0Minuten\" \/>\n<script type=\"application\/ld+json\" class=\"yoast-schema-graph\">{\"@context\":\"https:\\\/\\\/schema.org\",\"@graph\":[{\"@type\":\"Article\",\"@id\":\"https:\\\/\\\/www.strassenweb.de\\\/nachrichten\\\/amanda-seyfrieds-schickes-graublaues-sofa-ist-mehr-als-eine-stilwahl-es-ist-ein-kleiner-blick-auf-einen-der-groessten-und-vielseitigsten-farbtrends-von-2026\\\/#article\",\"isPartOf\":{\"@id\":\"https:\\\/\\\/www.strassenweb.de\\\/nachrichten\\\/amanda-seyfrieds-schickes-graublaues-sofa-ist-mehr-als-eine-stilwahl-es-ist-ein-kleiner-blick-auf-einen-der-groessten-und-vielseitigsten-farbtrends-von-2026\\\/\"},\"author\":{\"name\":\"Robert Hoffmann\",\"@id\":\"https:\\\/\\\/www.strassenweb.de\\\/nachrichten\\\/#\\\/schema\\\/person\\\/87c9c9067f1211da429a744dc5a5aa41\"},\"headline\":\"Amanda Seyfrieds schickes graublaues Sofa ist mehr als eine Stilwahl-es ist ein kleiner Blick auf einen der gr\u00f6\u00dften (und vielseitigsten) Farbtrends von 2026\",\"datePublished\":\"2025-09-17T05:39:52+00:00\",\"mainEntityOfPage\":{\"@id\":\"https:\\\/\\\/www.strassenweb.de\\\/nachrichten\\\/amanda-seyfrieds-schickes-graublaues-sofa-ist-mehr-als-eine-stilwahl-es-ist-ein-kleiner-blick-auf-einen-der-groessten-und-vielseitigsten-farbtrends-von-2026\\\/\"},\"wordCount\":345,\"publisher\":{\"@id\":\"https:\\\/\\\/www.strassenweb.de\\\/nachrichten\\\/#organization\"},\"image\":{\"@id\":\"https:\\\/\\\/www.strassenweb.de\\\/nachrichten\\\/amanda-seyfrieds-schickes-graublaues-sofa-ist-mehr-als-eine-stilwahl-es-ist-ein-kleiner-blick-auf-einen-der-groessten-und-vielseitigsten-farbtrends-von-2026\\\/#primaryimage\"},\"thumbnailUrl\":\"https:\\\/\\\/www.strassenweb.de\\\/nachrichten\\\/wp-content\\\/uploads\\\/2024\\\/11\\\/RNeDxunRnDhewuGvNcpcq7.jpg\",\"keywords\":[\"als\",\"Amanda\",\"auf\",\"Blick\",\"der\",\"ein\",\"eine\",\"einen\",\"Farbtrends\",\"graublaues\",\"gr\u00f6\u00dften\",\"ist\",\"kleiner\",\"mehr\",\"schickes\",\"Seyfrieds\",\"Sofa\",\"Stilwahles\",\"und\",\"vielseitigsten\",\"von\"],\"articleSection\":[\"Haus &amp; Garten\"],\"inLanguage\":\"de\"},{\"@type\":\"WebPage\",\"@id\":\"https:\\\/\\\/www.strassenweb.de\\\/nachrichten\\\/amanda-seyfrieds-schickes-graublaues-sofa-ist-mehr-als-eine-stilwahl-es-ist-ein-kleiner-blick-auf-einen-der-groessten-und-vielseitigsten-farbtrends-von-2026\\\/\",\"url\":\"https:\\\/\\\/www.strassenweb.de\\\/nachrichten\\\/amanda-seyfrieds-schickes-graublaues-sofa-ist-mehr-als-eine-stilwahl-es-ist-ein-kleiner-blick-auf-einen-der-groessten-und-vielseitigsten-farbtrends-von-2026\\\/\",\"name\":\"Amanda Seyfrieds schickes graublaues Sofa ist mehr als eine Stilwahl-es ist ein kleiner Blick auf einen der gr\u00f6\u00dften (und vielseitigsten) Farbtrends von 2026 - Nachrichten - Stra\u00dfenweb\",\"isPartOf\":{\"@id\":\"https:\\\/\\\/www.strassenweb.de\\\/nachrichten\\\/#website\"},\"primaryImageOfPage\":{\"@id\":\"https:\\\/\\\/www.strassenweb.de\\\/nachrichten\\\/amanda-seyfrieds-schickes-graublaues-sofa-ist-mehr-als-eine-stilwahl-es-ist-ein-kleiner-blick-auf-einen-der-groessten-und-vielseitigsten-farbtrends-von-2026\\\/#primaryimage\"},\"image\":{\"@id\":\"https:\\\/\\\/www.strassenweb.de\\\/nachrichten\\\/amanda-seyfrieds-schickes-graublaues-sofa-ist-mehr-als-eine-stilwahl-es-ist-ein-kleiner-blick-auf-einen-der-groessten-und-vielseitigsten-farbtrends-von-2026\\\/#primaryimage\"},\"thumbnailUrl\":\"https:\\\/\\\/www.strassenweb.de\\\/nachrichten\\\/wp-content\\\/uploads\\\/2024\\\/11\\\/RNeDxunRnDhewuGvNcpcq7.jpg\",\"datePublished\":\"2025-09-17T05:39:52+00:00\",\"breadcrumb\":{\"@id\":\"https:\\\/\\\/www.strassenweb.de\\\/nachrichten\\\/amanda-seyfrieds-schickes-graublaues-sofa-ist-mehr-als-eine-stilwahl-es-ist-ein-kleiner-blick-auf-einen-der-groessten-und-vielseitigsten-farbtrends-von-2026\\\/#breadcrumb\"},\"inLanguage\":\"de\",\"potentialAction\":[{\"@type\":\"ReadAction\",\"target\":[\"https:\\\/\\\/www.strassenweb.de\\\/nachrichten\\\/amanda-seyfrieds-schickes-graublaues-sofa-ist-mehr-als-eine-stilwahl-es-ist-ein-kleiner-blick-auf-einen-der-groessten-und-vielseitigsten-farbtrends-von-2026\\\/\"]}]},{\"@type\":\"ImageObject\",\"inLanguage\":\"de\",\"@id\":\"https:\\\/\\\/www.strassenweb.de\\\/nachrichten\\\/amanda-seyfrieds-schickes-graublaues-sofa-ist-mehr-als-eine-stilwahl-es-ist-ein-kleiner-blick-auf-einen-der-groessten-und-vielseitigsten-farbtrends-von-2026\\\/#primaryimage\",\"url\":\"https:\\\/\\\/www.strassenweb.de\\\/nachrichten\\\/wp-content\\\/uploads\\\/2024\\\/11\\\/RNeDxunRnDhewuGvNcpcq7.jpg\",\"contentUrl\":\"https:\\\/\\\/www.strassenweb.de\\\/nachrichten\\\/wp-content\\\/uploads\\\/2024\\\/11\\\/RNeDxunRnDhewuGvNcpcq7.jpg\",\"caption\":\"Amanda Seyfried\"},{\"@type\":\"BreadcrumbList\",\"@id\":\"https:\\\/\\\/www.strassenweb.de\\\/nachrichten\\\/amanda-seyfrieds-schickes-graublaues-sofa-ist-mehr-als-eine-stilwahl-es-ist-ein-kleiner-blick-auf-einen-der-groessten-und-vielseitigsten-farbtrends-von-2026\\\/#breadcrumb\",\"itemListElement\":[{\"@type\":\"ListItem\",\"position\":1,\"name\":\"Home\",\"item\":\"https:\\\/\\\/www.strassenweb.de\\\/nachrichten\\\/\"},{\"@type\":\"ListItem\",\"position\":2,\"name\":\"Amanda Seyfrieds schickes graublaues Sofa ist mehr als eine Stilwahl-es ist ein kleiner Blick auf einen der gr\u00f6\u00dften (und vielseitigsten) Farbtrends von 2026\"}]},{\"@type\":\"WebSite\",\"@id\":\"https:\\\/\\\/www.strassenweb.de\\\/nachrichten\\\/#website\",\"url\":\"https:\\\/\\\/www.strassenweb.de\\\/nachrichten\\\/\",\"name\":\"Stra\u00dfenweb\",\"description\":\"Stra\u00dfenverzeichnis f\u00fcr Deutschland\",\"publisher\":{\"@id\":\"https:\\\/\\\/www.strassenweb.de\\\/nachrichten\\\/#organization\"},\"potentialAction\":[{\"@type\":\"SearchAction\",\"target\":{\"@type\":\"EntryPoint\",\"urlTemplate\":\"https:\\\/\\\/www.strassenweb.de\\\/nachrichten\\\/?s={search_term_string}\"},\"query-input\":{\"@type\":\"PropertyValueSpecification\",\"valueRequired\":true,\"valueName\":\"search_term_string\"}}],\"inLanguage\":\"de\"},{\"@type\":\"Organization\",\"@id\":\"https:\\\/\\\/www.strassenweb.de\\\/nachrichten\\\/#organization\",\"name\":\"Stra\u00dfenweb\",\"url\":\"https:\\\/\\\/www.strassenweb.de\\\/nachrichten\\\/\",\"logo\":{\"@type\":\"ImageObject\",\"inLanguage\":\"de\",\"@id\":\"https:\\\/\\\/www.strassenweb.de\\\/nachrichten\\\/#\\\/schema\\\/logo\\\/image\\\/\",\"url\":\"https:\\\/\\\/www.strassenweb.de\\\/nachrichten\\\/wp-content\\\/uploads\\\/2024\\\/09\\\/cropped-favicon.png\",\"contentUrl\":\"https:\\\/\\\/www.strassenweb.de\\\/nachrichten\\\/wp-content\\\/uploads\\\/2024\\\/09\\\/cropped-favicon.png\",\"width\":512,\"height\":512,\"caption\":\"Stra\u00dfenweb\"},\"image\":{\"@id\":\"https:\\\/\\\/www.strassenweb.de\\\/nachrichten\\\/#\\\/schema\\\/logo\\\/image\\\/\"},\"sameAs\":[\"https:\\\/\\\/www.facebook.com\\\/strassenweb\\\/\"]},{\"@type\":\"Person\",\"@id\":\"https:\\\/\\\/www.strassenweb.de\\\/nachrichten\\\/#\\\/schema\\\/person\\\/87c9c9067f1211da429a744dc5a5aa41\",\"name\":\"Robert Hoffmann\",\"image\":{\"@type\":\"ImageObject\",\"inLanguage\":\"de\",\"@id\":\"https:\\\/\\\/www.strassenweb.de\\\/nachrichten\\\/wp-content\\\/uploads\\\/2024\\\/09\\\/strassenweb-150x150.jpg\",\"url\":\"https:\\\/\\\/www.strassenweb.de\\\/nachrichten\\\/wp-content\\\/uploads\\\/2024\\\/09\\\/strassenweb-150x150.jpg\",\"contentUrl\":\"https:\\\/\\\/www.strassenweb.de\\\/nachrichten\\\/wp-content\\\/uploads\\\/2024\\\/09\\\/strassenweb-150x150.jpg\",\"caption\":\"Robert Hoffmann\"},\"description\":\"Ich hei\u00dfe Robert Hoffmann und ich bin ein leidenschaftlicher Verfechter von \u00d6kologie und Biodiversit\u00e4t. Seit meiner Kindheit in den W\u00e4ldern Bayerns f\u00fchle ich mich mit der Natur verbunden und bin entschlossen, sie zu sch\u00fctzen. Heute widme ich mein Leben der Sensibilisierung anderer f\u00fcr die Bedeutung des Umweltschutzes f\u00fcr zuk\u00fcnftige Generationen.\",\"sameAs\":[\"https:\\\/\\\/www.strassenweb.de\\\/\"]}]}<\/script>\n<!-- \/ Yoast SEO plugin. -->","yoast_head_json":{"title":"Amanda Seyfrieds schickes graublaues Sofa ist mehr als eine Stilwahl-es ist ein kleiner Blick auf einen der gr\u00f6\u00dften (und vielseitigsten) Farbtrends von 2026 - Nachrichten - Stra\u00dfenweb","robots":{"index":"index","follow":"follow","max-snippet":"max-snippet:-1","max-image-preview":"max-image-preview:large","max-video-preview":"max-video-preview:-1"},"canonical":"https:\/\/www.strassenweb.de\/nachrichten\/amanda-seyfrieds-schickes-graublaues-sofa-ist-mehr-als-eine-stilwahl-es-ist-ein-kleiner-blick-auf-einen-der-groessten-und-vielseitigsten-farbtrends-von-2026\/","og_locale":"de_DE","og_type":"article","og_title":"Amanda Seyfrieds schickes graublaues Sofa ist mehr als eine Stilwahl-es ist ein kleiner Blick auf einen der gr\u00f6\u00dften (und vielseitigsten) Farbtrends von 2026 - Nachrichten - Stra\u00dfenweb","og_description":"Inzwischen ist es kein Geheimnis, dass Blue im Jahr 2026 gro\u00df sein wird, nachdem Dulux den k\u00fchlenden, launischen Farbton als seine Farbe des Jahres angek\u00fcndigt","og_url":"https:\/\/www.strassenweb.de\/nachrichten\/amanda-seyfrieds-schickes-graublaues-sofa-ist-mehr-als-eine-stilwahl-es-ist-ein-kleiner-blick-auf-einen-der-groessten-und-vielseitigsten-farbtrends-von-2026\/","og_site_name":"Stra\u00dfenweb","article_publisher":"https:\/\/www.facebook.com\/strassenweb\/","article_published_time":"2025-09-17T05:39:52+00:00","og_image":[{"url":"https:\/\/www.strassenweb.de\/nachrichten\/wp-content\/uploads\/2024\/11\/RNeDxunRnDhewuGvNcpcq7.jpg","width":1,"height":1,"type":"image\/jpeg"}],"author":"Robert Hoffmann","twitter_card":"summary_large_image","twitter_misc":{"Verfasst von":"Robert Hoffmann","Gesch\u00e4tzte Lesezeit":"2\u00a0Minuten"},"schema":{"@context":"https:\/\/schema.org","@graph":[{"@type":"Article","@id":"https:\/\/www.strassenweb.de\/nachrichten\/amanda-seyfrieds-schickes-graublaues-sofa-ist-mehr-als-eine-stilwahl-es-ist-ein-kleiner-blick-auf-einen-der-groessten-und-vielseitigsten-farbtrends-von-2026\/#article","isPartOf":{"@id":"https:\/\/www.strassenweb.de\/nachrichten\/amanda-seyfrieds-schickes-graublaues-sofa-ist-mehr-als-eine-stilwahl-es-ist-ein-kleiner-blick-auf-einen-der-groessten-und-vielseitigsten-farbtrends-von-2026\/"},"author":{"name":"Robert Hoffmann","@id":"https:\/\/www.strassenweb.de\/nachrichten\/#\/schema\/person\/87c9c9067f1211da429a744dc5a5aa41"},"headline":"Amanda Seyfrieds schickes graublaues Sofa ist mehr als eine Stilwahl-es ist ein kleiner Blick auf einen der gr\u00f6\u00dften (und vielseitigsten) Farbtrends von 2026","datePublished":"2025-09-17T05:39:52+00:00","mainEntityOfPage":{"@id":"https:\/\/www.strassenweb.de\/nachrichten\/amanda-seyfrieds-schickes-graublaues-sofa-ist-mehr-als-eine-stilwahl-es-ist-ein-kleiner-blick-auf-einen-der-groessten-und-vielseitigsten-farbtrends-von-2026\/"},"wordCount":345,"publisher":{"@id":"https:\/\/www.strassenweb.de\/nachrichten\/#organization"},"image":{"@id":"https:\/\/www.strassenweb.de\/nachrichten\/amanda-seyfrieds-schickes-graublaues-sofa-ist-mehr-als-eine-stilwahl-es-ist-ein-kleiner-blick-auf-einen-der-groessten-und-vielseitigsten-farbtrends-von-2026\/#primaryimage"},"thumbnailUrl":"https:\/\/www.strassenweb.de\/nachrichten\/wp-content\/uploads\/2024\/11\/RNeDxunRnDhewuGvNcpcq7.jpg","keywords":["als","Amanda","auf","Blick","der","ein","eine","einen","Farbtrends","graublaues","gr\u00f6\u00dften","ist","kleiner","mehr","schickes","Seyfrieds","Sofa","Stilwahles","und","vielseitigsten","von"],"articleSection":["Haus &amp; Garten"],"inLanguage":"de"},{"@type":"WebPage","@id":"https:\/\/www.strassenweb.de\/nachrichten\/amanda-seyfrieds-schickes-graublaues-sofa-ist-mehr-als-eine-stilwahl-es-ist-ein-kleiner-blick-auf-einen-der-groessten-und-vielseitigsten-farbtrends-von-2026\/","url":"https:\/\/www.strassenweb.de\/nachrichten\/amanda-seyfrieds-schickes-graublaues-sofa-ist-mehr-als-eine-stilwahl-es-ist-ein-kleiner-blick-auf-einen-der-groessten-und-vielseitigsten-farbtrends-von-2026\/","name":"Amanda Seyfrieds schickes graublaues Sofa ist mehr als eine Stilwahl-es ist ein kleiner Blick auf einen der gr\u00f6\u00dften (und vielseitigsten) Farbtrends von 2026 - Nachrichten - Stra\u00dfenweb","isPartOf":{"@id":"https:\/\/www.strassenweb.de\/nachrichten\/#website"},"primaryImageOfPage":{"@id":"https:\/\/www.strassenweb.de\/nachrichten\/amanda-seyfrieds-schickes-graublaues-sofa-ist-mehr-als-eine-stilwahl-es-ist-ein-kleiner-blick-auf-einen-der-groessten-und-vielseitigsten-farbtrends-von-2026\/#primaryimage"},"image":{"@id":"https:\/\/www.strassenweb.de\/nachrichten\/amanda-seyfrieds-schickes-graublaues-sofa-ist-mehr-als-eine-stilwahl-es-ist-ein-kleiner-blick-auf-einen-der-groessten-und-vielseitigsten-farbtrends-von-2026\/#primaryimage"},"thumbnailUrl":"https:\/\/www.strassenweb.de\/nachrichten\/wp-content\/uploads\/2024\/11\/RNeDxunRnDhewuGvNcpcq7.jpg","datePublished":"2025-09-17T05:39:52+00:00","breadcrumb":{"@id":"https:\/\/www.strassenweb.de\/nachrichten\/amanda-seyfrieds-schickes-graublaues-sofa-ist-mehr-als-eine-stilwahl-es-ist-ein-kleiner-blick-auf-einen-der-groessten-und-vielseitigsten-farbtrends-von-2026\/#breadcrumb"},"inLanguage":"de","potentialAction":[{"@type":"ReadAction","target":["https:\/\/www.strassenweb.de\/nachrichten\/amanda-seyfrieds-schickes-graublaues-sofa-ist-mehr-als-eine-stilwahl-es-ist-ein-kleiner-blick-auf-einen-der-groessten-und-vielseitigsten-farbtrends-von-2026\/"]}]},{"@type":"ImageObject","inLanguage":"de","@id":"https:\/\/www.strassenweb.de\/nachrichten\/amanda-seyfrieds-schickes-graublaues-sofa-ist-mehr-als-eine-stilwahl-es-ist-ein-kleiner-blick-auf-einen-der-groessten-und-vielseitigsten-farbtrends-von-2026\/#primaryimage","url":"https:\/\/www.strassenweb.de\/nachrichten\/wp-content\/uploads\/2024\/11\/RNeDxunRnDhewuGvNcpcq7.jpg","contentUrl":"https:\/\/www.strassenweb.de\/nachrichten\/wp-content\/uploads\/2024\/11\/RNeDxunRnDhewuGvNcpcq7.jpg","caption":"Amanda Seyfried"},{"@type":"BreadcrumbList","@id":"https:\/\/www.strassenweb.de\/nachrichten\/amanda-seyfrieds-schickes-graublaues-sofa-ist-mehr-als-eine-stilwahl-es-ist-ein-kleiner-blick-auf-einen-der-groessten-und-vielseitigsten-farbtrends-von-2026\/#breadcrumb","itemListElement":[{"@type":"ListItem","position":1,"name":"Home","item":"https:\/\/www.strassenweb.de\/nachrichten\/"},{"@type":"ListItem","position":2,"name":"Amanda Seyfrieds schickes graublaues Sofa ist mehr als eine Stilwahl-es ist ein kleiner Blick auf einen der gr\u00f6\u00dften (und vielseitigsten) Farbtrends von 2026"}]},{"@type":"WebSite","@id":"https:\/\/www.strassenweb.de\/nachrichten\/#website","url":"https:\/\/www.strassenweb.de\/nachrichten\/","name":"Stra\u00dfenweb","description":"Stra\u00dfenverzeichnis f\u00fcr Deutschland","publisher":{"@id":"https:\/\/www.strassenweb.de\/nachrichten\/#organization"},"potentialAction":[{"@type":"SearchAction","target":{"@type":"EntryPoint","urlTemplate":"https:\/\/www.strassenweb.de\/nachrichten\/?s={search_term_string}"},"query-input":{"@type":"PropertyValueSpecification","valueRequired":true,"valueName":"search_term_string"}}],"inLanguage":"de"},{"@type":"Organization","@id":"https:\/\/www.strassenweb.de\/nachrichten\/#organization","name":"Stra\u00dfenweb","url":"https:\/\/www.strassenweb.de\/nachrichten\/","logo":{"@type":"ImageObject","inLanguage":"de","@id":"https:\/\/www.strassenweb.de\/nachrichten\/#\/schema\/logo\/image\/","url":"https:\/\/www.strassenweb.de\/nachrichten\/wp-content\/uploads\/2024\/09\/cropped-favicon.png","contentUrl":"https:\/\/www.strassenweb.de\/nachrichten\/wp-content\/uploads\/2024\/09\/cropped-favicon.png","width":512,"height":512,"caption":"Stra\u00dfenweb"},"image":{"@id":"https:\/\/www.strassenweb.de\/nachrichten\/#\/schema\/logo\/image\/"},"sameAs":["https:\/\/www.facebook.com\/strassenweb\/"]},{"@type":"Person","@id":"https:\/\/www.strassenweb.de\/nachrichten\/#\/schema\/person\/87c9c9067f1211da429a744dc5a5aa41","name":"Robert Hoffmann","image":{"@type":"ImageObject","inLanguage":"de","@id":"https:\/\/www.strassenweb.de\/nachrichten\/wp-content\/uploads\/2024\/09\/strassenweb-150x150.jpg","url":"https:\/\/www.strassenweb.de\/nachrichten\/wp-content\/uploads\/2024\/09\/strassenweb-150x150.jpg","contentUrl":"https:\/\/www.strassenweb.de\/nachrichten\/wp-content\/uploads\/2024\/09\/strassenweb-150x150.jpg","caption":"Robert Hoffmann"},"description":"Ich hei\u00dfe Robert Hoffmann und ich bin ein leidenschaftlicher Verfechter von \u00d6kologie und Biodiversit\u00e4t. Seit meiner Kindheit in den W\u00e4ldern Bayerns f\u00fchle ich mich mit der Natur verbunden und bin entschlossen, sie zu sch\u00fctzen. Heute widme ich mein Leben der Sensibilisierung anderer f\u00fcr die Bedeutung des Umweltschutzes f\u00fcr zuk\u00fcnftige Generationen.","sameAs":["https:\/\/www.strassenweb.de\/"]}]}},"_links":{"self":[{"href":"https:\/\/www.strassenweb.de\/nachrichten\/wp-json\/wp\/v2\/posts\/7774","targetHints":{"allow":["GET"]}}],"collection":[{"href":"https:\/\/www.strassenweb.de\/nachrichten\/wp-json\/wp\/v2\/posts"}],"about":[{"href":"https:\/\/www.strassenweb.de\/nachrichten\/wp-json\/wp\/v2\/types\/post"}],"author":[{"embeddable":true,"href":"https:\/\/www.strassenweb.de\/nachrichten\/wp-json\/wp\/v2\/users\/1"}],"replies":[{"embeddable":true,"href":"https:\/\/www.strassenweb.de\/nachrichten\/wp-json\/wp\/v2\/comments?post=7774"}],"version-history":[{"count":0,"href":"https:\/\/www.strassenweb.de\/nachrichten\/wp-json\/wp\/v2\/posts\/7774\/revisions"}],"wp:featuredmedia":[{"embeddable":true,"href":"https:\/\/www.strassenweb.de\/nachrichten\/wp-json\/wp\/v2\/media\/7775"}],"wp:attachment":[{"href":"https:\/\/www.strassenweb.de\/nachrichten\/wp-json\/wp\/v2\/media?parent=7774"}],"wp:term":[{"taxonomy":"category","embeddable":true,"href":"https:\/\/www.strassenweb.de\/nachrichten\/wp-json\/wp\/v2\/categories?post=7774"},{"taxonomy":"post_tag","embeddable":true,"href":"https:\/\/www.strassenweb.de\/nachrichten\/wp-json\/wp\/v2\/tags?post=7774"}],"curies":[{"name":"wp","href":"https:\/\/api.w.org\/{rel}","templated":true}]}}