{"id":7771,"date":"2025-09-17T04:40:00","date_gmt":"2025-09-17T02:40:00","guid":{"rendered":"https:\/\/www.strassenweb.de\/nachrichten\/ich-haette-nie-gedacht-dass-ich-so-viel-farbe-lieben-wuerde-aber-als-ich-den-garten-von-monets-in-giverny-in-all-seiner-ruhm-sah-hat-mich-umgehauen\/"},"modified":"2025-09-17T04:40:01","modified_gmt":"2025-09-17T02:40:01","slug":"ich-haette-nie-gedacht-dass-ich-so-viel-farbe-lieben-wuerde-aber-als-ich-den-garten-von-monets-in-giverny-in-all-seiner-ruhm-sah-hat-mich-umgehauen","status":"publish","type":"post","link":"https:\/\/www.strassenweb.de\/nachrichten\/ich-haette-nie-gedacht-dass-ich-so-viel-farbe-lieben-wuerde-aber-als-ich-den-garten-von-monets-in-giverny-in-all-seiner-ruhm-sah-hat-mich-umgehauen\/","title":{"rendered":"\u201eIch h\u00e4tte nie gedacht, dass ich so viel Farbe lieben w\u00fcrde. Aber als ich den Garten von Monets in Giverny in all seiner Ruhm sah, hat mich umgehauen."},"content":{"rendered":"<p><\/p>\n<div id=\"article-body\" class=\"article__body \">\n<p id=\"4679b810-98cc-43ad-be2b-755610a7cdb0\">Es gibt nichts Sch\u00f6neres als einen Fr\u00fchlingsgarten voller buntes Bl\u00fcten. Der Kontrast zwischen roten, rosa, gelben und blauen Bl\u00fctenbl\u00e4ttern gegen gr\u00fcne Bl\u00e4tter ist ein Fest f\u00fcr die Augen und erweckt ein Gef\u00fchl der Wertsch\u00e4tzung f\u00fcr die Sch\u00f6nheit der Natur.<\/p>\n<div id=\"ad-unit-1\" class=\"ad-unit\"><\/div>\n<p>Martha Stewarts langbl\u00fchendes mehrj\u00e4hriger Garten ist das perfekte Beispiel. Die Pflanzung im Doyenne&#8217;s Turkey Hill Home in Westport, Connecticut, platzt praktisch mit dem Leben. Es verf\u00fcgt \u00fcber jede farbenfrohe Bl\u00fcte unter der Sonne, von Narzissen \u00fcber Tulpen bis hin zu hellrosa blutenden Herzen. Der gesamte Raum ist mit einem kunstvoll gew\u00f6lbten Gitter definiert. Seine Wildheit ist wundersch\u00f6n lebendig und lebhaft.<\/p>\n<aside data-block-type=\"embed\" data-render-type=\"fte\" data-skip=\"dealsy\" data-widget-type=\"seasonal\" class=\"hawk-base\"><\/aside>\n<p id=\"4679b810-98cc-43ad-be2b-755610a7cdb0-2\">Martha war jedoch nicht immer von der maximalistischen Grenzpflanzung \u00fcberzeugt. Sie war eine Bef\u00fcrworter neutraler G\u00e4rten, bis sie auf ein bisschen lebensver\u00e4ndernde Inspiration stie\u00df: Monets G\u00e4rten.<\/p>\n<div class=\"van_vid_carousel\">\n<div class=\"van_vid_carousel__padding\">\n<div class=\"van_vid_carousel__container\"><\/div>\n<\/div>\n<\/div>\n<div class=\"instagram-embed\" id=\"CPw0xJBtsT3\">\n<blockquote class=\"instagram-media\" data-instgrm-captioned data-instgrm-version=\"6\" style=\"width:99.375%; width:-webkit-calc(100% - 2px); width:calc(100% - 2px);\">\n<p>Ein Beitrag von Martha Stewart (@marthasteWart48)<\/p>\n<p>Ein Foto von on <\/p>\n<\/blockquote>\n<\/div>\n<p id=\"15ab2a5f-d2b2-499c-b464-4adf9b0717cf\">Martha erkl\u00e4rt in einem Blog -Beitrag: \u201eIch h\u00e4tte nie gedacht, dass ich so viel Farbe lieben w\u00fcrde. Aber den Garten von Monets in Giverny in all seiner Ruhm zu sehen, hat mich umgehauen. &#8218;<\/p>\n<div id=\"ad-unit-2\" class=\"ad-unit\"><\/div>\n<p>Ein Blick in den franz\u00f6sischen Provinzgarten des Pionierin impressionistischen Provinz, und es ist leicht zu verstehen, warum. Der Au\u00dfenraum verf\u00fcgt \u00fcber hoch aufragende Gitter, die mit roten Rosen \u00fcberzogen sind und Basen aus rosa und roter Bodenbedeckung. Kein Wunder, dass er so viele Gem\u00e4lde von seinem Eigentum gemacht hat.<\/p>\n<figure class=\"van-image-figure inline-layout \" data-bordeaux-image-check id=\"300cf8a0-dd46-4055-92f6-2b84d05d4551\">\n<div class=\"image-full-width-wrapper\">\n<div class=\"image-widthsetter\" style=\"max-width:3522px;\"><\/div>\n<\/div>\n<\/figure>\n<h3 class=\"article-body__section\" id=\"section-shop-the-edit\"><span>Kaufen Sie die Bearbeitung ein<\/span><\/h3>\n<div class=\"product-container hero-product-container product-block-no-wrap\">\n<div class=\"product-block-row\"><\/div>\n<div class=\"product-block-row\"><\/div>\n<div class=\"product-block-row\"><\/div>\n<\/div>\n<p id=\"46f5ce67-a848-41e0-98c1-c23c178a45c0\">Also, was ist das Geheimnis, um einen Garten im franz\u00f6sischen Landstil wie der in Martha&#8217;s Turkey Hill zu Hause zu pflanzen?<\/p>\n<p>Laut dem Lifestyle -Experten kommt alles auf die richtigen Paarungen an. Martha erkl\u00e4rt: \u201eEs gibt bestimmte alte Pflanzen, die Sie nicht falsch machen k\u00f6nnen, wie Purple Higo und sibirische Iris, orange-rot und rosa orientalische Mohnblumen und Kolumbinen. Stellen Sie sie zusammen und Sie haben ein gro\u00dfartiges Tableau, das Sie nicht mit anderen Pflanzen bekommen konnten. &#8218;<\/p>\n<div id=\"slice-container-newsletterForm-articleInbodyContent-83CrRmzhrBJ6KVP9M7Kst3\" class=\"slice-container newsletter-inbodyContent-slice newsletterForm-articleInbodyContent-83CrRmzhrBJ6KVP9M7Kst3 slice-container-newsletterForm\"><\/div>\n<p>Um den Look noch anspruchsvoller zu machen, w\u00fcrde ich auch empfehlen, eine Art vertikaler Element zu integrieren. Egal, ob es sich um ein Gitter wie bei Marthas Haus oder mehr als ein gepflanzter Kegel wie der in Monet&#8217;s Home handelt, diese H\u00f6he f\u00fcgt mehr visuelles Interesse und einen Hauch von Raffinesse hinzu.<\/p>\n<hr id=\"62457ee4-f9c3-44cb-afaf-c72a22895264\">\n<p id=\"7b6313e9-e1cf-4468-8f9c-b2856ab43f6d\">Wie viele vor und nach ihr suchte Martha einen der gro\u00dfen K\u00fcnstler, um sich inspirieren zu lassen. Das Ergebnis ist eine helle und atemberaubende Feier des Lebens.<\/p>\n<div class=\"min-h-(270px) mb-4 viafoura-twig-component\" id=\"viafoura-engagement-starter-wrapper\" data-component-name=\"Elk:Embed:EngagementStarter\">\n<div class=\"viafoura\">\n<div>\n<vf-conversation-starter target=\"viafoura-comments\" minimum-comment-count=\"5\"><br \/>\n<\/vf-conversation-starter>\n<\/div>\n<\/div>\n<\/div>\n<div class=\"block\" id=\"articleTag\" data-component-name=\"PostArticleLinks\">\n<div class=\"border-b border-b-black border-solid py-2.5 text-black font-bold uppercase\">Themen<\/div>\n<nav class=\"py-2.5 flex gap-2.5 flex-wrap\" data-analytics-id=\"article-tag\">\n<p>Martha Stewart<br \/>\n<\/nav>\n<\/div>\n<\/div>\n<p><script async src=\"\/\/www.instagram.com\/embed.js\"><\/script><\/p>\n","protected":false},"excerpt":{"rendered":"<p>Es gibt nichts Sch\u00f6neres als einen Fr\u00fchlingsgarten voller buntes Bl\u00fcten. Der Kontrast zwischen roten, rosa, gelben und blauen Bl\u00fctenbl\u00e4ttern gegen gr\u00fcne Bl\u00e4tter ist ein Fest<\/p>\n","protected":false},"author":1,"featured_media":7772,"comment_status":"closed","ping_status":"","sticky":false,"template":"","format":"standard","meta":{"footnotes":""},"categories":[118],"tags":[357,935,51,78,1202,320,5284,10181,189,1533,129,217,1122,10180,460,6433,185,239,10182,263,21,1529],"class_list":["post-7771","post","type-post","status-publish","format-standard","has-post-thumbnail","hentry","category-haus-garten","tag-aber","tag-als","tag-dass","tag-den","tag-farbe","tag-garten","tag-gedacht","tag-giverny","tag-hat","tag-haette","tag-ich","tag-lieben","tag-mich","tag-monets","tag-nie","tag-ruhm","tag-sah","tag-seiner","tag-umgehauen","tag-viel","tag-von","tag-wuerde","generate-columns","tablet-grid-50","mobile-grid-100","grid-parent","grid-50"],"yoast_head":"<!-- This site is optimized with the Yoast SEO plugin v27.3 - https:\/\/yoast.com\/product\/yoast-seo-wordpress\/ -->\n<title>\u201eIch h\u00e4tte nie gedacht, dass ich so viel Farbe lieben w\u00fcrde. Aber als ich den Garten von Monets in Giverny in all seiner Ruhm sah, hat mich umgehauen. - Nachrichten - Stra\u00dfenweb<\/title>\n<meta name=\"robots\" content=\"index, follow, max-snippet:-1, max-image-preview:large, max-video-preview:-1\" \/>\n<link rel=\"canonical\" href=\"https:\/\/www.strassenweb.de\/nachrichten\/ich-haette-nie-gedacht-dass-ich-so-viel-farbe-lieben-wuerde-aber-als-ich-den-garten-von-monets-in-giverny-in-all-seiner-ruhm-sah-hat-mich-umgehauen\/\" \/>\n<meta property=\"og:locale\" content=\"de_DE\" \/>\n<meta property=\"og:type\" content=\"article\" \/>\n<meta property=\"og:title\" content=\"\u201eIch h\u00e4tte nie gedacht, dass ich so viel Farbe lieben w\u00fcrde. Aber als ich den Garten von Monets in Giverny in all seiner Ruhm sah, hat mich umgehauen. - Nachrichten - Stra\u00dfenweb\" \/>\n<meta property=\"og:description\" content=\"Es gibt nichts Sch\u00f6neres als einen Fr\u00fchlingsgarten voller buntes Bl\u00fcten. Der Kontrast zwischen roten, rosa, gelben und blauen Bl\u00fctenbl\u00e4ttern gegen gr\u00fcne Bl\u00e4tter ist ein Fest\" \/>\n<meta property=\"og:url\" content=\"https:\/\/www.strassenweb.de\/nachrichten\/ich-haette-nie-gedacht-dass-ich-so-viel-farbe-lieben-wuerde-aber-als-ich-den-garten-von-monets-in-giverny-in-all-seiner-ruhm-sah-hat-mich-umgehauen\/\" \/>\n<meta property=\"og:site_name\" content=\"Stra\u00dfenweb\" \/>\n<meta property=\"article:publisher\" content=\"https:\/\/www.facebook.com\/strassenweb\/\" \/>\n<meta property=\"article:published_time\" content=\"2025-09-17T02:40:00+00:00\" \/>\n<meta property=\"article:modified_time\" content=\"2025-09-17T02:40:01+00:00\" \/>\n<meta property=\"og:image\" content=\"https:\/\/www.strassenweb.de\/nachrichten\/wp-content\/uploads\/2025\/09\/\u201eIch-haette-nie-gedacht-dass-ich-so-viel-Farbe-lieben.jpg\" \/>\n\t<meta property=\"og:image:width\" content=\"1600\" \/>\n\t<meta property=\"og:image:height\" content=\"900\" \/>\n\t<meta property=\"og:image:type\" content=\"image\/jpeg\" \/>\n<meta name=\"author\" content=\"Robert Hoffmann\" \/>\n<meta name=\"twitter:card\" content=\"summary_large_image\" \/>\n<meta name=\"twitter:label1\" content=\"Verfasst von\" \/>\n\t<meta name=\"twitter:data1\" content=\"Robert Hoffmann\" \/>\n\t<meta name=\"twitter:label2\" content=\"Gesch\u00e4tzte Lesezeit\" \/>\n\t<meta name=\"twitter:data2\" content=\"2\u00a0Minuten\" \/>\n<script type=\"application\/ld+json\" class=\"yoast-schema-graph\">{\"@context\":\"https:\\\/\\\/schema.org\",\"@graph\":[{\"@type\":\"Article\",\"@id\":\"https:\\\/\\\/www.strassenweb.de\\\/nachrichten\\\/ich-haette-nie-gedacht-dass-ich-so-viel-farbe-lieben-wuerde-aber-als-ich-den-garten-von-monets-in-giverny-in-all-seiner-ruhm-sah-hat-mich-umgehauen\\\/#article\",\"isPartOf\":{\"@id\":\"https:\\\/\\\/www.strassenweb.de\\\/nachrichten\\\/ich-haette-nie-gedacht-dass-ich-so-viel-farbe-lieben-wuerde-aber-als-ich-den-garten-von-monets-in-giverny-in-all-seiner-ruhm-sah-hat-mich-umgehauen\\\/\"},\"author\":{\"name\":\"Robert Hoffmann\",\"@id\":\"https:\\\/\\\/www.strassenweb.de\\\/nachrichten\\\/#\\\/schema\\\/person\\\/87c9c9067f1211da429a744dc5a5aa41\"},\"headline\":\"\u201eIch h\u00e4tte nie gedacht, dass ich so viel Farbe lieben w\u00fcrde. Aber als ich den Garten von Monets in Giverny in all seiner Ruhm sah, hat mich umgehauen.\",\"datePublished\":\"2025-09-17T02:40:00+00:00\",\"dateModified\":\"2025-09-17T02:40:01+00:00\",\"mainEntityOfPage\":{\"@id\":\"https:\\\/\\\/www.strassenweb.de\\\/nachrichten\\\/ich-haette-nie-gedacht-dass-ich-so-viel-farbe-lieben-wuerde-aber-als-ich-den-garten-von-monets-in-giverny-in-all-seiner-ruhm-sah-hat-mich-umgehauen\\\/\"},\"wordCount\":451,\"publisher\":{\"@id\":\"https:\\\/\\\/www.strassenweb.de\\\/nachrichten\\\/#organization\"},\"image\":{\"@id\":\"https:\\\/\\\/www.strassenweb.de\\\/nachrichten\\\/ich-haette-nie-gedacht-dass-ich-so-viel-farbe-lieben-wuerde-aber-als-ich-den-garten-von-monets-in-giverny-in-all-seiner-ruhm-sah-hat-mich-umgehauen\\\/#primaryimage\"},\"thumbnailUrl\":\"https:\\\/\\\/www.strassenweb.de\\\/nachrichten\\\/wp-content\\\/uploads\\\/2025\\\/09\\\/\u201eIch-haette-nie-gedacht-dass-ich-so-viel-Farbe-lieben.jpg\",\"keywords\":[\"aber\",\"als\",\"dass\",\"den\",\"Farbe\",\"Garten\",\"gedacht\",\"Giverny\",\"hat\",\"h\u00e4tte\",\"ich\",\"lieben\",\"mich\",\"Monets\",\"nie\",\"Ruhm\",\"sah\",\"seiner\",\"umgehauen\",\"viel\",\"von\",\"w\u00fcrde\"],\"articleSection\":[\"Haus &amp; Garten\"],\"inLanguage\":\"de\"},{\"@type\":\"WebPage\",\"@id\":\"https:\\\/\\\/www.strassenweb.de\\\/nachrichten\\\/ich-haette-nie-gedacht-dass-ich-so-viel-farbe-lieben-wuerde-aber-als-ich-den-garten-von-monets-in-giverny-in-all-seiner-ruhm-sah-hat-mich-umgehauen\\\/\",\"url\":\"https:\\\/\\\/www.strassenweb.de\\\/nachrichten\\\/ich-haette-nie-gedacht-dass-ich-so-viel-farbe-lieben-wuerde-aber-als-ich-den-garten-von-monets-in-giverny-in-all-seiner-ruhm-sah-hat-mich-umgehauen\\\/\",\"name\":\"\u201eIch h\u00e4tte nie gedacht, dass ich so viel Farbe lieben w\u00fcrde. Aber als ich den Garten von Monets in Giverny in all seiner Ruhm sah, hat mich umgehauen. - Nachrichten - Stra\u00dfenweb\",\"isPartOf\":{\"@id\":\"https:\\\/\\\/www.strassenweb.de\\\/nachrichten\\\/#website\"},\"primaryImageOfPage\":{\"@id\":\"https:\\\/\\\/www.strassenweb.de\\\/nachrichten\\\/ich-haette-nie-gedacht-dass-ich-so-viel-farbe-lieben-wuerde-aber-als-ich-den-garten-von-monets-in-giverny-in-all-seiner-ruhm-sah-hat-mich-umgehauen\\\/#primaryimage\"},\"image\":{\"@id\":\"https:\\\/\\\/www.strassenweb.de\\\/nachrichten\\\/ich-haette-nie-gedacht-dass-ich-so-viel-farbe-lieben-wuerde-aber-als-ich-den-garten-von-monets-in-giverny-in-all-seiner-ruhm-sah-hat-mich-umgehauen\\\/#primaryimage\"},\"thumbnailUrl\":\"https:\\\/\\\/www.strassenweb.de\\\/nachrichten\\\/wp-content\\\/uploads\\\/2025\\\/09\\\/\u201eIch-haette-nie-gedacht-dass-ich-so-viel-Farbe-lieben.jpg\",\"datePublished\":\"2025-09-17T02:40:00+00:00\",\"dateModified\":\"2025-09-17T02:40:01+00:00\",\"breadcrumb\":{\"@id\":\"https:\\\/\\\/www.strassenweb.de\\\/nachrichten\\\/ich-haette-nie-gedacht-dass-ich-so-viel-farbe-lieben-wuerde-aber-als-ich-den-garten-von-monets-in-giverny-in-all-seiner-ruhm-sah-hat-mich-umgehauen\\\/#breadcrumb\"},\"inLanguage\":\"de\",\"potentialAction\":[{\"@type\":\"ReadAction\",\"target\":[\"https:\\\/\\\/www.strassenweb.de\\\/nachrichten\\\/ich-haette-nie-gedacht-dass-ich-so-viel-farbe-lieben-wuerde-aber-als-ich-den-garten-von-monets-in-giverny-in-all-seiner-ruhm-sah-hat-mich-umgehauen\\\/\"]}]},{\"@type\":\"ImageObject\",\"inLanguage\":\"de\",\"@id\":\"https:\\\/\\\/www.strassenweb.de\\\/nachrichten\\\/ich-haette-nie-gedacht-dass-ich-so-viel-farbe-lieben-wuerde-aber-als-ich-den-garten-von-monets-in-giverny-in-all-seiner-ruhm-sah-hat-mich-umgehauen\\\/#primaryimage\",\"url\":\"https:\\\/\\\/www.strassenweb.de\\\/nachrichten\\\/wp-content\\\/uploads\\\/2025\\\/09\\\/\u201eIch-haette-nie-gedacht-dass-ich-so-viel-Farbe-lieben.jpg\",\"contentUrl\":\"https:\\\/\\\/www.strassenweb.de\\\/nachrichten\\\/wp-content\\\/uploads\\\/2025\\\/09\\\/\u201eIch-haette-nie-gedacht-dass-ich-so-viel-Farbe-lieben.jpg\",\"width\":1600,\"height\":900,\"caption\":\"martha stewart in her garden with a basket\"},{\"@type\":\"BreadcrumbList\",\"@id\":\"https:\\\/\\\/www.strassenweb.de\\\/nachrichten\\\/ich-haette-nie-gedacht-dass-ich-so-viel-farbe-lieben-wuerde-aber-als-ich-den-garten-von-monets-in-giverny-in-all-seiner-ruhm-sah-hat-mich-umgehauen\\\/#breadcrumb\",\"itemListElement\":[{\"@type\":\"ListItem\",\"position\":1,\"name\":\"Home\",\"item\":\"https:\\\/\\\/www.strassenweb.de\\\/nachrichten\\\/\"},{\"@type\":\"ListItem\",\"position\":2,\"name\":\"\u201eIch h\u00e4tte nie gedacht, dass ich so viel Farbe lieben w\u00fcrde. Aber als ich den Garten von Monets in Giverny in all seiner Ruhm sah, hat mich umgehauen.\"}]},{\"@type\":\"WebSite\",\"@id\":\"https:\\\/\\\/www.strassenweb.de\\\/nachrichten\\\/#website\",\"url\":\"https:\\\/\\\/www.strassenweb.de\\\/nachrichten\\\/\",\"name\":\"Stra\u00dfenweb\",\"description\":\"Stra\u00dfenverzeichnis f\u00fcr Deutschland\",\"publisher\":{\"@id\":\"https:\\\/\\\/www.strassenweb.de\\\/nachrichten\\\/#organization\"},\"potentialAction\":[{\"@type\":\"SearchAction\",\"target\":{\"@type\":\"EntryPoint\",\"urlTemplate\":\"https:\\\/\\\/www.strassenweb.de\\\/nachrichten\\\/?s={search_term_string}\"},\"query-input\":{\"@type\":\"PropertyValueSpecification\",\"valueRequired\":true,\"valueName\":\"search_term_string\"}}],\"inLanguage\":\"de\"},{\"@type\":\"Organization\",\"@id\":\"https:\\\/\\\/www.strassenweb.de\\\/nachrichten\\\/#organization\",\"name\":\"Stra\u00dfenweb\",\"url\":\"https:\\\/\\\/www.strassenweb.de\\\/nachrichten\\\/\",\"logo\":{\"@type\":\"ImageObject\",\"inLanguage\":\"de\",\"@id\":\"https:\\\/\\\/www.strassenweb.de\\\/nachrichten\\\/#\\\/schema\\\/logo\\\/image\\\/\",\"url\":\"https:\\\/\\\/www.strassenweb.de\\\/nachrichten\\\/wp-content\\\/uploads\\\/2024\\\/09\\\/cropped-favicon.png\",\"contentUrl\":\"https:\\\/\\\/www.strassenweb.de\\\/nachrichten\\\/wp-content\\\/uploads\\\/2024\\\/09\\\/cropped-favicon.png\",\"width\":512,\"height\":512,\"caption\":\"Stra\u00dfenweb\"},\"image\":{\"@id\":\"https:\\\/\\\/www.strassenweb.de\\\/nachrichten\\\/#\\\/schema\\\/logo\\\/image\\\/\"},\"sameAs\":[\"https:\\\/\\\/www.facebook.com\\\/strassenweb\\\/\"]},{\"@type\":\"Person\",\"@id\":\"https:\\\/\\\/www.strassenweb.de\\\/nachrichten\\\/#\\\/schema\\\/person\\\/87c9c9067f1211da429a744dc5a5aa41\",\"name\":\"Robert Hoffmann\",\"image\":{\"@type\":\"ImageObject\",\"inLanguage\":\"de\",\"@id\":\"https:\\\/\\\/www.strassenweb.de\\\/nachrichten\\\/wp-content\\\/uploads\\\/2024\\\/09\\\/strassenweb-150x150.jpg\",\"url\":\"https:\\\/\\\/www.strassenweb.de\\\/nachrichten\\\/wp-content\\\/uploads\\\/2024\\\/09\\\/strassenweb-150x150.jpg\",\"contentUrl\":\"https:\\\/\\\/www.strassenweb.de\\\/nachrichten\\\/wp-content\\\/uploads\\\/2024\\\/09\\\/strassenweb-150x150.jpg\",\"caption\":\"Robert Hoffmann\"},\"description\":\"Ich hei\u00dfe Robert Hoffmann und ich bin ein leidenschaftlicher Verfechter von \u00d6kologie und Biodiversit\u00e4t. Seit meiner Kindheit in den W\u00e4ldern Bayerns f\u00fchle ich mich mit der Natur verbunden und bin entschlossen, sie zu sch\u00fctzen. Heute widme ich mein Leben der Sensibilisierung anderer f\u00fcr die Bedeutung des Umweltschutzes f\u00fcr zuk\u00fcnftige Generationen.\",\"sameAs\":[\"https:\\\/\\\/www.strassenweb.de\\\/\"]}]}<\/script>\n<!-- \/ Yoast SEO plugin. -->","yoast_head_json":{"title":"\u201eIch h\u00e4tte nie gedacht, dass ich so viel Farbe lieben w\u00fcrde. Aber als ich den Garten von Monets in Giverny in all seiner Ruhm sah, hat mich umgehauen. - Nachrichten - Stra\u00dfenweb","robots":{"index":"index","follow":"follow","max-snippet":"max-snippet:-1","max-image-preview":"max-image-preview:large","max-video-preview":"max-video-preview:-1"},"canonical":"https:\/\/www.strassenweb.de\/nachrichten\/ich-haette-nie-gedacht-dass-ich-so-viel-farbe-lieben-wuerde-aber-als-ich-den-garten-von-monets-in-giverny-in-all-seiner-ruhm-sah-hat-mich-umgehauen\/","og_locale":"de_DE","og_type":"article","og_title":"\u201eIch h\u00e4tte nie gedacht, dass ich so viel Farbe lieben w\u00fcrde. Aber als ich den Garten von Monets in Giverny in all seiner Ruhm sah, hat mich umgehauen. - Nachrichten - Stra\u00dfenweb","og_description":"Es gibt nichts Sch\u00f6neres als einen Fr\u00fchlingsgarten voller buntes Bl\u00fcten. Der Kontrast zwischen roten, rosa, gelben und blauen Bl\u00fctenbl\u00e4ttern gegen gr\u00fcne Bl\u00e4tter ist ein Fest","og_url":"https:\/\/www.strassenweb.de\/nachrichten\/ich-haette-nie-gedacht-dass-ich-so-viel-farbe-lieben-wuerde-aber-als-ich-den-garten-von-monets-in-giverny-in-all-seiner-ruhm-sah-hat-mich-umgehauen\/","og_site_name":"Stra\u00dfenweb","article_publisher":"https:\/\/www.facebook.com\/strassenweb\/","article_published_time":"2025-09-17T02:40:00+00:00","article_modified_time":"2025-09-17T02:40:01+00:00","og_image":[{"width":1600,"height":900,"url":"https:\/\/www.strassenweb.de\/nachrichten\/wp-content\/uploads\/2025\/09\/\u201eIch-haette-nie-gedacht-dass-ich-so-viel-Farbe-lieben.jpg","type":"image\/jpeg"}],"author":"Robert Hoffmann","twitter_card":"summary_large_image","twitter_misc":{"Verfasst von":"Robert Hoffmann","Gesch\u00e4tzte Lesezeit":"2\u00a0Minuten"},"schema":{"@context":"https:\/\/schema.org","@graph":[{"@type":"Article","@id":"https:\/\/www.strassenweb.de\/nachrichten\/ich-haette-nie-gedacht-dass-ich-so-viel-farbe-lieben-wuerde-aber-als-ich-den-garten-von-monets-in-giverny-in-all-seiner-ruhm-sah-hat-mich-umgehauen\/#article","isPartOf":{"@id":"https:\/\/www.strassenweb.de\/nachrichten\/ich-haette-nie-gedacht-dass-ich-so-viel-farbe-lieben-wuerde-aber-als-ich-den-garten-von-monets-in-giverny-in-all-seiner-ruhm-sah-hat-mich-umgehauen\/"},"author":{"name":"Robert Hoffmann","@id":"https:\/\/www.strassenweb.de\/nachrichten\/#\/schema\/person\/87c9c9067f1211da429a744dc5a5aa41"},"headline":"\u201eIch h\u00e4tte nie gedacht, dass ich so viel Farbe lieben w\u00fcrde. Aber als ich den Garten von Monets in Giverny in all seiner Ruhm sah, hat mich umgehauen.","datePublished":"2025-09-17T02:40:00+00:00","dateModified":"2025-09-17T02:40:01+00:00","mainEntityOfPage":{"@id":"https:\/\/www.strassenweb.de\/nachrichten\/ich-haette-nie-gedacht-dass-ich-so-viel-farbe-lieben-wuerde-aber-als-ich-den-garten-von-monets-in-giverny-in-all-seiner-ruhm-sah-hat-mich-umgehauen\/"},"wordCount":451,"publisher":{"@id":"https:\/\/www.strassenweb.de\/nachrichten\/#organization"},"image":{"@id":"https:\/\/www.strassenweb.de\/nachrichten\/ich-haette-nie-gedacht-dass-ich-so-viel-farbe-lieben-wuerde-aber-als-ich-den-garten-von-monets-in-giverny-in-all-seiner-ruhm-sah-hat-mich-umgehauen\/#primaryimage"},"thumbnailUrl":"https:\/\/www.strassenweb.de\/nachrichten\/wp-content\/uploads\/2025\/09\/\u201eIch-haette-nie-gedacht-dass-ich-so-viel-Farbe-lieben.jpg","keywords":["aber","als","dass","den","Farbe","Garten","gedacht","Giverny","hat","h\u00e4tte","ich","lieben","mich","Monets","nie","Ruhm","sah","seiner","umgehauen","viel","von","w\u00fcrde"],"articleSection":["Haus &amp; Garten"],"inLanguage":"de"},{"@type":"WebPage","@id":"https:\/\/www.strassenweb.de\/nachrichten\/ich-haette-nie-gedacht-dass-ich-so-viel-farbe-lieben-wuerde-aber-als-ich-den-garten-von-monets-in-giverny-in-all-seiner-ruhm-sah-hat-mich-umgehauen\/","url":"https:\/\/www.strassenweb.de\/nachrichten\/ich-haette-nie-gedacht-dass-ich-so-viel-farbe-lieben-wuerde-aber-als-ich-den-garten-von-monets-in-giverny-in-all-seiner-ruhm-sah-hat-mich-umgehauen\/","name":"\u201eIch h\u00e4tte nie gedacht, dass ich so viel Farbe lieben w\u00fcrde. Aber als ich den Garten von Monets in Giverny in all seiner Ruhm sah, hat mich umgehauen. - Nachrichten - Stra\u00dfenweb","isPartOf":{"@id":"https:\/\/www.strassenweb.de\/nachrichten\/#website"},"primaryImageOfPage":{"@id":"https:\/\/www.strassenweb.de\/nachrichten\/ich-haette-nie-gedacht-dass-ich-so-viel-farbe-lieben-wuerde-aber-als-ich-den-garten-von-monets-in-giverny-in-all-seiner-ruhm-sah-hat-mich-umgehauen\/#primaryimage"},"image":{"@id":"https:\/\/www.strassenweb.de\/nachrichten\/ich-haette-nie-gedacht-dass-ich-so-viel-farbe-lieben-wuerde-aber-als-ich-den-garten-von-monets-in-giverny-in-all-seiner-ruhm-sah-hat-mich-umgehauen\/#primaryimage"},"thumbnailUrl":"https:\/\/www.strassenweb.de\/nachrichten\/wp-content\/uploads\/2025\/09\/\u201eIch-haette-nie-gedacht-dass-ich-so-viel-Farbe-lieben.jpg","datePublished":"2025-09-17T02:40:00+00:00","dateModified":"2025-09-17T02:40:01+00:00","breadcrumb":{"@id":"https:\/\/www.strassenweb.de\/nachrichten\/ich-haette-nie-gedacht-dass-ich-so-viel-farbe-lieben-wuerde-aber-als-ich-den-garten-von-monets-in-giverny-in-all-seiner-ruhm-sah-hat-mich-umgehauen\/#breadcrumb"},"inLanguage":"de","potentialAction":[{"@type":"ReadAction","target":["https:\/\/www.strassenweb.de\/nachrichten\/ich-haette-nie-gedacht-dass-ich-so-viel-farbe-lieben-wuerde-aber-als-ich-den-garten-von-monets-in-giverny-in-all-seiner-ruhm-sah-hat-mich-umgehauen\/"]}]},{"@type":"ImageObject","inLanguage":"de","@id":"https:\/\/www.strassenweb.de\/nachrichten\/ich-haette-nie-gedacht-dass-ich-so-viel-farbe-lieben-wuerde-aber-als-ich-den-garten-von-monets-in-giverny-in-all-seiner-ruhm-sah-hat-mich-umgehauen\/#primaryimage","url":"https:\/\/www.strassenweb.de\/nachrichten\/wp-content\/uploads\/2025\/09\/\u201eIch-haette-nie-gedacht-dass-ich-so-viel-Farbe-lieben.jpg","contentUrl":"https:\/\/www.strassenweb.de\/nachrichten\/wp-content\/uploads\/2025\/09\/\u201eIch-haette-nie-gedacht-dass-ich-so-viel-Farbe-lieben.jpg","width":1600,"height":900,"caption":"martha stewart in her garden with a basket"},{"@type":"BreadcrumbList","@id":"https:\/\/www.strassenweb.de\/nachrichten\/ich-haette-nie-gedacht-dass-ich-so-viel-farbe-lieben-wuerde-aber-als-ich-den-garten-von-monets-in-giverny-in-all-seiner-ruhm-sah-hat-mich-umgehauen\/#breadcrumb","itemListElement":[{"@type":"ListItem","position":1,"name":"Home","item":"https:\/\/www.strassenweb.de\/nachrichten\/"},{"@type":"ListItem","position":2,"name":"\u201eIch h\u00e4tte nie gedacht, dass ich so viel Farbe lieben w\u00fcrde. Aber als ich den Garten von Monets in Giverny in all seiner Ruhm sah, hat mich umgehauen."}]},{"@type":"WebSite","@id":"https:\/\/www.strassenweb.de\/nachrichten\/#website","url":"https:\/\/www.strassenweb.de\/nachrichten\/","name":"Stra\u00dfenweb","description":"Stra\u00dfenverzeichnis f\u00fcr Deutschland","publisher":{"@id":"https:\/\/www.strassenweb.de\/nachrichten\/#organization"},"potentialAction":[{"@type":"SearchAction","target":{"@type":"EntryPoint","urlTemplate":"https:\/\/www.strassenweb.de\/nachrichten\/?s={search_term_string}"},"query-input":{"@type":"PropertyValueSpecification","valueRequired":true,"valueName":"search_term_string"}}],"inLanguage":"de"},{"@type":"Organization","@id":"https:\/\/www.strassenweb.de\/nachrichten\/#organization","name":"Stra\u00dfenweb","url":"https:\/\/www.strassenweb.de\/nachrichten\/","logo":{"@type":"ImageObject","inLanguage":"de","@id":"https:\/\/www.strassenweb.de\/nachrichten\/#\/schema\/logo\/image\/","url":"https:\/\/www.strassenweb.de\/nachrichten\/wp-content\/uploads\/2024\/09\/cropped-favicon.png","contentUrl":"https:\/\/www.strassenweb.de\/nachrichten\/wp-content\/uploads\/2024\/09\/cropped-favicon.png","width":512,"height":512,"caption":"Stra\u00dfenweb"},"image":{"@id":"https:\/\/www.strassenweb.de\/nachrichten\/#\/schema\/logo\/image\/"},"sameAs":["https:\/\/www.facebook.com\/strassenweb\/"]},{"@type":"Person","@id":"https:\/\/www.strassenweb.de\/nachrichten\/#\/schema\/person\/87c9c9067f1211da429a744dc5a5aa41","name":"Robert Hoffmann","image":{"@type":"ImageObject","inLanguage":"de","@id":"https:\/\/www.strassenweb.de\/nachrichten\/wp-content\/uploads\/2024\/09\/strassenweb-150x150.jpg","url":"https:\/\/www.strassenweb.de\/nachrichten\/wp-content\/uploads\/2024\/09\/strassenweb-150x150.jpg","contentUrl":"https:\/\/www.strassenweb.de\/nachrichten\/wp-content\/uploads\/2024\/09\/strassenweb-150x150.jpg","caption":"Robert Hoffmann"},"description":"Ich hei\u00dfe Robert Hoffmann und ich bin ein leidenschaftlicher Verfechter von \u00d6kologie und Biodiversit\u00e4t. Seit meiner Kindheit in den W\u00e4ldern Bayerns f\u00fchle ich mich mit der Natur verbunden und bin entschlossen, sie zu sch\u00fctzen. Heute widme ich mein Leben der Sensibilisierung anderer f\u00fcr die Bedeutung des Umweltschutzes f\u00fcr zuk\u00fcnftige Generationen.","sameAs":["https:\/\/www.strassenweb.de\/"]}]}},"_links":{"self":[{"href":"https:\/\/www.strassenweb.de\/nachrichten\/wp-json\/wp\/v2\/posts\/7771","targetHints":{"allow":["GET"]}}],"collection":[{"href":"https:\/\/www.strassenweb.de\/nachrichten\/wp-json\/wp\/v2\/posts"}],"about":[{"href":"https:\/\/www.strassenweb.de\/nachrichten\/wp-json\/wp\/v2\/types\/post"}],"author":[{"embeddable":true,"href":"https:\/\/www.strassenweb.de\/nachrichten\/wp-json\/wp\/v2\/users\/1"}],"replies":[{"embeddable":true,"href":"https:\/\/www.strassenweb.de\/nachrichten\/wp-json\/wp\/v2\/comments?post=7771"}],"version-history":[{"count":0,"href":"https:\/\/www.strassenweb.de\/nachrichten\/wp-json\/wp\/v2\/posts\/7771\/revisions"}],"wp:featuredmedia":[{"embeddable":true,"href":"https:\/\/www.strassenweb.de\/nachrichten\/wp-json\/wp\/v2\/media\/7772"}],"wp:attachment":[{"href":"https:\/\/www.strassenweb.de\/nachrichten\/wp-json\/wp\/v2\/media?parent=7771"}],"wp:term":[{"taxonomy":"category","embeddable":true,"href":"https:\/\/www.strassenweb.de\/nachrichten\/wp-json\/wp\/v2\/categories?post=7771"},{"taxonomy":"post_tag","embeddable":true,"href":"https:\/\/www.strassenweb.de\/nachrichten\/wp-json\/wp\/v2\/tags?post=7771"}],"curies":[{"name":"wp","href":"https:\/\/api.w.org\/{rel}","templated":true}]}}