{"id":777,"date":"2024-10-10T02:43:45","date_gmt":"2024-10-10T00:43:45","guid":{"rendered":"https:\/\/www.strassenweb.de\/nachrichten\/die-einzigen-gartenscheren-die-sie-jemals-kaufen-sollten-sind-am-prime-day-endlich-erschwinglich-aber-dieser-preis-wird-nicht-von-dauer-sein\/"},"modified":"2024-10-10T02:43:46","modified_gmt":"2024-10-10T00:43:46","slug":"die-einzigen-gartenscheren-die-sie-jemals-kaufen-sollten-sind-am-prime-day-endlich-erschwinglich-aber-dieser-preis-wird-nicht-von-dauer-sein","status":"publish","type":"post","link":"https:\/\/www.strassenweb.de\/nachrichten\/die-einzigen-gartenscheren-die-sie-jemals-kaufen-sollten-sind-am-prime-day-endlich-erschwinglich-aber-dieser-preis-wird-nicht-von-dauer-sein\/","title":{"rendered":"Die einzigen Gartenscheren, die Sie jemals kaufen sollten, sind am Prime Day endlich erschwinglich \u2013 aber dieser Preis wird nicht von Dauer sein"},"content":{"rendered":"<div id=\"article-body\" class=\"article__body \">\n<p>Fragen Sie jeden professionellen G\u00e4rtner und er wird Ihnen dasselbe sagen: Die Felco F2 sind die besten Gartenscheren, die Sie kaufen k\u00f6nnen. Ich habe sie im Vergleich zu Dutzenden anderer Gartenscheren getestet und sie haben immer die Nase vorn. Sie sind bequem, effektiv und vor allem langlebig. Sie sind nicht nur aus robustem Stahl gefertigt, sondern diese Gartenscheren sind auch vollst\u00e4ndig reparierbar. Ersatzteile gibt es f\u00fcr jeden Zentimeter davon. Mit ein wenig Pflege sind dies die letzten Gartenscheren, die Sie jemals kaufen m\u00fcssen.<\/p>\n<div id=\"ad-unit-1\" class=\"ad-unit\"><\/div>\n<p>Allerdings haben diese Gartenscheren einen Nachteil: Sie sind ziemlich teuer. Sie kosten in der Regel etwa 75 US-Dollar, was sich wie eine Menge Geld anf\u00fchlt, nur um Ihre Rosen zu beschneiden.<\/p>\n<aside class=\"hawk-nest\" data-render-type=\"fte\" data-skip=\"dealsy\" data-widget-type=\"seasonal\"><\/aside>\n<p>Deshalb freuen wir uns sehr, den Felco F2 am Amazon Prime Day im Angebot zu sehen. Um ehrlich zu sein, ist das kein gro\u00dfer Rabatt, aber dieses Jahr werden Sie sie m\u00f6glicherweise nicht mehr zu diesem Preis sehen, da sie am Black Friday nicht immer im Angebot sind.<\/p>\n<div id=\"desktop-in-article\" class=\"in-article ad-unit\">\n<div id=\"desktop-taboola-mid-article\"><\/div>\n<\/div>\n<div id=\"mobile-in-article\" class=\"in-article ad-unit\">\n<div id=\"mobile-taboola-mid-article\"><\/div>\n<\/div>\n<h3 class=\"article-body__section\" id=\"section-what-s-the-deal\"><span>Was ist los?<\/span><\/h3>\n<div class=\"hawk-nest\" data-editorial-currency=\"USD\" data-image=\"https:\/\/www.strassenweb.de\/nachrichten\/wp-content\/uploads\/2024\/10\/KZBLaQDJCgTvaj4Lp23Dxm-200-100.jpg\" data-link=\"https:\/\/target.georiot.com\/Proxy.ashx?tsid=107655&amp;GR_URL=https%3A%2F%2Famazon.com%2Fdp%2FB00023RYS6%2F%3Ftag%3Dhawk-future-20%26ascsubtag%3Dhawk-custom-tracking-20\" data-link-merchant=\"Amazon US\" data-link-text=\"View Deal\" data-model-brand=\"Felco\" data-model-name=\"Felco F2 Pruners\" data-model-product-name=\"F2 Pruners\" data-show-fallback=\"button\" data-star=\"hero\" data-webp-image=\"https:\/\/www.strassenweb.de\/nachrichten\/wp-content\/uploads\/2024\/10\/KZBLaQDJCgTvaj4Lp23Dxm-200-100.jpg.webp\" data-widget-introduction=\"&lt;p&gt;&lt;del&gt;&lt;strong&gt;&lt;\/strong&gt;&lt;\/del&gt;&lt;a href=&quot;https:\/\/target.georiot.com\/Proxy.ashx?tsid=107655&amp;GR_URL=https%3A%2F%2Famazon.com%2Fdp%2FB00023RYS6%2F%3Ftag%3Dhawk-future-20%26ascsubtag%3Dhawk-custom-tracking-20&quot; data-link-merchant=&quot;Amazon US&quot;&quot; target=&quot;_blank&quot; rel=&quot;nofollow&quot;&gt;&lt;del&gt;&lt;strong&gt;Was $73.99&lt;\/strong&gt;&lt;\/del&gt;&lt;strong&gt;, now $62.46 at Amazon&lt;\/strong&gt;&lt;\/a&gt;&lt;\/p&gt;&lt;p&gt;These are the only pruners most pro gardeners I know use. They're comfortable, give a great cut, and every part of them can be replaced.&lt;\/p&gt;\" data-widget-type=\"deal\" data-render-type=\"editorial\">\n<div class=\"hawk-master-widget-hawk-base-wrapper\">\n<div class=\"hawk-deal-widget-hero\">\n<div class=\"hawk-deal-widget-wrap\">\n<div class=\"hawk-deal-widget-image-container\"><\/div>\n<div class=\"hawk-deal-widget-main\"><span class=\"hawk-deal-widget-product-title hawk-deal-widget-capitalize\">Felco <\/span><span class=\"hawk-deal-widget-product-title\">F2-Gartenscheren: <\/span><span class=\"hawk-deal-widget-retailer\">bei Amazon US<\/span><\/p>\n<p xmlns=\"http:\/\/www.w3.org\/1999\/xhtml\"><strong><\/strong><strong>War 73,99 $<\/strong><strong>jetzt 62,46 $ bei Amazon<\/strong><\/p>\n<p>Dies sind die einzigen Gartenscheren, die die meisten professionellen G\u00e4rtner, die ich kenne, verwenden. Sie sind bequem, haben einen tollen Schnitt und sind in allen Teilen austauschbar.<\/p>\n<\/div>\n<\/div>\n<div class=\"hawk-deal-widget-footer\">\n<div class=\"hawk-deal-widget-button-wrapper\">\n<div class=\"hawk-deal-widget-preferred-partner-wrapper\"><span>Angebot ansehen<\/span><\/div>\n<\/div>\n<\/div>\n<\/div>\n<\/div>\n<\/div>\n<h3 class=\"article-body__section\" id=\"section-what-s-so-good-about-these-pruners\"><span>Was ist so gut an diesen Gartenscheren?<\/span><\/h3>\n<figure class=\"van-image-figure inline-layout \" data-bordeaux-image-check>\n<div class=\"image-full-width-wrapper\">\n<div class=\"image-widthsetter\" style=\"max-width:2400px;\"><\/div>\n<\/div>\n<\/figure>\n<p>Ich bin seit einigen Jahren Produkttester und die Felco 2 sind mit Abstand die besten Gartenscheren, die ich getestet habe. Dieses klassische Schweizer Design hat sich seit 1948 nicht ver\u00e4ndert, und das aus gutem Grund.<\/p>\n<div class=\"van_vid_carousel\">\n<div class=\"van_vid_carousel__padding\">\n<div class=\"van_vid_carousel__container\"><\/div>\n<\/div>\n<\/div>\n<p>Erstens sind sie unglaublich langlebig. Mit ein wenig \u00d6len und Sch\u00e4rfen k\u00f6nnen Felcos jahrelang halten, ohne zu brechen. Aber vertrauen Sie nicht nur meinem Wort \u2013 Profi-G\u00e4rtner und Gartenjournalist bei <em>H&#038;G<\/em> Auch Drew Swainston verwendet diese Gartenscheren, und sie haben ihm jahrelang Freude bereitet.<\/p>\n<div id=\"ad-unit-2\" class=\"ad-unit\"><\/div>\n<p>\u201eSeit \u00fcber einem Jahrzehnt besitze ich eine zuverl\u00e4ssige Astschere von Felco\u201c, sagt Drew. \u201eIch habe sie w\u00e4hrend meiner gesamten beruflichen Laufbahn als Garteng\u00e4rtner f\u00fcr eine Vielzahl von Schnittarbeiten verwendet und schneide sie auch heute noch regelm\u00e4\u00dfig zu Hause und auf meinem Schrebergarten.\u201c<\/p>\n<p>Zweitens sind sie sehr bequem. Dank der Gummigriffe und Sto\u00dfd\u00e4mpfer sind sie auch an langen Schnitttagen einfach zu bedienen. Entlang der Griffe befinden sich ergonomische Noppen, die Ihnen das Halten erleichtern. Ich habe festgestellt, dass billigere Gartenscheren \u2013 wie diese Felco-Dupes auf Amazon \u2013 nach ein paar Minuten anfangen, schmerzhaft an Ihren H\u00e4nden zu reiben.<\/p>\n<p>Dies ist beim Felco F2 nicht der Fall. Drew sagt: \u201eIch fand sie immer sehr einfach zu handhaben und bequem zu verwenden \u2013 auch \u00fcber l\u00e4ngere Zeitr\u00e4ume.\u201c Er hat mir ein Beispiel gegeben. \u201eIn einem Garten, in dem ich gearbeitet habe, haben wir gro\u00dfe Lorbeerfl\u00e4chen von Hand beschnitten, und meine Felcos lie\u00dfen sich auch nach Stunden, Tagen oder sogar Wochen des Schneidens dieser gro\u00dfen Lorbeerstreifen noch bequem beschneiden.\u201c<\/p>\n<p>Die F2 sind auch die effektivsten Gartenscheren \u00fcberhaupt. Sie bestehen aus geh\u00e4rtetem Stahl und schneiden besser durch holzige \u00c4ste als alle Gartenscheren, die ich je getestet habe. Sie sorgen f\u00fcr einen unglaublich sauberen Schnitt, bei dem die Rinde des Baumes selten rei\u00dft, und tragen so dazu bei, Infektionen Ihrer Pflanzen zu verhindern. Drew sagte mir: \u201eSie eignen sich hervorragend zum Beschneiden von Str\u00e4uchern und erweisen sich bei stundenlangem Abschneiden als unsch\u00e4tzbar wertvoll.\u201c<\/p>\n<figure class=\"van-image-figure inline-layout \" data-bordeaux-image-check>\n<div class=\"image-full-width-wrapper\">\n<div class=\"image-widthsetter\" style=\"max-width:2400px;\"><\/div>\n<\/div>\n<\/figure>\n<p>Schon die kleinen Aufmerksamkeiten helfen. Die Griffe dieser Gartenschere sind leuchtend rot, und obwohl es nicht die stilvollste Wahl ist, ist sie doch praktisch. Durch die auff\u00e4llige Farbe k\u00f6nnen Sie diese nicht verlegen \u2013 wenn Sie sie in einen Strauch fallen lassen oder auf einen Rasen stellen, sind Sie immer in der Lage, sie zu sehen.<\/p>\n<p>Was mir jedoch bei weitem am besten gef\u00e4llt, ist, dass jedes Teil austauschbar ist. Das Recht, sein Eigentum zu reparieren, ist eine Bewegung, die immer mehr an Bedeutung gewinnt. Viele von uns haben bei Amazon billige Produkte gekauft, f\u00fcr die es entweder keine Ersatzteile gibt oder bei denen die Garantie erlischt, wenn wir versuchen, sie zu reparieren. Bei \u00e4lteren Produkten war es fr\u00fcher selbstverst\u00e4ndlich, dass man sie reparieren konnte, was immer schwieriger wird.<\/p>\n<p>Felco verkauft jedoch Ersatzteile f\u00fcr das gesamte Gartenscherenpaar. Wenn Ihre Gartenschere kaputt geht, k\u00f6nnen Sie sie also reparieren. \u201eIch hatte das Gl\u00fcck, dass meine noch keine neuen Teile ben\u00f6tigten, aber es beruhigt mich, wenn ich wei\u00df, dass ich Teile einfach austauschen kann\u201c, sagt Drew. \u201eIch habe andere Fachleute kennengelernt, mit denen ich zusammengearbeitet habe und die problemlos Teile ihrer Felcos ausgetauscht haben, um deren Lebensdauer zu verl\u00e4ngern.\u201c<\/p>\n<h3 class=\"article-body__section\" id=\"section-are-there-any-drawbacks-to-the-felco-f2\"><span>Gibt es irgendwelche Nachteile beim Felco F2?<\/span><\/h3>\n<p>Wenn sich das alles etwas zu sch\u00f6n anh\u00f6rt, um wahr zu sein, sollten Sie bedenken, dass es ein paar kleine Nachteile gibt.<\/p>\n<p>Der erste ist der Preis. Der \u00fcbliche Verkaufspreis von 73,99 US-Dollar ist ziemlich teuer, aber wenn man bedenkt, dass es sich um die letzte Gartenschere handelt, die Sie jemals brauchen werden, ist das ein ziemlich guter Preis. Jetzt sind sie zum Prime Day rabattiert, der Preis ist sogar noch besser, aber f\u00fcr manche mag er immer noch etwas hoch erscheinen.<\/p>\n<p>Ein prosaischeres Problem ist, dass die Felco F2 nur f\u00fcr Rechtsh\u00e4nder geeignet sind. Linksh\u00e4nder m\u00fcssen zum Felco F9 greifen, erh\u00e4ltlich bei Amazon. Diese haben nicht den gleichen ergonomischen Griff und sind zum Zeitpunkt des Verfassens dieses Artikels nicht zum Prime Day im Angebot.<\/p>\n<h3 class=\"article-body__section\" id=\"section-other-good-pruners\"><span>Andere gute Gartenscheren<\/span><\/h3>\n<figure class=\"van-image-figure inline-layout \" data-bordeaux-image-check>\n<div class=\"image-full-width-wrapper\">\n<div class=\"image-widthsetter\" style=\"max-width:2400px;\"><\/div>\n<\/div>\n<\/figure>\n<p>Bei den F2-Gartenscheren handelt es sich um Bypass-Gartenscheren, das hei\u00dft, sie funktionieren wie eine Schere. Dies ist jedoch nicht die einzige Art von Gartenschere. Es gibt auch Amboss-Gartenscheren, die gegen einen harten Amboss schneiden, um die holzigsten St\u00e4mme zu durchtrennen, sowie Ratschen-Gartenscheren, die mit einem Ratschenmechanismus dicke \u00c4ste schrittweise durchschneiden. Felco verkauft auch au\u00dfergew\u00f6hnliche Amboss-Gartenscheren, die eine \u00dcberlegung wert sind, wenn sp\u00e4ter im Winter viele schwierige Schnittarbeiten anstehen.<\/p>\n<div class=\"product-container hero-product-container product-block-no-wrap\"><\/div>\n<hr>\n<p>Gartenscheren geh\u00f6ren zu den Nischenprodukten, die zum Prime Day angeboten werden. Es gibt noch viele weitere Schn\u00e4ppchen bei Amazon \u2013 unsere Experten machen sich live auf die Suche nach den besten Angeboten f\u00fcr Bettw\u00e4sche und Staubsauger.<\/p>\n<div class=\"tag-links\">\n<div class=\"tag-links__title\">Themen<\/div>\n<div class=\"tag-links__links\">\n<p>Amazon Prime Day\n<\/p><\/div>\n<\/div>\n<\/div>\n","protected":false},"excerpt":{"rendered":"<p>Fragen Sie jeden professionellen G\u00e4rtner und er wird Ihnen dasselbe sagen: Die Felco F2 sind die besten Gartenscheren, die Sie kaufen k\u00f6nnen. Ich habe sie<\/p>\n","protected":false},"author":1,"featured_media":778,"comment_status":"closed","ping_status":"","sticky":false,"template":"","format":"standard","meta":{"footnotes":""},"categories":[118],"tags":[357,1555,1273,9,1554,733,1553,353,1551,1552,964,61,1135,1475,306,165,58,560,21,71],"class_list":["post-777","post","type-post","status-publish","format-standard","has-post-thumbnail","hentry","category-haus-garten","tag-aber","tag-dauer","tag-day","tag-die","tag-dieser","tag-einzigen","tag-endlich","tag-erschwinglich","tag-gartenscheren","tag-jemals","tag-kaufen","tag-nicht","tag-preis","tag-prime","tag-sein","tag-sie","tag-sind","tag-sollten","tag-von","tag-wird","generate-columns","tablet-grid-50","mobile-grid-100","grid-parent","grid-50"],"yoast_head":"<!-- This site is optimized with the Yoast SEO plugin v27.3 - https:\/\/yoast.com\/product\/yoast-seo-wordpress\/ -->\n<title>Die einzigen Gartenscheren, die Sie jemals kaufen sollten, sind am Prime Day endlich erschwinglich \u2013 aber dieser Preis wird nicht von Dauer sein - Nachrichten - Stra\u00dfenweb<\/title>\n<meta name=\"robots\" content=\"index, follow, max-snippet:-1, max-image-preview:large, max-video-preview:-1\" \/>\n<link rel=\"canonical\" href=\"https:\/\/www.strassenweb.de\/nachrichten\/die-einzigen-gartenscheren-die-sie-jemals-kaufen-sollten-sind-am-prime-day-endlich-erschwinglich-aber-dieser-preis-wird-nicht-von-dauer-sein\/\" \/>\n<meta property=\"og:locale\" content=\"de_DE\" \/>\n<meta property=\"og:type\" content=\"article\" \/>\n<meta property=\"og:title\" content=\"Die einzigen Gartenscheren, die Sie jemals kaufen sollten, sind am Prime Day endlich erschwinglich \u2013 aber dieser Preis wird nicht von Dauer sein - Nachrichten - Stra\u00dfenweb\" \/>\n<meta property=\"og:description\" content=\"Fragen Sie jeden professionellen G\u00e4rtner und er wird Ihnen dasselbe sagen: Die Felco F2 sind die besten Gartenscheren, die Sie kaufen k\u00f6nnen. Ich habe sie\" \/>\n<meta property=\"og:url\" content=\"https:\/\/www.strassenweb.de\/nachrichten\/die-einzigen-gartenscheren-die-sie-jemals-kaufen-sollten-sind-am-prime-day-endlich-erschwinglich-aber-dieser-preis-wird-nicht-von-dauer-sein\/\" \/>\n<meta property=\"og:site_name\" content=\"Stra\u00dfenweb\" \/>\n<meta property=\"article:publisher\" content=\"https:\/\/www.facebook.com\/strassenweb\/\" \/>\n<meta property=\"article:published_time\" content=\"2024-10-10T00:43:45+00:00\" \/>\n<meta property=\"article:modified_time\" content=\"2024-10-10T00:43:46+00:00\" \/>\n<meta property=\"og:image\" content=\"https:\/\/www.strassenweb.de\/nachrichten\/wp-content\/uploads\/2024\/10\/Die-einzigen-Gartenscheren-die-Sie-jemals-kaufen-sollten-sind-am.jpg\" \/>\n\t<meta property=\"og:image:width\" content=\"1200\" \/>\n\t<meta property=\"og:image:height\" content=\"675\" \/>\n\t<meta property=\"og:image:type\" content=\"image\/jpeg\" \/>\n<meta name=\"author\" content=\"Robert Hoffmann\" \/>\n<meta name=\"twitter:card\" content=\"summary_large_image\" \/>\n<meta name=\"twitter:label1\" content=\"Verfasst von\" \/>\n\t<meta name=\"twitter:data1\" content=\"Robert Hoffmann\" \/>\n\t<meta name=\"twitter:label2\" content=\"Gesch\u00e4tzte Lesezeit\" \/>\n\t<meta name=\"twitter:data2\" content=\"5\u00a0Minuten\" \/>\n<script type=\"application\/ld+json\" class=\"yoast-schema-graph\">{\"@context\":\"https:\\\/\\\/schema.org\",\"@graph\":[{\"@type\":\"Article\",\"@id\":\"https:\\\/\\\/www.strassenweb.de\\\/nachrichten\\\/die-einzigen-gartenscheren-die-sie-jemals-kaufen-sollten-sind-am-prime-day-endlich-erschwinglich-aber-dieser-preis-wird-nicht-von-dauer-sein\\\/#article\",\"isPartOf\":{\"@id\":\"https:\\\/\\\/www.strassenweb.de\\\/nachrichten\\\/die-einzigen-gartenscheren-die-sie-jemals-kaufen-sollten-sind-am-prime-day-endlich-erschwinglich-aber-dieser-preis-wird-nicht-von-dauer-sein\\\/\"},\"author\":{\"name\":\"Robert Hoffmann\",\"@id\":\"https:\\\/\\\/www.strassenweb.de\\\/nachrichten\\\/#\\\/schema\\\/person\\\/87c9c9067f1211da429a744dc5a5aa41\"},\"headline\":\"Die einzigen Gartenscheren, die Sie jemals kaufen sollten, sind am Prime Day endlich erschwinglich \u2013 aber dieser Preis wird nicht von Dauer sein\",\"datePublished\":\"2024-10-10T00:43:45+00:00\",\"dateModified\":\"2024-10-10T00:43:46+00:00\",\"mainEntityOfPage\":{\"@id\":\"https:\\\/\\\/www.strassenweb.de\\\/nachrichten\\\/die-einzigen-gartenscheren-die-sie-jemals-kaufen-sollten-sind-am-prime-day-endlich-erschwinglich-aber-dieser-preis-wird-nicht-von-dauer-sein\\\/\"},\"wordCount\":1040,\"publisher\":{\"@id\":\"https:\\\/\\\/www.strassenweb.de\\\/nachrichten\\\/#organization\"},\"image\":{\"@id\":\"https:\\\/\\\/www.strassenweb.de\\\/nachrichten\\\/die-einzigen-gartenscheren-die-sie-jemals-kaufen-sollten-sind-am-prime-day-endlich-erschwinglich-aber-dieser-preis-wird-nicht-von-dauer-sein\\\/#primaryimage\"},\"thumbnailUrl\":\"https:\\\/\\\/www.strassenweb.de\\\/nachrichten\\\/wp-content\\\/uploads\\\/2024\\\/10\\\/Die-einzigen-Gartenscheren-die-Sie-jemals-kaufen-sollten-sind-am.jpg\",\"keywords\":[\"aber\",\"Dauer\",\"Day\",\"die\",\"dieser\",\"einzigen\",\"endlich\",\"erschwinglich\",\"Gartenscheren\",\"jemals\",\"kaufen\",\"nicht\",\"Preis\",\"Prime\",\"sein\",\"Sie\",\"sind\",\"sollten\",\"von\",\"wird\"],\"articleSection\":[\"Haus &amp; Garten\"],\"inLanguage\":\"de\"},{\"@type\":\"WebPage\",\"@id\":\"https:\\\/\\\/www.strassenweb.de\\\/nachrichten\\\/die-einzigen-gartenscheren-die-sie-jemals-kaufen-sollten-sind-am-prime-day-endlich-erschwinglich-aber-dieser-preis-wird-nicht-von-dauer-sein\\\/\",\"url\":\"https:\\\/\\\/www.strassenweb.de\\\/nachrichten\\\/die-einzigen-gartenscheren-die-sie-jemals-kaufen-sollten-sind-am-prime-day-endlich-erschwinglich-aber-dieser-preis-wird-nicht-von-dauer-sein\\\/\",\"name\":\"Die einzigen Gartenscheren, die Sie jemals kaufen sollten, sind am Prime Day endlich erschwinglich \u2013 aber dieser Preis wird nicht von Dauer sein - Nachrichten - Stra\u00dfenweb\",\"isPartOf\":{\"@id\":\"https:\\\/\\\/www.strassenweb.de\\\/nachrichten\\\/#website\"},\"primaryImageOfPage\":{\"@id\":\"https:\\\/\\\/www.strassenweb.de\\\/nachrichten\\\/die-einzigen-gartenscheren-die-sie-jemals-kaufen-sollten-sind-am-prime-day-endlich-erschwinglich-aber-dieser-preis-wird-nicht-von-dauer-sein\\\/#primaryimage\"},\"image\":{\"@id\":\"https:\\\/\\\/www.strassenweb.de\\\/nachrichten\\\/die-einzigen-gartenscheren-die-sie-jemals-kaufen-sollten-sind-am-prime-day-endlich-erschwinglich-aber-dieser-preis-wird-nicht-von-dauer-sein\\\/#primaryimage\"},\"thumbnailUrl\":\"https:\\\/\\\/www.strassenweb.de\\\/nachrichten\\\/wp-content\\\/uploads\\\/2024\\\/10\\\/Die-einzigen-Gartenscheren-die-Sie-jemals-kaufen-sollten-sind-am.jpg\",\"datePublished\":\"2024-10-10T00:43:45+00:00\",\"dateModified\":\"2024-10-10T00:43:46+00:00\",\"breadcrumb\":{\"@id\":\"https:\\\/\\\/www.strassenweb.de\\\/nachrichten\\\/die-einzigen-gartenscheren-die-sie-jemals-kaufen-sollten-sind-am-prime-day-endlich-erschwinglich-aber-dieser-preis-wird-nicht-von-dauer-sein\\\/#breadcrumb\"},\"inLanguage\":\"de\",\"potentialAction\":[{\"@type\":\"ReadAction\",\"target\":[\"https:\\\/\\\/www.strassenweb.de\\\/nachrichten\\\/die-einzigen-gartenscheren-die-sie-jemals-kaufen-sollten-sind-am-prime-day-endlich-erschwinglich-aber-dieser-preis-wird-nicht-von-dauer-sein\\\/\"]}]},{\"@type\":\"ImageObject\",\"inLanguage\":\"de\",\"@id\":\"https:\\\/\\\/www.strassenweb.de\\\/nachrichten\\\/die-einzigen-gartenscheren-die-sie-jemals-kaufen-sollten-sind-am-prime-day-endlich-erschwinglich-aber-dieser-preis-wird-nicht-von-dauer-sein\\\/#primaryimage\",\"url\":\"https:\\\/\\\/www.strassenweb.de\\\/nachrichten\\\/wp-content\\\/uploads\\\/2024\\\/10\\\/Die-einzigen-Gartenscheren-die-Sie-jemals-kaufen-sollten-sind-am.jpg\",\"contentUrl\":\"https:\\\/\\\/www.strassenweb.de\\\/nachrichten\\\/wp-content\\\/uploads\\\/2024\\\/10\\\/Die-einzigen-Gartenscheren-die-Sie-jemals-kaufen-sollten-sind-am.jpg\",\"width\":1200,\"height\":675,\"caption\":\"Die einzigen Gartenscheren, die Sie jemals kaufen sollten, sind am Prime Day endlich erschwinglich \u2013 aber dieser Preis wird nicht von Dauer sein\"},{\"@type\":\"BreadcrumbList\",\"@id\":\"https:\\\/\\\/www.strassenweb.de\\\/nachrichten\\\/die-einzigen-gartenscheren-die-sie-jemals-kaufen-sollten-sind-am-prime-day-endlich-erschwinglich-aber-dieser-preis-wird-nicht-von-dauer-sein\\\/#breadcrumb\",\"itemListElement\":[{\"@type\":\"ListItem\",\"position\":1,\"name\":\"Home\",\"item\":\"https:\\\/\\\/www.strassenweb.de\\\/nachrichten\\\/\"},{\"@type\":\"ListItem\",\"position\":2,\"name\":\"Die einzigen Gartenscheren, die Sie jemals kaufen sollten, sind am Prime Day endlich erschwinglich \u2013 aber dieser Preis wird nicht von Dauer sein\"}]},{\"@type\":\"WebSite\",\"@id\":\"https:\\\/\\\/www.strassenweb.de\\\/nachrichten\\\/#website\",\"url\":\"https:\\\/\\\/www.strassenweb.de\\\/nachrichten\\\/\",\"name\":\"Stra\u00dfenweb\",\"description\":\"Stra\u00dfenverzeichnis f\u00fcr Deutschland\",\"publisher\":{\"@id\":\"https:\\\/\\\/www.strassenweb.de\\\/nachrichten\\\/#organization\"},\"potentialAction\":[{\"@type\":\"SearchAction\",\"target\":{\"@type\":\"EntryPoint\",\"urlTemplate\":\"https:\\\/\\\/www.strassenweb.de\\\/nachrichten\\\/?s={search_term_string}\"},\"query-input\":{\"@type\":\"PropertyValueSpecification\",\"valueRequired\":true,\"valueName\":\"search_term_string\"}}],\"inLanguage\":\"de\"},{\"@type\":\"Organization\",\"@id\":\"https:\\\/\\\/www.strassenweb.de\\\/nachrichten\\\/#organization\",\"name\":\"Stra\u00dfenweb\",\"url\":\"https:\\\/\\\/www.strassenweb.de\\\/nachrichten\\\/\",\"logo\":{\"@type\":\"ImageObject\",\"inLanguage\":\"de\",\"@id\":\"https:\\\/\\\/www.strassenweb.de\\\/nachrichten\\\/#\\\/schema\\\/logo\\\/image\\\/\",\"url\":\"https:\\\/\\\/www.strassenweb.de\\\/nachrichten\\\/wp-content\\\/uploads\\\/2024\\\/09\\\/cropped-favicon.png\",\"contentUrl\":\"https:\\\/\\\/www.strassenweb.de\\\/nachrichten\\\/wp-content\\\/uploads\\\/2024\\\/09\\\/cropped-favicon.png\",\"width\":512,\"height\":512,\"caption\":\"Stra\u00dfenweb\"},\"image\":{\"@id\":\"https:\\\/\\\/www.strassenweb.de\\\/nachrichten\\\/#\\\/schema\\\/logo\\\/image\\\/\"},\"sameAs\":[\"https:\\\/\\\/www.facebook.com\\\/strassenweb\\\/\"]},{\"@type\":\"Person\",\"@id\":\"https:\\\/\\\/www.strassenweb.de\\\/nachrichten\\\/#\\\/schema\\\/person\\\/87c9c9067f1211da429a744dc5a5aa41\",\"name\":\"Robert Hoffmann\",\"image\":{\"@type\":\"ImageObject\",\"inLanguage\":\"de\",\"@id\":\"https:\\\/\\\/www.strassenweb.de\\\/nachrichten\\\/wp-content\\\/uploads\\\/2024\\\/09\\\/strassenweb-150x150.jpg\",\"url\":\"https:\\\/\\\/www.strassenweb.de\\\/nachrichten\\\/wp-content\\\/uploads\\\/2024\\\/09\\\/strassenweb-150x150.jpg\",\"contentUrl\":\"https:\\\/\\\/www.strassenweb.de\\\/nachrichten\\\/wp-content\\\/uploads\\\/2024\\\/09\\\/strassenweb-150x150.jpg\",\"caption\":\"Robert Hoffmann\"},\"description\":\"Ich hei\u00dfe Robert Hoffmann und ich bin ein leidenschaftlicher Verfechter von \u00d6kologie und Biodiversit\u00e4t. Seit meiner Kindheit in den W\u00e4ldern Bayerns f\u00fchle ich mich mit der Natur verbunden und bin entschlossen, sie zu sch\u00fctzen. Heute widme ich mein Leben der Sensibilisierung anderer f\u00fcr die Bedeutung des Umweltschutzes f\u00fcr zuk\u00fcnftige Generationen.\",\"sameAs\":[\"https:\\\/\\\/www.strassenweb.de\\\/\"]}]}<\/script>\n<!-- \/ Yoast SEO plugin. -->","yoast_head_json":{"title":"Die einzigen Gartenscheren, die Sie jemals kaufen sollten, sind am Prime Day endlich erschwinglich \u2013 aber dieser Preis wird nicht von Dauer sein - Nachrichten - Stra\u00dfenweb","robots":{"index":"index","follow":"follow","max-snippet":"max-snippet:-1","max-image-preview":"max-image-preview:large","max-video-preview":"max-video-preview:-1"},"canonical":"https:\/\/www.strassenweb.de\/nachrichten\/die-einzigen-gartenscheren-die-sie-jemals-kaufen-sollten-sind-am-prime-day-endlich-erschwinglich-aber-dieser-preis-wird-nicht-von-dauer-sein\/","og_locale":"de_DE","og_type":"article","og_title":"Die einzigen Gartenscheren, die Sie jemals kaufen sollten, sind am Prime Day endlich erschwinglich \u2013 aber dieser Preis wird nicht von Dauer sein - Nachrichten - Stra\u00dfenweb","og_description":"Fragen Sie jeden professionellen G\u00e4rtner und er wird Ihnen dasselbe sagen: Die Felco F2 sind die besten Gartenscheren, die Sie kaufen k\u00f6nnen. Ich habe sie","og_url":"https:\/\/www.strassenweb.de\/nachrichten\/die-einzigen-gartenscheren-die-sie-jemals-kaufen-sollten-sind-am-prime-day-endlich-erschwinglich-aber-dieser-preis-wird-nicht-von-dauer-sein\/","og_site_name":"Stra\u00dfenweb","article_publisher":"https:\/\/www.facebook.com\/strassenweb\/","article_published_time":"2024-10-10T00:43:45+00:00","article_modified_time":"2024-10-10T00:43:46+00:00","og_image":[{"width":1200,"height":675,"url":"https:\/\/www.strassenweb.de\/nachrichten\/wp-content\/uploads\/2024\/10\/Die-einzigen-Gartenscheren-die-Sie-jemals-kaufen-sollten-sind-am.jpg","type":"image\/jpeg"}],"author":"Robert Hoffmann","twitter_card":"summary_large_image","twitter_misc":{"Verfasst von":"Robert Hoffmann","Gesch\u00e4tzte Lesezeit":"5\u00a0Minuten"},"schema":{"@context":"https:\/\/schema.org","@graph":[{"@type":"Article","@id":"https:\/\/www.strassenweb.de\/nachrichten\/die-einzigen-gartenscheren-die-sie-jemals-kaufen-sollten-sind-am-prime-day-endlich-erschwinglich-aber-dieser-preis-wird-nicht-von-dauer-sein\/#article","isPartOf":{"@id":"https:\/\/www.strassenweb.de\/nachrichten\/die-einzigen-gartenscheren-die-sie-jemals-kaufen-sollten-sind-am-prime-day-endlich-erschwinglich-aber-dieser-preis-wird-nicht-von-dauer-sein\/"},"author":{"name":"Robert Hoffmann","@id":"https:\/\/www.strassenweb.de\/nachrichten\/#\/schema\/person\/87c9c9067f1211da429a744dc5a5aa41"},"headline":"Die einzigen Gartenscheren, die Sie jemals kaufen sollten, sind am Prime Day endlich erschwinglich \u2013 aber dieser Preis wird nicht von Dauer sein","datePublished":"2024-10-10T00:43:45+00:00","dateModified":"2024-10-10T00:43:46+00:00","mainEntityOfPage":{"@id":"https:\/\/www.strassenweb.de\/nachrichten\/die-einzigen-gartenscheren-die-sie-jemals-kaufen-sollten-sind-am-prime-day-endlich-erschwinglich-aber-dieser-preis-wird-nicht-von-dauer-sein\/"},"wordCount":1040,"publisher":{"@id":"https:\/\/www.strassenweb.de\/nachrichten\/#organization"},"image":{"@id":"https:\/\/www.strassenweb.de\/nachrichten\/die-einzigen-gartenscheren-die-sie-jemals-kaufen-sollten-sind-am-prime-day-endlich-erschwinglich-aber-dieser-preis-wird-nicht-von-dauer-sein\/#primaryimage"},"thumbnailUrl":"https:\/\/www.strassenweb.de\/nachrichten\/wp-content\/uploads\/2024\/10\/Die-einzigen-Gartenscheren-die-Sie-jemals-kaufen-sollten-sind-am.jpg","keywords":["aber","Dauer","Day","die","dieser","einzigen","endlich","erschwinglich","Gartenscheren","jemals","kaufen","nicht","Preis","Prime","sein","Sie","sind","sollten","von","wird"],"articleSection":["Haus &amp; Garten"],"inLanguage":"de"},{"@type":"WebPage","@id":"https:\/\/www.strassenweb.de\/nachrichten\/die-einzigen-gartenscheren-die-sie-jemals-kaufen-sollten-sind-am-prime-day-endlich-erschwinglich-aber-dieser-preis-wird-nicht-von-dauer-sein\/","url":"https:\/\/www.strassenweb.de\/nachrichten\/die-einzigen-gartenscheren-die-sie-jemals-kaufen-sollten-sind-am-prime-day-endlich-erschwinglich-aber-dieser-preis-wird-nicht-von-dauer-sein\/","name":"Die einzigen Gartenscheren, die Sie jemals kaufen sollten, sind am Prime Day endlich erschwinglich \u2013 aber dieser Preis wird nicht von Dauer sein - Nachrichten - Stra\u00dfenweb","isPartOf":{"@id":"https:\/\/www.strassenweb.de\/nachrichten\/#website"},"primaryImageOfPage":{"@id":"https:\/\/www.strassenweb.de\/nachrichten\/die-einzigen-gartenscheren-die-sie-jemals-kaufen-sollten-sind-am-prime-day-endlich-erschwinglich-aber-dieser-preis-wird-nicht-von-dauer-sein\/#primaryimage"},"image":{"@id":"https:\/\/www.strassenweb.de\/nachrichten\/die-einzigen-gartenscheren-die-sie-jemals-kaufen-sollten-sind-am-prime-day-endlich-erschwinglich-aber-dieser-preis-wird-nicht-von-dauer-sein\/#primaryimage"},"thumbnailUrl":"https:\/\/www.strassenweb.de\/nachrichten\/wp-content\/uploads\/2024\/10\/Die-einzigen-Gartenscheren-die-Sie-jemals-kaufen-sollten-sind-am.jpg","datePublished":"2024-10-10T00:43:45+00:00","dateModified":"2024-10-10T00:43:46+00:00","breadcrumb":{"@id":"https:\/\/www.strassenweb.de\/nachrichten\/die-einzigen-gartenscheren-die-sie-jemals-kaufen-sollten-sind-am-prime-day-endlich-erschwinglich-aber-dieser-preis-wird-nicht-von-dauer-sein\/#breadcrumb"},"inLanguage":"de","potentialAction":[{"@type":"ReadAction","target":["https:\/\/www.strassenweb.de\/nachrichten\/die-einzigen-gartenscheren-die-sie-jemals-kaufen-sollten-sind-am-prime-day-endlich-erschwinglich-aber-dieser-preis-wird-nicht-von-dauer-sein\/"]}]},{"@type":"ImageObject","inLanguage":"de","@id":"https:\/\/www.strassenweb.de\/nachrichten\/die-einzigen-gartenscheren-die-sie-jemals-kaufen-sollten-sind-am-prime-day-endlich-erschwinglich-aber-dieser-preis-wird-nicht-von-dauer-sein\/#primaryimage","url":"https:\/\/www.strassenweb.de\/nachrichten\/wp-content\/uploads\/2024\/10\/Die-einzigen-Gartenscheren-die-Sie-jemals-kaufen-sollten-sind-am.jpg","contentUrl":"https:\/\/www.strassenweb.de\/nachrichten\/wp-content\/uploads\/2024\/10\/Die-einzigen-Gartenscheren-die-Sie-jemals-kaufen-sollten-sind-am.jpg","width":1200,"height":675,"caption":"Die einzigen Gartenscheren, die Sie jemals kaufen sollten, sind am Prime Day endlich erschwinglich \u2013 aber dieser Preis wird nicht von Dauer sein"},{"@type":"BreadcrumbList","@id":"https:\/\/www.strassenweb.de\/nachrichten\/die-einzigen-gartenscheren-die-sie-jemals-kaufen-sollten-sind-am-prime-day-endlich-erschwinglich-aber-dieser-preis-wird-nicht-von-dauer-sein\/#breadcrumb","itemListElement":[{"@type":"ListItem","position":1,"name":"Home","item":"https:\/\/www.strassenweb.de\/nachrichten\/"},{"@type":"ListItem","position":2,"name":"Die einzigen Gartenscheren, die Sie jemals kaufen sollten, sind am Prime Day endlich erschwinglich \u2013 aber dieser Preis wird nicht von Dauer sein"}]},{"@type":"WebSite","@id":"https:\/\/www.strassenweb.de\/nachrichten\/#website","url":"https:\/\/www.strassenweb.de\/nachrichten\/","name":"Stra\u00dfenweb","description":"Stra\u00dfenverzeichnis f\u00fcr Deutschland","publisher":{"@id":"https:\/\/www.strassenweb.de\/nachrichten\/#organization"},"potentialAction":[{"@type":"SearchAction","target":{"@type":"EntryPoint","urlTemplate":"https:\/\/www.strassenweb.de\/nachrichten\/?s={search_term_string}"},"query-input":{"@type":"PropertyValueSpecification","valueRequired":true,"valueName":"search_term_string"}}],"inLanguage":"de"},{"@type":"Organization","@id":"https:\/\/www.strassenweb.de\/nachrichten\/#organization","name":"Stra\u00dfenweb","url":"https:\/\/www.strassenweb.de\/nachrichten\/","logo":{"@type":"ImageObject","inLanguage":"de","@id":"https:\/\/www.strassenweb.de\/nachrichten\/#\/schema\/logo\/image\/","url":"https:\/\/www.strassenweb.de\/nachrichten\/wp-content\/uploads\/2024\/09\/cropped-favicon.png","contentUrl":"https:\/\/www.strassenweb.de\/nachrichten\/wp-content\/uploads\/2024\/09\/cropped-favicon.png","width":512,"height":512,"caption":"Stra\u00dfenweb"},"image":{"@id":"https:\/\/www.strassenweb.de\/nachrichten\/#\/schema\/logo\/image\/"},"sameAs":["https:\/\/www.facebook.com\/strassenweb\/"]},{"@type":"Person","@id":"https:\/\/www.strassenweb.de\/nachrichten\/#\/schema\/person\/87c9c9067f1211da429a744dc5a5aa41","name":"Robert Hoffmann","image":{"@type":"ImageObject","inLanguage":"de","@id":"https:\/\/www.strassenweb.de\/nachrichten\/wp-content\/uploads\/2024\/09\/strassenweb-150x150.jpg","url":"https:\/\/www.strassenweb.de\/nachrichten\/wp-content\/uploads\/2024\/09\/strassenweb-150x150.jpg","contentUrl":"https:\/\/www.strassenweb.de\/nachrichten\/wp-content\/uploads\/2024\/09\/strassenweb-150x150.jpg","caption":"Robert Hoffmann"},"description":"Ich hei\u00dfe Robert Hoffmann und ich bin ein leidenschaftlicher Verfechter von \u00d6kologie und Biodiversit\u00e4t. Seit meiner Kindheit in den W\u00e4ldern Bayerns f\u00fchle ich mich mit der Natur verbunden und bin entschlossen, sie zu sch\u00fctzen. Heute widme ich mein Leben der Sensibilisierung anderer f\u00fcr die Bedeutung des Umweltschutzes f\u00fcr zuk\u00fcnftige Generationen.","sameAs":["https:\/\/www.strassenweb.de\/"]}]}},"_links":{"self":[{"href":"https:\/\/www.strassenweb.de\/nachrichten\/wp-json\/wp\/v2\/posts\/777","targetHints":{"allow":["GET"]}}],"collection":[{"href":"https:\/\/www.strassenweb.de\/nachrichten\/wp-json\/wp\/v2\/posts"}],"about":[{"href":"https:\/\/www.strassenweb.de\/nachrichten\/wp-json\/wp\/v2\/types\/post"}],"author":[{"embeddable":true,"href":"https:\/\/www.strassenweb.de\/nachrichten\/wp-json\/wp\/v2\/users\/1"}],"replies":[{"embeddable":true,"href":"https:\/\/www.strassenweb.de\/nachrichten\/wp-json\/wp\/v2\/comments?post=777"}],"version-history":[{"count":0,"href":"https:\/\/www.strassenweb.de\/nachrichten\/wp-json\/wp\/v2\/posts\/777\/revisions"}],"wp:featuredmedia":[{"embeddable":true,"href":"https:\/\/www.strassenweb.de\/nachrichten\/wp-json\/wp\/v2\/media\/778"}],"wp:attachment":[{"href":"https:\/\/www.strassenweb.de\/nachrichten\/wp-json\/wp\/v2\/media?parent=777"}],"wp:term":[{"taxonomy":"category","embeddable":true,"href":"https:\/\/www.strassenweb.de\/nachrichten\/wp-json\/wp\/v2\/categories?post=777"},{"taxonomy":"post_tag","embeddable":true,"href":"https:\/\/www.strassenweb.de\/nachrichten\/wp-json\/wp\/v2\/tags?post=777"}],"curies":[{"name":"wp","href":"https:\/\/api.w.org\/{rel}","templated":true}]}}