{"id":7759,"date":"2025-09-16T16:45:22","date_gmt":"2025-09-16T14:45:22","guid":{"rendered":"https:\/\/www.strassenweb.de\/nachrichten\/ich-habe-es-satt-meinen-sperrigen-mixer-zu\/"},"modified":"2025-09-16T16:45:23","modified_gmt":"2025-09-16T14:45:23","slug":"ich-habe-es-satt-meinen-sperrigen-mixer-zu","status":"publish","type":"post","link":"https:\/\/www.strassenweb.de\/nachrichten\/ich-habe-es-satt-meinen-sperrigen-mixer-zu\/","title":{"rendered":"Ich habe es satt, meinen sperrigen Mixer zu"},"content":{"rendered":"<p><\/p>\n<div id=\"article-body\" class=\"article__body \">\n<p id=\"8941ecaa-f5dc-4d3c-aa1d-90093a833b83\">Der Sommer mag ein Ende sein, aber ich liebe das ganze Jahr \u00fcber einen frischen und gesunden Smoothie, und es gibt nur eine Sache zwischen mir und meinem Lieblingsfr\u00fchst\u00fcck: ein guter Mixer, der bequem genug ist, um direkt in meine Tasche f\u00fcr das B\u00fcro zu kommen. <\/p>\n<p>Jeder Hauskoch wei\u00df, wie wichtig es ist, in den besten Mixer zu investieren, aber mein aktueller Mixer ist gro\u00df und sperrig, daher ist es f\u00fcr den morgendlichen Ansturm vor der Arbeit einfach nicht bequem. Wenn Sie unordentliche Smoothies in eine separate Tasse dekantieren und fummelige Mixerbefestigungen vor dem Verlassen des Hauses waschen, ist dies nicht f\u00fcr einen stressfreien Morgen, weshalb mir der neue tragbare Mixer von Nutribullet in die Augen geraten ist.<\/p>\n<div id=\"ad-unit-1\" class=\"ad-unit\"><\/div>\n<p>Dank eines Mangels an K\u00fcchenaufbewahrung und einem ausgepr\u00e4gten Mangel an Gegenraum suche ich normalerweise nach kleineren Mischern, anstatt mich f\u00fcr ein All-Singing-All-Dancing-Modell zu entscheiden, sodass sich ein tragbarer Mixer f\u00fcr eine weitaus bessere Wahl anf\u00fchlt. Zu unseren Tester geh\u00f6rten zwei Nutribullet -Modelle in unserem Leitfaden zu den besten tragbaren Reisemischungen. Ich war gespannt darauf, wie sich diese neue Nutribullet -Flexe entwickelt.<\/p>\n<div class=\"product-container horizontal-product-container\">\n<div class=\"product-block-row\"><\/div>\n<\/div>\n<aside data-block-type=\"embed\" data-render-type=\"fte\" data-skip=\"dealsy\" data-widget-type=\"seasonal\" class=\"hawk-base\"><\/aside>\n<p id=\"4f376b5c-6f6a-4919-bd15-56670cc6ffc2-0\">Ich habe immer die Praktikabilit\u00e4t von Nutribullet -Blendern geliebt, aber wie ich haben Sie sich vielleicht gefragt, welcher Nutribullet Sie kaufen sollten. Das Nutribullet Pro 900 ist zwar wirklich leistungsstark, aber es ist jedoch nicht wirklich schnurlos (die abnehmbaren Becher sind jedoch, weshalb es es in unseren F\u00fchrer geschafft hat), und der Nutribullet -Flip hat eine praktische isolierte Tasse, kann aber nicht mit h\u00e4rteren Aufgaben wie dem Quetschen von Eis umgehen. <\/p>\n<p>Der Nutribullet Flex verspricht jedoch eine ziemlich nahtlose Erfahrung. Wie bei jedem zuverl\u00e4ssigen Reisemixer ist der Nutribullet Flex klein, aber m\u00e4chtig. Kompakt, wiederaufladbar und m\u00e4chtig genug, um Eis zu zerquetschen, scheint es alle meine K\u00e4stchen zu \u00fcberpr\u00fcfen. Der Akku -Indikator ist auch eine praktische Funktion (keine b\u00f6sen \u00dcberraschungen mehr, wenn Sie ihn eine Weile nicht aufgeladen haben).<\/p>\n<div class=\"van_vid_carousel\">\n<div class=\"van_vid_carousel__padding\">\n<div class=\"van_vid_carousel__container\"><\/div>\n<\/div>\n<\/div>\n<p>Sowohl die Klinge als auch der 22-Unzen-Becher k\u00f6nnen sich von der Basis des Mixers l\u00f6sen, was bedeutet, dass Sie einen Smoothie aufstellen und direkt in Ihre Tasche fallen lassen k\u00f6nnen. Au\u00dferdem verf\u00fcgt die Tasse \u00fcber einen lecksicheren Flip-Top-Deckel und eine eingebaute Tragschleife, sodass sie wirklich f\u00fcr das Leben unterwegs ausgelegt ist-was mein Leben w\u00e4hrend dieser chaotischen Wochentagsmorgen zweifellos erleichtert.<\/p>\n<div id=\"ad-unit-2\" class=\"ad-unit\"><\/div>\n<p id=\"bdf22a86-ae98-46ad-981a-c0cc33fa45c4\">W\u00e4hrend es eine Mission ist, mein Fr\u00fchst\u00fcck zuzubereiten und in Rekordzeit auf die Arbeit zu gehen, gibt es nichts Schlimmeres, als einen Haufen schmutziger Gerichte (und einen unordentlichen Mixer) zu verlassen, mit dem ich am Ende eines anstrengenden Arbeitstages nach Hause zur\u00fcckkehre.<\/p>\n<p>Der Nutribullet Flex k\u00f6nnte also meinen Morgen revolutionieren (und auch nach der Arbeit). Entscheidend ist, dass die Klinge, die Becher und der Deckel alle sp\u00fclmaschinenfest sind-so k\u00f6nnen Sie sie einfach einbringen, wenn Sie nach Hause kommen und mit einem sauberen Mixer aufwachen, der am n\u00e4chsten Morgen verwendet wird. Ich brauche nicht viel \u00fcberzeugender als das.<\/p>\n<h2 id=\"shop-more-portable-blenders-3\">Kaufen Sie mehr tragbare Mixer ein<\/h2>\n<div class=\"product-container hero-product-container product-block-no-wrap\">\n<div class=\"product-block-row\"><\/div>\n<div class=\"product-block-row\"><\/div>\n<div class=\"product-block-row\"><\/div>\n<\/div>\n<hr id=\"0260f256-8d8d-4bdd-8242-fdbc10f7ed93\">\n<p id=\"76b59af9-d18b-4fb6-a21b-fd7599861de9\">Wagen eines N\u00e4hrstoffs gegen einen Ninja -Mixer? Sie sind aus gutem Grund beide Bestseller &#8211; aber wenn Sie nach Bequemlichkeit sind, klingt der Nutribullet Flex nach einem angemessenen Preis nach einer guten Option.<\/p>\n<div id=\"slice-container-newsletterForm-articleInbodyContent-Mo7DzUdDjAa84RU89qToz9\" class=\"slice-container newsletter-inbodyContent-slice newsletterForm-articleInbodyContent-Mo7DzUdDjAa84RU89qToz9 slice-container-newsletterForm\"><\/div>\n<div class=\"block\" id=\"articleTag\" data-component-name=\"PostArticleLinks\">\n<div class=\"border-b border-b-black border-solid py-2.5 text-black font-bold uppercase\">Themen<\/div>\n<nav class=\"py-2.5 flex gap-2.5 flex-wrap\" data-analytics-id=\"article-tag\">\n<p>N\u00e4hrstoff<br \/>\n<\/nav>\n<\/div>\n<\/div>\n","protected":false},"excerpt":{"rendered":"<p>Der Sommer mag ein Ende sein, aber ich liebe das ganze Jahr \u00fcber einen frischen und gesunden Smoothie, und es gibt nur eine Sache zwischen<\/p>\n","protected":false},"author":1,"featured_media":7760,"comment_status":"closed","ping_status":"","sticky":false,"template":"","format":"standard","meta":{"footnotes":""},"categories":[118],"tags":[823,129,1096,7830,6890,9083],"class_list":["post-7759","post","type-post","status-publish","format-standard","has-post-thumbnail","hentry","category-haus-garten","tag-habe","tag-ich","tag-meinen","tag-mixer","tag-satt","tag-sperrigen","generate-columns","tablet-grid-50","mobile-grid-100","grid-parent","grid-50"],"yoast_head":"<!-- This site is optimized with the Yoast SEO plugin v27.3 - https:\/\/yoast.com\/product\/yoast-seo-wordpress\/ -->\n<title>Ich habe es satt, meinen sperrigen Mixer zu - Nachrichten - Stra\u00dfenweb<\/title>\n<meta name=\"robots\" content=\"index, follow, max-snippet:-1, max-image-preview:large, max-video-preview:-1\" \/>\n<link rel=\"canonical\" href=\"https:\/\/www.strassenweb.de\/nachrichten\/ich-habe-es-satt-meinen-sperrigen-mixer-zu\/\" \/>\n<meta property=\"og:locale\" content=\"de_DE\" \/>\n<meta property=\"og:type\" content=\"article\" \/>\n<meta property=\"og:title\" content=\"Ich habe es satt, meinen sperrigen Mixer zu - Nachrichten - Stra\u00dfenweb\" \/>\n<meta property=\"og:description\" content=\"Der Sommer mag ein Ende sein, aber ich liebe das ganze Jahr \u00fcber einen frischen und gesunden Smoothie, und es gibt nur eine Sache zwischen\" \/>\n<meta property=\"og:url\" content=\"https:\/\/www.strassenweb.de\/nachrichten\/ich-habe-es-satt-meinen-sperrigen-mixer-zu\/\" \/>\n<meta property=\"og:site_name\" content=\"Stra\u00dfenweb\" \/>\n<meta property=\"article:publisher\" content=\"https:\/\/www.facebook.com\/strassenweb\/\" \/>\n<meta property=\"article:published_time\" content=\"2025-09-16T14:45:22+00:00\" \/>\n<meta property=\"article:modified_time\" content=\"2025-09-16T14:45:23+00:00\" \/>\n<meta property=\"og:image\" content=\"https:\/\/www.strassenweb.de\/nachrichten\/wp-content\/uploads\/2025\/09\/Ich-habe-es-satt-meinen-sperrigen-Mixer-zu.jpg\" \/>\n\t<meta property=\"og:image:width\" content=\"1600\" \/>\n\t<meta property=\"og:image:height\" content=\"900\" \/>\n\t<meta property=\"og:image:type\" content=\"image\/jpeg\" \/>\n<meta name=\"author\" content=\"Robert Hoffmann\" \/>\n<meta name=\"twitter:card\" content=\"summary_large_image\" \/>\n<meta name=\"twitter:label1\" content=\"Verfasst von\" \/>\n\t<meta name=\"twitter:data1\" content=\"Robert Hoffmann\" \/>\n\t<meta name=\"twitter:label2\" content=\"Gesch\u00e4tzte Lesezeit\" \/>\n\t<meta name=\"twitter:data2\" content=\"3\u00a0Minuten\" \/>\n<script type=\"application\/ld+json\" class=\"yoast-schema-graph\">{\"@context\":\"https:\\\/\\\/schema.org\",\"@graph\":[{\"@type\":\"Article\",\"@id\":\"https:\\\/\\\/www.strassenweb.de\\\/nachrichten\\\/ich-habe-es-satt-meinen-sperrigen-mixer-zu\\\/#article\",\"isPartOf\":{\"@id\":\"https:\\\/\\\/www.strassenweb.de\\\/nachrichten\\\/ich-habe-es-satt-meinen-sperrigen-mixer-zu\\\/\"},\"author\":{\"name\":\"Robert Hoffmann\",\"@id\":\"https:\\\/\\\/www.strassenweb.de\\\/nachrichten\\\/#\\\/schema\\\/person\\\/87c9c9067f1211da429a744dc5a5aa41\"},\"headline\":\"Ich habe es satt, meinen sperrigen Mixer zu\",\"datePublished\":\"2025-09-16T14:45:22+00:00\",\"dateModified\":\"2025-09-16T14:45:23+00:00\",\"mainEntityOfPage\":{\"@id\":\"https:\\\/\\\/www.strassenweb.de\\\/nachrichten\\\/ich-habe-es-satt-meinen-sperrigen-mixer-zu\\\/\"},\"wordCount\":549,\"publisher\":{\"@id\":\"https:\\\/\\\/www.strassenweb.de\\\/nachrichten\\\/#organization\"},\"image\":{\"@id\":\"https:\\\/\\\/www.strassenweb.de\\\/nachrichten\\\/ich-habe-es-satt-meinen-sperrigen-mixer-zu\\\/#primaryimage\"},\"thumbnailUrl\":\"https:\\\/\\\/www.strassenweb.de\\\/nachrichten\\\/wp-content\\\/uploads\\\/2025\\\/09\\\/Ich-habe-es-satt-meinen-sperrigen-Mixer-zu.jpg\",\"keywords\":[\"habe\",\"ich\",\"meinen\",\"Mixer\",\"satt\",\"sperrigen\"],\"articleSection\":[\"Haus &amp; Garten\"],\"inLanguage\":\"de\"},{\"@type\":\"WebPage\",\"@id\":\"https:\\\/\\\/www.strassenweb.de\\\/nachrichten\\\/ich-habe-es-satt-meinen-sperrigen-mixer-zu\\\/\",\"url\":\"https:\\\/\\\/www.strassenweb.de\\\/nachrichten\\\/ich-habe-es-satt-meinen-sperrigen-mixer-zu\\\/\",\"name\":\"Ich habe es satt, meinen sperrigen Mixer zu - Nachrichten - Stra\u00dfenweb\",\"isPartOf\":{\"@id\":\"https:\\\/\\\/www.strassenweb.de\\\/nachrichten\\\/#website\"},\"primaryImageOfPage\":{\"@id\":\"https:\\\/\\\/www.strassenweb.de\\\/nachrichten\\\/ich-habe-es-satt-meinen-sperrigen-mixer-zu\\\/#primaryimage\"},\"image\":{\"@id\":\"https:\\\/\\\/www.strassenweb.de\\\/nachrichten\\\/ich-habe-es-satt-meinen-sperrigen-mixer-zu\\\/#primaryimage\"},\"thumbnailUrl\":\"https:\\\/\\\/www.strassenweb.de\\\/nachrichten\\\/wp-content\\\/uploads\\\/2025\\\/09\\\/Ich-habe-es-satt-meinen-sperrigen-Mixer-zu.jpg\",\"datePublished\":\"2025-09-16T14:45:22+00:00\",\"dateModified\":\"2025-09-16T14:45:23+00:00\",\"breadcrumb\":{\"@id\":\"https:\\\/\\\/www.strassenweb.de\\\/nachrichten\\\/ich-habe-es-satt-meinen-sperrigen-mixer-zu\\\/#breadcrumb\"},\"inLanguage\":\"de\",\"potentialAction\":[{\"@type\":\"ReadAction\",\"target\":[\"https:\\\/\\\/www.strassenweb.de\\\/nachrichten\\\/ich-habe-es-satt-meinen-sperrigen-mixer-zu\\\/\"]}]},{\"@type\":\"ImageObject\",\"inLanguage\":\"de\",\"@id\":\"https:\\\/\\\/www.strassenweb.de\\\/nachrichten\\\/ich-habe-es-satt-meinen-sperrigen-mixer-zu\\\/#primaryimage\",\"url\":\"https:\\\/\\\/www.strassenweb.de\\\/nachrichten\\\/wp-content\\\/uploads\\\/2025\\\/09\\\/Ich-habe-es-satt-meinen-sperrigen-Mixer-zu.jpg\",\"contentUrl\":\"https:\\\/\\\/www.strassenweb.de\\\/nachrichten\\\/wp-content\\\/uploads\\\/2025\\\/09\\\/Ich-habe-es-satt-meinen-sperrigen-Mixer-zu.jpg\",\"width\":1600,\"height\":900,\"caption\":\"Teal blue compact Nutribullet blender\"},{\"@type\":\"BreadcrumbList\",\"@id\":\"https:\\\/\\\/www.strassenweb.de\\\/nachrichten\\\/ich-habe-es-satt-meinen-sperrigen-mixer-zu\\\/#breadcrumb\",\"itemListElement\":[{\"@type\":\"ListItem\",\"position\":1,\"name\":\"Home\",\"item\":\"https:\\\/\\\/www.strassenweb.de\\\/nachrichten\\\/\"},{\"@type\":\"ListItem\",\"position\":2,\"name\":\"Ich habe es satt, meinen sperrigen Mixer zu\"}]},{\"@type\":\"WebSite\",\"@id\":\"https:\\\/\\\/www.strassenweb.de\\\/nachrichten\\\/#website\",\"url\":\"https:\\\/\\\/www.strassenweb.de\\\/nachrichten\\\/\",\"name\":\"Stra\u00dfenweb\",\"description\":\"Stra\u00dfenverzeichnis f\u00fcr Deutschland\",\"publisher\":{\"@id\":\"https:\\\/\\\/www.strassenweb.de\\\/nachrichten\\\/#organization\"},\"potentialAction\":[{\"@type\":\"SearchAction\",\"target\":{\"@type\":\"EntryPoint\",\"urlTemplate\":\"https:\\\/\\\/www.strassenweb.de\\\/nachrichten\\\/?s={search_term_string}\"},\"query-input\":{\"@type\":\"PropertyValueSpecification\",\"valueRequired\":true,\"valueName\":\"search_term_string\"}}],\"inLanguage\":\"de\"},{\"@type\":\"Organization\",\"@id\":\"https:\\\/\\\/www.strassenweb.de\\\/nachrichten\\\/#organization\",\"name\":\"Stra\u00dfenweb\",\"url\":\"https:\\\/\\\/www.strassenweb.de\\\/nachrichten\\\/\",\"logo\":{\"@type\":\"ImageObject\",\"inLanguage\":\"de\",\"@id\":\"https:\\\/\\\/www.strassenweb.de\\\/nachrichten\\\/#\\\/schema\\\/logo\\\/image\\\/\",\"url\":\"https:\\\/\\\/www.strassenweb.de\\\/nachrichten\\\/wp-content\\\/uploads\\\/2024\\\/09\\\/cropped-favicon.png\",\"contentUrl\":\"https:\\\/\\\/www.strassenweb.de\\\/nachrichten\\\/wp-content\\\/uploads\\\/2024\\\/09\\\/cropped-favicon.png\",\"width\":512,\"height\":512,\"caption\":\"Stra\u00dfenweb\"},\"image\":{\"@id\":\"https:\\\/\\\/www.strassenweb.de\\\/nachrichten\\\/#\\\/schema\\\/logo\\\/image\\\/\"},\"sameAs\":[\"https:\\\/\\\/www.facebook.com\\\/strassenweb\\\/\"]},{\"@type\":\"Person\",\"@id\":\"https:\\\/\\\/www.strassenweb.de\\\/nachrichten\\\/#\\\/schema\\\/person\\\/87c9c9067f1211da429a744dc5a5aa41\",\"name\":\"Robert Hoffmann\",\"image\":{\"@type\":\"ImageObject\",\"inLanguage\":\"de\",\"@id\":\"https:\\\/\\\/www.strassenweb.de\\\/nachrichten\\\/wp-content\\\/uploads\\\/2024\\\/09\\\/strassenweb-150x150.jpg\",\"url\":\"https:\\\/\\\/www.strassenweb.de\\\/nachrichten\\\/wp-content\\\/uploads\\\/2024\\\/09\\\/strassenweb-150x150.jpg\",\"contentUrl\":\"https:\\\/\\\/www.strassenweb.de\\\/nachrichten\\\/wp-content\\\/uploads\\\/2024\\\/09\\\/strassenweb-150x150.jpg\",\"caption\":\"Robert Hoffmann\"},\"description\":\"Ich hei\u00dfe Robert Hoffmann und ich bin ein leidenschaftlicher Verfechter von \u00d6kologie und Biodiversit\u00e4t. Seit meiner Kindheit in den W\u00e4ldern Bayerns f\u00fchle ich mich mit der Natur verbunden und bin entschlossen, sie zu sch\u00fctzen. Heute widme ich mein Leben der Sensibilisierung anderer f\u00fcr die Bedeutung des Umweltschutzes f\u00fcr zuk\u00fcnftige Generationen.\",\"sameAs\":[\"https:\\\/\\\/www.strassenweb.de\\\/\"]}]}<\/script>\n<!-- \/ Yoast SEO plugin. -->","yoast_head_json":{"title":"Ich habe es satt, meinen sperrigen Mixer zu - Nachrichten - Stra\u00dfenweb","robots":{"index":"index","follow":"follow","max-snippet":"max-snippet:-1","max-image-preview":"max-image-preview:large","max-video-preview":"max-video-preview:-1"},"canonical":"https:\/\/www.strassenweb.de\/nachrichten\/ich-habe-es-satt-meinen-sperrigen-mixer-zu\/","og_locale":"de_DE","og_type":"article","og_title":"Ich habe es satt, meinen sperrigen Mixer zu - Nachrichten - Stra\u00dfenweb","og_description":"Der Sommer mag ein Ende sein, aber ich liebe das ganze Jahr \u00fcber einen frischen und gesunden Smoothie, und es gibt nur eine Sache zwischen","og_url":"https:\/\/www.strassenweb.de\/nachrichten\/ich-habe-es-satt-meinen-sperrigen-mixer-zu\/","og_site_name":"Stra\u00dfenweb","article_publisher":"https:\/\/www.facebook.com\/strassenweb\/","article_published_time":"2025-09-16T14:45:22+00:00","article_modified_time":"2025-09-16T14:45:23+00:00","og_image":[{"width":1600,"height":900,"url":"https:\/\/www.strassenweb.de\/nachrichten\/wp-content\/uploads\/2025\/09\/Ich-habe-es-satt-meinen-sperrigen-Mixer-zu.jpg","type":"image\/jpeg"}],"author":"Robert Hoffmann","twitter_card":"summary_large_image","twitter_misc":{"Verfasst von":"Robert Hoffmann","Gesch\u00e4tzte Lesezeit":"3\u00a0Minuten"},"schema":{"@context":"https:\/\/schema.org","@graph":[{"@type":"Article","@id":"https:\/\/www.strassenweb.de\/nachrichten\/ich-habe-es-satt-meinen-sperrigen-mixer-zu\/#article","isPartOf":{"@id":"https:\/\/www.strassenweb.de\/nachrichten\/ich-habe-es-satt-meinen-sperrigen-mixer-zu\/"},"author":{"name":"Robert Hoffmann","@id":"https:\/\/www.strassenweb.de\/nachrichten\/#\/schema\/person\/87c9c9067f1211da429a744dc5a5aa41"},"headline":"Ich habe es satt, meinen sperrigen Mixer zu","datePublished":"2025-09-16T14:45:22+00:00","dateModified":"2025-09-16T14:45:23+00:00","mainEntityOfPage":{"@id":"https:\/\/www.strassenweb.de\/nachrichten\/ich-habe-es-satt-meinen-sperrigen-mixer-zu\/"},"wordCount":549,"publisher":{"@id":"https:\/\/www.strassenweb.de\/nachrichten\/#organization"},"image":{"@id":"https:\/\/www.strassenweb.de\/nachrichten\/ich-habe-es-satt-meinen-sperrigen-mixer-zu\/#primaryimage"},"thumbnailUrl":"https:\/\/www.strassenweb.de\/nachrichten\/wp-content\/uploads\/2025\/09\/Ich-habe-es-satt-meinen-sperrigen-Mixer-zu.jpg","keywords":["habe","ich","meinen","Mixer","satt","sperrigen"],"articleSection":["Haus &amp; Garten"],"inLanguage":"de"},{"@type":"WebPage","@id":"https:\/\/www.strassenweb.de\/nachrichten\/ich-habe-es-satt-meinen-sperrigen-mixer-zu\/","url":"https:\/\/www.strassenweb.de\/nachrichten\/ich-habe-es-satt-meinen-sperrigen-mixer-zu\/","name":"Ich habe es satt, meinen sperrigen Mixer zu - Nachrichten - Stra\u00dfenweb","isPartOf":{"@id":"https:\/\/www.strassenweb.de\/nachrichten\/#website"},"primaryImageOfPage":{"@id":"https:\/\/www.strassenweb.de\/nachrichten\/ich-habe-es-satt-meinen-sperrigen-mixer-zu\/#primaryimage"},"image":{"@id":"https:\/\/www.strassenweb.de\/nachrichten\/ich-habe-es-satt-meinen-sperrigen-mixer-zu\/#primaryimage"},"thumbnailUrl":"https:\/\/www.strassenweb.de\/nachrichten\/wp-content\/uploads\/2025\/09\/Ich-habe-es-satt-meinen-sperrigen-Mixer-zu.jpg","datePublished":"2025-09-16T14:45:22+00:00","dateModified":"2025-09-16T14:45:23+00:00","breadcrumb":{"@id":"https:\/\/www.strassenweb.de\/nachrichten\/ich-habe-es-satt-meinen-sperrigen-mixer-zu\/#breadcrumb"},"inLanguage":"de","potentialAction":[{"@type":"ReadAction","target":["https:\/\/www.strassenweb.de\/nachrichten\/ich-habe-es-satt-meinen-sperrigen-mixer-zu\/"]}]},{"@type":"ImageObject","inLanguage":"de","@id":"https:\/\/www.strassenweb.de\/nachrichten\/ich-habe-es-satt-meinen-sperrigen-mixer-zu\/#primaryimage","url":"https:\/\/www.strassenweb.de\/nachrichten\/wp-content\/uploads\/2025\/09\/Ich-habe-es-satt-meinen-sperrigen-Mixer-zu.jpg","contentUrl":"https:\/\/www.strassenweb.de\/nachrichten\/wp-content\/uploads\/2025\/09\/Ich-habe-es-satt-meinen-sperrigen-Mixer-zu.jpg","width":1600,"height":900,"caption":"Teal blue compact Nutribullet blender"},{"@type":"BreadcrumbList","@id":"https:\/\/www.strassenweb.de\/nachrichten\/ich-habe-es-satt-meinen-sperrigen-mixer-zu\/#breadcrumb","itemListElement":[{"@type":"ListItem","position":1,"name":"Home","item":"https:\/\/www.strassenweb.de\/nachrichten\/"},{"@type":"ListItem","position":2,"name":"Ich habe es satt, meinen sperrigen Mixer zu"}]},{"@type":"WebSite","@id":"https:\/\/www.strassenweb.de\/nachrichten\/#website","url":"https:\/\/www.strassenweb.de\/nachrichten\/","name":"Stra\u00dfenweb","description":"Stra\u00dfenverzeichnis f\u00fcr Deutschland","publisher":{"@id":"https:\/\/www.strassenweb.de\/nachrichten\/#organization"},"potentialAction":[{"@type":"SearchAction","target":{"@type":"EntryPoint","urlTemplate":"https:\/\/www.strassenweb.de\/nachrichten\/?s={search_term_string}"},"query-input":{"@type":"PropertyValueSpecification","valueRequired":true,"valueName":"search_term_string"}}],"inLanguage":"de"},{"@type":"Organization","@id":"https:\/\/www.strassenweb.de\/nachrichten\/#organization","name":"Stra\u00dfenweb","url":"https:\/\/www.strassenweb.de\/nachrichten\/","logo":{"@type":"ImageObject","inLanguage":"de","@id":"https:\/\/www.strassenweb.de\/nachrichten\/#\/schema\/logo\/image\/","url":"https:\/\/www.strassenweb.de\/nachrichten\/wp-content\/uploads\/2024\/09\/cropped-favicon.png","contentUrl":"https:\/\/www.strassenweb.de\/nachrichten\/wp-content\/uploads\/2024\/09\/cropped-favicon.png","width":512,"height":512,"caption":"Stra\u00dfenweb"},"image":{"@id":"https:\/\/www.strassenweb.de\/nachrichten\/#\/schema\/logo\/image\/"},"sameAs":["https:\/\/www.facebook.com\/strassenweb\/"]},{"@type":"Person","@id":"https:\/\/www.strassenweb.de\/nachrichten\/#\/schema\/person\/87c9c9067f1211da429a744dc5a5aa41","name":"Robert Hoffmann","image":{"@type":"ImageObject","inLanguage":"de","@id":"https:\/\/www.strassenweb.de\/nachrichten\/wp-content\/uploads\/2024\/09\/strassenweb-150x150.jpg","url":"https:\/\/www.strassenweb.de\/nachrichten\/wp-content\/uploads\/2024\/09\/strassenweb-150x150.jpg","contentUrl":"https:\/\/www.strassenweb.de\/nachrichten\/wp-content\/uploads\/2024\/09\/strassenweb-150x150.jpg","caption":"Robert Hoffmann"},"description":"Ich hei\u00dfe Robert Hoffmann und ich bin ein leidenschaftlicher Verfechter von \u00d6kologie und Biodiversit\u00e4t. Seit meiner Kindheit in den W\u00e4ldern Bayerns f\u00fchle ich mich mit der Natur verbunden und bin entschlossen, sie zu sch\u00fctzen. Heute widme ich mein Leben der Sensibilisierung anderer f\u00fcr die Bedeutung des Umweltschutzes f\u00fcr zuk\u00fcnftige Generationen.","sameAs":["https:\/\/www.strassenweb.de\/"]}]}},"_links":{"self":[{"href":"https:\/\/www.strassenweb.de\/nachrichten\/wp-json\/wp\/v2\/posts\/7759","targetHints":{"allow":["GET"]}}],"collection":[{"href":"https:\/\/www.strassenweb.de\/nachrichten\/wp-json\/wp\/v2\/posts"}],"about":[{"href":"https:\/\/www.strassenweb.de\/nachrichten\/wp-json\/wp\/v2\/types\/post"}],"author":[{"embeddable":true,"href":"https:\/\/www.strassenweb.de\/nachrichten\/wp-json\/wp\/v2\/users\/1"}],"replies":[{"embeddable":true,"href":"https:\/\/www.strassenweb.de\/nachrichten\/wp-json\/wp\/v2\/comments?post=7759"}],"version-history":[{"count":0,"href":"https:\/\/www.strassenweb.de\/nachrichten\/wp-json\/wp\/v2\/posts\/7759\/revisions"}],"wp:featuredmedia":[{"embeddable":true,"href":"https:\/\/www.strassenweb.de\/nachrichten\/wp-json\/wp\/v2\/media\/7760"}],"wp:attachment":[{"href":"https:\/\/www.strassenweb.de\/nachrichten\/wp-json\/wp\/v2\/media?parent=7759"}],"wp:term":[{"taxonomy":"category","embeddable":true,"href":"https:\/\/www.strassenweb.de\/nachrichten\/wp-json\/wp\/v2\/categories?post=7759"},{"taxonomy":"post_tag","embeddable":true,"href":"https:\/\/www.strassenweb.de\/nachrichten\/wp-json\/wp\/v2\/tags?post=7759"}],"curies":[{"name":"wp","href":"https:\/\/api.w.org\/{rel}","templated":true}]}}