{"id":7756,"date":"2025-09-16T13:39:18","date_gmt":"2025-09-16T11:39:18","guid":{"rendered":"https:\/\/www.strassenweb.de\/nachrichten\/die-designstunde-macht-eine-aussage-in-chers-vorgarten-wie-ein-wassermerkmal-die-kraft-haelt-alles-um-sie-herum-zu-erhoehen\/"},"modified":"2025-09-16T13:39:19","modified_gmt":"2025-09-16T11:39:19","slug":"die-designstunde-macht-eine-aussage-in-chers-vorgarten-wie-ein-wassermerkmal-die-kraft-haelt-alles-um-sie-herum-zu-erhoehen","status":"publish","type":"post","link":"https:\/\/www.strassenweb.de\/nachrichten\/die-designstunde-macht-eine-aussage-in-chers-vorgarten-wie-ein-wassermerkmal-die-kraft-haelt-alles-um-sie-herum-zu-erhoehen\/","title":{"rendered":"Die Designstunde macht eine Aussage in Chers Vorgarten: Wie ein Wassermerkmal die Kraft h\u00e4lt, alles um sie herum zu erh\u00f6hen"},"content":{"rendered":"<p><\/p>\n<div id=\"article-body\" class=\"article__body \">\n<p id=\"42989d68-8c90-42e4-8957-bbc25c16c233\">Chers Malibu -Anwesen mit seiner Verschmelzung der venezianischen und maurischen Architektur geh\u00f6rt zu den spektakul\u00e4rsten Promi -H\u00e4usern, und seine Gr\u00f6\u00dfe ist offensichtlich, bevor er durch die Haust\u00fcr eintritt.<\/p>\n<div id=\"ad-unit-1\" class=\"ad-unit\"><\/div>\n<p>Der Vorgarten wurde von Martyn Lawrence Bullard entworfen und sieht die im Inneren erwartenen Designelemente auf, beginnend mit dem spektakul\u00e4rsten Brennpunkt von allen, dem Sternformwassermerkmal.<\/p>\n<aside data-block-type=\"embed\" data-render-type=\"fte\" data-skip=\"dealsy\" data-widget-type=\"seasonal\" class=\"hawk-base\"><\/aside>\n<p id=\"42989d68-8c90-42e4-8957-bbc25c16c233-2\">Wie bei allen Wassermerkmalen bringt es eine sensorische Komponente in den Vorgarten von Cher, aber seine Gr\u00f6\u00dfe, Form und Mosaikdesign nimmt auf eine Weise auf, die mit einem F\u00fcnf-Sterne-Resort konkurriert. Es macht einen ersten Eindruck, der Resonanz findet und ihren Bordstein -Appell auf neue H\u00f6hen aufr\u00fcstet. Es ist einzigartig f\u00fcr sie, aber das bedeutet nicht, dass wir uns nicht von seiner Kraft inspirieren lassen und wie Wassermerkmale auf Meter aller Gr\u00f6\u00dfen f\u00fchren.<\/p>\n<div class=\"van_vid_carousel\">\n<div class=\"van_vid_carousel__padding\">\n<div class=\"van_vid_carousel__container\"><\/div>\n<\/div>\n<\/div>\n<div class=\"instagram-embed\" id=\"CRW4VExh6Ax\">\n<blockquote class=\"instagram-media\" data-instgrm-captioned data-instgrm-version=\"6\" style=\"width:99.375%; width:-webkit-calc(100% - 2px); width:calc(100% - 2px);\">\n<p>Ein Beitrag, der von Martyn Lawrence Bullard (@martynbullard) geteilt wird<\/p>\n<p>Ein Foto von on <\/p>\n<\/blockquote>\n<\/div>\n<h2 id=\"shop-the-look-3\">Kaufen Sie den Look ein<\/h2>\n<div class=\"product-container hero-product-container product-block-no-wrap\">\n<div class=\"product-block-row\"><\/div>\n<div class=\"product-block-row\"><\/div>\n<div class=\"product-block-row\"><\/div>\n<\/div>\n<p id=\"d5fa57d6-8b13-4444-96ee-211e60e5a2fe\">Die Installation eines Wassermerkmals ist mit den \u00e4sthetischen Vorteilen verbunden, wie Cher uns erinnert. Bevor Sie jedoch in ein St\u00fcck (unabh\u00e4ngig von seiner Gr\u00f6\u00dfe) investieren, m\u00fcssen einige wichtige Anforderungen ber\u00fccksichtigt werden. Erstens ist die ordnungsgem\u00e4\u00dfe Bodenvorbereitung von entscheidender Bedeutung.<\/p>\n<div id=\"ad-unit-2\" class=\"ad-unit\"><\/div>\n<p>&#8222;Zeitgen\u00f6ssische Wassermerkmale erfordern h\u00e4ufig Ebenen, stabile Oberfl\u00e4chen und eine effektive Entw\u00e4sserung um den Umfang, um Wasserloggen zu verhindern&#8220;, kommentiert Ted Bromley-Hall, der Gesch\u00e4ftsf\u00fchrer bei Ibran.<\/p>\n<p>Die Form ist auch wichtig f\u00fcr die Erfolgsmannschaft. Zum Gl\u00fcck bietet Cher jedoch die perfekte Blaupause. &#8218;Modernes Wasserspiele funktionieren am besten, wenn sie saubere Linien und geometrische Formen erg\u00e4nzen. Betrachten Sie eher rechteckige oder kreisf\u00f6rmige Konstruktionen als unregelm\u00e4\u00dfige nat\u00fcrliche Formen &#8211; Materialien wie Cortenstahl, Beton oder schlanker Stein funktionieren gut, kommentiert.<\/p>\n<p>Es ist auch wichtig, den Bereich um Ihre Funktion zu ber\u00fccksichtigen. Um Ihren Raum zu verbessern, empfiehlt TED, in einige Kiesgitter zu investieren, die sich hervorragend f\u00fcr \u201estabile, durchl\u00e4ssige Oberfl\u00e4chen rund um die Wassermerkmale\u201c eignen. Ein Netz verhindert auch die Migration von Kies und h\u00e4lt gleichzeitig einen sauberen, zeitgem\u00e4\u00dfen Aussehen bei.<\/p>\n<div id=\"slice-container-newsletterForm-articleInbodyContent-BqiNYzjGfpsETkF4nuogxc\" class=\"slice-container newsletter-inbodyContent-slice newsletterForm-articleInbodyContent-BqiNYzjGfpsETkF4nuogxc slice-container-newsletterForm\"><\/div>\n<p>Mit der richtigen Planung k\u00f6nnen Sie die Pracht und beruhigende Eigenschaften eines Wasserspiels genie\u00dfen, auch wenn es nicht so kompliziert oder umfangreich ist wie der in Cher&#8217;s Hof. Unabh\u00e4ngig von der Gr\u00f6\u00dfe k\u00f6nnen Sie eine Lektion von ihrem legend\u00e4ren Zuhause nehmen und sie auf Ihre eigene Weise zum Leben erwecken.<\/p>\n<div class=\"min-h-(270px) mb-4 viafoura-twig-component\" id=\"viafoura-engagement-starter-wrapper\" data-component-name=\"Elk:Embed:EngagementStarter\">\n<div class=\"viafoura\">\n<div>\n<vf-conversation-starter target=\"viafoura-comments\" title=\"Do you have a water feature in your yard?\" minimum-comment-count=\"1\"><br \/>\n<\/vf-conversation-starter>\n<\/div>\n<\/div>\n<\/div>\n<hr id=\"2604e2b2-2b14-4b68-be38-786915a65f25\">\n<\/div>\n<p><script async src=\"\/\/www.instagram.com\/embed.js\"><\/script><\/p>\n","protected":false},"excerpt":{"rendered":"<p>Chers Malibu -Anwesen mit seiner Verschmelzung der venezianischen und maurischen Architektur geh\u00f6rt zu den spektakul\u00e4rsten Promi -H\u00e4usern, und seine Gr\u00f6\u00dfe ist offensichtlich, bevor er durch<\/p>\n","protected":false},"author":1,"featured_media":7757,"comment_status":"closed","ping_status":"","sticky":false,"template":"","format":"standard","meta":{"footnotes":""},"categories":[118],"tags":[157,7164,4978,10172,9,43,74,1151,430,9964,1804,939,165,2474,10173,26],"class_list":["post-7756","post","type-post","status-publish","format-standard","has-post-thumbnail","hentry","category-haus-garten","tag-alles","tag-aussage","tag-chers","tag-designstunde","tag-die","tag-ein","tag-eine","tag-erhoehen","tag-haelt","tag-herum","tag-kraft","tag-macht","tag-sie","tag-vorgarten","tag-wassermerkmal","tag-wie","generate-columns","tablet-grid-50","mobile-grid-100","grid-parent","grid-50"],"yoast_head":"<!-- This site is optimized with the Yoast SEO plugin v27.3 - https:\/\/yoast.com\/product\/yoast-seo-wordpress\/ -->\n<title>Die Designstunde macht eine Aussage in Chers Vorgarten: Wie ein Wassermerkmal die Kraft h\u00e4lt, alles um sie herum zu erh\u00f6hen - Nachrichten - Stra\u00dfenweb<\/title>\n<meta name=\"robots\" content=\"index, follow, max-snippet:-1, max-image-preview:large, max-video-preview:-1\" \/>\n<link rel=\"canonical\" href=\"https:\/\/www.strassenweb.de\/nachrichten\/die-designstunde-macht-eine-aussage-in-chers-vorgarten-wie-ein-wassermerkmal-die-kraft-haelt-alles-um-sie-herum-zu-erhoehen\/\" \/>\n<meta property=\"og:locale\" content=\"de_DE\" \/>\n<meta property=\"og:type\" content=\"article\" \/>\n<meta property=\"og:title\" content=\"Die Designstunde macht eine Aussage in Chers Vorgarten: Wie ein Wassermerkmal die Kraft h\u00e4lt, alles um sie herum zu erh\u00f6hen - Nachrichten - Stra\u00dfenweb\" \/>\n<meta property=\"og:description\" content=\"Chers Malibu -Anwesen mit seiner Verschmelzung der venezianischen und maurischen Architektur geh\u00f6rt zu den spektakul\u00e4rsten Promi -H\u00e4usern, und seine Gr\u00f6\u00dfe ist offensichtlich, bevor er durch\" \/>\n<meta property=\"og:url\" content=\"https:\/\/www.strassenweb.de\/nachrichten\/die-designstunde-macht-eine-aussage-in-chers-vorgarten-wie-ein-wassermerkmal-die-kraft-haelt-alles-um-sie-herum-zu-erhoehen\/\" \/>\n<meta property=\"og:site_name\" content=\"Stra\u00dfenweb\" \/>\n<meta property=\"article:publisher\" content=\"https:\/\/www.facebook.com\/strassenweb\/\" \/>\n<meta property=\"article:published_time\" content=\"2025-09-16T11:39:18+00:00\" \/>\n<meta property=\"article:modified_time\" content=\"2025-09-16T11:39:19+00:00\" \/>\n<meta property=\"og:image\" content=\"https:\/\/www.strassenweb.de\/nachrichten\/wp-content\/uploads\/2025\/09\/Die-Designstunde-macht-eine-Aussage-in-Chers-Vorgarten-Wie-ein.jpg\" \/>\n\t<meta property=\"og:image:width\" content=\"1600\" \/>\n\t<meta property=\"og:image:height\" content=\"900\" \/>\n\t<meta property=\"og:image:type\" content=\"image\/jpeg\" \/>\n<meta name=\"author\" content=\"Robert Hoffmann\" \/>\n<meta name=\"twitter:card\" content=\"summary_large_image\" \/>\n<meta name=\"twitter:label1\" content=\"Verfasst von\" \/>\n\t<meta name=\"twitter:data1\" content=\"Robert Hoffmann\" \/>\n\t<meta name=\"twitter:label2\" content=\"Gesch\u00e4tzte Lesezeit\" \/>\n\t<meta name=\"twitter:data2\" content=\"2\u00a0Minuten\" \/>\n<script type=\"application\/ld+json\" class=\"yoast-schema-graph\">{\"@context\":\"https:\\\/\\\/schema.org\",\"@graph\":[{\"@type\":\"Article\",\"@id\":\"https:\\\/\\\/www.strassenweb.de\\\/nachrichten\\\/die-designstunde-macht-eine-aussage-in-chers-vorgarten-wie-ein-wassermerkmal-die-kraft-haelt-alles-um-sie-herum-zu-erhoehen\\\/#article\",\"isPartOf\":{\"@id\":\"https:\\\/\\\/www.strassenweb.de\\\/nachrichten\\\/die-designstunde-macht-eine-aussage-in-chers-vorgarten-wie-ein-wassermerkmal-die-kraft-haelt-alles-um-sie-herum-zu-erhoehen\\\/\"},\"author\":{\"name\":\"Robert Hoffmann\",\"@id\":\"https:\\\/\\\/www.strassenweb.de\\\/nachrichten\\\/#\\\/schema\\\/person\\\/87c9c9067f1211da429a744dc5a5aa41\"},\"headline\":\"Die Designstunde macht eine Aussage in Chers Vorgarten: Wie ein Wassermerkmal die Kraft h\u00e4lt, alles um sie herum zu erh\u00f6hen\",\"datePublished\":\"2025-09-16T11:39:18+00:00\",\"dateModified\":\"2025-09-16T11:39:19+00:00\",\"mainEntityOfPage\":{\"@id\":\"https:\\\/\\\/www.strassenweb.de\\\/nachrichten\\\/die-designstunde-macht-eine-aussage-in-chers-vorgarten-wie-ein-wassermerkmal-die-kraft-haelt-alles-um-sie-herum-zu-erhoehen\\\/\"},\"wordCount\":426,\"publisher\":{\"@id\":\"https:\\\/\\\/www.strassenweb.de\\\/nachrichten\\\/#organization\"},\"image\":{\"@id\":\"https:\\\/\\\/www.strassenweb.de\\\/nachrichten\\\/die-designstunde-macht-eine-aussage-in-chers-vorgarten-wie-ein-wassermerkmal-die-kraft-haelt-alles-um-sie-herum-zu-erhoehen\\\/#primaryimage\"},\"thumbnailUrl\":\"https:\\\/\\\/www.strassenweb.de\\\/nachrichten\\\/wp-content\\\/uploads\\\/2025\\\/09\\\/Die-Designstunde-macht-eine-Aussage-in-Chers-Vorgarten-Wie-ein.jpg\",\"keywords\":[\"alles\",\"Aussage\",\"Chers\",\"Designstunde\",\"die\",\"ein\",\"eine\",\"erh\u00f6hen\",\"h\u00e4lt\",\"herum\",\"Kraft\",\"macht\",\"Sie\",\"Vorgarten\",\"Wassermerkmal\",\"Wie\"],\"articleSection\":[\"Haus &amp; Garten\"],\"inLanguage\":\"de\"},{\"@type\":\"WebPage\",\"@id\":\"https:\\\/\\\/www.strassenweb.de\\\/nachrichten\\\/die-designstunde-macht-eine-aussage-in-chers-vorgarten-wie-ein-wassermerkmal-die-kraft-haelt-alles-um-sie-herum-zu-erhoehen\\\/\",\"url\":\"https:\\\/\\\/www.strassenweb.de\\\/nachrichten\\\/die-designstunde-macht-eine-aussage-in-chers-vorgarten-wie-ein-wassermerkmal-die-kraft-haelt-alles-um-sie-herum-zu-erhoehen\\\/\",\"name\":\"Die Designstunde macht eine Aussage in Chers Vorgarten: Wie ein Wassermerkmal die Kraft h\u00e4lt, alles um sie herum zu erh\u00f6hen - Nachrichten - Stra\u00dfenweb\",\"isPartOf\":{\"@id\":\"https:\\\/\\\/www.strassenweb.de\\\/nachrichten\\\/#website\"},\"primaryImageOfPage\":{\"@id\":\"https:\\\/\\\/www.strassenweb.de\\\/nachrichten\\\/die-designstunde-macht-eine-aussage-in-chers-vorgarten-wie-ein-wassermerkmal-die-kraft-haelt-alles-um-sie-herum-zu-erhoehen\\\/#primaryimage\"},\"image\":{\"@id\":\"https:\\\/\\\/www.strassenweb.de\\\/nachrichten\\\/die-designstunde-macht-eine-aussage-in-chers-vorgarten-wie-ein-wassermerkmal-die-kraft-haelt-alles-um-sie-herum-zu-erhoehen\\\/#primaryimage\"},\"thumbnailUrl\":\"https:\\\/\\\/www.strassenweb.de\\\/nachrichten\\\/wp-content\\\/uploads\\\/2025\\\/09\\\/Die-Designstunde-macht-eine-Aussage-in-Chers-Vorgarten-Wie-ein.jpg\",\"datePublished\":\"2025-09-16T11:39:18+00:00\",\"dateModified\":\"2025-09-16T11:39:19+00:00\",\"breadcrumb\":{\"@id\":\"https:\\\/\\\/www.strassenweb.de\\\/nachrichten\\\/die-designstunde-macht-eine-aussage-in-chers-vorgarten-wie-ein-wassermerkmal-die-kraft-haelt-alles-um-sie-herum-zu-erhoehen\\\/#breadcrumb\"},\"inLanguage\":\"de\",\"potentialAction\":[{\"@type\":\"ReadAction\",\"target\":[\"https:\\\/\\\/www.strassenweb.de\\\/nachrichten\\\/die-designstunde-macht-eine-aussage-in-chers-vorgarten-wie-ein-wassermerkmal-die-kraft-haelt-alles-um-sie-herum-zu-erhoehen\\\/\"]}]},{\"@type\":\"ImageObject\",\"inLanguage\":\"de\",\"@id\":\"https:\\\/\\\/www.strassenweb.de\\\/nachrichten\\\/die-designstunde-macht-eine-aussage-in-chers-vorgarten-wie-ein-wassermerkmal-die-kraft-haelt-alles-um-sie-herum-zu-erhoehen\\\/#primaryimage\",\"url\":\"https:\\\/\\\/www.strassenweb.de\\\/nachrichten\\\/wp-content\\\/uploads\\\/2025\\\/09\\\/Die-Designstunde-macht-eine-Aussage-in-Chers-Vorgarten-Wie-ein.jpg\",\"contentUrl\":\"https:\\\/\\\/www.strassenweb.de\\\/nachrichten\\\/wp-content\\\/uploads\\\/2025\\\/09\\\/Die-Designstunde-macht-eine-Aussage-in-Chers-Vorgarten-Wie-ein.jpg\",\"width\":1600,\"height\":900,\"caption\":\"Cher\"},{\"@type\":\"BreadcrumbList\",\"@id\":\"https:\\\/\\\/www.strassenweb.de\\\/nachrichten\\\/die-designstunde-macht-eine-aussage-in-chers-vorgarten-wie-ein-wassermerkmal-die-kraft-haelt-alles-um-sie-herum-zu-erhoehen\\\/#breadcrumb\",\"itemListElement\":[{\"@type\":\"ListItem\",\"position\":1,\"name\":\"Home\",\"item\":\"https:\\\/\\\/www.strassenweb.de\\\/nachrichten\\\/\"},{\"@type\":\"ListItem\",\"position\":2,\"name\":\"Die Designstunde macht eine Aussage in Chers Vorgarten: Wie ein Wassermerkmal die Kraft h\u00e4lt, alles um sie herum zu erh\u00f6hen\"}]},{\"@type\":\"WebSite\",\"@id\":\"https:\\\/\\\/www.strassenweb.de\\\/nachrichten\\\/#website\",\"url\":\"https:\\\/\\\/www.strassenweb.de\\\/nachrichten\\\/\",\"name\":\"Stra\u00dfenweb\",\"description\":\"Stra\u00dfenverzeichnis f\u00fcr Deutschland\",\"publisher\":{\"@id\":\"https:\\\/\\\/www.strassenweb.de\\\/nachrichten\\\/#organization\"},\"potentialAction\":[{\"@type\":\"SearchAction\",\"target\":{\"@type\":\"EntryPoint\",\"urlTemplate\":\"https:\\\/\\\/www.strassenweb.de\\\/nachrichten\\\/?s={search_term_string}\"},\"query-input\":{\"@type\":\"PropertyValueSpecification\",\"valueRequired\":true,\"valueName\":\"search_term_string\"}}],\"inLanguage\":\"de\"},{\"@type\":\"Organization\",\"@id\":\"https:\\\/\\\/www.strassenweb.de\\\/nachrichten\\\/#organization\",\"name\":\"Stra\u00dfenweb\",\"url\":\"https:\\\/\\\/www.strassenweb.de\\\/nachrichten\\\/\",\"logo\":{\"@type\":\"ImageObject\",\"inLanguage\":\"de\",\"@id\":\"https:\\\/\\\/www.strassenweb.de\\\/nachrichten\\\/#\\\/schema\\\/logo\\\/image\\\/\",\"url\":\"https:\\\/\\\/www.strassenweb.de\\\/nachrichten\\\/wp-content\\\/uploads\\\/2024\\\/09\\\/cropped-favicon.png\",\"contentUrl\":\"https:\\\/\\\/www.strassenweb.de\\\/nachrichten\\\/wp-content\\\/uploads\\\/2024\\\/09\\\/cropped-favicon.png\",\"width\":512,\"height\":512,\"caption\":\"Stra\u00dfenweb\"},\"image\":{\"@id\":\"https:\\\/\\\/www.strassenweb.de\\\/nachrichten\\\/#\\\/schema\\\/logo\\\/image\\\/\"},\"sameAs\":[\"https:\\\/\\\/www.facebook.com\\\/strassenweb\\\/\"]},{\"@type\":\"Person\",\"@id\":\"https:\\\/\\\/www.strassenweb.de\\\/nachrichten\\\/#\\\/schema\\\/person\\\/87c9c9067f1211da429a744dc5a5aa41\",\"name\":\"Robert Hoffmann\",\"image\":{\"@type\":\"ImageObject\",\"inLanguage\":\"de\",\"@id\":\"https:\\\/\\\/www.strassenweb.de\\\/nachrichten\\\/wp-content\\\/uploads\\\/2024\\\/09\\\/strassenweb-150x150.jpg\",\"url\":\"https:\\\/\\\/www.strassenweb.de\\\/nachrichten\\\/wp-content\\\/uploads\\\/2024\\\/09\\\/strassenweb-150x150.jpg\",\"contentUrl\":\"https:\\\/\\\/www.strassenweb.de\\\/nachrichten\\\/wp-content\\\/uploads\\\/2024\\\/09\\\/strassenweb-150x150.jpg\",\"caption\":\"Robert Hoffmann\"},\"description\":\"Ich hei\u00dfe Robert Hoffmann und ich bin ein leidenschaftlicher Verfechter von \u00d6kologie und Biodiversit\u00e4t. Seit meiner Kindheit in den W\u00e4ldern Bayerns f\u00fchle ich mich mit der Natur verbunden und bin entschlossen, sie zu sch\u00fctzen. Heute widme ich mein Leben der Sensibilisierung anderer f\u00fcr die Bedeutung des Umweltschutzes f\u00fcr zuk\u00fcnftige Generationen.\",\"sameAs\":[\"https:\\\/\\\/www.strassenweb.de\\\/\"]}]}<\/script>\n<!-- \/ Yoast SEO plugin. -->","yoast_head_json":{"title":"Die Designstunde macht eine Aussage in Chers Vorgarten: Wie ein Wassermerkmal die Kraft h\u00e4lt, alles um sie herum zu erh\u00f6hen - Nachrichten - Stra\u00dfenweb","robots":{"index":"index","follow":"follow","max-snippet":"max-snippet:-1","max-image-preview":"max-image-preview:large","max-video-preview":"max-video-preview:-1"},"canonical":"https:\/\/www.strassenweb.de\/nachrichten\/die-designstunde-macht-eine-aussage-in-chers-vorgarten-wie-ein-wassermerkmal-die-kraft-haelt-alles-um-sie-herum-zu-erhoehen\/","og_locale":"de_DE","og_type":"article","og_title":"Die Designstunde macht eine Aussage in Chers Vorgarten: Wie ein Wassermerkmal die Kraft h\u00e4lt, alles um sie herum zu erh\u00f6hen - Nachrichten - Stra\u00dfenweb","og_description":"Chers Malibu -Anwesen mit seiner Verschmelzung der venezianischen und maurischen Architektur geh\u00f6rt zu den spektakul\u00e4rsten Promi -H\u00e4usern, und seine Gr\u00f6\u00dfe ist offensichtlich, bevor er durch","og_url":"https:\/\/www.strassenweb.de\/nachrichten\/die-designstunde-macht-eine-aussage-in-chers-vorgarten-wie-ein-wassermerkmal-die-kraft-haelt-alles-um-sie-herum-zu-erhoehen\/","og_site_name":"Stra\u00dfenweb","article_publisher":"https:\/\/www.facebook.com\/strassenweb\/","article_published_time":"2025-09-16T11:39:18+00:00","article_modified_time":"2025-09-16T11:39:19+00:00","og_image":[{"width":1600,"height":900,"url":"https:\/\/www.strassenweb.de\/nachrichten\/wp-content\/uploads\/2025\/09\/Die-Designstunde-macht-eine-Aussage-in-Chers-Vorgarten-Wie-ein.jpg","type":"image\/jpeg"}],"author":"Robert Hoffmann","twitter_card":"summary_large_image","twitter_misc":{"Verfasst von":"Robert Hoffmann","Gesch\u00e4tzte Lesezeit":"2\u00a0Minuten"},"schema":{"@context":"https:\/\/schema.org","@graph":[{"@type":"Article","@id":"https:\/\/www.strassenweb.de\/nachrichten\/die-designstunde-macht-eine-aussage-in-chers-vorgarten-wie-ein-wassermerkmal-die-kraft-haelt-alles-um-sie-herum-zu-erhoehen\/#article","isPartOf":{"@id":"https:\/\/www.strassenweb.de\/nachrichten\/die-designstunde-macht-eine-aussage-in-chers-vorgarten-wie-ein-wassermerkmal-die-kraft-haelt-alles-um-sie-herum-zu-erhoehen\/"},"author":{"name":"Robert Hoffmann","@id":"https:\/\/www.strassenweb.de\/nachrichten\/#\/schema\/person\/87c9c9067f1211da429a744dc5a5aa41"},"headline":"Die Designstunde macht eine Aussage in Chers Vorgarten: Wie ein Wassermerkmal die Kraft h\u00e4lt, alles um sie herum zu erh\u00f6hen","datePublished":"2025-09-16T11:39:18+00:00","dateModified":"2025-09-16T11:39:19+00:00","mainEntityOfPage":{"@id":"https:\/\/www.strassenweb.de\/nachrichten\/die-designstunde-macht-eine-aussage-in-chers-vorgarten-wie-ein-wassermerkmal-die-kraft-haelt-alles-um-sie-herum-zu-erhoehen\/"},"wordCount":426,"publisher":{"@id":"https:\/\/www.strassenweb.de\/nachrichten\/#organization"},"image":{"@id":"https:\/\/www.strassenweb.de\/nachrichten\/die-designstunde-macht-eine-aussage-in-chers-vorgarten-wie-ein-wassermerkmal-die-kraft-haelt-alles-um-sie-herum-zu-erhoehen\/#primaryimage"},"thumbnailUrl":"https:\/\/www.strassenweb.de\/nachrichten\/wp-content\/uploads\/2025\/09\/Die-Designstunde-macht-eine-Aussage-in-Chers-Vorgarten-Wie-ein.jpg","keywords":["alles","Aussage","Chers","Designstunde","die","ein","eine","erh\u00f6hen","h\u00e4lt","herum","Kraft","macht","Sie","Vorgarten","Wassermerkmal","Wie"],"articleSection":["Haus &amp; Garten"],"inLanguage":"de"},{"@type":"WebPage","@id":"https:\/\/www.strassenweb.de\/nachrichten\/die-designstunde-macht-eine-aussage-in-chers-vorgarten-wie-ein-wassermerkmal-die-kraft-haelt-alles-um-sie-herum-zu-erhoehen\/","url":"https:\/\/www.strassenweb.de\/nachrichten\/die-designstunde-macht-eine-aussage-in-chers-vorgarten-wie-ein-wassermerkmal-die-kraft-haelt-alles-um-sie-herum-zu-erhoehen\/","name":"Die Designstunde macht eine Aussage in Chers Vorgarten: Wie ein Wassermerkmal die Kraft h\u00e4lt, alles um sie herum zu erh\u00f6hen - Nachrichten - Stra\u00dfenweb","isPartOf":{"@id":"https:\/\/www.strassenweb.de\/nachrichten\/#website"},"primaryImageOfPage":{"@id":"https:\/\/www.strassenweb.de\/nachrichten\/die-designstunde-macht-eine-aussage-in-chers-vorgarten-wie-ein-wassermerkmal-die-kraft-haelt-alles-um-sie-herum-zu-erhoehen\/#primaryimage"},"image":{"@id":"https:\/\/www.strassenweb.de\/nachrichten\/die-designstunde-macht-eine-aussage-in-chers-vorgarten-wie-ein-wassermerkmal-die-kraft-haelt-alles-um-sie-herum-zu-erhoehen\/#primaryimage"},"thumbnailUrl":"https:\/\/www.strassenweb.de\/nachrichten\/wp-content\/uploads\/2025\/09\/Die-Designstunde-macht-eine-Aussage-in-Chers-Vorgarten-Wie-ein.jpg","datePublished":"2025-09-16T11:39:18+00:00","dateModified":"2025-09-16T11:39:19+00:00","breadcrumb":{"@id":"https:\/\/www.strassenweb.de\/nachrichten\/die-designstunde-macht-eine-aussage-in-chers-vorgarten-wie-ein-wassermerkmal-die-kraft-haelt-alles-um-sie-herum-zu-erhoehen\/#breadcrumb"},"inLanguage":"de","potentialAction":[{"@type":"ReadAction","target":["https:\/\/www.strassenweb.de\/nachrichten\/die-designstunde-macht-eine-aussage-in-chers-vorgarten-wie-ein-wassermerkmal-die-kraft-haelt-alles-um-sie-herum-zu-erhoehen\/"]}]},{"@type":"ImageObject","inLanguage":"de","@id":"https:\/\/www.strassenweb.de\/nachrichten\/die-designstunde-macht-eine-aussage-in-chers-vorgarten-wie-ein-wassermerkmal-die-kraft-haelt-alles-um-sie-herum-zu-erhoehen\/#primaryimage","url":"https:\/\/www.strassenweb.de\/nachrichten\/wp-content\/uploads\/2025\/09\/Die-Designstunde-macht-eine-Aussage-in-Chers-Vorgarten-Wie-ein.jpg","contentUrl":"https:\/\/www.strassenweb.de\/nachrichten\/wp-content\/uploads\/2025\/09\/Die-Designstunde-macht-eine-Aussage-in-Chers-Vorgarten-Wie-ein.jpg","width":1600,"height":900,"caption":"Cher"},{"@type":"BreadcrumbList","@id":"https:\/\/www.strassenweb.de\/nachrichten\/die-designstunde-macht-eine-aussage-in-chers-vorgarten-wie-ein-wassermerkmal-die-kraft-haelt-alles-um-sie-herum-zu-erhoehen\/#breadcrumb","itemListElement":[{"@type":"ListItem","position":1,"name":"Home","item":"https:\/\/www.strassenweb.de\/nachrichten\/"},{"@type":"ListItem","position":2,"name":"Die Designstunde macht eine Aussage in Chers Vorgarten: Wie ein Wassermerkmal die Kraft h\u00e4lt, alles um sie herum zu erh\u00f6hen"}]},{"@type":"WebSite","@id":"https:\/\/www.strassenweb.de\/nachrichten\/#website","url":"https:\/\/www.strassenweb.de\/nachrichten\/","name":"Stra\u00dfenweb","description":"Stra\u00dfenverzeichnis f\u00fcr Deutschland","publisher":{"@id":"https:\/\/www.strassenweb.de\/nachrichten\/#organization"},"potentialAction":[{"@type":"SearchAction","target":{"@type":"EntryPoint","urlTemplate":"https:\/\/www.strassenweb.de\/nachrichten\/?s={search_term_string}"},"query-input":{"@type":"PropertyValueSpecification","valueRequired":true,"valueName":"search_term_string"}}],"inLanguage":"de"},{"@type":"Organization","@id":"https:\/\/www.strassenweb.de\/nachrichten\/#organization","name":"Stra\u00dfenweb","url":"https:\/\/www.strassenweb.de\/nachrichten\/","logo":{"@type":"ImageObject","inLanguage":"de","@id":"https:\/\/www.strassenweb.de\/nachrichten\/#\/schema\/logo\/image\/","url":"https:\/\/www.strassenweb.de\/nachrichten\/wp-content\/uploads\/2024\/09\/cropped-favicon.png","contentUrl":"https:\/\/www.strassenweb.de\/nachrichten\/wp-content\/uploads\/2024\/09\/cropped-favicon.png","width":512,"height":512,"caption":"Stra\u00dfenweb"},"image":{"@id":"https:\/\/www.strassenweb.de\/nachrichten\/#\/schema\/logo\/image\/"},"sameAs":["https:\/\/www.facebook.com\/strassenweb\/"]},{"@type":"Person","@id":"https:\/\/www.strassenweb.de\/nachrichten\/#\/schema\/person\/87c9c9067f1211da429a744dc5a5aa41","name":"Robert Hoffmann","image":{"@type":"ImageObject","inLanguage":"de","@id":"https:\/\/www.strassenweb.de\/nachrichten\/wp-content\/uploads\/2024\/09\/strassenweb-150x150.jpg","url":"https:\/\/www.strassenweb.de\/nachrichten\/wp-content\/uploads\/2024\/09\/strassenweb-150x150.jpg","contentUrl":"https:\/\/www.strassenweb.de\/nachrichten\/wp-content\/uploads\/2024\/09\/strassenweb-150x150.jpg","caption":"Robert Hoffmann"},"description":"Ich hei\u00dfe Robert Hoffmann und ich bin ein leidenschaftlicher Verfechter von \u00d6kologie und Biodiversit\u00e4t. Seit meiner Kindheit in den W\u00e4ldern Bayerns f\u00fchle ich mich mit der Natur verbunden und bin entschlossen, sie zu sch\u00fctzen. Heute widme ich mein Leben der Sensibilisierung anderer f\u00fcr die Bedeutung des Umweltschutzes f\u00fcr zuk\u00fcnftige Generationen.","sameAs":["https:\/\/www.strassenweb.de\/"]}]}},"_links":{"self":[{"href":"https:\/\/www.strassenweb.de\/nachrichten\/wp-json\/wp\/v2\/posts\/7756","targetHints":{"allow":["GET"]}}],"collection":[{"href":"https:\/\/www.strassenweb.de\/nachrichten\/wp-json\/wp\/v2\/posts"}],"about":[{"href":"https:\/\/www.strassenweb.de\/nachrichten\/wp-json\/wp\/v2\/types\/post"}],"author":[{"embeddable":true,"href":"https:\/\/www.strassenweb.de\/nachrichten\/wp-json\/wp\/v2\/users\/1"}],"replies":[{"embeddable":true,"href":"https:\/\/www.strassenweb.de\/nachrichten\/wp-json\/wp\/v2\/comments?post=7756"}],"version-history":[{"count":0,"href":"https:\/\/www.strassenweb.de\/nachrichten\/wp-json\/wp\/v2\/posts\/7756\/revisions"}],"wp:featuredmedia":[{"embeddable":true,"href":"https:\/\/www.strassenweb.de\/nachrichten\/wp-json\/wp\/v2\/media\/7757"}],"wp:attachment":[{"href":"https:\/\/www.strassenweb.de\/nachrichten\/wp-json\/wp\/v2\/media?parent=7756"}],"wp:term":[{"taxonomy":"category","embeddable":true,"href":"https:\/\/www.strassenweb.de\/nachrichten\/wp-json\/wp\/v2\/categories?post=7756"},{"taxonomy":"post_tag","embeddable":true,"href":"https:\/\/www.strassenweb.de\/nachrichten\/wp-json\/wp\/v2\/tags?post=7756"}],"curies":[{"name":"wp","href":"https:\/\/api.w.org\/{rel}","templated":true}]}}