{"id":7750,"date":"2025-09-16T07:43:37","date_gmt":"2025-09-16T05:43:37","guid":{"rendered":"https:\/\/www.strassenweb.de\/nachrichten\/nicht-nur-fuer-kinder-diese-raffinierte-sicht-auf-einen-klassiker-aus-kindertagen-macht-ein-vertraeumtes-ein-serve-dessert\/"},"modified":"2025-09-16T07:43:38","modified_gmt":"2025-09-16T05:43:38","slug":"nicht-nur-fuer-kinder-diese-raffinierte-sicht-auf-einen-klassiker-aus-kindertagen-macht-ein-vertraeumtes-ein-serve-dessert","status":"publish","type":"post","link":"https:\/\/www.strassenweb.de\/nachrichten\/nicht-nur-fuer-kinder-diese-raffinierte-sicht-auf-einen-klassiker-aus-kindertagen-macht-ein-vertraeumtes-ein-serve-dessert\/","title":{"rendered":"Nicht nur f\u00fcr Kinder-diese raffinierte Sicht auf einen Klassiker aus Kindertagen macht ein vertr\u00e4umtes Ein-Serve-Dessert"},"content":{"rendered":"<p><\/p>\n<div id=\"article-body\" class=\"article__body \">\n<p id=\"ea06b43c-f68b-48db-afd5-935c4e6aae92\">Dies ist eine reine Dekadenz in einem Waffelkegel und eines unserer Lieblingsrezepte. Die geschmolzene Schokolade ist optional; M\u00f6glicherweise m\u00f6chten Sie stattdessen auf das teilweise gefrorene Eis auf eine kleine gehackte Schokolade hinzuf\u00fcgen. Wenn Sie die Thymian -Braten nicht gemacht haben, funktioniert auch ein weiterer reicher Kirschkompot oder eine Marmelade.<\/p>\n<div id=\"ad-unit-1\" class=\"ad-unit\"><\/div>\n<h2 id=\"ingredients-makes-8-3\">Zutaten (macht 8)<\/h2>\n<ul id=\"1dd39044-206f-4e8f-b76d-717840a8ffa2\">\n<li>1 \u00bd Tassen schwere Creme<\/li>\n<li>2 Tassen + 2 EL Vollmilch<\/li>\n<li>1 Vanilleschere (oder 1\u20132 TL Vanilleextrakt als Ersatz)<\/li>\n<li>Prise Meersalz<\/li>\n<li>4 gro\u00dfe Eigelb<\/li>\n<li>\u00bd Tasse granulierter Zucker<\/li>\n<li>1 Portion Thymian ger\u00f6stete Kirschen<\/li>\n<li>7 Unzen dunkle Schokolade, in St\u00fccke zerbrochen, zum Eintauchen<\/li>\n<li>8 Waffelkegel, um zu dienen<\/li>\n<\/ul>\n<h2 id=\"the-homes-gardens-method-3\">Die Homes &#038; Gardens -Methode<\/h2>\n<figure class=\"van-image-figure inline-layout \" data-bordeaux-image-check id=\"30594617-e9ce-4917-aa6f-a3e877e53eae\">\n<div class=\"image-full-width-wrapper\">\n<div class=\"image-widthsetter\" style=\"max-width:2000px;\"><\/div>\n<\/div>\n<\/figure>\n<ul id=\"45337779-01e2-4cb5-8136-b79c939df0cc\">\n<li>Kombinieren Sie in einem Topf mit schwerem Boden die Sahne, Vollmilch, Vanillebohnen oder einen Extrakt und eine Prise Salz. Langsam zum Kochen bringen und dann vom Herd nehmen. 20 Minuten steuern lassen. Sahne und Milch durch ein feines Mesh-Sieb (wie dieser Cuisinart-Set von Amazonas) und dr\u00fccken Sie fest, um den gesamten Vanillegeschmack zu extrahieren.<\/li>\n<li>In einer Mischsch\u00fcssel (diese verschachtelten Edelstahl-Mischschalen von Amazon sind ideal), besiegen Sie das Eigelb und den Zucker mit einem Elektromixer (dieser KitchenAid-Kabelmixer bei Amazon war der beste Handmixer in unseren Tests) mit mittlerer bis hoher Geschwindigkeit, bis sie sehr dick und blass, etwa 3 bis 4 Minuten. Bringen Sie die Crememischung in den Topf zur\u00fcck und bringen Sie nur k\u00f6cheln lassen.<\/li>\n<li>Gie\u00dfen Sie es langsam in die Eiermischung in einem d\u00fcnnen Bach und wischen Sie st\u00e4ndig. Gie\u00dfen Sie alles zur\u00fcck in den Topf und kochen Sie sie bei schwacher Hitze vorsichtig, um etwa 10 Minuten lang zu r\u00fchren, oder bis der Pudding dick genug ist, um den R\u00fccken eines L\u00f6ffels zu beschichten. Vom Herd nehmen, abdecken und vollst\u00e4ndig abk\u00fchlen lassen.<\/li>\n<li>Gie\u00dfen Sie den abgek\u00fchlten Pudding in eine Eismaschine (der Cuisinart Pure-Genuss in unserem besten Eisschreiber-F\u00fchrer und -Bernen nach den Anweisungen des Herstellers, bis das Eis dick ist und die Maschine stoppt. \u00dcbertragen Sie in einen gek\u00fchlten Beh\u00e4lter, die mindestens 4 Stunden, bis zum mindestens 4 Stunden, bis zum mindestens 4 Stunden, bis zum Mindestens der Thyme.<\/li>\n<li>Schmelzen Sie die dunkle Schokolade in einer hitzebest\u00e4ndigen Sch\u00fcssel (probieren Sie diese Pyrex Essentials -Glasmischschalen), die \u00fcber eine Pfanne aus kaum kochendem Wasser sorgen, bis sie glatt r\u00fchren. In eine kleine Sch\u00fcssel geben. Schaufeln Sie das Eis in Waffelkegel, tauchen Sie die Oberteile in die geschmolzene Schokolade und lassen Sie sie 1 Minute vor dem Servieren einstellen.<\/li>\n<\/ul>\n<hr id=\"c3bf1d07-a427-4c47-b7e0-b8116434bfcb\">\n<p id=\"db8a188a-24fd-4b79-b176-84dc91768955\">Wenn Sie Eis lieben, ist unsere Sammlung von Eiscreme -Rezepten f\u00fcr jeden etwas dabei, von Kindheitspfavoriten bis hin zu anspruchsvollen Wendungen zu Klassikern.<\/p>\n<aside data-block-type=\"embed\" data-render-type=\"fte\" data-skip=\"dealsy\" data-widget-type=\"seasonal\" class=\"hawk-base\"><\/aside>\n<div id=\"slice-container-newsletterForm-articleInbodyContent-wmC8TTPHUDgAHqogBfpSCc\" class=\"slice-container newsletter-inbodyContent-slice newsletterForm-articleInbodyContent-wmC8TTPHUDgAHqogBfpSCc slice-container-newsletterForm\"><\/div>\n<div id=\"ad-unit-2\" class=\"ad-unit\"><\/div>\n<\/div>\n","protected":false},"excerpt":{"rendered":"<p>Dies ist eine reine Dekadenz in einem Waffelkegel und eines unserer Lieblingsrezepte. Die geschmolzene Schokolade ist optional; M\u00f6glicherweise m\u00f6chten Sie stattdessen auf das teilweise gefrorene<\/p>\n","protected":false},"author":1,"featured_media":7751,"comment_status":"closed","ping_status":"","sticky":false,"template":"","format":"standard","meta":{"footnotes":""},"categories":[118],"tags":[46,287,43,166,10169,55,10166,10167,9720,939,61,54,4226,2368,10168],"class_list":["post-7750","post","type-post","status-publish","format-standard","has-post-thumbnail","hentry","category-haus-garten","tag-auf","tag-aus","tag-ein","tag-einen","tag-einservedessert","tag-fuer","tag-kinderdiese","tag-kindertagen","tag-klassiker","tag-macht","tag-nicht","tag-nur","tag-raffinierte","tag-sicht","tag-vertraeumtes","generate-columns","tablet-grid-50","mobile-grid-100","grid-parent","grid-50"],"yoast_head":"<!-- This site is optimized with the Yoast SEO plugin v27.3 - https:\/\/yoast.com\/product\/yoast-seo-wordpress\/ -->\n<title>Nicht nur f\u00fcr Kinder-diese raffinierte Sicht auf einen Klassiker aus Kindertagen macht ein vertr\u00e4umtes Ein-Serve-Dessert - Nachrichten - Stra\u00dfenweb<\/title>\n<meta name=\"robots\" content=\"index, follow, max-snippet:-1, max-image-preview:large, max-video-preview:-1\" \/>\n<link rel=\"canonical\" href=\"https:\/\/www.strassenweb.de\/nachrichten\/nicht-nur-fuer-kinder-diese-raffinierte-sicht-auf-einen-klassiker-aus-kindertagen-macht-ein-vertraeumtes-ein-serve-dessert\/\" \/>\n<meta property=\"og:locale\" content=\"de_DE\" \/>\n<meta property=\"og:type\" content=\"article\" \/>\n<meta property=\"og:title\" content=\"Nicht nur f\u00fcr Kinder-diese raffinierte Sicht auf einen Klassiker aus Kindertagen macht ein vertr\u00e4umtes Ein-Serve-Dessert - Nachrichten - Stra\u00dfenweb\" \/>\n<meta property=\"og:description\" content=\"Dies ist eine reine Dekadenz in einem Waffelkegel und eines unserer Lieblingsrezepte. Die geschmolzene Schokolade ist optional; M\u00f6glicherweise m\u00f6chten Sie stattdessen auf das teilweise gefrorene\" \/>\n<meta property=\"og:url\" content=\"https:\/\/www.strassenweb.de\/nachrichten\/nicht-nur-fuer-kinder-diese-raffinierte-sicht-auf-einen-klassiker-aus-kindertagen-macht-ein-vertraeumtes-ein-serve-dessert\/\" \/>\n<meta property=\"og:site_name\" content=\"Stra\u00dfenweb\" \/>\n<meta property=\"article:publisher\" content=\"https:\/\/www.facebook.com\/strassenweb\/\" \/>\n<meta property=\"article:published_time\" content=\"2025-09-16T05:43:37+00:00\" \/>\n<meta property=\"article:modified_time\" content=\"2025-09-16T05:43:38+00:00\" \/>\n<meta property=\"og:image\" content=\"https:\/\/www.strassenweb.de\/nachrichten\/wp-content\/uploads\/2025\/09\/Nicht-nur-fuer-Kinder-diese-raffinierte-Sicht-auf-einen-Klassiker-aus.jpg\" \/>\n\t<meta property=\"og:image:width\" content=\"1600\" \/>\n\t<meta property=\"og:image:height\" content=\"900\" \/>\n\t<meta property=\"og:image:type\" content=\"image\/jpeg\" \/>\n<meta name=\"author\" content=\"Robert Hoffmann\" \/>\n<meta name=\"twitter:card\" content=\"summary_large_image\" \/>\n<meta name=\"twitter:label1\" content=\"Verfasst von\" \/>\n\t<meta name=\"twitter:data1\" content=\"Robert Hoffmann\" \/>\n\t<meta name=\"twitter:label2\" content=\"Gesch\u00e4tzte Lesezeit\" \/>\n\t<meta name=\"twitter:data2\" content=\"2\u00a0Minuten\" \/>\n<script type=\"application\/ld+json\" class=\"yoast-schema-graph\">{\"@context\":\"https:\\\/\\\/schema.org\",\"@graph\":[{\"@type\":\"Article\",\"@id\":\"https:\\\/\\\/www.strassenweb.de\\\/nachrichten\\\/nicht-nur-fuer-kinder-diese-raffinierte-sicht-auf-einen-klassiker-aus-kindertagen-macht-ein-vertraeumtes-ein-serve-dessert\\\/#article\",\"isPartOf\":{\"@id\":\"https:\\\/\\\/www.strassenweb.de\\\/nachrichten\\\/nicht-nur-fuer-kinder-diese-raffinierte-sicht-auf-einen-klassiker-aus-kindertagen-macht-ein-vertraeumtes-ein-serve-dessert\\\/\"},\"author\":{\"name\":\"Robert Hoffmann\",\"@id\":\"https:\\\/\\\/www.strassenweb.de\\\/nachrichten\\\/#\\\/schema\\\/person\\\/87c9c9067f1211da429a744dc5a5aa41\"},\"headline\":\"Nicht nur f\u00fcr Kinder-diese raffinierte Sicht auf einen Klassiker aus Kindertagen macht ein vertr\u00e4umtes Ein-Serve-Dessert\",\"datePublished\":\"2025-09-16T05:43:37+00:00\",\"dateModified\":\"2025-09-16T05:43:38+00:00\",\"mainEntityOfPage\":{\"@id\":\"https:\\\/\\\/www.strassenweb.de\\\/nachrichten\\\/nicht-nur-fuer-kinder-diese-raffinierte-sicht-auf-einen-klassiker-aus-kindertagen-macht-ein-vertraeumtes-ein-serve-dessert\\\/\"},\"wordCount\":439,\"publisher\":{\"@id\":\"https:\\\/\\\/www.strassenweb.de\\\/nachrichten\\\/#organization\"},\"image\":{\"@id\":\"https:\\\/\\\/www.strassenweb.de\\\/nachrichten\\\/nicht-nur-fuer-kinder-diese-raffinierte-sicht-auf-einen-klassiker-aus-kindertagen-macht-ein-vertraeumtes-ein-serve-dessert\\\/#primaryimage\"},\"thumbnailUrl\":\"https:\\\/\\\/www.strassenweb.de\\\/nachrichten\\\/wp-content\\\/uploads\\\/2025\\\/09\\\/Nicht-nur-fuer-Kinder-diese-raffinierte-Sicht-auf-einen-Klassiker-aus.jpg\",\"keywords\":[\"auf\",\"aus\",\"ein\",\"einen\",\"EinServeDessert\",\"f\u00fcr\",\"Kinderdiese\",\"Kindertagen\",\"Klassiker\",\"macht\",\"nicht\",\"nur\",\"raffinierte\",\"Sicht\",\"vertr\u00e4umtes\"],\"articleSection\":[\"Haus &amp; Garten\"],\"inLanguage\":\"de\"},{\"@type\":\"WebPage\",\"@id\":\"https:\\\/\\\/www.strassenweb.de\\\/nachrichten\\\/nicht-nur-fuer-kinder-diese-raffinierte-sicht-auf-einen-klassiker-aus-kindertagen-macht-ein-vertraeumtes-ein-serve-dessert\\\/\",\"url\":\"https:\\\/\\\/www.strassenweb.de\\\/nachrichten\\\/nicht-nur-fuer-kinder-diese-raffinierte-sicht-auf-einen-klassiker-aus-kindertagen-macht-ein-vertraeumtes-ein-serve-dessert\\\/\",\"name\":\"Nicht nur f\u00fcr Kinder-diese raffinierte Sicht auf einen Klassiker aus Kindertagen macht ein vertr\u00e4umtes Ein-Serve-Dessert - Nachrichten - Stra\u00dfenweb\",\"isPartOf\":{\"@id\":\"https:\\\/\\\/www.strassenweb.de\\\/nachrichten\\\/#website\"},\"primaryImageOfPage\":{\"@id\":\"https:\\\/\\\/www.strassenweb.de\\\/nachrichten\\\/nicht-nur-fuer-kinder-diese-raffinierte-sicht-auf-einen-klassiker-aus-kindertagen-macht-ein-vertraeumtes-ein-serve-dessert\\\/#primaryimage\"},\"image\":{\"@id\":\"https:\\\/\\\/www.strassenweb.de\\\/nachrichten\\\/nicht-nur-fuer-kinder-diese-raffinierte-sicht-auf-einen-klassiker-aus-kindertagen-macht-ein-vertraeumtes-ein-serve-dessert\\\/#primaryimage\"},\"thumbnailUrl\":\"https:\\\/\\\/www.strassenweb.de\\\/nachrichten\\\/wp-content\\\/uploads\\\/2025\\\/09\\\/Nicht-nur-fuer-Kinder-diese-raffinierte-Sicht-auf-einen-Klassiker-aus.jpg\",\"datePublished\":\"2025-09-16T05:43:37+00:00\",\"dateModified\":\"2025-09-16T05:43:38+00:00\",\"breadcrumb\":{\"@id\":\"https:\\\/\\\/www.strassenweb.de\\\/nachrichten\\\/nicht-nur-fuer-kinder-diese-raffinierte-sicht-auf-einen-klassiker-aus-kindertagen-macht-ein-vertraeumtes-ein-serve-dessert\\\/#breadcrumb\"},\"inLanguage\":\"de\",\"potentialAction\":[{\"@type\":\"ReadAction\",\"target\":[\"https:\\\/\\\/www.strassenweb.de\\\/nachrichten\\\/nicht-nur-fuer-kinder-diese-raffinierte-sicht-auf-einen-klassiker-aus-kindertagen-macht-ein-vertraeumtes-ein-serve-dessert\\\/\"]}]},{\"@type\":\"ImageObject\",\"inLanguage\":\"de\",\"@id\":\"https:\\\/\\\/www.strassenweb.de\\\/nachrichten\\\/nicht-nur-fuer-kinder-diese-raffinierte-sicht-auf-einen-klassiker-aus-kindertagen-macht-ein-vertraeumtes-ein-serve-dessert\\\/#primaryimage\",\"url\":\"https:\\\/\\\/www.strassenweb.de\\\/nachrichten\\\/wp-content\\\/uploads\\\/2025\\\/09\\\/Nicht-nur-fuer-Kinder-diese-raffinierte-Sicht-auf-einen-Klassiker-aus.jpg\",\"contentUrl\":\"https:\\\/\\\/www.strassenweb.de\\\/nachrichten\\\/wp-content\\\/uploads\\\/2025\\\/09\\\/Nicht-nur-fuer-Kinder-diese-raffinierte-Sicht-auf-einen-Klassiker-aus.jpg\",\"width\":1600,\"height\":900,\"caption\":\"Cherry ice cream in cones dipped in chocolate\"},{\"@type\":\"BreadcrumbList\",\"@id\":\"https:\\\/\\\/www.strassenweb.de\\\/nachrichten\\\/nicht-nur-fuer-kinder-diese-raffinierte-sicht-auf-einen-klassiker-aus-kindertagen-macht-ein-vertraeumtes-ein-serve-dessert\\\/#breadcrumb\",\"itemListElement\":[{\"@type\":\"ListItem\",\"position\":1,\"name\":\"Home\",\"item\":\"https:\\\/\\\/www.strassenweb.de\\\/nachrichten\\\/\"},{\"@type\":\"ListItem\",\"position\":2,\"name\":\"Nicht nur f\u00fcr Kinder-diese raffinierte Sicht auf einen Klassiker aus Kindertagen macht ein vertr\u00e4umtes Ein-Serve-Dessert\"}]},{\"@type\":\"WebSite\",\"@id\":\"https:\\\/\\\/www.strassenweb.de\\\/nachrichten\\\/#website\",\"url\":\"https:\\\/\\\/www.strassenweb.de\\\/nachrichten\\\/\",\"name\":\"Stra\u00dfenweb\",\"description\":\"Stra\u00dfenverzeichnis f\u00fcr Deutschland\",\"publisher\":{\"@id\":\"https:\\\/\\\/www.strassenweb.de\\\/nachrichten\\\/#organization\"},\"potentialAction\":[{\"@type\":\"SearchAction\",\"target\":{\"@type\":\"EntryPoint\",\"urlTemplate\":\"https:\\\/\\\/www.strassenweb.de\\\/nachrichten\\\/?s={search_term_string}\"},\"query-input\":{\"@type\":\"PropertyValueSpecification\",\"valueRequired\":true,\"valueName\":\"search_term_string\"}}],\"inLanguage\":\"de\"},{\"@type\":\"Organization\",\"@id\":\"https:\\\/\\\/www.strassenweb.de\\\/nachrichten\\\/#organization\",\"name\":\"Stra\u00dfenweb\",\"url\":\"https:\\\/\\\/www.strassenweb.de\\\/nachrichten\\\/\",\"logo\":{\"@type\":\"ImageObject\",\"inLanguage\":\"de\",\"@id\":\"https:\\\/\\\/www.strassenweb.de\\\/nachrichten\\\/#\\\/schema\\\/logo\\\/image\\\/\",\"url\":\"https:\\\/\\\/www.strassenweb.de\\\/nachrichten\\\/wp-content\\\/uploads\\\/2024\\\/09\\\/cropped-favicon.png\",\"contentUrl\":\"https:\\\/\\\/www.strassenweb.de\\\/nachrichten\\\/wp-content\\\/uploads\\\/2024\\\/09\\\/cropped-favicon.png\",\"width\":512,\"height\":512,\"caption\":\"Stra\u00dfenweb\"},\"image\":{\"@id\":\"https:\\\/\\\/www.strassenweb.de\\\/nachrichten\\\/#\\\/schema\\\/logo\\\/image\\\/\"},\"sameAs\":[\"https:\\\/\\\/www.facebook.com\\\/strassenweb\\\/\"]},{\"@type\":\"Person\",\"@id\":\"https:\\\/\\\/www.strassenweb.de\\\/nachrichten\\\/#\\\/schema\\\/person\\\/87c9c9067f1211da429a744dc5a5aa41\",\"name\":\"Robert Hoffmann\",\"image\":{\"@type\":\"ImageObject\",\"inLanguage\":\"de\",\"@id\":\"https:\\\/\\\/www.strassenweb.de\\\/nachrichten\\\/wp-content\\\/uploads\\\/2024\\\/09\\\/strassenweb-150x150.jpg\",\"url\":\"https:\\\/\\\/www.strassenweb.de\\\/nachrichten\\\/wp-content\\\/uploads\\\/2024\\\/09\\\/strassenweb-150x150.jpg\",\"contentUrl\":\"https:\\\/\\\/www.strassenweb.de\\\/nachrichten\\\/wp-content\\\/uploads\\\/2024\\\/09\\\/strassenweb-150x150.jpg\",\"caption\":\"Robert Hoffmann\"},\"description\":\"Ich hei\u00dfe Robert Hoffmann und ich bin ein leidenschaftlicher Verfechter von \u00d6kologie und Biodiversit\u00e4t. Seit meiner Kindheit in den W\u00e4ldern Bayerns f\u00fchle ich mich mit der Natur verbunden und bin entschlossen, sie zu sch\u00fctzen. Heute widme ich mein Leben der Sensibilisierung anderer f\u00fcr die Bedeutung des Umweltschutzes f\u00fcr zuk\u00fcnftige Generationen.\",\"sameAs\":[\"https:\\\/\\\/www.strassenweb.de\\\/\"]}]}<\/script>\n<!-- \/ Yoast SEO plugin. -->","yoast_head_json":{"title":"Nicht nur f\u00fcr Kinder-diese raffinierte Sicht auf einen Klassiker aus Kindertagen macht ein vertr\u00e4umtes Ein-Serve-Dessert - Nachrichten - Stra\u00dfenweb","robots":{"index":"index","follow":"follow","max-snippet":"max-snippet:-1","max-image-preview":"max-image-preview:large","max-video-preview":"max-video-preview:-1"},"canonical":"https:\/\/www.strassenweb.de\/nachrichten\/nicht-nur-fuer-kinder-diese-raffinierte-sicht-auf-einen-klassiker-aus-kindertagen-macht-ein-vertraeumtes-ein-serve-dessert\/","og_locale":"de_DE","og_type":"article","og_title":"Nicht nur f\u00fcr Kinder-diese raffinierte Sicht auf einen Klassiker aus Kindertagen macht ein vertr\u00e4umtes Ein-Serve-Dessert - Nachrichten - Stra\u00dfenweb","og_description":"Dies ist eine reine Dekadenz in einem Waffelkegel und eines unserer Lieblingsrezepte. Die geschmolzene Schokolade ist optional; M\u00f6glicherweise m\u00f6chten Sie stattdessen auf das teilweise gefrorene","og_url":"https:\/\/www.strassenweb.de\/nachrichten\/nicht-nur-fuer-kinder-diese-raffinierte-sicht-auf-einen-klassiker-aus-kindertagen-macht-ein-vertraeumtes-ein-serve-dessert\/","og_site_name":"Stra\u00dfenweb","article_publisher":"https:\/\/www.facebook.com\/strassenweb\/","article_published_time":"2025-09-16T05:43:37+00:00","article_modified_time":"2025-09-16T05:43:38+00:00","og_image":[{"width":1600,"height":900,"url":"https:\/\/www.strassenweb.de\/nachrichten\/wp-content\/uploads\/2025\/09\/Nicht-nur-fuer-Kinder-diese-raffinierte-Sicht-auf-einen-Klassiker-aus.jpg","type":"image\/jpeg"}],"author":"Robert Hoffmann","twitter_card":"summary_large_image","twitter_misc":{"Verfasst von":"Robert Hoffmann","Gesch\u00e4tzte Lesezeit":"2\u00a0Minuten"},"schema":{"@context":"https:\/\/schema.org","@graph":[{"@type":"Article","@id":"https:\/\/www.strassenweb.de\/nachrichten\/nicht-nur-fuer-kinder-diese-raffinierte-sicht-auf-einen-klassiker-aus-kindertagen-macht-ein-vertraeumtes-ein-serve-dessert\/#article","isPartOf":{"@id":"https:\/\/www.strassenweb.de\/nachrichten\/nicht-nur-fuer-kinder-diese-raffinierte-sicht-auf-einen-klassiker-aus-kindertagen-macht-ein-vertraeumtes-ein-serve-dessert\/"},"author":{"name":"Robert Hoffmann","@id":"https:\/\/www.strassenweb.de\/nachrichten\/#\/schema\/person\/87c9c9067f1211da429a744dc5a5aa41"},"headline":"Nicht nur f\u00fcr Kinder-diese raffinierte Sicht auf einen Klassiker aus Kindertagen macht ein vertr\u00e4umtes Ein-Serve-Dessert","datePublished":"2025-09-16T05:43:37+00:00","dateModified":"2025-09-16T05:43:38+00:00","mainEntityOfPage":{"@id":"https:\/\/www.strassenweb.de\/nachrichten\/nicht-nur-fuer-kinder-diese-raffinierte-sicht-auf-einen-klassiker-aus-kindertagen-macht-ein-vertraeumtes-ein-serve-dessert\/"},"wordCount":439,"publisher":{"@id":"https:\/\/www.strassenweb.de\/nachrichten\/#organization"},"image":{"@id":"https:\/\/www.strassenweb.de\/nachrichten\/nicht-nur-fuer-kinder-diese-raffinierte-sicht-auf-einen-klassiker-aus-kindertagen-macht-ein-vertraeumtes-ein-serve-dessert\/#primaryimage"},"thumbnailUrl":"https:\/\/www.strassenweb.de\/nachrichten\/wp-content\/uploads\/2025\/09\/Nicht-nur-fuer-Kinder-diese-raffinierte-Sicht-auf-einen-Klassiker-aus.jpg","keywords":["auf","aus","ein","einen","EinServeDessert","f\u00fcr","Kinderdiese","Kindertagen","Klassiker","macht","nicht","nur","raffinierte","Sicht","vertr\u00e4umtes"],"articleSection":["Haus &amp; Garten"],"inLanguage":"de"},{"@type":"WebPage","@id":"https:\/\/www.strassenweb.de\/nachrichten\/nicht-nur-fuer-kinder-diese-raffinierte-sicht-auf-einen-klassiker-aus-kindertagen-macht-ein-vertraeumtes-ein-serve-dessert\/","url":"https:\/\/www.strassenweb.de\/nachrichten\/nicht-nur-fuer-kinder-diese-raffinierte-sicht-auf-einen-klassiker-aus-kindertagen-macht-ein-vertraeumtes-ein-serve-dessert\/","name":"Nicht nur f\u00fcr Kinder-diese raffinierte Sicht auf einen Klassiker aus Kindertagen macht ein vertr\u00e4umtes Ein-Serve-Dessert - Nachrichten - Stra\u00dfenweb","isPartOf":{"@id":"https:\/\/www.strassenweb.de\/nachrichten\/#website"},"primaryImageOfPage":{"@id":"https:\/\/www.strassenweb.de\/nachrichten\/nicht-nur-fuer-kinder-diese-raffinierte-sicht-auf-einen-klassiker-aus-kindertagen-macht-ein-vertraeumtes-ein-serve-dessert\/#primaryimage"},"image":{"@id":"https:\/\/www.strassenweb.de\/nachrichten\/nicht-nur-fuer-kinder-diese-raffinierte-sicht-auf-einen-klassiker-aus-kindertagen-macht-ein-vertraeumtes-ein-serve-dessert\/#primaryimage"},"thumbnailUrl":"https:\/\/www.strassenweb.de\/nachrichten\/wp-content\/uploads\/2025\/09\/Nicht-nur-fuer-Kinder-diese-raffinierte-Sicht-auf-einen-Klassiker-aus.jpg","datePublished":"2025-09-16T05:43:37+00:00","dateModified":"2025-09-16T05:43:38+00:00","breadcrumb":{"@id":"https:\/\/www.strassenweb.de\/nachrichten\/nicht-nur-fuer-kinder-diese-raffinierte-sicht-auf-einen-klassiker-aus-kindertagen-macht-ein-vertraeumtes-ein-serve-dessert\/#breadcrumb"},"inLanguage":"de","potentialAction":[{"@type":"ReadAction","target":["https:\/\/www.strassenweb.de\/nachrichten\/nicht-nur-fuer-kinder-diese-raffinierte-sicht-auf-einen-klassiker-aus-kindertagen-macht-ein-vertraeumtes-ein-serve-dessert\/"]}]},{"@type":"ImageObject","inLanguage":"de","@id":"https:\/\/www.strassenweb.de\/nachrichten\/nicht-nur-fuer-kinder-diese-raffinierte-sicht-auf-einen-klassiker-aus-kindertagen-macht-ein-vertraeumtes-ein-serve-dessert\/#primaryimage","url":"https:\/\/www.strassenweb.de\/nachrichten\/wp-content\/uploads\/2025\/09\/Nicht-nur-fuer-Kinder-diese-raffinierte-Sicht-auf-einen-Klassiker-aus.jpg","contentUrl":"https:\/\/www.strassenweb.de\/nachrichten\/wp-content\/uploads\/2025\/09\/Nicht-nur-fuer-Kinder-diese-raffinierte-Sicht-auf-einen-Klassiker-aus.jpg","width":1600,"height":900,"caption":"Cherry ice cream in cones dipped in chocolate"},{"@type":"BreadcrumbList","@id":"https:\/\/www.strassenweb.de\/nachrichten\/nicht-nur-fuer-kinder-diese-raffinierte-sicht-auf-einen-klassiker-aus-kindertagen-macht-ein-vertraeumtes-ein-serve-dessert\/#breadcrumb","itemListElement":[{"@type":"ListItem","position":1,"name":"Home","item":"https:\/\/www.strassenweb.de\/nachrichten\/"},{"@type":"ListItem","position":2,"name":"Nicht nur f\u00fcr Kinder-diese raffinierte Sicht auf einen Klassiker aus Kindertagen macht ein vertr\u00e4umtes Ein-Serve-Dessert"}]},{"@type":"WebSite","@id":"https:\/\/www.strassenweb.de\/nachrichten\/#website","url":"https:\/\/www.strassenweb.de\/nachrichten\/","name":"Stra\u00dfenweb","description":"Stra\u00dfenverzeichnis f\u00fcr Deutschland","publisher":{"@id":"https:\/\/www.strassenweb.de\/nachrichten\/#organization"},"potentialAction":[{"@type":"SearchAction","target":{"@type":"EntryPoint","urlTemplate":"https:\/\/www.strassenweb.de\/nachrichten\/?s={search_term_string}"},"query-input":{"@type":"PropertyValueSpecification","valueRequired":true,"valueName":"search_term_string"}}],"inLanguage":"de"},{"@type":"Organization","@id":"https:\/\/www.strassenweb.de\/nachrichten\/#organization","name":"Stra\u00dfenweb","url":"https:\/\/www.strassenweb.de\/nachrichten\/","logo":{"@type":"ImageObject","inLanguage":"de","@id":"https:\/\/www.strassenweb.de\/nachrichten\/#\/schema\/logo\/image\/","url":"https:\/\/www.strassenweb.de\/nachrichten\/wp-content\/uploads\/2024\/09\/cropped-favicon.png","contentUrl":"https:\/\/www.strassenweb.de\/nachrichten\/wp-content\/uploads\/2024\/09\/cropped-favicon.png","width":512,"height":512,"caption":"Stra\u00dfenweb"},"image":{"@id":"https:\/\/www.strassenweb.de\/nachrichten\/#\/schema\/logo\/image\/"},"sameAs":["https:\/\/www.facebook.com\/strassenweb\/"]},{"@type":"Person","@id":"https:\/\/www.strassenweb.de\/nachrichten\/#\/schema\/person\/87c9c9067f1211da429a744dc5a5aa41","name":"Robert Hoffmann","image":{"@type":"ImageObject","inLanguage":"de","@id":"https:\/\/www.strassenweb.de\/nachrichten\/wp-content\/uploads\/2024\/09\/strassenweb-150x150.jpg","url":"https:\/\/www.strassenweb.de\/nachrichten\/wp-content\/uploads\/2024\/09\/strassenweb-150x150.jpg","contentUrl":"https:\/\/www.strassenweb.de\/nachrichten\/wp-content\/uploads\/2024\/09\/strassenweb-150x150.jpg","caption":"Robert Hoffmann"},"description":"Ich hei\u00dfe Robert Hoffmann und ich bin ein leidenschaftlicher Verfechter von \u00d6kologie und Biodiversit\u00e4t. Seit meiner Kindheit in den W\u00e4ldern Bayerns f\u00fchle ich mich mit der Natur verbunden und bin entschlossen, sie zu sch\u00fctzen. Heute widme ich mein Leben der Sensibilisierung anderer f\u00fcr die Bedeutung des Umweltschutzes f\u00fcr zuk\u00fcnftige Generationen.","sameAs":["https:\/\/www.strassenweb.de\/"]}]}},"_links":{"self":[{"href":"https:\/\/www.strassenweb.de\/nachrichten\/wp-json\/wp\/v2\/posts\/7750","targetHints":{"allow":["GET"]}}],"collection":[{"href":"https:\/\/www.strassenweb.de\/nachrichten\/wp-json\/wp\/v2\/posts"}],"about":[{"href":"https:\/\/www.strassenweb.de\/nachrichten\/wp-json\/wp\/v2\/types\/post"}],"author":[{"embeddable":true,"href":"https:\/\/www.strassenweb.de\/nachrichten\/wp-json\/wp\/v2\/users\/1"}],"replies":[{"embeddable":true,"href":"https:\/\/www.strassenweb.de\/nachrichten\/wp-json\/wp\/v2\/comments?post=7750"}],"version-history":[{"count":0,"href":"https:\/\/www.strassenweb.de\/nachrichten\/wp-json\/wp\/v2\/posts\/7750\/revisions"}],"wp:featuredmedia":[{"embeddable":true,"href":"https:\/\/www.strassenweb.de\/nachrichten\/wp-json\/wp\/v2\/media\/7751"}],"wp:attachment":[{"href":"https:\/\/www.strassenweb.de\/nachrichten\/wp-json\/wp\/v2\/media?parent=7750"}],"wp:term":[{"taxonomy":"category","embeddable":true,"href":"https:\/\/www.strassenweb.de\/nachrichten\/wp-json\/wp\/v2\/categories?post=7750"},{"taxonomy":"post_tag","embeddable":true,"href":"https:\/\/www.strassenweb.de\/nachrichten\/wp-json\/wp\/v2\/tags?post=7750"}],"curies":[{"name":"wp","href":"https:\/\/api.w.org\/{rel}","templated":true}]}}