{"id":7733,"date":"2025-09-15T13:40:02","date_gmt":"2025-09-15T11:40:02","guid":{"rendered":"https:\/\/www.strassenweb.de\/nachrichten\/halten-sie-den-couchtisch-fest-so-designer-sollten-stattdessen-ihre-raeume-mit-winzigen-tischen-fuellen-und-ich-habe-die-besten-designs-fuer-den-herbst-2025-ausgewaehlt\/"},"modified":"2025-09-15T13:40:05","modified_gmt":"2025-09-15T11:40:05","slug":"halten-sie-den-couchtisch-fest-so-designer-sollten-stattdessen-ihre-raeume-mit-winzigen-tischen-fuellen-und-ich-habe-die-besten-designs-fuer-den-herbst-2025-ausgewaehlt","status":"publish","type":"post","link":"https:\/\/www.strassenweb.de\/nachrichten\/halten-sie-den-couchtisch-fest-so-designer-sollten-stattdessen-ihre-raeume-mit-winzigen-tischen-fuellen-und-ich-habe-die-besten-designs-fuer-den-herbst-2025-ausgewaehlt\/","title":{"rendered":"Halten Sie den Couchtisch fest, so Designer sollten stattdessen Ihre R\u00e4ume mit winzigen Tischen f\u00fcllen &#8211; und ich habe die besten Designs f\u00fcr den Herbst 2025 ausgew\u00e4hlt"},"content":{"rendered":"<p><\/p>\n<div id=\"article-body\" class=\"article__body \">\n<p id=\"9907415b-b77c-470c-bf98-b04ac6d38db3\">Wenn der Couchtisch die verantwortungsbewusste \u00e4ltere Schwester ist, ist der Cocktailtisch der j\u00fcngere, k\u00fchlere mit besserem Geschmack in Schuhen. K\u00f6rperlich ist sie winzig, aber sie macht einen Eindruck &#8211; und im Jahr 2025 ist sie \u00fcberall. Designer skalieren mit diesem M\u00f6beltrend und liefern skulpturale, kleine Tische, die gerade genug Zweck erf\u00fcllen, um ihre Sch\u00f6nheit zu rechtfertigen. CB2 hat sie. Joon + loloi auch. Und andere Elstern werden auf den Kristallkonfekten aus den Reflexionen Kopenhagen sicherlich nicht schlafen.<\/p>\n<div id=\"ad-unit-1\" class=\"ad-unit\"><\/div>\n<p>Aber warum der Hubbub? Und realistisch gesehen wie viele Cocktailtische kann ein Raum einnehmen, bevor es einem Ausstellungsraum \u00e4hnelt?<\/p>\n<p>Laut Antonio Pippo Antonio Pippo in New York ist die Antwort auf die erste einfach: &#8222;Ein gro\u00dfartiger Cocktailtisch kann ohne Accessoires alleine stehen-es kann sich wie ein Kunstwerk anf\u00fchlen&#8220;, sagt er. Es ist das Interpunktionszeichen in einem Raum: \u201eEin ausgezeichneter Cocktailtisch ist wie der Zeitraum am Ende einer Sitzgruppe, nicht der Ausrufezeichen.<\/p>\n<div class=\"van_vid_carousel\">\n<div class=\"van_vid_carousel__padding\">\n<div class=\"van_vid_carousel__container\"><\/div>\n<\/div>\n<\/div>\n<figure class=\"van-image-figure inline-layout \" data-bordeaux-image-check id=\"9d6bc46a-32e1-481b-8f82-12feb70a7ea5\">\n<div class=\"image-full-width-wrapper\">\n<div class=\"image-widthsetter\" style=\"max-width:2000px;\"><\/div>\n<\/div>\n<\/figure>\n<p id=\"ecbaac64-2aba-4627-b318-3e17cd65e8bd\">Obwohl der Name eine bestimmte Ebene von Feiern impliziert, sind winzige Tische nicht nur f\u00fcr Martinis. &#8222;Cocktailtische geh\u00f6ren zu den vielseitigsten St\u00fccken in einem Raum&#8220;, sagen Joshua Evan Goldfarb und Michael Edward Moriano, Gr\u00fcnder des Bi-Coastal Design Studio Evan Edward. &#8222;Sie sind nicht nur praktisch, um ein Buch oder Kaffee an Ihrem Lieblingsort auf dem Sofa zu platzieren, sondern sie f\u00fcgen auch Dimension hinzu und bieten einen perfekten Landeplatz f\u00fcr Blumen, Kerzen und andere kleine Akzente.&#8220;<\/p>\n<div id=\"ad-unit-2\" class=\"ad-unit\"><\/div>\n<aside data-block-type=\"embed\" data-render-type=\"fte\" data-skip=\"dealsy\" data-widget-type=\"seasonal\" class=\"hawk-base\"><\/aside>\n<p id=\"ecbaac64-2aba-4627-b318-3e17cd65e8bd-1\">Die Realit\u00e4t ist, jeder neue Start scheint sch\u00f6ner als der letzte. Und im Gegensatz zu Wurfkissen stecken Cocktische nicht genau in einem Schrank. Gibt es also eine Grenze?<\/p>\n<p>\u00bbNoooo\u00ab, betont Michelle Barry, Gr\u00fcnderin und Designerin der Sammlung von Drip Castle Estate. \u201eIch wurde definitiv beschuldigt, zu viele verr\u00fcckte, einmalige Tische bestellt zu haben! Wenn ich in einem winzigen Tisch ein interessantes Material, Gr\u00f6\u00dfe, Farbe oder Textur sehe, greife ich es. &#8218; F\u00fcr ihre Kunden &#8211; die meisten wohnen in H\u00e4usern zwischen 8.000 und 14.000 Quadratfu\u00df &#8211; ist es eine Notwendigkeit. &#8222;Es gibt nie genug Orte, um Ihr Getr\u00e4nk niederzulegen!&#8220; Sie lacht.<\/p>\n<p>Selbst in engeren R\u00e4umen h\u00e4lt die Logik: Sie und Ihre G\u00e4ste sind faul. Warum k\u00f6nnen Sie Ihr Getr\u00e4nk aufstellen? Ein Tisch von jedem Sessel ist sinnvoller als ein \u00fcberarbeiteter Couchtisch &#8211; und hilft, vorzeitige Untersetzerringe zu verhindern.<\/p>\n<div id=\"slice-container-newsletterForm-articleInbodyContent-jyKSCjxQWSiEUGE8WzJZW4\" class=\"slice-container newsletter-inbodyContent-slice newsletterForm-articleInbodyContent-jyKSCjxQWSiEUGE8WzJZW4 slice-container-newsletterForm\"><\/div>\n<figure class=\"van-image-figure inline-layout \" data-bordeaux-image-check id=\"937430eb-2a25-4cdb-86ac-13d8407a8df9\">\n<div class=\"image-full-width-wrapper\">\n<div class=\"image-widthsetter\" style=\"max-width:1098px;\"><\/div>\n<\/div>\n<\/figure>\n<p id=\"1276087a-3686-4218-8745-33cfc1fbf26d\">Wenn das Engagement das Problem ist, betrachten Sie den Cluster. &#8222;Ich mag es, kleinere Tische in der Mitte eines Sitzbereichs zu gruppieren, um den Standard -Couchtisch zu ersetzen&#8220;, teilt Michelle mit. &#8222;Mehr visuelles Interesse, mehr Texturen und mehr Optionen, um sich nach Bedarf zu bewegen.&#8220;<\/p>\n<p>Dies bezeichnet auch den Matchy-Matchy-Look, sagt der in Denver ans\u00e4ssige Designer Peggy Haddad, der das neueste bei Currey &#038; Company: Der Bio-Irma-Getr\u00e4nketisch, den schlanken Dasari-Brass und das verspielte So Neouveau herausspricht. Ihr Tipp ist es, nach M\u00f6glichkeit Oberfl\u00e4chen, Materialien und Beinstile zu mischen, was dazu beitr\u00e4gt, ein steriles Ausstellungsraumgef\u00fchl zu vermeiden.<\/p>\n<p>Und sie sind nicht nur M\u00f6bel im Wohnzimmer. &#8222;Wir verwenden \u00fcberall Tische Cluster!&#8220; Michelle Barry f\u00e4hrt fort. &#8222;Medienr\u00e4ume, in denen sich einige als Hocker doppelt und nach Bedarf bewegt werden k\u00f6nnen.&#8220;<\/p>\n<p>&#8222;Ich liebe es, Cocktailtische in Schlafzimmern zu verwenden&#8220;, f\u00fcgt Antonio Pippo hinzu. &#8222;Zwei St\u00fchle und ein niedriger Tisch verwandeln eine Ecke in einen R\u00fcckzug.&#8220; Marika Meyer stimmt zu: &#8222;In einem Flur wird ein kleiner Getr\u00e4nketisch mit einer Pflanze zum Sockel.&#8220;<\/p>\n<p>Und f\u00fcr Innenarchitekten Darci hether ist es das Bad, das am meisten profitiert: &#8222;Neben einer freistehenden Wanne wird es der perfekte Ort, um ein Glas Wein oder einen Stapel Handt\u00fccher zu setzen &#8211; nachsichtig, aber n\u00fctzlich.&#8220;<\/p>\n<figure class=\"van-image-figure inline-layout \" data-bordeaux-image-check id=\"b2fa8a50-13ad-4eba-8c9d-bfbe601c7d35\">\n<div class=\"image-full-width-wrapper\">\n<div class=\"image-widthsetter\" style=\"max-width:2250px;\"><\/div>\n<\/div>\n<\/figure>\n<p id=\"e376a5df-4670-418b-9da0-852eaa5b6d47\">Sie sind klein, ja &#8211; aber dieser Innenarchitekturstrend ist auch nicht narrensicher.<\/p>\n<p>&#8222;Der gr\u00f6\u00dfte Fehler, den ich sehe, ist Skalierung&#8220;, sagt Peggy Haddad. &#8218;Ein Cocktailtisch sollte zwischen Sitz und Armh\u00f6he des Stuhls oder des Sofas daneben fallen. Zu gro\u00df und es sieht sofort ab. &#8218; Messen Sie also immer, bevor Sie sich verpflichten.<\/p>\n<figure class=\"van-image-figure inline-layout \" data-bordeaux-image-check id=\"f95af768-881e-44a3-95aa-5468feabff11\">\n<div class=\"image-full-width-wrapper\">\n<div class=\"image-widthsetter\" style=\"max-width:1333px;\"><\/div>\n<\/div>\n<\/figure>\n<p id=\"166f51f6-1ee2-496b-aad0-9a40437881e7\">Charmant, unauff\u00e4llig und \u00fcberraschend n\u00fctzlich &#8211; winzige Tische sind wie gute Partyg\u00e4ste. Lade einfach nicht zu viele ein. Es sei denn, sie sind fabelhaft &#8211; lassen Sie sie auf jeden Fall verweilen.<\/p>\n<div class=\"product-container hero-product-container product-block-no-wrap\">\n<div class=\"product-block-row\"><\/div>\n<div class=\"product-block-row\"><\/div>\n<div class=\"product-block-row\"><\/div>\n<div class=\"product-block-row\"><\/div>\n<div class=\"product-block-row\"><\/div>\n<div class=\"product-block-row\"><\/div>\n<div class=\"product-block-row\"><\/div>\n<div class=\"product-block-row\"><\/div>\n<div class=\"product-block-row\"><\/div>\n<\/div>\n<hr id=\"917cee9d-9283-44e3-a454-f05b34a1fe60\">\n<p id=\"0d68c587-4966-4a9f-b94f-3360afbbfe71\">Tiny Tische sind vielleicht die definierende M\u00f6belbesessenheit von 2025, aber wenn ein St\u00fcck hei\u00df auf den Fersen ist, ist es die Stehlampe. Hier ist der Grund, warum die Wiederbelebung der Stofflampen aufleuchten und jetzt die besten einkaufen k\u00f6nnen.<\/p>\n<\/div>\n","protected":false},"excerpt":{"rendered":"<p>Wenn der Couchtisch die verantwortungsbewusste \u00e4ltere Schwester ist, ist der Cocktailtisch der j\u00fcngere, k\u00fchlere mit besserem Geschmack in Schuhen. K\u00f6rperlich ist sie winzig, aber sie<\/p>\n","protected":false},"author":1,"featured_media":7734,"comment_status":"closed","ping_status":"","sticky":false,"template":"","format":"standard","meta":{"footnotes":""},"categories":[118],"tags":[2982,484,8115,78,216,3498,9,10149,7051,55,823,720,203,129,225,146,1728,165,560,646,10150,37,1531],"class_list":["post-7733","post","type-post","status-publish","format-standard","has-post-thumbnail","hentry","category-haus-garten","tag-ausgewaehlt","tag-besten","tag-couchtisch","tag-den","tag-designer","tag-designs","tag-die","tag-fest","tag-fuellen","tag-fuer","tag-habe","tag-halten","tag-herbst","tag-ich","tag-ihre","tag-mit","tag-raeume","tag-sie","tag-sollten","tag-stattdessen","tag-tischen","tag-und","tag-winzigen","generate-columns","tablet-grid-50","mobile-grid-100","grid-parent","grid-50"],"yoast_head":"<!-- This site is optimized with the Yoast SEO plugin v27.3 - https:\/\/yoast.com\/product\/yoast-seo-wordpress\/ -->\n<title>Halten Sie den Couchtisch fest, so Designer sollten stattdessen Ihre R\u00e4ume mit winzigen Tischen f\u00fcllen - und ich habe die besten Designs f\u00fcr den Herbst 2025 ausgew\u00e4hlt - Nachrichten - Stra\u00dfenweb<\/title>\n<meta name=\"robots\" content=\"index, follow, max-snippet:-1, max-image-preview:large, max-video-preview:-1\" \/>\n<link rel=\"canonical\" href=\"https:\/\/www.strassenweb.de\/nachrichten\/halten-sie-den-couchtisch-fest-so-designer-sollten-stattdessen-ihre-raeume-mit-winzigen-tischen-fuellen-und-ich-habe-die-besten-designs-fuer-den-herbst-2025-ausgewaehlt\/\" \/>\n<meta property=\"og:locale\" content=\"de_DE\" \/>\n<meta property=\"og:type\" content=\"article\" \/>\n<meta property=\"og:title\" content=\"Halten Sie den Couchtisch fest, so Designer sollten stattdessen Ihre R\u00e4ume mit winzigen Tischen f\u00fcllen - und ich habe die besten Designs f\u00fcr den Herbst 2025 ausgew\u00e4hlt - Nachrichten - Stra\u00dfenweb\" \/>\n<meta property=\"og:description\" content=\"Wenn der Couchtisch die verantwortungsbewusste \u00e4ltere Schwester ist, ist der Cocktailtisch der j\u00fcngere, k\u00fchlere mit besserem Geschmack in Schuhen. K\u00f6rperlich ist sie winzig, aber sie\" \/>\n<meta property=\"og:url\" content=\"https:\/\/www.strassenweb.de\/nachrichten\/halten-sie-den-couchtisch-fest-so-designer-sollten-stattdessen-ihre-raeume-mit-winzigen-tischen-fuellen-und-ich-habe-die-besten-designs-fuer-den-herbst-2025-ausgewaehlt\/\" \/>\n<meta property=\"og:site_name\" content=\"Stra\u00dfenweb\" \/>\n<meta property=\"article:publisher\" content=\"https:\/\/www.facebook.com\/strassenweb\/\" \/>\n<meta property=\"article:published_time\" content=\"2025-09-15T11:40:02+00:00\" \/>\n<meta property=\"article:modified_time\" content=\"2025-09-15T11:40:05+00:00\" \/>\n<meta property=\"og:image\" content=\"https:\/\/www.strassenweb.de\/nachrichten\/wp-content\/uploads\/2025\/09\/Halten-Sie-den-Couchtisch-fest-so-Designer-sollten-stattdessen-Ihre-scaled.jpg\" \/>\n\t<meta property=\"og:image:width\" content=\"2560\" \/>\n\t<meta property=\"og:image:height\" content=\"1440\" \/>\n\t<meta property=\"og:image:type\" content=\"image\/jpeg\" \/>\n<meta name=\"author\" content=\"Robert Hoffmann\" \/>\n<meta name=\"twitter:card\" content=\"summary_large_image\" \/>\n<meta name=\"twitter:label1\" content=\"Verfasst von\" \/>\n\t<meta name=\"twitter:data1\" content=\"Robert Hoffmann\" \/>\n\t<meta name=\"twitter:label2\" content=\"Gesch\u00e4tzte Lesezeit\" \/>\n\t<meta name=\"twitter:data2\" content=\"4\u00a0Minuten\" \/>\n<script type=\"application\/ld+json\" class=\"yoast-schema-graph\">{\"@context\":\"https:\\\/\\\/schema.org\",\"@graph\":[{\"@type\":\"Article\",\"@id\":\"https:\\\/\\\/www.strassenweb.de\\\/nachrichten\\\/halten-sie-den-couchtisch-fest-so-designer-sollten-stattdessen-ihre-raeume-mit-winzigen-tischen-fuellen-und-ich-habe-die-besten-designs-fuer-den-herbst-2025-ausgewaehlt\\\/#article\",\"isPartOf\":{\"@id\":\"https:\\\/\\\/www.strassenweb.de\\\/nachrichten\\\/halten-sie-den-couchtisch-fest-so-designer-sollten-stattdessen-ihre-raeume-mit-winzigen-tischen-fuellen-und-ich-habe-die-besten-designs-fuer-den-herbst-2025-ausgewaehlt\\\/\"},\"author\":{\"name\":\"Robert Hoffmann\",\"@id\":\"https:\\\/\\\/www.strassenweb.de\\\/nachrichten\\\/#\\\/schema\\\/person\\\/87c9c9067f1211da429a744dc5a5aa41\"},\"headline\":\"Halten Sie den Couchtisch fest, so Designer sollten stattdessen Ihre R\u00e4ume mit winzigen Tischen f\u00fcllen &#8211; und ich habe die besten Designs f\u00fcr den Herbst 2025 ausgew\u00e4hlt\",\"datePublished\":\"2025-09-15T11:40:02+00:00\",\"dateModified\":\"2025-09-15T11:40:05+00:00\",\"mainEntityOfPage\":{\"@id\":\"https:\\\/\\\/www.strassenweb.de\\\/nachrichten\\\/halten-sie-den-couchtisch-fest-so-designer-sollten-stattdessen-ihre-raeume-mit-winzigen-tischen-fuellen-und-ich-habe-die-besten-designs-fuer-den-herbst-2025-ausgewaehlt\\\/\"},\"wordCount\":762,\"publisher\":{\"@id\":\"https:\\\/\\\/www.strassenweb.de\\\/nachrichten\\\/#organization\"},\"image\":{\"@id\":\"https:\\\/\\\/www.strassenweb.de\\\/nachrichten\\\/halten-sie-den-couchtisch-fest-so-designer-sollten-stattdessen-ihre-raeume-mit-winzigen-tischen-fuellen-und-ich-habe-die-besten-designs-fuer-den-herbst-2025-ausgewaehlt\\\/#primaryimage\"},\"thumbnailUrl\":\"https:\\\/\\\/www.strassenweb.de\\\/nachrichten\\\/wp-content\\\/uploads\\\/2025\\\/09\\\/Halten-Sie-den-Couchtisch-fest-so-Designer-sollten-stattdessen-Ihre-scaled.jpg\",\"keywords\":[\"ausgew\u00e4hlt\",\"besten\",\"Couchtisch\",\"den\",\"Designer\",\"Designs\",\"die\",\"fest\",\"f\u00fcllen\",\"f\u00fcr\",\"habe\",\"halten\",\"Herbst\",\"ich\",\"ihre\",\"mit\",\"R\u00e4ume\",\"Sie\",\"sollten\",\"stattdessen\",\"Tischen\",\"und\",\"winzigen\"],\"articleSection\":[\"Haus &amp; Garten\"],\"inLanguage\":\"de\"},{\"@type\":\"WebPage\",\"@id\":\"https:\\\/\\\/www.strassenweb.de\\\/nachrichten\\\/halten-sie-den-couchtisch-fest-so-designer-sollten-stattdessen-ihre-raeume-mit-winzigen-tischen-fuellen-und-ich-habe-die-besten-designs-fuer-den-herbst-2025-ausgewaehlt\\\/\",\"url\":\"https:\\\/\\\/www.strassenweb.de\\\/nachrichten\\\/halten-sie-den-couchtisch-fest-so-designer-sollten-stattdessen-ihre-raeume-mit-winzigen-tischen-fuellen-und-ich-habe-die-besten-designs-fuer-den-herbst-2025-ausgewaehlt\\\/\",\"name\":\"Halten Sie den Couchtisch fest, so Designer sollten stattdessen Ihre R\u00e4ume mit winzigen Tischen f\u00fcllen - und ich habe die besten Designs f\u00fcr den Herbst 2025 ausgew\u00e4hlt - Nachrichten - Stra\u00dfenweb\",\"isPartOf\":{\"@id\":\"https:\\\/\\\/www.strassenweb.de\\\/nachrichten\\\/#website\"},\"primaryImageOfPage\":{\"@id\":\"https:\\\/\\\/www.strassenweb.de\\\/nachrichten\\\/halten-sie-den-couchtisch-fest-so-designer-sollten-stattdessen-ihre-raeume-mit-winzigen-tischen-fuellen-und-ich-habe-die-besten-designs-fuer-den-herbst-2025-ausgewaehlt\\\/#primaryimage\"},\"image\":{\"@id\":\"https:\\\/\\\/www.strassenweb.de\\\/nachrichten\\\/halten-sie-den-couchtisch-fest-so-designer-sollten-stattdessen-ihre-raeume-mit-winzigen-tischen-fuellen-und-ich-habe-die-besten-designs-fuer-den-herbst-2025-ausgewaehlt\\\/#primaryimage\"},\"thumbnailUrl\":\"https:\\\/\\\/www.strassenweb.de\\\/nachrichten\\\/wp-content\\\/uploads\\\/2025\\\/09\\\/Halten-Sie-den-Couchtisch-fest-so-Designer-sollten-stattdessen-Ihre-scaled.jpg\",\"datePublished\":\"2025-09-15T11:40:02+00:00\",\"dateModified\":\"2025-09-15T11:40:05+00:00\",\"breadcrumb\":{\"@id\":\"https:\\\/\\\/www.strassenweb.de\\\/nachrichten\\\/halten-sie-den-couchtisch-fest-so-designer-sollten-stattdessen-ihre-raeume-mit-winzigen-tischen-fuellen-und-ich-habe-die-besten-designs-fuer-den-herbst-2025-ausgewaehlt\\\/#breadcrumb\"},\"inLanguage\":\"de\",\"potentialAction\":[{\"@type\":\"ReadAction\",\"target\":[\"https:\\\/\\\/www.strassenweb.de\\\/nachrichten\\\/halten-sie-den-couchtisch-fest-so-designer-sollten-stattdessen-ihre-raeume-mit-winzigen-tischen-fuellen-und-ich-habe-die-besten-designs-fuer-den-herbst-2025-ausgewaehlt\\\/\"]}]},{\"@type\":\"ImageObject\",\"inLanguage\":\"de\",\"@id\":\"https:\\\/\\\/www.strassenweb.de\\\/nachrichten\\\/halten-sie-den-couchtisch-fest-so-designer-sollten-stattdessen-ihre-raeume-mit-winzigen-tischen-fuellen-und-ich-habe-die-besten-designs-fuer-den-herbst-2025-ausgewaehlt\\\/#primaryimage\",\"url\":\"https:\\\/\\\/www.strassenweb.de\\\/nachrichten\\\/wp-content\\\/uploads\\\/2025\\\/09\\\/Halten-Sie-den-Couchtisch-fest-so-Designer-sollten-stattdessen-Ihre-scaled.jpg\",\"contentUrl\":\"https:\\\/\\\/www.strassenweb.de\\\/nachrichten\\\/wp-content\\\/uploads\\\/2025\\\/09\\\/Halten-Sie-den-Couchtisch-fest-so-Designer-sollten-stattdessen-Ihre-scaled.jpg\",\"width\":2560,\"height\":1440,\"caption\":\"Marika Meyers Studio for \u201cForest Hills\u201d - Photography by Stacy Zarin Goldberg\"},{\"@type\":\"BreadcrumbList\",\"@id\":\"https:\\\/\\\/www.strassenweb.de\\\/nachrichten\\\/halten-sie-den-couchtisch-fest-so-designer-sollten-stattdessen-ihre-raeume-mit-winzigen-tischen-fuellen-und-ich-habe-die-besten-designs-fuer-den-herbst-2025-ausgewaehlt\\\/#breadcrumb\",\"itemListElement\":[{\"@type\":\"ListItem\",\"position\":1,\"name\":\"Home\",\"item\":\"https:\\\/\\\/www.strassenweb.de\\\/nachrichten\\\/\"},{\"@type\":\"ListItem\",\"position\":2,\"name\":\"Halten Sie den Couchtisch fest, so Designer sollten stattdessen Ihre R\u00e4ume mit winzigen Tischen f\u00fcllen &#8211; und ich habe die besten Designs f\u00fcr den Herbst 2025 ausgew\u00e4hlt\"}]},{\"@type\":\"WebSite\",\"@id\":\"https:\\\/\\\/www.strassenweb.de\\\/nachrichten\\\/#website\",\"url\":\"https:\\\/\\\/www.strassenweb.de\\\/nachrichten\\\/\",\"name\":\"Stra\u00dfenweb\",\"description\":\"Stra\u00dfenverzeichnis f\u00fcr Deutschland\",\"publisher\":{\"@id\":\"https:\\\/\\\/www.strassenweb.de\\\/nachrichten\\\/#organization\"},\"potentialAction\":[{\"@type\":\"SearchAction\",\"target\":{\"@type\":\"EntryPoint\",\"urlTemplate\":\"https:\\\/\\\/www.strassenweb.de\\\/nachrichten\\\/?s={search_term_string}\"},\"query-input\":{\"@type\":\"PropertyValueSpecification\",\"valueRequired\":true,\"valueName\":\"search_term_string\"}}],\"inLanguage\":\"de\"},{\"@type\":\"Organization\",\"@id\":\"https:\\\/\\\/www.strassenweb.de\\\/nachrichten\\\/#organization\",\"name\":\"Stra\u00dfenweb\",\"url\":\"https:\\\/\\\/www.strassenweb.de\\\/nachrichten\\\/\",\"logo\":{\"@type\":\"ImageObject\",\"inLanguage\":\"de\",\"@id\":\"https:\\\/\\\/www.strassenweb.de\\\/nachrichten\\\/#\\\/schema\\\/logo\\\/image\\\/\",\"url\":\"https:\\\/\\\/www.strassenweb.de\\\/nachrichten\\\/wp-content\\\/uploads\\\/2024\\\/09\\\/cropped-favicon.png\",\"contentUrl\":\"https:\\\/\\\/www.strassenweb.de\\\/nachrichten\\\/wp-content\\\/uploads\\\/2024\\\/09\\\/cropped-favicon.png\",\"width\":512,\"height\":512,\"caption\":\"Stra\u00dfenweb\"},\"image\":{\"@id\":\"https:\\\/\\\/www.strassenweb.de\\\/nachrichten\\\/#\\\/schema\\\/logo\\\/image\\\/\"},\"sameAs\":[\"https:\\\/\\\/www.facebook.com\\\/strassenweb\\\/\"]},{\"@type\":\"Person\",\"@id\":\"https:\\\/\\\/www.strassenweb.de\\\/nachrichten\\\/#\\\/schema\\\/person\\\/87c9c9067f1211da429a744dc5a5aa41\",\"name\":\"Robert Hoffmann\",\"image\":{\"@type\":\"ImageObject\",\"inLanguage\":\"de\",\"@id\":\"https:\\\/\\\/www.strassenweb.de\\\/nachrichten\\\/wp-content\\\/uploads\\\/2024\\\/09\\\/strassenweb-150x150.jpg\",\"url\":\"https:\\\/\\\/www.strassenweb.de\\\/nachrichten\\\/wp-content\\\/uploads\\\/2024\\\/09\\\/strassenweb-150x150.jpg\",\"contentUrl\":\"https:\\\/\\\/www.strassenweb.de\\\/nachrichten\\\/wp-content\\\/uploads\\\/2024\\\/09\\\/strassenweb-150x150.jpg\",\"caption\":\"Robert Hoffmann\"},\"description\":\"Ich hei\u00dfe Robert Hoffmann und ich bin ein leidenschaftlicher Verfechter von \u00d6kologie und Biodiversit\u00e4t. Seit meiner Kindheit in den W\u00e4ldern Bayerns f\u00fchle ich mich mit der Natur verbunden und bin entschlossen, sie zu sch\u00fctzen. Heute widme ich mein Leben der Sensibilisierung anderer f\u00fcr die Bedeutung des Umweltschutzes f\u00fcr zuk\u00fcnftige Generationen.\",\"sameAs\":[\"https:\\\/\\\/www.strassenweb.de\\\/\"]}]}<\/script>\n<!-- \/ Yoast SEO plugin. -->","yoast_head_json":{"title":"Halten Sie den Couchtisch fest, so Designer sollten stattdessen Ihre R\u00e4ume mit winzigen Tischen f\u00fcllen - und ich habe die besten Designs f\u00fcr den Herbst 2025 ausgew\u00e4hlt - Nachrichten - Stra\u00dfenweb","robots":{"index":"index","follow":"follow","max-snippet":"max-snippet:-1","max-image-preview":"max-image-preview:large","max-video-preview":"max-video-preview:-1"},"canonical":"https:\/\/www.strassenweb.de\/nachrichten\/halten-sie-den-couchtisch-fest-so-designer-sollten-stattdessen-ihre-raeume-mit-winzigen-tischen-fuellen-und-ich-habe-die-besten-designs-fuer-den-herbst-2025-ausgewaehlt\/","og_locale":"de_DE","og_type":"article","og_title":"Halten Sie den Couchtisch fest, so Designer sollten stattdessen Ihre R\u00e4ume mit winzigen Tischen f\u00fcllen - und ich habe die besten Designs f\u00fcr den Herbst 2025 ausgew\u00e4hlt - Nachrichten - Stra\u00dfenweb","og_description":"Wenn der Couchtisch die verantwortungsbewusste \u00e4ltere Schwester ist, ist der Cocktailtisch der j\u00fcngere, k\u00fchlere mit besserem Geschmack in Schuhen. K\u00f6rperlich ist sie winzig, aber sie","og_url":"https:\/\/www.strassenweb.de\/nachrichten\/halten-sie-den-couchtisch-fest-so-designer-sollten-stattdessen-ihre-raeume-mit-winzigen-tischen-fuellen-und-ich-habe-die-besten-designs-fuer-den-herbst-2025-ausgewaehlt\/","og_site_name":"Stra\u00dfenweb","article_publisher":"https:\/\/www.facebook.com\/strassenweb\/","article_published_time":"2025-09-15T11:40:02+00:00","article_modified_time":"2025-09-15T11:40:05+00:00","og_image":[{"width":2560,"height":1440,"url":"https:\/\/www.strassenweb.de\/nachrichten\/wp-content\/uploads\/2025\/09\/Halten-Sie-den-Couchtisch-fest-so-Designer-sollten-stattdessen-Ihre-scaled.jpg","type":"image\/jpeg"}],"author":"Robert Hoffmann","twitter_card":"summary_large_image","twitter_misc":{"Verfasst von":"Robert Hoffmann","Gesch\u00e4tzte Lesezeit":"4\u00a0Minuten"},"schema":{"@context":"https:\/\/schema.org","@graph":[{"@type":"Article","@id":"https:\/\/www.strassenweb.de\/nachrichten\/halten-sie-den-couchtisch-fest-so-designer-sollten-stattdessen-ihre-raeume-mit-winzigen-tischen-fuellen-und-ich-habe-die-besten-designs-fuer-den-herbst-2025-ausgewaehlt\/#article","isPartOf":{"@id":"https:\/\/www.strassenweb.de\/nachrichten\/halten-sie-den-couchtisch-fest-so-designer-sollten-stattdessen-ihre-raeume-mit-winzigen-tischen-fuellen-und-ich-habe-die-besten-designs-fuer-den-herbst-2025-ausgewaehlt\/"},"author":{"name":"Robert Hoffmann","@id":"https:\/\/www.strassenweb.de\/nachrichten\/#\/schema\/person\/87c9c9067f1211da429a744dc5a5aa41"},"headline":"Halten Sie den Couchtisch fest, so Designer sollten stattdessen Ihre R\u00e4ume mit winzigen Tischen f\u00fcllen &#8211; und ich habe die besten Designs f\u00fcr den Herbst 2025 ausgew\u00e4hlt","datePublished":"2025-09-15T11:40:02+00:00","dateModified":"2025-09-15T11:40:05+00:00","mainEntityOfPage":{"@id":"https:\/\/www.strassenweb.de\/nachrichten\/halten-sie-den-couchtisch-fest-so-designer-sollten-stattdessen-ihre-raeume-mit-winzigen-tischen-fuellen-und-ich-habe-die-besten-designs-fuer-den-herbst-2025-ausgewaehlt\/"},"wordCount":762,"publisher":{"@id":"https:\/\/www.strassenweb.de\/nachrichten\/#organization"},"image":{"@id":"https:\/\/www.strassenweb.de\/nachrichten\/halten-sie-den-couchtisch-fest-so-designer-sollten-stattdessen-ihre-raeume-mit-winzigen-tischen-fuellen-und-ich-habe-die-besten-designs-fuer-den-herbst-2025-ausgewaehlt\/#primaryimage"},"thumbnailUrl":"https:\/\/www.strassenweb.de\/nachrichten\/wp-content\/uploads\/2025\/09\/Halten-Sie-den-Couchtisch-fest-so-Designer-sollten-stattdessen-Ihre-scaled.jpg","keywords":["ausgew\u00e4hlt","besten","Couchtisch","den","Designer","Designs","die","fest","f\u00fcllen","f\u00fcr","habe","halten","Herbst","ich","ihre","mit","R\u00e4ume","Sie","sollten","stattdessen","Tischen","und","winzigen"],"articleSection":["Haus &amp; Garten"],"inLanguage":"de"},{"@type":"WebPage","@id":"https:\/\/www.strassenweb.de\/nachrichten\/halten-sie-den-couchtisch-fest-so-designer-sollten-stattdessen-ihre-raeume-mit-winzigen-tischen-fuellen-und-ich-habe-die-besten-designs-fuer-den-herbst-2025-ausgewaehlt\/","url":"https:\/\/www.strassenweb.de\/nachrichten\/halten-sie-den-couchtisch-fest-so-designer-sollten-stattdessen-ihre-raeume-mit-winzigen-tischen-fuellen-und-ich-habe-die-besten-designs-fuer-den-herbst-2025-ausgewaehlt\/","name":"Halten Sie den Couchtisch fest, so Designer sollten stattdessen Ihre R\u00e4ume mit winzigen Tischen f\u00fcllen - und ich habe die besten Designs f\u00fcr den Herbst 2025 ausgew\u00e4hlt - Nachrichten - Stra\u00dfenweb","isPartOf":{"@id":"https:\/\/www.strassenweb.de\/nachrichten\/#website"},"primaryImageOfPage":{"@id":"https:\/\/www.strassenweb.de\/nachrichten\/halten-sie-den-couchtisch-fest-so-designer-sollten-stattdessen-ihre-raeume-mit-winzigen-tischen-fuellen-und-ich-habe-die-besten-designs-fuer-den-herbst-2025-ausgewaehlt\/#primaryimage"},"image":{"@id":"https:\/\/www.strassenweb.de\/nachrichten\/halten-sie-den-couchtisch-fest-so-designer-sollten-stattdessen-ihre-raeume-mit-winzigen-tischen-fuellen-und-ich-habe-die-besten-designs-fuer-den-herbst-2025-ausgewaehlt\/#primaryimage"},"thumbnailUrl":"https:\/\/www.strassenweb.de\/nachrichten\/wp-content\/uploads\/2025\/09\/Halten-Sie-den-Couchtisch-fest-so-Designer-sollten-stattdessen-Ihre-scaled.jpg","datePublished":"2025-09-15T11:40:02+00:00","dateModified":"2025-09-15T11:40:05+00:00","breadcrumb":{"@id":"https:\/\/www.strassenweb.de\/nachrichten\/halten-sie-den-couchtisch-fest-so-designer-sollten-stattdessen-ihre-raeume-mit-winzigen-tischen-fuellen-und-ich-habe-die-besten-designs-fuer-den-herbst-2025-ausgewaehlt\/#breadcrumb"},"inLanguage":"de","potentialAction":[{"@type":"ReadAction","target":["https:\/\/www.strassenweb.de\/nachrichten\/halten-sie-den-couchtisch-fest-so-designer-sollten-stattdessen-ihre-raeume-mit-winzigen-tischen-fuellen-und-ich-habe-die-besten-designs-fuer-den-herbst-2025-ausgewaehlt\/"]}]},{"@type":"ImageObject","inLanguage":"de","@id":"https:\/\/www.strassenweb.de\/nachrichten\/halten-sie-den-couchtisch-fest-so-designer-sollten-stattdessen-ihre-raeume-mit-winzigen-tischen-fuellen-und-ich-habe-die-besten-designs-fuer-den-herbst-2025-ausgewaehlt\/#primaryimage","url":"https:\/\/www.strassenweb.de\/nachrichten\/wp-content\/uploads\/2025\/09\/Halten-Sie-den-Couchtisch-fest-so-Designer-sollten-stattdessen-Ihre-scaled.jpg","contentUrl":"https:\/\/www.strassenweb.de\/nachrichten\/wp-content\/uploads\/2025\/09\/Halten-Sie-den-Couchtisch-fest-so-Designer-sollten-stattdessen-Ihre-scaled.jpg","width":2560,"height":1440,"caption":"Marika Meyers Studio for \u201cForest Hills\u201d - Photography by Stacy Zarin Goldberg"},{"@type":"BreadcrumbList","@id":"https:\/\/www.strassenweb.de\/nachrichten\/halten-sie-den-couchtisch-fest-so-designer-sollten-stattdessen-ihre-raeume-mit-winzigen-tischen-fuellen-und-ich-habe-die-besten-designs-fuer-den-herbst-2025-ausgewaehlt\/#breadcrumb","itemListElement":[{"@type":"ListItem","position":1,"name":"Home","item":"https:\/\/www.strassenweb.de\/nachrichten\/"},{"@type":"ListItem","position":2,"name":"Halten Sie den Couchtisch fest, so Designer sollten stattdessen Ihre R\u00e4ume mit winzigen Tischen f\u00fcllen &#8211; und ich habe die besten Designs f\u00fcr den Herbst 2025 ausgew\u00e4hlt"}]},{"@type":"WebSite","@id":"https:\/\/www.strassenweb.de\/nachrichten\/#website","url":"https:\/\/www.strassenweb.de\/nachrichten\/","name":"Stra\u00dfenweb","description":"Stra\u00dfenverzeichnis f\u00fcr Deutschland","publisher":{"@id":"https:\/\/www.strassenweb.de\/nachrichten\/#organization"},"potentialAction":[{"@type":"SearchAction","target":{"@type":"EntryPoint","urlTemplate":"https:\/\/www.strassenweb.de\/nachrichten\/?s={search_term_string}"},"query-input":{"@type":"PropertyValueSpecification","valueRequired":true,"valueName":"search_term_string"}}],"inLanguage":"de"},{"@type":"Organization","@id":"https:\/\/www.strassenweb.de\/nachrichten\/#organization","name":"Stra\u00dfenweb","url":"https:\/\/www.strassenweb.de\/nachrichten\/","logo":{"@type":"ImageObject","inLanguage":"de","@id":"https:\/\/www.strassenweb.de\/nachrichten\/#\/schema\/logo\/image\/","url":"https:\/\/www.strassenweb.de\/nachrichten\/wp-content\/uploads\/2024\/09\/cropped-favicon.png","contentUrl":"https:\/\/www.strassenweb.de\/nachrichten\/wp-content\/uploads\/2024\/09\/cropped-favicon.png","width":512,"height":512,"caption":"Stra\u00dfenweb"},"image":{"@id":"https:\/\/www.strassenweb.de\/nachrichten\/#\/schema\/logo\/image\/"},"sameAs":["https:\/\/www.facebook.com\/strassenweb\/"]},{"@type":"Person","@id":"https:\/\/www.strassenweb.de\/nachrichten\/#\/schema\/person\/87c9c9067f1211da429a744dc5a5aa41","name":"Robert Hoffmann","image":{"@type":"ImageObject","inLanguage":"de","@id":"https:\/\/www.strassenweb.de\/nachrichten\/wp-content\/uploads\/2024\/09\/strassenweb-150x150.jpg","url":"https:\/\/www.strassenweb.de\/nachrichten\/wp-content\/uploads\/2024\/09\/strassenweb-150x150.jpg","contentUrl":"https:\/\/www.strassenweb.de\/nachrichten\/wp-content\/uploads\/2024\/09\/strassenweb-150x150.jpg","caption":"Robert Hoffmann"},"description":"Ich hei\u00dfe Robert Hoffmann und ich bin ein leidenschaftlicher Verfechter von \u00d6kologie und Biodiversit\u00e4t. Seit meiner Kindheit in den W\u00e4ldern Bayerns f\u00fchle ich mich mit der Natur verbunden und bin entschlossen, sie zu sch\u00fctzen. Heute widme ich mein Leben der Sensibilisierung anderer f\u00fcr die Bedeutung des Umweltschutzes f\u00fcr zuk\u00fcnftige Generationen.","sameAs":["https:\/\/www.strassenweb.de\/"]}]}},"_links":{"self":[{"href":"https:\/\/www.strassenweb.de\/nachrichten\/wp-json\/wp\/v2\/posts\/7733","targetHints":{"allow":["GET"]}}],"collection":[{"href":"https:\/\/www.strassenweb.de\/nachrichten\/wp-json\/wp\/v2\/posts"}],"about":[{"href":"https:\/\/www.strassenweb.de\/nachrichten\/wp-json\/wp\/v2\/types\/post"}],"author":[{"embeddable":true,"href":"https:\/\/www.strassenweb.de\/nachrichten\/wp-json\/wp\/v2\/users\/1"}],"replies":[{"embeddable":true,"href":"https:\/\/www.strassenweb.de\/nachrichten\/wp-json\/wp\/v2\/comments?post=7733"}],"version-history":[{"count":0,"href":"https:\/\/www.strassenweb.de\/nachrichten\/wp-json\/wp\/v2\/posts\/7733\/revisions"}],"wp:featuredmedia":[{"embeddable":true,"href":"https:\/\/www.strassenweb.de\/nachrichten\/wp-json\/wp\/v2\/media\/7734"}],"wp:attachment":[{"href":"https:\/\/www.strassenweb.de\/nachrichten\/wp-json\/wp\/v2\/media?parent=7733"}],"wp:term":[{"taxonomy":"category","embeddable":true,"href":"https:\/\/www.strassenweb.de\/nachrichten\/wp-json\/wp\/v2\/categories?post=7733"},{"taxonomy":"post_tag","embeddable":true,"href":"https:\/\/www.strassenweb.de\/nachrichten\/wp-json\/wp\/v2\/tags?post=7733"}],"curies":[{"name":"wp","href":"https:\/\/api.w.org\/{rel}","templated":true}]}}