{"id":7725,"date":"2025-09-15T04:41:28","date_gmt":"2025-09-15T02:41:28","guid":{"rendered":"https:\/\/www.strassenweb.de\/nachrichten\/ich-dachte-ich-hasste-offene-kuechen-aber-barbara-corcorans-solariumstil-raum-aenderte-meine-meinung-es-strahlt-zeitlosem-glamour-aus\/"},"modified":"2025-09-15T04:41:28","modified_gmt":"2025-09-15T02:41:28","slug":"ich-dachte-ich-hasste-offene-kuechen-aber-barbara-corcorans-solariumstil-raum-aenderte-meine-meinung-es-strahlt-zeitlosem-glamour-aus","status":"publish","type":"post","link":"https:\/\/www.strassenweb.de\/nachrichten\/ich-dachte-ich-hasste-offene-kuechen-aber-barbara-corcorans-solariumstil-raum-aenderte-meine-meinung-es-strahlt-zeitlosem-glamour-aus\/","title":{"rendered":"Ich dachte, ich hasste offene K\u00fcchen, aber Barbara Corcorans Solariumstil-Raum \u00e4nderte meine Meinung-es strahlt zeitlosem Glamour aus"},"content":{"rendered":"<p><\/p>\n<div id=\"article-body\" class=\"article__body \">\n<p id=\"af7eb0ec-6904-4b67-93af-859ce223ebd0\">Open-Plan-K\u00fcchen haben mich immer als unpraktisch geschlagen. Es kann schwierig sein, eine gem\u00fctliche, warme Atmosph\u00e4re in einem h\u00f6hlenartigen Raum zu schaffen. Ich habe die Idee einer K\u00fcche, die vom Wohnraum entfernt ist, lange bevorzugt: irgendwo zu kochen, ohne sich Sorgen zu machen, dass Gerichte oder Unordnung dem Rest des Hauses ausgestellt werden.<\/p>\n<div id=\"ad-unit-1\" class=\"ad-unit\"><\/div>\n<p>Dann sah ich Barbara Corcorans Upper East Side Solarium K\u00fcchenidee. Pl\u00f6tzlich f\u00fchlt sich der Gedanke an ein offenes Layout weitaus glamour\u00f6ser an, als ich es mir jemals vorgestellt habe.<\/p>\n<aside data-block-type=\"embed\" data-render-type=\"fte\" data-skip=\"dealsy\" data-widget-type=\"seasonal\" class=\"hawk-base\"><\/aside>\n<p id=\"af7eb0ec-6904-4b67-93af-859ce223ebd0-2\">Barbaras K\u00fcche, die k\u00fcrzlich von Winnie Au fotografiert wurde, ist Teil ihres legend\u00e4ren Penthouse mit Blick auf den Central Park. Der Raum ist dank der steigenden Glasw\u00e4nde und Decken, die den Raum fast wie ein Gew\u00e4chshaus anf\u00fchlen, mit nat\u00fcrlichem Licht \u00fcberflutet. Anstatt sich ablenkend zu f\u00fchlen oder zu \u00fcberstimulieren, wird die offene K\u00fcche ihren Raum mit Gr\u00fcn und Licht lebendig.<\/p>\n<div class=\"van_vid_carousel\">\n<div class=\"van_vid_carousel__padding\">\n<div class=\"van_vid_carousel__container\"><\/div>\n<\/div>\n<\/div>\n<div class=\"instagram-embed\" id=\"DMaZ95XgACi\">\n<blockquote class=\"instagram-media\" data-instgrm-captioned data-instgrm-version=\"6\" style=\"width:99.375%; width:-webkit-calc(100% - 2px); width:calc(100% - 2px);\">\n<p>Ein Beitrag, der von Winnie Au (@WinnieWow) geteilt wird<\/p>\n<p>Ein Foto von on <\/p>\n<\/blockquote>\n<\/div>\n<p id=\"601877ff-8cbc-4568-92a1-3903033b85f2\">Was mich zuerst beeindruckte, war, wie sich die K\u00fcche von Barbara nahtlos in ihren Essbereich einf\u00fcgt. Ein langer Tisch, umgeben von knusprigen wei\u00dfen St\u00fchlen, befindet sich unter Kronleuchtern, die dem gesamten Raum ein Gef\u00fchl der Gr\u00f6\u00dfe vermitteln. Die Kontinuit\u00e4t zwischen Kochen, Essen und Unterhaltung f\u00fchlt sich nicht gezwungen an. Es f\u00fchlt sich beabsichtigt an, als w\u00e4re der Raum f\u00fcr Dinnerpartys mit Freunden und Familie konzipiert. Es ist eine der kl\u00fcgsten M\u00f6glichkeiten, eine offene K\u00fcche auszulegen, die ich je gesehen habe.<\/p>\n<div id=\"ad-unit-2\" class=\"ad-unit\"><\/div>\n<h3 class=\"article-body__section\" id=\"section-shop-the-white-kitchen-edit\"><span>Kaufen Sie die wei\u00dfe K\u00fcchenbearbeitung ein<\/span><\/h3>\n<p id=\"65b17a43-2b2e-4be4-9ea8-234887774254\">Keine wei\u00dfe K\u00fcche w\u00e4re ohne sch\u00f6ne Accessoires komplett, um Interesse und Tiefe zu verleihen. Hier sind einige meiner Favoriten.<\/p>\n<div class=\"product-container hero-product-container product-block-no-wrap\">\n<div class=\"product-block-row\"><\/div>\n<div class=\"product-block-row\"><\/div>\n<div class=\"product-block-row\"><\/div>\n<\/div>\n<p id=\"8b62996d-f3eb-44ee-b215-64dec88fd238\">Dann gibt es Barbaras Gebrauch von Gr\u00fcn. Topfpflanzen mit unterschiedlichen H\u00f6hen werden in der K\u00fcche und dem Essbereich in der K\u00fcche und dem Essbereich gelegt, wobei Glas, Holz und Steinbauten erweichen. Der Effekt ist weniger &#8222;industrieller Loft&#8220; und mehr &#8222;st\u00e4dtischer Garten&#8220;. Es ist eine Erinnerung daran, dass offene R\u00e4ume nicht kalt sein m\u00fcssen. Mit den richtigen Design -Ber\u00fchrungen k\u00f6nnen sie sich \u00fcppig und einladend f\u00fchlen.<\/p>\n<hr id=\"a6f6261d-0dc6-409b-b630-fa9ff35ed87b\">\n<p id=\"bcff51d5-8b10-4404-97b8-742a92156372\">Innenarchitekten diskutieren, ob der offene Plan seit einiger Zeit aus dem Stil steigt. Obwohl es keine endg\u00fcltige Antwort gibt, zeigt Barbara Corcorans K\u00fcche im Solariumstil, dass alles relativ ist.<\/p>\n<div id=\"slice-container-newsletterForm-articleInbodyContent-QvYDJoQfZKvLugH7KPBBWW\" class=\"slice-container newsletter-inbodyContent-slice newsletterForm-articleInbodyContent-QvYDJoQfZKvLugH7KPBBWW slice-container-newsletterForm\"><\/div>\n<p>Offene Layouts m\u00f6gen in einigen R\u00e4umen veraltet aussehen, aber wenn sie richtig behandelt werden, k\u00f6nnen sie v\u00f6llig zeitlos sein. Ihr Raum beweist, dass ein Fokus auf Licht und Design und nicht auf Trends immer sch\u00f6n herauskommen wird.<\/p>\n<div class=\"min-h-(270px) mb-4 viafoura-twig-component\" id=\"viafoura-engagement-starter-wrapper\" data-component-name=\"Elk:Embed:EngagementStarter\">\n<div class=\"viafoura\">\n<div>\n<vf-conversation-starter target=\"viafoura-comments\" description=\"What do you think of Barbara's open plan kitchen?\" minimum-comment-count=\"5\"><br \/>\n<\/vf-conversation-starter>\n<\/div>\n<\/div>\n<\/div>\n<\/div>\n<p><script async src=\"\/\/www.instagram.com\/embed.js\"><\/script><\/p>\n","protected":false},"excerpt":{"rendered":"<p>Open-Plan-K\u00fcchen haben mich immer als unpraktisch geschlagen. Es kann schwierig sein, eine gem\u00fctliche, warme Atmosph\u00e4re in einem h\u00f6hlenartigen Raum zu schaffen. Ich habe die Idee<\/p>\n","protected":false},"author":1,"featured_media":7726,"comment_status":"closed","ping_status":"","sticky":false,"template":"","format":"standard","meta":{"footnotes":""},"categories":[118],"tags":[357,3434,287,1845,10141,174,7875,5984,129,992,1054,10143,3643,10142,285,3416],"class_list":["post-7725","post","type-post","status-publish","format-standard","has-post-thumbnail","hentry","category-haus-garten","tag-aber","tag-aenderte","tag-aus","tag-barbara","tag-corcorans","tag-dachte","tag-glamour","tag-hasste","tag-ich","tag-kuechen","tag-meine","tag-meinunges","tag-offene","tag-solariumstilraum","tag-strahlt","tag-zeitlosem","generate-columns","tablet-grid-50","mobile-grid-100","grid-parent","grid-50"],"yoast_head":"<!-- This site is optimized with the Yoast SEO plugin v27.3 - https:\/\/yoast.com\/product\/yoast-seo-wordpress\/ -->\n<title>Ich dachte, ich hasste offene K\u00fcchen, aber Barbara Corcorans Solariumstil-Raum \u00e4nderte meine Meinung-es strahlt zeitlosem Glamour aus - Nachrichten - Stra\u00dfenweb<\/title>\n<meta name=\"robots\" content=\"index, follow, max-snippet:-1, max-image-preview:large, max-video-preview:-1\" \/>\n<link rel=\"canonical\" href=\"https:\/\/www.strassenweb.de\/nachrichten\/ich-dachte-ich-hasste-offene-kuechen-aber-barbara-corcorans-solariumstil-raum-aenderte-meine-meinung-es-strahlt-zeitlosem-glamour-aus\/\" \/>\n<meta property=\"og:locale\" content=\"de_DE\" \/>\n<meta property=\"og:type\" content=\"article\" \/>\n<meta property=\"og:title\" content=\"Ich dachte, ich hasste offene K\u00fcchen, aber Barbara Corcorans Solariumstil-Raum \u00e4nderte meine Meinung-es strahlt zeitlosem Glamour aus - Nachrichten - Stra\u00dfenweb\" \/>\n<meta property=\"og:description\" content=\"Open-Plan-K\u00fcchen haben mich immer als unpraktisch geschlagen. Es kann schwierig sein, eine gem\u00fctliche, warme Atmosph\u00e4re in einem h\u00f6hlenartigen Raum zu schaffen. Ich habe die Idee\" \/>\n<meta property=\"og:url\" content=\"https:\/\/www.strassenweb.de\/nachrichten\/ich-dachte-ich-hasste-offene-kuechen-aber-barbara-corcorans-solariumstil-raum-aenderte-meine-meinung-es-strahlt-zeitlosem-glamour-aus\/\" \/>\n<meta property=\"og:site_name\" content=\"Stra\u00dfenweb\" \/>\n<meta property=\"article:publisher\" content=\"https:\/\/www.facebook.com\/strassenweb\/\" \/>\n<meta property=\"article:published_time\" content=\"2025-09-15T02:41:28+00:00\" \/>\n<meta property=\"og:image\" content=\"https:\/\/www.strassenweb.de\/nachrichten\/wp-content\/uploads\/2025\/09\/Ich-dachte-ich-hasste-offene-Kuechen-aber-Barbara-Corcorans-Solariumstil-Raum.jpg\" \/>\n\t<meta property=\"og:image:width\" content=\"1600\" \/>\n\t<meta property=\"og:image:height\" content=\"900\" \/>\n\t<meta property=\"og:image:type\" content=\"image\/jpeg\" \/>\n<meta name=\"author\" content=\"Robert Hoffmann\" \/>\n<meta name=\"twitter:card\" content=\"summary_large_image\" \/>\n<meta name=\"twitter:label1\" content=\"Verfasst von\" \/>\n\t<meta name=\"twitter:data1\" content=\"Robert Hoffmann\" \/>\n\t<meta name=\"twitter:label2\" content=\"Gesch\u00e4tzte Lesezeit\" \/>\n\t<meta name=\"twitter:data2\" content=\"2\u00a0Minuten\" \/>\n<script type=\"application\/ld+json\" class=\"yoast-schema-graph\">{\"@context\":\"https:\\\/\\\/schema.org\",\"@graph\":[{\"@type\":\"Article\",\"@id\":\"https:\\\/\\\/www.strassenweb.de\\\/nachrichten\\\/ich-dachte-ich-hasste-offene-kuechen-aber-barbara-corcorans-solariumstil-raum-aenderte-meine-meinung-es-strahlt-zeitlosem-glamour-aus\\\/#article\",\"isPartOf\":{\"@id\":\"https:\\\/\\\/www.strassenweb.de\\\/nachrichten\\\/ich-dachte-ich-hasste-offene-kuechen-aber-barbara-corcorans-solariumstil-raum-aenderte-meine-meinung-es-strahlt-zeitlosem-glamour-aus\\\/\"},\"author\":{\"name\":\"Robert Hoffmann\",\"@id\":\"https:\\\/\\\/www.strassenweb.de\\\/nachrichten\\\/#\\\/schema\\\/person\\\/87c9c9067f1211da429a744dc5a5aa41\"},\"headline\":\"Ich dachte, ich hasste offene K\u00fcchen, aber Barbara Corcorans Solariumstil-Raum \u00e4nderte meine Meinung-es strahlt zeitlosem Glamour aus\",\"datePublished\":\"2025-09-15T02:41:28+00:00\",\"mainEntityOfPage\":{\"@id\":\"https:\\\/\\\/www.strassenweb.de\\\/nachrichten\\\/ich-dachte-ich-hasste-offene-kuechen-aber-barbara-corcorans-solariumstil-raum-aenderte-meine-meinung-es-strahlt-zeitlosem-glamour-aus\\\/\"},\"wordCount\":464,\"publisher\":{\"@id\":\"https:\\\/\\\/www.strassenweb.de\\\/nachrichten\\\/#organization\"},\"image\":{\"@id\":\"https:\\\/\\\/www.strassenweb.de\\\/nachrichten\\\/ich-dachte-ich-hasste-offene-kuechen-aber-barbara-corcorans-solariumstil-raum-aenderte-meine-meinung-es-strahlt-zeitlosem-glamour-aus\\\/#primaryimage\"},\"thumbnailUrl\":\"https:\\\/\\\/www.strassenweb.de\\\/nachrichten\\\/wp-content\\\/uploads\\\/2025\\\/09\\\/Ich-dachte-ich-hasste-offene-Kuechen-aber-Barbara-Corcorans-Solariumstil-Raum.jpg\",\"keywords\":[\"aber\",\"\u00e4nderte\",\"aus\",\"Barbara\",\"Corcorans\",\"dachte\",\"Glamour\",\"hasste\",\"ich\",\"K\u00fcchen\",\"meine\",\"Meinunges\",\"offene\",\"SolariumstilRaum\",\"strahlt\",\"zeitlosem\"],\"articleSection\":[\"Haus &amp; Garten\"],\"inLanguage\":\"de\"},{\"@type\":\"WebPage\",\"@id\":\"https:\\\/\\\/www.strassenweb.de\\\/nachrichten\\\/ich-dachte-ich-hasste-offene-kuechen-aber-barbara-corcorans-solariumstil-raum-aenderte-meine-meinung-es-strahlt-zeitlosem-glamour-aus\\\/\",\"url\":\"https:\\\/\\\/www.strassenweb.de\\\/nachrichten\\\/ich-dachte-ich-hasste-offene-kuechen-aber-barbara-corcorans-solariumstil-raum-aenderte-meine-meinung-es-strahlt-zeitlosem-glamour-aus\\\/\",\"name\":\"Ich dachte, ich hasste offene K\u00fcchen, aber Barbara Corcorans Solariumstil-Raum \u00e4nderte meine Meinung-es strahlt zeitlosem Glamour aus - Nachrichten - Stra\u00dfenweb\",\"isPartOf\":{\"@id\":\"https:\\\/\\\/www.strassenweb.de\\\/nachrichten\\\/#website\"},\"primaryImageOfPage\":{\"@id\":\"https:\\\/\\\/www.strassenweb.de\\\/nachrichten\\\/ich-dachte-ich-hasste-offene-kuechen-aber-barbara-corcorans-solariumstil-raum-aenderte-meine-meinung-es-strahlt-zeitlosem-glamour-aus\\\/#primaryimage\"},\"image\":{\"@id\":\"https:\\\/\\\/www.strassenweb.de\\\/nachrichten\\\/ich-dachte-ich-hasste-offene-kuechen-aber-barbara-corcorans-solariumstil-raum-aenderte-meine-meinung-es-strahlt-zeitlosem-glamour-aus\\\/#primaryimage\"},\"thumbnailUrl\":\"https:\\\/\\\/www.strassenweb.de\\\/nachrichten\\\/wp-content\\\/uploads\\\/2025\\\/09\\\/Ich-dachte-ich-hasste-offene-Kuechen-aber-Barbara-Corcorans-Solariumstil-Raum.jpg\",\"datePublished\":\"2025-09-15T02:41:28+00:00\",\"breadcrumb\":{\"@id\":\"https:\\\/\\\/www.strassenweb.de\\\/nachrichten\\\/ich-dachte-ich-hasste-offene-kuechen-aber-barbara-corcorans-solariumstil-raum-aenderte-meine-meinung-es-strahlt-zeitlosem-glamour-aus\\\/#breadcrumb\"},\"inLanguage\":\"de\",\"potentialAction\":[{\"@type\":\"ReadAction\",\"target\":[\"https:\\\/\\\/www.strassenweb.de\\\/nachrichten\\\/ich-dachte-ich-hasste-offene-kuechen-aber-barbara-corcorans-solariumstil-raum-aenderte-meine-meinung-es-strahlt-zeitlosem-glamour-aus\\\/\"]}]},{\"@type\":\"ImageObject\",\"inLanguage\":\"de\",\"@id\":\"https:\\\/\\\/www.strassenweb.de\\\/nachrichten\\\/ich-dachte-ich-hasste-offene-kuechen-aber-barbara-corcorans-solariumstil-raum-aenderte-meine-meinung-es-strahlt-zeitlosem-glamour-aus\\\/#primaryimage\",\"url\":\"https:\\\/\\\/www.strassenweb.de\\\/nachrichten\\\/wp-content\\\/uploads\\\/2025\\\/09\\\/Ich-dachte-ich-hasste-offene-Kuechen-aber-Barbara-Corcorans-Solariumstil-Raum.jpg\",\"contentUrl\":\"https:\\\/\\\/www.strassenweb.de\\\/nachrichten\\\/wp-content\\\/uploads\\\/2025\\\/09\\\/Ich-dachte-ich-hasste-offene-Kuechen-aber-Barbara-Corcorans-Solariumstil-Raum.jpg\",\"width\":1600,\"height\":900,\"caption\":\"barbara corcoran on a green background\"},{\"@type\":\"BreadcrumbList\",\"@id\":\"https:\\\/\\\/www.strassenweb.de\\\/nachrichten\\\/ich-dachte-ich-hasste-offene-kuechen-aber-barbara-corcorans-solariumstil-raum-aenderte-meine-meinung-es-strahlt-zeitlosem-glamour-aus\\\/#breadcrumb\",\"itemListElement\":[{\"@type\":\"ListItem\",\"position\":1,\"name\":\"Home\",\"item\":\"https:\\\/\\\/www.strassenweb.de\\\/nachrichten\\\/\"},{\"@type\":\"ListItem\",\"position\":2,\"name\":\"Ich dachte, ich hasste offene K\u00fcchen, aber Barbara Corcorans Solariumstil-Raum \u00e4nderte meine Meinung-es strahlt zeitlosem Glamour aus\"}]},{\"@type\":\"WebSite\",\"@id\":\"https:\\\/\\\/www.strassenweb.de\\\/nachrichten\\\/#website\",\"url\":\"https:\\\/\\\/www.strassenweb.de\\\/nachrichten\\\/\",\"name\":\"Stra\u00dfenweb\",\"description\":\"Stra\u00dfenverzeichnis f\u00fcr Deutschland\",\"publisher\":{\"@id\":\"https:\\\/\\\/www.strassenweb.de\\\/nachrichten\\\/#organization\"},\"potentialAction\":[{\"@type\":\"SearchAction\",\"target\":{\"@type\":\"EntryPoint\",\"urlTemplate\":\"https:\\\/\\\/www.strassenweb.de\\\/nachrichten\\\/?s={search_term_string}\"},\"query-input\":{\"@type\":\"PropertyValueSpecification\",\"valueRequired\":true,\"valueName\":\"search_term_string\"}}],\"inLanguage\":\"de\"},{\"@type\":\"Organization\",\"@id\":\"https:\\\/\\\/www.strassenweb.de\\\/nachrichten\\\/#organization\",\"name\":\"Stra\u00dfenweb\",\"url\":\"https:\\\/\\\/www.strassenweb.de\\\/nachrichten\\\/\",\"logo\":{\"@type\":\"ImageObject\",\"inLanguage\":\"de\",\"@id\":\"https:\\\/\\\/www.strassenweb.de\\\/nachrichten\\\/#\\\/schema\\\/logo\\\/image\\\/\",\"url\":\"https:\\\/\\\/www.strassenweb.de\\\/nachrichten\\\/wp-content\\\/uploads\\\/2024\\\/09\\\/cropped-favicon.png\",\"contentUrl\":\"https:\\\/\\\/www.strassenweb.de\\\/nachrichten\\\/wp-content\\\/uploads\\\/2024\\\/09\\\/cropped-favicon.png\",\"width\":512,\"height\":512,\"caption\":\"Stra\u00dfenweb\"},\"image\":{\"@id\":\"https:\\\/\\\/www.strassenweb.de\\\/nachrichten\\\/#\\\/schema\\\/logo\\\/image\\\/\"},\"sameAs\":[\"https:\\\/\\\/www.facebook.com\\\/strassenweb\\\/\"]},{\"@type\":\"Person\",\"@id\":\"https:\\\/\\\/www.strassenweb.de\\\/nachrichten\\\/#\\\/schema\\\/person\\\/87c9c9067f1211da429a744dc5a5aa41\",\"name\":\"Robert Hoffmann\",\"image\":{\"@type\":\"ImageObject\",\"inLanguage\":\"de\",\"@id\":\"https:\\\/\\\/www.strassenweb.de\\\/nachrichten\\\/wp-content\\\/uploads\\\/2024\\\/09\\\/strassenweb-150x150.jpg\",\"url\":\"https:\\\/\\\/www.strassenweb.de\\\/nachrichten\\\/wp-content\\\/uploads\\\/2024\\\/09\\\/strassenweb-150x150.jpg\",\"contentUrl\":\"https:\\\/\\\/www.strassenweb.de\\\/nachrichten\\\/wp-content\\\/uploads\\\/2024\\\/09\\\/strassenweb-150x150.jpg\",\"caption\":\"Robert Hoffmann\"},\"description\":\"Ich hei\u00dfe Robert Hoffmann und ich bin ein leidenschaftlicher Verfechter von \u00d6kologie und Biodiversit\u00e4t. Seit meiner Kindheit in den W\u00e4ldern Bayerns f\u00fchle ich mich mit der Natur verbunden und bin entschlossen, sie zu sch\u00fctzen. Heute widme ich mein Leben der Sensibilisierung anderer f\u00fcr die Bedeutung des Umweltschutzes f\u00fcr zuk\u00fcnftige Generationen.\",\"sameAs\":[\"https:\\\/\\\/www.strassenweb.de\\\/\"]}]}<\/script>\n<!-- \/ Yoast SEO plugin. -->","yoast_head_json":{"title":"Ich dachte, ich hasste offene K\u00fcchen, aber Barbara Corcorans Solariumstil-Raum \u00e4nderte meine Meinung-es strahlt zeitlosem Glamour aus - Nachrichten - Stra\u00dfenweb","robots":{"index":"index","follow":"follow","max-snippet":"max-snippet:-1","max-image-preview":"max-image-preview:large","max-video-preview":"max-video-preview:-1"},"canonical":"https:\/\/www.strassenweb.de\/nachrichten\/ich-dachte-ich-hasste-offene-kuechen-aber-barbara-corcorans-solariumstil-raum-aenderte-meine-meinung-es-strahlt-zeitlosem-glamour-aus\/","og_locale":"de_DE","og_type":"article","og_title":"Ich dachte, ich hasste offene K\u00fcchen, aber Barbara Corcorans Solariumstil-Raum \u00e4nderte meine Meinung-es strahlt zeitlosem Glamour aus - Nachrichten - Stra\u00dfenweb","og_description":"Open-Plan-K\u00fcchen haben mich immer als unpraktisch geschlagen. Es kann schwierig sein, eine gem\u00fctliche, warme Atmosph\u00e4re in einem h\u00f6hlenartigen Raum zu schaffen. Ich habe die Idee","og_url":"https:\/\/www.strassenweb.de\/nachrichten\/ich-dachte-ich-hasste-offene-kuechen-aber-barbara-corcorans-solariumstil-raum-aenderte-meine-meinung-es-strahlt-zeitlosem-glamour-aus\/","og_site_name":"Stra\u00dfenweb","article_publisher":"https:\/\/www.facebook.com\/strassenweb\/","article_published_time":"2025-09-15T02:41:28+00:00","og_image":[{"width":1600,"height":900,"url":"https:\/\/www.strassenweb.de\/nachrichten\/wp-content\/uploads\/2025\/09\/Ich-dachte-ich-hasste-offene-Kuechen-aber-Barbara-Corcorans-Solariumstil-Raum.jpg","type":"image\/jpeg"}],"author":"Robert Hoffmann","twitter_card":"summary_large_image","twitter_misc":{"Verfasst von":"Robert Hoffmann","Gesch\u00e4tzte Lesezeit":"2\u00a0Minuten"},"schema":{"@context":"https:\/\/schema.org","@graph":[{"@type":"Article","@id":"https:\/\/www.strassenweb.de\/nachrichten\/ich-dachte-ich-hasste-offene-kuechen-aber-barbara-corcorans-solariumstil-raum-aenderte-meine-meinung-es-strahlt-zeitlosem-glamour-aus\/#article","isPartOf":{"@id":"https:\/\/www.strassenweb.de\/nachrichten\/ich-dachte-ich-hasste-offene-kuechen-aber-barbara-corcorans-solariumstil-raum-aenderte-meine-meinung-es-strahlt-zeitlosem-glamour-aus\/"},"author":{"name":"Robert Hoffmann","@id":"https:\/\/www.strassenweb.de\/nachrichten\/#\/schema\/person\/87c9c9067f1211da429a744dc5a5aa41"},"headline":"Ich dachte, ich hasste offene K\u00fcchen, aber Barbara Corcorans Solariumstil-Raum \u00e4nderte meine Meinung-es strahlt zeitlosem Glamour aus","datePublished":"2025-09-15T02:41:28+00:00","mainEntityOfPage":{"@id":"https:\/\/www.strassenweb.de\/nachrichten\/ich-dachte-ich-hasste-offene-kuechen-aber-barbara-corcorans-solariumstil-raum-aenderte-meine-meinung-es-strahlt-zeitlosem-glamour-aus\/"},"wordCount":464,"publisher":{"@id":"https:\/\/www.strassenweb.de\/nachrichten\/#organization"},"image":{"@id":"https:\/\/www.strassenweb.de\/nachrichten\/ich-dachte-ich-hasste-offene-kuechen-aber-barbara-corcorans-solariumstil-raum-aenderte-meine-meinung-es-strahlt-zeitlosem-glamour-aus\/#primaryimage"},"thumbnailUrl":"https:\/\/www.strassenweb.de\/nachrichten\/wp-content\/uploads\/2025\/09\/Ich-dachte-ich-hasste-offene-Kuechen-aber-Barbara-Corcorans-Solariumstil-Raum.jpg","keywords":["aber","\u00e4nderte","aus","Barbara","Corcorans","dachte","Glamour","hasste","ich","K\u00fcchen","meine","Meinunges","offene","SolariumstilRaum","strahlt","zeitlosem"],"articleSection":["Haus &amp; Garten"],"inLanguage":"de"},{"@type":"WebPage","@id":"https:\/\/www.strassenweb.de\/nachrichten\/ich-dachte-ich-hasste-offene-kuechen-aber-barbara-corcorans-solariumstil-raum-aenderte-meine-meinung-es-strahlt-zeitlosem-glamour-aus\/","url":"https:\/\/www.strassenweb.de\/nachrichten\/ich-dachte-ich-hasste-offene-kuechen-aber-barbara-corcorans-solariumstil-raum-aenderte-meine-meinung-es-strahlt-zeitlosem-glamour-aus\/","name":"Ich dachte, ich hasste offene K\u00fcchen, aber Barbara Corcorans Solariumstil-Raum \u00e4nderte meine Meinung-es strahlt zeitlosem Glamour aus - Nachrichten - Stra\u00dfenweb","isPartOf":{"@id":"https:\/\/www.strassenweb.de\/nachrichten\/#website"},"primaryImageOfPage":{"@id":"https:\/\/www.strassenweb.de\/nachrichten\/ich-dachte-ich-hasste-offene-kuechen-aber-barbara-corcorans-solariumstil-raum-aenderte-meine-meinung-es-strahlt-zeitlosem-glamour-aus\/#primaryimage"},"image":{"@id":"https:\/\/www.strassenweb.de\/nachrichten\/ich-dachte-ich-hasste-offene-kuechen-aber-barbara-corcorans-solariumstil-raum-aenderte-meine-meinung-es-strahlt-zeitlosem-glamour-aus\/#primaryimage"},"thumbnailUrl":"https:\/\/www.strassenweb.de\/nachrichten\/wp-content\/uploads\/2025\/09\/Ich-dachte-ich-hasste-offene-Kuechen-aber-Barbara-Corcorans-Solariumstil-Raum.jpg","datePublished":"2025-09-15T02:41:28+00:00","breadcrumb":{"@id":"https:\/\/www.strassenweb.de\/nachrichten\/ich-dachte-ich-hasste-offene-kuechen-aber-barbara-corcorans-solariumstil-raum-aenderte-meine-meinung-es-strahlt-zeitlosem-glamour-aus\/#breadcrumb"},"inLanguage":"de","potentialAction":[{"@type":"ReadAction","target":["https:\/\/www.strassenweb.de\/nachrichten\/ich-dachte-ich-hasste-offene-kuechen-aber-barbara-corcorans-solariumstil-raum-aenderte-meine-meinung-es-strahlt-zeitlosem-glamour-aus\/"]}]},{"@type":"ImageObject","inLanguage":"de","@id":"https:\/\/www.strassenweb.de\/nachrichten\/ich-dachte-ich-hasste-offene-kuechen-aber-barbara-corcorans-solariumstil-raum-aenderte-meine-meinung-es-strahlt-zeitlosem-glamour-aus\/#primaryimage","url":"https:\/\/www.strassenweb.de\/nachrichten\/wp-content\/uploads\/2025\/09\/Ich-dachte-ich-hasste-offene-Kuechen-aber-Barbara-Corcorans-Solariumstil-Raum.jpg","contentUrl":"https:\/\/www.strassenweb.de\/nachrichten\/wp-content\/uploads\/2025\/09\/Ich-dachte-ich-hasste-offene-Kuechen-aber-Barbara-Corcorans-Solariumstil-Raum.jpg","width":1600,"height":900,"caption":"barbara corcoran on a green background"},{"@type":"BreadcrumbList","@id":"https:\/\/www.strassenweb.de\/nachrichten\/ich-dachte-ich-hasste-offene-kuechen-aber-barbara-corcorans-solariumstil-raum-aenderte-meine-meinung-es-strahlt-zeitlosem-glamour-aus\/#breadcrumb","itemListElement":[{"@type":"ListItem","position":1,"name":"Home","item":"https:\/\/www.strassenweb.de\/nachrichten\/"},{"@type":"ListItem","position":2,"name":"Ich dachte, ich hasste offene K\u00fcchen, aber Barbara Corcorans Solariumstil-Raum \u00e4nderte meine Meinung-es strahlt zeitlosem Glamour aus"}]},{"@type":"WebSite","@id":"https:\/\/www.strassenweb.de\/nachrichten\/#website","url":"https:\/\/www.strassenweb.de\/nachrichten\/","name":"Stra\u00dfenweb","description":"Stra\u00dfenverzeichnis f\u00fcr Deutschland","publisher":{"@id":"https:\/\/www.strassenweb.de\/nachrichten\/#organization"},"potentialAction":[{"@type":"SearchAction","target":{"@type":"EntryPoint","urlTemplate":"https:\/\/www.strassenweb.de\/nachrichten\/?s={search_term_string}"},"query-input":{"@type":"PropertyValueSpecification","valueRequired":true,"valueName":"search_term_string"}}],"inLanguage":"de"},{"@type":"Organization","@id":"https:\/\/www.strassenweb.de\/nachrichten\/#organization","name":"Stra\u00dfenweb","url":"https:\/\/www.strassenweb.de\/nachrichten\/","logo":{"@type":"ImageObject","inLanguage":"de","@id":"https:\/\/www.strassenweb.de\/nachrichten\/#\/schema\/logo\/image\/","url":"https:\/\/www.strassenweb.de\/nachrichten\/wp-content\/uploads\/2024\/09\/cropped-favicon.png","contentUrl":"https:\/\/www.strassenweb.de\/nachrichten\/wp-content\/uploads\/2024\/09\/cropped-favicon.png","width":512,"height":512,"caption":"Stra\u00dfenweb"},"image":{"@id":"https:\/\/www.strassenweb.de\/nachrichten\/#\/schema\/logo\/image\/"},"sameAs":["https:\/\/www.facebook.com\/strassenweb\/"]},{"@type":"Person","@id":"https:\/\/www.strassenweb.de\/nachrichten\/#\/schema\/person\/87c9c9067f1211da429a744dc5a5aa41","name":"Robert Hoffmann","image":{"@type":"ImageObject","inLanguage":"de","@id":"https:\/\/www.strassenweb.de\/nachrichten\/wp-content\/uploads\/2024\/09\/strassenweb-150x150.jpg","url":"https:\/\/www.strassenweb.de\/nachrichten\/wp-content\/uploads\/2024\/09\/strassenweb-150x150.jpg","contentUrl":"https:\/\/www.strassenweb.de\/nachrichten\/wp-content\/uploads\/2024\/09\/strassenweb-150x150.jpg","caption":"Robert Hoffmann"},"description":"Ich hei\u00dfe Robert Hoffmann und ich bin ein leidenschaftlicher Verfechter von \u00d6kologie und Biodiversit\u00e4t. Seit meiner Kindheit in den W\u00e4ldern Bayerns f\u00fchle ich mich mit der Natur verbunden und bin entschlossen, sie zu sch\u00fctzen. Heute widme ich mein Leben der Sensibilisierung anderer f\u00fcr die Bedeutung des Umweltschutzes f\u00fcr zuk\u00fcnftige Generationen.","sameAs":["https:\/\/www.strassenweb.de\/"]}]}},"_links":{"self":[{"href":"https:\/\/www.strassenweb.de\/nachrichten\/wp-json\/wp\/v2\/posts\/7725","targetHints":{"allow":["GET"]}}],"collection":[{"href":"https:\/\/www.strassenweb.de\/nachrichten\/wp-json\/wp\/v2\/posts"}],"about":[{"href":"https:\/\/www.strassenweb.de\/nachrichten\/wp-json\/wp\/v2\/types\/post"}],"author":[{"embeddable":true,"href":"https:\/\/www.strassenweb.de\/nachrichten\/wp-json\/wp\/v2\/users\/1"}],"replies":[{"embeddable":true,"href":"https:\/\/www.strassenweb.de\/nachrichten\/wp-json\/wp\/v2\/comments?post=7725"}],"version-history":[{"count":0,"href":"https:\/\/www.strassenweb.de\/nachrichten\/wp-json\/wp\/v2\/posts\/7725\/revisions"}],"wp:featuredmedia":[{"embeddable":true,"href":"https:\/\/www.strassenweb.de\/nachrichten\/wp-json\/wp\/v2\/media\/7726"}],"wp:attachment":[{"href":"https:\/\/www.strassenweb.de\/nachrichten\/wp-json\/wp\/v2\/media?parent=7725"}],"wp:term":[{"taxonomy":"category","embeddable":true,"href":"https:\/\/www.strassenweb.de\/nachrichten\/wp-json\/wp\/v2\/categories?post=7725"},{"taxonomy":"post_tag","embeddable":true,"href":"https:\/\/www.strassenweb.de\/nachrichten\/wp-json\/wp\/v2\/tags?post=7725"}],"curies":[{"name":"wp","href":"https:\/\/api.w.org\/{rel}","templated":true}]}}