{"id":7722,"date":"2025-09-15T01:39:31","date_gmt":"2025-09-14T23:39:31","guid":{"rendered":"https:\/\/www.strassenweb.de\/nachrichten\/ich-wollte\/"},"modified":"2025-09-15T01:39:33","modified_gmt":"2025-09-14T23:39:33","slug":"ich-wollte","status":"publish","type":"post","link":"https:\/\/www.strassenweb.de\/nachrichten\/ich-wollte\/","title":{"rendered":"Ich wollte"},"content":{"rendered":"<p><\/p>\n<div id=\"article-body\" class=\"article__body \">\n<p id=\"eb91d5a0-91bf-4177-a2cf-32e4c3b018ef\">Nennen Sie mich eine Prinzessin, aber nach mehreren Jahren der \u00dcberpr\u00fcfung der Arbeit f\u00fcr die Arbeit haben sich meine Standards entwickelt. Ich merkte nicht, wie viel bis eine k\u00fcrzliche Reise nach Hause nach Los Angeles, als ein Blick in mein Kindheitssett mich \u00fcberzeugte, dass das Setup inakzeptabel war: zu kratzig, zu stickig und alles andere als luxuri\u00f6s.<\/p>\n<div id=\"ad-unit-1\" class=\"ad-unit\"><\/div>\n<p>In New York habe ich mein Studio zu einem Kokon des Komforts gepr\u00e4gt, also wollte ich mein altes Schlafzimmer den gleichen Sinn f\u00fcr Genuss bringen. Das f\u00fchrte mich zum gem\u00fctlichen Erdblasenkissen.<\/p>\n<aside data-block-type=\"embed\" data-render-type=\"fte\" data-skip=\"dealsy\" data-widget-type=\"seasonal\" class=\"hawk-base\"><\/aside>\n<p id=\"eb91d5a0-91bf-4177-a2cf-32e4c3b018ef-2\">Ich besa\u00df bereits die gem\u00fctliche Erdwurfdecke und liebte ihr von Chalet inspiriertes \u00e4sthetisches und pl\u00fcschiges, gewichtiges Gef\u00fchl. Aber Kissen sind eine andere Geschichte. K\u00f6nnte die gleiche wolken\u00e4hnliche Weichheit f\u00fcr etwas funktionieren, auf dem Sie tats\u00e4chlich schlafen? Schlie\u00dflich liefern die sch\u00f6nsten Kissen, insbesondere die Art-Fur-Art, selten, wenn es um echte Pause geht.<\/p>\n<div class=\"van_vid_carousel\">\n<div class=\"van_vid_carousel__padding\">\n<div class=\"van_vid_carousel__container\"><\/div>\n<\/div>\n<\/div>\n<div class=\"product-container horizontal-product-container\">\n<div class=\"product-block-row\"><\/div>\n<\/div>\n<p id=\"5248ca28-a2b2-4d93-a4d6-2ba7670cd1b6\">Bei 88 US -Dollar pro St\u00fcck nahm ich ein Gl\u00fccksspiel und bestellte nicht einen, sondern zwei Blasenkissen in mein Haus in meiner Kindheit. Hat sich diese Designerbettw\u00e4sche gelohnt? Erf\u00fcllen diese Kissen dem Ruf ihres kult-favoritischen Wurfgeschwisters?<\/p>\n<div id=\"ad-unit-2\" class=\"ad-unit\"><\/div>\n<p>Lesen Sie weiter f\u00fcr den vollst\u00e4ndigen Flusenbericht.<\/p>\n<h3 class=\"article-body__section\" id=\"section-first-impressions\"><span>Erste Eindr\u00fccke<\/span><\/h3>\n<figure class=\"van-image-figure inline-layout \" data-bordeaux-image-check id=\"71ef04e9-b67b-4621-b7a1-dee120d83f23\">\n<div class=\"image-full-width-wrapper\">\n<div class=\"image-widthsetter\" style=\"max-width:2000px;\"><\/div>\n<\/div>\n<\/figure>\n<p id=\"1fd1cf94-1706-488e-a404-3790655a35c9\">Ich gebe zu &#8211; das Foto oben wird diese Kissen kaum gerecht. Pers\u00f6nlich sind sie weitaus reicher, visuell und textural. Im Gegensatz zur Blase -Kuscheldecke, die Sie f\u00fcr einen maximalen Effekt drapieren k\u00f6nnen, hat das 20 -Zoll -Kissen weniger Oberfl\u00e4che zu spielen &#8211; aber trotzdem bringt es eine dramatische Pl\u00fcsch in den Raum. Die charakteristische Blasentextur der Marke erzeugt Gipfel und T\u00e4ler, die das Licht so erfassen und die nat\u00fcrliche Variation des realen Fells nachahmen.<\/p>\n<p>Was habe ich am meisten gesch\u00e4tzt? Dass der Luxus den ganzen Weg durchl\u00e4uft. Als jemand, der &#8222;f\u00fcr das Show&#8220; -Design verabscheut &#8211; nach au\u00dfen sch\u00fcttelt, juckt poly im Inneren; Gef\u00e4lschte Taschen an Jeans-Ich war erleichtert, dass dieses Wurfkissen auf beiden Seiten denselben ultra-feiner Stapel enth\u00e4lt. Kein K\u00f6der und Schalter hier.<\/p>\n<div id=\"slice-container-newsletterForm-articleInbodyContent-G9mtU2Xg6AkAzV2sm9Rk5n\" class=\"slice-container newsletter-inbodyContent-slice newsletterForm-articleInbodyContent-G9mtU2Xg6AkAzV2sm9Rk5n slice-container-newsletterForm\"><\/div>\n<p>In dem Moment, als ich mich w\u00e4hrend einer Telefon -Scroll -Sitzung zur\u00fccklehnte, erkannte ich die wahre Bedeutung von Weichheit. Selbst durch ein Sweatshirt konnte ich den niederen Widerstand der F\u00fcllung und der kissenf\u00f6rmigen Oberfl\u00e4chenstruktur sp\u00fcren, die ein pl\u00e4tschernes, fast wolken\u00e4hnliches Geben bot.<\/p>\n<p>In echten maximalistischen Form bestellte ich eine zweite Wurfdecke f\u00fcr mein Haus in LA, um sie zu entsprechen. Eine f\u00fcr jede K\u00fcste. Etwa 15 Minuten sp\u00e4ter hatte ich das Gef\u00fchl, auf einer Wolke zu schweben.<\/p>\n<h3 class=\"article-body__section\" id=\"section-is-the-bubble-cuddle-pillow-good-for-sleeping\"><span>Ist das Blase Kuschelnkissen zum Schlafen gut?<\/span><\/h3>\n<p id=\"7b71b14b-2ba1-4ecb-a9ea-b6b3c7a75816\">Dann fiel die Nacht &#8211; der wahre Test. Viele Dinge f\u00fchlen sich beim ersten Ber\u00fchren gem\u00fctlich an, aber wenn es tats\u00e4chlich Zeit zum Schlafen ist, k\u00f6nnen sich die kleinsten Reizungen in Dealbreaker verwandeln: einen tropfenden Wasserhahn, einen Mitternachtssprint einer Katze, sogar die geringste Presse eines Ohrrings gegen Ihren Tempel.<\/p>\n<p>Meine Haut tendiert zur Empfindlichkeit, und obwohl dies nicht mein prim\u00e4res Kissen war, verbrachte sie viel Zeit in der N\u00e4he meines Gesichts. Ich merkte mit Erleichterung: Kein Juckreiz (ein Wunder), kein Schuppen (selten f\u00fcr Kunstpelz) und keine Ausbr\u00fcche (eine nahezu unm\u00f6gliche Unm\u00f6glichkeit mit synthetischen Fasern).<\/p>\n<p>Es ist auch nie \u00fcberhitzt. Es wurde nie verfilzt. Und die Signaturblasenstruktur blieb herrlich intakt.<\/p>\n<p>Irgendwo auf dem Weg bin ich seltsam an dieses neue Herbstritual der Weichheit gebunden. So sehr, dass ich einen unerwarteten Pang f\u00fchlte, als mein Uber nach Lax fuhr und meinen Kokon zur\u00fccklie\u00df.<\/p>\n<h3 class=\"article-body__section\" id=\"section-final-thoughts\"><span>Letzte Gedanken<\/span><\/h3>\n<figure class=\"van-image-figure inline-layout \" data-bordeaux-image-check id=\"47b85e1d-d5df-49b4-a0ad-f8e11bda55f2\">\n<div class=\"image-full-width-wrapper\">\n<div class=\"image-widthsetter\" style=\"max-width:877px;\"><\/div>\n<\/div>\n<\/figure>\n<p id=\"5f9ebd08-0bdc-4fea-93de-0f45c6bdc1ed\">In Wahrheit war das Aussehen eine sekund\u00e4re \u00dcberlegung bei der Auswahl des Blase -Kuschelkissens. Meine Priorit\u00e4t war Trost und an dieser Front lieferte es wundersch\u00f6n. Endlich hatte ich ein Wurfkissen, das Tag und Nacht auf dem Bett arbeitete &#8211; und sah jedoch zu Hause in sichtbaren R\u00e4umen wie dem Wohnzimmer oder einem Leseecke zu Hause.<\/p>\n<p>Das bringt mich zu meinem n\u00e4chsten Punkt: Diese Kissen verdienen es, gesehen zu werden. Wenn der Herbst n\u00e4hert, kann ich mir keine bessere M\u00f6glichkeit vorstellen, einen Sessel oder ein Sofa aufzuw\u00e4rmen, als mit einem Paar elegant sprudelter, ultra-plush-Kissen.<\/p>\n<p>Wenn Sie von dem Blase Cuddle Pillow fasziniert sind, wissen Sie wahrscheinlich, dass Sie bereits \u00e4ltere, beliebtere Geschwister kennen oder besitzen. F\u00fchlen sich die beiden \u00fcberfl\u00fcssig? Gar nicht. Sie erg\u00e4nzen sich gegenseitig. Die Throw-Lounges und Vorh\u00e4nge mit einer Art Laissez-Faire-Eleganz, w\u00e4hrend sich das Kissen poliert, proportioniert und unerwartet vielseitig anf\u00fchlt.<\/p>\n<p>F\u00fcr jeden, der in der Kuschelkollektion neu ist, ist das Kissen ein ausgezeichneter Einstiegspunkt, insbesondere bevor die Temperaturen sinken. Es bleibt ein Vergn\u00fcgen, aber bei der am st\u00e4rksten zug\u00e4nglichen Preisstufe in der Aufstellung ist es auch intelligent.<\/p>\n<p>Ich denke sogar nach, einen weiteren f\u00fcr mein Haus in New York zu bestellen. Beim Surfen habe ich vielleicht ein paar andere gem\u00fctliche Erdbewerber aufgedeckt, die mich in eine v\u00f6llig neue Richtung verf\u00fchren k\u00f6nnten.<\/p>\n<h3 class=\"article-body__section\" id=\"section-more-cozy-companions\"><span>Mehr gem\u00fctliche Begleiter<\/span><\/h3>\n<div class=\"product-container hero-product-container product-block-no-wrap\">\n<div class=\"product-block-row\"><\/div>\n<div class=\"product-block-row\"><\/div>\n<div class=\"product-block-row\"><\/div>\n<\/div>\n<hr id=\"53edcf54-d70c-4b8f-a8bb-bd02de203ff0\">\n<p id=\"118ec167-adb4-496c-bd78-d5f9ae2dc3b6\">Sie haben wahrscheinlich die Summen \u00fcber die kultfeindlichen Bambusb\u00fcndel der gem\u00fctlichen Erde geh\u00f6rt-unterst\u00fctzt von Prominenten wie Kris Jenner und Oprah. Ich habe sie selbst getestet und kann best\u00e4tigen, dass sie dem Hype gerecht werden. Trotzdem ist Bettw\u00e4sche zutiefst pers\u00f6nlich, und nicht jeder Herausgeber hat die gleiche Einstellung. F\u00fcr eine zweite Perspektive teilt unser Schlafredakteur ihre vollst\u00e4ndige \u00dcberpr\u00fcfung des gem\u00fctlichen Erdb\u00fcndels mit.<\/p>\n<div class=\"block\" id=\"articleTag\" data-component-name=\"PostArticleLinks\">\n<div class=\"border-b border-b-black border-solid py-2.5 text-black font-bold uppercase\">Themen<\/div>\n<nav class=\"py-2.5 flex gap-2.5 flex-wrap\" data-analytics-id=\"article-tag\">\n<p>Bettw\u00e4sche<br \/>\n<\/nav>\n<\/div>\n<\/div>\n","protected":false},"excerpt":{"rendered":"<p>Nennen Sie mich eine Prinzessin, aber nach mehreren Jahren der \u00dcberpr\u00fcfung der Arbeit f\u00fcr die Arbeit haben sich meine Standards entwickelt. Ich merkte nicht, wie<\/p>\n","protected":false},"author":1,"featured_media":7723,"comment_status":"closed","ping_status":"","sticky":false,"template":"","format":"standard","meta":{"footnotes":""},"categories":[118],"tags":[129,6857],"class_list":["post-7722","post","type-post","status-publish","format-standard","has-post-thumbnail","hentry","category-haus-garten","tag-ich","tag-wollte","generate-columns","tablet-grid-50","mobile-grid-100","grid-parent","grid-50"],"yoast_head":"<!-- This site is optimized with the Yoast SEO plugin v27.3 - https:\/\/yoast.com\/product\/yoast-seo-wordpress\/ -->\n<title>Ich wollte - Nachrichten - Stra\u00dfenweb<\/title>\n<meta name=\"robots\" content=\"index, follow, max-snippet:-1, max-image-preview:large, max-video-preview:-1\" \/>\n<link rel=\"canonical\" href=\"https:\/\/www.strassenweb.de\/nachrichten\/ich-wollte\/\" \/>\n<meta property=\"og:locale\" content=\"de_DE\" \/>\n<meta property=\"og:type\" content=\"article\" \/>\n<meta property=\"og:title\" content=\"Ich wollte - Nachrichten - Stra\u00dfenweb\" \/>\n<meta property=\"og:description\" content=\"Nennen Sie mich eine Prinzessin, aber nach mehreren Jahren der \u00dcberpr\u00fcfung der Arbeit f\u00fcr die Arbeit haben sich meine Standards entwickelt. Ich merkte nicht, wie\" \/>\n<meta property=\"og:url\" content=\"https:\/\/www.strassenweb.de\/nachrichten\/ich-wollte\/\" \/>\n<meta property=\"og:site_name\" content=\"Stra\u00dfenweb\" \/>\n<meta property=\"article:publisher\" content=\"https:\/\/www.facebook.com\/strassenweb\/\" \/>\n<meta property=\"article:published_time\" content=\"2025-09-14T23:39:31+00:00\" \/>\n<meta property=\"article:modified_time\" content=\"2025-09-14T23:39:33+00:00\" \/>\n<meta property=\"og:image\" content=\"https:\/\/www.strassenweb.de\/nachrichten\/wp-content\/uploads\/2025\/09\/Ich-wollte-scaled.jpg\" \/>\n\t<meta property=\"og:image:width\" content=\"2560\" \/>\n\t<meta property=\"og:image:height\" content=\"1440\" \/>\n\t<meta property=\"og:image:type\" content=\"image\/jpeg\" \/>\n<meta name=\"author\" content=\"Robert Hoffmann\" \/>\n<meta name=\"twitter:card\" content=\"summary_large_image\" \/>\n<meta name=\"twitter:label1\" content=\"Verfasst von\" \/>\n\t<meta name=\"twitter:data1\" content=\"Robert Hoffmann\" \/>\n\t<meta name=\"twitter:label2\" content=\"Gesch\u00e4tzte Lesezeit\" \/>\n\t<meta name=\"twitter:data2\" content=\"5\u00a0Minuten\" \/>\n<script type=\"application\/ld+json\" class=\"yoast-schema-graph\">{\"@context\":\"https:\\\/\\\/schema.org\",\"@graph\":[{\"@type\":\"Article\",\"@id\":\"https:\\\/\\\/www.strassenweb.de\\\/nachrichten\\\/ich-wollte\\\/#article\",\"isPartOf\":{\"@id\":\"https:\\\/\\\/www.strassenweb.de\\\/nachrichten\\\/ich-wollte\\\/\"},\"author\":{\"name\":\"Robert Hoffmann\",\"@id\":\"https:\\\/\\\/www.strassenweb.de\\\/nachrichten\\\/#\\\/schema\\\/person\\\/87c9c9067f1211da429a744dc5a5aa41\"},\"headline\":\"Ich wollte\",\"datePublished\":\"2025-09-14T23:39:31+00:00\",\"dateModified\":\"2025-09-14T23:39:33+00:00\",\"mainEntityOfPage\":{\"@id\":\"https:\\\/\\\/www.strassenweb.de\\\/nachrichten\\\/ich-wollte\\\/\"},\"wordCount\":917,\"publisher\":{\"@id\":\"https:\\\/\\\/www.strassenweb.de\\\/nachrichten\\\/#organization\"},\"image\":{\"@id\":\"https:\\\/\\\/www.strassenweb.de\\\/nachrichten\\\/ich-wollte\\\/#primaryimage\"},\"thumbnailUrl\":\"https:\\\/\\\/www.strassenweb.de\\\/nachrichten\\\/wp-content\\\/uploads\\\/2025\\\/09\\\/Ich-wollte-scaled.jpg\",\"keywords\":[\"ich\",\"wollte\"],\"articleSection\":[\"Haus &amp; Garten\"],\"inLanguage\":\"de\"},{\"@type\":\"WebPage\",\"@id\":\"https:\\\/\\\/www.strassenweb.de\\\/nachrichten\\\/ich-wollte\\\/\",\"url\":\"https:\\\/\\\/www.strassenweb.de\\\/nachrichten\\\/ich-wollte\\\/\",\"name\":\"Ich wollte - Nachrichten - Stra\u00dfenweb\",\"isPartOf\":{\"@id\":\"https:\\\/\\\/www.strassenweb.de\\\/nachrichten\\\/#website\"},\"primaryImageOfPage\":{\"@id\":\"https:\\\/\\\/www.strassenweb.de\\\/nachrichten\\\/ich-wollte\\\/#primaryimage\"},\"image\":{\"@id\":\"https:\\\/\\\/www.strassenweb.de\\\/nachrichten\\\/ich-wollte\\\/#primaryimage\"},\"thumbnailUrl\":\"https:\\\/\\\/www.strassenweb.de\\\/nachrichten\\\/wp-content\\\/uploads\\\/2025\\\/09\\\/Ich-wollte-scaled.jpg\",\"datePublished\":\"2025-09-14T23:39:31+00:00\",\"dateModified\":\"2025-09-14T23:39:33+00:00\",\"breadcrumb\":{\"@id\":\"https:\\\/\\\/www.strassenweb.de\\\/nachrichten\\\/ich-wollte\\\/#breadcrumb\"},\"inLanguage\":\"de\",\"potentialAction\":[{\"@type\":\"ReadAction\",\"target\":[\"https:\\\/\\\/www.strassenweb.de\\\/nachrichten\\\/ich-wollte\\\/\"]}]},{\"@type\":\"ImageObject\",\"inLanguage\":\"de\",\"@id\":\"https:\\\/\\\/www.strassenweb.de\\\/nachrichten\\\/ich-wollte\\\/#primaryimage\",\"url\":\"https:\\\/\\\/www.strassenweb.de\\\/nachrichten\\\/wp-content\\\/uploads\\\/2025\\\/09\\\/Ich-wollte-scaled.jpg\",\"contentUrl\":\"https:\\\/\\\/www.strassenweb.de\\\/nachrichten\\\/wp-content\\\/uploads\\\/2025\\\/09\\\/Ich-wollte-scaled.jpg\",\"width\":2560,\"height\":1440,\"caption\":\"Cozy Earth Bubble Cuddle Pillow in walnut\"},{\"@type\":\"BreadcrumbList\",\"@id\":\"https:\\\/\\\/www.strassenweb.de\\\/nachrichten\\\/ich-wollte\\\/#breadcrumb\",\"itemListElement\":[{\"@type\":\"ListItem\",\"position\":1,\"name\":\"Home\",\"item\":\"https:\\\/\\\/www.strassenweb.de\\\/nachrichten\\\/\"},{\"@type\":\"ListItem\",\"position\":2,\"name\":\"Ich wollte\"}]},{\"@type\":\"WebSite\",\"@id\":\"https:\\\/\\\/www.strassenweb.de\\\/nachrichten\\\/#website\",\"url\":\"https:\\\/\\\/www.strassenweb.de\\\/nachrichten\\\/\",\"name\":\"Stra\u00dfenweb\",\"description\":\"Stra\u00dfenverzeichnis f\u00fcr Deutschland\",\"publisher\":{\"@id\":\"https:\\\/\\\/www.strassenweb.de\\\/nachrichten\\\/#organization\"},\"potentialAction\":[{\"@type\":\"SearchAction\",\"target\":{\"@type\":\"EntryPoint\",\"urlTemplate\":\"https:\\\/\\\/www.strassenweb.de\\\/nachrichten\\\/?s={search_term_string}\"},\"query-input\":{\"@type\":\"PropertyValueSpecification\",\"valueRequired\":true,\"valueName\":\"search_term_string\"}}],\"inLanguage\":\"de\"},{\"@type\":\"Organization\",\"@id\":\"https:\\\/\\\/www.strassenweb.de\\\/nachrichten\\\/#organization\",\"name\":\"Stra\u00dfenweb\",\"url\":\"https:\\\/\\\/www.strassenweb.de\\\/nachrichten\\\/\",\"logo\":{\"@type\":\"ImageObject\",\"inLanguage\":\"de\",\"@id\":\"https:\\\/\\\/www.strassenweb.de\\\/nachrichten\\\/#\\\/schema\\\/logo\\\/image\\\/\",\"url\":\"https:\\\/\\\/www.strassenweb.de\\\/nachrichten\\\/wp-content\\\/uploads\\\/2024\\\/09\\\/cropped-favicon.png\",\"contentUrl\":\"https:\\\/\\\/www.strassenweb.de\\\/nachrichten\\\/wp-content\\\/uploads\\\/2024\\\/09\\\/cropped-favicon.png\",\"width\":512,\"height\":512,\"caption\":\"Stra\u00dfenweb\"},\"image\":{\"@id\":\"https:\\\/\\\/www.strassenweb.de\\\/nachrichten\\\/#\\\/schema\\\/logo\\\/image\\\/\"},\"sameAs\":[\"https:\\\/\\\/www.facebook.com\\\/strassenweb\\\/\"]},{\"@type\":\"Person\",\"@id\":\"https:\\\/\\\/www.strassenweb.de\\\/nachrichten\\\/#\\\/schema\\\/person\\\/87c9c9067f1211da429a744dc5a5aa41\",\"name\":\"Robert Hoffmann\",\"image\":{\"@type\":\"ImageObject\",\"inLanguage\":\"de\",\"@id\":\"https:\\\/\\\/www.strassenweb.de\\\/nachrichten\\\/wp-content\\\/uploads\\\/2024\\\/09\\\/strassenweb-150x150.jpg\",\"url\":\"https:\\\/\\\/www.strassenweb.de\\\/nachrichten\\\/wp-content\\\/uploads\\\/2024\\\/09\\\/strassenweb-150x150.jpg\",\"contentUrl\":\"https:\\\/\\\/www.strassenweb.de\\\/nachrichten\\\/wp-content\\\/uploads\\\/2024\\\/09\\\/strassenweb-150x150.jpg\",\"caption\":\"Robert Hoffmann\"},\"description\":\"Ich hei\u00dfe Robert Hoffmann und ich bin ein leidenschaftlicher Verfechter von \u00d6kologie und Biodiversit\u00e4t. Seit meiner Kindheit in den W\u00e4ldern Bayerns f\u00fchle ich mich mit der Natur verbunden und bin entschlossen, sie zu sch\u00fctzen. Heute widme ich mein Leben der Sensibilisierung anderer f\u00fcr die Bedeutung des Umweltschutzes f\u00fcr zuk\u00fcnftige Generationen.\",\"sameAs\":[\"https:\\\/\\\/www.strassenweb.de\\\/\"]}]}<\/script>\n<!-- \/ Yoast SEO plugin. -->","yoast_head_json":{"title":"Ich wollte - Nachrichten - Stra\u00dfenweb","robots":{"index":"index","follow":"follow","max-snippet":"max-snippet:-1","max-image-preview":"max-image-preview:large","max-video-preview":"max-video-preview:-1"},"canonical":"https:\/\/www.strassenweb.de\/nachrichten\/ich-wollte\/","og_locale":"de_DE","og_type":"article","og_title":"Ich wollte - Nachrichten - Stra\u00dfenweb","og_description":"Nennen Sie mich eine Prinzessin, aber nach mehreren Jahren der \u00dcberpr\u00fcfung der Arbeit f\u00fcr die Arbeit haben sich meine Standards entwickelt. Ich merkte nicht, wie","og_url":"https:\/\/www.strassenweb.de\/nachrichten\/ich-wollte\/","og_site_name":"Stra\u00dfenweb","article_publisher":"https:\/\/www.facebook.com\/strassenweb\/","article_published_time":"2025-09-14T23:39:31+00:00","article_modified_time":"2025-09-14T23:39:33+00:00","og_image":[{"width":2560,"height":1440,"url":"https:\/\/www.strassenweb.de\/nachrichten\/wp-content\/uploads\/2025\/09\/Ich-wollte-scaled.jpg","type":"image\/jpeg"}],"author":"Robert Hoffmann","twitter_card":"summary_large_image","twitter_misc":{"Verfasst von":"Robert Hoffmann","Gesch\u00e4tzte Lesezeit":"5\u00a0Minuten"},"schema":{"@context":"https:\/\/schema.org","@graph":[{"@type":"Article","@id":"https:\/\/www.strassenweb.de\/nachrichten\/ich-wollte\/#article","isPartOf":{"@id":"https:\/\/www.strassenweb.de\/nachrichten\/ich-wollte\/"},"author":{"name":"Robert Hoffmann","@id":"https:\/\/www.strassenweb.de\/nachrichten\/#\/schema\/person\/87c9c9067f1211da429a744dc5a5aa41"},"headline":"Ich wollte","datePublished":"2025-09-14T23:39:31+00:00","dateModified":"2025-09-14T23:39:33+00:00","mainEntityOfPage":{"@id":"https:\/\/www.strassenweb.de\/nachrichten\/ich-wollte\/"},"wordCount":917,"publisher":{"@id":"https:\/\/www.strassenweb.de\/nachrichten\/#organization"},"image":{"@id":"https:\/\/www.strassenweb.de\/nachrichten\/ich-wollte\/#primaryimage"},"thumbnailUrl":"https:\/\/www.strassenweb.de\/nachrichten\/wp-content\/uploads\/2025\/09\/Ich-wollte-scaled.jpg","keywords":["ich","wollte"],"articleSection":["Haus &amp; Garten"],"inLanguage":"de"},{"@type":"WebPage","@id":"https:\/\/www.strassenweb.de\/nachrichten\/ich-wollte\/","url":"https:\/\/www.strassenweb.de\/nachrichten\/ich-wollte\/","name":"Ich wollte - Nachrichten - Stra\u00dfenweb","isPartOf":{"@id":"https:\/\/www.strassenweb.de\/nachrichten\/#website"},"primaryImageOfPage":{"@id":"https:\/\/www.strassenweb.de\/nachrichten\/ich-wollte\/#primaryimage"},"image":{"@id":"https:\/\/www.strassenweb.de\/nachrichten\/ich-wollte\/#primaryimage"},"thumbnailUrl":"https:\/\/www.strassenweb.de\/nachrichten\/wp-content\/uploads\/2025\/09\/Ich-wollte-scaled.jpg","datePublished":"2025-09-14T23:39:31+00:00","dateModified":"2025-09-14T23:39:33+00:00","breadcrumb":{"@id":"https:\/\/www.strassenweb.de\/nachrichten\/ich-wollte\/#breadcrumb"},"inLanguage":"de","potentialAction":[{"@type":"ReadAction","target":["https:\/\/www.strassenweb.de\/nachrichten\/ich-wollte\/"]}]},{"@type":"ImageObject","inLanguage":"de","@id":"https:\/\/www.strassenweb.de\/nachrichten\/ich-wollte\/#primaryimage","url":"https:\/\/www.strassenweb.de\/nachrichten\/wp-content\/uploads\/2025\/09\/Ich-wollte-scaled.jpg","contentUrl":"https:\/\/www.strassenweb.de\/nachrichten\/wp-content\/uploads\/2025\/09\/Ich-wollte-scaled.jpg","width":2560,"height":1440,"caption":"Cozy Earth Bubble Cuddle Pillow in walnut"},{"@type":"BreadcrumbList","@id":"https:\/\/www.strassenweb.de\/nachrichten\/ich-wollte\/#breadcrumb","itemListElement":[{"@type":"ListItem","position":1,"name":"Home","item":"https:\/\/www.strassenweb.de\/nachrichten\/"},{"@type":"ListItem","position":2,"name":"Ich wollte"}]},{"@type":"WebSite","@id":"https:\/\/www.strassenweb.de\/nachrichten\/#website","url":"https:\/\/www.strassenweb.de\/nachrichten\/","name":"Stra\u00dfenweb","description":"Stra\u00dfenverzeichnis f\u00fcr Deutschland","publisher":{"@id":"https:\/\/www.strassenweb.de\/nachrichten\/#organization"},"potentialAction":[{"@type":"SearchAction","target":{"@type":"EntryPoint","urlTemplate":"https:\/\/www.strassenweb.de\/nachrichten\/?s={search_term_string}"},"query-input":{"@type":"PropertyValueSpecification","valueRequired":true,"valueName":"search_term_string"}}],"inLanguage":"de"},{"@type":"Organization","@id":"https:\/\/www.strassenweb.de\/nachrichten\/#organization","name":"Stra\u00dfenweb","url":"https:\/\/www.strassenweb.de\/nachrichten\/","logo":{"@type":"ImageObject","inLanguage":"de","@id":"https:\/\/www.strassenweb.de\/nachrichten\/#\/schema\/logo\/image\/","url":"https:\/\/www.strassenweb.de\/nachrichten\/wp-content\/uploads\/2024\/09\/cropped-favicon.png","contentUrl":"https:\/\/www.strassenweb.de\/nachrichten\/wp-content\/uploads\/2024\/09\/cropped-favicon.png","width":512,"height":512,"caption":"Stra\u00dfenweb"},"image":{"@id":"https:\/\/www.strassenweb.de\/nachrichten\/#\/schema\/logo\/image\/"},"sameAs":["https:\/\/www.facebook.com\/strassenweb\/"]},{"@type":"Person","@id":"https:\/\/www.strassenweb.de\/nachrichten\/#\/schema\/person\/87c9c9067f1211da429a744dc5a5aa41","name":"Robert Hoffmann","image":{"@type":"ImageObject","inLanguage":"de","@id":"https:\/\/www.strassenweb.de\/nachrichten\/wp-content\/uploads\/2024\/09\/strassenweb-150x150.jpg","url":"https:\/\/www.strassenweb.de\/nachrichten\/wp-content\/uploads\/2024\/09\/strassenweb-150x150.jpg","contentUrl":"https:\/\/www.strassenweb.de\/nachrichten\/wp-content\/uploads\/2024\/09\/strassenweb-150x150.jpg","caption":"Robert Hoffmann"},"description":"Ich hei\u00dfe Robert Hoffmann und ich bin ein leidenschaftlicher Verfechter von \u00d6kologie und Biodiversit\u00e4t. Seit meiner Kindheit in den W\u00e4ldern Bayerns f\u00fchle ich mich mit der Natur verbunden und bin entschlossen, sie zu sch\u00fctzen. Heute widme ich mein Leben der Sensibilisierung anderer f\u00fcr die Bedeutung des Umweltschutzes f\u00fcr zuk\u00fcnftige Generationen.","sameAs":["https:\/\/www.strassenweb.de\/"]}]}},"_links":{"self":[{"href":"https:\/\/www.strassenweb.de\/nachrichten\/wp-json\/wp\/v2\/posts\/7722","targetHints":{"allow":["GET"]}}],"collection":[{"href":"https:\/\/www.strassenweb.de\/nachrichten\/wp-json\/wp\/v2\/posts"}],"about":[{"href":"https:\/\/www.strassenweb.de\/nachrichten\/wp-json\/wp\/v2\/types\/post"}],"author":[{"embeddable":true,"href":"https:\/\/www.strassenweb.de\/nachrichten\/wp-json\/wp\/v2\/users\/1"}],"replies":[{"embeddable":true,"href":"https:\/\/www.strassenweb.de\/nachrichten\/wp-json\/wp\/v2\/comments?post=7722"}],"version-history":[{"count":0,"href":"https:\/\/www.strassenweb.de\/nachrichten\/wp-json\/wp\/v2\/posts\/7722\/revisions"}],"wp:featuredmedia":[{"embeddable":true,"href":"https:\/\/www.strassenweb.de\/nachrichten\/wp-json\/wp\/v2\/media\/7723"}],"wp:attachment":[{"href":"https:\/\/www.strassenweb.de\/nachrichten\/wp-json\/wp\/v2\/media?parent=7722"}],"wp:term":[{"taxonomy":"category","embeddable":true,"href":"https:\/\/www.strassenweb.de\/nachrichten\/wp-json\/wp\/v2\/categories?post=7722"},{"taxonomy":"post_tag","embeddable":true,"href":"https:\/\/www.strassenweb.de\/nachrichten\/wp-json\/wp\/v2\/tags?post=7722"}],"curies":[{"name":"wp","href":"https:\/\/api.w.org\/{rel}","templated":true}]}}