{"id":7717,"date":"2025-09-14T19:40:26","date_gmt":"2025-09-14T17:40:26","guid":{"rendered":"https:\/\/www.strassenweb.de\/nachrichten\/ich-habe-nicht-an-all-neutrales-design-geglaubt-aber-nancy-meyers-warmes-geschichtetes-wohnzimmer-liess-mich-alles-ueberdenken-was-ich-ueber-den-stil-wusste\/"},"modified":"2025-09-14T19:40:27","modified_gmt":"2025-09-14T17:40:27","slug":"ich-habe-nicht-an-all-neutrales-design-geglaubt-aber-nancy-meyers-warmes-geschichtetes-wohnzimmer-liess-mich-alles-ueberdenken-was-ich-ueber-den-stil-wusste","status":"publish","type":"post","link":"https:\/\/www.strassenweb.de\/nachrichten\/ich-habe-nicht-an-all-neutrales-design-geglaubt-aber-nancy-meyers-warmes-geschichtetes-wohnzimmer-liess-mich-alles-ueberdenken-was-ich-ueber-den-stil-wusste\/","title":{"rendered":"Ich habe nicht an all-neutrales Design geglaubt-aber Nancy Meyers &#8218;warmes, geschichtetes Wohnzimmer lie\u00df mich alles \u00fcberdenken, was ich \u00fcber den Stil wusste"},"content":{"rendered":"<p><\/p>\n<div id=\"article-body\" class=\"article__body \">\n<p id=\"9714293c-9f25-473e-85f5-256cec3283d2\">H\u00f6ren Sie: Ich liebe Neutrale genauso wie die n\u00e4chste Person. Aber ich w\u00fcrde nicht sagen, dass ich mich so sehr in die nat\u00fcrlichen Farbt\u00f6ne lehne, wie ich Farben in meinem Zuhause mache. \u00dcberlassen Sie es jedoch Nancy Meyers, mich davon zu \u00fcberzeugen, dass neutrales Schichten der richtige Weg ist.<\/p>\n<div id=\"ad-unit-1\" class=\"ad-unit\"><\/div>\n<p>Der Filmregisseur (und der inoffizielle Innenausflusser) haben k\u00fcrzlich einen Schnappschuss ihres warmen, minimalistischen Wohnzimmers geteilt, und ich war sofort von der Vielfalt der weichen Farbt\u00f6ne und nat\u00fcrlichen Texturen angezogen.<\/p>\n<aside data-block-type=\"embed\" data-render-type=\"fte\" data-skip=\"dealsy\" data-widget-type=\"seasonal\" class=\"hawk-base\"><\/aside>\n<p id=\"9714293c-9f25-473e-85f5-256cec3283d2-2\">Ich nehme an, meine Kritik um Neutrale ist, dass sie allzu oft flach fallen k\u00f6nnen und sich ein Raum leblos anf\u00fchlt. Dieser Raum ist eine Meisterklasse, um das Gegenteil zu erreichen. mit unterschiedlichen Texturen wie Holz, Rattan und Leinen, um den Raum zu putzen. Unn\u00f6tig zu erw\u00e4hnen, dass ich meine Farbpalette \u00fcberdenken l\u00e4sst und mir einige neutrale Ideen f\u00fcr das Wohnzimmer gibt.<\/p>\n<div class=\"van_vid_carousel\">\n<div class=\"van_vid_carousel__padding\">\n<div class=\"van_vid_carousel__container\"><\/div>\n<\/div>\n<\/div>\n<div class=\"instagram-embed\" id=\"DNqXiwrR0JA\">\n<blockquote class=\"instagram-media\" data-instgrm-captioned data-instgrm-version=\"6\" style=\"width:99.375%; width:-webkit-calc(100% - 2px); width:calc(100% - 2px);\">\n<p>Ein Beitrag von Nancy Meyers (@nmeyers)<\/p>\n<p>Ein Foto von on <\/p>\n<\/blockquote>\n<\/div>\n<h3 class=\"article-body__section\" id=\"section-shop-the-neutral-living-room-edit\"><span>Kaufen Sie das neutrale Wohnzimmer ein<\/span><\/h3>\n<div class=\"product-container hero-product-container product-block-no-wrap\">\n<div class=\"product-block-row\"><\/div>\n<div class=\"product-block-row\"><\/div>\n<div class=\"product-block-row\"><\/div>\n<\/div>\n<p id=\"0fe1df83-98f8-4a3d-a3dc-593c96084009\">Eines der Schl\u00fcsselmerkmale, die ich in diesem Raum liebe, ist die Mischung aus organischen Materialien. Von der Weidenbasis des Osmanischen bis zum h\u00fcbschen Holzbuchhandel liebe ich die Mischung aus von Natur inspirierten St\u00fccken, die dem Raum ein ruhiges und entspannendes Gef\u00fchl verleihen.<\/p>\n<div id=\"ad-unit-2\" class=\"ad-unit\"><\/div>\n<p>Dar\u00fcber hinaus h\u00e4lt die Variation zwischen Schatten den Raum visuell ansprechend. Vom Taupe des osmanischen Kissens bis zur weichen Creme des Liebesseates h\u00e4lt das Sortiment der Farben das Interesse.<\/p>\n<p>Das Spielen mit Formen in einem neutralen Raum ist auch eine fantastische Taktik. Die Kurve der osmanischen Aussagen der R\u00e4nder des Sofas wundersch\u00f6n.<\/p>\n<p>Schlie\u00dflich w\u00e4re es mir nachgedacht, die Vase heller, gelber Bl\u00fcten nicht zu erw\u00e4hnen, die dem Raum genau den richtigen Hauch von Farbe (und Gr\u00fcn) verleiht. Pflanzen und Blumen sind die perfekte Erg\u00e4nzung zu einem neutralen Raum, da sie gut mit dem nat\u00fcrlichen Farbschema verbunden sind und gleichzeitig die ben\u00f6tigte Lebendigkeit in den Raum verleihen.<\/p>\n<div id=\"slice-container-newsletterForm-articleInbodyContent-parA5Ki6ANKaVEqgAabJoT\" class=\"slice-container newsletter-inbodyContent-slice newsletterForm-articleInbodyContent-parA5Ki6ANKaVEqgAabJoT slice-container-newsletterForm\"><\/div>\n<div class=\"min-h-(270px) mb-4 viafoura-twig-component\" id=\"viafoura-engagement-starter-wrapper\" data-component-name=\"Elk:Embed:EngagementStarter\">\n<div class=\"viafoura\">\n<div>\n<vf-conversation-starter target=\"viafoura-comments\" title=\"Do you love neutrals in a living room?\" minimum-comment-count=\"1\"><br \/>\n<\/vf-conversation-starter>\n<\/div>\n<\/div>\n<\/div>\n<hr id=\"11078df2-2164-4a73-94d0-d9d8f85fc53e\">\n<div class=\"block\" id=\"articleTag\" data-component-name=\"PostArticleLinks\">\n<div class=\"border-b border-b-black border-solid py-2.5 text-black font-bold uppercase\">Themen<\/div>\n<nav class=\"py-2.5 flex gap-2.5 flex-wrap\" data-analytics-id=\"article-tag\">\n<p>Nancy Meyers<br \/>\n<\/nav>\n<\/div>\n<\/div>\n<p><script async src=\"\/\/www.instagram.com\/embed.js\"><\/script><\/p>\n","protected":false},"excerpt":{"rendered":"<p>H\u00f6ren Sie: Ich liebe Neutrale genauso wie die n\u00e4chste Person. Aber ich w\u00fcrde nicht sagen, dass ich mich so sehr in die nat\u00fcrlichen Farbt\u00f6ne lehne,<\/p>\n","protected":false},"author":1,"featured_media":7718,"comment_status":"closed","ping_status":"","sticky":false,"template":"","format":"standard","meta":{"footnotes":""},"categories":[118],"tags":[157,10138,78,679,10139,10140,823,129,6226,4225,1122,4224,61,322,260,1747,3477,1229,1615],"class_list":["post-7717","post","type-post","status-publish","format-standard","has-post-thumbnail","hentry","category-haus-garten","tag-alles","tag-allneutrales","tag-den","tag-design","tag-geglaubtaber","tag-geschichtetes","tag-habe","tag-ich","tag-liess","tag-meyers","tag-mich","tag-nancy","tag-nicht","tag-stil","tag-ueber","tag-ueberdenken","tag-warmes","tag-wohnzimmer","tag-wusste","generate-columns","tablet-grid-50","mobile-grid-100","grid-parent","grid-50"],"yoast_head":"<!-- This site is optimized with the Yoast SEO plugin v27.3 - https:\/\/yoast.com\/product\/yoast-seo-wordpress\/ -->\n<title>Ich habe nicht an all-neutrales Design geglaubt-aber Nancy Meyers &#039;warmes, geschichtetes Wohnzimmer lie\u00df mich alles \u00fcberdenken, was ich \u00fcber den Stil wusste - Nachrichten - Stra\u00dfenweb<\/title>\n<meta name=\"robots\" content=\"index, follow, max-snippet:-1, max-image-preview:large, max-video-preview:-1\" \/>\n<link rel=\"canonical\" href=\"https:\/\/www.strassenweb.de\/nachrichten\/ich-habe-nicht-an-all-neutrales-design-geglaubt-aber-nancy-meyers-warmes-geschichtetes-wohnzimmer-liess-mich-alles-ueberdenken-was-ich-ueber-den-stil-wusste\/\" \/>\n<meta property=\"og:locale\" content=\"de_DE\" \/>\n<meta property=\"og:type\" content=\"article\" \/>\n<meta property=\"og:title\" content=\"Ich habe nicht an all-neutrales Design geglaubt-aber Nancy Meyers &#039;warmes, geschichtetes Wohnzimmer lie\u00df mich alles \u00fcberdenken, was ich \u00fcber den Stil wusste - Nachrichten - Stra\u00dfenweb\" \/>\n<meta property=\"og:description\" content=\"H\u00f6ren Sie: Ich liebe Neutrale genauso wie die n\u00e4chste Person. Aber ich w\u00fcrde nicht sagen, dass ich mich so sehr in die nat\u00fcrlichen Farbt\u00f6ne lehne,\" \/>\n<meta property=\"og:url\" content=\"https:\/\/www.strassenweb.de\/nachrichten\/ich-habe-nicht-an-all-neutrales-design-geglaubt-aber-nancy-meyers-warmes-geschichtetes-wohnzimmer-liess-mich-alles-ueberdenken-was-ich-ueber-den-stil-wusste\/\" \/>\n<meta property=\"og:site_name\" content=\"Stra\u00dfenweb\" \/>\n<meta property=\"article:publisher\" content=\"https:\/\/www.facebook.com\/strassenweb\/\" \/>\n<meta property=\"article:published_time\" content=\"2025-09-14T17:40:26+00:00\" \/>\n<meta property=\"article:modified_time\" content=\"2025-09-14T17:40:27+00:00\" \/>\n<meta property=\"og:image\" content=\"https:\/\/www.strassenweb.de\/nachrichten\/wp-content\/uploads\/2025\/01\/qattQd7CpWYu3ZLtJpjY5j.jpg\" \/>\n\t<meta property=\"og:image:width\" content=\"1\" \/>\n\t<meta property=\"og:image:height\" content=\"1\" \/>\n\t<meta property=\"og:image:type\" content=\"image\/jpeg\" \/>\n<meta name=\"author\" content=\"Robert Hoffmann\" \/>\n<meta name=\"twitter:card\" content=\"summary_large_image\" \/>\n<meta name=\"twitter:label1\" content=\"Verfasst von\" \/>\n\t<meta name=\"twitter:data1\" content=\"Robert Hoffmann\" \/>\n\t<meta name=\"twitter:label2\" content=\"Gesch\u00e4tzte Lesezeit\" \/>\n\t<meta name=\"twitter:data2\" content=\"2\u00a0Minuten\" \/>\n<script type=\"application\/ld+json\" class=\"yoast-schema-graph\">{\"@context\":\"https:\\\/\\\/schema.org\",\"@graph\":[{\"@type\":\"Article\",\"@id\":\"https:\\\/\\\/www.strassenweb.de\\\/nachrichten\\\/ich-habe-nicht-an-all-neutrales-design-geglaubt-aber-nancy-meyers-warmes-geschichtetes-wohnzimmer-liess-mich-alles-ueberdenken-was-ich-ueber-den-stil-wusste\\\/#article\",\"isPartOf\":{\"@id\":\"https:\\\/\\\/www.strassenweb.de\\\/nachrichten\\\/ich-habe-nicht-an-all-neutrales-design-geglaubt-aber-nancy-meyers-warmes-geschichtetes-wohnzimmer-liess-mich-alles-ueberdenken-was-ich-ueber-den-stil-wusste\\\/\"},\"author\":{\"name\":\"Robert Hoffmann\",\"@id\":\"https:\\\/\\\/www.strassenweb.de\\\/nachrichten\\\/#\\\/schema\\\/person\\\/87c9c9067f1211da429a744dc5a5aa41\"},\"headline\":\"Ich habe nicht an all-neutrales Design geglaubt-aber Nancy Meyers &#8218;warmes, geschichtetes Wohnzimmer lie\u00df mich alles \u00fcberdenken, was ich \u00fcber den Stil wusste\",\"datePublished\":\"2025-09-14T17:40:26+00:00\",\"dateModified\":\"2025-09-14T17:40:27+00:00\",\"mainEntityOfPage\":{\"@id\":\"https:\\\/\\\/www.strassenweb.de\\\/nachrichten\\\/ich-habe-nicht-an-all-neutrales-design-geglaubt-aber-nancy-meyers-warmes-geschichtetes-wohnzimmer-liess-mich-alles-ueberdenken-was-ich-ueber-den-stil-wusste\\\/\"},\"wordCount\":360,\"publisher\":{\"@id\":\"https:\\\/\\\/www.strassenweb.de\\\/nachrichten\\\/#organization\"},\"image\":{\"@id\":\"https:\\\/\\\/www.strassenweb.de\\\/nachrichten\\\/ich-habe-nicht-an-all-neutrales-design-geglaubt-aber-nancy-meyers-warmes-geschichtetes-wohnzimmer-liess-mich-alles-ueberdenken-was-ich-ueber-den-stil-wusste\\\/#primaryimage\"},\"thumbnailUrl\":\"https:\\\/\\\/www.strassenweb.de\\\/nachrichten\\\/wp-content\\\/uploads\\\/2025\\\/01\\\/qattQd7CpWYu3ZLtJpjY5j.jpg\",\"keywords\":[\"alles\",\"allneutrales\",\"den\",\"Design\",\"geglaubtaber\",\"geschichtetes\",\"habe\",\"ich\",\"lie\u00df\",\"Meyers\",\"mich\",\"Nancy\",\"nicht\",\"Stil\",\"\u00fcber\",\"\u00fcberdenken\",\"warmes\",\"Wohnzimmer\",\"wusste\"],\"articleSection\":[\"Haus &amp; Garten\"],\"inLanguage\":\"de\"},{\"@type\":\"WebPage\",\"@id\":\"https:\\\/\\\/www.strassenweb.de\\\/nachrichten\\\/ich-habe-nicht-an-all-neutrales-design-geglaubt-aber-nancy-meyers-warmes-geschichtetes-wohnzimmer-liess-mich-alles-ueberdenken-was-ich-ueber-den-stil-wusste\\\/\",\"url\":\"https:\\\/\\\/www.strassenweb.de\\\/nachrichten\\\/ich-habe-nicht-an-all-neutrales-design-geglaubt-aber-nancy-meyers-warmes-geschichtetes-wohnzimmer-liess-mich-alles-ueberdenken-was-ich-ueber-den-stil-wusste\\\/\",\"name\":\"Ich habe nicht an all-neutrales Design geglaubt-aber Nancy Meyers 'warmes, geschichtetes Wohnzimmer lie\u00df mich alles \u00fcberdenken, was ich \u00fcber den Stil wusste - Nachrichten - Stra\u00dfenweb\",\"isPartOf\":{\"@id\":\"https:\\\/\\\/www.strassenweb.de\\\/nachrichten\\\/#website\"},\"primaryImageOfPage\":{\"@id\":\"https:\\\/\\\/www.strassenweb.de\\\/nachrichten\\\/ich-habe-nicht-an-all-neutrales-design-geglaubt-aber-nancy-meyers-warmes-geschichtetes-wohnzimmer-liess-mich-alles-ueberdenken-was-ich-ueber-den-stil-wusste\\\/#primaryimage\"},\"image\":{\"@id\":\"https:\\\/\\\/www.strassenweb.de\\\/nachrichten\\\/ich-habe-nicht-an-all-neutrales-design-geglaubt-aber-nancy-meyers-warmes-geschichtetes-wohnzimmer-liess-mich-alles-ueberdenken-was-ich-ueber-den-stil-wusste\\\/#primaryimage\"},\"thumbnailUrl\":\"https:\\\/\\\/www.strassenweb.de\\\/nachrichten\\\/wp-content\\\/uploads\\\/2025\\\/01\\\/qattQd7CpWYu3ZLtJpjY5j.jpg\",\"datePublished\":\"2025-09-14T17:40:26+00:00\",\"dateModified\":\"2025-09-14T17:40:27+00:00\",\"breadcrumb\":{\"@id\":\"https:\\\/\\\/www.strassenweb.de\\\/nachrichten\\\/ich-habe-nicht-an-all-neutrales-design-geglaubt-aber-nancy-meyers-warmes-geschichtetes-wohnzimmer-liess-mich-alles-ueberdenken-was-ich-ueber-den-stil-wusste\\\/#breadcrumb\"},\"inLanguage\":\"de\",\"potentialAction\":[{\"@type\":\"ReadAction\",\"target\":[\"https:\\\/\\\/www.strassenweb.de\\\/nachrichten\\\/ich-habe-nicht-an-all-neutrales-design-geglaubt-aber-nancy-meyers-warmes-geschichtetes-wohnzimmer-liess-mich-alles-ueberdenken-was-ich-ueber-den-stil-wusste\\\/\"]}]},{\"@type\":\"ImageObject\",\"inLanguage\":\"de\",\"@id\":\"https:\\\/\\\/www.strassenweb.de\\\/nachrichten\\\/ich-habe-nicht-an-all-neutrales-design-geglaubt-aber-nancy-meyers-warmes-geschichtetes-wohnzimmer-liess-mich-alles-ueberdenken-was-ich-ueber-den-stil-wusste\\\/#primaryimage\",\"url\":\"https:\\\/\\\/www.strassenweb.de\\\/nachrichten\\\/wp-content\\\/uploads\\\/2025\\\/01\\\/qattQd7CpWYu3ZLtJpjY5j.jpg\",\"contentUrl\":\"https:\\\/\\\/www.strassenweb.de\\\/nachrichten\\\/wp-content\\\/uploads\\\/2025\\\/01\\\/qattQd7CpWYu3ZLtJpjY5j.jpg\",\"caption\":\"nancy meyers on a dark background\"},{\"@type\":\"BreadcrumbList\",\"@id\":\"https:\\\/\\\/www.strassenweb.de\\\/nachrichten\\\/ich-habe-nicht-an-all-neutrales-design-geglaubt-aber-nancy-meyers-warmes-geschichtetes-wohnzimmer-liess-mich-alles-ueberdenken-was-ich-ueber-den-stil-wusste\\\/#breadcrumb\",\"itemListElement\":[{\"@type\":\"ListItem\",\"position\":1,\"name\":\"Home\",\"item\":\"https:\\\/\\\/www.strassenweb.de\\\/nachrichten\\\/\"},{\"@type\":\"ListItem\",\"position\":2,\"name\":\"Ich habe nicht an all-neutrales Design geglaubt-aber Nancy Meyers &#8218;warmes, geschichtetes Wohnzimmer lie\u00df mich alles \u00fcberdenken, was ich \u00fcber den Stil wusste\"}]},{\"@type\":\"WebSite\",\"@id\":\"https:\\\/\\\/www.strassenweb.de\\\/nachrichten\\\/#website\",\"url\":\"https:\\\/\\\/www.strassenweb.de\\\/nachrichten\\\/\",\"name\":\"Stra\u00dfenweb\",\"description\":\"Stra\u00dfenverzeichnis f\u00fcr Deutschland\",\"publisher\":{\"@id\":\"https:\\\/\\\/www.strassenweb.de\\\/nachrichten\\\/#organization\"},\"potentialAction\":[{\"@type\":\"SearchAction\",\"target\":{\"@type\":\"EntryPoint\",\"urlTemplate\":\"https:\\\/\\\/www.strassenweb.de\\\/nachrichten\\\/?s={search_term_string}\"},\"query-input\":{\"@type\":\"PropertyValueSpecification\",\"valueRequired\":true,\"valueName\":\"search_term_string\"}}],\"inLanguage\":\"de\"},{\"@type\":\"Organization\",\"@id\":\"https:\\\/\\\/www.strassenweb.de\\\/nachrichten\\\/#organization\",\"name\":\"Stra\u00dfenweb\",\"url\":\"https:\\\/\\\/www.strassenweb.de\\\/nachrichten\\\/\",\"logo\":{\"@type\":\"ImageObject\",\"inLanguage\":\"de\",\"@id\":\"https:\\\/\\\/www.strassenweb.de\\\/nachrichten\\\/#\\\/schema\\\/logo\\\/image\\\/\",\"url\":\"https:\\\/\\\/www.strassenweb.de\\\/nachrichten\\\/wp-content\\\/uploads\\\/2024\\\/09\\\/cropped-favicon.png\",\"contentUrl\":\"https:\\\/\\\/www.strassenweb.de\\\/nachrichten\\\/wp-content\\\/uploads\\\/2024\\\/09\\\/cropped-favicon.png\",\"width\":512,\"height\":512,\"caption\":\"Stra\u00dfenweb\"},\"image\":{\"@id\":\"https:\\\/\\\/www.strassenweb.de\\\/nachrichten\\\/#\\\/schema\\\/logo\\\/image\\\/\"},\"sameAs\":[\"https:\\\/\\\/www.facebook.com\\\/strassenweb\\\/\"]},{\"@type\":\"Person\",\"@id\":\"https:\\\/\\\/www.strassenweb.de\\\/nachrichten\\\/#\\\/schema\\\/person\\\/87c9c9067f1211da429a744dc5a5aa41\",\"name\":\"Robert Hoffmann\",\"image\":{\"@type\":\"ImageObject\",\"inLanguage\":\"de\",\"@id\":\"https:\\\/\\\/www.strassenweb.de\\\/nachrichten\\\/wp-content\\\/uploads\\\/2024\\\/09\\\/strassenweb-150x150.jpg\",\"url\":\"https:\\\/\\\/www.strassenweb.de\\\/nachrichten\\\/wp-content\\\/uploads\\\/2024\\\/09\\\/strassenweb-150x150.jpg\",\"contentUrl\":\"https:\\\/\\\/www.strassenweb.de\\\/nachrichten\\\/wp-content\\\/uploads\\\/2024\\\/09\\\/strassenweb-150x150.jpg\",\"caption\":\"Robert Hoffmann\"},\"description\":\"Ich hei\u00dfe Robert Hoffmann und ich bin ein leidenschaftlicher Verfechter von \u00d6kologie und Biodiversit\u00e4t. Seit meiner Kindheit in den W\u00e4ldern Bayerns f\u00fchle ich mich mit der Natur verbunden und bin entschlossen, sie zu sch\u00fctzen. Heute widme ich mein Leben der Sensibilisierung anderer f\u00fcr die Bedeutung des Umweltschutzes f\u00fcr zuk\u00fcnftige Generationen.\",\"sameAs\":[\"https:\\\/\\\/www.strassenweb.de\\\/\"]}]}<\/script>\n<!-- \/ Yoast SEO plugin. -->","yoast_head_json":{"title":"Ich habe nicht an all-neutrales Design geglaubt-aber Nancy Meyers 'warmes, geschichtetes Wohnzimmer lie\u00df mich alles \u00fcberdenken, was ich \u00fcber den Stil wusste - Nachrichten - Stra\u00dfenweb","robots":{"index":"index","follow":"follow","max-snippet":"max-snippet:-1","max-image-preview":"max-image-preview:large","max-video-preview":"max-video-preview:-1"},"canonical":"https:\/\/www.strassenweb.de\/nachrichten\/ich-habe-nicht-an-all-neutrales-design-geglaubt-aber-nancy-meyers-warmes-geschichtetes-wohnzimmer-liess-mich-alles-ueberdenken-was-ich-ueber-den-stil-wusste\/","og_locale":"de_DE","og_type":"article","og_title":"Ich habe nicht an all-neutrales Design geglaubt-aber Nancy Meyers 'warmes, geschichtetes Wohnzimmer lie\u00df mich alles \u00fcberdenken, was ich \u00fcber den Stil wusste - Nachrichten - Stra\u00dfenweb","og_description":"H\u00f6ren Sie: Ich liebe Neutrale genauso wie die n\u00e4chste Person. Aber ich w\u00fcrde nicht sagen, dass ich mich so sehr in die nat\u00fcrlichen Farbt\u00f6ne lehne,","og_url":"https:\/\/www.strassenweb.de\/nachrichten\/ich-habe-nicht-an-all-neutrales-design-geglaubt-aber-nancy-meyers-warmes-geschichtetes-wohnzimmer-liess-mich-alles-ueberdenken-was-ich-ueber-den-stil-wusste\/","og_site_name":"Stra\u00dfenweb","article_publisher":"https:\/\/www.facebook.com\/strassenweb\/","article_published_time":"2025-09-14T17:40:26+00:00","article_modified_time":"2025-09-14T17:40:27+00:00","og_image":[{"url":"https:\/\/www.strassenweb.de\/nachrichten\/wp-content\/uploads\/2025\/01\/qattQd7CpWYu3ZLtJpjY5j.jpg","width":1,"height":1,"type":"image\/jpeg"}],"author":"Robert Hoffmann","twitter_card":"summary_large_image","twitter_misc":{"Verfasst von":"Robert Hoffmann","Gesch\u00e4tzte Lesezeit":"2\u00a0Minuten"},"schema":{"@context":"https:\/\/schema.org","@graph":[{"@type":"Article","@id":"https:\/\/www.strassenweb.de\/nachrichten\/ich-habe-nicht-an-all-neutrales-design-geglaubt-aber-nancy-meyers-warmes-geschichtetes-wohnzimmer-liess-mich-alles-ueberdenken-was-ich-ueber-den-stil-wusste\/#article","isPartOf":{"@id":"https:\/\/www.strassenweb.de\/nachrichten\/ich-habe-nicht-an-all-neutrales-design-geglaubt-aber-nancy-meyers-warmes-geschichtetes-wohnzimmer-liess-mich-alles-ueberdenken-was-ich-ueber-den-stil-wusste\/"},"author":{"name":"Robert Hoffmann","@id":"https:\/\/www.strassenweb.de\/nachrichten\/#\/schema\/person\/87c9c9067f1211da429a744dc5a5aa41"},"headline":"Ich habe nicht an all-neutrales Design geglaubt-aber Nancy Meyers &#8218;warmes, geschichtetes Wohnzimmer lie\u00df mich alles \u00fcberdenken, was ich \u00fcber den Stil wusste","datePublished":"2025-09-14T17:40:26+00:00","dateModified":"2025-09-14T17:40:27+00:00","mainEntityOfPage":{"@id":"https:\/\/www.strassenweb.de\/nachrichten\/ich-habe-nicht-an-all-neutrales-design-geglaubt-aber-nancy-meyers-warmes-geschichtetes-wohnzimmer-liess-mich-alles-ueberdenken-was-ich-ueber-den-stil-wusste\/"},"wordCount":360,"publisher":{"@id":"https:\/\/www.strassenweb.de\/nachrichten\/#organization"},"image":{"@id":"https:\/\/www.strassenweb.de\/nachrichten\/ich-habe-nicht-an-all-neutrales-design-geglaubt-aber-nancy-meyers-warmes-geschichtetes-wohnzimmer-liess-mich-alles-ueberdenken-was-ich-ueber-den-stil-wusste\/#primaryimage"},"thumbnailUrl":"https:\/\/www.strassenweb.de\/nachrichten\/wp-content\/uploads\/2025\/01\/qattQd7CpWYu3ZLtJpjY5j.jpg","keywords":["alles","allneutrales","den","Design","geglaubtaber","geschichtetes","habe","ich","lie\u00df","Meyers","mich","Nancy","nicht","Stil","\u00fcber","\u00fcberdenken","warmes","Wohnzimmer","wusste"],"articleSection":["Haus &amp; Garten"],"inLanguage":"de"},{"@type":"WebPage","@id":"https:\/\/www.strassenweb.de\/nachrichten\/ich-habe-nicht-an-all-neutrales-design-geglaubt-aber-nancy-meyers-warmes-geschichtetes-wohnzimmer-liess-mich-alles-ueberdenken-was-ich-ueber-den-stil-wusste\/","url":"https:\/\/www.strassenweb.de\/nachrichten\/ich-habe-nicht-an-all-neutrales-design-geglaubt-aber-nancy-meyers-warmes-geschichtetes-wohnzimmer-liess-mich-alles-ueberdenken-was-ich-ueber-den-stil-wusste\/","name":"Ich habe nicht an all-neutrales Design geglaubt-aber Nancy Meyers 'warmes, geschichtetes Wohnzimmer lie\u00df mich alles \u00fcberdenken, was ich \u00fcber den Stil wusste - Nachrichten - Stra\u00dfenweb","isPartOf":{"@id":"https:\/\/www.strassenweb.de\/nachrichten\/#website"},"primaryImageOfPage":{"@id":"https:\/\/www.strassenweb.de\/nachrichten\/ich-habe-nicht-an-all-neutrales-design-geglaubt-aber-nancy-meyers-warmes-geschichtetes-wohnzimmer-liess-mich-alles-ueberdenken-was-ich-ueber-den-stil-wusste\/#primaryimage"},"image":{"@id":"https:\/\/www.strassenweb.de\/nachrichten\/ich-habe-nicht-an-all-neutrales-design-geglaubt-aber-nancy-meyers-warmes-geschichtetes-wohnzimmer-liess-mich-alles-ueberdenken-was-ich-ueber-den-stil-wusste\/#primaryimage"},"thumbnailUrl":"https:\/\/www.strassenweb.de\/nachrichten\/wp-content\/uploads\/2025\/01\/qattQd7CpWYu3ZLtJpjY5j.jpg","datePublished":"2025-09-14T17:40:26+00:00","dateModified":"2025-09-14T17:40:27+00:00","breadcrumb":{"@id":"https:\/\/www.strassenweb.de\/nachrichten\/ich-habe-nicht-an-all-neutrales-design-geglaubt-aber-nancy-meyers-warmes-geschichtetes-wohnzimmer-liess-mich-alles-ueberdenken-was-ich-ueber-den-stil-wusste\/#breadcrumb"},"inLanguage":"de","potentialAction":[{"@type":"ReadAction","target":["https:\/\/www.strassenweb.de\/nachrichten\/ich-habe-nicht-an-all-neutrales-design-geglaubt-aber-nancy-meyers-warmes-geschichtetes-wohnzimmer-liess-mich-alles-ueberdenken-was-ich-ueber-den-stil-wusste\/"]}]},{"@type":"ImageObject","inLanguage":"de","@id":"https:\/\/www.strassenweb.de\/nachrichten\/ich-habe-nicht-an-all-neutrales-design-geglaubt-aber-nancy-meyers-warmes-geschichtetes-wohnzimmer-liess-mich-alles-ueberdenken-was-ich-ueber-den-stil-wusste\/#primaryimage","url":"https:\/\/www.strassenweb.de\/nachrichten\/wp-content\/uploads\/2025\/01\/qattQd7CpWYu3ZLtJpjY5j.jpg","contentUrl":"https:\/\/www.strassenweb.de\/nachrichten\/wp-content\/uploads\/2025\/01\/qattQd7CpWYu3ZLtJpjY5j.jpg","caption":"nancy meyers on a dark background"},{"@type":"BreadcrumbList","@id":"https:\/\/www.strassenweb.de\/nachrichten\/ich-habe-nicht-an-all-neutrales-design-geglaubt-aber-nancy-meyers-warmes-geschichtetes-wohnzimmer-liess-mich-alles-ueberdenken-was-ich-ueber-den-stil-wusste\/#breadcrumb","itemListElement":[{"@type":"ListItem","position":1,"name":"Home","item":"https:\/\/www.strassenweb.de\/nachrichten\/"},{"@type":"ListItem","position":2,"name":"Ich habe nicht an all-neutrales Design geglaubt-aber Nancy Meyers &#8218;warmes, geschichtetes Wohnzimmer lie\u00df mich alles \u00fcberdenken, was ich \u00fcber den Stil wusste"}]},{"@type":"WebSite","@id":"https:\/\/www.strassenweb.de\/nachrichten\/#website","url":"https:\/\/www.strassenweb.de\/nachrichten\/","name":"Stra\u00dfenweb","description":"Stra\u00dfenverzeichnis f\u00fcr Deutschland","publisher":{"@id":"https:\/\/www.strassenweb.de\/nachrichten\/#organization"},"potentialAction":[{"@type":"SearchAction","target":{"@type":"EntryPoint","urlTemplate":"https:\/\/www.strassenweb.de\/nachrichten\/?s={search_term_string}"},"query-input":{"@type":"PropertyValueSpecification","valueRequired":true,"valueName":"search_term_string"}}],"inLanguage":"de"},{"@type":"Organization","@id":"https:\/\/www.strassenweb.de\/nachrichten\/#organization","name":"Stra\u00dfenweb","url":"https:\/\/www.strassenweb.de\/nachrichten\/","logo":{"@type":"ImageObject","inLanguage":"de","@id":"https:\/\/www.strassenweb.de\/nachrichten\/#\/schema\/logo\/image\/","url":"https:\/\/www.strassenweb.de\/nachrichten\/wp-content\/uploads\/2024\/09\/cropped-favicon.png","contentUrl":"https:\/\/www.strassenweb.de\/nachrichten\/wp-content\/uploads\/2024\/09\/cropped-favicon.png","width":512,"height":512,"caption":"Stra\u00dfenweb"},"image":{"@id":"https:\/\/www.strassenweb.de\/nachrichten\/#\/schema\/logo\/image\/"},"sameAs":["https:\/\/www.facebook.com\/strassenweb\/"]},{"@type":"Person","@id":"https:\/\/www.strassenweb.de\/nachrichten\/#\/schema\/person\/87c9c9067f1211da429a744dc5a5aa41","name":"Robert Hoffmann","image":{"@type":"ImageObject","inLanguage":"de","@id":"https:\/\/www.strassenweb.de\/nachrichten\/wp-content\/uploads\/2024\/09\/strassenweb-150x150.jpg","url":"https:\/\/www.strassenweb.de\/nachrichten\/wp-content\/uploads\/2024\/09\/strassenweb-150x150.jpg","contentUrl":"https:\/\/www.strassenweb.de\/nachrichten\/wp-content\/uploads\/2024\/09\/strassenweb-150x150.jpg","caption":"Robert Hoffmann"},"description":"Ich hei\u00dfe Robert Hoffmann und ich bin ein leidenschaftlicher Verfechter von \u00d6kologie und Biodiversit\u00e4t. Seit meiner Kindheit in den W\u00e4ldern Bayerns f\u00fchle ich mich mit der Natur verbunden und bin entschlossen, sie zu sch\u00fctzen. Heute widme ich mein Leben der Sensibilisierung anderer f\u00fcr die Bedeutung des Umweltschutzes f\u00fcr zuk\u00fcnftige Generationen.","sameAs":["https:\/\/www.strassenweb.de\/"]}]}},"_links":{"self":[{"href":"https:\/\/www.strassenweb.de\/nachrichten\/wp-json\/wp\/v2\/posts\/7717","targetHints":{"allow":["GET"]}}],"collection":[{"href":"https:\/\/www.strassenweb.de\/nachrichten\/wp-json\/wp\/v2\/posts"}],"about":[{"href":"https:\/\/www.strassenweb.de\/nachrichten\/wp-json\/wp\/v2\/types\/post"}],"author":[{"embeddable":true,"href":"https:\/\/www.strassenweb.de\/nachrichten\/wp-json\/wp\/v2\/users\/1"}],"replies":[{"embeddable":true,"href":"https:\/\/www.strassenweb.de\/nachrichten\/wp-json\/wp\/v2\/comments?post=7717"}],"version-history":[{"count":0,"href":"https:\/\/www.strassenweb.de\/nachrichten\/wp-json\/wp\/v2\/posts\/7717\/revisions"}],"wp:featuredmedia":[{"embeddable":true,"href":"https:\/\/www.strassenweb.de\/nachrichten\/wp-json\/wp\/v2\/media\/7718"}],"wp:attachment":[{"href":"https:\/\/www.strassenweb.de\/nachrichten\/wp-json\/wp\/v2\/media?parent=7717"}],"wp:term":[{"taxonomy":"category","embeddable":true,"href":"https:\/\/www.strassenweb.de\/nachrichten\/wp-json\/wp\/v2\/categories?post=7717"},{"taxonomy":"post_tag","embeddable":true,"href":"https:\/\/www.strassenweb.de\/nachrichten\/wp-json\/wp\/v2\/tags?post=7717"}],"curies":[{"name":"wp","href":"https:\/\/api.w.org\/{rel}","templated":true}]}}