{"id":771,"date":"2024-10-09T22:46:45","date_gmt":"2024-10-09T20:46:45","guid":{"rendered":"https:\/\/www.strassenweb.de\/nachrichten\/ich-habe-diese-espressomaschine-nur-gekauft-weil-sie-winzig-war-5-jahre-spaeter-ist-sie-mein-lieblingsgeraet-das-ich-besitze-und-derzeit-gibt-es-bei-amazon-20-rabatt\/"},"modified":"2024-10-09T22:46:46","modified_gmt":"2024-10-09T20:46:46","slug":"ich-habe-diese-espressomaschine-nur-gekauft-weil-sie-winzig-war-5-jahre-spaeter-ist-sie-mein-lieblingsgeraet-das-ich-besitze-und-derzeit-gibt-es-bei-amazon-20-rabatt","status":"publish","type":"post","link":"https:\/\/www.strassenweb.de\/nachrichten\/ich-habe-diese-espressomaschine-nur-gekauft-weil-sie-winzig-war-5-jahre-spaeter-ist-sie-mein-lieblingsgeraet-das-ich-besitze-und-derzeit-gibt-es-bei-amazon-20-rabatt\/","title":{"rendered":"Ich habe diese Espressomaschine nur gekauft, weil sie winzig war \u2013 5 Jahre sp\u00e4ter ist sie mein Lieblingsger\u00e4t, das ich besitze (und derzeit gibt es bei Amazon 20 % Rabatt)"},"content":{"rendered":"<div id=\"article-body\" class=\"article__body \">\n<p>Ich habe eine kleine K\u00fcche und ich liebe Kaffee. Vor f\u00fcnf Amazon-Prime-Tagen (sprich: vor etwa f\u00fcnf Jahren) t\u00e4tigte ich einen schnellen, nicht ganz so gr\u00fcndlich recherchierten Kauf und investierte in die De&#8217;Longhi Dedica, und ich bin dieser spontanen Entscheidung seitdem dankbar.<\/p>\n<div id=\"ad-unit-1\" class=\"ad-unit\"><\/div>\n<p>Es war die Gr\u00f6\u00dfe, die mich \u00fcberzeugte. Diese Espressomaschine ist nur 6 Zoll breit und 12 Zoll hoch. Und etwas, das auf meine Arbeitsplatte passt und mir viel Platz f\u00fcr meine \u00fcberaus wichtige Dekoration l\u00e4sst, stand ganz oben auf meiner Priorit\u00e4tenliste.<\/p>\n<aside class=\"hawk-nest\" data-render-type=\"fte\" data-skip=\"dealsy\" data-widget-type=\"seasonal\"><\/aside>\n<p>Der Preis stand an zweiter Stelle nach Gr\u00f6\u00dfe und \u00c4sthetik. Ich trinke jeden Tag Kaffee, also war ich nicht auf der Suche nach etwas Superbilligem, das nicht lange h\u00e4lt oder gro\u00dfartigen Kaffee macht, aber ich hatte auch meinen ersten Job, zahlte wahnsinnige Miete und das Geld war relativ knapp, also etwas im mittleren Preissegment stand auf dem Plan. Ich kann mich nicht mehr an den genauen Preis erinnern, den ich damals gezahlt habe, aber ich sch\u00e4tze, er lag unter 200 US-Dollar. Als ich also im Amazon Prime Day-Sale sah, dass meine beliebte Maschine 20 % und nur 159,95 $ kostete, musste ich etwas L\u00e4rm machen, da ich denke, dass es eines der besten Kaffeemaschinen-Angebote ist, die es derzeit gibt.<\/p>\n<div id=\"desktop-in-article\" class=\"in-article ad-unit\">\n<div id=\"desktop-taboola-mid-article\"><\/div>\n<\/div>\n<div id=\"mobile-in-article\" class=\"in-article ad-unit\">\n<div id=\"mobile-taboola-mid-article\"><\/div>\n<\/div>\n<div class=\"hawk-nest\" data-image=\"https:\/\/www.strassenweb.de\/nachrichten\/wp-content\/uploads\/2024\/10\/3oNYrnKTcZp5BsPEW5bJp8-200-100.jpg\" data-link=\"https:\/\/target.georiot.com\/Proxy.ashx?tsid=107655&amp;GR_URL=https%3A%2F%2Famazon.com%2Fdp%2FB00KA8YC6A%2Fref%3Dtwister_B0CXYGJNJN%3F_encoding%3DUTF8%26th%3D1%26tag%3Dhawk-future-20%26ascsubtag%3Dhawk-custom-tracking-20\" data-link-merchant=\"Amazon US\" data-link-text=\"View Deal\" data-model-name=\"De'Longhi EC680M Espresso, Stainless Steel, Silver\" data-model-product-name=\"De'Longhi EC680M Espresso, Stainless Steel, Silver\" data-show-fallback=\"button\" data-webp-image=\"https:\/\/www.strassenweb.de\/nachrichten\/wp-content\/uploads\/2024\/10\/3oNYrnKTcZp5BsPEW5bJp8-200-100.jpg.webp\" data-widget-introduction=\"&lt;p&gt;&lt;strong&gt;De'Longhi EC680M Espresso, Stainless Steel, Silver | &lt;\/strong&gt;&lt;a href=&quot;https:\/\/target.georiot.com\/Proxy.ashx?tsid=107655&amp;GR_URL=https%3A%2F%2Famazon.com%2Fdp%2FB00KA8YC6A%2Fref%3Dtwister_B0CXYGJNJN%3F_encoding%3DUTF8%26th%3D1%26tag%3Dhawk-future-20%26ascsubtag%3Dhawk-custom-tracking-20&quot; data-link-merchant=&quot;Amazon US&quot;&quot; target=&quot;_blank&quot; rel=&quot;nofollow&quot;&gt;&lt;strong&gt;Was $199.95 now $159.95&lt;\/strong&gt;&lt;\/a&gt;&lt;\/p&gt;&lt;p&gt;There are a lot of coffee machine deals going on on Amazon right now it's almost overwhelming. So let me help you. If you want a small, sleek, fast, easy-to-use coffee machine that's at a good price point and good quality, this is it. &lt;\/p&gt;\" data-widget-type=\"deal\" data-render-type=\"editorial\">\n<div class=\"hawk-master-widget-hawk-base-wrapper\">\n<div class=\"hawk-deal-widget-container\">\n<div class=\"hawk-deal-widget-wrap\">\n<div class=\"hawk-deal-widget-image-container\"><\/div>\n<div class=\"hawk-deal-widget-main\"><span class=\"hawk-deal-widget-product-title hawk-deal-widget-capitalize\">De&#8217;Longhi EC680M Espresso, Edelstahl, Silber: <\/span><span class=\"hawk-deal-widget-retailer\">bei Amazon US<\/span><\/p>\n<p xmlns=\"http:\/\/www.w3.org\/1999\/xhtml\"><strong>De&#8217;Longhi EC680M Espresso, Edelstahl, Silber | <\/strong><strong>Vorher 199,95 $, jetzt 159,95 $<\/strong><\/p>\n<p>Derzeit gibt es auf Amazon so viele Angebote f\u00fcr Kaffeemaschinen, dass es fast \u00fcberw\u00e4ltigend ist. Also lass mich dir helfen. Wenn Sie eine kleine, elegante, schnelle und einfach zu bedienende Kaffeemaschine zu einem guten Preis und von guter Qualit\u00e4t suchen, dann ist dies genau das Richtige. <\/p>\n<\/div>\n<\/div>\n<div class=\"hawk-deal-widget-footer\">\n<div class=\"hawk-deal-widget-button-wrapper\">\n<div class=\"hawk-deal-widget-preferred-partner-wrapper\"><span>Angebot ansehen<\/span><\/div>\n<\/div>\n<\/div>\n<\/div>\n<\/div>\n<\/div>\n<p>Okay, ich habe gesagt, das ist klein, ich habe gesagt, das ist elegant. Jetzt reden wir \u00fcber die Leistung. Wie gut ist der Kaffee? Und wie einfach ist die Anwendung? Lassen Sie mich kurz meine Kaffeeroutine erl\u00e4utern, damit Sie verstehen, wie schnell sie geht.<\/p>\n<div class=\"van_vid_carousel\">\n<div class=\"van_vid_carousel__padding\">\n<div class=\"van_vid_carousel__container\"><\/div>\n<\/div>\n<\/div>\n<p>Ich f\u00fclle den Siebtr\u00e4ger mit meinem gemahlenen Lieblingskaffee und presse ihn mit dem originalen Tamper, der meiner Maschine beilag, fest, raste ihn ein und dr\u00fccke die Double-Shot-Taste. Selbst wenn ich gerade kaltes Wasser in den Wassertank gef\u00fcllt habe, kommt der Espresso sofort hei\u00df heraus. Es gibt jedes Mal eine dicke Crema und k\u00f6stlichen starken Kaffee darunter. Ich liebe Kaffee, aber ich mag keine Aufregung, also ist das alles, was ich brauche.<\/p>\n<div id=\"ad-unit-2\" class=\"ad-unit\"><\/div>\n<p>Ich benutze den Milchaufsch\u00e4umer seltener, aber immer noch ein paar Mal pro Woche (Milchkaffee ist f\u00fcr die Wochenenden). Es ist auch super einfach, eine tolle Dampfd\u00fcse f\u00fcr Anf\u00e4nger (was ich war, als ich diese Maschine kaufte). Es verleiht Milch auf Milch- und Pflanzenbasis eine sch\u00f6ne und schnelle Textur. Wie bei allen Dampfd\u00fcsen ist die Reinigung etwas m\u00fchsam, aber nicht zeitaufw\u00e4ndiger als bei jedem anderen Modell, das ich verwendet habe.<\/p>\n<p>F\u00fcnf Jahre sp\u00e4ter l\u00e4uft meine De&#8217;Longhi Dedica immer noch einwandfrei, und ich kann mir nicht vorstellen, dass ich sie in absehbarer Zeit ersetzen werde. Sie funktioniert noch genauso gut wie an dem Tag, als ich sie gekauft habe. Aber seit ich meine Maschine erworben habe, wurde ein Upgrade ver\u00f6ffentlicht, die De&#8217;Longhi Dedica Arte, die ebenfalls an diesem Amazon Prime Day f\u00fcr 199,95 $ (statt 299,95 $) im Angebot ist.<\/p>\n<div id=\"slice-container-newsletterForm-articleInbodyContent-hkycBnhGT89FxVz8hjWaqW\" class=\"slice-container newsletter-inbodyContent-slice newsletterForm-articleInbodyContent-hkycBnhGT89FxVz8hjWaqW slice-container-newsletterForm\"><\/div>\n<div class=\"hawk-nest\" data-image=\"https:\/\/www.strassenweb.de\/nachrichten\/wp-content\/uploads\/2024\/10\/hcuLYLNDPCgno6htzMi8Qb-200-100.jpg\" data-link=\"https:\/\/target.georiot.com\/Proxy.ashx?tsid=107655&amp;GR_URL=https%3A%2F%2Famazon.com%2FDeLonghi-EC885M-Dedica-Espresso-Machine%2Fdp%2FB09HLB4DP4%2Fref%3Dsr_1_1%3Fdib%3DeyJ2IjoiMSJ9.3lHA9CFJ0-PVg-ePbnQKpVkeml58P_VcjM_-lMTZNyejMVO14wc6_ksylbuNsIGz4ViUX1WVFBARoWJwIaDKkrbK92vuskK2Qx6c5U9No7emJYyFmdbmszsehY0UVrDDhwU3UCDe1yBqA3h4XdaJDnqI0puZMub3lB711sHV1aHPAcw0_A1qS4oPr9pI1s3aXFmU5e98oUjF3jILBJsLyNjcpwlHfdmefKAFyF0Xm1qOmAHv1x2AXAVNGIlBEFUClPv_e3mtY5rVCQuK79ovha-tVmQD10ijIOwerrhB22I.S6b65-MNg3OttsbZL3T02XY0fpRTj1k6YPuSfyaOXJM%26dib_tag%3Dse%26keywords%3DDedica%2BArte%26qid%3D1728487572%26sr%3D8-1%26tag%3Dhawk-future-20%26ascsubtag%3Dhawk-custom-tracking-20\" data-link-merchant=\"Amazon US\" data-link-text=\"View Deal\" data-model-name=\"De'Longhi Dedica Arte Espresso Machine | Was $299.95 now $199.95 at Amazon\" data-show-fallback=\"button\" data-webp-image=\"https:\/\/www.strassenweb.de\/nachrichten\/wp-content\/uploads\/2024\/10\/hcuLYLNDPCgno6htzMi8Qb-200-100.jpg.webp\" data-widget-introduction=\"&lt;p&gt;&lt;strong&gt;De'Longhi Dedica Arte Espresso Machine | &lt;\/strong&gt;&lt;a href=&quot;https:\/\/target.georiot.com\/Proxy.ashx?tsid=107655&amp;GR_URL=https%3A%2F%2Famazon.com%2FDeLonghi-EC885M-Dedica-Espresso-Machine%2Fdp%2FB09HLB4DP4%2Fref%3Dsr_1_1%3Fdib%3DeyJ2IjoiMSJ9.3lHA9CFJ0-PVg-ePbnQKpVkeml58P_VcjM_-lMTZNyejMVO14wc6_ksylbuNsIGz4ViUX1WVFBARoWJwIaDKkrbK92vuskK2Qx6c5U9No7emJYyFmdbmszsehY0UVrDDhwU3UCDe1yBqA3h4XdaJDnqI0puZMub3lB711sHV1aHPAcw0_A1qS4oPr9pI1s3aXFmU5e98oUjF3jILBJsLyNjcpwlHfdmefKAFyF0Xm1qOmAHv1x2AXAVNGIlBEFUClPv_e3mtY5rVCQuK79ovha-tVmQD10ijIOwerrhB22I.S6b65-MNg3OttsbZL3T02XY0fpRTj1k6YPuSfyaOXJM%26dib_tag%3Dse%26keywords%3DDedica%2BArte%26qid%3D1728487572%26sr%3D8-1%26tag%3Dhawk-future-20%26ascsubtag%3Dhawk-custom-tracking-20&quot; data-link-merchant=&quot;Amazon US&quot;&quot; target=&quot;_blank&quot; rel=&quot;nofollow&quot;&gt;&lt;strong&gt;Was $299.95 now $199.95 at Amazon&lt;\/strong&gt;&lt;\/a&gt;&lt;\/p&gt;&lt;p&gt;At first glance, the Arte looks very similar to my coffee machine. And it is very close, this model has the same small specs, and is just as easy to use \u2013 arguably easier in fact as the steam wand is longer and easier to control. Plus there's less plastic going on than in the older model so just looks a bit sleeker. Laura, our coffee maker expert on &lt;em&gt;H&amp;G&lt;\/em&gt; &lt;a href=&quot;https:\/\/www.homesandgardens.com\/reviews\/delonghi-dedica-arte-review&quot; data-link-merchant=&quot;homesandgardens.com&quot;&quot; data-link-merchant=&quot;Amazon US&quot;&quot;&gt;reviewed this model&lt;\/a&gt; and gave it 4 stars and a rave write up for all the same reasons I love my original Dedica. &lt;\/p&gt;\" data-widget-type=\"deal\" data-render-type=\"editorial\">\n<div class=\"hawk-master-widget-hawk-base-wrapper\">\n<div class=\"hawk-deal-widget-container\">\n<div class=\"hawk-deal-widget-wrap\">\n<div class=\"hawk-deal-widget-image-container\"><img decoding=\"async\" src=\"https:\/\/www.strassenweb.de\/nachrichten\/wp-content\/uploads\/2024\/10\/hcuLYLNDPCgno6htzMi8Qb-200-100.jpg\" alt=\"De'Longhi Dedica Arte Espressomaschine | Vorher 299,95 $, jetzt 199,95 $ bei Amazon\" title=\"De'Longhi Dedica Arte Espressomaschine | Vorher 299,95 $, jetzt 199,95 $ bei Amazon\" class=\"hawk-lazy-image-deal-widget\" draggable=\"false\" loading=\"lazy\" width=\"140\" height=\"160\"><\/div>\n<div class=\"hawk-deal-widget-main\">\n<p xmlns=\"http:\/\/www.w3.org\/1999\/xhtml\"><strong>De&#8217;Longhi Dedica Arte Espressomaschine | <\/strong><strong>Vorher 299,95 $, jetzt 199,95 $ bei Amazon<\/strong><\/p>\n<p>Auf den ersten Blick sieht die Arte meiner Kaffeemaschine sehr \u00e4hnlich. Und es ist ganz nah dran, dieses Modell hat die gleichen kleinen Spezifikationen und ist genauso einfach zu bedienen \u2013 wohl sogar einfacher, da die Dampfd\u00fcse l\u00e4nger und einfacher zu bedienen ist. Au\u00dferdem ist weniger Plastik verbaut als beim \u00e4lteren Modell, sodass es einfach etwas schlanker aussieht. Laura, unsere Expertin f\u00fcr Kaffeemaschinen <em>H&#038;G<\/em> Ich habe dieses Modell bewertet und ihm 4 Sterne und eine begeisterte Bewertung gegeben, aus den gleichen Gr\u00fcnden, aus denen ich meine urspr\u00fcngliche Dedica liebe. <\/p>\n<\/div>\n<\/div>\n<div class=\"hawk-deal-widget-footer\">\n<div class=\"hawk-deal-widget-button-wrapper\">\n<div class=\"hawk-deal-widget-preferred-partner-wrapper\"><span>Angebot ansehen<\/span><\/div>\n<\/div>\n<\/div>\n<\/div>\n<\/div>\n<\/div>\n<hr>\n<p>Wenn Sie auf der Suche nach einer kleinen, gro\u00dfartig aussehenden Kaffeemaschine sind, die unkompliziert ist, aber gro\u00dfartigen Kaffee zubereitet, dann bin ich bei der Dedica genau richtig. Es macht Freude, es jeden Tag zu benutzen, und es ist so fester Bestandteil meiner Routine, dass ich denke, selbst wenn es ausfallen w\u00fcrde, w\u00fcrde ich es durch genau dasselbe Ger\u00e4t ersetzen.<\/p>\n<div class=\"tag-links\">\n<div class=\"tag-links__title\">Themen<\/div>\n<div class=\"tag-links__links\">\n<p>Amazon Prime Day\n<\/p><\/div>\n<\/div>\n<\/div>\n","protected":false},"excerpt":{"rendered":"<p>Ich habe eine kleine K\u00fcche und ich liebe Kaffee. Vor f\u00fcnf Amazon-Prime-Tagen (sprich: vor etwa f\u00fcnf Jahren) t\u00e4tigte ich einen schnellen, nicht ganz so gr\u00fcndlich<\/p>\n","protected":false},"author":1,"featured_media":772,"comment_status":"closed","ping_status":"","sticky":false,"template":"","format":"standard","meta":{"footnotes":""},"categories":[118],"tags":[921,152,1543,112,1473,143,1539,1540,53,823,129,15,831,1433,778,54,1544,165,1163,37,1495,1541,1542],"class_list":["post-771","post","type-post","status-publish","format-standard","has-post-thumbnail","hentry","category-haus-garten","tag-amazon","tag-bei","tag-besitze","tag-das","tag-derzeit","tag-diese","tag-espressomaschine","tag-gekauft","tag-gibt","tag-habe","tag-ich","tag-ist","tag-jahre","tag-lieblingsgeraet","tag-mein","tag-nur","tag-rabatt","tag-sie","tag-spaeter","tag-und","tag-war","tag-weil","tag-winzig","generate-columns","tablet-grid-50","mobile-grid-100","grid-parent","grid-50"],"yoast_head":"<!-- This site is optimized with the Yoast SEO plugin v27.3 - https:\/\/yoast.com\/product\/yoast-seo-wordpress\/ -->\n<title>Ich habe diese Espressomaschine nur gekauft, weil sie winzig war \u2013 5 Jahre sp\u00e4ter ist sie mein Lieblingsger\u00e4t, das ich besitze (und derzeit gibt es bei Amazon 20 % Rabatt) - Nachrichten - Stra\u00dfenweb<\/title>\n<meta name=\"robots\" content=\"index, follow, max-snippet:-1, max-image-preview:large, max-video-preview:-1\" \/>\n<link rel=\"canonical\" href=\"https:\/\/www.strassenweb.de\/nachrichten\/ich-habe-diese-espressomaschine-nur-gekauft-weil-sie-winzig-war-5-jahre-spaeter-ist-sie-mein-lieblingsgeraet-das-ich-besitze-und-derzeit-gibt-es-bei-amazon-20-rabatt\/\" \/>\n<meta property=\"og:locale\" content=\"de_DE\" \/>\n<meta property=\"og:type\" content=\"article\" \/>\n<meta property=\"og:title\" content=\"Ich habe diese Espressomaschine nur gekauft, weil sie winzig war \u2013 5 Jahre sp\u00e4ter ist sie mein Lieblingsger\u00e4t, das ich besitze (und derzeit gibt es bei Amazon 20 % Rabatt) - Nachrichten - Stra\u00dfenweb\" \/>\n<meta property=\"og:description\" content=\"Ich habe eine kleine K\u00fcche und ich liebe Kaffee. Vor f\u00fcnf Amazon-Prime-Tagen (sprich: vor etwa f\u00fcnf Jahren) t\u00e4tigte ich einen schnellen, nicht ganz so gr\u00fcndlich\" \/>\n<meta property=\"og:url\" content=\"https:\/\/www.strassenweb.de\/nachrichten\/ich-habe-diese-espressomaschine-nur-gekauft-weil-sie-winzig-war-5-jahre-spaeter-ist-sie-mein-lieblingsgeraet-das-ich-besitze-und-derzeit-gibt-es-bei-amazon-20-rabatt\/\" \/>\n<meta property=\"og:site_name\" content=\"Stra\u00dfenweb\" \/>\n<meta property=\"article:publisher\" content=\"https:\/\/www.facebook.com\/strassenweb\/\" \/>\n<meta property=\"article:published_time\" content=\"2024-10-09T20:46:45+00:00\" \/>\n<meta property=\"article:modified_time\" content=\"2024-10-09T20:46:46+00:00\" \/>\n<meta property=\"og:image\" content=\"https:\/\/www.strassenweb.de\/nachrichten\/wp-content\/uploads\/2024\/10\/Ich-habe-diese-Espressomaschine-nur-gekauft-weil-sie-winzig-war.jpg\" \/>\n\t<meta property=\"og:image:width\" content=\"1200\" \/>\n\t<meta property=\"og:image:height\" content=\"675\" \/>\n\t<meta property=\"og:image:type\" content=\"image\/jpeg\" \/>\n<meta name=\"author\" content=\"Robert Hoffmann\" \/>\n<meta name=\"twitter:card\" content=\"summary_large_image\" \/>\n<meta name=\"twitter:label1\" content=\"Verfasst von\" \/>\n\t<meta name=\"twitter:data1\" content=\"Robert Hoffmann\" \/>\n\t<meta name=\"twitter:label2\" content=\"Gesch\u00e4tzte Lesezeit\" \/>\n\t<meta name=\"twitter:data2\" content=\"4\u00a0Minuten\" \/>\n<script type=\"application\/ld+json\" class=\"yoast-schema-graph\">{\"@context\":\"https:\\\/\\\/schema.org\",\"@graph\":[{\"@type\":\"Article\",\"@id\":\"https:\\\/\\\/www.strassenweb.de\\\/nachrichten\\\/ich-habe-diese-espressomaschine-nur-gekauft-weil-sie-winzig-war-5-jahre-spaeter-ist-sie-mein-lieblingsgeraet-das-ich-besitze-und-derzeit-gibt-es-bei-amazon-20-rabatt\\\/#article\",\"isPartOf\":{\"@id\":\"https:\\\/\\\/www.strassenweb.de\\\/nachrichten\\\/ich-habe-diese-espressomaschine-nur-gekauft-weil-sie-winzig-war-5-jahre-spaeter-ist-sie-mein-lieblingsgeraet-das-ich-besitze-und-derzeit-gibt-es-bei-amazon-20-rabatt\\\/\"},\"author\":{\"name\":\"Robert Hoffmann\",\"@id\":\"https:\\\/\\\/www.strassenweb.de\\\/nachrichten\\\/#\\\/schema\\\/person\\\/87c9c9067f1211da429a744dc5a5aa41\"},\"headline\":\"Ich habe diese Espressomaschine nur gekauft, weil sie winzig war \u2013 5 Jahre sp\u00e4ter ist sie mein Lieblingsger\u00e4t, das ich besitze (und derzeit gibt es bei Amazon 20 % Rabatt)\",\"datePublished\":\"2024-10-09T20:46:45+00:00\",\"dateModified\":\"2024-10-09T20:46:46+00:00\",\"mainEntityOfPage\":{\"@id\":\"https:\\\/\\\/www.strassenweb.de\\\/nachrichten\\\/ich-habe-diese-espressomaschine-nur-gekauft-weil-sie-winzig-war-5-jahre-spaeter-ist-sie-mein-lieblingsgeraet-das-ich-besitze-und-derzeit-gibt-es-bei-amazon-20-rabatt\\\/\"},\"wordCount\":751,\"publisher\":{\"@id\":\"https:\\\/\\\/www.strassenweb.de\\\/nachrichten\\\/#organization\"},\"image\":{\"@id\":\"https:\\\/\\\/www.strassenweb.de\\\/nachrichten\\\/ich-habe-diese-espressomaschine-nur-gekauft-weil-sie-winzig-war-5-jahre-spaeter-ist-sie-mein-lieblingsgeraet-das-ich-besitze-und-derzeit-gibt-es-bei-amazon-20-rabatt\\\/#primaryimage\"},\"thumbnailUrl\":\"https:\\\/\\\/www.strassenweb.de\\\/nachrichten\\\/wp-content\\\/uploads\\\/2024\\\/10\\\/Ich-habe-diese-Espressomaschine-nur-gekauft-weil-sie-winzig-war.jpg\",\"keywords\":[\"Amazon\",\"Bei\",\"besitze\",\"das\",\"derzeit\",\"diese\",\"Espressomaschine\",\"gekauft\",\"gibt\",\"habe\",\"ich\",\"ist\",\"Jahre\",\"Lieblingsger\u00e4t\",\"mein\",\"nur\",\"Rabatt\",\"Sie\",\"sp\u00e4ter\",\"und\",\"war\",\"weil\",\"winzig\"],\"articleSection\":[\"Haus &amp; Garten\"],\"inLanguage\":\"de\"},{\"@type\":\"WebPage\",\"@id\":\"https:\\\/\\\/www.strassenweb.de\\\/nachrichten\\\/ich-habe-diese-espressomaschine-nur-gekauft-weil-sie-winzig-war-5-jahre-spaeter-ist-sie-mein-lieblingsgeraet-das-ich-besitze-und-derzeit-gibt-es-bei-amazon-20-rabatt\\\/\",\"url\":\"https:\\\/\\\/www.strassenweb.de\\\/nachrichten\\\/ich-habe-diese-espressomaschine-nur-gekauft-weil-sie-winzig-war-5-jahre-spaeter-ist-sie-mein-lieblingsgeraet-das-ich-besitze-und-derzeit-gibt-es-bei-amazon-20-rabatt\\\/\",\"name\":\"Ich habe diese Espressomaschine nur gekauft, weil sie winzig war \u2013 5 Jahre sp\u00e4ter ist sie mein Lieblingsger\u00e4t, das ich besitze (und derzeit gibt es bei Amazon 20 % Rabatt) - Nachrichten - Stra\u00dfenweb\",\"isPartOf\":{\"@id\":\"https:\\\/\\\/www.strassenweb.de\\\/nachrichten\\\/#website\"},\"primaryImageOfPage\":{\"@id\":\"https:\\\/\\\/www.strassenweb.de\\\/nachrichten\\\/ich-habe-diese-espressomaschine-nur-gekauft-weil-sie-winzig-war-5-jahre-spaeter-ist-sie-mein-lieblingsgeraet-das-ich-besitze-und-derzeit-gibt-es-bei-amazon-20-rabatt\\\/#primaryimage\"},\"image\":{\"@id\":\"https:\\\/\\\/www.strassenweb.de\\\/nachrichten\\\/ich-habe-diese-espressomaschine-nur-gekauft-weil-sie-winzig-war-5-jahre-spaeter-ist-sie-mein-lieblingsgeraet-das-ich-besitze-und-derzeit-gibt-es-bei-amazon-20-rabatt\\\/#primaryimage\"},\"thumbnailUrl\":\"https:\\\/\\\/www.strassenweb.de\\\/nachrichten\\\/wp-content\\\/uploads\\\/2024\\\/10\\\/Ich-habe-diese-Espressomaschine-nur-gekauft-weil-sie-winzig-war.jpg\",\"datePublished\":\"2024-10-09T20:46:45+00:00\",\"dateModified\":\"2024-10-09T20:46:46+00:00\",\"breadcrumb\":{\"@id\":\"https:\\\/\\\/www.strassenweb.de\\\/nachrichten\\\/ich-habe-diese-espressomaschine-nur-gekauft-weil-sie-winzig-war-5-jahre-spaeter-ist-sie-mein-lieblingsgeraet-das-ich-besitze-und-derzeit-gibt-es-bei-amazon-20-rabatt\\\/#breadcrumb\"},\"inLanguage\":\"de\",\"potentialAction\":[{\"@type\":\"ReadAction\",\"target\":[\"https:\\\/\\\/www.strassenweb.de\\\/nachrichten\\\/ich-habe-diese-espressomaschine-nur-gekauft-weil-sie-winzig-war-5-jahre-spaeter-ist-sie-mein-lieblingsgeraet-das-ich-besitze-und-derzeit-gibt-es-bei-amazon-20-rabatt\\\/\"]}]},{\"@type\":\"ImageObject\",\"inLanguage\":\"de\",\"@id\":\"https:\\\/\\\/www.strassenweb.de\\\/nachrichten\\\/ich-habe-diese-espressomaschine-nur-gekauft-weil-sie-winzig-war-5-jahre-spaeter-ist-sie-mein-lieblingsgeraet-das-ich-besitze-und-derzeit-gibt-es-bei-amazon-20-rabatt\\\/#primaryimage\",\"url\":\"https:\\\/\\\/www.strassenweb.de\\\/nachrichten\\\/wp-content\\\/uploads\\\/2024\\\/10\\\/Ich-habe-diese-Espressomaschine-nur-gekauft-weil-sie-winzig-war.jpg\",\"contentUrl\":\"https:\\\/\\\/www.strassenweb.de\\\/nachrichten\\\/wp-content\\\/uploads\\\/2024\\\/10\\\/Ich-habe-diese-Espressomaschine-nur-gekauft-weil-sie-winzig-war.jpg\",\"width\":1200,\"height\":675,\"caption\":\"Ich habe diese Espressomaschine nur gekauft, weil sie winzig war \u2013 5 Jahre sp\u00e4ter ist sie mein Lieblingsger\u00e4t, das ich besitze (und derzeit gibt es bei Amazon 20 % Rabatt)\"},{\"@type\":\"BreadcrumbList\",\"@id\":\"https:\\\/\\\/www.strassenweb.de\\\/nachrichten\\\/ich-habe-diese-espressomaschine-nur-gekauft-weil-sie-winzig-war-5-jahre-spaeter-ist-sie-mein-lieblingsgeraet-das-ich-besitze-und-derzeit-gibt-es-bei-amazon-20-rabatt\\\/#breadcrumb\",\"itemListElement\":[{\"@type\":\"ListItem\",\"position\":1,\"name\":\"Home\",\"item\":\"https:\\\/\\\/www.strassenweb.de\\\/nachrichten\\\/\"},{\"@type\":\"ListItem\",\"position\":2,\"name\":\"Ich habe diese Espressomaschine nur gekauft, weil sie winzig war \u2013 5 Jahre sp\u00e4ter ist sie mein Lieblingsger\u00e4t, das ich besitze (und derzeit gibt es bei Amazon 20 % Rabatt)\"}]},{\"@type\":\"WebSite\",\"@id\":\"https:\\\/\\\/www.strassenweb.de\\\/nachrichten\\\/#website\",\"url\":\"https:\\\/\\\/www.strassenweb.de\\\/nachrichten\\\/\",\"name\":\"Stra\u00dfenweb\",\"description\":\"Stra\u00dfenverzeichnis f\u00fcr Deutschland\",\"publisher\":{\"@id\":\"https:\\\/\\\/www.strassenweb.de\\\/nachrichten\\\/#organization\"},\"potentialAction\":[{\"@type\":\"SearchAction\",\"target\":{\"@type\":\"EntryPoint\",\"urlTemplate\":\"https:\\\/\\\/www.strassenweb.de\\\/nachrichten\\\/?s={search_term_string}\"},\"query-input\":{\"@type\":\"PropertyValueSpecification\",\"valueRequired\":true,\"valueName\":\"search_term_string\"}}],\"inLanguage\":\"de\"},{\"@type\":\"Organization\",\"@id\":\"https:\\\/\\\/www.strassenweb.de\\\/nachrichten\\\/#organization\",\"name\":\"Stra\u00dfenweb\",\"url\":\"https:\\\/\\\/www.strassenweb.de\\\/nachrichten\\\/\",\"logo\":{\"@type\":\"ImageObject\",\"inLanguage\":\"de\",\"@id\":\"https:\\\/\\\/www.strassenweb.de\\\/nachrichten\\\/#\\\/schema\\\/logo\\\/image\\\/\",\"url\":\"https:\\\/\\\/www.strassenweb.de\\\/nachrichten\\\/wp-content\\\/uploads\\\/2024\\\/09\\\/cropped-favicon.png\",\"contentUrl\":\"https:\\\/\\\/www.strassenweb.de\\\/nachrichten\\\/wp-content\\\/uploads\\\/2024\\\/09\\\/cropped-favicon.png\",\"width\":512,\"height\":512,\"caption\":\"Stra\u00dfenweb\"},\"image\":{\"@id\":\"https:\\\/\\\/www.strassenweb.de\\\/nachrichten\\\/#\\\/schema\\\/logo\\\/image\\\/\"},\"sameAs\":[\"https:\\\/\\\/www.facebook.com\\\/strassenweb\\\/\"]},{\"@type\":\"Person\",\"@id\":\"https:\\\/\\\/www.strassenweb.de\\\/nachrichten\\\/#\\\/schema\\\/person\\\/87c9c9067f1211da429a744dc5a5aa41\",\"name\":\"Robert Hoffmann\",\"image\":{\"@type\":\"ImageObject\",\"inLanguage\":\"de\",\"@id\":\"https:\\\/\\\/www.strassenweb.de\\\/nachrichten\\\/wp-content\\\/uploads\\\/2024\\\/09\\\/strassenweb-150x150.jpg\",\"url\":\"https:\\\/\\\/www.strassenweb.de\\\/nachrichten\\\/wp-content\\\/uploads\\\/2024\\\/09\\\/strassenweb-150x150.jpg\",\"contentUrl\":\"https:\\\/\\\/www.strassenweb.de\\\/nachrichten\\\/wp-content\\\/uploads\\\/2024\\\/09\\\/strassenweb-150x150.jpg\",\"caption\":\"Robert Hoffmann\"},\"description\":\"Ich hei\u00dfe Robert Hoffmann und ich bin ein leidenschaftlicher Verfechter von \u00d6kologie und Biodiversit\u00e4t. Seit meiner Kindheit in den W\u00e4ldern Bayerns f\u00fchle ich mich mit der Natur verbunden und bin entschlossen, sie zu sch\u00fctzen. Heute widme ich mein Leben der Sensibilisierung anderer f\u00fcr die Bedeutung des Umweltschutzes f\u00fcr zuk\u00fcnftige Generationen.\",\"sameAs\":[\"https:\\\/\\\/www.strassenweb.de\\\/\"]}]}<\/script>\n<!-- \/ Yoast SEO plugin. -->","yoast_head_json":{"title":"Ich habe diese Espressomaschine nur gekauft, weil sie winzig war \u2013 5 Jahre sp\u00e4ter ist sie mein Lieblingsger\u00e4t, das ich besitze (und derzeit gibt es bei Amazon 20 % Rabatt) - Nachrichten - Stra\u00dfenweb","robots":{"index":"index","follow":"follow","max-snippet":"max-snippet:-1","max-image-preview":"max-image-preview:large","max-video-preview":"max-video-preview:-1"},"canonical":"https:\/\/www.strassenweb.de\/nachrichten\/ich-habe-diese-espressomaschine-nur-gekauft-weil-sie-winzig-war-5-jahre-spaeter-ist-sie-mein-lieblingsgeraet-das-ich-besitze-und-derzeit-gibt-es-bei-amazon-20-rabatt\/","og_locale":"de_DE","og_type":"article","og_title":"Ich habe diese Espressomaschine nur gekauft, weil sie winzig war \u2013 5 Jahre sp\u00e4ter ist sie mein Lieblingsger\u00e4t, das ich besitze (und derzeit gibt es bei Amazon 20 % Rabatt) - Nachrichten - Stra\u00dfenweb","og_description":"Ich habe eine kleine K\u00fcche und ich liebe Kaffee. Vor f\u00fcnf Amazon-Prime-Tagen (sprich: vor etwa f\u00fcnf Jahren) t\u00e4tigte ich einen schnellen, nicht ganz so gr\u00fcndlich","og_url":"https:\/\/www.strassenweb.de\/nachrichten\/ich-habe-diese-espressomaschine-nur-gekauft-weil-sie-winzig-war-5-jahre-spaeter-ist-sie-mein-lieblingsgeraet-das-ich-besitze-und-derzeit-gibt-es-bei-amazon-20-rabatt\/","og_site_name":"Stra\u00dfenweb","article_publisher":"https:\/\/www.facebook.com\/strassenweb\/","article_published_time":"2024-10-09T20:46:45+00:00","article_modified_time":"2024-10-09T20:46:46+00:00","og_image":[{"width":1200,"height":675,"url":"https:\/\/www.strassenweb.de\/nachrichten\/wp-content\/uploads\/2024\/10\/Ich-habe-diese-Espressomaschine-nur-gekauft-weil-sie-winzig-war.jpg","type":"image\/jpeg"}],"author":"Robert Hoffmann","twitter_card":"summary_large_image","twitter_misc":{"Verfasst von":"Robert Hoffmann","Gesch\u00e4tzte Lesezeit":"4\u00a0Minuten"},"schema":{"@context":"https:\/\/schema.org","@graph":[{"@type":"Article","@id":"https:\/\/www.strassenweb.de\/nachrichten\/ich-habe-diese-espressomaschine-nur-gekauft-weil-sie-winzig-war-5-jahre-spaeter-ist-sie-mein-lieblingsgeraet-das-ich-besitze-und-derzeit-gibt-es-bei-amazon-20-rabatt\/#article","isPartOf":{"@id":"https:\/\/www.strassenweb.de\/nachrichten\/ich-habe-diese-espressomaschine-nur-gekauft-weil-sie-winzig-war-5-jahre-spaeter-ist-sie-mein-lieblingsgeraet-das-ich-besitze-und-derzeit-gibt-es-bei-amazon-20-rabatt\/"},"author":{"name":"Robert Hoffmann","@id":"https:\/\/www.strassenweb.de\/nachrichten\/#\/schema\/person\/87c9c9067f1211da429a744dc5a5aa41"},"headline":"Ich habe diese Espressomaschine nur gekauft, weil sie winzig war \u2013 5 Jahre sp\u00e4ter ist sie mein Lieblingsger\u00e4t, das ich besitze (und derzeit gibt es bei Amazon 20 % Rabatt)","datePublished":"2024-10-09T20:46:45+00:00","dateModified":"2024-10-09T20:46:46+00:00","mainEntityOfPage":{"@id":"https:\/\/www.strassenweb.de\/nachrichten\/ich-habe-diese-espressomaschine-nur-gekauft-weil-sie-winzig-war-5-jahre-spaeter-ist-sie-mein-lieblingsgeraet-das-ich-besitze-und-derzeit-gibt-es-bei-amazon-20-rabatt\/"},"wordCount":751,"publisher":{"@id":"https:\/\/www.strassenweb.de\/nachrichten\/#organization"},"image":{"@id":"https:\/\/www.strassenweb.de\/nachrichten\/ich-habe-diese-espressomaschine-nur-gekauft-weil-sie-winzig-war-5-jahre-spaeter-ist-sie-mein-lieblingsgeraet-das-ich-besitze-und-derzeit-gibt-es-bei-amazon-20-rabatt\/#primaryimage"},"thumbnailUrl":"https:\/\/www.strassenweb.de\/nachrichten\/wp-content\/uploads\/2024\/10\/Ich-habe-diese-Espressomaschine-nur-gekauft-weil-sie-winzig-war.jpg","keywords":["Amazon","Bei","besitze","das","derzeit","diese","Espressomaschine","gekauft","gibt","habe","ich","ist","Jahre","Lieblingsger\u00e4t","mein","nur","Rabatt","Sie","sp\u00e4ter","und","war","weil","winzig"],"articleSection":["Haus &amp; Garten"],"inLanguage":"de"},{"@type":"WebPage","@id":"https:\/\/www.strassenweb.de\/nachrichten\/ich-habe-diese-espressomaschine-nur-gekauft-weil-sie-winzig-war-5-jahre-spaeter-ist-sie-mein-lieblingsgeraet-das-ich-besitze-und-derzeit-gibt-es-bei-amazon-20-rabatt\/","url":"https:\/\/www.strassenweb.de\/nachrichten\/ich-habe-diese-espressomaschine-nur-gekauft-weil-sie-winzig-war-5-jahre-spaeter-ist-sie-mein-lieblingsgeraet-das-ich-besitze-und-derzeit-gibt-es-bei-amazon-20-rabatt\/","name":"Ich habe diese Espressomaschine nur gekauft, weil sie winzig war \u2013 5 Jahre sp\u00e4ter ist sie mein Lieblingsger\u00e4t, das ich besitze (und derzeit gibt es bei Amazon 20 % Rabatt) - Nachrichten - Stra\u00dfenweb","isPartOf":{"@id":"https:\/\/www.strassenweb.de\/nachrichten\/#website"},"primaryImageOfPage":{"@id":"https:\/\/www.strassenweb.de\/nachrichten\/ich-habe-diese-espressomaschine-nur-gekauft-weil-sie-winzig-war-5-jahre-spaeter-ist-sie-mein-lieblingsgeraet-das-ich-besitze-und-derzeit-gibt-es-bei-amazon-20-rabatt\/#primaryimage"},"image":{"@id":"https:\/\/www.strassenweb.de\/nachrichten\/ich-habe-diese-espressomaschine-nur-gekauft-weil-sie-winzig-war-5-jahre-spaeter-ist-sie-mein-lieblingsgeraet-das-ich-besitze-und-derzeit-gibt-es-bei-amazon-20-rabatt\/#primaryimage"},"thumbnailUrl":"https:\/\/www.strassenweb.de\/nachrichten\/wp-content\/uploads\/2024\/10\/Ich-habe-diese-Espressomaschine-nur-gekauft-weil-sie-winzig-war.jpg","datePublished":"2024-10-09T20:46:45+00:00","dateModified":"2024-10-09T20:46:46+00:00","breadcrumb":{"@id":"https:\/\/www.strassenweb.de\/nachrichten\/ich-habe-diese-espressomaschine-nur-gekauft-weil-sie-winzig-war-5-jahre-spaeter-ist-sie-mein-lieblingsgeraet-das-ich-besitze-und-derzeit-gibt-es-bei-amazon-20-rabatt\/#breadcrumb"},"inLanguage":"de","potentialAction":[{"@type":"ReadAction","target":["https:\/\/www.strassenweb.de\/nachrichten\/ich-habe-diese-espressomaschine-nur-gekauft-weil-sie-winzig-war-5-jahre-spaeter-ist-sie-mein-lieblingsgeraet-das-ich-besitze-und-derzeit-gibt-es-bei-amazon-20-rabatt\/"]}]},{"@type":"ImageObject","inLanguage":"de","@id":"https:\/\/www.strassenweb.de\/nachrichten\/ich-habe-diese-espressomaschine-nur-gekauft-weil-sie-winzig-war-5-jahre-spaeter-ist-sie-mein-lieblingsgeraet-das-ich-besitze-und-derzeit-gibt-es-bei-amazon-20-rabatt\/#primaryimage","url":"https:\/\/www.strassenweb.de\/nachrichten\/wp-content\/uploads\/2024\/10\/Ich-habe-diese-Espressomaschine-nur-gekauft-weil-sie-winzig-war.jpg","contentUrl":"https:\/\/www.strassenweb.de\/nachrichten\/wp-content\/uploads\/2024\/10\/Ich-habe-diese-Espressomaschine-nur-gekauft-weil-sie-winzig-war.jpg","width":1200,"height":675,"caption":"Ich habe diese Espressomaschine nur gekauft, weil sie winzig war \u2013 5 Jahre sp\u00e4ter ist sie mein Lieblingsger\u00e4t, das ich besitze (und derzeit gibt es bei Amazon 20 % Rabatt)"},{"@type":"BreadcrumbList","@id":"https:\/\/www.strassenweb.de\/nachrichten\/ich-habe-diese-espressomaschine-nur-gekauft-weil-sie-winzig-war-5-jahre-spaeter-ist-sie-mein-lieblingsgeraet-das-ich-besitze-und-derzeit-gibt-es-bei-amazon-20-rabatt\/#breadcrumb","itemListElement":[{"@type":"ListItem","position":1,"name":"Home","item":"https:\/\/www.strassenweb.de\/nachrichten\/"},{"@type":"ListItem","position":2,"name":"Ich habe diese Espressomaschine nur gekauft, weil sie winzig war \u2013 5 Jahre sp\u00e4ter ist sie mein Lieblingsger\u00e4t, das ich besitze (und derzeit gibt es bei Amazon 20 % Rabatt)"}]},{"@type":"WebSite","@id":"https:\/\/www.strassenweb.de\/nachrichten\/#website","url":"https:\/\/www.strassenweb.de\/nachrichten\/","name":"Stra\u00dfenweb","description":"Stra\u00dfenverzeichnis f\u00fcr Deutschland","publisher":{"@id":"https:\/\/www.strassenweb.de\/nachrichten\/#organization"},"potentialAction":[{"@type":"SearchAction","target":{"@type":"EntryPoint","urlTemplate":"https:\/\/www.strassenweb.de\/nachrichten\/?s={search_term_string}"},"query-input":{"@type":"PropertyValueSpecification","valueRequired":true,"valueName":"search_term_string"}}],"inLanguage":"de"},{"@type":"Organization","@id":"https:\/\/www.strassenweb.de\/nachrichten\/#organization","name":"Stra\u00dfenweb","url":"https:\/\/www.strassenweb.de\/nachrichten\/","logo":{"@type":"ImageObject","inLanguage":"de","@id":"https:\/\/www.strassenweb.de\/nachrichten\/#\/schema\/logo\/image\/","url":"https:\/\/www.strassenweb.de\/nachrichten\/wp-content\/uploads\/2024\/09\/cropped-favicon.png","contentUrl":"https:\/\/www.strassenweb.de\/nachrichten\/wp-content\/uploads\/2024\/09\/cropped-favicon.png","width":512,"height":512,"caption":"Stra\u00dfenweb"},"image":{"@id":"https:\/\/www.strassenweb.de\/nachrichten\/#\/schema\/logo\/image\/"},"sameAs":["https:\/\/www.facebook.com\/strassenweb\/"]},{"@type":"Person","@id":"https:\/\/www.strassenweb.de\/nachrichten\/#\/schema\/person\/87c9c9067f1211da429a744dc5a5aa41","name":"Robert Hoffmann","image":{"@type":"ImageObject","inLanguage":"de","@id":"https:\/\/www.strassenweb.de\/nachrichten\/wp-content\/uploads\/2024\/09\/strassenweb-150x150.jpg","url":"https:\/\/www.strassenweb.de\/nachrichten\/wp-content\/uploads\/2024\/09\/strassenweb-150x150.jpg","contentUrl":"https:\/\/www.strassenweb.de\/nachrichten\/wp-content\/uploads\/2024\/09\/strassenweb-150x150.jpg","caption":"Robert Hoffmann"},"description":"Ich hei\u00dfe Robert Hoffmann und ich bin ein leidenschaftlicher Verfechter von \u00d6kologie und Biodiversit\u00e4t. Seit meiner Kindheit in den W\u00e4ldern Bayerns f\u00fchle ich mich mit der Natur verbunden und bin entschlossen, sie zu sch\u00fctzen. Heute widme ich mein Leben der Sensibilisierung anderer f\u00fcr die Bedeutung des Umweltschutzes f\u00fcr zuk\u00fcnftige Generationen.","sameAs":["https:\/\/www.strassenweb.de\/"]}]}},"_links":{"self":[{"href":"https:\/\/www.strassenweb.de\/nachrichten\/wp-json\/wp\/v2\/posts\/771","targetHints":{"allow":["GET"]}}],"collection":[{"href":"https:\/\/www.strassenweb.de\/nachrichten\/wp-json\/wp\/v2\/posts"}],"about":[{"href":"https:\/\/www.strassenweb.de\/nachrichten\/wp-json\/wp\/v2\/types\/post"}],"author":[{"embeddable":true,"href":"https:\/\/www.strassenweb.de\/nachrichten\/wp-json\/wp\/v2\/users\/1"}],"replies":[{"embeddable":true,"href":"https:\/\/www.strassenweb.de\/nachrichten\/wp-json\/wp\/v2\/comments?post=771"}],"version-history":[{"count":0,"href":"https:\/\/www.strassenweb.de\/nachrichten\/wp-json\/wp\/v2\/posts\/771\/revisions"}],"wp:featuredmedia":[{"embeddable":true,"href":"https:\/\/www.strassenweb.de\/nachrichten\/wp-json\/wp\/v2\/media\/772"}],"wp:attachment":[{"href":"https:\/\/www.strassenweb.de\/nachrichten\/wp-json\/wp\/v2\/media?parent=771"}],"wp:term":[{"taxonomy":"category","embeddable":true,"href":"https:\/\/www.strassenweb.de\/nachrichten\/wp-json\/wp\/v2\/categories?post=771"},{"taxonomy":"post_tag","embeddable":true,"href":"https:\/\/www.strassenweb.de\/nachrichten\/wp-json\/wp\/v2\/tags?post=771"}],"curies":[{"name":"wp","href":"https:\/\/api.w.org\/{rel}","templated":true}]}}