{"id":7669,"date":"2025-09-12T16:39:24","date_gmt":"2025-09-12T14:39:24","guid":{"rendered":"https:\/\/www.strassenweb.de\/nachrichten\/dieser-elektrische-farbton-der-1960er-jahre-erzielt-eine-unerwartete-rueckkehr-und-designer-sagen-dass-es-der-schluessel-zum-heben-dunklerer-stimmungsvollerer-innenraeume-in-diesem-herbst-ist\/"},"modified":"2025-09-12T16:39:26","modified_gmt":"2025-09-12T14:39:26","slug":"dieser-elektrische-farbton-der-1960er-jahre-erzielt-eine-unerwartete-rueckkehr-und-designer-sagen-dass-es-der-schluessel-zum-heben-dunklerer-stimmungsvollerer-innenraeume-in-diesem-herbst-ist","status":"publish","type":"post","link":"https:\/\/www.strassenweb.de\/nachrichten\/dieser-elektrische-farbton-der-1960er-jahre-erzielt-eine-unerwartete-rueckkehr-und-designer-sagen-dass-es-der-schluessel-zum-heben-dunklerer-stimmungsvollerer-innenraeume-in-diesem-herbst-ist\/","title":{"rendered":"Dieser elektrische Farbton der 1960er Jahre erzielt eine unerwartete R\u00fcckkehr &#8211; und Designer sagen, dass es der Schl\u00fcssel zum Heben dunklerer, stimmungsvollerer Innenr\u00e4ume in diesem Herbst ist"},"content":{"rendered":"<p><\/p>\n<div id=\"article-body\" class=\"article__body \">\n<p id=\"609beea0-6874-4a6d-8b27-1228a2f635b3\">Pantone mag Peach die offizielle Farbe des Jahres Fuzz genannt haben, aber 2024 geh\u00f6rte &#8211; kulturell, wenn nicht chromatisch &#8211; zu Green. Der s\u00e4urekrankere, leichter Adjazent gelbgr\u00fcne wurde von Charli XCX &#8218;Brat-\u00c4ra popul\u00e4r gemacht und lieferte der Kraft von 12, \u00e4hnlich wie das Album, maximalistische Club-Kid-Chaos. Und diesmal erreicht der elektrische Farbtrend nicht f\u00fcr den Sommer. Es ist voller Herbst.<\/p>\n<div id=\"ad-unit-1\" class=\"ad-unit\"><\/div>\n<p>&#8222;Wenn das Wetter k\u00e4lter wird und wir im Freien gr\u00fcn verlieren, kann Chartreuse die Dinge frisch und lebendig f\u00fchlen, selbst wenn es d\u00fcster aus dem Fenster ist&#8220;, sagt der in New York ans\u00e4ssige Innenarchitekt Tara McCauley (und selbsternannte Charli XCX-Fan). &#8222;Ich habe es geliebt, im letzten Jahr mutiges Brat Green \u00fcberall zu sehen, aber das war wirklich eher ein Kalk, weniger Chartreuse &#8211; Chartreuse verzweigt mehr gelb.&#8220;<\/p>\n<p>Chelcie Eastman und Gray Benko von Magnolia Network&#8217;s&#8217;s <em>Freut mich, zu Hause zu sein<\/em> &#8211; und die Lifestyle -Marke Gray Benko Home &#8211; sind ebenso optimistisch in Bezug auf die R\u00fcckkehr des Trendtrends des Innenarchitektur. &#8222;Chartreuse hat diese sofortige Energie&#8220;, sagt Gray. \u201eNach den letzten Jahren weicherer Paletten sehnen sich die Menschen nach etwas, das sich lebendig und optimistisch anf\u00fchlt. F\u00fcr den Herbst bringt Chartreuse diesen unerwarteten Funken mit sich, wenn H\u00e4user dunkler und gem\u00fctlicher werden. Es weckt einen Raum und h\u00e4lt es davon ab, sich schwer zu f\u00fchlen. &#8218;<\/p>\n<div class=\"van_vid_carousel\">\n<div class=\"van_vid_carousel__padding\">\n<div class=\"van_vid_carousel__container\"><\/div>\n<\/div>\n<\/div>\n<figure class=\"van-image-figure inline-layout \" data-bordeaux-image-check id=\"e017eb6c-2c45-4cf6-8792-472a05712abd\">\n<div class=\"image-full-width-wrapper\">\n<div class=\"image-widthsetter\" style=\"max-width:2688px;\"><\/div>\n<\/div>\n<\/figure>\n<p id=\"f87f43d3-c4af-4428-8bb8-d887bb7f3006\">&#8218;Chartreuse ist nicht sch\u00fcchtern. Es muss absichtlich verwendet werden \u201c, f\u00fcgt Chelcie hinzu. \u201eWir betrachten es als eine Rockstar -Akzentfarbe. Eine gemusterte Tapete, ein einzelner Stuhl in Samt oder sogar ein Streifen kann einen Raum vollst\u00e4ndig ver\u00e4ndern. &#8218;<\/p>\n<div id=\"ad-unit-2\" class=\"ad-unit\"><\/div>\n<p>Und w\u00e4hrend es einen Moment f\u00fcr Herbstfarben Trends 2025 hat, wie es Brat Green im letzten Sommer getan hat, ist Chartreuse nichts Neues. \u201eWenn ich an Chartreuse denke, denke ich an Andy Warhols <em>Marilyn Diptych<\/em>Emilio Puccis mutige Mode der 60er Jahre oder ihre Pr\u00e4senz in der Popkultur in den 90er und 2000er Jahren, von <em>Der frische Prinz<\/em> An die legend\u00e4re VMA-Auff\u00fchrung von Britney Spears mit einem Albino-Python \u201c, sagt der in Houston ans\u00e4ssige Designer Sherrell Neal. &#8222;F\u00fcr mich ist es sehr nostalgisch.&#8220;<\/p>\n<figure class=\"van-image-figure inline-layout \" data-bordeaux-image-check id=\"0912bf13-2e8a-4406-adbc-19a9bc6047fe\">\n<div class=\"image-full-width-wrapper\">\n<div class=\"image-widthsetter\" style=\"max-width:3307px;\"><\/div>\n<\/div>\n<\/figure>\n<p id=\"724f0a97-13ce-4a05-acbd-c62fb3cc6664\">Trotzdem ist sie besonders daran interessiert, wie die Raumfarbe heute verwendet wird. &#8222;Wenn es als Vorh\u00e4nge verwendet wird, hei\u00dft es als selbstbewusst und gesammelt, niemals zuf\u00e4llig&#8220;, erkl\u00e4rt Sherrell. Sie beobachtet bereits gr\u00fcne Farben wie Benjamin Moores Zitrusfr\u00fcchte in einem Hochglanzlack hinter den Einbauten oder im gr\u00fcnen Boden von Farrow &#038; Ball gepaart mit Blumenchintz. &#8222;Um es im Winter zu vermeiden, w\u00fcrde ich es mit Inky Marine, Deep Espresso oder sogar kalkhaltigem Mauve ausgleichen.&#8220;<\/p>\n<aside data-block-type=\"embed\" data-render-type=\"fte\" data-skip=\"dealsy\" data-widget-type=\"seasonal\" class=\"hawk-base\"><\/aside>\n<p id=\"724f0a97-13ce-4a05-acbd-c62fb3cc6664-1\">Linda Eyes von Linda Eyles Design weist darauf hin, dass wir jeden Herbst Chartreuse gesehen haben &#8211; wir haben es einfach nicht benannt. &#8222;Chartreuse ist einfach zu bedienen, da es in der Natur zu finden ist &#8211; denken Sie, dass Concord Pears oder Aspens im Herbst von gr\u00fcn bis golden werden, und Gr\u00fcn passt gut zu den meisten Farbe.&#8220;<\/p>\n<div id=\"slice-container-newsletterForm-articleInbodyContent-YxJbx9r3YixSdmkCLmCb6B\" class=\"slice-container newsletter-inbodyContent-slice newsletterForm-articleInbodyContent-YxJbx9r3YixSdmkCLmCb6B slice-container-newsletterForm\"><\/div>\n<p>Im Gegensatz zu GROT ist dies kein Spieler. Chartreuse mit seinem jahrzehntelangen Lebenslauf kultureller Comebacks ist nicht einmal <em>Wirklich <\/em>Ein Trend \u00fcberhaupt &#8211; eher ein scharfes, vielseitiges Werkzeug, das wir w\u00e4hrend der dunklen Tage (auch bekannt als Herbst) nutzen k\u00f6nnen. &#8222;Wir lieben es, es in Streifen, Blumen und gro\u00dfen mutigen Drucken zu verwenden&#8220;, sagen Chelcie Eastman und Gray Benko. \u201eEs funktioniert genauso gut neben Antiquit\u00e4ten wie bei modernen Linien oder sogar an K\u00fcstendetails. In dieser Reichweite f\u00fchlt es sich jedes Mal frisch an. &#8218;<\/p>\n<figure class=\"van-image-figure inline-layout \" data-bordeaux-image-check id=\"54556071-ecb6-4c0c-a1d8-1840673c8beb\">\n<div class=\"image-full-width-wrapper\">\n<div class=\"image-widthsetter\" style=\"max-width:3690px;\"><\/div>\n<\/div>\n<\/figure>\n<p id=\"a088e95c-e3c4-4968-b398-b1a0a004ad81\">Gray und Chelcie verdoppeln sich in dieser Saison beim Dekorieren mit Gr\u00fcn &#8211; sie haben Chartreuse sowohl in ihren neuen Tapeten- als auch in Stofflinien mit Milton &#038; King vorgestellt, die diesen Oktober starten. &#8222;Sie werden auch sehen, dass es in einer Reihe der H\u00e4user auftaucht, die wir dieses Jahr entworfen haben&#8220;, sagt Gray.<\/p>\n<p>Nennen Sie es Brat Greens erwachsene Schwester. Oder nicht. Aber ruf es zur\u00fcck.<\/p>\n<p>Kaufen Sie den unerwartetsten Schatten der Saison unten.<\/p>\n<div class=\"product-container hero-product-container product-block-no-wrap\">\n<div class=\"product-block-row\"><\/div>\n<div class=\"product-block-row\"><\/div>\n<div class=\"product-block-row\"><\/div>\n<div class=\"product-block-row\"><\/div>\n<div class=\"product-block-row\"><\/div>\n<div class=\"product-block-row\"><\/div>\n<\/div>\n<hr id=\"47badfa5-d78e-4186-9c3c-adb176229629\">\n<p id=\"28d803c2-4538-4c65-b42a-33742bbd4af9\">Noch ein Gr\u00fcn, das es wert ist, gesehen zu werden? Dill. Launischer, geerdeter und eine scharfe Tonfolie f\u00fcr Chartreusees Gelb Energie. Hier finden Sie alles, was Sie \u00fcber den Dill Green -Farbtrend wissen m\u00fcssen.<\/p>\n<\/div>\n","protected":false},"excerpt":{"rendered":"<p>Pantone mag Peach die offizielle Farbe des Jahres Fuzz genannt haben, aber 2024 geh\u00f6rte &#8211; kulturell, wenn nicht chromatisch &#8211; zu Green. Der s\u00e4urekrankere, leichter<\/p>\n","protected":false},"author":1,"featured_media":7670,"comment_status":"closed","ping_status":"","sticky":false,"template":"","format":"standard","meta":{"footnotes":""},"categories":[118],"tags":[9239,51,81,216,32,1554,10101,74,1984,10100,210,4177,203,1908,15,831,1612,284,549,10102,37,532,67],"class_list":["post-7669","post","type-post","status-publish","format-standard","has-post-thumbnail","hentry","category-haus-garten","tag-1960er","tag-dass","tag-der","tag-designer","tag-diesem","tag-dieser","tag-dunklerer","tag-eine","tag-elektrische","tag-erzielt","tag-farbton","tag-heben","tag-herbst","tag-innenraeume","tag-ist","tag-jahre","tag-rueckkehr","tag-sagen","tag-schluessel","tag-stimmungsvollerer","tag-und","tag-unerwartete","tag-zum","generate-columns","tablet-grid-50","mobile-grid-100","grid-parent","grid-50"],"yoast_head":"<!-- This site is optimized with the Yoast SEO plugin v27.3 - https:\/\/yoast.com\/product\/yoast-seo-wordpress\/ -->\n<title>Dieser elektrische Farbton der 1960er Jahre erzielt eine unerwartete R\u00fcckkehr - und Designer sagen, dass es der Schl\u00fcssel zum Heben dunklerer, stimmungsvollerer Innenr\u00e4ume in diesem Herbst ist - Nachrichten - Stra\u00dfenweb<\/title>\n<meta name=\"robots\" content=\"index, follow, max-snippet:-1, max-image-preview:large, max-video-preview:-1\" \/>\n<link rel=\"canonical\" href=\"https:\/\/www.strassenweb.de\/nachrichten\/dieser-elektrische-farbton-der-1960er-jahre-erzielt-eine-unerwartete-rueckkehr-und-designer-sagen-dass-es-der-schluessel-zum-heben-dunklerer-stimmungsvollerer-innenraeume-in-diesem-herbst-ist\/\" \/>\n<meta property=\"og:locale\" content=\"de_DE\" \/>\n<meta property=\"og:type\" content=\"article\" \/>\n<meta property=\"og:title\" content=\"Dieser elektrische Farbton der 1960er Jahre erzielt eine unerwartete R\u00fcckkehr - und Designer sagen, dass es der Schl\u00fcssel zum Heben dunklerer, stimmungsvollerer Innenr\u00e4ume in diesem Herbst ist - Nachrichten - Stra\u00dfenweb\" \/>\n<meta property=\"og:description\" content=\"Pantone mag Peach die offizielle Farbe des Jahres Fuzz genannt haben, aber 2024 geh\u00f6rte &#8211; kulturell, wenn nicht chromatisch &#8211; zu Green. Der s\u00e4urekrankere, leichter\" \/>\n<meta property=\"og:url\" content=\"https:\/\/www.strassenweb.de\/nachrichten\/dieser-elektrische-farbton-der-1960er-jahre-erzielt-eine-unerwartete-rueckkehr-und-designer-sagen-dass-es-der-schluessel-zum-heben-dunklerer-stimmungsvollerer-innenraeume-in-diesem-herbst-ist\/\" \/>\n<meta property=\"og:site_name\" content=\"Stra\u00dfenweb\" \/>\n<meta property=\"article:publisher\" content=\"https:\/\/www.facebook.com\/strassenweb\/\" \/>\n<meta property=\"article:published_time\" content=\"2025-09-12T14:39:24+00:00\" \/>\n<meta property=\"article:modified_time\" content=\"2025-09-12T14:39:26+00:00\" \/>\n<meta property=\"og:image\" content=\"https:\/\/www.strassenweb.de\/nachrichten\/wp-content\/uploads\/2025\/09\/Dieser-elektrische-Farbton-der-1960er-Jahre-erzielt-eine-unerwartete-Rueckkehr-scaled.jpg\" \/>\n\t<meta property=\"og:image:width\" content=\"2560\" \/>\n\t<meta property=\"og:image:height\" content=\"1440\" \/>\n\t<meta property=\"og:image:type\" content=\"image\/jpeg\" \/>\n<meta name=\"author\" content=\"Robert Hoffmann\" \/>\n<meta name=\"twitter:card\" content=\"summary_large_image\" \/>\n<meta name=\"twitter:label1\" content=\"Verfasst von\" \/>\n\t<meta name=\"twitter:data1\" content=\"Robert Hoffmann\" \/>\n\t<meta name=\"twitter:label2\" content=\"Gesch\u00e4tzte Lesezeit\" \/>\n\t<meta name=\"twitter:data2\" content=\"4\u00a0Minuten\" \/>\n<script type=\"application\/ld+json\" class=\"yoast-schema-graph\">{\"@context\":\"https:\\\/\\\/schema.org\",\"@graph\":[{\"@type\":\"Article\",\"@id\":\"https:\\\/\\\/www.strassenweb.de\\\/nachrichten\\\/dieser-elektrische-farbton-der-1960er-jahre-erzielt-eine-unerwartete-rueckkehr-und-designer-sagen-dass-es-der-schluessel-zum-heben-dunklerer-stimmungsvollerer-innenraeume-in-diesem-herbst-ist\\\/#article\",\"isPartOf\":{\"@id\":\"https:\\\/\\\/www.strassenweb.de\\\/nachrichten\\\/dieser-elektrische-farbton-der-1960er-jahre-erzielt-eine-unerwartete-rueckkehr-und-designer-sagen-dass-es-der-schluessel-zum-heben-dunklerer-stimmungsvollerer-innenraeume-in-diesem-herbst-ist\\\/\"},\"author\":{\"name\":\"Robert Hoffmann\",\"@id\":\"https:\\\/\\\/www.strassenweb.de\\\/nachrichten\\\/#\\\/schema\\\/person\\\/87c9c9067f1211da429a744dc5a5aa41\"},\"headline\":\"Dieser elektrische Farbton der 1960er Jahre erzielt eine unerwartete R\u00fcckkehr &#8211; und Designer sagen, dass es der Schl\u00fcssel zum Heben dunklerer, stimmungsvollerer Innenr\u00e4ume in diesem Herbst ist\",\"datePublished\":\"2025-09-12T14:39:24+00:00\",\"dateModified\":\"2025-09-12T14:39:26+00:00\",\"mainEntityOfPage\":{\"@id\":\"https:\\\/\\\/www.strassenweb.de\\\/nachrichten\\\/dieser-elektrische-farbton-der-1960er-jahre-erzielt-eine-unerwartete-rueckkehr-und-designer-sagen-dass-es-der-schluessel-zum-heben-dunklerer-stimmungsvollerer-innenraeume-in-diesem-herbst-ist\\\/\"},\"wordCount\":735,\"publisher\":{\"@id\":\"https:\\\/\\\/www.strassenweb.de\\\/nachrichten\\\/#organization\"},\"image\":{\"@id\":\"https:\\\/\\\/www.strassenweb.de\\\/nachrichten\\\/dieser-elektrische-farbton-der-1960er-jahre-erzielt-eine-unerwartete-rueckkehr-und-designer-sagen-dass-es-der-schluessel-zum-heben-dunklerer-stimmungsvollerer-innenraeume-in-diesem-herbst-ist\\\/#primaryimage\"},\"thumbnailUrl\":\"https:\\\/\\\/www.strassenweb.de\\\/nachrichten\\\/wp-content\\\/uploads\\\/2025\\\/09\\\/Dieser-elektrische-Farbton-der-1960er-Jahre-erzielt-eine-unerwartete-Rueckkehr-scaled.jpg\",\"keywords\":[\"1960er\",\"dass\",\"der\",\"Designer\",\"diesem\",\"dieser\",\"dunklerer\",\"eine\",\"elektrische\",\"erzielt\",\"Farbton\",\"heben\",\"Herbst\",\"Innenr\u00e4ume\",\"ist\",\"Jahre\",\"R\u00fcckkehr\",\"sagen\",\"Schl\u00fcssel\",\"stimmungsvollerer\",\"und\",\"unerwartete\",\"zum\"],\"articleSection\":[\"Haus &amp; Garten\"],\"inLanguage\":\"de\"},{\"@type\":\"WebPage\",\"@id\":\"https:\\\/\\\/www.strassenweb.de\\\/nachrichten\\\/dieser-elektrische-farbton-der-1960er-jahre-erzielt-eine-unerwartete-rueckkehr-und-designer-sagen-dass-es-der-schluessel-zum-heben-dunklerer-stimmungsvollerer-innenraeume-in-diesem-herbst-ist\\\/\",\"url\":\"https:\\\/\\\/www.strassenweb.de\\\/nachrichten\\\/dieser-elektrische-farbton-der-1960er-jahre-erzielt-eine-unerwartete-rueckkehr-und-designer-sagen-dass-es-der-schluessel-zum-heben-dunklerer-stimmungsvollerer-innenraeume-in-diesem-herbst-ist\\\/\",\"name\":\"Dieser elektrische Farbton der 1960er Jahre erzielt eine unerwartete R\u00fcckkehr - und Designer sagen, dass es der Schl\u00fcssel zum Heben dunklerer, stimmungsvollerer Innenr\u00e4ume in diesem Herbst ist - Nachrichten - Stra\u00dfenweb\",\"isPartOf\":{\"@id\":\"https:\\\/\\\/www.strassenweb.de\\\/nachrichten\\\/#website\"},\"primaryImageOfPage\":{\"@id\":\"https:\\\/\\\/www.strassenweb.de\\\/nachrichten\\\/dieser-elektrische-farbton-der-1960er-jahre-erzielt-eine-unerwartete-rueckkehr-und-designer-sagen-dass-es-der-schluessel-zum-heben-dunklerer-stimmungsvollerer-innenraeume-in-diesem-herbst-ist\\\/#primaryimage\"},\"image\":{\"@id\":\"https:\\\/\\\/www.strassenweb.de\\\/nachrichten\\\/dieser-elektrische-farbton-der-1960er-jahre-erzielt-eine-unerwartete-rueckkehr-und-designer-sagen-dass-es-der-schluessel-zum-heben-dunklerer-stimmungsvollerer-innenraeume-in-diesem-herbst-ist\\\/#primaryimage\"},\"thumbnailUrl\":\"https:\\\/\\\/www.strassenweb.de\\\/nachrichten\\\/wp-content\\\/uploads\\\/2025\\\/09\\\/Dieser-elektrische-Farbton-der-1960er-Jahre-erzielt-eine-unerwartete-Rueckkehr-scaled.jpg\",\"datePublished\":\"2025-09-12T14:39:24+00:00\",\"dateModified\":\"2025-09-12T14:39:26+00:00\",\"breadcrumb\":{\"@id\":\"https:\\\/\\\/www.strassenweb.de\\\/nachrichten\\\/dieser-elektrische-farbton-der-1960er-jahre-erzielt-eine-unerwartete-rueckkehr-und-designer-sagen-dass-es-der-schluessel-zum-heben-dunklerer-stimmungsvollerer-innenraeume-in-diesem-herbst-ist\\\/#breadcrumb\"},\"inLanguage\":\"de\",\"potentialAction\":[{\"@type\":\"ReadAction\",\"target\":[\"https:\\\/\\\/www.strassenweb.de\\\/nachrichten\\\/dieser-elektrische-farbton-der-1960er-jahre-erzielt-eine-unerwartete-rueckkehr-und-designer-sagen-dass-es-der-schluessel-zum-heben-dunklerer-stimmungsvollerer-innenraeume-in-diesem-herbst-ist\\\/\"]}]},{\"@type\":\"ImageObject\",\"inLanguage\":\"de\",\"@id\":\"https:\\\/\\\/www.strassenweb.de\\\/nachrichten\\\/dieser-elektrische-farbton-der-1960er-jahre-erzielt-eine-unerwartete-rueckkehr-und-designer-sagen-dass-es-der-schluessel-zum-heben-dunklerer-stimmungsvollerer-innenraeume-in-diesem-herbst-ist\\\/#primaryimage\",\"url\":\"https:\\\/\\\/www.strassenweb.de\\\/nachrichten\\\/wp-content\\\/uploads\\\/2025\\\/09\\\/Dieser-elektrische-Farbton-der-1960er-Jahre-erzielt-eine-unerwartete-Rueckkehr-scaled.jpg\",\"contentUrl\":\"https:\\\/\\\/www.strassenweb.de\\\/nachrichten\\\/wp-content\\\/uploads\\\/2025\\\/09\\\/Dieser-elektrische-Farbton-der-1960er-Jahre-erzielt-eine-unerwartete-Rueckkehr-scaled.jpg\",\"width\":2560,\"height\":1440,\"caption\":\"Navy blue bedroom featuring a bed with a chartreuse tufted leather headboard.\"},{\"@type\":\"BreadcrumbList\",\"@id\":\"https:\\\/\\\/www.strassenweb.de\\\/nachrichten\\\/dieser-elektrische-farbton-der-1960er-jahre-erzielt-eine-unerwartete-rueckkehr-und-designer-sagen-dass-es-der-schluessel-zum-heben-dunklerer-stimmungsvollerer-innenraeume-in-diesem-herbst-ist\\\/#breadcrumb\",\"itemListElement\":[{\"@type\":\"ListItem\",\"position\":1,\"name\":\"Home\",\"item\":\"https:\\\/\\\/www.strassenweb.de\\\/nachrichten\\\/\"},{\"@type\":\"ListItem\",\"position\":2,\"name\":\"Dieser elektrische Farbton der 1960er Jahre erzielt eine unerwartete R\u00fcckkehr &#8211; und Designer sagen, dass es der Schl\u00fcssel zum Heben dunklerer, stimmungsvollerer Innenr\u00e4ume in diesem Herbst ist\"}]},{\"@type\":\"WebSite\",\"@id\":\"https:\\\/\\\/www.strassenweb.de\\\/nachrichten\\\/#website\",\"url\":\"https:\\\/\\\/www.strassenweb.de\\\/nachrichten\\\/\",\"name\":\"Stra\u00dfenweb\",\"description\":\"Stra\u00dfenverzeichnis f\u00fcr Deutschland\",\"publisher\":{\"@id\":\"https:\\\/\\\/www.strassenweb.de\\\/nachrichten\\\/#organization\"},\"potentialAction\":[{\"@type\":\"SearchAction\",\"target\":{\"@type\":\"EntryPoint\",\"urlTemplate\":\"https:\\\/\\\/www.strassenweb.de\\\/nachrichten\\\/?s={search_term_string}\"},\"query-input\":{\"@type\":\"PropertyValueSpecification\",\"valueRequired\":true,\"valueName\":\"search_term_string\"}}],\"inLanguage\":\"de\"},{\"@type\":\"Organization\",\"@id\":\"https:\\\/\\\/www.strassenweb.de\\\/nachrichten\\\/#organization\",\"name\":\"Stra\u00dfenweb\",\"url\":\"https:\\\/\\\/www.strassenweb.de\\\/nachrichten\\\/\",\"logo\":{\"@type\":\"ImageObject\",\"inLanguage\":\"de\",\"@id\":\"https:\\\/\\\/www.strassenweb.de\\\/nachrichten\\\/#\\\/schema\\\/logo\\\/image\\\/\",\"url\":\"https:\\\/\\\/www.strassenweb.de\\\/nachrichten\\\/wp-content\\\/uploads\\\/2024\\\/09\\\/cropped-favicon.png\",\"contentUrl\":\"https:\\\/\\\/www.strassenweb.de\\\/nachrichten\\\/wp-content\\\/uploads\\\/2024\\\/09\\\/cropped-favicon.png\",\"width\":512,\"height\":512,\"caption\":\"Stra\u00dfenweb\"},\"image\":{\"@id\":\"https:\\\/\\\/www.strassenweb.de\\\/nachrichten\\\/#\\\/schema\\\/logo\\\/image\\\/\"},\"sameAs\":[\"https:\\\/\\\/www.facebook.com\\\/strassenweb\\\/\"]},{\"@type\":\"Person\",\"@id\":\"https:\\\/\\\/www.strassenweb.de\\\/nachrichten\\\/#\\\/schema\\\/person\\\/87c9c9067f1211da429a744dc5a5aa41\",\"name\":\"Robert Hoffmann\",\"image\":{\"@type\":\"ImageObject\",\"inLanguage\":\"de\",\"@id\":\"https:\\\/\\\/www.strassenweb.de\\\/nachrichten\\\/wp-content\\\/uploads\\\/2024\\\/09\\\/strassenweb-150x150.jpg\",\"url\":\"https:\\\/\\\/www.strassenweb.de\\\/nachrichten\\\/wp-content\\\/uploads\\\/2024\\\/09\\\/strassenweb-150x150.jpg\",\"contentUrl\":\"https:\\\/\\\/www.strassenweb.de\\\/nachrichten\\\/wp-content\\\/uploads\\\/2024\\\/09\\\/strassenweb-150x150.jpg\",\"caption\":\"Robert Hoffmann\"},\"description\":\"Ich hei\u00dfe Robert Hoffmann und ich bin ein leidenschaftlicher Verfechter von \u00d6kologie und Biodiversit\u00e4t. Seit meiner Kindheit in den W\u00e4ldern Bayerns f\u00fchle ich mich mit der Natur verbunden und bin entschlossen, sie zu sch\u00fctzen. Heute widme ich mein Leben der Sensibilisierung anderer f\u00fcr die Bedeutung des Umweltschutzes f\u00fcr zuk\u00fcnftige Generationen.\",\"sameAs\":[\"https:\\\/\\\/www.strassenweb.de\\\/\"]}]}<\/script>\n<!-- \/ Yoast SEO plugin. -->","yoast_head_json":{"title":"Dieser elektrische Farbton der 1960er Jahre erzielt eine unerwartete R\u00fcckkehr - und Designer sagen, dass es der Schl\u00fcssel zum Heben dunklerer, stimmungsvollerer Innenr\u00e4ume in diesem Herbst ist - Nachrichten - Stra\u00dfenweb","robots":{"index":"index","follow":"follow","max-snippet":"max-snippet:-1","max-image-preview":"max-image-preview:large","max-video-preview":"max-video-preview:-1"},"canonical":"https:\/\/www.strassenweb.de\/nachrichten\/dieser-elektrische-farbton-der-1960er-jahre-erzielt-eine-unerwartete-rueckkehr-und-designer-sagen-dass-es-der-schluessel-zum-heben-dunklerer-stimmungsvollerer-innenraeume-in-diesem-herbst-ist\/","og_locale":"de_DE","og_type":"article","og_title":"Dieser elektrische Farbton der 1960er Jahre erzielt eine unerwartete R\u00fcckkehr - und Designer sagen, dass es der Schl\u00fcssel zum Heben dunklerer, stimmungsvollerer Innenr\u00e4ume in diesem Herbst ist - Nachrichten - Stra\u00dfenweb","og_description":"Pantone mag Peach die offizielle Farbe des Jahres Fuzz genannt haben, aber 2024 geh\u00f6rte &#8211; kulturell, wenn nicht chromatisch &#8211; zu Green. Der s\u00e4urekrankere, leichter","og_url":"https:\/\/www.strassenweb.de\/nachrichten\/dieser-elektrische-farbton-der-1960er-jahre-erzielt-eine-unerwartete-rueckkehr-und-designer-sagen-dass-es-der-schluessel-zum-heben-dunklerer-stimmungsvollerer-innenraeume-in-diesem-herbst-ist\/","og_site_name":"Stra\u00dfenweb","article_publisher":"https:\/\/www.facebook.com\/strassenweb\/","article_published_time":"2025-09-12T14:39:24+00:00","article_modified_time":"2025-09-12T14:39:26+00:00","og_image":[{"width":2560,"height":1440,"url":"https:\/\/www.strassenweb.de\/nachrichten\/wp-content\/uploads\/2025\/09\/Dieser-elektrische-Farbton-der-1960er-Jahre-erzielt-eine-unerwartete-Rueckkehr-scaled.jpg","type":"image\/jpeg"}],"author":"Robert Hoffmann","twitter_card":"summary_large_image","twitter_misc":{"Verfasst von":"Robert Hoffmann","Gesch\u00e4tzte Lesezeit":"4\u00a0Minuten"},"schema":{"@context":"https:\/\/schema.org","@graph":[{"@type":"Article","@id":"https:\/\/www.strassenweb.de\/nachrichten\/dieser-elektrische-farbton-der-1960er-jahre-erzielt-eine-unerwartete-rueckkehr-und-designer-sagen-dass-es-der-schluessel-zum-heben-dunklerer-stimmungsvollerer-innenraeume-in-diesem-herbst-ist\/#article","isPartOf":{"@id":"https:\/\/www.strassenweb.de\/nachrichten\/dieser-elektrische-farbton-der-1960er-jahre-erzielt-eine-unerwartete-rueckkehr-und-designer-sagen-dass-es-der-schluessel-zum-heben-dunklerer-stimmungsvollerer-innenraeume-in-diesem-herbst-ist\/"},"author":{"name":"Robert Hoffmann","@id":"https:\/\/www.strassenweb.de\/nachrichten\/#\/schema\/person\/87c9c9067f1211da429a744dc5a5aa41"},"headline":"Dieser elektrische Farbton der 1960er Jahre erzielt eine unerwartete R\u00fcckkehr &#8211; und Designer sagen, dass es der Schl\u00fcssel zum Heben dunklerer, stimmungsvollerer Innenr\u00e4ume in diesem Herbst ist","datePublished":"2025-09-12T14:39:24+00:00","dateModified":"2025-09-12T14:39:26+00:00","mainEntityOfPage":{"@id":"https:\/\/www.strassenweb.de\/nachrichten\/dieser-elektrische-farbton-der-1960er-jahre-erzielt-eine-unerwartete-rueckkehr-und-designer-sagen-dass-es-der-schluessel-zum-heben-dunklerer-stimmungsvollerer-innenraeume-in-diesem-herbst-ist\/"},"wordCount":735,"publisher":{"@id":"https:\/\/www.strassenweb.de\/nachrichten\/#organization"},"image":{"@id":"https:\/\/www.strassenweb.de\/nachrichten\/dieser-elektrische-farbton-der-1960er-jahre-erzielt-eine-unerwartete-rueckkehr-und-designer-sagen-dass-es-der-schluessel-zum-heben-dunklerer-stimmungsvollerer-innenraeume-in-diesem-herbst-ist\/#primaryimage"},"thumbnailUrl":"https:\/\/www.strassenweb.de\/nachrichten\/wp-content\/uploads\/2025\/09\/Dieser-elektrische-Farbton-der-1960er-Jahre-erzielt-eine-unerwartete-Rueckkehr-scaled.jpg","keywords":["1960er","dass","der","Designer","diesem","dieser","dunklerer","eine","elektrische","erzielt","Farbton","heben","Herbst","Innenr\u00e4ume","ist","Jahre","R\u00fcckkehr","sagen","Schl\u00fcssel","stimmungsvollerer","und","unerwartete","zum"],"articleSection":["Haus &amp; Garten"],"inLanguage":"de"},{"@type":"WebPage","@id":"https:\/\/www.strassenweb.de\/nachrichten\/dieser-elektrische-farbton-der-1960er-jahre-erzielt-eine-unerwartete-rueckkehr-und-designer-sagen-dass-es-der-schluessel-zum-heben-dunklerer-stimmungsvollerer-innenraeume-in-diesem-herbst-ist\/","url":"https:\/\/www.strassenweb.de\/nachrichten\/dieser-elektrische-farbton-der-1960er-jahre-erzielt-eine-unerwartete-rueckkehr-und-designer-sagen-dass-es-der-schluessel-zum-heben-dunklerer-stimmungsvollerer-innenraeume-in-diesem-herbst-ist\/","name":"Dieser elektrische Farbton der 1960er Jahre erzielt eine unerwartete R\u00fcckkehr - und Designer sagen, dass es der Schl\u00fcssel zum Heben dunklerer, stimmungsvollerer Innenr\u00e4ume in diesem Herbst ist - Nachrichten - Stra\u00dfenweb","isPartOf":{"@id":"https:\/\/www.strassenweb.de\/nachrichten\/#website"},"primaryImageOfPage":{"@id":"https:\/\/www.strassenweb.de\/nachrichten\/dieser-elektrische-farbton-der-1960er-jahre-erzielt-eine-unerwartete-rueckkehr-und-designer-sagen-dass-es-der-schluessel-zum-heben-dunklerer-stimmungsvollerer-innenraeume-in-diesem-herbst-ist\/#primaryimage"},"image":{"@id":"https:\/\/www.strassenweb.de\/nachrichten\/dieser-elektrische-farbton-der-1960er-jahre-erzielt-eine-unerwartete-rueckkehr-und-designer-sagen-dass-es-der-schluessel-zum-heben-dunklerer-stimmungsvollerer-innenraeume-in-diesem-herbst-ist\/#primaryimage"},"thumbnailUrl":"https:\/\/www.strassenweb.de\/nachrichten\/wp-content\/uploads\/2025\/09\/Dieser-elektrische-Farbton-der-1960er-Jahre-erzielt-eine-unerwartete-Rueckkehr-scaled.jpg","datePublished":"2025-09-12T14:39:24+00:00","dateModified":"2025-09-12T14:39:26+00:00","breadcrumb":{"@id":"https:\/\/www.strassenweb.de\/nachrichten\/dieser-elektrische-farbton-der-1960er-jahre-erzielt-eine-unerwartete-rueckkehr-und-designer-sagen-dass-es-der-schluessel-zum-heben-dunklerer-stimmungsvollerer-innenraeume-in-diesem-herbst-ist\/#breadcrumb"},"inLanguage":"de","potentialAction":[{"@type":"ReadAction","target":["https:\/\/www.strassenweb.de\/nachrichten\/dieser-elektrische-farbton-der-1960er-jahre-erzielt-eine-unerwartete-rueckkehr-und-designer-sagen-dass-es-der-schluessel-zum-heben-dunklerer-stimmungsvollerer-innenraeume-in-diesem-herbst-ist\/"]}]},{"@type":"ImageObject","inLanguage":"de","@id":"https:\/\/www.strassenweb.de\/nachrichten\/dieser-elektrische-farbton-der-1960er-jahre-erzielt-eine-unerwartete-rueckkehr-und-designer-sagen-dass-es-der-schluessel-zum-heben-dunklerer-stimmungsvollerer-innenraeume-in-diesem-herbst-ist\/#primaryimage","url":"https:\/\/www.strassenweb.de\/nachrichten\/wp-content\/uploads\/2025\/09\/Dieser-elektrische-Farbton-der-1960er-Jahre-erzielt-eine-unerwartete-Rueckkehr-scaled.jpg","contentUrl":"https:\/\/www.strassenweb.de\/nachrichten\/wp-content\/uploads\/2025\/09\/Dieser-elektrische-Farbton-der-1960er-Jahre-erzielt-eine-unerwartete-Rueckkehr-scaled.jpg","width":2560,"height":1440,"caption":"Navy blue bedroom featuring a bed with a chartreuse tufted leather headboard."},{"@type":"BreadcrumbList","@id":"https:\/\/www.strassenweb.de\/nachrichten\/dieser-elektrische-farbton-der-1960er-jahre-erzielt-eine-unerwartete-rueckkehr-und-designer-sagen-dass-es-der-schluessel-zum-heben-dunklerer-stimmungsvollerer-innenraeume-in-diesem-herbst-ist\/#breadcrumb","itemListElement":[{"@type":"ListItem","position":1,"name":"Home","item":"https:\/\/www.strassenweb.de\/nachrichten\/"},{"@type":"ListItem","position":2,"name":"Dieser elektrische Farbton der 1960er Jahre erzielt eine unerwartete R\u00fcckkehr &#8211; und Designer sagen, dass es der Schl\u00fcssel zum Heben dunklerer, stimmungsvollerer Innenr\u00e4ume in diesem Herbst ist"}]},{"@type":"WebSite","@id":"https:\/\/www.strassenweb.de\/nachrichten\/#website","url":"https:\/\/www.strassenweb.de\/nachrichten\/","name":"Stra\u00dfenweb","description":"Stra\u00dfenverzeichnis f\u00fcr Deutschland","publisher":{"@id":"https:\/\/www.strassenweb.de\/nachrichten\/#organization"},"potentialAction":[{"@type":"SearchAction","target":{"@type":"EntryPoint","urlTemplate":"https:\/\/www.strassenweb.de\/nachrichten\/?s={search_term_string}"},"query-input":{"@type":"PropertyValueSpecification","valueRequired":true,"valueName":"search_term_string"}}],"inLanguage":"de"},{"@type":"Organization","@id":"https:\/\/www.strassenweb.de\/nachrichten\/#organization","name":"Stra\u00dfenweb","url":"https:\/\/www.strassenweb.de\/nachrichten\/","logo":{"@type":"ImageObject","inLanguage":"de","@id":"https:\/\/www.strassenweb.de\/nachrichten\/#\/schema\/logo\/image\/","url":"https:\/\/www.strassenweb.de\/nachrichten\/wp-content\/uploads\/2024\/09\/cropped-favicon.png","contentUrl":"https:\/\/www.strassenweb.de\/nachrichten\/wp-content\/uploads\/2024\/09\/cropped-favicon.png","width":512,"height":512,"caption":"Stra\u00dfenweb"},"image":{"@id":"https:\/\/www.strassenweb.de\/nachrichten\/#\/schema\/logo\/image\/"},"sameAs":["https:\/\/www.facebook.com\/strassenweb\/"]},{"@type":"Person","@id":"https:\/\/www.strassenweb.de\/nachrichten\/#\/schema\/person\/87c9c9067f1211da429a744dc5a5aa41","name":"Robert Hoffmann","image":{"@type":"ImageObject","inLanguage":"de","@id":"https:\/\/www.strassenweb.de\/nachrichten\/wp-content\/uploads\/2024\/09\/strassenweb-150x150.jpg","url":"https:\/\/www.strassenweb.de\/nachrichten\/wp-content\/uploads\/2024\/09\/strassenweb-150x150.jpg","contentUrl":"https:\/\/www.strassenweb.de\/nachrichten\/wp-content\/uploads\/2024\/09\/strassenweb-150x150.jpg","caption":"Robert Hoffmann"},"description":"Ich hei\u00dfe Robert Hoffmann und ich bin ein leidenschaftlicher Verfechter von \u00d6kologie und Biodiversit\u00e4t. Seit meiner Kindheit in den W\u00e4ldern Bayerns f\u00fchle ich mich mit der Natur verbunden und bin entschlossen, sie zu sch\u00fctzen. Heute widme ich mein Leben der Sensibilisierung anderer f\u00fcr die Bedeutung des Umweltschutzes f\u00fcr zuk\u00fcnftige Generationen.","sameAs":["https:\/\/www.strassenweb.de\/"]}]}},"_links":{"self":[{"href":"https:\/\/www.strassenweb.de\/nachrichten\/wp-json\/wp\/v2\/posts\/7669","targetHints":{"allow":["GET"]}}],"collection":[{"href":"https:\/\/www.strassenweb.de\/nachrichten\/wp-json\/wp\/v2\/posts"}],"about":[{"href":"https:\/\/www.strassenweb.de\/nachrichten\/wp-json\/wp\/v2\/types\/post"}],"author":[{"embeddable":true,"href":"https:\/\/www.strassenweb.de\/nachrichten\/wp-json\/wp\/v2\/users\/1"}],"replies":[{"embeddable":true,"href":"https:\/\/www.strassenweb.de\/nachrichten\/wp-json\/wp\/v2\/comments?post=7669"}],"version-history":[{"count":0,"href":"https:\/\/www.strassenweb.de\/nachrichten\/wp-json\/wp\/v2\/posts\/7669\/revisions"}],"wp:featuredmedia":[{"embeddable":true,"href":"https:\/\/www.strassenweb.de\/nachrichten\/wp-json\/wp\/v2\/media\/7670"}],"wp:attachment":[{"href":"https:\/\/www.strassenweb.de\/nachrichten\/wp-json\/wp\/v2\/media?parent=7669"}],"wp:term":[{"taxonomy":"category","embeddable":true,"href":"https:\/\/www.strassenweb.de\/nachrichten\/wp-json\/wp\/v2\/categories?post=7669"},{"taxonomy":"post_tag","embeddable":true,"href":"https:\/\/www.strassenweb.de\/nachrichten\/wp-json\/wp\/v2\/tags?post=7669"}],"curies":[{"name":"wp","href":"https:\/\/api.w.org\/{rel}","templated":true}]}}