{"id":7666,"date":"2025-09-12T14:41:43","date_gmt":"2025-09-12T12:41:43","guid":{"rendered":"https:\/\/www.strassenweb.de\/nachrichten\/die-gemeinden-wurden-eingeladen-die-potenzielle-rueckkehr-von-biber-in-den-bereich-loch-ness-zu-eroertern\/"},"modified":"2025-09-12T14:41:43","modified_gmt":"2025-09-12T12:41:43","slug":"die-gemeinden-wurden-eingeladen-die-potenzielle-rueckkehr-von-biber-in-den-bereich-loch-ness-zu-eroertern","status":"publish","type":"post","link":"https:\/\/www.strassenweb.de\/nachrichten\/die-gemeinden-wurden-eingeladen-die-potenzielle-rueckkehr-von-biber-in-den-bereich-loch-ness-zu-eroertern\/","title":{"rendered":"Die Gemeinden wurden eingeladen, die potenzielle R\u00fcckkehr von Biber in den Bereich Loch Ness zu er\u00f6rtern"},"content":{"rendered":"<p>Eine Community -Diskussion mit dem Potenzial f\u00fcr die Wiedereinf\u00fchrung von Beaver in den Loch Ness -Bereich wird im September und Oktober von B\u00e4umen f\u00fcr das Leben in Zusammenarbeit mit Beaver Trust gef\u00fchrt.<\/p>\n<p>Das Engagement der Gemeinschaft und des Stakeholders sammelt Ansichten \u00fcber die Chancen und Bedenken, die mit den einheimischen Arten einhergehen k\u00f6nnten, die zu einigen der Biber-freundlichen Wasserb\u00fccher in der N\u00e4he des Lochs zwischen Fort Augustus und Lochend zur\u00fcckkehren.<\/p>\n<p>Der Flussness wurde von Naturescot im Jahr 2022 als eines der am besten geeigneten Einzugsgebiete Schottlands f\u00fcr Biber identifiziert. Es bietet ein umfangreiches Netzwerk von Biber-freundlichen Lebensr\u00e4umen, darunter Feuchtgebiete, S\u00fc\u00dfwasser und mehr als 3.000 Hektar geeignetes Wald, mit geringem Risiko f\u00fcr negative Auswirkungen und hohes Potenzial f\u00fcr die Wiederherstellung der Natur. Die Community -Diskussion wird dies genauer untersuchen, wenn Menschen, die vor Ort leben und arbeiten.<\/p>\n<p>Lokale Gemeinden und Stakeholder werden gebeten, zu \u00fcberlegen, wie sich offiziell wieder in der Gegend in die Praxis einf\u00fchren kann. Das detaillierte \u00f6ffentliche Engagement ist ein entscheidender erster Schritt, bevor eine spezifische Wiedereinf\u00fchrung von Stellen vorgeschlagen werden k\u00f6nnte.<\/p>\n<p>Alan McDonnell, Leiterin der Naturestellung bei B\u00e4umen f\u00fcrs Leben, sagte: \u201eDie R\u00fcckkehr in den Gebiet von Loch Ness kann Gemeinden, Unternehmen, Landschaften und Natur echte Vorteile bieten, ben\u00f6tigt jedoch sorgf\u00e4ltige \u00dcberlegungen. Wir m\u00f6chten also eine vollst\u00e4ndige Auswahl an Ansichten und Gemeinschaftsstimmen h\u00f6ren, einschlie\u00dflich aller Bedenken, die sich mit Ver\u00e4nderungen um Ver\u00e4nderungen beziehen.\u201c<\/p>\n<p>Biber sind sehr anpassungsf\u00e4hig und leben mit Menschen in einer Vielzahl von S\u00fc\u00dfwasserumgebungen.  Sie k\u00f6nnen den Gemeinden durch \u00d6kotourismus und \u00d6kosystemdienste wirtschaftliche Vorteile bringen. Die Feuchtgebiete, die sie schaffen, profitieren anderen Wildtieren, der Natur und den Menschen helfen, sich an den Klimawandel anzupassen, Wasser zu reinigen und die \u00dcberschwemmungen zu verringern. In einigen Situationen k\u00f6nnen Biber Probleme auf Ackerland oder f\u00fcr andere Landnutzungen verursachen, obwohl diese h\u00e4ufig verwaltet werden k\u00f6nnen.<\/p>\n<p>Dr. Roisin Campbell-Palmer, Leiter der Restaurierung von Beaver Trust, sagte: \u201eWir freuen uns darauf, die Vorteile und Auswirkungen von Biber in der Region zu diskutieren, die an den Ereignissen teilnehmen, einschlie\u00dflich der Einrichtung gesunder Wildpopulationen, die Unterst\u00fctzung der langfristigen Koexistenz mit lokalen Menschen und der L\u00e4ndernutzung und sicherstellen, dass die Arten ein wichtiger Schritt f\u00fcr die Ausweitung der Nationalen Strategien der Sachen.<\/p>\n<p>Eine Reihe von pers\u00f6nlichen und Online-Veranstaltungen sowie Einzeldiskussionen werden sich mit den Ansichten der Menschen \u00fcber die M\u00f6glichkeiten und Bedenken handeln, die mit Biber in die Region zur\u00fcckkehren k\u00f6nnten. Dies umfasst praktische Schritte zur Minderung und \u00dcberwachung, die m\u00f6glicherweise erforderlich sein k\u00f6nnen, um die Vorteile der Arten zu maximieren.<\/p>\n<p>Professor Jill Robbie, Vorsitzender der Scottish Beaver Advisory Group und stellvertretender Vorsitzender von Naturescot, sagte: \u201eSchottlands Beaver -Strategie zielt darauf ab, das aktuelle Spektrum der Biber in Schottland zu erh\u00f6hen, und stellte sie wieder her, um sie in die geeignete Teile des Landes mit angemessener Verwaltung und Schadensminderung zu begr\u00fc\u00dfen. Wir begr\u00fc\u00dfen die Starts. Ansichten ber\u00fccksichtigt, um sicherzustellen, dass eine Translokation ein Erfolg ist. \u201c<\/p>\n<p>Im Rahmen der Community-Diskussion wird es im September und Oktober eine Reihe von einladenden Drop-In-Veranstaltungen mit B\u00e4umen f\u00fcr Leben und Beaver Trust in Drumnadrochit, Foyers, Invermoriston, Fort Augustus, Dores und Trees for Life&#8217;s Dundreggan Rewilding Center in Glenmoriston geben. Die Mitarbeiter von Naturescot werden ebenfalls anwesend sein, um Fragen zu beantworten.<\/p>\n<p>Es wird einen Schwerpunkt auf lokalen Ansichten und Engagement geben. Ein Mailshot wird an Haushalte im Loch -Ness -Bereich geliefert, begleitet von lokal gezielten Social -Media -\u00d6ffentlichkeitsarbeit.<\/p>\n<p>Die Community -Diskussion steht im Einklang mit der Scottish Beaver Strategy der schottischen Regierung, die 2022 mit dem Engagement von mehr als 50 wichtigsten Stakeholdern ver\u00f6ffentlicht wurde. Die Strategie zielt darauf ab, sicherzustellen, dass die Gemeinschaften die Vorteile von Biber maximieren k\u00f6nnen, wobei negative Auswirkungen minimiert werden und die Biberpopulation aktiv in geeignete Bereiche erweitert werden.<\/p>\n<p>Biber k\u00f6nnen nicht ohne Lizenz von Naturescot in Schottland erfasst, transportiert oder freigelassen werden. Sowohl im scottischen Code for Conservation Translocations als auch in der schottischen Biberstrategie ist ein wesentlicher Schritt bei der Beantragung einer Wiedereinf\u00fchrungslizenz das \u00f6ffentliche Engagement, um alle Vorteile und Probleme, die mit einem bestimmten Projekt verbunden sind, sorgf\u00e4ltig zu pr\u00fcfen. Die \u00f6kologischen Aspekte sind ebenfalls ein wesentliches Thema, wobei detaillierte Lebensr\u00e4ume ein wesentlicher Bestandteil davon sind. <\/p>\n<p>Biber sind als &#8222;Keystone -Arten&#8220; bekannt, weil sie eine wichtige Rolle bei der Aufrechterhaltung von \u00d6kosystemen f\u00fcr gesunde Lebensweise spielen. Sie wurden 2009 offiziell wieder in Schottland eingef\u00fchrt, nachdem sie vor etwa 400 Jahren im Land aus dem Aussterben gesucht worden waren. <\/p>\n<p>Das Projekt wurde dank der Finanzierung von B\u00e4umen f\u00fcr das Leben von gro\u00dfz\u00fcgigen Anh\u00e4ngern und der Fred Foundation, der Forest Peace Foundation und der Rewilding Gro\u00dfbritanniens Rewilding Innovation Fund erm\u00f6glicht.<\/p>\n<p>Weitere Informationen finden Sie unter treesforlife.org.uk\/ness-beaver-project.<\/p>\n<p><em>Fotokredit: Biber pausieren beim Essen \u00a9 Elliot McCandless<\/em><\/p>\n","protected":false},"excerpt":{"rendered":"<p>Eine Community -Diskussion mit dem Potenzial f\u00fcr die Wiedereinf\u00fchrung von Beaver in den Loch Ness -Bereich wird im September und Oktober von B\u00e4umen f\u00fcr das<\/p>\n","protected":false},"author":1,"featured_media":7667,"comment_status":"closed","ping_status":"","sticky":false,"template":"","format":"standard","meta":{"footnotes":""},"categories":[101],"tags":[680,6828,78,9,10098,10099,3650,1626,1627,5727,1612,21,1843],"class_list":["post-7666","post","type-post","status-publish","format-standard","has-post-thumbnail","hentry","category-oekologie","tag-bereich","tag-biber","tag-den","tag-die","tag-eingeladen","tag-eroertern","tag-gemeinden","tag-loch","tag-ness","tag-potenzielle","tag-rueckkehr","tag-von","tag-wuerden","generate-columns","tablet-grid-50","mobile-grid-100","grid-parent","grid-50"],"yoast_head":"<!-- This site is optimized with the Yoast SEO plugin v27.3 - https:\/\/yoast.com\/product\/yoast-seo-wordpress\/ -->\n<title>Die Gemeinden wurden eingeladen, die potenzielle R\u00fcckkehr von Biber in den Bereich Loch Ness zu er\u00f6rtern - Nachrichten - Stra\u00dfenweb<\/title>\n<meta name=\"robots\" content=\"index, follow, max-snippet:-1, max-image-preview:large, max-video-preview:-1\" \/>\n<link rel=\"canonical\" href=\"https:\/\/www.strassenweb.de\/nachrichten\/die-gemeinden-wurden-eingeladen-die-potenzielle-rueckkehr-von-biber-in-den-bereich-loch-ness-zu-eroertern\/\" \/>\n<meta property=\"og:locale\" content=\"de_DE\" \/>\n<meta property=\"og:type\" content=\"article\" \/>\n<meta property=\"og:title\" content=\"Die Gemeinden wurden eingeladen, die potenzielle R\u00fcckkehr von Biber in den Bereich Loch Ness zu er\u00f6rtern - Nachrichten - Stra\u00dfenweb\" \/>\n<meta property=\"og:description\" content=\"Eine Community -Diskussion mit dem Potenzial f\u00fcr die Wiedereinf\u00fchrung von Beaver in den Loch Ness -Bereich wird im September und Oktober von B\u00e4umen f\u00fcr das\" \/>\n<meta property=\"og:url\" content=\"https:\/\/www.strassenweb.de\/nachrichten\/die-gemeinden-wurden-eingeladen-die-potenzielle-rueckkehr-von-biber-in-den-bereich-loch-ness-zu-eroertern\/\" \/>\n<meta property=\"og:site_name\" content=\"Stra\u00dfenweb\" \/>\n<meta property=\"article:publisher\" content=\"https:\/\/www.facebook.com\/strassenweb\/\" \/>\n<meta property=\"article:published_time\" content=\"2025-09-12T12:41:43+00:00\" \/>\n<meta property=\"og:image\" content=\"https:\/\/www.strassenweb.de\/nachrichten\/wp-content\/uploads\/2025\/09\/Die-Gemeinden-wurden-eingeladen-die-potenzielle-Rueckkehr-von-Biber-in.jpg\" \/>\n\t<meta property=\"og:image:width\" content=\"900\" \/>\n\t<meta property=\"og:image:height\" content=\"600\" \/>\n\t<meta property=\"og:image:type\" content=\"image\/jpeg\" \/>\n<meta name=\"author\" content=\"Robert Hoffmann\" \/>\n<meta name=\"twitter:card\" content=\"summary_large_image\" \/>\n<meta name=\"twitter:label1\" content=\"Verfasst von\" \/>\n\t<meta name=\"twitter:data1\" content=\"Robert Hoffmann\" \/>\n\t<meta name=\"twitter:label2\" content=\"Gesch\u00e4tzte Lesezeit\" \/>\n\t<meta name=\"twitter:data2\" content=\"4\u00a0Minuten\" \/>\n<script type=\"application\/ld+json\" class=\"yoast-schema-graph\">{\"@context\":\"https:\\\/\\\/schema.org\",\"@graph\":[{\"@type\":\"Article\",\"@id\":\"https:\\\/\\\/www.strassenweb.de\\\/nachrichten\\\/die-gemeinden-wurden-eingeladen-die-potenzielle-rueckkehr-von-biber-in-den-bereich-loch-ness-zu-eroertern\\\/#article\",\"isPartOf\":{\"@id\":\"https:\\\/\\\/www.strassenweb.de\\\/nachrichten\\\/die-gemeinden-wurden-eingeladen-die-potenzielle-rueckkehr-von-biber-in-den-bereich-loch-ness-zu-eroertern\\\/\"},\"author\":{\"name\":\"Robert Hoffmann\",\"@id\":\"https:\\\/\\\/www.strassenweb.de\\\/nachrichten\\\/#\\\/schema\\\/person\\\/87c9c9067f1211da429a744dc5a5aa41\"},\"headline\":\"Die Gemeinden wurden eingeladen, die potenzielle R\u00fcckkehr von Biber in den Bereich Loch Ness zu er\u00f6rtern\",\"datePublished\":\"2025-09-12T12:41:43+00:00\",\"mainEntityOfPage\":{\"@id\":\"https:\\\/\\\/www.strassenweb.de\\\/nachrichten\\\/die-gemeinden-wurden-eingeladen-die-potenzielle-rueckkehr-von-biber-in-den-bereich-loch-ness-zu-eroertern\\\/\"},\"wordCount\":844,\"publisher\":{\"@id\":\"https:\\\/\\\/www.strassenweb.de\\\/nachrichten\\\/#organization\"},\"image\":{\"@id\":\"https:\\\/\\\/www.strassenweb.de\\\/nachrichten\\\/die-gemeinden-wurden-eingeladen-die-potenzielle-rueckkehr-von-biber-in-den-bereich-loch-ness-zu-eroertern\\\/#primaryimage\"},\"thumbnailUrl\":\"https:\\\/\\\/www.strassenweb.de\\\/nachrichten\\\/wp-content\\\/uploads\\\/2025\\\/09\\\/Die-Gemeinden-wurden-eingeladen-die-potenzielle-Rueckkehr-von-Biber-in.jpg\",\"keywords\":[\"Bereich\",\"Biber\",\"den\",\"die\",\"eingeladen\",\"er\u00f6rtern\",\"Gemeinden\",\"Loch\",\"Ness\",\"potenzielle\",\"R\u00fcckkehr\",\"von\",\"w\u00fcrden\"],\"articleSection\":[\"\u00d6kologie\"],\"inLanguage\":\"de\"},{\"@type\":\"WebPage\",\"@id\":\"https:\\\/\\\/www.strassenweb.de\\\/nachrichten\\\/die-gemeinden-wurden-eingeladen-die-potenzielle-rueckkehr-von-biber-in-den-bereich-loch-ness-zu-eroertern\\\/\",\"url\":\"https:\\\/\\\/www.strassenweb.de\\\/nachrichten\\\/die-gemeinden-wurden-eingeladen-die-potenzielle-rueckkehr-von-biber-in-den-bereich-loch-ness-zu-eroertern\\\/\",\"name\":\"Die Gemeinden wurden eingeladen, die potenzielle R\u00fcckkehr von Biber in den Bereich Loch Ness zu er\u00f6rtern - Nachrichten - Stra\u00dfenweb\",\"isPartOf\":{\"@id\":\"https:\\\/\\\/www.strassenweb.de\\\/nachrichten\\\/#website\"},\"primaryImageOfPage\":{\"@id\":\"https:\\\/\\\/www.strassenweb.de\\\/nachrichten\\\/die-gemeinden-wurden-eingeladen-die-potenzielle-rueckkehr-von-biber-in-den-bereich-loch-ness-zu-eroertern\\\/#primaryimage\"},\"image\":{\"@id\":\"https:\\\/\\\/www.strassenweb.de\\\/nachrichten\\\/die-gemeinden-wurden-eingeladen-die-potenzielle-rueckkehr-von-biber-in-den-bereich-loch-ness-zu-eroertern\\\/#primaryimage\"},\"thumbnailUrl\":\"https:\\\/\\\/www.strassenweb.de\\\/nachrichten\\\/wp-content\\\/uploads\\\/2025\\\/09\\\/Die-Gemeinden-wurden-eingeladen-die-potenzielle-Rueckkehr-von-Biber-in.jpg\",\"datePublished\":\"2025-09-12T12:41:43+00:00\",\"breadcrumb\":{\"@id\":\"https:\\\/\\\/www.strassenweb.de\\\/nachrichten\\\/die-gemeinden-wurden-eingeladen-die-potenzielle-rueckkehr-von-biber-in-den-bereich-loch-ness-zu-eroertern\\\/#breadcrumb\"},\"inLanguage\":\"de\",\"potentialAction\":[{\"@type\":\"ReadAction\",\"target\":[\"https:\\\/\\\/www.strassenweb.de\\\/nachrichten\\\/die-gemeinden-wurden-eingeladen-die-potenzielle-rueckkehr-von-biber-in-den-bereich-loch-ness-zu-eroertern\\\/\"]}]},{\"@type\":\"ImageObject\",\"inLanguage\":\"de\",\"@id\":\"https:\\\/\\\/www.strassenweb.de\\\/nachrichten\\\/die-gemeinden-wurden-eingeladen-die-potenzielle-rueckkehr-von-biber-in-den-bereich-loch-ness-zu-eroertern\\\/#primaryimage\",\"url\":\"https:\\\/\\\/www.strassenweb.de\\\/nachrichten\\\/wp-content\\\/uploads\\\/2025\\\/09\\\/Die-Gemeinden-wurden-eingeladen-die-potenzielle-Rueckkehr-von-Biber-in.jpg\",\"contentUrl\":\"https:\\\/\\\/www.strassenweb.de\\\/nachrichten\\\/wp-content\\\/uploads\\\/2025\\\/09\\\/Die-Gemeinden-wurden-eingeladen-die-potenzielle-Rueckkehr-von-Biber-in.jpg\",\"width\":900,\"height\":600,\"caption\":\"Communities invited to discuss potential return of beavers to Loch Ness area\"},{\"@type\":\"BreadcrumbList\",\"@id\":\"https:\\\/\\\/www.strassenweb.de\\\/nachrichten\\\/die-gemeinden-wurden-eingeladen-die-potenzielle-rueckkehr-von-biber-in-den-bereich-loch-ness-zu-eroertern\\\/#breadcrumb\",\"itemListElement\":[{\"@type\":\"ListItem\",\"position\":1,\"name\":\"Home\",\"item\":\"https:\\\/\\\/www.strassenweb.de\\\/nachrichten\\\/\"},{\"@type\":\"ListItem\",\"position\":2,\"name\":\"Die Gemeinden wurden eingeladen, die potenzielle R\u00fcckkehr von Biber in den Bereich Loch Ness zu er\u00f6rtern\"}]},{\"@type\":\"WebSite\",\"@id\":\"https:\\\/\\\/www.strassenweb.de\\\/nachrichten\\\/#website\",\"url\":\"https:\\\/\\\/www.strassenweb.de\\\/nachrichten\\\/\",\"name\":\"Stra\u00dfenweb\",\"description\":\"Stra\u00dfenverzeichnis f\u00fcr Deutschland\",\"publisher\":{\"@id\":\"https:\\\/\\\/www.strassenweb.de\\\/nachrichten\\\/#organization\"},\"potentialAction\":[{\"@type\":\"SearchAction\",\"target\":{\"@type\":\"EntryPoint\",\"urlTemplate\":\"https:\\\/\\\/www.strassenweb.de\\\/nachrichten\\\/?s={search_term_string}\"},\"query-input\":{\"@type\":\"PropertyValueSpecification\",\"valueRequired\":true,\"valueName\":\"search_term_string\"}}],\"inLanguage\":\"de\"},{\"@type\":\"Organization\",\"@id\":\"https:\\\/\\\/www.strassenweb.de\\\/nachrichten\\\/#organization\",\"name\":\"Stra\u00dfenweb\",\"url\":\"https:\\\/\\\/www.strassenweb.de\\\/nachrichten\\\/\",\"logo\":{\"@type\":\"ImageObject\",\"inLanguage\":\"de\",\"@id\":\"https:\\\/\\\/www.strassenweb.de\\\/nachrichten\\\/#\\\/schema\\\/logo\\\/image\\\/\",\"url\":\"https:\\\/\\\/www.strassenweb.de\\\/nachrichten\\\/wp-content\\\/uploads\\\/2024\\\/09\\\/cropped-favicon.png\",\"contentUrl\":\"https:\\\/\\\/www.strassenweb.de\\\/nachrichten\\\/wp-content\\\/uploads\\\/2024\\\/09\\\/cropped-favicon.png\",\"width\":512,\"height\":512,\"caption\":\"Stra\u00dfenweb\"},\"image\":{\"@id\":\"https:\\\/\\\/www.strassenweb.de\\\/nachrichten\\\/#\\\/schema\\\/logo\\\/image\\\/\"},\"sameAs\":[\"https:\\\/\\\/www.facebook.com\\\/strassenweb\\\/\"]},{\"@type\":\"Person\",\"@id\":\"https:\\\/\\\/www.strassenweb.de\\\/nachrichten\\\/#\\\/schema\\\/person\\\/87c9c9067f1211da429a744dc5a5aa41\",\"name\":\"Robert Hoffmann\",\"image\":{\"@type\":\"ImageObject\",\"inLanguage\":\"de\",\"@id\":\"https:\\\/\\\/www.strassenweb.de\\\/nachrichten\\\/wp-content\\\/uploads\\\/2024\\\/09\\\/strassenweb-150x150.jpg\",\"url\":\"https:\\\/\\\/www.strassenweb.de\\\/nachrichten\\\/wp-content\\\/uploads\\\/2024\\\/09\\\/strassenweb-150x150.jpg\",\"contentUrl\":\"https:\\\/\\\/www.strassenweb.de\\\/nachrichten\\\/wp-content\\\/uploads\\\/2024\\\/09\\\/strassenweb-150x150.jpg\",\"caption\":\"Robert Hoffmann\"},\"description\":\"Ich hei\u00dfe Robert Hoffmann und ich bin ein leidenschaftlicher Verfechter von \u00d6kologie und Biodiversit\u00e4t. Seit meiner Kindheit in den W\u00e4ldern Bayerns f\u00fchle ich mich mit der Natur verbunden und bin entschlossen, sie zu sch\u00fctzen. Heute widme ich mein Leben der Sensibilisierung anderer f\u00fcr die Bedeutung des Umweltschutzes f\u00fcr zuk\u00fcnftige Generationen.\",\"sameAs\":[\"https:\\\/\\\/www.strassenweb.de\\\/\"]}]}<\/script>\n<!-- \/ Yoast SEO plugin. -->","yoast_head_json":{"title":"Die Gemeinden wurden eingeladen, die potenzielle R\u00fcckkehr von Biber in den Bereich Loch Ness zu er\u00f6rtern - Nachrichten - Stra\u00dfenweb","robots":{"index":"index","follow":"follow","max-snippet":"max-snippet:-1","max-image-preview":"max-image-preview:large","max-video-preview":"max-video-preview:-1"},"canonical":"https:\/\/www.strassenweb.de\/nachrichten\/die-gemeinden-wurden-eingeladen-die-potenzielle-rueckkehr-von-biber-in-den-bereich-loch-ness-zu-eroertern\/","og_locale":"de_DE","og_type":"article","og_title":"Die Gemeinden wurden eingeladen, die potenzielle R\u00fcckkehr von Biber in den Bereich Loch Ness zu er\u00f6rtern - Nachrichten - Stra\u00dfenweb","og_description":"Eine Community -Diskussion mit dem Potenzial f\u00fcr die Wiedereinf\u00fchrung von Beaver in den Loch Ness -Bereich wird im September und Oktober von B\u00e4umen f\u00fcr das","og_url":"https:\/\/www.strassenweb.de\/nachrichten\/die-gemeinden-wurden-eingeladen-die-potenzielle-rueckkehr-von-biber-in-den-bereich-loch-ness-zu-eroertern\/","og_site_name":"Stra\u00dfenweb","article_publisher":"https:\/\/www.facebook.com\/strassenweb\/","article_published_time":"2025-09-12T12:41:43+00:00","og_image":[{"width":900,"height":600,"url":"https:\/\/www.strassenweb.de\/nachrichten\/wp-content\/uploads\/2025\/09\/Die-Gemeinden-wurden-eingeladen-die-potenzielle-Rueckkehr-von-Biber-in.jpg","type":"image\/jpeg"}],"author":"Robert Hoffmann","twitter_card":"summary_large_image","twitter_misc":{"Verfasst von":"Robert Hoffmann","Gesch\u00e4tzte Lesezeit":"4\u00a0Minuten"},"schema":{"@context":"https:\/\/schema.org","@graph":[{"@type":"Article","@id":"https:\/\/www.strassenweb.de\/nachrichten\/die-gemeinden-wurden-eingeladen-die-potenzielle-rueckkehr-von-biber-in-den-bereich-loch-ness-zu-eroertern\/#article","isPartOf":{"@id":"https:\/\/www.strassenweb.de\/nachrichten\/die-gemeinden-wurden-eingeladen-die-potenzielle-rueckkehr-von-biber-in-den-bereich-loch-ness-zu-eroertern\/"},"author":{"name":"Robert Hoffmann","@id":"https:\/\/www.strassenweb.de\/nachrichten\/#\/schema\/person\/87c9c9067f1211da429a744dc5a5aa41"},"headline":"Die Gemeinden wurden eingeladen, die potenzielle R\u00fcckkehr von Biber in den Bereich Loch Ness zu er\u00f6rtern","datePublished":"2025-09-12T12:41:43+00:00","mainEntityOfPage":{"@id":"https:\/\/www.strassenweb.de\/nachrichten\/die-gemeinden-wurden-eingeladen-die-potenzielle-rueckkehr-von-biber-in-den-bereich-loch-ness-zu-eroertern\/"},"wordCount":844,"publisher":{"@id":"https:\/\/www.strassenweb.de\/nachrichten\/#organization"},"image":{"@id":"https:\/\/www.strassenweb.de\/nachrichten\/die-gemeinden-wurden-eingeladen-die-potenzielle-rueckkehr-von-biber-in-den-bereich-loch-ness-zu-eroertern\/#primaryimage"},"thumbnailUrl":"https:\/\/www.strassenweb.de\/nachrichten\/wp-content\/uploads\/2025\/09\/Die-Gemeinden-wurden-eingeladen-die-potenzielle-Rueckkehr-von-Biber-in.jpg","keywords":["Bereich","Biber","den","die","eingeladen","er\u00f6rtern","Gemeinden","Loch","Ness","potenzielle","R\u00fcckkehr","von","w\u00fcrden"],"articleSection":["\u00d6kologie"],"inLanguage":"de"},{"@type":"WebPage","@id":"https:\/\/www.strassenweb.de\/nachrichten\/die-gemeinden-wurden-eingeladen-die-potenzielle-rueckkehr-von-biber-in-den-bereich-loch-ness-zu-eroertern\/","url":"https:\/\/www.strassenweb.de\/nachrichten\/die-gemeinden-wurden-eingeladen-die-potenzielle-rueckkehr-von-biber-in-den-bereich-loch-ness-zu-eroertern\/","name":"Die Gemeinden wurden eingeladen, die potenzielle R\u00fcckkehr von Biber in den Bereich Loch Ness zu er\u00f6rtern - Nachrichten - Stra\u00dfenweb","isPartOf":{"@id":"https:\/\/www.strassenweb.de\/nachrichten\/#website"},"primaryImageOfPage":{"@id":"https:\/\/www.strassenweb.de\/nachrichten\/die-gemeinden-wurden-eingeladen-die-potenzielle-rueckkehr-von-biber-in-den-bereich-loch-ness-zu-eroertern\/#primaryimage"},"image":{"@id":"https:\/\/www.strassenweb.de\/nachrichten\/die-gemeinden-wurden-eingeladen-die-potenzielle-rueckkehr-von-biber-in-den-bereich-loch-ness-zu-eroertern\/#primaryimage"},"thumbnailUrl":"https:\/\/www.strassenweb.de\/nachrichten\/wp-content\/uploads\/2025\/09\/Die-Gemeinden-wurden-eingeladen-die-potenzielle-Rueckkehr-von-Biber-in.jpg","datePublished":"2025-09-12T12:41:43+00:00","breadcrumb":{"@id":"https:\/\/www.strassenweb.de\/nachrichten\/die-gemeinden-wurden-eingeladen-die-potenzielle-rueckkehr-von-biber-in-den-bereich-loch-ness-zu-eroertern\/#breadcrumb"},"inLanguage":"de","potentialAction":[{"@type":"ReadAction","target":["https:\/\/www.strassenweb.de\/nachrichten\/die-gemeinden-wurden-eingeladen-die-potenzielle-rueckkehr-von-biber-in-den-bereich-loch-ness-zu-eroertern\/"]}]},{"@type":"ImageObject","inLanguage":"de","@id":"https:\/\/www.strassenweb.de\/nachrichten\/die-gemeinden-wurden-eingeladen-die-potenzielle-rueckkehr-von-biber-in-den-bereich-loch-ness-zu-eroertern\/#primaryimage","url":"https:\/\/www.strassenweb.de\/nachrichten\/wp-content\/uploads\/2025\/09\/Die-Gemeinden-wurden-eingeladen-die-potenzielle-Rueckkehr-von-Biber-in.jpg","contentUrl":"https:\/\/www.strassenweb.de\/nachrichten\/wp-content\/uploads\/2025\/09\/Die-Gemeinden-wurden-eingeladen-die-potenzielle-Rueckkehr-von-Biber-in.jpg","width":900,"height":600,"caption":"Communities invited to discuss potential return of beavers to Loch Ness area"},{"@type":"BreadcrumbList","@id":"https:\/\/www.strassenweb.de\/nachrichten\/die-gemeinden-wurden-eingeladen-die-potenzielle-rueckkehr-von-biber-in-den-bereich-loch-ness-zu-eroertern\/#breadcrumb","itemListElement":[{"@type":"ListItem","position":1,"name":"Home","item":"https:\/\/www.strassenweb.de\/nachrichten\/"},{"@type":"ListItem","position":2,"name":"Die Gemeinden wurden eingeladen, die potenzielle R\u00fcckkehr von Biber in den Bereich Loch Ness zu er\u00f6rtern"}]},{"@type":"WebSite","@id":"https:\/\/www.strassenweb.de\/nachrichten\/#website","url":"https:\/\/www.strassenweb.de\/nachrichten\/","name":"Stra\u00dfenweb","description":"Stra\u00dfenverzeichnis f\u00fcr Deutschland","publisher":{"@id":"https:\/\/www.strassenweb.de\/nachrichten\/#organization"},"potentialAction":[{"@type":"SearchAction","target":{"@type":"EntryPoint","urlTemplate":"https:\/\/www.strassenweb.de\/nachrichten\/?s={search_term_string}"},"query-input":{"@type":"PropertyValueSpecification","valueRequired":true,"valueName":"search_term_string"}}],"inLanguage":"de"},{"@type":"Organization","@id":"https:\/\/www.strassenweb.de\/nachrichten\/#organization","name":"Stra\u00dfenweb","url":"https:\/\/www.strassenweb.de\/nachrichten\/","logo":{"@type":"ImageObject","inLanguage":"de","@id":"https:\/\/www.strassenweb.de\/nachrichten\/#\/schema\/logo\/image\/","url":"https:\/\/www.strassenweb.de\/nachrichten\/wp-content\/uploads\/2024\/09\/cropped-favicon.png","contentUrl":"https:\/\/www.strassenweb.de\/nachrichten\/wp-content\/uploads\/2024\/09\/cropped-favicon.png","width":512,"height":512,"caption":"Stra\u00dfenweb"},"image":{"@id":"https:\/\/www.strassenweb.de\/nachrichten\/#\/schema\/logo\/image\/"},"sameAs":["https:\/\/www.facebook.com\/strassenweb\/"]},{"@type":"Person","@id":"https:\/\/www.strassenweb.de\/nachrichten\/#\/schema\/person\/87c9c9067f1211da429a744dc5a5aa41","name":"Robert Hoffmann","image":{"@type":"ImageObject","inLanguage":"de","@id":"https:\/\/www.strassenweb.de\/nachrichten\/wp-content\/uploads\/2024\/09\/strassenweb-150x150.jpg","url":"https:\/\/www.strassenweb.de\/nachrichten\/wp-content\/uploads\/2024\/09\/strassenweb-150x150.jpg","contentUrl":"https:\/\/www.strassenweb.de\/nachrichten\/wp-content\/uploads\/2024\/09\/strassenweb-150x150.jpg","caption":"Robert Hoffmann"},"description":"Ich hei\u00dfe Robert Hoffmann und ich bin ein leidenschaftlicher Verfechter von \u00d6kologie und Biodiversit\u00e4t. Seit meiner Kindheit in den W\u00e4ldern Bayerns f\u00fchle ich mich mit der Natur verbunden und bin entschlossen, sie zu sch\u00fctzen. Heute widme ich mein Leben der Sensibilisierung anderer f\u00fcr die Bedeutung des Umweltschutzes f\u00fcr zuk\u00fcnftige Generationen.","sameAs":["https:\/\/www.strassenweb.de\/"]}]}},"_links":{"self":[{"href":"https:\/\/www.strassenweb.de\/nachrichten\/wp-json\/wp\/v2\/posts\/7666","targetHints":{"allow":["GET"]}}],"collection":[{"href":"https:\/\/www.strassenweb.de\/nachrichten\/wp-json\/wp\/v2\/posts"}],"about":[{"href":"https:\/\/www.strassenweb.de\/nachrichten\/wp-json\/wp\/v2\/types\/post"}],"author":[{"embeddable":true,"href":"https:\/\/www.strassenweb.de\/nachrichten\/wp-json\/wp\/v2\/users\/1"}],"replies":[{"embeddable":true,"href":"https:\/\/www.strassenweb.de\/nachrichten\/wp-json\/wp\/v2\/comments?post=7666"}],"version-history":[{"count":0,"href":"https:\/\/www.strassenweb.de\/nachrichten\/wp-json\/wp\/v2\/posts\/7666\/revisions"}],"wp:featuredmedia":[{"embeddable":true,"href":"https:\/\/www.strassenweb.de\/nachrichten\/wp-json\/wp\/v2\/media\/7667"}],"wp:attachment":[{"href":"https:\/\/www.strassenweb.de\/nachrichten\/wp-json\/wp\/v2\/media?parent=7666"}],"wp:term":[{"taxonomy":"category","embeddable":true,"href":"https:\/\/www.strassenweb.de\/nachrichten\/wp-json\/wp\/v2\/categories?post=7666"},{"taxonomy":"post_tag","embeddable":true,"href":"https:\/\/www.strassenweb.de\/nachrichten\/wp-json\/wp\/v2\/tags?post=7666"}],"curies":[{"name":"wp","href":"https:\/\/api.w.org\/{rel}","templated":true}]}}