{"id":7651,"date":"2025-09-12T01:41:38","date_gmt":"2025-09-11T23:41:38","guid":{"rendered":"https:\/\/www.strassenweb.de\/nachrichten\/jennifer-garners-schrank-ist-ein-reines-vertikales-speichergenie-nachdem-ich-gesehen-habe-wie-sie-jeden-zentimeter-geschickt-maximiert-bin-ich-inspiriert-meine-eigenen-zu-ueberarbeiten\/"},"modified":"2025-09-12T01:41:39","modified_gmt":"2025-09-11T23:41:39","slug":"jennifer-garners-schrank-ist-ein-reines-vertikales-speichergenie-nachdem-ich-gesehen-habe-wie-sie-jeden-zentimeter-geschickt-maximiert-bin-ich-inspiriert-meine-eigenen-zu-ueberarbeiten","status":"publish","type":"post","link":"https:\/\/www.strassenweb.de\/nachrichten\/jennifer-garners-schrank-ist-ein-reines-vertikales-speichergenie-nachdem-ich-gesehen-habe-wie-sie-jeden-zentimeter-geschickt-maximiert-bin-ich-inspiriert-meine-eigenen-zu-ueberarbeiten\/","title":{"rendered":"Jennifer Garners Schrank ist ein reines vertikales Speichergenie &#8211; nachdem ich gesehen habe, wie sie jeden Zentimeter geschickt maximiert, bin ich inspiriert, meine eigenen zu \u00fcberarbeiten"},"content":{"rendered":"<p><\/p>\n<div id=\"article-body\" class=\"article__body \">\n<p id=\"f0a32999-cec1-4084-86db-eecb8998a7e3\">F\u00fcr einige von uns sind Schr\u00e4nke laufende Arbeiten in Arbeit, in denen wir versuchen, unsere Speicherl\u00f6sungen f\u00fcr einen zug\u00e4nglichen und tadellos ordentlichen Raum zu perfektionieren. Jennifer Garner schl\u00e4gt vertikale Lagerung vor, und nachdem wir ihren Schrank gesehen haben, sind wir \u00fcberzeugt.<\/p>\n<div id=\"ad-unit-1\" class=\"ad-unit\"><\/div>\n<p>Der <em>13 bis 30 <\/em>Star hat k\u00fcrzlich einen Clip in ihrem begehbaren Kleiderschrank auf Instagram geteilt, und wir wurden davon \u00fcberzeugt, wie gut sie den Speicherplatz maximierte, indem sie Gegenst\u00e4nde in vertikalen Reihen h\u00e4ngen.<\/p>\n<aside data-block-type=\"embed\" data-render-type=\"fte\" data-skip=\"dealsy\" data-widget-type=\"seasonal\" class=\"hawk-base\"><\/aside>\n<p id=\"f0a32999-cec1-4084-86db-eecb8998a7e3-2\">Wir k\u00f6nnen sehen, dass ihr Kleiderschrank zwei h\u00e4ngende Racks f\u00fcr optimale Aufbewahrung von Kleidungsst\u00fccken, geschlossene Schubladen f\u00fcr kleinere\/verborgene Gegenst\u00e4nde und Cubbies f\u00fcr Schuhe bietet. Kurz gesagt, es gibt uns einige wichtige Ideen f\u00fcr die Organisation von Schrankorganisationen.<\/p>\n<div class=\"van_vid_carousel\">\n<div class=\"van_vid_carousel__padding\">\n<div class=\"van_vid_carousel__container\"><\/div>\n<\/div>\n<\/div>\n<div class=\"instagram-embed\" id=\"DOKJJlRkiGT\">\n<blockquote class=\"instagram-media\" data-instgrm-captioned data-instgrm-version=\"6\" style=\"width:99.375%; width:-webkit-calc(100% - 2px); width:calc(100% - 2px);\">\n<p>Ein Beitrag, der von Jennifer Garner (@jennifer.garner) geteilt wurde<\/p>\n<p>Ein Foto von on <\/p>\n<\/blockquote>\n<\/div>\n<h3 class=\"article-body__section\" id=\"section-shop-the-closet-organization-edit\"><span>Kaufen Sie die Closet Organization Bearbeiten ein<\/span><\/h3>\n<div class=\"product-container hero-product-container product-block-no-wrap\">\n<div class=\"product-block-row\"><\/div>\n<div class=\"product-block-row\"><\/div>\n<div class=\"product-block-row\"><\/div>\n<\/div>\n<p id=\"8aec8715-c247-4235-b402-81188036193a\">Laut Experten ist die Nutzung vertikaler Speicherplatz nicht nur effizient, sondern auch eine der \u00e4sthetisch ansprechendsten Designentscheidungen, die Sie in einem Schrank (und dar\u00fcber hinaus) treffen k\u00f6nnen.<\/p>\n<div id=\"ad-unit-2\" class=\"ad-unit\"><\/div>\n<p>&#8222;Gut gemacht, vertikaler Speicher ist nicht nur ein Raumsparer&#8220;, erkl\u00e4rt Designerin Nina Lichtenstein. &#8218;Es ist eine Designanweisung. Es zieht das Auge nach oben, feiert die Architektur des Raumes und beweist, dass Praktikabilit\u00e4t und Sch\u00f6nheit nebeneinander klettern k\u00f6nnen. &#8218;<\/p>\n<p>Es ist jedoch entscheidend, dass Elemente in vertikaler Speicherung effektiv f\u00fcr maximale visuelle Auswirkungen organisiert werden.<\/p>\n<p>&#8222;Styling ist, wo der vertikale Speicher lebt&#8220;, f\u00e4hrt sie fort. &#8218;Balance-Funktion mit \u00c4sthetik: Reservieren niedrigere, leicht erreichbare Regale f\u00fcr t\u00e4gliche Anwendungsgegenst\u00e4nde und lassen Sie die h\u00f6heren Stellen Teile enthalten, die Charakter hinzuf\u00fcgen. Die Beleuchtung spielt auch eine entscheidende Rolle: Ein LED -Streifen unter jedem Regal oder ein Anh\u00e4nger in der N\u00e4he kann Speicher in Display umwandeln. &#8218;<\/p>\n<div id=\"slice-container-newsletterForm-articleInbodyContent-rdGKkzuEf4unqS8SFRRCLk\" class=\"slice-container newsletter-inbodyContent-slice newsletterForm-articleInbodyContent-rdGKkzuEf4unqS8SFRRCLk slice-container-newsletterForm\"><\/div>\n<p>Jennifer hat ihre Regale mit diesen Lichtern beleuchtet, w\u00e4hrend Schuhe auf dem Boden und in Cubbies intelligent gestaltet sind, um eine einfache Reichweite zu erzielen. Es ist auch eine bew\u00e4hrte Organisationsmethode, kleinere Gegenst\u00e4nde wie Socken, Unterw\u00e4sche und Aktivkleidung in Schubladen zu behalten.<\/p>\n<p>Wenn Sie einen toten Platz in Ihrem Schrank haben, sollten Sie Regale oder Gestelle einbeziehen, um Ihren Raum aus dem vollen Potenzial zu maximieren.<\/p>\n<div class=\"min-h-(270px) mb-4 viafoura-twig-component\" id=\"viafoura-engagement-starter-wrapper\" data-component-name=\"Elk:Embed:EngagementStarter\">\n<div class=\"viafoura\">\n<div>\n<vf-conversation-starter target=\"viafoura-comments\" title=\"How do you like to organize your closet?1\" description=\"Have you introduced vertical storage solutions?\" minimum-comment-count=\"1\"><br \/>\n<\/vf-conversation-starter>\n<\/div>\n<\/div>\n<\/div>\n<hr id=\"342c39ad-aae1-4ebc-bd57-301e0823e71f\">\n<div class=\"block\" id=\"articleTag\" data-component-name=\"PostArticleLinks\">\n<div class=\"border-b border-b-black border-solid py-2.5 text-black font-bold uppercase\">Themen<\/div>\n<nav class=\"py-2.5 flex gap-2.5 flex-wrap\" data-analytics-id=\"article-tag\">\n<p>Jennifer Garner<br \/>\n<\/nav>\n<\/div>\n<\/div>\n<p><script async src=\"\/\/www.instagram.com\/embed.js\"><\/script><\/p>\n","protected":false},"excerpt":{"rendered":"<p>F\u00fcr einige von uns sind Schr\u00e4nke laufende Arbeiten in Arbeit, in denen wir versuchen, unsere Speicherl\u00f6sungen f\u00fcr einen zug\u00e4nglichen und tadellos ordentlichen Raum zu perfektionieren.<\/p>\n","protected":false},"author":1,"featured_media":7652,"comment_status":"closed","ping_status":"","sticky":false,"template":"","format":"standard","meta":{"footnotes":""},"categories":[118],"tags":[1210,1703,43,3797,3914,1905,823,129,1215,15,1039,528,6092,1054,846,10082,2746,165,10084,8346,10083,26,5610],"class_list":["post-7651","post","type-post","status-publish","format-standard","has-post-thumbnail","hentry","category-haus-garten","tag-bin","tag-eigenen","tag-ein","tag-garners","tag-geschickt","tag-gesehen","tag-habe","tag-ich","tag-inspiriert","tag-ist","tag-jeden","tag-jennifer","tag-maximiert","tag-meine","tag-nachdem","tag-reines","tag-schrank","tag-sie","tag-speichergenie","tag-ueberarbeiten","tag-vertikales","tag-wie","tag-zentimeter","generate-columns","tablet-grid-50","mobile-grid-100","grid-parent","grid-50"],"yoast_head":"<!-- This site is optimized with the Yoast SEO plugin v27.3 - https:\/\/yoast.com\/product\/yoast-seo-wordpress\/ -->\n<title>Jennifer Garners Schrank ist ein reines vertikales Speichergenie - nachdem ich gesehen habe, wie sie jeden Zentimeter geschickt maximiert, bin ich inspiriert, meine eigenen zu \u00fcberarbeiten - Nachrichten - Stra\u00dfenweb<\/title>\n<meta name=\"robots\" content=\"index, follow, max-snippet:-1, max-image-preview:large, max-video-preview:-1\" \/>\n<link rel=\"canonical\" href=\"https:\/\/www.strassenweb.de\/nachrichten\/jennifer-garners-schrank-ist-ein-reines-vertikales-speichergenie-nachdem-ich-gesehen-habe-wie-sie-jeden-zentimeter-geschickt-maximiert-bin-ich-inspiriert-meine-eigenen-zu-ueberarbeiten\/\" \/>\n<meta property=\"og:locale\" content=\"de_DE\" \/>\n<meta property=\"og:type\" content=\"article\" \/>\n<meta property=\"og:title\" content=\"Jennifer Garners Schrank ist ein reines vertikales Speichergenie - nachdem ich gesehen habe, wie sie jeden Zentimeter geschickt maximiert, bin ich inspiriert, meine eigenen zu \u00fcberarbeiten - Nachrichten - Stra\u00dfenweb\" \/>\n<meta property=\"og:description\" content=\"F\u00fcr einige von uns sind Schr\u00e4nke laufende Arbeiten in Arbeit, in denen wir versuchen, unsere Speicherl\u00f6sungen f\u00fcr einen zug\u00e4nglichen und tadellos ordentlichen Raum zu perfektionieren.\" \/>\n<meta property=\"og:url\" content=\"https:\/\/www.strassenweb.de\/nachrichten\/jennifer-garners-schrank-ist-ein-reines-vertikales-speichergenie-nachdem-ich-gesehen-habe-wie-sie-jeden-zentimeter-geschickt-maximiert-bin-ich-inspiriert-meine-eigenen-zu-ueberarbeiten\/\" \/>\n<meta property=\"og:site_name\" content=\"Stra\u00dfenweb\" \/>\n<meta property=\"article:publisher\" content=\"https:\/\/www.facebook.com\/strassenweb\/\" \/>\n<meta property=\"article:published_time\" content=\"2025-09-11T23:41:38+00:00\" \/>\n<meta property=\"article:modified_time\" content=\"2025-09-11T23:41:39+00:00\" \/>\n<meta property=\"og:image\" content=\"https:\/\/www.strassenweb.de\/nachrichten\/wp-content\/uploads\/2024\/11\/vkE6NHhvr9uuJWVAnnsgrP.jpg\" \/>\n\t<meta property=\"og:image:width\" content=\"1\" \/>\n\t<meta property=\"og:image:height\" content=\"1\" \/>\n\t<meta property=\"og:image:type\" content=\"image\/jpeg\" \/>\n<meta name=\"author\" content=\"Robert Hoffmann\" \/>\n<meta name=\"twitter:card\" content=\"summary_large_image\" \/>\n<meta name=\"twitter:label1\" content=\"Verfasst von\" \/>\n\t<meta name=\"twitter:data1\" content=\"Robert Hoffmann\" \/>\n\t<meta name=\"twitter:label2\" content=\"Gesch\u00e4tzte Lesezeit\" \/>\n\t<meta name=\"twitter:data2\" content=\"2\u00a0Minuten\" \/>\n<script type=\"application\/ld+json\" class=\"yoast-schema-graph\">{\"@context\":\"https:\\\/\\\/schema.org\",\"@graph\":[{\"@type\":\"Article\",\"@id\":\"https:\\\/\\\/www.strassenweb.de\\\/nachrichten\\\/jennifer-garners-schrank-ist-ein-reines-vertikales-speichergenie-nachdem-ich-gesehen-habe-wie-sie-jeden-zentimeter-geschickt-maximiert-bin-ich-inspiriert-meine-eigenen-zu-ueberarbeiten\\\/#article\",\"isPartOf\":{\"@id\":\"https:\\\/\\\/www.strassenweb.de\\\/nachrichten\\\/jennifer-garners-schrank-ist-ein-reines-vertikales-speichergenie-nachdem-ich-gesehen-habe-wie-sie-jeden-zentimeter-geschickt-maximiert-bin-ich-inspiriert-meine-eigenen-zu-ueberarbeiten\\\/\"},\"author\":{\"name\":\"Robert Hoffmann\",\"@id\":\"https:\\\/\\\/www.strassenweb.de\\\/nachrichten\\\/#\\\/schema\\\/person\\\/87c9c9067f1211da429a744dc5a5aa41\"},\"headline\":\"Jennifer Garners Schrank ist ein reines vertikales Speichergenie &#8211; nachdem ich gesehen habe, wie sie jeden Zentimeter geschickt maximiert, bin ich inspiriert, meine eigenen zu \u00fcberarbeiten\",\"datePublished\":\"2025-09-11T23:41:38+00:00\",\"dateModified\":\"2025-09-11T23:41:39+00:00\",\"mainEntityOfPage\":{\"@id\":\"https:\\\/\\\/www.strassenweb.de\\\/nachrichten\\\/jennifer-garners-schrank-ist-ein-reines-vertikales-speichergenie-nachdem-ich-gesehen-habe-wie-sie-jeden-zentimeter-geschickt-maximiert-bin-ich-inspiriert-meine-eigenen-zu-ueberarbeiten\\\/\"},\"wordCount\":399,\"publisher\":{\"@id\":\"https:\\\/\\\/www.strassenweb.de\\\/nachrichten\\\/#organization\"},\"image\":{\"@id\":\"https:\\\/\\\/www.strassenweb.de\\\/nachrichten\\\/jennifer-garners-schrank-ist-ein-reines-vertikales-speichergenie-nachdem-ich-gesehen-habe-wie-sie-jeden-zentimeter-geschickt-maximiert-bin-ich-inspiriert-meine-eigenen-zu-ueberarbeiten\\\/#primaryimage\"},\"thumbnailUrl\":\"https:\\\/\\\/www.strassenweb.de\\\/nachrichten\\\/wp-content\\\/uploads\\\/2024\\\/11\\\/vkE6NHhvr9uuJWVAnnsgrP.jpg\",\"keywords\":[\"bin\",\"eigenen\",\"ein\",\"Garners\",\"geschickt\",\"gesehen\",\"habe\",\"ich\",\"inspiriert\",\"ist\",\"jeden\",\"Jennifer\",\"maximiert\",\"meine\",\"nachdem\",\"reines\",\"Schrank\",\"Sie\",\"Speichergenie\",\"\u00fcberarbeiten\",\"vertikales\",\"Wie\",\"Zentimeter\"],\"articleSection\":[\"Haus &amp; Garten\"],\"inLanguage\":\"de\"},{\"@type\":\"WebPage\",\"@id\":\"https:\\\/\\\/www.strassenweb.de\\\/nachrichten\\\/jennifer-garners-schrank-ist-ein-reines-vertikales-speichergenie-nachdem-ich-gesehen-habe-wie-sie-jeden-zentimeter-geschickt-maximiert-bin-ich-inspiriert-meine-eigenen-zu-ueberarbeiten\\\/\",\"url\":\"https:\\\/\\\/www.strassenweb.de\\\/nachrichten\\\/jennifer-garners-schrank-ist-ein-reines-vertikales-speichergenie-nachdem-ich-gesehen-habe-wie-sie-jeden-zentimeter-geschickt-maximiert-bin-ich-inspiriert-meine-eigenen-zu-ueberarbeiten\\\/\",\"name\":\"Jennifer Garners Schrank ist ein reines vertikales Speichergenie - nachdem ich gesehen habe, wie sie jeden Zentimeter geschickt maximiert, bin ich inspiriert, meine eigenen zu \u00fcberarbeiten - Nachrichten - Stra\u00dfenweb\",\"isPartOf\":{\"@id\":\"https:\\\/\\\/www.strassenweb.de\\\/nachrichten\\\/#website\"},\"primaryImageOfPage\":{\"@id\":\"https:\\\/\\\/www.strassenweb.de\\\/nachrichten\\\/jennifer-garners-schrank-ist-ein-reines-vertikales-speichergenie-nachdem-ich-gesehen-habe-wie-sie-jeden-zentimeter-geschickt-maximiert-bin-ich-inspiriert-meine-eigenen-zu-ueberarbeiten\\\/#primaryimage\"},\"image\":{\"@id\":\"https:\\\/\\\/www.strassenweb.de\\\/nachrichten\\\/jennifer-garners-schrank-ist-ein-reines-vertikales-speichergenie-nachdem-ich-gesehen-habe-wie-sie-jeden-zentimeter-geschickt-maximiert-bin-ich-inspiriert-meine-eigenen-zu-ueberarbeiten\\\/#primaryimage\"},\"thumbnailUrl\":\"https:\\\/\\\/www.strassenweb.de\\\/nachrichten\\\/wp-content\\\/uploads\\\/2024\\\/11\\\/vkE6NHhvr9uuJWVAnnsgrP.jpg\",\"datePublished\":\"2025-09-11T23:41:38+00:00\",\"dateModified\":\"2025-09-11T23:41:39+00:00\",\"breadcrumb\":{\"@id\":\"https:\\\/\\\/www.strassenweb.de\\\/nachrichten\\\/jennifer-garners-schrank-ist-ein-reines-vertikales-speichergenie-nachdem-ich-gesehen-habe-wie-sie-jeden-zentimeter-geschickt-maximiert-bin-ich-inspiriert-meine-eigenen-zu-ueberarbeiten\\\/#breadcrumb\"},\"inLanguage\":\"de\",\"potentialAction\":[{\"@type\":\"ReadAction\",\"target\":[\"https:\\\/\\\/www.strassenweb.de\\\/nachrichten\\\/jennifer-garners-schrank-ist-ein-reines-vertikales-speichergenie-nachdem-ich-gesehen-habe-wie-sie-jeden-zentimeter-geschickt-maximiert-bin-ich-inspiriert-meine-eigenen-zu-ueberarbeiten\\\/\"]}]},{\"@type\":\"ImageObject\",\"inLanguage\":\"de\",\"@id\":\"https:\\\/\\\/www.strassenweb.de\\\/nachrichten\\\/jennifer-garners-schrank-ist-ein-reines-vertikales-speichergenie-nachdem-ich-gesehen-habe-wie-sie-jeden-zentimeter-geschickt-maximiert-bin-ich-inspiriert-meine-eigenen-zu-ueberarbeiten\\\/#primaryimage\",\"url\":\"https:\\\/\\\/www.strassenweb.de\\\/nachrichten\\\/wp-content\\\/uploads\\\/2024\\\/11\\\/vkE6NHhvr9uuJWVAnnsgrP.jpg\",\"contentUrl\":\"https:\\\/\\\/www.strassenweb.de\\\/nachrichten\\\/wp-content\\\/uploads\\\/2024\\\/11\\\/vkE6NHhvr9uuJWVAnnsgrP.jpg\",\"caption\":\"Jennifer Garner\"},{\"@type\":\"BreadcrumbList\",\"@id\":\"https:\\\/\\\/www.strassenweb.de\\\/nachrichten\\\/jennifer-garners-schrank-ist-ein-reines-vertikales-speichergenie-nachdem-ich-gesehen-habe-wie-sie-jeden-zentimeter-geschickt-maximiert-bin-ich-inspiriert-meine-eigenen-zu-ueberarbeiten\\\/#breadcrumb\",\"itemListElement\":[{\"@type\":\"ListItem\",\"position\":1,\"name\":\"Home\",\"item\":\"https:\\\/\\\/www.strassenweb.de\\\/nachrichten\\\/\"},{\"@type\":\"ListItem\",\"position\":2,\"name\":\"Jennifer Garners Schrank ist ein reines vertikales Speichergenie &#8211; nachdem ich gesehen habe, wie sie jeden Zentimeter geschickt maximiert, bin ich inspiriert, meine eigenen zu \u00fcberarbeiten\"}]},{\"@type\":\"WebSite\",\"@id\":\"https:\\\/\\\/www.strassenweb.de\\\/nachrichten\\\/#website\",\"url\":\"https:\\\/\\\/www.strassenweb.de\\\/nachrichten\\\/\",\"name\":\"Stra\u00dfenweb\",\"description\":\"Stra\u00dfenverzeichnis f\u00fcr Deutschland\",\"publisher\":{\"@id\":\"https:\\\/\\\/www.strassenweb.de\\\/nachrichten\\\/#organization\"},\"potentialAction\":[{\"@type\":\"SearchAction\",\"target\":{\"@type\":\"EntryPoint\",\"urlTemplate\":\"https:\\\/\\\/www.strassenweb.de\\\/nachrichten\\\/?s={search_term_string}\"},\"query-input\":{\"@type\":\"PropertyValueSpecification\",\"valueRequired\":true,\"valueName\":\"search_term_string\"}}],\"inLanguage\":\"de\"},{\"@type\":\"Organization\",\"@id\":\"https:\\\/\\\/www.strassenweb.de\\\/nachrichten\\\/#organization\",\"name\":\"Stra\u00dfenweb\",\"url\":\"https:\\\/\\\/www.strassenweb.de\\\/nachrichten\\\/\",\"logo\":{\"@type\":\"ImageObject\",\"inLanguage\":\"de\",\"@id\":\"https:\\\/\\\/www.strassenweb.de\\\/nachrichten\\\/#\\\/schema\\\/logo\\\/image\\\/\",\"url\":\"https:\\\/\\\/www.strassenweb.de\\\/nachrichten\\\/wp-content\\\/uploads\\\/2024\\\/09\\\/cropped-favicon.png\",\"contentUrl\":\"https:\\\/\\\/www.strassenweb.de\\\/nachrichten\\\/wp-content\\\/uploads\\\/2024\\\/09\\\/cropped-favicon.png\",\"width\":512,\"height\":512,\"caption\":\"Stra\u00dfenweb\"},\"image\":{\"@id\":\"https:\\\/\\\/www.strassenweb.de\\\/nachrichten\\\/#\\\/schema\\\/logo\\\/image\\\/\"},\"sameAs\":[\"https:\\\/\\\/www.facebook.com\\\/strassenweb\\\/\"]},{\"@type\":\"Person\",\"@id\":\"https:\\\/\\\/www.strassenweb.de\\\/nachrichten\\\/#\\\/schema\\\/person\\\/87c9c9067f1211da429a744dc5a5aa41\",\"name\":\"Robert Hoffmann\",\"image\":{\"@type\":\"ImageObject\",\"inLanguage\":\"de\",\"@id\":\"https:\\\/\\\/www.strassenweb.de\\\/nachrichten\\\/wp-content\\\/uploads\\\/2024\\\/09\\\/strassenweb-150x150.jpg\",\"url\":\"https:\\\/\\\/www.strassenweb.de\\\/nachrichten\\\/wp-content\\\/uploads\\\/2024\\\/09\\\/strassenweb-150x150.jpg\",\"contentUrl\":\"https:\\\/\\\/www.strassenweb.de\\\/nachrichten\\\/wp-content\\\/uploads\\\/2024\\\/09\\\/strassenweb-150x150.jpg\",\"caption\":\"Robert Hoffmann\"},\"description\":\"Ich hei\u00dfe Robert Hoffmann und ich bin ein leidenschaftlicher Verfechter von \u00d6kologie und Biodiversit\u00e4t. Seit meiner Kindheit in den W\u00e4ldern Bayerns f\u00fchle ich mich mit der Natur verbunden und bin entschlossen, sie zu sch\u00fctzen. Heute widme ich mein Leben der Sensibilisierung anderer f\u00fcr die Bedeutung des Umweltschutzes f\u00fcr zuk\u00fcnftige Generationen.\",\"sameAs\":[\"https:\\\/\\\/www.strassenweb.de\\\/\"]}]}<\/script>\n<!-- \/ Yoast SEO plugin. -->","yoast_head_json":{"title":"Jennifer Garners Schrank ist ein reines vertikales Speichergenie - nachdem ich gesehen habe, wie sie jeden Zentimeter geschickt maximiert, bin ich inspiriert, meine eigenen zu \u00fcberarbeiten - Nachrichten - Stra\u00dfenweb","robots":{"index":"index","follow":"follow","max-snippet":"max-snippet:-1","max-image-preview":"max-image-preview:large","max-video-preview":"max-video-preview:-1"},"canonical":"https:\/\/www.strassenweb.de\/nachrichten\/jennifer-garners-schrank-ist-ein-reines-vertikales-speichergenie-nachdem-ich-gesehen-habe-wie-sie-jeden-zentimeter-geschickt-maximiert-bin-ich-inspiriert-meine-eigenen-zu-ueberarbeiten\/","og_locale":"de_DE","og_type":"article","og_title":"Jennifer Garners Schrank ist ein reines vertikales Speichergenie - nachdem ich gesehen habe, wie sie jeden Zentimeter geschickt maximiert, bin ich inspiriert, meine eigenen zu \u00fcberarbeiten - Nachrichten - Stra\u00dfenweb","og_description":"F\u00fcr einige von uns sind Schr\u00e4nke laufende Arbeiten in Arbeit, in denen wir versuchen, unsere Speicherl\u00f6sungen f\u00fcr einen zug\u00e4nglichen und tadellos ordentlichen Raum zu perfektionieren.","og_url":"https:\/\/www.strassenweb.de\/nachrichten\/jennifer-garners-schrank-ist-ein-reines-vertikales-speichergenie-nachdem-ich-gesehen-habe-wie-sie-jeden-zentimeter-geschickt-maximiert-bin-ich-inspiriert-meine-eigenen-zu-ueberarbeiten\/","og_site_name":"Stra\u00dfenweb","article_publisher":"https:\/\/www.facebook.com\/strassenweb\/","article_published_time":"2025-09-11T23:41:38+00:00","article_modified_time":"2025-09-11T23:41:39+00:00","og_image":[{"url":"https:\/\/www.strassenweb.de\/nachrichten\/wp-content\/uploads\/2024\/11\/vkE6NHhvr9uuJWVAnnsgrP.jpg","width":1,"height":1,"type":"image\/jpeg"}],"author":"Robert Hoffmann","twitter_card":"summary_large_image","twitter_misc":{"Verfasst von":"Robert Hoffmann","Gesch\u00e4tzte Lesezeit":"2\u00a0Minuten"},"schema":{"@context":"https:\/\/schema.org","@graph":[{"@type":"Article","@id":"https:\/\/www.strassenweb.de\/nachrichten\/jennifer-garners-schrank-ist-ein-reines-vertikales-speichergenie-nachdem-ich-gesehen-habe-wie-sie-jeden-zentimeter-geschickt-maximiert-bin-ich-inspiriert-meine-eigenen-zu-ueberarbeiten\/#article","isPartOf":{"@id":"https:\/\/www.strassenweb.de\/nachrichten\/jennifer-garners-schrank-ist-ein-reines-vertikales-speichergenie-nachdem-ich-gesehen-habe-wie-sie-jeden-zentimeter-geschickt-maximiert-bin-ich-inspiriert-meine-eigenen-zu-ueberarbeiten\/"},"author":{"name":"Robert Hoffmann","@id":"https:\/\/www.strassenweb.de\/nachrichten\/#\/schema\/person\/87c9c9067f1211da429a744dc5a5aa41"},"headline":"Jennifer Garners Schrank ist ein reines vertikales Speichergenie &#8211; nachdem ich gesehen habe, wie sie jeden Zentimeter geschickt maximiert, bin ich inspiriert, meine eigenen zu \u00fcberarbeiten","datePublished":"2025-09-11T23:41:38+00:00","dateModified":"2025-09-11T23:41:39+00:00","mainEntityOfPage":{"@id":"https:\/\/www.strassenweb.de\/nachrichten\/jennifer-garners-schrank-ist-ein-reines-vertikales-speichergenie-nachdem-ich-gesehen-habe-wie-sie-jeden-zentimeter-geschickt-maximiert-bin-ich-inspiriert-meine-eigenen-zu-ueberarbeiten\/"},"wordCount":399,"publisher":{"@id":"https:\/\/www.strassenweb.de\/nachrichten\/#organization"},"image":{"@id":"https:\/\/www.strassenweb.de\/nachrichten\/jennifer-garners-schrank-ist-ein-reines-vertikales-speichergenie-nachdem-ich-gesehen-habe-wie-sie-jeden-zentimeter-geschickt-maximiert-bin-ich-inspiriert-meine-eigenen-zu-ueberarbeiten\/#primaryimage"},"thumbnailUrl":"https:\/\/www.strassenweb.de\/nachrichten\/wp-content\/uploads\/2024\/11\/vkE6NHhvr9uuJWVAnnsgrP.jpg","keywords":["bin","eigenen","ein","Garners","geschickt","gesehen","habe","ich","inspiriert","ist","jeden","Jennifer","maximiert","meine","nachdem","reines","Schrank","Sie","Speichergenie","\u00fcberarbeiten","vertikales","Wie","Zentimeter"],"articleSection":["Haus &amp; Garten"],"inLanguage":"de"},{"@type":"WebPage","@id":"https:\/\/www.strassenweb.de\/nachrichten\/jennifer-garners-schrank-ist-ein-reines-vertikales-speichergenie-nachdem-ich-gesehen-habe-wie-sie-jeden-zentimeter-geschickt-maximiert-bin-ich-inspiriert-meine-eigenen-zu-ueberarbeiten\/","url":"https:\/\/www.strassenweb.de\/nachrichten\/jennifer-garners-schrank-ist-ein-reines-vertikales-speichergenie-nachdem-ich-gesehen-habe-wie-sie-jeden-zentimeter-geschickt-maximiert-bin-ich-inspiriert-meine-eigenen-zu-ueberarbeiten\/","name":"Jennifer Garners Schrank ist ein reines vertikales Speichergenie - nachdem ich gesehen habe, wie sie jeden Zentimeter geschickt maximiert, bin ich inspiriert, meine eigenen zu \u00fcberarbeiten - Nachrichten - Stra\u00dfenweb","isPartOf":{"@id":"https:\/\/www.strassenweb.de\/nachrichten\/#website"},"primaryImageOfPage":{"@id":"https:\/\/www.strassenweb.de\/nachrichten\/jennifer-garners-schrank-ist-ein-reines-vertikales-speichergenie-nachdem-ich-gesehen-habe-wie-sie-jeden-zentimeter-geschickt-maximiert-bin-ich-inspiriert-meine-eigenen-zu-ueberarbeiten\/#primaryimage"},"image":{"@id":"https:\/\/www.strassenweb.de\/nachrichten\/jennifer-garners-schrank-ist-ein-reines-vertikales-speichergenie-nachdem-ich-gesehen-habe-wie-sie-jeden-zentimeter-geschickt-maximiert-bin-ich-inspiriert-meine-eigenen-zu-ueberarbeiten\/#primaryimage"},"thumbnailUrl":"https:\/\/www.strassenweb.de\/nachrichten\/wp-content\/uploads\/2024\/11\/vkE6NHhvr9uuJWVAnnsgrP.jpg","datePublished":"2025-09-11T23:41:38+00:00","dateModified":"2025-09-11T23:41:39+00:00","breadcrumb":{"@id":"https:\/\/www.strassenweb.de\/nachrichten\/jennifer-garners-schrank-ist-ein-reines-vertikales-speichergenie-nachdem-ich-gesehen-habe-wie-sie-jeden-zentimeter-geschickt-maximiert-bin-ich-inspiriert-meine-eigenen-zu-ueberarbeiten\/#breadcrumb"},"inLanguage":"de","potentialAction":[{"@type":"ReadAction","target":["https:\/\/www.strassenweb.de\/nachrichten\/jennifer-garners-schrank-ist-ein-reines-vertikales-speichergenie-nachdem-ich-gesehen-habe-wie-sie-jeden-zentimeter-geschickt-maximiert-bin-ich-inspiriert-meine-eigenen-zu-ueberarbeiten\/"]}]},{"@type":"ImageObject","inLanguage":"de","@id":"https:\/\/www.strassenweb.de\/nachrichten\/jennifer-garners-schrank-ist-ein-reines-vertikales-speichergenie-nachdem-ich-gesehen-habe-wie-sie-jeden-zentimeter-geschickt-maximiert-bin-ich-inspiriert-meine-eigenen-zu-ueberarbeiten\/#primaryimage","url":"https:\/\/www.strassenweb.de\/nachrichten\/wp-content\/uploads\/2024\/11\/vkE6NHhvr9uuJWVAnnsgrP.jpg","contentUrl":"https:\/\/www.strassenweb.de\/nachrichten\/wp-content\/uploads\/2024\/11\/vkE6NHhvr9uuJWVAnnsgrP.jpg","caption":"Jennifer Garner"},{"@type":"BreadcrumbList","@id":"https:\/\/www.strassenweb.de\/nachrichten\/jennifer-garners-schrank-ist-ein-reines-vertikales-speichergenie-nachdem-ich-gesehen-habe-wie-sie-jeden-zentimeter-geschickt-maximiert-bin-ich-inspiriert-meine-eigenen-zu-ueberarbeiten\/#breadcrumb","itemListElement":[{"@type":"ListItem","position":1,"name":"Home","item":"https:\/\/www.strassenweb.de\/nachrichten\/"},{"@type":"ListItem","position":2,"name":"Jennifer Garners Schrank ist ein reines vertikales Speichergenie &#8211; nachdem ich gesehen habe, wie sie jeden Zentimeter geschickt maximiert, bin ich inspiriert, meine eigenen zu \u00fcberarbeiten"}]},{"@type":"WebSite","@id":"https:\/\/www.strassenweb.de\/nachrichten\/#website","url":"https:\/\/www.strassenweb.de\/nachrichten\/","name":"Stra\u00dfenweb","description":"Stra\u00dfenverzeichnis f\u00fcr Deutschland","publisher":{"@id":"https:\/\/www.strassenweb.de\/nachrichten\/#organization"},"potentialAction":[{"@type":"SearchAction","target":{"@type":"EntryPoint","urlTemplate":"https:\/\/www.strassenweb.de\/nachrichten\/?s={search_term_string}"},"query-input":{"@type":"PropertyValueSpecification","valueRequired":true,"valueName":"search_term_string"}}],"inLanguage":"de"},{"@type":"Organization","@id":"https:\/\/www.strassenweb.de\/nachrichten\/#organization","name":"Stra\u00dfenweb","url":"https:\/\/www.strassenweb.de\/nachrichten\/","logo":{"@type":"ImageObject","inLanguage":"de","@id":"https:\/\/www.strassenweb.de\/nachrichten\/#\/schema\/logo\/image\/","url":"https:\/\/www.strassenweb.de\/nachrichten\/wp-content\/uploads\/2024\/09\/cropped-favicon.png","contentUrl":"https:\/\/www.strassenweb.de\/nachrichten\/wp-content\/uploads\/2024\/09\/cropped-favicon.png","width":512,"height":512,"caption":"Stra\u00dfenweb"},"image":{"@id":"https:\/\/www.strassenweb.de\/nachrichten\/#\/schema\/logo\/image\/"},"sameAs":["https:\/\/www.facebook.com\/strassenweb\/"]},{"@type":"Person","@id":"https:\/\/www.strassenweb.de\/nachrichten\/#\/schema\/person\/87c9c9067f1211da429a744dc5a5aa41","name":"Robert Hoffmann","image":{"@type":"ImageObject","inLanguage":"de","@id":"https:\/\/www.strassenweb.de\/nachrichten\/wp-content\/uploads\/2024\/09\/strassenweb-150x150.jpg","url":"https:\/\/www.strassenweb.de\/nachrichten\/wp-content\/uploads\/2024\/09\/strassenweb-150x150.jpg","contentUrl":"https:\/\/www.strassenweb.de\/nachrichten\/wp-content\/uploads\/2024\/09\/strassenweb-150x150.jpg","caption":"Robert Hoffmann"},"description":"Ich hei\u00dfe Robert Hoffmann und ich bin ein leidenschaftlicher Verfechter von \u00d6kologie und Biodiversit\u00e4t. Seit meiner Kindheit in den W\u00e4ldern Bayerns f\u00fchle ich mich mit der Natur verbunden und bin entschlossen, sie zu sch\u00fctzen. Heute widme ich mein Leben der Sensibilisierung anderer f\u00fcr die Bedeutung des Umweltschutzes f\u00fcr zuk\u00fcnftige Generationen.","sameAs":["https:\/\/www.strassenweb.de\/"]}]}},"_links":{"self":[{"href":"https:\/\/www.strassenweb.de\/nachrichten\/wp-json\/wp\/v2\/posts\/7651","targetHints":{"allow":["GET"]}}],"collection":[{"href":"https:\/\/www.strassenweb.de\/nachrichten\/wp-json\/wp\/v2\/posts"}],"about":[{"href":"https:\/\/www.strassenweb.de\/nachrichten\/wp-json\/wp\/v2\/types\/post"}],"author":[{"embeddable":true,"href":"https:\/\/www.strassenweb.de\/nachrichten\/wp-json\/wp\/v2\/users\/1"}],"replies":[{"embeddable":true,"href":"https:\/\/www.strassenweb.de\/nachrichten\/wp-json\/wp\/v2\/comments?post=7651"}],"version-history":[{"count":0,"href":"https:\/\/www.strassenweb.de\/nachrichten\/wp-json\/wp\/v2\/posts\/7651\/revisions"}],"wp:featuredmedia":[{"embeddable":true,"href":"https:\/\/www.strassenweb.de\/nachrichten\/wp-json\/wp\/v2\/media\/7652"}],"wp:attachment":[{"href":"https:\/\/www.strassenweb.de\/nachrichten\/wp-json\/wp\/v2\/media?parent=7651"}],"wp:term":[{"taxonomy":"category","embeddable":true,"href":"https:\/\/www.strassenweb.de\/nachrichten\/wp-json\/wp\/v2\/categories?post=7651"},{"taxonomy":"post_tag","embeddable":true,"href":"https:\/\/www.strassenweb.de\/nachrichten\/wp-json\/wp\/v2\/tags?post=7651"}],"curies":[{"name":"wp","href":"https:\/\/api.w.org\/{rel}","templated":true}]}}