{"id":765,"date":"2024-10-09T18:44:58","date_gmt":"2024-10-09T16:44:58","guid":{"rendered":"https:\/\/www.strassenweb.de\/nachrichten\/6-aufbewahrungsretter-die-ich-im-walmart-sale-kaufen-wuerde-um-meinen-unhandlichen-winzigen-kleiderschrank-zu-organisieren-wenn-ich-sie-nicht-schon-haette\/"},"modified":"2024-10-09T18:44:59","modified_gmt":"2024-10-09T16:44:59","slug":"6-aufbewahrungsretter-die-ich-im-walmart-sale-kaufen-wuerde-um-meinen-unhandlichen-winzigen-kleiderschrank-zu-organisieren-wenn-ich-sie-nicht-schon-haette","status":"publish","type":"post","link":"https:\/\/www.strassenweb.de\/nachrichten\/6-aufbewahrungsretter-die-ich-im-walmart-sale-kaufen-wuerde-um-meinen-unhandlichen-winzigen-kleiderschrank-zu-organisieren-wenn-ich-sie-nicht-schon-haette\/","title":{"rendered":"6 Aufbewahrungsretter, die ich im Walmart-Sale kaufen w\u00fcrde, um meinen unhandlichen, winzigen Kleiderschrank zu organisieren, wenn ich sie nicht schon h\u00e4tte"},"content":{"rendered":"<p><\/p>\n<div id=\"article-body\" class=\"article__body \">\n<p>Ich habe in den letzten f\u00fcnf Jahren an f\u00fcnf Orten gelebt, nachdem ich vom Haus meiner Eltern zum College gezogen bin, bevor ich in meiner jetzigen Mietwohnung gelandet bin. Infolgedessen musste ich mit f\u00fcnf verschiedenen Schr\u00e4nken arbeiten und keiner war so schlecht wie mein aktueller.<\/p>\n<div id=\"ad-unit-1\" class=\"ad-unit\"><\/div>\n<p>Es ist winzig, unhandlich geformt und \u00fcber dem Boden stehend, was den Zugang bestenfalls irritierend macht. Au\u00dferdem war es vom ersten Tag an schwierig, Kleidung zu organisieren. Das sind also die sechs Dinge, die ich kaufen w\u00fcrde, um meinen unhandlichen Kleiderschrank im Walmart-Sale zu organisieren, wenn ich sie nicht bereits besitzen w\u00fcrde.<\/p>\n<aside class=\"hawk-nest\" data-render-type=\"fte\" data-skip=\"dealsy\" data-widget-type=\"seasonal\">\n<div class=\"hawk-master-widget-hawk-base-wrapper\"><\/div>\n<\/aside>\n<p>Gl\u00fccklicherweise habe ich durch einiges Ausprobieren eine Kombination von Schrankorganisatoren gefunden, die das Leben in diesem unangenehmen Stauraum etwas einfacher macht.<\/p>\n<div id=\"desktop-in-article\" class=\"in-article ad-unit\">\n<div id=\"desktop-taboola-mid-article\"><\/div>\n<\/div>\n<div id=\"mobile-in-article\" class=\"in-article ad-unit\">\n<div id=\"mobile-taboola-mid-article\"><\/div>\n<\/div>\n<h2 id=\"how-i-organize-my-awkward-closet-with-six-storage-saviours-3\">Wie ich meinen unhandlichen Kleiderschrank mit sechs Aufbewahrungsrettern organisiere<\/h2>\n<p>Wenn Sie vor der Herausforderung stehen, Ihren eigenen Kleiderschrank einzurichten, k\u00f6nnten Ihnen diese Walmart-Ausverkaufsangebote die Organisation Ihres Kleiderschranks erheblich erleichtern.<\/p>\n<div class=\"van_vid_carousel\">\n<div class=\"van_vid_carousel__padding\">\n<div class=\"van_vid_carousel__container\"><\/div>\n<\/div>\n<\/div>\n<div class=\"product-container hero-product-container product-block-no-wrap\"><\/div>\n<figure class=\"van-image-figure inline-layout \" data-bordeaux-image-check>\n<div class=\"image-full-width-wrapper\">\n<div class=\"image-widthsetter\" style=\"max-width:3024px;\"><\/div>\n<\/div>\n<\/figure>\n<div class=\"product-container hero-product-container product-block-no-wrap\"><\/div>\n<p>Da mein Kleiderschrank so klein ist und viele meiner Sachen zusammengedr\u00fcckt oder zusammengefaltet sind, habe ich h\u00e4ufig mit Falten zu k\u00e4mpfen. Sie sind eine unvermeidliche Tatsache meines Lebens. Deshalb habe ich unten in meinem Schrank einen kleinen Handdampfgarer.<\/p>\n<div id=\"ad-unit-2\" class=\"ad-unit\"><\/div>\n<p>Ein Dampfgarer ist eine der besten Methoden, um Falten schnell aus der Kleidung zu entfernen, und sorgt daf\u00fcr, dass meine Aufbewahrungsl\u00f6sungen weiterhin f\u00fcr mich funktionieren, ohne dass mir weitere Unannehmlichkeiten entstehen.<\/p>\n<hr>\n<p>Sie sollten Ihre Garderobe nicht auf eine Kapselkollektion reduzieren m\u00fcssen, um einen Schrank mit vielen Kleidungsst\u00fccken zu organisieren. Akzeptieren Sie ein wenig Versuch und Irrtum. Mischen und kombinieren Sie Aufbewahrungsst\u00fccke, um die perfekte L\u00f6sung f\u00fcr Ihren Raum zu finden, und denken Sie daran, kreativ mit Aufbewahrungsst\u00fccken umzugehen, um das Beste aus Ihrem Raum herauszuholen.<\/p>\n<\/div>\n","protected":false},"excerpt":{"rendered":"<p>Ich habe in den letzten f\u00fcnf Jahren an f\u00fcnf Orten gelebt, nachdem ich vom Haus meiner Eltern zum College gezogen bin, bevor ich in meiner<\/p>\n","protected":false},"author":1,"featured_media":766,"comment_status":"closed","ping_status":"","sticky":false,"template":"","format":"standard","meta":{"footnotes":""},"categories":[118],"tags":[1527,9,1533,129,964,762,1096,61,1532,523,165,1530,1528,1076,1531,1529],"class_list":["post-765","post","type-post","status-publish","format-standard","has-post-thumbnail","hentry","category-haus-garten","tag-aufbewahrungsretter","tag-die","tag-haette","tag-ich","tag-kaufen","tag-kleiderschrank","tag-meinen","tag-nicht","tag-organisieren","tag-schon","tag-sie","tag-unhandlichen","tag-walmartsale","tag-wenn","tag-winzigen","tag-wuerde","generate-columns","tablet-grid-50","mobile-grid-100","grid-parent","grid-50"],"yoast_head":"<!-- This site is optimized with the Yoast SEO plugin v27.3 - https:\/\/yoast.com\/product\/yoast-seo-wordpress\/ -->\n<title>6 Aufbewahrungsretter, die ich im Walmart-Sale kaufen w\u00fcrde, um meinen unhandlichen, winzigen Kleiderschrank zu organisieren, wenn ich sie nicht schon h\u00e4tte - Nachrichten - Stra\u00dfenweb<\/title>\n<meta name=\"robots\" content=\"index, follow, max-snippet:-1, max-image-preview:large, max-video-preview:-1\" \/>\n<link rel=\"canonical\" href=\"https:\/\/www.strassenweb.de\/nachrichten\/6-aufbewahrungsretter-die-ich-im-walmart-sale-kaufen-wuerde-um-meinen-unhandlichen-winzigen-kleiderschrank-zu-organisieren-wenn-ich-sie-nicht-schon-haette\/\" \/>\n<meta property=\"og:locale\" content=\"de_DE\" \/>\n<meta property=\"og:type\" content=\"article\" \/>\n<meta property=\"og:title\" content=\"6 Aufbewahrungsretter, die ich im Walmart-Sale kaufen w\u00fcrde, um meinen unhandlichen, winzigen Kleiderschrank zu organisieren, wenn ich sie nicht schon h\u00e4tte - Nachrichten - Stra\u00dfenweb\" \/>\n<meta property=\"og:description\" content=\"Ich habe in den letzten f\u00fcnf Jahren an f\u00fcnf Orten gelebt, nachdem ich vom Haus meiner Eltern zum College gezogen bin, bevor ich in meiner\" \/>\n<meta property=\"og:url\" content=\"https:\/\/www.strassenweb.de\/nachrichten\/6-aufbewahrungsretter-die-ich-im-walmart-sale-kaufen-wuerde-um-meinen-unhandlichen-winzigen-kleiderschrank-zu-organisieren-wenn-ich-sie-nicht-schon-haette\/\" \/>\n<meta property=\"og:site_name\" content=\"Stra\u00dfenweb\" \/>\n<meta property=\"article:publisher\" content=\"https:\/\/www.facebook.com\/strassenweb\/\" \/>\n<meta property=\"article:published_time\" content=\"2024-10-09T16:44:58+00:00\" \/>\n<meta property=\"article:modified_time\" content=\"2024-10-09T16:44:59+00:00\" \/>\n<meta property=\"og:image\" content=\"https:\/\/www.strassenweb.de\/nachrichten\/wp-content\/uploads\/2024\/10\/6-Aufbewahrungsretter-die-ich-im-Walmart-Sale-kaufen-wuerde-um-meinen.jpg\" \/>\n\t<meta property=\"og:image:width\" content=\"1200\" \/>\n\t<meta property=\"og:image:height\" content=\"675\" \/>\n\t<meta property=\"og:image:type\" content=\"image\/jpeg\" \/>\n<meta name=\"author\" content=\"Robert Hoffmann\" \/>\n<meta name=\"twitter:card\" content=\"summary_large_image\" \/>\n<meta name=\"twitter:label1\" content=\"Verfasst von\" \/>\n\t<meta name=\"twitter:data1\" content=\"Robert Hoffmann\" \/>\n\t<meta name=\"twitter:label2\" content=\"Gesch\u00e4tzte Lesezeit\" \/>\n\t<meta name=\"twitter:data2\" content=\"1\u00a0Minute\" \/>\n<script type=\"application\/ld+json\" class=\"yoast-schema-graph\">{\"@context\":\"https:\\\/\\\/schema.org\",\"@graph\":[{\"@type\":\"Article\",\"@id\":\"https:\\\/\\\/www.strassenweb.de\\\/nachrichten\\\/6-aufbewahrungsretter-die-ich-im-walmart-sale-kaufen-wuerde-um-meinen-unhandlichen-winzigen-kleiderschrank-zu-organisieren-wenn-ich-sie-nicht-schon-haette\\\/#article\",\"isPartOf\":{\"@id\":\"https:\\\/\\\/www.strassenweb.de\\\/nachrichten\\\/6-aufbewahrungsretter-die-ich-im-walmart-sale-kaufen-wuerde-um-meinen-unhandlichen-winzigen-kleiderschrank-zu-organisieren-wenn-ich-sie-nicht-schon-haette\\\/\"},\"author\":{\"name\":\"Robert Hoffmann\",\"@id\":\"https:\\\/\\\/www.strassenweb.de\\\/nachrichten\\\/#\\\/schema\\\/person\\\/87c9c9067f1211da429a744dc5a5aa41\"},\"headline\":\"6 Aufbewahrungsretter, die ich im Walmart-Sale kaufen w\u00fcrde, um meinen unhandlichen, winzigen Kleiderschrank zu organisieren, wenn ich sie nicht schon h\u00e4tte\",\"datePublished\":\"2024-10-09T16:44:58+00:00\",\"dateModified\":\"2024-10-09T16:44:59+00:00\",\"mainEntityOfPage\":{\"@id\":\"https:\\\/\\\/www.strassenweb.de\\\/nachrichten\\\/6-aufbewahrungsretter-die-ich-im-walmart-sale-kaufen-wuerde-um-meinen-unhandlichen-winzigen-kleiderschrank-zu-organisieren-wenn-ich-sie-nicht-schon-haette\\\/\"},\"wordCount\":313,\"publisher\":{\"@id\":\"https:\\\/\\\/www.strassenweb.de\\\/nachrichten\\\/#organization\"},\"image\":{\"@id\":\"https:\\\/\\\/www.strassenweb.de\\\/nachrichten\\\/6-aufbewahrungsretter-die-ich-im-walmart-sale-kaufen-wuerde-um-meinen-unhandlichen-winzigen-kleiderschrank-zu-organisieren-wenn-ich-sie-nicht-schon-haette\\\/#primaryimage\"},\"thumbnailUrl\":\"https:\\\/\\\/www.strassenweb.de\\\/nachrichten\\\/wp-content\\\/uploads\\\/2024\\\/10\\\/6-Aufbewahrungsretter-die-ich-im-Walmart-Sale-kaufen-wuerde-um-meinen.jpg\",\"keywords\":[\"Aufbewahrungsretter\",\"die\",\"h\u00e4tte\",\"ich\",\"kaufen\",\"Kleiderschrank\",\"meinen\",\"nicht\",\"organisieren\",\"schon\",\"Sie\",\"unhandlichen\",\"WalmartSale\",\"wenn\",\"winzigen\",\"w\u00fcrde\"],\"articleSection\":[\"Haus &amp; Garten\"],\"inLanguage\":\"de\"},{\"@type\":\"WebPage\",\"@id\":\"https:\\\/\\\/www.strassenweb.de\\\/nachrichten\\\/6-aufbewahrungsretter-die-ich-im-walmart-sale-kaufen-wuerde-um-meinen-unhandlichen-winzigen-kleiderschrank-zu-organisieren-wenn-ich-sie-nicht-schon-haette\\\/\",\"url\":\"https:\\\/\\\/www.strassenweb.de\\\/nachrichten\\\/6-aufbewahrungsretter-die-ich-im-walmart-sale-kaufen-wuerde-um-meinen-unhandlichen-winzigen-kleiderschrank-zu-organisieren-wenn-ich-sie-nicht-schon-haette\\\/\",\"name\":\"6 Aufbewahrungsretter, die ich im Walmart-Sale kaufen w\u00fcrde, um meinen unhandlichen, winzigen Kleiderschrank zu organisieren, wenn ich sie nicht schon h\u00e4tte - Nachrichten - Stra\u00dfenweb\",\"isPartOf\":{\"@id\":\"https:\\\/\\\/www.strassenweb.de\\\/nachrichten\\\/#website\"},\"primaryImageOfPage\":{\"@id\":\"https:\\\/\\\/www.strassenweb.de\\\/nachrichten\\\/6-aufbewahrungsretter-die-ich-im-walmart-sale-kaufen-wuerde-um-meinen-unhandlichen-winzigen-kleiderschrank-zu-organisieren-wenn-ich-sie-nicht-schon-haette\\\/#primaryimage\"},\"image\":{\"@id\":\"https:\\\/\\\/www.strassenweb.de\\\/nachrichten\\\/6-aufbewahrungsretter-die-ich-im-walmart-sale-kaufen-wuerde-um-meinen-unhandlichen-winzigen-kleiderschrank-zu-organisieren-wenn-ich-sie-nicht-schon-haette\\\/#primaryimage\"},\"thumbnailUrl\":\"https:\\\/\\\/www.strassenweb.de\\\/nachrichten\\\/wp-content\\\/uploads\\\/2024\\\/10\\\/6-Aufbewahrungsretter-die-ich-im-Walmart-Sale-kaufen-wuerde-um-meinen.jpg\",\"datePublished\":\"2024-10-09T16:44:58+00:00\",\"dateModified\":\"2024-10-09T16:44:59+00:00\",\"breadcrumb\":{\"@id\":\"https:\\\/\\\/www.strassenweb.de\\\/nachrichten\\\/6-aufbewahrungsretter-die-ich-im-walmart-sale-kaufen-wuerde-um-meinen-unhandlichen-winzigen-kleiderschrank-zu-organisieren-wenn-ich-sie-nicht-schon-haette\\\/#breadcrumb\"},\"inLanguage\":\"de\",\"potentialAction\":[{\"@type\":\"ReadAction\",\"target\":[\"https:\\\/\\\/www.strassenweb.de\\\/nachrichten\\\/6-aufbewahrungsretter-die-ich-im-walmart-sale-kaufen-wuerde-um-meinen-unhandlichen-winzigen-kleiderschrank-zu-organisieren-wenn-ich-sie-nicht-schon-haette\\\/\"]}]},{\"@type\":\"ImageObject\",\"inLanguage\":\"de\",\"@id\":\"https:\\\/\\\/www.strassenweb.de\\\/nachrichten\\\/6-aufbewahrungsretter-die-ich-im-walmart-sale-kaufen-wuerde-um-meinen-unhandlichen-winzigen-kleiderschrank-zu-organisieren-wenn-ich-sie-nicht-schon-haette\\\/#primaryimage\",\"url\":\"https:\\\/\\\/www.strassenweb.de\\\/nachrichten\\\/wp-content\\\/uploads\\\/2024\\\/10\\\/6-Aufbewahrungsretter-die-ich-im-Walmart-Sale-kaufen-wuerde-um-meinen.jpg\",\"contentUrl\":\"https:\\\/\\\/www.strassenweb.de\\\/nachrichten\\\/wp-content\\\/uploads\\\/2024\\\/10\\\/6-Aufbewahrungsretter-die-ich-im-Walmart-Sale-kaufen-wuerde-um-meinen.jpg\",\"width\":1200,\"height\":675,\"caption\":\"6 Aufbewahrungsretter, die ich im Walmart-Sale kaufen w\u00fcrde, um meinen unhandlichen, winzigen Kleiderschrank zu organisieren, wenn ich sie nicht schon h\u00e4tte\"},{\"@type\":\"BreadcrumbList\",\"@id\":\"https:\\\/\\\/www.strassenweb.de\\\/nachrichten\\\/6-aufbewahrungsretter-die-ich-im-walmart-sale-kaufen-wuerde-um-meinen-unhandlichen-winzigen-kleiderschrank-zu-organisieren-wenn-ich-sie-nicht-schon-haette\\\/#breadcrumb\",\"itemListElement\":[{\"@type\":\"ListItem\",\"position\":1,\"name\":\"Home\",\"item\":\"https:\\\/\\\/www.strassenweb.de\\\/nachrichten\\\/\"},{\"@type\":\"ListItem\",\"position\":2,\"name\":\"6 Aufbewahrungsretter, die ich im Walmart-Sale kaufen w\u00fcrde, um meinen unhandlichen, winzigen Kleiderschrank zu organisieren, wenn ich sie nicht schon h\u00e4tte\"}]},{\"@type\":\"WebSite\",\"@id\":\"https:\\\/\\\/www.strassenweb.de\\\/nachrichten\\\/#website\",\"url\":\"https:\\\/\\\/www.strassenweb.de\\\/nachrichten\\\/\",\"name\":\"Stra\u00dfenweb\",\"description\":\"Stra\u00dfenverzeichnis f\u00fcr Deutschland\",\"publisher\":{\"@id\":\"https:\\\/\\\/www.strassenweb.de\\\/nachrichten\\\/#organization\"},\"potentialAction\":[{\"@type\":\"SearchAction\",\"target\":{\"@type\":\"EntryPoint\",\"urlTemplate\":\"https:\\\/\\\/www.strassenweb.de\\\/nachrichten\\\/?s={search_term_string}\"},\"query-input\":{\"@type\":\"PropertyValueSpecification\",\"valueRequired\":true,\"valueName\":\"search_term_string\"}}],\"inLanguage\":\"de\"},{\"@type\":\"Organization\",\"@id\":\"https:\\\/\\\/www.strassenweb.de\\\/nachrichten\\\/#organization\",\"name\":\"Stra\u00dfenweb\",\"url\":\"https:\\\/\\\/www.strassenweb.de\\\/nachrichten\\\/\",\"logo\":{\"@type\":\"ImageObject\",\"inLanguage\":\"de\",\"@id\":\"https:\\\/\\\/www.strassenweb.de\\\/nachrichten\\\/#\\\/schema\\\/logo\\\/image\\\/\",\"url\":\"https:\\\/\\\/www.strassenweb.de\\\/nachrichten\\\/wp-content\\\/uploads\\\/2024\\\/09\\\/cropped-favicon.png\",\"contentUrl\":\"https:\\\/\\\/www.strassenweb.de\\\/nachrichten\\\/wp-content\\\/uploads\\\/2024\\\/09\\\/cropped-favicon.png\",\"width\":512,\"height\":512,\"caption\":\"Stra\u00dfenweb\"},\"image\":{\"@id\":\"https:\\\/\\\/www.strassenweb.de\\\/nachrichten\\\/#\\\/schema\\\/logo\\\/image\\\/\"},\"sameAs\":[\"https:\\\/\\\/www.facebook.com\\\/strassenweb\\\/\"]},{\"@type\":\"Person\",\"@id\":\"https:\\\/\\\/www.strassenweb.de\\\/nachrichten\\\/#\\\/schema\\\/person\\\/87c9c9067f1211da429a744dc5a5aa41\",\"name\":\"Robert Hoffmann\",\"image\":{\"@type\":\"ImageObject\",\"inLanguage\":\"de\",\"@id\":\"https:\\\/\\\/www.strassenweb.de\\\/nachrichten\\\/wp-content\\\/uploads\\\/2024\\\/09\\\/strassenweb-150x150.jpg\",\"url\":\"https:\\\/\\\/www.strassenweb.de\\\/nachrichten\\\/wp-content\\\/uploads\\\/2024\\\/09\\\/strassenweb-150x150.jpg\",\"contentUrl\":\"https:\\\/\\\/www.strassenweb.de\\\/nachrichten\\\/wp-content\\\/uploads\\\/2024\\\/09\\\/strassenweb-150x150.jpg\",\"caption\":\"Robert Hoffmann\"},\"description\":\"Ich hei\u00dfe Robert Hoffmann und ich bin ein leidenschaftlicher Verfechter von \u00d6kologie und Biodiversit\u00e4t. Seit meiner Kindheit in den W\u00e4ldern Bayerns f\u00fchle ich mich mit der Natur verbunden und bin entschlossen, sie zu sch\u00fctzen. Heute widme ich mein Leben der Sensibilisierung anderer f\u00fcr die Bedeutung des Umweltschutzes f\u00fcr zuk\u00fcnftige Generationen.\",\"sameAs\":[\"https:\\\/\\\/www.strassenweb.de\\\/\"]}]}<\/script>\n<!-- \/ Yoast SEO plugin. -->","yoast_head_json":{"title":"6 Aufbewahrungsretter, die ich im Walmart-Sale kaufen w\u00fcrde, um meinen unhandlichen, winzigen Kleiderschrank zu organisieren, wenn ich sie nicht schon h\u00e4tte - Nachrichten - Stra\u00dfenweb","robots":{"index":"index","follow":"follow","max-snippet":"max-snippet:-1","max-image-preview":"max-image-preview:large","max-video-preview":"max-video-preview:-1"},"canonical":"https:\/\/www.strassenweb.de\/nachrichten\/6-aufbewahrungsretter-die-ich-im-walmart-sale-kaufen-wuerde-um-meinen-unhandlichen-winzigen-kleiderschrank-zu-organisieren-wenn-ich-sie-nicht-schon-haette\/","og_locale":"de_DE","og_type":"article","og_title":"6 Aufbewahrungsretter, die ich im Walmart-Sale kaufen w\u00fcrde, um meinen unhandlichen, winzigen Kleiderschrank zu organisieren, wenn ich sie nicht schon h\u00e4tte - Nachrichten - Stra\u00dfenweb","og_description":"Ich habe in den letzten f\u00fcnf Jahren an f\u00fcnf Orten gelebt, nachdem ich vom Haus meiner Eltern zum College gezogen bin, bevor ich in meiner","og_url":"https:\/\/www.strassenweb.de\/nachrichten\/6-aufbewahrungsretter-die-ich-im-walmart-sale-kaufen-wuerde-um-meinen-unhandlichen-winzigen-kleiderschrank-zu-organisieren-wenn-ich-sie-nicht-schon-haette\/","og_site_name":"Stra\u00dfenweb","article_publisher":"https:\/\/www.facebook.com\/strassenweb\/","article_published_time":"2024-10-09T16:44:58+00:00","article_modified_time":"2024-10-09T16:44:59+00:00","og_image":[{"width":1200,"height":675,"url":"https:\/\/www.strassenweb.de\/nachrichten\/wp-content\/uploads\/2024\/10\/6-Aufbewahrungsretter-die-ich-im-Walmart-Sale-kaufen-wuerde-um-meinen.jpg","type":"image\/jpeg"}],"author":"Robert Hoffmann","twitter_card":"summary_large_image","twitter_misc":{"Verfasst von":"Robert Hoffmann","Gesch\u00e4tzte Lesezeit":"1\u00a0Minute"},"schema":{"@context":"https:\/\/schema.org","@graph":[{"@type":"Article","@id":"https:\/\/www.strassenweb.de\/nachrichten\/6-aufbewahrungsretter-die-ich-im-walmart-sale-kaufen-wuerde-um-meinen-unhandlichen-winzigen-kleiderschrank-zu-organisieren-wenn-ich-sie-nicht-schon-haette\/#article","isPartOf":{"@id":"https:\/\/www.strassenweb.de\/nachrichten\/6-aufbewahrungsretter-die-ich-im-walmart-sale-kaufen-wuerde-um-meinen-unhandlichen-winzigen-kleiderschrank-zu-organisieren-wenn-ich-sie-nicht-schon-haette\/"},"author":{"name":"Robert Hoffmann","@id":"https:\/\/www.strassenweb.de\/nachrichten\/#\/schema\/person\/87c9c9067f1211da429a744dc5a5aa41"},"headline":"6 Aufbewahrungsretter, die ich im Walmart-Sale kaufen w\u00fcrde, um meinen unhandlichen, winzigen Kleiderschrank zu organisieren, wenn ich sie nicht schon h\u00e4tte","datePublished":"2024-10-09T16:44:58+00:00","dateModified":"2024-10-09T16:44:59+00:00","mainEntityOfPage":{"@id":"https:\/\/www.strassenweb.de\/nachrichten\/6-aufbewahrungsretter-die-ich-im-walmart-sale-kaufen-wuerde-um-meinen-unhandlichen-winzigen-kleiderschrank-zu-organisieren-wenn-ich-sie-nicht-schon-haette\/"},"wordCount":313,"publisher":{"@id":"https:\/\/www.strassenweb.de\/nachrichten\/#organization"},"image":{"@id":"https:\/\/www.strassenweb.de\/nachrichten\/6-aufbewahrungsretter-die-ich-im-walmart-sale-kaufen-wuerde-um-meinen-unhandlichen-winzigen-kleiderschrank-zu-organisieren-wenn-ich-sie-nicht-schon-haette\/#primaryimage"},"thumbnailUrl":"https:\/\/www.strassenweb.de\/nachrichten\/wp-content\/uploads\/2024\/10\/6-Aufbewahrungsretter-die-ich-im-Walmart-Sale-kaufen-wuerde-um-meinen.jpg","keywords":["Aufbewahrungsretter","die","h\u00e4tte","ich","kaufen","Kleiderschrank","meinen","nicht","organisieren","schon","Sie","unhandlichen","WalmartSale","wenn","winzigen","w\u00fcrde"],"articleSection":["Haus &amp; Garten"],"inLanguage":"de"},{"@type":"WebPage","@id":"https:\/\/www.strassenweb.de\/nachrichten\/6-aufbewahrungsretter-die-ich-im-walmart-sale-kaufen-wuerde-um-meinen-unhandlichen-winzigen-kleiderschrank-zu-organisieren-wenn-ich-sie-nicht-schon-haette\/","url":"https:\/\/www.strassenweb.de\/nachrichten\/6-aufbewahrungsretter-die-ich-im-walmart-sale-kaufen-wuerde-um-meinen-unhandlichen-winzigen-kleiderschrank-zu-organisieren-wenn-ich-sie-nicht-schon-haette\/","name":"6 Aufbewahrungsretter, die ich im Walmart-Sale kaufen w\u00fcrde, um meinen unhandlichen, winzigen Kleiderschrank zu organisieren, wenn ich sie nicht schon h\u00e4tte - Nachrichten - Stra\u00dfenweb","isPartOf":{"@id":"https:\/\/www.strassenweb.de\/nachrichten\/#website"},"primaryImageOfPage":{"@id":"https:\/\/www.strassenweb.de\/nachrichten\/6-aufbewahrungsretter-die-ich-im-walmart-sale-kaufen-wuerde-um-meinen-unhandlichen-winzigen-kleiderschrank-zu-organisieren-wenn-ich-sie-nicht-schon-haette\/#primaryimage"},"image":{"@id":"https:\/\/www.strassenweb.de\/nachrichten\/6-aufbewahrungsretter-die-ich-im-walmart-sale-kaufen-wuerde-um-meinen-unhandlichen-winzigen-kleiderschrank-zu-organisieren-wenn-ich-sie-nicht-schon-haette\/#primaryimage"},"thumbnailUrl":"https:\/\/www.strassenweb.de\/nachrichten\/wp-content\/uploads\/2024\/10\/6-Aufbewahrungsretter-die-ich-im-Walmart-Sale-kaufen-wuerde-um-meinen.jpg","datePublished":"2024-10-09T16:44:58+00:00","dateModified":"2024-10-09T16:44:59+00:00","breadcrumb":{"@id":"https:\/\/www.strassenweb.de\/nachrichten\/6-aufbewahrungsretter-die-ich-im-walmart-sale-kaufen-wuerde-um-meinen-unhandlichen-winzigen-kleiderschrank-zu-organisieren-wenn-ich-sie-nicht-schon-haette\/#breadcrumb"},"inLanguage":"de","potentialAction":[{"@type":"ReadAction","target":["https:\/\/www.strassenweb.de\/nachrichten\/6-aufbewahrungsretter-die-ich-im-walmart-sale-kaufen-wuerde-um-meinen-unhandlichen-winzigen-kleiderschrank-zu-organisieren-wenn-ich-sie-nicht-schon-haette\/"]}]},{"@type":"ImageObject","inLanguage":"de","@id":"https:\/\/www.strassenweb.de\/nachrichten\/6-aufbewahrungsretter-die-ich-im-walmart-sale-kaufen-wuerde-um-meinen-unhandlichen-winzigen-kleiderschrank-zu-organisieren-wenn-ich-sie-nicht-schon-haette\/#primaryimage","url":"https:\/\/www.strassenweb.de\/nachrichten\/wp-content\/uploads\/2024\/10\/6-Aufbewahrungsretter-die-ich-im-Walmart-Sale-kaufen-wuerde-um-meinen.jpg","contentUrl":"https:\/\/www.strassenweb.de\/nachrichten\/wp-content\/uploads\/2024\/10\/6-Aufbewahrungsretter-die-ich-im-Walmart-Sale-kaufen-wuerde-um-meinen.jpg","width":1200,"height":675,"caption":"6 Aufbewahrungsretter, die ich im Walmart-Sale kaufen w\u00fcrde, um meinen unhandlichen, winzigen Kleiderschrank zu organisieren, wenn ich sie nicht schon h\u00e4tte"},{"@type":"BreadcrumbList","@id":"https:\/\/www.strassenweb.de\/nachrichten\/6-aufbewahrungsretter-die-ich-im-walmart-sale-kaufen-wuerde-um-meinen-unhandlichen-winzigen-kleiderschrank-zu-organisieren-wenn-ich-sie-nicht-schon-haette\/#breadcrumb","itemListElement":[{"@type":"ListItem","position":1,"name":"Home","item":"https:\/\/www.strassenweb.de\/nachrichten\/"},{"@type":"ListItem","position":2,"name":"6 Aufbewahrungsretter, die ich im Walmart-Sale kaufen w\u00fcrde, um meinen unhandlichen, winzigen Kleiderschrank zu organisieren, wenn ich sie nicht schon h\u00e4tte"}]},{"@type":"WebSite","@id":"https:\/\/www.strassenweb.de\/nachrichten\/#website","url":"https:\/\/www.strassenweb.de\/nachrichten\/","name":"Stra\u00dfenweb","description":"Stra\u00dfenverzeichnis f\u00fcr Deutschland","publisher":{"@id":"https:\/\/www.strassenweb.de\/nachrichten\/#organization"},"potentialAction":[{"@type":"SearchAction","target":{"@type":"EntryPoint","urlTemplate":"https:\/\/www.strassenweb.de\/nachrichten\/?s={search_term_string}"},"query-input":{"@type":"PropertyValueSpecification","valueRequired":true,"valueName":"search_term_string"}}],"inLanguage":"de"},{"@type":"Organization","@id":"https:\/\/www.strassenweb.de\/nachrichten\/#organization","name":"Stra\u00dfenweb","url":"https:\/\/www.strassenweb.de\/nachrichten\/","logo":{"@type":"ImageObject","inLanguage":"de","@id":"https:\/\/www.strassenweb.de\/nachrichten\/#\/schema\/logo\/image\/","url":"https:\/\/www.strassenweb.de\/nachrichten\/wp-content\/uploads\/2024\/09\/cropped-favicon.png","contentUrl":"https:\/\/www.strassenweb.de\/nachrichten\/wp-content\/uploads\/2024\/09\/cropped-favicon.png","width":512,"height":512,"caption":"Stra\u00dfenweb"},"image":{"@id":"https:\/\/www.strassenweb.de\/nachrichten\/#\/schema\/logo\/image\/"},"sameAs":["https:\/\/www.facebook.com\/strassenweb\/"]},{"@type":"Person","@id":"https:\/\/www.strassenweb.de\/nachrichten\/#\/schema\/person\/87c9c9067f1211da429a744dc5a5aa41","name":"Robert Hoffmann","image":{"@type":"ImageObject","inLanguage":"de","@id":"https:\/\/www.strassenweb.de\/nachrichten\/wp-content\/uploads\/2024\/09\/strassenweb-150x150.jpg","url":"https:\/\/www.strassenweb.de\/nachrichten\/wp-content\/uploads\/2024\/09\/strassenweb-150x150.jpg","contentUrl":"https:\/\/www.strassenweb.de\/nachrichten\/wp-content\/uploads\/2024\/09\/strassenweb-150x150.jpg","caption":"Robert Hoffmann"},"description":"Ich hei\u00dfe Robert Hoffmann und ich bin ein leidenschaftlicher Verfechter von \u00d6kologie und Biodiversit\u00e4t. Seit meiner Kindheit in den W\u00e4ldern Bayerns f\u00fchle ich mich mit der Natur verbunden und bin entschlossen, sie zu sch\u00fctzen. Heute widme ich mein Leben der Sensibilisierung anderer f\u00fcr die Bedeutung des Umweltschutzes f\u00fcr zuk\u00fcnftige Generationen.","sameAs":["https:\/\/www.strassenweb.de\/"]}]}},"_links":{"self":[{"href":"https:\/\/www.strassenweb.de\/nachrichten\/wp-json\/wp\/v2\/posts\/765","targetHints":{"allow":["GET"]}}],"collection":[{"href":"https:\/\/www.strassenweb.de\/nachrichten\/wp-json\/wp\/v2\/posts"}],"about":[{"href":"https:\/\/www.strassenweb.de\/nachrichten\/wp-json\/wp\/v2\/types\/post"}],"author":[{"embeddable":true,"href":"https:\/\/www.strassenweb.de\/nachrichten\/wp-json\/wp\/v2\/users\/1"}],"replies":[{"embeddable":true,"href":"https:\/\/www.strassenweb.de\/nachrichten\/wp-json\/wp\/v2\/comments?post=765"}],"version-history":[{"count":0,"href":"https:\/\/www.strassenweb.de\/nachrichten\/wp-json\/wp\/v2\/posts\/765\/revisions"}],"wp:featuredmedia":[{"embeddable":true,"href":"https:\/\/www.strassenweb.de\/nachrichten\/wp-json\/wp\/v2\/media\/766"}],"wp:attachment":[{"href":"https:\/\/www.strassenweb.de\/nachrichten\/wp-json\/wp\/v2\/media?parent=765"}],"wp:term":[{"taxonomy":"category","embeddable":true,"href":"https:\/\/www.strassenweb.de\/nachrichten\/wp-json\/wp\/v2\/categories?post=765"},{"taxonomy":"post_tag","embeddable":true,"href":"https:\/\/www.strassenweb.de\/nachrichten\/wp-json\/wp\/v2\/tags?post=765"}],"curies":[{"name":"wp","href":"https:\/\/api.w.org\/{rel}","templated":true}]}}