{"id":7643,"date":"2025-09-11T13:40:09","date_gmt":"2025-09-11T11:40:09","guid":{"rendered":"https:\/\/www.strassenweb.de\/nachrichten\/es-gibt-niemanden-richtig-um-einen-mantel-zu-stylen-warum-nate-berkus-mich-dazu-gebracht-hat-meine-kamin-display-vollstaendig-zu-ueberdenken\/"},"modified":"2025-09-11T13:40:10","modified_gmt":"2025-09-11T11:40:10","slug":"es-gibt-niemanden-richtig-um-einen-mantel-zu-stylen-warum-nate-berkus-mich-dazu-gebracht-hat-meine-kamin-display-vollstaendig-zu-ueberdenken","status":"publish","type":"post","link":"https:\/\/www.strassenweb.de\/nachrichten\/es-gibt-niemanden-richtig-um-einen-mantel-zu-stylen-warum-nate-berkus-mich-dazu-gebracht-hat-meine-kamin-display-vollstaendig-zu-ueberdenken\/","title":{"rendered":"&#8222;Es gibt niemanden richtig, um einen Mantel zu stylen&#8220; &#8211; warum Nate Berkus mich dazu gebracht hat, meine Kamin -Display vollst\u00e4ndig zu \u00fcberdenken"},"content":{"rendered":"<p><\/p>\n<div id=\"article-body\" class=\"article__body \">\n<p id=\"33e89ebb-176b-4761-a026-1ba3fd57f872\">Ich war schon immer sehr speziell beim Styling meines Mantels, aber nachdem ich Nate Berkus &#8218;vielen Kamin aussieht, hat er bewiesen, dass es nicht darum geht <em>Was<\/em> Sie ziehen Ihren Felsvorsprung an, aber <em>Wie<\/em> Du machst es.<\/p>\n<div id=\"ad-unit-1\" class=\"ad-unit\"><\/div>\n<p>Nate beweist auf Instagram, um seine fr\u00fcheren Projekte zu teilen, und beweist, dass die Ideen f\u00fcr Manteldekoration in vielen Formen kommen. Von rustikalen Vasen bis hin zu antiken Kerzenhaltern ist die Welt Ihre Auster; Sie k\u00f6nnen so ziemlich alles auf einen Mantel setzen, aber es ist die kunstvolle Balance dieser Objekte, die die Auswirkungen Ihres Displays bestimmen.<\/p>\n<aside data-block-type=\"embed\" data-render-type=\"fte\" data-skip=\"dealsy\" data-widget-type=\"seasonal\" class=\"hawk-base\"><\/aside>\n<p id=\"33e89ebb-176b-4761-a026-1ba3fd57f872-2\">Nates R\u00e4ume haben mich \u00fcberdenken, wie man ein Kaminsims stymt und mich dazu ermutigt hat, \u00fcber den Tellerrand hinaus zu denken und selbst die unkonventionellsten St\u00fccke eine Chance zu geben. Mit einem akribischen Auge erscheint Ihr Display, kuratiert, ber\u00fccksichtigt und zeitgem\u00e4\u00df, unabh\u00e4ngig vom Objekt.<\/p>\n<div class=\"van_vid_carousel\">\n<div class=\"van_vid_carousel__padding\">\n<div class=\"van_vid_carousel__container\"><\/div>\n<\/div>\n<\/div>\n<div class=\"instagram-embed\" id=\"DNnwdbOgHRl\">\n<blockquote class=\"instagram-media\" data-instgrm-captioned data-instgrm-version=\"6\" style=\"width:99.375%; width:-webkit-calc(100% - 2px); width:calc(100% - 2px);\">\n<p>Ein Beitrag, der von Nate Berkus (@nateberkus) geteilt wird<\/p>\n<p>Ein Foto von on <\/p>\n<\/blockquote>\n<\/div>\n<p id=\"f574de54-632a-4a6e-a99d-76bc76cd8137\">Normalerweise w\u00fcrde ich darauf achten, meinen Kamin nicht zu \u00fcberw\u00e4ltigen und mich auf vier zu beschr\u00e4nken, vielleicht h\u00f6chstens f\u00fcnf Teile, um meinen Kaminsims zu schm\u00fccken. Nate beweist jedoch, dass das konventionelle Styling nicht immer der beste Ansatz ist, wenn es darum geht, eine erfolgreiche, einzigartige Anordnung zu schaffen.<\/p>\n<div id=\"ad-unit-2\" class=\"ad-unit\"><\/div>\n<p>Nehmen Sie das erste Mantelprojekt als Beispiel &#8211; auf den ersten Blick erscheint es m\u00fchelos. Aber wie bei allen guten Designs, wenn Sie genauer aussehen, k\u00f6nnen Sie sehen, dass viel Gedanken in das Display eingebunden sind. Nate hat acht rustikale Vasen aller Formen und Gr\u00f6\u00dfen entlang der Kante positioniert. Nate stellt sicher, dass es eine subtile Kluft zwischen ihnen gibt, und schafft zwei Gruppen von Vasen, die dem Gebiet ein allgemeines Gef\u00fchl von Gleichgewicht und Freiheit vermitteln. Anstatt sie einheitlich zu streichen, stellt er sicher, dass es viel Tiefe gibt.<\/p>\n<div class=\"instagram-embed\" id=\"DBl3ekog8yN\">\n<blockquote class=\"instagram-media\" data-instgrm-captioned data-instgrm-version=\"6\" style=\"width:99.375%; width:-webkit-calc(100% - 2px); width:calc(100% - 2px);\">\n<p>Ein Beitrag, der von Nate Berkus (@nateberkus) geteilt wird<\/p>\n<p>Ein Foto von on <\/p>\n<\/blockquote>\n<\/div>\n<p id=\"5c209ca7-b903-4a4e-9296-36aabdc6d46c\">Es gibt Dinge, die Sie niemals auf einen Kaminsims aufnehmen sollten, aber die Vielseitigkeit von Nates R\u00e4umen beweist, dass so ziemlich alle Dekorationen in diesem Bereich funktionieren k\u00f6nnen, vorausgesetzt, Sie ber\u00fccksichtigen Gr\u00f6\u00dfe und Skalierung. Nehmen wir das dritte Projekt, er hat zwei ziemlich gro\u00dfe silberne Taperkerzenhalter, zwei skulpturale Vasen und einige andere Schmuckst\u00fccke eingebaut. In der Vergangenheit h\u00e4tte ich eine solche Reihe von Teilen vermieden, aber tats\u00e4chlich, indem ich die h\u00f6chsten St\u00fccke in die Mitte platzierte und die Enden des Mantels mit den kleineren Objekten ausbalanciert hatte, f\u00fchlt sich die Kante f\u00fcr das Auge betrachtet und angenehm.<\/p>\n<p>Anstatt meine St\u00fccke sorgf\u00e4ltig zu ordnen, um an meinem Mantel zu sitzen, haben mich Nates R\u00e4ume dazu inspiriert, eine Vielzahl von Objekten in verschiedenen Formen und Gr\u00f6\u00dfen zu w\u00e4hlen, die Auswirkungen und Variationen erzielen. Wenn Sie sie entsprechend verstreuen und sicherstellen, dass die Mitte und die Enden der Kante ausgewogen sind, haben Sie das perfekte Rezept f\u00fcr Mantel.<\/p>\n<div id=\"slice-container-newsletterForm-articleInbodyContent-5ou6VX8PqntNYCHDFHUbtH\" class=\"slice-container newsletter-inbodyContent-slice newsletterForm-articleInbodyContent-5ou6VX8PqntNYCHDFHUbtH slice-container-newsletterForm\"><\/div>\n<h3 class=\"article-body__section\" id=\"section-shop-nate-s-mantel-decor-essentials\"><span>Kaufen Sie Nates Mantel Decor Essentials ein<\/span><\/h3>\n<div class=\"product-container hero-product-container product-block-no-wrap\">\n<div class=\"product-block-row\"><\/div>\n<div class=\"product-block-row\"><\/div>\n<div class=\"product-block-row\"><\/div>\n<div class=\"product-block-row\"><\/div>\n<div class=\"product-block-row\"><\/div>\n<div class=\"product-block-row\"><\/div>\n<\/div>\n<hr id=\"9d3f2637-3ac1-4313-a2d6-7747a1325ec5\">\n<p id=\"23466bb9-114e-4140-9633-7cb84729d84e\">Egal, ob Sie traditionelle Kaminideen oder ein moderneres Aussehen kanalisieren, Nates Mantel -Styling beweist, dass ein Kaminsims niemals \u00fcbersehen werden sollte &#8211; es ist der perfekte Ort, um kreativ zu werden und ein mutiges und wirklich einzigartiges Display zu schaffen.<\/p>\n<div class=\"block\" id=\"articleTag\" data-component-name=\"PostArticleLinks\">\n<div class=\"border-b border-b-black border-solid py-2.5 text-black font-bold uppercase\">Themen<\/div>\n<nav class=\"py-2.5 flex gap-2.5 flex-wrap\" data-analytics-id=\"article-tag\">\n<p>Nate Berkus<br \/>\n<\/nav>\n<\/div>\n<\/div>\n<p><script async src=\"\/\/www.instagram.com\/embed.js\"><\/script><\/p>\n","protected":false},"excerpt":{"rendered":"<p>Ich war schon immer sehr speziell beim Styling meines Mantels, aber nachdem ich Nate Berkus &#8218;vielen Kamin aussieht, hat er bewiesen, dass es nicht darum<\/p>\n","protected":false},"author":1,"featured_media":5734,"comment_status":"closed","ping_status":"","sticky":false,"template":"","format":"standard","meta":{"footnotes":""},"categories":[118],"tags":[5287,803,9735,166,1955,53,189,1409,6875,1054,1122,5286,10073,2775,2161,1747,2259,744],"class_list":["post-7643","post","type-post","status-publish","format-standard","has-post-thumbnail","hentry","category-haus-garten","tag-berkus","tag-dazu","tag-display","tag-einen","tag-gebracht","tag-gibt","tag-hat","tag-kamin","tag-mantel","tag-meine","tag-mich","tag-nate","tag-niemanden","tag-richtig","tag-stylen","tag-ueberdenken","tag-vollstaendig","tag-warum","generate-columns","tablet-grid-50","mobile-grid-100","grid-parent","grid-50"],"yoast_head":"<!-- This site is optimized with the Yoast SEO plugin v27.3 - https:\/\/yoast.com\/product\/yoast-seo-wordpress\/ -->\n<title>&quot;Es gibt niemanden richtig, um einen Mantel zu stylen&quot; - warum Nate Berkus mich dazu gebracht hat, meine Kamin -Display vollst\u00e4ndig zu \u00fcberdenken - Nachrichten - Stra\u00dfenweb<\/title>\n<meta name=\"robots\" content=\"index, follow, max-snippet:-1, max-image-preview:large, max-video-preview:-1\" \/>\n<link rel=\"canonical\" href=\"https:\/\/www.strassenweb.de\/nachrichten\/es-gibt-niemanden-richtig-um-einen-mantel-zu-stylen-warum-nate-berkus-mich-dazu-gebracht-hat-meine-kamin-display-vollstaendig-zu-ueberdenken\/\" \/>\n<meta property=\"og:locale\" content=\"de_DE\" \/>\n<meta property=\"og:type\" content=\"article\" \/>\n<meta property=\"og:title\" content=\"&quot;Es gibt niemanden richtig, um einen Mantel zu stylen&quot; - warum Nate Berkus mich dazu gebracht hat, meine Kamin -Display vollst\u00e4ndig zu \u00fcberdenken - Nachrichten - Stra\u00dfenweb\" \/>\n<meta property=\"og:description\" content=\"Ich war schon immer sehr speziell beim Styling meines Mantels, aber nachdem ich Nate Berkus &#8218;vielen Kamin aussieht, hat er bewiesen, dass es nicht darum\" \/>\n<meta property=\"og:url\" content=\"https:\/\/www.strassenweb.de\/nachrichten\/es-gibt-niemanden-richtig-um-einen-mantel-zu-stylen-warum-nate-berkus-mich-dazu-gebracht-hat-meine-kamin-display-vollstaendig-zu-ueberdenken\/\" \/>\n<meta property=\"og:site_name\" content=\"Stra\u00dfenweb\" \/>\n<meta property=\"article:publisher\" content=\"https:\/\/www.facebook.com\/strassenweb\/\" \/>\n<meta property=\"article:published_time\" content=\"2025-09-11T11:40:09+00:00\" \/>\n<meta property=\"article:modified_time\" content=\"2025-09-11T11:40:10+00:00\" \/>\n<meta property=\"og:image\" content=\"https:\/\/www.strassenweb.de\/nachrichten\/wp-content\/uploads\/2025\/03\/ApUkmBQDY7hztwtkTrcM35.png\" \/>\n\t<meta property=\"og:image:width\" content=\"1600\" \/>\n\t<meta property=\"og:image:height\" content=\"900\" \/>\n\t<meta property=\"og:image:type\" content=\"image\/png\" \/>\n<meta name=\"author\" content=\"Robert Hoffmann\" \/>\n<meta name=\"twitter:card\" content=\"summary_large_image\" \/>\n<meta name=\"twitter:label1\" content=\"Verfasst von\" \/>\n\t<meta name=\"twitter:data1\" content=\"Robert Hoffmann\" \/>\n\t<meta name=\"twitter:label2\" content=\"Gesch\u00e4tzte Lesezeit\" \/>\n\t<meta name=\"twitter:data2\" content=\"3\u00a0Minuten\" \/>\n<script type=\"application\/ld+json\" class=\"yoast-schema-graph\">{\"@context\":\"https:\\\/\\\/schema.org\",\"@graph\":[{\"@type\":\"Article\",\"@id\":\"https:\\\/\\\/www.strassenweb.de\\\/nachrichten\\\/es-gibt-niemanden-richtig-um-einen-mantel-zu-stylen-warum-nate-berkus-mich-dazu-gebracht-hat-meine-kamin-display-vollstaendig-zu-ueberdenken\\\/#article\",\"isPartOf\":{\"@id\":\"https:\\\/\\\/www.strassenweb.de\\\/nachrichten\\\/es-gibt-niemanden-richtig-um-einen-mantel-zu-stylen-warum-nate-berkus-mich-dazu-gebracht-hat-meine-kamin-display-vollstaendig-zu-ueberdenken\\\/\"},\"author\":{\"name\":\"Robert Hoffmann\",\"@id\":\"https:\\\/\\\/www.strassenweb.de\\\/nachrichten\\\/#\\\/schema\\\/person\\\/87c9c9067f1211da429a744dc5a5aa41\"},\"headline\":\"&#8222;Es gibt niemanden richtig, um einen Mantel zu stylen&#8220; &#8211; warum Nate Berkus mich dazu gebracht hat, meine Kamin -Display vollst\u00e4ndig zu \u00fcberdenken\",\"datePublished\":\"2025-09-11T11:40:09+00:00\",\"dateModified\":\"2025-09-11T11:40:10+00:00\",\"mainEntityOfPage\":{\"@id\":\"https:\\\/\\\/www.strassenweb.de\\\/nachrichten\\\/es-gibt-niemanden-richtig-um-einen-mantel-zu-stylen-warum-nate-berkus-mich-dazu-gebracht-hat-meine-kamin-display-vollstaendig-zu-ueberdenken\\\/\"},\"wordCount\":566,\"publisher\":{\"@id\":\"https:\\\/\\\/www.strassenweb.de\\\/nachrichten\\\/#organization\"},\"image\":{\"@id\":\"https:\\\/\\\/www.strassenweb.de\\\/nachrichten\\\/es-gibt-niemanden-richtig-um-einen-mantel-zu-stylen-warum-nate-berkus-mich-dazu-gebracht-hat-meine-kamin-display-vollstaendig-zu-ueberdenken\\\/#primaryimage\"},\"thumbnailUrl\":\"https:\\\/\\\/www.strassenweb.de\\\/nachrichten\\\/wp-content\\\/uploads\\\/2025\\\/03\\\/ApUkmBQDY7hztwtkTrcM35.png\",\"keywords\":[\"Berkus\",\"dazu\",\"Display\",\"einen\",\"gebracht\",\"gibt\",\"hat\",\"Kamin\",\"Mantel\",\"meine\",\"mich\",\"Nate\",\"niemanden\",\"richtig\",\"Stylen\",\"\u00fcberdenken\",\"vollst\u00e4ndig\",\"warum\"],\"articleSection\":[\"Haus &amp; Garten\"],\"inLanguage\":\"de\"},{\"@type\":\"WebPage\",\"@id\":\"https:\\\/\\\/www.strassenweb.de\\\/nachrichten\\\/es-gibt-niemanden-richtig-um-einen-mantel-zu-stylen-warum-nate-berkus-mich-dazu-gebracht-hat-meine-kamin-display-vollstaendig-zu-ueberdenken\\\/\",\"url\":\"https:\\\/\\\/www.strassenweb.de\\\/nachrichten\\\/es-gibt-niemanden-richtig-um-einen-mantel-zu-stylen-warum-nate-berkus-mich-dazu-gebracht-hat-meine-kamin-display-vollstaendig-zu-ueberdenken\\\/\",\"name\":\"\\\"Es gibt niemanden richtig, um einen Mantel zu stylen\\\" - warum Nate Berkus mich dazu gebracht hat, meine Kamin -Display vollst\u00e4ndig zu \u00fcberdenken - Nachrichten - Stra\u00dfenweb\",\"isPartOf\":{\"@id\":\"https:\\\/\\\/www.strassenweb.de\\\/nachrichten\\\/#website\"},\"primaryImageOfPage\":{\"@id\":\"https:\\\/\\\/www.strassenweb.de\\\/nachrichten\\\/es-gibt-niemanden-richtig-um-einen-mantel-zu-stylen-warum-nate-berkus-mich-dazu-gebracht-hat-meine-kamin-display-vollstaendig-zu-ueberdenken\\\/#primaryimage\"},\"image\":{\"@id\":\"https:\\\/\\\/www.strassenweb.de\\\/nachrichten\\\/es-gibt-niemanden-richtig-um-einen-mantel-zu-stylen-warum-nate-berkus-mich-dazu-gebracht-hat-meine-kamin-display-vollstaendig-zu-ueberdenken\\\/#primaryimage\"},\"thumbnailUrl\":\"https:\\\/\\\/www.strassenweb.de\\\/nachrichten\\\/wp-content\\\/uploads\\\/2025\\\/03\\\/ApUkmBQDY7hztwtkTrcM35.png\",\"datePublished\":\"2025-09-11T11:40:09+00:00\",\"dateModified\":\"2025-09-11T11:40:10+00:00\",\"breadcrumb\":{\"@id\":\"https:\\\/\\\/www.strassenweb.de\\\/nachrichten\\\/es-gibt-niemanden-richtig-um-einen-mantel-zu-stylen-warum-nate-berkus-mich-dazu-gebracht-hat-meine-kamin-display-vollstaendig-zu-ueberdenken\\\/#breadcrumb\"},\"inLanguage\":\"de\",\"potentialAction\":[{\"@type\":\"ReadAction\",\"target\":[\"https:\\\/\\\/www.strassenweb.de\\\/nachrichten\\\/es-gibt-niemanden-richtig-um-einen-mantel-zu-stylen-warum-nate-berkus-mich-dazu-gebracht-hat-meine-kamin-display-vollstaendig-zu-ueberdenken\\\/\"]}]},{\"@type\":\"ImageObject\",\"inLanguage\":\"de\",\"@id\":\"https:\\\/\\\/www.strassenweb.de\\\/nachrichten\\\/es-gibt-niemanden-richtig-um-einen-mantel-zu-stylen-warum-nate-berkus-mich-dazu-gebracht-hat-meine-kamin-display-vollstaendig-zu-ueberdenken\\\/#primaryimage\",\"url\":\"https:\\\/\\\/www.strassenweb.de\\\/nachrichten\\\/wp-content\\\/uploads\\\/2025\\\/03\\\/ApUkmBQDY7hztwtkTrcM35.png\",\"contentUrl\":\"https:\\\/\\\/www.strassenweb.de\\\/nachrichten\\\/wp-content\\\/uploads\\\/2025\\\/03\\\/ApUkmBQDY7hztwtkTrcM35.png\",\"width\":1600,\"height\":900,\"caption\":\"Nate Berkus\"},{\"@type\":\"BreadcrumbList\",\"@id\":\"https:\\\/\\\/www.strassenweb.de\\\/nachrichten\\\/es-gibt-niemanden-richtig-um-einen-mantel-zu-stylen-warum-nate-berkus-mich-dazu-gebracht-hat-meine-kamin-display-vollstaendig-zu-ueberdenken\\\/#breadcrumb\",\"itemListElement\":[{\"@type\":\"ListItem\",\"position\":1,\"name\":\"Home\",\"item\":\"https:\\\/\\\/www.strassenweb.de\\\/nachrichten\\\/\"},{\"@type\":\"ListItem\",\"position\":2,\"name\":\"&#8222;Es gibt niemanden richtig, um einen Mantel zu stylen&#8220; &#8211; warum Nate Berkus mich dazu gebracht hat, meine Kamin -Display vollst\u00e4ndig zu \u00fcberdenken\"}]},{\"@type\":\"WebSite\",\"@id\":\"https:\\\/\\\/www.strassenweb.de\\\/nachrichten\\\/#website\",\"url\":\"https:\\\/\\\/www.strassenweb.de\\\/nachrichten\\\/\",\"name\":\"Stra\u00dfenweb\",\"description\":\"Stra\u00dfenverzeichnis f\u00fcr Deutschland\",\"publisher\":{\"@id\":\"https:\\\/\\\/www.strassenweb.de\\\/nachrichten\\\/#organization\"},\"potentialAction\":[{\"@type\":\"SearchAction\",\"target\":{\"@type\":\"EntryPoint\",\"urlTemplate\":\"https:\\\/\\\/www.strassenweb.de\\\/nachrichten\\\/?s={search_term_string}\"},\"query-input\":{\"@type\":\"PropertyValueSpecification\",\"valueRequired\":true,\"valueName\":\"search_term_string\"}}],\"inLanguage\":\"de\"},{\"@type\":\"Organization\",\"@id\":\"https:\\\/\\\/www.strassenweb.de\\\/nachrichten\\\/#organization\",\"name\":\"Stra\u00dfenweb\",\"url\":\"https:\\\/\\\/www.strassenweb.de\\\/nachrichten\\\/\",\"logo\":{\"@type\":\"ImageObject\",\"inLanguage\":\"de\",\"@id\":\"https:\\\/\\\/www.strassenweb.de\\\/nachrichten\\\/#\\\/schema\\\/logo\\\/image\\\/\",\"url\":\"https:\\\/\\\/www.strassenweb.de\\\/nachrichten\\\/wp-content\\\/uploads\\\/2024\\\/09\\\/cropped-favicon.png\",\"contentUrl\":\"https:\\\/\\\/www.strassenweb.de\\\/nachrichten\\\/wp-content\\\/uploads\\\/2024\\\/09\\\/cropped-favicon.png\",\"width\":512,\"height\":512,\"caption\":\"Stra\u00dfenweb\"},\"image\":{\"@id\":\"https:\\\/\\\/www.strassenweb.de\\\/nachrichten\\\/#\\\/schema\\\/logo\\\/image\\\/\"},\"sameAs\":[\"https:\\\/\\\/www.facebook.com\\\/strassenweb\\\/\"]},{\"@type\":\"Person\",\"@id\":\"https:\\\/\\\/www.strassenweb.de\\\/nachrichten\\\/#\\\/schema\\\/person\\\/87c9c9067f1211da429a744dc5a5aa41\",\"name\":\"Robert Hoffmann\",\"image\":{\"@type\":\"ImageObject\",\"inLanguage\":\"de\",\"@id\":\"https:\\\/\\\/www.strassenweb.de\\\/nachrichten\\\/wp-content\\\/uploads\\\/2024\\\/09\\\/strassenweb-150x150.jpg\",\"url\":\"https:\\\/\\\/www.strassenweb.de\\\/nachrichten\\\/wp-content\\\/uploads\\\/2024\\\/09\\\/strassenweb-150x150.jpg\",\"contentUrl\":\"https:\\\/\\\/www.strassenweb.de\\\/nachrichten\\\/wp-content\\\/uploads\\\/2024\\\/09\\\/strassenweb-150x150.jpg\",\"caption\":\"Robert Hoffmann\"},\"description\":\"Ich hei\u00dfe Robert Hoffmann und ich bin ein leidenschaftlicher Verfechter von \u00d6kologie und Biodiversit\u00e4t. Seit meiner Kindheit in den W\u00e4ldern Bayerns f\u00fchle ich mich mit der Natur verbunden und bin entschlossen, sie zu sch\u00fctzen. Heute widme ich mein Leben der Sensibilisierung anderer f\u00fcr die Bedeutung des Umweltschutzes f\u00fcr zuk\u00fcnftige Generationen.\",\"sameAs\":[\"https:\\\/\\\/www.strassenweb.de\\\/\"]}]}<\/script>\n<!-- \/ Yoast SEO plugin. -->","yoast_head_json":{"title":"\"Es gibt niemanden richtig, um einen Mantel zu stylen\" - warum Nate Berkus mich dazu gebracht hat, meine Kamin -Display vollst\u00e4ndig zu \u00fcberdenken - Nachrichten - Stra\u00dfenweb","robots":{"index":"index","follow":"follow","max-snippet":"max-snippet:-1","max-image-preview":"max-image-preview:large","max-video-preview":"max-video-preview:-1"},"canonical":"https:\/\/www.strassenweb.de\/nachrichten\/es-gibt-niemanden-richtig-um-einen-mantel-zu-stylen-warum-nate-berkus-mich-dazu-gebracht-hat-meine-kamin-display-vollstaendig-zu-ueberdenken\/","og_locale":"de_DE","og_type":"article","og_title":"\"Es gibt niemanden richtig, um einen Mantel zu stylen\" - warum Nate Berkus mich dazu gebracht hat, meine Kamin -Display vollst\u00e4ndig zu \u00fcberdenken - Nachrichten - Stra\u00dfenweb","og_description":"Ich war schon immer sehr speziell beim Styling meines Mantels, aber nachdem ich Nate Berkus &#8218;vielen Kamin aussieht, hat er bewiesen, dass es nicht darum","og_url":"https:\/\/www.strassenweb.de\/nachrichten\/es-gibt-niemanden-richtig-um-einen-mantel-zu-stylen-warum-nate-berkus-mich-dazu-gebracht-hat-meine-kamin-display-vollstaendig-zu-ueberdenken\/","og_site_name":"Stra\u00dfenweb","article_publisher":"https:\/\/www.facebook.com\/strassenweb\/","article_published_time":"2025-09-11T11:40:09+00:00","article_modified_time":"2025-09-11T11:40:10+00:00","og_image":[{"width":1600,"height":900,"url":"https:\/\/www.strassenweb.de\/nachrichten\/wp-content\/uploads\/2025\/03\/ApUkmBQDY7hztwtkTrcM35.png","type":"image\/png"}],"author":"Robert Hoffmann","twitter_card":"summary_large_image","twitter_misc":{"Verfasst von":"Robert Hoffmann","Gesch\u00e4tzte Lesezeit":"3\u00a0Minuten"},"schema":{"@context":"https:\/\/schema.org","@graph":[{"@type":"Article","@id":"https:\/\/www.strassenweb.de\/nachrichten\/es-gibt-niemanden-richtig-um-einen-mantel-zu-stylen-warum-nate-berkus-mich-dazu-gebracht-hat-meine-kamin-display-vollstaendig-zu-ueberdenken\/#article","isPartOf":{"@id":"https:\/\/www.strassenweb.de\/nachrichten\/es-gibt-niemanden-richtig-um-einen-mantel-zu-stylen-warum-nate-berkus-mich-dazu-gebracht-hat-meine-kamin-display-vollstaendig-zu-ueberdenken\/"},"author":{"name":"Robert Hoffmann","@id":"https:\/\/www.strassenweb.de\/nachrichten\/#\/schema\/person\/87c9c9067f1211da429a744dc5a5aa41"},"headline":"&#8222;Es gibt niemanden richtig, um einen Mantel zu stylen&#8220; &#8211; warum Nate Berkus mich dazu gebracht hat, meine Kamin -Display vollst\u00e4ndig zu \u00fcberdenken","datePublished":"2025-09-11T11:40:09+00:00","dateModified":"2025-09-11T11:40:10+00:00","mainEntityOfPage":{"@id":"https:\/\/www.strassenweb.de\/nachrichten\/es-gibt-niemanden-richtig-um-einen-mantel-zu-stylen-warum-nate-berkus-mich-dazu-gebracht-hat-meine-kamin-display-vollstaendig-zu-ueberdenken\/"},"wordCount":566,"publisher":{"@id":"https:\/\/www.strassenweb.de\/nachrichten\/#organization"},"image":{"@id":"https:\/\/www.strassenweb.de\/nachrichten\/es-gibt-niemanden-richtig-um-einen-mantel-zu-stylen-warum-nate-berkus-mich-dazu-gebracht-hat-meine-kamin-display-vollstaendig-zu-ueberdenken\/#primaryimage"},"thumbnailUrl":"https:\/\/www.strassenweb.de\/nachrichten\/wp-content\/uploads\/2025\/03\/ApUkmBQDY7hztwtkTrcM35.png","keywords":["Berkus","dazu","Display","einen","gebracht","gibt","hat","Kamin","Mantel","meine","mich","Nate","niemanden","richtig","Stylen","\u00fcberdenken","vollst\u00e4ndig","warum"],"articleSection":["Haus &amp; Garten"],"inLanguage":"de"},{"@type":"WebPage","@id":"https:\/\/www.strassenweb.de\/nachrichten\/es-gibt-niemanden-richtig-um-einen-mantel-zu-stylen-warum-nate-berkus-mich-dazu-gebracht-hat-meine-kamin-display-vollstaendig-zu-ueberdenken\/","url":"https:\/\/www.strassenweb.de\/nachrichten\/es-gibt-niemanden-richtig-um-einen-mantel-zu-stylen-warum-nate-berkus-mich-dazu-gebracht-hat-meine-kamin-display-vollstaendig-zu-ueberdenken\/","name":"\"Es gibt niemanden richtig, um einen Mantel zu stylen\" - warum Nate Berkus mich dazu gebracht hat, meine Kamin -Display vollst\u00e4ndig zu \u00fcberdenken - Nachrichten - Stra\u00dfenweb","isPartOf":{"@id":"https:\/\/www.strassenweb.de\/nachrichten\/#website"},"primaryImageOfPage":{"@id":"https:\/\/www.strassenweb.de\/nachrichten\/es-gibt-niemanden-richtig-um-einen-mantel-zu-stylen-warum-nate-berkus-mich-dazu-gebracht-hat-meine-kamin-display-vollstaendig-zu-ueberdenken\/#primaryimage"},"image":{"@id":"https:\/\/www.strassenweb.de\/nachrichten\/es-gibt-niemanden-richtig-um-einen-mantel-zu-stylen-warum-nate-berkus-mich-dazu-gebracht-hat-meine-kamin-display-vollstaendig-zu-ueberdenken\/#primaryimage"},"thumbnailUrl":"https:\/\/www.strassenweb.de\/nachrichten\/wp-content\/uploads\/2025\/03\/ApUkmBQDY7hztwtkTrcM35.png","datePublished":"2025-09-11T11:40:09+00:00","dateModified":"2025-09-11T11:40:10+00:00","breadcrumb":{"@id":"https:\/\/www.strassenweb.de\/nachrichten\/es-gibt-niemanden-richtig-um-einen-mantel-zu-stylen-warum-nate-berkus-mich-dazu-gebracht-hat-meine-kamin-display-vollstaendig-zu-ueberdenken\/#breadcrumb"},"inLanguage":"de","potentialAction":[{"@type":"ReadAction","target":["https:\/\/www.strassenweb.de\/nachrichten\/es-gibt-niemanden-richtig-um-einen-mantel-zu-stylen-warum-nate-berkus-mich-dazu-gebracht-hat-meine-kamin-display-vollstaendig-zu-ueberdenken\/"]}]},{"@type":"ImageObject","inLanguage":"de","@id":"https:\/\/www.strassenweb.de\/nachrichten\/es-gibt-niemanden-richtig-um-einen-mantel-zu-stylen-warum-nate-berkus-mich-dazu-gebracht-hat-meine-kamin-display-vollstaendig-zu-ueberdenken\/#primaryimage","url":"https:\/\/www.strassenweb.de\/nachrichten\/wp-content\/uploads\/2025\/03\/ApUkmBQDY7hztwtkTrcM35.png","contentUrl":"https:\/\/www.strassenweb.de\/nachrichten\/wp-content\/uploads\/2025\/03\/ApUkmBQDY7hztwtkTrcM35.png","width":1600,"height":900,"caption":"Nate Berkus"},{"@type":"BreadcrumbList","@id":"https:\/\/www.strassenweb.de\/nachrichten\/es-gibt-niemanden-richtig-um-einen-mantel-zu-stylen-warum-nate-berkus-mich-dazu-gebracht-hat-meine-kamin-display-vollstaendig-zu-ueberdenken\/#breadcrumb","itemListElement":[{"@type":"ListItem","position":1,"name":"Home","item":"https:\/\/www.strassenweb.de\/nachrichten\/"},{"@type":"ListItem","position":2,"name":"&#8222;Es gibt niemanden richtig, um einen Mantel zu stylen&#8220; &#8211; warum Nate Berkus mich dazu gebracht hat, meine Kamin -Display vollst\u00e4ndig zu \u00fcberdenken"}]},{"@type":"WebSite","@id":"https:\/\/www.strassenweb.de\/nachrichten\/#website","url":"https:\/\/www.strassenweb.de\/nachrichten\/","name":"Stra\u00dfenweb","description":"Stra\u00dfenverzeichnis f\u00fcr Deutschland","publisher":{"@id":"https:\/\/www.strassenweb.de\/nachrichten\/#organization"},"potentialAction":[{"@type":"SearchAction","target":{"@type":"EntryPoint","urlTemplate":"https:\/\/www.strassenweb.de\/nachrichten\/?s={search_term_string}"},"query-input":{"@type":"PropertyValueSpecification","valueRequired":true,"valueName":"search_term_string"}}],"inLanguage":"de"},{"@type":"Organization","@id":"https:\/\/www.strassenweb.de\/nachrichten\/#organization","name":"Stra\u00dfenweb","url":"https:\/\/www.strassenweb.de\/nachrichten\/","logo":{"@type":"ImageObject","inLanguage":"de","@id":"https:\/\/www.strassenweb.de\/nachrichten\/#\/schema\/logo\/image\/","url":"https:\/\/www.strassenweb.de\/nachrichten\/wp-content\/uploads\/2024\/09\/cropped-favicon.png","contentUrl":"https:\/\/www.strassenweb.de\/nachrichten\/wp-content\/uploads\/2024\/09\/cropped-favicon.png","width":512,"height":512,"caption":"Stra\u00dfenweb"},"image":{"@id":"https:\/\/www.strassenweb.de\/nachrichten\/#\/schema\/logo\/image\/"},"sameAs":["https:\/\/www.facebook.com\/strassenweb\/"]},{"@type":"Person","@id":"https:\/\/www.strassenweb.de\/nachrichten\/#\/schema\/person\/87c9c9067f1211da429a744dc5a5aa41","name":"Robert Hoffmann","image":{"@type":"ImageObject","inLanguage":"de","@id":"https:\/\/www.strassenweb.de\/nachrichten\/wp-content\/uploads\/2024\/09\/strassenweb-150x150.jpg","url":"https:\/\/www.strassenweb.de\/nachrichten\/wp-content\/uploads\/2024\/09\/strassenweb-150x150.jpg","contentUrl":"https:\/\/www.strassenweb.de\/nachrichten\/wp-content\/uploads\/2024\/09\/strassenweb-150x150.jpg","caption":"Robert Hoffmann"},"description":"Ich hei\u00dfe Robert Hoffmann und ich bin ein leidenschaftlicher Verfechter von \u00d6kologie und Biodiversit\u00e4t. Seit meiner Kindheit in den W\u00e4ldern Bayerns f\u00fchle ich mich mit der Natur verbunden und bin entschlossen, sie zu sch\u00fctzen. Heute widme ich mein Leben der Sensibilisierung anderer f\u00fcr die Bedeutung des Umweltschutzes f\u00fcr zuk\u00fcnftige Generationen.","sameAs":["https:\/\/www.strassenweb.de\/"]}]}},"_links":{"self":[{"href":"https:\/\/www.strassenweb.de\/nachrichten\/wp-json\/wp\/v2\/posts\/7643","targetHints":{"allow":["GET"]}}],"collection":[{"href":"https:\/\/www.strassenweb.de\/nachrichten\/wp-json\/wp\/v2\/posts"}],"about":[{"href":"https:\/\/www.strassenweb.de\/nachrichten\/wp-json\/wp\/v2\/types\/post"}],"author":[{"embeddable":true,"href":"https:\/\/www.strassenweb.de\/nachrichten\/wp-json\/wp\/v2\/users\/1"}],"replies":[{"embeddable":true,"href":"https:\/\/www.strassenweb.de\/nachrichten\/wp-json\/wp\/v2\/comments?post=7643"}],"version-history":[{"count":0,"href":"https:\/\/www.strassenweb.de\/nachrichten\/wp-json\/wp\/v2\/posts\/7643\/revisions"}],"wp:featuredmedia":[{"embeddable":true,"href":"https:\/\/www.strassenweb.de\/nachrichten\/wp-json\/wp\/v2\/media\/5734"}],"wp:attachment":[{"href":"https:\/\/www.strassenweb.de\/nachrichten\/wp-json\/wp\/v2\/media?parent=7643"}],"wp:term":[{"taxonomy":"category","embeddable":true,"href":"https:\/\/www.strassenweb.de\/nachrichten\/wp-json\/wp\/v2\/categories?post=7643"},{"taxonomy":"post_tag","embeddable":true,"href":"https:\/\/www.strassenweb.de\/nachrichten\/wp-json\/wp\/v2\/tags?post=7643"}],"curies":[{"name":"wp","href":"https:\/\/api.w.org\/{rel}","templated":true}]}}