{"id":7634,"date":"2025-09-11T04:41:33","date_gmt":"2025-09-11T02:41:33","guid":{"rendered":"https:\/\/www.strassenweb.de\/nachrichten\/entschuldigung-aber-jane-lynchs-blaue-lampe-hat-sich-veraendert-wie-ich-meine-arbeitsplatten-endgueltig-beleuchtet-es-ist-muehelos-und-dauerhaft\/"},"modified":"2025-09-11T04:41:34","modified_gmt":"2025-09-11T02:41:34","slug":"entschuldigung-aber-jane-lynchs-blaue-lampe-hat-sich-veraendert-wie-ich-meine-arbeitsplatten-endgueltig-beleuchtet-es-ist-muehelos-und-dauerhaft","status":"publish","type":"post","link":"https:\/\/www.strassenweb.de\/nachrichten\/entschuldigung-aber-jane-lynchs-blaue-lampe-hat-sich-veraendert-wie-ich-meine-arbeitsplatten-endgueltig-beleuchtet-es-ist-muehelos-und-dauerhaft\/","title":{"rendered":"Entschuldigung, aber Jane Lynchs blaue Lampe hat sich ver\u00e4ndert, wie ich meine Arbeitsplatten endg\u00fcltig beleuchtet &#8211; es ist m\u00fchelos und dauerhaft"},"content":{"rendered":"<p><\/p>\n<div id=\"article-body\" class=\"article__body \">\n<p id=\"b8c311c7-0f77-4bbb-a574-dd4d7fefbd01\">Bestimmte Farbkombinationen wirken Wunder in der K\u00fcche, und Blau und Wei\u00df ist einer unserer Favoriten aller Zeiten. Sauberes, knuspriges Wei\u00df f\u00fcr sich ist sicherlich ansprechend, aber wenn ein \u00fcppiges Blau hinzugef\u00fcgt wird, wird ein Raum von diesem dynamischen Duo ver\u00e4ndert.<\/p>\n<div id=\"ad-unit-1\" class=\"ad-unit\"><\/div>\n<p>Nehmen Sie Jane Lynchs K\u00fcche mit einer wei\u00dfen Grundlage f\u00fcr Wandfarbe, Vorh\u00e4nge und Arbeitsplatten. Der Brennpunkt ist jedoch eine Aqua -Blue -Lampe mit einem akzentierenden wei\u00dfen Schatten, der das St\u00fcck mit dem Rest des Raumes verbindet.<\/p>\n<aside data-block-type=\"embed\" data-render-type=\"fte\" data-skip=\"dealsy\" data-widget-type=\"seasonal\" class=\"hawk-base\"><\/aside>\n<p id=\"b8c311c7-0f77-4bbb-a574-dd4d7fefbd01-2\">Die K\u00fcche ist ein starkes Argument f\u00fcr die Dekoration mit Blau und Wei\u00df, wobei der Blauwunder im ansonsten monochromen Raum arbeitet, und Designer sind sich einig, dass es sich um eine trendige, aber zeitlose Strategie handelt.<\/p>\n<div class=\"van_vid_carousel\">\n<div class=\"van_vid_carousel__padding\">\n<div class=\"van_vid_carousel__container\"><\/div>\n<\/div>\n<\/div>\n<div class=\"instagram-embed\" id=\"CncnC1gP5uE\">\n<blockquote class=\"instagram-media\" data-instgrm-captioned data-instgrm-version=\"6\" style=\"width:99.375%; width:-webkit-calc(100% - 2px); width:calc(100% - 2px);\">\n<p>Ein Beitrag, der von Jane Lynch (@janelynchofficial) geteilt wird<\/p>\n<p>Ein Foto von on <\/p>\n<\/blockquote>\n<\/div>\n<h3 class=\"article-body__section\" id=\"section-shop-the-blue-and-white-kitchen-look\"><span>Kaufen Sie den blauen und wei\u00dfen K\u00fcchenaussehen ein<\/span><\/h3>\n<div class=\"product-container hero-product-container product-block-no-wrap\">\n<div class=\"product-block-row\"><\/div>\n<div class=\"product-block-row\"><\/div>\n<div class=\"product-block-row\"><\/div>\n<\/div>\n<p id=\"86f2244e-5faa-4730-bd97-ed7626b05428\">Laut Experten ist Blue eine friedliche Farbauswahl, egal ob Sie sich f\u00fcr einen tiefen, dunklen Schatten oder einen helleren Farbton wie Jane entscheiden.<\/p>\n<div id=\"ad-unit-2\" class=\"ad-unit\"><\/div>\n<p>&#8222;Blue mit seinen ruhigen Untert\u00f6nen und dem vielseitigen Charme ist eine Farbe, die Ruhe und Eleganz in jeden Raum einl\u00e4dt&#8220;, erkl\u00e4rt Designerin Nina Lichtenstein. &#8222;Egal, ob Sie einen ruhigen R\u00fcckzug oder eine mutige Aussage schaffen m\u00f6chten, das Dekorieren mit Blue bietet endlose M\u00f6glichkeiten, einen Raum zu basteln, der sich sowohl zeitlos als auch zeitgem\u00e4\u00df anf\u00fchlt.&#8220;<\/p>\n<p>Nina sagt auch, dass die Blue -White -Farbkombination zum Teil dank ihrer Vielseitigkeit (sie ist ein Grundnahrungsmittel in Tonnen von \u00c4sthetik).<\/p>\n<p>&#8222;Das knusprige, saubere Aussehen von Blau und Wei\u00df ist zeitlos&#8220;, f\u00e4hrt sie fort. &#8222;Diese Kombination ist besonders beliebt in den K\u00fcsten- oder Bauernhausstilen, wo der Kontrast zwischen Blau und Wei\u00df die Frische des Meeres oder des Himmels hervorruft.&#8220;<\/p>\n<div id=\"slice-container-newsletterForm-articleInbodyContent-ujgAuyWnwmW4EyG2XmfhzJ\" class=\"slice-container newsletter-inbodyContent-slice newsletterForm-articleInbodyContent-ujgAuyWnwmW4EyG2XmfhzJ slice-container-newsletterForm\"><\/div>\n<div class=\"min-h-(270px) mb-4 viafoura-twig-component\" id=\"viafoura-engagement-starter-wrapper\" data-component-name=\"Elk:Embed:EngagementStarter\">\n<div class=\"viafoura\">\n<div>\n<vf-conversation-starter target=\"viafoura-comments\" title=\"How would you style a blue and white kitchen?\" description=\"Do you prefer blue accessories and white paint, or vice versa?\" minimum-comment-count=\"1\"><br \/>\n<\/vf-conversation-starter>\n<\/div>\n<\/div>\n<\/div>\n<hr id=\"26a46766-bbf6-4d3c-9492-6441ffe68050\">\n<\/div>\n<p><script async src=\"\/\/www.instagram.com\/embed.js\"><\/script><\/p>\n","protected":false},"excerpt":{"rendered":"<p>Bestimmte Farbkombinationen wirken Wunder in der K\u00fcche, und Blau und Wei\u00df ist einer unserer Favoriten aller Zeiten. Sauberes, knuspriges Wei\u00df f\u00fcr sich ist sicherlich ansprechend,<\/p>\n","protected":false},"author":1,"featured_media":7635,"comment_status":"closed","ping_status":"","sticky":false,"template":"","format":"standard","meta":{"footnotes":""},"categories":[118],"tags":[357,7170,3727,1318,3176,8144,8543,189,129,15,9087,9335,10065,1054,1909,142,37,837,26],"class_list":["post-7634","post","type-post","status-publish","format-standard","has-post-thumbnail","hentry","category-haus-garten","tag-aber","tag-arbeitsplatten","tag-beleuchtet","tag-blaue","tag-dauerhaft","tag-endgueltig","tag-entschuldigung","tag-hat","tag-ich","tag-ist","tag-jane","tag-lampe","tag-lynchs","tag-meine","tag-muehelos","tag-sich","tag-und","tag-veraendert","tag-wie","generate-columns","tablet-grid-50","mobile-grid-100","grid-parent","grid-50"],"yoast_head":"<!-- This site is optimized with the Yoast SEO plugin v27.3 - https:\/\/yoast.com\/product\/yoast-seo-wordpress\/ -->\n<title>Entschuldigung, aber Jane Lynchs blaue Lampe hat sich ver\u00e4ndert, wie ich meine Arbeitsplatten endg\u00fcltig beleuchtet - es ist m\u00fchelos und dauerhaft - Nachrichten - Stra\u00dfenweb<\/title>\n<meta name=\"robots\" content=\"index, follow, max-snippet:-1, max-image-preview:large, max-video-preview:-1\" \/>\n<link rel=\"canonical\" href=\"https:\/\/www.strassenweb.de\/nachrichten\/entschuldigung-aber-jane-lynchs-blaue-lampe-hat-sich-veraendert-wie-ich-meine-arbeitsplatten-endgueltig-beleuchtet-es-ist-muehelos-und-dauerhaft\/\" \/>\n<meta property=\"og:locale\" content=\"de_DE\" \/>\n<meta property=\"og:type\" content=\"article\" \/>\n<meta property=\"og:title\" content=\"Entschuldigung, aber Jane Lynchs blaue Lampe hat sich ver\u00e4ndert, wie ich meine Arbeitsplatten endg\u00fcltig beleuchtet - es ist m\u00fchelos und dauerhaft - Nachrichten - Stra\u00dfenweb\" \/>\n<meta property=\"og:description\" content=\"Bestimmte Farbkombinationen wirken Wunder in der K\u00fcche, und Blau und Wei\u00df ist einer unserer Favoriten aller Zeiten. Sauberes, knuspriges Wei\u00df f\u00fcr sich ist sicherlich ansprechend,\" \/>\n<meta property=\"og:url\" content=\"https:\/\/www.strassenweb.de\/nachrichten\/entschuldigung-aber-jane-lynchs-blaue-lampe-hat-sich-veraendert-wie-ich-meine-arbeitsplatten-endgueltig-beleuchtet-es-ist-muehelos-und-dauerhaft\/\" \/>\n<meta property=\"og:site_name\" content=\"Stra\u00dfenweb\" \/>\n<meta property=\"article:publisher\" content=\"https:\/\/www.facebook.com\/strassenweb\/\" \/>\n<meta property=\"article:published_time\" content=\"2025-09-11T02:41:33+00:00\" \/>\n<meta property=\"article:modified_time\" content=\"2025-09-11T02:41:34+00:00\" \/>\n<meta property=\"og:image\" content=\"https:\/\/www.strassenweb.de\/nachrichten\/wp-content\/uploads\/2025\/09\/Entschuldigung-aber-Jane-Lynchs-blaue-Lampe-hat-sich-veraendert-wie.jpg\" \/>\n\t<meta property=\"og:image:width\" content=\"1600\" \/>\n\t<meta property=\"og:image:height\" content=\"900\" \/>\n\t<meta property=\"og:image:type\" content=\"image\/jpeg\" \/>\n<meta name=\"author\" content=\"Robert Hoffmann\" \/>\n<meta name=\"twitter:card\" content=\"summary_large_image\" \/>\n<meta name=\"twitter:label1\" content=\"Verfasst von\" \/>\n\t<meta name=\"twitter:data1\" content=\"Robert Hoffmann\" \/>\n\t<meta name=\"twitter:label2\" content=\"Gesch\u00e4tzte Lesezeit\" \/>\n\t<meta name=\"twitter:data2\" content=\"1\u00a0Minute\" \/>\n<script type=\"application\/ld+json\" class=\"yoast-schema-graph\">{\"@context\":\"https:\\\/\\\/schema.org\",\"@graph\":[{\"@type\":\"Article\",\"@id\":\"https:\\\/\\\/www.strassenweb.de\\\/nachrichten\\\/entschuldigung-aber-jane-lynchs-blaue-lampe-hat-sich-veraendert-wie-ich-meine-arbeitsplatten-endgueltig-beleuchtet-es-ist-muehelos-und-dauerhaft\\\/#article\",\"isPartOf\":{\"@id\":\"https:\\\/\\\/www.strassenweb.de\\\/nachrichten\\\/entschuldigung-aber-jane-lynchs-blaue-lampe-hat-sich-veraendert-wie-ich-meine-arbeitsplatten-endgueltig-beleuchtet-es-ist-muehelos-und-dauerhaft\\\/\"},\"author\":{\"name\":\"Robert Hoffmann\",\"@id\":\"https:\\\/\\\/www.strassenweb.de\\\/nachrichten\\\/#\\\/schema\\\/person\\\/87c9c9067f1211da429a744dc5a5aa41\"},\"headline\":\"Entschuldigung, aber Jane Lynchs blaue Lampe hat sich ver\u00e4ndert, wie ich meine Arbeitsplatten endg\u00fcltig beleuchtet &#8211; es ist m\u00fchelos und dauerhaft\",\"datePublished\":\"2025-09-11T02:41:33+00:00\",\"dateModified\":\"2025-09-11T02:41:34+00:00\",\"mainEntityOfPage\":{\"@id\":\"https:\\\/\\\/www.strassenweb.de\\\/nachrichten\\\/entschuldigung-aber-jane-lynchs-blaue-lampe-hat-sich-veraendert-wie-ich-meine-arbeitsplatten-endgueltig-beleuchtet-es-ist-muehelos-und-dauerhaft\\\/\"},\"wordCount\":318,\"publisher\":{\"@id\":\"https:\\\/\\\/www.strassenweb.de\\\/nachrichten\\\/#organization\"},\"image\":{\"@id\":\"https:\\\/\\\/www.strassenweb.de\\\/nachrichten\\\/entschuldigung-aber-jane-lynchs-blaue-lampe-hat-sich-veraendert-wie-ich-meine-arbeitsplatten-endgueltig-beleuchtet-es-ist-muehelos-und-dauerhaft\\\/#primaryimage\"},\"thumbnailUrl\":\"https:\\\/\\\/www.strassenweb.de\\\/nachrichten\\\/wp-content\\\/uploads\\\/2025\\\/09\\\/Entschuldigung-aber-Jane-Lynchs-blaue-Lampe-hat-sich-veraendert-wie.jpg\",\"keywords\":[\"aber\",\"Arbeitsplatten\",\"beleuchtet\",\"blaue\",\"dauerhaft\",\"endg\u00fcltig\",\"Entschuldigung\",\"hat\",\"ich\",\"ist\",\"Jane\",\"Lampe\",\"Lynchs\",\"meine\",\"m\u00fchelos\",\"sich\",\"und\",\"ver\u00e4ndert\",\"Wie\"],\"articleSection\":[\"Haus &amp; Garten\"],\"inLanguage\":\"de\"},{\"@type\":\"WebPage\",\"@id\":\"https:\\\/\\\/www.strassenweb.de\\\/nachrichten\\\/entschuldigung-aber-jane-lynchs-blaue-lampe-hat-sich-veraendert-wie-ich-meine-arbeitsplatten-endgueltig-beleuchtet-es-ist-muehelos-und-dauerhaft\\\/\",\"url\":\"https:\\\/\\\/www.strassenweb.de\\\/nachrichten\\\/entschuldigung-aber-jane-lynchs-blaue-lampe-hat-sich-veraendert-wie-ich-meine-arbeitsplatten-endgueltig-beleuchtet-es-ist-muehelos-und-dauerhaft\\\/\",\"name\":\"Entschuldigung, aber Jane Lynchs blaue Lampe hat sich ver\u00e4ndert, wie ich meine Arbeitsplatten endg\u00fcltig beleuchtet - es ist m\u00fchelos und dauerhaft - Nachrichten - Stra\u00dfenweb\",\"isPartOf\":{\"@id\":\"https:\\\/\\\/www.strassenweb.de\\\/nachrichten\\\/#website\"},\"primaryImageOfPage\":{\"@id\":\"https:\\\/\\\/www.strassenweb.de\\\/nachrichten\\\/entschuldigung-aber-jane-lynchs-blaue-lampe-hat-sich-veraendert-wie-ich-meine-arbeitsplatten-endgueltig-beleuchtet-es-ist-muehelos-und-dauerhaft\\\/#primaryimage\"},\"image\":{\"@id\":\"https:\\\/\\\/www.strassenweb.de\\\/nachrichten\\\/entschuldigung-aber-jane-lynchs-blaue-lampe-hat-sich-veraendert-wie-ich-meine-arbeitsplatten-endgueltig-beleuchtet-es-ist-muehelos-und-dauerhaft\\\/#primaryimage\"},\"thumbnailUrl\":\"https:\\\/\\\/www.strassenweb.de\\\/nachrichten\\\/wp-content\\\/uploads\\\/2025\\\/09\\\/Entschuldigung-aber-Jane-Lynchs-blaue-Lampe-hat-sich-veraendert-wie.jpg\",\"datePublished\":\"2025-09-11T02:41:33+00:00\",\"dateModified\":\"2025-09-11T02:41:34+00:00\",\"breadcrumb\":{\"@id\":\"https:\\\/\\\/www.strassenweb.de\\\/nachrichten\\\/entschuldigung-aber-jane-lynchs-blaue-lampe-hat-sich-veraendert-wie-ich-meine-arbeitsplatten-endgueltig-beleuchtet-es-ist-muehelos-und-dauerhaft\\\/#breadcrumb\"},\"inLanguage\":\"de\",\"potentialAction\":[{\"@type\":\"ReadAction\",\"target\":[\"https:\\\/\\\/www.strassenweb.de\\\/nachrichten\\\/entschuldigung-aber-jane-lynchs-blaue-lampe-hat-sich-veraendert-wie-ich-meine-arbeitsplatten-endgueltig-beleuchtet-es-ist-muehelos-und-dauerhaft\\\/\"]}]},{\"@type\":\"ImageObject\",\"inLanguage\":\"de\",\"@id\":\"https:\\\/\\\/www.strassenweb.de\\\/nachrichten\\\/entschuldigung-aber-jane-lynchs-blaue-lampe-hat-sich-veraendert-wie-ich-meine-arbeitsplatten-endgueltig-beleuchtet-es-ist-muehelos-und-dauerhaft\\\/#primaryimage\",\"url\":\"https:\\\/\\\/www.strassenweb.de\\\/nachrichten\\\/wp-content\\\/uploads\\\/2025\\\/09\\\/Entschuldigung-aber-Jane-Lynchs-blaue-Lampe-hat-sich-veraendert-wie.jpg\",\"contentUrl\":\"https:\\\/\\\/www.strassenweb.de\\\/nachrichten\\\/wp-content\\\/uploads\\\/2025\\\/09\\\/Entschuldigung-aber-Jane-Lynchs-blaue-Lampe-hat-sich-veraendert-wie.jpg\",\"width\":1600,\"height\":900,\"caption\":\"Jane Lynch\"},{\"@type\":\"BreadcrumbList\",\"@id\":\"https:\\\/\\\/www.strassenweb.de\\\/nachrichten\\\/entschuldigung-aber-jane-lynchs-blaue-lampe-hat-sich-veraendert-wie-ich-meine-arbeitsplatten-endgueltig-beleuchtet-es-ist-muehelos-und-dauerhaft\\\/#breadcrumb\",\"itemListElement\":[{\"@type\":\"ListItem\",\"position\":1,\"name\":\"Home\",\"item\":\"https:\\\/\\\/www.strassenweb.de\\\/nachrichten\\\/\"},{\"@type\":\"ListItem\",\"position\":2,\"name\":\"Entschuldigung, aber Jane Lynchs blaue Lampe hat sich ver\u00e4ndert, wie ich meine Arbeitsplatten endg\u00fcltig beleuchtet &#8211; es ist m\u00fchelos und dauerhaft\"}]},{\"@type\":\"WebSite\",\"@id\":\"https:\\\/\\\/www.strassenweb.de\\\/nachrichten\\\/#website\",\"url\":\"https:\\\/\\\/www.strassenweb.de\\\/nachrichten\\\/\",\"name\":\"Stra\u00dfenweb\",\"description\":\"Stra\u00dfenverzeichnis f\u00fcr Deutschland\",\"publisher\":{\"@id\":\"https:\\\/\\\/www.strassenweb.de\\\/nachrichten\\\/#organization\"},\"potentialAction\":[{\"@type\":\"SearchAction\",\"target\":{\"@type\":\"EntryPoint\",\"urlTemplate\":\"https:\\\/\\\/www.strassenweb.de\\\/nachrichten\\\/?s={search_term_string}\"},\"query-input\":{\"@type\":\"PropertyValueSpecification\",\"valueRequired\":true,\"valueName\":\"search_term_string\"}}],\"inLanguage\":\"de\"},{\"@type\":\"Organization\",\"@id\":\"https:\\\/\\\/www.strassenweb.de\\\/nachrichten\\\/#organization\",\"name\":\"Stra\u00dfenweb\",\"url\":\"https:\\\/\\\/www.strassenweb.de\\\/nachrichten\\\/\",\"logo\":{\"@type\":\"ImageObject\",\"inLanguage\":\"de\",\"@id\":\"https:\\\/\\\/www.strassenweb.de\\\/nachrichten\\\/#\\\/schema\\\/logo\\\/image\\\/\",\"url\":\"https:\\\/\\\/www.strassenweb.de\\\/nachrichten\\\/wp-content\\\/uploads\\\/2024\\\/09\\\/cropped-favicon.png\",\"contentUrl\":\"https:\\\/\\\/www.strassenweb.de\\\/nachrichten\\\/wp-content\\\/uploads\\\/2024\\\/09\\\/cropped-favicon.png\",\"width\":512,\"height\":512,\"caption\":\"Stra\u00dfenweb\"},\"image\":{\"@id\":\"https:\\\/\\\/www.strassenweb.de\\\/nachrichten\\\/#\\\/schema\\\/logo\\\/image\\\/\"},\"sameAs\":[\"https:\\\/\\\/www.facebook.com\\\/strassenweb\\\/\"]},{\"@type\":\"Person\",\"@id\":\"https:\\\/\\\/www.strassenweb.de\\\/nachrichten\\\/#\\\/schema\\\/person\\\/87c9c9067f1211da429a744dc5a5aa41\",\"name\":\"Robert Hoffmann\",\"image\":{\"@type\":\"ImageObject\",\"inLanguage\":\"de\",\"@id\":\"https:\\\/\\\/www.strassenweb.de\\\/nachrichten\\\/wp-content\\\/uploads\\\/2024\\\/09\\\/strassenweb-150x150.jpg\",\"url\":\"https:\\\/\\\/www.strassenweb.de\\\/nachrichten\\\/wp-content\\\/uploads\\\/2024\\\/09\\\/strassenweb-150x150.jpg\",\"contentUrl\":\"https:\\\/\\\/www.strassenweb.de\\\/nachrichten\\\/wp-content\\\/uploads\\\/2024\\\/09\\\/strassenweb-150x150.jpg\",\"caption\":\"Robert Hoffmann\"},\"description\":\"Ich hei\u00dfe Robert Hoffmann und ich bin ein leidenschaftlicher Verfechter von \u00d6kologie und Biodiversit\u00e4t. Seit meiner Kindheit in den W\u00e4ldern Bayerns f\u00fchle ich mich mit der Natur verbunden und bin entschlossen, sie zu sch\u00fctzen. Heute widme ich mein Leben der Sensibilisierung anderer f\u00fcr die Bedeutung des Umweltschutzes f\u00fcr zuk\u00fcnftige Generationen.\",\"sameAs\":[\"https:\\\/\\\/www.strassenweb.de\\\/\"]}]}<\/script>\n<!-- \/ Yoast SEO plugin. -->","yoast_head_json":{"title":"Entschuldigung, aber Jane Lynchs blaue Lampe hat sich ver\u00e4ndert, wie ich meine Arbeitsplatten endg\u00fcltig beleuchtet - es ist m\u00fchelos und dauerhaft - Nachrichten - Stra\u00dfenweb","robots":{"index":"index","follow":"follow","max-snippet":"max-snippet:-1","max-image-preview":"max-image-preview:large","max-video-preview":"max-video-preview:-1"},"canonical":"https:\/\/www.strassenweb.de\/nachrichten\/entschuldigung-aber-jane-lynchs-blaue-lampe-hat-sich-veraendert-wie-ich-meine-arbeitsplatten-endgueltig-beleuchtet-es-ist-muehelos-und-dauerhaft\/","og_locale":"de_DE","og_type":"article","og_title":"Entschuldigung, aber Jane Lynchs blaue Lampe hat sich ver\u00e4ndert, wie ich meine Arbeitsplatten endg\u00fcltig beleuchtet - es ist m\u00fchelos und dauerhaft - Nachrichten - Stra\u00dfenweb","og_description":"Bestimmte Farbkombinationen wirken Wunder in der K\u00fcche, und Blau und Wei\u00df ist einer unserer Favoriten aller Zeiten. Sauberes, knuspriges Wei\u00df f\u00fcr sich ist sicherlich ansprechend,","og_url":"https:\/\/www.strassenweb.de\/nachrichten\/entschuldigung-aber-jane-lynchs-blaue-lampe-hat-sich-veraendert-wie-ich-meine-arbeitsplatten-endgueltig-beleuchtet-es-ist-muehelos-und-dauerhaft\/","og_site_name":"Stra\u00dfenweb","article_publisher":"https:\/\/www.facebook.com\/strassenweb\/","article_published_time":"2025-09-11T02:41:33+00:00","article_modified_time":"2025-09-11T02:41:34+00:00","og_image":[{"width":1600,"height":900,"url":"https:\/\/www.strassenweb.de\/nachrichten\/wp-content\/uploads\/2025\/09\/Entschuldigung-aber-Jane-Lynchs-blaue-Lampe-hat-sich-veraendert-wie.jpg","type":"image\/jpeg"}],"author":"Robert Hoffmann","twitter_card":"summary_large_image","twitter_misc":{"Verfasst von":"Robert Hoffmann","Gesch\u00e4tzte Lesezeit":"1\u00a0Minute"},"schema":{"@context":"https:\/\/schema.org","@graph":[{"@type":"Article","@id":"https:\/\/www.strassenweb.de\/nachrichten\/entschuldigung-aber-jane-lynchs-blaue-lampe-hat-sich-veraendert-wie-ich-meine-arbeitsplatten-endgueltig-beleuchtet-es-ist-muehelos-und-dauerhaft\/#article","isPartOf":{"@id":"https:\/\/www.strassenweb.de\/nachrichten\/entschuldigung-aber-jane-lynchs-blaue-lampe-hat-sich-veraendert-wie-ich-meine-arbeitsplatten-endgueltig-beleuchtet-es-ist-muehelos-und-dauerhaft\/"},"author":{"name":"Robert Hoffmann","@id":"https:\/\/www.strassenweb.de\/nachrichten\/#\/schema\/person\/87c9c9067f1211da429a744dc5a5aa41"},"headline":"Entschuldigung, aber Jane Lynchs blaue Lampe hat sich ver\u00e4ndert, wie ich meine Arbeitsplatten endg\u00fcltig beleuchtet &#8211; es ist m\u00fchelos und dauerhaft","datePublished":"2025-09-11T02:41:33+00:00","dateModified":"2025-09-11T02:41:34+00:00","mainEntityOfPage":{"@id":"https:\/\/www.strassenweb.de\/nachrichten\/entschuldigung-aber-jane-lynchs-blaue-lampe-hat-sich-veraendert-wie-ich-meine-arbeitsplatten-endgueltig-beleuchtet-es-ist-muehelos-und-dauerhaft\/"},"wordCount":318,"publisher":{"@id":"https:\/\/www.strassenweb.de\/nachrichten\/#organization"},"image":{"@id":"https:\/\/www.strassenweb.de\/nachrichten\/entschuldigung-aber-jane-lynchs-blaue-lampe-hat-sich-veraendert-wie-ich-meine-arbeitsplatten-endgueltig-beleuchtet-es-ist-muehelos-und-dauerhaft\/#primaryimage"},"thumbnailUrl":"https:\/\/www.strassenweb.de\/nachrichten\/wp-content\/uploads\/2025\/09\/Entschuldigung-aber-Jane-Lynchs-blaue-Lampe-hat-sich-veraendert-wie.jpg","keywords":["aber","Arbeitsplatten","beleuchtet","blaue","dauerhaft","endg\u00fcltig","Entschuldigung","hat","ich","ist","Jane","Lampe","Lynchs","meine","m\u00fchelos","sich","und","ver\u00e4ndert","Wie"],"articleSection":["Haus &amp; Garten"],"inLanguage":"de"},{"@type":"WebPage","@id":"https:\/\/www.strassenweb.de\/nachrichten\/entschuldigung-aber-jane-lynchs-blaue-lampe-hat-sich-veraendert-wie-ich-meine-arbeitsplatten-endgueltig-beleuchtet-es-ist-muehelos-und-dauerhaft\/","url":"https:\/\/www.strassenweb.de\/nachrichten\/entschuldigung-aber-jane-lynchs-blaue-lampe-hat-sich-veraendert-wie-ich-meine-arbeitsplatten-endgueltig-beleuchtet-es-ist-muehelos-und-dauerhaft\/","name":"Entschuldigung, aber Jane Lynchs blaue Lampe hat sich ver\u00e4ndert, wie ich meine Arbeitsplatten endg\u00fcltig beleuchtet - es ist m\u00fchelos und dauerhaft - Nachrichten - Stra\u00dfenweb","isPartOf":{"@id":"https:\/\/www.strassenweb.de\/nachrichten\/#website"},"primaryImageOfPage":{"@id":"https:\/\/www.strassenweb.de\/nachrichten\/entschuldigung-aber-jane-lynchs-blaue-lampe-hat-sich-veraendert-wie-ich-meine-arbeitsplatten-endgueltig-beleuchtet-es-ist-muehelos-und-dauerhaft\/#primaryimage"},"image":{"@id":"https:\/\/www.strassenweb.de\/nachrichten\/entschuldigung-aber-jane-lynchs-blaue-lampe-hat-sich-veraendert-wie-ich-meine-arbeitsplatten-endgueltig-beleuchtet-es-ist-muehelos-und-dauerhaft\/#primaryimage"},"thumbnailUrl":"https:\/\/www.strassenweb.de\/nachrichten\/wp-content\/uploads\/2025\/09\/Entschuldigung-aber-Jane-Lynchs-blaue-Lampe-hat-sich-veraendert-wie.jpg","datePublished":"2025-09-11T02:41:33+00:00","dateModified":"2025-09-11T02:41:34+00:00","breadcrumb":{"@id":"https:\/\/www.strassenweb.de\/nachrichten\/entschuldigung-aber-jane-lynchs-blaue-lampe-hat-sich-veraendert-wie-ich-meine-arbeitsplatten-endgueltig-beleuchtet-es-ist-muehelos-und-dauerhaft\/#breadcrumb"},"inLanguage":"de","potentialAction":[{"@type":"ReadAction","target":["https:\/\/www.strassenweb.de\/nachrichten\/entschuldigung-aber-jane-lynchs-blaue-lampe-hat-sich-veraendert-wie-ich-meine-arbeitsplatten-endgueltig-beleuchtet-es-ist-muehelos-und-dauerhaft\/"]}]},{"@type":"ImageObject","inLanguage":"de","@id":"https:\/\/www.strassenweb.de\/nachrichten\/entschuldigung-aber-jane-lynchs-blaue-lampe-hat-sich-veraendert-wie-ich-meine-arbeitsplatten-endgueltig-beleuchtet-es-ist-muehelos-und-dauerhaft\/#primaryimage","url":"https:\/\/www.strassenweb.de\/nachrichten\/wp-content\/uploads\/2025\/09\/Entschuldigung-aber-Jane-Lynchs-blaue-Lampe-hat-sich-veraendert-wie.jpg","contentUrl":"https:\/\/www.strassenweb.de\/nachrichten\/wp-content\/uploads\/2025\/09\/Entschuldigung-aber-Jane-Lynchs-blaue-Lampe-hat-sich-veraendert-wie.jpg","width":1600,"height":900,"caption":"Jane Lynch"},{"@type":"BreadcrumbList","@id":"https:\/\/www.strassenweb.de\/nachrichten\/entschuldigung-aber-jane-lynchs-blaue-lampe-hat-sich-veraendert-wie-ich-meine-arbeitsplatten-endgueltig-beleuchtet-es-ist-muehelos-und-dauerhaft\/#breadcrumb","itemListElement":[{"@type":"ListItem","position":1,"name":"Home","item":"https:\/\/www.strassenweb.de\/nachrichten\/"},{"@type":"ListItem","position":2,"name":"Entschuldigung, aber Jane Lynchs blaue Lampe hat sich ver\u00e4ndert, wie ich meine Arbeitsplatten endg\u00fcltig beleuchtet &#8211; es ist m\u00fchelos und dauerhaft"}]},{"@type":"WebSite","@id":"https:\/\/www.strassenweb.de\/nachrichten\/#website","url":"https:\/\/www.strassenweb.de\/nachrichten\/","name":"Stra\u00dfenweb","description":"Stra\u00dfenverzeichnis f\u00fcr Deutschland","publisher":{"@id":"https:\/\/www.strassenweb.de\/nachrichten\/#organization"},"potentialAction":[{"@type":"SearchAction","target":{"@type":"EntryPoint","urlTemplate":"https:\/\/www.strassenweb.de\/nachrichten\/?s={search_term_string}"},"query-input":{"@type":"PropertyValueSpecification","valueRequired":true,"valueName":"search_term_string"}}],"inLanguage":"de"},{"@type":"Organization","@id":"https:\/\/www.strassenweb.de\/nachrichten\/#organization","name":"Stra\u00dfenweb","url":"https:\/\/www.strassenweb.de\/nachrichten\/","logo":{"@type":"ImageObject","inLanguage":"de","@id":"https:\/\/www.strassenweb.de\/nachrichten\/#\/schema\/logo\/image\/","url":"https:\/\/www.strassenweb.de\/nachrichten\/wp-content\/uploads\/2024\/09\/cropped-favicon.png","contentUrl":"https:\/\/www.strassenweb.de\/nachrichten\/wp-content\/uploads\/2024\/09\/cropped-favicon.png","width":512,"height":512,"caption":"Stra\u00dfenweb"},"image":{"@id":"https:\/\/www.strassenweb.de\/nachrichten\/#\/schema\/logo\/image\/"},"sameAs":["https:\/\/www.facebook.com\/strassenweb\/"]},{"@type":"Person","@id":"https:\/\/www.strassenweb.de\/nachrichten\/#\/schema\/person\/87c9c9067f1211da429a744dc5a5aa41","name":"Robert Hoffmann","image":{"@type":"ImageObject","inLanguage":"de","@id":"https:\/\/www.strassenweb.de\/nachrichten\/wp-content\/uploads\/2024\/09\/strassenweb-150x150.jpg","url":"https:\/\/www.strassenweb.de\/nachrichten\/wp-content\/uploads\/2024\/09\/strassenweb-150x150.jpg","contentUrl":"https:\/\/www.strassenweb.de\/nachrichten\/wp-content\/uploads\/2024\/09\/strassenweb-150x150.jpg","caption":"Robert Hoffmann"},"description":"Ich hei\u00dfe Robert Hoffmann und ich bin ein leidenschaftlicher Verfechter von \u00d6kologie und Biodiversit\u00e4t. Seit meiner Kindheit in den W\u00e4ldern Bayerns f\u00fchle ich mich mit der Natur verbunden und bin entschlossen, sie zu sch\u00fctzen. Heute widme ich mein Leben der Sensibilisierung anderer f\u00fcr die Bedeutung des Umweltschutzes f\u00fcr zuk\u00fcnftige Generationen.","sameAs":["https:\/\/www.strassenweb.de\/"]}]}},"_links":{"self":[{"href":"https:\/\/www.strassenweb.de\/nachrichten\/wp-json\/wp\/v2\/posts\/7634","targetHints":{"allow":["GET"]}}],"collection":[{"href":"https:\/\/www.strassenweb.de\/nachrichten\/wp-json\/wp\/v2\/posts"}],"about":[{"href":"https:\/\/www.strassenweb.de\/nachrichten\/wp-json\/wp\/v2\/types\/post"}],"author":[{"embeddable":true,"href":"https:\/\/www.strassenweb.de\/nachrichten\/wp-json\/wp\/v2\/users\/1"}],"replies":[{"embeddable":true,"href":"https:\/\/www.strassenweb.de\/nachrichten\/wp-json\/wp\/v2\/comments?post=7634"}],"version-history":[{"count":0,"href":"https:\/\/www.strassenweb.de\/nachrichten\/wp-json\/wp\/v2\/posts\/7634\/revisions"}],"wp:featuredmedia":[{"embeddable":true,"href":"https:\/\/www.strassenweb.de\/nachrichten\/wp-json\/wp\/v2\/media\/7635"}],"wp:attachment":[{"href":"https:\/\/www.strassenweb.de\/nachrichten\/wp-json\/wp\/v2\/media?parent=7634"}],"wp:term":[{"taxonomy":"category","embeddable":true,"href":"https:\/\/www.strassenweb.de\/nachrichten\/wp-json\/wp\/v2\/categories?post=7634"},{"taxonomy":"post_tag","embeddable":true,"href":"https:\/\/www.strassenweb.de\/nachrichten\/wp-json\/wp\/v2\/tags?post=7634"}],"curies":[{"name":"wp","href":"https:\/\/api.w.org\/{rel}","templated":true}]}}