{"id":7592,"date":"2025-09-09T08:39:31","date_gmt":"2025-09-09T06:39:31","guid":{"rendered":"https:\/\/www.strassenweb.de\/nachrichten\/beginnen-sie-in-ihrem-eigenen-garten\/"},"modified":"2025-09-09T08:39:32","modified_gmt":"2025-09-09T06:39:32","slug":"beginnen-sie-in-ihrem-eigenen-garten","status":"publish","type":"post","link":"https:\/\/www.strassenweb.de\/nachrichten\/beginnen-sie-in-ihrem-eigenen-garten\/","title":{"rendered":"Beginnen Sie in Ihrem eigenen Garten"},"content":{"rendered":"<h4 class=\"wp-block-heading\"><strong>Transformieren, wo wir mit radikalem gesunden Menschenverstand leben<\/strong><\/h4>\n<p><strong>Von Steve Nygren<\/strong><\/p>\n<p><strong>Matt Holt Books (im Verkauf: 7. Oktober 2025)<\/strong><\/p>\n<figure class=\"wp-block-image size-full is-resized\"><\/figure>\n<p>Was w\u00e4re, wenn die Antwort auf unsere gr\u00f6\u00dften Herausforderungen &#8211; Klimaangst, soziale Trennung, die k\u00f6rperliche Gesundheitskrise, die Epidemie der Fettleibigkeit, die wirtschaftliche Ungleichheit &#8211; in umfassende Politik oder weit entfernte Innovation, aber in unseren eigenen Hinterh\u00f6fen gefunden wurde?<\/p>\n<p>Steve Nygren ist der Gr\u00fcnder von Serenbe, der preisgekr\u00f6nten biophilen Gemeinschaft au\u00dferhalb von Atlanta, das zu einem globalen Modell f\u00fcr ein ganzheitliches, menschliches Leben geworden ist. Mit \u00fcber zwei Jahrzehnten Erfahrung verwandelt Nygren Nygren einen der innovativsten und umweltvertr\u00e4glichsten Viertel der Welt in eine der innovativsten und umweltvertr\u00e4glichen Viertel der Welt.<\/p>\n<p>In seinem bahnbrechenden neuen Buch <strong>Beginnen Sie in Ihrem eigenen Garten<\/strong>Nygren erz\u00e4hlt die Geschichte von Serenbe, aber was noch wichtiger ist, er bietet eine nachweisbare Roadmap f\u00fcr alle &#8211; Entwickler, B\u00fcrgerleiter, Eltern, sogar skeptische Vorst\u00e4dter -, die ein Leben und eine Gemeinschaft schaffen wollen, die ges\u00fcnder, verbundener und mehr mit der Natur ausgerichtet sind. W\u00e4hrend des gesamten Buches skizziert NYGREN Kernstrategien zur Wiederherstellung des Gleichgewichts in das moderne Leben, einschlie\u00dflich dessen: <\/p>\n<ul class=\"wp-block-list\">\n<li>Designpl\u00e4tze, an denen die Natur integriert ist, nicht entfernt<\/li>\n<li>Bauen Sie Nachbarschaften auf, die die menschliche Verbindung \u00fcber Generationen hinweg unterst\u00fctzen<\/li>\n<li>Wiedererlangen Sie die Freude an lokalem Essen, begehbaren Stra\u00dfen und zielgerichtetem Leben zur\u00fcck<\/li>\n<li>Verschieben Sie sich von der Verbreitung zu intelligenten, zusammengestellten Entwicklungen, die den Menschen und dem Planeten zugute kommen<\/li>\n<\/ul>\n<p>In einem Moment, in dem die Misserfolge der Vorstadt des 20. Jahrhunderts offensichtlicher als je zuvor sind, bietet Nygren etwas Seltenes: Hoffnung, das auf bew\u00e4hrte Praxis beruht. Serenbe ist ein lebendiger Beweis daf\u00fcr, dass diese Ideen funktionieren &#8211; und <strong>Beginnen Sie in Ihrem eigenen Garten<\/strong> Gibt den Lesern eine hoffnungsvolle, nachgewiesene Alternative zu den heutigen getrennten Mustern der Entwicklung und des Lebens und zeigt, dass eine sinnvolle Transformation nicht mit massiven Revolutionen beginnt &#8211; es beginnt mit Blaubeerb\u00fcschen, Veranden und dem Mut, sich etwas Besseres vorzustellen.<\/p>\n<p><em>&#8222;Wir m\u00fcssen nicht zwischen Fortschritt und Erhaltung entscheiden.&#8220;<\/em> sagt Nygren. <em>&#8222;Wir k\u00f6nnen Orte schaffen, an denen Menschen, Natur und Wohlstand zusammen gedeihen &#8211; es ist Zeit, in unseren eigenen Hinterh\u00f6fen zu beginnen.&#8220;<\/em><\/p>\n<p><strong>Vorab -Lob<\/strong><\/p>\n<p>&#8222;Dies ist eine au\u00dfergew\u00f6hnliche Geschichte des wahren Lebens mit Transformation mit weltweiten Auswirkungen.&#8220;<\/p>\n<p><strong>&#8211; Paul Hawken, Autor, Kohlenstoff<\/strong><\/p>\n<p><strong>\u00dcber den Autor:<\/strong><\/p>\n<p>Bedenken von Trends der schlechten menschlichen Gesundheit und einer verschlechterten Umgebung, <strong>Steve Nygren <\/strong>war auf einem Laufband und versuchte, Ver\u00e4nderungen zu bewirken, aber nirgendwo hin zu gehen. Er ergab sich der Hoffnungslosigkeit und zog sich auf den Rand von Atlanta auf die Landschaft zur\u00fcck, um seine Familie zu erziehen. Nach sieben Jahren des Ruhestands beim Gehen auf den Wegen erkannte er, dass die Tentakel der Dysfunktion sein l\u00e4ndliches Paradies zerst\u00f6ren konnten. Anstatt sich noch weiter zur\u00fcckzuziehen, startete er die Anstrengungen, um seinen eigenen Hinterhof zu retten, um die Bem\u00fchungen auf die umliegenden 40.000 Morgen zu erweitern, die heute ein lebendiges Labor f\u00fcr Ver\u00e4nderungen sind, um L\u00f6sungen anzubieten und Gemeinden auf der ganzen Welt zu hoffen, die neugierig auf eine bessere Zukunft sind.<\/p>\n","protected":false},"excerpt":{"rendered":"<p>Transformieren, wo wir mit radikalem gesunden Menschenverstand leben Von Steve Nygren Matt Holt Books (im Verkauf: 7. Oktober 2025) Was w\u00e4re, wenn die Antwort auf<\/p>\n","protected":false},"author":1,"featured_media":7593,"comment_status":"closed","ping_status":"","sticky":false,"template":"","format":"standard","meta":{"footnotes":""},"categories":[101],"tags":[3818,1703,320,534,165],"class_list":["post-7592","post","type-post","status-publish","format-standard","has-post-thumbnail","hentry","category-oekologie","tag-beginnen","tag-eigenen","tag-garten","tag-ihrem","tag-sie","generate-columns","tablet-grid-50","mobile-grid-100","grid-parent","grid-50"],"yoast_head":"<!-- This site is optimized with the Yoast SEO plugin v27.3 - https:\/\/yoast.com\/product\/yoast-seo-wordpress\/ -->\n<title>Beginnen Sie in Ihrem eigenen Garten - Nachrichten - Stra\u00dfenweb<\/title>\n<meta name=\"robots\" content=\"index, follow, max-snippet:-1, max-image-preview:large, max-video-preview:-1\" \/>\n<link rel=\"canonical\" href=\"https:\/\/www.strassenweb.de\/nachrichten\/beginnen-sie-in-ihrem-eigenen-garten\/\" \/>\n<meta property=\"og:locale\" content=\"de_DE\" \/>\n<meta property=\"og:type\" content=\"article\" \/>\n<meta property=\"og:title\" content=\"Beginnen Sie in Ihrem eigenen Garten - Nachrichten - Stra\u00dfenweb\" \/>\n<meta property=\"og:description\" content=\"Transformieren, wo wir mit radikalem gesunden Menschenverstand leben Von Steve Nygren Matt Holt Books (im Verkauf: 7. Oktober 2025) Was w\u00e4re, wenn die Antwort auf\" \/>\n<meta property=\"og:url\" content=\"https:\/\/www.strassenweb.de\/nachrichten\/beginnen-sie-in-ihrem-eigenen-garten\/\" \/>\n<meta property=\"og:site_name\" content=\"Stra\u00dfenweb\" \/>\n<meta property=\"article:publisher\" content=\"https:\/\/www.facebook.com\/strassenweb\/\" \/>\n<meta property=\"article:published_time\" content=\"2025-09-09T06:39:31+00:00\" \/>\n<meta property=\"article:modified_time\" content=\"2025-09-09T06:39:32+00:00\" \/>\n<meta property=\"og:image\" content=\"https:\/\/www.strassenweb.de\/nachrichten\/wp-content\/uploads\/2025\/09\/Beginnen-Sie-in-Ihrem-eigenen-Garten.png\" \/>\n\t<meta property=\"og:image:width\" content=\"636\" \/>\n\t<meta property=\"og:image:height\" content=\"954\" \/>\n\t<meta property=\"og:image:type\" content=\"image\/png\" \/>\n<meta name=\"author\" content=\"Robert Hoffmann\" \/>\n<meta name=\"twitter:card\" content=\"summary_large_image\" \/>\n<meta name=\"twitter:label1\" content=\"Verfasst von\" \/>\n\t<meta name=\"twitter:data1\" content=\"Robert Hoffmann\" \/>\n\t<meta name=\"twitter:label2\" content=\"Gesch\u00e4tzte Lesezeit\" \/>\n\t<meta name=\"twitter:data2\" content=\"3\u00a0Minuten\" \/>\n<script type=\"application\/ld+json\" class=\"yoast-schema-graph\">{\"@context\":\"https:\\\/\\\/schema.org\",\"@graph\":[{\"@type\":\"Article\",\"@id\":\"https:\\\/\\\/www.strassenweb.de\\\/nachrichten\\\/beginnen-sie-in-ihrem-eigenen-garten\\\/#article\",\"isPartOf\":{\"@id\":\"https:\\\/\\\/www.strassenweb.de\\\/nachrichten\\\/beginnen-sie-in-ihrem-eigenen-garten\\\/\"},\"author\":{\"name\":\"Robert Hoffmann\",\"@id\":\"https:\\\/\\\/www.strassenweb.de\\\/nachrichten\\\/#\\\/schema\\\/person\\\/87c9c9067f1211da429a744dc5a5aa41\"},\"headline\":\"Beginnen Sie in Ihrem eigenen Garten\",\"datePublished\":\"2025-09-09T06:39:31+00:00\",\"dateModified\":\"2025-09-09T06:39:32+00:00\",\"mainEntityOfPage\":{\"@id\":\"https:\\\/\\\/www.strassenweb.de\\\/nachrichten\\\/beginnen-sie-in-ihrem-eigenen-garten\\\/\"},\"wordCount\":534,\"publisher\":{\"@id\":\"https:\\\/\\\/www.strassenweb.de\\\/nachrichten\\\/#organization\"},\"image\":{\"@id\":\"https:\\\/\\\/www.strassenweb.de\\\/nachrichten\\\/beginnen-sie-in-ihrem-eigenen-garten\\\/#primaryimage\"},\"thumbnailUrl\":\"https:\\\/\\\/www.strassenweb.de\\\/nachrichten\\\/wp-content\\\/uploads\\\/2025\\\/09\\\/Beginnen-Sie-in-Ihrem-eigenen-Garten.png\",\"keywords\":[\"beginnen\",\"eigenen\",\"Garten\",\"ihrem\",\"Sie\"],\"articleSection\":[\"\u00d6kologie\"],\"inLanguage\":\"de\"},{\"@type\":\"WebPage\",\"@id\":\"https:\\\/\\\/www.strassenweb.de\\\/nachrichten\\\/beginnen-sie-in-ihrem-eigenen-garten\\\/\",\"url\":\"https:\\\/\\\/www.strassenweb.de\\\/nachrichten\\\/beginnen-sie-in-ihrem-eigenen-garten\\\/\",\"name\":\"Beginnen Sie in Ihrem eigenen Garten - Nachrichten - Stra\u00dfenweb\",\"isPartOf\":{\"@id\":\"https:\\\/\\\/www.strassenweb.de\\\/nachrichten\\\/#website\"},\"primaryImageOfPage\":{\"@id\":\"https:\\\/\\\/www.strassenweb.de\\\/nachrichten\\\/beginnen-sie-in-ihrem-eigenen-garten\\\/#primaryimage\"},\"image\":{\"@id\":\"https:\\\/\\\/www.strassenweb.de\\\/nachrichten\\\/beginnen-sie-in-ihrem-eigenen-garten\\\/#primaryimage\"},\"thumbnailUrl\":\"https:\\\/\\\/www.strassenweb.de\\\/nachrichten\\\/wp-content\\\/uploads\\\/2025\\\/09\\\/Beginnen-Sie-in-Ihrem-eigenen-Garten.png\",\"datePublished\":\"2025-09-09T06:39:31+00:00\",\"dateModified\":\"2025-09-09T06:39:32+00:00\",\"breadcrumb\":{\"@id\":\"https:\\\/\\\/www.strassenweb.de\\\/nachrichten\\\/beginnen-sie-in-ihrem-eigenen-garten\\\/#breadcrumb\"},\"inLanguage\":\"de\",\"potentialAction\":[{\"@type\":\"ReadAction\",\"target\":[\"https:\\\/\\\/www.strassenweb.de\\\/nachrichten\\\/beginnen-sie-in-ihrem-eigenen-garten\\\/\"]}]},{\"@type\":\"ImageObject\",\"inLanguage\":\"de\",\"@id\":\"https:\\\/\\\/www.strassenweb.de\\\/nachrichten\\\/beginnen-sie-in-ihrem-eigenen-garten\\\/#primaryimage\",\"url\":\"https:\\\/\\\/www.strassenweb.de\\\/nachrichten\\\/wp-content\\\/uploads\\\/2025\\\/09\\\/Beginnen-Sie-in-Ihrem-eigenen-Garten.png\",\"contentUrl\":\"https:\\\/\\\/www.strassenweb.de\\\/nachrichten\\\/wp-content\\\/uploads\\\/2025\\\/09\\\/Beginnen-Sie-in-Ihrem-eigenen-Garten.png\",\"width\":636,\"height\":954,\"caption\":\"Start In Your Own Backyard\"},{\"@type\":\"BreadcrumbList\",\"@id\":\"https:\\\/\\\/www.strassenweb.de\\\/nachrichten\\\/beginnen-sie-in-ihrem-eigenen-garten\\\/#breadcrumb\",\"itemListElement\":[{\"@type\":\"ListItem\",\"position\":1,\"name\":\"Home\",\"item\":\"https:\\\/\\\/www.strassenweb.de\\\/nachrichten\\\/\"},{\"@type\":\"ListItem\",\"position\":2,\"name\":\"Beginnen Sie in Ihrem eigenen Garten\"}]},{\"@type\":\"WebSite\",\"@id\":\"https:\\\/\\\/www.strassenweb.de\\\/nachrichten\\\/#website\",\"url\":\"https:\\\/\\\/www.strassenweb.de\\\/nachrichten\\\/\",\"name\":\"Stra\u00dfenweb\",\"description\":\"Stra\u00dfenverzeichnis f\u00fcr Deutschland\",\"publisher\":{\"@id\":\"https:\\\/\\\/www.strassenweb.de\\\/nachrichten\\\/#organization\"},\"potentialAction\":[{\"@type\":\"SearchAction\",\"target\":{\"@type\":\"EntryPoint\",\"urlTemplate\":\"https:\\\/\\\/www.strassenweb.de\\\/nachrichten\\\/?s={search_term_string}\"},\"query-input\":{\"@type\":\"PropertyValueSpecification\",\"valueRequired\":true,\"valueName\":\"search_term_string\"}}],\"inLanguage\":\"de\"},{\"@type\":\"Organization\",\"@id\":\"https:\\\/\\\/www.strassenweb.de\\\/nachrichten\\\/#organization\",\"name\":\"Stra\u00dfenweb\",\"url\":\"https:\\\/\\\/www.strassenweb.de\\\/nachrichten\\\/\",\"logo\":{\"@type\":\"ImageObject\",\"inLanguage\":\"de\",\"@id\":\"https:\\\/\\\/www.strassenweb.de\\\/nachrichten\\\/#\\\/schema\\\/logo\\\/image\\\/\",\"url\":\"https:\\\/\\\/www.strassenweb.de\\\/nachrichten\\\/wp-content\\\/uploads\\\/2024\\\/09\\\/cropped-favicon.png\",\"contentUrl\":\"https:\\\/\\\/www.strassenweb.de\\\/nachrichten\\\/wp-content\\\/uploads\\\/2024\\\/09\\\/cropped-favicon.png\",\"width\":512,\"height\":512,\"caption\":\"Stra\u00dfenweb\"},\"image\":{\"@id\":\"https:\\\/\\\/www.strassenweb.de\\\/nachrichten\\\/#\\\/schema\\\/logo\\\/image\\\/\"},\"sameAs\":[\"https:\\\/\\\/www.facebook.com\\\/strassenweb\\\/\"]},{\"@type\":\"Person\",\"@id\":\"https:\\\/\\\/www.strassenweb.de\\\/nachrichten\\\/#\\\/schema\\\/person\\\/87c9c9067f1211da429a744dc5a5aa41\",\"name\":\"Robert Hoffmann\",\"image\":{\"@type\":\"ImageObject\",\"inLanguage\":\"de\",\"@id\":\"https:\\\/\\\/www.strassenweb.de\\\/nachrichten\\\/wp-content\\\/uploads\\\/2024\\\/09\\\/strassenweb-150x150.jpg\",\"url\":\"https:\\\/\\\/www.strassenweb.de\\\/nachrichten\\\/wp-content\\\/uploads\\\/2024\\\/09\\\/strassenweb-150x150.jpg\",\"contentUrl\":\"https:\\\/\\\/www.strassenweb.de\\\/nachrichten\\\/wp-content\\\/uploads\\\/2024\\\/09\\\/strassenweb-150x150.jpg\",\"caption\":\"Robert Hoffmann\"},\"description\":\"Ich hei\u00dfe Robert Hoffmann und ich bin ein leidenschaftlicher Verfechter von \u00d6kologie und Biodiversit\u00e4t. Seit meiner Kindheit in den W\u00e4ldern Bayerns f\u00fchle ich mich mit der Natur verbunden und bin entschlossen, sie zu sch\u00fctzen. Heute widme ich mein Leben der Sensibilisierung anderer f\u00fcr die Bedeutung des Umweltschutzes f\u00fcr zuk\u00fcnftige Generationen.\",\"sameAs\":[\"https:\\\/\\\/www.strassenweb.de\\\/\"]}]}<\/script>\n<!-- \/ Yoast SEO plugin. -->","yoast_head_json":{"title":"Beginnen Sie in Ihrem eigenen Garten - Nachrichten - Stra\u00dfenweb","robots":{"index":"index","follow":"follow","max-snippet":"max-snippet:-1","max-image-preview":"max-image-preview:large","max-video-preview":"max-video-preview:-1"},"canonical":"https:\/\/www.strassenweb.de\/nachrichten\/beginnen-sie-in-ihrem-eigenen-garten\/","og_locale":"de_DE","og_type":"article","og_title":"Beginnen Sie in Ihrem eigenen Garten - Nachrichten - Stra\u00dfenweb","og_description":"Transformieren, wo wir mit radikalem gesunden Menschenverstand leben Von Steve Nygren Matt Holt Books (im Verkauf: 7. Oktober 2025) Was w\u00e4re, wenn die Antwort auf","og_url":"https:\/\/www.strassenweb.de\/nachrichten\/beginnen-sie-in-ihrem-eigenen-garten\/","og_site_name":"Stra\u00dfenweb","article_publisher":"https:\/\/www.facebook.com\/strassenweb\/","article_published_time":"2025-09-09T06:39:31+00:00","article_modified_time":"2025-09-09T06:39:32+00:00","og_image":[{"width":636,"height":954,"url":"https:\/\/www.strassenweb.de\/nachrichten\/wp-content\/uploads\/2025\/09\/Beginnen-Sie-in-Ihrem-eigenen-Garten.png","type":"image\/png"}],"author":"Robert Hoffmann","twitter_card":"summary_large_image","twitter_misc":{"Verfasst von":"Robert Hoffmann","Gesch\u00e4tzte Lesezeit":"3\u00a0Minuten"},"schema":{"@context":"https:\/\/schema.org","@graph":[{"@type":"Article","@id":"https:\/\/www.strassenweb.de\/nachrichten\/beginnen-sie-in-ihrem-eigenen-garten\/#article","isPartOf":{"@id":"https:\/\/www.strassenweb.de\/nachrichten\/beginnen-sie-in-ihrem-eigenen-garten\/"},"author":{"name":"Robert Hoffmann","@id":"https:\/\/www.strassenweb.de\/nachrichten\/#\/schema\/person\/87c9c9067f1211da429a744dc5a5aa41"},"headline":"Beginnen Sie in Ihrem eigenen Garten","datePublished":"2025-09-09T06:39:31+00:00","dateModified":"2025-09-09T06:39:32+00:00","mainEntityOfPage":{"@id":"https:\/\/www.strassenweb.de\/nachrichten\/beginnen-sie-in-ihrem-eigenen-garten\/"},"wordCount":534,"publisher":{"@id":"https:\/\/www.strassenweb.de\/nachrichten\/#organization"},"image":{"@id":"https:\/\/www.strassenweb.de\/nachrichten\/beginnen-sie-in-ihrem-eigenen-garten\/#primaryimage"},"thumbnailUrl":"https:\/\/www.strassenweb.de\/nachrichten\/wp-content\/uploads\/2025\/09\/Beginnen-Sie-in-Ihrem-eigenen-Garten.png","keywords":["beginnen","eigenen","Garten","ihrem","Sie"],"articleSection":["\u00d6kologie"],"inLanguage":"de"},{"@type":"WebPage","@id":"https:\/\/www.strassenweb.de\/nachrichten\/beginnen-sie-in-ihrem-eigenen-garten\/","url":"https:\/\/www.strassenweb.de\/nachrichten\/beginnen-sie-in-ihrem-eigenen-garten\/","name":"Beginnen Sie in Ihrem eigenen Garten - Nachrichten - Stra\u00dfenweb","isPartOf":{"@id":"https:\/\/www.strassenweb.de\/nachrichten\/#website"},"primaryImageOfPage":{"@id":"https:\/\/www.strassenweb.de\/nachrichten\/beginnen-sie-in-ihrem-eigenen-garten\/#primaryimage"},"image":{"@id":"https:\/\/www.strassenweb.de\/nachrichten\/beginnen-sie-in-ihrem-eigenen-garten\/#primaryimage"},"thumbnailUrl":"https:\/\/www.strassenweb.de\/nachrichten\/wp-content\/uploads\/2025\/09\/Beginnen-Sie-in-Ihrem-eigenen-Garten.png","datePublished":"2025-09-09T06:39:31+00:00","dateModified":"2025-09-09T06:39:32+00:00","breadcrumb":{"@id":"https:\/\/www.strassenweb.de\/nachrichten\/beginnen-sie-in-ihrem-eigenen-garten\/#breadcrumb"},"inLanguage":"de","potentialAction":[{"@type":"ReadAction","target":["https:\/\/www.strassenweb.de\/nachrichten\/beginnen-sie-in-ihrem-eigenen-garten\/"]}]},{"@type":"ImageObject","inLanguage":"de","@id":"https:\/\/www.strassenweb.de\/nachrichten\/beginnen-sie-in-ihrem-eigenen-garten\/#primaryimage","url":"https:\/\/www.strassenweb.de\/nachrichten\/wp-content\/uploads\/2025\/09\/Beginnen-Sie-in-Ihrem-eigenen-Garten.png","contentUrl":"https:\/\/www.strassenweb.de\/nachrichten\/wp-content\/uploads\/2025\/09\/Beginnen-Sie-in-Ihrem-eigenen-Garten.png","width":636,"height":954,"caption":"Start In Your Own Backyard"},{"@type":"BreadcrumbList","@id":"https:\/\/www.strassenweb.de\/nachrichten\/beginnen-sie-in-ihrem-eigenen-garten\/#breadcrumb","itemListElement":[{"@type":"ListItem","position":1,"name":"Home","item":"https:\/\/www.strassenweb.de\/nachrichten\/"},{"@type":"ListItem","position":2,"name":"Beginnen Sie in Ihrem eigenen Garten"}]},{"@type":"WebSite","@id":"https:\/\/www.strassenweb.de\/nachrichten\/#website","url":"https:\/\/www.strassenweb.de\/nachrichten\/","name":"Stra\u00dfenweb","description":"Stra\u00dfenverzeichnis f\u00fcr Deutschland","publisher":{"@id":"https:\/\/www.strassenweb.de\/nachrichten\/#organization"},"potentialAction":[{"@type":"SearchAction","target":{"@type":"EntryPoint","urlTemplate":"https:\/\/www.strassenweb.de\/nachrichten\/?s={search_term_string}"},"query-input":{"@type":"PropertyValueSpecification","valueRequired":true,"valueName":"search_term_string"}}],"inLanguage":"de"},{"@type":"Organization","@id":"https:\/\/www.strassenweb.de\/nachrichten\/#organization","name":"Stra\u00dfenweb","url":"https:\/\/www.strassenweb.de\/nachrichten\/","logo":{"@type":"ImageObject","inLanguage":"de","@id":"https:\/\/www.strassenweb.de\/nachrichten\/#\/schema\/logo\/image\/","url":"https:\/\/www.strassenweb.de\/nachrichten\/wp-content\/uploads\/2024\/09\/cropped-favicon.png","contentUrl":"https:\/\/www.strassenweb.de\/nachrichten\/wp-content\/uploads\/2024\/09\/cropped-favicon.png","width":512,"height":512,"caption":"Stra\u00dfenweb"},"image":{"@id":"https:\/\/www.strassenweb.de\/nachrichten\/#\/schema\/logo\/image\/"},"sameAs":["https:\/\/www.facebook.com\/strassenweb\/"]},{"@type":"Person","@id":"https:\/\/www.strassenweb.de\/nachrichten\/#\/schema\/person\/87c9c9067f1211da429a744dc5a5aa41","name":"Robert Hoffmann","image":{"@type":"ImageObject","inLanguage":"de","@id":"https:\/\/www.strassenweb.de\/nachrichten\/wp-content\/uploads\/2024\/09\/strassenweb-150x150.jpg","url":"https:\/\/www.strassenweb.de\/nachrichten\/wp-content\/uploads\/2024\/09\/strassenweb-150x150.jpg","contentUrl":"https:\/\/www.strassenweb.de\/nachrichten\/wp-content\/uploads\/2024\/09\/strassenweb-150x150.jpg","caption":"Robert Hoffmann"},"description":"Ich hei\u00dfe Robert Hoffmann und ich bin ein leidenschaftlicher Verfechter von \u00d6kologie und Biodiversit\u00e4t. Seit meiner Kindheit in den W\u00e4ldern Bayerns f\u00fchle ich mich mit der Natur verbunden und bin entschlossen, sie zu sch\u00fctzen. Heute widme ich mein Leben der Sensibilisierung anderer f\u00fcr die Bedeutung des Umweltschutzes f\u00fcr zuk\u00fcnftige Generationen.","sameAs":["https:\/\/www.strassenweb.de\/"]}]}},"_links":{"self":[{"href":"https:\/\/www.strassenweb.de\/nachrichten\/wp-json\/wp\/v2\/posts\/7592","targetHints":{"allow":["GET"]}}],"collection":[{"href":"https:\/\/www.strassenweb.de\/nachrichten\/wp-json\/wp\/v2\/posts"}],"about":[{"href":"https:\/\/www.strassenweb.de\/nachrichten\/wp-json\/wp\/v2\/types\/post"}],"author":[{"embeddable":true,"href":"https:\/\/www.strassenweb.de\/nachrichten\/wp-json\/wp\/v2\/users\/1"}],"replies":[{"embeddable":true,"href":"https:\/\/www.strassenweb.de\/nachrichten\/wp-json\/wp\/v2\/comments?post=7592"}],"version-history":[{"count":0,"href":"https:\/\/www.strassenweb.de\/nachrichten\/wp-json\/wp\/v2\/posts\/7592\/revisions"}],"wp:featuredmedia":[{"embeddable":true,"href":"https:\/\/www.strassenweb.de\/nachrichten\/wp-json\/wp\/v2\/media\/7593"}],"wp:attachment":[{"href":"https:\/\/www.strassenweb.de\/nachrichten\/wp-json\/wp\/v2\/media?parent=7592"}],"wp:term":[{"taxonomy":"category","embeddable":true,"href":"https:\/\/www.strassenweb.de\/nachrichten\/wp-json\/wp\/v2\/categories?post=7592"},{"taxonomy":"post_tag","embeddable":true,"href":"https:\/\/www.strassenweb.de\/nachrichten\/wp-json\/wp\/v2\/tags?post=7592"}],"curies":[{"name":"wp","href":"https:\/\/api.w.org\/{rel}","templated":true}]}}