{"id":759,"date":"2024-10-09T14:48:47","date_gmt":"2024-10-09T12:48:47","guid":{"rendered":"https:\/\/www.strassenweb.de\/nachrichten\/ich-leide-unter-chronischen-schmerzen-und-verwende-seit-15-jahren-heizkissen-um-zu-hause-bei-kaltem-wetter-zurechtzukommen-das-beste-das-ich-je-verwendet-habe-ist-fuer-den-letzten-angebot\/"},"modified":"2024-10-09T14:48:48","modified_gmt":"2024-10-09T12:48:48","slug":"ich-leide-unter-chronischen-schmerzen-und-verwende-seit-15-jahren-heizkissen-um-zu-hause-bei-kaltem-wetter-zurechtzukommen-das-beste-das-ich-je-verwendet-habe-ist-fuer-den-letzten-angebot","status":"publish","type":"post","link":"https:\/\/www.strassenweb.de\/nachrichten\/ich-leide-unter-chronischen-schmerzen-und-verwende-seit-15-jahren-heizkissen-um-zu-hause-bei-kaltem-wetter-zurechtzukommen-das-beste-das-ich-je-verwendet-habe-ist-fuer-den-letzten-angebot\/","title":{"rendered":"Ich leide unter chronischen Schmerzen und verwende seit 15 Jahren Heizkissen, um zu Hause bei kaltem Wetter zurechtzukommen \u2013 das Beste, das ich je verwendet habe, ist f\u00fcr den letzten Angebotstag von Amazon Prime im Angebot"},"content":{"rendered":"<div id=\"article-body\" class=\"article__body \">\n<p>Ich leide aufgrund mehrerer Erkrankungen unter starken chronischen Schmerzen, und trotz der starken Medikamente, die ich t\u00e4glich einnehme, gibt es in meinem Haus einen Gegenstand, der mir besonders bei kaltem Wetter eine gro\u00dfe Hilfe bei der Schmerzkontrolle leistet: mein elektrisches Heizkissen.<\/p>\n<div id=\"ad-unit-1\" class=\"ad-unit\"><\/div>\n<p>Ich habe einen im Wohnzimmer, einen anderen in meinem Arbeitszimmer und einen dritten neben meinem Bett angeschlossen. Ich verwende es auf meinem Bauch gegen meine schwere Endometriose und zur Linderung der Schmerzen aufgrund der Verrenkungen, mit denen ich aufgrund der hypermobilen Ehlers-Danlos-Erkrankung, einer Bindegewebserkrankung, t\u00e4glich lebe.<\/p>\n<aside class=\"hawk-nest\" data-render-type=\"fte\" data-skip=\"dealsy\" data-widget-type=\"seasonal\"><\/aside>\n<p>F\u00fcr den Amazon Prime Day, der jetzt seinen letzten Tag erreicht, werden viele elektrische W\u00e4rmekissen angeboten. Hier ist also, was ich \u00fcber die Auswahl der besten W\u00e4rmekissen gelernt habe, nachdem ich in den letzten 15 Jahren mindestens 30 davon gekauft habe, und mein Favorit: das w\u00e4hrend der Big Deal Days-Veranstaltung von Amazon zum Verkauf steht.<\/p>\n<div id=\"desktop-in-article\" class=\"in-article ad-unit\">\n<div id=\"desktop-taboola-mid-article\"><\/div>\n<\/div>\n<div id=\"mobile-in-article\" class=\"in-article ad-unit\">\n<div id=\"mobile-taboola-mid-article\"><\/div>\n<\/div>\n<h3 class=\"article-body__section\" id=\"section-what-to-look-for-in-a-great-electrical-heating-pad\"><span>Worauf Sie bei einem guten elektrischen Heizkissen achten sollten<\/span><\/h3>\n<figure class=\"van-image-figure inline-layout \" data-bordeaux-image-check>\n<div class=\"image-full-width-wrapper\">\n<div class=\"image-widthsetter\" style=\"max-width:2000px;\"><\/div>\n<\/div>\n<\/figure>\n<p>Da ich Heizkissen an mehreren Stellen im Haus aufbewahre (sowie im B\u00fcro, bevor ich angefangen habe, von zu Hause aus zu arbeiten), habe ich in den letzten 15 Jahren mindestens 30 davon gekauft. Alle meine elektrischen Heizkissen stammen von Amazon und ich habe viel dar\u00fcber gelernt, was ein gutes Heizkissen ausmacht.<\/p>\n<div class=\"van_vid_carousel\">\n<div class=\"van_vid_carousel__padding\">\n<div class=\"van_vid_carousel__container\"><\/div>\n<\/div>\n<\/div>\n<p>Erstens Vielseitigkeit. Sie m\u00f6chten eines ausw\u00e4hlen, das \u00fcber mindestens sechs Heizstufen verf\u00fcgt. Die Schmerz- und Hitzeschwelle ist bei jedem anders und kann sich im Laufe der Zeit oder mit dem Wetter \u00e4ndern. Entscheiden Sie sich also nicht f\u00fcr eine Drei-Stufen-Grenze. Du wirst dich nur einschr\u00e4nken.<\/p>\n<div id=\"ad-unit-2\" class=\"ad-unit\"><\/div>\n<p>Stellen Sie dann sicher, dass es aus Sicherheitsgr\u00fcnden \u00fcber eine automatische Abschaltfunktion und Timer-Optionen verf\u00fcgt, die mindestens 120-min\u00fctige L\u00e4ufe erm\u00f6glichen, damit Sie sich so lange wie m\u00f6glich wohl f\u00fchlen. Wenn ich ein Heizkissen mit einer k\u00fcrzeren maximalen Laufzeit habe, stelle ich fest, dass es sich schnell ausschaltet, ich gerade arbeite oder mich entspanne, und meine Schmerzen beginnen im Hintergrund zu steigen, ohne dass ich wei\u00df, warum \u2013 dass die Heizung ausgefallen ist.<\/p>\n<p>Die gute Nachricht ist, dass sie sich normalerweise ziemlich schnell aufw\u00e4rmen, n\u00e4mlich in etwa f\u00fcnf Minuten.<\/p>\n<p>Mein allerliebstes elektrisches Heizkissen-Design ist gerade zum Amazon Prime Day im Angebot und wenn ich jemals ein neues brauche, ist dieser Stil der erste, nach dem ich in den Angeboten suche.<\/p>\n<p>Elektrische Heizkissen sind eine tolle Erg\u00e4nzung Ihrer Winterausr\u00fcstung und sorgen daf\u00fcr, dass Sie sich weniger Gedanken dar\u00fcber machen m\u00fcssen, ob Ihr Haus den ganzen Tag warm bleibt, sondern dass Sie sich einfach in dem Bereich, in dem Sie sitzen, warm halten.<\/p>\n<p>Was ich \u00fcber Heizkissen aus meiner langj\u00e4hrigen Nutzung noch wissen sollte, ist, dass es zwar einige gibt, die f\u00fcr weniger als 15 US-Dollar im Angebot sind, diese Pads jedoch dazu neigen, entweder nicht so hei\u00df zu werden, wie ich m\u00f6chte, der Stecker kaputt geht oder sie aus anderen Gr\u00fcnden innerhalb von sechs Monaten nicht mehr funktionieren . Man bekommt, wof\u00fcr man bezahlt, und normalerweise kaufe ich Heizkissen f\u00fcr 25\u201335 US-Dollar, und sie halten.<\/p>\n<p>Mit dem Design, das ich oben ausgew\u00e4hlt habe, funktionieren diese meiner Erfahrung nach normalerweise mindestens 18 Monate bis zwei Jahre lang perfekt, und das gilt, wenn ich sie zwischen September und Mai etwa 6 bis 12 Stunden am Tag und von Juni bis Juni mit Unterbrechungen verwende. August. Das ist viel n\u00fctzlicher als der Durchschnittsmensch, sodass Ihr Ger\u00e4t wahrscheinlich mindestens ein paar Jahre ohne Probleme laufen wird.<\/p>\n<div id=\"slice-container-imageGallery-rS2iBiDmhSn3yiHfzgAgKh-9\" class=\"slice-container imageGallery-wrapper imageGallery-rS2iBiDmhSn3yiHfzgAgKh-9 slice-container-imageGallery\">\n<div data-hydrate=\"true\" class=\"inline-gallery first-slide-only\">\n<div class=\"inline-gallery__count\">Bild <!-- -->1<!-- --> von <!-- -->3<\/div>\n<div class=\"inline-gallery__arrows show\">\n<div class=\"arrows__arrows-inner\">\n<div data-testid=\"arrow-click-left\" class=\"arrows__left disable\" data-analytics-id=\"gallery-see-more\"><svg xmlns=\"http:\/\/www.w3.org\/2000\/svg\" viewbox=\"0 0 32 32\" width=\"32\" height=\"32\"><path d=\"M4.2 0l25.6 16.011L4.2 32V0z\"><\/path><\/svg><\/div>\n<div data-testid=\"arrow-click-right\" class=\"arrows__right \" data-analytics-id=\"gallery-see-more\"><svg xmlns=\"http:\/\/www.w3.org\/2000\/svg\" viewbox=\"0 0 32 32\" width=\"32\" height=\"32\"><path d=\"M4.2 0l25.6 16.011L4.2 32V0z\"><\/path><\/svg><\/div>\n<\/div>\n<\/div>\n<div style=\"overflow-x:hidden\" class=\"inline-gallery__items\">\n<div style=\"-webkit-flex-direction:row;flex-direction:row;-webkit-transition:all 0s ease 0s;transition:all 0s ease 0s;-webkit-transform:translate(0%, 0);transform:translate(0%, 0);direction:ltr;display:flex;will-change:transform\" class=\"react-swipeable-view-container\">\n<div style=\"width:100%;-webkit-flex-shrink:0;flex-shrink:0;overflow:auto\" aria-hidden=\"false\" data-swipeable=\"true\">\n<div class=\"items__item\">\n<div class=\"item__image-cont\">\n<div class=\"image-cont__image\">\n<figure class=\"image-wrapped__wrapper\" data-bordeaux-image-check=\"false\">\n<div class=\"image-wrapped__widthsetter\" style=\"max-width:2000px\">\n<div class=\"image-wrapped__aspect-padding\" style=\"padding-bottom:120%\">\n<div style=\"display:contents\"><picture data-hydrate=\"true\"><source class=\"image-wrapped__image image__image\" type=\"image\/webp\"   data-normal=\"https:\/\/vanilla.futurecdn.net\/cyclingnews\/media\/img\/missing-image.svg\" data-original-mos=\"https:\/\/www.strassenweb.de\/nachrichten\/wp-content\/uploads\/2024\/10\/CLDua2CLk58XmrpGFQDzi8.jpg\" data-pin-media=\"https:\/\/www.strassenweb.de\/nachrichten\/wp-content\/uploads\/2024\/10\/CLDua2CLk58XmrpGFQDzi8.jpg\" data-pin-nopin=\"true\" data-slice-image=\"true\"><\/source><source class=\"image-wrapped__image image__image\" type=\"image\/jpeg\"   data-normal=\"https:\/\/vanilla.futurecdn.net\/cyclingnews\/media\/img\/missing-image.svg\" data-original-mos=\"https:\/\/www.strassenweb.de\/nachrichten\/wp-content\/uploads\/2024\/10\/CLDua2CLk58XmrpGFQDzi8.jpg\" data-pin-media=\"https:\/\/www.strassenweb.de\/nachrichten\/wp-content\/uploads\/2024\/10\/CLDua2CLk58XmrpGFQDzi8.jpg\" data-pin-nopin=\"true\" data-slice-image=\"true\"><\/source><\/picture><\/div>\n<\/div>\n<\/div>\n<\/figure>\n<\/div>\n<p><button class=\"image-cont__expand\" data-testid=\"expandButton\" data-analytics-id=\"gallery-expand-image\"><svg xmlns=\"http:\/\/www.w3.org\/2000\/svg\" width=\"32\" height=\"32\" viewbox=\"0 0 32 32\"><path d=\"M31.557 12.067L31.773 0 19.791.213l.05 3.216 6.225-.115-7.347 7.39 2.422 2.434 7.34-7.382-.108 6.213 3.184.098zM.215 19.903L0 31.97l11.984-.213-.05-3.217-6.225.113 7.348-7.388-2.42-2.436-7.34 7.383L3.402 20l-3.187-.098zM20.004 31.704L32 32.001l-.293-12.059-3.195.03.154 6.263-7.396-7.44-2.407 2.42 7.389 7.43-6.174-.148-.074 3.207zM12.213.33L.22.034l.293 12.059 3.195-.032-.152-6.26 7.394 7.438 2.404-2.418L5.967 3.39l6.174.15.072-3.209z\"><\/path><\/svg><\/button><\/div>\n<div class=\"item__description\"><\/div>\n<\/div>\n<\/div>\n<div style=\"width:100%;-webkit-flex-shrink:0;flex-shrink:0;overflow:auto\" aria-hidden=\"true\" data-swipeable=\"true\">\n<div class=\"items__item\">\n<div class=\"item__image-cont\">\n<div class=\"image-cont__image\">\n<figure class=\"image-wrapped__wrapper\" data-bordeaux-image-check=\"false\">\n<div class=\"image-wrapped__widthsetter\" style=\"max-width:2000px\">\n<div class=\"image-wrapped__aspect-padding\" style=\"padding-bottom:120%\">\n<div style=\"display:contents\"><picture data-hydrate=\"true\"><source class=\"image-wrapped__image image__image\" type=\"image\/webp\"   data-normal=\"https:\/\/vanilla.futurecdn.net\/cyclingnews\/media\/img\/missing-image.svg\" data-original-mos=\"https:\/\/www.strassenweb.de\/nachrichten\/wp-content\/uploads\/2024\/10\/mbhMs3ADc9KLLvj2WmgFj8.jpg\" data-pin-media=\"https:\/\/www.strassenweb.de\/nachrichten\/wp-content\/uploads\/2024\/10\/mbhMs3ADc9KLLvj2WmgFj8.jpg\" data-pin-nopin=\"true\" data-slice-image=\"true\"><\/source><source class=\"image-wrapped__image image__image\" type=\"image\/jpeg\"   data-normal=\"https:\/\/vanilla.futurecdn.net\/cyclingnews\/media\/img\/missing-image.svg\" data-original-mos=\"https:\/\/www.strassenweb.de\/nachrichten\/wp-content\/uploads\/2024\/10\/mbhMs3ADc9KLLvj2WmgFj8.jpg\" data-pin-media=\"https:\/\/www.strassenweb.de\/nachrichten\/wp-content\/uploads\/2024\/10\/mbhMs3ADc9KLLvj2WmgFj8.jpg\" data-pin-nopin=\"true\" data-slice-image=\"true\"><\/source><img decoding=\"async\" alt=\"Mein graues Heizkissen auf meinem hellgr\u00fcnen Mesh-B\u00fcrostuhl in einem terrakottafarbenen Arbeitszimmer mit blauer Sideboard-Bobby-Lampe und wei\u00dfen Fensterl\u00e4den im Hintergrund\"  class=\"image-wrapped__image image__image\" loading=\"lazy\" data-normal=\"https:\/\/vanilla.futurecdn.net\/cyclingnews\/media\/img\/missing-image.svg\" src=\"https:\/\/www.strassenweb.de\/nachrichten\/wp-content\/uploads\/2024\/10\/mbhMs3ADc9KLLvj2WmgFj8.jpg\" data-pin-media=\"https:\/\/www.strassenweb.de\/nachrichten\/wp-content\/uploads\/2024\/10\/mbhMs3ADc9KLLvj2WmgFj8.jpg\" data-pin-nopin=\"true\" data-slice-image=\"true\"><\/picture><\/div>\n<\/div>\n<\/div>\n<\/figure>\n<\/div>\n<p><button class=\"image-cont__expand\" data-testid=\"expandButton\" data-analytics-id=\"gallery-expand-image\"><svg xmlns=\"http:\/\/www.w3.org\/2000\/svg\" width=\"32\" height=\"32\" viewbox=\"0 0 32 32\"><path d=\"M31.557 12.067L31.773 0 19.791.213l.05 3.216 6.225-.115-7.347 7.39 2.422 2.434 7.34-7.382-.108 6.213 3.184.098zM.215 19.903L0 31.97l11.984-.213-.05-3.217-6.225.113 7.348-7.388-2.42-2.436-7.34 7.383L3.402 20l-3.187-.098zM20.004 31.704L32 32.001l-.293-12.059-3.195.03.154 6.263-7.396-7.44-2.407 2.42 7.389 7.43-6.174-.148-.074 3.207zM12.213.33L.22.034l.293 12.059 3.195-.032-.152-6.26 7.394 7.438 2.404-2.418L5.967 3.39l6.174.15.072-3.209z\"><\/path><\/svg><\/button><\/div>\n<div class=\"item__description\"><\/div>\n<\/div>\n<\/div>\n<div style=\"width:100%;-webkit-flex-shrink:0;flex-shrink:0;overflow:auto\" aria-hidden=\"true\" data-swipeable=\"true\">\n<div class=\"items__item\">\n<div class=\"item__image-cont\">\n<div class=\"image-cont__image\">\n<figure class=\"image-wrapped__wrapper\" data-bordeaux-image-check=\"false\">\n<div class=\"image-wrapped__widthsetter\" style=\"max-width:2000px\">\n<div class=\"image-wrapped__aspect-padding\" style=\"padding-bottom:120%\">\n<div style=\"display:contents\"><picture data-hydrate=\"true\"><source class=\"image-wrapped__image image__image\" type=\"image\/webp\"   data-normal=\"https:\/\/vanilla.futurecdn.net\/cyclingnews\/media\/img\/missing-image.svg\" data-original-mos=\"https:\/\/www.strassenweb.de\/nachrichten\/wp-content\/uploads\/2024\/10\/WJYt8YdM5HN6xEPgewtjq8.jpg\" data-pin-media=\"https:\/\/www.strassenweb.de\/nachrichten\/wp-content\/uploads\/2024\/10\/WJYt8YdM5HN6xEPgewtjq8.jpg\" data-pin-nopin=\"true\" data-slice-image=\"true\"><\/source><source class=\"image-wrapped__image image__image\" type=\"image\/jpeg\"   data-normal=\"https:\/\/vanilla.futurecdn.net\/cyclingnews\/media\/img\/missing-image.svg\" data-original-mos=\"https:\/\/www.strassenweb.de\/nachrichten\/wp-content\/uploads\/2024\/10\/WJYt8YdM5HN6xEPgewtjq8.jpg\" data-pin-media=\"https:\/\/www.strassenweb.de\/nachrichten\/wp-content\/uploads\/2024\/10\/WJYt8YdM5HN6xEPgewtjq8.jpg\" data-pin-nopin=\"true\" data-slice-image=\"true\"><\/source><img decoding=\"async\" alt=\"Ein cremefarbenes Heizkissen auf meinem Bett mit dunkelblauer Blumendecke und get\u00e4feltem, gepolstertem, cremefarbenem, hohem Kopfteil\"  class=\"image-wrapped__image image__image\" loading=\"lazy\" data-normal=\"https:\/\/vanilla.futurecdn.net\/cyclingnews\/media\/img\/missing-image.svg\" src=\"https:\/\/www.strassenweb.de\/nachrichten\/wp-content\/uploads\/2024\/10\/WJYt8YdM5HN6xEPgewtjq8.jpg\" data-pin-media=\"https:\/\/www.strassenweb.de\/nachrichten\/wp-content\/uploads\/2024\/10\/WJYt8YdM5HN6xEPgewtjq8.jpg\" data-pin-nopin=\"true\" data-slice-image=\"true\"><\/picture><\/div>\n<\/div>\n<\/div>\n<\/figure>\n<\/div>\n<p><button class=\"image-cont__expand\" data-testid=\"expandButton\" data-analytics-id=\"gallery-expand-image\"><svg xmlns=\"http:\/\/www.w3.org\/2000\/svg\" width=\"32\" height=\"32\" viewbox=\"0 0 32 32\"><path d=\"M31.557 12.067L31.773 0 19.791.213l.05 3.216 6.225-.115-7.347 7.39 2.422 2.434 7.34-7.382-.108 6.213 3.184.098zM.215 19.903L0 31.97l11.984-.213-.05-3.217-6.225.113 7.348-7.388-2.42-2.436-7.34 7.383L3.402 20l-3.187-.098zM20.004 31.704L32 32.001l-.293-12.059-3.195.03.154 6.263-7.396-7.44-2.407 2.42 7.389 7.43-6.174-.148-.074 3.207zM12.213.33L.22.034l.293 12.059 3.195-.032-.152-6.26 7.394 7.438 2.404-2.418L5.967 3.39l6.174.15.072-3.209z\"><\/path><\/svg><\/button><\/div>\n<div class=\"item__description\"><\/div>\n<\/div>\n<\/div>\n<\/div>\n<\/div>\n<\/div>\n<\/div>\n<p>Au\u00dferdem sind sie g\u00fcnstig im Betrieb und ich habe noch nie eine gro\u00dfe Ver\u00e4nderung meiner Energierechnungen gesp\u00fcrt. Es gibt andere M\u00f6glichkeiten, Ihre Heizkosten zu senken. Sparen Sie also nicht an dem Komfort, den Ihnen ein gutes Heizkissen bietet.<\/p>\n<p>Achten Sie einfach auf Reinigungstipps, die Sie online daf\u00fcr finden. W\u00e4hrend sich manche von der Verkabelung l\u00f6sen und gewaschen werden k\u00f6nnen, w\u00fcrde ich das nie empfehlen, da ich Leute kenne, die waschbare gekauft haben und ihre am Ende trotzdem in der Waschmaschine kaputt gemacht haben.<\/p>\n<p>Stattdessen verwende ich ein feuchtes Tuch und etwas Dawn Dish Soap, erh\u00e4ltlich bei Amazon in einer praktischen Mehrfachpackung, und wische damit alle ben\u00f6tigten Stellen ab. Dann schalte ich es ein und es trocknet von selbst. Reinigen Sie Ihr Heizkissen niemals mit einem tropfnassen Tuch.<\/p>\n<h3 class=\"article-body__section\" id=\"section-who-else-electric-heating-pads-are-good-for\"><span>F\u00fcr wen sind elektrische Heizkissen sonst noch gut?<\/span><\/h3>\n<figure class=\"van-image-figure inline-layout \" data-bordeaux-image-check>\n<div class=\"image-full-width-wrapper\">\n<div class=\"image-widthsetter\" style=\"max-width:2000px;\"><\/div>\n<\/div><figcaption class=\"inline-layout \">\n<div class=\"caption-text\">\n<p>Ohne ein Heizkissen w\u00e4re mein Heimb\u00fcro nicht komplett<\/p>\n<\/div>\n<\/figcaption><\/figure>\n<p>Obwohl ich chronische Schmerzen habe, eignen sich Heizkissen auch hervorragend f\u00fcr Menschen, die h\u00e4ufig frieren, f\u00fcr diejenigen, die diesen Winter ihre Energiekosten senken m\u00f6chten, f\u00fcr alle, die unter Muskel- oder Menstruationsbeschwerden oder anderen K\u00f6rperschmerzen und Schmerzpunkten leiden. Sie eignen sich auch hervorragend dazu, zu Hause gem\u00fctlich zu bleiben, ohne das ganze Haus zu heizen.<\/p>\n<p>Das einzige Mal, dass ich merke, dass mein Heizkissen nicht funktioniert, ist, wenn ich eine sehr aktive Verletzung durch mein Ehlers-Danlos-Syndrom habe, wie z. B. eine brandneue Luxation oder eine Teilluxation, bei der ich in den ersten 48 Stunden Eis verwende, um die Entz\u00fcndung zu lindern.<\/p>\n<p>Ehrlich gesagt, bei den Schmerzen, die ich habe, w\u00e4re ich im Winter, oder eigentlich fast das ganze Jahr \u00fcber, ohne meine Heizkissen im ganzen Haus absolut nicht in der Lage.<\/p>\n<h3 class=\"article-body__section\" id=\"section-other-items-to-keep-at-home-for-aches-and-pains\"><span>Andere Dinge, die Sie bei Schmerzen zu Hause behalten sollten<\/span><\/h3>\n<p>Egal, ob Sie es zu Hause ben\u00f6tigen oder unterwegs dabei haben, auf diese anderen W\u00e4rme- oder Eistherapieprodukte schw\u00f6re ich.<\/p>\n<div class=\"product-container hero-product-container product-block-no-wrap\"><\/div>\n<hr>\n<p>Erfahren Sie als N\u00e4chstes mehr \u00fcber die Wartungsarbeiten, die Ihre Energiekosten senken, und wie Sie einen Raum so einrichten, dass die W\u00e4rme maximiert wird.<\/p>\n<div class=\"tag-links\">\n<div class=\"tag-links__title\">Themen<\/div>\n<div class=\"tag-links__links\">\n<p>Amazon Prime Day\n<\/p><\/div>\n<\/div>\n<\/div>\n","protected":false},"excerpt":{"rendered":"<p>Ich leide aufgrund mehrerer Erkrankungen unter starken chronischen Schmerzen, und trotz der starken Medikamente, die ich t\u00e4glich einnehme, gibt es in meinem Haus einen Gegenstand,<\/p>\n","protected":false},"author":1,"featured_media":760,"comment_status":"closed","ping_status":"","sticky":false,"template":"","format":"standard","meta":{"footnotes":""},"categories":[118],"tags":[921,1482,1515,152,201,1509,112,78,55,823,1132,1512,129,15,608,1179,1508,1514,1475,1510,836,37,406,1511,207,21,1180,1513],"class_list":["post-759","post","type-post","status-publish","format-standard","has-post-thumbnail","hentry","category-haus-garten","tag-amazon","tag-angebot","tag-angebotstag","tag-bei","tag-beste","tag-chronischen","tag-das","tag-den","tag-fuer","tag-habe","tag-hause","tag-heizkissen","tag-ich","tag-ist","tag-jahren","tag-kaltem","tag-leide","tag-letzten","tag-prime","tag-schmerzen","tag-seit","tag-und","tag-unter","tag-verwende","tag-verwendet","tag-von","tag-wetter","tag-zurechtzukommen","generate-columns","tablet-grid-50","mobile-grid-100","grid-parent","grid-50"],"yoast_head":"<!-- This site is optimized with the Yoast SEO plugin v27.3 - https:\/\/yoast.com\/product\/yoast-seo-wordpress\/ -->\n<title>Ich leide unter chronischen Schmerzen und verwende seit 15 Jahren Heizkissen, um zu Hause bei kaltem Wetter zurechtzukommen \u2013 das Beste, das ich je verwendet habe, ist f\u00fcr den letzten Angebotstag von Amazon Prime im Angebot - Nachrichten - Stra\u00dfenweb<\/title>\n<meta name=\"robots\" content=\"index, follow, max-snippet:-1, max-image-preview:large, max-video-preview:-1\" \/>\n<link rel=\"canonical\" href=\"https:\/\/www.strassenweb.de\/nachrichten\/ich-leide-unter-chronischen-schmerzen-und-verwende-seit-15-jahren-heizkissen-um-zu-hause-bei-kaltem-wetter-zurechtzukommen-das-beste-das-ich-je-verwendet-habe-ist-fuer-den-letzten-angebot\/\" \/>\n<meta property=\"og:locale\" content=\"de_DE\" \/>\n<meta property=\"og:type\" content=\"article\" \/>\n<meta property=\"og:title\" content=\"Ich leide unter chronischen Schmerzen und verwende seit 15 Jahren Heizkissen, um zu Hause bei kaltem Wetter zurechtzukommen \u2013 das Beste, das ich je verwendet habe, ist f\u00fcr den letzten Angebotstag von Amazon Prime im Angebot - Nachrichten - Stra\u00dfenweb\" \/>\n<meta property=\"og:description\" content=\"Ich leide aufgrund mehrerer Erkrankungen unter starken chronischen Schmerzen, und trotz der starken Medikamente, die ich t\u00e4glich einnehme, gibt es in meinem Haus einen Gegenstand,\" \/>\n<meta property=\"og:url\" content=\"https:\/\/www.strassenweb.de\/nachrichten\/ich-leide-unter-chronischen-schmerzen-und-verwende-seit-15-jahren-heizkissen-um-zu-hause-bei-kaltem-wetter-zurechtzukommen-das-beste-das-ich-je-verwendet-habe-ist-fuer-den-letzten-angebot\/\" \/>\n<meta property=\"og:site_name\" content=\"Stra\u00dfenweb\" \/>\n<meta property=\"article:publisher\" content=\"https:\/\/www.facebook.com\/strassenweb\/\" \/>\n<meta property=\"article:published_time\" content=\"2024-10-09T12:48:47+00:00\" \/>\n<meta property=\"article:modified_time\" content=\"2024-10-09T12:48:48+00:00\" \/>\n<meta property=\"og:image\" content=\"https:\/\/www.strassenweb.de\/nachrichten\/wp-content\/uploads\/2024\/10\/Ich-leide-unter-chronischen-Schmerzen-und-verwende-seit-15-Jahren.jpg\" \/>\n\t<meta property=\"og:image:width\" content=\"1200\" \/>\n\t<meta property=\"og:image:height\" content=\"675\" \/>\n\t<meta property=\"og:image:type\" content=\"image\/jpeg\" \/>\n<meta name=\"author\" content=\"Robert Hoffmann\" \/>\n<meta name=\"twitter:card\" content=\"summary_large_image\" \/>\n<meta name=\"twitter:label1\" content=\"Verfasst von\" \/>\n\t<meta name=\"twitter:data1\" content=\"Robert Hoffmann\" \/>\n\t<meta name=\"twitter:label2\" content=\"Gesch\u00e4tzte Lesezeit\" \/>\n\t<meta name=\"twitter:data2\" content=\"5\u00a0Minuten\" \/>\n<script type=\"application\/ld+json\" class=\"yoast-schema-graph\">{\"@context\":\"https:\\\/\\\/schema.org\",\"@graph\":[{\"@type\":\"Article\",\"@id\":\"https:\\\/\\\/www.strassenweb.de\\\/nachrichten\\\/ich-leide-unter-chronischen-schmerzen-und-verwende-seit-15-jahren-heizkissen-um-zu-hause-bei-kaltem-wetter-zurechtzukommen-das-beste-das-ich-je-verwendet-habe-ist-fuer-den-letzten-angebot\\\/#article\",\"isPartOf\":{\"@id\":\"https:\\\/\\\/www.strassenweb.de\\\/nachrichten\\\/ich-leide-unter-chronischen-schmerzen-und-verwende-seit-15-jahren-heizkissen-um-zu-hause-bei-kaltem-wetter-zurechtzukommen-das-beste-das-ich-je-verwendet-habe-ist-fuer-den-letzten-angebot\\\/\"},\"author\":{\"name\":\"Robert Hoffmann\",\"@id\":\"https:\\\/\\\/www.strassenweb.de\\\/nachrichten\\\/#\\\/schema\\\/person\\\/87c9c9067f1211da429a744dc5a5aa41\"},\"headline\":\"Ich leide unter chronischen Schmerzen und verwende seit 15 Jahren Heizkissen, um zu Hause bei kaltem Wetter zurechtzukommen \u2013 das Beste, das ich je verwendet habe, ist f\u00fcr den letzten Angebotstag von Amazon Prime im Angebot\",\"datePublished\":\"2024-10-09T12:48:47+00:00\",\"dateModified\":\"2024-10-09T12:48:48+00:00\",\"mainEntityOfPage\":{\"@id\":\"https:\\\/\\\/www.strassenweb.de\\\/nachrichten\\\/ich-leide-unter-chronischen-schmerzen-und-verwende-seit-15-jahren-heizkissen-um-zu-hause-bei-kaltem-wetter-zurechtzukommen-das-beste-das-ich-je-verwendet-habe-ist-fuer-den-letzten-angebot\\\/\"},\"wordCount\":971,\"publisher\":{\"@id\":\"https:\\\/\\\/www.strassenweb.de\\\/nachrichten\\\/#organization\"},\"image\":{\"@id\":\"https:\\\/\\\/www.strassenweb.de\\\/nachrichten\\\/ich-leide-unter-chronischen-schmerzen-und-verwende-seit-15-jahren-heizkissen-um-zu-hause-bei-kaltem-wetter-zurechtzukommen-das-beste-das-ich-je-verwendet-habe-ist-fuer-den-letzten-angebot\\\/#primaryimage\"},\"thumbnailUrl\":\"https:\\\/\\\/www.strassenweb.de\\\/nachrichten\\\/wp-content\\\/uploads\\\/2024\\\/10\\\/Ich-leide-unter-chronischen-Schmerzen-und-verwende-seit-15-Jahren.jpg\",\"keywords\":[\"Amazon\",\"Angebot\",\"Angebotstag\",\"Bei\",\"beste\",\"chronischen\",\"das\",\"den\",\"f\u00fcr\",\"habe\",\"Hause\",\"Heizkissen\",\"ich\",\"ist\",\"Jahren\",\"kaltem\",\"leide\",\"letzten\",\"Prime\",\"Schmerzen\",\"seit\",\"und\",\"unter\",\"verwende\",\"verwendet\",\"von\",\"Wetter\",\"zurechtzukommen\"],\"articleSection\":[\"Haus &amp; Garten\"],\"inLanguage\":\"de\"},{\"@type\":\"WebPage\",\"@id\":\"https:\\\/\\\/www.strassenweb.de\\\/nachrichten\\\/ich-leide-unter-chronischen-schmerzen-und-verwende-seit-15-jahren-heizkissen-um-zu-hause-bei-kaltem-wetter-zurechtzukommen-das-beste-das-ich-je-verwendet-habe-ist-fuer-den-letzten-angebot\\\/\",\"url\":\"https:\\\/\\\/www.strassenweb.de\\\/nachrichten\\\/ich-leide-unter-chronischen-schmerzen-und-verwende-seit-15-jahren-heizkissen-um-zu-hause-bei-kaltem-wetter-zurechtzukommen-das-beste-das-ich-je-verwendet-habe-ist-fuer-den-letzten-angebot\\\/\",\"name\":\"Ich leide unter chronischen Schmerzen und verwende seit 15 Jahren Heizkissen, um zu Hause bei kaltem Wetter zurechtzukommen \u2013 das Beste, das ich je verwendet habe, ist f\u00fcr den letzten Angebotstag von Amazon Prime im Angebot - Nachrichten - Stra\u00dfenweb\",\"isPartOf\":{\"@id\":\"https:\\\/\\\/www.strassenweb.de\\\/nachrichten\\\/#website\"},\"primaryImageOfPage\":{\"@id\":\"https:\\\/\\\/www.strassenweb.de\\\/nachrichten\\\/ich-leide-unter-chronischen-schmerzen-und-verwende-seit-15-jahren-heizkissen-um-zu-hause-bei-kaltem-wetter-zurechtzukommen-das-beste-das-ich-je-verwendet-habe-ist-fuer-den-letzten-angebot\\\/#primaryimage\"},\"image\":{\"@id\":\"https:\\\/\\\/www.strassenweb.de\\\/nachrichten\\\/ich-leide-unter-chronischen-schmerzen-und-verwende-seit-15-jahren-heizkissen-um-zu-hause-bei-kaltem-wetter-zurechtzukommen-das-beste-das-ich-je-verwendet-habe-ist-fuer-den-letzten-angebot\\\/#primaryimage\"},\"thumbnailUrl\":\"https:\\\/\\\/www.strassenweb.de\\\/nachrichten\\\/wp-content\\\/uploads\\\/2024\\\/10\\\/Ich-leide-unter-chronischen-Schmerzen-und-verwende-seit-15-Jahren.jpg\",\"datePublished\":\"2024-10-09T12:48:47+00:00\",\"dateModified\":\"2024-10-09T12:48:48+00:00\",\"breadcrumb\":{\"@id\":\"https:\\\/\\\/www.strassenweb.de\\\/nachrichten\\\/ich-leide-unter-chronischen-schmerzen-und-verwende-seit-15-jahren-heizkissen-um-zu-hause-bei-kaltem-wetter-zurechtzukommen-das-beste-das-ich-je-verwendet-habe-ist-fuer-den-letzten-angebot\\\/#breadcrumb\"},\"inLanguage\":\"de\",\"potentialAction\":[{\"@type\":\"ReadAction\",\"target\":[\"https:\\\/\\\/www.strassenweb.de\\\/nachrichten\\\/ich-leide-unter-chronischen-schmerzen-und-verwende-seit-15-jahren-heizkissen-um-zu-hause-bei-kaltem-wetter-zurechtzukommen-das-beste-das-ich-je-verwendet-habe-ist-fuer-den-letzten-angebot\\\/\"]}]},{\"@type\":\"ImageObject\",\"inLanguage\":\"de\",\"@id\":\"https:\\\/\\\/www.strassenweb.de\\\/nachrichten\\\/ich-leide-unter-chronischen-schmerzen-und-verwende-seit-15-jahren-heizkissen-um-zu-hause-bei-kaltem-wetter-zurechtzukommen-das-beste-das-ich-je-verwendet-habe-ist-fuer-den-letzten-angebot\\\/#primaryimage\",\"url\":\"https:\\\/\\\/www.strassenweb.de\\\/nachrichten\\\/wp-content\\\/uploads\\\/2024\\\/10\\\/Ich-leide-unter-chronischen-Schmerzen-und-verwende-seit-15-Jahren.jpg\",\"contentUrl\":\"https:\\\/\\\/www.strassenweb.de\\\/nachrichten\\\/wp-content\\\/uploads\\\/2024\\\/10\\\/Ich-leide-unter-chronischen-Schmerzen-und-verwende-seit-15-Jahren.jpg\",\"width\":1200,\"height\":675,\"caption\":\"Ich leide unter chronischen Schmerzen und verwende seit 15 Jahren Heizkissen, um zu Hause bei kaltem Wetter zurechtzukommen \u2013 das Beste, das ich je verwendet habe, ist f\u00fcr den letzten Angebotstag von Amazon Prime im Angebot\"},{\"@type\":\"BreadcrumbList\",\"@id\":\"https:\\\/\\\/www.strassenweb.de\\\/nachrichten\\\/ich-leide-unter-chronischen-schmerzen-und-verwende-seit-15-jahren-heizkissen-um-zu-hause-bei-kaltem-wetter-zurechtzukommen-das-beste-das-ich-je-verwendet-habe-ist-fuer-den-letzten-angebot\\\/#breadcrumb\",\"itemListElement\":[{\"@type\":\"ListItem\",\"position\":1,\"name\":\"Home\",\"item\":\"https:\\\/\\\/www.strassenweb.de\\\/nachrichten\\\/\"},{\"@type\":\"ListItem\",\"position\":2,\"name\":\"Ich leide unter chronischen Schmerzen und verwende seit 15 Jahren Heizkissen, um zu Hause bei kaltem Wetter zurechtzukommen \u2013 das Beste, das ich je verwendet habe, ist f\u00fcr den letzten Angebotstag von Amazon Prime im Angebot\"}]},{\"@type\":\"WebSite\",\"@id\":\"https:\\\/\\\/www.strassenweb.de\\\/nachrichten\\\/#website\",\"url\":\"https:\\\/\\\/www.strassenweb.de\\\/nachrichten\\\/\",\"name\":\"Stra\u00dfenweb\",\"description\":\"Stra\u00dfenverzeichnis f\u00fcr Deutschland\",\"publisher\":{\"@id\":\"https:\\\/\\\/www.strassenweb.de\\\/nachrichten\\\/#organization\"},\"potentialAction\":[{\"@type\":\"SearchAction\",\"target\":{\"@type\":\"EntryPoint\",\"urlTemplate\":\"https:\\\/\\\/www.strassenweb.de\\\/nachrichten\\\/?s={search_term_string}\"},\"query-input\":{\"@type\":\"PropertyValueSpecification\",\"valueRequired\":true,\"valueName\":\"search_term_string\"}}],\"inLanguage\":\"de\"},{\"@type\":\"Organization\",\"@id\":\"https:\\\/\\\/www.strassenweb.de\\\/nachrichten\\\/#organization\",\"name\":\"Stra\u00dfenweb\",\"url\":\"https:\\\/\\\/www.strassenweb.de\\\/nachrichten\\\/\",\"logo\":{\"@type\":\"ImageObject\",\"inLanguage\":\"de\",\"@id\":\"https:\\\/\\\/www.strassenweb.de\\\/nachrichten\\\/#\\\/schema\\\/logo\\\/image\\\/\",\"url\":\"https:\\\/\\\/www.strassenweb.de\\\/nachrichten\\\/wp-content\\\/uploads\\\/2024\\\/09\\\/cropped-favicon.png\",\"contentUrl\":\"https:\\\/\\\/www.strassenweb.de\\\/nachrichten\\\/wp-content\\\/uploads\\\/2024\\\/09\\\/cropped-favicon.png\",\"width\":512,\"height\":512,\"caption\":\"Stra\u00dfenweb\"},\"image\":{\"@id\":\"https:\\\/\\\/www.strassenweb.de\\\/nachrichten\\\/#\\\/schema\\\/logo\\\/image\\\/\"},\"sameAs\":[\"https:\\\/\\\/www.facebook.com\\\/strassenweb\\\/\"]},{\"@type\":\"Person\",\"@id\":\"https:\\\/\\\/www.strassenweb.de\\\/nachrichten\\\/#\\\/schema\\\/person\\\/87c9c9067f1211da429a744dc5a5aa41\",\"name\":\"Robert Hoffmann\",\"image\":{\"@type\":\"ImageObject\",\"inLanguage\":\"de\",\"@id\":\"https:\\\/\\\/www.strassenweb.de\\\/nachrichten\\\/wp-content\\\/uploads\\\/2024\\\/09\\\/strassenweb-150x150.jpg\",\"url\":\"https:\\\/\\\/www.strassenweb.de\\\/nachrichten\\\/wp-content\\\/uploads\\\/2024\\\/09\\\/strassenweb-150x150.jpg\",\"contentUrl\":\"https:\\\/\\\/www.strassenweb.de\\\/nachrichten\\\/wp-content\\\/uploads\\\/2024\\\/09\\\/strassenweb-150x150.jpg\",\"caption\":\"Robert Hoffmann\"},\"description\":\"Ich hei\u00dfe Robert Hoffmann und ich bin ein leidenschaftlicher Verfechter von \u00d6kologie und Biodiversit\u00e4t. Seit meiner Kindheit in den W\u00e4ldern Bayerns f\u00fchle ich mich mit der Natur verbunden und bin entschlossen, sie zu sch\u00fctzen. Heute widme ich mein Leben der Sensibilisierung anderer f\u00fcr die Bedeutung des Umweltschutzes f\u00fcr zuk\u00fcnftige Generationen.\",\"sameAs\":[\"https:\\\/\\\/www.strassenweb.de\\\/\"]}]}<\/script>\n<!-- \/ Yoast SEO plugin. -->","yoast_head_json":{"title":"Ich leide unter chronischen Schmerzen und verwende seit 15 Jahren Heizkissen, um zu Hause bei kaltem Wetter zurechtzukommen \u2013 das Beste, das ich je verwendet habe, ist f\u00fcr den letzten Angebotstag von Amazon Prime im Angebot - Nachrichten - Stra\u00dfenweb","robots":{"index":"index","follow":"follow","max-snippet":"max-snippet:-1","max-image-preview":"max-image-preview:large","max-video-preview":"max-video-preview:-1"},"canonical":"https:\/\/www.strassenweb.de\/nachrichten\/ich-leide-unter-chronischen-schmerzen-und-verwende-seit-15-jahren-heizkissen-um-zu-hause-bei-kaltem-wetter-zurechtzukommen-das-beste-das-ich-je-verwendet-habe-ist-fuer-den-letzten-angebot\/","og_locale":"de_DE","og_type":"article","og_title":"Ich leide unter chronischen Schmerzen und verwende seit 15 Jahren Heizkissen, um zu Hause bei kaltem Wetter zurechtzukommen \u2013 das Beste, das ich je verwendet habe, ist f\u00fcr den letzten Angebotstag von Amazon Prime im Angebot - Nachrichten - Stra\u00dfenweb","og_description":"Ich leide aufgrund mehrerer Erkrankungen unter starken chronischen Schmerzen, und trotz der starken Medikamente, die ich t\u00e4glich einnehme, gibt es in meinem Haus einen Gegenstand,","og_url":"https:\/\/www.strassenweb.de\/nachrichten\/ich-leide-unter-chronischen-schmerzen-und-verwende-seit-15-jahren-heizkissen-um-zu-hause-bei-kaltem-wetter-zurechtzukommen-das-beste-das-ich-je-verwendet-habe-ist-fuer-den-letzten-angebot\/","og_site_name":"Stra\u00dfenweb","article_publisher":"https:\/\/www.facebook.com\/strassenweb\/","article_published_time":"2024-10-09T12:48:47+00:00","article_modified_time":"2024-10-09T12:48:48+00:00","og_image":[{"width":1200,"height":675,"url":"https:\/\/www.strassenweb.de\/nachrichten\/wp-content\/uploads\/2024\/10\/Ich-leide-unter-chronischen-Schmerzen-und-verwende-seit-15-Jahren.jpg","type":"image\/jpeg"}],"author":"Robert Hoffmann","twitter_card":"summary_large_image","twitter_misc":{"Verfasst von":"Robert Hoffmann","Gesch\u00e4tzte Lesezeit":"5\u00a0Minuten"},"schema":{"@context":"https:\/\/schema.org","@graph":[{"@type":"Article","@id":"https:\/\/www.strassenweb.de\/nachrichten\/ich-leide-unter-chronischen-schmerzen-und-verwende-seit-15-jahren-heizkissen-um-zu-hause-bei-kaltem-wetter-zurechtzukommen-das-beste-das-ich-je-verwendet-habe-ist-fuer-den-letzten-angebot\/#article","isPartOf":{"@id":"https:\/\/www.strassenweb.de\/nachrichten\/ich-leide-unter-chronischen-schmerzen-und-verwende-seit-15-jahren-heizkissen-um-zu-hause-bei-kaltem-wetter-zurechtzukommen-das-beste-das-ich-je-verwendet-habe-ist-fuer-den-letzten-angebot\/"},"author":{"name":"Robert Hoffmann","@id":"https:\/\/www.strassenweb.de\/nachrichten\/#\/schema\/person\/87c9c9067f1211da429a744dc5a5aa41"},"headline":"Ich leide unter chronischen Schmerzen und verwende seit 15 Jahren Heizkissen, um zu Hause bei kaltem Wetter zurechtzukommen \u2013 das Beste, das ich je verwendet habe, ist f\u00fcr den letzten Angebotstag von Amazon Prime im Angebot","datePublished":"2024-10-09T12:48:47+00:00","dateModified":"2024-10-09T12:48:48+00:00","mainEntityOfPage":{"@id":"https:\/\/www.strassenweb.de\/nachrichten\/ich-leide-unter-chronischen-schmerzen-und-verwende-seit-15-jahren-heizkissen-um-zu-hause-bei-kaltem-wetter-zurechtzukommen-das-beste-das-ich-je-verwendet-habe-ist-fuer-den-letzten-angebot\/"},"wordCount":971,"publisher":{"@id":"https:\/\/www.strassenweb.de\/nachrichten\/#organization"},"image":{"@id":"https:\/\/www.strassenweb.de\/nachrichten\/ich-leide-unter-chronischen-schmerzen-und-verwende-seit-15-jahren-heizkissen-um-zu-hause-bei-kaltem-wetter-zurechtzukommen-das-beste-das-ich-je-verwendet-habe-ist-fuer-den-letzten-angebot\/#primaryimage"},"thumbnailUrl":"https:\/\/www.strassenweb.de\/nachrichten\/wp-content\/uploads\/2024\/10\/Ich-leide-unter-chronischen-Schmerzen-und-verwende-seit-15-Jahren.jpg","keywords":["Amazon","Angebot","Angebotstag","Bei","beste","chronischen","das","den","f\u00fcr","habe","Hause","Heizkissen","ich","ist","Jahren","kaltem","leide","letzten","Prime","Schmerzen","seit","und","unter","verwende","verwendet","von","Wetter","zurechtzukommen"],"articleSection":["Haus &amp; Garten"],"inLanguage":"de"},{"@type":"WebPage","@id":"https:\/\/www.strassenweb.de\/nachrichten\/ich-leide-unter-chronischen-schmerzen-und-verwende-seit-15-jahren-heizkissen-um-zu-hause-bei-kaltem-wetter-zurechtzukommen-das-beste-das-ich-je-verwendet-habe-ist-fuer-den-letzten-angebot\/","url":"https:\/\/www.strassenweb.de\/nachrichten\/ich-leide-unter-chronischen-schmerzen-und-verwende-seit-15-jahren-heizkissen-um-zu-hause-bei-kaltem-wetter-zurechtzukommen-das-beste-das-ich-je-verwendet-habe-ist-fuer-den-letzten-angebot\/","name":"Ich leide unter chronischen Schmerzen und verwende seit 15 Jahren Heizkissen, um zu Hause bei kaltem Wetter zurechtzukommen \u2013 das Beste, das ich je verwendet habe, ist f\u00fcr den letzten Angebotstag von Amazon Prime im Angebot - Nachrichten - Stra\u00dfenweb","isPartOf":{"@id":"https:\/\/www.strassenweb.de\/nachrichten\/#website"},"primaryImageOfPage":{"@id":"https:\/\/www.strassenweb.de\/nachrichten\/ich-leide-unter-chronischen-schmerzen-und-verwende-seit-15-jahren-heizkissen-um-zu-hause-bei-kaltem-wetter-zurechtzukommen-das-beste-das-ich-je-verwendet-habe-ist-fuer-den-letzten-angebot\/#primaryimage"},"image":{"@id":"https:\/\/www.strassenweb.de\/nachrichten\/ich-leide-unter-chronischen-schmerzen-und-verwende-seit-15-jahren-heizkissen-um-zu-hause-bei-kaltem-wetter-zurechtzukommen-das-beste-das-ich-je-verwendet-habe-ist-fuer-den-letzten-angebot\/#primaryimage"},"thumbnailUrl":"https:\/\/www.strassenweb.de\/nachrichten\/wp-content\/uploads\/2024\/10\/Ich-leide-unter-chronischen-Schmerzen-und-verwende-seit-15-Jahren.jpg","datePublished":"2024-10-09T12:48:47+00:00","dateModified":"2024-10-09T12:48:48+00:00","breadcrumb":{"@id":"https:\/\/www.strassenweb.de\/nachrichten\/ich-leide-unter-chronischen-schmerzen-und-verwende-seit-15-jahren-heizkissen-um-zu-hause-bei-kaltem-wetter-zurechtzukommen-das-beste-das-ich-je-verwendet-habe-ist-fuer-den-letzten-angebot\/#breadcrumb"},"inLanguage":"de","potentialAction":[{"@type":"ReadAction","target":["https:\/\/www.strassenweb.de\/nachrichten\/ich-leide-unter-chronischen-schmerzen-und-verwende-seit-15-jahren-heizkissen-um-zu-hause-bei-kaltem-wetter-zurechtzukommen-das-beste-das-ich-je-verwendet-habe-ist-fuer-den-letzten-angebot\/"]}]},{"@type":"ImageObject","inLanguage":"de","@id":"https:\/\/www.strassenweb.de\/nachrichten\/ich-leide-unter-chronischen-schmerzen-und-verwende-seit-15-jahren-heizkissen-um-zu-hause-bei-kaltem-wetter-zurechtzukommen-das-beste-das-ich-je-verwendet-habe-ist-fuer-den-letzten-angebot\/#primaryimage","url":"https:\/\/www.strassenweb.de\/nachrichten\/wp-content\/uploads\/2024\/10\/Ich-leide-unter-chronischen-Schmerzen-und-verwende-seit-15-Jahren.jpg","contentUrl":"https:\/\/www.strassenweb.de\/nachrichten\/wp-content\/uploads\/2024\/10\/Ich-leide-unter-chronischen-Schmerzen-und-verwende-seit-15-Jahren.jpg","width":1200,"height":675,"caption":"Ich leide unter chronischen Schmerzen und verwende seit 15 Jahren Heizkissen, um zu Hause bei kaltem Wetter zurechtzukommen \u2013 das Beste, das ich je verwendet habe, ist f\u00fcr den letzten Angebotstag von Amazon Prime im Angebot"},{"@type":"BreadcrumbList","@id":"https:\/\/www.strassenweb.de\/nachrichten\/ich-leide-unter-chronischen-schmerzen-und-verwende-seit-15-jahren-heizkissen-um-zu-hause-bei-kaltem-wetter-zurechtzukommen-das-beste-das-ich-je-verwendet-habe-ist-fuer-den-letzten-angebot\/#breadcrumb","itemListElement":[{"@type":"ListItem","position":1,"name":"Home","item":"https:\/\/www.strassenweb.de\/nachrichten\/"},{"@type":"ListItem","position":2,"name":"Ich leide unter chronischen Schmerzen und verwende seit 15 Jahren Heizkissen, um zu Hause bei kaltem Wetter zurechtzukommen \u2013 das Beste, das ich je verwendet habe, ist f\u00fcr den letzten Angebotstag von Amazon Prime im Angebot"}]},{"@type":"WebSite","@id":"https:\/\/www.strassenweb.de\/nachrichten\/#website","url":"https:\/\/www.strassenweb.de\/nachrichten\/","name":"Stra\u00dfenweb","description":"Stra\u00dfenverzeichnis f\u00fcr Deutschland","publisher":{"@id":"https:\/\/www.strassenweb.de\/nachrichten\/#organization"},"potentialAction":[{"@type":"SearchAction","target":{"@type":"EntryPoint","urlTemplate":"https:\/\/www.strassenweb.de\/nachrichten\/?s={search_term_string}"},"query-input":{"@type":"PropertyValueSpecification","valueRequired":true,"valueName":"search_term_string"}}],"inLanguage":"de"},{"@type":"Organization","@id":"https:\/\/www.strassenweb.de\/nachrichten\/#organization","name":"Stra\u00dfenweb","url":"https:\/\/www.strassenweb.de\/nachrichten\/","logo":{"@type":"ImageObject","inLanguage":"de","@id":"https:\/\/www.strassenweb.de\/nachrichten\/#\/schema\/logo\/image\/","url":"https:\/\/www.strassenweb.de\/nachrichten\/wp-content\/uploads\/2024\/09\/cropped-favicon.png","contentUrl":"https:\/\/www.strassenweb.de\/nachrichten\/wp-content\/uploads\/2024\/09\/cropped-favicon.png","width":512,"height":512,"caption":"Stra\u00dfenweb"},"image":{"@id":"https:\/\/www.strassenweb.de\/nachrichten\/#\/schema\/logo\/image\/"},"sameAs":["https:\/\/www.facebook.com\/strassenweb\/"]},{"@type":"Person","@id":"https:\/\/www.strassenweb.de\/nachrichten\/#\/schema\/person\/87c9c9067f1211da429a744dc5a5aa41","name":"Robert Hoffmann","image":{"@type":"ImageObject","inLanguage":"de","@id":"https:\/\/www.strassenweb.de\/nachrichten\/wp-content\/uploads\/2024\/09\/strassenweb-150x150.jpg","url":"https:\/\/www.strassenweb.de\/nachrichten\/wp-content\/uploads\/2024\/09\/strassenweb-150x150.jpg","contentUrl":"https:\/\/www.strassenweb.de\/nachrichten\/wp-content\/uploads\/2024\/09\/strassenweb-150x150.jpg","caption":"Robert Hoffmann"},"description":"Ich hei\u00dfe Robert Hoffmann und ich bin ein leidenschaftlicher Verfechter von \u00d6kologie und Biodiversit\u00e4t. Seit meiner Kindheit in den W\u00e4ldern Bayerns f\u00fchle ich mich mit der Natur verbunden und bin entschlossen, sie zu sch\u00fctzen. Heute widme ich mein Leben der Sensibilisierung anderer f\u00fcr die Bedeutung des Umweltschutzes f\u00fcr zuk\u00fcnftige Generationen.","sameAs":["https:\/\/www.strassenweb.de\/"]}]}},"_links":{"self":[{"href":"https:\/\/www.strassenweb.de\/nachrichten\/wp-json\/wp\/v2\/posts\/759","targetHints":{"allow":["GET"]}}],"collection":[{"href":"https:\/\/www.strassenweb.de\/nachrichten\/wp-json\/wp\/v2\/posts"}],"about":[{"href":"https:\/\/www.strassenweb.de\/nachrichten\/wp-json\/wp\/v2\/types\/post"}],"author":[{"embeddable":true,"href":"https:\/\/www.strassenweb.de\/nachrichten\/wp-json\/wp\/v2\/users\/1"}],"replies":[{"embeddable":true,"href":"https:\/\/www.strassenweb.de\/nachrichten\/wp-json\/wp\/v2\/comments?post=759"}],"version-history":[{"count":0,"href":"https:\/\/www.strassenweb.de\/nachrichten\/wp-json\/wp\/v2\/posts\/759\/revisions"}],"wp:featuredmedia":[{"embeddable":true,"href":"https:\/\/www.strassenweb.de\/nachrichten\/wp-json\/wp\/v2\/media\/760"}],"wp:attachment":[{"href":"https:\/\/www.strassenweb.de\/nachrichten\/wp-json\/wp\/v2\/media?parent=759"}],"wp:term":[{"taxonomy":"category","embeddable":true,"href":"https:\/\/www.strassenweb.de\/nachrichten\/wp-json\/wp\/v2\/categories?post=759"},{"taxonomy":"post_tag","embeddable":true,"href":"https:\/\/www.strassenweb.de\/nachrichten\/wp-json\/wp\/v2\/tags?post=759"}],"curies":[{"name":"wp","href":"https:\/\/api.w.org\/{rel}","templated":true}]}}