{"id":758,"date":"2024-10-09T11:49:04","date_gmt":"2024-10-09T09:49:04","guid":{"rendered":"https:\/\/www.strassenweb.de\/nachrichten\/mauersegler-die-durch-kalte-und-nasse-quellen-verzoegert-werden-haben-mit-dem-klimawandel-zunehmende-probleme\/"},"modified":"2024-10-09T11:49:04","modified_gmt":"2024-10-09T09:49:04","slug":"mauersegler-die-durch-kalte-und-nasse-quellen-verzoegert-werden-haben-mit-dem-klimawandel-zunehmende-probleme","status":"publish","type":"post","link":"https:\/\/www.strassenweb.de\/nachrichten\/mauersegler-die-durch-kalte-und-nasse-quellen-verzoegert-werden-haben-mit-dem-klimawandel-zunehmende-probleme\/","title":{"rendered":"Mauersegler, die durch kalte und nasse Quellen verz\u00f6gert werden, haben mit dem Klimawandel zunehmende Probleme"},"content":{"rendered":"<p>Das Wetter ist w\u00e4rmer und die N\u00e4chte sind heller. Was sind das f\u00fcr schwarze, geschwungene Silhouetten, die sich am Himmel winden?<\/p>\n<p>Angenommen, Sie beobachten V\u00f6gel und nehmen nicht an den Bumerang-Weltmeisterschaften teil, handelt es sich bei diesen Formen wahrscheinlich um das einzige in Gro\u00dfbritannien br\u00fctende Mitglied der Apodiformes (eine Gruppe, zu der auch die Kolibris geh\u00f6ren): der Mauersegler (<em>Apus apus<\/em>), Vorbote des Sommers.<\/p>\n<p>Die Menschen in Gro\u00dfbritannien neigen dazu, diese V\u00f6gel als ihre V\u00f6gel zu betrachten, aber in Wirklichkeit handelt es sich um tropische afrikanische Arten, die einige Monate im Jahr in gem\u00e4\u00dfigten Breiten verbringen. Der Wettbewerb um Nahrung, Unterkunft und Partner ist in den Tropen intensiv, daher haben Mauersegler ihre Wanderungen entwickelt, um vom saisonalen Boom des Pflanzenwachstums in den gem\u00e4\u00dfigten Breiten zu profitieren. Ihr Brutgebiet erstreckt sich von Irland bis China und V\u00f6gel vom \u00f6stlichen Rand ihres Verbreitungsgebiets unternehmen j\u00e4hrlich epische Rundreisen von 30.000 km.<\/p>\n<p>F\u00fcr Mauersegler bedeutet die Migration in gem\u00e4\u00dfigte Breiten, dass sie Zugang zu vielen Fluginsekten haben, um ihre Jungen zu ern\u00e4hren, und weniger Konkurrenz durch andere Arten haben, die sie fressen. Wie andere Insektenfresser aus der Luft k\u00f6nnen Mauersegler nicht den Winter \u00fcber bleiben, da es hier nichts zu essen und somit auch keinen Halt gibt.<\/p>\n<p>Diese V\u00f6gel sind beliebte Symbole f\u00fcr den Wechsel der Jahreszeiten. Wie geht es ihnen also, wenn die steigenden Temperaturen sich mit Beginn der Jahreszeiten \u00e4ndern, und welche Form nehmen sie an?<\/p>\n<h2 class=\"wp-block-heading\">Mauersegler werden schneller<\/h2>\n<p>Mauersegler kommen im Vereinigten K\u00f6nigreich im Durchschnitt etwa f\u00fcnf Tage fr\u00fcher an als in den 1960er Jahren, aber sie verlassen das Land auch deutlich fr\u00fcher \u2013 der einzige h\u00e4ufige Zugvogel, der dies im Vereinigten K\u00f6nigreich tat. Viele andere Arten beschlie\u00dfen, ihre Sommeraufenthaltsdauer zu verl\u00e4ngern und mehrere Bruten zu haben.<\/p>\n<p>Es gibt immer noch Unterschiede zwischen den Jahren, aber die Mauersegler kamen dieses Jahr sehr sp\u00e4t. In diesem nassen, kalten Fr\u00fchling sah ich mein erstes Tier am 3. Mai hier im Longdendale Valley in Derbyshire in England; Zum Vergleich: Bei dem f\u00fcr die Jahreszeit ungew\u00f6hnlich sonnigen Wetter im Fr\u00fchjahr 2020 sah ich bereits am 19. April meinen ersten Longdendale-Segler.<\/p>\n<p>Kaltes und nasses Wetter ist schlecht f\u00fcr alles, was fliegende Insekten frisst, die unter diesen Bedingungen nicht aktiv sind und schwieriger zu fangen sind, selbst wenn sie es w\u00e4ren. Eine M\u00f6glichkeit f\u00fcr Mauersegler, diese Herausforderungen zu meistern, besteht darin, sehr lange Nahrungssuche weit weg von ihren Nistpl\u00e4tzen zu unternehmen, um St\u00fcrmen auszuweichen. Erwachsene und Nestlinge k\u00f6nnen auch beim Sitzen im Nest ihren Stoffwechsel senken (ein Ph\u00e4nomen, das Torpor genannt wird), um Energie zu sparen.<\/p>\n<p>Mauersegler haben mit l\u00e4ngeren Regenperioden zu k\u00e4mpfen. Eine aktuelle Studie brachte einen Anstieg der Niederschl\u00e4ge im Juni und Juli von 1975 bis 2015 mit h\u00f6heren Nestfehlerraten, kleineren Bruten und geringeren \u00dcberlebensraten von Mauerseglern in ihrem ersten Lebensjahr in Verbindung, da sie nicht genug Nahrung finden, um sich selbst oder ihre K\u00fcken zu ern\u00e4hren . Versch\u00e4rft wird dies wahrscheinlich durch einen m\u00f6glichen R\u00fcckgang ihrer wirbellosen Beute, die sehr empfindlich auf Wetterbedingungen wie Temperatur und Niederschlag reagiert.<\/p>\n<p>Kalte, raue Fr\u00fchlinge wie in diesem Jahr k\u00f6nnen auch eine gro\u00dfe Zahl von Mauerseglern t\u00f6ten, wenn sie durch das Mittelmeer ziehen, weil sie sie daran hindern, sich aufzutanken, was zu Hungersn\u00f6ten f\u00fchrt. Allerdings hat es auch F\u00e4lle gegeben, in denen Hitzewellen eine gro\u00dfe Zahl von Mauerseglern get\u00f6tet haben, weil diese in ihren Nestern im Dach \u00fcberhitzt waren Hohlr\u00e4ume in der gleichen Region, was in Gro\u00dfbritannien in Zukunft zu einem Problem werden k\u00f6nnte.<\/p>\n<p>Die Signale von V\u00f6geln zum Wandern kommen sowohl von einer inneren Uhr als auch von Faktoren in ihrer Umgebung, wie zum Beispiel dem Wechsel der Jahreszeiten. Es gibt Hinweise darauf, dass Arten, die ihre Migrationspl\u00e4ne nicht an den globalen Wandel anpassen, mit gr\u00f6\u00dferer Wahrscheinlichkeit zur\u00fcckgehen und Mauersegler offenbar nicht so flexibel sind wie einige andere Arten, wenn es darum geht, fr\u00fcher anzukommen.<\/p>\n<h2 class=\"wp-block-heading\">Ma\u00dfgeschneiderte Mauersteine<\/h2>\n<p>Bei Migranten, die l\u00e4ngere Distanzen zur\u00fccklegen, ist es dann wahrscheinlicher, dass sie zur\u00fcckgehen als bei Migranten, die k\u00fcrzere Distanzen zur\u00fccklegen, aber das Verst\u00e4ndnis der Wissenschaftler \u00fcber die Rolle des Klimawandels bei der Entstehung von R\u00fcckg\u00e4ngen ist immer noch begrenzt und wird durch so viele andere Aspekte des globalen Wandels erschwert.<\/p>\n<p>Neben der Reduzierung der Kohlenstoffemissionen und der Zerst\u00f6rung von Lebensr\u00e4umen, die mit unserer Ern\u00e4hrung und unserem Lebensstil einhergehen (und der Wahl von Politikern, die diese Herausforderungen ernst nehmen), k\u00f6nnte die Bereitstellung von Mauernistk\u00e4sten eine weitere M\u00f6glichkeit sein, wie Menschen helfen k\u00f6nnen.<\/p>\n<p>Eine Kampagne von Hannah Bourne-Taylor, einer Naturwissenschaftlerin, die den Einbau von \u201eschnellen Ziegeln\u201c in neuen britischen Wohngeb\u00e4uden vorschreibt, k\u00f6nnte den Verlust von Nistpl\u00e4tzen in den Dachvorspr\u00fcngen \u00e4lterer Geb\u00e4ude ausgleichen \u2013 wenn die Regierung sie nur unterst\u00fctzen w\u00fcrde .<\/p>\n<p>Angesichts all der Schwierigkeiten, mit denen Mauersegler konfrontiert sind, und der Freude, die so viele Menschen empfinden, wenn sie ihnen dabei zusehen und zuh\u00f6ren, wie sie \u00fcber unseren Sommerhimmel fliegen, sollten wir wirklich alle Bem\u00fchungen unterst\u00fctzen, die einen Unterschied machen k\u00f6nnen.<\/p>\n<hr class=\"wp-block-separator has-alpha-channel-opacity\">\n<p>Alexander C. Lees, Leser, <em>Manchester Metropolitan University<\/em><\/p>\n<p>  wird von The Conversation unter einer Creative Commons-Lizenz erneut ver\u00f6ffentlicht. <\/p>\n","protected":false},"excerpt":{"rendered":"<p>Das Wetter ist w\u00e4rmer und die N\u00e4chte sind heller. Was sind das f\u00fcr schwarze, geschwungene Silhouetten, die sich am Himmel winden? Angenommen, Sie beobachten V\u00f6gel<\/p>\n","protected":false},"author":1,"featured_media":0,"comment_status":"","ping_status":"","sticky":false,"template":"","format":"standard","meta":{"footnotes":""},"categories":[101],"tags":[91,9,629,469,431,1506,1502,146,1503,672,1504,37,1505,27,1507],"class_list":["post-758","post","type-post","status-publish","format-standard","hentry","category-oekologie","tag-dem","tag-die","tag-durch","tag-haben","tag-kaelte","tag-klimawandel","tag-mauersegler","tag-mit","tag-nasse","tag-probleme","tag-quellen","tag-und","tag-verzoegert","tag-werden","tag-zunehmende","generate-columns","tablet-grid-50","mobile-grid-100","grid-parent","grid-50"],"yoast_head":"<!-- This site is optimized with the Yoast SEO plugin v27.3 - https:\/\/yoast.com\/product\/yoast-seo-wordpress\/ -->\n<title>Mauersegler, die durch kalte und nasse Quellen verz\u00f6gert werden, haben mit dem Klimawandel zunehmende Probleme - Nachrichten - Stra\u00dfenweb<\/title>\n<meta name=\"robots\" content=\"index, follow, max-snippet:-1, max-image-preview:large, max-video-preview:-1\" \/>\n<link rel=\"canonical\" href=\"https:\/\/www.strassenweb.de\/nachrichten\/mauersegler-die-durch-kalte-und-nasse-quellen-verzoegert-werden-haben-mit-dem-klimawandel-zunehmende-probleme\/\" \/>\n<meta property=\"og:locale\" content=\"de_DE\" \/>\n<meta property=\"og:type\" content=\"article\" \/>\n<meta property=\"og:title\" content=\"Mauersegler, die durch kalte und nasse Quellen verz\u00f6gert werden, haben mit dem Klimawandel zunehmende Probleme - Nachrichten - Stra\u00dfenweb\" \/>\n<meta property=\"og:description\" content=\"Das Wetter ist w\u00e4rmer und die N\u00e4chte sind heller. Was sind das f\u00fcr schwarze, geschwungene Silhouetten, die sich am Himmel winden? Angenommen, Sie beobachten V\u00f6gel\" \/>\n<meta property=\"og:url\" content=\"https:\/\/www.strassenweb.de\/nachrichten\/mauersegler-die-durch-kalte-und-nasse-quellen-verzoegert-werden-haben-mit-dem-klimawandel-zunehmende-probleme\/\" \/>\n<meta property=\"og:site_name\" content=\"Stra\u00dfenweb\" \/>\n<meta property=\"article:publisher\" content=\"https:\/\/www.facebook.com\/strassenweb\/\" \/>\n<meta property=\"article:published_time\" content=\"2024-10-09T09:49:04+00:00\" \/>\n<meta property=\"og:image\" content=\"https:\/\/www.strassenweb.de\/nachrichten\/wp-content\/uploads\/2024\/09\/logo.png\" \/>\n\t<meta property=\"og:image:width\" content=\"294\" \/>\n\t<meta property=\"og:image:height\" content=\"58\" \/>\n\t<meta property=\"og:image:type\" content=\"image\/png\" \/>\n<meta name=\"author\" content=\"Robert Hoffmann\" \/>\n<meta name=\"twitter:card\" content=\"summary_large_image\" \/>\n<meta name=\"twitter:label1\" content=\"Verfasst von\" \/>\n\t<meta name=\"twitter:data1\" content=\"Robert Hoffmann\" \/>\n\t<meta name=\"twitter:label2\" content=\"Gesch\u00e4tzte Lesezeit\" \/>\n\t<meta name=\"twitter:data2\" content=\"5\u00a0Minuten\" \/>\n<script type=\"application\/ld+json\" class=\"yoast-schema-graph\">{\"@context\":\"https:\\\/\\\/schema.org\",\"@graph\":[{\"@type\":\"Article\",\"@id\":\"https:\\\/\\\/www.strassenweb.de\\\/nachrichten\\\/mauersegler-die-durch-kalte-und-nasse-quellen-verzoegert-werden-haben-mit-dem-klimawandel-zunehmende-probleme\\\/#article\",\"isPartOf\":{\"@id\":\"https:\\\/\\\/www.strassenweb.de\\\/nachrichten\\\/mauersegler-die-durch-kalte-und-nasse-quellen-verzoegert-werden-haben-mit-dem-klimawandel-zunehmende-probleme\\\/\"},\"author\":{\"name\":\"Robert Hoffmann\",\"@id\":\"https:\\\/\\\/www.strassenweb.de\\\/nachrichten\\\/#\\\/schema\\\/person\\\/87c9c9067f1211da429a744dc5a5aa41\"},\"headline\":\"Mauersegler, die durch kalte und nasse Quellen verz\u00f6gert werden, haben mit dem Klimawandel zunehmende Probleme\",\"datePublished\":\"2024-10-09T09:49:04+00:00\",\"mainEntityOfPage\":{\"@id\":\"https:\\\/\\\/www.strassenweb.de\\\/nachrichten\\\/mauersegler-die-durch-kalte-und-nasse-quellen-verzoegert-werden-haben-mit-dem-klimawandel-zunehmende-probleme\\\/\"},\"wordCount\":917,\"publisher\":{\"@id\":\"https:\\\/\\\/www.strassenweb.de\\\/nachrichten\\\/#organization\"},\"keywords\":[\"dem\",\"die\",\"durch\",\"haben\",\"K\u00e4lte\",\"Klimawandel\",\"Mauersegler\",\"mit\",\"nasse\",\"Probleme\",\"Quellen\",\"und\",\"verz\u00f6gert\",\"werden\",\"zunehmende\"],\"articleSection\":[\"\u00d6kologie\"],\"inLanguage\":\"de\"},{\"@type\":\"WebPage\",\"@id\":\"https:\\\/\\\/www.strassenweb.de\\\/nachrichten\\\/mauersegler-die-durch-kalte-und-nasse-quellen-verzoegert-werden-haben-mit-dem-klimawandel-zunehmende-probleme\\\/\",\"url\":\"https:\\\/\\\/www.strassenweb.de\\\/nachrichten\\\/mauersegler-die-durch-kalte-und-nasse-quellen-verzoegert-werden-haben-mit-dem-klimawandel-zunehmende-probleme\\\/\",\"name\":\"Mauersegler, die durch kalte und nasse Quellen verz\u00f6gert werden, haben mit dem Klimawandel zunehmende Probleme - Nachrichten - Stra\u00dfenweb\",\"isPartOf\":{\"@id\":\"https:\\\/\\\/www.strassenweb.de\\\/nachrichten\\\/#website\"},\"datePublished\":\"2024-10-09T09:49:04+00:00\",\"breadcrumb\":{\"@id\":\"https:\\\/\\\/www.strassenweb.de\\\/nachrichten\\\/mauersegler-die-durch-kalte-und-nasse-quellen-verzoegert-werden-haben-mit-dem-klimawandel-zunehmende-probleme\\\/#breadcrumb\"},\"inLanguage\":\"de\",\"potentialAction\":[{\"@type\":\"ReadAction\",\"target\":[\"https:\\\/\\\/www.strassenweb.de\\\/nachrichten\\\/mauersegler-die-durch-kalte-und-nasse-quellen-verzoegert-werden-haben-mit-dem-klimawandel-zunehmende-probleme\\\/\"]}]},{\"@type\":\"BreadcrumbList\",\"@id\":\"https:\\\/\\\/www.strassenweb.de\\\/nachrichten\\\/mauersegler-die-durch-kalte-und-nasse-quellen-verzoegert-werden-haben-mit-dem-klimawandel-zunehmende-probleme\\\/#breadcrumb\",\"itemListElement\":[{\"@type\":\"ListItem\",\"position\":1,\"name\":\"Home\",\"item\":\"https:\\\/\\\/www.strassenweb.de\\\/nachrichten\\\/\"},{\"@type\":\"ListItem\",\"position\":2,\"name\":\"Mauersegler, die durch kalte und nasse Quellen verz\u00f6gert werden, haben mit dem Klimawandel zunehmende Probleme\"}]},{\"@type\":\"WebSite\",\"@id\":\"https:\\\/\\\/www.strassenweb.de\\\/nachrichten\\\/#website\",\"url\":\"https:\\\/\\\/www.strassenweb.de\\\/nachrichten\\\/\",\"name\":\"Stra\u00dfenweb\",\"description\":\"Stra\u00dfenverzeichnis f\u00fcr Deutschland\",\"publisher\":{\"@id\":\"https:\\\/\\\/www.strassenweb.de\\\/nachrichten\\\/#organization\"},\"potentialAction\":[{\"@type\":\"SearchAction\",\"target\":{\"@type\":\"EntryPoint\",\"urlTemplate\":\"https:\\\/\\\/www.strassenweb.de\\\/nachrichten\\\/?s={search_term_string}\"},\"query-input\":{\"@type\":\"PropertyValueSpecification\",\"valueRequired\":true,\"valueName\":\"search_term_string\"}}],\"inLanguage\":\"de\"},{\"@type\":\"Organization\",\"@id\":\"https:\\\/\\\/www.strassenweb.de\\\/nachrichten\\\/#organization\",\"name\":\"Stra\u00dfenweb\",\"url\":\"https:\\\/\\\/www.strassenweb.de\\\/nachrichten\\\/\",\"logo\":{\"@type\":\"ImageObject\",\"inLanguage\":\"de\",\"@id\":\"https:\\\/\\\/www.strassenweb.de\\\/nachrichten\\\/#\\\/schema\\\/logo\\\/image\\\/\",\"url\":\"https:\\\/\\\/www.strassenweb.de\\\/nachrichten\\\/wp-content\\\/uploads\\\/2024\\\/09\\\/cropped-favicon.png\",\"contentUrl\":\"https:\\\/\\\/www.strassenweb.de\\\/nachrichten\\\/wp-content\\\/uploads\\\/2024\\\/09\\\/cropped-favicon.png\",\"width\":512,\"height\":512,\"caption\":\"Stra\u00dfenweb\"},\"image\":{\"@id\":\"https:\\\/\\\/www.strassenweb.de\\\/nachrichten\\\/#\\\/schema\\\/logo\\\/image\\\/\"},\"sameAs\":[\"https:\\\/\\\/www.facebook.com\\\/strassenweb\\\/\"]},{\"@type\":\"Person\",\"@id\":\"https:\\\/\\\/www.strassenweb.de\\\/nachrichten\\\/#\\\/schema\\\/person\\\/87c9c9067f1211da429a744dc5a5aa41\",\"name\":\"Robert Hoffmann\",\"image\":{\"@type\":\"ImageObject\",\"inLanguage\":\"de\",\"@id\":\"https:\\\/\\\/www.strassenweb.de\\\/nachrichten\\\/wp-content\\\/uploads\\\/2024\\\/09\\\/strassenweb-150x150.jpg\",\"url\":\"https:\\\/\\\/www.strassenweb.de\\\/nachrichten\\\/wp-content\\\/uploads\\\/2024\\\/09\\\/strassenweb-150x150.jpg\",\"contentUrl\":\"https:\\\/\\\/www.strassenweb.de\\\/nachrichten\\\/wp-content\\\/uploads\\\/2024\\\/09\\\/strassenweb-150x150.jpg\",\"caption\":\"Robert Hoffmann\"},\"description\":\"Ich hei\u00dfe Robert Hoffmann und ich bin ein leidenschaftlicher Verfechter von \u00d6kologie und Biodiversit\u00e4t. Seit meiner Kindheit in den W\u00e4ldern Bayerns f\u00fchle ich mich mit der Natur verbunden und bin entschlossen, sie zu sch\u00fctzen. Heute widme ich mein Leben der Sensibilisierung anderer f\u00fcr die Bedeutung des Umweltschutzes f\u00fcr zuk\u00fcnftige Generationen.\",\"sameAs\":[\"https:\\\/\\\/www.strassenweb.de\\\/\"]}]}<\/script>\n<!-- \/ Yoast SEO plugin. -->","yoast_head_json":{"title":"Mauersegler, die durch kalte und nasse Quellen verz\u00f6gert werden, haben mit dem Klimawandel zunehmende Probleme - Nachrichten - Stra\u00dfenweb","robots":{"index":"index","follow":"follow","max-snippet":"max-snippet:-1","max-image-preview":"max-image-preview:large","max-video-preview":"max-video-preview:-1"},"canonical":"https:\/\/www.strassenweb.de\/nachrichten\/mauersegler-die-durch-kalte-und-nasse-quellen-verzoegert-werden-haben-mit-dem-klimawandel-zunehmende-probleme\/","og_locale":"de_DE","og_type":"article","og_title":"Mauersegler, die durch kalte und nasse Quellen verz\u00f6gert werden, haben mit dem Klimawandel zunehmende Probleme - Nachrichten - Stra\u00dfenweb","og_description":"Das Wetter ist w\u00e4rmer und die N\u00e4chte sind heller. Was sind das f\u00fcr schwarze, geschwungene Silhouetten, die sich am Himmel winden? Angenommen, Sie beobachten V\u00f6gel","og_url":"https:\/\/www.strassenweb.de\/nachrichten\/mauersegler-die-durch-kalte-und-nasse-quellen-verzoegert-werden-haben-mit-dem-klimawandel-zunehmende-probleme\/","og_site_name":"Stra\u00dfenweb","article_publisher":"https:\/\/www.facebook.com\/strassenweb\/","article_published_time":"2024-10-09T09:49:04+00:00","og_image":[{"width":294,"height":58,"url":"https:\/\/www.strassenweb.de\/nachrichten\/wp-content\/uploads\/2024\/09\/logo.png","type":"image\/png"}],"author":"Robert Hoffmann","twitter_card":"summary_large_image","twitter_misc":{"Verfasst von":"Robert Hoffmann","Gesch\u00e4tzte Lesezeit":"5\u00a0Minuten"},"schema":{"@context":"https:\/\/schema.org","@graph":[{"@type":"Article","@id":"https:\/\/www.strassenweb.de\/nachrichten\/mauersegler-die-durch-kalte-und-nasse-quellen-verzoegert-werden-haben-mit-dem-klimawandel-zunehmende-probleme\/#article","isPartOf":{"@id":"https:\/\/www.strassenweb.de\/nachrichten\/mauersegler-die-durch-kalte-und-nasse-quellen-verzoegert-werden-haben-mit-dem-klimawandel-zunehmende-probleme\/"},"author":{"name":"Robert Hoffmann","@id":"https:\/\/www.strassenweb.de\/nachrichten\/#\/schema\/person\/87c9c9067f1211da429a744dc5a5aa41"},"headline":"Mauersegler, die durch kalte und nasse Quellen verz\u00f6gert werden, haben mit dem Klimawandel zunehmende Probleme","datePublished":"2024-10-09T09:49:04+00:00","mainEntityOfPage":{"@id":"https:\/\/www.strassenweb.de\/nachrichten\/mauersegler-die-durch-kalte-und-nasse-quellen-verzoegert-werden-haben-mit-dem-klimawandel-zunehmende-probleme\/"},"wordCount":917,"publisher":{"@id":"https:\/\/www.strassenweb.de\/nachrichten\/#organization"},"keywords":["dem","die","durch","haben","K\u00e4lte","Klimawandel","Mauersegler","mit","nasse","Probleme","Quellen","und","verz\u00f6gert","werden","zunehmende"],"articleSection":["\u00d6kologie"],"inLanguage":"de"},{"@type":"WebPage","@id":"https:\/\/www.strassenweb.de\/nachrichten\/mauersegler-die-durch-kalte-und-nasse-quellen-verzoegert-werden-haben-mit-dem-klimawandel-zunehmende-probleme\/","url":"https:\/\/www.strassenweb.de\/nachrichten\/mauersegler-die-durch-kalte-und-nasse-quellen-verzoegert-werden-haben-mit-dem-klimawandel-zunehmende-probleme\/","name":"Mauersegler, die durch kalte und nasse Quellen verz\u00f6gert werden, haben mit dem Klimawandel zunehmende Probleme - Nachrichten - Stra\u00dfenweb","isPartOf":{"@id":"https:\/\/www.strassenweb.de\/nachrichten\/#website"},"datePublished":"2024-10-09T09:49:04+00:00","breadcrumb":{"@id":"https:\/\/www.strassenweb.de\/nachrichten\/mauersegler-die-durch-kalte-und-nasse-quellen-verzoegert-werden-haben-mit-dem-klimawandel-zunehmende-probleme\/#breadcrumb"},"inLanguage":"de","potentialAction":[{"@type":"ReadAction","target":["https:\/\/www.strassenweb.de\/nachrichten\/mauersegler-die-durch-kalte-und-nasse-quellen-verzoegert-werden-haben-mit-dem-klimawandel-zunehmende-probleme\/"]}]},{"@type":"BreadcrumbList","@id":"https:\/\/www.strassenweb.de\/nachrichten\/mauersegler-die-durch-kalte-und-nasse-quellen-verzoegert-werden-haben-mit-dem-klimawandel-zunehmende-probleme\/#breadcrumb","itemListElement":[{"@type":"ListItem","position":1,"name":"Home","item":"https:\/\/www.strassenweb.de\/nachrichten\/"},{"@type":"ListItem","position":2,"name":"Mauersegler, die durch kalte und nasse Quellen verz\u00f6gert werden, haben mit dem Klimawandel zunehmende Probleme"}]},{"@type":"WebSite","@id":"https:\/\/www.strassenweb.de\/nachrichten\/#website","url":"https:\/\/www.strassenweb.de\/nachrichten\/","name":"Stra\u00dfenweb","description":"Stra\u00dfenverzeichnis f\u00fcr Deutschland","publisher":{"@id":"https:\/\/www.strassenweb.de\/nachrichten\/#organization"},"potentialAction":[{"@type":"SearchAction","target":{"@type":"EntryPoint","urlTemplate":"https:\/\/www.strassenweb.de\/nachrichten\/?s={search_term_string}"},"query-input":{"@type":"PropertyValueSpecification","valueRequired":true,"valueName":"search_term_string"}}],"inLanguage":"de"},{"@type":"Organization","@id":"https:\/\/www.strassenweb.de\/nachrichten\/#organization","name":"Stra\u00dfenweb","url":"https:\/\/www.strassenweb.de\/nachrichten\/","logo":{"@type":"ImageObject","inLanguage":"de","@id":"https:\/\/www.strassenweb.de\/nachrichten\/#\/schema\/logo\/image\/","url":"https:\/\/www.strassenweb.de\/nachrichten\/wp-content\/uploads\/2024\/09\/cropped-favicon.png","contentUrl":"https:\/\/www.strassenweb.de\/nachrichten\/wp-content\/uploads\/2024\/09\/cropped-favicon.png","width":512,"height":512,"caption":"Stra\u00dfenweb"},"image":{"@id":"https:\/\/www.strassenweb.de\/nachrichten\/#\/schema\/logo\/image\/"},"sameAs":["https:\/\/www.facebook.com\/strassenweb\/"]},{"@type":"Person","@id":"https:\/\/www.strassenweb.de\/nachrichten\/#\/schema\/person\/87c9c9067f1211da429a744dc5a5aa41","name":"Robert Hoffmann","image":{"@type":"ImageObject","inLanguage":"de","@id":"https:\/\/www.strassenweb.de\/nachrichten\/wp-content\/uploads\/2024\/09\/strassenweb-150x150.jpg","url":"https:\/\/www.strassenweb.de\/nachrichten\/wp-content\/uploads\/2024\/09\/strassenweb-150x150.jpg","contentUrl":"https:\/\/www.strassenweb.de\/nachrichten\/wp-content\/uploads\/2024\/09\/strassenweb-150x150.jpg","caption":"Robert Hoffmann"},"description":"Ich hei\u00dfe Robert Hoffmann und ich bin ein leidenschaftlicher Verfechter von \u00d6kologie und Biodiversit\u00e4t. Seit meiner Kindheit in den W\u00e4ldern Bayerns f\u00fchle ich mich mit der Natur verbunden und bin entschlossen, sie zu sch\u00fctzen. Heute widme ich mein Leben der Sensibilisierung anderer f\u00fcr die Bedeutung des Umweltschutzes f\u00fcr zuk\u00fcnftige Generationen.","sameAs":["https:\/\/www.strassenweb.de\/"]}]}},"_links":{"self":[{"href":"https:\/\/www.strassenweb.de\/nachrichten\/wp-json\/wp\/v2\/posts\/758","targetHints":{"allow":["GET"]}}],"collection":[{"href":"https:\/\/www.strassenweb.de\/nachrichten\/wp-json\/wp\/v2\/posts"}],"about":[{"href":"https:\/\/www.strassenweb.de\/nachrichten\/wp-json\/wp\/v2\/types\/post"}],"author":[{"embeddable":true,"href":"https:\/\/www.strassenweb.de\/nachrichten\/wp-json\/wp\/v2\/users\/1"}],"replies":[{"embeddable":true,"href":"https:\/\/www.strassenweb.de\/nachrichten\/wp-json\/wp\/v2\/comments?post=758"}],"version-history":[{"count":0,"href":"https:\/\/www.strassenweb.de\/nachrichten\/wp-json\/wp\/v2\/posts\/758\/revisions"}],"wp:attachment":[{"href":"https:\/\/www.strassenweb.de\/nachrichten\/wp-json\/wp\/v2\/media?parent=758"}],"wp:term":[{"taxonomy":"category","embeddable":true,"href":"https:\/\/www.strassenweb.de\/nachrichten\/wp-json\/wp\/v2\/categories?post=758"},{"taxonomy":"post_tag","embeddable":true,"href":"https:\/\/www.strassenweb.de\/nachrichten\/wp-json\/wp\/v2\/tags?post=758"}],"curies":[{"name":"wp","href":"https:\/\/api.w.org\/{rel}","templated":true}]}}