{"id":7562,"date":"2025-09-08T17:50:20","date_gmt":"2025-09-08T15:50:20","guid":{"rendered":"https:\/\/www.strassenweb.de\/nachrichten\/kampagne-zum-speichern-von-coul-links\/"},"modified":"2025-09-08T17:50:21","modified_gmt":"2025-09-08T15:50:21","slug":"kampagne-zum-speichern-von-coul-links","status":"publish","type":"post","link":"https:\/\/www.strassenweb.de\/nachrichten\/kampagne-zum-speichern-von-coul-links\/","title":{"rendered":"Kampagne zum Speichern von Coul -Links"},"content":{"rendered":"<p><strong>Kampagne zum Speichern von Coul -Links Aufrufe f\u00fcr alle, um diesen besonderen Ort f\u00fcr Wildtiere zu verteidigen und sicherzustellen, dass er vor sch\u00e4dlicher Entwicklung gesch\u00fctzt bleibt<\/strong><\/p>\n<ul class=\"wp-block-list\">\n<li>Die Zukunft von Coul Links, ein nationaler und international wichtiger Ort f\u00fcr die Natur, soll von den Ministern nach einer \u00f6ffentlichen Untersuchung des Planungsantrags entschieden werden, in dem das Gebiet irreparabel besch\u00e4digt wird, um Platz f\u00fcr einen Golfplatz zu machen.<\/li>\n<li>Eine Koalition von Naturschutzorganisationen ermutigt die Menschen, sich in Holyrood zu wenden, um die Aufforderung zur Ablehnung der Entwicklung des Golfplatzes zu unterst\u00fctzen.<\/li>\n<li>Coul Links ist eine erstaunliche, sch\u00f6ne K\u00fcstenlandschaft, in der eine komplexe und vielf\u00e4ltige Mischung aus Pflanzen und Tieren beheimatet ist, von denen einige sehr selten sind. Der Schutz von Coul -Verbindungen ist f\u00fcr die Bem\u00fchungen Schottlands, die Natur und die wichtigen Lebensr\u00e4ume zu sch\u00fctzen, die Arten gedeihen m\u00fcssen, von entscheidender Bedeutung.<\/li>\n<\/ul>\n<p>Angesichts der Zukunft von Coul -Links, die von schottischen Ministern entschieden werden sollen, fordert eine Koalition von Naturschutzorganisationen die \u00d6ffentlichkeit auf, zusammenzukommen und Politiker zu fordern, um sicherzustellen, dass gesch\u00fctzte Standorte in Schottland vor sch\u00e4dlichen Entwicklungen gesch\u00fctzt bleiben.<\/p>\n<p>Coul Links ist ein einzigartiger und sch\u00f6ner, windgepeitschter Ort an der K\u00fcste East Sutherland. Die erstaunliche nat\u00fcrliche Landschaft von rollenden Sandd\u00fcnen beherbergt viele Pflanzen und Tiere, von denen einige sehr selten sind. Auf der Website befindet sich auch ein global gef\u00e4hrdetes Insekt, die Samenfliege von Fonseca (<em>Botanophila Fonsecai<\/em>), und ist Teil von drei rechtlich gesch\u00fctzten Nature: ein national wichtiger Ort mit besonderem wissenschaftlichem Interesse (SSSI), ein international wichtiges Spezialschutzgebiet (Spa) f\u00fcr V\u00f6gel und ein international wichtiges Feuchtgebiet Ramsar.<\/p>\n<p>Obwohl das Gebiet f\u00fcr Wildtiere und Natur als wichtig bezeichnet wird, ist ein kontroverser Plan, das Gebiet in einen Golfplatz zu verwandeln, wieder vor den Ministern der schottischen Regierung. Nach einem sehr \u00e4hnlichen Vorschlag im Jahr 2020 pr\u00fcfen die Minister in Holyrood die Empfehlungen von Regierungsbeamten nach einer \u00f6ffentlichen Untersuchung. Sie werden nun eine Entscheidung treffen, die das Schicksal des Gebiets bestimmt.<\/p>\n<p>Eine Naturschutzkoalition von Buglife, Butterfly Conservation Scotland, Marine Conservation Society, National Trust f\u00fcr Schottland, Plantlife Scotland, RSPB Scotland und Scottish Wildlife Trust sind gegen die sch\u00e4dlichen Vorschl\u00e4ge bei Coul Links.<\/p>\n<p>Der j\u00fcngste Antrag auf einen 18-Loch-Golfplatz wurde im Jahr 2023 eingereicht. Trotz der Einw\u00e4nde von Hunderten von Menschen, Naturschutzorganisationen und den eigenen Beratern der Regierung bei Naturescot stimmte das Planungsausschuss des Highland Council knapp gegen die Empfehlung ihrer eigenen Planungsbeamten, den Antrag zu genehmigen. Anschlie\u00dfend forderten Tausende von Menschen schottische Minister auf, den Antrag zu &#8222;einrufen&#8220;, was zu einer \u00f6ffentlichen Untersuchung f\u00fchrte, bevor eine ministerielle Entscheidung ist.<\/p>\n<p>Die Bedrohung f\u00fcr diesen kostbaren Sanddune -Lebensraum entsteht vor dem Hintergrund der Natur und des Klimas. Laut dem j\u00fcngsten Bericht des Natural State of Nature ist die Tierwelt in Schottland bedroht, wobei 43% der Arten im R\u00fcckgang und eines von neun Risiken des nationalen Aussterbens ausgesetzt sind. Die schottische Regierung hat sich auf der internationalen B\u00fchne verpflichtet, bis 2030 mindestens 30% des Schottlandlandes und Meeres f\u00fcr die Natur zu sch\u00fctzen, und setzt sich f\u00fcr die Wiederherstellung und Wiederherstellung der Natur bis 2045 ein. Planungsentscheidungen m\u00fcssen umfassendere Richtlinien und Verpflichtungen f\u00fcr Menschen, Klima und Natur unterst\u00fctzen.<\/p>\n<p><strong>Craig Macadam, Co-Leader und Direktor f\u00fcr Naturschutz bei BugLife, sagte:<\/strong> &#8222;Wenn diese Entwicklung weitergeht, wird sie weitreichende und verheerende Auswirkungen auf die wichtigen wirbellosen Gemeinschaften von Coul-Links haben. Wir haben zuvor um Coul-Links gek\u00e4mpft und mit Hilfe der \u00d6ffentlichkeit gewonnen.<\/p>\n<p><strong>Dan Hoare, Regisseur<\/strong> \u201eCoul Links beherbergt eine vielf\u00e4ltige Ansammlung von Schmetterlingen und Motten, darunter mehrere seltene und bedrohte Arten wie den n\u00f6rdlichen Brown Argus, Portland Moth und das \u00e4u\u00dferst seltene n\u00f6rdliche Grundlagen. Die Entwicklung eines Golfplatzes wird eine Katastrophe f\u00fcr diese spezialisierten Spezies bedeuten, die sich auf diese einzigartigen Dunes als ihr Zuhause verlassen.\u201c<\/p>\n<p><strong>Stuart Brooks, Direktor f\u00fcr Naturschutz und Politik bei National Trust f\u00fcr Schottland, sagte:<\/strong> \u201eWir m\u00f6chten, dass jeder in Schottland weiterhin in der Lage ist, diese sch\u00f6ne, wilde Landschaft zu erreichen und zu genie\u00dfen, und wir bitten die schottische Regierung Coul -Verbindungen vor dieser sch\u00e4dlichen Entwicklung.\u201c<\/p>\n<p><strong>Alistair Whyte, Leiter von Plantlife Scotland, sagte:<\/strong> \u201eNoch einmal ist es Zeit f\u00fcr schottische Minister zu demonstrieren, dass rechtlich gesch\u00fctzte Wildtierstandorte genau das sind-Orte, die Schutz f\u00fcr Wildtiere in einer Welt sind, die zunehmend Lebensr\u00e4ume und Arten an den Rand des Aussterbens schieben. Zeit f\u00fcr die schottische Regierung, das Richtige zu tun und diesen Planungsantrag abzulehnen. \u201c<\/p>\n<p><strong>Anne McCall, Direktorin von RSPB Scotland, sagte:<\/strong> \u201eDie Wildtiere, die wir lieben, wird an den Rand gedr\u00e4ngt, und damit sich Arten erholt, m\u00fcssen wir die Orte sch\u00fctzen, die f\u00fcr die Natur am wichtigsten sind. Immer wieder Menschen in Schottland und dar\u00fcber hinaus haben wir uns f\u00fcr die Natur eingesetzt.<\/p>\n<p><strong>Jo Pike, Gesch\u00e4ftsf\u00fchrer des Scottish Wildlife Trust, sagte:<\/strong> \u201eWir sind in fast allen Aspekten unseres Lebens auf die Natur angewiesen, und jetzt h\u00e4ngt es von uns bei Coul-Links ab. Die Menschen in Schottland haben diese besondere Landschaft bereits vor sch\u00e4dlichen Entwicklungen gerettet, aber wir brauchen Ihre Hilfe, um dies erneut zu tun. Indem wir die schottische Regierung zur Rechenschaft zu ihren eigenen Ambitionen f\u00fcr die Naturrestauration halten, k\u00f6nnen wir Coul-Links sch\u00fctzen und helfen, eine Naturfunktion zu bauen.\u201c<\/p>\n<p>Um eine Nachricht an die Regierung zu senden und die Naturschutzkoalition beim Schutz dieses einzigartigen Sanddune -Lebensraums und ihrer Tierwelt zu unterst\u00fctzen   <\/p>\n<p><em>Fotokredit: Drake Teal, Anas Crecca, F\u00fctterung von Schlamm. Brownsea Island Dorset Wildlife Trust Reserve. Dorset, England. M\u00e4rz 2006. Andy Hay (rspb-images.com)<\/em><\/p><\/p>\n","protected":false},"excerpt":{"rendered":"<p>Kampagne zum Speichern von Coul -Links Aufrufe f\u00fcr alle, um diesen besonderen Ort f\u00fcr Wildtiere zu verteidigen und sicherzustellen, dass er vor sch\u00e4dlicher Entwicklung gesch\u00fctzt<\/p>\n","protected":false},"author":1,"featured_media":7563,"comment_status":"closed","ping_status":"","sticky":false,"template":"","format":"standard","meta":{"footnotes":""},"categories":[101],"tags":[9997,5130,9998,5742,21,67],"class_list":["post-7562","post","type-post","status-publish","format-standard","has-post-thumbnail","hentry","category-oekologie","tag-coul","tag-kampagne","tag-links","tag-speichern","tag-von","tag-zum","generate-columns","tablet-grid-50","mobile-grid-100","grid-parent","grid-50"],"yoast_head":"<!-- This site is optimized with the Yoast SEO plugin v27.3 - https:\/\/yoast.com\/product\/yoast-seo-wordpress\/ -->\n<title>Kampagne zum Speichern von Coul -Links - Nachrichten - Stra\u00dfenweb<\/title>\n<meta name=\"robots\" content=\"index, follow, max-snippet:-1, max-image-preview:large, max-video-preview:-1\" \/>\n<link rel=\"canonical\" href=\"https:\/\/www.strassenweb.de\/nachrichten\/kampagne-zum-speichern-von-coul-links\/\" \/>\n<meta property=\"og:locale\" content=\"de_DE\" \/>\n<meta property=\"og:type\" content=\"article\" \/>\n<meta property=\"og:title\" content=\"Kampagne zum Speichern von Coul -Links - Nachrichten - Stra\u00dfenweb\" \/>\n<meta property=\"og:description\" content=\"Kampagne zum Speichern von Coul -Links Aufrufe f\u00fcr alle, um diesen besonderen Ort f\u00fcr Wildtiere zu verteidigen und sicherzustellen, dass er vor sch\u00e4dlicher Entwicklung gesch\u00fctzt\" \/>\n<meta property=\"og:url\" content=\"https:\/\/www.strassenweb.de\/nachrichten\/kampagne-zum-speichern-von-coul-links\/\" \/>\n<meta property=\"og:site_name\" content=\"Stra\u00dfenweb\" \/>\n<meta property=\"article:publisher\" content=\"https:\/\/www.facebook.com\/strassenweb\/\" \/>\n<meta property=\"article:published_time\" content=\"2025-09-08T15:50:20+00:00\" \/>\n<meta property=\"article:modified_time\" content=\"2025-09-08T15:50:21+00:00\" \/>\n<meta property=\"og:image\" content=\"https:\/\/www.strassenweb.de\/nachrichten\/wp-content\/uploads\/2025\/09\/Kampagne-zum-Speichern-von-Coul-Links.jpg\" \/>\n\t<meta property=\"og:image:width\" content=\"900\" \/>\n\t<meta property=\"og:image:height\" content=\"600\" \/>\n\t<meta property=\"og:image:type\" content=\"image\/jpeg\" \/>\n<meta name=\"author\" content=\"Robert Hoffmann\" \/>\n<meta name=\"twitter:card\" content=\"summary_large_image\" \/>\n<meta name=\"twitter:label1\" content=\"Verfasst von\" \/>\n\t<meta name=\"twitter:data1\" content=\"Robert Hoffmann\" \/>\n\t<meta name=\"twitter:label2\" content=\"Gesch\u00e4tzte Lesezeit\" \/>\n\t<meta name=\"twitter:data2\" content=\"5\u00a0Minuten\" \/>\n<script type=\"application\/ld+json\" class=\"yoast-schema-graph\">{\"@context\":\"https:\\\/\\\/schema.org\",\"@graph\":[{\"@type\":\"Article\",\"@id\":\"https:\\\/\\\/www.strassenweb.de\\\/nachrichten\\\/kampagne-zum-speichern-von-coul-links\\\/#article\",\"isPartOf\":{\"@id\":\"https:\\\/\\\/www.strassenweb.de\\\/nachrichten\\\/kampagne-zum-speichern-von-coul-links\\\/\"},\"author\":{\"name\":\"Robert Hoffmann\",\"@id\":\"https:\\\/\\\/www.strassenweb.de\\\/nachrichten\\\/#\\\/schema\\\/person\\\/87c9c9067f1211da429a744dc5a5aa41\"},\"headline\":\"Kampagne zum Speichern von Coul -Links\",\"datePublished\":\"2025-09-08T15:50:20+00:00\",\"dateModified\":\"2025-09-08T15:50:21+00:00\",\"mainEntityOfPage\":{\"@id\":\"https:\\\/\\\/www.strassenweb.de\\\/nachrichten\\\/kampagne-zum-speichern-von-coul-links\\\/\"},\"wordCount\":954,\"publisher\":{\"@id\":\"https:\\\/\\\/www.strassenweb.de\\\/nachrichten\\\/#organization\"},\"image\":{\"@id\":\"https:\\\/\\\/www.strassenweb.de\\\/nachrichten\\\/kampagne-zum-speichern-von-coul-links\\\/#primaryimage\"},\"thumbnailUrl\":\"https:\\\/\\\/www.strassenweb.de\\\/nachrichten\\\/wp-content\\\/uploads\\\/2025\\\/09\\\/Kampagne-zum-Speichern-von-Coul-Links.jpg\",\"keywords\":[\"Coul\",\"Kampagne\",\"Links\",\"speichern\",\"von\",\"zum\"],\"articleSection\":[\"\u00d6kologie\"],\"inLanguage\":\"de\"},{\"@type\":\"WebPage\",\"@id\":\"https:\\\/\\\/www.strassenweb.de\\\/nachrichten\\\/kampagne-zum-speichern-von-coul-links\\\/\",\"url\":\"https:\\\/\\\/www.strassenweb.de\\\/nachrichten\\\/kampagne-zum-speichern-von-coul-links\\\/\",\"name\":\"Kampagne zum Speichern von Coul -Links - Nachrichten - Stra\u00dfenweb\",\"isPartOf\":{\"@id\":\"https:\\\/\\\/www.strassenweb.de\\\/nachrichten\\\/#website\"},\"primaryImageOfPage\":{\"@id\":\"https:\\\/\\\/www.strassenweb.de\\\/nachrichten\\\/kampagne-zum-speichern-von-coul-links\\\/#primaryimage\"},\"image\":{\"@id\":\"https:\\\/\\\/www.strassenweb.de\\\/nachrichten\\\/kampagne-zum-speichern-von-coul-links\\\/#primaryimage\"},\"thumbnailUrl\":\"https:\\\/\\\/www.strassenweb.de\\\/nachrichten\\\/wp-content\\\/uploads\\\/2025\\\/09\\\/Kampagne-zum-Speichern-von-Coul-Links.jpg\",\"datePublished\":\"2025-09-08T15:50:20+00:00\",\"dateModified\":\"2025-09-08T15:50:21+00:00\",\"breadcrumb\":{\"@id\":\"https:\\\/\\\/www.strassenweb.de\\\/nachrichten\\\/kampagne-zum-speichern-von-coul-links\\\/#breadcrumb\"},\"inLanguage\":\"de\",\"potentialAction\":[{\"@type\":\"ReadAction\",\"target\":[\"https:\\\/\\\/www.strassenweb.de\\\/nachrichten\\\/kampagne-zum-speichern-von-coul-links\\\/\"]}]},{\"@type\":\"ImageObject\",\"inLanguage\":\"de\",\"@id\":\"https:\\\/\\\/www.strassenweb.de\\\/nachrichten\\\/kampagne-zum-speichern-von-coul-links\\\/#primaryimage\",\"url\":\"https:\\\/\\\/www.strassenweb.de\\\/nachrichten\\\/wp-content\\\/uploads\\\/2025\\\/09\\\/Kampagne-zum-Speichern-von-Coul-Links.jpg\",\"contentUrl\":\"https:\\\/\\\/www.strassenweb.de\\\/nachrichten\\\/wp-content\\\/uploads\\\/2025\\\/09\\\/Kampagne-zum-Speichern-von-Coul-Links.jpg\",\"width\":900,\"height\":600,\"caption\":\"Campaign to save Coul Links\"},{\"@type\":\"BreadcrumbList\",\"@id\":\"https:\\\/\\\/www.strassenweb.de\\\/nachrichten\\\/kampagne-zum-speichern-von-coul-links\\\/#breadcrumb\",\"itemListElement\":[{\"@type\":\"ListItem\",\"position\":1,\"name\":\"Home\",\"item\":\"https:\\\/\\\/www.strassenweb.de\\\/nachrichten\\\/\"},{\"@type\":\"ListItem\",\"position\":2,\"name\":\"Kampagne zum Speichern von Coul -Links\"}]},{\"@type\":\"WebSite\",\"@id\":\"https:\\\/\\\/www.strassenweb.de\\\/nachrichten\\\/#website\",\"url\":\"https:\\\/\\\/www.strassenweb.de\\\/nachrichten\\\/\",\"name\":\"Stra\u00dfenweb\",\"description\":\"Stra\u00dfenverzeichnis f\u00fcr Deutschland\",\"publisher\":{\"@id\":\"https:\\\/\\\/www.strassenweb.de\\\/nachrichten\\\/#organization\"},\"potentialAction\":[{\"@type\":\"SearchAction\",\"target\":{\"@type\":\"EntryPoint\",\"urlTemplate\":\"https:\\\/\\\/www.strassenweb.de\\\/nachrichten\\\/?s={search_term_string}\"},\"query-input\":{\"@type\":\"PropertyValueSpecification\",\"valueRequired\":true,\"valueName\":\"search_term_string\"}}],\"inLanguage\":\"de\"},{\"@type\":\"Organization\",\"@id\":\"https:\\\/\\\/www.strassenweb.de\\\/nachrichten\\\/#organization\",\"name\":\"Stra\u00dfenweb\",\"url\":\"https:\\\/\\\/www.strassenweb.de\\\/nachrichten\\\/\",\"logo\":{\"@type\":\"ImageObject\",\"inLanguage\":\"de\",\"@id\":\"https:\\\/\\\/www.strassenweb.de\\\/nachrichten\\\/#\\\/schema\\\/logo\\\/image\\\/\",\"url\":\"https:\\\/\\\/www.strassenweb.de\\\/nachrichten\\\/wp-content\\\/uploads\\\/2024\\\/09\\\/cropped-favicon.png\",\"contentUrl\":\"https:\\\/\\\/www.strassenweb.de\\\/nachrichten\\\/wp-content\\\/uploads\\\/2024\\\/09\\\/cropped-favicon.png\",\"width\":512,\"height\":512,\"caption\":\"Stra\u00dfenweb\"},\"image\":{\"@id\":\"https:\\\/\\\/www.strassenweb.de\\\/nachrichten\\\/#\\\/schema\\\/logo\\\/image\\\/\"},\"sameAs\":[\"https:\\\/\\\/www.facebook.com\\\/strassenweb\\\/\"]},{\"@type\":\"Person\",\"@id\":\"https:\\\/\\\/www.strassenweb.de\\\/nachrichten\\\/#\\\/schema\\\/person\\\/87c9c9067f1211da429a744dc5a5aa41\",\"name\":\"Robert Hoffmann\",\"image\":{\"@type\":\"ImageObject\",\"inLanguage\":\"de\",\"@id\":\"https:\\\/\\\/www.strassenweb.de\\\/nachrichten\\\/wp-content\\\/uploads\\\/2024\\\/09\\\/strassenweb-150x150.jpg\",\"url\":\"https:\\\/\\\/www.strassenweb.de\\\/nachrichten\\\/wp-content\\\/uploads\\\/2024\\\/09\\\/strassenweb-150x150.jpg\",\"contentUrl\":\"https:\\\/\\\/www.strassenweb.de\\\/nachrichten\\\/wp-content\\\/uploads\\\/2024\\\/09\\\/strassenweb-150x150.jpg\",\"caption\":\"Robert Hoffmann\"},\"description\":\"Ich hei\u00dfe Robert Hoffmann und ich bin ein leidenschaftlicher Verfechter von \u00d6kologie und Biodiversit\u00e4t. Seit meiner Kindheit in den W\u00e4ldern Bayerns f\u00fchle ich mich mit der Natur verbunden und bin entschlossen, sie zu sch\u00fctzen. Heute widme ich mein Leben der Sensibilisierung anderer f\u00fcr die Bedeutung des Umweltschutzes f\u00fcr zuk\u00fcnftige Generationen.\",\"sameAs\":[\"https:\\\/\\\/www.strassenweb.de\\\/\"]}]}<\/script>\n<!-- \/ Yoast SEO plugin. -->","yoast_head_json":{"title":"Kampagne zum Speichern von Coul -Links - Nachrichten - Stra\u00dfenweb","robots":{"index":"index","follow":"follow","max-snippet":"max-snippet:-1","max-image-preview":"max-image-preview:large","max-video-preview":"max-video-preview:-1"},"canonical":"https:\/\/www.strassenweb.de\/nachrichten\/kampagne-zum-speichern-von-coul-links\/","og_locale":"de_DE","og_type":"article","og_title":"Kampagne zum Speichern von Coul -Links - Nachrichten - Stra\u00dfenweb","og_description":"Kampagne zum Speichern von Coul -Links Aufrufe f\u00fcr alle, um diesen besonderen Ort f\u00fcr Wildtiere zu verteidigen und sicherzustellen, dass er vor sch\u00e4dlicher Entwicklung gesch\u00fctzt","og_url":"https:\/\/www.strassenweb.de\/nachrichten\/kampagne-zum-speichern-von-coul-links\/","og_site_name":"Stra\u00dfenweb","article_publisher":"https:\/\/www.facebook.com\/strassenweb\/","article_published_time":"2025-09-08T15:50:20+00:00","article_modified_time":"2025-09-08T15:50:21+00:00","og_image":[{"width":900,"height":600,"url":"https:\/\/www.strassenweb.de\/nachrichten\/wp-content\/uploads\/2025\/09\/Kampagne-zum-Speichern-von-Coul-Links.jpg","type":"image\/jpeg"}],"author":"Robert Hoffmann","twitter_card":"summary_large_image","twitter_misc":{"Verfasst von":"Robert Hoffmann","Gesch\u00e4tzte Lesezeit":"5\u00a0Minuten"},"schema":{"@context":"https:\/\/schema.org","@graph":[{"@type":"Article","@id":"https:\/\/www.strassenweb.de\/nachrichten\/kampagne-zum-speichern-von-coul-links\/#article","isPartOf":{"@id":"https:\/\/www.strassenweb.de\/nachrichten\/kampagne-zum-speichern-von-coul-links\/"},"author":{"name":"Robert Hoffmann","@id":"https:\/\/www.strassenweb.de\/nachrichten\/#\/schema\/person\/87c9c9067f1211da429a744dc5a5aa41"},"headline":"Kampagne zum Speichern von Coul -Links","datePublished":"2025-09-08T15:50:20+00:00","dateModified":"2025-09-08T15:50:21+00:00","mainEntityOfPage":{"@id":"https:\/\/www.strassenweb.de\/nachrichten\/kampagne-zum-speichern-von-coul-links\/"},"wordCount":954,"publisher":{"@id":"https:\/\/www.strassenweb.de\/nachrichten\/#organization"},"image":{"@id":"https:\/\/www.strassenweb.de\/nachrichten\/kampagne-zum-speichern-von-coul-links\/#primaryimage"},"thumbnailUrl":"https:\/\/www.strassenweb.de\/nachrichten\/wp-content\/uploads\/2025\/09\/Kampagne-zum-Speichern-von-Coul-Links.jpg","keywords":["Coul","Kampagne","Links","speichern","von","zum"],"articleSection":["\u00d6kologie"],"inLanguage":"de"},{"@type":"WebPage","@id":"https:\/\/www.strassenweb.de\/nachrichten\/kampagne-zum-speichern-von-coul-links\/","url":"https:\/\/www.strassenweb.de\/nachrichten\/kampagne-zum-speichern-von-coul-links\/","name":"Kampagne zum Speichern von Coul -Links - Nachrichten - Stra\u00dfenweb","isPartOf":{"@id":"https:\/\/www.strassenweb.de\/nachrichten\/#website"},"primaryImageOfPage":{"@id":"https:\/\/www.strassenweb.de\/nachrichten\/kampagne-zum-speichern-von-coul-links\/#primaryimage"},"image":{"@id":"https:\/\/www.strassenweb.de\/nachrichten\/kampagne-zum-speichern-von-coul-links\/#primaryimage"},"thumbnailUrl":"https:\/\/www.strassenweb.de\/nachrichten\/wp-content\/uploads\/2025\/09\/Kampagne-zum-Speichern-von-Coul-Links.jpg","datePublished":"2025-09-08T15:50:20+00:00","dateModified":"2025-09-08T15:50:21+00:00","breadcrumb":{"@id":"https:\/\/www.strassenweb.de\/nachrichten\/kampagne-zum-speichern-von-coul-links\/#breadcrumb"},"inLanguage":"de","potentialAction":[{"@type":"ReadAction","target":["https:\/\/www.strassenweb.de\/nachrichten\/kampagne-zum-speichern-von-coul-links\/"]}]},{"@type":"ImageObject","inLanguage":"de","@id":"https:\/\/www.strassenweb.de\/nachrichten\/kampagne-zum-speichern-von-coul-links\/#primaryimage","url":"https:\/\/www.strassenweb.de\/nachrichten\/wp-content\/uploads\/2025\/09\/Kampagne-zum-Speichern-von-Coul-Links.jpg","contentUrl":"https:\/\/www.strassenweb.de\/nachrichten\/wp-content\/uploads\/2025\/09\/Kampagne-zum-Speichern-von-Coul-Links.jpg","width":900,"height":600,"caption":"Campaign to save Coul Links"},{"@type":"BreadcrumbList","@id":"https:\/\/www.strassenweb.de\/nachrichten\/kampagne-zum-speichern-von-coul-links\/#breadcrumb","itemListElement":[{"@type":"ListItem","position":1,"name":"Home","item":"https:\/\/www.strassenweb.de\/nachrichten\/"},{"@type":"ListItem","position":2,"name":"Kampagne zum Speichern von Coul -Links"}]},{"@type":"WebSite","@id":"https:\/\/www.strassenweb.de\/nachrichten\/#website","url":"https:\/\/www.strassenweb.de\/nachrichten\/","name":"Stra\u00dfenweb","description":"Stra\u00dfenverzeichnis f\u00fcr Deutschland","publisher":{"@id":"https:\/\/www.strassenweb.de\/nachrichten\/#organization"},"potentialAction":[{"@type":"SearchAction","target":{"@type":"EntryPoint","urlTemplate":"https:\/\/www.strassenweb.de\/nachrichten\/?s={search_term_string}"},"query-input":{"@type":"PropertyValueSpecification","valueRequired":true,"valueName":"search_term_string"}}],"inLanguage":"de"},{"@type":"Organization","@id":"https:\/\/www.strassenweb.de\/nachrichten\/#organization","name":"Stra\u00dfenweb","url":"https:\/\/www.strassenweb.de\/nachrichten\/","logo":{"@type":"ImageObject","inLanguage":"de","@id":"https:\/\/www.strassenweb.de\/nachrichten\/#\/schema\/logo\/image\/","url":"https:\/\/www.strassenweb.de\/nachrichten\/wp-content\/uploads\/2024\/09\/cropped-favicon.png","contentUrl":"https:\/\/www.strassenweb.de\/nachrichten\/wp-content\/uploads\/2024\/09\/cropped-favicon.png","width":512,"height":512,"caption":"Stra\u00dfenweb"},"image":{"@id":"https:\/\/www.strassenweb.de\/nachrichten\/#\/schema\/logo\/image\/"},"sameAs":["https:\/\/www.facebook.com\/strassenweb\/"]},{"@type":"Person","@id":"https:\/\/www.strassenweb.de\/nachrichten\/#\/schema\/person\/87c9c9067f1211da429a744dc5a5aa41","name":"Robert Hoffmann","image":{"@type":"ImageObject","inLanguage":"de","@id":"https:\/\/www.strassenweb.de\/nachrichten\/wp-content\/uploads\/2024\/09\/strassenweb-150x150.jpg","url":"https:\/\/www.strassenweb.de\/nachrichten\/wp-content\/uploads\/2024\/09\/strassenweb-150x150.jpg","contentUrl":"https:\/\/www.strassenweb.de\/nachrichten\/wp-content\/uploads\/2024\/09\/strassenweb-150x150.jpg","caption":"Robert Hoffmann"},"description":"Ich hei\u00dfe Robert Hoffmann und ich bin ein leidenschaftlicher Verfechter von \u00d6kologie und Biodiversit\u00e4t. Seit meiner Kindheit in den W\u00e4ldern Bayerns f\u00fchle ich mich mit der Natur verbunden und bin entschlossen, sie zu sch\u00fctzen. Heute widme ich mein Leben der Sensibilisierung anderer f\u00fcr die Bedeutung des Umweltschutzes f\u00fcr zuk\u00fcnftige Generationen.","sameAs":["https:\/\/www.strassenweb.de\/"]}]}},"_links":{"self":[{"href":"https:\/\/www.strassenweb.de\/nachrichten\/wp-json\/wp\/v2\/posts\/7562","targetHints":{"allow":["GET"]}}],"collection":[{"href":"https:\/\/www.strassenweb.de\/nachrichten\/wp-json\/wp\/v2\/posts"}],"about":[{"href":"https:\/\/www.strassenweb.de\/nachrichten\/wp-json\/wp\/v2\/types\/post"}],"author":[{"embeddable":true,"href":"https:\/\/www.strassenweb.de\/nachrichten\/wp-json\/wp\/v2\/users\/1"}],"replies":[{"embeddable":true,"href":"https:\/\/www.strassenweb.de\/nachrichten\/wp-json\/wp\/v2\/comments?post=7562"}],"version-history":[{"count":0,"href":"https:\/\/www.strassenweb.de\/nachrichten\/wp-json\/wp\/v2\/posts\/7562\/revisions"}],"wp:featuredmedia":[{"embeddable":true,"href":"https:\/\/www.strassenweb.de\/nachrichten\/wp-json\/wp\/v2\/media\/7563"}],"wp:attachment":[{"href":"https:\/\/www.strassenweb.de\/nachrichten\/wp-json\/wp\/v2\/media?parent=7562"}],"wp:term":[{"taxonomy":"category","embeddable":true,"href":"https:\/\/www.strassenweb.de\/nachrichten\/wp-json\/wp\/v2\/categories?post=7562"},{"taxonomy":"post_tag","embeddable":true,"href":"https:\/\/www.strassenweb.de\/nachrichten\/wp-json\/wp\/v2\/tags?post=7562"}],"curies":[{"name":"wp","href":"https:\/\/api.w.org\/{rel}","templated":true}]}}