{"id":7550,"date":"2025-09-08T10:39:32","date_gmt":"2025-09-08T08:39:32","guid":{"rendered":"https:\/\/www.strassenweb.de\/nachrichten\/wer-wusste-dass-sich-der-stilvollste-aufbewahrungsaufbewahrung-im-kinderbereich-versteckte-7-schicke-picks-die-wir-sofort-zum-warenkorb-hinzufuegen\/"},"modified":"2025-09-08T10:39:33","modified_gmt":"2025-09-08T08:39:33","slug":"wer-wusste-dass-sich-der-stilvollste-aufbewahrungsaufbewahrung-im-kinderbereich-versteckte-7-schicke-picks-die-wir-sofort-zum-warenkorb-hinzufuegen","status":"publish","type":"post","link":"https:\/\/www.strassenweb.de\/nachrichten\/wer-wusste-dass-sich-der-stilvollste-aufbewahrungsaufbewahrung-im-kinderbereich-versteckte-7-schicke-picks-die-wir-sofort-zum-warenkorb-hinzufuegen\/","title":{"rendered":"Wer wusste, dass sich der stilvollste Aufbewahrungsaufbewahrung im Kinderbereich versteckte? 7 schicke Picks, die wir sofort zum Warenkorb hinzuf\u00fcgen"},"content":{"rendered":"<p><\/p>\n<div id=\"article-body\" class=\"article__body \">\n<p id=\"18c1ee98-36c1-48bc-81d0-18be07e39126\">Ich verstehe es &#8211; die R\u00fcckseite einer T\u00fcr ist ein bequemer Ort f\u00fcr die Aufbewahrung. Aber meiner Meinung nach sind die meisten Over-the-t\u00fcr-Organisatoren ziemlich unattraktiv. Die Metallrahmen, Kunststofftaschen und die allgemeine Priorisierung der Funktion gegen\u00fcber Form machen diese Ideen f\u00fcr die Heimorganisation so unerw\u00fcnscht.<\/p>\n<div id=\"ad-unit-1\" class=\"ad-unit\"><\/div>\n<p>Aber bei einer k\u00fcrzlich in Pinterest Schriftrolle war ich angenehm \u00fcberrascht, einen Over-the-t\u00fcr-Organisator zu finden, der war <em>Eigentlich s\u00fc\u00df<\/em>. Es bestand aus Stoff, zeigte ein charmantes Gingham -Muster, und jede Tasche hatte reichlich Platz f\u00fcr die Aufbewahrung. Ich habe auf den Link geklickt, um mehr zu erfahren, und wurde auf die Produktseite gebracht, die lautete: &#8218;<em>Over-the-t\u00fcr-Organisator <\/em>&#8211; &#8211;<em>Wesentlich f\u00fcr Kindergarten- und Kleinkindzimmer<\/em>&#8218;. K\u00f6nnte es sein, dass der Kinderabschnitt die st\u00fcndlichste vertikale Aufbewahrung versteckt hat?<\/p>\n<aside data-block-type=\"embed\" data-render-type=\"fte\" data-skip=\"dealsy\" data-widget-type=\"seasonal\" class=\"hawk-base\"><\/aside>\n<p id=\"18c1ee98-36c1-48bc-81d0-18be07e39126-2\">Ich habe gegraben, und wie sich herausstellte, war meine Annahme richtig. Die Kinderabschnitte meiner Lieblings-Heimmarken haben einige der besten Speicherideen, darunter stilvolle Over-the-t\u00fcr-Organisatoren, die nicht Metall oder Kunststoff sind, aber aus Stoff bestehen und charmant sind. Wer h\u00e4tte gedacht?<\/p>\n<div class=\"van_vid_carousel\">\n<div class=\"van_vid_carousel__padding\">\n<div class=\"van_vid_carousel__container\"><\/div>\n<\/div>\n<\/div>\n<div class=\"product-container horizontal-product-container\">\n<div class=\"product-block-row\"><\/div>\n<\/div>\n<p id=\"9624d2c5-d68a-46ff-a407-8e2e7fcfd2bb\">Als jemand, der in einem kleinen Zuhause lebt, muss ich jede platzsparende Idee nutzen, die ich komme-und jede Speicherl\u00f6sung, die die Unordnung von meinen B\u00f6den h\u00e4lt, ist eine gute. Aber es hilft sicherlich, wenn diese Speicherl\u00f6sungen gut aussehen und diese sind <em>definitiv <\/em>Tun.<\/p>\n<div id=\"ad-unit-2\" class=\"ad-unit\"><\/div>\n<p>Suchen Sie unten sechs weitere Over-the-t\u00fcr-Organisatoren, die m\u00f6glicherweise f\u00fcr Kinder gedacht sind, aber \u00fcberall in Ihrem Zuhause und f\u00fcr jeden Zweck verwendet werden k\u00f6nnen. Und hier ist ein kurzer PSA zu diesen Wohnmark -Marken: Die Kinder geben nicht diejenigen aus, die das Geld ausgeben. Machen Sie die s\u00fc\u00dfen Over-the-t\u00fcr-Organisatoren f\u00fcr uns Erwachsene, bitte und danke!<\/p>\n<div class=\"product-container hero-product-container product-block-no-wrap\">\n<div class=\"product-block-row\"><\/div>\n<div class=\"product-block-row\"><\/div>\n<div class=\"product-block-row\"><\/div>\n<div class=\"product-block-row\"><\/div>\n<div class=\"product-block-row\"><\/div>\n<div class=\"product-block-row\"><\/div>\n<\/div>\n<p id=\"7ea98266-8595-4d69-9e4b-e7fbe0837838\">Jetzt wissen wir: Wir k\u00f6nnen die Kinderabschnitte von Wohnkulturgesch\u00e4ften nicht untersch\u00e4tzen. Sie k\u00f6nnten einige der besten Dekor-Funde verstecken, genau wie diese stilvollen Over-the-t\u00fcr-Organisatoren.<\/p>\n<div id=\"slice-container-newsletterForm-articleInbodyContent-W7zrDMQzK6KDqnvN7urXRB\" class=\"slice-container newsletter-inbodyContent-slice newsletterForm-articleInbodyContent-W7zrDMQzK6KDqnvN7urXRB slice-container-newsletterForm\"><\/div>\n<\/div>\n","protected":false},"excerpt":{"rendered":"<p>Ich verstehe es &#8211; die R\u00fcckseite einer T\u00fcr ist ein bequemer Ort f\u00fcr die Aufbewahrung. Aber meiner Meinung nach sind die meisten Over-the-t\u00fcr-Organisatoren ziemlich unattraktiv.<\/p>\n","protected":false},"author":1,"featured_media":7551,"comment_status":"closed","ping_status":"","sticky":false,"template":"","format":"standard","meta":{"footnotes":""},"categories":[118],"tags":[8499,51,81,9,786,9988,4892,2507,142,197,7199,530,9989,9758,411,1615,67],"class_list":["post-7550","post","type-post","status-publish","format-standard","has-post-thumbnail","hentry","category-haus-garten","tag-aufbewahrungsaufbewahrung","tag-dass","tag-der","tag-die","tag-hinzufuegen","tag-kinderbereich","tag-picks","tag-schicke","tag-sich","tag-sofort","tag-stilvollste","tag-versteckte","tag-warenkorb","tag-wer","tag-wir","tag-wusste","tag-zum","generate-columns","tablet-grid-50","mobile-grid-100","grid-parent","grid-50"],"yoast_head":"<!-- This site is optimized with the Yoast SEO plugin v27.3 - https:\/\/yoast.com\/product\/yoast-seo-wordpress\/ -->\n<title>Wer wusste, dass sich der stilvollste Aufbewahrungsaufbewahrung im Kinderbereich versteckte? 7 schicke Picks, die wir sofort zum Warenkorb hinzuf\u00fcgen - Nachrichten - Stra\u00dfenweb<\/title>\n<meta name=\"robots\" content=\"index, follow, max-snippet:-1, max-image-preview:large, max-video-preview:-1\" \/>\n<link rel=\"canonical\" href=\"https:\/\/www.strassenweb.de\/nachrichten\/wer-wusste-dass-sich-der-stilvollste-aufbewahrungsaufbewahrung-im-kinderbereich-versteckte-7-schicke-picks-die-wir-sofort-zum-warenkorb-hinzufuegen\/\" \/>\n<meta property=\"og:locale\" content=\"de_DE\" \/>\n<meta property=\"og:type\" content=\"article\" \/>\n<meta property=\"og:title\" content=\"Wer wusste, dass sich der stilvollste Aufbewahrungsaufbewahrung im Kinderbereich versteckte? 7 schicke Picks, die wir sofort zum Warenkorb hinzuf\u00fcgen - Nachrichten - Stra\u00dfenweb\" \/>\n<meta property=\"og:description\" content=\"Ich verstehe es &#8211; die R\u00fcckseite einer T\u00fcr ist ein bequemer Ort f\u00fcr die Aufbewahrung. Aber meiner Meinung nach sind die meisten Over-the-t\u00fcr-Organisatoren ziemlich unattraktiv.\" \/>\n<meta property=\"og:url\" content=\"https:\/\/www.strassenweb.de\/nachrichten\/wer-wusste-dass-sich-der-stilvollste-aufbewahrungsaufbewahrung-im-kinderbereich-versteckte-7-schicke-picks-die-wir-sofort-zum-warenkorb-hinzufuegen\/\" \/>\n<meta property=\"og:site_name\" content=\"Stra\u00dfenweb\" \/>\n<meta property=\"article:publisher\" content=\"https:\/\/www.facebook.com\/strassenweb\/\" \/>\n<meta property=\"article:published_time\" content=\"2025-09-08T08:39:32+00:00\" \/>\n<meta property=\"article:modified_time\" content=\"2025-09-08T08:39:33+00:00\" \/>\n<meta property=\"og:image\" content=\"https:\/\/www.strassenweb.de\/nachrichten\/wp-content\/uploads\/2025\/09\/Wer-wusste-dass-sich-der-stilvollste-Aufbewahrungsaufbewahrung-im-Kinderbereich-versteckte.png\" \/>\n\t<meta property=\"og:image:width\" content=\"1600\" \/>\n\t<meta property=\"og:image:height\" content=\"900\" \/>\n\t<meta property=\"og:image:type\" content=\"image\/png\" \/>\n<meta name=\"author\" content=\"Robert Hoffmann\" \/>\n<meta name=\"twitter:card\" content=\"summary_large_image\" \/>\n<meta name=\"twitter:label1\" content=\"Verfasst von\" \/>\n\t<meta name=\"twitter:data1\" content=\"Robert Hoffmann\" \/>\n\t<meta name=\"twitter:label2\" content=\"Gesch\u00e4tzte Lesezeit\" \/>\n\t<meta name=\"twitter:data2\" content=\"2\u00a0Minuten\" \/>\n<script type=\"application\/ld+json\" class=\"yoast-schema-graph\">{\"@context\":\"https:\\\/\\\/schema.org\",\"@graph\":[{\"@type\":\"Article\",\"@id\":\"https:\\\/\\\/www.strassenweb.de\\\/nachrichten\\\/wer-wusste-dass-sich-der-stilvollste-aufbewahrungsaufbewahrung-im-kinderbereich-versteckte-7-schicke-picks-die-wir-sofort-zum-warenkorb-hinzufuegen\\\/#article\",\"isPartOf\":{\"@id\":\"https:\\\/\\\/www.strassenweb.de\\\/nachrichten\\\/wer-wusste-dass-sich-der-stilvollste-aufbewahrungsaufbewahrung-im-kinderbereich-versteckte-7-schicke-picks-die-wir-sofort-zum-warenkorb-hinzufuegen\\\/\"},\"author\":{\"name\":\"Robert Hoffmann\",\"@id\":\"https:\\\/\\\/www.strassenweb.de\\\/nachrichten\\\/#\\\/schema\\\/person\\\/87c9c9067f1211da429a744dc5a5aa41\"},\"headline\":\"Wer wusste, dass sich der stilvollste Aufbewahrungsaufbewahrung im Kinderbereich versteckte? 7 schicke Picks, die wir sofort zum Warenkorb hinzuf\u00fcgen\",\"datePublished\":\"2025-09-08T08:39:32+00:00\",\"dateModified\":\"2025-09-08T08:39:33+00:00\",\"mainEntityOfPage\":{\"@id\":\"https:\\\/\\\/www.strassenweb.de\\\/nachrichten\\\/wer-wusste-dass-sich-der-stilvollste-aufbewahrungsaufbewahrung-im-kinderbereich-versteckte-7-schicke-picks-die-wir-sofort-zum-warenkorb-hinzufuegen\\\/\"},\"wordCount\":330,\"publisher\":{\"@id\":\"https:\\\/\\\/www.strassenweb.de\\\/nachrichten\\\/#organization\"},\"image\":{\"@id\":\"https:\\\/\\\/www.strassenweb.de\\\/nachrichten\\\/wer-wusste-dass-sich-der-stilvollste-aufbewahrungsaufbewahrung-im-kinderbereich-versteckte-7-schicke-picks-die-wir-sofort-zum-warenkorb-hinzufuegen\\\/#primaryimage\"},\"thumbnailUrl\":\"https:\\\/\\\/www.strassenweb.de\\\/nachrichten\\\/wp-content\\\/uploads\\\/2025\\\/09\\\/Wer-wusste-dass-sich-der-stilvollste-Aufbewahrungsaufbewahrung-im-Kinderbereich-versteckte.png\",\"keywords\":[\"Aufbewahrungsaufbewahrung\",\"dass\",\"der\",\"die\",\"Hinzuf\u00fcgen\",\"Kinderbereich\",\"Picks\",\"schicke\",\"sich\",\"sofort\",\"stilvollste\",\"versteckte\",\"Warenkorb\",\"Wer\",\"wir\",\"wusste\",\"zum\"],\"articleSection\":[\"Haus &amp; Garten\"],\"inLanguage\":\"de\"},{\"@type\":\"WebPage\",\"@id\":\"https:\\\/\\\/www.strassenweb.de\\\/nachrichten\\\/wer-wusste-dass-sich-der-stilvollste-aufbewahrungsaufbewahrung-im-kinderbereich-versteckte-7-schicke-picks-die-wir-sofort-zum-warenkorb-hinzufuegen\\\/\",\"url\":\"https:\\\/\\\/www.strassenweb.de\\\/nachrichten\\\/wer-wusste-dass-sich-der-stilvollste-aufbewahrungsaufbewahrung-im-kinderbereich-versteckte-7-schicke-picks-die-wir-sofort-zum-warenkorb-hinzufuegen\\\/\",\"name\":\"Wer wusste, dass sich der stilvollste Aufbewahrungsaufbewahrung im Kinderbereich versteckte? 7 schicke Picks, die wir sofort zum Warenkorb hinzuf\u00fcgen - Nachrichten - Stra\u00dfenweb\",\"isPartOf\":{\"@id\":\"https:\\\/\\\/www.strassenweb.de\\\/nachrichten\\\/#website\"},\"primaryImageOfPage\":{\"@id\":\"https:\\\/\\\/www.strassenweb.de\\\/nachrichten\\\/wer-wusste-dass-sich-der-stilvollste-aufbewahrungsaufbewahrung-im-kinderbereich-versteckte-7-schicke-picks-die-wir-sofort-zum-warenkorb-hinzufuegen\\\/#primaryimage\"},\"image\":{\"@id\":\"https:\\\/\\\/www.strassenweb.de\\\/nachrichten\\\/wer-wusste-dass-sich-der-stilvollste-aufbewahrungsaufbewahrung-im-kinderbereich-versteckte-7-schicke-picks-die-wir-sofort-zum-warenkorb-hinzufuegen\\\/#primaryimage\"},\"thumbnailUrl\":\"https:\\\/\\\/www.strassenweb.de\\\/nachrichten\\\/wp-content\\\/uploads\\\/2025\\\/09\\\/Wer-wusste-dass-sich-der-stilvollste-Aufbewahrungsaufbewahrung-im-Kinderbereich-versteckte.png\",\"datePublished\":\"2025-09-08T08:39:32+00:00\",\"dateModified\":\"2025-09-08T08:39:33+00:00\",\"breadcrumb\":{\"@id\":\"https:\\\/\\\/www.strassenweb.de\\\/nachrichten\\\/wer-wusste-dass-sich-der-stilvollste-aufbewahrungsaufbewahrung-im-kinderbereich-versteckte-7-schicke-picks-die-wir-sofort-zum-warenkorb-hinzufuegen\\\/#breadcrumb\"},\"inLanguage\":\"de\",\"potentialAction\":[{\"@type\":\"ReadAction\",\"target\":[\"https:\\\/\\\/www.strassenweb.de\\\/nachrichten\\\/wer-wusste-dass-sich-der-stilvollste-aufbewahrungsaufbewahrung-im-kinderbereich-versteckte-7-schicke-picks-die-wir-sofort-zum-warenkorb-hinzufuegen\\\/\"]}]},{\"@type\":\"ImageObject\",\"inLanguage\":\"de\",\"@id\":\"https:\\\/\\\/www.strassenweb.de\\\/nachrichten\\\/wer-wusste-dass-sich-der-stilvollste-aufbewahrungsaufbewahrung-im-kinderbereich-versteckte-7-schicke-picks-die-wir-sofort-zum-warenkorb-hinzufuegen\\\/#primaryimage\",\"url\":\"https:\\\/\\\/www.strassenweb.de\\\/nachrichten\\\/wp-content\\\/uploads\\\/2025\\\/09\\\/Wer-wusste-dass-sich-der-stilvollste-Aufbewahrungsaufbewahrung-im-Kinderbereich-versteckte.png\",\"contentUrl\":\"https:\\\/\\\/www.strassenweb.de\\\/nachrichten\\\/wp-content\\\/uploads\\\/2025\\\/09\\\/Wer-wusste-dass-sich-der-stilvollste-Aufbewahrungsaufbewahrung-im-Kinderbereich-versteckte.png\",\"width\":1600,\"height\":900,\"caption\":\"an over the door storage organizer with items inside each pocket\"},{\"@type\":\"BreadcrumbList\",\"@id\":\"https:\\\/\\\/www.strassenweb.de\\\/nachrichten\\\/wer-wusste-dass-sich-der-stilvollste-aufbewahrungsaufbewahrung-im-kinderbereich-versteckte-7-schicke-picks-die-wir-sofort-zum-warenkorb-hinzufuegen\\\/#breadcrumb\",\"itemListElement\":[{\"@type\":\"ListItem\",\"position\":1,\"name\":\"Home\",\"item\":\"https:\\\/\\\/www.strassenweb.de\\\/nachrichten\\\/\"},{\"@type\":\"ListItem\",\"position\":2,\"name\":\"Wer wusste, dass sich der stilvollste Aufbewahrungsaufbewahrung im Kinderbereich versteckte? 7 schicke Picks, die wir sofort zum Warenkorb hinzuf\u00fcgen\"}]},{\"@type\":\"WebSite\",\"@id\":\"https:\\\/\\\/www.strassenweb.de\\\/nachrichten\\\/#website\",\"url\":\"https:\\\/\\\/www.strassenweb.de\\\/nachrichten\\\/\",\"name\":\"Stra\u00dfenweb\",\"description\":\"Stra\u00dfenverzeichnis f\u00fcr Deutschland\",\"publisher\":{\"@id\":\"https:\\\/\\\/www.strassenweb.de\\\/nachrichten\\\/#organization\"},\"potentialAction\":[{\"@type\":\"SearchAction\",\"target\":{\"@type\":\"EntryPoint\",\"urlTemplate\":\"https:\\\/\\\/www.strassenweb.de\\\/nachrichten\\\/?s={search_term_string}\"},\"query-input\":{\"@type\":\"PropertyValueSpecification\",\"valueRequired\":true,\"valueName\":\"search_term_string\"}}],\"inLanguage\":\"de\"},{\"@type\":\"Organization\",\"@id\":\"https:\\\/\\\/www.strassenweb.de\\\/nachrichten\\\/#organization\",\"name\":\"Stra\u00dfenweb\",\"url\":\"https:\\\/\\\/www.strassenweb.de\\\/nachrichten\\\/\",\"logo\":{\"@type\":\"ImageObject\",\"inLanguage\":\"de\",\"@id\":\"https:\\\/\\\/www.strassenweb.de\\\/nachrichten\\\/#\\\/schema\\\/logo\\\/image\\\/\",\"url\":\"https:\\\/\\\/www.strassenweb.de\\\/nachrichten\\\/wp-content\\\/uploads\\\/2024\\\/09\\\/cropped-favicon.png\",\"contentUrl\":\"https:\\\/\\\/www.strassenweb.de\\\/nachrichten\\\/wp-content\\\/uploads\\\/2024\\\/09\\\/cropped-favicon.png\",\"width\":512,\"height\":512,\"caption\":\"Stra\u00dfenweb\"},\"image\":{\"@id\":\"https:\\\/\\\/www.strassenweb.de\\\/nachrichten\\\/#\\\/schema\\\/logo\\\/image\\\/\"},\"sameAs\":[\"https:\\\/\\\/www.facebook.com\\\/strassenweb\\\/\"]},{\"@type\":\"Person\",\"@id\":\"https:\\\/\\\/www.strassenweb.de\\\/nachrichten\\\/#\\\/schema\\\/person\\\/87c9c9067f1211da429a744dc5a5aa41\",\"name\":\"Robert Hoffmann\",\"image\":{\"@type\":\"ImageObject\",\"inLanguage\":\"de\",\"@id\":\"https:\\\/\\\/www.strassenweb.de\\\/nachrichten\\\/wp-content\\\/uploads\\\/2024\\\/09\\\/strassenweb-150x150.jpg\",\"url\":\"https:\\\/\\\/www.strassenweb.de\\\/nachrichten\\\/wp-content\\\/uploads\\\/2024\\\/09\\\/strassenweb-150x150.jpg\",\"contentUrl\":\"https:\\\/\\\/www.strassenweb.de\\\/nachrichten\\\/wp-content\\\/uploads\\\/2024\\\/09\\\/strassenweb-150x150.jpg\",\"caption\":\"Robert Hoffmann\"},\"description\":\"Ich hei\u00dfe Robert Hoffmann und ich bin ein leidenschaftlicher Verfechter von \u00d6kologie und Biodiversit\u00e4t. Seit meiner Kindheit in den W\u00e4ldern Bayerns f\u00fchle ich mich mit der Natur verbunden und bin entschlossen, sie zu sch\u00fctzen. Heute widme ich mein Leben der Sensibilisierung anderer f\u00fcr die Bedeutung des Umweltschutzes f\u00fcr zuk\u00fcnftige Generationen.\",\"sameAs\":[\"https:\\\/\\\/www.strassenweb.de\\\/\"]}]}<\/script>\n<!-- \/ Yoast SEO plugin. -->","yoast_head_json":{"title":"Wer wusste, dass sich der stilvollste Aufbewahrungsaufbewahrung im Kinderbereich versteckte? 7 schicke Picks, die wir sofort zum Warenkorb hinzuf\u00fcgen - Nachrichten - Stra\u00dfenweb","robots":{"index":"index","follow":"follow","max-snippet":"max-snippet:-1","max-image-preview":"max-image-preview:large","max-video-preview":"max-video-preview:-1"},"canonical":"https:\/\/www.strassenweb.de\/nachrichten\/wer-wusste-dass-sich-der-stilvollste-aufbewahrungsaufbewahrung-im-kinderbereich-versteckte-7-schicke-picks-die-wir-sofort-zum-warenkorb-hinzufuegen\/","og_locale":"de_DE","og_type":"article","og_title":"Wer wusste, dass sich der stilvollste Aufbewahrungsaufbewahrung im Kinderbereich versteckte? 7 schicke Picks, die wir sofort zum Warenkorb hinzuf\u00fcgen - Nachrichten - Stra\u00dfenweb","og_description":"Ich verstehe es &#8211; die R\u00fcckseite einer T\u00fcr ist ein bequemer Ort f\u00fcr die Aufbewahrung. Aber meiner Meinung nach sind die meisten Over-the-t\u00fcr-Organisatoren ziemlich unattraktiv.","og_url":"https:\/\/www.strassenweb.de\/nachrichten\/wer-wusste-dass-sich-der-stilvollste-aufbewahrungsaufbewahrung-im-kinderbereich-versteckte-7-schicke-picks-die-wir-sofort-zum-warenkorb-hinzufuegen\/","og_site_name":"Stra\u00dfenweb","article_publisher":"https:\/\/www.facebook.com\/strassenweb\/","article_published_time":"2025-09-08T08:39:32+00:00","article_modified_time":"2025-09-08T08:39:33+00:00","og_image":[{"width":1600,"height":900,"url":"https:\/\/www.strassenweb.de\/nachrichten\/wp-content\/uploads\/2025\/09\/Wer-wusste-dass-sich-der-stilvollste-Aufbewahrungsaufbewahrung-im-Kinderbereich-versteckte.png","type":"image\/png"}],"author":"Robert Hoffmann","twitter_card":"summary_large_image","twitter_misc":{"Verfasst von":"Robert Hoffmann","Gesch\u00e4tzte Lesezeit":"2\u00a0Minuten"},"schema":{"@context":"https:\/\/schema.org","@graph":[{"@type":"Article","@id":"https:\/\/www.strassenweb.de\/nachrichten\/wer-wusste-dass-sich-der-stilvollste-aufbewahrungsaufbewahrung-im-kinderbereich-versteckte-7-schicke-picks-die-wir-sofort-zum-warenkorb-hinzufuegen\/#article","isPartOf":{"@id":"https:\/\/www.strassenweb.de\/nachrichten\/wer-wusste-dass-sich-der-stilvollste-aufbewahrungsaufbewahrung-im-kinderbereich-versteckte-7-schicke-picks-die-wir-sofort-zum-warenkorb-hinzufuegen\/"},"author":{"name":"Robert Hoffmann","@id":"https:\/\/www.strassenweb.de\/nachrichten\/#\/schema\/person\/87c9c9067f1211da429a744dc5a5aa41"},"headline":"Wer wusste, dass sich der stilvollste Aufbewahrungsaufbewahrung im Kinderbereich versteckte? 7 schicke Picks, die wir sofort zum Warenkorb hinzuf\u00fcgen","datePublished":"2025-09-08T08:39:32+00:00","dateModified":"2025-09-08T08:39:33+00:00","mainEntityOfPage":{"@id":"https:\/\/www.strassenweb.de\/nachrichten\/wer-wusste-dass-sich-der-stilvollste-aufbewahrungsaufbewahrung-im-kinderbereich-versteckte-7-schicke-picks-die-wir-sofort-zum-warenkorb-hinzufuegen\/"},"wordCount":330,"publisher":{"@id":"https:\/\/www.strassenweb.de\/nachrichten\/#organization"},"image":{"@id":"https:\/\/www.strassenweb.de\/nachrichten\/wer-wusste-dass-sich-der-stilvollste-aufbewahrungsaufbewahrung-im-kinderbereich-versteckte-7-schicke-picks-die-wir-sofort-zum-warenkorb-hinzufuegen\/#primaryimage"},"thumbnailUrl":"https:\/\/www.strassenweb.de\/nachrichten\/wp-content\/uploads\/2025\/09\/Wer-wusste-dass-sich-der-stilvollste-Aufbewahrungsaufbewahrung-im-Kinderbereich-versteckte.png","keywords":["Aufbewahrungsaufbewahrung","dass","der","die","Hinzuf\u00fcgen","Kinderbereich","Picks","schicke","sich","sofort","stilvollste","versteckte","Warenkorb","Wer","wir","wusste","zum"],"articleSection":["Haus &amp; Garten"],"inLanguage":"de"},{"@type":"WebPage","@id":"https:\/\/www.strassenweb.de\/nachrichten\/wer-wusste-dass-sich-der-stilvollste-aufbewahrungsaufbewahrung-im-kinderbereich-versteckte-7-schicke-picks-die-wir-sofort-zum-warenkorb-hinzufuegen\/","url":"https:\/\/www.strassenweb.de\/nachrichten\/wer-wusste-dass-sich-der-stilvollste-aufbewahrungsaufbewahrung-im-kinderbereich-versteckte-7-schicke-picks-die-wir-sofort-zum-warenkorb-hinzufuegen\/","name":"Wer wusste, dass sich der stilvollste Aufbewahrungsaufbewahrung im Kinderbereich versteckte? 7 schicke Picks, die wir sofort zum Warenkorb hinzuf\u00fcgen - Nachrichten - Stra\u00dfenweb","isPartOf":{"@id":"https:\/\/www.strassenweb.de\/nachrichten\/#website"},"primaryImageOfPage":{"@id":"https:\/\/www.strassenweb.de\/nachrichten\/wer-wusste-dass-sich-der-stilvollste-aufbewahrungsaufbewahrung-im-kinderbereich-versteckte-7-schicke-picks-die-wir-sofort-zum-warenkorb-hinzufuegen\/#primaryimage"},"image":{"@id":"https:\/\/www.strassenweb.de\/nachrichten\/wer-wusste-dass-sich-der-stilvollste-aufbewahrungsaufbewahrung-im-kinderbereich-versteckte-7-schicke-picks-die-wir-sofort-zum-warenkorb-hinzufuegen\/#primaryimage"},"thumbnailUrl":"https:\/\/www.strassenweb.de\/nachrichten\/wp-content\/uploads\/2025\/09\/Wer-wusste-dass-sich-der-stilvollste-Aufbewahrungsaufbewahrung-im-Kinderbereich-versteckte.png","datePublished":"2025-09-08T08:39:32+00:00","dateModified":"2025-09-08T08:39:33+00:00","breadcrumb":{"@id":"https:\/\/www.strassenweb.de\/nachrichten\/wer-wusste-dass-sich-der-stilvollste-aufbewahrungsaufbewahrung-im-kinderbereich-versteckte-7-schicke-picks-die-wir-sofort-zum-warenkorb-hinzufuegen\/#breadcrumb"},"inLanguage":"de","potentialAction":[{"@type":"ReadAction","target":["https:\/\/www.strassenweb.de\/nachrichten\/wer-wusste-dass-sich-der-stilvollste-aufbewahrungsaufbewahrung-im-kinderbereich-versteckte-7-schicke-picks-die-wir-sofort-zum-warenkorb-hinzufuegen\/"]}]},{"@type":"ImageObject","inLanguage":"de","@id":"https:\/\/www.strassenweb.de\/nachrichten\/wer-wusste-dass-sich-der-stilvollste-aufbewahrungsaufbewahrung-im-kinderbereich-versteckte-7-schicke-picks-die-wir-sofort-zum-warenkorb-hinzufuegen\/#primaryimage","url":"https:\/\/www.strassenweb.de\/nachrichten\/wp-content\/uploads\/2025\/09\/Wer-wusste-dass-sich-der-stilvollste-Aufbewahrungsaufbewahrung-im-Kinderbereich-versteckte.png","contentUrl":"https:\/\/www.strassenweb.de\/nachrichten\/wp-content\/uploads\/2025\/09\/Wer-wusste-dass-sich-der-stilvollste-Aufbewahrungsaufbewahrung-im-Kinderbereich-versteckte.png","width":1600,"height":900,"caption":"an over the door storage organizer with items inside each pocket"},{"@type":"BreadcrumbList","@id":"https:\/\/www.strassenweb.de\/nachrichten\/wer-wusste-dass-sich-der-stilvollste-aufbewahrungsaufbewahrung-im-kinderbereich-versteckte-7-schicke-picks-die-wir-sofort-zum-warenkorb-hinzufuegen\/#breadcrumb","itemListElement":[{"@type":"ListItem","position":1,"name":"Home","item":"https:\/\/www.strassenweb.de\/nachrichten\/"},{"@type":"ListItem","position":2,"name":"Wer wusste, dass sich der stilvollste Aufbewahrungsaufbewahrung im Kinderbereich versteckte? 7 schicke Picks, die wir sofort zum Warenkorb hinzuf\u00fcgen"}]},{"@type":"WebSite","@id":"https:\/\/www.strassenweb.de\/nachrichten\/#website","url":"https:\/\/www.strassenweb.de\/nachrichten\/","name":"Stra\u00dfenweb","description":"Stra\u00dfenverzeichnis f\u00fcr Deutschland","publisher":{"@id":"https:\/\/www.strassenweb.de\/nachrichten\/#organization"},"potentialAction":[{"@type":"SearchAction","target":{"@type":"EntryPoint","urlTemplate":"https:\/\/www.strassenweb.de\/nachrichten\/?s={search_term_string}"},"query-input":{"@type":"PropertyValueSpecification","valueRequired":true,"valueName":"search_term_string"}}],"inLanguage":"de"},{"@type":"Organization","@id":"https:\/\/www.strassenweb.de\/nachrichten\/#organization","name":"Stra\u00dfenweb","url":"https:\/\/www.strassenweb.de\/nachrichten\/","logo":{"@type":"ImageObject","inLanguage":"de","@id":"https:\/\/www.strassenweb.de\/nachrichten\/#\/schema\/logo\/image\/","url":"https:\/\/www.strassenweb.de\/nachrichten\/wp-content\/uploads\/2024\/09\/cropped-favicon.png","contentUrl":"https:\/\/www.strassenweb.de\/nachrichten\/wp-content\/uploads\/2024\/09\/cropped-favicon.png","width":512,"height":512,"caption":"Stra\u00dfenweb"},"image":{"@id":"https:\/\/www.strassenweb.de\/nachrichten\/#\/schema\/logo\/image\/"},"sameAs":["https:\/\/www.facebook.com\/strassenweb\/"]},{"@type":"Person","@id":"https:\/\/www.strassenweb.de\/nachrichten\/#\/schema\/person\/87c9c9067f1211da429a744dc5a5aa41","name":"Robert Hoffmann","image":{"@type":"ImageObject","inLanguage":"de","@id":"https:\/\/www.strassenweb.de\/nachrichten\/wp-content\/uploads\/2024\/09\/strassenweb-150x150.jpg","url":"https:\/\/www.strassenweb.de\/nachrichten\/wp-content\/uploads\/2024\/09\/strassenweb-150x150.jpg","contentUrl":"https:\/\/www.strassenweb.de\/nachrichten\/wp-content\/uploads\/2024\/09\/strassenweb-150x150.jpg","caption":"Robert Hoffmann"},"description":"Ich hei\u00dfe Robert Hoffmann und ich bin ein leidenschaftlicher Verfechter von \u00d6kologie und Biodiversit\u00e4t. Seit meiner Kindheit in den W\u00e4ldern Bayerns f\u00fchle ich mich mit der Natur verbunden und bin entschlossen, sie zu sch\u00fctzen. Heute widme ich mein Leben der Sensibilisierung anderer f\u00fcr die Bedeutung des Umweltschutzes f\u00fcr zuk\u00fcnftige Generationen.","sameAs":["https:\/\/www.strassenweb.de\/"]}]}},"_links":{"self":[{"href":"https:\/\/www.strassenweb.de\/nachrichten\/wp-json\/wp\/v2\/posts\/7550","targetHints":{"allow":["GET"]}}],"collection":[{"href":"https:\/\/www.strassenweb.de\/nachrichten\/wp-json\/wp\/v2\/posts"}],"about":[{"href":"https:\/\/www.strassenweb.de\/nachrichten\/wp-json\/wp\/v2\/types\/post"}],"author":[{"embeddable":true,"href":"https:\/\/www.strassenweb.de\/nachrichten\/wp-json\/wp\/v2\/users\/1"}],"replies":[{"embeddable":true,"href":"https:\/\/www.strassenweb.de\/nachrichten\/wp-json\/wp\/v2\/comments?post=7550"}],"version-history":[{"count":0,"href":"https:\/\/www.strassenweb.de\/nachrichten\/wp-json\/wp\/v2\/posts\/7550\/revisions"}],"wp:featuredmedia":[{"embeddable":true,"href":"https:\/\/www.strassenweb.de\/nachrichten\/wp-json\/wp\/v2\/media\/7551"}],"wp:attachment":[{"href":"https:\/\/www.strassenweb.de\/nachrichten\/wp-json\/wp\/v2\/media?parent=7550"}],"wp:term":[{"taxonomy":"category","embeddable":true,"href":"https:\/\/www.strassenweb.de\/nachrichten\/wp-json\/wp\/v2\/categories?post=7550"},{"taxonomy":"post_tag","embeddable":true,"href":"https:\/\/www.strassenweb.de\/nachrichten\/wp-json\/wp\/v2\/tags?post=7550"}],"curies":[{"name":"wp","href":"https:\/\/api.w.org\/{rel}","templated":true}]}}