{"id":754,"date":"2024-10-09T07:41:02","date_gmt":"2024-10-09T05:41:02","guid":{"rendered":"https:\/\/www.strassenweb.de\/nachrichten\/baumringe-zeigen-dass-der-sommer-2023-der-heisseste-sommer-auf-der-nordhalbkugel-seit-2-000-jahren-war\/"},"modified":"2024-10-09T07:41:02","modified_gmt":"2024-10-09T05:41:02","slug":"baumringe-zeigen-dass-der-sommer-2023-der-heisseste-sommer-auf-der-nordhalbkugel-seit-2-000-jahren-war","status":"publish","type":"post","link":"https:\/\/www.strassenweb.de\/nachrichten\/baumringe-zeigen-dass-der-sommer-2023-der-heisseste-sommer-auf-der-nordhalbkugel-seit-2-000-jahren-war\/","title":{"rendered":"Baumringe zeigen, dass der Sommer 2023 der hei\u00dfeste Sommer auf der Nordhalbkugel seit 2.000 Jahren war"},"content":{"rendered":"<p>Der Sommer 2023 war der w\u00e4rmste in den nicht-tropischen Gebieten der n\u00f6rdlichen Hemisph\u00e4re seit 2.000 Jahren, wie eine neue Studie zeigt.<\/p>\n<p>In diesem riesigen Landgebiet, das Europa, Asien und Nordamerika umfasst, waren die Oberfl\u00e4chenlufttemperaturen im Juni, Juli und August 2023 mehr als 2 \u00b0C h\u00f6her als die durchschnittliche Sommertemperatur zwischen 1 und 1890 n. Chr., wie aus Baumringaufzeichnungen rekonstruiert.<\/p>\n<p>W\u00e4hrend der Klimawandel ein globales Ph\u00e4nomen ist, ist die Erw\u00e4rmung auf regionaler Ebene oft st\u00e4rker. Und es ist der regionale Klimawandel, nicht die globale Durchschnittstemperatur, den die Menschen erleben.<\/p>\n<p>Das Pariser Abkommen zielt darauf ab, den Klimawandel auf unter 2 \u00b0C und idealerweise auf 1,5 \u00b0C Erw\u00e4rmung zu begrenzen. Diese Zahlen beziehen sich jedoch auf globale Temperatur\u00e4nderungen, die normalerweise \u00fcber einen Zeitraum von 20 Jahren gemittelt werden. Die Autoren der neuen Studie argumentieren, dass diese Ziele im Sommer auf der Nordhalbkugel bereits auf regionaler Ebene durchbrochen wurden.<\/p>\n<p>Im Vereinigten K\u00f6nigreich gab es im Sommer 2023 2.295 Todesf\u00e4lle im Zusammenhang mit f\u00fcnf Hitzewellen. Die Autoren der neuen Studie wollten verstehen, wie ungew\u00f6hnlich warm der Sommer 2023 auf der Nordhalbkugel im Vergleich zur Vergangenheit war.<\/p>\n<p>Dazu griffen sie auf eines der n\u00fctzlichsten Instrumente zur Messung der Erdtemperatur \u00fcber Jahrtausende zur\u00fcck: Ringe, die j\u00e4hrlich in Baumst\u00e4mmen \u00fcberall auf dem Planeten wachsen, wo das Klima saisonal ist.<\/p>\n<h2 class=\"wp-block-heading\">Zwei Jahrtausende Baumringe<\/h2>\n<p>Die extreme Hitze des Jahres 2023 wurde durch Treibhausgasemissionen verursacht und durch El Ni\u00f1o, die Warmphase eines nat\u00fcrlichen Klimazyklus im Pazifischen Ozean, verst\u00e4rkt.<\/p>\n<p>Um herauszufinden, wie das Klima in der j\u00fcngeren Vergangenheit war, analysieren Wissenschaftler die Aufzeichnungen von Wetterstationen, um festzustellen, ob ein bestimmtes Jahr w\u00e4rmer oder k\u00fchler war als die vorherigen. Die l\u00e4ngste verf\u00fcgbare Instrumentenaufzeichnung ist die Temperaturreihe in Mittelengland, die nur bis ins Jahr 1659 zur\u00fcckreicht, was nicht lang genug ist, um die j\u00fcngste Erw\u00e4rmung in einen Kontext zu stellen.<\/p>\n<p>Um herauszufinden, wie warm es heute im Vergleich zu vor zwei Jahrtausenden ist, nutzen Wissenschaftler Klima-Proxies. Hierbei handelt es sich um nat\u00fcrliche Archive wie Eiskerne und Sedimente, die in den Schichten, die sie im Laufe der Zeit ansammeln, Aufzeichnungen \u00fcber das Klima speichern.<\/p>\n<p>B\u00e4ume wachsen an vielen verschiedenen Orten und zeichnen auf sensible Weise vergangene Klimainformationen f\u00fcr einen Gro\u00dfteil der Welt auf. B\u00e4ume bilden in saisonalen Klimazonen einen Ring pro Jahr aus, daher besteht kein Zweifel \u00fcber das Datum, an dem sich ein bestimmter Ring gebildet hat.<\/p>\n<p>Um das vergangene Klima zu untersuchen, analysieren Baumringforscher, wie breit oder schmal ein Ring in einem bestimmten Jahr ist, wie dicht das Holz ist oder welche chemische Zusammensetzung es hat.<\/p>\n<p>Das Jahrringwachstum reagiert empfindlich auf viele Klimavariablen, aber bei Nadelb\u00e4umen, die an der Baumgrenze der n\u00f6rdlichen Hemisph\u00e4re wachsen (der Punkt, an dem B\u00e4ume aufgrund kalter Temperaturen, starker Winde oder geringer Feuchtigkeit nicht mehr wachsen k\u00f6nnen), ist es die Sommertemperatur, die den Baum am st\u00e4rksten kontrolliert Ringwachstum. In einem warmen Sommer neigen solche B\u00e4ume dazu, breite, dichte Ringe zu bilden.<\/p>\n<p>Eine Zeitspanne, in der B\u00e4ume aus einer bestimmten Region alle breite oder schmale Ringe entwickelten, weist bei genauem Vergleich mit vielen B\u00e4umen auf eine ungew\u00f6hnliche Phase im Klima hin, die sich auf das Wachstum der B\u00e4ume auswirkte.<\/p>\n<p>Die Autoren der neuen Studie suchten nach B\u00e4umen, die die Temperaturen vergangener Sommer zuverl\u00e4ssig aufzeichneten. Sie kombinierten Aufzeichnungen von Tausenden dieser B\u00e4ume an Hunderten von Standorten in Nordamerika und Kanada, Gro\u00dfbritannien und Europa, Skandinavien, Russland, der Mongolei und Japan. Die Baumringaufzeichnungen wurden von Wissenschaftlern erstellt, die m\u00fchsam Baumkernproben entnommen, die Ringe vermessen und die Daten weitergegeben haben.<\/p>\n<p>Dieses riesige Baumringarchiv ergab, dass der Sommer 2023 auf der Nordhalbkugel um 2,2 \u00b0C w\u00e4rmer war als der Durchschnitt jedes Jahres zwischen 1 und 1890 n. Chr. Im Vergleich zum k\u00e4ltesten Jahr der letzten zwei Jahrtausende, 536 n. Chr., als ein gro\u00dfer Vulkan ausbrach und den Planeten mehrere Jahre lang abk\u00fchlte, war der Sommer 2023 fast 4 \u00b0C w\u00e4rmer als dieses Jahr.<\/p>\n<h2 class=\"wp-block-heading\">Was werden die W\u00e4lder der Zukunft zeigen?<\/h2>\n<p>Da die Treibhausgasemissionen steigen und den Treibhauseffekt der Erde verst\u00e4rken, m\u00fcssen die Menschen mit h\u00e4ufigeren und schwerwiegenderen Klimaereignissen rechnen. In der Vergangenheit kam es weltweit im Allgemeinen w\u00e4hrend El-Ni\u00f1o-Ereignissen zu sehr warmen Jahren, beispielsweise im Jahr 2016.<\/p>\n<p>Allerdings sind die Treibhausgaswerte mittlerweile so hoch, dass der Planet 2017 zum ersten Mal ein sehr warmes Jahr erlebte, w\u00e4hrend El Ni\u00f1os Gegenst\u00fcck, die La Ni\u00f1a-Phase, die einen k\u00fchlenden Effekt auf die globalen Temperaturen hat.<\/p>\n<p>Die neue Studie ergab, dass das Jahr 2023 sogar den Rekord von 2016 brach, da es 0,23 \u00b0C w\u00e4rmer war als der letzte durch El Ni\u00f1o verst\u00e4rkte Sommer. Mittlerweile sind die Treibhausgasemissionen so hoch, dass Klimarekorde in gro\u00dfen Schritten statt in kleinen Schritten gebrochen werden.<\/p>\n<p>Die Tausenden von B\u00e4umen, die f\u00fcr diese Studie beprobt wurden und aus Bergw\u00e4ldern auf der Nordhalbkugel stammen, sind mit immer schwierigeren Wachstumsbedingungen konfrontiert. W\u00fcrden die Wissenschaftler sie erneut untersuchen, w\u00fcrden sie vielerorts B\u00e4ume vorfinden, die durch Hitze und D\u00fcrre gestresst sind.<\/p>\n<p>Eine einzige D\u00fcrre zwischen 2012 und 2016 t\u00f6tete in Kalifornien mehr als 200 Millionen B\u00e4ume. Das Baumsterben in Frankreich hat im letzten Jahrzehnt um \u00fcber 80 % zugenommen, ein weltweit beobachtetes Muster, das auf hei\u00dfere D\u00fcrren zur\u00fcckzuf\u00fchren ist.<\/p>\n<p>W\u00e4lder beherbergen 80 % der an Land lebenden Artenvielfalt und sichern den Lebensunterhalt von 1,6 Milliarden Menschen. B\u00e4ume regulieren auch das globale Klima und speichern Kohlenstoff aus der Luft, w\u00e4hrend sie in ihren Ringen langsam ein Protokoll dar\u00fcber anlegen, dass wir es nicht geschafft haben, den gef\u00e4hrlichen Klimawandel aufzuhalten.<\/p>\n<p>Die extreme Hitze des Jahres 2023 verdeutlicht die Notwendigkeit dringender Klimaschutzma\u00dfnahmen. Wenn die Welt rasch dekarbonisiert wird, werden k\u00fcnftige Wissenschaftler hoffentlich sehen, dass die Erholung des Klimas still und leise in den Baumringaufzeichnungen der verbleibenden W\u00e4lder der Erde aufgezeichnet wird.<\/p>\n<hr class=\"wp-block-separator has-alpha-channel-opacity\">\n<p>Mary Gagen, Professorin f\u00fcr Physische Geographie, <em>Swansea-Universit\u00e4t<\/em><\/p>\n<p>  wird von The Conversation unter einer Creative Commons-Lizenz erneut ver\u00f6ffentlicht. <\/p>\n<p>: Ringe in Baumkernen zeigen an, wie gut der Baum in jedem Lebensjahr gewachsen ist. DrimaFilm\/Shutterstock<\/p>\n","protected":false},"excerpt":{"rendered":"<p>Der Sommer 2023 war der w\u00e4rmste in den nicht-tropischen Gebieten der n\u00f6rdlichen Hemisph\u00e4re seit 2.000 Jahren, wie eine neue Studie zeigt. In diesem riesigen Landgebiet,<\/p>\n","protected":false},"author":1,"featured_media":0,"comment_status":"","ping_status":"","sticky":false,"template":"","format":"standard","meta":{"footnotes":""},"categories":[101],"tags":[46,1492,51,81,1493,608,1494,836,385,1495,706],"class_list":["post-754","post","type-post","status-publish","format-standard","hentry","category-oekologie","tag-auf","tag-baumringe","tag-dass","tag-der","tag-heisseste","tag-jahren","tag-nordhalbkugel","tag-seit","tag-sommer","tag-war","tag-zeigen","generate-columns","tablet-grid-50","mobile-grid-100","grid-parent","grid-50"],"yoast_head":"<!-- This site is optimized with the Yoast SEO plugin v27.3 - https:\/\/yoast.com\/product\/yoast-seo-wordpress\/ -->\n<title>Baumringe zeigen, dass der Sommer 2023 der hei\u00dfeste Sommer auf der Nordhalbkugel seit 2.000 Jahren war - Nachrichten - Stra\u00dfenweb<\/title>\n<meta name=\"robots\" content=\"index, follow, max-snippet:-1, max-image-preview:large, max-video-preview:-1\" \/>\n<link rel=\"canonical\" href=\"https:\/\/www.strassenweb.de\/nachrichten\/baumringe-zeigen-dass-der-sommer-2023-der-heisseste-sommer-auf-der-nordhalbkugel-seit-2-000-jahren-war\/\" \/>\n<meta property=\"og:locale\" content=\"de_DE\" \/>\n<meta property=\"og:type\" content=\"article\" \/>\n<meta property=\"og:title\" content=\"Baumringe zeigen, dass der Sommer 2023 der hei\u00dfeste Sommer auf der Nordhalbkugel seit 2.000 Jahren war - Nachrichten - Stra\u00dfenweb\" \/>\n<meta property=\"og:description\" content=\"Der Sommer 2023 war der w\u00e4rmste in den nicht-tropischen Gebieten der n\u00f6rdlichen Hemisph\u00e4re seit 2.000 Jahren, wie eine neue Studie zeigt. In diesem riesigen Landgebiet,\" \/>\n<meta property=\"og:url\" content=\"https:\/\/www.strassenweb.de\/nachrichten\/baumringe-zeigen-dass-der-sommer-2023-der-heisseste-sommer-auf-der-nordhalbkugel-seit-2-000-jahren-war\/\" \/>\n<meta property=\"og:site_name\" content=\"Stra\u00dfenweb\" \/>\n<meta property=\"article:publisher\" content=\"https:\/\/www.facebook.com\/strassenweb\/\" \/>\n<meta property=\"article:published_time\" content=\"2024-10-09T05:41:02+00:00\" \/>\n<meta property=\"og:image\" content=\"https:\/\/www.strassenweb.de\/nachrichten\/wp-content\/uploads\/2024\/09\/logo.png\" \/>\n\t<meta property=\"og:image:width\" content=\"294\" \/>\n\t<meta property=\"og:image:height\" content=\"58\" \/>\n\t<meta property=\"og:image:type\" content=\"image\/png\" \/>\n<meta name=\"author\" content=\"Robert Hoffmann\" \/>\n<meta name=\"twitter:card\" content=\"summary_large_image\" \/>\n<meta name=\"twitter:label1\" content=\"Verfasst von\" \/>\n\t<meta name=\"twitter:data1\" content=\"Robert Hoffmann\" \/>\n\t<meta name=\"twitter:label2\" content=\"Gesch\u00e4tzte Lesezeit\" \/>\n\t<meta name=\"twitter:data2\" content=\"5\u00a0Minuten\" \/>\n<script type=\"application\/ld+json\" class=\"yoast-schema-graph\">{\"@context\":\"https:\\\/\\\/schema.org\",\"@graph\":[{\"@type\":\"Article\",\"@id\":\"https:\\\/\\\/www.strassenweb.de\\\/nachrichten\\\/baumringe-zeigen-dass-der-sommer-2023-der-heisseste-sommer-auf-der-nordhalbkugel-seit-2-000-jahren-war\\\/#article\",\"isPartOf\":{\"@id\":\"https:\\\/\\\/www.strassenweb.de\\\/nachrichten\\\/baumringe-zeigen-dass-der-sommer-2023-der-heisseste-sommer-auf-der-nordhalbkugel-seit-2-000-jahren-war\\\/\"},\"author\":{\"name\":\"Robert Hoffmann\",\"@id\":\"https:\\\/\\\/www.strassenweb.de\\\/nachrichten\\\/#\\\/schema\\\/person\\\/87c9c9067f1211da429a744dc5a5aa41\"},\"headline\":\"Baumringe zeigen, dass der Sommer 2023 der hei\u00dfeste Sommer auf der Nordhalbkugel seit 2.000 Jahren war\",\"datePublished\":\"2024-10-09T05:41:02+00:00\",\"mainEntityOfPage\":{\"@id\":\"https:\\\/\\\/www.strassenweb.de\\\/nachrichten\\\/baumringe-zeigen-dass-der-sommer-2023-der-heisseste-sommer-auf-der-nordhalbkugel-seit-2-000-jahren-war\\\/\"},\"wordCount\":1030,\"publisher\":{\"@id\":\"https:\\\/\\\/www.strassenweb.de\\\/nachrichten\\\/#organization\"},\"keywords\":[\"auf\",\"Baumringe\",\"dass\",\"der\",\"hei\u00dfeste\",\"Jahren\",\"Nordhalbkugel\",\"seit\",\"Sommer\",\"war\",\"zeigen\"],\"articleSection\":[\"\u00d6kologie\"],\"inLanguage\":\"de\"},{\"@type\":\"WebPage\",\"@id\":\"https:\\\/\\\/www.strassenweb.de\\\/nachrichten\\\/baumringe-zeigen-dass-der-sommer-2023-der-heisseste-sommer-auf-der-nordhalbkugel-seit-2-000-jahren-war\\\/\",\"url\":\"https:\\\/\\\/www.strassenweb.de\\\/nachrichten\\\/baumringe-zeigen-dass-der-sommer-2023-der-heisseste-sommer-auf-der-nordhalbkugel-seit-2-000-jahren-war\\\/\",\"name\":\"Baumringe zeigen, dass der Sommer 2023 der hei\u00dfeste Sommer auf der Nordhalbkugel seit 2.000 Jahren war - Nachrichten - Stra\u00dfenweb\",\"isPartOf\":{\"@id\":\"https:\\\/\\\/www.strassenweb.de\\\/nachrichten\\\/#website\"},\"datePublished\":\"2024-10-09T05:41:02+00:00\",\"breadcrumb\":{\"@id\":\"https:\\\/\\\/www.strassenweb.de\\\/nachrichten\\\/baumringe-zeigen-dass-der-sommer-2023-der-heisseste-sommer-auf-der-nordhalbkugel-seit-2-000-jahren-war\\\/#breadcrumb\"},\"inLanguage\":\"de\",\"potentialAction\":[{\"@type\":\"ReadAction\",\"target\":[\"https:\\\/\\\/www.strassenweb.de\\\/nachrichten\\\/baumringe-zeigen-dass-der-sommer-2023-der-heisseste-sommer-auf-der-nordhalbkugel-seit-2-000-jahren-war\\\/\"]}]},{\"@type\":\"BreadcrumbList\",\"@id\":\"https:\\\/\\\/www.strassenweb.de\\\/nachrichten\\\/baumringe-zeigen-dass-der-sommer-2023-der-heisseste-sommer-auf-der-nordhalbkugel-seit-2-000-jahren-war\\\/#breadcrumb\",\"itemListElement\":[{\"@type\":\"ListItem\",\"position\":1,\"name\":\"Home\",\"item\":\"https:\\\/\\\/www.strassenweb.de\\\/nachrichten\\\/\"},{\"@type\":\"ListItem\",\"position\":2,\"name\":\"Baumringe zeigen, dass der Sommer 2023 der hei\u00dfeste Sommer auf der Nordhalbkugel seit 2.000 Jahren war\"}]},{\"@type\":\"WebSite\",\"@id\":\"https:\\\/\\\/www.strassenweb.de\\\/nachrichten\\\/#website\",\"url\":\"https:\\\/\\\/www.strassenweb.de\\\/nachrichten\\\/\",\"name\":\"Stra\u00dfenweb\",\"description\":\"Stra\u00dfenverzeichnis f\u00fcr Deutschland\",\"publisher\":{\"@id\":\"https:\\\/\\\/www.strassenweb.de\\\/nachrichten\\\/#organization\"},\"potentialAction\":[{\"@type\":\"SearchAction\",\"target\":{\"@type\":\"EntryPoint\",\"urlTemplate\":\"https:\\\/\\\/www.strassenweb.de\\\/nachrichten\\\/?s={search_term_string}\"},\"query-input\":{\"@type\":\"PropertyValueSpecification\",\"valueRequired\":true,\"valueName\":\"search_term_string\"}}],\"inLanguage\":\"de\"},{\"@type\":\"Organization\",\"@id\":\"https:\\\/\\\/www.strassenweb.de\\\/nachrichten\\\/#organization\",\"name\":\"Stra\u00dfenweb\",\"url\":\"https:\\\/\\\/www.strassenweb.de\\\/nachrichten\\\/\",\"logo\":{\"@type\":\"ImageObject\",\"inLanguage\":\"de\",\"@id\":\"https:\\\/\\\/www.strassenweb.de\\\/nachrichten\\\/#\\\/schema\\\/logo\\\/image\\\/\",\"url\":\"https:\\\/\\\/www.strassenweb.de\\\/nachrichten\\\/wp-content\\\/uploads\\\/2024\\\/09\\\/cropped-favicon.png\",\"contentUrl\":\"https:\\\/\\\/www.strassenweb.de\\\/nachrichten\\\/wp-content\\\/uploads\\\/2024\\\/09\\\/cropped-favicon.png\",\"width\":512,\"height\":512,\"caption\":\"Stra\u00dfenweb\"},\"image\":{\"@id\":\"https:\\\/\\\/www.strassenweb.de\\\/nachrichten\\\/#\\\/schema\\\/logo\\\/image\\\/\"},\"sameAs\":[\"https:\\\/\\\/www.facebook.com\\\/strassenweb\\\/\"]},{\"@type\":\"Person\",\"@id\":\"https:\\\/\\\/www.strassenweb.de\\\/nachrichten\\\/#\\\/schema\\\/person\\\/87c9c9067f1211da429a744dc5a5aa41\",\"name\":\"Robert Hoffmann\",\"image\":{\"@type\":\"ImageObject\",\"inLanguage\":\"de\",\"@id\":\"https:\\\/\\\/www.strassenweb.de\\\/nachrichten\\\/wp-content\\\/uploads\\\/2024\\\/09\\\/strassenweb-150x150.jpg\",\"url\":\"https:\\\/\\\/www.strassenweb.de\\\/nachrichten\\\/wp-content\\\/uploads\\\/2024\\\/09\\\/strassenweb-150x150.jpg\",\"contentUrl\":\"https:\\\/\\\/www.strassenweb.de\\\/nachrichten\\\/wp-content\\\/uploads\\\/2024\\\/09\\\/strassenweb-150x150.jpg\",\"caption\":\"Robert Hoffmann\"},\"description\":\"Ich hei\u00dfe Robert Hoffmann und ich bin ein leidenschaftlicher Verfechter von \u00d6kologie und Biodiversit\u00e4t. Seit meiner Kindheit in den W\u00e4ldern Bayerns f\u00fchle ich mich mit der Natur verbunden und bin entschlossen, sie zu sch\u00fctzen. Heute widme ich mein Leben der Sensibilisierung anderer f\u00fcr die Bedeutung des Umweltschutzes f\u00fcr zuk\u00fcnftige Generationen.\",\"sameAs\":[\"https:\\\/\\\/www.strassenweb.de\\\/\"]}]}<\/script>\n<!-- \/ Yoast SEO plugin. -->","yoast_head_json":{"title":"Baumringe zeigen, dass der Sommer 2023 der hei\u00dfeste Sommer auf der Nordhalbkugel seit 2.000 Jahren war - Nachrichten - Stra\u00dfenweb","robots":{"index":"index","follow":"follow","max-snippet":"max-snippet:-1","max-image-preview":"max-image-preview:large","max-video-preview":"max-video-preview:-1"},"canonical":"https:\/\/www.strassenweb.de\/nachrichten\/baumringe-zeigen-dass-der-sommer-2023-der-heisseste-sommer-auf-der-nordhalbkugel-seit-2-000-jahren-war\/","og_locale":"de_DE","og_type":"article","og_title":"Baumringe zeigen, dass der Sommer 2023 der hei\u00dfeste Sommer auf der Nordhalbkugel seit 2.000 Jahren war - Nachrichten - Stra\u00dfenweb","og_description":"Der Sommer 2023 war der w\u00e4rmste in den nicht-tropischen Gebieten der n\u00f6rdlichen Hemisph\u00e4re seit 2.000 Jahren, wie eine neue Studie zeigt. In diesem riesigen Landgebiet,","og_url":"https:\/\/www.strassenweb.de\/nachrichten\/baumringe-zeigen-dass-der-sommer-2023-der-heisseste-sommer-auf-der-nordhalbkugel-seit-2-000-jahren-war\/","og_site_name":"Stra\u00dfenweb","article_publisher":"https:\/\/www.facebook.com\/strassenweb\/","article_published_time":"2024-10-09T05:41:02+00:00","og_image":[{"width":294,"height":58,"url":"https:\/\/www.strassenweb.de\/nachrichten\/wp-content\/uploads\/2024\/09\/logo.png","type":"image\/png"}],"author":"Robert Hoffmann","twitter_card":"summary_large_image","twitter_misc":{"Verfasst von":"Robert Hoffmann","Gesch\u00e4tzte Lesezeit":"5\u00a0Minuten"},"schema":{"@context":"https:\/\/schema.org","@graph":[{"@type":"Article","@id":"https:\/\/www.strassenweb.de\/nachrichten\/baumringe-zeigen-dass-der-sommer-2023-der-heisseste-sommer-auf-der-nordhalbkugel-seit-2-000-jahren-war\/#article","isPartOf":{"@id":"https:\/\/www.strassenweb.de\/nachrichten\/baumringe-zeigen-dass-der-sommer-2023-der-heisseste-sommer-auf-der-nordhalbkugel-seit-2-000-jahren-war\/"},"author":{"name":"Robert Hoffmann","@id":"https:\/\/www.strassenweb.de\/nachrichten\/#\/schema\/person\/87c9c9067f1211da429a744dc5a5aa41"},"headline":"Baumringe zeigen, dass der Sommer 2023 der hei\u00dfeste Sommer auf der Nordhalbkugel seit 2.000 Jahren war","datePublished":"2024-10-09T05:41:02+00:00","mainEntityOfPage":{"@id":"https:\/\/www.strassenweb.de\/nachrichten\/baumringe-zeigen-dass-der-sommer-2023-der-heisseste-sommer-auf-der-nordhalbkugel-seit-2-000-jahren-war\/"},"wordCount":1030,"publisher":{"@id":"https:\/\/www.strassenweb.de\/nachrichten\/#organization"},"keywords":["auf","Baumringe","dass","der","hei\u00dfeste","Jahren","Nordhalbkugel","seit","Sommer","war","zeigen"],"articleSection":["\u00d6kologie"],"inLanguage":"de"},{"@type":"WebPage","@id":"https:\/\/www.strassenweb.de\/nachrichten\/baumringe-zeigen-dass-der-sommer-2023-der-heisseste-sommer-auf-der-nordhalbkugel-seit-2-000-jahren-war\/","url":"https:\/\/www.strassenweb.de\/nachrichten\/baumringe-zeigen-dass-der-sommer-2023-der-heisseste-sommer-auf-der-nordhalbkugel-seit-2-000-jahren-war\/","name":"Baumringe zeigen, dass der Sommer 2023 der hei\u00dfeste Sommer auf der Nordhalbkugel seit 2.000 Jahren war - Nachrichten - Stra\u00dfenweb","isPartOf":{"@id":"https:\/\/www.strassenweb.de\/nachrichten\/#website"},"datePublished":"2024-10-09T05:41:02+00:00","breadcrumb":{"@id":"https:\/\/www.strassenweb.de\/nachrichten\/baumringe-zeigen-dass-der-sommer-2023-der-heisseste-sommer-auf-der-nordhalbkugel-seit-2-000-jahren-war\/#breadcrumb"},"inLanguage":"de","potentialAction":[{"@type":"ReadAction","target":["https:\/\/www.strassenweb.de\/nachrichten\/baumringe-zeigen-dass-der-sommer-2023-der-heisseste-sommer-auf-der-nordhalbkugel-seit-2-000-jahren-war\/"]}]},{"@type":"BreadcrumbList","@id":"https:\/\/www.strassenweb.de\/nachrichten\/baumringe-zeigen-dass-der-sommer-2023-der-heisseste-sommer-auf-der-nordhalbkugel-seit-2-000-jahren-war\/#breadcrumb","itemListElement":[{"@type":"ListItem","position":1,"name":"Home","item":"https:\/\/www.strassenweb.de\/nachrichten\/"},{"@type":"ListItem","position":2,"name":"Baumringe zeigen, dass der Sommer 2023 der hei\u00dfeste Sommer auf der Nordhalbkugel seit 2.000 Jahren war"}]},{"@type":"WebSite","@id":"https:\/\/www.strassenweb.de\/nachrichten\/#website","url":"https:\/\/www.strassenweb.de\/nachrichten\/","name":"Stra\u00dfenweb","description":"Stra\u00dfenverzeichnis f\u00fcr Deutschland","publisher":{"@id":"https:\/\/www.strassenweb.de\/nachrichten\/#organization"},"potentialAction":[{"@type":"SearchAction","target":{"@type":"EntryPoint","urlTemplate":"https:\/\/www.strassenweb.de\/nachrichten\/?s={search_term_string}"},"query-input":{"@type":"PropertyValueSpecification","valueRequired":true,"valueName":"search_term_string"}}],"inLanguage":"de"},{"@type":"Organization","@id":"https:\/\/www.strassenweb.de\/nachrichten\/#organization","name":"Stra\u00dfenweb","url":"https:\/\/www.strassenweb.de\/nachrichten\/","logo":{"@type":"ImageObject","inLanguage":"de","@id":"https:\/\/www.strassenweb.de\/nachrichten\/#\/schema\/logo\/image\/","url":"https:\/\/www.strassenweb.de\/nachrichten\/wp-content\/uploads\/2024\/09\/cropped-favicon.png","contentUrl":"https:\/\/www.strassenweb.de\/nachrichten\/wp-content\/uploads\/2024\/09\/cropped-favicon.png","width":512,"height":512,"caption":"Stra\u00dfenweb"},"image":{"@id":"https:\/\/www.strassenweb.de\/nachrichten\/#\/schema\/logo\/image\/"},"sameAs":["https:\/\/www.facebook.com\/strassenweb\/"]},{"@type":"Person","@id":"https:\/\/www.strassenweb.de\/nachrichten\/#\/schema\/person\/87c9c9067f1211da429a744dc5a5aa41","name":"Robert Hoffmann","image":{"@type":"ImageObject","inLanguage":"de","@id":"https:\/\/www.strassenweb.de\/nachrichten\/wp-content\/uploads\/2024\/09\/strassenweb-150x150.jpg","url":"https:\/\/www.strassenweb.de\/nachrichten\/wp-content\/uploads\/2024\/09\/strassenweb-150x150.jpg","contentUrl":"https:\/\/www.strassenweb.de\/nachrichten\/wp-content\/uploads\/2024\/09\/strassenweb-150x150.jpg","caption":"Robert Hoffmann"},"description":"Ich hei\u00dfe Robert Hoffmann und ich bin ein leidenschaftlicher Verfechter von \u00d6kologie und Biodiversit\u00e4t. Seit meiner Kindheit in den W\u00e4ldern Bayerns f\u00fchle ich mich mit der Natur verbunden und bin entschlossen, sie zu sch\u00fctzen. Heute widme ich mein Leben der Sensibilisierung anderer f\u00fcr die Bedeutung des Umweltschutzes f\u00fcr zuk\u00fcnftige Generationen.","sameAs":["https:\/\/www.strassenweb.de\/"]}]}},"_links":{"self":[{"href":"https:\/\/www.strassenweb.de\/nachrichten\/wp-json\/wp\/v2\/posts\/754","targetHints":{"allow":["GET"]}}],"collection":[{"href":"https:\/\/www.strassenweb.de\/nachrichten\/wp-json\/wp\/v2\/posts"}],"about":[{"href":"https:\/\/www.strassenweb.de\/nachrichten\/wp-json\/wp\/v2\/types\/post"}],"author":[{"embeddable":true,"href":"https:\/\/www.strassenweb.de\/nachrichten\/wp-json\/wp\/v2\/users\/1"}],"replies":[{"embeddable":true,"href":"https:\/\/www.strassenweb.de\/nachrichten\/wp-json\/wp\/v2\/comments?post=754"}],"version-history":[{"count":0,"href":"https:\/\/www.strassenweb.de\/nachrichten\/wp-json\/wp\/v2\/posts\/754\/revisions"}],"wp:attachment":[{"href":"https:\/\/www.strassenweb.de\/nachrichten\/wp-json\/wp\/v2\/media?parent=754"}],"wp:term":[{"taxonomy":"category","embeddable":true,"href":"https:\/\/www.strassenweb.de\/nachrichten\/wp-json\/wp\/v2\/categories?post=754"},{"taxonomy":"post_tag","embeddable":true,"href":"https:\/\/www.strassenweb.de\/nachrichten\/wp-json\/wp\/v2\/tags?post=754"}],"curies":[{"name":"wp","href":"https:\/\/api.w.org\/{rel}","templated":true}]}}