{"id":7529,"date":"2025-09-07T13:40:59","date_gmt":"2025-09-07T11:40:59","guid":{"rendered":"https:\/\/www.strassenweb.de\/nachrichten\/faded-petal-ist-das-neue-baby-pink-es-ist-eine-muss-fuer-alle-gaerten-sagen-trendprognostiker-egal-mit-welcher-farbpalette-sie-arbeiten\/"},"modified":"2025-09-07T13:41:00","modified_gmt":"2025-09-07T11:41:00","slug":"faded-petal-ist-das-neue-baby-pink-es-ist-eine-muss-fuer-alle-gaerten-sagen-trendprognostiker-egal-mit-welcher-farbpalette-sie-arbeiten","status":"publish","type":"post","link":"https:\/\/www.strassenweb.de\/nachrichten\/faded-petal-ist-das-neue-baby-pink-es-ist-eine-muss-fuer-alle-gaerten-sagen-trendprognostiker-egal-mit-welcher-farbpalette-sie-arbeiten\/","title":{"rendered":"&#8218;Faded Petal&#8216; ist das neue Baby Pink-es ist eine Muss f\u00fcr alle G\u00e4rten, sagen Trendprognostiker, egal mit welcher Farbpalette Sie arbeiten"},"content":{"rendered":"<p><\/p>\n<div id=\"article-body\" class=\"article__body \">\n<p id=\"22495987-df27-4ecf-8d3a-3a303f520fd5\">Die Garden Media Group hat ihren Bericht von 2026 Garden Trends f\u00fcr das n\u00e4chste Jahr ver\u00f6ffentlicht, und &#8218;Faded Petal&#8216; ist die Farbe des Augenblicks. Es ist ein dunkler, fl\u00fcsternder Ballett-Slipperrosa, ein subtil unpigmentierter Saccharin-Farbton. Einige der besten rosa Pflanzen, die wir alle kennen und lieben, sind eher ein Schrei als ein Fl\u00fcstern. &#8218;Faded Petal&#8216; ist dagegen ein wunderbar nostalgischer, antiquierter Rosenfarbton, der laut dem Bericht \u00fcber Gartentrends 2026 eine Auferstehung durchlaufen hat.<\/p>\n<div id=\"ad-unit-1\" class=\"ad-unit\"><\/div>\n<p>Ged\u00e4mpfte, ged\u00e4mpfte Rosa wie &#8222;verblasstes Bl\u00fctenblatt&#8220; ber\u00fchmt gut mit moosigen gr\u00fcnen Farben, und da Pink und Gr\u00fcn immer gl\u00fcckliche Bettgenossen sind, funktioniert diese Farbe in jedem Garten, egal welche Farbpalette oder Mischung davon im Spiel ist. Es ist eine sichere Farbe, die in gemischte Betten integriert werden kann. Es besteht keine Risiken des Zusammensto\u00dfes und lenkt wenig Aufmerksamkeit auf sich selbst, wirkt jedoch die perfekte Folie f\u00fcr st\u00e4rkere und charismatischere T\u00f6ne.<\/p>\n<aside data-block-type=\"embed\" data-render-type=\"fte\" data-skip=\"dealsy\" data-widget-type=\"seasonal\" class=\"hawk-base\"><\/aside>\n<p id=\"22495987-df27-4ecf-8d3a-3a303f520fd5-2\">Ein fester Favoriten des Cottage Garden, hier entdecken wir, wie man verblasste Bl\u00fctenbl\u00e4tter in Ihren Garten einbezieht.<\/p>\n<div class=\"van_vid_carousel\">\n<div class=\"van_vid_carousel__padding\">\n<div class=\"van_vid_carousel__container\"><\/div>\n<\/div>\n<\/div>\n<h2 id=\"what-is-faded-petal-3\">Was ist verblasstes Bl\u00fctenblatt?<\/h2>\n<figure class=\"van-image-figure inline-layout \" data-bordeaux-image-check id=\"7be397e8-45b3-4711-8ca7-106d0e7c7621\">\n<div class=\"image-full-width-wrapper\">\n<div class=\"image-widthsetter\" style=\"max-width:2000px;\"><\/div>\n<\/div>\n<\/figure>\n<p id=\"2da41154-721a-4af4-801e-23af7cc7ef83\">Dank der neuesten Besessenheit von Gen Z mit der \u00c4sthetik der Nancy Meyers (denken Sie an <em>Der Urlaub muss etwas geben<\/em>Anwesend <em>Die Elternfalle), <\/em>Es gab eine kollektive Verschiebung zu einem filmischen, klassischen und eleganteren Look in G\u00e4rten.<\/p>\n<div id=\"ad-unit-2\" class=\"ad-unit\"><\/div>\n<p>Dies ist Teil einer breiteren Sehnsucht unter vielen G\u00e4rtnern, klassische und zeitlose Pflanzen und Farben in unsere G\u00e4rten und in unsere H\u00e4user einzubeziehen.<\/p>\n<p>Eintritt: Verblasst Bl\u00fctenblatt. Verblasste Bl\u00fctenblatt tickt alle K\u00e4stchen, wenn Sie nach einem ruhigen, zur\u00fcckhaltenden, d\u00fcsteren Rosa suchen. Es ist definitiv <em>nicht <\/em>Ein Pastell, also ist nichts Krankhaftes daran. Es ist in der Tat eine weitaus erwachsenere Version von Baby Pink. Entscheidend ist, dass es kein Angriff auf die Sinne ist, sondern eine intrinsisch beruhigende, beruhigende Farbe.<\/p>\n<figure class=\"van-image-figure inline-layout \" data-bordeaux-image-check id=\"688ffd05-3931-494f-8b2b-69c9e22a289c\">\n<div class=\"image-full-width-wrapper\">\n<div class=\"image-widthsetter\" style=\"max-width:2000px;\"><\/div>\n<\/div>\n<\/figure>\n<h2 id=\"6-faded-petal-spring-bulbs-to-buy-3\">6 verblasste Bl\u00fctenbl\u00e4tterbirnen zum Kauf<\/h2>\n<p id=\"ffb7162d-5e12-4c1f-af9c-6c2d45a4be58\">Die Saison der Gl\u00fchbirne ist gro\u00df, und es ist Zeit, Ihre Gl\u00fchbirnenbestellung jetzt zu erhalten, da sie dazu neigen, schnell ausverkauft zu werden. Diese sechs Federlampen befinden sich alle im verblassten Bl\u00fctenblattfarbspektrum, jeweils so gut wie die n\u00e4chsten.<\/p>\n<div id=\"slice-container-newsletterForm-articleInbodyContent-mPSdi5rze2cFs8UpsT3DGf\" class=\"slice-container newsletter-inbodyContent-slice newsletterForm-articleInbodyContent-mPSdi5rze2cFs8UpsT3DGf slice-container-newsletterForm\"><\/div>\n<div class=\"product-container hero-product-container product-block-no-wrap\">\n<div class=\"product-block-row\"><\/div>\n<div class=\"product-block-row\"><\/div>\n<div class=\"product-block-row\"><\/div>\n<div class=\"product-block-row\"><\/div>\n<div class=\"product-block-row\"><\/div>\n<div class=\"product-block-row\"><\/div>\n<\/div>\n<div class=\"min-h-(270px) mb-4 viafoura-twig-component\" id=\"viafoura-engagement-starter-wrapper\" data-component-name=\"Elk:Embed:EngagementStarter\">\n<div class=\"viafoura\">\n<div>\n<vf-conversation-starter target=\"viafoura-comments\" title=\"What do you think of the faded petal trend? \" minimum-comment-count=\"3\"><br \/>\n<\/vf-conversation-starter>\n<\/div>\n<\/div>\n<\/div>\n<h2 id=\"6-best-faded-petal-plants-to-buy-3\">6 Beste verblasste Bl\u00fctenblattpflanzen zum Kauf<\/h2>\n<div class=\"product-container hero-product-container product-block-no-wrap\">\n<div class=\"product-block-row\"><\/div>\n<div class=\"product-block-row\"><\/div>\n<div class=\"product-block-row\"><\/div>\n<div class=\"product-block-row\"><\/div>\n<div class=\"product-block-row\"><\/div>\n<div class=\"product-block-row\"><\/div>\n<\/div>\n<hr id=\"cbef48af-e14f-4d3b-ad97-e8cc8bed8743\">\n<p id=\"c2796eb1-b7f9-4c5c-bec7-cdda0a27c19a\">Diese blassen, verblassten Bl\u00fctenbl\u00e4tterpflanzen wirken als wunderbare Folie f\u00fcr jede Farbengruppe, insbesondere wenn sie mit schokoladenfarbenen Bl\u00fcten, tiefen purpurrischen Pflanzen, und die S\u00fc\u00dfe des Rosa kann durch die strategische Verwendung von Buttergelben Pflanzen wie sonniger Kosmos und hellgelben Rosenvarianten erhoben werden.<\/p>\n<\/div>\n","protected":false},"excerpt":{"rendered":"<p>Die Garden Media Group hat ihren Bericht von 2026 Garden Trends f\u00fcr das n\u00e4chste Jahr ver\u00f6ffentlicht, und &#8218;Faded Petal&#8216; ist die Farbe des Augenblicks. Es<\/p>\n","protected":false},"author":1,"featured_media":7530,"comment_status":"closed","ping_status":"","sticky":false,"template":"","format":"standard","meta":{"footnotes":""},"categories":[118],"tags":[176,310,9968,112,4889,74,9966,2469,55,320,15,146,141,108,9967,9969,284,165,9970,4336],"class_list":["post-7529","post","type-post","status-publish","format-standard","has-post-thumbnail","hentry","category-haus-garten","tag-alle","tag-arbeiten","tag-baby","tag-das","tag-egal","tag-eine","tag-faded","tag-farbpalette","tag-fuer","tag-garten","tag-ist","tag-mit","tag-muss","tag-neue","tag-petal","tag-pinkes","tag-sagen","tag-sie","tag-trendprognostiker","tag-welcher","generate-columns","tablet-grid-50","mobile-grid-100","grid-parent","grid-50"],"yoast_head":"<!-- This site is optimized with the Yoast SEO plugin v27.3 - https:\/\/yoast.com\/product\/yoast-seo-wordpress\/ -->\n<title>&#039;Faded Petal&#039; ist das neue Baby Pink-es ist eine Muss f\u00fcr alle G\u00e4rten, sagen Trendprognostiker, egal mit welcher Farbpalette Sie arbeiten - Nachrichten - Stra\u00dfenweb<\/title>\n<meta name=\"robots\" content=\"index, follow, max-snippet:-1, max-image-preview:large, max-video-preview:-1\" \/>\n<link rel=\"canonical\" href=\"https:\/\/www.strassenweb.de\/nachrichten\/faded-petal-ist-das-neue-baby-pink-es-ist-eine-muss-fuer-alle-gaerten-sagen-trendprognostiker-egal-mit-welcher-farbpalette-sie-arbeiten\/\" \/>\n<meta property=\"og:locale\" content=\"de_DE\" \/>\n<meta property=\"og:type\" content=\"article\" \/>\n<meta property=\"og:title\" content=\"&#039;Faded Petal&#039; ist das neue Baby Pink-es ist eine Muss f\u00fcr alle G\u00e4rten, sagen Trendprognostiker, egal mit welcher Farbpalette Sie arbeiten - Nachrichten - Stra\u00dfenweb\" \/>\n<meta property=\"og:description\" content=\"Die Garden Media Group hat ihren Bericht von 2026 Garden Trends f\u00fcr das n\u00e4chste Jahr ver\u00f6ffentlicht, und &#8218;Faded Petal&#8216; ist die Farbe des Augenblicks. Es\" \/>\n<meta property=\"og:url\" content=\"https:\/\/www.strassenweb.de\/nachrichten\/faded-petal-ist-das-neue-baby-pink-es-ist-eine-muss-fuer-alle-gaerten-sagen-trendprognostiker-egal-mit-welcher-farbpalette-sie-arbeiten\/\" \/>\n<meta property=\"og:site_name\" content=\"Stra\u00dfenweb\" \/>\n<meta property=\"article:publisher\" content=\"https:\/\/www.facebook.com\/strassenweb\/\" \/>\n<meta property=\"article:published_time\" content=\"2025-09-07T11:40:59+00:00\" \/>\n<meta property=\"article:modified_time\" content=\"2025-09-07T11:41:00+00:00\" \/>\n<meta property=\"og:image\" content=\"https:\/\/www.strassenweb.de\/nachrichten\/wp-content\/uploads\/2025\/09\/Faded-Petal-ist-das-neue-Baby-Pink-es-ist-eine-Muss.jpg\" \/>\n\t<meta property=\"og:image:width\" content=\"1920\" \/>\n\t<meta property=\"og:image:height\" content=\"1080\" \/>\n\t<meta property=\"og:image:type\" content=\"image\/jpeg\" \/>\n<meta name=\"author\" content=\"Robert Hoffmann\" \/>\n<meta name=\"twitter:card\" content=\"summary_large_image\" \/>\n<meta name=\"twitter:label1\" content=\"Verfasst von\" \/>\n\t<meta name=\"twitter:data1\" content=\"Robert Hoffmann\" \/>\n\t<meta name=\"twitter:label2\" content=\"Gesch\u00e4tzte Lesezeit\" \/>\n\t<meta name=\"twitter:data2\" content=\"2\u00a0Minuten\" \/>\n<script type=\"application\/ld+json\" class=\"yoast-schema-graph\">{\"@context\":\"https:\\\/\\\/schema.org\",\"@graph\":[{\"@type\":\"Article\",\"@id\":\"https:\\\/\\\/www.strassenweb.de\\\/nachrichten\\\/faded-petal-ist-das-neue-baby-pink-es-ist-eine-muss-fuer-alle-gaerten-sagen-trendprognostiker-egal-mit-welcher-farbpalette-sie-arbeiten\\\/#article\",\"isPartOf\":{\"@id\":\"https:\\\/\\\/www.strassenweb.de\\\/nachrichten\\\/faded-petal-ist-das-neue-baby-pink-es-ist-eine-muss-fuer-alle-gaerten-sagen-trendprognostiker-egal-mit-welcher-farbpalette-sie-arbeiten\\\/\"},\"author\":{\"name\":\"Robert Hoffmann\",\"@id\":\"https:\\\/\\\/www.strassenweb.de\\\/nachrichten\\\/#\\\/schema\\\/person\\\/87c9c9067f1211da429a744dc5a5aa41\"},\"headline\":\"&#8218;Faded Petal&#8216; ist das neue Baby Pink-es ist eine Muss f\u00fcr alle G\u00e4rten, sagen Trendprognostiker, egal mit welcher Farbpalette Sie arbeiten\",\"datePublished\":\"2025-09-07T11:40:59+00:00\",\"dateModified\":\"2025-09-07T11:41:00+00:00\",\"mainEntityOfPage\":{\"@id\":\"https:\\\/\\\/www.strassenweb.de\\\/nachrichten\\\/faded-petal-ist-das-neue-baby-pink-es-ist-eine-muss-fuer-alle-gaerten-sagen-trendprognostiker-egal-mit-welcher-farbpalette-sie-arbeiten\\\/\"},\"wordCount\":429,\"publisher\":{\"@id\":\"https:\\\/\\\/www.strassenweb.de\\\/nachrichten\\\/#organization\"},\"image\":{\"@id\":\"https:\\\/\\\/www.strassenweb.de\\\/nachrichten\\\/faded-petal-ist-das-neue-baby-pink-es-ist-eine-muss-fuer-alle-gaerten-sagen-trendprognostiker-egal-mit-welcher-farbpalette-sie-arbeiten\\\/#primaryimage\"},\"thumbnailUrl\":\"https:\\\/\\\/www.strassenweb.de\\\/nachrichten\\\/wp-content\\\/uploads\\\/2025\\\/09\\\/Faded-Petal-ist-das-neue-Baby-Pink-es-ist-eine-Muss.jpg\",\"keywords\":[\"alle\",\"arbeiten\",\"Baby\",\"das\",\"Egal\",\"eine\",\"Faded\",\"Farbpalette\",\"f\u00fcr\",\"Garten\",\"ist\",\"mit\",\"muss\",\"Neue\",\"Petal\",\"Pinkes\",\"sagen\",\"Sie\",\"Trendprognostiker\",\"welcher\"],\"articleSection\":[\"Haus &amp; Garten\"],\"inLanguage\":\"de\"},{\"@type\":\"WebPage\",\"@id\":\"https:\\\/\\\/www.strassenweb.de\\\/nachrichten\\\/faded-petal-ist-das-neue-baby-pink-es-ist-eine-muss-fuer-alle-gaerten-sagen-trendprognostiker-egal-mit-welcher-farbpalette-sie-arbeiten\\\/\",\"url\":\"https:\\\/\\\/www.strassenweb.de\\\/nachrichten\\\/faded-petal-ist-das-neue-baby-pink-es-ist-eine-muss-fuer-alle-gaerten-sagen-trendprognostiker-egal-mit-welcher-farbpalette-sie-arbeiten\\\/\",\"name\":\"'Faded Petal' ist das neue Baby Pink-es ist eine Muss f\u00fcr alle G\u00e4rten, sagen Trendprognostiker, egal mit welcher Farbpalette Sie arbeiten - Nachrichten - Stra\u00dfenweb\",\"isPartOf\":{\"@id\":\"https:\\\/\\\/www.strassenweb.de\\\/nachrichten\\\/#website\"},\"primaryImageOfPage\":{\"@id\":\"https:\\\/\\\/www.strassenweb.de\\\/nachrichten\\\/faded-petal-ist-das-neue-baby-pink-es-ist-eine-muss-fuer-alle-gaerten-sagen-trendprognostiker-egal-mit-welcher-farbpalette-sie-arbeiten\\\/#primaryimage\"},\"image\":{\"@id\":\"https:\\\/\\\/www.strassenweb.de\\\/nachrichten\\\/faded-petal-ist-das-neue-baby-pink-es-ist-eine-muss-fuer-alle-gaerten-sagen-trendprognostiker-egal-mit-welcher-farbpalette-sie-arbeiten\\\/#primaryimage\"},\"thumbnailUrl\":\"https:\\\/\\\/www.strassenweb.de\\\/nachrichten\\\/wp-content\\\/uploads\\\/2025\\\/09\\\/Faded-Petal-ist-das-neue-Baby-Pink-es-ist-eine-Muss.jpg\",\"datePublished\":\"2025-09-07T11:40:59+00:00\",\"dateModified\":\"2025-09-07T11:41:00+00:00\",\"breadcrumb\":{\"@id\":\"https:\\\/\\\/www.strassenweb.de\\\/nachrichten\\\/faded-petal-ist-das-neue-baby-pink-es-ist-eine-muss-fuer-alle-gaerten-sagen-trendprognostiker-egal-mit-welcher-farbpalette-sie-arbeiten\\\/#breadcrumb\"},\"inLanguage\":\"de\",\"potentialAction\":[{\"@type\":\"ReadAction\",\"target\":[\"https:\\\/\\\/www.strassenweb.de\\\/nachrichten\\\/faded-petal-ist-das-neue-baby-pink-es-ist-eine-muss-fuer-alle-gaerten-sagen-trendprognostiker-egal-mit-welcher-farbpalette-sie-arbeiten\\\/\"]}]},{\"@type\":\"ImageObject\",\"inLanguage\":\"de\",\"@id\":\"https:\\\/\\\/www.strassenweb.de\\\/nachrichten\\\/faded-petal-ist-das-neue-baby-pink-es-ist-eine-muss-fuer-alle-gaerten-sagen-trendprognostiker-egal-mit-welcher-farbpalette-sie-arbeiten\\\/#primaryimage\",\"url\":\"https:\\\/\\\/www.strassenweb.de\\\/nachrichten\\\/wp-content\\\/uploads\\\/2025\\\/09\\\/Faded-Petal-ist-das-neue-Baby-Pink-es-ist-eine-Muss.jpg\",\"contentUrl\":\"https:\\\/\\\/www.strassenweb.de\\\/nachrichten\\\/wp-content\\\/uploads\\\/2025\\\/09\\\/Faded-Petal-ist-das-neue-Baby-Pink-es-ist-eine-Muss.jpg\",\"width\":1920,\"height\":1080,\"caption\":\"Pink rose bed\"},{\"@type\":\"BreadcrumbList\",\"@id\":\"https:\\\/\\\/www.strassenweb.de\\\/nachrichten\\\/faded-petal-ist-das-neue-baby-pink-es-ist-eine-muss-fuer-alle-gaerten-sagen-trendprognostiker-egal-mit-welcher-farbpalette-sie-arbeiten\\\/#breadcrumb\",\"itemListElement\":[{\"@type\":\"ListItem\",\"position\":1,\"name\":\"Home\",\"item\":\"https:\\\/\\\/www.strassenweb.de\\\/nachrichten\\\/\"},{\"@type\":\"ListItem\",\"position\":2,\"name\":\"&#8218;Faded Petal&#8216; ist das neue Baby Pink-es ist eine Muss f\u00fcr alle G\u00e4rten, sagen Trendprognostiker, egal mit welcher Farbpalette Sie arbeiten\"}]},{\"@type\":\"WebSite\",\"@id\":\"https:\\\/\\\/www.strassenweb.de\\\/nachrichten\\\/#website\",\"url\":\"https:\\\/\\\/www.strassenweb.de\\\/nachrichten\\\/\",\"name\":\"Stra\u00dfenweb\",\"description\":\"Stra\u00dfenverzeichnis f\u00fcr Deutschland\",\"publisher\":{\"@id\":\"https:\\\/\\\/www.strassenweb.de\\\/nachrichten\\\/#organization\"},\"potentialAction\":[{\"@type\":\"SearchAction\",\"target\":{\"@type\":\"EntryPoint\",\"urlTemplate\":\"https:\\\/\\\/www.strassenweb.de\\\/nachrichten\\\/?s={search_term_string}\"},\"query-input\":{\"@type\":\"PropertyValueSpecification\",\"valueRequired\":true,\"valueName\":\"search_term_string\"}}],\"inLanguage\":\"de\"},{\"@type\":\"Organization\",\"@id\":\"https:\\\/\\\/www.strassenweb.de\\\/nachrichten\\\/#organization\",\"name\":\"Stra\u00dfenweb\",\"url\":\"https:\\\/\\\/www.strassenweb.de\\\/nachrichten\\\/\",\"logo\":{\"@type\":\"ImageObject\",\"inLanguage\":\"de\",\"@id\":\"https:\\\/\\\/www.strassenweb.de\\\/nachrichten\\\/#\\\/schema\\\/logo\\\/image\\\/\",\"url\":\"https:\\\/\\\/www.strassenweb.de\\\/nachrichten\\\/wp-content\\\/uploads\\\/2024\\\/09\\\/cropped-favicon.png\",\"contentUrl\":\"https:\\\/\\\/www.strassenweb.de\\\/nachrichten\\\/wp-content\\\/uploads\\\/2024\\\/09\\\/cropped-favicon.png\",\"width\":512,\"height\":512,\"caption\":\"Stra\u00dfenweb\"},\"image\":{\"@id\":\"https:\\\/\\\/www.strassenweb.de\\\/nachrichten\\\/#\\\/schema\\\/logo\\\/image\\\/\"},\"sameAs\":[\"https:\\\/\\\/www.facebook.com\\\/strassenweb\\\/\"]},{\"@type\":\"Person\",\"@id\":\"https:\\\/\\\/www.strassenweb.de\\\/nachrichten\\\/#\\\/schema\\\/person\\\/87c9c9067f1211da429a744dc5a5aa41\",\"name\":\"Robert Hoffmann\",\"image\":{\"@type\":\"ImageObject\",\"inLanguage\":\"de\",\"@id\":\"https:\\\/\\\/www.strassenweb.de\\\/nachrichten\\\/wp-content\\\/uploads\\\/2024\\\/09\\\/strassenweb-150x150.jpg\",\"url\":\"https:\\\/\\\/www.strassenweb.de\\\/nachrichten\\\/wp-content\\\/uploads\\\/2024\\\/09\\\/strassenweb-150x150.jpg\",\"contentUrl\":\"https:\\\/\\\/www.strassenweb.de\\\/nachrichten\\\/wp-content\\\/uploads\\\/2024\\\/09\\\/strassenweb-150x150.jpg\",\"caption\":\"Robert Hoffmann\"},\"description\":\"Ich hei\u00dfe Robert Hoffmann und ich bin ein leidenschaftlicher Verfechter von \u00d6kologie und Biodiversit\u00e4t. Seit meiner Kindheit in den W\u00e4ldern Bayerns f\u00fchle ich mich mit der Natur verbunden und bin entschlossen, sie zu sch\u00fctzen. Heute widme ich mein Leben der Sensibilisierung anderer f\u00fcr die Bedeutung des Umweltschutzes f\u00fcr zuk\u00fcnftige Generationen.\",\"sameAs\":[\"https:\\\/\\\/www.strassenweb.de\\\/\"]}]}<\/script>\n<!-- \/ Yoast SEO plugin. -->","yoast_head_json":{"title":"'Faded Petal' ist das neue Baby Pink-es ist eine Muss f\u00fcr alle G\u00e4rten, sagen Trendprognostiker, egal mit welcher Farbpalette Sie arbeiten - Nachrichten - Stra\u00dfenweb","robots":{"index":"index","follow":"follow","max-snippet":"max-snippet:-1","max-image-preview":"max-image-preview:large","max-video-preview":"max-video-preview:-1"},"canonical":"https:\/\/www.strassenweb.de\/nachrichten\/faded-petal-ist-das-neue-baby-pink-es-ist-eine-muss-fuer-alle-gaerten-sagen-trendprognostiker-egal-mit-welcher-farbpalette-sie-arbeiten\/","og_locale":"de_DE","og_type":"article","og_title":"'Faded Petal' ist das neue Baby Pink-es ist eine Muss f\u00fcr alle G\u00e4rten, sagen Trendprognostiker, egal mit welcher Farbpalette Sie arbeiten - Nachrichten - Stra\u00dfenweb","og_description":"Die Garden Media Group hat ihren Bericht von 2026 Garden Trends f\u00fcr das n\u00e4chste Jahr ver\u00f6ffentlicht, und &#8218;Faded Petal&#8216; ist die Farbe des Augenblicks. Es","og_url":"https:\/\/www.strassenweb.de\/nachrichten\/faded-petal-ist-das-neue-baby-pink-es-ist-eine-muss-fuer-alle-gaerten-sagen-trendprognostiker-egal-mit-welcher-farbpalette-sie-arbeiten\/","og_site_name":"Stra\u00dfenweb","article_publisher":"https:\/\/www.facebook.com\/strassenweb\/","article_published_time":"2025-09-07T11:40:59+00:00","article_modified_time":"2025-09-07T11:41:00+00:00","og_image":[{"width":1920,"height":1080,"url":"https:\/\/www.strassenweb.de\/nachrichten\/wp-content\/uploads\/2025\/09\/Faded-Petal-ist-das-neue-Baby-Pink-es-ist-eine-Muss.jpg","type":"image\/jpeg"}],"author":"Robert Hoffmann","twitter_card":"summary_large_image","twitter_misc":{"Verfasst von":"Robert Hoffmann","Gesch\u00e4tzte Lesezeit":"2\u00a0Minuten"},"schema":{"@context":"https:\/\/schema.org","@graph":[{"@type":"Article","@id":"https:\/\/www.strassenweb.de\/nachrichten\/faded-petal-ist-das-neue-baby-pink-es-ist-eine-muss-fuer-alle-gaerten-sagen-trendprognostiker-egal-mit-welcher-farbpalette-sie-arbeiten\/#article","isPartOf":{"@id":"https:\/\/www.strassenweb.de\/nachrichten\/faded-petal-ist-das-neue-baby-pink-es-ist-eine-muss-fuer-alle-gaerten-sagen-trendprognostiker-egal-mit-welcher-farbpalette-sie-arbeiten\/"},"author":{"name":"Robert Hoffmann","@id":"https:\/\/www.strassenweb.de\/nachrichten\/#\/schema\/person\/87c9c9067f1211da429a744dc5a5aa41"},"headline":"&#8218;Faded Petal&#8216; ist das neue Baby Pink-es ist eine Muss f\u00fcr alle G\u00e4rten, sagen Trendprognostiker, egal mit welcher Farbpalette Sie arbeiten","datePublished":"2025-09-07T11:40:59+00:00","dateModified":"2025-09-07T11:41:00+00:00","mainEntityOfPage":{"@id":"https:\/\/www.strassenweb.de\/nachrichten\/faded-petal-ist-das-neue-baby-pink-es-ist-eine-muss-fuer-alle-gaerten-sagen-trendprognostiker-egal-mit-welcher-farbpalette-sie-arbeiten\/"},"wordCount":429,"publisher":{"@id":"https:\/\/www.strassenweb.de\/nachrichten\/#organization"},"image":{"@id":"https:\/\/www.strassenweb.de\/nachrichten\/faded-petal-ist-das-neue-baby-pink-es-ist-eine-muss-fuer-alle-gaerten-sagen-trendprognostiker-egal-mit-welcher-farbpalette-sie-arbeiten\/#primaryimage"},"thumbnailUrl":"https:\/\/www.strassenweb.de\/nachrichten\/wp-content\/uploads\/2025\/09\/Faded-Petal-ist-das-neue-Baby-Pink-es-ist-eine-Muss.jpg","keywords":["alle","arbeiten","Baby","das","Egal","eine","Faded","Farbpalette","f\u00fcr","Garten","ist","mit","muss","Neue","Petal","Pinkes","sagen","Sie","Trendprognostiker","welcher"],"articleSection":["Haus &amp; Garten"],"inLanguage":"de"},{"@type":"WebPage","@id":"https:\/\/www.strassenweb.de\/nachrichten\/faded-petal-ist-das-neue-baby-pink-es-ist-eine-muss-fuer-alle-gaerten-sagen-trendprognostiker-egal-mit-welcher-farbpalette-sie-arbeiten\/","url":"https:\/\/www.strassenweb.de\/nachrichten\/faded-petal-ist-das-neue-baby-pink-es-ist-eine-muss-fuer-alle-gaerten-sagen-trendprognostiker-egal-mit-welcher-farbpalette-sie-arbeiten\/","name":"'Faded Petal' ist das neue Baby Pink-es ist eine Muss f\u00fcr alle G\u00e4rten, sagen Trendprognostiker, egal mit welcher Farbpalette Sie arbeiten - Nachrichten - Stra\u00dfenweb","isPartOf":{"@id":"https:\/\/www.strassenweb.de\/nachrichten\/#website"},"primaryImageOfPage":{"@id":"https:\/\/www.strassenweb.de\/nachrichten\/faded-petal-ist-das-neue-baby-pink-es-ist-eine-muss-fuer-alle-gaerten-sagen-trendprognostiker-egal-mit-welcher-farbpalette-sie-arbeiten\/#primaryimage"},"image":{"@id":"https:\/\/www.strassenweb.de\/nachrichten\/faded-petal-ist-das-neue-baby-pink-es-ist-eine-muss-fuer-alle-gaerten-sagen-trendprognostiker-egal-mit-welcher-farbpalette-sie-arbeiten\/#primaryimage"},"thumbnailUrl":"https:\/\/www.strassenweb.de\/nachrichten\/wp-content\/uploads\/2025\/09\/Faded-Petal-ist-das-neue-Baby-Pink-es-ist-eine-Muss.jpg","datePublished":"2025-09-07T11:40:59+00:00","dateModified":"2025-09-07T11:41:00+00:00","breadcrumb":{"@id":"https:\/\/www.strassenweb.de\/nachrichten\/faded-petal-ist-das-neue-baby-pink-es-ist-eine-muss-fuer-alle-gaerten-sagen-trendprognostiker-egal-mit-welcher-farbpalette-sie-arbeiten\/#breadcrumb"},"inLanguage":"de","potentialAction":[{"@type":"ReadAction","target":["https:\/\/www.strassenweb.de\/nachrichten\/faded-petal-ist-das-neue-baby-pink-es-ist-eine-muss-fuer-alle-gaerten-sagen-trendprognostiker-egal-mit-welcher-farbpalette-sie-arbeiten\/"]}]},{"@type":"ImageObject","inLanguage":"de","@id":"https:\/\/www.strassenweb.de\/nachrichten\/faded-petal-ist-das-neue-baby-pink-es-ist-eine-muss-fuer-alle-gaerten-sagen-trendprognostiker-egal-mit-welcher-farbpalette-sie-arbeiten\/#primaryimage","url":"https:\/\/www.strassenweb.de\/nachrichten\/wp-content\/uploads\/2025\/09\/Faded-Petal-ist-das-neue-Baby-Pink-es-ist-eine-Muss.jpg","contentUrl":"https:\/\/www.strassenweb.de\/nachrichten\/wp-content\/uploads\/2025\/09\/Faded-Petal-ist-das-neue-Baby-Pink-es-ist-eine-Muss.jpg","width":1920,"height":1080,"caption":"Pink rose bed"},{"@type":"BreadcrumbList","@id":"https:\/\/www.strassenweb.de\/nachrichten\/faded-petal-ist-das-neue-baby-pink-es-ist-eine-muss-fuer-alle-gaerten-sagen-trendprognostiker-egal-mit-welcher-farbpalette-sie-arbeiten\/#breadcrumb","itemListElement":[{"@type":"ListItem","position":1,"name":"Home","item":"https:\/\/www.strassenweb.de\/nachrichten\/"},{"@type":"ListItem","position":2,"name":"&#8218;Faded Petal&#8216; ist das neue Baby Pink-es ist eine Muss f\u00fcr alle G\u00e4rten, sagen Trendprognostiker, egal mit welcher Farbpalette Sie arbeiten"}]},{"@type":"WebSite","@id":"https:\/\/www.strassenweb.de\/nachrichten\/#website","url":"https:\/\/www.strassenweb.de\/nachrichten\/","name":"Stra\u00dfenweb","description":"Stra\u00dfenverzeichnis f\u00fcr Deutschland","publisher":{"@id":"https:\/\/www.strassenweb.de\/nachrichten\/#organization"},"potentialAction":[{"@type":"SearchAction","target":{"@type":"EntryPoint","urlTemplate":"https:\/\/www.strassenweb.de\/nachrichten\/?s={search_term_string}"},"query-input":{"@type":"PropertyValueSpecification","valueRequired":true,"valueName":"search_term_string"}}],"inLanguage":"de"},{"@type":"Organization","@id":"https:\/\/www.strassenweb.de\/nachrichten\/#organization","name":"Stra\u00dfenweb","url":"https:\/\/www.strassenweb.de\/nachrichten\/","logo":{"@type":"ImageObject","inLanguage":"de","@id":"https:\/\/www.strassenweb.de\/nachrichten\/#\/schema\/logo\/image\/","url":"https:\/\/www.strassenweb.de\/nachrichten\/wp-content\/uploads\/2024\/09\/cropped-favicon.png","contentUrl":"https:\/\/www.strassenweb.de\/nachrichten\/wp-content\/uploads\/2024\/09\/cropped-favicon.png","width":512,"height":512,"caption":"Stra\u00dfenweb"},"image":{"@id":"https:\/\/www.strassenweb.de\/nachrichten\/#\/schema\/logo\/image\/"},"sameAs":["https:\/\/www.facebook.com\/strassenweb\/"]},{"@type":"Person","@id":"https:\/\/www.strassenweb.de\/nachrichten\/#\/schema\/person\/87c9c9067f1211da429a744dc5a5aa41","name":"Robert Hoffmann","image":{"@type":"ImageObject","inLanguage":"de","@id":"https:\/\/www.strassenweb.de\/nachrichten\/wp-content\/uploads\/2024\/09\/strassenweb-150x150.jpg","url":"https:\/\/www.strassenweb.de\/nachrichten\/wp-content\/uploads\/2024\/09\/strassenweb-150x150.jpg","contentUrl":"https:\/\/www.strassenweb.de\/nachrichten\/wp-content\/uploads\/2024\/09\/strassenweb-150x150.jpg","caption":"Robert Hoffmann"},"description":"Ich hei\u00dfe Robert Hoffmann und ich bin ein leidenschaftlicher Verfechter von \u00d6kologie und Biodiversit\u00e4t. Seit meiner Kindheit in den W\u00e4ldern Bayerns f\u00fchle ich mich mit der Natur verbunden und bin entschlossen, sie zu sch\u00fctzen. Heute widme ich mein Leben der Sensibilisierung anderer f\u00fcr die Bedeutung des Umweltschutzes f\u00fcr zuk\u00fcnftige Generationen.","sameAs":["https:\/\/www.strassenweb.de\/"]}]}},"_links":{"self":[{"href":"https:\/\/www.strassenweb.de\/nachrichten\/wp-json\/wp\/v2\/posts\/7529","targetHints":{"allow":["GET"]}}],"collection":[{"href":"https:\/\/www.strassenweb.de\/nachrichten\/wp-json\/wp\/v2\/posts"}],"about":[{"href":"https:\/\/www.strassenweb.de\/nachrichten\/wp-json\/wp\/v2\/types\/post"}],"author":[{"embeddable":true,"href":"https:\/\/www.strassenweb.de\/nachrichten\/wp-json\/wp\/v2\/users\/1"}],"replies":[{"embeddable":true,"href":"https:\/\/www.strassenweb.de\/nachrichten\/wp-json\/wp\/v2\/comments?post=7529"}],"version-history":[{"count":0,"href":"https:\/\/www.strassenweb.de\/nachrichten\/wp-json\/wp\/v2\/posts\/7529\/revisions"}],"wp:featuredmedia":[{"embeddable":true,"href":"https:\/\/www.strassenweb.de\/nachrichten\/wp-json\/wp\/v2\/media\/7530"}],"wp:attachment":[{"href":"https:\/\/www.strassenweb.de\/nachrichten\/wp-json\/wp\/v2\/media?parent=7529"}],"wp:term":[{"taxonomy":"category","embeddable":true,"href":"https:\/\/www.strassenweb.de\/nachrichten\/wp-json\/wp\/v2\/categories?post=7529"},{"taxonomy":"post_tag","embeddable":true,"href":"https:\/\/www.strassenweb.de\/nachrichten\/wp-json\/wp\/v2\/tags?post=7529"}],"curies":[{"name":"wp","href":"https:\/\/api.w.org\/{rel}","templated":true}]}}