{"id":7526,"date":"2025-09-07T10:39:28","date_gmt":"2025-09-07T08:39:28","guid":{"rendered":"https:\/\/www.strassenweb.de\/nachrichten\/wird-orange-von-der-goldenen-stunde-bis-zu-kuerbisgewuerz-und-der-neuen-aera-von-taylor-swift-das-neue-rot-in-der-innenausstattung-sein\/"},"modified":"2025-09-07T10:39:29","modified_gmt":"2025-09-07T08:39:29","slug":"wird-orange-von-der-goldenen-stunde-bis-zu-kuerbisgewuerz-und-der-neuen-aera-von-taylor-swift-das-neue-rot-in-der-innenausstattung-sein","status":"publish","type":"post","link":"https:\/\/www.strassenweb.de\/nachrichten\/wird-orange-von-der-goldenen-stunde-bis-zu-kuerbisgewuerz-und-der-neuen-aera-von-taylor-swift-das-neue-rot-in-der-innenausstattung-sein\/","title":{"rendered":"Wird Orange von der goldenen Stunde bis zu K\u00fcrbisgew\u00fcrz und der neuen \u00c4ra von Taylor Swift das neue Rot in der Innenausstattung sein?"},"content":{"rendered":"<p><\/p>\n<div id=\"article-body\" class=\"article__body \">\n<p id=\"24916292-0216-456b-8736-d300cb73ac41\">Red hat im vergangenen Jahr Innenr\u00e4ume regiert, aber als wir in den Herbst treten, kann ich nicht anders, als einen neuen Farbton f\u00fcr die Lippen aller zu bemerken. Orange hat sich in all seinen w\u00e4rmenden, gl\u00fchenden Iterationen als die am meisten diskutierte Farbe als die am meisten diskutierte Farbe einnehmen.<\/p>\n<div id=\"ad-unit-1\" class=\"ad-unit\"><\/div>\n<p>Wenn wir anfangen, Herbstfarben in unseren H\u00e4usern zu begr\u00fc\u00dfen, f\u00fchlt sich Orange&#8217;s W\u00e4rme jetzt jetzt besonders relevant an. Und wo sich Rot manchmal dominierend anf\u00fchlen kann, macht es den Effekt aus weicher, ohne den Einfluss zu verlieren &#8211; es hat den gleichen Schlag wie rot, aber es f\u00fchlt sich weicher und zug\u00e4nglicher an.<\/p>\n<aside data-block-type=\"embed\" data-render-type=\"fte\" data-skip=\"dealsy\" data-widget-type=\"seasonal\" class=\"hawk-base\"><\/aside>\n<p id=\"24916292-0216-456b-8736-d300cb73ac41-2\">&#8222;Orange steigt absolut ins Rampenlicht, als das neue Rot&#8220;, sagt House of Hive&#8217;s Kailee Blalock. &#8222;Es ist eine \u00fcberraschend vielseitige Farbe, viel anpassungsf\u00e4higer als die Menschen erkennen.&#8220; Und als ich \u00fcberall Orange entdeckt habe-von New-In-Herbst-Trends bis zu Taylor Swifts kommendes Album-ist es schwer, das Gef\u00fchl zu ignorieren, dass dieser feurige Schatten wirklich seinen Moment haben wird.<\/p>\n<div class=\"van_vid_carousel\">\n<div class=\"van_vid_carousel__padding\">\n<div class=\"van_vid_carousel__container\"><\/div>\n<\/div>\n<\/div>\n<h2 id=\"is-orange-the-new-red-for-fall-2025-3\">Ist Orange das neue Rot f\u00fcr den Herbst 2025?<\/h2>\n<figure class=\"van-image-figure inline-layout \" data-bordeaux-image-check id=\"0f8207ed-4967-4880-8195-5712962bebdc\">\n<div class=\"image-full-width-wrapper\">\n<div class=\"image-widthsetter\" style=\"max-width:2000px;\"><\/div>\n<\/div>\n<\/figure>\n<p id=\"b25a55d2-7cac-4353-8595-b471d6391a8a\">Einer der gr\u00f6\u00dften Farbtrends im Design im vergangenen Jahr war der Aufstieg der unerwarteten roten Theorie &#8211; ein Trend, der auf Tiktok gepr\u00e4gt wurde, der unsere H\u00e4user und Kleiderschr\u00e4nke \u00fcbernahm und bewiesen hat, wie m\u00e4chtig ein einziger, k\u00fchner Farbtuch sein kann.<\/p>\n<div id=\"ad-unit-2\" class=\"ad-unit\"><\/div>\n<p>\u00dcberall tauchten rote Akzente auf, von gl\u00e4nzenden Seitentischen bis hin zu lackiertem Zubeh\u00f6r, und die Botschaft war klar: Red hatte seinen Platz als die gewagte, aufregendste Farbe in Innenr\u00e4umen beansprucht. Aber wenn wir in den Herbst ziehen, bemerke ich einen neuen Farbton, der sich besser f\u00fcr die kommende Saison eignet.<\/p>\n<p>Was Orange so aufregend macht, ist die Art und Weise, wie alles, was Rot bietet &#8211; Energie, Lebendigkeit, Drama &#8211; und macht es weicher.<\/p>\n<figure class=\"van-image-figure inline-layout \" data-bordeaux-image-check id=\"f459a9f2-43a2-4fcd-9668-613b81903492\">\n<div class=\"image-full-width-wrapper\">\n<div class=\"image-widthsetter\" style=\"max-width:2000px;\"><\/div>\n<\/div>\n<\/figure>\n<p id=\"c6607b17-6220-4c95-85b4-e34d775d7612\">&#8218;Orange entwickelt sich zu einer w\u00e4rmeren, weniger intensiven Alternative zu Rot, aber nicht weniger wirkungsvoll. Es vermittelt ein Gef\u00fchl des Optimismus und f\u00fchrt einen verspielteren, zug\u00e4nglicheren Ton ein \u201c, sagt Caroline Milns, Leiterin des Innenarchitektur bei Zulufish. &#8222;Wo Rot sich formell oder dramatisch f\u00fchlen kann, wirkt Orange frisch, energetisiert und unerwartet raffiniert, wenn sie mit Absicht verwendet werden.&#8220;<\/p>\n<div id=\"slice-container-newsletterForm-articleInbodyContent-mxjK8WAmgESpwW86oUShGU\" class=\"slice-container newsletter-inbodyContent-slice newsletterForm-articleInbodyContent-mxjK8WAmgESpwW86oUShGU slice-container-newsletterForm\"><\/div>\n<p>Nat\u00fcrlich kommt der Aufstieg von Orange immer zu dieser Jahreszeit. Von Sonnenunterg\u00e4ngen Sp\u00e4tsommer bis hin zu K\u00fcrbisgew\u00fcrz ist das Herbstdekor mit rostigen Farben, die die fallenden Bl\u00e4tter drau\u00dfen nachahmen.<\/p>\n<p>&#8222;Orange f\u00fchlt sich im Moment besonders relevant, zumal wir in Richtung Herbst schauen&#8220;, stimmt Designer Lauren Gilberthorpe zu. &#8222;Wo Rot manchmal ein Schema dominieren kann, bringt Orange eine weichere W\u00e4rme und eine nat\u00fcrliche Verbindung zur Landschaft.&#8220;<\/p>\n<p>Aber es steckt auch einen weiteren Schuldigen hinter dem Trend: Taylor Swifts &#8222;Orange -\u00c4ra&#8220;. Nachdem sie ihr 12. Studioalbum angek\u00fcndigt hatte, <em>Das Leben eines Showgirls<\/em>ist auf dem Weg, Taylor hat auch Hinweise fallen, dass diese Platte ihre \u00c4ra von Orange sein w\u00fcrde. Und das Internet ist seitdem von Orange -Pops besessen.<\/p>\n<figure class=\"van-image-figure inline-layout \" data-bordeaux-image-check id=\"d3ad092a-b0db-413d-b5c4-7bdab2111574\">\n<div class=\"image-full-width-wrapper\">\n<div class=\"image-widthsetter\" style=\"max-width:2000px;\"><\/div>\n<\/div>\n<\/figure>\n<p id=\"31b11474-c7ce-452e-ad8d-4cf18f790121\">Und w\u00e4hrend Taylor eine Palette von lebendigen Orangent\u00f6nen ausgew\u00e4hlt hat, gibt es viele Farbt\u00f6ne, die ihre eigene Pers\u00f6nlichkeit und einen eigenen Effekt auf einen Raum haben &#8211; von leuchtenden Bernstein- und verspielten Mandarine bis hin zu reichen Terrakotta und tiefen Kastanien.<\/p>\n<p>Michael Rolland, Paint Expert bei The Paint Shed, wies darauf hin, wie viel Interesse an diesen w\u00e4rmeren T\u00f6nen im Moment ist. &#8222;Die Farben der Kastanienfarbe wurden allein im Juli 2025 \u00fcber 10.000 Mal gesucht und zeigten einen klaren Appetit auf warme, ger\u00f6stete T\u00f6ne, die den Reichtum der ger\u00f6steten N\u00fcsse des Herbstes nach Hause bringen&#8220;, erkl\u00e4rt er und schl\u00e4gt Little Greenes Muscovado als gro\u00dfer Schatten zum Probieren vor. &#8222;Ob durch kestnussfarbene Farbe oder Kastanienholz-Merkmale, diese reichhaltige, verw\u00f6hnende Farbe bringt W\u00e4rme und Reichtum in einen Raum, w\u00e4hrend er sich subtil an einen der beliebtesten s\u00fc\u00dfen Leckereien des Herbstes erinnert.&#8220;<\/p>\n<p>Die Designerin Molly Torres Portnof von Date Interiors neigt auch zum tieferen Ende des Spektrums: \u201eIch liebe es, orangefarbene Farbt\u00f6ne zu integrieren, da sie sich oft warm, gem\u00fctlich und einladend anf\u00fchlen. Obwohl es definitiv einen Platz f\u00fcr helles Orange gibt, bevorzuge ich normalerweise Amber- und Braunorange -T\u00f6ne, da sie sich so gut mit Neutralen und Blues kombinieren. &#8218;<\/p>\n<figure class=\"van-image-figure inline-layout \" data-bordeaux-image-check id=\"af58a930-d29b-44ae-b86e-12da87bae65d\">\n<div class=\"image-full-width-wrapper\">\n<div class=\"image-widthsetter\" style=\"max-width:2400px;\"><\/div>\n<\/div>\n<\/figure>\n<p id=\"b207af89-87ca-4fe4-95d3-a087df8f4d7f\">&#8222;Ich liebe es, verbrannte oder Terrakotta -Farben mit tiefen Marine oder weichen Neutralen zu kombinieren. Sie heben sofort einen Raum, w\u00e4hrend sie Gleichgewicht und Eleganz aufrechterhalten&#8220;, f\u00fcgt Caroline Milns hinzu. &#8222;Es ist eine Farbe, die den Klassiker und Zeitgenossen wundersch\u00f6n \u00fcberbr\u00fcckt.&#8220;<\/p>\n<p>Orange muss nicht alleine stehen; Es ist ein \u00fcberraschend vielseitiger Teamplayer, und es gibt viele Farben, die zu Orange passen. Kombinieren Sie es mit tiefen Blau, Gr\u00fcn oder Holzkohlen, um einen mutigen Kontrast oder mit Cremes, Taupes und nat\u00fcrlichen H\u00f6lzern f\u00fcr eine weichere, geerdete Farbkombination.<\/p>\n<p>&#8222;Wenn Sie z\u00f6gern, beginnen Sie mit einer ged\u00e4mpften oder verbrannten Orange, die sich warm, aber nicht \u00fcberw\u00e4ltigend anf\u00fchlt&#8220;, schl\u00e4gt Kailee vor. &#8218;Orange kann sogar wie ein Neutral funktionieren; Es ist weicher und zug\u00e4nglicher als rot. &#8218;<\/p>\n<figure class=\"van-image-figure inline-layout \" data-bordeaux-image-check id=\"fc4754e3-fe52-4efc-9d95-cf90ecb39314\">\n<div class=\"image-full-width-wrapper\">\n<div class=\"image-widthsetter\" style=\"max-width:2400px;\"><\/div>\n<\/div>\n<\/figure>\n<p id=\"3e104ca3-cabf-427a-b88b-68cd0be34844\">Die Textur in Innenr\u00e4umen ist oft das, was Orange zu Hause f\u00fchlt. &#8222;Was Orange so vielseitig macht, ist, wie gut es auf Textur reagiert&#8220;, f\u00fcgt Lauren Gilberthorpe hinzu. &#8222;Ein rostt\u00f6ntes Samtkissen gegen nat\u00fcrliche Eiche oder eine Terrakotta-Wand, die von einem blo\u00dfen Leinenvorhang ausgefallen ist, schafft einen Raum, der sich geschichtet und einladend anf\u00fchlt.&#8220;<\/p>\n<p>&#8218;Verbrannte orange und terrakotta t\u00f6ne wie farrow &#038; balls rote Erde oder Marmelo arbeiten wundersch\u00f6n mit nat\u00fcrlichen H\u00f6lzern und Stein. F\u00fcr etwas Frischeres hat Edward Bulmers Malahide eine Helligkeit, die \u00fcberraschend gut zu warmen Neutralen und Off-Whites passt \u201c, schl\u00e4gt sie vor.<\/p>\n<p>Nina Lichtenstein f\u00fcgt hinzu: &#8218;Die Textur spielt eine Schl\u00fcsselrolle, um orangefarbene als \u00fcberw\u00e4ltigend als beabsichtigt und nicht \u00fcberw\u00e4ltigend zu machen. Matte Gipsw\u00e4nde, Samtpolsterung, Lederakzente und gewebte Teppiche verleihen Tiefe und Gleichgewicht, sodass die Farbe das Poping ohne Dominieren des Raumes erm\u00f6glicht. &#8218;<\/p>\n<figure class=\"van-image-figure inline-layout \" data-bordeaux-image-check id=\"259c28c9-99a5-408f-9e77-da6c095baf17\">\n<div class=\"image-full-width-wrapper\">\n<div class=\"image-widthsetter\" style=\"max-width:2000px;\"><\/div>\n<\/div>\n<\/figure>\n<p id=\"44bf34e3-51ed-41e0-a29d-5d3051bab2c4\">Der Schl\u00fcssel zur Verwendung von Orange liegt darin, die richtige Balance zu finden. Es ist ein kraftvoller Schatten, aber mit nachdenklichem Styling kann es einen Raum verwandeln, ohne ihn zu \u00fcberw\u00e4ltigen. F\u00fcr mich scheint Orange am hellsten, wenn es durch Textilien, M\u00f6bel oder Accessoires geschichtet wird, um Hauch von W\u00e4rme zu verleihen, anstatt \u00fcber W\u00e4nde gespritzt zu werden.<\/p>\n<p>Designerin Jeanne Barber von Camden Grace Interiors stimmt zu und sagt mir: \u201eDer warme Unterton in Orange eignet sich f\u00fcr gem\u00fctliche Speises\u00e4le oder andere R\u00e4ume, in denen sich Menschen versammeln und essen. Tats\u00e4chlich liebe ich Orange so sehr, dass ich k\u00fcrbisfarbene St\u00fchle an meinem eigenen Esstisch eingebaut habe. &#8218;<\/p>\n<p>&#8222;Wenn Orange durch Textilien, Kunstwerke oder Akzente geschichtet wird, f\u00fcgt sie eine dynamische Lebendigkeit hinzu, die sich sowohl aktuell als auch dauerhaft anf\u00fchlt&#8220;, f\u00fcgt Caroline hinzu. Ein Brand-Orange-Wurf, ein Samtkissen hier oder da oder sogar Keramik in rustikalen Tont\u00f6nen kann genau die richtige Menge an Reichtum in ein Raum bringen, um es f\u00fcr den Herbst super gem\u00fctlich zu machen.<\/p>\n<h2 id=\"shop-home-orange-decor-3\">Laden Sie zu Hause Orangendekoration<\/h2>\n<div class=\"product-container hero-product-container product-block-no-wrap\">\n<div class=\"product-block-row\"><\/div>\n<div class=\"product-block-row\"><\/div>\n<div class=\"product-block-row\"><\/div>\n<div class=\"product-block-row\"><\/div>\n<div class=\"product-block-row\"><\/div>\n<div class=\"product-block-row\"><\/div>\n<\/div>\n<hr id=\"8ba13bbd-e524-4b19-b8be-b2c92e3de5d3\">\n<p id=\"b1946af6-073d-43be-8f9c-a9825b7468a1\">Als jemand, der Haken, Linie und Sinker f\u00fcr unerwartetes Rot fiel, h\u00e4tte ich nie gedacht, dass ich von Orange angezogen w\u00fcrde. Aber es f\u00fchlt sich tats\u00e4chlich optimistisch, vielseitig und ausdrucksstark an, w\u00e4hrend es dennoch \u00fcberraschend einfach ist, zu leben. Und obwohl es das Ende von Rot nicht signalisiert, lehnen sich Designer in diesem Jahr mit zus\u00e4tzlicher Begeisterung in Orange. &#8222;Orange ersetzt nicht unbedingt Rot, sondern bietet eine erdvollere, geerdete Art, Energie und Farbe ins Haus zu bringen&#8220;, f\u00fcgt Lauren hinzu.<\/p>\n<div class=\"block\" id=\"articleTag\" data-component-name=\"PostArticleLinks\">\n<div class=\"border-b border-b-black border-solid py-2.5 text-black font-bold uppercase\">Themen<\/div>\n<nav class=\"py-2.5 flex gap-2.5 flex-wrap\" data-analytics-id=\"article-tag\">\n<p>Farbschemata<br \/>\n<\/nav>\n<\/div>\n<\/div>\n","protected":false},"excerpt":{"rendered":"<p>Red hat im vergangenen Jahr Innenr\u00e4ume regiert, aber als wir in den Herbst treten, kann ich nicht anders, als einen neuen Farbton f\u00fcr die Lippen<\/p>\n","protected":false},"author":1,"featured_media":7527,"comment_status":"closed","ping_status":"","sticky":false,"template":"","format":"standard","meta":{"footnotes":""},"categories":[118],"tags":[5652,180,112,81,9965,4989,9168,108,494,9197,2038,306,7949,8804,5978,37,21,71],"class_list":["post-7526","post","type-post","status-publish","format-standard","has-post-thumbnail","hentry","category-haus-garten","tag-aera","tag-bis","tag-das","tag-der","tag-goldenen","tag-innenausstattung","tag-kuerbisgewuerz","tag-neue","tag-neuen","tag-orange","tag-rot","tag-sein","tag-stunde","tag-swift","tag-taylor","tag-und","tag-von","tag-wird","generate-columns","tablet-grid-50","mobile-grid-100","grid-parent","grid-50"],"yoast_head":"<!-- This site is optimized with the Yoast SEO plugin v27.3 - https:\/\/yoast.com\/product\/yoast-seo-wordpress\/ -->\n<title>Wird Orange von der goldenen Stunde bis zu K\u00fcrbisgew\u00fcrz und der neuen \u00c4ra von Taylor Swift das neue Rot in der Innenausstattung sein? - Nachrichten - Stra\u00dfenweb<\/title>\n<meta name=\"robots\" content=\"index, follow, max-snippet:-1, max-image-preview:large, max-video-preview:-1\" \/>\n<link rel=\"canonical\" href=\"https:\/\/www.strassenweb.de\/nachrichten\/wird-orange-von-der-goldenen-stunde-bis-zu-kuerbisgewuerz-und-der-neuen-aera-von-taylor-swift-das-neue-rot-in-der-innenausstattung-sein\/\" \/>\n<meta property=\"og:locale\" content=\"de_DE\" \/>\n<meta property=\"og:type\" content=\"article\" \/>\n<meta property=\"og:title\" content=\"Wird Orange von der goldenen Stunde bis zu K\u00fcrbisgew\u00fcrz und der neuen \u00c4ra von Taylor Swift das neue Rot in der Innenausstattung sein? - Nachrichten - Stra\u00dfenweb\" \/>\n<meta property=\"og:description\" content=\"Red hat im vergangenen Jahr Innenr\u00e4ume regiert, aber als wir in den Herbst treten, kann ich nicht anders, als einen neuen Farbton f\u00fcr die Lippen\" \/>\n<meta property=\"og:url\" content=\"https:\/\/www.strassenweb.de\/nachrichten\/wird-orange-von-der-goldenen-stunde-bis-zu-kuerbisgewuerz-und-der-neuen-aera-von-taylor-swift-das-neue-rot-in-der-innenausstattung-sein\/\" \/>\n<meta property=\"og:site_name\" content=\"Stra\u00dfenweb\" \/>\n<meta property=\"article:publisher\" content=\"https:\/\/www.facebook.com\/strassenweb\/\" \/>\n<meta property=\"article:published_time\" content=\"2025-09-07T08:39:28+00:00\" \/>\n<meta property=\"article:modified_time\" content=\"2025-09-07T08:39:29+00:00\" \/>\n<meta property=\"og:image\" content=\"https:\/\/www.strassenweb.de\/nachrichten\/wp-content\/uploads\/2025\/09\/Wird-Orange-von-der-goldenen-Stunde-bis-zu-Kuerbisgewuerz-und.jpg\" \/>\n\t<meta property=\"og:image:width\" content=\"1600\" \/>\n\t<meta property=\"og:image:height\" content=\"900\" \/>\n\t<meta property=\"og:image:type\" content=\"image\/jpeg\" \/>\n<meta name=\"author\" content=\"Robert Hoffmann\" \/>\n<meta name=\"twitter:card\" content=\"summary_large_image\" \/>\n<meta name=\"twitter:label1\" content=\"Verfasst von\" \/>\n\t<meta name=\"twitter:data1\" content=\"Robert Hoffmann\" \/>\n\t<meta name=\"twitter:label2\" content=\"Gesch\u00e4tzte Lesezeit\" \/>\n\t<meta name=\"twitter:data2\" content=\"6\u00a0Minuten\" \/>\n<script type=\"application\/ld+json\" class=\"yoast-schema-graph\">{\"@context\":\"https:\\\/\\\/schema.org\",\"@graph\":[{\"@type\":\"Article\",\"@id\":\"https:\\\/\\\/www.strassenweb.de\\\/nachrichten\\\/wird-orange-von-der-goldenen-stunde-bis-zu-kuerbisgewuerz-und-der-neuen-aera-von-taylor-swift-das-neue-rot-in-der-innenausstattung-sein\\\/#article\",\"isPartOf\":{\"@id\":\"https:\\\/\\\/www.strassenweb.de\\\/nachrichten\\\/wird-orange-von-der-goldenen-stunde-bis-zu-kuerbisgewuerz-und-der-neuen-aera-von-taylor-swift-das-neue-rot-in-der-innenausstattung-sein\\\/\"},\"author\":{\"name\":\"Robert Hoffmann\",\"@id\":\"https:\\\/\\\/www.strassenweb.de\\\/nachrichten\\\/#\\\/schema\\\/person\\\/87c9c9067f1211da429a744dc5a5aa41\"},\"headline\":\"Wird Orange von der goldenen Stunde bis zu K\u00fcrbisgew\u00fcrz und der neuen \u00c4ra von Taylor Swift das neue Rot in der Innenausstattung sein?\",\"datePublished\":\"2025-09-07T08:39:28+00:00\",\"dateModified\":\"2025-09-07T08:39:29+00:00\",\"mainEntityOfPage\":{\"@id\":\"https:\\\/\\\/www.strassenweb.de\\\/nachrichten\\\/wird-orange-von-der-goldenen-stunde-bis-zu-kuerbisgewuerz-und-der-neuen-aera-von-taylor-swift-das-neue-rot-in-der-innenausstattung-sein\\\/\"},\"wordCount\":1306,\"publisher\":{\"@id\":\"https:\\\/\\\/www.strassenweb.de\\\/nachrichten\\\/#organization\"},\"image\":{\"@id\":\"https:\\\/\\\/www.strassenweb.de\\\/nachrichten\\\/wird-orange-von-der-goldenen-stunde-bis-zu-kuerbisgewuerz-und-der-neuen-aera-von-taylor-swift-das-neue-rot-in-der-innenausstattung-sein\\\/#primaryimage\"},\"thumbnailUrl\":\"https:\\\/\\\/www.strassenweb.de\\\/nachrichten\\\/wp-content\\\/uploads\\\/2025\\\/09\\\/Wird-Orange-von-der-goldenen-Stunde-bis-zu-Kuerbisgewuerz-und.jpg\",\"keywords\":[\"\u00c4ra\",\"bis\",\"das\",\"der\",\"goldenen\",\"Innenausstattung\",\"K\u00fcrbisgew\u00fcrz\",\"Neue\",\"neuen\",\"Orange\",\"Rot\",\"sein\",\"Stunde\",\"Swift\",\"Taylor\",\"und\",\"von\",\"wird\"],\"articleSection\":[\"Haus &amp; Garten\"],\"inLanguage\":\"de\"},{\"@type\":\"WebPage\",\"@id\":\"https:\\\/\\\/www.strassenweb.de\\\/nachrichten\\\/wird-orange-von-der-goldenen-stunde-bis-zu-kuerbisgewuerz-und-der-neuen-aera-von-taylor-swift-das-neue-rot-in-der-innenausstattung-sein\\\/\",\"url\":\"https:\\\/\\\/www.strassenweb.de\\\/nachrichten\\\/wird-orange-von-der-goldenen-stunde-bis-zu-kuerbisgewuerz-und-der-neuen-aera-von-taylor-swift-das-neue-rot-in-der-innenausstattung-sein\\\/\",\"name\":\"Wird Orange von der goldenen Stunde bis zu K\u00fcrbisgew\u00fcrz und der neuen \u00c4ra von Taylor Swift das neue Rot in der Innenausstattung sein? - Nachrichten - Stra\u00dfenweb\",\"isPartOf\":{\"@id\":\"https:\\\/\\\/www.strassenweb.de\\\/nachrichten\\\/#website\"},\"primaryImageOfPage\":{\"@id\":\"https:\\\/\\\/www.strassenweb.de\\\/nachrichten\\\/wird-orange-von-der-goldenen-stunde-bis-zu-kuerbisgewuerz-und-der-neuen-aera-von-taylor-swift-das-neue-rot-in-der-innenausstattung-sein\\\/#primaryimage\"},\"image\":{\"@id\":\"https:\\\/\\\/www.strassenweb.de\\\/nachrichten\\\/wird-orange-von-der-goldenen-stunde-bis-zu-kuerbisgewuerz-und-der-neuen-aera-von-taylor-swift-das-neue-rot-in-der-innenausstattung-sein\\\/#primaryimage\"},\"thumbnailUrl\":\"https:\\\/\\\/www.strassenweb.de\\\/nachrichten\\\/wp-content\\\/uploads\\\/2025\\\/09\\\/Wird-Orange-von-der-goldenen-Stunde-bis-zu-Kuerbisgewuerz-und.jpg\",\"datePublished\":\"2025-09-07T08:39:28+00:00\",\"dateModified\":\"2025-09-07T08:39:29+00:00\",\"breadcrumb\":{\"@id\":\"https:\\\/\\\/www.strassenweb.de\\\/nachrichten\\\/wird-orange-von-der-goldenen-stunde-bis-zu-kuerbisgewuerz-und-der-neuen-aera-von-taylor-swift-das-neue-rot-in-der-innenausstattung-sein\\\/#breadcrumb\"},\"inLanguage\":\"de\",\"potentialAction\":[{\"@type\":\"ReadAction\",\"target\":[\"https:\\\/\\\/www.strassenweb.de\\\/nachrichten\\\/wird-orange-von-der-goldenen-stunde-bis-zu-kuerbisgewuerz-und-der-neuen-aera-von-taylor-swift-das-neue-rot-in-der-innenausstattung-sein\\\/\"]}]},{\"@type\":\"ImageObject\",\"inLanguage\":\"de\",\"@id\":\"https:\\\/\\\/www.strassenweb.de\\\/nachrichten\\\/wird-orange-von-der-goldenen-stunde-bis-zu-kuerbisgewuerz-und-der-neuen-aera-von-taylor-swift-das-neue-rot-in-der-innenausstattung-sein\\\/#primaryimage\",\"url\":\"https:\\\/\\\/www.strassenweb.de\\\/nachrichten\\\/wp-content\\\/uploads\\\/2025\\\/09\\\/Wird-Orange-von-der-goldenen-Stunde-bis-zu-Kuerbisgewuerz-und.jpg\",\"contentUrl\":\"https:\\\/\\\/www.strassenweb.de\\\/nachrichten\\\/wp-content\\\/uploads\\\/2025\\\/09\\\/Wird-Orange-von-der-goldenen-Stunde-bis-zu-Kuerbisgewuerz-und.jpg\",\"width\":1600,\"height\":900,\"caption\":\"dark orange brown living room with orange curtains, large windows, a tan sofa, striped slipper chairs with bun feet and a glass coffee table\"},{\"@type\":\"BreadcrumbList\",\"@id\":\"https:\\\/\\\/www.strassenweb.de\\\/nachrichten\\\/wird-orange-von-der-goldenen-stunde-bis-zu-kuerbisgewuerz-und-der-neuen-aera-von-taylor-swift-das-neue-rot-in-der-innenausstattung-sein\\\/#breadcrumb\",\"itemListElement\":[{\"@type\":\"ListItem\",\"position\":1,\"name\":\"Home\",\"item\":\"https:\\\/\\\/www.strassenweb.de\\\/nachrichten\\\/\"},{\"@type\":\"ListItem\",\"position\":2,\"name\":\"Wird Orange von der goldenen Stunde bis zu K\u00fcrbisgew\u00fcrz und der neuen \u00c4ra von Taylor Swift das neue Rot in der Innenausstattung sein?\"}]},{\"@type\":\"WebSite\",\"@id\":\"https:\\\/\\\/www.strassenweb.de\\\/nachrichten\\\/#website\",\"url\":\"https:\\\/\\\/www.strassenweb.de\\\/nachrichten\\\/\",\"name\":\"Stra\u00dfenweb\",\"description\":\"Stra\u00dfenverzeichnis f\u00fcr Deutschland\",\"publisher\":{\"@id\":\"https:\\\/\\\/www.strassenweb.de\\\/nachrichten\\\/#organization\"},\"potentialAction\":[{\"@type\":\"SearchAction\",\"target\":{\"@type\":\"EntryPoint\",\"urlTemplate\":\"https:\\\/\\\/www.strassenweb.de\\\/nachrichten\\\/?s={search_term_string}\"},\"query-input\":{\"@type\":\"PropertyValueSpecification\",\"valueRequired\":true,\"valueName\":\"search_term_string\"}}],\"inLanguage\":\"de\"},{\"@type\":\"Organization\",\"@id\":\"https:\\\/\\\/www.strassenweb.de\\\/nachrichten\\\/#organization\",\"name\":\"Stra\u00dfenweb\",\"url\":\"https:\\\/\\\/www.strassenweb.de\\\/nachrichten\\\/\",\"logo\":{\"@type\":\"ImageObject\",\"inLanguage\":\"de\",\"@id\":\"https:\\\/\\\/www.strassenweb.de\\\/nachrichten\\\/#\\\/schema\\\/logo\\\/image\\\/\",\"url\":\"https:\\\/\\\/www.strassenweb.de\\\/nachrichten\\\/wp-content\\\/uploads\\\/2024\\\/09\\\/cropped-favicon.png\",\"contentUrl\":\"https:\\\/\\\/www.strassenweb.de\\\/nachrichten\\\/wp-content\\\/uploads\\\/2024\\\/09\\\/cropped-favicon.png\",\"width\":512,\"height\":512,\"caption\":\"Stra\u00dfenweb\"},\"image\":{\"@id\":\"https:\\\/\\\/www.strassenweb.de\\\/nachrichten\\\/#\\\/schema\\\/logo\\\/image\\\/\"},\"sameAs\":[\"https:\\\/\\\/www.facebook.com\\\/strassenweb\\\/\"]},{\"@type\":\"Person\",\"@id\":\"https:\\\/\\\/www.strassenweb.de\\\/nachrichten\\\/#\\\/schema\\\/person\\\/87c9c9067f1211da429a744dc5a5aa41\",\"name\":\"Robert Hoffmann\",\"image\":{\"@type\":\"ImageObject\",\"inLanguage\":\"de\",\"@id\":\"https:\\\/\\\/www.strassenweb.de\\\/nachrichten\\\/wp-content\\\/uploads\\\/2024\\\/09\\\/strassenweb-150x150.jpg\",\"url\":\"https:\\\/\\\/www.strassenweb.de\\\/nachrichten\\\/wp-content\\\/uploads\\\/2024\\\/09\\\/strassenweb-150x150.jpg\",\"contentUrl\":\"https:\\\/\\\/www.strassenweb.de\\\/nachrichten\\\/wp-content\\\/uploads\\\/2024\\\/09\\\/strassenweb-150x150.jpg\",\"caption\":\"Robert Hoffmann\"},\"description\":\"Ich hei\u00dfe Robert Hoffmann und ich bin ein leidenschaftlicher Verfechter von \u00d6kologie und Biodiversit\u00e4t. Seit meiner Kindheit in den W\u00e4ldern Bayerns f\u00fchle ich mich mit der Natur verbunden und bin entschlossen, sie zu sch\u00fctzen. Heute widme ich mein Leben der Sensibilisierung anderer f\u00fcr die Bedeutung des Umweltschutzes f\u00fcr zuk\u00fcnftige Generationen.\",\"sameAs\":[\"https:\\\/\\\/www.strassenweb.de\\\/\"]}]}<\/script>\n<!-- \/ Yoast SEO plugin. -->","yoast_head_json":{"title":"Wird Orange von der goldenen Stunde bis zu K\u00fcrbisgew\u00fcrz und der neuen \u00c4ra von Taylor Swift das neue Rot in der Innenausstattung sein? - Nachrichten - Stra\u00dfenweb","robots":{"index":"index","follow":"follow","max-snippet":"max-snippet:-1","max-image-preview":"max-image-preview:large","max-video-preview":"max-video-preview:-1"},"canonical":"https:\/\/www.strassenweb.de\/nachrichten\/wird-orange-von-der-goldenen-stunde-bis-zu-kuerbisgewuerz-und-der-neuen-aera-von-taylor-swift-das-neue-rot-in-der-innenausstattung-sein\/","og_locale":"de_DE","og_type":"article","og_title":"Wird Orange von der goldenen Stunde bis zu K\u00fcrbisgew\u00fcrz und der neuen \u00c4ra von Taylor Swift das neue Rot in der Innenausstattung sein? - Nachrichten - Stra\u00dfenweb","og_description":"Red hat im vergangenen Jahr Innenr\u00e4ume regiert, aber als wir in den Herbst treten, kann ich nicht anders, als einen neuen Farbton f\u00fcr die Lippen","og_url":"https:\/\/www.strassenweb.de\/nachrichten\/wird-orange-von-der-goldenen-stunde-bis-zu-kuerbisgewuerz-und-der-neuen-aera-von-taylor-swift-das-neue-rot-in-der-innenausstattung-sein\/","og_site_name":"Stra\u00dfenweb","article_publisher":"https:\/\/www.facebook.com\/strassenweb\/","article_published_time":"2025-09-07T08:39:28+00:00","article_modified_time":"2025-09-07T08:39:29+00:00","og_image":[{"width":1600,"height":900,"url":"https:\/\/www.strassenweb.de\/nachrichten\/wp-content\/uploads\/2025\/09\/Wird-Orange-von-der-goldenen-Stunde-bis-zu-Kuerbisgewuerz-und.jpg","type":"image\/jpeg"}],"author":"Robert Hoffmann","twitter_card":"summary_large_image","twitter_misc":{"Verfasst von":"Robert Hoffmann","Gesch\u00e4tzte Lesezeit":"6\u00a0Minuten"},"schema":{"@context":"https:\/\/schema.org","@graph":[{"@type":"Article","@id":"https:\/\/www.strassenweb.de\/nachrichten\/wird-orange-von-der-goldenen-stunde-bis-zu-kuerbisgewuerz-und-der-neuen-aera-von-taylor-swift-das-neue-rot-in-der-innenausstattung-sein\/#article","isPartOf":{"@id":"https:\/\/www.strassenweb.de\/nachrichten\/wird-orange-von-der-goldenen-stunde-bis-zu-kuerbisgewuerz-und-der-neuen-aera-von-taylor-swift-das-neue-rot-in-der-innenausstattung-sein\/"},"author":{"name":"Robert Hoffmann","@id":"https:\/\/www.strassenweb.de\/nachrichten\/#\/schema\/person\/87c9c9067f1211da429a744dc5a5aa41"},"headline":"Wird Orange von der goldenen Stunde bis zu K\u00fcrbisgew\u00fcrz und der neuen \u00c4ra von Taylor Swift das neue Rot in der Innenausstattung sein?","datePublished":"2025-09-07T08:39:28+00:00","dateModified":"2025-09-07T08:39:29+00:00","mainEntityOfPage":{"@id":"https:\/\/www.strassenweb.de\/nachrichten\/wird-orange-von-der-goldenen-stunde-bis-zu-kuerbisgewuerz-und-der-neuen-aera-von-taylor-swift-das-neue-rot-in-der-innenausstattung-sein\/"},"wordCount":1306,"publisher":{"@id":"https:\/\/www.strassenweb.de\/nachrichten\/#organization"},"image":{"@id":"https:\/\/www.strassenweb.de\/nachrichten\/wird-orange-von-der-goldenen-stunde-bis-zu-kuerbisgewuerz-und-der-neuen-aera-von-taylor-swift-das-neue-rot-in-der-innenausstattung-sein\/#primaryimage"},"thumbnailUrl":"https:\/\/www.strassenweb.de\/nachrichten\/wp-content\/uploads\/2025\/09\/Wird-Orange-von-der-goldenen-Stunde-bis-zu-Kuerbisgewuerz-und.jpg","keywords":["\u00c4ra","bis","das","der","goldenen","Innenausstattung","K\u00fcrbisgew\u00fcrz","Neue","neuen","Orange","Rot","sein","Stunde","Swift","Taylor","und","von","wird"],"articleSection":["Haus &amp; Garten"],"inLanguage":"de"},{"@type":"WebPage","@id":"https:\/\/www.strassenweb.de\/nachrichten\/wird-orange-von-der-goldenen-stunde-bis-zu-kuerbisgewuerz-und-der-neuen-aera-von-taylor-swift-das-neue-rot-in-der-innenausstattung-sein\/","url":"https:\/\/www.strassenweb.de\/nachrichten\/wird-orange-von-der-goldenen-stunde-bis-zu-kuerbisgewuerz-und-der-neuen-aera-von-taylor-swift-das-neue-rot-in-der-innenausstattung-sein\/","name":"Wird Orange von der goldenen Stunde bis zu K\u00fcrbisgew\u00fcrz und der neuen \u00c4ra von Taylor Swift das neue Rot in der Innenausstattung sein? - Nachrichten - Stra\u00dfenweb","isPartOf":{"@id":"https:\/\/www.strassenweb.de\/nachrichten\/#website"},"primaryImageOfPage":{"@id":"https:\/\/www.strassenweb.de\/nachrichten\/wird-orange-von-der-goldenen-stunde-bis-zu-kuerbisgewuerz-und-der-neuen-aera-von-taylor-swift-das-neue-rot-in-der-innenausstattung-sein\/#primaryimage"},"image":{"@id":"https:\/\/www.strassenweb.de\/nachrichten\/wird-orange-von-der-goldenen-stunde-bis-zu-kuerbisgewuerz-und-der-neuen-aera-von-taylor-swift-das-neue-rot-in-der-innenausstattung-sein\/#primaryimage"},"thumbnailUrl":"https:\/\/www.strassenweb.de\/nachrichten\/wp-content\/uploads\/2025\/09\/Wird-Orange-von-der-goldenen-Stunde-bis-zu-Kuerbisgewuerz-und.jpg","datePublished":"2025-09-07T08:39:28+00:00","dateModified":"2025-09-07T08:39:29+00:00","breadcrumb":{"@id":"https:\/\/www.strassenweb.de\/nachrichten\/wird-orange-von-der-goldenen-stunde-bis-zu-kuerbisgewuerz-und-der-neuen-aera-von-taylor-swift-das-neue-rot-in-der-innenausstattung-sein\/#breadcrumb"},"inLanguage":"de","potentialAction":[{"@type":"ReadAction","target":["https:\/\/www.strassenweb.de\/nachrichten\/wird-orange-von-der-goldenen-stunde-bis-zu-kuerbisgewuerz-und-der-neuen-aera-von-taylor-swift-das-neue-rot-in-der-innenausstattung-sein\/"]}]},{"@type":"ImageObject","inLanguage":"de","@id":"https:\/\/www.strassenweb.de\/nachrichten\/wird-orange-von-der-goldenen-stunde-bis-zu-kuerbisgewuerz-und-der-neuen-aera-von-taylor-swift-das-neue-rot-in-der-innenausstattung-sein\/#primaryimage","url":"https:\/\/www.strassenweb.de\/nachrichten\/wp-content\/uploads\/2025\/09\/Wird-Orange-von-der-goldenen-Stunde-bis-zu-Kuerbisgewuerz-und.jpg","contentUrl":"https:\/\/www.strassenweb.de\/nachrichten\/wp-content\/uploads\/2025\/09\/Wird-Orange-von-der-goldenen-Stunde-bis-zu-Kuerbisgewuerz-und.jpg","width":1600,"height":900,"caption":"dark orange brown living room with orange curtains, large windows, a tan sofa, striped slipper chairs with bun feet and a glass coffee table"},{"@type":"BreadcrumbList","@id":"https:\/\/www.strassenweb.de\/nachrichten\/wird-orange-von-der-goldenen-stunde-bis-zu-kuerbisgewuerz-und-der-neuen-aera-von-taylor-swift-das-neue-rot-in-der-innenausstattung-sein\/#breadcrumb","itemListElement":[{"@type":"ListItem","position":1,"name":"Home","item":"https:\/\/www.strassenweb.de\/nachrichten\/"},{"@type":"ListItem","position":2,"name":"Wird Orange von der goldenen Stunde bis zu K\u00fcrbisgew\u00fcrz und der neuen \u00c4ra von Taylor Swift das neue Rot in der Innenausstattung sein?"}]},{"@type":"WebSite","@id":"https:\/\/www.strassenweb.de\/nachrichten\/#website","url":"https:\/\/www.strassenweb.de\/nachrichten\/","name":"Stra\u00dfenweb","description":"Stra\u00dfenverzeichnis f\u00fcr Deutschland","publisher":{"@id":"https:\/\/www.strassenweb.de\/nachrichten\/#organization"},"potentialAction":[{"@type":"SearchAction","target":{"@type":"EntryPoint","urlTemplate":"https:\/\/www.strassenweb.de\/nachrichten\/?s={search_term_string}"},"query-input":{"@type":"PropertyValueSpecification","valueRequired":true,"valueName":"search_term_string"}}],"inLanguage":"de"},{"@type":"Organization","@id":"https:\/\/www.strassenweb.de\/nachrichten\/#organization","name":"Stra\u00dfenweb","url":"https:\/\/www.strassenweb.de\/nachrichten\/","logo":{"@type":"ImageObject","inLanguage":"de","@id":"https:\/\/www.strassenweb.de\/nachrichten\/#\/schema\/logo\/image\/","url":"https:\/\/www.strassenweb.de\/nachrichten\/wp-content\/uploads\/2024\/09\/cropped-favicon.png","contentUrl":"https:\/\/www.strassenweb.de\/nachrichten\/wp-content\/uploads\/2024\/09\/cropped-favicon.png","width":512,"height":512,"caption":"Stra\u00dfenweb"},"image":{"@id":"https:\/\/www.strassenweb.de\/nachrichten\/#\/schema\/logo\/image\/"},"sameAs":["https:\/\/www.facebook.com\/strassenweb\/"]},{"@type":"Person","@id":"https:\/\/www.strassenweb.de\/nachrichten\/#\/schema\/person\/87c9c9067f1211da429a744dc5a5aa41","name":"Robert Hoffmann","image":{"@type":"ImageObject","inLanguage":"de","@id":"https:\/\/www.strassenweb.de\/nachrichten\/wp-content\/uploads\/2024\/09\/strassenweb-150x150.jpg","url":"https:\/\/www.strassenweb.de\/nachrichten\/wp-content\/uploads\/2024\/09\/strassenweb-150x150.jpg","contentUrl":"https:\/\/www.strassenweb.de\/nachrichten\/wp-content\/uploads\/2024\/09\/strassenweb-150x150.jpg","caption":"Robert Hoffmann"},"description":"Ich hei\u00dfe Robert Hoffmann und ich bin ein leidenschaftlicher Verfechter von \u00d6kologie und Biodiversit\u00e4t. Seit meiner Kindheit in den W\u00e4ldern Bayerns f\u00fchle ich mich mit der Natur verbunden und bin entschlossen, sie zu sch\u00fctzen. Heute widme ich mein Leben der Sensibilisierung anderer f\u00fcr die Bedeutung des Umweltschutzes f\u00fcr zuk\u00fcnftige Generationen.","sameAs":["https:\/\/www.strassenweb.de\/"]}]}},"_links":{"self":[{"href":"https:\/\/www.strassenweb.de\/nachrichten\/wp-json\/wp\/v2\/posts\/7526","targetHints":{"allow":["GET"]}}],"collection":[{"href":"https:\/\/www.strassenweb.de\/nachrichten\/wp-json\/wp\/v2\/posts"}],"about":[{"href":"https:\/\/www.strassenweb.de\/nachrichten\/wp-json\/wp\/v2\/types\/post"}],"author":[{"embeddable":true,"href":"https:\/\/www.strassenweb.de\/nachrichten\/wp-json\/wp\/v2\/users\/1"}],"replies":[{"embeddable":true,"href":"https:\/\/www.strassenweb.de\/nachrichten\/wp-json\/wp\/v2\/comments?post=7526"}],"version-history":[{"count":0,"href":"https:\/\/www.strassenweb.de\/nachrichten\/wp-json\/wp\/v2\/posts\/7526\/revisions"}],"wp:featuredmedia":[{"embeddable":true,"href":"https:\/\/www.strassenweb.de\/nachrichten\/wp-json\/wp\/v2\/media\/7527"}],"wp:attachment":[{"href":"https:\/\/www.strassenweb.de\/nachrichten\/wp-json\/wp\/v2\/media?parent=7526"}],"wp:term":[{"taxonomy":"category","embeddable":true,"href":"https:\/\/www.strassenweb.de\/nachrichten\/wp-json\/wp\/v2\/categories?post=7526"},{"taxonomy":"post_tag","embeddable":true,"href":"https:\/\/www.strassenweb.de\/nachrichten\/wp-json\/wp\/v2\/tags?post=7526"}],"curies":[{"name":"wp","href":"https:\/\/api.w.org\/{rel}","templated":true}]}}