{"id":7496,"date":"2025-09-06T04:39:17","date_gmt":"2025-09-06T02:39:17","guid":{"rendered":"https:\/\/www.strassenweb.de\/nachrichten\/ich-fing-am-mittwoch-an-zu-schauen-sah-aber-mein-wohnzimmer-dank-einer-beleuchtung-der-beleuchtung-aus-dem-19-jahrhundert-anders-um-mein-wohnzimmer-anders-zu-sehen\/"},"modified":"2025-09-06T04:39:18","modified_gmt":"2025-09-06T02:39:18","slug":"ich-fing-am-mittwoch-an-zu-schauen-sah-aber-mein-wohnzimmer-dank-einer-beleuchtung-der-beleuchtung-aus-dem-19-jahrhundert-anders-um-mein-wohnzimmer-anders-zu-sehen","status":"publish","type":"post","link":"https:\/\/www.strassenweb.de\/nachrichten\/ich-fing-am-mittwoch-an-zu-schauen-sah-aber-mein-wohnzimmer-dank-einer-beleuchtung-der-beleuchtung-aus-dem-19-jahrhundert-anders-um-mein-wohnzimmer-anders-zu-sehen\/","title":{"rendered":"Ich fing am Mittwoch an zu schauen-sah aber mein Wohnzimmer dank einer Beleuchtung der Beleuchtung aus dem 19. Jahrhundert anders, um mein Wohnzimmer anders zu sehen"},"content":{"rendered":"<p><\/p>\n<div id=\"article-body\" class=\"article__body \">\n<p id=\"c87a9c81-281c-4244-9e4e-01f1e4d05fcb\">Wenn Sie im letzten Monat irgendwo im Internet waren, k\u00f6nnen Sie davon ausgehen, dass Sie auf eine Erw\u00e4hnung von Netflix gesto\u00dfen sind <em>Mittwoch<\/em>. Die zweite Staffel nach ihrem Erfolg im Jahr 2022 ist jetzt f\u00fcr das Streaming erh\u00e4ltlich. Unter ihnen ist jedoch ein geheimer Stern: Leuchte f\u00fcr Fransen.<\/p>\n<div id=\"ad-unit-1\" class=\"ad-unit\"><\/div>\n<p>Ich habe die \u00fcberraschenden Details des Innenarchitekturs ab Mittwoch, als ich vor vier Wochen die neue Saison zum ersten Mal gesehen habe. Die komplizierte Leuchte mit Fransen hat jedoch etwas bei mir am meisten.<\/p>\n<aside data-block-type=\"embed\" data-render-type=\"fte\" data-skip=\"dealsy\" data-widget-type=\"seasonal\" class=\"hawk-base\"><\/aside>\n<p id=\"c87a9c81-281c-4244-9e4e-01f1e4d05fcb-2\">In der viktorianischen \u00c4ra wurde die Leuchte am Ende des 19. Jahrhunderts zum ersten Mal beliebt, als der Rand verwendet wurde, um die Helligkeit von Gl\u00fchbirnen zu mildern und Wohnzimmer ein dekoratives Detail einzubringen.<\/p>\n<div class=\"van_vid_carousel\">\n<div class=\"van_vid_carousel__padding\">\n<div class=\"van_vid_carousel__container\"><\/div>\n<\/div>\n<\/div>\n<p>Der Look blieb im fr\u00fchen 20. Jahrhundert im Jugendstil und im Art -Deco -Dekor popul\u00e4r, von denen letzteres der Zeitraum ist, mit dem dieser Look am besten in Verbindung gebracht wird. Dank des Mittwochs f\u00fchlte sich dieser Beleuchtungstrend jedoch noch nie zeitgem\u00e4\u00dfer gef\u00fchlt.<\/p>\n<div id=\"ad-unit-2\" class=\"ad-unit\"><\/div>\n<figure class=\"van-image-figure inline-layout \" data-bordeaux-image-check id=\"13f8b040-ffc7-4278-8141-5f67c485a796\">\n<div class=\"image-full-width-wrapper\">\n<div class=\"image-widthsetter\" style=\"max-width:2400px;\"><\/div>\n<\/div>\n<\/figure>\n<h2 id=\"shop-the-look-3\">Kaufen Sie den Look ein<\/h2>\n<div class=\"product-container hero-product-container product-block-no-wrap\">\n<div class=\"product-block-row\"><\/div>\n<div class=\"product-block-row\"><\/div>\n<div class=\"product-block-row\"><\/div>\n<\/div>\n<p id=\"cddbed49-d220-4c1d-8f7a-1e69436c1d48\">F\u00fcr mich hat der Mittwoch den Trend der Leuchten des Leuchtens wiederbelebt, aber wie das Design erkl\u00e4rt, gibt es in diesem Herbst (und dar\u00fcber hinaus) noch mehr M\u00f6glichkeiten, dieses Detail in Ihr Zuhause zu bringen. Einer der luxuri\u00f6sesten Ausgangspunkte ist im Schlafzimmer.<\/p>\n<p>&#8222;Opulent, glamour\u00f6s und romantisch, es ist unwiderstehlich Nostalgisch, wenn man die Eleganz der vergangenen Epochen widerspiegelt, von den dekorativen Details von stattlichen H\u00e4usern bis zum spielerischen Swish eines Flapper -Kleides aus den 1920er Jahren&#8220; Kommentare Georgia Metcalfe, The Foundros und Creative Director of French Schlafroom &#8222;.<\/p>\n<p>&#8222;Jetzt ist Fringing wieder Vogue, egal ob drapiert am Rand eines Kissens, die Basis eines Bettes oder einen Lampenschirm betont.&#8220;<\/p>\n<div id=\"slice-container-newsletterForm-articleInbodyContent-7u3F74xCmxRh8Au5nkcsbM\" class=\"slice-container newsletter-inbodyContent-slice newsletterForm-articleInbodyContent-7u3F74xCmxRh8Au5nkcsbM slice-container-newsletterForm\"><\/div>\n<figure class=\"van-image-figure inline-layout \" data-bordeaux-image-check id=\"a0d9b72d-1379-4a5f-8aff-5f82f05c5cf8\">\n<div class=\"image-full-width-wrapper\">\n<div class=\"image-widthsetter\" style=\"max-width:2400px;\"><\/div>\n<\/div>\n<\/figure>\n<p id=\"f27d1d59-71d8-4975-9556-24fe4ba99eff\">Fringe wird in jedem Wohnzimmer wundersch\u00f6n aussehen, wie uns Mittwoch zeigt. Wie Georgia bemerkt, hat jedoch etwas besonders Atemberaubendes an der Art und Weise, wie es sich in unserem Schlafraum anf\u00fchlt.<\/p>\n<p>\u201eInsbesondere im Licht der Beleuchtung arbeitet Fringe wundersch\u00f6n, um das Licht auf sanfte, umgebende Weise sanft zu filtern. Es wirft zarte Schatten und f\u00fcgt ein subtiles Gef\u00fchl der Bewegung hinzu, was es perfekt f\u00fcr das Schlafzimmer macht, wo Stimmung und Atmosph\u00e4re am wichtigsten sind. Bei kontrastierenden T\u00f6nen wird es auch zu einem visuellen Schwerpunkt, der Laune mit m\u00fcheloser Eleganz verbindet. &#8218;<\/p>\n<div class=\"min-h-(270px) mb-4 viafoura-twig-component\" id=\"viafoura-engagement-starter-wrapper\" data-component-name=\"Elk:Embed:EngagementStarter\">\n<div class=\"viafoura\">\n<div>\n<vf-conversation-starter target=\"viafoura-comments\" title=\"Did you like the fringed details in Wednesday?\" minimum-comment-count=\"1\"><br \/>\n<\/vf-conversation-starter>\n<\/div>\n<\/div>\n<\/div>\n<hr id=\"f5d70264-48ec-457b-8987-2a93dc410a82\">\n<\/div>\n","protected":false},"excerpt":{"rendered":"<p>Wenn Sie im letzten Monat irgendwo im Internet waren, k\u00f6nnen Sie davon ausgehen, dass Sie auf eine Erw\u00e4hnung von Netflix gesto\u00dfen sind Mittwoch. Die zweite<\/p>\n","protected":false},"author":1,"featured_media":7497,"comment_status":"closed","ping_status":"","sticky":false,"template":"","format":"standard","meta":{"footnotes":""},"categories":[118],"tags":[357,4868,287,642,365,91,81,303,9941,129,4927,778,9942,9943,1559,1229],"class_list":["post-7496","post","type-post","status-publish","format-standard","has-post-thumbnail","hentry","category-haus-garten","tag-aber","tag-anders","tag-aus","tag-beleuchtung","tag-dank","tag-dem","tag-der","tag-einer","tag-fing","tag-ich","tag-jahrhundert","tag-mein","tag-mittwoch","tag-schauensah","tag-sehen","tag-wohnzimmer","generate-columns","tablet-grid-50","mobile-grid-100","grid-parent","grid-50"],"yoast_head":"<!-- This site is optimized with the Yoast SEO plugin v27.3 - https:\/\/yoast.com\/product\/yoast-seo-wordpress\/ -->\n<title>Ich fing am Mittwoch an zu schauen-sah aber mein Wohnzimmer dank einer Beleuchtung der Beleuchtung aus dem 19. Jahrhundert anders, um mein Wohnzimmer anders zu sehen - Nachrichten - Stra\u00dfenweb<\/title>\n<meta name=\"robots\" content=\"index, follow, max-snippet:-1, max-image-preview:large, max-video-preview:-1\" \/>\n<link rel=\"canonical\" href=\"https:\/\/www.strassenweb.de\/nachrichten\/ich-fing-am-mittwoch-an-zu-schauen-sah-aber-mein-wohnzimmer-dank-einer-beleuchtung-der-beleuchtung-aus-dem-19-jahrhundert-anders-um-mein-wohnzimmer-anders-zu-sehen\/\" \/>\n<meta property=\"og:locale\" content=\"de_DE\" \/>\n<meta property=\"og:type\" content=\"article\" \/>\n<meta property=\"og:title\" content=\"Ich fing am Mittwoch an zu schauen-sah aber mein Wohnzimmer dank einer Beleuchtung der Beleuchtung aus dem 19. Jahrhundert anders, um mein Wohnzimmer anders zu sehen - Nachrichten - Stra\u00dfenweb\" \/>\n<meta property=\"og:description\" content=\"Wenn Sie im letzten Monat irgendwo im Internet waren, k\u00f6nnen Sie davon ausgehen, dass Sie auf eine Erw\u00e4hnung von Netflix gesto\u00dfen sind Mittwoch. Die zweite\" \/>\n<meta property=\"og:url\" content=\"https:\/\/www.strassenweb.de\/nachrichten\/ich-fing-am-mittwoch-an-zu-schauen-sah-aber-mein-wohnzimmer-dank-einer-beleuchtung-der-beleuchtung-aus-dem-19-jahrhundert-anders-um-mein-wohnzimmer-anders-zu-sehen\/\" \/>\n<meta property=\"og:site_name\" content=\"Stra\u00dfenweb\" \/>\n<meta property=\"article:publisher\" content=\"https:\/\/www.facebook.com\/strassenweb\/\" \/>\n<meta property=\"article:published_time\" content=\"2025-09-06T02:39:17+00:00\" \/>\n<meta property=\"article:modified_time\" content=\"2025-09-06T02:39:18+00:00\" \/>\n<meta property=\"og:image\" content=\"https:\/\/www.strassenweb.de\/nachrichten\/wp-content\/uploads\/2025\/09\/Ich-fing-am-Mittwoch-an-zu-schauen-sah-aber-mein-Wohnzimmer.jpg\" \/>\n\t<meta property=\"og:image:width\" content=\"1600\" \/>\n\t<meta property=\"og:image:height\" content=\"900\" \/>\n\t<meta property=\"og:image:type\" content=\"image\/jpeg\" \/>\n<meta name=\"author\" content=\"Robert Hoffmann\" \/>\n<meta name=\"twitter:card\" content=\"summary_large_image\" \/>\n<meta name=\"twitter:label1\" content=\"Verfasst von\" \/>\n\t<meta name=\"twitter:data1\" content=\"Robert Hoffmann\" \/>\n\t<meta name=\"twitter:label2\" content=\"Gesch\u00e4tzte Lesezeit\" \/>\n\t<meta name=\"twitter:data2\" content=\"2\u00a0Minuten\" \/>\n<script type=\"application\/ld+json\" class=\"yoast-schema-graph\">{\"@context\":\"https:\\\/\\\/schema.org\",\"@graph\":[{\"@type\":\"Article\",\"@id\":\"https:\\\/\\\/www.strassenweb.de\\\/nachrichten\\\/ich-fing-am-mittwoch-an-zu-schauen-sah-aber-mein-wohnzimmer-dank-einer-beleuchtung-der-beleuchtung-aus-dem-19-jahrhundert-anders-um-mein-wohnzimmer-anders-zu-sehen\\\/#article\",\"isPartOf\":{\"@id\":\"https:\\\/\\\/www.strassenweb.de\\\/nachrichten\\\/ich-fing-am-mittwoch-an-zu-schauen-sah-aber-mein-wohnzimmer-dank-einer-beleuchtung-der-beleuchtung-aus-dem-19-jahrhundert-anders-um-mein-wohnzimmer-anders-zu-sehen\\\/\"},\"author\":{\"name\":\"Robert Hoffmann\",\"@id\":\"https:\\\/\\\/www.strassenweb.de\\\/nachrichten\\\/#\\\/schema\\\/person\\\/87c9c9067f1211da429a744dc5a5aa41\"},\"headline\":\"Ich fing am Mittwoch an zu schauen-sah aber mein Wohnzimmer dank einer Beleuchtung der Beleuchtung aus dem 19. Jahrhundert anders, um mein Wohnzimmer anders zu sehen\",\"datePublished\":\"2025-09-06T02:39:17+00:00\",\"dateModified\":\"2025-09-06T02:39:18+00:00\",\"mainEntityOfPage\":{\"@id\":\"https:\\\/\\\/www.strassenweb.de\\\/nachrichten\\\/ich-fing-am-mittwoch-an-zu-schauen-sah-aber-mein-wohnzimmer-dank-einer-beleuchtung-der-beleuchtung-aus-dem-19-jahrhundert-anders-um-mein-wohnzimmer-anders-zu-sehen\\\/\"},\"wordCount\":412,\"publisher\":{\"@id\":\"https:\\\/\\\/www.strassenweb.de\\\/nachrichten\\\/#organization\"},\"image\":{\"@id\":\"https:\\\/\\\/www.strassenweb.de\\\/nachrichten\\\/ich-fing-am-mittwoch-an-zu-schauen-sah-aber-mein-wohnzimmer-dank-einer-beleuchtung-der-beleuchtung-aus-dem-19-jahrhundert-anders-um-mein-wohnzimmer-anders-zu-sehen\\\/#primaryimage\"},\"thumbnailUrl\":\"https:\\\/\\\/www.strassenweb.de\\\/nachrichten\\\/wp-content\\\/uploads\\\/2025\\\/09\\\/Ich-fing-am-Mittwoch-an-zu-schauen-sah-aber-mein-Wohnzimmer.jpg\",\"keywords\":[\"aber\",\"anders\",\"aus\",\"Beleuchtung\",\"dank\",\"dem\",\"der\",\"einer\",\"fing\",\"ich\",\"Jahrhundert\",\"mein\",\"Mittwoch\",\"schauensah\",\"sehen\",\"Wohnzimmer\"],\"articleSection\":[\"Haus &amp; Garten\"],\"inLanguage\":\"de\"},{\"@type\":\"WebPage\",\"@id\":\"https:\\\/\\\/www.strassenweb.de\\\/nachrichten\\\/ich-fing-am-mittwoch-an-zu-schauen-sah-aber-mein-wohnzimmer-dank-einer-beleuchtung-der-beleuchtung-aus-dem-19-jahrhundert-anders-um-mein-wohnzimmer-anders-zu-sehen\\\/\",\"url\":\"https:\\\/\\\/www.strassenweb.de\\\/nachrichten\\\/ich-fing-am-mittwoch-an-zu-schauen-sah-aber-mein-wohnzimmer-dank-einer-beleuchtung-der-beleuchtung-aus-dem-19-jahrhundert-anders-um-mein-wohnzimmer-anders-zu-sehen\\\/\",\"name\":\"Ich fing am Mittwoch an zu schauen-sah aber mein Wohnzimmer dank einer Beleuchtung der Beleuchtung aus dem 19. Jahrhundert anders, um mein Wohnzimmer anders zu sehen - Nachrichten - Stra\u00dfenweb\",\"isPartOf\":{\"@id\":\"https:\\\/\\\/www.strassenweb.de\\\/nachrichten\\\/#website\"},\"primaryImageOfPage\":{\"@id\":\"https:\\\/\\\/www.strassenweb.de\\\/nachrichten\\\/ich-fing-am-mittwoch-an-zu-schauen-sah-aber-mein-wohnzimmer-dank-einer-beleuchtung-der-beleuchtung-aus-dem-19-jahrhundert-anders-um-mein-wohnzimmer-anders-zu-sehen\\\/#primaryimage\"},\"image\":{\"@id\":\"https:\\\/\\\/www.strassenweb.de\\\/nachrichten\\\/ich-fing-am-mittwoch-an-zu-schauen-sah-aber-mein-wohnzimmer-dank-einer-beleuchtung-der-beleuchtung-aus-dem-19-jahrhundert-anders-um-mein-wohnzimmer-anders-zu-sehen\\\/#primaryimage\"},\"thumbnailUrl\":\"https:\\\/\\\/www.strassenweb.de\\\/nachrichten\\\/wp-content\\\/uploads\\\/2025\\\/09\\\/Ich-fing-am-Mittwoch-an-zu-schauen-sah-aber-mein-Wohnzimmer.jpg\",\"datePublished\":\"2025-09-06T02:39:17+00:00\",\"dateModified\":\"2025-09-06T02:39:18+00:00\",\"breadcrumb\":{\"@id\":\"https:\\\/\\\/www.strassenweb.de\\\/nachrichten\\\/ich-fing-am-mittwoch-an-zu-schauen-sah-aber-mein-wohnzimmer-dank-einer-beleuchtung-der-beleuchtung-aus-dem-19-jahrhundert-anders-um-mein-wohnzimmer-anders-zu-sehen\\\/#breadcrumb\"},\"inLanguage\":\"de\",\"potentialAction\":[{\"@type\":\"ReadAction\",\"target\":[\"https:\\\/\\\/www.strassenweb.de\\\/nachrichten\\\/ich-fing-am-mittwoch-an-zu-schauen-sah-aber-mein-wohnzimmer-dank-einer-beleuchtung-der-beleuchtung-aus-dem-19-jahrhundert-anders-um-mein-wohnzimmer-anders-zu-sehen\\\/\"]}]},{\"@type\":\"ImageObject\",\"inLanguage\":\"de\",\"@id\":\"https:\\\/\\\/www.strassenweb.de\\\/nachrichten\\\/ich-fing-am-mittwoch-an-zu-schauen-sah-aber-mein-wohnzimmer-dank-einer-beleuchtung-der-beleuchtung-aus-dem-19-jahrhundert-anders-um-mein-wohnzimmer-anders-zu-sehen\\\/#primaryimage\",\"url\":\"https:\\\/\\\/www.strassenweb.de\\\/nachrichten\\\/wp-content\\\/uploads\\\/2025\\\/09\\\/Ich-fing-am-Mittwoch-an-zu-schauen-sah-aber-mein-Wohnzimmer.jpg\",\"contentUrl\":\"https:\\\/\\\/www.strassenweb.de\\\/nachrichten\\\/wp-content\\\/uploads\\\/2025\\\/09\\\/Ich-fing-am-Mittwoch-an-zu-schauen-sah-aber-mein-Wohnzimmer.jpg\",\"width\":1600,\"height\":900,\"caption\":\"Wednesday\"},{\"@type\":\"BreadcrumbList\",\"@id\":\"https:\\\/\\\/www.strassenweb.de\\\/nachrichten\\\/ich-fing-am-mittwoch-an-zu-schauen-sah-aber-mein-wohnzimmer-dank-einer-beleuchtung-der-beleuchtung-aus-dem-19-jahrhundert-anders-um-mein-wohnzimmer-anders-zu-sehen\\\/#breadcrumb\",\"itemListElement\":[{\"@type\":\"ListItem\",\"position\":1,\"name\":\"Home\",\"item\":\"https:\\\/\\\/www.strassenweb.de\\\/nachrichten\\\/\"},{\"@type\":\"ListItem\",\"position\":2,\"name\":\"Ich fing am Mittwoch an zu schauen-sah aber mein Wohnzimmer dank einer Beleuchtung der Beleuchtung aus dem 19. Jahrhundert anders, um mein Wohnzimmer anders zu sehen\"}]},{\"@type\":\"WebSite\",\"@id\":\"https:\\\/\\\/www.strassenweb.de\\\/nachrichten\\\/#website\",\"url\":\"https:\\\/\\\/www.strassenweb.de\\\/nachrichten\\\/\",\"name\":\"Stra\u00dfenweb\",\"description\":\"Stra\u00dfenverzeichnis f\u00fcr Deutschland\",\"publisher\":{\"@id\":\"https:\\\/\\\/www.strassenweb.de\\\/nachrichten\\\/#organization\"},\"potentialAction\":[{\"@type\":\"SearchAction\",\"target\":{\"@type\":\"EntryPoint\",\"urlTemplate\":\"https:\\\/\\\/www.strassenweb.de\\\/nachrichten\\\/?s={search_term_string}\"},\"query-input\":{\"@type\":\"PropertyValueSpecification\",\"valueRequired\":true,\"valueName\":\"search_term_string\"}}],\"inLanguage\":\"de\"},{\"@type\":\"Organization\",\"@id\":\"https:\\\/\\\/www.strassenweb.de\\\/nachrichten\\\/#organization\",\"name\":\"Stra\u00dfenweb\",\"url\":\"https:\\\/\\\/www.strassenweb.de\\\/nachrichten\\\/\",\"logo\":{\"@type\":\"ImageObject\",\"inLanguage\":\"de\",\"@id\":\"https:\\\/\\\/www.strassenweb.de\\\/nachrichten\\\/#\\\/schema\\\/logo\\\/image\\\/\",\"url\":\"https:\\\/\\\/www.strassenweb.de\\\/nachrichten\\\/wp-content\\\/uploads\\\/2024\\\/09\\\/cropped-favicon.png\",\"contentUrl\":\"https:\\\/\\\/www.strassenweb.de\\\/nachrichten\\\/wp-content\\\/uploads\\\/2024\\\/09\\\/cropped-favicon.png\",\"width\":512,\"height\":512,\"caption\":\"Stra\u00dfenweb\"},\"image\":{\"@id\":\"https:\\\/\\\/www.strassenweb.de\\\/nachrichten\\\/#\\\/schema\\\/logo\\\/image\\\/\"},\"sameAs\":[\"https:\\\/\\\/www.facebook.com\\\/strassenweb\\\/\"]},{\"@type\":\"Person\",\"@id\":\"https:\\\/\\\/www.strassenweb.de\\\/nachrichten\\\/#\\\/schema\\\/person\\\/87c9c9067f1211da429a744dc5a5aa41\",\"name\":\"Robert Hoffmann\",\"image\":{\"@type\":\"ImageObject\",\"inLanguage\":\"de\",\"@id\":\"https:\\\/\\\/www.strassenweb.de\\\/nachrichten\\\/wp-content\\\/uploads\\\/2024\\\/09\\\/strassenweb-150x150.jpg\",\"url\":\"https:\\\/\\\/www.strassenweb.de\\\/nachrichten\\\/wp-content\\\/uploads\\\/2024\\\/09\\\/strassenweb-150x150.jpg\",\"contentUrl\":\"https:\\\/\\\/www.strassenweb.de\\\/nachrichten\\\/wp-content\\\/uploads\\\/2024\\\/09\\\/strassenweb-150x150.jpg\",\"caption\":\"Robert Hoffmann\"},\"description\":\"Ich hei\u00dfe Robert Hoffmann und ich bin ein leidenschaftlicher Verfechter von \u00d6kologie und Biodiversit\u00e4t. Seit meiner Kindheit in den W\u00e4ldern Bayerns f\u00fchle ich mich mit der Natur verbunden und bin entschlossen, sie zu sch\u00fctzen. Heute widme ich mein Leben der Sensibilisierung anderer f\u00fcr die Bedeutung des Umweltschutzes f\u00fcr zuk\u00fcnftige Generationen.\",\"sameAs\":[\"https:\\\/\\\/www.strassenweb.de\\\/\"]}]}<\/script>\n<!-- \/ Yoast SEO plugin. -->","yoast_head_json":{"title":"Ich fing am Mittwoch an zu schauen-sah aber mein Wohnzimmer dank einer Beleuchtung der Beleuchtung aus dem 19. Jahrhundert anders, um mein Wohnzimmer anders zu sehen - Nachrichten - Stra\u00dfenweb","robots":{"index":"index","follow":"follow","max-snippet":"max-snippet:-1","max-image-preview":"max-image-preview:large","max-video-preview":"max-video-preview:-1"},"canonical":"https:\/\/www.strassenweb.de\/nachrichten\/ich-fing-am-mittwoch-an-zu-schauen-sah-aber-mein-wohnzimmer-dank-einer-beleuchtung-der-beleuchtung-aus-dem-19-jahrhundert-anders-um-mein-wohnzimmer-anders-zu-sehen\/","og_locale":"de_DE","og_type":"article","og_title":"Ich fing am Mittwoch an zu schauen-sah aber mein Wohnzimmer dank einer Beleuchtung der Beleuchtung aus dem 19. Jahrhundert anders, um mein Wohnzimmer anders zu sehen - Nachrichten - Stra\u00dfenweb","og_description":"Wenn Sie im letzten Monat irgendwo im Internet waren, k\u00f6nnen Sie davon ausgehen, dass Sie auf eine Erw\u00e4hnung von Netflix gesto\u00dfen sind Mittwoch. Die zweite","og_url":"https:\/\/www.strassenweb.de\/nachrichten\/ich-fing-am-mittwoch-an-zu-schauen-sah-aber-mein-wohnzimmer-dank-einer-beleuchtung-der-beleuchtung-aus-dem-19-jahrhundert-anders-um-mein-wohnzimmer-anders-zu-sehen\/","og_site_name":"Stra\u00dfenweb","article_publisher":"https:\/\/www.facebook.com\/strassenweb\/","article_published_time":"2025-09-06T02:39:17+00:00","article_modified_time":"2025-09-06T02:39:18+00:00","og_image":[{"width":1600,"height":900,"url":"https:\/\/www.strassenweb.de\/nachrichten\/wp-content\/uploads\/2025\/09\/Ich-fing-am-Mittwoch-an-zu-schauen-sah-aber-mein-Wohnzimmer.jpg","type":"image\/jpeg"}],"author":"Robert Hoffmann","twitter_card":"summary_large_image","twitter_misc":{"Verfasst von":"Robert Hoffmann","Gesch\u00e4tzte Lesezeit":"2\u00a0Minuten"},"schema":{"@context":"https:\/\/schema.org","@graph":[{"@type":"Article","@id":"https:\/\/www.strassenweb.de\/nachrichten\/ich-fing-am-mittwoch-an-zu-schauen-sah-aber-mein-wohnzimmer-dank-einer-beleuchtung-der-beleuchtung-aus-dem-19-jahrhundert-anders-um-mein-wohnzimmer-anders-zu-sehen\/#article","isPartOf":{"@id":"https:\/\/www.strassenweb.de\/nachrichten\/ich-fing-am-mittwoch-an-zu-schauen-sah-aber-mein-wohnzimmer-dank-einer-beleuchtung-der-beleuchtung-aus-dem-19-jahrhundert-anders-um-mein-wohnzimmer-anders-zu-sehen\/"},"author":{"name":"Robert Hoffmann","@id":"https:\/\/www.strassenweb.de\/nachrichten\/#\/schema\/person\/87c9c9067f1211da429a744dc5a5aa41"},"headline":"Ich fing am Mittwoch an zu schauen-sah aber mein Wohnzimmer dank einer Beleuchtung der Beleuchtung aus dem 19. Jahrhundert anders, um mein Wohnzimmer anders zu sehen","datePublished":"2025-09-06T02:39:17+00:00","dateModified":"2025-09-06T02:39:18+00:00","mainEntityOfPage":{"@id":"https:\/\/www.strassenweb.de\/nachrichten\/ich-fing-am-mittwoch-an-zu-schauen-sah-aber-mein-wohnzimmer-dank-einer-beleuchtung-der-beleuchtung-aus-dem-19-jahrhundert-anders-um-mein-wohnzimmer-anders-zu-sehen\/"},"wordCount":412,"publisher":{"@id":"https:\/\/www.strassenweb.de\/nachrichten\/#organization"},"image":{"@id":"https:\/\/www.strassenweb.de\/nachrichten\/ich-fing-am-mittwoch-an-zu-schauen-sah-aber-mein-wohnzimmer-dank-einer-beleuchtung-der-beleuchtung-aus-dem-19-jahrhundert-anders-um-mein-wohnzimmer-anders-zu-sehen\/#primaryimage"},"thumbnailUrl":"https:\/\/www.strassenweb.de\/nachrichten\/wp-content\/uploads\/2025\/09\/Ich-fing-am-Mittwoch-an-zu-schauen-sah-aber-mein-Wohnzimmer.jpg","keywords":["aber","anders","aus","Beleuchtung","dank","dem","der","einer","fing","ich","Jahrhundert","mein","Mittwoch","schauensah","sehen","Wohnzimmer"],"articleSection":["Haus &amp; Garten"],"inLanguage":"de"},{"@type":"WebPage","@id":"https:\/\/www.strassenweb.de\/nachrichten\/ich-fing-am-mittwoch-an-zu-schauen-sah-aber-mein-wohnzimmer-dank-einer-beleuchtung-der-beleuchtung-aus-dem-19-jahrhundert-anders-um-mein-wohnzimmer-anders-zu-sehen\/","url":"https:\/\/www.strassenweb.de\/nachrichten\/ich-fing-am-mittwoch-an-zu-schauen-sah-aber-mein-wohnzimmer-dank-einer-beleuchtung-der-beleuchtung-aus-dem-19-jahrhundert-anders-um-mein-wohnzimmer-anders-zu-sehen\/","name":"Ich fing am Mittwoch an zu schauen-sah aber mein Wohnzimmer dank einer Beleuchtung der Beleuchtung aus dem 19. Jahrhundert anders, um mein Wohnzimmer anders zu sehen - Nachrichten - Stra\u00dfenweb","isPartOf":{"@id":"https:\/\/www.strassenweb.de\/nachrichten\/#website"},"primaryImageOfPage":{"@id":"https:\/\/www.strassenweb.de\/nachrichten\/ich-fing-am-mittwoch-an-zu-schauen-sah-aber-mein-wohnzimmer-dank-einer-beleuchtung-der-beleuchtung-aus-dem-19-jahrhundert-anders-um-mein-wohnzimmer-anders-zu-sehen\/#primaryimage"},"image":{"@id":"https:\/\/www.strassenweb.de\/nachrichten\/ich-fing-am-mittwoch-an-zu-schauen-sah-aber-mein-wohnzimmer-dank-einer-beleuchtung-der-beleuchtung-aus-dem-19-jahrhundert-anders-um-mein-wohnzimmer-anders-zu-sehen\/#primaryimage"},"thumbnailUrl":"https:\/\/www.strassenweb.de\/nachrichten\/wp-content\/uploads\/2025\/09\/Ich-fing-am-Mittwoch-an-zu-schauen-sah-aber-mein-Wohnzimmer.jpg","datePublished":"2025-09-06T02:39:17+00:00","dateModified":"2025-09-06T02:39:18+00:00","breadcrumb":{"@id":"https:\/\/www.strassenweb.de\/nachrichten\/ich-fing-am-mittwoch-an-zu-schauen-sah-aber-mein-wohnzimmer-dank-einer-beleuchtung-der-beleuchtung-aus-dem-19-jahrhundert-anders-um-mein-wohnzimmer-anders-zu-sehen\/#breadcrumb"},"inLanguage":"de","potentialAction":[{"@type":"ReadAction","target":["https:\/\/www.strassenweb.de\/nachrichten\/ich-fing-am-mittwoch-an-zu-schauen-sah-aber-mein-wohnzimmer-dank-einer-beleuchtung-der-beleuchtung-aus-dem-19-jahrhundert-anders-um-mein-wohnzimmer-anders-zu-sehen\/"]}]},{"@type":"ImageObject","inLanguage":"de","@id":"https:\/\/www.strassenweb.de\/nachrichten\/ich-fing-am-mittwoch-an-zu-schauen-sah-aber-mein-wohnzimmer-dank-einer-beleuchtung-der-beleuchtung-aus-dem-19-jahrhundert-anders-um-mein-wohnzimmer-anders-zu-sehen\/#primaryimage","url":"https:\/\/www.strassenweb.de\/nachrichten\/wp-content\/uploads\/2025\/09\/Ich-fing-am-Mittwoch-an-zu-schauen-sah-aber-mein-Wohnzimmer.jpg","contentUrl":"https:\/\/www.strassenweb.de\/nachrichten\/wp-content\/uploads\/2025\/09\/Ich-fing-am-Mittwoch-an-zu-schauen-sah-aber-mein-Wohnzimmer.jpg","width":1600,"height":900,"caption":"Wednesday"},{"@type":"BreadcrumbList","@id":"https:\/\/www.strassenweb.de\/nachrichten\/ich-fing-am-mittwoch-an-zu-schauen-sah-aber-mein-wohnzimmer-dank-einer-beleuchtung-der-beleuchtung-aus-dem-19-jahrhundert-anders-um-mein-wohnzimmer-anders-zu-sehen\/#breadcrumb","itemListElement":[{"@type":"ListItem","position":1,"name":"Home","item":"https:\/\/www.strassenweb.de\/nachrichten\/"},{"@type":"ListItem","position":2,"name":"Ich fing am Mittwoch an zu schauen-sah aber mein Wohnzimmer dank einer Beleuchtung der Beleuchtung aus dem 19. Jahrhundert anders, um mein Wohnzimmer anders zu sehen"}]},{"@type":"WebSite","@id":"https:\/\/www.strassenweb.de\/nachrichten\/#website","url":"https:\/\/www.strassenweb.de\/nachrichten\/","name":"Stra\u00dfenweb","description":"Stra\u00dfenverzeichnis f\u00fcr Deutschland","publisher":{"@id":"https:\/\/www.strassenweb.de\/nachrichten\/#organization"},"potentialAction":[{"@type":"SearchAction","target":{"@type":"EntryPoint","urlTemplate":"https:\/\/www.strassenweb.de\/nachrichten\/?s={search_term_string}"},"query-input":{"@type":"PropertyValueSpecification","valueRequired":true,"valueName":"search_term_string"}}],"inLanguage":"de"},{"@type":"Organization","@id":"https:\/\/www.strassenweb.de\/nachrichten\/#organization","name":"Stra\u00dfenweb","url":"https:\/\/www.strassenweb.de\/nachrichten\/","logo":{"@type":"ImageObject","inLanguage":"de","@id":"https:\/\/www.strassenweb.de\/nachrichten\/#\/schema\/logo\/image\/","url":"https:\/\/www.strassenweb.de\/nachrichten\/wp-content\/uploads\/2024\/09\/cropped-favicon.png","contentUrl":"https:\/\/www.strassenweb.de\/nachrichten\/wp-content\/uploads\/2024\/09\/cropped-favicon.png","width":512,"height":512,"caption":"Stra\u00dfenweb"},"image":{"@id":"https:\/\/www.strassenweb.de\/nachrichten\/#\/schema\/logo\/image\/"},"sameAs":["https:\/\/www.facebook.com\/strassenweb\/"]},{"@type":"Person","@id":"https:\/\/www.strassenweb.de\/nachrichten\/#\/schema\/person\/87c9c9067f1211da429a744dc5a5aa41","name":"Robert Hoffmann","image":{"@type":"ImageObject","inLanguage":"de","@id":"https:\/\/www.strassenweb.de\/nachrichten\/wp-content\/uploads\/2024\/09\/strassenweb-150x150.jpg","url":"https:\/\/www.strassenweb.de\/nachrichten\/wp-content\/uploads\/2024\/09\/strassenweb-150x150.jpg","contentUrl":"https:\/\/www.strassenweb.de\/nachrichten\/wp-content\/uploads\/2024\/09\/strassenweb-150x150.jpg","caption":"Robert Hoffmann"},"description":"Ich hei\u00dfe Robert Hoffmann und ich bin ein leidenschaftlicher Verfechter von \u00d6kologie und Biodiversit\u00e4t. Seit meiner Kindheit in den W\u00e4ldern Bayerns f\u00fchle ich mich mit der Natur verbunden und bin entschlossen, sie zu sch\u00fctzen. Heute widme ich mein Leben der Sensibilisierung anderer f\u00fcr die Bedeutung des Umweltschutzes f\u00fcr zuk\u00fcnftige Generationen.","sameAs":["https:\/\/www.strassenweb.de\/"]}]}},"_links":{"self":[{"href":"https:\/\/www.strassenweb.de\/nachrichten\/wp-json\/wp\/v2\/posts\/7496","targetHints":{"allow":["GET"]}}],"collection":[{"href":"https:\/\/www.strassenweb.de\/nachrichten\/wp-json\/wp\/v2\/posts"}],"about":[{"href":"https:\/\/www.strassenweb.de\/nachrichten\/wp-json\/wp\/v2\/types\/post"}],"author":[{"embeddable":true,"href":"https:\/\/www.strassenweb.de\/nachrichten\/wp-json\/wp\/v2\/users\/1"}],"replies":[{"embeddable":true,"href":"https:\/\/www.strassenweb.de\/nachrichten\/wp-json\/wp\/v2\/comments?post=7496"}],"version-history":[{"count":0,"href":"https:\/\/www.strassenweb.de\/nachrichten\/wp-json\/wp\/v2\/posts\/7496\/revisions"}],"wp:featuredmedia":[{"embeddable":true,"href":"https:\/\/www.strassenweb.de\/nachrichten\/wp-json\/wp\/v2\/media\/7497"}],"wp:attachment":[{"href":"https:\/\/www.strassenweb.de\/nachrichten\/wp-json\/wp\/v2\/media?parent=7496"}],"wp:term":[{"taxonomy":"category","embeddable":true,"href":"https:\/\/www.strassenweb.de\/nachrichten\/wp-json\/wp\/v2\/categories?post=7496"},{"taxonomy":"post_tag","embeddable":true,"href":"https:\/\/www.strassenweb.de\/nachrichten\/wp-json\/wp\/v2\/tags?post=7496"}],"curies":[{"name":"wp","href":"https:\/\/api.w.org\/{rel}","templated":true}]}}