{"id":7487,"date":"2025-09-05T19:39:51","date_gmt":"2025-09-05T17:39:51","guid":{"rendered":"https:\/\/www.strassenweb.de\/nachrichten\/ich-werde-immer-ein-fan-von-brooklinens-bettlaken-sein-aber-die-neue-kollektion-ist-vielleicht-die-beste-es-ist-perfekt-fuer-einen-gelebten-look\/"},"modified":"2025-09-05T19:39:52","modified_gmt":"2025-09-05T17:39:52","slug":"ich-werde-immer-ein-fan-von-brooklinens-bettlaken-sein-aber-die-neue-kollektion-ist-vielleicht-die-beste-es-ist-perfekt-fuer-einen-gelebten-look","status":"publish","type":"post","link":"https:\/\/www.strassenweb.de\/nachrichten\/ich-werde-immer-ein-fan-von-brooklinens-bettlaken-sein-aber-die-neue-kollektion-ist-vielleicht-die-beste-es-ist-perfekt-fuer-einen-gelebten-look\/","title":{"rendered":"Ich werde immer ein Fan von Brooklinens Bettlaken sein, aber die neue Kollektion ist vielleicht die beste-es ist perfekt f\u00fcr einen gelebten Look"},"content":{"rendered":"<p><\/p>\n<div id=\"article-body\" class=\"article__body \">\n<p id=\"3dfadfba-15df-4eb1-97b3-565d6d2a71ed\">Ich \u00fcberhole mich immer gerne meine Bettzeug, wenn September kommt. Beschuldigen Sie es bei diesem Back-to-School-Gef\u00fchl oder dem Eingriffswetter, wenn ich nur nach unten hacken und gem\u00fctlich werden m\u00f6chte. Wenn es darum geht, mich mit den besten Bettlaken zu g\u00f6nnen, suche ich nach Komfort, Weichheit und Haltbarkeit, und die neue gewaschene klassische Reichweite von Brooklinen scheint all diese K\u00e4stchen zu ticken.<\/p>\n<div id=\"ad-unit-1\" class=\"ad-unit\"><\/div>\n<p>In diesem neuen Start wird die klassischen Percale -Bl\u00e4tter &#8211; ein Bestseller aus Brooklinen &#8211; ein gem\u00fctliches Upgrade erhalten. Die gewaschenen klassischen Percale-Bl\u00e4tter sind in einer Reihe erdiger Farbt\u00f6ne erh\u00e4ltlich und verzeichnen laut Brooklinen ein &#8222;weicheres, gelebendes Gef\u00fchl&#8220;. Erwarten Sie einen knusprigen, sauberen Look mit etwas mehr Textur als das matte Finish, das Sie mit traditionellem Percale -Bett -Leinen in Verbindung bringen w\u00fcrden. Genau das m\u00f6chte ich in meiner Bettw\u00e4sche. W\u00e4hrend ich den knusprigen Look in einem Hotel genie\u00dfe, dreht sich zu Hause alles um Komfort und Leichtigkeit.<\/p>\n<figure class=\"van-image-figure inline-layout \" data-bordeaux-image-check id=\"f7797ddd-aac6-47f7-a3b0-1c1f913e3007\">\n<div class=\"image-full-width-wrapper\">\n<div class=\"image-widthsetter\" style=\"max-width:2000px;\"><\/div>\n<\/div>\n<\/figure>\n<div class=\"van_vid_carousel\">\n<div class=\"van_vid_carousel__padding\">\n<div class=\"van_vid_carousel__container\"><\/div>\n<\/div>\n<\/div>\n<p>Die aus 100% langen Stapel und 270 Fadenz\u00e4hlungsbaumwolle hergestellten Bl\u00e4tter sind von der ersten Verwendung seidig, ohne dass es vorhersehend ist. Wenn Sie sich auf das College vorbereiten, w\u00fcrde das gewaschene klassische Einzugsb\u00fcndel eine brillante Erg\u00e4nzung zu Ihrer Schlafraum-Checkliste f\u00fcr 2025 in letzter Minute machen.<\/p>\n<div id=\"ad-unit-2\" class=\"ad-unit\"><\/div>\n<figure class=\"van-image-figure inline-layout \" data-bordeaux-image-check id=\"02ed8e94-9544-4ff5-86d3-e0eb4e89baa0\">\n<div class=\"image-full-width-wrapper\">\n<div class=\"image-widthsetter\" style=\"max-width:2000px;\"><\/div>\n<\/div>\n<\/figure>\n<p id=\"fa38c74a-1b43-48ce-9bf2-8b9d0055f6d7\">&#8222;Brooklinen ist mein Gesch\u00e4ft f\u00fcr Bettw\u00e4sche und Badet\u00e4nen&#8220;, sagt unser ehemaliger Schlafredakteur Emilia. &#8222;Sie k\u00f6nnen in den speziellen Schlafgesch\u00e4ften einkaufen, aber Sie werden keine gr\u00f6\u00dfere Produkte, Gr\u00f6\u00dfen, Materialien und Farben finden.&#8220;<\/p>\n<aside data-block-type=\"embed\" data-render-type=\"fte\" data-skip=\"dealsy\" data-widget-type=\"seasonal\" class=\"hawk-base\"><\/aside>\n<p id=\"fa38c74a-1b43-48ce-9bf2-8b9d0055f6d7-1\">Egal, ob Sie nach cremigen Neutralen, hellgr\u00fcnem oder weichem Blau sind, Sie werden eine Reihe gewaschener klassischer Laken finden, die Ihre Aufmerksamkeit auf sich ziehen. Ich beginne das gewaschene klassische Hardcore -Blattb\u00fcndel im erdigen Eichenchambray -Schatten. Es hat alles, was ich f\u00fcr einen luxuri\u00f6sen Schlaf brauche, wenn die N\u00e4chte in diesem Herbst gezogen werden.<\/p>\n<h2 id=\"shop-brooklinen-s-washed-classic-range-3\">Shop Brooklinens gewaschener klassischer Reichweite<\/h2>\n<div class=\"product-container hero-product-container product-block-no-wrap\">\n<div class=\"product-block-row\"><\/div>\n<div class=\"product-block-row\"><\/div>\n<div class=\"product-block-row\"><\/div>\n<\/div>\n<hr id=\"fbe52269-0a32-4bf2-b2b7-18095fecaa1b\">\n<p id=\"95878425-f5e6-4e62-b8ed-8d7dc6024c06\">W\u00e4hrend ich f\u00fcr Bettw\u00e4sche einkaufen habe, habe ich gen\u00fcgend Nachforschungen angestellt-einschlie\u00dflich dessen Bettw\u00e4schematerial und was Perkale tats\u00e4chlich ist, damit Sie auch beim Einkaufen in der Lage sind.<\/p>\n<div id=\"slice-container-newsletterForm-articleInbodyContent-tz3ZRnb7ytjGwKLwdwFsuL\" class=\"slice-container newsletter-inbodyContent-slice newsletterForm-articleInbodyContent-tz3ZRnb7ytjGwKLwdwFsuL slice-container-newsletterForm\"><\/div>\n<div class=\"block\" id=\"articleTag\" data-component-name=\"PostArticleLinks\">\n<div class=\"border-b border-b-black border-solid py-2.5 text-black font-bold uppercase\">Themen<\/div>\n<nav class=\"py-2.5 flex gap-2.5 flex-wrap\" data-analytics-id=\"article-tag\">\n<p>Bettw\u00e4sche<br \/>\n<\/nav>\n<\/div>\n<\/div>\n","protected":false},"excerpt":{"rendered":"<p>Ich \u00fcberhole mich immer gerne meine Bettzeug, wenn September kommt. Beschuldigen Sie es bei diesem Back-to-School-Gef\u00fchl oder dem Eingriffswetter, wenn ich nur nach unten hacken<\/p>\n","protected":false},"author":1,"featured_media":7488,"comment_status":"closed","ping_status":"","sticky":false,"template":"","format":"standard","meta":{"footnotes":""},"categories":[118],"tags":[357,9933,5103,9932,9,43,166,6512,55,9934,129,175,15,1265,108,393,306,1480,21,1865],"class_list":["post-7487","post","type-post","status-publish","format-standard","has-post-thumbnail","hentry","category-haus-garten","tag-aber","tag-bestees","tag-bettlaken","tag-brooklinens","tag-die","tag-ein","tag-einen","tag-fan","tag-fuer","tag-gelebten","tag-ich","tag-immer","tag-ist","tag-kollektion","tag-neue","tag-perfekt","tag-sein","tag-vielleicht","tag-von","tag-werde","generate-columns","tablet-grid-50","mobile-grid-100","grid-parent","grid-50"],"yoast_head":"<!-- This site is optimized with the Yoast SEO plugin v27.3 - https:\/\/yoast.com\/product\/yoast-seo-wordpress\/ -->\n<title>Ich werde immer ein Fan von Brooklinens Bettlaken sein, aber die neue Kollektion ist vielleicht die beste-es ist perfekt f\u00fcr einen gelebten Look - Nachrichten - Stra\u00dfenweb<\/title>\n<meta name=\"robots\" content=\"index, follow, max-snippet:-1, max-image-preview:large, max-video-preview:-1\" \/>\n<link rel=\"canonical\" href=\"https:\/\/www.strassenweb.de\/nachrichten\/ich-werde-immer-ein-fan-von-brooklinens-bettlaken-sein-aber-die-neue-kollektion-ist-vielleicht-die-beste-es-ist-perfekt-fuer-einen-gelebten-look\/\" \/>\n<meta property=\"og:locale\" content=\"de_DE\" \/>\n<meta property=\"og:type\" content=\"article\" \/>\n<meta property=\"og:title\" content=\"Ich werde immer ein Fan von Brooklinens Bettlaken sein, aber die neue Kollektion ist vielleicht die beste-es ist perfekt f\u00fcr einen gelebten Look - Nachrichten - Stra\u00dfenweb\" \/>\n<meta property=\"og:description\" content=\"Ich \u00fcberhole mich immer gerne meine Bettzeug, wenn September kommt. Beschuldigen Sie es bei diesem Back-to-School-Gef\u00fchl oder dem Eingriffswetter, wenn ich nur nach unten hacken\" \/>\n<meta property=\"og:url\" content=\"https:\/\/www.strassenweb.de\/nachrichten\/ich-werde-immer-ein-fan-von-brooklinens-bettlaken-sein-aber-die-neue-kollektion-ist-vielleicht-die-beste-es-ist-perfekt-fuer-einen-gelebten-look\/\" \/>\n<meta property=\"og:site_name\" content=\"Stra\u00dfenweb\" \/>\n<meta property=\"article:publisher\" content=\"https:\/\/www.facebook.com\/strassenweb\/\" \/>\n<meta property=\"article:published_time\" content=\"2025-09-05T17:39:51+00:00\" \/>\n<meta property=\"article:modified_time\" content=\"2025-09-05T17:39:52+00:00\" \/>\n<meta property=\"og:image\" content=\"https:\/\/www.strassenweb.de\/nachrichten\/wp-content\/uploads\/2025\/09\/Ich-werde-immer-ein-Fan-von-Brooklinens-Bettlaken-sein-aber.jpg\" \/>\n\t<meta property=\"og:image:width\" content=\"1600\" \/>\n\t<meta property=\"og:image:height\" content=\"900\" \/>\n\t<meta property=\"og:image:type\" content=\"image\/jpeg\" \/>\n<meta name=\"author\" content=\"Robert Hoffmann\" \/>\n<meta name=\"twitter:card\" content=\"summary_large_image\" \/>\n<meta name=\"twitter:label1\" content=\"Verfasst von\" \/>\n\t<meta name=\"twitter:data1\" content=\"Robert Hoffmann\" \/>\n\t<meta name=\"twitter:label2\" content=\"Gesch\u00e4tzte Lesezeit\" \/>\n\t<meta name=\"twitter:data2\" content=\"2\u00a0Minuten\" \/>\n<script type=\"application\/ld+json\" class=\"yoast-schema-graph\">{\"@context\":\"https:\\\/\\\/schema.org\",\"@graph\":[{\"@type\":\"Article\",\"@id\":\"https:\\\/\\\/www.strassenweb.de\\\/nachrichten\\\/ich-werde-immer-ein-fan-von-brooklinens-bettlaken-sein-aber-die-neue-kollektion-ist-vielleicht-die-beste-es-ist-perfekt-fuer-einen-gelebten-look\\\/#article\",\"isPartOf\":{\"@id\":\"https:\\\/\\\/www.strassenweb.de\\\/nachrichten\\\/ich-werde-immer-ein-fan-von-brooklinens-bettlaken-sein-aber-die-neue-kollektion-ist-vielleicht-die-beste-es-ist-perfekt-fuer-einen-gelebten-look\\\/\"},\"author\":{\"name\":\"Robert Hoffmann\",\"@id\":\"https:\\\/\\\/www.strassenweb.de\\\/nachrichten\\\/#\\\/schema\\\/person\\\/87c9c9067f1211da429a744dc5a5aa41\"},\"headline\":\"Ich werde immer ein Fan von Brooklinens Bettlaken sein, aber die neue Kollektion ist vielleicht die beste-es ist perfekt f\u00fcr einen gelebten Look\",\"datePublished\":\"2025-09-05T17:39:51+00:00\",\"dateModified\":\"2025-09-05T17:39:52+00:00\",\"mainEntityOfPage\":{\"@id\":\"https:\\\/\\\/www.strassenweb.de\\\/nachrichten\\\/ich-werde-immer-ein-fan-von-brooklinens-bettlaken-sein-aber-die-neue-kollektion-ist-vielleicht-die-beste-es-ist-perfekt-fuer-einen-gelebten-look\\\/\"},\"wordCount\":377,\"publisher\":{\"@id\":\"https:\\\/\\\/www.strassenweb.de\\\/nachrichten\\\/#organization\"},\"image\":{\"@id\":\"https:\\\/\\\/www.strassenweb.de\\\/nachrichten\\\/ich-werde-immer-ein-fan-von-brooklinens-bettlaken-sein-aber-die-neue-kollektion-ist-vielleicht-die-beste-es-ist-perfekt-fuer-einen-gelebten-look\\\/#primaryimage\"},\"thumbnailUrl\":\"https:\\\/\\\/www.strassenweb.de\\\/nachrichten\\\/wp-content\\\/uploads\\\/2025\\\/09\\\/Ich-werde-immer-ein-Fan-von-Brooklinens-Bettlaken-sein-aber.jpg\",\"keywords\":[\"aber\",\"bestees\",\"Bettlaken\",\"Brooklinens\",\"die\",\"ein\",\"einen\",\"Fan\",\"f\u00fcr\",\"gelebten\",\"ich\",\"immer\",\"ist\",\"Kollektion\",\"Neue\",\"perfekt\",\"sein\",\"vielleicht\",\"von\",\"werde\"],\"articleSection\":[\"Haus &amp; Garten\"],\"inLanguage\":\"de\"},{\"@type\":\"WebPage\",\"@id\":\"https:\\\/\\\/www.strassenweb.de\\\/nachrichten\\\/ich-werde-immer-ein-fan-von-brooklinens-bettlaken-sein-aber-die-neue-kollektion-ist-vielleicht-die-beste-es-ist-perfekt-fuer-einen-gelebten-look\\\/\",\"url\":\"https:\\\/\\\/www.strassenweb.de\\\/nachrichten\\\/ich-werde-immer-ein-fan-von-brooklinens-bettlaken-sein-aber-die-neue-kollektion-ist-vielleicht-die-beste-es-ist-perfekt-fuer-einen-gelebten-look\\\/\",\"name\":\"Ich werde immer ein Fan von Brooklinens Bettlaken sein, aber die neue Kollektion ist vielleicht die beste-es ist perfekt f\u00fcr einen gelebten Look - Nachrichten - Stra\u00dfenweb\",\"isPartOf\":{\"@id\":\"https:\\\/\\\/www.strassenweb.de\\\/nachrichten\\\/#website\"},\"primaryImageOfPage\":{\"@id\":\"https:\\\/\\\/www.strassenweb.de\\\/nachrichten\\\/ich-werde-immer-ein-fan-von-brooklinens-bettlaken-sein-aber-die-neue-kollektion-ist-vielleicht-die-beste-es-ist-perfekt-fuer-einen-gelebten-look\\\/#primaryimage\"},\"image\":{\"@id\":\"https:\\\/\\\/www.strassenweb.de\\\/nachrichten\\\/ich-werde-immer-ein-fan-von-brooklinens-bettlaken-sein-aber-die-neue-kollektion-ist-vielleicht-die-beste-es-ist-perfekt-fuer-einen-gelebten-look\\\/#primaryimage\"},\"thumbnailUrl\":\"https:\\\/\\\/www.strassenweb.de\\\/nachrichten\\\/wp-content\\\/uploads\\\/2025\\\/09\\\/Ich-werde-immer-ein-Fan-von-Brooklinens-Bettlaken-sein-aber.jpg\",\"datePublished\":\"2025-09-05T17:39:51+00:00\",\"dateModified\":\"2025-09-05T17:39:52+00:00\",\"breadcrumb\":{\"@id\":\"https:\\\/\\\/www.strassenweb.de\\\/nachrichten\\\/ich-werde-immer-ein-fan-von-brooklinens-bettlaken-sein-aber-die-neue-kollektion-ist-vielleicht-die-beste-es-ist-perfekt-fuer-einen-gelebten-look\\\/#breadcrumb\"},\"inLanguage\":\"de\",\"potentialAction\":[{\"@type\":\"ReadAction\",\"target\":[\"https:\\\/\\\/www.strassenweb.de\\\/nachrichten\\\/ich-werde-immer-ein-fan-von-brooklinens-bettlaken-sein-aber-die-neue-kollektion-ist-vielleicht-die-beste-es-ist-perfekt-fuer-einen-gelebten-look\\\/\"]}]},{\"@type\":\"ImageObject\",\"inLanguage\":\"de\",\"@id\":\"https:\\\/\\\/www.strassenweb.de\\\/nachrichten\\\/ich-werde-immer-ein-fan-von-brooklinens-bettlaken-sein-aber-die-neue-kollektion-ist-vielleicht-die-beste-es-ist-perfekt-fuer-einen-gelebten-look\\\/#primaryimage\",\"url\":\"https:\\\/\\\/www.strassenweb.de\\\/nachrichten\\\/wp-content\\\/uploads\\\/2025\\\/09\\\/Ich-werde-immer-ein-Fan-von-Brooklinens-Bettlaken-sein-aber.jpg\",\"contentUrl\":\"https:\\\/\\\/www.strassenweb.de\\\/nachrichten\\\/wp-content\\\/uploads\\\/2025\\\/09\\\/Ich-werde-immer-ein-Fan-von-Brooklinens-Bettlaken-sein-aber.jpg\",\"width\":1600,\"height\":900,\"caption\":\"Bed sheets with blue comforter, white pillows and taupe sheet\"},{\"@type\":\"BreadcrumbList\",\"@id\":\"https:\\\/\\\/www.strassenweb.de\\\/nachrichten\\\/ich-werde-immer-ein-fan-von-brooklinens-bettlaken-sein-aber-die-neue-kollektion-ist-vielleicht-die-beste-es-ist-perfekt-fuer-einen-gelebten-look\\\/#breadcrumb\",\"itemListElement\":[{\"@type\":\"ListItem\",\"position\":1,\"name\":\"Home\",\"item\":\"https:\\\/\\\/www.strassenweb.de\\\/nachrichten\\\/\"},{\"@type\":\"ListItem\",\"position\":2,\"name\":\"Ich werde immer ein Fan von Brooklinens Bettlaken sein, aber die neue Kollektion ist vielleicht die beste-es ist perfekt f\u00fcr einen gelebten Look\"}]},{\"@type\":\"WebSite\",\"@id\":\"https:\\\/\\\/www.strassenweb.de\\\/nachrichten\\\/#website\",\"url\":\"https:\\\/\\\/www.strassenweb.de\\\/nachrichten\\\/\",\"name\":\"Stra\u00dfenweb\",\"description\":\"Stra\u00dfenverzeichnis f\u00fcr Deutschland\",\"publisher\":{\"@id\":\"https:\\\/\\\/www.strassenweb.de\\\/nachrichten\\\/#organization\"},\"potentialAction\":[{\"@type\":\"SearchAction\",\"target\":{\"@type\":\"EntryPoint\",\"urlTemplate\":\"https:\\\/\\\/www.strassenweb.de\\\/nachrichten\\\/?s={search_term_string}\"},\"query-input\":{\"@type\":\"PropertyValueSpecification\",\"valueRequired\":true,\"valueName\":\"search_term_string\"}}],\"inLanguage\":\"de\"},{\"@type\":\"Organization\",\"@id\":\"https:\\\/\\\/www.strassenweb.de\\\/nachrichten\\\/#organization\",\"name\":\"Stra\u00dfenweb\",\"url\":\"https:\\\/\\\/www.strassenweb.de\\\/nachrichten\\\/\",\"logo\":{\"@type\":\"ImageObject\",\"inLanguage\":\"de\",\"@id\":\"https:\\\/\\\/www.strassenweb.de\\\/nachrichten\\\/#\\\/schema\\\/logo\\\/image\\\/\",\"url\":\"https:\\\/\\\/www.strassenweb.de\\\/nachrichten\\\/wp-content\\\/uploads\\\/2024\\\/09\\\/cropped-favicon.png\",\"contentUrl\":\"https:\\\/\\\/www.strassenweb.de\\\/nachrichten\\\/wp-content\\\/uploads\\\/2024\\\/09\\\/cropped-favicon.png\",\"width\":512,\"height\":512,\"caption\":\"Stra\u00dfenweb\"},\"image\":{\"@id\":\"https:\\\/\\\/www.strassenweb.de\\\/nachrichten\\\/#\\\/schema\\\/logo\\\/image\\\/\"},\"sameAs\":[\"https:\\\/\\\/www.facebook.com\\\/strassenweb\\\/\"]},{\"@type\":\"Person\",\"@id\":\"https:\\\/\\\/www.strassenweb.de\\\/nachrichten\\\/#\\\/schema\\\/person\\\/87c9c9067f1211da429a744dc5a5aa41\",\"name\":\"Robert Hoffmann\",\"image\":{\"@type\":\"ImageObject\",\"inLanguage\":\"de\",\"@id\":\"https:\\\/\\\/www.strassenweb.de\\\/nachrichten\\\/wp-content\\\/uploads\\\/2024\\\/09\\\/strassenweb-150x150.jpg\",\"url\":\"https:\\\/\\\/www.strassenweb.de\\\/nachrichten\\\/wp-content\\\/uploads\\\/2024\\\/09\\\/strassenweb-150x150.jpg\",\"contentUrl\":\"https:\\\/\\\/www.strassenweb.de\\\/nachrichten\\\/wp-content\\\/uploads\\\/2024\\\/09\\\/strassenweb-150x150.jpg\",\"caption\":\"Robert Hoffmann\"},\"description\":\"Ich hei\u00dfe Robert Hoffmann und ich bin ein leidenschaftlicher Verfechter von \u00d6kologie und Biodiversit\u00e4t. Seit meiner Kindheit in den W\u00e4ldern Bayerns f\u00fchle ich mich mit der Natur verbunden und bin entschlossen, sie zu sch\u00fctzen. Heute widme ich mein Leben der Sensibilisierung anderer f\u00fcr die Bedeutung des Umweltschutzes f\u00fcr zuk\u00fcnftige Generationen.\",\"sameAs\":[\"https:\\\/\\\/www.strassenweb.de\\\/\"]}]}<\/script>\n<!-- \/ Yoast SEO plugin. -->","yoast_head_json":{"title":"Ich werde immer ein Fan von Brooklinens Bettlaken sein, aber die neue Kollektion ist vielleicht die beste-es ist perfekt f\u00fcr einen gelebten Look - Nachrichten - Stra\u00dfenweb","robots":{"index":"index","follow":"follow","max-snippet":"max-snippet:-1","max-image-preview":"max-image-preview:large","max-video-preview":"max-video-preview:-1"},"canonical":"https:\/\/www.strassenweb.de\/nachrichten\/ich-werde-immer-ein-fan-von-brooklinens-bettlaken-sein-aber-die-neue-kollektion-ist-vielleicht-die-beste-es-ist-perfekt-fuer-einen-gelebten-look\/","og_locale":"de_DE","og_type":"article","og_title":"Ich werde immer ein Fan von Brooklinens Bettlaken sein, aber die neue Kollektion ist vielleicht die beste-es ist perfekt f\u00fcr einen gelebten Look - Nachrichten - Stra\u00dfenweb","og_description":"Ich \u00fcberhole mich immer gerne meine Bettzeug, wenn September kommt. Beschuldigen Sie es bei diesem Back-to-School-Gef\u00fchl oder dem Eingriffswetter, wenn ich nur nach unten hacken","og_url":"https:\/\/www.strassenweb.de\/nachrichten\/ich-werde-immer-ein-fan-von-brooklinens-bettlaken-sein-aber-die-neue-kollektion-ist-vielleicht-die-beste-es-ist-perfekt-fuer-einen-gelebten-look\/","og_site_name":"Stra\u00dfenweb","article_publisher":"https:\/\/www.facebook.com\/strassenweb\/","article_published_time":"2025-09-05T17:39:51+00:00","article_modified_time":"2025-09-05T17:39:52+00:00","og_image":[{"width":1600,"height":900,"url":"https:\/\/www.strassenweb.de\/nachrichten\/wp-content\/uploads\/2025\/09\/Ich-werde-immer-ein-Fan-von-Brooklinens-Bettlaken-sein-aber.jpg","type":"image\/jpeg"}],"author":"Robert Hoffmann","twitter_card":"summary_large_image","twitter_misc":{"Verfasst von":"Robert Hoffmann","Gesch\u00e4tzte Lesezeit":"2\u00a0Minuten"},"schema":{"@context":"https:\/\/schema.org","@graph":[{"@type":"Article","@id":"https:\/\/www.strassenweb.de\/nachrichten\/ich-werde-immer-ein-fan-von-brooklinens-bettlaken-sein-aber-die-neue-kollektion-ist-vielleicht-die-beste-es-ist-perfekt-fuer-einen-gelebten-look\/#article","isPartOf":{"@id":"https:\/\/www.strassenweb.de\/nachrichten\/ich-werde-immer-ein-fan-von-brooklinens-bettlaken-sein-aber-die-neue-kollektion-ist-vielleicht-die-beste-es-ist-perfekt-fuer-einen-gelebten-look\/"},"author":{"name":"Robert Hoffmann","@id":"https:\/\/www.strassenweb.de\/nachrichten\/#\/schema\/person\/87c9c9067f1211da429a744dc5a5aa41"},"headline":"Ich werde immer ein Fan von Brooklinens Bettlaken sein, aber die neue Kollektion ist vielleicht die beste-es ist perfekt f\u00fcr einen gelebten Look","datePublished":"2025-09-05T17:39:51+00:00","dateModified":"2025-09-05T17:39:52+00:00","mainEntityOfPage":{"@id":"https:\/\/www.strassenweb.de\/nachrichten\/ich-werde-immer-ein-fan-von-brooklinens-bettlaken-sein-aber-die-neue-kollektion-ist-vielleicht-die-beste-es-ist-perfekt-fuer-einen-gelebten-look\/"},"wordCount":377,"publisher":{"@id":"https:\/\/www.strassenweb.de\/nachrichten\/#organization"},"image":{"@id":"https:\/\/www.strassenweb.de\/nachrichten\/ich-werde-immer-ein-fan-von-brooklinens-bettlaken-sein-aber-die-neue-kollektion-ist-vielleicht-die-beste-es-ist-perfekt-fuer-einen-gelebten-look\/#primaryimage"},"thumbnailUrl":"https:\/\/www.strassenweb.de\/nachrichten\/wp-content\/uploads\/2025\/09\/Ich-werde-immer-ein-Fan-von-Brooklinens-Bettlaken-sein-aber.jpg","keywords":["aber","bestees","Bettlaken","Brooklinens","die","ein","einen","Fan","f\u00fcr","gelebten","ich","immer","ist","Kollektion","Neue","perfekt","sein","vielleicht","von","werde"],"articleSection":["Haus &amp; Garten"],"inLanguage":"de"},{"@type":"WebPage","@id":"https:\/\/www.strassenweb.de\/nachrichten\/ich-werde-immer-ein-fan-von-brooklinens-bettlaken-sein-aber-die-neue-kollektion-ist-vielleicht-die-beste-es-ist-perfekt-fuer-einen-gelebten-look\/","url":"https:\/\/www.strassenweb.de\/nachrichten\/ich-werde-immer-ein-fan-von-brooklinens-bettlaken-sein-aber-die-neue-kollektion-ist-vielleicht-die-beste-es-ist-perfekt-fuer-einen-gelebten-look\/","name":"Ich werde immer ein Fan von Brooklinens Bettlaken sein, aber die neue Kollektion ist vielleicht die beste-es ist perfekt f\u00fcr einen gelebten Look - Nachrichten - Stra\u00dfenweb","isPartOf":{"@id":"https:\/\/www.strassenweb.de\/nachrichten\/#website"},"primaryImageOfPage":{"@id":"https:\/\/www.strassenweb.de\/nachrichten\/ich-werde-immer-ein-fan-von-brooklinens-bettlaken-sein-aber-die-neue-kollektion-ist-vielleicht-die-beste-es-ist-perfekt-fuer-einen-gelebten-look\/#primaryimage"},"image":{"@id":"https:\/\/www.strassenweb.de\/nachrichten\/ich-werde-immer-ein-fan-von-brooklinens-bettlaken-sein-aber-die-neue-kollektion-ist-vielleicht-die-beste-es-ist-perfekt-fuer-einen-gelebten-look\/#primaryimage"},"thumbnailUrl":"https:\/\/www.strassenweb.de\/nachrichten\/wp-content\/uploads\/2025\/09\/Ich-werde-immer-ein-Fan-von-Brooklinens-Bettlaken-sein-aber.jpg","datePublished":"2025-09-05T17:39:51+00:00","dateModified":"2025-09-05T17:39:52+00:00","breadcrumb":{"@id":"https:\/\/www.strassenweb.de\/nachrichten\/ich-werde-immer-ein-fan-von-brooklinens-bettlaken-sein-aber-die-neue-kollektion-ist-vielleicht-die-beste-es-ist-perfekt-fuer-einen-gelebten-look\/#breadcrumb"},"inLanguage":"de","potentialAction":[{"@type":"ReadAction","target":["https:\/\/www.strassenweb.de\/nachrichten\/ich-werde-immer-ein-fan-von-brooklinens-bettlaken-sein-aber-die-neue-kollektion-ist-vielleicht-die-beste-es-ist-perfekt-fuer-einen-gelebten-look\/"]}]},{"@type":"ImageObject","inLanguage":"de","@id":"https:\/\/www.strassenweb.de\/nachrichten\/ich-werde-immer-ein-fan-von-brooklinens-bettlaken-sein-aber-die-neue-kollektion-ist-vielleicht-die-beste-es-ist-perfekt-fuer-einen-gelebten-look\/#primaryimage","url":"https:\/\/www.strassenweb.de\/nachrichten\/wp-content\/uploads\/2025\/09\/Ich-werde-immer-ein-Fan-von-Brooklinens-Bettlaken-sein-aber.jpg","contentUrl":"https:\/\/www.strassenweb.de\/nachrichten\/wp-content\/uploads\/2025\/09\/Ich-werde-immer-ein-Fan-von-Brooklinens-Bettlaken-sein-aber.jpg","width":1600,"height":900,"caption":"Bed sheets with blue comforter, white pillows and taupe sheet"},{"@type":"BreadcrumbList","@id":"https:\/\/www.strassenweb.de\/nachrichten\/ich-werde-immer-ein-fan-von-brooklinens-bettlaken-sein-aber-die-neue-kollektion-ist-vielleicht-die-beste-es-ist-perfekt-fuer-einen-gelebten-look\/#breadcrumb","itemListElement":[{"@type":"ListItem","position":1,"name":"Home","item":"https:\/\/www.strassenweb.de\/nachrichten\/"},{"@type":"ListItem","position":2,"name":"Ich werde immer ein Fan von Brooklinens Bettlaken sein, aber die neue Kollektion ist vielleicht die beste-es ist perfekt f\u00fcr einen gelebten Look"}]},{"@type":"WebSite","@id":"https:\/\/www.strassenweb.de\/nachrichten\/#website","url":"https:\/\/www.strassenweb.de\/nachrichten\/","name":"Stra\u00dfenweb","description":"Stra\u00dfenverzeichnis f\u00fcr Deutschland","publisher":{"@id":"https:\/\/www.strassenweb.de\/nachrichten\/#organization"},"potentialAction":[{"@type":"SearchAction","target":{"@type":"EntryPoint","urlTemplate":"https:\/\/www.strassenweb.de\/nachrichten\/?s={search_term_string}"},"query-input":{"@type":"PropertyValueSpecification","valueRequired":true,"valueName":"search_term_string"}}],"inLanguage":"de"},{"@type":"Organization","@id":"https:\/\/www.strassenweb.de\/nachrichten\/#organization","name":"Stra\u00dfenweb","url":"https:\/\/www.strassenweb.de\/nachrichten\/","logo":{"@type":"ImageObject","inLanguage":"de","@id":"https:\/\/www.strassenweb.de\/nachrichten\/#\/schema\/logo\/image\/","url":"https:\/\/www.strassenweb.de\/nachrichten\/wp-content\/uploads\/2024\/09\/cropped-favicon.png","contentUrl":"https:\/\/www.strassenweb.de\/nachrichten\/wp-content\/uploads\/2024\/09\/cropped-favicon.png","width":512,"height":512,"caption":"Stra\u00dfenweb"},"image":{"@id":"https:\/\/www.strassenweb.de\/nachrichten\/#\/schema\/logo\/image\/"},"sameAs":["https:\/\/www.facebook.com\/strassenweb\/"]},{"@type":"Person","@id":"https:\/\/www.strassenweb.de\/nachrichten\/#\/schema\/person\/87c9c9067f1211da429a744dc5a5aa41","name":"Robert Hoffmann","image":{"@type":"ImageObject","inLanguage":"de","@id":"https:\/\/www.strassenweb.de\/nachrichten\/wp-content\/uploads\/2024\/09\/strassenweb-150x150.jpg","url":"https:\/\/www.strassenweb.de\/nachrichten\/wp-content\/uploads\/2024\/09\/strassenweb-150x150.jpg","contentUrl":"https:\/\/www.strassenweb.de\/nachrichten\/wp-content\/uploads\/2024\/09\/strassenweb-150x150.jpg","caption":"Robert Hoffmann"},"description":"Ich hei\u00dfe Robert Hoffmann und ich bin ein leidenschaftlicher Verfechter von \u00d6kologie und Biodiversit\u00e4t. Seit meiner Kindheit in den W\u00e4ldern Bayerns f\u00fchle ich mich mit der Natur verbunden und bin entschlossen, sie zu sch\u00fctzen. Heute widme ich mein Leben der Sensibilisierung anderer f\u00fcr die Bedeutung des Umweltschutzes f\u00fcr zuk\u00fcnftige Generationen.","sameAs":["https:\/\/www.strassenweb.de\/"]}]}},"_links":{"self":[{"href":"https:\/\/www.strassenweb.de\/nachrichten\/wp-json\/wp\/v2\/posts\/7487","targetHints":{"allow":["GET"]}}],"collection":[{"href":"https:\/\/www.strassenweb.de\/nachrichten\/wp-json\/wp\/v2\/posts"}],"about":[{"href":"https:\/\/www.strassenweb.de\/nachrichten\/wp-json\/wp\/v2\/types\/post"}],"author":[{"embeddable":true,"href":"https:\/\/www.strassenweb.de\/nachrichten\/wp-json\/wp\/v2\/users\/1"}],"replies":[{"embeddable":true,"href":"https:\/\/www.strassenweb.de\/nachrichten\/wp-json\/wp\/v2\/comments?post=7487"}],"version-history":[{"count":0,"href":"https:\/\/www.strassenweb.de\/nachrichten\/wp-json\/wp\/v2\/posts\/7487\/revisions"}],"wp:featuredmedia":[{"embeddable":true,"href":"https:\/\/www.strassenweb.de\/nachrichten\/wp-json\/wp\/v2\/media\/7488"}],"wp:attachment":[{"href":"https:\/\/www.strassenweb.de\/nachrichten\/wp-json\/wp\/v2\/media?parent=7487"}],"wp:term":[{"taxonomy":"category","embeddable":true,"href":"https:\/\/www.strassenweb.de\/nachrichten\/wp-json\/wp\/v2\/categories?post=7487"},{"taxonomy":"post_tag","embeddable":true,"href":"https:\/\/www.strassenweb.de\/nachrichten\/wp-json\/wp\/v2\/tags?post=7487"}],"curies":[{"name":"wp","href":"https:\/\/api.w.org\/{rel}","templated":true}]}}