{"id":7436,"date":"2025-09-03T16:40:33","date_gmt":"2025-09-03T14:40:33","guid":{"rendered":"https:\/\/www.strassenweb.de\/nachrichten\/die-erste-glassammlung-von-tupperware-ist-fast-da-und-es-definiert-die-lebensmittelaufbewahrung-neu\/"},"modified":"2025-09-03T16:40:34","modified_gmt":"2025-09-03T14:40:34","slug":"die-erste-glassammlung-von-tupperware-ist-fast-da-und-es-definiert-die-lebensmittelaufbewahrung-neu","status":"publish","type":"post","link":"https:\/\/www.strassenweb.de\/nachrichten\/die-erste-glassammlung-von-tupperware-ist-fast-da-und-es-definiert-die-lebensmittelaufbewahrung-neu\/","title":{"rendered":"Die erste Glassammlung von Tupperware ist fast da-und es definiert die Lebensmittelaufbewahrung neu"},"content":{"rendered":"<p><\/p>\n<div id=\"article-body\" class=\"article__body \">\n<p id=\"276f6722-17d3-41d5-a5a7-da6344fa52d7\">Man k\u00f6nnte sagen, Tupperware ist die Ber\u00fchmtheit der Food Storage -Welt &#8211; ein Name, der so ikonisch ist, dass er f\u00fcr fast jeden Container Kurzform ist. Jetzt, nach 78 Jahren, tritt die Marke endlich mit Tupperware&#8217;s New Line Voila in Glaswaren ein-eine schlanke, ungiftige Linie, die verspricht, sich \u00fcber den Rest zu erheben.<\/p>\n<div id=\"ad-unit-1\" class=\"ad-unit\"><\/div>\n<p>\u00dcberraschenderweise ist dies die erste Glaswarenver\u00f6ffentlichung von Tupperware seit seiner Gr\u00fcndung, aber es ist nicht nur ein weiterer Satz von Containern. Voila ist Ofen-, Mikrowellen- und Geschirrsp\u00fcler-Safe, das f\u00fcr m\u00fcheloses Kochen, Lagern und Servieren ausgelegt ist. Es k\u00f6nnte nur der perfekte, ungiftige Glas-K\u00fcchentausch sein.<\/p>\n<div class=\"instagram-embed\" id=\"DNqcOdzO_3W\">\n<blockquote class=\"instagram-media\" data-instgrm-version=\"6\" style=\"width:99.375%; width:-webkit-calc(100% - 2px); width:calc(100% - 2px);\">\n<p>Ein Beitrag, der von Tupperware US &#038; Canada (@tupperwaresca) geteilt wird<\/p>\n<p>Ein Foto von on <\/p>\n<\/blockquote>\n<\/div>\n<aside data-block-type=\"embed\" data-render-type=\"fte\" data-skip=\"dealsy\" data-widget-type=\"seasonal\" class=\"hawk-base\"><\/aside>\n<p id=\"78aec460-1243-479c-a9ea-ef5b9358129c-0\">Die Voila Collection startet am 18. September und deb\u00fctiert mit drei vielseitigen Gr\u00f6\u00dfen: einem 1,7-Quart-Quadrat, einer 1,8-Liter-Runde und einem extra gro\u00dfen 3,2-Liter-Rechteck-perfekt f\u00fcr alles, von Resten bis hin zu Mahlzeiten im Familienstil.<\/p>\n<div class=\"van_vid_carousel\">\n<div class=\"van_vid_carousel__padding\">\n<div class=\"van_vid_carousel__container\"><\/div>\n<\/div>\n<\/div>\n<p>Auf den ersten Blick tragen sie die schlanke Silhouette und das minimalistische Deckeldesign, das Sie von Tupperware erwarten w\u00fcrden. Aber schauen Sie genauer und Sie werden clevere Details finden: diskrete Volumenmarkierungen f\u00fcr die einfache Messung und eingebaute Dampfschlitze, die das Wiedererw\u00e4rmen zum Kinderspiel machen.<\/p>\n<div id=\"ad-unit-2\" class=\"ad-unit\"><\/div>\n<figure class=\"van-image-figure inline-layout \" data-bordeaux-image-check id=\"18233be1-643c-4de9-98cb-4a9419b2ae3e\">\n<div class=\"image-full-width-wrapper\">\n<div class=\"image-widthsetter\" style=\"max-width:2000px;\"><\/div>\n<\/div>\n<\/figure>\n<p id=\"1d940542-6403-4bc7-9373-27ca4e1855c9\">Jeder zuverl\u00e4ssige Beh\u00e4lter sollte dazu beitragen, Lebensmittelabf\u00e4lle zu reduzieren und die Lagerung Ihrer K\u00fcche organisiert zu halten. Voila geht jedoch noch einen Schritt weiter. Diese Beh\u00e4lter aus Premium -Borosilikatglas hergestellt und sind so ausgelegt, dass sie den Temperaturen im Bereich von \u201313 \u00b0 F im Gefrierschrank bis zu 572 \u00b0 F im Ofen standhalten.<\/p>\n<p>Das hei\u00dft, Sie k\u00f6nnen in demselben Gericht vorbereiten, kochen, servieren und aufbewahren und sowohl Zeit als auch Raum sparen. F\u00fcr alle, die eine K\u00fcche organisieren m\u00f6chten, ist Voila m\u00f6glicherweise ein Game-Changer.<\/p>\n<p id=\"4f305254-dc51-4b3f-b7a7-0bc996d20d6e\">Die Deckel sind bpa-frei und mikrowellensicher, mit eingebauten Dampfschlitzen, um Druck zu entfernen, zu speisen und die Lebensmittel gleichm\u00e4\u00dfig zu erhitzen. Und weil jedes St\u00fcck-Beh\u00e4lter und Deckel-sp\u00fclmaschinenfest ist, ist die Reinigung m\u00fchelos.<\/p>\n<div id=\"slice-container-newsletterForm-articleInbodyContent-RxghQV8s7jEWQeR9Nd3Yk6\" class=\"slice-container newsletter-inbodyContent-slice newsletterForm-articleInbodyContent-RxghQV8s7jEWQeR9Nd3Yk6 slice-container-newsletterForm\"><\/div>\n<p>Die Voila -Linie startet noch ein paar Wochen offiziell, aber ich bin bereits \u00fcberzeugt, dass sie eine echte K\u00fcchengrundnot wird. Die F\u00e4higkeit, in einem schlanken Beh\u00e4lter zu kochen, zu servieren und zu lagern, f\u00fchlt sich an, als ob die Art von allt\u00e4glicher Luxus -Tupperware seit 78 Jahren perfektioniert ist.<\/p>\n<h2 id=\"shop-more-glass-food-containers-3\">Kaufen Sie mehr Glasfutterbeh\u00e4lter ein<\/h2>\n<div class=\"product-container hero-product-container product-block-no-wrap\">\n<div class=\"product-block-row\"><\/div>\n<div class=\"product-block-row\"><\/div>\n<div class=\"product-block-row\"><\/div>\n<\/div>\n<hr id=\"ab57c264-b6f3-4dc4-96e8-7b2f623e9734\">\n<p id=\"a8129deb-3fd7-4031-a67b-a505442cfc73\">Suchen Sie nach weiteren Vorratsvorstellungsideen? Ich bin immer noch verliebt in IKEAs Food Storage Collection &#8211; sie bietet den perfekten rustikalen Charme.<\/p>\n<\/div>\n<p><script async src=\"\/\/www.instagram.com\/embed.js\"><\/script><\/p>\n","protected":false},"excerpt":{"rendered":"<p>Man k\u00f6nnte sagen, Tupperware ist die Ber\u00fchmtheit der Food Storage -Welt &#8211; ein Name, der so ikonisch ist, dass er f\u00fcr fast jeden Container Kurzform<\/p>\n","protected":false},"author":1,"featured_media":7437,"comment_status":"closed","ping_status":"","sticky":false,"template":"","format":"standard","meta":{"footnotes":""},"categories":[118],"tags":[9879,8718,9,395,3224,9877,15,9880,191,9878,21],"class_list":["post-7436","post","type-post","status-publish","format-standard","has-post-thumbnail","hentry","category-haus-garten","tag-daund","tag-definiert","tag-die","tag-erste","tag-fast","tag-glassammlung","tag-ist","tag-lebensmittelaufbewahrung","tag-neu","tag-tupperware","tag-von","generate-columns","tablet-grid-50","mobile-grid-100","grid-parent","grid-50"],"yoast_head":"<!-- This site is optimized with the Yoast SEO plugin v27.3 - https:\/\/yoast.com\/product\/yoast-seo-wordpress\/ -->\n<title>Die erste Glassammlung von Tupperware ist fast da-und es definiert die Lebensmittelaufbewahrung neu - Nachrichten - Stra\u00dfenweb<\/title>\n<meta name=\"robots\" content=\"index, follow, max-snippet:-1, max-image-preview:large, max-video-preview:-1\" \/>\n<link rel=\"canonical\" href=\"https:\/\/www.strassenweb.de\/nachrichten\/die-erste-glassammlung-von-tupperware-ist-fast-da-und-es-definiert-die-lebensmittelaufbewahrung-neu\/\" \/>\n<meta property=\"og:locale\" content=\"de_DE\" \/>\n<meta property=\"og:type\" content=\"article\" \/>\n<meta property=\"og:title\" content=\"Die erste Glassammlung von Tupperware ist fast da-und es definiert die Lebensmittelaufbewahrung neu - Nachrichten - Stra\u00dfenweb\" \/>\n<meta property=\"og:description\" content=\"Man k\u00f6nnte sagen, Tupperware ist die Ber\u00fchmtheit der Food Storage -Welt &#8211; ein Name, der so ikonisch ist, dass er f\u00fcr fast jeden Container Kurzform\" \/>\n<meta property=\"og:url\" content=\"https:\/\/www.strassenweb.de\/nachrichten\/die-erste-glassammlung-von-tupperware-ist-fast-da-und-es-definiert-die-lebensmittelaufbewahrung-neu\/\" \/>\n<meta property=\"og:site_name\" content=\"Stra\u00dfenweb\" \/>\n<meta property=\"article:publisher\" content=\"https:\/\/www.facebook.com\/strassenweb\/\" \/>\n<meta property=\"article:published_time\" content=\"2025-09-03T14:40:33+00:00\" \/>\n<meta property=\"article:modified_time\" content=\"2025-09-03T14:40:34+00:00\" \/>\n<meta property=\"og:image\" content=\"https:\/\/www.strassenweb.de\/nachrichten\/wp-content\/uploads\/2024\/10\/7vF5RXAQYqE47rQgMVfnmb.jpg\" \/>\n\t<meta property=\"og:image:width\" content=\"1\" \/>\n\t<meta property=\"og:image:height\" content=\"1\" \/>\n\t<meta property=\"og:image:type\" content=\"image\/jpeg\" \/>\n<meta name=\"author\" content=\"Robert Hoffmann\" \/>\n<meta name=\"twitter:card\" content=\"summary_large_image\" \/>\n<meta name=\"twitter:label1\" content=\"Verfasst von\" \/>\n\t<meta name=\"twitter:data1\" content=\"Robert Hoffmann\" \/>\n\t<meta name=\"twitter:label2\" content=\"Gesch\u00e4tzte Lesezeit\" \/>\n\t<meta name=\"twitter:data2\" content=\"2\u00a0Minuten\" \/>\n<script type=\"application\/ld+json\" class=\"yoast-schema-graph\">{\"@context\":\"https:\\\/\\\/schema.org\",\"@graph\":[{\"@type\":\"Article\",\"@id\":\"https:\\\/\\\/www.strassenweb.de\\\/nachrichten\\\/die-erste-glassammlung-von-tupperware-ist-fast-da-und-es-definiert-die-lebensmittelaufbewahrung-neu\\\/#article\",\"isPartOf\":{\"@id\":\"https:\\\/\\\/www.strassenweb.de\\\/nachrichten\\\/die-erste-glassammlung-von-tupperware-ist-fast-da-und-es-definiert-die-lebensmittelaufbewahrung-neu\\\/\"},\"author\":{\"name\":\"Robert Hoffmann\",\"@id\":\"https:\\\/\\\/www.strassenweb.de\\\/nachrichten\\\/#\\\/schema\\\/person\\\/87c9c9067f1211da429a744dc5a5aa41\"},\"headline\":\"Die erste Glassammlung von Tupperware ist fast da-und es definiert die Lebensmittelaufbewahrung neu\",\"datePublished\":\"2025-09-03T14:40:33+00:00\",\"dateModified\":\"2025-09-03T14:40:34+00:00\",\"mainEntityOfPage\":{\"@id\":\"https:\\\/\\\/www.strassenweb.de\\\/nachrichten\\\/die-erste-glassammlung-von-tupperware-ist-fast-da-und-es-definiert-die-lebensmittelaufbewahrung-neu\\\/\"},\"wordCount\":426,\"publisher\":{\"@id\":\"https:\\\/\\\/www.strassenweb.de\\\/nachrichten\\\/#organization\"},\"image\":{\"@id\":\"https:\\\/\\\/www.strassenweb.de\\\/nachrichten\\\/die-erste-glassammlung-von-tupperware-ist-fast-da-und-es-definiert-die-lebensmittelaufbewahrung-neu\\\/#primaryimage\"},\"thumbnailUrl\":\"https:\\\/\\\/www.strassenweb.de\\\/nachrichten\\\/wp-content\\\/uploads\\\/2024\\\/10\\\/7vF5RXAQYqE47rQgMVfnmb.jpg\",\"keywords\":[\"daund\",\"definiert\",\"die\",\"Erste\",\"fast\",\"Glassammlung\",\"ist\",\"Lebensmittelaufbewahrung\",\"neu\",\"Tupperware\",\"von\"],\"articleSection\":[\"Haus &amp; Garten\"],\"inLanguage\":\"de\"},{\"@type\":\"WebPage\",\"@id\":\"https:\\\/\\\/www.strassenweb.de\\\/nachrichten\\\/die-erste-glassammlung-von-tupperware-ist-fast-da-und-es-definiert-die-lebensmittelaufbewahrung-neu\\\/\",\"url\":\"https:\\\/\\\/www.strassenweb.de\\\/nachrichten\\\/die-erste-glassammlung-von-tupperware-ist-fast-da-und-es-definiert-die-lebensmittelaufbewahrung-neu\\\/\",\"name\":\"Die erste Glassammlung von Tupperware ist fast da-und es definiert die Lebensmittelaufbewahrung neu - Nachrichten - Stra\u00dfenweb\",\"isPartOf\":{\"@id\":\"https:\\\/\\\/www.strassenweb.de\\\/nachrichten\\\/#website\"},\"primaryImageOfPage\":{\"@id\":\"https:\\\/\\\/www.strassenweb.de\\\/nachrichten\\\/die-erste-glassammlung-von-tupperware-ist-fast-da-und-es-definiert-die-lebensmittelaufbewahrung-neu\\\/#primaryimage\"},\"image\":{\"@id\":\"https:\\\/\\\/www.strassenweb.de\\\/nachrichten\\\/die-erste-glassammlung-von-tupperware-ist-fast-da-und-es-definiert-die-lebensmittelaufbewahrung-neu\\\/#primaryimage\"},\"thumbnailUrl\":\"https:\\\/\\\/www.strassenweb.de\\\/nachrichten\\\/wp-content\\\/uploads\\\/2024\\\/10\\\/7vF5RXAQYqE47rQgMVfnmb.jpg\",\"datePublished\":\"2025-09-03T14:40:33+00:00\",\"dateModified\":\"2025-09-03T14:40:34+00:00\",\"breadcrumb\":{\"@id\":\"https:\\\/\\\/www.strassenweb.de\\\/nachrichten\\\/die-erste-glassammlung-von-tupperware-ist-fast-da-und-es-definiert-die-lebensmittelaufbewahrung-neu\\\/#breadcrumb\"},\"inLanguage\":\"de\",\"potentialAction\":[{\"@type\":\"ReadAction\",\"target\":[\"https:\\\/\\\/www.strassenweb.de\\\/nachrichten\\\/die-erste-glassammlung-von-tupperware-ist-fast-da-und-es-definiert-die-lebensmittelaufbewahrung-neu\\\/\"]}]},{\"@type\":\"ImageObject\",\"inLanguage\":\"de\",\"@id\":\"https:\\\/\\\/www.strassenweb.de\\\/nachrichten\\\/die-erste-glassammlung-von-tupperware-ist-fast-da-und-es-definiert-die-lebensmittelaufbewahrung-neu\\\/#primaryimage\",\"url\":\"https:\\\/\\\/www.strassenweb.de\\\/nachrichten\\\/wp-content\\\/uploads\\\/2024\\\/10\\\/7vF5RXAQYqE47rQgMVfnmb.jpg\",\"contentUrl\":\"https:\\\/\\\/www.strassenweb.de\\\/nachrichten\\\/wp-content\\\/uploads\\\/2024\\\/10\\\/7vF5RXAQYqE47rQgMVfnmb.jpg\",\"caption\":\"A wooden open shelf pantry\"},{\"@type\":\"BreadcrumbList\",\"@id\":\"https:\\\/\\\/www.strassenweb.de\\\/nachrichten\\\/die-erste-glassammlung-von-tupperware-ist-fast-da-und-es-definiert-die-lebensmittelaufbewahrung-neu\\\/#breadcrumb\",\"itemListElement\":[{\"@type\":\"ListItem\",\"position\":1,\"name\":\"Home\",\"item\":\"https:\\\/\\\/www.strassenweb.de\\\/nachrichten\\\/\"},{\"@type\":\"ListItem\",\"position\":2,\"name\":\"Die erste Glassammlung von Tupperware ist fast da-und es definiert die Lebensmittelaufbewahrung neu\"}]},{\"@type\":\"WebSite\",\"@id\":\"https:\\\/\\\/www.strassenweb.de\\\/nachrichten\\\/#website\",\"url\":\"https:\\\/\\\/www.strassenweb.de\\\/nachrichten\\\/\",\"name\":\"Stra\u00dfenweb\",\"description\":\"Stra\u00dfenverzeichnis f\u00fcr Deutschland\",\"publisher\":{\"@id\":\"https:\\\/\\\/www.strassenweb.de\\\/nachrichten\\\/#organization\"},\"potentialAction\":[{\"@type\":\"SearchAction\",\"target\":{\"@type\":\"EntryPoint\",\"urlTemplate\":\"https:\\\/\\\/www.strassenweb.de\\\/nachrichten\\\/?s={search_term_string}\"},\"query-input\":{\"@type\":\"PropertyValueSpecification\",\"valueRequired\":true,\"valueName\":\"search_term_string\"}}],\"inLanguage\":\"de\"},{\"@type\":\"Organization\",\"@id\":\"https:\\\/\\\/www.strassenweb.de\\\/nachrichten\\\/#organization\",\"name\":\"Stra\u00dfenweb\",\"url\":\"https:\\\/\\\/www.strassenweb.de\\\/nachrichten\\\/\",\"logo\":{\"@type\":\"ImageObject\",\"inLanguage\":\"de\",\"@id\":\"https:\\\/\\\/www.strassenweb.de\\\/nachrichten\\\/#\\\/schema\\\/logo\\\/image\\\/\",\"url\":\"https:\\\/\\\/www.strassenweb.de\\\/nachrichten\\\/wp-content\\\/uploads\\\/2024\\\/09\\\/cropped-favicon.png\",\"contentUrl\":\"https:\\\/\\\/www.strassenweb.de\\\/nachrichten\\\/wp-content\\\/uploads\\\/2024\\\/09\\\/cropped-favicon.png\",\"width\":512,\"height\":512,\"caption\":\"Stra\u00dfenweb\"},\"image\":{\"@id\":\"https:\\\/\\\/www.strassenweb.de\\\/nachrichten\\\/#\\\/schema\\\/logo\\\/image\\\/\"},\"sameAs\":[\"https:\\\/\\\/www.facebook.com\\\/strassenweb\\\/\"]},{\"@type\":\"Person\",\"@id\":\"https:\\\/\\\/www.strassenweb.de\\\/nachrichten\\\/#\\\/schema\\\/person\\\/87c9c9067f1211da429a744dc5a5aa41\",\"name\":\"Robert Hoffmann\",\"image\":{\"@type\":\"ImageObject\",\"inLanguage\":\"de\",\"@id\":\"https:\\\/\\\/www.strassenweb.de\\\/nachrichten\\\/wp-content\\\/uploads\\\/2024\\\/09\\\/strassenweb-150x150.jpg\",\"url\":\"https:\\\/\\\/www.strassenweb.de\\\/nachrichten\\\/wp-content\\\/uploads\\\/2024\\\/09\\\/strassenweb-150x150.jpg\",\"contentUrl\":\"https:\\\/\\\/www.strassenweb.de\\\/nachrichten\\\/wp-content\\\/uploads\\\/2024\\\/09\\\/strassenweb-150x150.jpg\",\"caption\":\"Robert Hoffmann\"},\"description\":\"Ich hei\u00dfe Robert Hoffmann und ich bin ein leidenschaftlicher Verfechter von \u00d6kologie und Biodiversit\u00e4t. Seit meiner Kindheit in den W\u00e4ldern Bayerns f\u00fchle ich mich mit der Natur verbunden und bin entschlossen, sie zu sch\u00fctzen. Heute widme ich mein Leben der Sensibilisierung anderer f\u00fcr die Bedeutung des Umweltschutzes f\u00fcr zuk\u00fcnftige Generationen.\",\"sameAs\":[\"https:\\\/\\\/www.strassenweb.de\\\/\"]}]}<\/script>\n<!-- \/ Yoast SEO plugin. -->","yoast_head_json":{"title":"Die erste Glassammlung von Tupperware ist fast da-und es definiert die Lebensmittelaufbewahrung neu - Nachrichten - Stra\u00dfenweb","robots":{"index":"index","follow":"follow","max-snippet":"max-snippet:-1","max-image-preview":"max-image-preview:large","max-video-preview":"max-video-preview:-1"},"canonical":"https:\/\/www.strassenweb.de\/nachrichten\/die-erste-glassammlung-von-tupperware-ist-fast-da-und-es-definiert-die-lebensmittelaufbewahrung-neu\/","og_locale":"de_DE","og_type":"article","og_title":"Die erste Glassammlung von Tupperware ist fast da-und es definiert die Lebensmittelaufbewahrung neu - Nachrichten - Stra\u00dfenweb","og_description":"Man k\u00f6nnte sagen, Tupperware ist die Ber\u00fchmtheit der Food Storage -Welt &#8211; ein Name, der so ikonisch ist, dass er f\u00fcr fast jeden Container Kurzform","og_url":"https:\/\/www.strassenweb.de\/nachrichten\/die-erste-glassammlung-von-tupperware-ist-fast-da-und-es-definiert-die-lebensmittelaufbewahrung-neu\/","og_site_name":"Stra\u00dfenweb","article_publisher":"https:\/\/www.facebook.com\/strassenweb\/","article_published_time":"2025-09-03T14:40:33+00:00","article_modified_time":"2025-09-03T14:40:34+00:00","og_image":[{"url":"https:\/\/www.strassenweb.de\/nachrichten\/wp-content\/uploads\/2024\/10\/7vF5RXAQYqE47rQgMVfnmb.jpg","width":1,"height":1,"type":"image\/jpeg"}],"author":"Robert Hoffmann","twitter_card":"summary_large_image","twitter_misc":{"Verfasst von":"Robert Hoffmann","Gesch\u00e4tzte Lesezeit":"2\u00a0Minuten"},"schema":{"@context":"https:\/\/schema.org","@graph":[{"@type":"Article","@id":"https:\/\/www.strassenweb.de\/nachrichten\/die-erste-glassammlung-von-tupperware-ist-fast-da-und-es-definiert-die-lebensmittelaufbewahrung-neu\/#article","isPartOf":{"@id":"https:\/\/www.strassenweb.de\/nachrichten\/die-erste-glassammlung-von-tupperware-ist-fast-da-und-es-definiert-die-lebensmittelaufbewahrung-neu\/"},"author":{"name":"Robert Hoffmann","@id":"https:\/\/www.strassenweb.de\/nachrichten\/#\/schema\/person\/87c9c9067f1211da429a744dc5a5aa41"},"headline":"Die erste Glassammlung von Tupperware ist fast da-und es definiert die Lebensmittelaufbewahrung neu","datePublished":"2025-09-03T14:40:33+00:00","dateModified":"2025-09-03T14:40:34+00:00","mainEntityOfPage":{"@id":"https:\/\/www.strassenweb.de\/nachrichten\/die-erste-glassammlung-von-tupperware-ist-fast-da-und-es-definiert-die-lebensmittelaufbewahrung-neu\/"},"wordCount":426,"publisher":{"@id":"https:\/\/www.strassenweb.de\/nachrichten\/#organization"},"image":{"@id":"https:\/\/www.strassenweb.de\/nachrichten\/die-erste-glassammlung-von-tupperware-ist-fast-da-und-es-definiert-die-lebensmittelaufbewahrung-neu\/#primaryimage"},"thumbnailUrl":"https:\/\/www.strassenweb.de\/nachrichten\/wp-content\/uploads\/2024\/10\/7vF5RXAQYqE47rQgMVfnmb.jpg","keywords":["daund","definiert","die","Erste","fast","Glassammlung","ist","Lebensmittelaufbewahrung","neu","Tupperware","von"],"articleSection":["Haus &amp; Garten"],"inLanguage":"de"},{"@type":"WebPage","@id":"https:\/\/www.strassenweb.de\/nachrichten\/die-erste-glassammlung-von-tupperware-ist-fast-da-und-es-definiert-die-lebensmittelaufbewahrung-neu\/","url":"https:\/\/www.strassenweb.de\/nachrichten\/die-erste-glassammlung-von-tupperware-ist-fast-da-und-es-definiert-die-lebensmittelaufbewahrung-neu\/","name":"Die erste Glassammlung von Tupperware ist fast da-und es definiert die Lebensmittelaufbewahrung neu - Nachrichten - Stra\u00dfenweb","isPartOf":{"@id":"https:\/\/www.strassenweb.de\/nachrichten\/#website"},"primaryImageOfPage":{"@id":"https:\/\/www.strassenweb.de\/nachrichten\/die-erste-glassammlung-von-tupperware-ist-fast-da-und-es-definiert-die-lebensmittelaufbewahrung-neu\/#primaryimage"},"image":{"@id":"https:\/\/www.strassenweb.de\/nachrichten\/die-erste-glassammlung-von-tupperware-ist-fast-da-und-es-definiert-die-lebensmittelaufbewahrung-neu\/#primaryimage"},"thumbnailUrl":"https:\/\/www.strassenweb.de\/nachrichten\/wp-content\/uploads\/2024\/10\/7vF5RXAQYqE47rQgMVfnmb.jpg","datePublished":"2025-09-03T14:40:33+00:00","dateModified":"2025-09-03T14:40:34+00:00","breadcrumb":{"@id":"https:\/\/www.strassenweb.de\/nachrichten\/die-erste-glassammlung-von-tupperware-ist-fast-da-und-es-definiert-die-lebensmittelaufbewahrung-neu\/#breadcrumb"},"inLanguage":"de","potentialAction":[{"@type":"ReadAction","target":["https:\/\/www.strassenweb.de\/nachrichten\/die-erste-glassammlung-von-tupperware-ist-fast-da-und-es-definiert-die-lebensmittelaufbewahrung-neu\/"]}]},{"@type":"ImageObject","inLanguage":"de","@id":"https:\/\/www.strassenweb.de\/nachrichten\/die-erste-glassammlung-von-tupperware-ist-fast-da-und-es-definiert-die-lebensmittelaufbewahrung-neu\/#primaryimage","url":"https:\/\/www.strassenweb.de\/nachrichten\/wp-content\/uploads\/2024\/10\/7vF5RXAQYqE47rQgMVfnmb.jpg","contentUrl":"https:\/\/www.strassenweb.de\/nachrichten\/wp-content\/uploads\/2024\/10\/7vF5RXAQYqE47rQgMVfnmb.jpg","caption":"A wooden open shelf pantry"},{"@type":"BreadcrumbList","@id":"https:\/\/www.strassenweb.de\/nachrichten\/die-erste-glassammlung-von-tupperware-ist-fast-da-und-es-definiert-die-lebensmittelaufbewahrung-neu\/#breadcrumb","itemListElement":[{"@type":"ListItem","position":1,"name":"Home","item":"https:\/\/www.strassenweb.de\/nachrichten\/"},{"@type":"ListItem","position":2,"name":"Die erste Glassammlung von Tupperware ist fast da-und es definiert die Lebensmittelaufbewahrung neu"}]},{"@type":"WebSite","@id":"https:\/\/www.strassenweb.de\/nachrichten\/#website","url":"https:\/\/www.strassenweb.de\/nachrichten\/","name":"Stra\u00dfenweb","description":"Stra\u00dfenverzeichnis f\u00fcr Deutschland","publisher":{"@id":"https:\/\/www.strassenweb.de\/nachrichten\/#organization"},"potentialAction":[{"@type":"SearchAction","target":{"@type":"EntryPoint","urlTemplate":"https:\/\/www.strassenweb.de\/nachrichten\/?s={search_term_string}"},"query-input":{"@type":"PropertyValueSpecification","valueRequired":true,"valueName":"search_term_string"}}],"inLanguage":"de"},{"@type":"Organization","@id":"https:\/\/www.strassenweb.de\/nachrichten\/#organization","name":"Stra\u00dfenweb","url":"https:\/\/www.strassenweb.de\/nachrichten\/","logo":{"@type":"ImageObject","inLanguage":"de","@id":"https:\/\/www.strassenweb.de\/nachrichten\/#\/schema\/logo\/image\/","url":"https:\/\/www.strassenweb.de\/nachrichten\/wp-content\/uploads\/2024\/09\/cropped-favicon.png","contentUrl":"https:\/\/www.strassenweb.de\/nachrichten\/wp-content\/uploads\/2024\/09\/cropped-favicon.png","width":512,"height":512,"caption":"Stra\u00dfenweb"},"image":{"@id":"https:\/\/www.strassenweb.de\/nachrichten\/#\/schema\/logo\/image\/"},"sameAs":["https:\/\/www.facebook.com\/strassenweb\/"]},{"@type":"Person","@id":"https:\/\/www.strassenweb.de\/nachrichten\/#\/schema\/person\/87c9c9067f1211da429a744dc5a5aa41","name":"Robert Hoffmann","image":{"@type":"ImageObject","inLanguage":"de","@id":"https:\/\/www.strassenweb.de\/nachrichten\/wp-content\/uploads\/2024\/09\/strassenweb-150x150.jpg","url":"https:\/\/www.strassenweb.de\/nachrichten\/wp-content\/uploads\/2024\/09\/strassenweb-150x150.jpg","contentUrl":"https:\/\/www.strassenweb.de\/nachrichten\/wp-content\/uploads\/2024\/09\/strassenweb-150x150.jpg","caption":"Robert Hoffmann"},"description":"Ich hei\u00dfe Robert Hoffmann und ich bin ein leidenschaftlicher Verfechter von \u00d6kologie und Biodiversit\u00e4t. Seit meiner Kindheit in den W\u00e4ldern Bayerns f\u00fchle ich mich mit der Natur verbunden und bin entschlossen, sie zu sch\u00fctzen. Heute widme ich mein Leben der Sensibilisierung anderer f\u00fcr die Bedeutung des Umweltschutzes f\u00fcr zuk\u00fcnftige Generationen.","sameAs":["https:\/\/www.strassenweb.de\/"]}]}},"_links":{"self":[{"href":"https:\/\/www.strassenweb.de\/nachrichten\/wp-json\/wp\/v2\/posts\/7436","targetHints":{"allow":["GET"]}}],"collection":[{"href":"https:\/\/www.strassenweb.de\/nachrichten\/wp-json\/wp\/v2\/posts"}],"about":[{"href":"https:\/\/www.strassenweb.de\/nachrichten\/wp-json\/wp\/v2\/types\/post"}],"author":[{"embeddable":true,"href":"https:\/\/www.strassenweb.de\/nachrichten\/wp-json\/wp\/v2\/users\/1"}],"replies":[{"embeddable":true,"href":"https:\/\/www.strassenweb.de\/nachrichten\/wp-json\/wp\/v2\/comments?post=7436"}],"version-history":[{"count":0,"href":"https:\/\/www.strassenweb.de\/nachrichten\/wp-json\/wp\/v2\/posts\/7436\/revisions"}],"wp:featuredmedia":[{"embeddable":true,"href":"https:\/\/www.strassenweb.de\/nachrichten\/wp-json\/wp\/v2\/media\/7437"}],"wp:attachment":[{"href":"https:\/\/www.strassenweb.de\/nachrichten\/wp-json\/wp\/v2\/media?parent=7436"}],"wp:term":[{"taxonomy":"category","embeddable":true,"href":"https:\/\/www.strassenweb.de\/nachrichten\/wp-json\/wp\/v2\/categories?post=7436"},{"taxonomy":"post_tag","embeddable":true,"href":"https:\/\/www.strassenweb.de\/nachrichten\/wp-json\/wp\/v2\/tags?post=7436"}],"curies":[{"name":"wp","href":"https:\/\/api.w.org\/{rel}","templated":true}]}}