{"id":7428,"date":"2025-09-03T07:39:30","date_gmt":"2025-09-03T05:39:30","guid":{"rendered":"https:\/\/www.strassenweb.de\/nachrichten\/ich-bin-ein-gartenredakteur-und-dies-sind-die-5-investment-werks-einkaeufe-die-ich-diesen-herbst-taetige-und-was-den-schnitt-nicht-gemacht-hat\/"},"modified":"2025-09-03T07:39:31","modified_gmt":"2025-09-03T05:39:31","slug":"ich-bin-ein-gartenredakteur-und-dies-sind-die-5-investment-werks-einkaeufe-die-ich-diesen-herbst-taetige-und-was-den-schnitt-nicht-gemacht-hat","status":"publish","type":"post","link":"https:\/\/www.strassenweb.de\/nachrichten\/ich-bin-ein-gartenredakteur-und-dies-sind-die-5-investment-werks-einkaeufe-die-ich-diesen-herbst-taetige-und-was-den-schnitt-nicht-gemacht-hat\/","title":{"rendered":"Ich bin ein Gartenredakteur, und dies sind die 5 Investment -Werks -Eink\u00e4ufe, die ich diesen Herbst t\u00e4tige &#8211; und was den Schnitt nicht gemacht hat"},"content":{"rendered":"<p><\/p>\n<div id=\"article-body\" class=\"article__body \">\n<p id=\"681ef7e5-eb5c-42b2-a3c9-7c35e9682611\">H\u00f6ren Sie zu dieser Jahreszeit genau zu, und Sie werden sehr viele von uns G\u00e4rtnern fl\u00fcstert, dass der Herbst die wichtigste Saison im Gartenkalender ist. Es ist wirklich. Es ist der perfekte Zeitpunkt, um winterharte Jahrb\u00fccher und ein Bett in neuen Pflanzen zu s\u00e4en, was ihnen gen\u00fcgend Zeit gibt, um ihre Wurzeln im Boden vor dem n\u00e4chsten Fr\u00fchjahr zu etablieren.<\/p>\n<div id=\"ad-unit-1\" class=\"ad-unit\"><\/div>\n<p>Der Boden ist immer noch warm, aber leicht zu graben. Und aus praktischer Sicht ist es auch viel einfacher, \u00fcber l\u00e4ngere Zeitr\u00e4ume zu garten, wenn das Wetter weniger extrem ist.<\/p>\n<p>Ich neige dazu, einen Fokusbereich meines Gartens auszuw\u00e4hlen, an dem ich im Herbst arbeiten kann, und dieses Jahr h\u00e4lt ich das \u201eHeldenbett\u201c direkt neben unserer neuen Terrasse. Im Sommer haben wir es von Bromben, Woody Rhododendrons, \u00fcberwachsenen Lorbeeren und gemahlenem Efeu gekl\u00e4rt. Es ist jetzt bereit, ein atemberaubender Schwerpunkt im Hof \u200b\u200bzu werden, und ich m\u00f6chte in spektakul\u00e4re, sch\u00f6ne Staudenpflanzen investieren, um das ganze Jahr \u00fcber ein dauerhaft professionelles Aussehen mit Farbe zu verleihen. Hier sind meine Top 5 Picks.<\/p>\n<div class=\"van_vid_carousel\">\n<div class=\"van_vid_carousel__padding\">\n<div class=\"van_vid_carousel__container\"><\/div>\n<\/div>\n<\/div>\n<figure class=\"van-image-figure inline-layout \" data-bordeaux-image-check id=\"0c2e4b77-cfba-49b2-9b25-c9291ec9b3aa\">\n<div class=\"image-full-width-wrapper\">\n<div class=\"image-widthsetter\" style=\"max-width:2400px;\"><\/div>\n<\/div>\n<\/figure>\n<h2 id=\"the-plants-i-m-shopping-this-fall-plus-a-few-i-will-happily-leave-at-the-garden-center-3\">Die Pflanzen, die ich im Herbst einkaufen habe, und ein paar werde ich gerne im Gartenzentrum verlassen<\/h2>\n<aside data-block-type=\"embed\" data-render-type=\"fte\" data-skip=\"dealsy\" data-widget-type=\"seasonal\" class=\"hawk-base\"><\/aside>\n<p id=\"1f8db897-ac7c-48ac-b226-3ec924381ab3-0\">Wie bei jedem Garten wird Ihre Pflanzenauswahl auf eine Reihe von Faktoren angeht, und das Verst\u00e4ndnis Ihres Bodens und wie viel Sonnenlicht Ihr Wahlbett erh\u00e4lt, ist der Schl\u00fcssel zum Erfolg Ihrer neuen Pflanzen.<\/p>\n<div id=\"ad-unit-2\" class=\"ad-unit\"><\/div>\n<p>Kaufen Sie jedoch jetzt gut und Sie werden diese Pflanzen f\u00fcr viele Jahre in den kommenden Jahren genie\u00dfen.<\/p>\n<h3 class=\"article-body__section\" id=\"section-viburnum-bodnantense-dawn\"><span>Viburnum &#8218;Bodnantense Dawn&#8216;<\/span><\/h3>\n<figure class=\"van-image-figure inline-layout \" data-bordeaux-image-check id=\"a51eea83-7314-4d83-90f3-e423c3815b8a\">\n<div class=\"image-full-width-wrapper\">\n<div class=\"image-widthsetter\" style=\"max-width:2400px;\"><\/div>\n<\/div>\n<\/figure>\n<p id=\"7ad56c02-3f76-4010-8c36-8fca717fae49\"><strong>Gr\u00fcnde zu investieren<\/strong>: Dies ist die Gipfelpflanze f\u00fcr Winterfarbe und -duft. Cluster aus winzigen dunklen und pulverrosa Bl\u00fcten treten im November auf, wenn die meisten anderen Laubstiele nackt und kargen sind. Diese Blumen tragen den k\u00f6stlichsten Duft und werden den ganzen Winter \u00fcber M\u00e4rz bestehen, wenn sich ein neues Laub zu entsteht.<\/p>\n<p>Ich habe vor, einen nach hinten in meinem Rand zu positionieren, dem Zaun Licht und Weichheit zu verleihen, und einen viel n\u00e4her an der Front, wo ich seinen beruhigenden Winterduft sch\u00e4tzen kann.<\/p>\n<div id=\"slice-container-newsletterForm-articleInbodyContent-Rb7JcNNtvfBMaMom4cKesJ\" class=\"slice-container newsletter-inbodyContent-slice newsletterForm-articleInbodyContent-Rb7JcNNtvfBMaMom4cKesJ slice-container-newsletterForm\"><\/div>\n<p><strong>Am besten f\u00fcr<\/strong>: Teil Sonnenpart-Schattenpositionen und gut abgelassener, feuchter Boden. Vermeiden Sie, wenn Sie einen gro\u00dfen, wassergepackten Ton f\u00fcr einen Gro\u00dfteil des Jahres haben.<\/p>\n<p><strong>Hardinit\u00e4tszonen<\/strong>: 4-8<\/p>\n<p>Sehr \u00e4hnliche Sorten von Winterbl\u00fcten von Viburnum umfassen Viburnum carlesii oder koreanischer Gew\u00fcrz Viburnum von Nature Hills und Viburnum Tinus, mit lebenden Pflanzen von Amazon erh\u00e4ltlich.<\/p>\n<h3 class=\"article-body__section\" id=\"section-ceanothus\"><span>Ceanothus<\/span><\/h3>\n<figure class=\"van-image-figure inline-layout \" data-bordeaux-image-check id=\"cc817b99-d1b4-4d8c-a446-651d7db76f69\">\n<div class=\"image-full-width-wrapper\">\n<div class=\"image-widthsetter\" style=\"max-width:2000px;\"><\/div>\n<\/div>\n<\/figure>\n<p id=\"c05cae82-92b9-495c-afcd-0eaca2180687\"><strong>Gr\u00fcnde zu investieren<\/strong>: Blau ist eine der seltensten Farben im Garten, und es gibt keinen besseren Weg, um es zu bekommen, als aus Kalifornien, Lilac oder Ceanothus. Nach meiner Erfahrung wachsen diese Str\u00e4ucher sehr schnell mit minimaler Pflege und sind wunderbar, um in wenigen Jahren nat\u00fcrliche Privatsph\u00e4re zu schaffen.<\/p>\n<p>Sie sind d\u00fcrretolerant, lieben eine volle Sonnenposition, und im Fr\u00fchling brachen sie in eine intensive Royal Blue -Wolke aus, die ebenfalls s\u00fc\u00df duftet. Es gibt viele US -amerikanische Sorten, die ideal f\u00fcr Xeriscaping sind, sowie Kolibris und Schmetterlinge lieben die Fr\u00fchlingsblumen.<\/p>\n<p><strong>Am besten f\u00fcr<\/strong>: Jeder Bodentyp und hei\u00dfe, trockene Bereiche.<\/p>\n<p><strong>Hardinit\u00e4tszonen<\/strong>: 7-10<\/p>\n<p>Sie k\u00f6nnen kalifornische Lila -Pflanzen von Nature Hills erh\u00e4ltlich finden. <\/p>\n<p>Sie k\u00f6nnen auch Ceanothus -Samen bei Amazon finden.<\/p>\n<h3 class=\"article-body__section\" id=\"section-verbena-bonariensis\"><span>Verbena bonariensis<\/span><\/h3>\n<figure class=\"van-image-figure inline-layout \" data-bordeaux-image-check id=\"fe465a2a-a5e8-4970-8cbc-a34b992b2a23\">\n<div class=\"image-full-width-wrapper\">\n<div class=\"image-widthsetter\" style=\"max-width:2400px;\"><\/div>\n<\/div>\n<\/figure>\n<p id=\"1db4915e-ca35-474b-8ef0-e002e6aa9629\"><strong>Gr\u00fcnde zu investieren<\/strong>: Es ist aus einem sehr guten Grund ein Garten. Mit flauschigen lila Bl\u00fcten, die sich auf hoch aufragenden schlanken Stielen vom Sommer bis Herbst bilden, ist Verbena bonariensis oder lila Top Vervain f\u00fcr mich immer ein Gewinner. Ich liebe es f\u00fcr seine Gr\u00f6\u00dfe, es ist luftige Natur und die Tatsache, dass es sich um einen Best\u00e4ubermagneten handelt.<\/p>\n<p>Verbena bonariensis ist auch unglaublich leicht zu sorgen und sich zu vermehren, was bedeutet, dass ich bis zum folgenden Herbst pflanzen und vergessen kann.<\/p>\n<p><strong>Am besten f\u00fcr<\/strong>: D\u00fcrrelanf\u00e4llige Gebiete und Selbstsamen.<\/p>\n<p><strong>Hardinit\u00e4tszonen<\/strong>: 7-11 als Staude<\/p>\n<p>Bei Amazon finden Sie Verbena Bonariensis Samen.<\/p>\n<h3 class=\"article-body__section\" id=\"section-astrantia-major\"><span>Astrantia Major<\/span><\/h3>\n<figure class=\"van-image-figure inline-layout \" data-bordeaux-image-check id=\"c4e51925-7c87-4932-8ff4-994b4ecd514b\">\n<div class=\"image-full-width-wrapper\">\n<div class=\"image-widthsetter\" style=\"max-width:2400px;\"><\/div>\n<\/div>\n<\/figure>\n<p id=\"0b7cc3e1-9b6e-4731-8648-d40b07d52043\"><strong>Gr\u00fcnde zu investieren<\/strong>: Sie m\u00f6gen klein sein, aber diese sternf\u00f6rmigen mehrj\u00e4hrigen Blumen haben ein magisches Gef\u00fchl und eignen sich perfekt, um in die schattigeren Teile meines gro\u00dfen Randes zu tauchen. Mir gef\u00e4llt mir besonders<em> Astrantia Major<\/em> &#8222;Sparkling Stars&#8220;, eine elegante wei\u00dfe Sorte<\/p>\n<p>Die Pflanzen werden im Herbst nicht in der Bl\u00fcte stehen, aber Sie k\u00f6nnen sie trotzdem in den Boden bringen (eine gute Gelegenheit, einige blo\u00dfe Wurzelpflanzen zu kaufen, die normalerweise g\u00fcnstiger sind) und ihnen Zeit zuzulassen, vor dem Fr\u00fchling einzurichten.<\/p>\n<p><strong>Am besten f\u00fcr<\/strong>: Schattige Bereiche, feuchte B\u00f6den und eine einfache Ausbreitung.<\/p>\n<p><strong>Hardinit\u00e4tszonen<\/strong>: 4-9<\/p>\n<p>Diese blo\u00dfe Wurzel, Burgund Astrantia von Burpee w\u00e4re ein ideales Match f\u00fcr die cremigen Rosa von Gaura Flowers (lesen Sie weiter, um mehr herauszufinden!)<\/p>\n<h3 class=\"article-body__section\" id=\"section-gaura-lindheimeri-sparkle-white\"><span>Gaura Lindheimeri &#8218;funkle wei\u00df&#8216; &#8218;<\/span><\/h3>\n<figure class=\"van-image-figure inline-layout \" data-bordeaux-image-check id=\"82e5e632-348c-447c-8736-5f1ab03854c2\">\n<div class=\"image-full-width-wrapper\">\n<div class=\"image-widthsetter\" style=\"max-width:2400px;\"><\/div>\n<\/div>\n<\/figure>\n<p id=\"cb1fe0c1-5262-48ef-a62a-ad64ff1fc82e\"><strong>Gr\u00fcnde zu investieren<\/strong>: Es gibt so viele Gr\u00fcnde, warum dies auf meiner Liste der Pflanzen steht, um in diesen Herbst zu investieren. Gaura versteckt sich manchmal unter dem Radar, wenn es um die besten Stauden geht, vielleicht weil es weniger auff\u00e4llig und dominant ist als einige seiner Gegenst\u00fccke, aber genau das gibt ihm solche Anmut und Charme.<\/p>\n<p>Mit einer langen Bl\u00fctezeit von Fr\u00fchsommer bis Herbst produziert Gaura viele kleine wei\u00dfe oder rosa Bl\u00fcten auf hohen, gew\u00f6lbten Stielen, die sich in einer sanften Brise in einem sanften Brise bewegend aussehen. Es f\u00fcgt eine Weichheit um mehr strukturiertere Pflanzung hinzu, und sobald sich festgelegt hat, ist eine superwartung.<\/p>\n<p><strong>Am besten f\u00fcr<\/strong>: D\u00fcrreanf\u00e4llige Boden und Best\u00e4uber.<\/p>\n<p><strong>Hardinit\u00e4tszonen<\/strong>: 5-9<\/p>\n<p>Sie k\u00f6nnen einen sch\u00f6nen Bi-Color Gaura von Burpee finden.<\/p>\n<p>Sie k\u00f6nnen auch Gaura Seeds bei Amazon kaufen.<\/p>\n<h2 id=\"plants-i-won-t-be-purchasing-this-fall-3\">Pflanzen, die ich diesen Herbst nicht kaufen werde<\/h2>\n<figure class=\"van-image-figure inline-layout \" data-bordeaux-image-check id=\"bb7a3f62-4ef7-4a2e-be13-c9c4bb4157f9\">\n<div class=\"image-full-width-wrapper\">\n<div class=\"image-widthsetter\" style=\"max-width:2000px;\"><\/div>\n<\/div>\n<\/figure>\n<p id=\"9d95f3ed-223b-4cd3-8152-796d73156bb0\">Auf meiner Liste der Pflanzen werde ich nicht einkaufen, die Sie \u00fcberraschen k\u00f6nnte &#8211; und das sind Konleibl\u00f6cher. Versteh mich nicht falsch, ich verehre sie als geschnittene Blume, ich hatte in den letzten zwei Jahren einfach nicht mit ihnen Erfolg, obwohl ich gut etablierte Pflanzen aus dem Gartenzentrum gekauft habe (die nicht billig waren).<\/p>\n<p>Ich habe die Gr\u00f6\u00dfe oder die Ausbreitung nicht gesehen, die ich von ihnen w\u00fcnsche, und die Bl\u00fcten sehen schwach und verw\u00fcstet und nicht voll und flammen aus. Ich nehme meinen Stichwort von der Natur und \u00fcber gehe zu Pflanzen, von denen ich wei\u00df, dass sie in unserem Boden besser gedeihen.<\/p>\n<p>Die andere Pflanze, die ich gl\u00fccklich im Regal verlasse, ist <em>Euphorbia Characias<\/em>oder mediterraner Spurge. Wieder sch\u00e4tze ich seine fremdartigen Blumen und s\u00e4uregarnen T\u00f6ne voll und ganz, aber ich habe eine reife Pflanze in unserem Vorgarten geerbt und es war so schwierig, sie unter Kontrolle zu bringen. Die Ausbreitung war enorm.<\/p>\n<p>Ich bin auch kein Fan seines Milchsafts, der ver\u00f6ffentlicht wird, wenn die St\u00e4ngel geschnitten werden. Als Florist war ich am empfangenden Ende der Hautreizung und neige dazu, sich von diesem fernzuhalten.<\/p>\n<div class=\"min-h-(270px) mb-4 viafoura-twig-component\" id=\"viafoura-engagement-starter-wrapper\" data-component-name=\"Elk:Embed:EngagementStarter\">\n<div class=\"viafoura\">\n<div>\n<vf-conversation-starter target=\"viafoura-comments\" title=\"Where am I going wrong with my coneflowers?\" description=\"Share your tips! And let us know what plants you'll be investing in, too\" minimum-comment-count=\"5\"><br \/>\n<\/vf-conversation-starter>\n<\/div>\n<\/div>\n<\/div>\n<hr id=\"6d0d7545-12f3-4a49-9c5c-51d725c59f37\">\n<p id=\"9fb698b8-ff84-4075-8e15-6b6508162fee\">Bei all den Pflanzen, die ich kaufen m\u00f6chte, werde ich nach reifen Exemplaren suchen, um sofortige Auswirkungen zu erzielen. Im Fall von Astrantia und Verbena bedeutet dies auch, dass ich sie schneller ausbreiten und mehr Pflanzen f\u00fcr diesen Raum und anderswo im Garten schaffen kann. Es wird eine gro\u00dfe Erstinvestition sein, aber eine, von der ich wei\u00df, dass sie mir viele Jahre lang Dividenden auszahlt.<\/p>\n<div class=\"block\" id=\"articleTag\" data-component-name=\"PostArticleLinks\">\n<div class=\"border-b border-b-black border-solid py-2.5 text-black font-bold uppercase\">Themen<\/div>\n<nav class=\"py-2.5 flex gap-2.5 flex-wrap\" data-analytics-id=\"article-tag\">\n<p>Stauden<br \/>\n<\/nav>\n<\/div>\n<\/div>\n","protected":false},"excerpt":{"rendered":"<p>H\u00f6ren Sie zu dieser Jahreszeit genau zu, und Sie werden sehr viele von uns G\u00e4rtnern fl\u00fcstert, dass der Herbst die wichtigste Saison im Gartenkalender ist.<\/p>\n","protected":false},"author":1,"featured_media":6732,"comment_status":"closed","ping_status":"","sticky":false,"template":"","format":"standard","meta":{"footnotes":""},"categories":[118],"tags":[1210,78,9,503,208,43,8890,9868,2741,189,203,129,9869,61,9872,58,9871,37,9870],"class_list":["post-7428","post","type-post","status-publish","format-standard","has-post-thumbnail","hentry","category-haus-garten","tag-bin","tag-den","tag-die","tag-dies","tag-diesen","tag-ein","tag-einkaeufe","tag-gartenredakteur","tag-gemacht","tag-hat","tag-herbst","tag-ich","tag-investment","tag-nicht","tag-schnitt","tag-sind","tag-taetige","tag-und","tag-werks","generate-columns","tablet-grid-50","mobile-grid-100","grid-parent","grid-50"],"yoast_head":"<!-- This site is optimized with the Yoast SEO plugin v27.3 - https:\/\/yoast.com\/product\/yoast-seo-wordpress\/ -->\n<title>Ich bin ein Gartenredakteur, und dies sind die 5 Investment -Werks -Eink\u00e4ufe, die ich diesen Herbst t\u00e4tige - und was den Schnitt nicht gemacht hat - Nachrichten - Stra\u00dfenweb<\/title>\n<meta name=\"robots\" content=\"index, follow, max-snippet:-1, max-image-preview:large, max-video-preview:-1\" \/>\n<link rel=\"canonical\" href=\"https:\/\/www.strassenweb.de\/nachrichten\/ich-bin-ein-gartenredakteur-und-dies-sind-die-5-investment-werks-einkaeufe-die-ich-diesen-herbst-taetige-und-was-den-schnitt-nicht-gemacht-hat\/\" \/>\n<meta property=\"og:locale\" content=\"de_DE\" \/>\n<meta property=\"og:type\" content=\"article\" \/>\n<meta property=\"og:title\" content=\"Ich bin ein Gartenredakteur, und dies sind die 5 Investment -Werks -Eink\u00e4ufe, die ich diesen Herbst t\u00e4tige - und was den Schnitt nicht gemacht hat - Nachrichten - Stra\u00dfenweb\" \/>\n<meta property=\"og:description\" content=\"H\u00f6ren Sie zu dieser Jahreszeit genau zu, und Sie werden sehr viele von uns G\u00e4rtnern fl\u00fcstert, dass der Herbst die wichtigste Saison im Gartenkalender ist.\" \/>\n<meta property=\"og:url\" content=\"https:\/\/www.strassenweb.de\/nachrichten\/ich-bin-ein-gartenredakteur-und-dies-sind-die-5-investment-werks-einkaeufe-die-ich-diesen-herbst-taetige-und-was-den-schnitt-nicht-gemacht-hat\/\" \/>\n<meta property=\"og:site_name\" content=\"Stra\u00dfenweb\" \/>\n<meta property=\"article:publisher\" content=\"https:\/\/www.facebook.com\/strassenweb\/\" \/>\n<meta property=\"article:published_time\" content=\"2025-09-03T05:39:30+00:00\" \/>\n<meta property=\"article:modified_time\" content=\"2025-09-03T05:39:31+00:00\" \/>\n<meta property=\"og:image\" content=\"https:\/\/www.strassenweb.de\/nachrichten\/wp-content\/uploads\/2025\/08\/Ich-gebe-es-zu-ich-verehre-diese-8-Pflanzen-aber.jpg\" \/>\n\t<meta property=\"og:image:width\" content=\"1600\" \/>\n\t<meta property=\"og:image:height\" content=\"900\" \/>\n\t<meta property=\"og:image:type\" content=\"image\/jpeg\" \/>\n<meta name=\"author\" content=\"Robert Hoffmann\" \/>\n<meta name=\"twitter:card\" content=\"summary_large_image\" \/>\n<meta name=\"twitter:label1\" content=\"Verfasst von\" \/>\n\t<meta name=\"twitter:data1\" content=\"Robert Hoffmann\" \/>\n\t<meta name=\"twitter:label2\" content=\"Gesch\u00e4tzte Lesezeit\" \/>\n\t<meta name=\"twitter:data2\" content=\"6\u00a0Minuten\" \/>\n<script type=\"application\/ld+json\" class=\"yoast-schema-graph\">{\"@context\":\"https:\\\/\\\/schema.org\",\"@graph\":[{\"@type\":\"Article\",\"@id\":\"https:\\\/\\\/www.strassenweb.de\\\/nachrichten\\\/ich-bin-ein-gartenredakteur-und-dies-sind-die-5-investment-werks-einkaeufe-die-ich-diesen-herbst-taetige-und-was-den-schnitt-nicht-gemacht-hat\\\/#article\",\"isPartOf\":{\"@id\":\"https:\\\/\\\/www.strassenweb.de\\\/nachrichten\\\/ich-bin-ein-gartenredakteur-und-dies-sind-die-5-investment-werks-einkaeufe-die-ich-diesen-herbst-taetige-und-was-den-schnitt-nicht-gemacht-hat\\\/\"},\"author\":{\"name\":\"Robert Hoffmann\",\"@id\":\"https:\\\/\\\/www.strassenweb.de\\\/nachrichten\\\/#\\\/schema\\\/person\\\/87c9c9067f1211da429a744dc5a5aa41\"},\"headline\":\"Ich bin ein Gartenredakteur, und dies sind die 5 Investment -Werks -Eink\u00e4ufe, die ich diesen Herbst t\u00e4tige &#8211; und was den Schnitt nicht gemacht hat\",\"datePublished\":\"2025-09-03T05:39:30+00:00\",\"dateModified\":\"2025-09-03T05:39:31+00:00\",\"mainEntityOfPage\":{\"@id\":\"https:\\\/\\\/www.strassenweb.de\\\/nachrichten\\\/ich-bin-ein-gartenredakteur-und-dies-sind-die-5-investment-werks-einkaeufe-die-ich-diesen-herbst-taetige-und-was-den-schnitt-nicht-gemacht-hat\\\/\"},\"wordCount\":1254,\"publisher\":{\"@id\":\"https:\\\/\\\/www.strassenweb.de\\\/nachrichten\\\/#organization\"},\"image\":{\"@id\":\"https:\\\/\\\/www.strassenweb.de\\\/nachrichten\\\/ich-bin-ein-gartenredakteur-und-dies-sind-die-5-investment-werks-einkaeufe-die-ich-diesen-herbst-taetige-und-was-den-schnitt-nicht-gemacht-hat\\\/#primaryimage\"},\"thumbnailUrl\":\"https:\\\/\\\/www.strassenweb.de\\\/nachrichten\\\/wp-content\\\/uploads\\\/2025\\\/08\\\/Ich-gebe-es-zu-ich-verehre-diese-8-Pflanzen-aber.jpg\",\"keywords\":[\"bin\",\"den\",\"die\",\"dies\",\"diesen\",\"ein\",\"Eink\u00e4ufe\",\"Gartenredakteur\",\"gemacht\",\"hat\",\"Herbst\",\"ich\",\"Investment\",\"nicht\",\"Schnitt\",\"sind\",\"t\u00e4tige\",\"und\",\"Werks\"],\"articleSection\":[\"Haus &amp; Garten\"],\"inLanguage\":\"de\"},{\"@type\":\"WebPage\",\"@id\":\"https:\\\/\\\/www.strassenweb.de\\\/nachrichten\\\/ich-bin-ein-gartenredakteur-und-dies-sind-die-5-investment-werks-einkaeufe-die-ich-diesen-herbst-taetige-und-was-den-schnitt-nicht-gemacht-hat\\\/\",\"url\":\"https:\\\/\\\/www.strassenweb.de\\\/nachrichten\\\/ich-bin-ein-gartenredakteur-und-dies-sind-die-5-investment-werks-einkaeufe-die-ich-diesen-herbst-taetige-und-was-den-schnitt-nicht-gemacht-hat\\\/\",\"name\":\"Ich bin ein Gartenredakteur, und dies sind die 5 Investment -Werks -Eink\u00e4ufe, die ich diesen Herbst t\u00e4tige - und was den Schnitt nicht gemacht hat - Nachrichten - Stra\u00dfenweb\",\"isPartOf\":{\"@id\":\"https:\\\/\\\/www.strassenweb.de\\\/nachrichten\\\/#website\"},\"primaryImageOfPage\":{\"@id\":\"https:\\\/\\\/www.strassenweb.de\\\/nachrichten\\\/ich-bin-ein-gartenredakteur-und-dies-sind-die-5-investment-werks-einkaeufe-die-ich-diesen-herbst-taetige-und-was-den-schnitt-nicht-gemacht-hat\\\/#primaryimage\"},\"image\":{\"@id\":\"https:\\\/\\\/www.strassenweb.de\\\/nachrichten\\\/ich-bin-ein-gartenredakteur-und-dies-sind-die-5-investment-werks-einkaeufe-die-ich-diesen-herbst-taetige-und-was-den-schnitt-nicht-gemacht-hat\\\/#primaryimage\"},\"thumbnailUrl\":\"https:\\\/\\\/www.strassenweb.de\\\/nachrichten\\\/wp-content\\\/uploads\\\/2025\\\/08\\\/Ich-gebe-es-zu-ich-verehre-diese-8-Pflanzen-aber.jpg\",\"datePublished\":\"2025-09-03T05:39:30+00:00\",\"dateModified\":\"2025-09-03T05:39:31+00:00\",\"breadcrumb\":{\"@id\":\"https:\\\/\\\/www.strassenweb.de\\\/nachrichten\\\/ich-bin-ein-gartenredakteur-und-dies-sind-die-5-investment-werks-einkaeufe-die-ich-diesen-herbst-taetige-und-was-den-schnitt-nicht-gemacht-hat\\\/#breadcrumb\"},\"inLanguage\":\"de\",\"potentialAction\":[{\"@type\":\"ReadAction\",\"target\":[\"https:\\\/\\\/www.strassenweb.de\\\/nachrichten\\\/ich-bin-ein-gartenredakteur-und-dies-sind-die-5-investment-werks-einkaeufe-die-ich-diesen-herbst-taetige-und-was-den-schnitt-nicht-gemacht-hat\\\/\"]}]},{\"@type\":\"ImageObject\",\"inLanguage\":\"de\",\"@id\":\"https:\\\/\\\/www.strassenweb.de\\\/nachrichten\\\/ich-bin-ein-gartenredakteur-und-dies-sind-die-5-investment-werks-einkaeufe-die-ich-diesen-herbst-taetige-und-was-den-schnitt-nicht-gemacht-hat\\\/#primaryimage\",\"url\":\"https:\\\/\\\/www.strassenweb.de\\\/nachrichten\\\/wp-content\\\/uploads\\\/2025\\\/08\\\/Ich-gebe-es-zu-ich-verehre-diese-8-Pflanzen-aber.jpg\",\"contentUrl\":\"https:\\\/\\\/www.strassenweb.de\\\/nachrichten\\\/wp-content\\\/uploads\\\/2025\\\/08\\\/Ich-gebe-es-zu-ich-verehre-diese-8-Pflanzen-aber.jpg\",\"width\":1600,\"height\":900,\"caption\":\"A wooden greenhouse with perennials and annuals planted in the frorground\"},{\"@type\":\"BreadcrumbList\",\"@id\":\"https:\\\/\\\/www.strassenweb.de\\\/nachrichten\\\/ich-bin-ein-gartenredakteur-und-dies-sind-die-5-investment-werks-einkaeufe-die-ich-diesen-herbst-taetige-und-was-den-schnitt-nicht-gemacht-hat\\\/#breadcrumb\",\"itemListElement\":[{\"@type\":\"ListItem\",\"position\":1,\"name\":\"Home\",\"item\":\"https:\\\/\\\/www.strassenweb.de\\\/nachrichten\\\/\"},{\"@type\":\"ListItem\",\"position\":2,\"name\":\"Ich bin ein Gartenredakteur, und dies sind die 5 Investment -Werks -Eink\u00e4ufe, die ich diesen Herbst t\u00e4tige &#8211; und was den Schnitt nicht gemacht hat\"}]},{\"@type\":\"WebSite\",\"@id\":\"https:\\\/\\\/www.strassenweb.de\\\/nachrichten\\\/#website\",\"url\":\"https:\\\/\\\/www.strassenweb.de\\\/nachrichten\\\/\",\"name\":\"Stra\u00dfenweb\",\"description\":\"Stra\u00dfenverzeichnis f\u00fcr Deutschland\",\"publisher\":{\"@id\":\"https:\\\/\\\/www.strassenweb.de\\\/nachrichten\\\/#organization\"},\"potentialAction\":[{\"@type\":\"SearchAction\",\"target\":{\"@type\":\"EntryPoint\",\"urlTemplate\":\"https:\\\/\\\/www.strassenweb.de\\\/nachrichten\\\/?s={search_term_string}\"},\"query-input\":{\"@type\":\"PropertyValueSpecification\",\"valueRequired\":true,\"valueName\":\"search_term_string\"}}],\"inLanguage\":\"de\"},{\"@type\":\"Organization\",\"@id\":\"https:\\\/\\\/www.strassenweb.de\\\/nachrichten\\\/#organization\",\"name\":\"Stra\u00dfenweb\",\"url\":\"https:\\\/\\\/www.strassenweb.de\\\/nachrichten\\\/\",\"logo\":{\"@type\":\"ImageObject\",\"inLanguage\":\"de\",\"@id\":\"https:\\\/\\\/www.strassenweb.de\\\/nachrichten\\\/#\\\/schema\\\/logo\\\/image\\\/\",\"url\":\"https:\\\/\\\/www.strassenweb.de\\\/nachrichten\\\/wp-content\\\/uploads\\\/2024\\\/09\\\/cropped-favicon.png\",\"contentUrl\":\"https:\\\/\\\/www.strassenweb.de\\\/nachrichten\\\/wp-content\\\/uploads\\\/2024\\\/09\\\/cropped-favicon.png\",\"width\":512,\"height\":512,\"caption\":\"Stra\u00dfenweb\"},\"image\":{\"@id\":\"https:\\\/\\\/www.strassenweb.de\\\/nachrichten\\\/#\\\/schema\\\/logo\\\/image\\\/\"},\"sameAs\":[\"https:\\\/\\\/www.facebook.com\\\/strassenweb\\\/\"]},{\"@type\":\"Person\",\"@id\":\"https:\\\/\\\/www.strassenweb.de\\\/nachrichten\\\/#\\\/schema\\\/person\\\/87c9c9067f1211da429a744dc5a5aa41\",\"name\":\"Robert Hoffmann\",\"image\":{\"@type\":\"ImageObject\",\"inLanguage\":\"de\",\"@id\":\"https:\\\/\\\/www.strassenweb.de\\\/nachrichten\\\/wp-content\\\/uploads\\\/2024\\\/09\\\/strassenweb-150x150.jpg\",\"url\":\"https:\\\/\\\/www.strassenweb.de\\\/nachrichten\\\/wp-content\\\/uploads\\\/2024\\\/09\\\/strassenweb-150x150.jpg\",\"contentUrl\":\"https:\\\/\\\/www.strassenweb.de\\\/nachrichten\\\/wp-content\\\/uploads\\\/2024\\\/09\\\/strassenweb-150x150.jpg\",\"caption\":\"Robert Hoffmann\"},\"description\":\"Ich hei\u00dfe Robert Hoffmann und ich bin ein leidenschaftlicher Verfechter von \u00d6kologie und Biodiversit\u00e4t. Seit meiner Kindheit in den W\u00e4ldern Bayerns f\u00fchle ich mich mit der Natur verbunden und bin entschlossen, sie zu sch\u00fctzen. Heute widme ich mein Leben der Sensibilisierung anderer f\u00fcr die Bedeutung des Umweltschutzes f\u00fcr zuk\u00fcnftige Generationen.\",\"sameAs\":[\"https:\\\/\\\/www.strassenweb.de\\\/\"]}]}<\/script>\n<!-- \/ Yoast SEO plugin. -->","yoast_head_json":{"title":"Ich bin ein Gartenredakteur, und dies sind die 5 Investment -Werks -Eink\u00e4ufe, die ich diesen Herbst t\u00e4tige - und was den Schnitt nicht gemacht hat - Nachrichten - Stra\u00dfenweb","robots":{"index":"index","follow":"follow","max-snippet":"max-snippet:-1","max-image-preview":"max-image-preview:large","max-video-preview":"max-video-preview:-1"},"canonical":"https:\/\/www.strassenweb.de\/nachrichten\/ich-bin-ein-gartenredakteur-und-dies-sind-die-5-investment-werks-einkaeufe-die-ich-diesen-herbst-taetige-und-was-den-schnitt-nicht-gemacht-hat\/","og_locale":"de_DE","og_type":"article","og_title":"Ich bin ein Gartenredakteur, und dies sind die 5 Investment -Werks -Eink\u00e4ufe, die ich diesen Herbst t\u00e4tige - und was den Schnitt nicht gemacht hat - Nachrichten - Stra\u00dfenweb","og_description":"H\u00f6ren Sie zu dieser Jahreszeit genau zu, und Sie werden sehr viele von uns G\u00e4rtnern fl\u00fcstert, dass der Herbst die wichtigste Saison im Gartenkalender ist.","og_url":"https:\/\/www.strassenweb.de\/nachrichten\/ich-bin-ein-gartenredakteur-und-dies-sind-die-5-investment-werks-einkaeufe-die-ich-diesen-herbst-taetige-und-was-den-schnitt-nicht-gemacht-hat\/","og_site_name":"Stra\u00dfenweb","article_publisher":"https:\/\/www.facebook.com\/strassenweb\/","article_published_time":"2025-09-03T05:39:30+00:00","article_modified_time":"2025-09-03T05:39:31+00:00","og_image":[{"width":1600,"height":900,"url":"https:\/\/www.strassenweb.de\/nachrichten\/wp-content\/uploads\/2025\/08\/Ich-gebe-es-zu-ich-verehre-diese-8-Pflanzen-aber.jpg","type":"image\/jpeg"}],"author":"Robert Hoffmann","twitter_card":"summary_large_image","twitter_misc":{"Verfasst von":"Robert Hoffmann","Gesch\u00e4tzte Lesezeit":"6\u00a0Minuten"},"schema":{"@context":"https:\/\/schema.org","@graph":[{"@type":"Article","@id":"https:\/\/www.strassenweb.de\/nachrichten\/ich-bin-ein-gartenredakteur-und-dies-sind-die-5-investment-werks-einkaeufe-die-ich-diesen-herbst-taetige-und-was-den-schnitt-nicht-gemacht-hat\/#article","isPartOf":{"@id":"https:\/\/www.strassenweb.de\/nachrichten\/ich-bin-ein-gartenredakteur-und-dies-sind-die-5-investment-werks-einkaeufe-die-ich-diesen-herbst-taetige-und-was-den-schnitt-nicht-gemacht-hat\/"},"author":{"name":"Robert Hoffmann","@id":"https:\/\/www.strassenweb.de\/nachrichten\/#\/schema\/person\/87c9c9067f1211da429a744dc5a5aa41"},"headline":"Ich bin ein Gartenredakteur, und dies sind die 5 Investment -Werks -Eink\u00e4ufe, die ich diesen Herbst t\u00e4tige &#8211; und was den Schnitt nicht gemacht hat","datePublished":"2025-09-03T05:39:30+00:00","dateModified":"2025-09-03T05:39:31+00:00","mainEntityOfPage":{"@id":"https:\/\/www.strassenweb.de\/nachrichten\/ich-bin-ein-gartenredakteur-und-dies-sind-die-5-investment-werks-einkaeufe-die-ich-diesen-herbst-taetige-und-was-den-schnitt-nicht-gemacht-hat\/"},"wordCount":1254,"publisher":{"@id":"https:\/\/www.strassenweb.de\/nachrichten\/#organization"},"image":{"@id":"https:\/\/www.strassenweb.de\/nachrichten\/ich-bin-ein-gartenredakteur-und-dies-sind-die-5-investment-werks-einkaeufe-die-ich-diesen-herbst-taetige-und-was-den-schnitt-nicht-gemacht-hat\/#primaryimage"},"thumbnailUrl":"https:\/\/www.strassenweb.de\/nachrichten\/wp-content\/uploads\/2025\/08\/Ich-gebe-es-zu-ich-verehre-diese-8-Pflanzen-aber.jpg","keywords":["bin","den","die","dies","diesen","ein","Eink\u00e4ufe","Gartenredakteur","gemacht","hat","Herbst","ich","Investment","nicht","Schnitt","sind","t\u00e4tige","und","Werks"],"articleSection":["Haus &amp; Garten"],"inLanguage":"de"},{"@type":"WebPage","@id":"https:\/\/www.strassenweb.de\/nachrichten\/ich-bin-ein-gartenredakteur-und-dies-sind-die-5-investment-werks-einkaeufe-die-ich-diesen-herbst-taetige-und-was-den-schnitt-nicht-gemacht-hat\/","url":"https:\/\/www.strassenweb.de\/nachrichten\/ich-bin-ein-gartenredakteur-und-dies-sind-die-5-investment-werks-einkaeufe-die-ich-diesen-herbst-taetige-und-was-den-schnitt-nicht-gemacht-hat\/","name":"Ich bin ein Gartenredakteur, und dies sind die 5 Investment -Werks -Eink\u00e4ufe, die ich diesen Herbst t\u00e4tige - und was den Schnitt nicht gemacht hat - Nachrichten - Stra\u00dfenweb","isPartOf":{"@id":"https:\/\/www.strassenweb.de\/nachrichten\/#website"},"primaryImageOfPage":{"@id":"https:\/\/www.strassenweb.de\/nachrichten\/ich-bin-ein-gartenredakteur-und-dies-sind-die-5-investment-werks-einkaeufe-die-ich-diesen-herbst-taetige-und-was-den-schnitt-nicht-gemacht-hat\/#primaryimage"},"image":{"@id":"https:\/\/www.strassenweb.de\/nachrichten\/ich-bin-ein-gartenredakteur-und-dies-sind-die-5-investment-werks-einkaeufe-die-ich-diesen-herbst-taetige-und-was-den-schnitt-nicht-gemacht-hat\/#primaryimage"},"thumbnailUrl":"https:\/\/www.strassenweb.de\/nachrichten\/wp-content\/uploads\/2025\/08\/Ich-gebe-es-zu-ich-verehre-diese-8-Pflanzen-aber.jpg","datePublished":"2025-09-03T05:39:30+00:00","dateModified":"2025-09-03T05:39:31+00:00","breadcrumb":{"@id":"https:\/\/www.strassenweb.de\/nachrichten\/ich-bin-ein-gartenredakteur-und-dies-sind-die-5-investment-werks-einkaeufe-die-ich-diesen-herbst-taetige-und-was-den-schnitt-nicht-gemacht-hat\/#breadcrumb"},"inLanguage":"de","potentialAction":[{"@type":"ReadAction","target":["https:\/\/www.strassenweb.de\/nachrichten\/ich-bin-ein-gartenredakteur-und-dies-sind-die-5-investment-werks-einkaeufe-die-ich-diesen-herbst-taetige-und-was-den-schnitt-nicht-gemacht-hat\/"]}]},{"@type":"ImageObject","inLanguage":"de","@id":"https:\/\/www.strassenweb.de\/nachrichten\/ich-bin-ein-gartenredakteur-und-dies-sind-die-5-investment-werks-einkaeufe-die-ich-diesen-herbst-taetige-und-was-den-schnitt-nicht-gemacht-hat\/#primaryimage","url":"https:\/\/www.strassenweb.de\/nachrichten\/wp-content\/uploads\/2025\/08\/Ich-gebe-es-zu-ich-verehre-diese-8-Pflanzen-aber.jpg","contentUrl":"https:\/\/www.strassenweb.de\/nachrichten\/wp-content\/uploads\/2025\/08\/Ich-gebe-es-zu-ich-verehre-diese-8-Pflanzen-aber.jpg","width":1600,"height":900,"caption":"A wooden greenhouse with perennials and annuals planted in the frorground"},{"@type":"BreadcrumbList","@id":"https:\/\/www.strassenweb.de\/nachrichten\/ich-bin-ein-gartenredakteur-und-dies-sind-die-5-investment-werks-einkaeufe-die-ich-diesen-herbst-taetige-und-was-den-schnitt-nicht-gemacht-hat\/#breadcrumb","itemListElement":[{"@type":"ListItem","position":1,"name":"Home","item":"https:\/\/www.strassenweb.de\/nachrichten\/"},{"@type":"ListItem","position":2,"name":"Ich bin ein Gartenredakteur, und dies sind die 5 Investment -Werks -Eink\u00e4ufe, die ich diesen Herbst t\u00e4tige &#8211; und was den Schnitt nicht gemacht hat"}]},{"@type":"WebSite","@id":"https:\/\/www.strassenweb.de\/nachrichten\/#website","url":"https:\/\/www.strassenweb.de\/nachrichten\/","name":"Stra\u00dfenweb","description":"Stra\u00dfenverzeichnis f\u00fcr Deutschland","publisher":{"@id":"https:\/\/www.strassenweb.de\/nachrichten\/#organization"},"potentialAction":[{"@type":"SearchAction","target":{"@type":"EntryPoint","urlTemplate":"https:\/\/www.strassenweb.de\/nachrichten\/?s={search_term_string}"},"query-input":{"@type":"PropertyValueSpecification","valueRequired":true,"valueName":"search_term_string"}}],"inLanguage":"de"},{"@type":"Organization","@id":"https:\/\/www.strassenweb.de\/nachrichten\/#organization","name":"Stra\u00dfenweb","url":"https:\/\/www.strassenweb.de\/nachrichten\/","logo":{"@type":"ImageObject","inLanguage":"de","@id":"https:\/\/www.strassenweb.de\/nachrichten\/#\/schema\/logo\/image\/","url":"https:\/\/www.strassenweb.de\/nachrichten\/wp-content\/uploads\/2024\/09\/cropped-favicon.png","contentUrl":"https:\/\/www.strassenweb.de\/nachrichten\/wp-content\/uploads\/2024\/09\/cropped-favicon.png","width":512,"height":512,"caption":"Stra\u00dfenweb"},"image":{"@id":"https:\/\/www.strassenweb.de\/nachrichten\/#\/schema\/logo\/image\/"},"sameAs":["https:\/\/www.facebook.com\/strassenweb\/"]},{"@type":"Person","@id":"https:\/\/www.strassenweb.de\/nachrichten\/#\/schema\/person\/87c9c9067f1211da429a744dc5a5aa41","name":"Robert Hoffmann","image":{"@type":"ImageObject","inLanguage":"de","@id":"https:\/\/www.strassenweb.de\/nachrichten\/wp-content\/uploads\/2024\/09\/strassenweb-150x150.jpg","url":"https:\/\/www.strassenweb.de\/nachrichten\/wp-content\/uploads\/2024\/09\/strassenweb-150x150.jpg","contentUrl":"https:\/\/www.strassenweb.de\/nachrichten\/wp-content\/uploads\/2024\/09\/strassenweb-150x150.jpg","caption":"Robert Hoffmann"},"description":"Ich hei\u00dfe Robert Hoffmann und ich bin ein leidenschaftlicher Verfechter von \u00d6kologie und Biodiversit\u00e4t. Seit meiner Kindheit in den W\u00e4ldern Bayerns f\u00fchle ich mich mit der Natur verbunden und bin entschlossen, sie zu sch\u00fctzen. Heute widme ich mein Leben der Sensibilisierung anderer f\u00fcr die Bedeutung des Umweltschutzes f\u00fcr zuk\u00fcnftige Generationen.","sameAs":["https:\/\/www.strassenweb.de\/"]}]}},"_links":{"self":[{"href":"https:\/\/www.strassenweb.de\/nachrichten\/wp-json\/wp\/v2\/posts\/7428","targetHints":{"allow":["GET"]}}],"collection":[{"href":"https:\/\/www.strassenweb.de\/nachrichten\/wp-json\/wp\/v2\/posts"}],"about":[{"href":"https:\/\/www.strassenweb.de\/nachrichten\/wp-json\/wp\/v2\/types\/post"}],"author":[{"embeddable":true,"href":"https:\/\/www.strassenweb.de\/nachrichten\/wp-json\/wp\/v2\/users\/1"}],"replies":[{"embeddable":true,"href":"https:\/\/www.strassenweb.de\/nachrichten\/wp-json\/wp\/v2\/comments?post=7428"}],"version-history":[{"count":0,"href":"https:\/\/www.strassenweb.de\/nachrichten\/wp-json\/wp\/v2\/posts\/7428\/revisions"}],"wp:featuredmedia":[{"embeddable":true,"href":"https:\/\/www.strassenweb.de\/nachrichten\/wp-json\/wp\/v2\/media\/6732"}],"wp:attachment":[{"href":"https:\/\/www.strassenweb.de\/nachrichten\/wp-json\/wp\/v2\/media?parent=7428"}],"wp:term":[{"taxonomy":"category","embeddable":true,"href":"https:\/\/www.strassenweb.de\/nachrichten\/wp-json\/wp\/v2\/categories?post=7428"},{"taxonomy":"post_tag","embeddable":true,"href":"https:\/\/www.strassenweb.de\/nachrichten\/wp-json\/wp\/v2\/tags?post=7428"}],"curies":[{"name":"wp","href":"https:\/\/api.w.org\/{rel}","templated":true}]}}