{"id":7419,"date":"2025-09-02T22:40:01","date_gmt":"2025-09-02T20:40:01","guid":{"rendered":"https:\/\/www.strassenweb.de\/nachrichten\/diese-einstigen-kueche-wurde-dank-einer-warmen-neutralen-palette-und-kunstvoller-schichtung-vollstaendig-in-einen-zeitlosen-eleganten-raum-neu-gestaltet\/"},"modified":"2025-09-02T22:40:02","modified_gmt":"2025-09-02T20:40:02","slug":"diese-einstigen-kueche-wurde-dank-einer-warmen-neutralen-palette-und-kunstvoller-schichtung-vollstaendig-in-einen-zeitlosen-eleganten-raum-neu-gestaltet","status":"publish","type":"post","link":"https:\/\/www.strassenweb.de\/nachrichten\/diese-einstigen-kueche-wurde-dank-einer-warmen-neutralen-palette-und-kunstvoller-schichtung-vollstaendig-in-einen-zeitlosen-eleganten-raum-neu-gestaltet\/","title":{"rendered":"Diese einstigen K\u00fcche wurde dank einer warmen neutralen Palette und kunstvoller Schichtung vollst\u00e4ndig in einen zeitlosen, eleganten Raum neu gestaltet"},"content":{"rendered":"<p><\/p>\n<div id=\"article-body\" class=\"article__body \">\n<p id=\"da0529da-51c4-4575-bcdb-9db1b795338e\">Egal wie sich jedes Jahr die Trends ver\u00e4ndern, Neutrale haben immer einen Platz. Sie bilden die perfekte Basis f\u00fcr jeden Raum, insbesondere eine K\u00fcche, in der Sie das Programm nicht alle paar Jahre \u00fcberarbeiten m\u00f6chten.<\/p>\n<div id=\"ad-unit-1\" class=\"ad-unit\"><\/div>\n<p>W\u00e4hrend mutige, farbenfrohe Designs im Moment in Mode sein m\u00f6gen, zeigt diese neutrale K\u00fcche, wie dauerhaft-und vielseitig-eine zur\u00fcckhaltende Palette sein kann. &#8222;Die allgemeine \u00c4sthetik war auf Licht, Ruhe und eine neutrale Palette ausgerichtet, sodass die geschichteten Texturen, Antiquit\u00e4ten, Kunst und Stoffe leuchten k\u00f6nnen&#8220;, sagt Designer Jack Simpson.<\/p>\n<p>Mit einer zeitlosen Mischung aus Materialien und einem sorgf\u00e4ltig geschichteten Ansatz f\u00fcr das Dekor ist diese einst uninspirierende K\u00fcche jetzt der Inbegriff eines Raums, der sich in der georgischen Architektur perfekt zu Hause anf\u00fchlt. Hier erkl\u00e4rt Jack genau, wie er es neu gestaltet hat.<\/p>\n<div class=\"van_vid_carousel\">\n<div class=\"van_vid_carousel__padding\">\n<div class=\"van_vid_carousel__container\"><\/div>\n<\/div>\n<\/div>\n<figure class=\"van-image-figure inline-layout \" data-bordeaux-image-check id=\"4323e25c-ca36-4ef1-9f43-97a61e3425fb\">\n<div class=\"image-full-width-wrapper\">\n<div class=\"image-widthsetter\" style=\"max-width:2000px;\"><\/div>\n<\/div>\n<\/figure>\n<p id=\"f4fa99cd-04f9-4742-8019-1b19c67259af\">W\u00e4hrend Sie es niemals aus dem verwandelten Raum erraten w\u00fcrden, war dieser Remodel dieser K\u00fcche keine einfache Aufgabe. Sie arbeiteten nicht nur in einem alten Grundst\u00fcck, das immer mit eigenen Herausforderungen verbunden ist, sondern das Gesamtlayout des Hauses war f\u00fcr die Bed\u00fcrfnisse der Hausbesitzer nicht geeignet.<\/p>\n<div id=\"ad-unit-2\" class=\"ad-unit\"><\/div>\n<aside data-block-type=\"embed\" data-render-type=\"fte\" data-skip=\"dealsy\" data-widget-type=\"seasonal\" class=\"hawk-base\"><\/aside>\n<p id=\"f4fa99cd-04f9-4742-8019-1b19c67259af-1\">\u201eVor der Renovierung gab es zwei winzige K\u00fcchen im Haus, weder f\u00fcr den Zweck geeignet. Das Haus f\u00fchlte sich wie eine Zeitkapsel an, ein m\u00fcder, unterteiltes Raum, der unter mehreren schlechten Renovierungen gelitten hatte \u201c, sagt Jack Simpson, Gr\u00fcnder und Kreativdirektor von Nomad Developments.<\/p>\n<p>&#8218;Es war feucht, fleckig und mangelte es im architektonischen Charme. Das Projekt war sowohl aufregend als auch entmutigend, aber wir wollten so viel Pers\u00f6nlichkeit und Liebe wie m\u00f6glich in den Raum einbringen, damit es dem Test der Zeit standh\u00e4lt. &#8218;<\/p>\n<figure class=\"van-image-figure inline-layout \" data-bordeaux-image-check id=\"4e0b1c40-7f1d-4fff-b9a9-636e97c2ea20\">\n<div class=\"image-full-width-wrapper\">\n<div class=\"image-widthsetter\" style=\"max-width:2000px;\"><\/div>\n<\/div>\n<\/figure>\n<p id=\"0711ed79-2e67-4861-a887-2b3e339b6394\">Um den Fluss zu beheben und verlorene Periodenmerkmale wieder einzuf\u00fchren, war ein vollwertiger Zeitraum innen. Der einzige Teil des Hauses war die urspr\u00fcngliche Fassade, die die georgische Eleganz ausstrahlt.<\/p>\n<div id=\"slice-container-newsletterForm-articleInbodyContent-jDRtvwfgaq8w7Geyv67qKT\" class=\"slice-container newsletter-inbodyContent-slice newsletterForm-articleInbodyContent-jDRtvwfgaq8w7Geyv67qKT slice-container-newsletterForm\"><\/div>\n<p>W\u00e4nde und T\u00fcren wurden entfernt, um ein offeneres Layout mit hohen Decken, einem neuen Banquette-Sitzbereich und direktem Zugang von der K\u00fcche zum Innenhofgarten zu schaffen. Kleinere R\u00e4ume wurden als wesentlicher Aufbewahrung neu vorgestellt, einschlie\u00dflich einer K\u00fcchenspeicherin. Aber es war nicht ohne Herausforderungen.<\/p>\n<p>&#8218;Die Arbeit in einem georgischen Stadthaus bedeutete den Umgang mit strukturellen Empfindlichkeit, feuchten Problemen und stark unterteilten R\u00e4umen. Die Ausgrabung des unteren Erdgeschosses und die Erweiterung der Deckenh\u00f6he erforderten Pr\u00e4zisionsplanung, um modernen Komfort mit Naturschutzverpflichtungen zu integrieren \u201c, erkl\u00e4rt Jack.<\/p>\n<figure class=\"van-image-figure inline-layout \" data-bordeaux-image-check id=\"2eb17cf0-6476-4ffe-a8a4-e9be3ba2f5ae\">\n<div class=\"image-full-width-wrapper\">\n<div class=\"image-widthsetter\" style=\"max-width:2000px;\"><\/div>\n<\/div>\n<\/figure>\n<p id=\"3c7fc93a-83ed-4464-9fca-18205e36e55d\">Aber der komplexe Umbau war es eindeutig wert. Die neue K\u00fcche ist weit entfernt von ihrem urspr\u00fcnglichen Zustand-ein offener, leicht erf\u00fcllter Raum mit zeitlosen Funktionen und auff\u00e4lligen Details. Es ist alles dank des sorgf\u00e4ltigen Gleichgewichts von Periodenelementen, nat\u00fcrlichen Licht und sorgf\u00e4ltig ausgew\u00e4hlten Materialien.<\/p>\n<p>&#8218;Die K\u00fcche ist ein akribisch geschichteter, ruhiger und charakteristischer Raum. Es verschmilzt harte Materialien wie Marmor und Messing mit antiken M\u00f6beln und ma\u00dfgeschneiderten Elementen, wodurch eine reich strukturierte, warme und erwachsene \u00c4sthetik erzeugt wird. Es ist sowohl erh\u00f6ht als auch gelebt, ein Ort, der sich sowohl elegant als auch intensiv einladend anf\u00fchlt &#8222;, beschreibt er.<\/p>\n<p>Es ist die Mischung aus Materialien, die die K\u00fcche wirklich zum Leben erweckt. Es gibt ein Gef\u00fchl der Taktilit\u00e4t, das die neutrale Palette und die nat\u00fcrlichen Oberfl\u00e4chen erg\u00e4nzt-vom weichen Farbton der Schr\u00e4nke bis zu den auff\u00e4lligen Calacatta Verde Marmor K\u00fcchenarbeitsplatten, eine personenreichere Wahl als die \u00fcblichen wei\u00dfen und grauen T\u00f6ne, die sofort das Auge zeichnen.<\/p>\n<figure class=\"van-image-figure inline-layout \" data-bordeaux-image-check id=\"ff527abd-5e6e-4b6c-b8fd-bb2dda26fb1a\">\n<div class=\"image-full-width-wrapper\">\n<div class=\"image-widthsetter\" style=\"max-width:2400px;\"><\/div>\n<\/div>\n<\/figure>\n<p id=\"f3657294-5634-4e0c-a22c-0e22dc1a2d43\">&#8218;Diese harten Materialien werden durch antike M\u00f6bel und ma\u00dfgeschneiderte St\u00fccke wie die Rose Uniacke -up -gepolsterten Stangenhocker erhoben. Kunst und Schicht von Texturen &#8211; Samt, Leinen, Boucle &#8211; Tiefe und W\u00e4rme hinzuf\u00fcgen. Diese materielle Mischung spiegelt unsere grundlegende Philosophie wider: nachdenklicher Kontrast und Schicht, die zu R\u00e4umen f\u00fchren, die sich kuratiert, zeitlos und gelebt f\u00fchlen \u201c, bemerkt Jack.<\/p>\n<p>\u00dcberall, wo Sie aussehen, ist dieser geschichtete Ansatz offensichtlich, von den schwarzen Rahmen an den sch\u00f6nen gew\u00f6lbten Fenstern, gepaart mit weichen, leichten Vorh\u00e4ngen, bis hin zu dem Marmorregal, das gegen die organische W\u00e4rme von reichhaltigem Holzdekor setzt.<\/p>\n<p>Die K\u00fccheninsel, ein von Bauernhaus inspiriertes Design, das die L\u00fccke zwischen Island und Tisch \u00fcberbr\u00fcckt, bietet einen subtilen Kontrast zur leichten neutralen Palette in der gesamten K\u00fcche. Dennoch bleibt es ein zentrales Element, das ein Gef\u00fchl von Zeitlosigkeit und Charakter in den Raum bringt.<\/p>\n<figure class=\"van-image-figure inline-layout \" data-bordeaux-image-check id=\"90dc1466-e2c7-47e6-bed1-49a8c5152e83\">\n<div class=\"image-full-width-wrapper\">\n<div class=\"image-widthsetter\" style=\"max-width:2400px;\"><\/div>\n<\/div>\n<\/figure>\n<p id=\"4f86e171-6c83-412c-8d54-09918cb0d74a\">Aber nichts f\u00e4llt dem Statement Sp\u00fclbecken auf. &#8222;Wir haben uns f\u00fcr ein Messingbecken anstelle des traditionellen wei\u00dfen oder rostfreien Stahls entschieden, damit das Metall im Laufe der Zeit weicher und altern w\u00fcrde&#8220;, sagt er.<\/p>\n<p>&#8218;Eine Messingbecken bietet einen unerwarteten metallischen Akzent, der sich wunderbar mit dem Marmor impraktiert, Schichten im Raum erzeugt und ein Gef\u00fchl der strukturellen Tiefe hinzuf\u00fcgt. Es ist nur einer der pers\u00f6nlichen Details, die wir aufgenommen haben, um Pers\u00f6nlichkeit in die K\u00fcche zu bringen. &#8218;<\/p>\n<p>Jede sorgf\u00e4ltig ausgew\u00e4hlte Funktion tr\u00e4gt dazu bei, dass sich diese K\u00fcche originell anf\u00fchlt, voller Charaktere und perfekt ausbalanciert zwischen dem nachdenklichen Design und dem funktionalen Fluss. Von dem gewebten Sideboard und der gesammelten Keramik bis zum streikenden Marmor- und Statement -Waschbecken bietet dieser geschichtete Designansatz eine Blaupause f\u00fcr die Erstellung einer wirklich zeitlosen K\u00fcche.<\/p>\n<h2 id=\"get-the-look-3\">Holen Sie sich den Look<\/h2>\n<div class=\"product-container hero-product-container product-block-no-wrap\">\n<div class=\"product-block-row\"><\/div>\n<div class=\"product-block-row\"><\/div>\n<div class=\"product-block-row\"><\/div>\n<div class=\"product-block-row\"><\/div>\n<div class=\"product-block-row\"><\/div>\n<div class=\"product-block-row\"><\/div>\n<\/div>\n<hr id=\"2f70eb0e-e281-4f2d-ba32-a60b20c4a958\">\n<p id=\"b18767d0-3cf5-4677-bed1-620cd092fa77\">In einer Zeit, in der jeder auf farbenfrohe K\u00fcchendesigns zu schauen scheint, ist dieser Raum f\u00fcr neutralere Designs ein starkes Argument. Es beweist, dass Sie mit der richtigen Mischung aus Materialien und geschichteten Dekor eine K\u00fcche kreieren k\u00f6nnen, die sich charakteristisch anf\u00fchlt und wie ein Hauch frischer Luft.<\/p>\n<\/div>\n","protected":false},"excerpt":{"rendered":"<p>Egal wie sich jedes Jahr die Trends ver\u00e4ndern, Neutrale haben immer einen Platz. Sie bilden die perfekte Basis f\u00fcr jeden Raum, insbesondere eine K\u00fcche, in<\/p>\n","protected":false},"author":1,"featured_media":7420,"comment_status":"closed","ping_status":"","sticky":false,"template":"","format":"standard","meta":{"footnotes":""},"categories":[118],"tags":[365,143,166,303,6169,1785,6001,468,9860,191,1021,200,182,9861,37,2259,636,1529,2232],"class_list":["post-7419","post","type-post","status-publish","format-standard","has-post-thumbnail","hentry","category-haus-garten","tag-dank","tag-diese","tag-einen","tag-einer","tag-einstigen","tag-eleganten","tag-gestaltet","tag-kueche","tag-kunstvoller","tag-neu","tag-neutralen","tag-palette","tag-raum","tag-schichtung","tag-und","tag-vollstaendig","tag-waermen","tag-wuerde","tag-zeitlosen","generate-columns","tablet-grid-50","mobile-grid-100","grid-parent","grid-50"],"yoast_head":"<!-- This site is optimized with the Yoast SEO plugin v27.3 - https:\/\/yoast.com\/product\/yoast-seo-wordpress\/ -->\n<title>Diese einstigen K\u00fcche wurde dank einer warmen neutralen Palette und kunstvoller Schichtung vollst\u00e4ndig in einen zeitlosen, eleganten Raum neu gestaltet - Nachrichten - Stra\u00dfenweb<\/title>\n<meta name=\"robots\" content=\"index, follow, max-snippet:-1, max-image-preview:large, max-video-preview:-1\" \/>\n<link rel=\"canonical\" href=\"https:\/\/www.strassenweb.de\/nachrichten\/diese-einstigen-kueche-wurde-dank-einer-warmen-neutralen-palette-und-kunstvoller-schichtung-vollstaendig-in-einen-zeitlosen-eleganten-raum-neu-gestaltet\/\" \/>\n<meta property=\"og:locale\" content=\"de_DE\" \/>\n<meta property=\"og:type\" content=\"article\" \/>\n<meta property=\"og:title\" content=\"Diese einstigen K\u00fcche wurde dank einer warmen neutralen Palette und kunstvoller Schichtung vollst\u00e4ndig in einen zeitlosen, eleganten Raum neu gestaltet - Nachrichten - Stra\u00dfenweb\" \/>\n<meta property=\"og:description\" content=\"Egal wie sich jedes Jahr die Trends ver\u00e4ndern, Neutrale haben immer einen Platz. Sie bilden die perfekte Basis f\u00fcr jeden Raum, insbesondere eine K\u00fcche, in\" \/>\n<meta property=\"og:url\" content=\"https:\/\/www.strassenweb.de\/nachrichten\/diese-einstigen-kueche-wurde-dank-einer-warmen-neutralen-palette-und-kunstvoller-schichtung-vollstaendig-in-einen-zeitlosen-eleganten-raum-neu-gestaltet\/\" \/>\n<meta property=\"og:site_name\" content=\"Stra\u00dfenweb\" \/>\n<meta property=\"article:publisher\" content=\"https:\/\/www.facebook.com\/strassenweb\/\" \/>\n<meta property=\"article:published_time\" content=\"2025-09-02T20:40:01+00:00\" \/>\n<meta property=\"article:modified_time\" content=\"2025-09-02T20:40:02+00:00\" \/>\n<meta property=\"og:image\" content=\"https:\/\/www.strassenweb.de\/nachrichten\/wp-content\/uploads\/2025\/09\/Diese-einstigen-Kueche-wurde-dank-einer-warmen-neutralen-Palette-und.jpg\" \/>\n\t<meta property=\"og:image:width\" content=\"1600\" \/>\n\t<meta property=\"og:image:height\" content=\"900\" \/>\n\t<meta property=\"og:image:type\" content=\"image\/jpeg\" \/>\n<meta name=\"author\" content=\"Robert Hoffmann\" \/>\n<meta name=\"twitter:card\" content=\"summary_large_image\" \/>\n<meta name=\"twitter:label1\" content=\"Verfasst von\" \/>\n\t<meta name=\"twitter:data1\" content=\"Robert Hoffmann\" \/>\n\t<meta name=\"twitter:label2\" content=\"Gesch\u00e4tzte Lesezeit\" \/>\n\t<meta name=\"twitter:data2\" content=\"5\u00a0Minuten\" \/>\n<script type=\"application\/ld+json\" class=\"yoast-schema-graph\">{\"@context\":\"https:\\\/\\\/schema.org\",\"@graph\":[{\"@type\":\"Article\",\"@id\":\"https:\\\/\\\/www.strassenweb.de\\\/nachrichten\\\/diese-einstigen-kueche-wurde-dank-einer-warmen-neutralen-palette-und-kunstvoller-schichtung-vollstaendig-in-einen-zeitlosen-eleganten-raum-neu-gestaltet\\\/#article\",\"isPartOf\":{\"@id\":\"https:\\\/\\\/www.strassenweb.de\\\/nachrichten\\\/diese-einstigen-kueche-wurde-dank-einer-warmen-neutralen-palette-und-kunstvoller-schichtung-vollstaendig-in-einen-zeitlosen-eleganten-raum-neu-gestaltet\\\/\"},\"author\":{\"name\":\"Robert Hoffmann\",\"@id\":\"https:\\\/\\\/www.strassenweb.de\\\/nachrichten\\\/#\\\/schema\\\/person\\\/87c9c9067f1211da429a744dc5a5aa41\"},\"headline\":\"Diese einstigen K\u00fcche wurde dank einer warmen neutralen Palette und kunstvoller Schichtung vollst\u00e4ndig in einen zeitlosen, eleganten Raum neu gestaltet\",\"datePublished\":\"2025-09-02T20:40:01+00:00\",\"dateModified\":\"2025-09-02T20:40:02+00:00\",\"mainEntityOfPage\":{\"@id\":\"https:\\\/\\\/www.strassenweb.de\\\/nachrichten\\\/diese-einstigen-kueche-wurde-dank-einer-warmen-neutralen-palette-und-kunstvoller-schichtung-vollstaendig-in-einen-zeitlosen-eleganten-raum-neu-gestaltet\\\/\"},\"wordCount\":964,\"publisher\":{\"@id\":\"https:\\\/\\\/www.strassenweb.de\\\/nachrichten\\\/#organization\"},\"image\":{\"@id\":\"https:\\\/\\\/www.strassenweb.de\\\/nachrichten\\\/diese-einstigen-kueche-wurde-dank-einer-warmen-neutralen-palette-und-kunstvoller-schichtung-vollstaendig-in-einen-zeitlosen-eleganten-raum-neu-gestaltet\\\/#primaryimage\"},\"thumbnailUrl\":\"https:\\\/\\\/www.strassenweb.de\\\/nachrichten\\\/wp-content\\\/uploads\\\/2025\\\/09\\\/Diese-einstigen-Kueche-wurde-dank-einer-warmen-neutralen-Palette-und.jpg\",\"keywords\":[\"dank\",\"diese\",\"einen\",\"einer\",\"einstigen\",\"eleganten\",\"gestaltet\",\"K\u00fcche\",\"kunstvoller\",\"neu\",\"neutralen\",\"Palette\",\"Raum\",\"Schichtung\",\"und\",\"vollst\u00e4ndig\",\"w\u00e4rmen\",\"w\u00fcrde\",\"zeitlosen\"],\"articleSection\":[\"Haus &amp; Garten\"],\"inLanguage\":\"de\"},{\"@type\":\"WebPage\",\"@id\":\"https:\\\/\\\/www.strassenweb.de\\\/nachrichten\\\/diese-einstigen-kueche-wurde-dank-einer-warmen-neutralen-palette-und-kunstvoller-schichtung-vollstaendig-in-einen-zeitlosen-eleganten-raum-neu-gestaltet\\\/\",\"url\":\"https:\\\/\\\/www.strassenweb.de\\\/nachrichten\\\/diese-einstigen-kueche-wurde-dank-einer-warmen-neutralen-palette-und-kunstvoller-schichtung-vollstaendig-in-einen-zeitlosen-eleganten-raum-neu-gestaltet\\\/\",\"name\":\"Diese einstigen K\u00fcche wurde dank einer warmen neutralen Palette und kunstvoller Schichtung vollst\u00e4ndig in einen zeitlosen, eleganten Raum neu gestaltet - Nachrichten - Stra\u00dfenweb\",\"isPartOf\":{\"@id\":\"https:\\\/\\\/www.strassenweb.de\\\/nachrichten\\\/#website\"},\"primaryImageOfPage\":{\"@id\":\"https:\\\/\\\/www.strassenweb.de\\\/nachrichten\\\/diese-einstigen-kueche-wurde-dank-einer-warmen-neutralen-palette-und-kunstvoller-schichtung-vollstaendig-in-einen-zeitlosen-eleganten-raum-neu-gestaltet\\\/#primaryimage\"},\"image\":{\"@id\":\"https:\\\/\\\/www.strassenweb.de\\\/nachrichten\\\/diese-einstigen-kueche-wurde-dank-einer-warmen-neutralen-palette-und-kunstvoller-schichtung-vollstaendig-in-einen-zeitlosen-eleganten-raum-neu-gestaltet\\\/#primaryimage\"},\"thumbnailUrl\":\"https:\\\/\\\/www.strassenweb.de\\\/nachrichten\\\/wp-content\\\/uploads\\\/2025\\\/09\\\/Diese-einstigen-Kueche-wurde-dank-einer-warmen-neutralen-Palette-und.jpg\",\"datePublished\":\"2025-09-02T20:40:01+00:00\",\"dateModified\":\"2025-09-02T20:40:02+00:00\",\"breadcrumb\":{\"@id\":\"https:\\\/\\\/www.strassenweb.de\\\/nachrichten\\\/diese-einstigen-kueche-wurde-dank-einer-warmen-neutralen-palette-und-kunstvoller-schichtung-vollstaendig-in-einen-zeitlosen-eleganten-raum-neu-gestaltet\\\/#breadcrumb\"},\"inLanguage\":\"de\",\"potentialAction\":[{\"@type\":\"ReadAction\",\"target\":[\"https:\\\/\\\/www.strassenweb.de\\\/nachrichten\\\/diese-einstigen-kueche-wurde-dank-einer-warmen-neutralen-palette-und-kunstvoller-schichtung-vollstaendig-in-einen-zeitlosen-eleganten-raum-neu-gestaltet\\\/\"]}]},{\"@type\":\"ImageObject\",\"inLanguage\":\"de\",\"@id\":\"https:\\\/\\\/www.strassenweb.de\\\/nachrichten\\\/diese-einstigen-kueche-wurde-dank-einer-warmen-neutralen-palette-und-kunstvoller-schichtung-vollstaendig-in-einen-zeitlosen-eleganten-raum-neu-gestaltet\\\/#primaryimage\",\"url\":\"https:\\\/\\\/www.strassenweb.de\\\/nachrichten\\\/wp-content\\\/uploads\\\/2025\\\/09\\\/Diese-einstigen-Kueche-wurde-dank-einer-warmen-neutralen-Palette-und.jpg\",\"contentUrl\":\"https:\\\/\\\/www.strassenweb.de\\\/nachrichten\\\/wp-content\\\/uploads\\\/2025\\\/09\\\/Diese-einstigen-Kueche-wurde-dank-einer-warmen-neutralen-Palette-und.jpg\",\"width\":1600,\"height\":900,\"caption\":\"A warm neutral kitchen with a freestanding wooden island, statement marble countertops and matching backsplash, and a brass sink\"},{\"@type\":\"BreadcrumbList\",\"@id\":\"https:\\\/\\\/www.strassenweb.de\\\/nachrichten\\\/diese-einstigen-kueche-wurde-dank-einer-warmen-neutralen-palette-und-kunstvoller-schichtung-vollstaendig-in-einen-zeitlosen-eleganten-raum-neu-gestaltet\\\/#breadcrumb\",\"itemListElement\":[{\"@type\":\"ListItem\",\"position\":1,\"name\":\"Home\",\"item\":\"https:\\\/\\\/www.strassenweb.de\\\/nachrichten\\\/\"},{\"@type\":\"ListItem\",\"position\":2,\"name\":\"Diese einstigen K\u00fcche wurde dank einer warmen neutralen Palette und kunstvoller Schichtung vollst\u00e4ndig in einen zeitlosen, eleganten Raum neu gestaltet\"}]},{\"@type\":\"WebSite\",\"@id\":\"https:\\\/\\\/www.strassenweb.de\\\/nachrichten\\\/#website\",\"url\":\"https:\\\/\\\/www.strassenweb.de\\\/nachrichten\\\/\",\"name\":\"Stra\u00dfenweb\",\"description\":\"Stra\u00dfenverzeichnis f\u00fcr Deutschland\",\"publisher\":{\"@id\":\"https:\\\/\\\/www.strassenweb.de\\\/nachrichten\\\/#organization\"},\"potentialAction\":[{\"@type\":\"SearchAction\",\"target\":{\"@type\":\"EntryPoint\",\"urlTemplate\":\"https:\\\/\\\/www.strassenweb.de\\\/nachrichten\\\/?s={search_term_string}\"},\"query-input\":{\"@type\":\"PropertyValueSpecification\",\"valueRequired\":true,\"valueName\":\"search_term_string\"}}],\"inLanguage\":\"de\"},{\"@type\":\"Organization\",\"@id\":\"https:\\\/\\\/www.strassenweb.de\\\/nachrichten\\\/#organization\",\"name\":\"Stra\u00dfenweb\",\"url\":\"https:\\\/\\\/www.strassenweb.de\\\/nachrichten\\\/\",\"logo\":{\"@type\":\"ImageObject\",\"inLanguage\":\"de\",\"@id\":\"https:\\\/\\\/www.strassenweb.de\\\/nachrichten\\\/#\\\/schema\\\/logo\\\/image\\\/\",\"url\":\"https:\\\/\\\/www.strassenweb.de\\\/nachrichten\\\/wp-content\\\/uploads\\\/2024\\\/09\\\/cropped-favicon.png\",\"contentUrl\":\"https:\\\/\\\/www.strassenweb.de\\\/nachrichten\\\/wp-content\\\/uploads\\\/2024\\\/09\\\/cropped-favicon.png\",\"width\":512,\"height\":512,\"caption\":\"Stra\u00dfenweb\"},\"image\":{\"@id\":\"https:\\\/\\\/www.strassenweb.de\\\/nachrichten\\\/#\\\/schema\\\/logo\\\/image\\\/\"},\"sameAs\":[\"https:\\\/\\\/www.facebook.com\\\/strassenweb\\\/\"]},{\"@type\":\"Person\",\"@id\":\"https:\\\/\\\/www.strassenweb.de\\\/nachrichten\\\/#\\\/schema\\\/person\\\/87c9c9067f1211da429a744dc5a5aa41\",\"name\":\"Robert Hoffmann\",\"image\":{\"@type\":\"ImageObject\",\"inLanguage\":\"de\",\"@id\":\"https:\\\/\\\/www.strassenweb.de\\\/nachrichten\\\/wp-content\\\/uploads\\\/2024\\\/09\\\/strassenweb-150x150.jpg\",\"url\":\"https:\\\/\\\/www.strassenweb.de\\\/nachrichten\\\/wp-content\\\/uploads\\\/2024\\\/09\\\/strassenweb-150x150.jpg\",\"contentUrl\":\"https:\\\/\\\/www.strassenweb.de\\\/nachrichten\\\/wp-content\\\/uploads\\\/2024\\\/09\\\/strassenweb-150x150.jpg\",\"caption\":\"Robert Hoffmann\"},\"description\":\"Ich hei\u00dfe Robert Hoffmann und ich bin ein leidenschaftlicher Verfechter von \u00d6kologie und Biodiversit\u00e4t. Seit meiner Kindheit in den W\u00e4ldern Bayerns f\u00fchle ich mich mit der Natur verbunden und bin entschlossen, sie zu sch\u00fctzen. Heute widme ich mein Leben der Sensibilisierung anderer f\u00fcr die Bedeutung des Umweltschutzes f\u00fcr zuk\u00fcnftige Generationen.\",\"sameAs\":[\"https:\\\/\\\/www.strassenweb.de\\\/\"]}]}<\/script>\n<!-- \/ Yoast SEO plugin. -->","yoast_head_json":{"title":"Diese einstigen K\u00fcche wurde dank einer warmen neutralen Palette und kunstvoller Schichtung vollst\u00e4ndig in einen zeitlosen, eleganten Raum neu gestaltet - Nachrichten - Stra\u00dfenweb","robots":{"index":"index","follow":"follow","max-snippet":"max-snippet:-1","max-image-preview":"max-image-preview:large","max-video-preview":"max-video-preview:-1"},"canonical":"https:\/\/www.strassenweb.de\/nachrichten\/diese-einstigen-kueche-wurde-dank-einer-warmen-neutralen-palette-und-kunstvoller-schichtung-vollstaendig-in-einen-zeitlosen-eleganten-raum-neu-gestaltet\/","og_locale":"de_DE","og_type":"article","og_title":"Diese einstigen K\u00fcche wurde dank einer warmen neutralen Palette und kunstvoller Schichtung vollst\u00e4ndig in einen zeitlosen, eleganten Raum neu gestaltet - Nachrichten - Stra\u00dfenweb","og_description":"Egal wie sich jedes Jahr die Trends ver\u00e4ndern, Neutrale haben immer einen Platz. Sie bilden die perfekte Basis f\u00fcr jeden Raum, insbesondere eine K\u00fcche, in","og_url":"https:\/\/www.strassenweb.de\/nachrichten\/diese-einstigen-kueche-wurde-dank-einer-warmen-neutralen-palette-und-kunstvoller-schichtung-vollstaendig-in-einen-zeitlosen-eleganten-raum-neu-gestaltet\/","og_site_name":"Stra\u00dfenweb","article_publisher":"https:\/\/www.facebook.com\/strassenweb\/","article_published_time":"2025-09-02T20:40:01+00:00","article_modified_time":"2025-09-02T20:40:02+00:00","og_image":[{"width":1600,"height":900,"url":"https:\/\/www.strassenweb.de\/nachrichten\/wp-content\/uploads\/2025\/09\/Diese-einstigen-Kueche-wurde-dank-einer-warmen-neutralen-Palette-und.jpg","type":"image\/jpeg"}],"author":"Robert Hoffmann","twitter_card":"summary_large_image","twitter_misc":{"Verfasst von":"Robert Hoffmann","Gesch\u00e4tzte Lesezeit":"5\u00a0Minuten"},"schema":{"@context":"https:\/\/schema.org","@graph":[{"@type":"Article","@id":"https:\/\/www.strassenweb.de\/nachrichten\/diese-einstigen-kueche-wurde-dank-einer-warmen-neutralen-palette-und-kunstvoller-schichtung-vollstaendig-in-einen-zeitlosen-eleganten-raum-neu-gestaltet\/#article","isPartOf":{"@id":"https:\/\/www.strassenweb.de\/nachrichten\/diese-einstigen-kueche-wurde-dank-einer-warmen-neutralen-palette-und-kunstvoller-schichtung-vollstaendig-in-einen-zeitlosen-eleganten-raum-neu-gestaltet\/"},"author":{"name":"Robert Hoffmann","@id":"https:\/\/www.strassenweb.de\/nachrichten\/#\/schema\/person\/87c9c9067f1211da429a744dc5a5aa41"},"headline":"Diese einstigen K\u00fcche wurde dank einer warmen neutralen Palette und kunstvoller Schichtung vollst\u00e4ndig in einen zeitlosen, eleganten Raum neu gestaltet","datePublished":"2025-09-02T20:40:01+00:00","dateModified":"2025-09-02T20:40:02+00:00","mainEntityOfPage":{"@id":"https:\/\/www.strassenweb.de\/nachrichten\/diese-einstigen-kueche-wurde-dank-einer-warmen-neutralen-palette-und-kunstvoller-schichtung-vollstaendig-in-einen-zeitlosen-eleganten-raum-neu-gestaltet\/"},"wordCount":964,"publisher":{"@id":"https:\/\/www.strassenweb.de\/nachrichten\/#organization"},"image":{"@id":"https:\/\/www.strassenweb.de\/nachrichten\/diese-einstigen-kueche-wurde-dank-einer-warmen-neutralen-palette-und-kunstvoller-schichtung-vollstaendig-in-einen-zeitlosen-eleganten-raum-neu-gestaltet\/#primaryimage"},"thumbnailUrl":"https:\/\/www.strassenweb.de\/nachrichten\/wp-content\/uploads\/2025\/09\/Diese-einstigen-Kueche-wurde-dank-einer-warmen-neutralen-Palette-und.jpg","keywords":["dank","diese","einen","einer","einstigen","eleganten","gestaltet","K\u00fcche","kunstvoller","neu","neutralen","Palette","Raum","Schichtung","und","vollst\u00e4ndig","w\u00e4rmen","w\u00fcrde","zeitlosen"],"articleSection":["Haus &amp; Garten"],"inLanguage":"de"},{"@type":"WebPage","@id":"https:\/\/www.strassenweb.de\/nachrichten\/diese-einstigen-kueche-wurde-dank-einer-warmen-neutralen-palette-und-kunstvoller-schichtung-vollstaendig-in-einen-zeitlosen-eleganten-raum-neu-gestaltet\/","url":"https:\/\/www.strassenweb.de\/nachrichten\/diese-einstigen-kueche-wurde-dank-einer-warmen-neutralen-palette-und-kunstvoller-schichtung-vollstaendig-in-einen-zeitlosen-eleganten-raum-neu-gestaltet\/","name":"Diese einstigen K\u00fcche wurde dank einer warmen neutralen Palette und kunstvoller Schichtung vollst\u00e4ndig in einen zeitlosen, eleganten Raum neu gestaltet - Nachrichten - Stra\u00dfenweb","isPartOf":{"@id":"https:\/\/www.strassenweb.de\/nachrichten\/#website"},"primaryImageOfPage":{"@id":"https:\/\/www.strassenweb.de\/nachrichten\/diese-einstigen-kueche-wurde-dank-einer-warmen-neutralen-palette-und-kunstvoller-schichtung-vollstaendig-in-einen-zeitlosen-eleganten-raum-neu-gestaltet\/#primaryimage"},"image":{"@id":"https:\/\/www.strassenweb.de\/nachrichten\/diese-einstigen-kueche-wurde-dank-einer-warmen-neutralen-palette-und-kunstvoller-schichtung-vollstaendig-in-einen-zeitlosen-eleganten-raum-neu-gestaltet\/#primaryimage"},"thumbnailUrl":"https:\/\/www.strassenweb.de\/nachrichten\/wp-content\/uploads\/2025\/09\/Diese-einstigen-Kueche-wurde-dank-einer-warmen-neutralen-Palette-und.jpg","datePublished":"2025-09-02T20:40:01+00:00","dateModified":"2025-09-02T20:40:02+00:00","breadcrumb":{"@id":"https:\/\/www.strassenweb.de\/nachrichten\/diese-einstigen-kueche-wurde-dank-einer-warmen-neutralen-palette-und-kunstvoller-schichtung-vollstaendig-in-einen-zeitlosen-eleganten-raum-neu-gestaltet\/#breadcrumb"},"inLanguage":"de","potentialAction":[{"@type":"ReadAction","target":["https:\/\/www.strassenweb.de\/nachrichten\/diese-einstigen-kueche-wurde-dank-einer-warmen-neutralen-palette-und-kunstvoller-schichtung-vollstaendig-in-einen-zeitlosen-eleganten-raum-neu-gestaltet\/"]}]},{"@type":"ImageObject","inLanguage":"de","@id":"https:\/\/www.strassenweb.de\/nachrichten\/diese-einstigen-kueche-wurde-dank-einer-warmen-neutralen-palette-und-kunstvoller-schichtung-vollstaendig-in-einen-zeitlosen-eleganten-raum-neu-gestaltet\/#primaryimage","url":"https:\/\/www.strassenweb.de\/nachrichten\/wp-content\/uploads\/2025\/09\/Diese-einstigen-Kueche-wurde-dank-einer-warmen-neutralen-Palette-und.jpg","contentUrl":"https:\/\/www.strassenweb.de\/nachrichten\/wp-content\/uploads\/2025\/09\/Diese-einstigen-Kueche-wurde-dank-einer-warmen-neutralen-Palette-und.jpg","width":1600,"height":900,"caption":"A warm neutral kitchen with a freestanding wooden island, statement marble countertops and matching backsplash, and a brass sink"},{"@type":"BreadcrumbList","@id":"https:\/\/www.strassenweb.de\/nachrichten\/diese-einstigen-kueche-wurde-dank-einer-warmen-neutralen-palette-und-kunstvoller-schichtung-vollstaendig-in-einen-zeitlosen-eleganten-raum-neu-gestaltet\/#breadcrumb","itemListElement":[{"@type":"ListItem","position":1,"name":"Home","item":"https:\/\/www.strassenweb.de\/nachrichten\/"},{"@type":"ListItem","position":2,"name":"Diese einstigen K\u00fcche wurde dank einer warmen neutralen Palette und kunstvoller Schichtung vollst\u00e4ndig in einen zeitlosen, eleganten Raum neu gestaltet"}]},{"@type":"WebSite","@id":"https:\/\/www.strassenweb.de\/nachrichten\/#website","url":"https:\/\/www.strassenweb.de\/nachrichten\/","name":"Stra\u00dfenweb","description":"Stra\u00dfenverzeichnis f\u00fcr Deutschland","publisher":{"@id":"https:\/\/www.strassenweb.de\/nachrichten\/#organization"},"potentialAction":[{"@type":"SearchAction","target":{"@type":"EntryPoint","urlTemplate":"https:\/\/www.strassenweb.de\/nachrichten\/?s={search_term_string}"},"query-input":{"@type":"PropertyValueSpecification","valueRequired":true,"valueName":"search_term_string"}}],"inLanguage":"de"},{"@type":"Organization","@id":"https:\/\/www.strassenweb.de\/nachrichten\/#organization","name":"Stra\u00dfenweb","url":"https:\/\/www.strassenweb.de\/nachrichten\/","logo":{"@type":"ImageObject","inLanguage":"de","@id":"https:\/\/www.strassenweb.de\/nachrichten\/#\/schema\/logo\/image\/","url":"https:\/\/www.strassenweb.de\/nachrichten\/wp-content\/uploads\/2024\/09\/cropped-favicon.png","contentUrl":"https:\/\/www.strassenweb.de\/nachrichten\/wp-content\/uploads\/2024\/09\/cropped-favicon.png","width":512,"height":512,"caption":"Stra\u00dfenweb"},"image":{"@id":"https:\/\/www.strassenweb.de\/nachrichten\/#\/schema\/logo\/image\/"},"sameAs":["https:\/\/www.facebook.com\/strassenweb\/"]},{"@type":"Person","@id":"https:\/\/www.strassenweb.de\/nachrichten\/#\/schema\/person\/87c9c9067f1211da429a744dc5a5aa41","name":"Robert Hoffmann","image":{"@type":"ImageObject","inLanguage":"de","@id":"https:\/\/www.strassenweb.de\/nachrichten\/wp-content\/uploads\/2024\/09\/strassenweb-150x150.jpg","url":"https:\/\/www.strassenweb.de\/nachrichten\/wp-content\/uploads\/2024\/09\/strassenweb-150x150.jpg","contentUrl":"https:\/\/www.strassenweb.de\/nachrichten\/wp-content\/uploads\/2024\/09\/strassenweb-150x150.jpg","caption":"Robert Hoffmann"},"description":"Ich hei\u00dfe Robert Hoffmann und ich bin ein leidenschaftlicher Verfechter von \u00d6kologie und Biodiversit\u00e4t. Seit meiner Kindheit in den W\u00e4ldern Bayerns f\u00fchle ich mich mit der Natur verbunden und bin entschlossen, sie zu sch\u00fctzen. Heute widme ich mein Leben der Sensibilisierung anderer f\u00fcr die Bedeutung des Umweltschutzes f\u00fcr zuk\u00fcnftige Generationen.","sameAs":["https:\/\/www.strassenweb.de\/"]}]}},"_links":{"self":[{"href":"https:\/\/www.strassenweb.de\/nachrichten\/wp-json\/wp\/v2\/posts\/7419","targetHints":{"allow":["GET"]}}],"collection":[{"href":"https:\/\/www.strassenweb.de\/nachrichten\/wp-json\/wp\/v2\/posts"}],"about":[{"href":"https:\/\/www.strassenweb.de\/nachrichten\/wp-json\/wp\/v2\/types\/post"}],"author":[{"embeddable":true,"href":"https:\/\/www.strassenweb.de\/nachrichten\/wp-json\/wp\/v2\/users\/1"}],"replies":[{"embeddable":true,"href":"https:\/\/www.strassenweb.de\/nachrichten\/wp-json\/wp\/v2\/comments?post=7419"}],"version-history":[{"count":0,"href":"https:\/\/www.strassenweb.de\/nachrichten\/wp-json\/wp\/v2\/posts\/7419\/revisions"}],"wp:featuredmedia":[{"embeddable":true,"href":"https:\/\/www.strassenweb.de\/nachrichten\/wp-json\/wp\/v2\/media\/7420"}],"wp:attachment":[{"href":"https:\/\/www.strassenweb.de\/nachrichten\/wp-json\/wp\/v2\/media?parent=7419"}],"wp:term":[{"taxonomy":"category","embeddable":true,"href":"https:\/\/www.strassenweb.de\/nachrichten\/wp-json\/wp\/v2\/categories?post=7419"},{"taxonomy":"post_tag","embeddable":true,"href":"https:\/\/www.strassenweb.de\/nachrichten\/wp-json\/wp\/v2\/tags?post=7419"}],"curies":[{"name":"wp","href":"https:\/\/api.w.org\/{rel}","templated":true}]}}