{"id":7416,"date":"2025-09-02T19:43:28","date_gmt":"2025-09-02T17:43:28","guid":{"rendered":"https:\/\/www.strassenweb.de\/nachrichten\/ich-war-gerade-im-cape-cod-of-europe\/"},"modified":"2025-09-02T19:43:28","modified_gmt":"2025-09-02T17:43:28","slug":"ich-war-gerade-im-cape-cod-of-europe","status":"publish","type":"post","link":"https:\/\/www.strassenweb.de\/nachrichten\/ich-war-gerade-im-cape-cod-of-europe\/","title":{"rendered":"Ich war gerade im &#8218;Cape Cod of Europe&#8216;"},"content":{"rendered":"<p><\/p>\n<div id=\"article-body\" class=\"article__body \">\n<p id=\"1118148b-b76b-4a28-aaae-1d363605c9b7\">Ich bin gerade von einer Reise nach Cap Ferret und Arcachon zur\u00fcckgekehrt &#8211; zwei schicke Enklaven vor der K\u00fcste von Bordeaux in Frankreich, die oft als &#8218;bezeichnet werden.<em>Cape Cod of Europa<\/em>. &#8218;<\/p>\n<div id=\"ad-unit-1\" class=\"ad-unit\"><\/div>\n<p>Aber w\u00e4hrend der Spitzname auf den bekannten New England -Charme hinweist, war das, was mich am meisten beeindruckte, wie unterschiedlich die franz\u00f6sische Herangehensweise an das K\u00fcstendekor ist. Es sind nicht alle Marinestreifen und Muscheldekorationen; Stattdessen gingen die H\u00e4user und Hotels, die ich betreten, weit \u00fcber Klischees hinaus.<\/p>\n<aside data-block-type=\"embed\" data-render-type=\"fte\" data-skip=\"dealsy\" data-widget-type=\"seasonal\" class=\"hawk-base\"><\/aside>\n<p id=\"1118148b-b76b-4a28-aaae-1d363605c9b7-2\">Die Innenr\u00e4ume waren sicherlich luftig und gelebt, ja, aber sie sind auch \u00fcberlagert, schick und voller subtiler \u00dcberraschungen, die Sie dazu inspirieren k\u00f6nnen, Ihren von Meer inspirierten Innenarchitekten ein wenig aus Ihrer Komfortzone herauszuschieben. Hier erfahren Sie, wie man den K\u00fcstenstil mit einem franz\u00f6sischen Akzent probiert.<\/p>\n<div class=\"van_vid_carousel\">\n<div class=\"van_vid_carousel__padding\">\n<div class=\"van_vid_carousel__container\"><\/div>\n<\/div>\n<\/div>\n<h2 id=\"6-ways-to-switch-up-your-coastal-style-the-french-way-3\">6 M\u00f6glichkeiten, Ihren K\u00fcstenstil auf franz\u00f6sische Weise zu wechseln<\/h2>\n<div class=\"instagram-embed\" id=\"DB9Q64Kqhts\">\n<blockquote class=\"instagram-media\" data-instgrm-captioned data-instgrm-version=\"6\" style=\"width:99.375%; width:-webkit-calc(100% - 2px); width:calc(100% - 2px);\">\n<p>Ein Beitrag, der von H\u00f4tel de la Plage, Cap-Ferret (@hoteldelaplage_capferret) geteilt wird<\/p>\n<p>Ein Foto von on <\/p>\n<\/blockquote>\n<\/div>\n<p id=\"2e48baf3-2615-4bf8-bf25-6757322dcb36\">Dieser schicke Hotspot befindet sich im Bassin d&#8217;Arcachon vor der S\u00fcdwestk\u00fcste Frankreichs und ist auch als &#8218;bekannt als&#8216; bekannt.<em>Hamptons von Bordeaux &#8218;<\/em>. Hier wandern die Stadtbesch\u00e4ftigten Frankreichs f\u00fcr den Sommer, um ein paar Wochen, die von riesigen K\u00fcstenfl\u00e4chen umgeben sind, den weichsten Sand, den ich in Europa erlebt habe, und den besten Austern, die ich je probiert habe.<\/p>\n<div id=\"ad-unit-2\" class=\"ad-unit\"><\/div>\n<p>Nicht zu verwechseln mit der glamour\u00f6sen Kappe Ferrat auf der franz\u00f6sischen Riviera ist dieses K\u00fcstenziel f\u00fcr seine mit Kiefern ges\u00e4umten Stra\u00dfen ber\u00fchmt, die sich auf das Meer erstrecken, ikonische Holzh\u00fctten (<em>Cabanes<\/em>) In lebhaften Farben, die die Austernh\u00fctten seiner Urspr\u00fcnge aus dem 19. Jahrhundert nachahmen, und einige der schicksten Bistros und Patisserien, die ich je besucht habe.<\/p>\n<p>Als ich nach Hause kam, konnte ich nicht aufh\u00f6ren, dar\u00fcber nachzudenken, wie es diesen R\u00e4umen schaffte, das Leichtigkeit des K\u00fcstenlebens zu erobern, ohne in vorhersehbaren nautischen Stil zu geraten. Hier ist alles, was ich gelernt habe, um Strand am Leben eine franz\u00f6sische Wendung zu geben.<\/p>\n<h3 class=\"article-body__section\" id=\"section-1-ditch-crisp-whites-for-buttery-cream\"><span>1. Graben knusprig Wei\u00dfe f\u00fcr Buttercreme<\/span><\/h3>\n<div class=\"instagram-embed\" id=\"C7EIxKdMVKh\">\n<blockquote class=\"instagram-media\" data-instgrm-captioned data-instgrm-version=\"6\" style=\"width:99.375%; width:-webkit-calc(100% - 2px); width:calc(100% - 2px);\">\n<p>Ein Beitrag, der von H\u00f4tel de la Plage, Cap-Ferret (@hoteldelaplage_capferret) geteilt wird<\/p>\n<p>Ein Foto von on <\/p>\n<\/blockquote>\n<\/div>\n<p id=\"ba82d73b-f0f5-42cf-b299-7c717a0cb91b\">Eines der ersten Dinge, die ich sowohl \u00fcber das Innere als auch das \u00c4u\u00dfere der H\u00e4user und Hotels hier bemerkte, war, wie wenig wahres Wei\u00df ich sah. Anstelle der hellen, knusprigen Wei\u00dfen, die so viele K\u00fcstenschemata dominieren, schleudern die franz\u00f6sischen sich w\u00e4rmeren Farben wie Elfenbein, Creme und Buttergelb.<\/p>\n<div id=\"slice-container-newsletterForm-articleInbodyContent-zocViPceuXwiLqD6UdTuX\" class=\"slice-container newsletter-inbodyContent-slice newsletterForm-articleInbodyContent-zocViPceuXwiLqD6UdTuX slice-container-newsletterForm\"><\/div>\n<p>Diese weicheren Farbt\u00f6ne f\u00fchlen sich reichhaltiger und einladender an als frisches Wei\u00df und verleihen den R\u00e4umen das ganze Jahr \u00fcber ein fast sonnenverw\u00f6hntes Leuchten. Es ist eine subtile Verschiebung, aber eine, die einen gro\u00dfen Unterschied bei der Schaffung eines Hauses ausmacht, das sich eher einladend als krasse anf\u00fchlt.<\/p>\n<p>Dieser Ansatz zur Dekoration mit Neutralen bietet R\u00e4ume einen Hauch von ruhigem Luxus &#8211; es ist ein Look, der fl\u00fcstert: altes Geld, Eleganz und diese Laut, so lange wie die K\u00fcste zu sein.<\/p>\n<h3 class=\"article-body__section\" id=\"section-2-embrace-bolder-colorful-stripes\"><span>2. Umarmen Sie mutige, farbenfrohe Streifen<\/span><\/h3>\n<figure class=\"van-image-figure inline-layout \" data-bordeaux-image-check id=\"8af36107-f03b-42ae-8e9e-0ca6f740c168\">\n<div class=\"image-full-width-wrapper\">\n<div class=\"image-widthsetter\" style=\"max-width:2000px;\"><\/div>\n<\/div>\n<\/figure>\n<p id=\"912ee718-7f46-4061-915f-34492cde9c2a\">Vergessen Sie klassische Wei\u00df- und Marinestreifen; Dies ist ein Bereich, der mit Streifen mit viel mehr Begeisterung dekoriert.<\/p>\n<p>Von den gelben und gr\u00fcn gestreiften Regenschirmen, die Sie im Hafen des Kappenfrettels begr\u00fc\u00dfen, w\u00e4hrend Sie die \u00dcberquerung \u00fcber den Bassin bis hin zu den gr\u00fcn-aufgr\u00fcnen gestreiften Bistros und einer rot-wei\u00df-streiften Kirche mit roter und wei\u00dfer wei\u00dfer Streifen, \u00fcberrascht, \u00fcberrascht zu sehen, dass Stripe in diesem ziemlich einzigartigen Teil Frankreichs streifen.<\/p>\n<p>Streifen sind nat\u00fcrlich ein klassisches K\u00fcstenmotiv, aber sie m\u00fcssen sich nicht auf die Dekoration mit Blau und Wei\u00df beschr\u00e4nken. Unerwartete Farbkombinationen k\u00f6nnen einen Raum erfreulicher machen, aber immer noch in der Tradition \u00fcberlagert werden &#8211; und lassen Sie sich Ihre Inspiration von lebhaften Deckst\u00fchlen, Strandh\u00fctten und Vintage -K\u00fcstenmode f\u00fcr ein gestreiftes Badezimmer, ein Schlafzimmer oder ein Wohnzimmer -Neutrage machen.<\/p>\n<h3 class=\"article-body__section\" id=\"section-3-choose-sea-greens-over-traditional-blue\"><span>3. W\u00e4hlen Sie Meeresgr\u00fcn \u00fcber traditionelles Blau <\/span><\/h3>\n<figure class=\"van-image-figure inline-layout \" data-bordeaux-image-check id=\"dee06b46-597d-46e8-bde8-cee01e7bb067\">\n<div class=\"image-full-width-wrapper\">\n<div class=\"image-widthsetter\" style=\"max-width:2000px;\"><\/div>\n<\/div>\n<\/figure>\n<p id=\"fc7ec0fd-959c-40af-9d3f-cf5c474eb31f\">In diesem Teil Frankreichs sprechen Sea Greens viel mehr als das offensichtlichere Blau.<\/p>\n<p>Denken Sie an weiche, ged\u00e4mpfte Sea -Ofoam-, Pistazien (es w\u00e4re kein Urlaub ohne Eisschatten), Celadon und Waldgr\u00fcn, die den Kiefernwald widerspiegeln, der die K\u00fcste hier in Arachon trifft.<\/p>\n<p>Sea Greens sind unglaublich geerdet. Sie schaffen das gleiche Gef\u00fchl der Frische, das Sie von Blau bekommen w\u00fcrden, aber mit einem weicheren, organischeren Gef\u00fchl, und anstatt sich \u00fcberm\u00e4\u00dfig thematisiert oder wie ein Schema von K\u00fcstenbezahlen zu f\u00fchlen, f\u00fchlte sich die Palette authentisch und zeitlos f\u00fcr die Umgebung.<\/p>\n<h3 class=\"article-body__section\" id=\"section-4-rope-twists-triumph-over-rattan\"><span>4. Seildrehungen triumphieren \u00fcber Rattan<\/span><\/h3>\n<figure class=\"van-image-figure inline-layout \" data-bordeaux-image-check id=\"54e40ade-d368-41dc-a63e-bc882ffa5835\">\n<div class=\"image-full-width-wrapper\">\n<div class=\"image-widthsetter\" style=\"max-width:2000px;\"><\/div>\n<\/div>\n<\/figure>\n<p id=\"6378495c-86c3-4541-8481-8e1c3d533b93\">Eine der gr\u00f6\u00dften \u00dcberraschungen f\u00fcr mich an dieser franz\u00f6sischen K\u00fcste war, wie subtil die nautischen Referenzen waren.<\/p>\n<p>Es waren wenig bis gar keine Anker oder Muscheln zu finden. Stattdessen waren die Details mehr in der \u00f6rtlichen Austern- und Fischerkultur mit subtilen Referenzen wie Seilakzenten-von klobiger verdrehter Beleuchtung bis hin zu zarten, mit Jute umgestickten Spiegeln-geerdet, die eine raffinierte Anspielung auf die \u00c4sthetik der Fischerei \u00e4sthetisch boten, ohne sich in Kitsch zu geben.<\/p>\n<p>Das Geschichtenerz\u00e4hlen ist subtil und doch wirkungsvoll &#8211; ich habe auch Austernk\u00f6rbe entdeckt, die als Beleuchtungsk\u00f6rper und dicke nautische Seile, die als Vorhangfleisch verwendet wurden, umgesetzt wurden. Im Vergleich zum Rattan-starken Strandhaus-Look sehen wir diese Seite des Atlantiks oft stimmungsvoller, eine Ber\u00fchrungs-Antike und weitaus authentischer.<\/p>\n<h3 class=\"article-body__section\" id=\"section-5-replace-shiplap-with-tongue-and-groove\"><span>5. Ersetzen Sie Shiplap durch Zunge und Rille<\/span><\/h3>\n<div class=\"instagram-embed\" id=\"C6_k30nMKo7\">\n<blockquote class=\"instagram-media\" data-instgrm-captioned data-instgrm-version=\"6\" style=\"width:99.375%; width:-webkit-calc(100% - 2px); width:calc(100% - 2px);\">\n<p>Ein Beitrag, der von H\u00f4tel de la Plage, Cap-Ferret (@hoteldelaplage_capferret) geteilt wird<\/p>\n<p>Ein Foto von on <\/p>\n<\/blockquote>\n<\/div>\n<p id=\"1190e55f-68e4-4934-af0a-232c9185d95b\">Als ich durch Cap Ferret ging, erkannte ich einen weiteren gro\u00dfen Unterschied in der franz\u00f6sischen Herangehensweise an die K\u00fcste innenr\u00e4umen: Sie werden keine endlosen Abschnitte der wei\u00dfen Shiplap -Wandvert\u00e4felungen finden.<\/p>\n<p>Stattdessen nehmen die Zungen- und Rillenverkleidung vertikal ihren Platz ein. Der Look ist raffinierter und verleiht den W\u00e4nden einen Rhythmus und eine Textur ohne das rustikale Bauernhaus, das Shiplap manchmal bringen kann. In cremigen T\u00f6nen schuf es eine ruhige Kulisse f\u00fcr das nat\u00fcrliche Holz und die Leinen, die ich in jeden Raum geschichtet habe.<\/p>\n<p>Die vertikalen Linien zeichnen das Auge nach oben, verst\u00e4rken die H\u00f6he und machen selbst die kompaktesten R\u00e4ume am Meer. Und im Gegensatz zu Shiplaps robusteres Aussehen verleihen Zungen- und Rillenpaneele auf viel elegantere Weise Charakter in einem Raum. Sie k\u00f6nnen nacktes Holz gelassen werden, in einem reichen Abgang gebeizt oder in einem weichen Salbei oder Sandton gemalt werden, der zur K\u00fcstenpalette nickt.<\/p>\n<h3 class=\"article-body__section\" id=\"section-6-pops-of-red-seal-the-deal\"><span>6. Pops Red Seal the Deal<\/span><\/h3>\n<figure class=\"van-image-figure inline-layout \" data-bordeaux-image-check id=\"fee7b1f9-cc70-4527-a1cb-cb830a285fec\">\n<div class=\"image-full-width-wrapper\">\n<div class=\"image-widthsetter\" style=\"max-width:2000px;\"><\/div>\n<\/div>\n<\/figure>\n<p id=\"af68fe96-4ce8-4bad-a7a3-d6274fa7fbe2\">Meine gr\u00f6\u00dfte \u00dcberraschung war die Verwendung von unerwarteten Rot, die in diesen subtilen Schemata zu sehen waren.<\/p>\n<p>Aber von Bistro -St\u00fchlen bis zur Architektur und dem ber\u00fchmten Leuchtturm wurden in dieser K\u00fcstenregion sorgf\u00e4ltig platziert. Der Schl\u00fcssel war jedoch, dass es nicht so war, dass das Rot \u00fcberall war, aber es war immer <em>irgendwo<\/em>. Es war vielleicht ein einzelner Streifen in einem Caf\u00e9 -Vorhang, ein lackierter Caf\u00e9 -Tisch oder die Verkleidung einer T\u00fcr, aber es gab dem Raum immer einen spielerischen Aufzug.<\/p>\n<p>Diese kleinen roten F\u00e4den haben die Schl\u00e4frigkeit einer K\u00fcstenstadt gegen die weichere Palette von Cremes, Meeresgr\u00fcns und nat\u00fcrlichen Texturen energetisiert. Diese Hinweise auf rote f\u00fchlten sich wie ein willkommener Farbpunsch an, ohne sich \u00fcberw\u00e4ltigend zu f\u00fchlen.<\/p>\n<h2 id=\"shop-the-french-coastal-look-3\">Kaufen Sie den franz\u00f6sischen K\u00fcstenaussehen ein<\/h2>\n<div class=\"product-container hero-product-container product-block-no-wrap\">\n<div class=\"product-block-row\"><\/div>\n<div class=\"product-block-row\"><\/div>\n<div class=\"product-block-row\"><\/div>\n<\/div>\n<hr id=\"acd6d7bb-9790-4a83-882d-78b3939e3fe5\">\n<p id=\"aa4e0111-4a6e-496f-ad09-5c536fc2d5d8\">F\u00fcr mich ist das gr\u00f6\u00dfte Mitnehmen, dass die K\u00fcsteninnere nicht formelhaft sein m\u00fcssen, um sich frisch zu f\u00fchlen. Mit ein paar nachdenklichen Anpassungen wie dem Austausch von Stark White gegen Creme, der Einf\u00fchrung einiger Pops Sea Greens oder Rotes und dem Hinzuf\u00fcgen von Vintage-inspirierten fischfreundlichen Details k\u00f6nnen Sie den franz\u00f6sischen Weg einen Hauch von l\u00e4ssiger, K\u00fcstenstil nach Hause bringen.<\/p>\n<\/div>\n<p><script async src=\"\/\/www.instagram.com\/embed.js\"><\/script><\/p>\n","protected":false},"excerpt":{"rendered":"<p>Ich bin gerade von einer Reise nach Cap Ferret und Arcachon zur\u00fcckgekehrt &#8211; zwei schicke Enklaven vor der K\u00fcste von Bordeaux in Frankreich, die oft<\/p>\n","protected":false},"author":1,"featured_media":7417,"comment_status":"closed","ping_status":"","sticky":false,"template":"","format":"standard","meta":{"footnotes":""},"categories":[118],"tags":[9857,9858,9859,495,129,1495],"class_list":["post-7416","post","type-post","status-publish","format-standard","has-post-thumbnail","hentry","category-haus-garten","tag-cape","tag-cod","tag-europe","tag-gerade","tag-ich","tag-war","generate-columns","tablet-grid-50","mobile-grid-100","grid-parent","grid-50"],"yoast_head":"<!-- This site is optimized with the Yoast SEO plugin v27.3 - https:\/\/yoast.com\/product\/yoast-seo-wordpress\/ -->\n<title>Ich war gerade im &#039;Cape Cod of Europe&#039; - Nachrichten - Stra\u00dfenweb<\/title>\n<meta name=\"robots\" content=\"index, follow, max-snippet:-1, max-image-preview:large, max-video-preview:-1\" \/>\n<link rel=\"canonical\" href=\"https:\/\/www.strassenweb.de\/nachrichten\/ich-war-gerade-im-cape-cod-of-europe\/\" \/>\n<meta property=\"og:locale\" content=\"de_DE\" \/>\n<meta property=\"og:type\" content=\"article\" \/>\n<meta property=\"og:title\" content=\"Ich war gerade im &#039;Cape Cod of Europe&#039; - Nachrichten - Stra\u00dfenweb\" \/>\n<meta property=\"og:description\" content=\"Ich bin gerade von einer Reise nach Cap Ferret und Arcachon zur\u00fcckgekehrt &#8211; zwei schicke Enklaven vor der K\u00fcste von Bordeaux in Frankreich, die oft\" \/>\n<meta property=\"og:url\" content=\"https:\/\/www.strassenweb.de\/nachrichten\/ich-war-gerade-im-cape-cod-of-europe\/\" \/>\n<meta property=\"og:site_name\" content=\"Stra\u00dfenweb\" \/>\n<meta property=\"article:publisher\" content=\"https:\/\/www.facebook.com\/strassenweb\/\" \/>\n<meta property=\"article:published_time\" content=\"2025-09-02T17:43:28+00:00\" \/>\n<meta property=\"og:image\" content=\"https:\/\/www.strassenweb.de\/nachrichten\/wp-content\/uploads\/2025\/09\/Ich-war-gerade-im-Cape-Cod-of-Europe.jpg\" \/>\n\t<meta property=\"og:image:width\" content=\"1600\" \/>\n\t<meta property=\"og:image:height\" content=\"900\" \/>\n\t<meta property=\"og:image:type\" content=\"image\/jpeg\" \/>\n<meta name=\"author\" content=\"Robert Hoffmann\" \/>\n<meta name=\"twitter:card\" content=\"summary_large_image\" \/>\n<meta name=\"twitter:label1\" content=\"Verfasst von\" \/>\n\t<meta name=\"twitter:data1\" content=\"Robert Hoffmann\" \/>\n\t<meta name=\"twitter:label2\" content=\"Gesch\u00e4tzte Lesezeit\" \/>\n\t<meta name=\"twitter:data2\" content=\"6\u00a0Minuten\" \/>\n<script type=\"application\/ld+json\" class=\"yoast-schema-graph\">{\"@context\":\"https:\\\/\\\/schema.org\",\"@graph\":[{\"@type\":\"Article\",\"@id\":\"https:\\\/\\\/www.strassenweb.de\\\/nachrichten\\\/ich-war-gerade-im-cape-cod-of-europe\\\/#article\",\"isPartOf\":{\"@id\":\"https:\\\/\\\/www.strassenweb.de\\\/nachrichten\\\/ich-war-gerade-im-cape-cod-of-europe\\\/\"},\"author\":{\"name\":\"Robert Hoffmann\",\"@id\":\"https:\\\/\\\/www.strassenweb.de\\\/nachrichten\\\/#\\\/schema\\\/person\\\/87c9c9067f1211da429a744dc5a5aa41\"},\"headline\":\"Ich war gerade im &#8218;Cape Cod of Europe&#8216;\",\"datePublished\":\"2025-09-02T17:43:28+00:00\",\"mainEntityOfPage\":{\"@id\":\"https:\\\/\\\/www.strassenweb.de\\\/nachrichten\\\/ich-war-gerade-im-cape-cod-of-europe\\\/\"},\"wordCount\":1310,\"publisher\":{\"@id\":\"https:\\\/\\\/www.strassenweb.de\\\/nachrichten\\\/#organization\"},\"image\":{\"@id\":\"https:\\\/\\\/www.strassenweb.de\\\/nachrichten\\\/ich-war-gerade-im-cape-cod-of-europe\\\/#primaryimage\"},\"thumbnailUrl\":\"https:\\\/\\\/www.strassenweb.de\\\/nachrichten\\\/wp-content\\\/uploads\\\/2025\\\/09\\\/Ich-war-gerade-im-Cape-Cod-of-Europe.jpg\",\"keywords\":[\"Cape\",\"Cod\",\"Europe\",\"gerade\",\"ich\",\"war\"],\"articleSection\":[\"Haus &amp; Garten\"],\"inLanguage\":\"de\"},{\"@type\":\"WebPage\",\"@id\":\"https:\\\/\\\/www.strassenweb.de\\\/nachrichten\\\/ich-war-gerade-im-cape-cod-of-europe\\\/\",\"url\":\"https:\\\/\\\/www.strassenweb.de\\\/nachrichten\\\/ich-war-gerade-im-cape-cod-of-europe\\\/\",\"name\":\"Ich war gerade im 'Cape Cod of Europe' - Nachrichten - Stra\u00dfenweb\",\"isPartOf\":{\"@id\":\"https:\\\/\\\/www.strassenweb.de\\\/nachrichten\\\/#website\"},\"primaryImageOfPage\":{\"@id\":\"https:\\\/\\\/www.strassenweb.de\\\/nachrichten\\\/ich-war-gerade-im-cape-cod-of-europe\\\/#primaryimage\"},\"image\":{\"@id\":\"https:\\\/\\\/www.strassenweb.de\\\/nachrichten\\\/ich-war-gerade-im-cape-cod-of-europe\\\/#primaryimage\"},\"thumbnailUrl\":\"https:\\\/\\\/www.strassenweb.de\\\/nachrichten\\\/wp-content\\\/uploads\\\/2025\\\/09\\\/Ich-war-gerade-im-Cape-Cod-of-Europe.jpg\",\"datePublished\":\"2025-09-02T17:43:28+00:00\",\"breadcrumb\":{\"@id\":\"https:\\\/\\\/www.strassenweb.de\\\/nachrichten\\\/ich-war-gerade-im-cape-cod-of-europe\\\/#breadcrumb\"},\"inLanguage\":\"de\",\"potentialAction\":[{\"@type\":\"ReadAction\",\"target\":[\"https:\\\/\\\/www.strassenweb.de\\\/nachrichten\\\/ich-war-gerade-im-cape-cod-of-europe\\\/\"]}]},{\"@type\":\"ImageObject\",\"inLanguage\":\"de\",\"@id\":\"https:\\\/\\\/www.strassenweb.de\\\/nachrichten\\\/ich-war-gerade-im-cape-cod-of-europe\\\/#primaryimage\",\"url\":\"https:\\\/\\\/www.strassenweb.de\\\/nachrichten\\\/wp-content\\\/uploads\\\/2025\\\/09\\\/Ich-war-gerade-im-Cape-Cod-of-Europe.jpg\",\"contentUrl\":\"https:\\\/\\\/www.strassenweb.de\\\/nachrichten\\\/wp-content\\\/uploads\\\/2025\\\/09\\\/Ich-war-gerade-im-Cape-Cod-of-Europe.jpg\",\"width\":1600,\"height\":900,\"caption\":\"hotel de la plage in cap ferret, france with yellow and red wooden building and tables set outside\"},{\"@type\":\"BreadcrumbList\",\"@id\":\"https:\\\/\\\/www.strassenweb.de\\\/nachrichten\\\/ich-war-gerade-im-cape-cod-of-europe\\\/#breadcrumb\",\"itemListElement\":[{\"@type\":\"ListItem\",\"position\":1,\"name\":\"Home\",\"item\":\"https:\\\/\\\/www.strassenweb.de\\\/nachrichten\\\/\"},{\"@type\":\"ListItem\",\"position\":2,\"name\":\"Ich war gerade im &#8218;Cape Cod of Europe&#8216;\"}]},{\"@type\":\"WebSite\",\"@id\":\"https:\\\/\\\/www.strassenweb.de\\\/nachrichten\\\/#website\",\"url\":\"https:\\\/\\\/www.strassenweb.de\\\/nachrichten\\\/\",\"name\":\"Stra\u00dfenweb\",\"description\":\"Stra\u00dfenverzeichnis f\u00fcr Deutschland\",\"publisher\":{\"@id\":\"https:\\\/\\\/www.strassenweb.de\\\/nachrichten\\\/#organization\"},\"potentialAction\":[{\"@type\":\"SearchAction\",\"target\":{\"@type\":\"EntryPoint\",\"urlTemplate\":\"https:\\\/\\\/www.strassenweb.de\\\/nachrichten\\\/?s={search_term_string}\"},\"query-input\":{\"@type\":\"PropertyValueSpecification\",\"valueRequired\":true,\"valueName\":\"search_term_string\"}}],\"inLanguage\":\"de\"},{\"@type\":\"Organization\",\"@id\":\"https:\\\/\\\/www.strassenweb.de\\\/nachrichten\\\/#organization\",\"name\":\"Stra\u00dfenweb\",\"url\":\"https:\\\/\\\/www.strassenweb.de\\\/nachrichten\\\/\",\"logo\":{\"@type\":\"ImageObject\",\"inLanguage\":\"de\",\"@id\":\"https:\\\/\\\/www.strassenweb.de\\\/nachrichten\\\/#\\\/schema\\\/logo\\\/image\\\/\",\"url\":\"https:\\\/\\\/www.strassenweb.de\\\/nachrichten\\\/wp-content\\\/uploads\\\/2024\\\/09\\\/cropped-favicon.png\",\"contentUrl\":\"https:\\\/\\\/www.strassenweb.de\\\/nachrichten\\\/wp-content\\\/uploads\\\/2024\\\/09\\\/cropped-favicon.png\",\"width\":512,\"height\":512,\"caption\":\"Stra\u00dfenweb\"},\"image\":{\"@id\":\"https:\\\/\\\/www.strassenweb.de\\\/nachrichten\\\/#\\\/schema\\\/logo\\\/image\\\/\"},\"sameAs\":[\"https:\\\/\\\/www.facebook.com\\\/strassenweb\\\/\"]},{\"@type\":\"Person\",\"@id\":\"https:\\\/\\\/www.strassenweb.de\\\/nachrichten\\\/#\\\/schema\\\/person\\\/87c9c9067f1211da429a744dc5a5aa41\",\"name\":\"Robert Hoffmann\",\"image\":{\"@type\":\"ImageObject\",\"inLanguage\":\"de\",\"@id\":\"https:\\\/\\\/www.strassenweb.de\\\/nachrichten\\\/wp-content\\\/uploads\\\/2024\\\/09\\\/strassenweb-150x150.jpg\",\"url\":\"https:\\\/\\\/www.strassenweb.de\\\/nachrichten\\\/wp-content\\\/uploads\\\/2024\\\/09\\\/strassenweb-150x150.jpg\",\"contentUrl\":\"https:\\\/\\\/www.strassenweb.de\\\/nachrichten\\\/wp-content\\\/uploads\\\/2024\\\/09\\\/strassenweb-150x150.jpg\",\"caption\":\"Robert Hoffmann\"},\"description\":\"Ich hei\u00dfe Robert Hoffmann und ich bin ein leidenschaftlicher Verfechter von \u00d6kologie und Biodiversit\u00e4t. Seit meiner Kindheit in den W\u00e4ldern Bayerns f\u00fchle ich mich mit der Natur verbunden und bin entschlossen, sie zu sch\u00fctzen. Heute widme ich mein Leben der Sensibilisierung anderer f\u00fcr die Bedeutung des Umweltschutzes f\u00fcr zuk\u00fcnftige Generationen.\",\"sameAs\":[\"https:\\\/\\\/www.strassenweb.de\\\/\"]}]}<\/script>\n<!-- \/ Yoast SEO plugin. -->","yoast_head_json":{"title":"Ich war gerade im 'Cape Cod of Europe' - Nachrichten - Stra\u00dfenweb","robots":{"index":"index","follow":"follow","max-snippet":"max-snippet:-1","max-image-preview":"max-image-preview:large","max-video-preview":"max-video-preview:-1"},"canonical":"https:\/\/www.strassenweb.de\/nachrichten\/ich-war-gerade-im-cape-cod-of-europe\/","og_locale":"de_DE","og_type":"article","og_title":"Ich war gerade im 'Cape Cod of Europe' - Nachrichten - Stra\u00dfenweb","og_description":"Ich bin gerade von einer Reise nach Cap Ferret und Arcachon zur\u00fcckgekehrt &#8211; zwei schicke Enklaven vor der K\u00fcste von Bordeaux in Frankreich, die oft","og_url":"https:\/\/www.strassenweb.de\/nachrichten\/ich-war-gerade-im-cape-cod-of-europe\/","og_site_name":"Stra\u00dfenweb","article_publisher":"https:\/\/www.facebook.com\/strassenweb\/","article_published_time":"2025-09-02T17:43:28+00:00","og_image":[{"width":1600,"height":900,"url":"https:\/\/www.strassenweb.de\/nachrichten\/wp-content\/uploads\/2025\/09\/Ich-war-gerade-im-Cape-Cod-of-Europe.jpg","type":"image\/jpeg"}],"author":"Robert Hoffmann","twitter_card":"summary_large_image","twitter_misc":{"Verfasst von":"Robert Hoffmann","Gesch\u00e4tzte Lesezeit":"6\u00a0Minuten"},"schema":{"@context":"https:\/\/schema.org","@graph":[{"@type":"Article","@id":"https:\/\/www.strassenweb.de\/nachrichten\/ich-war-gerade-im-cape-cod-of-europe\/#article","isPartOf":{"@id":"https:\/\/www.strassenweb.de\/nachrichten\/ich-war-gerade-im-cape-cod-of-europe\/"},"author":{"name":"Robert Hoffmann","@id":"https:\/\/www.strassenweb.de\/nachrichten\/#\/schema\/person\/87c9c9067f1211da429a744dc5a5aa41"},"headline":"Ich war gerade im &#8218;Cape Cod of Europe&#8216;","datePublished":"2025-09-02T17:43:28+00:00","mainEntityOfPage":{"@id":"https:\/\/www.strassenweb.de\/nachrichten\/ich-war-gerade-im-cape-cod-of-europe\/"},"wordCount":1310,"publisher":{"@id":"https:\/\/www.strassenweb.de\/nachrichten\/#organization"},"image":{"@id":"https:\/\/www.strassenweb.de\/nachrichten\/ich-war-gerade-im-cape-cod-of-europe\/#primaryimage"},"thumbnailUrl":"https:\/\/www.strassenweb.de\/nachrichten\/wp-content\/uploads\/2025\/09\/Ich-war-gerade-im-Cape-Cod-of-Europe.jpg","keywords":["Cape","Cod","Europe","gerade","ich","war"],"articleSection":["Haus &amp; Garten"],"inLanguage":"de"},{"@type":"WebPage","@id":"https:\/\/www.strassenweb.de\/nachrichten\/ich-war-gerade-im-cape-cod-of-europe\/","url":"https:\/\/www.strassenweb.de\/nachrichten\/ich-war-gerade-im-cape-cod-of-europe\/","name":"Ich war gerade im 'Cape Cod of Europe' - Nachrichten - Stra\u00dfenweb","isPartOf":{"@id":"https:\/\/www.strassenweb.de\/nachrichten\/#website"},"primaryImageOfPage":{"@id":"https:\/\/www.strassenweb.de\/nachrichten\/ich-war-gerade-im-cape-cod-of-europe\/#primaryimage"},"image":{"@id":"https:\/\/www.strassenweb.de\/nachrichten\/ich-war-gerade-im-cape-cod-of-europe\/#primaryimage"},"thumbnailUrl":"https:\/\/www.strassenweb.de\/nachrichten\/wp-content\/uploads\/2025\/09\/Ich-war-gerade-im-Cape-Cod-of-Europe.jpg","datePublished":"2025-09-02T17:43:28+00:00","breadcrumb":{"@id":"https:\/\/www.strassenweb.de\/nachrichten\/ich-war-gerade-im-cape-cod-of-europe\/#breadcrumb"},"inLanguage":"de","potentialAction":[{"@type":"ReadAction","target":["https:\/\/www.strassenweb.de\/nachrichten\/ich-war-gerade-im-cape-cod-of-europe\/"]}]},{"@type":"ImageObject","inLanguage":"de","@id":"https:\/\/www.strassenweb.de\/nachrichten\/ich-war-gerade-im-cape-cod-of-europe\/#primaryimage","url":"https:\/\/www.strassenweb.de\/nachrichten\/wp-content\/uploads\/2025\/09\/Ich-war-gerade-im-Cape-Cod-of-Europe.jpg","contentUrl":"https:\/\/www.strassenweb.de\/nachrichten\/wp-content\/uploads\/2025\/09\/Ich-war-gerade-im-Cape-Cod-of-Europe.jpg","width":1600,"height":900,"caption":"hotel de la plage in cap ferret, france with yellow and red wooden building and tables set outside"},{"@type":"BreadcrumbList","@id":"https:\/\/www.strassenweb.de\/nachrichten\/ich-war-gerade-im-cape-cod-of-europe\/#breadcrumb","itemListElement":[{"@type":"ListItem","position":1,"name":"Home","item":"https:\/\/www.strassenweb.de\/nachrichten\/"},{"@type":"ListItem","position":2,"name":"Ich war gerade im &#8218;Cape Cod of Europe&#8216;"}]},{"@type":"WebSite","@id":"https:\/\/www.strassenweb.de\/nachrichten\/#website","url":"https:\/\/www.strassenweb.de\/nachrichten\/","name":"Stra\u00dfenweb","description":"Stra\u00dfenverzeichnis f\u00fcr Deutschland","publisher":{"@id":"https:\/\/www.strassenweb.de\/nachrichten\/#organization"},"potentialAction":[{"@type":"SearchAction","target":{"@type":"EntryPoint","urlTemplate":"https:\/\/www.strassenweb.de\/nachrichten\/?s={search_term_string}"},"query-input":{"@type":"PropertyValueSpecification","valueRequired":true,"valueName":"search_term_string"}}],"inLanguage":"de"},{"@type":"Organization","@id":"https:\/\/www.strassenweb.de\/nachrichten\/#organization","name":"Stra\u00dfenweb","url":"https:\/\/www.strassenweb.de\/nachrichten\/","logo":{"@type":"ImageObject","inLanguage":"de","@id":"https:\/\/www.strassenweb.de\/nachrichten\/#\/schema\/logo\/image\/","url":"https:\/\/www.strassenweb.de\/nachrichten\/wp-content\/uploads\/2024\/09\/cropped-favicon.png","contentUrl":"https:\/\/www.strassenweb.de\/nachrichten\/wp-content\/uploads\/2024\/09\/cropped-favicon.png","width":512,"height":512,"caption":"Stra\u00dfenweb"},"image":{"@id":"https:\/\/www.strassenweb.de\/nachrichten\/#\/schema\/logo\/image\/"},"sameAs":["https:\/\/www.facebook.com\/strassenweb\/"]},{"@type":"Person","@id":"https:\/\/www.strassenweb.de\/nachrichten\/#\/schema\/person\/87c9c9067f1211da429a744dc5a5aa41","name":"Robert Hoffmann","image":{"@type":"ImageObject","inLanguage":"de","@id":"https:\/\/www.strassenweb.de\/nachrichten\/wp-content\/uploads\/2024\/09\/strassenweb-150x150.jpg","url":"https:\/\/www.strassenweb.de\/nachrichten\/wp-content\/uploads\/2024\/09\/strassenweb-150x150.jpg","contentUrl":"https:\/\/www.strassenweb.de\/nachrichten\/wp-content\/uploads\/2024\/09\/strassenweb-150x150.jpg","caption":"Robert Hoffmann"},"description":"Ich hei\u00dfe Robert Hoffmann und ich bin ein leidenschaftlicher Verfechter von \u00d6kologie und Biodiversit\u00e4t. Seit meiner Kindheit in den W\u00e4ldern Bayerns f\u00fchle ich mich mit der Natur verbunden und bin entschlossen, sie zu sch\u00fctzen. Heute widme ich mein Leben der Sensibilisierung anderer f\u00fcr die Bedeutung des Umweltschutzes f\u00fcr zuk\u00fcnftige Generationen.","sameAs":["https:\/\/www.strassenweb.de\/"]}]}},"_links":{"self":[{"href":"https:\/\/www.strassenweb.de\/nachrichten\/wp-json\/wp\/v2\/posts\/7416","targetHints":{"allow":["GET"]}}],"collection":[{"href":"https:\/\/www.strassenweb.de\/nachrichten\/wp-json\/wp\/v2\/posts"}],"about":[{"href":"https:\/\/www.strassenweb.de\/nachrichten\/wp-json\/wp\/v2\/types\/post"}],"author":[{"embeddable":true,"href":"https:\/\/www.strassenweb.de\/nachrichten\/wp-json\/wp\/v2\/users\/1"}],"replies":[{"embeddable":true,"href":"https:\/\/www.strassenweb.de\/nachrichten\/wp-json\/wp\/v2\/comments?post=7416"}],"version-history":[{"count":0,"href":"https:\/\/www.strassenweb.de\/nachrichten\/wp-json\/wp\/v2\/posts\/7416\/revisions"}],"wp:featuredmedia":[{"embeddable":true,"href":"https:\/\/www.strassenweb.de\/nachrichten\/wp-json\/wp\/v2\/media\/7417"}],"wp:attachment":[{"href":"https:\/\/www.strassenweb.de\/nachrichten\/wp-json\/wp\/v2\/media?parent=7416"}],"wp:term":[{"taxonomy":"category","embeddable":true,"href":"https:\/\/www.strassenweb.de\/nachrichten\/wp-json\/wp\/v2\/categories?post=7416"},{"taxonomy":"post_tag","embeddable":true,"href":"https:\/\/www.strassenweb.de\/nachrichten\/wp-json\/wp\/v2\/tags?post=7416"}],"curies":[{"name":"wp","href":"https:\/\/api.w.org\/{rel}","templated":true}]}}